{"id":975,"date":"2022-10-30T19:09:37","date_gmt":"2022-10-30T18:09:37","guid":{"rendered":"https:\/\/sorbetkiwi.fr\/?p=975"},"modified":"2022-10-30T19:09:44","modified_gmt":"2022-10-30T18:09:44","slug":"ulrik-et-andrew-de-anne-robillard","status":"publish","type":"post","link":"https:\/\/sorbetkiwi.fr\/index.php\/ulrik-et-andrew-de-anne-robillard\/","title":{"rendered":"Ulrik et Andrew de Anne Robillard"},"content":{"rendered":"\t\t<div data-elementor-type=\"wp-post\" data-elementor-id=\"975\" class=\"elementor elementor-975\">\n\t\t\t\t\t\t<section class=\"elementor-section elementor-top-section elementor-element elementor-element-5c02cc20 elementor-section-boxed elementor-section-height-default elementor-section-height-default\" data-id=\"5c02cc20\" data-element_type=\"section\" data-e-type=\"section\">\n\t\t\t\t\t\t<div class=\"elementor-container elementor-column-gap-default\">\n\t\t\t\t\t<div class=\"elementor-column elementor-col-100 elementor-top-column elementor-element elementor-element-485ddfff\" data-id=\"485ddfff\" data-element_type=\"column\" data-e-type=\"column\">\n\t\t\t<div class=\"elementor-widget-wrap elementor-element-populated\">\n\t\t\t\t\t\t<div class=\"elementor-element elementor-element-a66c481 elementor-widget elementor-widget-heading\" data-id=\"a66c481\" data-element_type=\"widget\" data-e-type=\"widget\" data-widget_type=\"heading.default\">\n\t\t\t\t<div class=\"elementor-widget-container\">\n\t\t\t\t\t<h1 class=\"elementor-heading-title elementor-size-medium\">Ulrik et Andrew<\/h1>\t\t\t\t<\/div>\n\t\t\t\t<\/div>\n\t\t\t\t<div class=\"elementor-element elementor-element-3751066a elementor-view-default elementor-widget elementor-widget-icon\" data-id=\"3751066a\" data-element_type=\"widget\" data-e-type=\"widget\" data-widget_type=\"icon.default\">\n\t\t\t\t<div class=\"elementor-widget-container\">\n\t\t\t\t\t\t\t<div class=\"elementor-icon-wrapper\">\n\t\t\t<div class=\"elementor-icon\">\n\t\t\t<i aria-hidden=\"true\" class=\"fab fa-snapchat-ghost\"><\/i>\t\t\t<\/div>\n\t\t<\/div>\n\t\t\t\t\t\t<\/div>\n\t\t\t\t<\/div>\n\t\t\t\t<div class=\"elementor-element elementor-element-7091bdaa elementor-widget-divider--view-line elementor-widget elementor-widget-divider\" data-id=\"7091bdaa\" data-element_type=\"widget\" data-e-type=\"widget\" data-widget_type=\"divider.default\">\n\t\t\t\t<div class=\"elementor-widget-container\">\n\t\t\t\t\t\t\t<div class=\"elementor-divider\">\n\t\t\t<span class=\"elementor-divider-separator\">\n\t\t\t\t\t\t<\/span>\n\t\t<\/div>\n\t\t\t\t\t\t<\/div>\n\t\t\t\t<\/div>\n\t\t\t\t<div class=\"elementor-element elementor-element-35059bad elementor-widget elementor-widget-heading\" data-id=\"35059bad\" data-element_type=\"widget\" data-e-type=\"widget\" data-widget_type=\"heading.default\">\n\t\t\t\t<div class=\"elementor-widget-container\">\n\t\t\t\t\t<h2 class=\"elementor-heading-title elementor-size-medium\">R\u00e9sum\u00e9<\/h2>\t\t\t\t<\/div>\n\t\t\t\t<\/div>\n\t\t\t\t<div class=\"elementor-element elementor-element-7404a4ea elementor-widget elementor-widget-text-editor\" data-id=\"7404a4ea\" data-element_type=\"widget\" data-e-type=\"widget\" data-widget_type=\"text-editor.default\">\n\t\t\t\t<div class=\"elementor-widget-container\">\n\t\t\t\t\t\t\t\t\t<p>[Tome 5 &#8211; Le r\u00e9sum\u00e9 contient des spoilers] Un \u00e9tranger s\u2019est introduit dans le domaine de Sortiarie et les fant\u00f4mes ne savent pas quoi faire de lui. Ayant finalement accept\u00e9 l\u2019existence de la magie, Maynard Bennett est fascin\u00e9 par ce monde qu\u2019il d\u00e9couvre et par ses r\u00e9sidents si diff\u00e9rents les uns des autres, mais tous reli\u00e9s par le sang. Il insiste alors pour accompagner Samuel dans le pass\u00e9 derri\u00e8re les portes. Lorsqu\u2019elle apprend que Sortiarie s\u2019est rendue chez Emily, Esther s\u2019empresse d\u2019aller la rassurer. Elle y trouvera \u00e9galement des informations sur la soci\u00e9t\u00e9 secr\u00e8te des soldats-archanges, mais o\u00f9 cette piste la m\u00e8nera-t-elle ?<\/p>\t\t\t\t\t\t\t\t<\/div>\n\t\t\t\t<\/div>\n\t\t\t\t<div class=\"elementor-element elementor-element-73c200fb elementor-widget-divider--view-line elementor-widget elementor-widget-divider\" data-id=\"73c200fb\" data-element_type=\"widget\" data-e-type=\"widget\" data-widget_type=\"divider.default\">\n\t\t\t\t<div class=\"elementor-widget-container\">\n\t\t\t\t\t\t\t<div class=\"elementor-divider\">\n\t\t\t<span class=\"elementor-divider-separator\">\n\t\t\t\t\t\t<\/span>\n\t\t<\/div>\n\t\t\t\t\t\t<\/div>\n\t\t\t\t<\/div>\n\t\t\t\t<div class=\"elementor-element elementor-element-401aa6f8 elementor-widget elementor-widget-heading\" data-id=\"401aa6f8\" data-element_type=\"widget\" data-e-type=\"widget\" data-widget_type=\"heading.default\">\n\t\t\t\t<div class=\"elementor-widget-container\">\n\t\t\t\t\t<h2 class=\"elementor-heading-title elementor-size-medium\">Ma note<\/h2>\t\t\t\t<\/div>\n\t\t\t\t<\/div>\n\t\t\t\t<div class=\"elementor-element elementor-element-6cc86687 elementor-star-rating--align-center elementor--star-style-star_fontawesome elementor-widget elementor-widget-star-rating\" data-id=\"6cc86687\" data-element_type=\"widget\" data-e-type=\"widget\" data-widget_type=\"star-rating.default\">\n\t\t\t\t<div class=\"elementor-widget-container\">\n\t\t\t\t\t\t\t<div class=\"elementor-star-rating__wrapper\">\n\t\t\t\t\t\t<div class=\"elementor-star-rating\" itemtype=\"http:\/\/schema.org\/Rating\" itemscope=\"\" itemprop=\"reviewRating\">\n\t\t\t\t<i class=\"elementor-star-full\" aria-hidden=\"true\">&#xE934;<\/i><i class=\"elementor-star-full\" aria-hidden=\"true\">&#xE934;<\/i><i class=\"elementor-star-full\" aria-hidden=\"true\">&#xE934;<\/i><i class=\"elementor-star-full\" aria-hidden=\"true\">&#xE934;<\/i><i class=\"elementor-star-5\" aria-hidden=\"true\">&#xE934;<\/i>\t\t\t\t<span itemprop=\"ratingValue\" class=\"elementor-screen-only\">Not\u00e9 4.5 sur 5<\/span>\n\t\t\t<\/div>\n\t\t<\/div>\n\t\t\t\t\t\t<\/div>\n\t\t\t\t<\/div>\n\t\t\t\t<div class=\"elementor-element elementor-element-3d2ebe2a elementor-widget-divider--view-line elementor-widget elementor-widget-divider\" data-id=\"3d2ebe2a\" data-element_type=\"widget\" data-e-type=\"widget\" data-widget_type=\"divider.default\">\n\t\t\t\t<div class=\"elementor-widget-container\">\n\t\t\t\t\t\t\t<div class=\"elementor-divider\">\n\t\t\t<span class=\"elementor-divider-separator\">\n\t\t\t\t\t\t<\/span>\n\t\t<\/div>\n\t\t\t\t\t\t<\/div>\n\t\t\t\t<\/div>\n\t\t\t\t<div class=\"elementor-element elementor-element-75e6cdc8 elementor-widget elementor-widget-heading\" data-id=\"75e6cdc8\" data-element_type=\"widget\" data-e-type=\"widget\" data-widget_type=\"heading.default\">\n\t\t\t\t<div class=\"elementor-widget-container\">\n\t\t\t\t\t<h2 class=\"elementor-heading-title elementor-size-medium\">Du sang neuf au ch\u00e2teau<\/h2>\t\t\t\t<\/div>\n\t\t\t\t<\/div>\n\t\t\t\t<div class=\"elementor-element elementor-element-67cf7dd2 elementor-widget elementor-widget-text-editor\" data-id=\"67cf7dd2\" data-element_type=\"widget\" data-e-type=\"widget\" data-widget_type=\"text-editor.default\">\n\t\t\t\t<div class=\"elementor-widget-container\">\n\t\t\t\t\t\t\t\t\t<p>Il y a du nouveau au ch\u00e2teau ! Qu&rsquo;est-ce que j&rsquo;aime quand un cliff-hanger comme celui \u00e0 la fin du tome 4 n&rsquo;est pas vain. On a donc du sang neuf : Bennett est un personnage que j&rsquo;aime \u00e9norm\u00e9ment. Il apporte un vrai souffle nouveau \u00e0 l&rsquo;histoire. Elle risquait de devenir r\u00e9p\u00e9titive, autrement. Son c\u00f4t\u00e9 terre-\u00e0-terre remet en question l&rsquo;\u00e9sot\u00e9risme toujours plus prononc\u00e9 du r\u00e9cit. J&rsquo;adore ! D&rsquo;ailleurs, depuis un moment, on sait comment Esther et Isabel aident Samuel a l&rsquo;ext\u00e9rieur. Je me donc demande pourquoi Sortiarie n&rsquo;a pas encore compris, elle ?\u00a0<\/p>\t\t\t\t\t\t\t\t<\/div>\n\t\t\t\t<\/div>\n\t\t\t\t<div class=\"elementor-element elementor-element-3e7eb430 elementor-widget-divider--view-line elementor-widget elementor-widget-divider\" data-id=\"3e7eb430\" data-element_type=\"widget\" data-e-type=\"widget\" data-widget_type=\"divider.default\">\n\t\t\t\t<div class=\"elementor-widget-container\">\n\t\t\t\t\t\t\t<div class=\"elementor-divider\">\n\t\t\t<span class=\"elementor-divider-separator\">\n\t\t\t\t\t\t<\/span>\n\t\t<\/div>\n\t\t\t\t\t\t<\/div>\n\t\t\t\t<\/div>\n\t\t\t\t<div class=\"elementor-element elementor-element-70e3130a elementor-widget elementor-widget-heading\" data-id=\"70e3130a\" data-element_type=\"widget\" data-e-type=\"widget\" data-widget_type=\"heading.default\">\n\t\t\t\t<div class=\"elementor-widget-container\">\n\t\t\t\t\t<h4 class=\"elementor-heading-title elementor-size-medium\">\"J'ai \u00e9t\u00e9 t\u00e9moin de bien des horreurs durant mes ann\u00e9es dans la police, mais je n'ai jamais cess\u00e9 de croire qu'au fond de lui, l'homme, s'il avait la possibilit\u00e9 de vivre en paix, pourrait cr\u00e9er des choses formidables.\"<\/h4>\t\t\t\t<\/div>\n\t\t\t\t<\/div>\n\t\t\t\t<div class=\"elementor-element elementor-element-3534bdf1 elementor-widget-divider--view-line elementor-widget elementor-widget-divider\" data-id=\"3534bdf1\" data-element_type=\"widget\" data-e-type=\"widget\" data-widget_type=\"divider.default\">\n\t\t\t\t<div class=\"elementor-widget-container\">\n\t\t\t\t\t\t\t<div class=\"elementor-divider\">\n\t\t\t<span class=\"elementor-divider-separator\">\n\t\t\t\t\t\t<\/span>\n\t\t<\/div>\n\t\t\t\t\t\t<\/div>\n\t\t\t\t<\/div>\n\t\t\t\t<div class=\"elementor-element elementor-element-4d0c2335 elementor-widget elementor-widget-heading\" data-id=\"4d0c2335\" data-element_type=\"widget\" data-e-type=\"widget\" data-widget_type=\"heading.default\">\n\t\t\t\t<div class=\"elementor-widget-container\">\n\t\t\t\t\t<h2 class=\"elementor-heading-title elementor-size-medium\">Un tome dynamique<\/h2>\t\t\t\t<\/div>\n\t\t\t\t<\/div>\n\t\t\t\t<div class=\"elementor-element elementor-element-542fb98 elementor-widget elementor-widget-text-editor\" data-id=\"542fb98\" data-element_type=\"widget\" data-e-type=\"widget\" data-widget_type=\"text-editor.default\">\n\t\t\t\t<div class=\"elementor-widget-container\">\n\t\t\t\t\t\t\t\t\t<p>Nous restons sur le principe de deux anc\u00eatres par tome. Cet \u00e9quilibre me pla\u00eet, je le trouve pertinent pour l&rsquo;avanc\u00e9e de l&rsquo;intrigue. Le moins qu&rsquo;on puisse dire, c&rsquo;est que le tome 5, Ulrik et Andrew, est plein de rebondissements ! Pour la g\u00e9n\u00e9alogiste que je suis, l&rsquo;id\u00e9e de rencontrer ses anc\u00eatres de cette mani\u00e8re est toujours aussi passionnante. Je me vois faire comme lui, ce qui me permet de d\u00e9vorer chaque volume de l&rsquo;histoire. Anne Robillard ajoute aussi une pointe de f\u00e9minisme effleur\u00e9e \u00e0 ce tome, puisqu&rsquo;elle aborde la place de la femme intelligente qui ne peut l&rsquo;assumer. Dommage que je ne partage pas le point de vue de Samuel, qui se veut progressiste mais ne l&rsquo;est pas&#8230; c&rsquo;est le seul point qui m&rsquo;a fait grincer des dents !\u00a0<\/p>\t\t\t\t\t\t\t\t<\/div>\n\t\t\t\t<\/div>\n\t\t\t\t<div class=\"elementor-element elementor-element-16f97b83 elementor-widget-divider--view-line elementor-widget elementor-widget-divider\" data-id=\"16f97b83\" data-element_type=\"widget\" data-e-type=\"widget\" data-widget_type=\"divider.default\">\n\t\t\t\t<div class=\"elementor-widget-container\">\n\t\t\t\t\t\t\t<div class=\"elementor-divider\">\n\t\t\t<span class=\"elementor-divider-separator\">\n\t\t\t\t\t\t<\/span>\n\t\t<\/div>\n\t\t\t\t\t\t<\/div>\n\t\t\t\t<\/div>\n\t\t\t\t<div class=\"elementor-element elementor-element-59e84e1d elementor-widget elementor-widget-heading\" data-id=\"59e84e1d\" data-element_type=\"widget\" data-e-type=\"widget\" data-widget_type=\"heading.default\">\n\t\t\t\t<div class=\"elementor-widget-container\">\n\t\t\t\t\t<h2 class=\"elementor-heading-title elementor-size-medium\">Toujours plus de questionnements<\/h2>\t\t\t\t<\/div>\n\t\t\t\t<\/div>\n\t\t\t\t<div class=\"elementor-element elementor-element-7dd9fef3 elementor-widget elementor-widget-text-editor\" data-id=\"7dd9fef3\" data-element_type=\"widget\" data-e-type=\"widget\" data-widget_type=\"text-editor.default\">\n\t\t\t\t<div class=\"elementor-widget-container\">\n\t\t\t\t\t\t\t\t\t<p>M\u00eame si je sens qu&rsquo;on approche de la fin, il y a encore de nombreuses questions qui se posent. Il ne reste, apr\u00e8s tout, que <a href=\"https:\/\/anne-robillard.com\/fr\/livres?categories=17\">deux tomes et un tome compagnon apr\u00e8s celui-ci<\/a>.\u00a0Mais j&rsquo;ai bon espoir de ne pas rester sur ma faim. J&rsquo;ai trouv\u00e9 ici une petite pointe de jud\u00e9o-christianisme de plus que dans <a href=\"https:\/\/sorbetkiwi.fr\/index.php\/esther-et-isabel-de-anne-robillard\/\">les \u00e9pisodes pr\u00e9c\u00e9dents<\/a>, je suis donc curieuse de voir quelle sera l&rsquo;issue de l&rsquo;intrigue. C&rsquo;est en tous cas toujours une tr\u00e8s belle histoire d&rsquo;entraide, d&rsquo;unit\u00e9 familiale, mais aussi de r\u00e9demption et de pardon, dans ce tome 5 tout particuli\u00e8rement. Ulrik et Andrew ne font que confirmer mon amour pour cette saga.\u00a0<\/p>\t\t\t\t\t\t\t\t<\/div>\n\t\t\t\t<\/div>\n\t\t\t\t\t<\/div>\n\t\t<\/div>\n\t\t\t\t\t<\/div>\n\t\t<\/section>\n\t\t\t\t<\/div>\n\t\t","protected":false},"excerpt":{"rendered":"<p>Ulrik et Andrew R\u00e9sum\u00e9 [Tome 5 &#8211; Le r\u00e9sum\u00e9 contient des spoilers] Un \u00e9tranger s\u2019est introduit dans le domaine de Sortiarie et les fant\u00f4mes ne savent pas quoi faire de lui. Ayant finalement accept\u00e9 l\u2019existence &hellip; <\/p>\n","protected":false},"author":1,"featured_media":635,"comment_status":"open","ping_status":"open","sticky":false,"template":"","format":"standard","meta":{"footnotes":""},"categories":[16,8,1],"tags":[148,82,83,150,152,49,147,217,151],"class_list":["post-975","post","type-post","status-publish","format-standard","has-post-thumbnail","hentry","category-halloween","category-partenariats","category-tout-le-blog","tag-anne-robillard","tag-editions-michel-lafon","tag-editions-michel-lafon-jeunesse","tag-fantastique","tag-fantomes","tag-halloween","tag-la-malediction-des-dragensblot","tag-ulrik-et-andrew","tag-voyage-dans-le-temps","has-single-img"],"yoast_head":"<!-- This site is optimized with the Yoast SEO plugin v27.4 - https:\/\/yoast.com\/product\/yoast-seo-wordpress\/ -->\n<title>Ulrik et Andrew de Anne Robillard - Sorbet Kiwi<\/title>\n<meta name=\"description\" content=\"Ma chronique du cinqui\u00e8me tome de La mal\u00e9diction des Dragensbl\u00f6t, Ulrik et Andrew, de Anne Robillard publi\u00e9 chez Michel Lafon Jeunesse.\" \/>\n<meta name=\"robots\" content=\"index, follow, max-snippet:-1, max-image-preview:large, max-video-preview:-1\" \/>\n<link rel=\"canonical\" href=\"https:\/\/sorbetkiwi.fr\/index.php\/ulrik-et-andrew-de-anne-robillard\/\" \/>\n<meta property=\"og:locale\" content=\"fr_FR\" \/>\n<meta property=\"og:type\" content=\"article\" \/>\n<meta property=\"og:title\" content=\"Ulrik et Andrew de Anne Robillard - Sorbet Kiwi\" \/>\n<meta property=\"og:description\" content=\"Ma chronique du cinqui\u00e8me tome de La mal\u00e9diction des Dragensbl\u00f6t, Ulrik et Andrew, de Anne Robillard publi\u00e9 chez Michel Lafon Jeunesse.\" \/>\n<meta property=\"og:url\" content=\"https:\/\/sorbetkiwi.fr\/index.php\/ulrik-et-andrew-de-anne-robillard\/\" \/>\n<meta property=\"og:site_name\" content=\"Sorbet Kiwi\" \/>\n<meta property=\"article:publisher\" content=\"https:\/\/www.facebook.com\/profile.php?id=100086238893269\" \/>\n<meta property=\"article:published_time\" content=\"2022-10-30T18:09:37+00:00\" \/>\n<meta property=\"article:modified_time\" content=\"2022-10-30T18:09:44+00:00\" \/>\n<meta property=\"og:image\" content=\"https:\/\/sorbetkiwi.fr\/wp-content\/uploads\/2022\/09\/Snapseed-6-scaled.jpg\" \/>\n\t<meta property=\"og:image:width\" content=\"1920\" \/>\n\t<meta property=\"og:image:height\" content=\"2560\" \/>\n\t<meta property=\"og:image:type\" content=\"image\/jpeg\" \/>\n<meta name=\"author\" content=\"Sorbet-Kiwi\" \/>\n<meta name=\"twitter:card\" content=\"summary_large_image\" \/>\n<meta name=\"twitter:creator\" content=\"@pepparshoes\" \/>\n<meta name=\"twitter:site\" content=\"@pepparshoes\" \/>\n<meta name=\"twitter:label1\" content=\"\u00c9crit par\" \/>\n\t<meta name=\"twitter:data1\" content=\"Sorbet-Kiwi\" \/>\n\t<meta name=\"twitter:label2\" content=\"Dur\u00e9e de lecture estim\u00e9e\" \/>\n\t<meta name=\"twitter:data2\" content=\"3 minutes\" \/>\n<script type=\"application\/ld+json\" class=\"yoast-schema-graph\">{\"@context\":\"https:\\\/\\\/schema.org\",\"@graph\":[{\"@type\":\"Article\",\"@id\":\"https:\\\/\\\/sorbetkiwi.fr\\\/index.php\\\/ulrik-et-andrew-de-anne-robillard\\\/#article\",\"isPartOf\":{\"@id\":\"https:\\\/\\\/sorbetkiwi.fr\\\/index.php\\\/ulrik-et-andrew-de-anne-robillard\\\/\"},\"author\":{\"name\":\"Sorbet-Kiwi\",\"@id\":\"https:\\\/\\\/sorbetkiwi.fr\\\/#\\\/schema\\\/person\\\/ed1b7b527a2957ddc3bf38b076540659\"},\"headline\":\"Ulrik et Andrew de Anne Robillard\",\"datePublished\":\"2022-10-30T18:09:37+00:00\",\"dateModified\":\"2022-10-30T18:09:44+00:00\",\"mainEntityOfPage\":{\"@id\":\"https:\\\/\\\/sorbetkiwi.fr\\\/index.php\\\/ulrik-et-andrew-de-anne-robillard\\\/\"},\"wordCount\":570,\"commentCount\":0,\"publisher\":{\"@id\":\"https:\\\/\\\/sorbetkiwi.fr\\\/#organization\"},\"image\":{\"@id\":\"https:\\\/\\\/sorbetkiwi.fr\\\/index.php\\\/ulrik-et-andrew-de-anne-robillard\\\/#primaryimage\"},\"thumbnailUrl\":\"https:\\\/\\\/sorbetkiwi.fr\\\/wp-content\\\/uploads\\\/2022\\\/09\\\/Snapseed-6-scaled.jpg\",\"keywords\":[\"Anne Robillard\",\"Editions Michel Lafon\",\"Editions Michel Lafon Jeunesse\",\"Fantastique\",\"Fant\u00f4mes\",\"Halloween\",\"La mal\u00e9diction des Dragensbl\u00f6t\",\"Ulrik et Andrew\",\"Voyage dans le temps\"],\"articleSection\":[\"Halloween\",\"Partenariats\",\"Tout le blog\"],\"inLanguage\":\"fr-FR\",\"potentialAction\":[{\"@type\":\"CommentAction\",\"name\":\"Comment\",\"target\":[\"https:\\\/\\\/sorbetkiwi.fr\\\/index.php\\\/ulrik-et-andrew-de-anne-robillard\\\/#respond\"]}]},{\"@type\":\"WebPage\",\"@id\":\"https:\\\/\\\/sorbetkiwi.fr\\\/index.php\\\/ulrik-et-andrew-de-anne-robillard\\\/\",\"url\":\"https:\\\/\\\/sorbetkiwi.fr\\\/index.php\\\/ulrik-et-andrew-de-anne-robillard\\\/\",\"name\":\"Ulrik et Andrew de Anne Robillard - Sorbet Kiwi\",\"isPartOf\":{\"@id\":\"https:\\\/\\\/sorbetkiwi.fr\\\/#website\"},\"primaryImageOfPage\":{\"@id\":\"https:\\\/\\\/sorbetkiwi.fr\\\/index.php\\\/ulrik-et-andrew-de-anne-robillard\\\/#primaryimage\"},\"image\":{\"@id\":\"https:\\\/\\\/sorbetkiwi.fr\\\/index.php\\\/ulrik-et-andrew-de-anne-robillard\\\/#primaryimage\"},\"thumbnailUrl\":\"https:\\\/\\\/sorbetkiwi.fr\\\/wp-content\\\/uploads\\\/2022\\\/09\\\/Snapseed-6-scaled.jpg\",\"datePublished\":\"2022-10-30T18:09:37+00:00\",\"dateModified\":\"2022-10-30T18:09:44+00:00\",\"description\":\"Ma chronique du cinqui\u00e8me tome de La mal\u00e9diction des Dragensbl\u00f6t, Ulrik et Andrew, de Anne Robillard publi\u00e9 chez Michel Lafon Jeunesse.\",\"breadcrumb\":{\"@id\":\"https:\\\/\\\/sorbetkiwi.fr\\\/index.php\\\/ulrik-et-andrew-de-anne-robillard\\\/#breadcrumb\"},\"inLanguage\":\"fr-FR\",\"potentialAction\":[{\"@type\":\"ReadAction\",\"target\":[\"https:\\\/\\\/sorbetkiwi.fr\\\/index.php\\\/ulrik-et-andrew-de-anne-robillard\\\/\"]}]},{\"@type\":\"ImageObject\",\"inLanguage\":\"fr-FR\",\"@id\":\"https:\\\/\\\/sorbetkiwi.fr\\\/index.php\\\/ulrik-et-andrew-de-anne-robillard\\\/#primaryimage\",\"url\":\"https:\\\/\\\/sorbetkiwi.fr\\\/wp-content\\\/uploads\\\/2022\\\/09\\\/Snapseed-6-scaled.jpg\",\"contentUrl\":\"https:\\\/\\\/sorbetkiwi.fr\\\/wp-content\\\/uploads\\\/2022\\\/09\\\/Snapseed-6-scaled.jpg\",\"width\":1920,\"height\":2560,\"caption\":\"La mal\u00e9diction des Dragensbl\u00f6t 5 Anne Robillard\"},{\"@type\":\"BreadcrumbList\",\"@id\":\"https:\\\/\\\/sorbetkiwi.fr\\\/index.php\\\/ulrik-et-andrew-de-anne-robillard\\\/#breadcrumb\",\"itemListElement\":[{\"@type\":\"ListItem\",\"position\":1,\"name\":\"Accueil\",\"item\":\"https:\\\/\\\/sorbetkiwi.fr\\\/\"},{\"@type\":\"ListItem\",\"position\":2,\"name\":\"Ulrik et Andrew de Anne Robillard\"}]},{\"@type\":\"WebSite\",\"@id\":\"https:\\\/\\\/sorbetkiwi.fr\\\/#website\",\"url\":\"https:\\\/\\\/sorbetkiwi.fr\\\/\",\"name\":\"Sorbet Kiwi\",\"description\":\"Des lectures th\u00e9matiques par saison et les avis qui vont avec\",\"publisher\":{\"@id\":\"https:\\\/\\\/sorbetkiwi.fr\\\/#organization\"},\"potentialAction\":[{\"@type\":\"SearchAction\",\"target\":{\"@type\":\"EntryPoint\",\"urlTemplate\":\"https:\\\/\\\/sorbetkiwi.fr\\\/?s={search_term_string}\"},\"query-input\":{\"@type\":\"PropertyValueSpecification\",\"valueRequired\":true,\"valueName\":\"search_term_string\"}}],\"inLanguage\":\"fr-FR\"},{\"@type\":\"Organization\",\"@id\":\"https:\\\/\\\/sorbetkiwi.fr\\\/#organization\",\"name\":\"Sorbet Kiwi\",\"url\":\"https:\\\/\\\/sorbetkiwi.fr\\\/\",\"logo\":{\"@type\":\"ImageObject\",\"inLanguage\":\"fr-FR\",\"@id\":\"https:\\\/\\\/sorbetkiwi.fr\\\/#\\\/schema\\\/logo\\\/image\\\/\",\"url\":\"https:\\\/\\\/sorbetkiwi.fr\\\/wp-content\\\/uploads\\\/2022\\\/10\\\/Banniere-Sorbet-Kiwi-2022.jpg\",\"contentUrl\":\"https:\\\/\\\/sorbetkiwi.fr\\\/wp-content\\\/uploads\\\/2022\\\/10\\\/Banniere-Sorbet-Kiwi-2022.jpg\",\"width\":814,\"height\":401,\"caption\":\"Sorbet Kiwi\"},\"image\":{\"@id\":\"https:\\\/\\\/sorbetkiwi.fr\\\/#\\\/schema\\\/logo\\\/image\\\/\"},\"sameAs\":[\"https:\\\/\\\/www.facebook.com\\\/profile.php?id=100086238893269\",\"https:\\\/\\\/x.com\\\/pepparshoes\",\"https:\\\/\\\/www.instagram.com\\\/sorbetkiwi\\\/\",\"https:\\\/\\\/www.tiktok.com\\\/sorbetkiwi\"]},{\"@type\":\"Person\",\"@id\":\"https:\\\/\\\/sorbetkiwi.fr\\\/#\\\/schema\\\/person\\\/ed1b7b527a2957ddc3bf38b076540659\",\"name\":\"Sorbet-Kiwi\",\"image\":{\"@type\":\"ImageObject\",\"inLanguage\":\"fr-FR\",\"@id\":\"https:\\\/\\\/secure.gravatar.com\\\/avatar\\\/86f0a5c27d76317621b9e374d0f3a01d3a85278f10d0c7207ced4fd773057442?s=96&d=mm&r=g\",\"url\":\"https:\\\/\\\/secure.gravatar.com\\\/avatar\\\/86f0a5c27d76317621b9e374d0f3a01d3a85278f10d0c7207ced4fd773057442?s=96&d=mm&r=g\",\"contentUrl\":\"https:\\\/\\\/secure.gravatar.com\\\/avatar\\\/86f0a5c27d76317621b9e374d0f3a01d3a85278f10d0c7207ced4fd773057442?s=96&d=mm&r=g\",\"caption\":\"Sorbet-Kiwi\"},\"sameAs\":[\"http:\\\/\\\/sorbetkiwi.fr\"],\"url\":\"https:\\\/\\\/sorbetkiwi.fr\\\/index.php\\\/author\\\/admin7717\\\/\"}]}<\/script>\n<!-- \/ Yoast SEO plugin. -->","yoast_head_json":{"title":"Ulrik et Andrew de Anne Robillard - Sorbet Kiwi","description":"Ma chronique du cinqui\u00e8me tome de La mal\u00e9diction des Dragensbl\u00f6t, Ulrik et Andrew, de Anne Robillard publi\u00e9 chez Michel Lafon Jeunesse.","robots":{"index":"index","follow":"follow","max-snippet":"max-snippet:-1","max-image-preview":"max-image-preview:large","max-video-preview":"max-video-preview:-1"},"canonical":"https:\/\/sorbetkiwi.fr\/index.php\/ulrik-et-andrew-de-anne-robillard\/","og_locale":"fr_FR","og_type":"article","og_title":"Ulrik et Andrew de Anne Robillard - Sorbet Kiwi","og_description":"Ma chronique du cinqui\u00e8me tome de La mal\u00e9diction des Dragensbl\u00f6t, Ulrik et Andrew, de Anne Robillard publi\u00e9 chez Michel Lafon Jeunesse.","og_url":"https:\/\/sorbetkiwi.fr\/index.php\/ulrik-et-andrew-de-anne-robillard\/","og_site_name":"Sorbet Kiwi","article_publisher":"https:\/\/www.facebook.com\/profile.php?id=100086238893269","article_published_time":"2022-10-30T18:09:37+00:00","article_modified_time":"2022-10-30T18:09:44+00:00","og_image":[{"width":1920,"height":2560,"url":"https:\/\/sorbetkiwi.fr\/wp-content\/uploads\/2022\/09\/Snapseed-6-scaled.jpg","type":"image\/jpeg"}],"author":"Sorbet-Kiwi","twitter_card":"summary_large_image","twitter_creator":"@pepparshoes","twitter_site":"@pepparshoes","twitter_misc":{"\u00c9crit par":"Sorbet-Kiwi","Dur\u00e9e de lecture estim\u00e9e":"3 minutes"},"schema":{"@context":"https:\/\/schema.org","@graph":[{"@type":"Article","@id":"https:\/\/sorbetkiwi.fr\/index.php\/ulrik-et-andrew-de-anne-robillard\/#article","isPartOf":{"@id":"https:\/\/sorbetkiwi.fr\/index.php\/ulrik-et-andrew-de-anne-robillard\/"},"author":{"name":"Sorbet-Kiwi","@id":"https:\/\/sorbetkiwi.fr\/#\/schema\/person\/ed1b7b527a2957ddc3bf38b076540659"},"headline":"Ulrik et Andrew de Anne Robillard","datePublished":"2022-10-30T18:09:37+00:00","dateModified":"2022-10-30T18:09:44+00:00","mainEntityOfPage":{"@id":"https:\/\/sorbetkiwi.fr\/index.php\/ulrik-et-andrew-de-anne-robillard\/"},"wordCount":570,"commentCount":0,"publisher":{"@id":"https:\/\/sorbetkiwi.fr\/#organization"},"image":{"@id":"https:\/\/sorbetkiwi.fr\/index.php\/ulrik-et-andrew-de-anne-robillard\/#primaryimage"},"thumbnailUrl":"https:\/\/sorbetkiwi.fr\/wp-content\/uploads\/2022\/09\/Snapseed-6-scaled.jpg","keywords":["Anne Robillard","Editions Michel Lafon","Editions Michel Lafon Jeunesse","Fantastique","Fant\u00f4mes","Halloween","La mal\u00e9diction des Dragensbl\u00f6t","Ulrik et Andrew","Voyage dans le temps"],"articleSection":["Halloween","Partenariats","Tout le blog"],"inLanguage":"fr-FR","potentialAction":[{"@type":"CommentAction","name":"Comment","target":["https:\/\/sorbetkiwi.fr\/index.php\/ulrik-et-andrew-de-anne-robillard\/#respond"]}]},{"@type":"WebPage","@id":"https:\/\/sorbetkiwi.fr\/index.php\/ulrik-et-andrew-de-anne-robillard\/","url":"https:\/\/sorbetkiwi.fr\/index.php\/ulrik-et-andrew-de-anne-robillard\/","name":"Ulrik et Andrew de Anne Robillard - Sorbet Kiwi","isPartOf":{"@id":"https:\/\/sorbetkiwi.fr\/#website"},"primaryImageOfPage":{"@id":"https:\/\/sorbetkiwi.fr\/index.php\/ulrik-et-andrew-de-anne-robillard\/#primaryimage"},"image":{"@id":"https:\/\/sorbetkiwi.fr\/index.php\/ulrik-et-andrew-de-anne-robillard\/#primaryimage"},"thumbnailUrl":"https:\/\/sorbetkiwi.fr\/wp-content\/uploads\/2022\/09\/Snapseed-6-scaled.jpg","datePublished":"2022-10-30T18:09:37+00:00","dateModified":"2022-10-30T18:09:44+00:00","description":"Ma chronique du cinqui\u00e8me tome de La mal\u00e9diction des Dragensbl\u00f6t, Ulrik et Andrew, de Anne Robillard publi\u00e9 chez Michel Lafon Jeunesse.","breadcrumb":{"@id":"https:\/\/sorbetkiwi.fr\/index.php\/ulrik-et-andrew-de-anne-robillard\/#breadcrumb"},"inLanguage":"fr-FR","potentialAction":[{"@type":"ReadAction","target":["https:\/\/sorbetkiwi.fr\/index.php\/ulrik-et-andrew-de-anne-robillard\/"]}]},{"@type":"ImageObject","inLanguage":"fr-FR","@id":"https:\/\/sorbetkiwi.fr\/index.php\/ulrik-et-andrew-de-anne-robillard\/#primaryimage","url":"https:\/\/sorbetkiwi.fr\/wp-content\/uploads\/2022\/09\/Snapseed-6-scaled.jpg","contentUrl":"https:\/\/sorbetkiwi.fr\/wp-content\/uploads\/2022\/09\/Snapseed-6-scaled.jpg","width":1920,"height":2560,"caption":"La mal\u00e9diction des Dragensbl\u00f6t 5 Anne Robillard"},{"@type":"BreadcrumbList","@id":"https:\/\/sorbetkiwi.fr\/index.php\/ulrik-et-andrew-de-anne-robillard\/#breadcrumb","itemListElement":[{"@type":"ListItem","position":1,"name":"Accueil","item":"https:\/\/sorbetkiwi.fr\/"},{"@type":"ListItem","position":2,"name":"Ulrik et Andrew de Anne Robillard"}]},{"@type":"WebSite","@id":"https:\/\/sorbetkiwi.fr\/#website","url":"https:\/\/sorbetkiwi.fr\/","name":"Sorbet Kiwi","description":"Des lectures th\u00e9matiques par saison et les avis qui vont avec","publisher":{"@id":"https:\/\/sorbetkiwi.fr\/#organization"},"potentialAction":[{"@type":"SearchAction","target":{"@type":"EntryPoint","urlTemplate":"https:\/\/sorbetkiwi.fr\/?s={search_term_string}"},"query-input":{"@type":"PropertyValueSpecification","valueRequired":true,"valueName":"search_term_string"}}],"inLanguage":"fr-FR"},{"@type":"Organization","@id":"https:\/\/sorbetkiwi.fr\/#organization","name":"Sorbet Kiwi","url":"https:\/\/sorbetkiwi.fr\/","logo":{"@type":"ImageObject","inLanguage":"fr-FR","@id":"https:\/\/sorbetkiwi.fr\/#\/schema\/logo\/image\/","url":"https:\/\/sorbetkiwi.fr\/wp-content\/uploads\/2022\/10\/Banniere-Sorbet-Kiwi-2022.jpg","contentUrl":"https:\/\/sorbetkiwi.fr\/wp-content\/uploads\/2022\/10\/Banniere-Sorbet-Kiwi-2022.jpg","width":814,"height":401,"caption":"Sorbet Kiwi"},"image":{"@id":"https:\/\/sorbetkiwi.fr\/#\/schema\/logo\/image\/"},"sameAs":["https:\/\/www.facebook.com\/profile.php?id=100086238893269","https:\/\/x.com\/pepparshoes","https:\/\/www.instagram.com\/sorbetkiwi\/","https:\/\/www.tiktok.com\/sorbetkiwi"]},{"@type":"Person","@id":"https:\/\/sorbetkiwi.fr\/#\/schema\/person\/ed1b7b527a2957ddc3bf38b076540659","name":"Sorbet-Kiwi","image":{"@type":"ImageObject","inLanguage":"fr-FR","@id":"https:\/\/secure.gravatar.com\/avatar\/86f0a5c27d76317621b9e374d0f3a01d3a85278f10d0c7207ced4fd773057442?s=96&d=mm&r=g","url":"https:\/\/secure.gravatar.com\/avatar\/86f0a5c27d76317621b9e374d0f3a01d3a85278f10d0c7207ced4fd773057442?s=96&d=mm&r=g","contentUrl":"https:\/\/secure.gravatar.com\/avatar\/86f0a5c27d76317621b9e374d0f3a01d3a85278f10d0c7207ced4fd773057442?s=96&d=mm&r=g","caption":"Sorbet-Kiwi"},"sameAs":["http:\/\/sorbetkiwi.fr"],"url":"https:\/\/sorbetkiwi.fr\/index.php\/author\/admin7717\/"}]}},"_links":{"self":[{"href":"https:\/\/sorbetkiwi.fr\/index.php\/wp-json\/wp\/v2\/posts\/975","targetHints":{"allow":["GET"]}}],"collection":[{"href":"https:\/\/sorbetkiwi.fr\/index.php\/wp-json\/wp\/v2\/posts"}],"about":[{"href":"https:\/\/sorbetkiwi.fr\/index.php\/wp-json\/wp\/v2\/types\/post"}],"author":[{"embeddable":true,"href":"https:\/\/sorbetkiwi.fr\/index.php\/wp-json\/wp\/v2\/users\/1"}],"replies":[{"embeddable":true,"href":"https:\/\/sorbetkiwi.fr\/index.php\/wp-json\/wp\/v2\/comments?post=975"}],"version-history":[{"count":14,"href":"https:\/\/sorbetkiwi.fr\/index.php\/wp-json\/wp\/v2\/posts\/975\/revisions"}],"predecessor-version":[{"id":989,"href":"https:\/\/sorbetkiwi.fr\/index.php\/wp-json\/wp\/v2\/posts\/975\/revisions\/989"}],"wp:featuredmedia":[{"embeddable":true,"href":"https:\/\/sorbetkiwi.fr\/index.php\/wp-json\/wp\/v2\/media\/635"}],"wp:attachment":[{"href":"https:\/\/sorbetkiwi.fr\/index.php\/wp-json\/wp\/v2\/media?parent=975"}],"wp:term":[{"taxonomy":"category","embeddable":true,"href":"https:\/\/sorbetkiwi.fr\/index.php\/wp-json\/wp\/v2\/categories?post=975"},{"taxonomy":"post_tag","embeddable":true,"href":"https:\/\/sorbetkiwi.fr\/index.php\/wp-json\/wp\/v2\/tags?post=975"}],"curies":[{"name":"wp","href":"https:\/\/api.w.org\/{rel}","templated":true}]}}