{"id":9487,"date":"2026-04-30T07:00:00","date_gmt":"2026-04-30T05:00:00","guid":{"rendered":"https:\/\/sorbetkiwi.fr\/?p=9487"},"modified":"2026-04-28T11:31:00","modified_gmt":"2026-04-28T09:31:00","slug":"alicia-prima-ballerina-assoluta-de-eileen-hofer-et-mayalen-goust","status":"publish","type":"post","link":"https:\/\/sorbetkiwi.fr\/index.php\/alicia-prima-ballerina-assoluta-de-eileen-hofer-et-mayalen-goust\/","title":{"rendered":"Alicia : Prima Ballerina Assoluta de Eileen Hofer et Mayalen Goust"},"content":{"rendered":"\t\t<div data-elementor-type=\"wp-post\" data-elementor-id=\"9487\" class=\"elementor elementor-9487\">\n\t\t\t\t\t\t<section class=\"elementor-section elementor-top-section elementor-element elementor-element-4ceb9e5f elementor-section-boxed elementor-section-height-default elementor-section-height-default\" data-id=\"4ceb9e5f\" data-element_type=\"section\" data-e-type=\"section\">\n\t\t\t\t\t\t<div class=\"elementor-container elementor-column-gap-default\">\n\t\t\t\t\t<div class=\"elementor-column elementor-col-100 elementor-top-column elementor-element elementor-element-4c7c3dff\" data-id=\"4c7c3dff\" data-element_type=\"column\" data-e-type=\"column\">\n\t\t\t<div class=\"elementor-widget-wrap elementor-element-populated\">\n\t\t\t\t\t\t<div class=\"elementor-element elementor-element-63f4bb0e elementor-widget elementor-widget-heading\" data-id=\"63f4bb0e\" data-element_type=\"widget\" data-e-type=\"widget\" data-widget_type=\"heading.default\">\n\t\t\t\t<div class=\"elementor-widget-container\">\n\t\t\t\t\t<h1 class=\"elementor-heading-title elementor-size-medium\">Alicia<\/h1>\t\t\t\t<\/div>\n\t\t\t\t<\/div>\n\t\t\t\t<div class=\"elementor-element elementor-element-47f35b53 elementor-view-default elementor-widget elementor-widget-icon\" data-id=\"47f35b53\" data-element_type=\"widget\" data-e-type=\"widget\" data-widget_type=\"icon.default\">\n\t\t\t\t<div class=\"elementor-widget-container\">\n\t\t\t\t\t\t\t<div class=\"elementor-icon-wrapper\">\n\t\t\t<div class=\"elementor-icon\">\n\t\t\t<i aria-hidden=\"true\" class=\"fab fa-pagelines\"><\/i>\t\t\t<\/div>\n\t\t<\/div>\n\t\t\t\t\t\t<\/div>\n\t\t\t\t<\/div>\n\t\t\t\t<div class=\"elementor-element elementor-element-18d2cb64 elementor-widget-divider--view-line elementor-widget elementor-widget-divider\" data-id=\"18d2cb64\" data-element_type=\"widget\" data-e-type=\"widget\" data-widget_type=\"divider.default\">\n\t\t\t\t<div class=\"elementor-widget-container\">\n\t\t\t\t\t\t\t<div class=\"elementor-divider\">\n\t\t\t<span class=\"elementor-divider-separator\">\n\t\t\t\t\t\t<\/span>\n\t\t<\/div>\n\t\t\t\t\t\t<\/div>\n\t\t\t\t<\/div>\n\t\t\t\t<div class=\"elementor-element elementor-element-506a8345 elementor-widget elementor-widget-heading\" data-id=\"506a8345\" data-element_type=\"widget\" data-e-type=\"widget\" data-widget_type=\"heading.default\">\n\t\t\t\t<div class=\"elementor-widget-container\">\n\t\t\t\t\t<h2 class=\"elementor-heading-title elementor-size-medium\">R\u00e9sum\u00e9<\/h2>\t\t\t\t<\/div>\n\t\t\t\t<\/div>\n\t\t\t\t<div class=\"elementor-element elementor-element-6a0975c1 elementor-widget elementor-widget-text-editor\" data-id=\"6a0975c1\" data-element_type=\"widget\" data-e-type=\"widget\" data-widget_type=\"text-editor.default\">\n\t\t\t\t<div class=\"elementor-widget-container\">\n\t\t\t\t\t\t\t\t\t<p>Dans les rues de La Havane, entre 1959 et 2011, les vies se croisent et se recroisent. Aujourd&rsquo;hui celle d&rsquo;Amanda, jeune ballerine en devenir. Hier, celle de Manuela, m\u00e8re c\u00e9libataire, qui n&rsquo;aura fait qu&rsquo;effleurer son r\u00eave de danseuse classique. Et enfin celle d&rsquo;Alicia Alonso, dont on suit l&rsquo;ascension vers la gloire jusqu&rsquo;\u00e0 devenir prima ballerina assoluta au parcours exceptionnel.<\/p><p>Dans un Cuba o\u00f9 r\u00e8gnent la d\u00e9brouille et l&rsquo;entraide, tout autant que la d\u00e9nonciation et le march\u00e9 noir, l&rsquo;histoire de la d\u00e9mocratisation de la danse classique rime singuli\u00e8rement avec l&rsquo;av\u00e8nement du r\u00e9gime r\u00e9volutionnaire.<\/p><p>Pour Amanda, la comp\u00e9tition est rude pour \u00eatre parmi les meilleures tandis que pour Alicia, les choix ne sont plus seulement artistiques mais politiques, lorsqu&rsquo;on voudra faire d&rsquo;elle un instrument de l&rsquo;id\u00e9ologie castriste.<\/p>\t\t\t\t\t\t\t\t<\/div>\n\t\t\t\t<\/div>\n\t\t\t\t<div class=\"elementor-element elementor-element-4e098466 elementor-widget-divider--view-line elementor-widget elementor-widget-divider\" data-id=\"4e098466\" data-element_type=\"widget\" data-e-type=\"widget\" data-widget_type=\"divider.default\">\n\t\t\t\t<div class=\"elementor-widget-container\">\n\t\t\t\t\t\t\t<div class=\"elementor-divider\">\n\t\t\t<span class=\"elementor-divider-separator\">\n\t\t\t\t\t\t<\/span>\n\t\t<\/div>\n\t\t\t\t\t\t<\/div>\n\t\t\t\t<\/div>\n\t\t\t\t<div class=\"elementor-element elementor-element-28bd9963 elementor-widget elementor-widget-heading\" data-id=\"28bd9963\" data-element_type=\"widget\" data-e-type=\"widget\" data-widget_type=\"heading.default\">\n\t\t\t\t<div class=\"elementor-widget-container\">\n\t\t\t\t\t<h2 class=\"elementor-heading-title elementor-size-medium\">Alicia : une lecture fluide \u00e0 travers les saisons et les \u00e9poques<\/h2>\t\t\t\t<\/div>\n\t\t\t\t<\/div>\n\t\t\t\t<div class=\"elementor-element elementor-element-5c18498c elementor-widget elementor-widget-text-editor\" data-id=\"5c18498c\" data-element_type=\"widget\" data-e-type=\"widget\" data-widget_type=\"text-editor.default\">\n\t\t\t\t<div class=\"elementor-widget-container\">\n\t\t\t\t\t\t\t\t\t<p data-start=\"460\" data-end=\"652\">\u00c0 la base, j\u2019avais pr\u00e9vu de lire <em data-start=\"493\" data-end=\"501\">Alicia<\/em> en <a href=\"https:\/\/sorbetkiwi.fr\/index.php\/category\/hiver\/\">f\u00e9vrier<\/a>, car le d\u00e9but se d\u00e9roule sous la neige. Finalement, cette histoire peut se lire \u00e0 n\u2019importe quel moment puisqu\u2019elle traverse les saisons. Par manque de temps, j\u2019ai repouss\u00e9 cette lecture jusqu\u2019au printemps. Il \u00e9tait d\u2019ailleurs temps que je rende l\u2019ouvrage \u00e0 la m\u00e9diath\u00e8que. L\u2019histoire traverse aussi les \u00e9poques, ce que j\u2019ai beaucoup appr\u00e9ci\u00e9. Les chapitres sont courts et efficaces. Et la lecture est fluide, ainsi le temps passe vite. Avec le recul, je regrette d\u2019avoir attendu aussi longtemps avant de le d\u00e9couvrir.<\/p>\t\t\t\t\t\t\t\t<\/div>\n\t\t\t\t<\/div>\n\t\t\t\t<div class=\"elementor-element elementor-element-4b3f5c31 elementor-widget-divider--view-line elementor-widget elementor-widget-divider\" data-id=\"4b3f5c31\" data-element_type=\"widget\" data-e-type=\"widget\" data-widget_type=\"divider.default\">\n\t\t\t\t<div class=\"elementor-widget-container\">\n\t\t\t\t\t\t\t<div class=\"elementor-divider\">\n\t\t\t<span class=\"elementor-divider-separator\">\n\t\t\t\t\t\t<\/span>\n\t\t<\/div>\n\t\t\t\t\t\t<\/div>\n\t\t\t\t<\/div>\n\t\t\t\t<div class=\"elementor-element elementor-element-d12abd5 elementor-widget elementor-widget-image\" data-id=\"d12abd5\" data-element_type=\"widget\" data-e-type=\"widget\" data-widget_type=\"image.default\">\n\t\t\t\t<div class=\"elementor-widget-container\">\n\t\t\t\t\t\t\t\t\t\t\t\t\t\t\t\t<a href=\"https:\/\/www.bedetheque.com\/serie-74535-BD-Alicia-Prima-ballerina-assoluta.html\">\n\t\t\t\t\t\t\t<img decoding=\"async\" src=\"https:\/\/www.bedetheque.com\/media\/Planches\/PlancheS_74535.jpg\" title=\"\" alt=\"Extrait de la BD Alicia\" loading=\"lazy\" \/>\t\t\t\t\t\t\t\t<\/a>\n\t\t\t\t\t\t\t\t\t\t\t\t\t\t\t<\/div>\n\t\t\t\t<\/div>\n\t\t\t\t<div class=\"elementor-element elementor-element-688c22b elementor-widget elementor-widget-text-editor\" data-id=\"688c22b\" data-element_type=\"widget\" data-e-type=\"widget\" data-widget_type=\"text-editor.default\">\n\t\t\t\t<div class=\"elementor-widget-container\">\n\t\t\t\t\t\t\t\t\t<p style=\"text-align: center;\"><a href=\"https:\/\/medias.edl.li\/gecko\/extrait\/prod\/9782810208012_F.pdf\">Pour lire un extrait c&rsquo;est ici<\/a>.<\/p>\t\t\t\t\t\t\t\t<\/div>\n\t\t\t\t<\/div>\n\t\t\t\t<div class=\"elementor-element elementor-element-37f4ac80 elementor-widget-divider--view-line elementor-widget elementor-widget-divider\" data-id=\"37f4ac80\" data-element_type=\"widget\" data-e-type=\"widget\" data-widget_type=\"divider.default\">\n\t\t\t\t<div class=\"elementor-widget-container\">\n\t\t\t\t\t\t\t<div class=\"elementor-divider\">\n\t\t\t<span class=\"elementor-divider-separator\">\n\t\t\t\t\t\t<\/span>\n\t\t<\/div>\n\t\t\t\t\t\t<\/div>\n\t\t\t\t<\/div>\n\t\t\t\t<div class=\"elementor-element elementor-element-3f124703 elementor-widget elementor-widget-heading\" data-id=\"3f124703\" data-element_type=\"widget\" data-e-type=\"widget\" data-widget_type=\"heading.default\">\n\t\t\t\t<div class=\"elementor-widget-container\">\n\t\t\t\t\t<h2 class=\"elementor-heading-title elementor-size-medium\">Un univers graphique marquant autour du ballet et de Cuba<\/h2>\t\t\t\t<\/div>\n\t\t\t\t<\/div>\n\t\t\t\t<div class=\"elementor-element elementor-element-7de46504 elementor-widget elementor-widget-text-editor\" data-id=\"7de46504\" data-element_type=\"widget\" data-e-type=\"widget\" data-widget_type=\"text-editor.default\">\n\t\t\t\t<div class=\"elementor-widget-container\">\n\t\t\t\t\t\t\t\t\t<p data-start=\"1107\" data-end=\"1273\">Si je me suis tourn\u00e9e vers <em data-start=\"1134\" data-end=\"1142\">Alicia<\/em>, c\u2019est avant tout pour son style graphique. En le feuilletant \u00e0 la m\u00e9diath\u00e8que, j\u2019ai \u00e9t\u00e9 imm\u00e9diatement attir\u00e9e par les couleurs. Cette premi\u00e8re impression s\u2019est confirm\u00e9e pendant la lecture. Les illustrations li\u00e9es au ballet sont douces et tr\u00e8s r\u00e9ussies. J\u2019ai aussi ressenti la chaleur de Cuba \u00e0 travers les planches. Le r\u00e9cit permet \u00e9galement d\u2019aborder l\u2019influence d\u2019Alicia Alonso. On d\u00e9couvre comment le ballet a pu \u00eatre utilis\u00e9 dans un contexte politique. Cet aspect apporte une dimension culturelle int\u00e9ressante.<\/p>\t\t\t\t\t\t\t\t<\/div>\n\t\t\t\t<\/div>\n\t\t\t\t<div class=\"elementor-element elementor-element-2e706d91 elementor-widget-divider--view-line elementor-widget elementor-widget-divider\" data-id=\"2e706d91\" data-element_type=\"widget\" data-e-type=\"widget\" data-widget_type=\"divider.default\">\n\t\t\t\t<div class=\"elementor-widget-container\">\n\t\t\t\t\t\t\t<div class=\"elementor-divider\">\n\t\t\t<span class=\"elementor-divider-separator\">\n\t\t\t\t\t\t<\/span>\n\t\t<\/div>\n\t\t\t\t\t\t<\/div>\n\t\t\t\t<\/div>\n\t\t\t\t<div class=\"elementor-element elementor-element-68e0dab0 elementor-widget elementor-widget-heading\" data-id=\"68e0dab0\" data-element_type=\"widget\" data-e-type=\"widget\" data-widget_type=\"heading.default\">\n\t\t\t\t<div class=\"elementor-widget-container\">\n\t\t\t\t\t<h2 class=\"elementor-heading-title elementor-size-medium\">Un r\u00e9cit int\u00e9ressant mais trop survol\u00e9<\/h2>\t\t\t\t<\/div>\n\t\t\t\t<\/div>\n\t\t\t\t<div class=\"elementor-element elementor-element-6418efec elementor-widget elementor-widget-text-editor\" data-id=\"6418efec\" data-element_type=\"widget\" data-e-type=\"widget\" data-widget_type=\"text-editor.default\">\n\t\t\t\t<div class=\"elementor-widget-container\">\n\t\t\t\t\t\t\t\t\t<p data-start=\"1722\" data-end=\"1906\">Malgr\u00e9 ces qualit\u00e9s, j\u2019ai trouv\u00e9 le r\u00e9cit trop rapide. J\u2019aurais aim\u00e9 un fil conducteur plus approfondi. J\u2019ai eu l\u2019impression de rester en surface, sans vraiment entrer dans le sujet. Je n\u2019ai pas le sentiment d\u2019avoir appris suffisamment sur Alicia Alonso. M\u00eame si le contexte cubain en 2011 est perceptible, il manque une v\u00e9ritable structure narrative.<\/p><p data-start=\"2080\" data-end=\"2230\">La fin m\u2019a aussi sembl\u00e9 abrupte. L\u2019histoire donne l\u2019impression de s\u2019arr\u00eater sans r\u00e9elle conclusion. Cela a clairement influenc\u00e9 mon ressenti global. Cependant, cette lecture m\u2019a apport\u00e9 quelques \u00e9l\u00e9ments culturels, notamment sur le style du ballet cubain. Et malgr\u00e9 mon avis mitig\u00e9, je ne regrette pas cette d\u00e9couverte.<\/p>\t\t\t\t\t\t\t\t<\/div>\n\t\t\t\t<\/div>\n\t\t\t\t\t<\/div>\n\t\t<\/div>\n\t\t\t\t\t<\/div>\n\t\t<\/section>\n\t\t\t\t<\/div>\n\t\t","protected":false},"excerpt":{"rendered":"<p>Alicia R\u00e9sum\u00e9 Dans les rues de La Havane, entre 1959 et 2011, les vies se croisent et se recroisent. Aujourd&rsquo;hui celle d&rsquo;Amanda, jeune ballerine en devenir. Hier, celle de Manuela, m\u00e8re c\u00e9libataire, qui n&rsquo;aura fait &hellip; <\/p>\n","protected":false},"author":1,"featured_media":9488,"comment_status":"open","ping_status":"open","sticky":false,"template":"","format":"standard","meta":{"footnotes":""},"categories":[7,13,1],"tags":[2816,2821,79,905,2818,2819,2817,500,284,904],"class_list":["post-9487","post","type-post","status-publish","format-standard","has-post-thumbnail","hentry","category-benevolat","category-le-printemps","category-tout-le-blog","tag-alicia","tag-ballet","tag-bd","tag-editions-rue-de-sevres","tag-eileen-hofer","tag-mayalen-goust","tag-prima-ballerina-assoluta","tag-printemps","tag-roman-graphique","tag-rue-de-sevres","has-single-img"],"yoast_head":"<!-- This site is optimized with the Yoast SEO plugin v27.5 - https:\/\/yoast.com\/product\/yoast-seo-wordpress\/ -->\n<title>Alicia : Prima Ballerina Assoluta de Eileen Hofer et Mayalen Goust - Sorbet Kiwi<\/title>\n<meta name=\"description\" content=\"Mon avis sur le roman graphique Alicia : Prima Ballerina Assoluta qui pr\u00e9sente le ballet \u00e0 Cuba en faisait le portrait d&#039;une figure marquante\" \/>\n<meta name=\"robots\" content=\"index, follow, max-snippet:-1, max-image-preview:large, max-video-preview:-1\" \/>\n<link rel=\"canonical\" href=\"https:\/\/sorbetkiwi.fr\/index.php\/alicia-prima-ballerina-assoluta-de-eileen-hofer-et-mayalen-goust\/\" \/>\n<meta property=\"og:locale\" content=\"fr_FR\" \/>\n<meta property=\"og:type\" content=\"article\" \/>\n<meta property=\"og:title\" content=\"Alicia : Prima Ballerina Assoluta de Eileen Hofer et Mayalen Goust - Sorbet Kiwi\" \/>\n<meta property=\"og:description\" content=\"Mon avis sur le roman graphique Alicia : Prima Ballerina Assoluta qui pr\u00e9sente le ballet \u00e0 Cuba en faisait le portrait d&#039;une figure marquante\" \/>\n<meta property=\"og:url\" content=\"https:\/\/sorbetkiwi.fr\/index.php\/alicia-prima-ballerina-assoluta-de-eileen-hofer-et-mayalen-goust\/\" \/>\n<meta property=\"og:site_name\" content=\"Sorbet Kiwi\" \/>\n<meta property=\"article:publisher\" content=\"https:\/\/www.facebook.com\/profile.php?id=100086238893269\" \/>\n<meta property=\"article:published_time\" content=\"2026-04-30T05:00:00+00:00\" \/>\n<meta property=\"og:image\" content=\"https:\/\/sorbetkiwi.fr\/wp-content\/uploads\/2026\/04\/Alicia-Prima-Ballerina-Assoluta-de-Eileen-Hofer-et-Mayalen-Goust.jpeg\" \/>\n\t<meta property=\"og:image:width\" content=\"768\" \/>\n\t<meta property=\"og:image:height\" content=\"1024\" \/>\n\t<meta property=\"og:image:type\" content=\"image\/jpeg\" \/>\n<meta name=\"author\" content=\"Sorbet-Kiwi\" \/>\n<meta name=\"twitter:card\" content=\"summary_large_image\" \/>\n<meta name=\"twitter:creator\" content=\"@pepparshoes\" \/>\n<meta name=\"twitter:site\" content=\"@pepparshoes\" \/>\n<meta name=\"twitter:label1\" content=\"\u00c9crit par\" \/>\n\t<meta name=\"twitter:data1\" content=\"Sorbet-Kiwi\" \/>\n\t<meta name=\"twitter:label2\" content=\"Dur\u00e9e de lecture estim\u00e9e\" \/>\n\t<meta name=\"twitter:data2\" content=\"3 minutes\" \/>\n<script type=\"application\/ld+json\" class=\"yoast-schema-graph\">{\"@context\":\"https:\\\/\\\/schema.org\",\"@graph\":[{\"@type\":\"Article\",\"@id\":\"https:\\\/\\\/sorbetkiwi.fr\\\/index.php\\\/alicia-prima-ballerina-assoluta-de-eileen-hofer-et-mayalen-goust\\\/#article\",\"isPartOf\":{\"@id\":\"https:\\\/\\\/sorbetkiwi.fr\\\/index.php\\\/alicia-prima-ballerina-assoluta-de-eileen-hofer-et-mayalen-goust\\\/\"},\"author\":{\"name\":\"Sorbet-Kiwi\",\"@id\":\"https:\\\/\\\/sorbetkiwi.fr\\\/#\\\/schema\\\/person\\\/ed1b7b527a2957ddc3bf38b076540659\"},\"headline\":\"Alicia : Prima Ballerina Assoluta de Eileen Hofer et Mayalen Goust\",\"datePublished\":\"2026-04-30T05:00:00+00:00\",\"mainEntityOfPage\":{\"@id\":\"https:\\\/\\\/sorbetkiwi.fr\\\/index.php\\\/alicia-prima-ballerina-assoluta-de-eileen-hofer-et-mayalen-goust\\\/\"},\"wordCount\":525,\"commentCount\":0,\"publisher\":{\"@id\":\"https:\\\/\\\/sorbetkiwi.fr\\\/#organization\"},\"image\":{\"@id\":\"https:\\\/\\\/sorbetkiwi.fr\\\/index.php\\\/alicia-prima-ballerina-assoluta-de-eileen-hofer-et-mayalen-goust\\\/#primaryimage\"},\"thumbnailUrl\":\"https:\\\/\\\/sorbetkiwi.fr\\\/wp-content\\\/uploads\\\/2026\\\/04\\\/Alicia-Prima-Ballerina-Assoluta-de-Eileen-Hofer-et-Mayalen-Goust.jpeg\",\"keywords\":[\"Alicia\",\"ballet\",\"BD\",\"\u00e9ditions Rue de S\u00e8vres\",\"Eileen Hofer\",\"Mayalen Goust\",\"Prima Ballerina Assoluta\",\"Printemps\",\"Roman graphique\",\"Rue de S\u00e8vres\"],\"articleSection\":[\"B\u00e9n\u00e9volat\",\"Le printemps\",\"Tout le blog\"],\"inLanguage\":\"fr-FR\",\"potentialAction\":[{\"@type\":\"CommentAction\",\"name\":\"Comment\",\"target\":[\"https:\\\/\\\/sorbetkiwi.fr\\\/index.php\\\/alicia-prima-ballerina-assoluta-de-eileen-hofer-et-mayalen-goust\\\/#respond\"]}]},{\"@type\":\"WebPage\",\"@id\":\"https:\\\/\\\/sorbetkiwi.fr\\\/index.php\\\/alicia-prima-ballerina-assoluta-de-eileen-hofer-et-mayalen-goust\\\/\",\"url\":\"https:\\\/\\\/sorbetkiwi.fr\\\/index.php\\\/alicia-prima-ballerina-assoluta-de-eileen-hofer-et-mayalen-goust\\\/\",\"name\":\"Alicia : Prima Ballerina Assoluta de Eileen Hofer et Mayalen Goust - Sorbet Kiwi\",\"isPartOf\":{\"@id\":\"https:\\\/\\\/sorbetkiwi.fr\\\/#website\"},\"primaryImageOfPage\":{\"@id\":\"https:\\\/\\\/sorbetkiwi.fr\\\/index.php\\\/alicia-prima-ballerina-assoluta-de-eileen-hofer-et-mayalen-goust\\\/#primaryimage\"},\"image\":{\"@id\":\"https:\\\/\\\/sorbetkiwi.fr\\\/index.php\\\/alicia-prima-ballerina-assoluta-de-eileen-hofer-et-mayalen-goust\\\/#primaryimage\"},\"thumbnailUrl\":\"https:\\\/\\\/sorbetkiwi.fr\\\/wp-content\\\/uploads\\\/2026\\\/04\\\/Alicia-Prima-Ballerina-Assoluta-de-Eileen-Hofer-et-Mayalen-Goust.jpeg\",\"datePublished\":\"2026-04-30T05:00:00+00:00\",\"description\":\"Mon avis sur le roman graphique Alicia : Prima Ballerina Assoluta qui pr\u00e9sente le ballet \u00e0 Cuba en faisait le portrait d'une figure marquante\",\"breadcrumb\":{\"@id\":\"https:\\\/\\\/sorbetkiwi.fr\\\/index.php\\\/alicia-prima-ballerina-assoluta-de-eileen-hofer-et-mayalen-goust\\\/#breadcrumb\"},\"inLanguage\":\"fr-FR\",\"potentialAction\":[{\"@type\":\"ReadAction\",\"target\":[\"https:\\\/\\\/sorbetkiwi.fr\\\/index.php\\\/alicia-prima-ballerina-assoluta-de-eileen-hofer-et-mayalen-goust\\\/\"]}]},{\"@type\":\"ImageObject\",\"inLanguage\":\"fr-FR\",\"@id\":\"https:\\\/\\\/sorbetkiwi.fr\\\/index.php\\\/alicia-prima-ballerina-assoluta-de-eileen-hofer-et-mayalen-goust\\\/#primaryimage\",\"url\":\"https:\\\/\\\/sorbetkiwi.fr\\\/wp-content\\\/uploads\\\/2026\\\/04\\\/Alicia-Prima-Ballerina-Assoluta-de-Eileen-Hofer-et-Mayalen-Goust.jpeg\",\"contentUrl\":\"https:\\\/\\\/sorbetkiwi.fr\\\/wp-content\\\/uploads\\\/2026\\\/04\\\/Alicia-Prima-Ballerina-Assoluta-de-Eileen-Hofer-et-Mayalen-Goust.jpeg\",\"width\":768,\"height\":1024,\"caption\":\"livre Alicia Prima Ballerina Assoluta tenu \u00e0 la main devant une verri\u00e8re avec d\u00e9coration de ballons color\u00e9s en arri\u00e8re plan\"},{\"@type\":\"BreadcrumbList\",\"@id\":\"https:\\\/\\\/sorbetkiwi.fr\\\/index.php\\\/alicia-prima-ballerina-assoluta-de-eileen-hofer-et-mayalen-goust\\\/#breadcrumb\",\"itemListElement\":[{\"@type\":\"ListItem\",\"position\":1,\"name\":\"Accueil\",\"item\":\"https:\\\/\\\/sorbetkiwi.fr\\\/\"},{\"@type\":\"ListItem\",\"position\":2,\"name\":\"Alicia : Prima Ballerina Assoluta de Eileen Hofer et Mayalen Goust\"}]},{\"@type\":\"WebSite\",\"@id\":\"https:\\\/\\\/sorbetkiwi.fr\\\/#website\",\"url\":\"https:\\\/\\\/sorbetkiwi.fr\\\/\",\"name\":\"Sorbet Kiwi\",\"description\":\"Des lectures th\u00e9matiques par saison et les avis qui vont avec\",\"publisher\":{\"@id\":\"https:\\\/\\\/sorbetkiwi.fr\\\/#organization\"},\"potentialAction\":[{\"@type\":\"SearchAction\",\"target\":{\"@type\":\"EntryPoint\",\"urlTemplate\":\"https:\\\/\\\/sorbetkiwi.fr\\\/?s={search_term_string}\"},\"query-input\":{\"@type\":\"PropertyValueSpecification\",\"valueRequired\":true,\"valueName\":\"search_term_string\"}}],\"inLanguage\":\"fr-FR\"},{\"@type\":\"Organization\",\"@id\":\"https:\\\/\\\/sorbetkiwi.fr\\\/#organization\",\"name\":\"Sorbet Kiwi\",\"url\":\"https:\\\/\\\/sorbetkiwi.fr\\\/\",\"logo\":{\"@type\":\"ImageObject\",\"inLanguage\":\"fr-FR\",\"@id\":\"https:\\\/\\\/sorbetkiwi.fr\\\/#\\\/schema\\\/logo\\\/image\\\/\",\"url\":\"https:\\\/\\\/sorbetkiwi.fr\\\/wp-content\\\/uploads\\\/2022\\\/10\\\/Banniere-Sorbet-Kiwi-2022.jpg\",\"contentUrl\":\"https:\\\/\\\/sorbetkiwi.fr\\\/wp-content\\\/uploads\\\/2022\\\/10\\\/Banniere-Sorbet-Kiwi-2022.jpg\",\"width\":814,\"height\":401,\"caption\":\"Sorbet Kiwi\"},\"image\":{\"@id\":\"https:\\\/\\\/sorbetkiwi.fr\\\/#\\\/schema\\\/logo\\\/image\\\/\"},\"sameAs\":[\"https:\\\/\\\/www.facebook.com\\\/profile.php?id=100086238893269\",\"https:\\\/\\\/x.com\\\/pepparshoes\",\"https:\\\/\\\/www.instagram.com\\\/sorbetkiwi\\\/\",\"https:\\\/\\\/www.tiktok.com\\\/sorbetkiwi\"]},{\"@type\":\"Person\",\"@id\":\"https:\\\/\\\/sorbetkiwi.fr\\\/#\\\/schema\\\/person\\\/ed1b7b527a2957ddc3bf38b076540659\",\"name\":\"Sorbet-Kiwi\",\"image\":{\"@type\":\"ImageObject\",\"inLanguage\":\"fr-FR\",\"@id\":\"https:\\\/\\\/secure.gravatar.com\\\/avatar\\\/86f0a5c27d76317621b9e374d0f3a01d3a85278f10d0c7207ced4fd773057442?s=96&d=mm&r=g\",\"url\":\"https:\\\/\\\/secure.gravatar.com\\\/avatar\\\/86f0a5c27d76317621b9e374d0f3a01d3a85278f10d0c7207ced4fd773057442?s=96&d=mm&r=g\",\"contentUrl\":\"https:\\\/\\\/secure.gravatar.com\\\/avatar\\\/86f0a5c27d76317621b9e374d0f3a01d3a85278f10d0c7207ced4fd773057442?s=96&d=mm&r=g\",\"caption\":\"Sorbet-Kiwi\"},\"sameAs\":[\"http:\\\/\\\/sorbetkiwi.fr\"],\"url\":\"https:\\\/\\\/sorbetkiwi.fr\\\/index.php\\\/author\\\/admin7717\\\/\"}]}<\/script>\n<!-- \/ Yoast SEO plugin. -->","yoast_head_json":{"title":"Alicia : Prima Ballerina Assoluta de Eileen Hofer et Mayalen Goust - Sorbet Kiwi","description":"Mon avis sur le roman graphique Alicia : Prima Ballerina Assoluta qui pr\u00e9sente le ballet \u00e0 Cuba en faisait le portrait d'une figure marquante","robots":{"index":"index","follow":"follow","max-snippet":"max-snippet:-1","max-image-preview":"max-image-preview:large","max-video-preview":"max-video-preview:-1"},"canonical":"https:\/\/sorbetkiwi.fr\/index.php\/alicia-prima-ballerina-assoluta-de-eileen-hofer-et-mayalen-goust\/","og_locale":"fr_FR","og_type":"article","og_title":"Alicia : Prima Ballerina Assoluta de Eileen Hofer et Mayalen Goust - Sorbet Kiwi","og_description":"Mon avis sur le roman graphique Alicia : Prima Ballerina Assoluta qui pr\u00e9sente le ballet \u00e0 Cuba en faisait le portrait d'une figure marquante","og_url":"https:\/\/sorbetkiwi.fr\/index.php\/alicia-prima-ballerina-assoluta-de-eileen-hofer-et-mayalen-goust\/","og_site_name":"Sorbet Kiwi","article_publisher":"https:\/\/www.facebook.com\/profile.php?id=100086238893269","article_published_time":"2026-04-30T05:00:00+00:00","og_image":[{"width":768,"height":1024,"url":"https:\/\/sorbetkiwi.fr\/wp-content\/uploads\/2026\/04\/Alicia-Prima-Ballerina-Assoluta-de-Eileen-Hofer-et-Mayalen-Goust.jpeg","type":"image\/jpeg"}],"author":"Sorbet-Kiwi","twitter_card":"summary_large_image","twitter_creator":"@pepparshoes","twitter_site":"@pepparshoes","twitter_misc":{"\u00c9crit par":"Sorbet-Kiwi","Dur\u00e9e de lecture estim\u00e9e":"3 minutes"},"schema":{"@context":"https:\/\/schema.org","@graph":[{"@type":"Article","@id":"https:\/\/sorbetkiwi.fr\/index.php\/alicia-prima-ballerina-assoluta-de-eileen-hofer-et-mayalen-goust\/#article","isPartOf":{"@id":"https:\/\/sorbetkiwi.fr\/index.php\/alicia-prima-ballerina-assoluta-de-eileen-hofer-et-mayalen-goust\/"},"author":{"name":"Sorbet-Kiwi","@id":"https:\/\/sorbetkiwi.fr\/#\/schema\/person\/ed1b7b527a2957ddc3bf38b076540659"},"headline":"Alicia : Prima Ballerina Assoluta de Eileen Hofer et Mayalen Goust","datePublished":"2026-04-30T05:00:00+00:00","mainEntityOfPage":{"@id":"https:\/\/sorbetkiwi.fr\/index.php\/alicia-prima-ballerina-assoluta-de-eileen-hofer-et-mayalen-goust\/"},"wordCount":525,"commentCount":0,"publisher":{"@id":"https:\/\/sorbetkiwi.fr\/#organization"},"image":{"@id":"https:\/\/sorbetkiwi.fr\/index.php\/alicia-prima-ballerina-assoluta-de-eileen-hofer-et-mayalen-goust\/#primaryimage"},"thumbnailUrl":"https:\/\/sorbetkiwi.fr\/wp-content\/uploads\/2026\/04\/Alicia-Prima-Ballerina-Assoluta-de-Eileen-Hofer-et-Mayalen-Goust.jpeg","keywords":["Alicia","ballet","BD","\u00e9ditions Rue de S\u00e8vres","Eileen Hofer","Mayalen Goust","Prima Ballerina Assoluta","Printemps","Roman graphique","Rue de S\u00e8vres"],"articleSection":["B\u00e9n\u00e9volat","Le printemps","Tout le blog"],"inLanguage":"fr-FR","potentialAction":[{"@type":"CommentAction","name":"Comment","target":["https:\/\/sorbetkiwi.fr\/index.php\/alicia-prima-ballerina-assoluta-de-eileen-hofer-et-mayalen-goust\/#respond"]}]},{"@type":"WebPage","@id":"https:\/\/sorbetkiwi.fr\/index.php\/alicia-prima-ballerina-assoluta-de-eileen-hofer-et-mayalen-goust\/","url":"https:\/\/sorbetkiwi.fr\/index.php\/alicia-prima-ballerina-assoluta-de-eileen-hofer-et-mayalen-goust\/","name":"Alicia : Prima Ballerina Assoluta de Eileen Hofer et Mayalen Goust - Sorbet Kiwi","isPartOf":{"@id":"https:\/\/sorbetkiwi.fr\/#website"},"primaryImageOfPage":{"@id":"https:\/\/sorbetkiwi.fr\/index.php\/alicia-prima-ballerina-assoluta-de-eileen-hofer-et-mayalen-goust\/#primaryimage"},"image":{"@id":"https:\/\/sorbetkiwi.fr\/index.php\/alicia-prima-ballerina-assoluta-de-eileen-hofer-et-mayalen-goust\/#primaryimage"},"thumbnailUrl":"https:\/\/sorbetkiwi.fr\/wp-content\/uploads\/2026\/04\/Alicia-Prima-Ballerina-Assoluta-de-Eileen-Hofer-et-Mayalen-Goust.jpeg","datePublished":"2026-04-30T05:00:00+00:00","description":"Mon avis sur le roman graphique Alicia : Prima Ballerina Assoluta qui pr\u00e9sente le ballet \u00e0 Cuba en faisait le portrait d'une figure marquante","breadcrumb":{"@id":"https:\/\/sorbetkiwi.fr\/index.php\/alicia-prima-ballerina-assoluta-de-eileen-hofer-et-mayalen-goust\/#breadcrumb"},"inLanguage":"fr-FR","potentialAction":[{"@type":"ReadAction","target":["https:\/\/sorbetkiwi.fr\/index.php\/alicia-prima-ballerina-assoluta-de-eileen-hofer-et-mayalen-goust\/"]}]},{"@type":"ImageObject","inLanguage":"fr-FR","@id":"https:\/\/sorbetkiwi.fr\/index.php\/alicia-prima-ballerina-assoluta-de-eileen-hofer-et-mayalen-goust\/#primaryimage","url":"https:\/\/sorbetkiwi.fr\/wp-content\/uploads\/2026\/04\/Alicia-Prima-Ballerina-Assoluta-de-Eileen-Hofer-et-Mayalen-Goust.jpeg","contentUrl":"https:\/\/sorbetkiwi.fr\/wp-content\/uploads\/2026\/04\/Alicia-Prima-Ballerina-Assoluta-de-Eileen-Hofer-et-Mayalen-Goust.jpeg","width":768,"height":1024,"caption":"livre Alicia Prima Ballerina Assoluta tenu \u00e0 la main devant une verri\u00e8re avec d\u00e9coration de ballons color\u00e9s en arri\u00e8re plan"},{"@type":"BreadcrumbList","@id":"https:\/\/sorbetkiwi.fr\/index.php\/alicia-prima-ballerina-assoluta-de-eileen-hofer-et-mayalen-goust\/#breadcrumb","itemListElement":[{"@type":"ListItem","position":1,"name":"Accueil","item":"https:\/\/sorbetkiwi.fr\/"},{"@type":"ListItem","position":2,"name":"Alicia : Prima Ballerina Assoluta de Eileen Hofer et Mayalen Goust"}]},{"@type":"WebSite","@id":"https:\/\/sorbetkiwi.fr\/#website","url":"https:\/\/sorbetkiwi.fr\/","name":"Sorbet Kiwi","description":"Des lectures th\u00e9matiques par saison et les avis qui vont avec","publisher":{"@id":"https:\/\/sorbetkiwi.fr\/#organization"},"potentialAction":[{"@type":"SearchAction","target":{"@type":"EntryPoint","urlTemplate":"https:\/\/sorbetkiwi.fr\/?s={search_term_string}"},"query-input":{"@type":"PropertyValueSpecification","valueRequired":true,"valueName":"search_term_string"}}],"inLanguage":"fr-FR"},{"@type":"Organization","@id":"https:\/\/sorbetkiwi.fr\/#organization","name":"Sorbet Kiwi","url":"https:\/\/sorbetkiwi.fr\/","logo":{"@type":"ImageObject","inLanguage":"fr-FR","@id":"https:\/\/sorbetkiwi.fr\/#\/schema\/logo\/image\/","url":"https:\/\/sorbetkiwi.fr\/wp-content\/uploads\/2022\/10\/Banniere-Sorbet-Kiwi-2022.jpg","contentUrl":"https:\/\/sorbetkiwi.fr\/wp-content\/uploads\/2022\/10\/Banniere-Sorbet-Kiwi-2022.jpg","width":814,"height":401,"caption":"Sorbet Kiwi"},"image":{"@id":"https:\/\/sorbetkiwi.fr\/#\/schema\/logo\/image\/"},"sameAs":["https:\/\/www.facebook.com\/profile.php?id=100086238893269","https:\/\/x.com\/pepparshoes","https:\/\/www.instagram.com\/sorbetkiwi\/","https:\/\/www.tiktok.com\/sorbetkiwi"]},{"@type":"Person","@id":"https:\/\/sorbetkiwi.fr\/#\/schema\/person\/ed1b7b527a2957ddc3bf38b076540659","name":"Sorbet-Kiwi","image":{"@type":"ImageObject","inLanguage":"fr-FR","@id":"https:\/\/secure.gravatar.com\/avatar\/86f0a5c27d76317621b9e374d0f3a01d3a85278f10d0c7207ced4fd773057442?s=96&d=mm&r=g","url":"https:\/\/secure.gravatar.com\/avatar\/86f0a5c27d76317621b9e374d0f3a01d3a85278f10d0c7207ced4fd773057442?s=96&d=mm&r=g","contentUrl":"https:\/\/secure.gravatar.com\/avatar\/86f0a5c27d76317621b9e374d0f3a01d3a85278f10d0c7207ced4fd773057442?s=96&d=mm&r=g","caption":"Sorbet-Kiwi"},"sameAs":["http:\/\/sorbetkiwi.fr"],"url":"https:\/\/sorbetkiwi.fr\/index.php\/author\/admin7717\/"}]}},"_links":{"self":[{"href":"https:\/\/sorbetkiwi.fr\/index.php\/wp-json\/wp\/v2\/posts\/9487","targetHints":{"allow":["GET"]}}],"collection":[{"href":"https:\/\/sorbetkiwi.fr\/index.php\/wp-json\/wp\/v2\/posts"}],"about":[{"href":"https:\/\/sorbetkiwi.fr\/index.php\/wp-json\/wp\/v2\/types\/post"}],"author":[{"embeddable":true,"href":"https:\/\/sorbetkiwi.fr\/index.php\/wp-json\/wp\/v2\/users\/1"}],"replies":[{"embeddable":true,"href":"https:\/\/sorbetkiwi.fr\/index.php\/wp-json\/wp\/v2\/comments?post=9487"}],"version-history":[{"count":10,"href":"https:\/\/sorbetkiwi.fr\/index.php\/wp-json\/wp\/v2\/posts\/9487\/revisions"}],"predecessor-version":[{"id":9498,"href":"https:\/\/sorbetkiwi.fr\/index.php\/wp-json\/wp\/v2\/posts\/9487\/revisions\/9498"}],"wp:featuredmedia":[{"embeddable":true,"href":"https:\/\/sorbetkiwi.fr\/index.php\/wp-json\/wp\/v2\/media\/9488"}],"wp:attachment":[{"href":"https:\/\/sorbetkiwi.fr\/index.php\/wp-json\/wp\/v2\/media?parent=9487"}],"wp:term":[{"taxonomy":"category","embeddable":true,"href":"https:\/\/sorbetkiwi.fr\/index.php\/wp-json\/wp\/v2\/categories?post=9487"},{"taxonomy":"post_tag","embeddable":true,"href":"https:\/\/sorbetkiwi.fr\/index.php\/wp-json\/wp\/v2\/tags?post=9487"}],"curies":[{"name":"wp","href":"https:\/\/api.w.org\/{rel}","templated":true}]}}