{"id":9408,"date":"2026-03-14T07:00:00","date_gmt":"2026-03-14T06:00:00","guid":{"rendered":"https:\/\/sorbetkiwi.fr\/?p=9408"},"modified":"2026-03-06T15:30:12","modified_gmt":"2026-03-06T14:30:12","slug":"christiania-sur-les-traces-danna","status":"publish","type":"post","link":"https:\/\/sorbetkiwi.fr\/index.php\/christiania-sur-les-traces-danna\/","title":{"rendered":"Christiania sur les traces d&rsquo;Anna"},"content":{"rendered":"\t\t<div data-elementor-type=\"wp-post\" data-elementor-id=\"9408\" class=\"elementor elementor-9408\">\n\t\t\t\t\t\t<section class=\"elementor-section elementor-top-section elementor-element elementor-element-45e92391 elementor-section-boxed elementor-section-height-default elementor-section-height-default\" data-id=\"45e92391\" data-element_type=\"section\" data-e-type=\"section\">\n\t\t\t\t\t\t<div class=\"elementor-container elementor-column-gap-default\">\n\t\t\t\t\t<div class=\"elementor-column elementor-col-100 elementor-top-column elementor-element elementor-element-26120b4\" data-id=\"26120b4\" data-element_type=\"column\" data-e-type=\"column\">\n\t\t\t<div class=\"elementor-widget-wrap elementor-element-populated\">\n\t\t\t\t\t\t<div class=\"elementor-element elementor-element-420abffa elementor-widget elementor-widget-heading\" data-id=\"420abffa\" data-element_type=\"widget\" data-e-type=\"widget\" data-widget_type=\"heading.default\">\n\t\t\t\t<div class=\"elementor-widget-container\">\n\t\t\t\t\t<h1 class=\"elementor-heading-title elementor-size-medium\">Christiania sur les traces d'Anna, ici devant une maison \u00e0 colombage d'\u00e9poque<\/h1>\t\t\t\t<\/div>\n\t\t\t\t<\/div>\n\t\t\t\t<div class=\"elementor-element elementor-element-6190bb64 elementor-view-default elementor-widget elementor-widget-icon\" data-id=\"6190bb64\" data-element_type=\"widget\" data-e-type=\"widget\" data-widget_type=\"icon.default\">\n\t\t\t\t<div class=\"elementor-widget-container\">\n\t\t\t\t\t\t\t<div class=\"elementor-icon-wrapper\">\n\t\t\t<div class=\"elementor-icon\">\n\t\t\t<i aria-hidden=\"true\" class=\"far fa-snowflake\"><\/i>\t\t\t<\/div>\n\t\t<\/div>\n\t\t\t\t\t\t<\/div>\n\t\t\t\t<\/div>\n\t\t\t\t<div class=\"elementor-element elementor-element-2778c7ca elementor-widget-divider--view-line elementor-widget elementor-widget-divider\" data-id=\"2778c7ca\" data-element_type=\"widget\" data-e-type=\"widget\" data-widget_type=\"divider.default\">\n\t\t\t\t<div class=\"elementor-widget-container\">\n\t\t\t\t\t\t\t<div class=\"elementor-divider\">\n\t\t\t<span class=\"elementor-divider-separator\">\n\t\t\t\t\t\t<\/span>\n\t\t<\/div>\n\t\t\t\t\t\t<\/div>\n\t\t\t\t<\/div>\n\t\t\t\t<div class=\"elementor-element elementor-element-3a18e3df elementor-widget elementor-widget-heading\" data-id=\"3a18e3df\" data-element_type=\"widget\" data-e-type=\"widget\" data-widget_type=\"heading.default\">\n\t\t\t\t<div class=\"elementor-widget-container\">\n\t\t\t\t\t<h2 class=\"elementor-heading-title elementor-size-medium\">Christiania en 1875 : une capitale en pleine mutation<\/h2>\t\t\t\t<\/div>\n\t\t\t\t<\/div>\n\t\t\t\t<div class=\"elementor-element elementor-element-2f031f78 elementor-widget elementor-widget-text-editor\" data-id=\"2f031f78\" data-element_type=\"widget\" data-e-type=\"widget\" data-widget_type=\"text-editor.default\">\n\t\t\t\t<div class=\"elementor-widget-container\">\n\t\t\t\t\t\t\t\t\t<p><strong>[CET ARTICLE CONTIENT DE NOMBREUX SPOILERS SUR LES SEPT SOEURS !]<\/strong><\/p><p>Il y a deux jours, nous suivions Ally dans l\u2019Oslo moderne. Aujourd\u2019hui, nous remontons le temps pour marcher sur les traces de son anc\u00eatre Anna, \u00e0 Christiania. En effet, la ville doit alors son nom au roi Christian IV, qui la d\u00e9place de l\u2019autre c\u00f4t\u00e9 de l\u2019anse de Bj\u00f8rvika apr\u00e8s les incendies r\u00e9p\u00e9t\u00e9s du vieux village. Ce n\u2019est qu\u2019en 1925 qu\u2019elle retrouvera son nom d\u2019origine, Oslo. Au mus\u00e9e de la ville, nous avons d\u00e9couvert \u00e0 quoi ressemblaient les tramways qu\u2019Anna voyait d\u00e9filer quotidiennement. De plus, une carte ancienne nous a montr\u00e9 son quartier, autour de la rue St Olav, o\u00f9 elle s\u2019installe en 1875.<\/p><p>Comme Anna, nous sommes arriv\u00e9s \u00e0 la gare d\u2019<strong>Oslo Sentral<\/strong>, directement reli\u00e9e \u00e0 l\u2019a\u00e9roport par une ligne ferroviaire. L\u00e0, elle emm\u00e9nage au num\u00e9ro 10 de la rue St Olav, un immeuble modeste pour nous, mais qui repr\u00e9sente le standing de la classe moyenne sup\u00e9rieure de l\u2019\u00e9poque. En tant que m\u00e9c\u00e8ne et professeur d\u2019histoire \u00e0 l\u2019universit\u00e9, son protecteur Herr Bayer appartient \u00e0 cette \u00e9lite cultiv\u00e9e. Ainsi, ce quartier, aujourd\u2019hui ordinaire, \u00e9tait alors un symbole de r\u00e9ussite sociale.<\/p>\t\t\t\t\t\t\t\t<\/div>\n\t\t\t\t<\/div>\n\t\t\t\t<div class=\"elementor-element elementor-element-77bdea87 elementor-widget-divider--view-line elementor-widget elementor-widget-divider\" data-id=\"77bdea87\" data-element_type=\"widget\" data-e-type=\"widget\" data-widget_type=\"divider.default\">\n\t\t\t\t<div class=\"elementor-widget-container\">\n\t\t\t\t\t\t\t<div class=\"elementor-divider\">\n\t\t\t<span class=\"elementor-divider-separator\">\n\t\t\t\t\t\t<\/span>\n\t\t<\/div>\n\t\t\t\t\t\t<\/div>\n\t\t\t\t<\/div>\n\t\t\t\t<div class=\"elementor-element elementor-element-6cd6bbb elementor-widget elementor-widget-image\" data-id=\"6cd6bbb\" data-element_type=\"widget\" data-e-type=\"widget\" data-widget_type=\"image.default\">\n\t\t\t\t<div class=\"elementor-widget-container\">\n\t\t\t\t\t\t\t\t\t\t\t\t<figure class=\"wp-caption\">\n\t\t\t\t\t\t\t\t\t\t<img fetchpriority=\"high\" decoding=\"async\" width=\"330\" height=\"350\" src=\"https:\/\/sorbetkiwi.fr\/wp-content\/uploads\/2026\/03\/Christiania-sur-les-traces-danna-Tram-330x350.jpg\" class=\"attachment-post-category-slider-size size-post-category-slider-size wp-image-9411\" alt=\"Une main tient ouvert un livre de Lucinda Riley devant une frise historique du mus\u00e9e d\u2019Oslo, dat\u00e9e de 1875 et illustrant un tram tir\u00e9 par un cheval. Une plong\u00e9e dans l\u2019\u00e9poque d\u2019Anna, sur les traces d\u2019Anna.\" \/>\t\t\t\t\t\t\t\t\t\t\t<figcaption class=\"widget-image-caption wp-caption-text\">\u00ab\u00a0- Nous aussi allons en prendre une pour rentrer plus vite \u00e0 la maison. D\u2019habitude, je prends le tram, mais j\u2019ai peur que ce soit trop fatigant pour toi apr\u00e8s ton long voyage. Herr Bayer donna des instructions au cocher, puis aida Anna \u00e0 monter. Elle s\u2019installa sur la banquette recouverte d\u2019un doux tissu rouge, ravie de voyager dans une telle opulence.\u00a0\u00bb<\/figcaption>\n\t\t\t\t\t\t\t\t\t\t<\/figure>\n\t\t\t\t\t\t\t\t\t<\/div>\n\t\t\t\t<\/div>\n\t\t\t\t<div class=\"elementor-element elementor-element-19bcac8 elementor-widget-divider--view-line elementor-widget elementor-widget-divider\" data-id=\"19bcac8\" data-element_type=\"widget\" data-e-type=\"widget\" data-widget_type=\"divider.default\">\n\t\t\t\t<div class=\"elementor-widget-container\">\n\t\t\t\t\t\t\t<div class=\"elementor-divider\">\n\t\t\t<span class=\"elementor-divider-separator\">\n\t\t\t\t\t\t<\/span>\n\t\t<\/div>\n\t\t\t\t\t\t<\/div>\n\t\t\t\t<\/div>\n\t\t\t\t<div class=\"elementor-element elementor-element-7a276085 elementor-widget elementor-widget-heading\" data-id=\"7a276085\" data-element_type=\"widget\" data-e-type=\"widget\" data-widget_type=\"heading.default\">\n\t\t\t\t<div class=\"elementor-widget-container\">\n\t\t\t\t\t<h2 class=\"elementor-heading-title elementor-size-medium\">La St Olav Kirke et la cath\u00e9drale : entre foi et ambition<\/h2>\t\t\t\t<\/div>\n\t\t\t\t<\/div>\n\t\t\t\t<div class=\"elementor-element elementor-element-27ce982b elementor-widget elementor-widget-text-editor\" data-id=\"27ce982b\" data-element_type=\"widget\" data-e-type=\"widget\" data-widget_type=\"text-editor.default\">\n\t\t\t\t<div class=\"elementor-widget-container\">\n\t\t\t\t\t\t\t\t\t<p>Anna se rend r\u00e9guli\u00e8rement \u00e0 l\u2019\u00e9glise. La <strong>St Olav Kirke<\/strong>, situ\u00e9e \u00e0 deux pas de chez elle, \u00e9tait malheureusement ferm\u00e9e pour travaux lors de notre visite. Pourtant, son r\u00eave est de chanter dans un lieu \u00e0 l\u2019acoustique grandiose. C\u2019est pourquoi nous avons pouss\u00e9 jusqu\u2019\u00e0 la <strong>cath\u00e9drale d\u2019Oslo<\/strong>, o\u00f9 l\u2019on imagine ais\u00e9ment sa voix r\u00e9sonner dans la nef. L\u00e0, entre les bancs de bois et les vitraux, on devine l\u2019\u00e9motion qui l\u2019animait.<\/p>\t\t\t\t\t\t\t\t<\/div>\n\t\t\t\t<\/div>\n\t\t\t\t<div class=\"elementor-element elementor-element-b940eb4 elementor-widget-divider--view-line elementor-widget elementor-widget-divider\" data-id=\"b940eb4\" data-element_type=\"widget\" data-e-type=\"widget\" data-widget_type=\"divider.default\">\n\t\t\t\t<div class=\"elementor-widget-container\">\n\t\t\t\t\t\t\t<div class=\"elementor-divider\">\n\t\t\t<span class=\"elementor-divider-separator\">\n\t\t\t\t\t\t<\/span>\n\t\t<\/div>\n\t\t\t\t\t\t<\/div>\n\t\t\t\t<\/div>\n\t\t\t\t<div class=\"elementor-element elementor-element-5d5c733 elementor-widget elementor-widget-image\" data-id=\"5d5c733\" data-element_type=\"widget\" data-e-type=\"widget\" data-widget_type=\"image.default\">\n\t\t\t\t<div class=\"elementor-widget-container\">\n\t\t\t\t\t\t\t\t\t\t\t\t<figure class=\"wp-caption\">\n\t\t\t\t\t\t\t\t\t\t<img decoding=\"async\" width=\"330\" height=\"350\" src=\"https:\/\/sorbetkiwi.fr\/wp-content\/uploads\/2026\/03\/Christiania-sur-les-traces-danna-Universite-330x350.jpg\" class=\"attachment-post-category-slider-size size-post-category-slider-size wp-image-9413\" alt=\"Une main gant\u00e9e tient le livre Stormens s\u00f8ster devant l\u2019entr\u00e9e de l&#039;universit\u00e9 enneig\u00e9e, typique de l\u2019architecture de Christiania. Une exploration urbaine et litt\u00e9raire, sur les traces d\u2019Anna.\" \/>\t\t\t\t\t\t\t\t\t\t\t<figcaption class=\"widget-image-caption wp-caption-text\">\u00ab\u00a0\u2014 Comme je l\u2019ai dit \u00e0 vos parents, les conditions de vie dans mon appartement seront tout \u00e0 fait appropri\u00e9es. Ma gouvernante, Fr\u00f8ken Olsdatter, r\u00e9side \u00e9galement chez moi et sera disponible en permanence pour vous chaperonner et s\u2019occuper de vous, si vous avez besoin de quoi que ce soit. J\u2019ai aussi montr\u00e9 \u00e0 vos parents des lettres de recommandation de mon universit\u00e9 et de la communaut\u00e9 musicale de Christiania. Vous n\u2019avez donc rien \u00e0 craindre, ma ch\u00e8re, je vous assure.\u00a0\u00bb<\/figcaption>\n\t\t\t\t\t\t\t\t\t\t<\/figure>\n\t\t\t\t\t\t\t\t\t<\/div>\n\t\t\t\t<\/div>\n\t\t\t\t<div class=\"elementor-element elementor-element-3dc1d77d elementor-widget-divider--view-line elementor-widget elementor-widget-divider\" data-id=\"3dc1d77d\" data-element_type=\"widget\" data-e-type=\"widget\" data-widget_type=\"divider.default\">\n\t\t\t\t<div class=\"elementor-widget-container\">\n\t\t\t\t\t\t\t<div class=\"elementor-divider\">\n\t\t\t<span class=\"elementor-divider-separator\">\n\t\t\t\t\t\t<\/span>\n\t\t<\/div>\n\t\t\t\t\t\t<\/div>\n\t\t\t\t<\/div>\n\t\t\t\t<div class=\"elementor-element elementor-element-7a9539c4 elementor-widget elementor-widget-heading\" data-id=\"7a9539c4\" data-element_type=\"widget\" data-e-type=\"widget\" data-widget_type=\"heading.default\">\n\t\t\t\t<div class=\"elementor-widget-container\">\n\t\t\t\t\t<h2 class=\"elementor-heading-title elementor-size-medium\">Un d\u00e9part douloureux vers Leipzig<\/h2>\t\t\t\t<\/div>\n\t\t\t\t<\/div>\n\t\t\t\t<div class=\"elementor-element elementor-element-603ea98a elementor-widget elementor-widget-text-editor\" data-id=\"603ea98a\" data-element_type=\"widget\" data-e-type=\"widget\" data-widget_type=\"text-editor.default\">\n\t\t\t\t<div class=\"elementor-widget-container\">\n\t\t\t\t\t\t\t\t\t<p>Anna fait une rencontre d\u00e9cisive dans un lieu que nous explorerons dans le prochain article. Cette rencontre, avec Jens, un jeune homme qui a trouv\u00e9 refuge dans les quartiers en maisons \u00e0 colombages, va bouleverser sa vie. Bien que ces maisons soient aujourd\u2019hui pittoresques, elles symbolisaient alors la pauvret\u00e9. Pourtant, c\u2019est l\u00e0 qu\u2019elle trouve l\u2019inspiration pour quitter Christiania. Avant de monter \u00e0 bord du bateau, elle s\u2019assoit sur un banc face au fjord, le c\u0153ur lourd. Car elle sait que ce voyage vers <a href=\"https:\/\/fr.wikipedia.org\/wiki\/Leipzig\">Leipzig<\/a> la marquera \u00e0 jamais. Mais elle ignore encore qu\u2019elle en reviendra transform\u00e9e.<\/p>\t\t\t\t\t\t\t\t<\/div>\n\t\t\t\t<\/div>\n\t\t\t\t<div class=\"elementor-element elementor-element-57ea4ec6 elementor-widget-divider--view-line elementor-widget elementor-widget-divider\" data-id=\"57ea4ec6\" data-element_type=\"widget\" data-e-type=\"widget\" data-widget_type=\"divider.default\">\n\t\t\t\t<div class=\"elementor-widget-container\">\n\t\t\t\t\t\t\t<div class=\"elementor-divider\">\n\t\t\t<span class=\"elementor-divider-separator\">\n\t\t\t\t\t\t<\/span>\n\t\t<\/div>\n\t\t\t\t\t\t<\/div>\n\t\t\t\t<\/div>\n\t\t\t\t<div class=\"elementor-element elementor-element-a64ac23 elementor-widget elementor-widget-image\" data-id=\"a64ac23\" data-element_type=\"widget\" data-e-type=\"widget\" data-widget_type=\"image.default\">\n\t\t\t\t<div class=\"elementor-widget-container\">\n\t\t\t\t\t\t\t\t\t\t\t\t<figure class=\"wp-caption\">\n\t\t\t\t\t\t\t\t\t\t<img decoding=\"async\" width=\"330\" height=\"350\" src=\"https:\/\/sorbetkiwi.fr\/wp-content\/uploads\/2026\/03\/Christiania-sur-les-traces-danna-Fjord-bateau-330x350.jpg\" class=\"attachment-post-category-slider-size size-post-category-slider-size wp-image-9412\" alt=\"Une main gant\u00e9e pr\u00e9sente le livre Stormens s\u00f8ster de Lucinda Riley depuis un pont m\u00e9tallique d&#039;un bateau enneig\u00e9, avec une vue sur le fjord gel\u00e9 d\u2019Oslo. Une ambiance hivernale immersive, sur les traces d\u2019Anna.\" \/>\t\t\t\t\t\t\t\t\t\t\t<figcaption class=\"widget-image-caption wp-caption-text\">\u00ab\u00a0Tandis que le ferry quittait le fjord pour rejoindre Hambourg, \u00e0 grand renfort de bruit et de fum\u00e9e, Anna, seule sur le pont, regardait son pays dispara\u00eetre dans la brume automnale. Et se demandait si, un jour, elle le reverrait.\u00a0\u00bb<\/figcaption>\n\t\t\t\t\t\t\t\t\t\t<\/figure>\n\t\t\t\t\t\t\t\t\t<\/div>\n\t\t\t\t<\/div>\n\t\t\t\t<div class=\"elementor-element elementor-element-746c142 elementor-widget-divider--view-line elementor-widget elementor-widget-divider\" data-id=\"746c142\" data-element_type=\"widget\" data-e-type=\"widget\" data-widget_type=\"divider.default\">\n\t\t\t\t<div class=\"elementor-widget-container\">\n\t\t\t\t\t\t\t<div class=\"elementor-divider\">\n\t\t\t<span class=\"elementor-divider-separator\">\n\t\t\t\t\t\t<\/span>\n\t\t<\/div>\n\t\t\t\t\t\t<\/div>\n\t\t\t\t<\/div>\n\t\t\t\t<div class=\"elementor-element elementor-element-4362b142 elementor-widget elementor-widget-heading\" data-id=\"4362b142\" data-element_type=\"widget\" data-e-type=\"widget\" data-widget_type=\"heading.default\">\n\t\t\t\t<div class=\"elementor-widget-container\">\n\t\t\t\t\t<h4 class=\"elementor-heading-title elementor-size-medium\">Sur les traces des sept soeurs en 2026 :<\/h4>\t\t\t\t<\/div>\n\t\t\t\t<\/div>\n\t\t\t\t<div class=\"elementor-element elementor-element-2e5756a1 elementor-widget elementor-widget-text-editor\" data-id=\"2e5756a1\" data-element_type=\"widget\" data-e-type=\"widget\" data-widget_type=\"text-editor.default\">\n\t\t\t\t<div class=\"elementor-widget-container\">\n\t\t\t\t\t\t\t\t\t<p>La prochaine fois, nous partirons sur les traces d\u2019Henrik Ibsen, comme Anna en son temps, puis comme Ally des d\u00e9cennies plus tard. Ensemble, elles y chercheront bien plus qu\u2019un th\u00e9\u00e2tre : les cl\u00e9s de leur histoire familiale.<\/p><p>Mes p\u00e9r\u00e9grinations de cette ann\u00e9e 2026 :<\/p><ul><li>F\u00e9vrier :<ul><li><a href=\"https:\/\/sorbetkiwi.fr\/?p=9395\">Oslo sur les traces d\u2019Ally, Electra et Atlas<\/a><\/li><li>Christiania sur les traces d\u2019Anna<\/li><li>Sur les traces d\u2019Henrik Ibsen<\/li><\/ul><\/li><li>Mai : Amsterdam sur les traces d\u2019Atlas<\/li><li>Septembre : Leipzig sur les traces d\u2019Ally et d\u2019Atlas<\/li><\/ul>\t\t\t\t\t\t\t\t<\/div>\n\t\t\t\t<\/div>\n\t\t\t\t\t<\/div>\n\t\t<\/div>\n\t\t\t\t\t<\/div>\n\t\t<\/section>\n\t\t\t\t<\/div>\n\t\t","protected":false},"excerpt":{"rendered":"<p>Christiania sur les traces d&rsquo;Anna, ici devant une maison \u00e0 colombage d&rsquo;\u00e9poque Christiania en 1875 : une capitale en pleine mutation [CET ARTICLE CONTIENT DE NOMBREUX SPOILERS SUR LES SEPT SOEURS !] Il y a &hellip; <\/p>\n","protected":false},"author":1,"featured_media":9409,"comment_status":"open","ping_status":"open","sticky":false,"template":"","format":"standard","meta":{"footnotes":""},"categories":[11,707,1],"tags":[2774,2775,1311,327,63,62,1409,2683,2771,738,2052],"class_list":["post-9408","post","type-post","status-publish","format-standard","has-post-thumbnail","hentry","category-hiver","category-sur-les-traces-des-sept-soeurs","category-tout-le-blog","tag-christiania","tag-christiania-sur-les-traces-danna","tag-histoire","tag-hiver","tag-les-sept-soeurs","tag-lucinda-riley","tag-norvege","tag-oslo","tag-oslo-sur-les-traces-dally","tag-sur-les-traces-des-sept-soeurs","tag-voyage-litteraire","has-single-img"],"yoast_head":"<!-- This site is optimized with the Yoast SEO plugin v27.4 - https:\/\/yoast.com\/product\/yoast-seo-wordpress\/ -->\n<title>Christiania sur les traces d&#039;Anna - Sorbet Kiwi<\/title>\n<meta name=\"description\" content=\"Plongez dans la Christiania de 1875 : sur les pas d\u2019Anna, de la gare d\u2019Oslo Sentral \u00e0 la cath\u00e9drale, une aventure litt\u00e9raire et historique.\" \/>\n<meta name=\"robots\" content=\"index, follow, max-snippet:-1, max-image-preview:large, max-video-preview:-1\" \/>\n<link rel=\"canonical\" href=\"https:\/\/sorbetkiwi.fr\/index.php\/christiania-sur-les-traces-danna\/\" \/>\n<meta property=\"og:locale\" content=\"fr_FR\" \/>\n<meta property=\"og:type\" content=\"article\" \/>\n<meta property=\"og:title\" content=\"Christiania sur les traces d&#039;Anna - Sorbet Kiwi\" \/>\n<meta property=\"og:description\" content=\"Plongez dans la Christiania de 1875 : sur les pas d\u2019Anna, de la gare d\u2019Oslo Sentral \u00e0 la cath\u00e9drale, une aventure litt\u00e9raire et historique.\" \/>\n<meta property=\"og:url\" content=\"https:\/\/sorbetkiwi.fr\/index.php\/christiania-sur-les-traces-danna\/\" \/>\n<meta property=\"og:site_name\" content=\"Sorbet Kiwi\" \/>\n<meta property=\"article:publisher\" content=\"https:\/\/www.facebook.com\/profile.php?id=100086238893269\" \/>\n<meta property=\"article:published_time\" content=\"2026-03-14T06:00:00+00:00\" \/>\n<meta property=\"og:image\" content=\"https:\/\/sorbetkiwi.fr\/wp-content\/uploads\/2026\/03\/Christiania-sur-les-traces-dAnna-576x1024.png\" \/>\n\t<meta property=\"og:image:width\" content=\"576\" \/>\n\t<meta property=\"og:image:height\" content=\"1024\" \/>\n\t<meta property=\"og:image:type\" content=\"image\/png\" \/>\n<meta name=\"author\" content=\"Sorbet-Kiwi\" \/>\n<meta name=\"twitter:card\" content=\"summary_large_image\" \/>\n<meta name=\"twitter:creator\" content=\"@pepparshoes\" \/>\n<meta name=\"twitter:site\" content=\"@pepparshoes\" \/>\n<meta name=\"twitter:label1\" content=\"\u00c9crit par\" \/>\n\t<meta name=\"twitter:data1\" content=\"Sorbet-Kiwi\" \/>\n\t<meta name=\"twitter:label2\" content=\"Dur\u00e9e de lecture estim\u00e9e\" \/>\n\t<meta name=\"twitter:data2\" content=\"5 minutes\" \/>\n<script type=\"application\/ld+json\" class=\"yoast-schema-graph\">{\"@context\":\"https:\\\/\\\/schema.org\",\"@graph\":[{\"@type\":\"Article\",\"@id\":\"https:\\\/\\\/sorbetkiwi.fr\\\/index.php\\\/christiania-sur-les-traces-danna\\\/#article\",\"isPartOf\":{\"@id\":\"https:\\\/\\\/sorbetkiwi.fr\\\/index.php\\\/christiania-sur-les-traces-danna\\\/\"},\"author\":{\"name\":\"Sorbet-Kiwi\",\"@id\":\"https:\\\/\\\/sorbetkiwi.fr\\\/#\\\/schema\\\/person\\\/ed1b7b527a2957ddc3bf38b076540659\"},\"headline\":\"Christiania sur les traces d&rsquo;Anna\",\"datePublished\":\"2026-03-14T06:00:00+00:00\",\"mainEntityOfPage\":{\"@id\":\"https:\\\/\\\/sorbetkiwi.fr\\\/index.php\\\/christiania-sur-les-traces-danna\\\/\"},\"wordCount\":733,\"commentCount\":2,\"publisher\":{\"@id\":\"https:\\\/\\\/sorbetkiwi.fr\\\/#organization\"},\"image\":{\"@id\":\"https:\\\/\\\/sorbetkiwi.fr\\\/index.php\\\/christiania-sur-les-traces-danna\\\/#primaryimage\"},\"thumbnailUrl\":\"https:\\\/\\\/sorbetkiwi.fr\\\/wp-content\\\/uploads\\\/2026\\\/03\\\/Christiania-sur-les-traces-dAnna.png\",\"keywords\":[\"Christiania\",\"Christiania sur les traces d'Anna\",\"Histoire\",\"Hiver\",\"Les sept soeurs\",\"Lucinda Riley\",\"Norv\u00e8ge\",\"Oslo\",\"Oslo sur les traces d'Ally\",\"Sur les traces des sept soeurs\",\"Voyage litt\u00e9raire\"],\"articleSection\":[\"Hiver\",\"Sur les traces des Sept S\u0153urs\",\"Tout le blog\"],\"inLanguage\":\"fr-FR\",\"potentialAction\":[{\"@type\":\"CommentAction\",\"name\":\"Comment\",\"target\":[\"https:\\\/\\\/sorbetkiwi.fr\\\/index.php\\\/christiania-sur-les-traces-danna\\\/#respond\"]}]},{\"@type\":\"WebPage\",\"@id\":\"https:\\\/\\\/sorbetkiwi.fr\\\/index.php\\\/christiania-sur-les-traces-danna\\\/\",\"url\":\"https:\\\/\\\/sorbetkiwi.fr\\\/index.php\\\/christiania-sur-les-traces-danna\\\/\",\"name\":\"Christiania sur les traces d'Anna - Sorbet Kiwi\",\"isPartOf\":{\"@id\":\"https:\\\/\\\/sorbetkiwi.fr\\\/#website\"},\"primaryImageOfPage\":{\"@id\":\"https:\\\/\\\/sorbetkiwi.fr\\\/index.php\\\/christiania-sur-les-traces-danna\\\/#primaryimage\"},\"image\":{\"@id\":\"https:\\\/\\\/sorbetkiwi.fr\\\/index.php\\\/christiania-sur-les-traces-danna\\\/#primaryimage\"},\"thumbnailUrl\":\"https:\\\/\\\/sorbetkiwi.fr\\\/wp-content\\\/uploads\\\/2026\\\/03\\\/Christiania-sur-les-traces-dAnna.png\",\"datePublished\":\"2026-03-14T06:00:00+00:00\",\"description\":\"Plongez dans la Christiania de 1875 : sur les pas d\u2019Anna, de la gare d\u2019Oslo Sentral \u00e0 la cath\u00e9drale, une aventure litt\u00e9raire et historique.\",\"breadcrumb\":{\"@id\":\"https:\\\/\\\/sorbetkiwi.fr\\\/index.php\\\/christiania-sur-les-traces-danna\\\/#breadcrumb\"},\"inLanguage\":\"fr-FR\",\"potentialAction\":[{\"@type\":\"ReadAction\",\"target\":[\"https:\\\/\\\/sorbetkiwi.fr\\\/index.php\\\/christiania-sur-les-traces-danna\\\/\"]}]},{\"@type\":\"ImageObject\",\"inLanguage\":\"fr-FR\",\"@id\":\"https:\\\/\\\/sorbetkiwi.fr\\\/index.php\\\/christiania-sur-les-traces-danna\\\/#primaryimage\",\"url\":\"https:\\\/\\\/sorbetkiwi.fr\\\/wp-content\\\/uploads\\\/2026\\\/03\\\/Christiania-sur-les-traces-dAnna.png\",\"contentUrl\":\"https:\\\/\\\/sorbetkiwi.fr\\\/wp-content\\\/uploads\\\/2026\\\/03\\\/Christiania-sur-les-traces-dAnna.png\",\"width\":1080,\"height\":1920,\"caption\":\"Une main gant\u00e9e tient le livre Stormens s\u00f8ster de Lucinda Riley devant une maison en bois typique de Christiania, enneig\u00e9e. Le texte \u00ab Christiania Sur les traces d\u2019Anna \u00bb est superpos\u00e9 en blanc.\"},{\"@type\":\"BreadcrumbList\",\"@id\":\"https:\\\/\\\/sorbetkiwi.fr\\\/index.php\\\/christiania-sur-les-traces-danna\\\/#breadcrumb\",\"itemListElement\":[{\"@type\":\"ListItem\",\"position\":1,\"name\":\"Accueil\",\"item\":\"https:\\\/\\\/sorbetkiwi.fr\\\/\"},{\"@type\":\"ListItem\",\"position\":2,\"name\":\"Christiania sur les traces d&rsquo;Anna\"}]},{\"@type\":\"WebSite\",\"@id\":\"https:\\\/\\\/sorbetkiwi.fr\\\/#website\",\"url\":\"https:\\\/\\\/sorbetkiwi.fr\\\/\",\"name\":\"Sorbet Kiwi\",\"description\":\"Des lectures th\u00e9matiques par saison et les avis qui vont avec\",\"publisher\":{\"@id\":\"https:\\\/\\\/sorbetkiwi.fr\\\/#organization\"},\"potentialAction\":[{\"@type\":\"SearchAction\",\"target\":{\"@type\":\"EntryPoint\",\"urlTemplate\":\"https:\\\/\\\/sorbetkiwi.fr\\\/?s={search_term_string}\"},\"query-input\":{\"@type\":\"PropertyValueSpecification\",\"valueRequired\":true,\"valueName\":\"search_term_string\"}}],\"inLanguage\":\"fr-FR\"},{\"@type\":\"Organization\",\"@id\":\"https:\\\/\\\/sorbetkiwi.fr\\\/#organization\",\"name\":\"Sorbet Kiwi\",\"url\":\"https:\\\/\\\/sorbetkiwi.fr\\\/\",\"logo\":{\"@type\":\"ImageObject\",\"inLanguage\":\"fr-FR\",\"@id\":\"https:\\\/\\\/sorbetkiwi.fr\\\/#\\\/schema\\\/logo\\\/image\\\/\",\"url\":\"https:\\\/\\\/sorbetkiwi.fr\\\/wp-content\\\/uploads\\\/2022\\\/10\\\/Banniere-Sorbet-Kiwi-2022.jpg\",\"contentUrl\":\"https:\\\/\\\/sorbetkiwi.fr\\\/wp-content\\\/uploads\\\/2022\\\/10\\\/Banniere-Sorbet-Kiwi-2022.jpg\",\"width\":814,\"height\":401,\"caption\":\"Sorbet Kiwi\"},\"image\":{\"@id\":\"https:\\\/\\\/sorbetkiwi.fr\\\/#\\\/schema\\\/logo\\\/image\\\/\"},\"sameAs\":[\"https:\\\/\\\/www.facebook.com\\\/profile.php?id=100086238893269\",\"https:\\\/\\\/x.com\\\/pepparshoes\",\"https:\\\/\\\/www.instagram.com\\\/sorbetkiwi\\\/\",\"https:\\\/\\\/www.tiktok.com\\\/sorbetkiwi\"]},{\"@type\":\"Person\",\"@id\":\"https:\\\/\\\/sorbetkiwi.fr\\\/#\\\/schema\\\/person\\\/ed1b7b527a2957ddc3bf38b076540659\",\"name\":\"Sorbet-Kiwi\",\"image\":{\"@type\":\"ImageObject\",\"inLanguage\":\"fr-FR\",\"@id\":\"https:\\\/\\\/secure.gravatar.com\\\/avatar\\\/86f0a5c27d76317621b9e374d0f3a01d3a85278f10d0c7207ced4fd773057442?s=96&d=mm&r=g\",\"url\":\"https:\\\/\\\/secure.gravatar.com\\\/avatar\\\/86f0a5c27d76317621b9e374d0f3a01d3a85278f10d0c7207ced4fd773057442?s=96&d=mm&r=g\",\"contentUrl\":\"https:\\\/\\\/secure.gravatar.com\\\/avatar\\\/86f0a5c27d76317621b9e374d0f3a01d3a85278f10d0c7207ced4fd773057442?s=96&d=mm&r=g\",\"caption\":\"Sorbet-Kiwi\"},\"sameAs\":[\"http:\\\/\\\/sorbetkiwi.fr\"],\"url\":\"https:\\\/\\\/sorbetkiwi.fr\\\/index.php\\\/author\\\/admin7717\\\/\"}]}<\/script>\n<!-- \/ Yoast SEO plugin. -->","yoast_head_json":{"title":"Christiania sur les traces d'Anna - Sorbet Kiwi","description":"Plongez dans la Christiania de 1875 : sur les pas d\u2019Anna, de la gare d\u2019Oslo Sentral \u00e0 la cath\u00e9drale, une aventure litt\u00e9raire et historique.","robots":{"index":"index","follow":"follow","max-snippet":"max-snippet:-1","max-image-preview":"max-image-preview:large","max-video-preview":"max-video-preview:-1"},"canonical":"https:\/\/sorbetkiwi.fr\/index.php\/christiania-sur-les-traces-danna\/","og_locale":"fr_FR","og_type":"article","og_title":"Christiania sur les traces d'Anna - Sorbet Kiwi","og_description":"Plongez dans la Christiania de 1875 : sur les pas d\u2019Anna, de la gare d\u2019Oslo Sentral \u00e0 la cath\u00e9drale, une aventure litt\u00e9raire et historique.","og_url":"https:\/\/sorbetkiwi.fr\/index.php\/christiania-sur-les-traces-danna\/","og_site_name":"Sorbet Kiwi","article_publisher":"https:\/\/www.facebook.com\/profile.php?id=100086238893269","article_published_time":"2026-03-14T06:00:00+00:00","og_image":[{"width":576,"height":1024,"url":"https:\/\/sorbetkiwi.fr\/wp-content\/uploads\/2026\/03\/Christiania-sur-les-traces-dAnna-576x1024.png","type":"image\/png"}],"author":"Sorbet-Kiwi","twitter_card":"summary_large_image","twitter_creator":"@pepparshoes","twitter_site":"@pepparshoes","twitter_misc":{"\u00c9crit par":"Sorbet-Kiwi","Dur\u00e9e de lecture estim\u00e9e":"5 minutes"},"schema":{"@context":"https:\/\/schema.org","@graph":[{"@type":"Article","@id":"https:\/\/sorbetkiwi.fr\/index.php\/christiania-sur-les-traces-danna\/#article","isPartOf":{"@id":"https:\/\/sorbetkiwi.fr\/index.php\/christiania-sur-les-traces-danna\/"},"author":{"name":"Sorbet-Kiwi","@id":"https:\/\/sorbetkiwi.fr\/#\/schema\/person\/ed1b7b527a2957ddc3bf38b076540659"},"headline":"Christiania sur les traces d&rsquo;Anna","datePublished":"2026-03-14T06:00:00+00:00","mainEntityOfPage":{"@id":"https:\/\/sorbetkiwi.fr\/index.php\/christiania-sur-les-traces-danna\/"},"wordCount":733,"commentCount":2,"publisher":{"@id":"https:\/\/sorbetkiwi.fr\/#organization"},"image":{"@id":"https:\/\/sorbetkiwi.fr\/index.php\/christiania-sur-les-traces-danna\/#primaryimage"},"thumbnailUrl":"https:\/\/sorbetkiwi.fr\/wp-content\/uploads\/2026\/03\/Christiania-sur-les-traces-dAnna.png","keywords":["Christiania","Christiania sur les traces d'Anna","Histoire","Hiver","Les sept soeurs","Lucinda Riley","Norv\u00e8ge","Oslo","Oslo sur les traces d'Ally","Sur les traces des sept soeurs","Voyage litt\u00e9raire"],"articleSection":["Hiver","Sur les traces des Sept S\u0153urs","Tout le blog"],"inLanguage":"fr-FR","potentialAction":[{"@type":"CommentAction","name":"Comment","target":["https:\/\/sorbetkiwi.fr\/index.php\/christiania-sur-les-traces-danna\/#respond"]}]},{"@type":"WebPage","@id":"https:\/\/sorbetkiwi.fr\/index.php\/christiania-sur-les-traces-danna\/","url":"https:\/\/sorbetkiwi.fr\/index.php\/christiania-sur-les-traces-danna\/","name":"Christiania sur les traces d'Anna - Sorbet Kiwi","isPartOf":{"@id":"https:\/\/sorbetkiwi.fr\/#website"},"primaryImageOfPage":{"@id":"https:\/\/sorbetkiwi.fr\/index.php\/christiania-sur-les-traces-danna\/#primaryimage"},"image":{"@id":"https:\/\/sorbetkiwi.fr\/index.php\/christiania-sur-les-traces-danna\/#primaryimage"},"thumbnailUrl":"https:\/\/sorbetkiwi.fr\/wp-content\/uploads\/2026\/03\/Christiania-sur-les-traces-dAnna.png","datePublished":"2026-03-14T06:00:00+00:00","description":"Plongez dans la Christiania de 1875 : sur les pas d\u2019Anna, de la gare d\u2019Oslo Sentral \u00e0 la cath\u00e9drale, une aventure litt\u00e9raire et historique.","breadcrumb":{"@id":"https:\/\/sorbetkiwi.fr\/index.php\/christiania-sur-les-traces-danna\/#breadcrumb"},"inLanguage":"fr-FR","potentialAction":[{"@type":"ReadAction","target":["https:\/\/sorbetkiwi.fr\/index.php\/christiania-sur-les-traces-danna\/"]}]},{"@type":"ImageObject","inLanguage":"fr-FR","@id":"https:\/\/sorbetkiwi.fr\/index.php\/christiania-sur-les-traces-danna\/#primaryimage","url":"https:\/\/sorbetkiwi.fr\/wp-content\/uploads\/2026\/03\/Christiania-sur-les-traces-dAnna.png","contentUrl":"https:\/\/sorbetkiwi.fr\/wp-content\/uploads\/2026\/03\/Christiania-sur-les-traces-dAnna.png","width":1080,"height":1920,"caption":"Une main gant\u00e9e tient le livre Stormens s\u00f8ster de Lucinda Riley devant une maison en bois typique de Christiania, enneig\u00e9e. Le texte \u00ab Christiania Sur les traces d\u2019Anna \u00bb est superpos\u00e9 en blanc."},{"@type":"BreadcrumbList","@id":"https:\/\/sorbetkiwi.fr\/index.php\/christiania-sur-les-traces-danna\/#breadcrumb","itemListElement":[{"@type":"ListItem","position":1,"name":"Accueil","item":"https:\/\/sorbetkiwi.fr\/"},{"@type":"ListItem","position":2,"name":"Christiania sur les traces d&rsquo;Anna"}]},{"@type":"WebSite","@id":"https:\/\/sorbetkiwi.fr\/#website","url":"https:\/\/sorbetkiwi.fr\/","name":"Sorbet Kiwi","description":"Des lectures th\u00e9matiques par saison et les avis qui vont avec","publisher":{"@id":"https:\/\/sorbetkiwi.fr\/#organization"},"potentialAction":[{"@type":"SearchAction","target":{"@type":"EntryPoint","urlTemplate":"https:\/\/sorbetkiwi.fr\/?s={search_term_string}"},"query-input":{"@type":"PropertyValueSpecification","valueRequired":true,"valueName":"search_term_string"}}],"inLanguage":"fr-FR"},{"@type":"Organization","@id":"https:\/\/sorbetkiwi.fr\/#organization","name":"Sorbet Kiwi","url":"https:\/\/sorbetkiwi.fr\/","logo":{"@type":"ImageObject","inLanguage":"fr-FR","@id":"https:\/\/sorbetkiwi.fr\/#\/schema\/logo\/image\/","url":"https:\/\/sorbetkiwi.fr\/wp-content\/uploads\/2022\/10\/Banniere-Sorbet-Kiwi-2022.jpg","contentUrl":"https:\/\/sorbetkiwi.fr\/wp-content\/uploads\/2022\/10\/Banniere-Sorbet-Kiwi-2022.jpg","width":814,"height":401,"caption":"Sorbet Kiwi"},"image":{"@id":"https:\/\/sorbetkiwi.fr\/#\/schema\/logo\/image\/"},"sameAs":["https:\/\/www.facebook.com\/profile.php?id=100086238893269","https:\/\/x.com\/pepparshoes","https:\/\/www.instagram.com\/sorbetkiwi\/","https:\/\/www.tiktok.com\/sorbetkiwi"]},{"@type":"Person","@id":"https:\/\/sorbetkiwi.fr\/#\/schema\/person\/ed1b7b527a2957ddc3bf38b076540659","name":"Sorbet-Kiwi","image":{"@type":"ImageObject","inLanguage":"fr-FR","@id":"https:\/\/secure.gravatar.com\/avatar\/86f0a5c27d76317621b9e374d0f3a01d3a85278f10d0c7207ced4fd773057442?s=96&d=mm&r=g","url":"https:\/\/secure.gravatar.com\/avatar\/86f0a5c27d76317621b9e374d0f3a01d3a85278f10d0c7207ced4fd773057442?s=96&d=mm&r=g","contentUrl":"https:\/\/secure.gravatar.com\/avatar\/86f0a5c27d76317621b9e374d0f3a01d3a85278f10d0c7207ced4fd773057442?s=96&d=mm&r=g","caption":"Sorbet-Kiwi"},"sameAs":["http:\/\/sorbetkiwi.fr"],"url":"https:\/\/sorbetkiwi.fr\/index.php\/author\/admin7717\/"}]}},"_links":{"self":[{"href":"https:\/\/sorbetkiwi.fr\/index.php\/wp-json\/wp\/v2\/posts\/9408","targetHints":{"allow":["GET"]}}],"collection":[{"href":"https:\/\/sorbetkiwi.fr\/index.php\/wp-json\/wp\/v2\/posts"}],"about":[{"href":"https:\/\/sorbetkiwi.fr\/index.php\/wp-json\/wp\/v2\/types\/post"}],"author":[{"embeddable":true,"href":"https:\/\/sorbetkiwi.fr\/index.php\/wp-json\/wp\/v2\/users\/1"}],"replies":[{"embeddable":true,"href":"https:\/\/sorbetkiwi.fr\/index.php\/wp-json\/wp\/v2\/comments?post=9408"}],"version-history":[{"count":4,"href":"https:\/\/sorbetkiwi.fr\/index.php\/wp-json\/wp\/v2\/posts\/9408\/revisions"}],"predecessor-version":[{"id":9416,"href":"https:\/\/sorbetkiwi.fr\/index.php\/wp-json\/wp\/v2\/posts\/9408\/revisions\/9416"}],"wp:featuredmedia":[{"embeddable":true,"href":"https:\/\/sorbetkiwi.fr\/index.php\/wp-json\/wp\/v2\/media\/9409"}],"wp:attachment":[{"href":"https:\/\/sorbetkiwi.fr\/index.php\/wp-json\/wp\/v2\/media?parent=9408"}],"wp:term":[{"taxonomy":"category","embeddable":true,"href":"https:\/\/sorbetkiwi.fr\/index.php\/wp-json\/wp\/v2\/categories?post=9408"},{"taxonomy":"post_tag","embeddable":true,"href":"https:\/\/sorbetkiwi.fr\/index.php\/wp-json\/wp\/v2\/tags?post=9408"}],"curies":[{"name":"wp","href":"https:\/\/api.w.org\/{rel}","templated":true}]}}