{"id":9395,"date":"2026-03-12T07:00:00","date_gmt":"2026-03-12T06:00:00","guid":{"rendered":"https:\/\/sorbetkiwi.fr\/?p=9395"},"modified":"2026-03-06T15:16:25","modified_gmt":"2026-03-06T14:16:25","slug":"oslo-sur-les-traces-d-ally-electra-et-atlas","status":"publish","type":"post","link":"https:\/\/sorbetkiwi.fr\/index.php\/oslo-sur-les-traces-d-ally-electra-et-atlas\/","title":{"rendered":"Oslo sur les traces d\u2019Ally, Electra et Atlas"},"content":{"rendered":"\t\t<div data-elementor-type=\"wp-post\" data-elementor-id=\"9395\" class=\"elementor elementor-9395\">\n\t\t\t\t\t\t<section class=\"elementor-section elementor-top-section elementor-element elementor-element-10a47d61 elementor-section-boxed elementor-section-height-default elementor-section-height-default\" data-id=\"10a47d61\" data-element_type=\"section\" data-e-type=\"section\">\n\t\t\t\t\t\t<div class=\"elementor-container elementor-column-gap-default\">\n\t\t\t\t\t<div class=\"elementor-column elementor-col-100 elementor-top-column elementor-element elementor-element-2318ec38\" data-id=\"2318ec38\" data-element_type=\"column\" data-e-type=\"column\">\n\t\t\t<div class=\"elementor-widget-wrap elementor-element-populated\">\n\t\t\t\t\t\t<div class=\"elementor-element elementor-element-2a31af83 elementor-widget elementor-widget-heading\" data-id=\"2a31af83\" data-element_type=\"widget\" data-e-type=\"widget\" data-widget_type=\"heading.default\">\n\t\t\t\t<div class=\"elementor-widget-container\">\n\t\t\t\t\t<h1 class=\"elementor-heading-title elementor-size-medium\">Oslo sur les traces d'Ally, notamment bien install\u00e9 au Grand Hotel<\/h1>\t\t\t\t<\/div>\n\t\t\t\t<\/div>\n\t\t\t\t<div class=\"elementor-element elementor-element-d12adb5 elementor-view-default elementor-widget elementor-widget-icon\" data-id=\"d12adb5\" data-element_type=\"widget\" data-e-type=\"widget\" data-widget_type=\"icon.default\">\n\t\t\t\t<div class=\"elementor-widget-container\">\n\t\t\t\t\t\t\t<div class=\"elementor-icon-wrapper\">\n\t\t\t<div class=\"elementor-icon\">\n\t\t\t<i aria-hidden=\"true\" class=\"far fa-snowflake\"><\/i>\t\t\t<\/div>\n\t\t<\/div>\n\t\t\t\t\t\t<\/div>\n\t\t\t\t<\/div>\n\t\t\t\t<div class=\"elementor-element elementor-element-168f2bdd elementor-widget-divider--view-line elementor-widget elementor-widget-divider\" data-id=\"168f2bdd\" data-element_type=\"widget\" data-e-type=\"widget\" data-widget_type=\"divider.default\">\n\t\t\t\t<div class=\"elementor-widget-container\">\n\t\t\t\t\t\t\t<div class=\"elementor-divider\">\n\t\t\t<span class=\"elementor-divider-separator\">\n\t\t\t\t\t\t<\/span>\n\t\t<\/div>\n\t\t\t\t\t\t<\/div>\n\t\t\t\t<\/div>\n\t\t\t\t<div class=\"elementor-element elementor-element-4e8bda6 elementor-widget elementor-widget-heading\" data-id=\"4e8bda6\" data-element_type=\"widget\" data-e-type=\"widget\" data-widget_type=\"heading.default\">\n\t\t\t\t<div class=\"elementor-widget-container\">\n\t\t\t\t\t<h2 class=\"elementor-heading-title elementor-size-medium\">Atterrissage \u00e0 Oslo Gardermoen : une porte d\u2019entr\u00e9e moderne<\/h2>\t\t\t\t<\/div>\n\t\t\t\t<\/div>\n\t\t\t\t<div class=\"elementor-element elementor-element-12474403 elementor-widget elementor-widget-text-editor\" data-id=\"12474403\" data-element_type=\"widget\" data-e-type=\"widget\" data-widget_type=\"text-editor.default\">\n\t\t\t\t<div class=\"elementor-widget-container\">\n\t\t\t\t\t\t\t\t\t<p><strong>[CET ARTICLE CONTIENT DE NOMBREUX SPOILERS SUR LES SEPT SOEURS !]<\/strong><\/p><p>2026 a commenc\u00e9 sur les chapeaux de roues. D\u00e8s f\u00e9vrier, nous avons pris la direction d\u2019Oslo, la capitale norv\u00e9gienne, pour marcher sur les traces des <em>Sept S\u0153urs<\/em> de Lucinda Riley. Comme Ally, notre aventure a d\u00e9but\u00e9 \u00e0 l\u2019a\u00e9roport <strong>Gardermoen<\/strong>, une infrastructure ultra-moderne et d\u2019une simplicit\u00e9 d\u00e9concertante. En quelques minutes, nous \u00e9tions plong\u00e9s dans l\u2019ambiance scandinave, pr\u00eats \u00e0 explorer une ville o\u00f9 chaque rue raconte une histoire.<\/p><p>Pour retracer fid\u00e8lement les pas d\u2019Ally, et plus tard ceux d\u2019Atlas, nous avons pos\u00e9 nos valises au <strong>Grand Hotel<\/strong>. Ce palace, symbole d\u2019\u00e9l\u00e9gance norv\u00e9gienne, impressionne par son luxe discret. Je dois avouer que ces lieux, souvent r\u00e9serv\u00e9s \u00e0 une client\u00e8le ais\u00e9e, me mettent toujours un peu mal \u00e0 l\u2019aise. Cependant, l\u2019accueil chaleureux de la r\u00e9ceptionniste a rapidement dissip\u00e9 toute g\u00eane. Elle a pris le temps de r\u00e9pondre \u00e0 mes questions et m\u2019a expliqu\u00e9 que la <strong>suite Ibsen<\/strong>, mentionn\u00e9e dans le roman, est toujours disponible\u2026 enfin, quand elle n\u2019est pas r\u00e9serv\u00e9e des ann\u00e9es \u00e0 l\u2019avance par des diplomates ou des familles royales. Une anecdote qui montre \u00e0 quel point l\u2019histoire et le pr\u00e9sent se m\u00ealent ici avec naturel.<\/p>\t\t\t\t\t\t\t\t<\/div>\n\t\t\t\t<\/div>\n\t\t\t\t<div class=\"elementor-element elementor-element-6b7df79d elementor-widget-divider--view-line elementor-widget elementor-widget-divider\" data-id=\"6b7df79d\" data-element_type=\"widget\" data-e-type=\"widget\" data-widget_type=\"divider.default\">\n\t\t\t\t<div class=\"elementor-widget-container\">\n\t\t\t\t\t\t\t<div class=\"elementor-divider\">\n\t\t\t<span class=\"elementor-divider-separator\">\n\t\t\t\t\t\t<\/span>\n\t\t<\/div>\n\t\t\t\t\t\t<\/div>\n\t\t\t\t<\/div>\n\t\t\t\t<div class=\"elementor-element elementor-element-65fdd29 elementor-widget elementor-widget-image\" data-id=\"65fdd29\" data-element_type=\"widget\" data-e-type=\"widget\" data-widget_type=\"image.default\">\n\t\t\t\t<div class=\"elementor-widget-container\">\n\t\t\t\t\t\t\t\t\t\t\t\t<figure class=\"wp-caption\">\n\t\t\t\t\t\t\t\t\t\t<img fetchpriority=\"high\" decoding=\"async\" width=\"330\" height=\"350\" src=\"https:\/\/sorbetkiwi.fr\/wp-content\/uploads\/2026\/03\/Sur-les-traces-dAlly-Palais-royal-330x350.jpg\" class=\"attachment-post-category-slider-size size-post-category-slider-size wp-image-9399\" alt=\"Une main gant\u00e9e tient le livre Stormens s\u00f8ster de Lucinda Riley, couverture visible, devant un paysage enneig\u00e9 et un b\u00e2timent jaune clair, le Palais royal, \u00e0 Oslo. Un moment de lecture immersif, sur les traces d\u2019Ally.\" \/>\t\t\t\t\t\t\t\t\t\t\t<figcaption class=\"widget-image-caption wp-caption-text\">\u00ab\u00a0Je me levai t\u00f4t le lendemain matin et sortis sur le petit balcon pour voir la ville \u00e0 la lumi\u00e8re d\u2019un jour nouveau. En bas s\u2019\u00e9tendait une place bord\u00e9e d\u2019arbres, entour\u00e9e de magnifiques immeubles anciens en pierre m\u00e9lang\u00e9s \u00e0 quelques \u00e9difices plus modernes. En projetant mon regard au loin, j\u2019aper\u00e7us un ch\u00e2teau rose perch\u00e9 sur une colline.\u00a0\u00bb<\/figcaption>\n\t\t\t\t\t\t\t\t\t\t<\/figure>\n\t\t\t\t\t\t\t\t\t<\/div>\n\t\t\t\t<\/div>\n\t\t\t\t<div class=\"elementor-element elementor-element-08d401a elementor-widget-divider--view-line elementor-widget elementor-widget-divider\" data-id=\"08d401a\" data-element_type=\"widget\" data-e-type=\"widget\" data-widget_type=\"divider.default\">\n\t\t\t\t<div class=\"elementor-widget-container\">\n\t\t\t\t\t\t\t<div class=\"elementor-divider\">\n\t\t\t<span class=\"elementor-divider-separator\">\n\t\t\t\t\t\t<\/span>\n\t\t<\/div>\n\t\t\t\t\t\t<\/div>\n\t\t\t\t<\/div>\n\t\t\t\t<div class=\"elementor-element elementor-element-703f9792 elementor-widget elementor-widget-heading\" data-id=\"703f9792\" data-element_type=\"widget\" data-e-type=\"widget\" data-widget_type=\"heading.default\">\n\t\t\t\t<div class=\"elementor-widget-container\">\n\t\t\t\t\t<h2 class=\"elementor-heading-title elementor-size-medium\">Le Grand Hotel : entre luxe discret et histoire vivante<\/h2>\t\t\t\t<\/div>\n\t\t\t\t<\/div>\n\t\t\t\t<div class=\"elementor-element elementor-element-1aaa68e9 elementor-widget elementor-widget-text-editor\" data-id=\"1aaa68e9\" data-element_type=\"widget\" data-e-type=\"widget\" data-widget_type=\"text-editor.default\">\n\t\t\t\t<div class=\"elementor-widget-container\">\n\t\t\t\t\t\t\t\t\t<p>Depuis sa chambre, Ally admire le <strong>palais royal<\/strong> baign\u00e9 de lumi\u00e8re ros\u00e9e. Nous aussi, nous avons pu contempler ce spectacle. Malgr\u00e9 le standing de l\u2019h\u00f4tel, l\u2019ambiance reste d\u00e9contract\u00e9e. Personne ne nous a fait sentir hors de place. Au contraire, chaque d\u00e9tail rappelle que l\u2019histoire et le luxe peuvent rimer avec convivialit\u00e9.<\/p><p>Juste en face, la <strong>Grande Place<\/strong> s\u2019\u00e9tend, entour\u00e9e d\u2019arbres encore nus en f\u00e9vrier. D\u00e8s notre arriv\u00e9e, une \u00e9quipe tournait une sc\u00e8ne, peut-\u00eatre pour la nouvelle s\u00e9rie de <strong>Jo Nesbo<\/strong>. Les jours suivants, des manifestations pacifiques s\u2019y sont tenues. Voir la d\u00e9mocratie en action, \u00e0 quelques pas de notre h\u00f4tel, a ajout\u00e9 une touche vivante \u00e0 notre s\u00e9jour.<\/p>\t\t\t\t\t\t\t\t<\/div>\n\t\t\t\t<\/div>\n\t\t\t\t<div class=\"elementor-element elementor-element-77ee0fee elementor-widget-divider--view-line elementor-widget elementor-widget-divider\" data-id=\"77ee0fee\" data-element_type=\"widget\" data-e-type=\"widget\" data-widget_type=\"divider.default\">\n\t\t\t\t<div class=\"elementor-widget-container\">\n\t\t\t\t\t\t\t<div class=\"elementor-divider\">\n\t\t\t<span class=\"elementor-divider-separator\">\n\t\t\t\t\t\t<\/span>\n\t\t<\/div>\n\t\t\t\t\t\t<\/div>\n\t\t\t\t<\/div>\n\t\t\t\t<div class=\"elementor-element elementor-element-ee6a902 elementor-widget elementor-widget-image\" data-id=\"ee6a902\" data-element_type=\"widget\" data-e-type=\"widget\" data-widget_type=\"image.default\">\n\t\t\t\t<div class=\"elementor-widget-container\">\n\t\t\t\t\t\t\t\t\t\t\t\t<figure class=\"wp-caption\">\n\t\t\t\t\t\t\t\t\t\t<img decoding=\"async\" width=\"330\" height=\"350\" src=\"https:\/\/sorbetkiwi.fr\/wp-content\/uploads\/2026\/03\/Sur-les-traces-dAlly-Grand-Place-chateau-royal-330x350.jpg\" class=\"attachment-post-category-slider-size size-post-category-slider-size wp-image-9398\" alt=\"Vue plongeante sur la Grand Place d\u2019Oslo bord\u00e9e d\u2019arbres sans feuilles et de b\u00e2timents modernes, sous un ciel d\u00e9gag\u00e9. Une ambiance hivernale typique de f\u00e9vrier, sur les traces d\u2019Ally.\" \/>\t\t\t\t\t\t\t\t\t\t\t<figcaption class=\"widget-image-caption wp-caption-text\">\u00ab\u00a0Je me levai t\u00f4t le lendemain matin et sortis sur le petit balcon pour voir la ville \u00e0 la lumi\u00e8re d\u2019un jour nouveau. En bas s\u2019\u00e9tendait une place bord\u00e9e d\u2019arbres, entour\u00e9e de magnifiques immeubles anciens en pierre m\u00e9lang\u00e9s \u00e0 quelques \u00e9difices plus modernes. En projetant mon regard au loin, j\u2019aper\u00e7us un ch\u00e2teau rose perch\u00e9 sur une colline.\u00a0\u00bb<\/figcaption>\n\t\t\t\t\t\t\t\t\t\t<\/figure>\n\t\t\t\t\t\t\t\t\t<\/div>\n\t\t\t\t<\/div>\n\t\t\t\t<div class=\"elementor-element elementor-element-3cdee87d elementor-widget-divider--view-line elementor-widget elementor-widget-divider\" data-id=\"3cdee87d\" data-element_type=\"widget\" data-e-type=\"widget\" data-widget_type=\"divider.default\">\n\t\t\t\t<div class=\"elementor-widget-container\">\n\t\t\t\t\t\t\t<div class=\"elementor-divider\">\n\t\t\t<span class=\"elementor-divider-separator\">\n\t\t\t\t\t\t<\/span>\n\t\t<\/div>\n\t\t\t\t\t\t<\/div>\n\t\t\t\t<\/div>\n\t\t\t\t<div class=\"elementor-element elementor-element-1be869ba elementor-widget elementor-widget-heading\" data-id=\"1be869ba\" data-element_type=\"widget\" data-e-type=\"widget\" data-widget_type=\"heading.default\">\n\t\t\t\t<div class=\"elementor-widget-container\">\n\t\t\t\t\t<h2 class=\"elementor-heading-title elementor-size-medium\">De la Grande Place \u00e0 Christiania : sur les traces d\u2019Anna et d\u2019Electra<\/h2>\t\t\t\t<\/div>\n\t\t\t\t<\/div>\n\t\t\t\t<div class=\"elementor-element elementor-element-3a496e12 elementor-widget elementor-widget-text-editor\" data-id=\"3a496e12\" data-element_type=\"widget\" data-e-type=\"widget\" data-widget_type=\"text-editor.default\">\n\t\t\t\t<div class=\"elementor-widget-container\">\n\t\t\t\t\t\t\t\t\t<p>Ally et Electra \u00e9voquent, dans leurs r\u00e9cits respectifs, un vieux mus\u00e9e d\u2019Oslo o\u00f9 Anna, l\u2019anc\u00eatre d\u2019Ally, aurait laiss\u00e9 ses premi\u00e8res empreintes de com\u00e9dienne. Ce mus\u00e9e n\u2019existe plus aujourd\u2019hui, remplac\u00e9 par le <strong>mus\u00e9e national<\/strong>, et son b\u00e2timent est d\u00e9sormais vide. \u00c0 l\u2019\u00e9poque, il abritait aussi la <strong>banque de Norv\u00e8ge<\/strong> et, \u00e0 ses c\u00f4t\u00e9s, se situait le <strong>th\u00e9\u00e2tre de Christiania<\/strong>, o\u00f9 Anna fit ses d\u00e9buts. C\u2019est l\u00e0 que notre prochaine aventure nous m\u00e8ne : sur les pas de cette femme courageuse, dans une Christiania du XIXe si\u00e8cle o\u00f9 son destin s&rsquo;est jouait entre les planches du th\u00e9\u00e2tre et des salons bourgeois.<\/p>\t\t\t\t\t\t\t\t<\/div>\n\t\t\t\t<\/div>\n\t\t\t\t<div class=\"elementor-element elementor-element-184b5b9e elementor-widget-divider--view-line elementor-widget elementor-widget-divider\" data-id=\"184b5b9e\" data-element_type=\"widget\" data-e-type=\"widget\" data-widget_type=\"divider.default\">\n\t\t\t\t<div class=\"elementor-widget-container\">\n\t\t\t\t\t\t\t<div class=\"elementor-divider\">\n\t\t\t<span class=\"elementor-divider-separator\">\n\t\t\t\t\t\t<\/span>\n\t\t<\/div>\n\t\t\t\t\t\t<\/div>\n\t\t\t\t<\/div>\n\t\t\t\t<div class=\"elementor-element elementor-element-ca90cd0 elementor-widget elementor-widget-image\" data-id=\"ca90cd0\" data-element_type=\"widget\" data-e-type=\"widget\" data-widget_type=\"image.default\">\n\t\t\t\t<div class=\"elementor-widget-container\">\n\t\t\t\t\t\t\t\t\t\t\t\t<figure class=\"wp-caption\">\n\t\t\t\t\t\t\t\t\t\t<img decoding=\"async\" width=\"330\" height=\"350\" src=\"https:\/\/sorbetkiwi.fr\/wp-content\/uploads\/2026\/03\/Sur-les-traces-dAlly-Ancien-musee-Norges-Bank-1-330x350.jpg\" class=\"attachment-post-category-slider-size size-post-category-slider-size wp-image-9401\" alt=\"\" \/>\t\t\t\t\t\t\t\t\t\t\t<figcaption class=\"widget-image-caption wp-caption-text\"><\/figcaption>\n\t\t\t\t\t\t\t\t\t\t<\/figure>\n\t\t\t\t\t\t\t\t\t<\/div>\n\t\t\t\t<\/div>\n\t\t\t\t<div class=\"elementor-element elementor-element-0b31413 elementor-widget-divider--view-line elementor-widget elementor-widget-divider\" data-id=\"0b31413\" data-element_type=\"widget\" data-e-type=\"widget\" data-widget_type=\"divider.default\">\n\t\t\t\t<div class=\"elementor-widget-container\">\n\t\t\t\t\t\t\t<div class=\"elementor-divider\">\n\t\t\t<span class=\"elementor-divider-separator\">\n\t\t\t\t\t\t<\/span>\n\t\t<\/div>\n\t\t\t\t\t\t<\/div>\n\t\t\t\t<\/div>\n\t\t\t\t<div class=\"elementor-element elementor-element-2856d128 elementor-widget elementor-widget-heading\" data-id=\"2856d128\" data-element_type=\"widget\" data-e-type=\"widget\" data-widget_type=\"heading.default\">\n\t\t\t\t<div class=\"elementor-widget-container\">\n\t\t\t\t\t<h4 class=\"elementor-heading-title elementor-size-medium\">Sur les traces des sept soeurs en 2026 :<\/h4>\t\t\t\t<\/div>\n\t\t\t\t<\/div>\n\t\t\t\t<div class=\"elementor-element elementor-element-94ddff elementor-widget elementor-widget-text-editor\" data-id=\"94ddff\" data-element_type=\"widget\" data-e-type=\"widget\" data-widget_type=\"text-editor.default\">\n\t\t\t\t<div class=\"elementor-widget-container\">\n\t\t\t\t\t\t\t\t\t<p>Oslo ne se contente pas d\u2019\u00eatre un d\u00e9cor pour les <em>Sept S\u0153urs<\/em> : la ville devient un personnage \u00e0 part enti\u00e8re.. <strong>Rendez-vous tr\u00e8s vite pour d\u00e9couvrir Christiania \u00e0 travers les yeux d\u2019Anna<\/strong>, et comprendre comment cette anc\u00eatre audacieuse a marqu\u00e9 l\u2019histoire et le c\u0153ur d\u2019Ally.<\/p><p>Mes p\u00e9r\u00e9grinations de cette ann\u00e9e 2026 :<\/p><ul><li>F\u00e9vrier :<ul><li>Oslo sur les traces d&rsquo;Ally, Electra et Atlas<\/li><li>Christiania sur les traces d&rsquo;Anna<\/li><li>Sur les traces d&rsquo;Henrik Ibsen<\/li><\/ul><\/li><li>Mai : Amsterdam sur les traces d&rsquo;Atlas<\/li><li>Septembre : Leipzig sur les traces d&rsquo;Ally et d&rsquo;Atlas<\/li><\/ul>\t\t\t\t\t\t\t\t<\/div>\n\t\t\t\t<\/div>\n\t\t\t\t\t<\/div>\n\t\t<\/div>\n\t\t\t\t\t<\/div>\n\t\t<\/section>\n\t\t\t\t<\/div>\n\t\t","protected":false},"excerpt":{"rendered":"<p>Oslo sur les traces d&rsquo;Ally, notamment bien install\u00e9 au Grand Hotel Atterrissage \u00e0 Oslo Gardermoen : une porte d\u2019entr\u00e9e moderne [CET ARTICLE CONTIENT DE NOMBREUX SPOILERS SUR LES SEPT SOEURS !] 2026 a commenc\u00e9 sur &hellip; <\/p>\n","protected":false},"author":1,"featured_media":9396,"comment_status":"open","ping_status":"open","sticky":false,"template":"","format":"standard","meta":{"footnotes":""},"categories":[11,707,1],"tags":[705,2772,327,706,364,527,63,1409,2683,2771,2773,738,2052],"class_list":["post-9395","post","type-post","status-publish","format-standard","has-post-thumbnail","hentry","category-hiver","category-sur-les-traces-des-sept-soeurs","category-tout-le-blog","tag-atlas","tag-grand-hotel","tag-hiver","tag-lhistoire-de-pa-salt","tag-la-soeur-de-la-tempete","tag-la-soeur-du-soleil","tag-les-sept-soeurs","tag-norvege","tag-oslo","tag-oslo-sur-les-traces-dally","tag-palais-royal","tag-sur-les-traces-des-sept-soeurs","tag-voyage-litteraire","has-single-img"],"yoast_head":"<!-- This site is optimized with the Yoast SEO plugin v27.4 - https:\/\/yoast.com\/product\/yoast-seo-wordpress\/ -->\n<title>Oslo sur les traces d\u2019Ally, Electra et Atlas - Sorbet Kiwi<\/title>\n<meta name=\"description\" content=\"Suivez les pas d\u2019Ally \u00e0 Oslo : du Grand Hotel au palais royal, plongez dans l\u2019univers des Sept S\u0153urs en retra\u00e7ant le parcours d&#039;Ally.\" \/>\n<meta name=\"robots\" content=\"index, follow, max-snippet:-1, max-image-preview:large, max-video-preview:-1\" \/>\n<link rel=\"canonical\" href=\"https:\/\/sorbetkiwi.fr\/index.php\/oslo-sur-les-traces-d-ally-electra-et-atlas\/\" \/>\n<meta property=\"og:locale\" content=\"fr_FR\" \/>\n<meta property=\"og:type\" content=\"article\" \/>\n<meta property=\"og:title\" content=\"Oslo sur les traces d\u2019Ally, Electra et Atlas - Sorbet Kiwi\" \/>\n<meta property=\"og:description\" content=\"Suivez les pas d\u2019Ally \u00e0 Oslo : du Grand Hotel au palais royal, plongez dans l\u2019univers des Sept S\u0153urs en retra\u00e7ant le parcours d&#039;Ally.\" \/>\n<meta property=\"og:url\" content=\"https:\/\/sorbetkiwi.fr\/index.php\/oslo-sur-les-traces-d-ally-electra-et-atlas\/\" \/>\n<meta property=\"og:site_name\" content=\"Sorbet Kiwi\" \/>\n<meta property=\"article:publisher\" content=\"https:\/\/www.facebook.com\/profile.php?id=100086238893269\" \/>\n<meta property=\"article:published_time\" content=\"2026-03-12T06:00:00+00:00\" \/>\n<meta property=\"og:image\" content=\"https:\/\/sorbetkiwi.fr\/wp-content\/uploads\/2026\/03\/Oslo-sur-les-traces-dAlly-Electra-et-Atlas-576x1024.png\" \/>\n\t<meta property=\"og:image:width\" content=\"576\" \/>\n\t<meta property=\"og:image:height\" content=\"1024\" \/>\n\t<meta property=\"og:image:type\" content=\"image\/png\" \/>\n<meta name=\"author\" content=\"Sorbet-Kiwi\" \/>\n<meta name=\"twitter:card\" content=\"summary_large_image\" \/>\n<meta name=\"twitter:creator\" content=\"@pepparshoes\" \/>\n<meta name=\"twitter:site\" content=\"@pepparshoes\" \/>\n<meta name=\"twitter:label1\" content=\"\u00c9crit par\" \/>\n\t<meta name=\"twitter:data1\" content=\"Sorbet-Kiwi\" \/>\n\t<meta name=\"twitter:label2\" content=\"Dur\u00e9e de lecture estim\u00e9e\" \/>\n\t<meta name=\"twitter:data2\" content=\"5 minutes\" \/>\n<script type=\"application\/ld+json\" class=\"yoast-schema-graph\">{\"@context\":\"https:\\\/\\\/schema.org\",\"@graph\":[{\"@type\":\"Article\",\"@id\":\"https:\\\/\\\/sorbetkiwi.fr\\\/index.php\\\/oslo-sur-les-traces-d-ally-electra-et-atlas\\\/#article\",\"isPartOf\":{\"@id\":\"https:\\\/\\\/sorbetkiwi.fr\\\/index.php\\\/oslo-sur-les-traces-d-ally-electra-et-atlas\\\/\"},\"author\":{\"name\":\"Sorbet-Kiwi\",\"@id\":\"https:\\\/\\\/sorbetkiwi.fr\\\/#\\\/schema\\\/person\\\/ed1b7b527a2957ddc3bf38b076540659\"},\"headline\":\"Oslo sur les traces d\u2019Ally, Electra et Atlas\",\"datePublished\":\"2026-03-12T06:00:00+00:00\",\"mainEntityOfPage\":{\"@id\":\"https:\\\/\\\/sorbetkiwi.fr\\\/index.php\\\/oslo-sur-les-traces-d-ally-electra-et-atlas\\\/\"},\"wordCount\":766,\"commentCount\":2,\"publisher\":{\"@id\":\"https:\\\/\\\/sorbetkiwi.fr\\\/#organization\"},\"image\":{\"@id\":\"https:\\\/\\\/sorbetkiwi.fr\\\/index.php\\\/oslo-sur-les-traces-d-ally-electra-et-atlas\\\/#primaryimage\"},\"thumbnailUrl\":\"https:\\\/\\\/sorbetkiwi.fr\\\/wp-content\\\/uploads\\\/2026\\\/03\\\/Oslo-sur-les-traces-dAlly-Electra-et-Atlas.png\",\"keywords\":[\"Atlas\",\"Grand Hotel\",\"Hiver\",\"L&#039;histoire de Pa Salt\",\"La soeur de la temp\u00eate\",\"La soeur du soleil\",\"Les sept soeurs\",\"Norv\u00e8ge\",\"Oslo\",\"Oslo sur les traces d'Ally\",\"Palais royal\",\"Sur les traces des sept soeurs\",\"Voyage litt\u00e9raire\"],\"articleSection\":[\"Hiver\",\"Sur les traces des Sept S\u0153urs\",\"Tout le blog\"],\"inLanguage\":\"fr-FR\",\"potentialAction\":[{\"@type\":\"CommentAction\",\"name\":\"Comment\",\"target\":[\"https:\\\/\\\/sorbetkiwi.fr\\\/index.php\\\/oslo-sur-les-traces-d-ally-electra-et-atlas\\\/#respond\"]}]},{\"@type\":\"WebPage\",\"@id\":\"https:\\\/\\\/sorbetkiwi.fr\\\/index.php\\\/oslo-sur-les-traces-d-ally-electra-et-atlas\\\/\",\"url\":\"https:\\\/\\\/sorbetkiwi.fr\\\/index.php\\\/oslo-sur-les-traces-d-ally-electra-et-atlas\\\/\",\"name\":\"Oslo sur les traces d\u2019Ally, Electra et Atlas - Sorbet Kiwi\",\"isPartOf\":{\"@id\":\"https:\\\/\\\/sorbetkiwi.fr\\\/#website\"},\"primaryImageOfPage\":{\"@id\":\"https:\\\/\\\/sorbetkiwi.fr\\\/index.php\\\/oslo-sur-les-traces-d-ally-electra-et-atlas\\\/#primaryimage\"},\"image\":{\"@id\":\"https:\\\/\\\/sorbetkiwi.fr\\\/index.php\\\/oslo-sur-les-traces-d-ally-electra-et-atlas\\\/#primaryimage\"},\"thumbnailUrl\":\"https:\\\/\\\/sorbetkiwi.fr\\\/wp-content\\\/uploads\\\/2026\\\/03\\\/Oslo-sur-les-traces-dAlly-Electra-et-Atlas.png\",\"datePublished\":\"2026-03-12T06:00:00+00:00\",\"description\":\"Suivez les pas d\u2019Ally \u00e0 Oslo : du Grand Hotel au palais royal, plongez dans l\u2019univers des Sept S\u0153urs en retra\u00e7ant le parcours d'Ally.\",\"breadcrumb\":{\"@id\":\"https:\\\/\\\/sorbetkiwi.fr\\\/index.php\\\/oslo-sur-les-traces-d-ally-electra-et-atlas\\\/#breadcrumb\"},\"inLanguage\":\"fr-FR\",\"potentialAction\":[{\"@type\":\"ReadAction\",\"target\":[\"https:\\\/\\\/sorbetkiwi.fr\\\/index.php\\\/oslo-sur-les-traces-d-ally-electra-et-atlas\\\/\"]}]},{\"@type\":\"ImageObject\",\"inLanguage\":\"fr-FR\",\"@id\":\"https:\\\/\\\/sorbetkiwi.fr\\\/index.php\\\/oslo-sur-les-traces-d-ally-electra-et-atlas\\\/#primaryimage\",\"url\":\"https:\\\/\\\/sorbetkiwi.fr\\\/wp-content\\\/uploads\\\/2026\\\/03\\\/Oslo-sur-les-traces-dAlly-Electra-et-Atlas.png\",\"contentUrl\":\"https:\\\/\\\/sorbetkiwi.fr\\\/wp-content\\\/uploads\\\/2026\\\/03\\\/Oslo-sur-les-traces-dAlly-Electra-et-Atlas.png\",\"width\":1080,\"height\":1920,\"caption\":\"Le livre La S\u0153ur de la temp\u00eate de Lucinda Riley pos\u00e9 sur une table en bois, avec en arri\u00e8re-plan un lit et une t\u00eate de lit capitonn\u00e9e du Grand Hotel d'Oslo. Le texte \u00ab Oslo Sur les traces d\u2019Ally \u00bb est superpos\u00e9 en blanc.\"},{\"@type\":\"BreadcrumbList\",\"@id\":\"https:\\\/\\\/sorbetkiwi.fr\\\/index.php\\\/oslo-sur-les-traces-d-ally-electra-et-atlas\\\/#breadcrumb\",\"itemListElement\":[{\"@type\":\"ListItem\",\"position\":1,\"name\":\"Accueil\",\"item\":\"https:\\\/\\\/sorbetkiwi.fr\\\/\"},{\"@type\":\"ListItem\",\"position\":2,\"name\":\"Oslo sur les traces d\u2019Ally, Electra et Atlas\"}]},{\"@type\":\"WebSite\",\"@id\":\"https:\\\/\\\/sorbetkiwi.fr\\\/#website\",\"url\":\"https:\\\/\\\/sorbetkiwi.fr\\\/\",\"name\":\"Sorbet Kiwi\",\"description\":\"Des lectures th\u00e9matiques par saison et les avis qui vont avec\",\"publisher\":{\"@id\":\"https:\\\/\\\/sorbetkiwi.fr\\\/#organization\"},\"potentialAction\":[{\"@type\":\"SearchAction\",\"target\":{\"@type\":\"EntryPoint\",\"urlTemplate\":\"https:\\\/\\\/sorbetkiwi.fr\\\/?s={search_term_string}\"},\"query-input\":{\"@type\":\"PropertyValueSpecification\",\"valueRequired\":true,\"valueName\":\"search_term_string\"}}],\"inLanguage\":\"fr-FR\"},{\"@type\":\"Organization\",\"@id\":\"https:\\\/\\\/sorbetkiwi.fr\\\/#organization\",\"name\":\"Sorbet Kiwi\",\"url\":\"https:\\\/\\\/sorbetkiwi.fr\\\/\",\"logo\":{\"@type\":\"ImageObject\",\"inLanguage\":\"fr-FR\",\"@id\":\"https:\\\/\\\/sorbetkiwi.fr\\\/#\\\/schema\\\/logo\\\/image\\\/\",\"url\":\"https:\\\/\\\/sorbetkiwi.fr\\\/wp-content\\\/uploads\\\/2022\\\/10\\\/Banniere-Sorbet-Kiwi-2022.jpg\",\"contentUrl\":\"https:\\\/\\\/sorbetkiwi.fr\\\/wp-content\\\/uploads\\\/2022\\\/10\\\/Banniere-Sorbet-Kiwi-2022.jpg\",\"width\":814,\"height\":401,\"caption\":\"Sorbet Kiwi\"},\"image\":{\"@id\":\"https:\\\/\\\/sorbetkiwi.fr\\\/#\\\/schema\\\/logo\\\/image\\\/\"},\"sameAs\":[\"https:\\\/\\\/www.facebook.com\\\/profile.php?id=100086238893269\",\"https:\\\/\\\/x.com\\\/pepparshoes\",\"https:\\\/\\\/www.instagram.com\\\/sorbetkiwi\\\/\",\"https:\\\/\\\/www.tiktok.com\\\/sorbetkiwi\"]},{\"@type\":\"Person\",\"@id\":\"https:\\\/\\\/sorbetkiwi.fr\\\/#\\\/schema\\\/person\\\/ed1b7b527a2957ddc3bf38b076540659\",\"name\":\"Sorbet-Kiwi\",\"image\":{\"@type\":\"ImageObject\",\"inLanguage\":\"fr-FR\",\"@id\":\"https:\\\/\\\/secure.gravatar.com\\\/avatar\\\/86f0a5c27d76317621b9e374d0f3a01d3a85278f10d0c7207ced4fd773057442?s=96&d=mm&r=g\",\"url\":\"https:\\\/\\\/secure.gravatar.com\\\/avatar\\\/86f0a5c27d76317621b9e374d0f3a01d3a85278f10d0c7207ced4fd773057442?s=96&d=mm&r=g\",\"contentUrl\":\"https:\\\/\\\/secure.gravatar.com\\\/avatar\\\/86f0a5c27d76317621b9e374d0f3a01d3a85278f10d0c7207ced4fd773057442?s=96&d=mm&r=g\",\"caption\":\"Sorbet-Kiwi\"},\"sameAs\":[\"http:\\\/\\\/sorbetkiwi.fr\"],\"url\":\"https:\\\/\\\/sorbetkiwi.fr\\\/index.php\\\/author\\\/admin7717\\\/\"}]}<\/script>\n<!-- \/ Yoast SEO plugin. -->","yoast_head_json":{"title":"Oslo sur les traces d\u2019Ally, Electra et Atlas - Sorbet Kiwi","description":"Suivez les pas d\u2019Ally \u00e0 Oslo : du Grand Hotel au palais royal, plongez dans l\u2019univers des Sept S\u0153urs en retra\u00e7ant le parcours d'Ally.","robots":{"index":"index","follow":"follow","max-snippet":"max-snippet:-1","max-image-preview":"max-image-preview:large","max-video-preview":"max-video-preview:-1"},"canonical":"https:\/\/sorbetkiwi.fr\/index.php\/oslo-sur-les-traces-d-ally-electra-et-atlas\/","og_locale":"fr_FR","og_type":"article","og_title":"Oslo sur les traces d\u2019Ally, Electra et Atlas - Sorbet Kiwi","og_description":"Suivez les pas d\u2019Ally \u00e0 Oslo : du Grand Hotel au palais royal, plongez dans l\u2019univers des Sept S\u0153urs en retra\u00e7ant le parcours d'Ally.","og_url":"https:\/\/sorbetkiwi.fr\/index.php\/oslo-sur-les-traces-d-ally-electra-et-atlas\/","og_site_name":"Sorbet Kiwi","article_publisher":"https:\/\/www.facebook.com\/profile.php?id=100086238893269","article_published_time":"2026-03-12T06:00:00+00:00","og_image":[{"width":576,"height":1024,"url":"https:\/\/sorbetkiwi.fr\/wp-content\/uploads\/2026\/03\/Oslo-sur-les-traces-dAlly-Electra-et-Atlas-576x1024.png","type":"image\/png"}],"author":"Sorbet-Kiwi","twitter_card":"summary_large_image","twitter_creator":"@pepparshoes","twitter_site":"@pepparshoes","twitter_misc":{"\u00c9crit par":"Sorbet-Kiwi","Dur\u00e9e de lecture estim\u00e9e":"5 minutes"},"schema":{"@context":"https:\/\/schema.org","@graph":[{"@type":"Article","@id":"https:\/\/sorbetkiwi.fr\/index.php\/oslo-sur-les-traces-d-ally-electra-et-atlas\/#article","isPartOf":{"@id":"https:\/\/sorbetkiwi.fr\/index.php\/oslo-sur-les-traces-d-ally-electra-et-atlas\/"},"author":{"name":"Sorbet-Kiwi","@id":"https:\/\/sorbetkiwi.fr\/#\/schema\/person\/ed1b7b527a2957ddc3bf38b076540659"},"headline":"Oslo sur les traces d\u2019Ally, Electra et Atlas","datePublished":"2026-03-12T06:00:00+00:00","mainEntityOfPage":{"@id":"https:\/\/sorbetkiwi.fr\/index.php\/oslo-sur-les-traces-d-ally-electra-et-atlas\/"},"wordCount":766,"commentCount":2,"publisher":{"@id":"https:\/\/sorbetkiwi.fr\/#organization"},"image":{"@id":"https:\/\/sorbetkiwi.fr\/index.php\/oslo-sur-les-traces-d-ally-electra-et-atlas\/#primaryimage"},"thumbnailUrl":"https:\/\/sorbetkiwi.fr\/wp-content\/uploads\/2026\/03\/Oslo-sur-les-traces-dAlly-Electra-et-Atlas.png","keywords":["Atlas","Grand Hotel","Hiver","L&#039;histoire de Pa Salt","La soeur de la temp\u00eate","La soeur du soleil","Les sept soeurs","Norv\u00e8ge","Oslo","Oslo sur les traces d'Ally","Palais royal","Sur les traces des sept soeurs","Voyage litt\u00e9raire"],"articleSection":["Hiver","Sur les traces des Sept S\u0153urs","Tout le blog"],"inLanguage":"fr-FR","potentialAction":[{"@type":"CommentAction","name":"Comment","target":["https:\/\/sorbetkiwi.fr\/index.php\/oslo-sur-les-traces-d-ally-electra-et-atlas\/#respond"]}]},{"@type":"WebPage","@id":"https:\/\/sorbetkiwi.fr\/index.php\/oslo-sur-les-traces-d-ally-electra-et-atlas\/","url":"https:\/\/sorbetkiwi.fr\/index.php\/oslo-sur-les-traces-d-ally-electra-et-atlas\/","name":"Oslo sur les traces d\u2019Ally, Electra et Atlas - Sorbet Kiwi","isPartOf":{"@id":"https:\/\/sorbetkiwi.fr\/#website"},"primaryImageOfPage":{"@id":"https:\/\/sorbetkiwi.fr\/index.php\/oslo-sur-les-traces-d-ally-electra-et-atlas\/#primaryimage"},"image":{"@id":"https:\/\/sorbetkiwi.fr\/index.php\/oslo-sur-les-traces-d-ally-electra-et-atlas\/#primaryimage"},"thumbnailUrl":"https:\/\/sorbetkiwi.fr\/wp-content\/uploads\/2026\/03\/Oslo-sur-les-traces-dAlly-Electra-et-Atlas.png","datePublished":"2026-03-12T06:00:00+00:00","description":"Suivez les pas d\u2019Ally \u00e0 Oslo : du Grand Hotel au palais royal, plongez dans l\u2019univers des Sept S\u0153urs en retra\u00e7ant le parcours d'Ally.","breadcrumb":{"@id":"https:\/\/sorbetkiwi.fr\/index.php\/oslo-sur-les-traces-d-ally-electra-et-atlas\/#breadcrumb"},"inLanguage":"fr-FR","potentialAction":[{"@type":"ReadAction","target":["https:\/\/sorbetkiwi.fr\/index.php\/oslo-sur-les-traces-d-ally-electra-et-atlas\/"]}]},{"@type":"ImageObject","inLanguage":"fr-FR","@id":"https:\/\/sorbetkiwi.fr\/index.php\/oslo-sur-les-traces-d-ally-electra-et-atlas\/#primaryimage","url":"https:\/\/sorbetkiwi.fr\/wp-content\/uploads\/2026\/03\/Oslo-sur-les-traces-dAlly-Electra-et-Atlas.png","contentUrl":"https:\/\/sorbetkiwi.fr\/wp-content\/uploads\/2026\/03\/Oslo-sur-les-traces-dAlly-Electra-et-Atlas.png","width":1080,"height":1920,"caption":"Le livre La S\u0153ur de la temp\u00eate de Lucinda Riley pos\u00e9 sur une table en bois, avec en arri\u00e8re-plan un lit et une t\u00eate de lit capitonn\u00e9e du Grand Hotel d'Oslo. Le texte \u00ab Oslo Sur les traces d\u2019Ally \u00bb est superpos\u00e9 en blanc."},{"@type":"BreadcrumbList","@id":"https:\/\/sorbetkiwi.fr\/index.php\/oslo-sur-les-traces-d-ally-electra-et-atlas\/#breadcrumb","itemListElement":[{"@type":"ListItem","position":1,"name":"Accueil","item":"https:\/\/sorbetkiwi.fr\/"},{"@type":"ListItem","position":2,"name":"Oslo sur les traces d\u2019Ally, Electra et Atlas"}]},{"@type":"WebSite","@id":"https:\/\/sorbetkiwi.fr\/#website","url":"https:\/\/sorbetkiwi.fr\/","name":"Sorbet Kiwi","description":"Des lectures th\u00e9matiques par saison et les avis qui vont avec","publisher":{"@id":"https:\/\/sorbetkiwi.fr\/#organization"},"potentialAction":[{"@type":"SearchAction","target":{"@type":"EntryPoint","urlTemplate":"https:\/\/sorbetkiwi.fr\/?s={search_term_string}"},"query-input":{"@type":"PropertyValueSpecification","valueRequired":true,"valueName":"search_term_string"}}],"inLanguage":"fr-FR"},{"@type":"Organization","@id":"https:\/\/sorbetkiwi.fr\/#organization","name":"Sorbet Kiwi","url":"https:\/\/sorbetkiwi.fr\/","logo":{"@type":"ImageObject","inLanguage":"fr-FR","@id":"https:\/\/sorbetkiwi.fr\/#\/schema\/logo\/image\/","url":"https:\/\/sorbetkiwi.fr\/wp-content\/uploads\/2022\/10\/Banniere-Sorbet-Kiwi-2022.jpg","contentUrl":"https:\/\/sorbetkiwi.fr\/wp-content\/uploads\/2022\/10\/Banniere-Sorbet-Kiwi-2022.jpg","width":814,"height":401,"caption":"Sorbet Kiwi"},"image":{"@id":"https:\/\/sorbetkiwi.fr\/#\/schema\/logo\/image\/"},"sameAs":["https:\/\/www.facebook.com\/profile.php?id=100086238893269","https:\/\/x.com\/pepparshoes","https:\/\/www.instagram.com\/sorbetkiwi\/","https:\/\/www.tiktok.com\/sorbetkiwi"]},{"@type":"Person","@id":"https:\/\/sorbetkiwi.fr\/#\/schema\/person\/ed1b7b527a2957ddc3bf38b076540659","name":"Sorbet-Kiwi","image":{"@type":"ImageObject","inLanguage":"fr-FR","@id":"https:\/\/secure.gravatar.com\/avatar\/86f0a5c27d76317621b9e374d0f3a01d3a85278f10d0c7207ced4fd773057442?s=96&d=mm&r=g","url":"https:\/\/secure.gravatar.com\/avatar\/86f0a5c27d76317621b9e374d0f3a01d3a85278f10d0c7207ced4fd773057442?s=96&d=mm&r=g","contentUrl":"https:\/\/secure.gravatar.com\/avatar\/86f0a5c27d76317621b9e374d0f3a01d3a85278f10d0c7207ced4fd773057442?s=96&d=mm&r=g","caption":"Sorbet-Kiwi"},"sameAs":["http:\/\/sorbetkiwi.fr"],"url":"https:\/\/sorbetkiwi.fr\/index.php\/author\/admin7717\/"}]}},"_links":{"self":[{"href":"https:\/\/sorbetkiwi.fr\/index.php\/wp-json\/wp\/v2\/posts\/9395","targetHints":{"allow":["GET"]}}],"collection":[{"href":"https:\/\/sorbetkiwi.fr\/index.php\/wp-json\/wp\/v2\/posts"}],"about":[{"href":"https:\/\/sorbetkiwi.fr\/index.php\/wp-json\/wp\/v2\/types\/post"}],"author":[{"embeddable":true,"href":"https:\/\/sorbetkiwi.fr\/index.php\/wp-json\/wp\/v2\/users\/1"}],"replies":[{"embeddable":true,"href":"https:\/\/sorbetkiwi.fr\/index.php\/wp-json\/wp\/v2\/comments?post=9395"}],"version-history":[{"count":7,"href":"https:\/\/sorbetkiwi.fr\/index.php\/wp-json\/wp\/v2\/posts\/9395\/revisions"}],"predecessor-version":[{"id":9407,"href":"https:\/\/sorbetkiwi.fr\/index.php\/wp-json\/wp\/v2\/posts\/9395\/revisions\/9407"}],"wp:featuredmedia":[{"embeddable":true,"href":"https:\/\/sorbetkiwi.fr\/index.php\/wp-json\/wp\/v2\/media\/9396"}],"wp:attachment":[{"href":"https:\/\/sorbetkiwi.fr\/index.php\/wp-json\/wp\/v2\/media?parent=9395"}],"wp:term":[{"taxonomy":"category","embeddable":true,"href":"https:\/\/sorbetkiwi.fr\/index.php\/wp-json\/wp\/v2\/categories?post=9395"},{"taxonomy":"post_tag","embeddable":true,"href":"https:\/\/sorbetkiwi.fr\/index.php\/wp-json\/wp\/v2\/tags?post=9395"}],"curies":[{"name":"wp","href":"https:\/\/api.w.org\/{rel}","templated":true}]}}