{"id":9343,"date":"2026-03-11T07:00:00","date_gmt":"2026-03-11T06:00:00","guid":{"rendered":"https:\/\/sorbetkiwi.fr\/?p=9343"},"modified":"2026-02-24T11:48:20","modified_gmt":"2026-02-24T10:48:20","slug":"the-reader-ladaptation-du-liseur","status":"publish","type":"post","link":"https:\/\/sorbetkiwi.fr\/index.php\/the-reader-ladaptation-du-liseur\/","title":{"rendered":"The Reader &#8211; L&rsquo;adaptation du Liseur"},"content":{"rendered":"\t\t<div data-elementor-type=\"wp-post\" data-elementor-id=\"9343\" class=\"elementor elementor-9343\">\n\t\t\t\t\t\t<section class=\"elementor-section elementor-top-section elementor-element elementor-element-117fe938 elementor-section-boxed elementor-section-height-default elementor-section-height-default\" data-id=\"117fe938\" data-element_type=\"section\" data-e-type=\"section\">\n\t\t\t\t\t\t<div class=\"elementor-container elementor-column-gap-default\">\n\t\t\t\t\t<div class=\"elementor-column elementor-col-100 elementor-top-column elementor-element elementor-element-4dc23fc4\" data-id=\"4dc23fc4\" data-element_type=\"column\" data-e-type=\"column\">\n\t\t\t<div class=\"elementor-widget-wrap elementor-element-populated\">\n\t\t\t\t\t\t<div class=\"elementor-element elementor-element-6d381c04 elementor-widget elementor-widget-heading\" data-id=\"6d381c04\" data-element_type=\"widget\" data-e-type=\"widget\" data-widget_type=\"heading.default\">\n\t\t\t\t<div class=\"elementor-widget-container\">\n\t\t\t\t\t<h1 class=\"elementor-heading-title elementor-size-medium\">The Reader - une adaptation r\u00e9ussie<\/h1>\t\t\t\t<\/div>\n\t\t\t\t<\/div>\n\t\t\t\t<div class=\"elementor-element elementor-element-7b44bab6 elementor-view-default elementor-widget elementor-widget-icon\" data-id=\"7b44bab6\" data-element_type=\"widget\" data-e-type=\"widget\" data-widget_type=\"icon.default\">\n\t\t\t\t<div class=\"elementor-widget-container\">\n\t\t\t\t\t\t\t<div class=\"elementor-icon-wrapper\">\n\t\t\t<div class=\"elementor-icon\">\n\t\t\t<i aria-hidden=\"true\" class=\"far fa-snowflake\"><\/i>\t\t\t<\/div>\n\t\t<\/div>\n\t\t\t\t\t\t<\/div>\n\t\t\t\t<\/div>\n\t\t\t\t<div class=\"elementor-element elementor-element-728fdfea elementor-widget-divider--view-line elementor-widget elementor-widget-divider\" data-id=\"728fdfea\" data-element_type=\"widget\" data-e-type=\"widget\" data-widget_type=\"divider.default\">\n\t\t\t\t<div class=\"elementor-widget-container\">\n\t\t\t\t\t\t\t<div class=\"elementor-divider\">\n\t\t\t<span class=\"elementor-divider-separator\">\n\t\t\t\t\t\t<\/span>\n\t\t<\/div>\n\t\t\t\t\t\t<\/div>\n\t\t\t\t<\/div>\n\t\t\t\t<div class=\"elementor-element elementor-element-37b4c333 elementor-widget elementor-widget-heading\" data-id=\"37b4c333\" data-element_type=\"widget\" data-e-type=\"widget\" data-widget_type=\"heading.default\">\n\t\t\t\t<div class=\"elementor-widget-container\">\n\t\t\t\t\t<h2 class=\"elementor-heading-title elementor-size-medium\">R\u00e9sum\u00e9<\/h2>\t\t\t\t<\/div>\n\t\t\t\t<\/div>\n\t\t\t\t<div class=\"elementor-element elementor-element-243809b elementor-widget elementor-widget-text-editor\" data-id=\"243809b\" data-element_type=\"widget\" data-e-type=\"widget\" data-widget_type=\"text-editor.default\">\n\t\t\t\t<div class=\"elementor-widget-container\">\n\t\t\t\t\t\t\t\t\t<p>Allemagne de l&rsquo;Ouest, au lendemain de la Seconde Guerre mondiale.<br \/>Un adolescent, Michael Berg, fait par hasard la connaissance de Hanna, une femme de trente-cinq ans dont il devient l&rsquo;amant. Commence alors une liaison secr\u00e8te et passionnelle.<br \/>Pendant plusieurs mois, Michael rejoint Hanna chez elle tous les jours, et l&rsquo;un de leurs jeux consiste \u00e0 ce qu&rsquo;il lui fasse la lecture. Il d\u00e9couvre peu \u00e0 peu le plaisir qu&rsquo;elle \u00e9prouve lors de ce rituel tandis qu&rsquo;il lui lit L&rsquo;Odyss\u00e9e, Huckleberry Finn et La Dame au petit chien.<br \/>Hanna reste pourtant myst\u00e9rieuse et impr\u00e9visible. Un jour, elle dispara\u00eet, laissant Michael le coeur bris\u00e9.<\/p><p>Huit ans plus tard, devenu \u00e9tudiant en droit, Michael assiste aux proc\u00e8s des crimes de guerre Nazi. Il retrouve Hanna&#8230; sur le banc des accus\u00e9s. Peu \u00e0 peu, le pass\u00e9 secret de Hanna est d\u00e9voil\u00e9 au grand jour&#8230;<\/p>\t\t\t\t\t\t\t\t<\/div>\n\t\t\t\t<\/div>\n\t\t\t\t<div class=\"elementor-element elementor-element-42b650c elementor-widget-divider--view-line elementor-widget elementor-widget-divider\" data-id=\"42b650c\" data-element_type=\"widget\" data-e-type=\"widget\" data-widget_type=\"divider.default\">\n\t\t\t\t<div class=\"elementor-widget-container\">\n\t\t\t\t\t\t\t<div class=\"elementor-divider\">\n\t\t\t<span class=\"elementor-divider-separator\">\n\t\t\t\t\t\t<\/span>\n\t\t<\/div>\n\t\t\t\t\t\t<\/div>\n\t\t\t\t<\/div>\n\t\t\t\t<div class=\"elementor-element elementor-element-5ca09cd5 elementor-widget elementor-widget-heading\" data-id=\"5ca09cd5\" data-element_type=\"widget\" data-e-type=\"widget\" data-widget_type=\"heading.default\">\n\t\t\t\t<div class=\"elementor-widget-container\">\n\t\t\t\t\t<h2 class=\"elementor-heading-title elementor-size-medium\">Un regard plus frontal sur la relation<\/h2>\t\t\t\t<\/div>\n\t\t\t\t<\/div>\n\t\t\t\t<div class=\"elementor-element elementor-element-6d9d3fc6 elementor-widget elementor-widget-text-editor\" data-id=\"6d9d3fc6\" data-element_type=\"widget\" data-e-type=\"widget\" data-widget_type=\"text-editor.default\">\n\t\t\t\t<div class=\"elementor-widget-container\">\n\t\t\t\t\t\t\t\t\t<p data-start=\"562\" data-end=\"698\"><a href=\"https:\/\/www.seriebox.com\/cine\/the-reader.html\">The Reader<\/a> m\u2019a beaucoup plus boulevers\u00e9e que le roman. J\u2019ai trouv\u00e9 le film extr\u00eamement fort, au point d\u2019en \u00eatre r\u00e9ellement chamboul\u00e9e. Et c&rsquo;est rare que je dise qu&rsquo;une adaptation me chamboule d&rsquo;avantage ! L\u00e0 o\u00f9 le texte peut rester analytique, presque introspectif, le film adopte un regard plus objectif et frontal sur les cons\u00e9quences de la relation sur Michael. Le traumatisme est visible et sa fragilit\u00e9 est palpable. La blessure y para\u00eet durable, parce qu&rsquo;on la voit. La relation m\u2019a sembl\u00e9 clairement toxique et destructrice et, post MeToo, il est \u00e9vident que le public y est beaucoup plus sensible. Ce que fait Hanna n\u2019est pas acceptable, et cela se ressent d\u00e9j\u00e0 davantage en 2009 qu\u2019en 1995. Vu en 2026, il devient encore plus difficile de regarder cette histoire sans profond malaise.<\/p>\t\t\t\t\t\t\t\t<\/div>\n\t\t\t\t<\/div>\n\t\t\t\t<div class=\"elementor-element elementor-element-d0b4a71 elementor-widget-divider--view-line elementor-widget elementor-widget-divider\" data-id=\"d0b4a71\" data-element_type=\"widget\" data-e-type=\"widget\" data-widget_type=\"divider.default\">\n\t\t\t\t<div class=\"elementor-widget-container\">\n\t\t\t\t\t\t\t<div class=\"elementor-divider\">\n\t\t\t<span class=\"elementor-divider-separator\">\n\t\t\t\t\t\t<\/span>\n\t\t<\/div>\n\t\t\t\t\t\t<\/div>\n\t\t\t\t<\/div>\n\t\t\t\t<div class=\"elementor-element elementor-element-7f14aeb elementor-widget elementor-widget-video\" data-id=\"7f14aeb\" data-element_type=\"widget\" data-e-type=\"widget\" data-settings=\"{&quot;youtube_url&quot;:&quot;https:\\\/\\\/youtu.be\\\/Xo8VcKvMdD0?si=ITiwasuOXd76Z07A&quot;,&quot;video_type&quot;:&quot;youtube&quot;,&quot;controls&quot;:&quot;yes&quot;}\" data-widget_type=\"video.default\">\n\t\t\t\t<div class=\"elementor-widget-container\">\n\t\t\t\t\t\t\t<div class=\"elementor-wrapper elementor-open-inline\">\n\t\t\t<div class=\"elementor-video\"><\/div>\t\t<\/div>\n\t\t\t\t\t\t<\/div>\n\t\t\t\t<\/div>\n\t\t\t\t<div class=\"elementor-element elementor-element-48229478 elementor-widget-divider--view-line elementor-widget elementor-widget-divider\" data-id=\"48229478\" data-element_type=\"widget\" data-e-type=\"widget\" data-widget_type=\"divider.default\">\n\t\t\t\t<div class=\"elementor-widget-container\">\n\t\t\t\t\t\t\t<div class=\"elementor-divider\">\n\t\t\t<span class=\"elementor-divider-separator\">\n\t\t\t\t\t\t<\/span>\n\t\t<\/div>\n\t\t\t\t\t\t<\/div>\n\t\t\t\t<\/div>\n\t\t\t\t<div class=\"elementor-element elementor-element-44d58a59 elementor-widget elementor-widget-heading\" data-id=\"44d58a59\" data-element_type=\"widget\" data-e-type=\"widget\" data-widget_type=\"heading.default\">\n\t\t\t\t<div class=\"elementor-widget-container\">\n\t\t\t\t\t<h2 class=\"elementor-heading-title elementor-size-medium\">Un casting bouleversant<\/h2>\t\t\t\t<\/div>\n\t\t\t\t<\/div>\n\t\t\t\t<div class=\"elementor-element elementor-element-2fdf5333 elementor-widget elementor-widget-text-editor\" data-id=\"2fdf5333\" data-element_type=\"widget\" data-e-type=\"widget\" data-widget_type=\"text-editor.default\">\n\t\t\t\t<div class=\"elementor-widget-container\">\n\t\t\t\t\t\t\t\t\t<p data-start=\"1333\" data-end=\"1478\">Le casting est exceptionnel. Kate Winslet impressionne par sa complexit\u00e9. On s\u2019attache malgr\u00e9 tout \u00e0 Hanna, m\u00eame lorsque l\u2019on refuse ses actes. David Kross est \u00e9galement bluffant. Il incarne avec une grande justesse la vuln\u00e9rabilit\u00e9 de Michael. Le film rend son traumatisme beaucoup plus perceptible que le roman, et \u00e7a se voit jusque dans la bande-annonce, d&rsquo;ailleurs. J\u2019ai aussi eu l\u2019intuition que certains \u00e9l\u00e9ments, notamment l\u2019\u00e9volution d\u2019Hanna en prison, sont l\u00e9g\u00e8rement att\u00e9nu\u00e9s dans le film. Ce choix \u00e9vite sans doute que le spectateur ne lui accorde trop facilement une forme d\u2019absolution. Le film semble vouloir maintenir une distance morale bien plus claire. L\u00e0 aussi, on le doit certainement aux 14 ans qui s\u00e9parent l&rsquo;\u00e9crit de l&rsquo;adaptation.<\/p>\t\t\t\t\t\t\t\t<\/div>\n\t\t\t\t<\/div>\n\t\t\t\t<div class=\"elementor-element elementor-element-6b724ea2 elementor-widget-divider--view-line elementor-widget elementor-widget-divider\" data-id=\"6b724ea2\" data-element_type=\"widget\" data-e-type=\"widget\" data-widget_type=\"divider.default\">\n\t\t\t\t<div class=\"elementor-widget-container\">\n\t\t\t\t\t\t\t<div class=\"elementor-divider\">\n\t\t\t<span class=\"elementor-divider-separator\">\n\t\t\t\t\t\t<\/span>\n\t\t<\/div>\n\t\t\t\t\t\t<\/div>\n\t\t\t\t<\/div>\n\t\t\t\t<div class=\"elementor-element elementor-element-130a3850 elementor-widget elementor-widget-heading\" data-id=\"130a3850\" data-element_type=\"widget\" data-e-type=\"widget\" data-widget_type=\"heading.default\">\n\t\t\t\t<div class=\"elementor-widget-container\">\n\t\t\t\t\t<h2 class=\"elementor-heading-title elementor-size-medium\">Honte g\u00e9n\u00e9rationnelle et fracture allemande<\/h2>\t\t\t\t<\/div>\n\t\t\t\t<\/div>\n\t\t\t\t<div class=\"elementor-element elementor-element-22b41e1d elementor-widget elementor-widget-text-editor\" data-id=\"22b41e1d\" data-element_type=\"widget\" data-e-type=\"widget\" data-widget_type=\"text-editor.default\">\n\t\t\t\t<div class=\"elementor-widget-container\">\n\t\t\t\t\t\t\t\t\t<p data-start=\"1980\" data-end=\"2120\">Je l&rsquo;ai regard\u00e9 dans le cadre de mon projet annuel sur la RDA, ce qui peut sembler \u00e9trange puisqu&rsquo;il ne s&rsquo;y passe pas. Mais la sc\u00e8ne du s\u00e9minaire m\u2019a particuli\u00e8rement marqu\u00e9e. L\u2019\u00e9tudiant qui accuse ouvertement la g\u00e9n\u00e9ration des camps incarne une tension immense. Et j\u2019y ai reconnu la honte de la jeune g\u00e9n\u00e9ration, la culpabilit\u00e9 h\u00e9rit\u00e9e, et ce sentiment r\u00e9el qui a travers\u00e9 l\u2019Allemagne de l\u2019Ouest. Le film parle puissamment de fracture g\u00e9n\u00e9rationnelle. L\u00e0 o\u00f9 c&rsquo;est int\u00e9ressant, c&rsquo;est que Berlin Ouest est clairement identifi\u00e9. M\u00eame si la RDA n\u2019est jamais abord\u00e9e directement, la division allemande existe en toile de fond. Toutefois, The Reader parle surtout de fracture morale, de honte et d\u2019identit\u00e9 allemande plus que de division politique.<\/p>\t\t\t\t\t\t\t\t<\/div>\n\t\t\t\t<\/div>\n\t\t\t\t<div class=\"elementor-element elementor-element-7c76aba2 elementor-widget elementor-widget-heading\" data-id=\"7c76aba2\" data-element_type=\"widget\" data-e-type=\"widget\" data-widget_type=\"heading.default\">\n\t\t\t\t<div class=\"elementor-widget-container\">\n\t\t\t\t\t<h4 class=\"elementor-heading-title elementor-size-medium\">Dans la s\u00e9rie RDA :<\/h4>\t\t\t\t<\/div>\n\t\t\t\t<\/div>\n\t\t\t\t<div class=\"elementor-element elementor-element-34079a9a elementor-widget elementor-widget-text-editor\" data-id=\"34079a9a\" data-element_type=\"widget\" data-e-type=\"widget\" data-widget_type=\"text-editor.default\">\n\t\t\t\t<div class=\"elementor-widget-container\">\n\t\t\t\t\t\t\t\t\t<p data-start=\"348\" data-end=\"635\">Cet article s\u2019inscrit dans mon projet annuel autour <a href=\"https:\/\/sorbetkiwi.fr\/index.php\/category\/rda\/\">de la RDA<\/a>. En 2026, j\u2019explore la R\u00e9publique d\u00e9mocratique allemande \u00e0 travers des livres, des films, de la musique et des r\u00e9cits personnels, pour mieux comprendre cette p\u00e9riode et la mani\u00e8re dont elle continue de r\u00e9sonner aujourd\u2019hui.<\/p><p data-start=\"642\" data-end=\"716\"><img decoding=\"async\" class=\"emoji\" role=\"img\" draggable=\"false\" src=\"https:\/\/s.w.org\/images\/core\/emoji\/17.0.2\/svg\/1f449.svg\" alt=\"\ud83d\udc49\" \/> Retrouvez tous les articles li\u00e9s \u00e0 ce projet dans <a href=\"https:\/\/sorbetkiwi.fr\/index.php\/category\/rda\/\">la cat\u00e9gorie <strong data-start=\"708\" data-end=\"715\">RDA<\/strong><\/a>.<\/p>\t\t\t\t\t\t\t\t<\/div>\n\t\t\t\t<\/div>\n\t\t\t\t\t<\/div>\n\t\t<\/div>\n\t\t\t\t\t<\/div>\n\t\t<\/section>\n\t\t\t\t<\/div>\n\t\t","protected":false},"excerpt":{"rendered":"<p>The Reader &#8211; une adaptation r\u00e9ussie R\u00e9sum\u00e9 Allemagne de l&rsquo;Ouest, au lendemain de la Seconde Guerre mondiale.Un adolescent, Michael Berg, fait par hasard la connaissance de Hanna, une femme de trente-cinq ans dont il devient &hellip; <\/p>\n","protected":false},"author":1,"featured_media":9345,"comment_status":"open","ping_status":"open","sticky":false,"template":"","format":"standard","meta":{"footnotes":""},"categories":[11,2672,1],"tags":[532,1354,2477,2742,2678,2747,2484,2750,2676,2749,2748,209,2745,2744],"class_list":["post-9343","post","type-post","status-publish","format-standard","has-post-thumbnail","hentry","category-hiver","category-rda","category-tout-le-blog","tag-adaptation","tag-allemagne","tag-berlin","tag-david-kross","tag-der-vorleser","tag-film-historique","tag-films","tag-heidelberg","tag-le-liseur","tag-neustadt","tag-ralph-fiennes","tag-seconde-guerre-mondiale","tag-stephen-daldry","tag-the-reader","has-single-img"],"yoast_head":"<!-- This site is optimized with the Yoast SEO plugin v27.4 - https:\/\/yoast.com\/product\/yoast-seo-wordpress\/ -->\n<title>The Reader - L&#039;adaptation du Liseur - Sorbet Kiwi<\/title>\n<meta name=\"description\" content=\"The Reader, adaptation du Liseur, m\u2019a profond\u00e9ment boulevers\u00e9e par son regard frontal sur le traumatisme et la honte g\u00e9n\u00e9rationnelle.\" \/>\n<meta name=\"robots\" content=\"index, follow, max-snippet:-1, max-image-preview:large, max-video-preview:-1\" \/>\n<link rel=\"canonical\" href=\"https:\/\/sorbetkiwi.fr\/index.php\/the-reader-ladaptation-du-liseur\/\" \/>\n<meta property=\"og:locale\" content=\"fr_FR\" \/>\n<meta property=\"og:type\" content=\"article\" \/>\n<meta property=\"og:title\" content=\"The Reader - L&#039;adaptation du Liseur - Sorbet Kiwi\" \/>\n<meta property=\"og:description\" content=\"The Reader, adaptation du Liseur, m\u2019a profond\u00e9ment boulevers\u00e9e par son regard frontal sur le traumatisme et la honte g\u00e9n\u00e9rationnelle.\" \/>\n<meta property=\"og:url\" content=\"https:\/\/sorbetkiwi.fr\/index.php\/the-reader-ladaptation-du-liseur\/\" \/>\n<meta property=\"og:site_name\" content=\"Sorbet Kiwi\" \/>\n<meta property=\"article:publisher\" content=\"https:\/\/www.facebook.com\/profile.php?id=100086238893269\" \/>\n<meta property=\"article:published_time\" content=\"2026-03-11T06:00:00+00:00\" \/>\n<meta property=\"og:image\" content=\"https:\/\/sorbetkiwi.fr\/wp-content\/uploads\/2026\/02\/The-Reader-Le-liseur-film.jpg\" \/>\n\t<meta property=\"og:image:width\" content=\"1440\" \/>\n\t<meta property=\"og:image:height\" content=\"1920\" \/>\n\t<meta property=\"og:image:type\" content=\"image\/jpeg\" \/>\n<meta name=\"author\" content=\"Sorbet-Kiwi\" \/>\n<meta name=\"twitter:card\" content=\"summary_large_image\" \/>\n<meta name=\"twitter:creator\" content=\"@pepparshoes\" \/>\n<meta name=\"twitter:site\" content=\"@pepparshoes\" \/>\n<meta name=\"twitter:label1\" content=\"\u00c9crit par\" \/>\n\t<meta name=\"twitter:data1\" content=\"Sorbet-Kiwi\" \/>\n\t<meta name=\"twitter:label2\" content=\"Dur\u00e9e de lecture estim\u00e9e\" \/>\n\t<meta name=\"twitter:data2\" content=\"4 minutes\" \/>\n<script type=\"application\/ld+json\" class=\"yoast-schema-graph\">{\"@context\":\"https:\\\/\\\/schema.org\",\"@graph\":[{\"@type\":\"Article\",\"@id\":\"https:\\\/\\\/sorbetkiwi.fr\\\/index.php\\\/the-reader-ladaptation-du-liseur\\\/#article\",\"isPartOf\":{\"@id\":\"https:\\\/\\\/sorbetkiwi.fr\\\/index.php\\\/the-reader-ladaptation-du-liseur\\\/\"},\"author\":{\"name\":\"Sorbet-Kiwi\",\"@id\":\"https:\\\/\\\/sorbetkiwi.fr\\\/#\\\/schema\\\/person\\\/ed1b7b527a2957ddc3bf38b076540659\"},\"headline\":\"The Reader &#8211; L&rsquo;adaptation du Liseur\",\"datePublished\":\"2026-03-11T06:00:00+00:00\",\"mainEntityOfPage\":{\"@id\":\"https:\\\/\\\/sorbetkiwi.fr\\\/index.php\\\/the-reader-ladaptation-du-liseur\\\/\"},\"wordCount\":687,\"commentCount\":2,\"publisher\":{\"@id\":\"https:\\\/\\\/sorbetkiwi.fr\\\/#organization\"},\"image\":{\"@id\":\"https:\\\/\\\/sorbetkiwi.fr\\\/index.php\\\/the-reader-ladaptation-du-liseur\\\/#primaryimage\"},\"thumbnailUrl\":\"https:\\\/\\\/sorbetkiwi.fr\\\/wp-content\\\/uploads\\\/2026\\\/02\\\/The-Reader-Le-liseur-film.jpg\",\"keywords\":[\"Adaptation\",\"Allemagne\",\"Berlin\",\"David Kross\",\"Der Vorleser\",\"film historique\",\"Films\",\"Heidelberg\",\"Le liseur\",\"Neustadt\",\"Ralph Fiennes\",\"Seconde Guerre Mondiale\",\"Stephen Daldry\",\"The Reader\"],\"articleSection\":[\"Hiver\",\"RDA\",\"Tout le blog\"],\"inLanguage\":\"fr-FR\",\"potentialAction\":[{\"@type\":\"CommentAction\",\"name\":\"Comment\",\"target\":[\"https:\\\/\\\/sorbetkiwi.fr\\\/index.php\\\/the-reader-ladaptation-du-liseur\\\/#respond\"]}]},{\"@type\":\"WebPage\",\"@id\":\"https:\\\/\\\/sorbetkiwi.fr\\\/index.php\\\/the-reader-ladaptation-du-liseur\\\/\",\"url\":\"https:\\\/\\\/sorbetkiwi.fr\\\/index.php\\\/the-reader-ladaptation-du-liseur\\\/\",\"name\":\"The Reader - L'adaptation du Liseur - Sorbet Kiwi\",\"isPartOf\":{\"@id\":\"https:\\\/\\\/sorbetkiwi.fr\\\/#website\"},\"primaryImageOfPage\":{\"@id\":\"https:\\\/\\\/sorbetkiwi.fr\\\/index.php\\\/the-reader-ladaptation-du-liseur\\\/#primaryimage\"},\"image\":{\"@id\":\"https:\\\/\\\/sorbetkiwi.fr\\\/index.php\\\/the-reader-ladaptation-du-liseur\\\/#primaryimage\"},\"thumbnailUrl\":\"https:\\\/\\\/sorbetkiwi.fr\\\/wp-content\\\/uploads\\\/2026\\\/02\\\/The-Reader-Le-liseur-film.jpg\",\"datePublished\":\"2026-03-11T06:00:00+00:00\",\"description\":\"The Reader, adaptation du Liseur, m\u2019a profond\u00e9ment boulevers\u00e9e par son regard frontal sur le traumatisme et la honte g\u00e9n\u00e9rationnelle.\",\"breadcrumb\":{\"@id\":\"https:\\\/\\\/sorbetkiwi.fr\\\/index.php\\\/the-reader-ladaptation-du-liseur\\\/#breadcrumb\"},\"inLanguage\":\"fr-FR\",\"potentialAction\":[{\"@type\":\"ReadAction\",\"target\":[\"https:\\\/\\\/sorbetkiwi.fr\\\/index.php\\\/the-reader-ladaptation-du-liseur\\\/\"]}]},{\"@type\":\"ImageObject\",\"inLanguage\":\"fr-FR\",\"@id\":\"https:\\\/\\\/sorbetkiwi.fr\\\/index.php\\\/the-reader-ladaptation-du-liseur\\\/#primaryimage\",\"url\":\"https:\\\/\\\/sorbetkiwi.fr\\\/wp-content\\\/uploads\\\/2026\\\/02\\\/The-Reader-Le-liseur-film.jpg\",\"contentUrl\":\"https:\\\/\\\/sorbetkiwi.fr\\\/wp-content\\\/uploads\\\/2026\\\/02\\\/The-Reader-Le-liseur-film.jpg\",\"width\":1440,\"height\":1920,\"caption\":\"Ordinateur portable affichant The Reader pos\u00e9 sur un canap\u00e9 avec le roman Der Vorleser de Bernhard Schlink au premier plan, dans un salon avec biblioth\u00e8que en arri\u00e8re plan.\"},{\"@type\":\"BreadcrumbList\",\"@id\":\"https:\\\/\\\/sorbetkiwi.fr\\\/index.php\\\/the-reader-ladaptation-du-liseur\\\/#breadcrumb\",\"itemListElement\":[{\"@type\":\"ListItem\",\"position\":1,\"name\":\"Accueil\",\"item\":\"https:\\\/\\\/sorbetkiwi.fr\\\/\"},{\"@type\":\"ListItem\",\"position\":2,\"name\":\"The Reader &#8211; L&rsquo;adaptation du Liseur\"}]},{\"@type\":\"WebSite\",\"@id\":\"https:\\\/\\\/sorbetkiwi.fr\\\/#website\",\"url\":\"https:\\\/\\\/sorbetkiwi.fr\\\/\",\"name\":\"Sorbet Kiwi\",\"description\":\"Des lectures th\u00e9matiques par saison et les avis qui vont avec\",\"publisher\":{\"@id\":\"https:\\\/\\\/sorbetkiwi.fr\\\/#organization\"},\"potentialAction\":[{\"@type\":\"SearchAction\",\"target\":{\"@type\":\"EntryPoint\",\"urlTemplate\":\"https:\\\/\\\/sorbetkiwi.fr\\\/?s={search_term_string}\"},\"query-input\":{\"@type\":\"PropertyValueSpecification\",\"valueRequired\":true,\"valueName\":\"search_term_string\"}}],\"inLanguage\":\"fr-FR\"},{\"@type\":\"Organization\",\"@id\":\"https:\\\/\\\/sorbetkiwi.fr\\\/#organization\",\"name\":\"Sorbet Kiwi\",\"url\":\"https:\\\/\\\/sorbetkiwi.fr\\\/\",\"logo\":{\"@type\":\"ImageObject\",\"inLanguage\":\"fr-FR\",\"@id\":\"https:\\\/\\\/sorbetkiwi.fr\\\/#\\\/schema\\\/logo\\\/image\\\/\",\"url\":\"https:\\\/\\\/sorbetkiwi.fr\\\/wp-content\\\/uploads\\\/2022\\\/10\\\/Banniere-Sorbet-Kiwi-2022.jpg\",\"contentUrl\":\"https:\\\/\\\/sorbetkiwi.fr\\\/wp-content\\\/uploads\\\/2022\\\/10\\\/Banniere-Sorbet-Kiwi-2022.jpg\",\"width\":814,\"height\":401,\"caption\":\"Sorbet Kiwi\"},\"image\":{\"@id\":\"https:\\\/\\\/sorbetkiwi.fr\\\/#\\\/schema\\\/logo\\\/image\\\/\"},\"sameAs\":[\"https:\\\/\\\/www.facebook.com\\\/profile.php?id=100086238893269\",\"https:\\\/\\\/x.com\\\/pepparshoes\",\"https:\\\/\\\/www.instagram.com\\\/sorbetkiwi\\\/\",\"https:\\\/\\\/www.tiktok.com\\\/sorbetkiwi\"]},{\"@type\":\"Person\",\"@id\":\"https:\\\/\\\/sorbetkiwi.fr\\\/#\\\/schema\\\/person\\\/ed1b7b527a2957ddc3bf38b076540659\",\"name\":\"Sorbet-Kiwi\",\"image\":{\"@type\":\"ImageObject\",\"inLanguage\":\"fr-FR\",\"@id\":\"https:\\\/\\\/secure.gravatar.com\\\/avatar\\\/86f0a5c27d76317621b9e374d0f3a01d3a85278f10d0c7207ced4fd773057442?s=96&d=mm&r=g\",\"url\":\"https:\\\/\\\/secure.gravatar.com\\\/avatar\\\/86f0a5c27d76317621b9e374d0f3a01d3a85278f10d0c7207ced4fd773057442?s=96&d=mm&r=g\",\"contentUrl\":\"https:\\\/\\\/secure.gravatar.com\\\/avatar\\\/86f0a5c27d76317621b9e374d0f3a01d3a85278f10d0c7207ced4fd773057442?s=96&d=mm&r=g\",\"caption\":\"Sorbet-Kiwi\"},\"sameAs\":[\"http:\\\/\\\/sorbetkiwi.fr\"],\"url\":\"https:\\\/\\\/sorbetkiwi.fr\\\/index.php\\\/author\\\/admin7717\\\/\"}]}<\/script>\n<!-- \/ Yoast SEO plugin. -->","yoast_head_json":{"title":"The Reader - L'adaptation du Liseur - Sorbet Kiwi","description":"The Reader, adaptation du Liseur, m\u2019a profond\u00e9ment boulevers\u00e9e par son regard frontal sur le traumatisme et la honte g\u00e9n\u00e9rationnelle.","robots":{"index":"index","follow":"follow","max-snippet":"max-snippet:-1","max-image-preview":"max-image-preview:large","max-video-preview":"max-video-preview:-1"},"canonical":"https:\/\/sorbetkiwi.fr\/index.php\/the-reader-ladaptation-du-liseur\/","og_locale":"fr_FR","og_type":"article","og_title":"The Reader - L'adaptation du Liseur - Sorbet Kiwi","og_description":"The Reader, adaptation du Liseur, m\u2019a profond\u00e9ment boulevers\u00e9e par son regard frontal sur le traumatisme et la honte g\u00e9n\u00e9rationnelle.","og_url":"https:\/\/sorbetkiwi.fr\/index.php\/the-reader-ladaptation-du-liseur\/","og_site_name":"Sorbet Kiwi","article_publisher":"https:\/\/www.facebook.com\/profile.php?id=100086238893269","article_published_time":"2026-03-11T06:00:00+00:00","og_image":[{"width":1440,"height":1920,"url":"https:\/\/sorbetkiwi.fr\/wp-content\/uploads\/2026\/02\/The-Reader-Le-liseur-film.jpg","type":"image\/jpeg"}],"author":"Sorbet-Kiwi","twitter_card":"summary_large_image","twitter_creator":"@pepparshoes","twitter_site":"@pepparshoes","twitter_misc":{"\u00c9crit par":"Sorbet-Kiwi","Dur\u00e9e de lecture estim\u00e9e":"4 minutes"},"schema":{"@context":"https:\/\/schema.org","@graph":[{"@type":"Article","@id":"https:\/\/sorbetkiwi.fr\/index.php\/the-reader-ladaptation-du-liseur\/#article","isPartOf":{"@id":"https:\/\/sorbetkiwi.fr\/index.php\/the-reader-ladaptation-du-liseur\/"},"author":{"name":"Sorbet-Kiwi","@id":"https:\/\/sorbetkiwi.fr\/#\/schema\/person\/ed1b7b527a2957ddc3bf38b076540659"},"headline":"The Reader &#8211; L&rsquo;adaptation du Liseur","datePublished":"2026-03-11T06:00:00+00:00","mainEntityOfPage":{"@id":"https:\/\/sorbetkiwi.fr\/index.php\/the-reader-ladaptation-du-liseur\/"},"wordCount":687,"commentCount":2,"publisher":{"@id":"https:\/\/sorbetkiwi.fr\/#organization"},"image":{"@id":"https:\/\/sorbetkiwi.fr\/index.php\/the-reader-ladaptation-du-liseur\/#primaryimage"},"thumbnailUrl":"https:\/\/sorbetkiwi.fr\/wp-content\/uploads\/2026\/02\/The-Reader-Le-liseur-film.jpg","keywords":["Adaptation","Allemagne","Berlin","David Kross","Der Vorleser","film historique","Films","Heidelberg","Le liseur","Neustadt","Ralph Fiennes","Seconde Guerre Mondiale","Stephen Daldry","The Reader"],"articleSection":["Hiver","RDA","Tout le blog"],"inLanguage":"fr-FR","potentialAction":[{"@type":"CommentAction","name":"Comment","target":["https:\/\/sorbetkiwi.fr\/index.php\/the-reader-ladaptation-du-liseur\/#respond"]}]},{"@type":"WebPage","@id":"https:\/\/sorbetkiwi.fr\/index.php\/the-reader-ladaptation-du-liseur\/","url":"https:\/\/sorbetkiwi.fr\/index.php\/the-reader-ladaptation-du-liseur\/","name":"The Reader - L'adaptation du Liseur - Sorbet Kiwi","isPartOf":{"@id":"https:\/\/sorbetkiwi.fr\/#website"},"primaryImageOfPage":{"@id":"https:\/\/sorbetkiwi.fr\/index.php\/the-reader-ladaptation-du-liseur\/#primaryimage"},"image":{"@id":"https:\/\/sorbetkiwi.fr\/index.php\/the-reader-ladaptation-du-liseur\/#primaryimage"},"thumbnailUrl":"https:\/\/sorbetkiwi.fr\/wp-content\/uploads\/2026\/02\/The-Reader-Le-liseur-film.jpg","datePublished":"2026-03-11T06:00:00+00:00","description":"The Reader, adaptation du Liseur, m\u2019a profond\u00e9ment boulevers\u00e9e par son regard frontal sur le traumatisme et la honte g\u00e9n\u00e9rationnelle.","breadcrumb":{"@id":"https:\/\/sorbetkiwi.fr\/index.php\/the-reader-ladaptation-du-liseur\/#breadcrumb"},"inLanguage":"fr-FR","potentialAction":[{"@type":"ReadAction","target":["https:\/\/sorbetkiwi.fr\/index.php\/the-reader-ladaptation-du-liseur\/"]}]},{"@type":"ImageObject","inLanguage":"fr-FR","@id":"https:\/\/sorbetkiwi.fr\/index.php\/the-reader-ladaptation-du-liseur\/#primaryimage","url":"https:\/\/sorbetkiwi.fr\/wp-content\/uploads\/2026\/02\/The-Reader-Le-liseur-film.jpg","contentUrl":"https:\/\/sorbetkiwi.fr\/wp-content\/uploads\/2026\/02\/The-Reader-Le-liseur-film.jpg","width":1440,"height":1920,"caption":"Ordinateur portable affichant The Reader pos\u00e9 sur un canap\u00e9 avec le roman Der Vorleser de Bernhard Schlink au premier plan, dans un salon avec biblioth\u00e8que en arri\u00e8re plan."},{"@type":"BreadcrumbList","@id":"https:\/\/sorbetkiwi.fr\/index.php\/the-reader-ladaptation-du-liseur\/#breadcrumb","itemListElement":[{"@type":"ListItem","position":1,"name":"Accueil","item":"https:\/\/sorbetkiwi.fr\/"},{"@type":"ListItem","position":2,"name":"The Reader &#8211; L&rsquo;adaptation du Liseur"}]},{"@type":"WebSite","@id":"https:\/\/sorbetkiwi.fr\/#website","url":"https:\/\/sorbetkiwi.fr\/","name":"Sorbet Kiwi","description":"Des lectures th\u00e9matiques par saison et les avis qui vont avec","publisher":{"@id":"https:\/\/sorbetkiwi.fr\/#organization"},"potentialAction":[{"@type":"SearchAction","target":{"@type":"EntryPoint","urlTemplate":"https:\/\/sorbetkiwi.fr\/?s={search_term_string}"},"query-input":{"@type":"PropertyValueSpecification","valueRequired":true,"valueName":"search_term_string"}}],"inLanguage":"fr-FR"},{"@type":"Organization","@id":"https:\/\/sorbetkiwi.fr\/#organization","name":"Sorbet Kiwi","url":"https:\/\/sorbetkiwi.fr\/","logo":{"@type":"ImageObject","inLanguage":"fr-FR","@id":"https:\/\/sorbetkiwi.fr\/#\/schema\/logo\/image\/","url":"https:\/\/sorbetkiwi.fr\/wp-content\/uploads\/2022\/10\/Banniere-Sorbet-Kiwi-2022.jpg","contentUrl":"https:\/\/sorbetkiwi.fr\/wp-content\/uploads\/2022\/10\/Banniere-Sorbet-Kiwi-2022.jpg","width":814,"height":401,"caption":"Sorbet Kiwi"},"image":{"@id":"https:\/\/sorbetkiwi.fr\/#\/schema\/logo\/image\/"},"sameAs":["https:\/\/www.facebook.com\/profile.php?id=100086238893269","https:\/\/x.com\/pepparshoes","https:\/\/www.instagram.com\/sorbetkiwi\/","https:\/\/www.tiktok.com\/sorbetkiwi"]},{"@type":"Person","@id":"https:\/\/sorbetkiwi.fr\/#\/schema\/person\/ed1b7b527a2957ddc3bf38b076540659","name":"Sorbet-Kiwi","image":{"@type":"ImageObject","inLanguage":"fr-FR","@id":"https:\/\/secure.gravatar.com\/avatar\/86f0a5c27d76317621b9e374d0f3a01d3a85278f10d0c7207ced4fd773057442?s=96&d=mm&r=g","url":"https:\/\/secure.gravatar.com\/avatar\/86f0a5c27d76317621b9e374d0f3a01d3a85278f10d0c7207ced4fd773057442?s=96&d=mm&r=g","contentUrl":"https:\/\/secure.gravatar.com\/avatar\/86f0a5c27d76317621b9e374d0f3a01d3a85278f10d0c7207ced4fd773057442?s=96&d=mm&r=g","caption":"Sorbet-Kiwi"},"sameAs":["http:\/\/sorbetkiwi.fr"],"url":"https:\/\/sorbetkiwi.fr\/index.php\/author\/admin7717\/"}]}},"_links":{"self":[{"href":"https:\/\/sorbetkiwi.fr\/index.php\/wp-json\/wp\/v2\/posts\/9343","targetHints":{"allow":["GET"]}}],"collection":[{"href":"https:\/\/sorbetkiwi.fr\/index.php\/wp-json\/wp\/v2\/posts"}],"about":[{"href":"https:\/\/sorbetkiwi.fr\/index.php\/wp-json\/wp\/v2\/types\/post"}],"author":[{"embeddable":true,"href":"https:\/\/sorbetkiwi.fr\/index.php\/wp-json\/wp\/v2\/users\/1"}],"replies":[{"embeddable":true,"href":"https:\/\/sorbetkiwi.fr\/index.php\/wp-json\/wp\/v2\/comments?post=9343"}],"version-history":[{"count":4,"href":"https:\/\/sorbetkiwi.fr\/index.php\/wp-json\/wp\/v2\/posts\/9343\/revisions"}],"predecessor-version":[{"id":9348,"href":"https:\/\/sorbetkiwi.fr\/index.php\/wp-json\/wp\/v2\/posts\/9343\/revisions\/9348"}],"wp:featuredmedia":[{"embeddable":true,"href":"https:\/\/sorbetkiwi.fr\/index.php\/wp-json\/wp\/v2\/media\/9345"}],"wp:attachment":[{"href":"https:\/\/sorbetkiwi.fr\/index.php\/wp-json\/wp\/v2\/media?parent=9343"}],"wp:term":[{"taxonomy":"category","embeddable":true,"href":"https:\/\/sorbetkiwi.fr\/index.php\/wp-json\/wp\/v2\/categories?post=9343"},{"taxonomy":"post_tag","embeddable":true,"href":"https:\/\/sorbetkiwi.fr\/index.php\/wp-json\/wp\/v2\/tags?post=9343"}],"curies":[{"name":"wp","href":"https:\/\/api.w.org\/{rel}","templated":true}]}}