{"id":8754,"date":"2025-11-04T07:00:00","date_gmt":"2025-11-04T06:00:00","guid":{"rendered":"https:\/\/sorbetkiwi.fr\/?p=8754"},"modified":"2025-11-02T14:22:29","modified_gmt":"2025-11-02T13:22:29","slug":"le-jour-ou-rose-a-disparu-de-julien-sandrel","status":"publish","type":"post","link":"https:\/\/sorbetkiwi.fr\/index.php\/le-jour-ou-rose-a-disparu-de-julien-sandrel\/","title":{"rendered":"Le jour o\u00f9 Rose a disparu de Julien Sandrel"},"content":{"rendered":"\t\t<div data-elementor-type=\"wp-post\" data-elementor-id=\"8754\" class=\"elementor elementor-8754\">\n\t\t\t\t\t\t<section class=\"elementor-section elementor-top-section elementor-element elementor-element-2733499d elementor-section-boxed elementor-section-height-default elementor-section-height-default\" data-id=\"2733499d\" data-element_type=\"section\" data-e-type=\"section\">\n\t\t\t\t\t\t<div class=\"elementor-container elementor-column-gap-default\">\n\t\t\t\t\t<div class=\"elementor-column elementor-col-100 elementor-top-column elementor-element elementor-element-3559fec4\" data-id=\"3559fec4\" data-element_type=\"column\" data-e-type=\"column\">\n\t\t\t<div class=\"elementor-widget-wrap elementor-element-populated\">\n\t\t\t\t\t\t<div class=\"elementor-element elementor-element-7882bc8a elementor-widget elementor-widget-heading\" data-id=\"7882bc8a\" data-element_type=\"widget\" data-e-type=\"widget\" data-widget_type=\"heading.default\">\n\t\t\t\t<div class=\"elementor-widget-container\">\n\t\t\t\t\t<h1 class=\"elementor-heading-title elementor-size-medium\">Le jour o\u00f9 Rose a disparu, une lecture d'automne... mais pas que<\/h1>\t\t\t\t<\/div>\n\t\t\t\t<\/div>\n\t\t\t\t<div class=\"elementor-element elementor-element-302125d9 elementor-view-default elementor-widget elementor-widget-icon\" data-id=\"302125d9\" data-element_type=\"widget\" data-e-type=\"widget\" data-widget_type=\"icon.default\">\n\t\t\t\t<div class=\"elementor-widget-container\">\n\t\t\t\t\t\t\t<div class=\"elementor-icon-wrapper\">\n\t\t\t<div class=\"elementor-icon\">\n\t\t\t<i aria-hidden=\"true\" class=\"fab fa-canadian-maple-leaf\"><\/i>\t\t\t<\/div>\n\t\t<\/div>\n\t\t\t\t\t\t<\/div>\n\t\t\t\t<\/div>\n\t\t\t\t<div class=\"elementor-element elementor-element-237e77f elementor-widget-divider--view-line elementor-widget elementor-widget-divider\" data-id=\"237e77f\" data-element_type=\"widget\" data-e-type=\"widget\" data-widget_type=\"divider.default\">\n\t\t\t\t<div class=\"elementor-widget-container\">\n\t\t\t\t\t\t\t<div class=\"elementor-divider\">\n\t\t\t<span class=\"elementor-divider-separator\">\n\t\t\t\t\t\t<\/span>\n\t\t<\/div>\n\t\t\t\t\t\t<\/div>\n\t\t\t\t<\/div>\n\t\t\t\t<div class=\"elementor-element elementor-element-2ccb752c elementor-widget elementor-widget-heading\" data-id=\"2ccb752c\" data-element_type=\"widget\" data-e-type=\"widget\" data-widget_type=\"heading.default\">\n\t\t\t\t<div class=\"elementor-widget-container\">\n\t\t\t\t\t<h2 class=\"elementor-heading-title elementor-size-medium\">R\u00e9sum\u00e9<\/h2>\t\t\t\t<\/div>\n\t\t\t\t<\/div>\n\t\t\t\t<div class=\"elementor-element elementor-element-361aad2c elementor-widget elementor-widget-text-editor\" data-id=\"361aad2c\" data-element_type=\"widget\" data-e-type=\"widget\" data-widget_type=\"text-editor.default\">\n\t\t\t\t<div class=\"elementor-widget-container\">\n\t\t\t\t\t\t\t\t\t<p>\u00c0 Toulon, A\u00efda est embauch\u00e9e \u00e0 la Maison des femmes, un lieu unique o\u00f9 l\u2019on soigne et accompagne celles qui tentent de se relever de violences. Peu \u00e0 peu, elle s\u2019attache \u00e0 cet endroit \u00e0 part, \u00e0 ses patientes, \u00e0 son \u00e9quipe\u2026 mais reste sur ses gardes avec le jardinier b\u00e9n\u00e9vole, dont les silences la d\u00e9rangent autant qu\u2019ils l\u2019intriguent.<br \/>\u00c0 des centaines de kilom\u00e8tres de l\u00e0, Rose ouvre les yeux dans un h\u00f4pital de Bruxelles. Elle n\u2019a plus aucun souvenir de sa vie d\u2019avant. Le seul indice dont elle dispose, c\u2019est cette inscription griffonn\u00e9e sur sa hanche : un num\u00e9ro de t\u00e9l\u00e9phone et un pr\u00e9nom, \u00e0 moiti\u00e9 effac\u00e9s. Rose et A\u00efda ne se sont jamais vues, ne se connaissent pas. \u00a0Elles ne savent pas encore que leurs destins sont intimement li\u00e9s.<\/p>\t\t\t\t\t\t\t\t<\/div>\n\t\t\t\t<\/div>\n\t\t\t\t<div class=\"elementor-element elementor-element-2202785f elementor-widget-divider--view-line elementor-widget elementor-widget-divider\" data-id=\"2202785f\" data-element_type=\"widget\" data-e-type=\"widget\" data-widget_type=\"divider.default\">\n\t\t\t\t<div class=\"elementor-widget-container\">\n\t\t\t\t\t\t\t<div class=\"elementor-divider\">\n\t\t\t<span class=\"elementor-divider-separator\">\n\t\t\t\t\t\t<\/span>\n\t\t<\/div>\n\t\t\t\t\t\t<\/div>\n\t\t\t\t<\/div>\n\t\t\t\t<div class=\"elementor-element elementor-element-37d7f91c elementor-widget elementor-widget-heading\" data-id=\"37d7f91c\" data-element_type=\"widget\" data-e-type=\"widget\" data-widget_type=\"heading.default\">\n\t\t\t\t<div class=\"elementor-widget-container\">\n\t\t\t\t\t<h2 class=\"elementor-heading-title elementor-size-medium\">Une lecture d\u2019automne bouleversante<\/h2>\t\t\t\t<\/div>\n\t\t\t\t<\/div>\n\t\t\t\t<div class=\"elementor-element elementor-element-2efadb8a elementor-widget elementor-widget-text-editor\" data-id=\"2efadb8a\" data-element_type=\"widget\" data-e-type=\"widget\" data-widget_type=\"text-editor.default\">\n\t\t\t\t<div class=\"elementor-widget-container\">\n\t\t\t\t\t\t\t\t\t<p>Le jour o\u00f9 Rose a disparu d\u00e9bute en septembre, je le trouvais donc parfait pour la saison de <a href=\"https:\/\/sorbetkiwi.fr\/index.php\/category\/l-automne\/\">l\u2019automne<\/a>, m\u00eame si une grande partie se d\u00e9roule dans les Ardennes enneig\u00e9es. En v\u00e9rit\u00e9, c\u2019est une lecture intemporelle, tant que vous \u00eates pr\u00eat\u00b7e \u00e0 ressentir. J\u2019ai referm\u00e9 ce livre le visage tremp\u00e9, incapable de parler tant il m\u2019a secou\u00e9e. C\u2019est le genre de roman qu\u2019on ne peut pas vraiment r\u00e9sumer sans briser sa magie, mais qu\u2019on r\u00eave pourtant de faire d\u00e9couvrir au monde entier.<\/p>\t\t\t\t\t\t\t\t<\/div>\n\t\t\t\t<\/div>\n\t\t\t\t<div class=\"elementor-element elementor-element-1556fe76 elementor-widget-divider--view-line elementor-widget elementor-widget-divider\" data-id=\"1556fe76\" data-element_type=\"widget\" data-e-type=\"widget\" data-widget_type=\"divider.default\">\n\t\t\t\t<div class=\"elementor-widget-container\">\n\t\t\t\t\t\t\t<div class=\"elementor-divider\">\n\t\t\t<span class=\"elementor-divider-separator\">\n\t\t\t\t\t\t<\/span>\n\t\t<\/div>\n\t\t\t\t\t\t<\/div>\n\t\t\t\t<\/div>\n\t\t\t\t<div class=\"elementor-element elementor-element-221fec70 elementor-widget elementor-widget-heading\" data-id=\"221fec70\" data-element_type=\"widget\" data-e-type=\"widget\" data-widget_type=\"heading.default\">\n\t\t\t\t<div class=\"elementor-widget-container\">\n\t\t\t\t\t<h4 class=\"elementor-heading-title elementor-size-medium\">\"C'est prodigieux, ce pouvoir qu'ont les mots de transformer le r\u00e9el, transfigurer les ombres et po\u00e9tiser les fissures de l'\u00e2me.\"<\/h4>\t\t\t\t<\/div>\n\t\t\t\t<\/div>\n\t\t\t\t<div class=\"elementor-element elementor-element-15be05f6 elementor-widget-divider--view-line elementor-widget elementor-widget-divider\" data-id=\"15be05f6\" data-element_type=\"widget\" data-e-type=\"widget\" data-widget_type=\"divider.default\">\n\t\t\t\t<div class=\"elementor-widget-container\">\n\t\t\t\t\t\t\t<div class=\"elementor-divider\">\n\t\t\t<span class=\"elementor-divider-separator\">\n\t\t\t\t\t\t<\/span>\n\t\t<\/div>\n\t\t\t\t\t\t<\/div>\n\t\t\t\t<\/div>\n\t\t\t\t<div class=\"elementor-element elementor-element-341ae822 elementor-widget elementor-widget-heading\" data-id=\"341ae822\" data-element_type=\"widget\" data-e-type=\"widget\" data-widget_type=\"heading.default\">\n\t\t\t\t<div class=\"elementor-widget-container\">\n\t\t\t\t\t<h2 class=\"elementor-heading-title elementor-size-medium\">L\u2019exp\u00e9rience audio la plus prenante de l\u2019ann\u00e9e<\/h2>\t\t\t\t<\/div>\n\t\t\t\t<\/div>\n\t\t\t\t<div class=\"elementor-element elementor-element-119bab8f elementor-widget elementor-widget-text-editor\" data-id=\"119bab8f\" data-element_type=\"widget\" data-e-type=\"widget\" data-widget_type=\"text-editor.default\">\n\t\t\t\t<div class=\"elementor-widget-container\">\n\t\t\t\t\t\t\t\t\t<p>J\u2019ai commenc\u00e9 cette lecture en audio, disponible <a href=\"https:\/\/open.spotify.com\/show\/4cWti424RovwdFev1FXuzG?si=a92a27163fec41f5\">sur Spotify<\/a>, et j\u2019ai litt\u00e9ralement \u00e9puis\u00e9 mes douze heures d\u2019\u00e9coute mensuelles parce que je n\u2019arrivais plus \u00e0 m\u2019arr\u00eater. Et pourtant, c\u2019\u00e9tait le mois o\u00f9 Taylor Swift, Fredz et Demi Lovato sortaient tous un nouvel album ! C\u2019est dire \u00e0 quel point Julien Sandrel et les voix de Ninon Moreau, Astrid Roos et Alo\u00efse Sauvage m\u2019ont captiv\u00e9e. Leur interpr\u00e9tation donne vie \u00e0 une intrigue d\u2019une intensit\u00e9 folle, port\u00e9e par le lien myst\u00e9rieux entre A\u00efda et Rose. J\u2019\u00e9tais suspendue \u00e0 chaque mot narr\u00e9 par ses 3 femmes.<\/p>\t\t\t\t\t\t\t\t<\/div>\n\t\t\t\t<\/div>\n\t\t\t\t<div class=\"elementor-element elementor-element-34f1f8dd elementor-widget-divider--view-line elementor-widget elementor-widget-divider\" data-id=\"34f1f8dd\" data-element_type=\"widget\" data-e-type=\"widget\" data-widget_type=\"divider.default\">\n\t\t\t\t<div class=\"elementor-widget-container\">\n\t\t\t\t\t\t\t<div class=\"elementor-divider\">\n\t\t\t<span class=\"elementor-divider-separator\">\n\t\t\t\t\t\t<\/span>\n\t\t<\/div>\n\t\t\t\t\t\t<\/div>\n\t\t\t\t<\/div>\n\t\t\t\t<div class=\"elementor-element elementor-element-3bc5274 elementor-widget elementor-widget-heading\" data-id=\"3bc5274\" data-element_type=\"widget\" data-e-type=\"widget\" data-widget_type=\"heading.default\">\n\t\t\t\t<div class=\"elementor-widget-container\">\n\t\t\t\t\t<h2 class=\"elementor-heading-title elementor-size-medium\">Un roman d\u2019une justesse d\u00e9sarmante<\/h2>\t\t\t\t<\/div>\n\t\t\t\t<\/div>\n\t\t\t\t<div class=\"elementor-element elementor-element-6aa51414 elementor-widget elementor-widget-text-editor\" data-id=\"6aa51414\" data-element_type=\"widget\" data-e-type=\"widget\" data-widget_type=\"text-editor.default\">\n\t\t\t\t<div class=\"elementor-widget-container\">\n\t\t\t\t\t\t\t\t\t<p>J\u2019ai ador\u00e9 le cynisme de Rose, son humour malgr\u00e9 la douleur, et cette fa\u00e7on qu\u2019a l\u2019auteur de faire coexister lumi\u00e8re et noirceur. Si j\u2019avais devin\u00e9 une partie de l\u2019histoire, jamais je n\u2019aurais imagin\u00e9 l\u2019ampleur des r\u00e9v\u00e9lations. Julien Sandrel parvient \u00e0 tisser des fils d\u2019une profondeur impressionnante. C\u2019est le premier roman que je lis de lui, et je comprends d\u00e9sormais pourquoi on le cite si souvent. Son \u00e9criture est belle, elle est sinc\u00e8re, et elle est profond\u00e9ment humaine.<\/p><p>Les femmes qu\u2019il met en sc\u00e8ne sont multiples, complexes et vraies. D\u2019habitude, je suis assez critique envers les auteurs masculins qui pr\u00e9tendent parler pour nous, mais ici, il le fait avec une justesse et une bienveillance rares. Julien Sandrel est sans aucun doute un alli\u00e9. Et aussi l&rsquo;auteur qui m\u2019aura le plus \u00e9mue cette ann\u00e9e. Une fois l\u2019audio termin\u00e9, j\u2019ai d\u00e9vor\u00e9 la fin en papier d\u2019une traite, scotch\u00e9e \u00e0 mon canap\u00e9, les yeux embu\u00e9s. C\u2019est un roman intelligent, addictif, bouleversant. Et inoubliable. Coup de coeur gagnant de 2025 !<\/p>\t\t\t\t\t\t\t\t<\/div>\n\t\t\t\t<\/div>\n\t\t\t\t\t<\/div>\n\t\t<\/div>\n\t\t\t\t\t<\/div>\n\t\t<\/section>\n\t\t\t\t<\/div>\n\t\t","protected":false},"excerpt":{"rendered":"<p>Le jour o\u00f9 Rose a disparu, une lecture d&rsquo;automne&#8230; mais pas que R\u00e9sum\u00e9 \u00c0 Toulon, A\u00efda est embauch\u00e9e \u00e0 la Maison des femmes, un lieu unique o\u00f9 l\u2019on soigne et accompagne celles qui tentent de &hellip; <\/p>\n","protected":false},"author":1,"featured_media":8755,"comment_status":"open","ping_status":"open","sticky":false,"template":"","format":"standard","meta":{"footnotes":""},"categories":[9,15,1],"tags":[2335,2334,56,2332,2330,272,2329,2333,2336,2091,2331,230,52],"class_list":["post-8754","post","type-post","status-publish","format-standard","has-post-thumbnail","hentry","category-coups-de-coeur","category-l-automne","category-tout-le-blog","tag-aloise-sauvage","tag-astrid-roos","tag-audiobook","tag-coup-de-coeur-2025","tag-emotions","tag-harper-collins","tag-julien-sandrel","tag-le-jour-ou-rose-a-disparu","tag-lecture-audio-spotify","tag-litterature-francaise","tag-ninon-moreau","tag-roman-contemporain","tag-thriller-psychologique","has-single-img"],"yoast_head":"<!-- This site is optimized with the Yoast SEO plugin v27.4 - https:\/\/yoast.com\/product\/yoast-seo-wordpress\/ -->\n<title>Le jour o\u00f9 Rose a disparu de Julien Sandrel - Sorbet Kiwi<\/title>\n<meta name=\"description\" content=\"Le jour o\u00f9 Rose a disparu, un roman bouleversant et d\u2019une finesse rare, o\u00f9 Julien Sandrel tisse un lien inoubliable entre deux femmes.\" \/>\n<meta name=\"robots\" content=\"index, follow, max-snippet:-1, max-image-preview:large, max-video-preview:-1\" \/>\n<link rel=\"canonical\" href=\"https:\/\/sorbetkiwi.fr\/index.php\/le-jour-ou-rose-a-disparu-de-julien-sandrel\/\" \/>\n<meta property=\"og:locale\" content=\"fr_FR\" \/>\n<meta property=\"og:type\" content=\"article\" \/>\n<meta property=\"og:title\" content=\"Le jour o\u00f9 Rose a disparu de Julien Sandrel - Sorbet Kiwi\" \/>\n<meta property=\"og:description\" content=\"Le jour o\u00f9 Rose a disparu, un roman bouleversant et d\u2019une finesse rare, o\u00f9 Julien Sandrel tisse un lien inoubliable entre deux femmes.\" \/>\n<meta property=\"og:url\" content=\"https:\/\/sorbetkiwi.fr\/index.php\/le-jour-ou-rose-a-disparu-de-julien-sandrel\/\" \/>\n<meta property=\"og:site_name\" content=\"Sorbet Kiwi\" \/>\n<meta property=\"article:publisher\" content=\"https:\/\/www.facebook.com\/profile.php?id=100086238893269\" \/>\n<meta property=\"article:published_time\" content=\"2025-11-04T06:00:00+00:00\" \/>\n<meta property=\"og:image\" content=\"https:\/\/sorbetkiwi.fr\/wp-content\/uploads\/2025\/11\/Le-jour-ou-Rose-a-disparu-Julien-Sandrel-769x1024.jpg\" \/>\n\t<meta property=\"og:image:width\" content=\"769\" \/>\n\t<meta property=\"og:image:height\" content=\"1024\" \/>\n\t<meta property=\"og:image:type\" content=\"image\/jpeg\" \/>\n<meta name=\"author\" content=\"Sorbet-Kiwi\" \/>\n<meta name=\"twitter:card\" content=\"summary_large_image\" \/>\n<meta name=\"twitter:creator\" content=\"@pepparshoes\" \/>\n<meta name=\"twitter:site\" content=\"@pepparshoes\" \/>\n<meta name=\"twitter:label1\" content=\"\u00c9crit par\" \/>\n\t<meta name=\"twitter:data1\" content=\"Sorbet-Kiwi\" \/>\n\t<meta name=\"twitter:label2\" content=\"Dur\u00e9e de lecture estim\u00e9e\" \/>\n\t<meta name=\"twitter:data2\" content=\"3 minutes\" \/>\n<script type=\"application\/ld+json\" class=\"yoast-schema-graph\">{\"@context\":\"https:\\\/\\\/schema.org\",\"@graph\":[{\"@type\":\"Article\",\"@id\":\"https:\\\/\\\/sorbetkiwi.fr\\\/index.php\\\/le-jour-ou-rose-a-disparu-de-julien-sandrel\\\/#article\",\"isPartOf\":{\"@id\":\"https:\\\/\\\/sorbetkiwi.fr\\\/index.php\\\/le-jour-ou-rose-a-disparu-de-julien-sandrel\\\/\"},\"author\":{\"name\":\"Sorbet-Kiwi\",\"@id\":\"https:\\\/\\\/sorbetkiwi.fr\\\/#\\\/schema\\\/person\\\/ed1b7b527a2957ddc3bf38b076540659\"},\"headline\":\"Le jour o\u00f9 Rose a disparu de Julien Sandrel\",\"datePublished\":\"2025-11-04T06:00:00+00:00\",\"mainEntityOfPage\":{\"@id\":\"https:\\\/\\\/sorbetkiwi.fr\\\/index.php\\\/le-jour-ou-rose-a-disparu-de-julien-sandrel\\\/\"},\"wordCount\":610,\"commentCount\":2,\"publisher\":{\"@id\":\"https:\\\/\\\/sorbetkiwi.fr\\\/#organization\"},\"image\":{\"@id\":\"https:\\\/\\\/sorbetkiwi.fr\\\/index.php\\\/le-jour-ou-rose-a-disparu-de-julien-sandrel\\\/#primaryimage\"},\"thumbnailUrl\":\"https:\\\/\\\/sorbetkiwi.fr\\\/wp-content\\\/uploads\\\/2025\\\/11\\\/Le-jour-ou-Rose-a-disparu-Julien-Sandrel.jpg\",\"keywords\":[\"Alo\u00efse Sauvage\",\"Astrid Roos\",\"Audiobook\",\"Coup de c\u0153ur 2025\",\"\u00c9motions\",\"Harper Collins\",\"Julien Sandrel\",\"Le jour o\u00f9 Rose a disparu\",\"Lecture audio Spotify\",\"Litt\u00e9rature fran\u00e7aise\",\"Ninon Moreau\",\"Roman contemporain\",\"Thriller psychologique\"],\"articleSection\":[\"Coups de coeur\",\"L'automne\",\"Tout le blog\"],\"inLanguage\":\"fr-FR\",\"potentialAction\":[{\"@type\":\"CommentAction\",\"name\":\"Comment\",\"target\":[\"https:\\\/\\\/sorbetkiwi.fr\\\/index.php\\\/le-jour-ou-rose-a-disparu-de-julien-sandrel\\\/#respond\"]}]},{\"@type\":\"WebPage\",\"@id\":\"https:\\\/\\\/sorbetkiwi.fr\\\/index.php\\\/le-jour-ou-rose-a-disparu-de-julien-sandrel\\\/\",\"url\":\"https:\\\/\\\/sorbetkiwi.fr\\\/index.php\\\/le-jour-ou-rose-a-disparu-de-julien-sandrel\\\/\",\"name\":\"Le jour o\u00f9 Rose a disparu de Julien Sandrel - Sorbet Kiwi\",\"isPartOf\":{\"@id\":\"https:\\\/\\\/sorbetkiwi.fr\\\/#website\"},\"primaryImageOfPage\":{\"@id\":\"https:\\\/\\\/sorbetkiwi.fr\\\/index.php\\\/le-jour-ou-rose-a-disparu-de-julien-sandrel\\\/#primaryimage\"},\"image\":{\"@id\":\"https:\\\/\\\/sorbetkiwi.fr\\\/index.php\\\/le-jour-ou-rose-a-disparu-de-julien-sandrel\\\/#primaryimage\"},\"thumbnailUrl\":\"https:\\\/\\\/sorbetkiwi.fr\\\/wp-content\\\/uploads\\\/2025\\\/11\\\/Le-jour-ou-Rose-a-disparu-Julien-Sandrel.jpg\",\"datePublished\":\"2025-11-04T06:00:00+00:00\",\"description\":\"Le jour o\u00f9 Rose a disparu, un roman bouleversant et d\u2019une finesse rare, o\u00f9 Julien Sandrel tisse un lien inoubliable entre deux femmes.\",\"breadcrumb\":{\"@id\":\"https:\\\/\\\/sorbetkiwi.fr\\\/index.php\\\/le-jour-ou-rose-a-disparu-de-julien-sandrel\\\/#breadcrumb\"},\"inLanguage\":\"fr-FR\",\"potentialAction\":[{\"@type\":\"ReadAction\",\"target\":[\"https:\\\/\\\/sorbetkiwi.fr\\\/index.php\\\/le-jour-ou-rose-a-disparu-de-julien-sandrel\\\/\"]}]},{\"@type\":\"ImageObject\",\"inLanguage\":\"fr-FR\",\"@id\":\"https:\\\/\\\/sorbetkiwi.fr\\\/index.php\\\/le-jour-ou-rose-a-disparu-de-julien-sandrel\\\/#primaryimage\",\"url\":\"https:\\\/\\\/sorbetkiwi.fr\\\/wp-content\\\/uploads\\\/2025\\\/11\\\/Le-jour-ou-Rose-a-disparu-Julien-Sandrel.jpg\",\"contentUrl\":\"https:\\\/\\\/sorbetkiwi.fr\\\/wp-content\\\/uploads\\\/2025\\\/11\\\/Le-jour-ou-Rose-a-disparu-Julien-Sandrel.jpg\",\"width\":1441,\"height\":1920,\"caption\":\"Sc\u00e8ne automnale de pique-nique litt\u00e9raire, avec un panier en osier, un thermos orang\u00e9 Starbucks et le roman Le jour o\u00f9 Rose a disparu de Julien Sandrel pos\u00e9 sur une nappe \u00e0 carreaux rouges, dans une lumi\u00e8re dor\u00e9e de fin de journ\u00e9e.\"},{\"@type\":\"BreadcrumbList\",\"@id\":\"https:\\\/\\\/sorbetkiwi.fr\\\/index.php\\\/le-jour-ou-rose-a-disparu-de-julien-sandrel\\\/#breadcrumb\",\"itemListElement\":[{\"@type\":\"ListItem\",\"position\":1,\"name\":\"Accueil\",\"item\":\"https:\\\/\\\/sorbetkiwi.fr\\\/\"},{\"@type\":\"ListItem\",\"position\":2,\"name\":\"Le jour o\u00f9 Rose a disparu de Julien Sandrel\"}]},{\"@type\":\"WebSite\",\"@id\":\"https:\\\/\\\/sorbetkiwi.fr\\\/#website\",\"url\":\"https:\\\/\\\/sorbetkiwi.fr\\\/\",\"name\":\"Sorbet Kiwi\",\"description\":\"Des lectures th\u00e9matiques par saison et les avis qui vont avec\",\"publisher\":{\"@id\":\"https:\\\/\\\/sorbetkiwi.fr\\\/#organization\"},\"potentialAction\":[{\"@type\":\"SearchAction\",\"target\":{\"@type\":\"EntryPoint\",\"urlTemplate\":\"https:\\\/\\\/sorbetkiwi.fr\\\/?s={search_term_string}\"},\"query-input\":{\"@type\":\"PropertyValueSpecification\",\"valueRequired\":true,\"valueName\":\"search_term_string\"}}],\"inLanguage\":\"fr-FR\"},{\"@type\":\"Organization\",\"@id\":\"https:\\\/\\\/sorbetkiwi.fr\\\/#organization\",\"name\":\"Sorbet Kiwi\",\"url\":\"https:\\\/\\\/sorbetkiwi.fr\\\/\",\"logo\":{\"@type\":\"ImageObject\",\"inLanguage\":\"fr-FR\",\"@id\":\"https:\\\/\\\/sorbetkiwi.fr\\\/#\\\/schema\\\/logo\\\/image\\\/\",\"url\":\"https:\\\/\\\/sorbetkiwi.fr\\\/wp-content\\\/uploads\\\/2022\\\/10\\\/Banniere-Sorbet-Kiwi-2022.jpg\",\"contentUrl\":\"https:\\\/\\\/sorbetkiwi.fr\\\/wp-content\\\/uploads\\\/2022\\\/10\\\/Banniere-Sorbet-Kiwi-2022.jpg\",\"width\":814,\"height\":401,\"caption\":\"Sorbet Kiwi\"},\"image\":{\"@id\":\"https:\\\/\\\/sorbetkiwi.fr\\\/#\\\/schema\\\/logo\\\/image\\\/\"},\"sameAs\":[\"https:\\\/\\\/www.facebook.com\\\/profile.php?id=100086238893269\",\"https:\\\/\\\/x.com\\\/pepparshoes\",\"https:\\\/\\\/www.instagram.com\\\/sorbetkiwi\\\/\",\"https:\\\/\\\/www.tiktok.com\\\/sorbetkiwi\"]},{\"@type\":\"Person\",\"@id\":\"https:\\\/\\\/sorbetkiwi.fr\\\/#\\\/schema\\\/person\\\/ed1b7b527a2957ddc3bf38b076540659\",\"name\":\"Sorbet-Kiwi\",\"image\":{\"@type\":\"ImageObject\",\"inLanguage\":\"fr-FR\",\"@id\":\"https:\\\/\\\/secure.gravatar.com\\\/avatar\\\/86f0a5c27d76317621b9e374d0f3a01d3a85278f10d0c7207ced4fd773057442?s=96&d=mm&r=g\",\"url\":\"https:\\\/\\\/secure.gravatar.com\\\/avatar\\\/86f0a5c27d76317621b9e374d0f3a01d3a85278f10d0c7207ced4fd773057442?s=96&d=mm&r=g\",\"contentUrl\":\"https:\\\/\\\/secure.gravatar.com\\\/avatar\\\/86f0a5c27d76317621b9e374d0f3a01d3a85278f10d0c7207ced4fd773057442?s=96&d=mm&r=g\",\"caption\":\"Sorbet-Kiwi\"},\"sameAs\":[\"http:\\\/\\\/sorbetkiwi.fr\"],\"url\":\"https:\\\/\\\/sorbetkiwi.fr\\\/index.php\\\/author\\\/admin7717\\\/\"}]}<\/script>\n<!-- \/ Yoast SEO plugin. -->","yoast_head_json":{"title":"Le jour o\u00f9 Rose a disparu de Julien Sandrel - Sorbet Kiwi","description":"Le jour o\u00f9 Rose a disparu, un roman bouleversant et d\u2019une finesse rare, o\u00f9 Julien Sandrel tisse un lien inoubliable entre deux femmes.","robots":{"index":"index","follow":"follow","max-snippet":"max-snippet:-1","max-image-preview":"max-image-preview:large","max-video-preview":"max-video-preview:-1"},"canonical":"https:\/\/sorbetkiwi.fr\/index.php\/le-jour-ou-rose-a-disparu-de-julien-sandrel\/","og_locale":"fr_FR","og_type":"article","og_title":"Le jour o\u00f9 Rose a disparu de Julien Sandrel - Sorbet Kiwi","og_description":"Le jour o\u00f9 Rose a disparu, un roman bouleversant et d\u2019une finesse rare, o\u00f9 Julien Sandrel tisse un lien inoubliable entre deux femmes.","og_url":"https:\/\/sorbetkiwi.fr\/index.php\/le-jour-ou-rose-a-disparu-de-julien-sandrel\/","og_site_name":"Sorbet Kiwi","article_publisher":"https:\/\/www.facebook.com\/profile.php?id=100086238893269","article_published_time":"2025-11-04T06:00:00+00:00","og_image":[{"width":769,"height":1024,"url":"https:\/\/sorbetkiwi.fr\/wp-content\/uploads\/2025\/11\/Le-jour-ou-Rose-a-disparu-Julien-Sandrel-769x1024.jpg","type":"image\/jpeg"}],"author":"Sorbet-Kiwi","twitter_card":"summary_large_image","twitter_creator":"@pepparshoes","twitter_site":"@pepparshoes","twitter_misc":{"\u00c9crit par":"Sorbet-Kiwi","Dur\u00e9e de lecture estim\u00e9e":"3 minutes"},"schema":{"@context":"https:\/\/schema.org","@graph":[{"@type":"Article","@id":"https:\/\/sorbetkiwi.fr\/index.php\/le-jour-ou-rose-a-disparu-de-julien-sandrel\/#article","isPartOf":{"@id":"https:\/\/sorbetkiwi.fr\/index.php\/le-jour-ou-rose-a-disparu-de-julien-sandrel\/"},"author":{"name":"Sorbet-Kiwi","@id":"https:\/\/sorbetkiwi.fr\/#\/schema\/person\/ed1b7b527a2957ddc3bf38b076540659"},"headline":"Le jour o\u00f9 Rose a disparu de Julien Sandrel","datePublished":"2025-11-04T06:00:00+00:00","mainEntityOfPage":{"@id":"https:\/\/sorbetkiwi.fr\/index.php\/le-jour-ou-rose-a-disparu-de-julien-sandrel\/"},"wordCount":610,"commentCount":2,"publisher":{"@id":"https:\/\/sorbetkiwi.fr\/#organization"},"image":{"@id":"https:\/\/sorbetkiwi.fr\/index.php\/le-jour-ou-rose-a-disparu-de-julien-sandrel\/#primaryimage"},"thumbnailUrl":"https:\/\/sorbetkiwi.fr\/wp-content\/uploads\/2025\/11\/Le-jour-ou-Rose-a-disparu-Julien-Sandrel.jpg","keywords":["Alo\u00efse Sauvage","Astrid Roos","Audiobook","Coup de c\u0153ur 2025","\u00c9motions","Harper Collins","Julien Sandrel","Le jour o\u00f9 Rose a disparu","Lecture audio Spotify","Litt\u00e9rature fran\u00e7aise","Ninon Moreau","Roman contemporain","Thriller psychologique"],"articleSection":["Coups de coeur","L'automne","Tout le blog"],"inLanguage":"fr-FR","potentialAction":[{"@type":"CommentAction","name":"Comment","target":["https:\/\/sorbetkiwi.fr\/index.php\/le-jour-ou-rose-a-disparu-de-julien-sandrel\/#respond"]}]},{"@type":"WebPage","@id":"https:\/\/sorbetkiwi.fr\/index.php\/le-jour-ou-rose-a-disparu-de-julien-sandrel\/","url":"https:\/\/sorbetkiwi.fr\/index.php\/le-jour-ou-rose-a-disparu-de-julien-sandrel\/","name":"Le jour o\u00f9 Rose a disparu de Julien Sandrel - Sorbet Kiwi","isPartOf":{"@id":"https:\/\/sorbetkiwi.fr\/#website"},"primaryImageOfPage":{"@id":"https:\/\/sorbetkiwi.fr\/index.php\/le-jour-ou-rose-a-disparu-de-julien-sandrel\/#primaryimage"},"image":{"@id":"https:\/\/sorbetkiwi.fr\/index.php\/le-jour-ou-rose-a-disparu-de-julien-sandrel\/#primaryimage"},"thumbnailUrl":"https:\/\/sorbetkiwi.fr\/wp-content\/uploads\/2025\/11\/Le-jour-ou-Rose-a-disparu-Julien-Sandrel.jpg","datePublished":"2025-11-04T06:00:00+00:00","description":"Le jour o\u00f9 Rose a disparu, un roman bouleversant et d\u2019une finesse rare, o\u00f9 Julien Sandrel tisse un lien inoubliable entre deux femmes.","breadcrumb":{"@id":"https:\/\/sorbetkiwi.fr\/index.php\/le-jour-ou-rose-a-disparu-de-julien-sandrel\/#breadcrumb"},"inLanguage":"fr-FR","potentialAction":[{"@type":"ReadAction","target":["https:\/\/sorbetkiwi.fr\/index.php\/le-jour-ou-rose-a-disparu-de-julien-sandrel\/"]}]},{"@type":"ImageObject","inLanguage":"fr-FR","@id":"https:\/\/sorbetkiwi.fr\/index.php\/le-jour-ou-rose-a-disparu-de-julien-sandrel\/#primaryimage","url":"https:\/\/sorbetkiwi.fr\/wp-content\/uploads\/2025\/11\/Le-jour-ou-Rose-a-disparu-Julien-Sandrel.jpg","contentUrl":"https:\/\/sorbetkiwi.fr\/wp-content\/uploads\/2025\/11\/Le-jour-ou-Rose-a-disparu-Julien-Sandrel.jpg","width":1441,"height":1920,"caption":"Sc\u00e8ne automnale de pique-nique litt\u00e9raire, avec un panier en osier, un thermos orang\u00e9 Starbucks et le roman Le jour o\u00f9 Rose a disparu de Julien Sandrel pos\u00e9 sur une nappe \u00e0 carreaux rouges, dans une lumi\u00e8re dor\u00e9e de fin de journ\u00e9e."},{"@type":"BreadcrumbList","@id":"https:\/\/sorbetkiwi.fr\/index.php\/le-jour-ou-rose-a-disparu-de-julien-sandrel\/#breadcrumb","itemListElement":[{"@type":"ListItem","position":1,"name":"Accueil","item":"https:\/\/sorbetkiwi.fr\/"},{"@type":"ListItem","position":2,"name":"Le jour o\u00f9 Rose a disparu de Julien Sandrel"}]},{"@type":"WebSite","@id":"https:\/\/sorbetkiwi.fr\/#website","url":"https:\/\/sorbetkiwi.fr\/","name":"Sorbet Kiwi","description":"Des lectures th\u00e9matiques par saison et les avis qui vont avec","publisher":{"@id":"https:\/\/sorbetkiwi.fr\/#organization"},"potentialAction":[{"@type":"SearchAction","target":{"@type":"EntryPoint","urlTemplate":"https:\/\/sorbetkiwi.fr\/?s={search_term_string}"},"query-input":{"@type":"PropertyValueSpecification","valueRequired":true,"valueName":"search_term_string"}}],"inLanguage":"fr-FR"},{"@type":"Organization","@id":"https:\/\/sorbetkiwi.fr\/#organization","name":"Sorbet Kiwi","url":"https:\/\/sorbetkiwi.fr\/","logo":{"@type":"ImageObject","inLanguage":"fr-FR","@id":"https:\/\/sorbetkiwi.fr\/#\/schema\/logo\/image\/","url":"https:\/\/sorbetkiwi.fr\/wp-content\/uploads\/2022\/10\/Banniere-Sorbet-Kiwi-2022.jpg","contentUrl":"https:\/\/sorbetkiwi.fr\/wp-content\/uploads\/2022\/10\/Banniere-Sorbet-Kiwi-2022.jpg","width":814,"height":401,"caption":"Sorbet Kiwi"},"image":{"@id":"https:\/\/sorbetkiwi.fr\/#\/schema\/logo\/image\/"},"sameAs":["https:\/\/www.facebook.com\/profile.php?id=100086238893269","https:\/\/x.com\/pepparshoes","https:\/\/www.instagram.com\/sorbetkiwi\/","https:\/\/www.tiktok.com\/sorbetkiwi"]},{"@type":"Person","@id":"https:\/\/sorbetkiwi.fr\/#\/schema\/person\/ed1b7b527a2957ddc3bf38b076540659","name":"Sorbet-Kiwi","image":{"@type":"ImageObject","inLanguage":"fr-FR","@id":"https:\/\/secure.gravatar.com\/avatar\/86f0a5c27d76317621b9e374d0f3a01d3a85278f10d0c7207ced4fd773057442?s=96&d=mm&r=g","url":"https:\/\/secure.gravatar.com\/avatar\/86f0a5c27d76317621b9e374d0f3a01d3a85278f10d0c7207ced4fd773057442?s=96&d=mm&r=g","contentUrl":"https:\/\/secure.gravatar.com\/avatar\/86f0a5c27d76317621b9e374d0f3a01d3a85278f10d0c7207ced4fd773057442?s=96&d=mm&r=g","caption":"Sorbet-Kiwi"},"sameAs":["http:\/\/sorbetkiwi.fr"],"url":"https:\/\/sorbetkiwi.fr\/index.php\/author\/admin7717\/"}]}},"_links":{"self":[{"href":"https:\/\/sorbetkiwi.fr\/index.php\/wp-json\/wp\/v2\/posts\/8754","targetHints":{"allow":["GET"]}}],"collection":[{"href":"https:\/\/sorbetkiwi.fr\/index.php\/wp-json\/wp\/v2\/posts"}],"about":[{"href":"https:\/\/sorbetkiwi.fr\/index.php\/wp-json\/wp\/v2\/types\/post"}],"author":[{"embeddable":true,"href":"https:\/\/sorbetkiwi.fr\/index.php\/wp-json\/wp\/v2\/users\/1"}],"replies":[{"embeddable":true,"href":"https:\/\/sorbetkiwi.fr\/index.php\/wp-json\/wp\/v2\/comments?post=8754"}],"version-history":[{"count":4,"href":"https:\/\/sorbetkiwi.fr\/index.php\/wp-json\/wp\/v2\/posts\/8754\/revisions"}],"predecessor-version":[{"id":8759,"href":"https:\/\/sorbetkiwi.fr\/index.php\/wp-json\/wp\/v2\/posts\/8754\/revisions\/8759"}],"wp:featuredmedia":[{"embeddable":true,"href":"https:\/\/sorbetkiwi.fr\/index.php\/wp-json\/wp\/v2\/media\/8755"}],"wp:attachment":[{"href":"https:\/\/sorbetkiwi.fr\/index.php\/wp-json\/wp\/v2\/media?parent=8754"}],"wp:term":[{"taxonomy":"category","embeddable":true,"href":"https:\/\/sorbetkiwi.fr\/index.php\/wp-json\/wp\/v2\/categories?post=8754"},{"taxonomy":"post_tag","embeddable":true,"href":"https:\/\/sorbetkiwi.fr\/index.php\/wp-json\/wp\/v2\/tags?post=8754"}],"curies":[{"name":"wp","href":"https:\/\/api.w.org\/{rel}","templated":true}]}}