{"id":8737,"date":"2025-11-02T07:00:00","date_gmt":"2025-11-02T06:00:00","guid":{"rendered":"https:\/\/sorbetkiwi.fr\/?p=8737"},"modified":"2025-10-29T20:40:16","modified_gmt":"2025-10-29T19:40:16","slug":"la-petite-voleuse-de-la-tour-eiffel-de-manini-richez-et-ratte","status":"publish","type":"post","link":"https:\/\/sorbetkiwi.fr\/index.php\/la-petite-voleuse-de-la-tour-eiffel-de-manini-richez-et-ratte\/","title":{"rendered":"La petite voleuse de la Tour Eiffel de Manini, Richez et Ratte"},"content":{"rendered":"\t\t<div data-elementor-type=\"wp-post\" data-elementor-id=\"8737\" class=\"elementor elementor-8737\">\n\t\t\t\t\t\t<section class=\"elementor-section elementor-top-section elementor-element elementor-element-5be0d3bd elementor-section-boxed elementor-section-height-default elementor-section-height-default\" data-id=\"5be0d3bd\" data-element_type=\"section\" data-e-type=\"section\">\n\t\t\t\t\t\t<div class=\"elementor-container elementor-column-gap-default\">\n\t\t\t\t\t<div class=\"elementor-column elementor-col-100 elementor-top-column elementor-element elementor-element-7bf08504\" data-id=\"7bf08504\" data-element_type=\"column\" data-e-type=\"column\">\n\t\t\t<div class=\"elementor-widget-wrap elementor-element-populated\">\n\t\t\t\t\t\t<div class=\"elementor-element elementor-element-4bfd3c3 elementor-widget elementor-widget-heading\" data-id=\"4bfd3c3\" data-element_type=\"widget\" data-e-type=\"widget\" data-widget_type=\"heading.default\">\n\t\t\t\t<div class=\"elementor-widget-container\">\n\t\t\t\t\t<h1 class=\"elementor-heading-title elementor-size-medium\">La petite voleuse de la Tour Eiffel... \u00e0 Wissembourg !<\/h1>\t\t\t\t<\/div>\n\t\t\t\t<\/div>\n\t\t\t\t<div class=\"elementor-element elementor-element-2a61f9a elementor-view-default elementor-widget elementor-widget-icon\" data-id=\"2a61f9a\" data-element_type=\"widget\" data-e-type=\"widget\" data-widget_type=\"icon.default\">\n\t\t\t\t<div class=\"elementor-widget-container\">\n\t\t\t\t\t\t\t<div class=\"elementor-icon-wrapper\">\n\t\t\t<div class=\"elementor-icon\">\n\t\t\t<i aria-hidden=\"true\" class=\"fab fa-canadian-maple-leaf\"><\/i>\t\t\t<\/div>\n\t\t<\/div>\n\t\t\t\t\t\t<\/div>\n\t\t\t\t<\/div>\n\t\t\t\t<div class=\"elementor-element elementor-element-4f6b0f62 elementor-widget-divider--view-line elementor-widget elementor-widget-divider\" data-id=\"4f6b0f62\" data-element_type=\"widget\" data-e-type=\"widget\" data-widget_type=\"divider.default\">\n\t\t\t\t<div class=\"elementor-widget-container\">\n\t\t\t\t\t\t\t<div class=\"elementor-divider\">\n\t\t\t<span class=\"elementor-divider-separator\">\n\t\t\t\t\t\t<\/span>\n\t\t<\/div>\n\t\t\t\t\t\t<\/div>\n\t\t\t\t<\/div>\n\t\t\t\t<div class=\"elementor-element elementor-element-51fccf8f elementor-widget elementor-widget-heading\" data-id=\"51fccf8f\" data-element_type=\"widget\" data-e-type=\"widget\" data-widget_type=\"heading.default\">\n\t\t\t\t<div class=\"elementor-widget-container\">\n\t\t\t\t\t<h2 class=\"elementor-heading-title elementor-size-medium\">R\u00e9sum\u00e9<\/h2>\t\t\t\t<\/div>\n\t\t\t\t<\/div>\n\t\t\t\t<div class=\"elementor-element elementor-element-1d60d3a9 elementor-widget elementor-widget-text-editor\" data-id=\"1d60d3a9\" data-element_type=\"widget\" data-e-type=\"widget\" data-widget_type=\"text-editor.default\">\n\t\t\t\t<div class=\"elementor-widget-container\">\n\t\t\t\t\t\t\t\t\t<p>\u201cQui aurait cru que de simples vols \u00e0 la tire d\u00e9boucheraient sur un complot capable de pulv\u00e9riser la IIIe R\u00e9publique ? \u201d<br \/>Paris, 1904. Une pickpocket experte en d\u00e9guisements s\u00e9vit sur le parvis de la tour Eiffel. Elle vole une sacoche au symbole des francs-ma\u00e7ons. Et un portefeuille contenant une lettre qui annonce un suicide. Touch\u00e9e par tant de d\u00e9tresse, la petite voleuse d\u00e9cide de sauver ce Jules. Mais elle ignore qu\u2019il est policier et d\u00e9j\u00e0 \u00e0 ses trousses. Il la traque, elle le cherche\u2026 Quant \u00e0 la sacoche, un abb\u00e9 et un d\u00e9put\u00e9 royalistes sont pr\u00eats \u00e0 tout pour r\u00e9cup\u00e9rer les fiches explosives qu\u2019elle contient ! Et pour cause : elles peuvent d\u00e9clencher le plus grand scandale d\u2019\u00e9tat que la r\u00e9publique n\u2019a jamais connu\u2026<\/p>\t\t\t\t\t\t\t\t<\/div>\n\t\t\t\t<\/div>\n\t\t\t\t<div class=\"elementor-element elementor-element-790674e6 elementor-widget-divider--view-line elementor-widget elementor-widget-divider\" data-id=\"790674e6\" data-element_type=\"widget\" data-e-type=\"widget\" data-widget_type=\"divider.default\">\n\t\t\t\t<div class=\"elementor-widget-container\">\n\t\t\t\t\t\t\t<div class=\"elementor-divider\">\n\t\t\t<span class=\"elementor-divider-separator\">\n\t\t\t\t\t\t<\/span>\n\t\t<\/div>\n\t\t\t\t\t\t<\/div>\n\t\t\t\t<\/div>\n\t\t\t\t<div class=\"elementor-element elementor-element-55b60264 elementor-widget elementor-widget-heading\" data-id=\"55b60264\" data-element_type=\"widget\" data-e-type=\"widget\" data-widget_type=\"heading.default\">\n\t\t\t\t<div class=\"elementor-widget-container\">\n\t\t\t\t\t<h2 class=\"elementor-heading-title elementor-size-medium\">Un printemps qui cache un automne<\/h2>\t\t\t\t<\/div>\n\t\t\t\t<\/div>\n\t\t\t\t<div class=\"elementor-element elementor-element-382024cf elementor-widget elementor-widget-text-editor\" data-id=\"382024cf\" data-element_type=\"widget\" data-e-type=\"widget\" data-widget_type=\"text-editor.default\">\n\t\t\t\t<div class=\"elementor-widget-container\">\n\t\t\t\t\t\t\t\t\t<p>\u00c0 l\u2019origine, je comptais parler de cette BD au <a href=\"https:\/\/sorbetkiwi.fr\/index.php\/category\/le-printemps\/\">printemps<\/a> pour une raison \u00e9vidente : les fleurs dans le panier de la petite voleuse de la Tour Eiffel ! Honn\u00eatement, cette couverture ne vous fait pas plus penser au mois d\u2019avril qu\u2019\u00e0 celui d\u2019octobre ? Et pourtant, c\u2019est bien \u00e0 l\u2019automne que se d\u00e9roule le r\u00e9cit. Le 12 octobre 1904, pr\u00e9cis\u00e9ment. Quelle surprise !<br data-start=\"1003\" data-end=\"1006\" \/>Ma carte de biblioth\u00e8que ne me permettant pas d\u2019emprunter un document durant sept mois (et heureusement sinon je ne les rendrais jamais, #retardatairechronique), je l\u2019ai finalement lue en \u00e9t\u00e9. Et, en r\u00e9alit\u00e9, m\u00eame si l\u2019histoire se d\u00e9roule dans le dernier trimestre de l\u2019ann\u00e9e, elle se lirait tout aussi bien \u00e0 n\u2019importe quelle autre saison, sinc\u00e8rement.<\/p>\t\t\t\t\t\t\t\t<\/div>\n\t\t\t\t<\/div>\n\t\t\t\t<div class=\"elementor-element elementor-element-6062211d elementor-widget-divider--view-line elementor-widget elementor-widget-divider\" data-id=\"6062211d\" data-element_type=\"widget\" data-e-type=\"widget\" data-widget_type=\"divider.default\">\n\t\t\t\t<div class=\"elementor-widget-container\">\n\t\t\t\t\t\t\t<div class=\"elementor-divider\">\n\t\t\t<span class=\"elementor-divider-separator\">\n\t\t\t\t\t\t<\/span>\n\t\t<\/div>\n\t\t\t\t\t\t<\/div>\n\t\t\t\t<\/div>\n\t\t\t\t<div class=\"elementor-element elementor-element-6af9fc61 elementor-widget elementor-widget-heading\" data-id=\"6af9fc61\" data-element_type=\"widget\" data-e-type=\"widget\" data-widget_type=\"heading.default\">\n\t\t\t\t<div class=\"elementor-widget-container\">\n\t\t\t\t\t<h4 class=\"elementor-heading-title elementor-size-medium\">\"Un homme pr\u00eat \u00e0 mourir par amour m\u00e9riterait au moins de vivre.\"<\/h4>\t\t\t\t<\/div>\n\t\t\t\t<\/div>\n\t\t\t\t<div class=\"elementor-element elementor-element-1611ea11 elementor-widget-divider--view-line elementor-widget elementor-widget-divider\" data-id=\"1611ea11\" data-element_type=\"widget\" data-e-type=\"widget\" data-widget_type=\"divider.default\">\n\t\t\t\t<div class=\"elementor-widget-container\">\n\t\t\t\t\t\t\t<div class=\"elementor-divider\">\n\t\t\t<span class=\"elementor-divider-separator\">\n\t\t\t\t\t\t<\/span>\n\t\t<\/div>\n\t\t\t\t\t\t<\/div>\n\t\t\t\t<\/div>\n\t\t\t\t<div class=\"elementor-element elementor-element-5bed669c elementor-widget elementor-widget-heading\" data-id=\"5bed669c\" data-element_type=\"widget\" data-e-type=\"widget\" data-widget_type=\"heading.default\">\n\t\t\t\t<div class=\"elementor-widget-container\">\n\t\t\t\t\t<h2 class=\"elementor-heading-title elementor-size-medium\">Une saga historique \u00e0 d\u00e9couvrir<\/h2>\t\t\t\t<\/div>\n\t\t\t\t<\/div>\n\t\t\t\t<div class=\"elementor-element elementor-element-6727cecd elementor-widget elementor-widget-text-editor\" data-id=\"6727cecd\" data-element_type=\"widget\" data-e-type=\"widget\" data-widget_type=\"text-editor.default\">\n\t\t\t\t<div class=\"elementor-widget-container\">\n\t\t\t\t\t\t\t\t\t<p>C\u2019est en fait une sorte de petite saga. Il existe aussi un autre album du m\u00eame univers, <a href=\"https:\/\/www.livraddict.com\/biblio\/livre\/le-canonnier-de-la-tour-eiffel.html\"><em data-start=\"1493\" data-end=\"1525\">Le canonnier de la Tour Eiffel<\/em><\/a>. Il va falloir que je l\u2019ajoute \u00e0 ma liste d\u2019emprunts ! Et je crois bien qu\u2019au d\u00e9but de <em data-start=\"1613\" data-end=\"1650\">La petite voleuse de la Tour Eiffel<\/em>, un clin d\u2019\u0153il est fait \u00e0 ce premier tome puisqu\u2019on croise un canonnier sur la grande Dame. Je dois dire que j\u2019ai eu un v\u00e9ritable coup de c\u0153ur pour cette seconde BD historique du trio d\u2019auteurs, qui m\u00eale avec brio suspense, action, humour, vengeance et amour. Le rythme est super dynamique, les personnages principaux sont attachants, les secondaires d\u00e9licieusement d\u00e9testables\u2026 C\u2019\u00e9tait vraiment un excellent moment de lecture que je recommande chaudement.<\/p>\t\t\t\t\t\t\t\t<\/div>\n\t\t\t\t<\/div>\n\t\t\t\t<div class=\"elementor-element elementor-element-1576f623 elementor-widget-divider--view-line elementor-widget elementor-widget-divider\" data-id=\"1576f623\" data-element_type=\"widget\" data-e-type=\"widget\" data-widget_type=\"divider.default\">\n\t\t\t\t<div class=\"elementor-widget-container\">\n\t\t\t\t\t\t\t<div class=\"elementor-divider\">\n\t\t\t<span class=\"elementor-divider-separator\">\n\t\t\t\t\t\t<\/span>\n\t\t<\/div>\n\t\t\t\t\t\t<\/div>\n\t\t\t\t<\/div>\n\t\t\t\t<div class=\"elementor-element elementor-element-96e14c3 elementor-widget elementor-widget-heading\" data-id=\"96e14c3\" data-element_type=\"widget\" data-e-type=\"widget\" data-widget_type=\"heading.default\">\n\t\t\t\t<div class=\"elementor-widget-container\">\n\t\t\t\t\t<h2 class=\"elementor-heading-title elementor-size-medium\">Entre complot, histoire et \u00e9motion<\/h2>\t\t\t\t<\/div>\n\t\t\t\t<\/div>\n\t\t\t\t<div class=\"elementor-element elementor-element-11fe6a71 elementor-widget elementor-widget-text-editor\" data-id=\"11fe6a71\" data-element_type=\"widget\" data-e-type=\"widget\" data-widget_type=\"text-editor.default\">\n\t\t\t\t<div class=\"elementor-widget-container\">\n\t\t\t\t\t\t\t\t\t<p>Ce qui m\u2019a particuli\u00e8rement s\u00e9duite, c\u2019est l\u2019aspect historique. \u00c0 travers un vrai divertissement, comme une excellente s\u00e9rie TV, les auteurs nous font revivre le scandale des fiches, un des plus gros scandales de la Troisi\u00e8me R\u00e9publique. Un complot passionnant, impliquant monarchistes, francs-ma\u00e7ons, militaires et policiers\u2026 que je ne connaissais absolument pas ! Le tout est mis en valeur par un dessin dans la plus pure tradition franco-belge, relev\u00e9 par des couleurs vives qui collent parfaitement \u00e0 l\u2019\u00e9nergie du r\u00e9cit. Et m\u00eame la fin m\u2019a un peu \u00e9mue. En un claquement de doigts, je me suis retrouv\u00e9e embarqu\u00e9e dans l\u2019histoire sans vouloir la quitter. C\u2019est ce que j\u2019appellerais sans h\u00e9siter un coup de c\u0153ur BD !<\/p>\t\t\t\t\t\t\t\t<\/div>\n\t\t\t\t<\/div>\n\t\t\t\t\t<\/div>\n\t\t<\/div>\n\t\t\t\t\t<\/div>\n\t\t<\/section>\n\t\t\t\t<\/div>\n\t\t","protected":false},"excerpt":{"rendered":"<p>La petite voleuse de la Tour Eiffel&#8230; \u00e0 Wissembourg ! R\u00e9sum\u00e9 \u201cQui aurait cru que de simples vols \u00e0 la tire d\u00e9boucheraient sur un complot capable de pulv\u00e9riser la IIIe R\u00e9publique ? \u201dParis, 1904. Une &hellip; <\/p>\n","protected":false},"author":1,"featured_media":8738,"comment_status":"open","ping_status":"open","sticky":false,"template":"","format":"standard","meta":{"footnotes":""},"categories":[9,15,1],"tags":[220,80,79,2316,65,813,887,2320,1311,2319,2318,2321,2317],"class_list":["post-8737","post","type-post","status-publish","format-standard","has-post-thumbnail","hentry","category-coups-de-coeur","category-l-automne","category-tout-le-blog","tag-automne","tag-bande-dessinee","tag-bd","tag-canonnier-de-la-tour-eiffel","tag-coup-de-coeur","tag-david-ratte","tag-grand-angle","tag-herve-richez","tag-histoire","tag-jack-manini","tag-la-petite-voleuse-de-la-tour-eiffel","tag-republique-francaise","tag-scandale-des-fiches","has-single-img"],"yoast_head":"<!-- This site is optimized with the Yoast SEO plugin v27.4 - https:\/\/yoast.com\/product\/yoast-seo-wordpress\/ -->\n<title>La petite voleuse de la Tour Eiffel de Manini, Richez et Ratte - Sorbet Kiwi<\/title>\n<meta name=\"description\" content=\"Un coup de c\u0153ur BD historique plein d\u2019action, d\u2019humour et d\u2019\u00e9motion, au c\u0153ur du scandale des fiches sous la Tour Eiffel en 1904.\" \/>\n<meta name=\"robots\" content=\"index, follow, max-snippet:-1, max-image-preview:large, max-video-preview:-1\" \/>\n<link rel=\"canonical\" href=\"https:\/\/sorbetkiwi.fr\/index.php\/la-petite-voleuse-de-la-tour-eiffel-de-manini-richez-et-ratte\/\" \/>\n<meta property=\"og:locale\" content=\"fr_FR\" \/>\n<meta property=\"og:type\" content=\"article\" \/>\n<meta property=\"og:title\" content=\"La petite voleuse de la Tour Eiffel de Manini, Richez et Ratte - Sorbet Kiwi\" \/>\n<meta property=\"og:description\" content=\"Un coup de c\u0153ur BD historique plein d\u2019action, d\u2019humour et d\u2019\u00e9motion, au c\u0153ur du scandale des fiches sous la Tour Eiffel en 1904.\" \/>\n<meta property=\"og:url\" content=\"https:\/\/sorbetkiwi.fr\/index.php\/la-petite-voleuse-de-la-tour-eiffel-de-manini-richez-et-ratte\/\" \/>\n<meta property=\"og:site_name\" content=\"Sorbet Kiwi\" \/>\n<meta property=\"article:publisher\" content=\"https:\/\/www.facebook.com\/profile.php?id=100086238893269\" \/>\n<meta property=\"article:published_time\" content=\"2025-11-02T06:00:00+00:00\" \/>\n<meta property=\"og:image\" content=\"https:\/\/sorbetkiwi.fr\/wp-content\/uploads\/2025\/10\/La-petite-voleuse-de-la-tour-Eiffel-Manini-Richez-Ratte-768x1024.jpg\" \/>\n\t<meta property=\"og:image:width\" content=\"768\" \/>\n\t<meta property=\"og:image:height\" content=\"1024\" \/>\n\t<meta property=\"og:image:type\" content=\"image\/jpeg\" \/>\n<meta name=\"author\" content=\"Sorbet-Kiwi\" \/>\n<meta name=\"twitter:card\" content=\"summary_large_image\" \/>\n<meta name=\"twitter:creator\" content=\"@pepparshoes\" \/>\n<meta name=\"twitter:site\" content=\"@pepparshoes\" \/>\n<meta name=\"twitter:label1\" content=\"\u00c9crit par\" \/>\n\t<meta name=\"twitter:data1\" content=\"Sorbet-Kiwi\" \/>\n\t<meta name=\"twitter:label2\" content=\"Dur\u00e9e de lecture estim\u00e9e\" \/>\n\t<meta name=\"twitter:data2\" content=\"3 minutes\" \/>\n<script type=\"application\/ld+json\" class=\"yoast-schema-graph\">{\"@context\":\"https:\\\/\\\/schema.org\",\"@graph\":[{\"@type\":\"Article\",\"@id\":\"https:\\\/\\\/sorbetkiwi.fr\\\/index.php\\\/la-petite-voleuse-de-la-tour-eiffel-de-manini-richez-et-ratte\\\/#article\",\"isPartOf\":{\"@id\":\"https:\\\/\\\/sorbetkiwi.fr\\\/index.php\\\/la-petite-voleuse-de-la-tour-eiffel-de-manini-richez-et-ratte\\\/\"},\"author\":{\"name\":\"Sorbet-Kiwi\",\"@id\":\"https:\\\/\\\/sorbetkiwi.fr\\\/#\\\/schema\\\/person\\\/ed1b7b527a2957ddc3bf38b076540659\"},\"headline\":\"La petite voleuse de la Tour Eiffel de Manini, Richez et Ratte\",\"datePublished\":\"2025-11-02T06:00:00+00:00\",\"mainEntityOfPage\":{\"@id\":\"https:\\\/\\\/sorbetkiwi.fr\\\/index.php\\\/la-petite-voleuse-de-la-tour-eiffel-de-manini-richez-et-ratte\\\/\"},\"wordCount\":581,\"commentCount\":0,\"publisher\":{\"@id\":\"https:\\\/\\\/sorbetkiwi.fr\\\/#organization\"},\"image\":{\"@id\":\"https:\\\/\\\/sorbetkiwi.fr\\\/index.php\\\/la-petite-voleuse-de-la-tour-eiffel-de-manini-richez-et-ratte\\\/#primaryimage\"},\"thumbnailUrl\":\"https:\\\/\\\/sorbetkiwi.fr\\\/wp-content\\\/uploads\\\/2025\\\/10\\\/La-petite-voleuse-de-la-tour-Eiffel-Manini-Richez-Ratte.jpg\",\"keywords\":[\"Automne\",\"Bande dessin\u00e9e\",\"BD\",\"Canonnier de la Tour Eiffel\",\"Coup de c\u0153ur\",\"David Ratte\",\"Grand Angle\",\"Herv\u00e9 Richez\",\"Histoire\",\"Jack Manini\",\"La petite voleuse de la Tour Eiffel\",\"R\u00e9publique fran\u00e7aise\",\"Scandale des fiches\"],\"articleSection\":[\"Coups de coeur\",\"L'automne\",\"Tout le blog\"],\"inLanguage\":\"fr-FR\",\"potentialAction\":[{\"@type\":\"CommentAction\",\"name\":\"Comment\",\"target\":[\"https:\\\/\\\/sorbetkiwi.fr\\\/index.php\\\/la-petite-voleuse-de-la-tour-eiffel-de-manini-richez-et-ratte\\\/#respond\"]}]},{\"@type\":\"WebPage\",\"@id\":\"https:\\\/\\\/sorbetkiwi.fr\\\/index.php\\\/la-petite-voleuse-de-la-tour-eiffel-de-manini-richez-et-ratte\\\/\",\"url\":\"https:\\\/\\\/sorbetkiwi.fr\\\/index.php\\\/la-petite-voleuse-de-la-tour-eiffel-de-manini-richez-et-ratte\\\/\",\"name\":\"La petite voleuse de la Tour Eiffel de Manini, Richez et Ratte - Sorbet Kiwi\",\"isPartOf\":{\"@id\":\"https:\\\/\\\/sorbetkiwi.fr\\\/#website\"},\"primaryImageOfPage\":{\"@id\":\"https:\\\/\\\/sorbetkiwi.fr\\\/index.php\\\/la-petite-voleuse-de-la-tour-eiffel-de-manini-richez-et-ratte\\\/#primaryimage\"},\"image\":{\"@id\":\"https:\\\/\\\/sorbetkiwi.fr\\\/index.php\\\/la-petite-voleuse-de-la-tour-eiffel-de-manini-richez-et-ratte\\\/#primaryimage\"},\"thumbnailUrl\":\"https:\\\/\\\/sorbetkiwi.fr\\\/wp-content\\\/uploads\\\/2025\\\/10\\\/La-petite-voleuse-de-la-tour-Eiffel-Manini-Richez-Ratte.jpg\",\"datePublished\":\"2025-11-02T06:00:00+00:00\",\"description\":\"Un coup de c\u0153ur BD historique plein d\u2019action, d\u2019humour et d\u2019\u00e9motion, au c\u0153ur du scandale des fiches sous la Tour Eiffel en 1904.\",\"breadcrumb\":{\"@id\":\"https:\\\/\\\/sorbetkiwi.fr\\\/index.php\\\/la-petite-voleuse-de-la-tour-eiffel-de-manini-richez-et-ratte\\\/#breadcrumb\"},\"inLanguage\":\"fr-FR\",\"potentialAction\":[{\"@type\":\"ReadAction\",\"target\":[\"https:\\\/\\\/sorbetkiwi.fr\\\/index.php\\\/la-petite-voleuse-de-la-tour-eiffel-de-manini-richez-et-ratte\\\/\"]}]},{\"@type\":\"ImageObject\",\"inLanguage\":\"fr-FR\",\"@id\":\"https:\\\/\\\/sorbetkiwi.fr\\\/index.php\\\/la-petite-voleuse-de-la-tour-eiffel-de-manini-richez-et-ratte\\\/#primaryimage\",\"url\":\"https:\\\/\\\/sorbetkiwi.fr\\\/wp-content\\\/uploads\\\/2025\\\/10\\\/La-petite-voleuse-de-la-tour-Eiffel-Manini-Richez-Ratte.jpg\",\"contentUrl\":\"https:\\\/\\\/sorbetkiwi.fr\\\/wp-content\\\/uploads\\\/2025\\\/10\\\/La-petite-voleuse-de-la-tour-Eiffel-Manini-Richez-Ratte.jpg\",\"width\":1440,\"height\":1920,\"caption\":\"Main tenant la BD La petite voleuse de la Tour Eiffel devant une arche en pierre baign\u00e9e par la lumi\u00e8re dor\u00e9e de l\u2019automne, rappelant l\u2019ambiance historique et po\u00e9tique du r\u00e9cit.\"},{\"@type\":\"BreadcrumbList\",\"@id\":\"https:\\\/\\\/sorbetkiwi.fr\\\/index.php\\\/la-petite-voleuse-de-la-tour-eiffel-de-manini-richez-et-ratte\\\/#breadcrumb\",\"itemListElement\":[{\"@type\":\"ListItem\",\"position\":1,\"name\":\"Accueil\",\"item\":\"https:\\\/\\\/sorbetkiwi.fr\\\/\"},{\"@type\":\"ListItem\",\"position\":2,\"name\":\"La petite voleuse de la Tour Eiffel de Manini, Richez et Ratte\"}]},{\"@type\":\"WebSite\",\"@id\":\"https:\\\/\\\/sorbetkiwi.fr\\\/#website\",\"url\":\"https:\\\/\\\/sorbetkiwi.fr\\\/\",\"name\":\"Sorbet Kiwi\",\"description\":\"Des lectures th\u00e9matiques par saison et les avis qui vont avec\",\"publisher\":{\"@id\":\"https:\\\/\\\/sorbetkiwi.fr\\\/#organization\"},\"potentialAction\":[{\"@type\":\"SearchAction\",\"target\":{\"@type\":\"EntryPoint\",\"urlTemplate\":\"https:\\\/\\\/sorbetkiwi.fr\\\/?s={search_term_string}\"},\"query-input\":{\"@type\":\"PropertyValueSpecification\",\"valueRequired\":true,\"valueName\":\"search_term_string\"}}],\"inLanguage\":\"fr-FR\"},{\"@type\":\"Organization\",\"@id\":\"https:\\\/\\\/sorbetkiwi.fr\\\/#organization\",\"name\":\"Sorbet Kiwi\",\"url\":\"https:\\\/\\\/sorbetkiwi.fr\\\/\",\"logo\":{\"@type\":\"ImageObject\",\"inLanguage\":\"fr-FR\",\"@id\":\"https:\\\/\\\/sorbetkiwi.fr\\\/#\\\/schema\\\/logo\\\/image\\\/\",\"url\":\"https:\\\/\\\/sorbetkiwi.fr\\\/wp-content\\\/uploads\\\/2022\\\/10\\\/Banniere-Sorbet-Kiwi-2022.jpg\",\"contentUrl\":\"https:\\\/\\\/sorbetkiwi.fr\\\/wp-content\\\/uploads\\\/2022\\\/10\\\/Banniere-Sorbet-Kiwi-2022.jpg\",\"width\":814,\"height\":401,\"caption\":\"Sorbet Kiwi\"},\"image\":{\"@id\":\"https:\\\/\\\/sorbetkiwi.fr\\\/#\\\/schema\\\/logo\\\/image\\\/\"},\"sameAs\":[\"https:\\\/\\\/www.facebook.com\\\/profile.php?id=100086238893269\",\"https:\\\/\\\/x.com\\\/pepparshoes\",\"https:\\\/\\\/www.instagram.com\\\/sorbetkiwi\\\/\",\"https:\\\/\\\/www.tiktok.com\\\/sorbetkiwi\"]},{\"@type\":\"Person\",\"@id\":\"https:\\\/\\\/sorbetkiwi.fr\\\/#\\\/schema\\\/person\\\/ed1b7b527a2957ddc3bf38b076540659\",\"name\":\"Sorbet-Kiwi\",\"image\":{\"@type\":\"ImageObject\",\"inLanguage\":\"fr-FR\",\"@id\":\"https:\\\/\\\/secure.gravatar.com\\\/avatar\\\/86f0a5c27d76317621b9e374d0f3a01d3a85278f10d0c7207ced4fd773057442?s=96&d=mm&r=g\",\"url\":\"https:\\\/\\\/secure.gravatar.com\\\/avatar\\\/86f0a5c27d76317621b9e374d0f3a01d3a85278f10d0c7207ced4fd773057442?s=96&d=mm&r=g\",\"contentUrl\":\"https:\\\/\\\/secure.gravatar.com\\\/avatar\\\/86f0a5c27d76317621b9e374d0f3a01d3a85278f10d0c7207ced4fd773057442?s=96&d=mm&r=g\",\"caption\":\"Sorbet-Kiwi\"},\"sameAs\":[\"http:\\\/\\\/sorbetkiwi.fr\"],\"url\":\"https:\\\/\\\/sorbetkiwi.fr\\\/index.php\\\/author\\\/admin7717\\\/\"}]}<\/script>\n<!-- \/ Yoast SEO plugin. -->","yoast_head_json":{"title":"La petite voleuse de la Tour Eiffel de Manini, Richez et Ratte - Sorbet Kiwi","description":"Un coup de c\u0153ur BD historique plein d\u2019action, d\u2019humour et d\u2019\u00e9motion, au c\u0153ur du scandale des fiches sous la Tour Eiffel en 1904.","robots":{"index":"index","follow":"follow","max-snippet":"max-snippet:-1","max-image-preview":"max-image-preview:large","max-video-preview":"max-video-preview:-1"},"canonical":"https:\/\/sorbetkiwi.fr\/index.php\/la-petite-voleuse-de-la-tour-eiffel-de-manini-richez-et-ratte\/","og_locale":"fr_FR","og_type":"article","og_title":"La petite voleuse de la Tour Eiffel de Manini, Richez et Ratte - Sorbet Kiwi","og_description":"Un coup de c\u0153ur BD historique plein d\u2019action, d\u2019humour et d\u2019\u00e9motion, au c\u0153ur du scandale des fiches sous la Tour Eiffel en 1904.","og_url":"https:\/\/sorbetkiwi.fr\/index.php\/la-petite-voleuse-de-la-tour-eiffel-de-manini-richez-et-ratte\/","og_site_name":"Sorbet Kiwi","article_publisher":"https:\/\/www.facebook.com\/profile.php?id=100086238893269","article_published_time":"2025-11-02T06:00:00+00:00","og_image":[{"width":768,"height":1024,"url":"https:\/\/sorbetkiwi.fr\/wp-content\/uploads\/2025\/10\/La-petite-voleuse-de-la-tour-Eiffel-Manini-Richez-Ratte-768x1024.jpg","type":"image\/jpeg"}],"author":"Sorbet-Kiwi","twitter_card":"summary_large_image","twitter_creator":"@pepparshoes","twitter_site":"@pepparshoes","twitter_misc":{"\u00c9crit par":"Sorbet-Kiwi","Dur\u00e9e de lecture estim\u00e9e":"3 minutes"},"schema":{"@context":"https:\/\/schema.org","@graph":[{"@type":"Article","@id":"https:\/\/sorbetkiwi.fr\/index.php\/la-petite-voleuse-de-la-tour-eiffel-de-manini-richez-et-ratte\/#article","isPartOf":{"@id":"https:\/\/sorbetkiwi.fr\/index.php\/la-petite-voleuse-de-la-tour-eiffel-de-manini-richez-et-ratte\/"},"author":{"name":"Sorbet-Kiwi","@id":"https:\/\/sorbetkiwi.fr\/#\/schema\/person\/ed1b7b527a2957ddc3bf38b076540659"},"headline":"La petite voleuse de la Tour Eiffel de Manini, Richez et Ratte","datePublished":"2025-11-02T06:00:00+00:00","mainEntityOfPage":{"@id":"https:\/\/sorbetkiwi.fr\/index.php\/la-petite-voleuse-de-la-tour-eiffel-de-manini-richez-et-ratte\/"},"wordCount":581,"commentCount":0,"publisher":{"@id":"https:\/\/sorbetkiwi.fr\/#organization"},"image":{"@id":"https:\/\/sorbetkiwi.fr\/index.php\/la-petite-voleuse-de-la-tour-eiffel-de-manini-richez-et-ratte\/#primaryimage"},"thumbnailUrl":"https:\/\/sorbetkiwi.fr\/wp-content\/uploads\/2025\/10\/La-petite-voleuse-de-la-tour-Eiffel-Manini-Richez-Ratte.jpg","keywords":["Automne","Bande dessin\u00e9e","BD","Canonnier de la Tour Eiffel","Coup de c\u0153ur","David Ratte","Grand Angle","Herv\u00e9 Richez","Histoire","Jack Manini","La petite voleuse de la Tour Eiffel","R\u00e9publique fran\u00e7aise","Scandale des fiches"],"articleSection":["Coups de coeur","L'automne","Tout le blog"],"inLanguage":"fr-FR","potentialAction":[{"@type":"CommentAction","name":"Comment","target":["https:\/\/sorbetkiwi.fr\/index.php\/la-petite-voleuse-de-la-tour-eiffel-de-manini-richez-et-ratte\/#respond"]}]},{"@type":"WebPage","@id":"https:\/\/sorbetkiwi.fr\/index.php\/la-petite-voleuse-de-la-tour-eiffel-de-manini-richez-et-ratte\/","url":"https:\/\/sorbetkiwi.fr\/index.php\/la-petite-voleuse-de-la-tour-eiffel-de-manini-richez-et-ratte\/","name":"La petite voleuse de la Tour Eiffel de Manini, Richez et Ratte - Sorbet Kiwi","isPartOf":{"@id":"https:\/\/sorbetkiwi.fr\/#website"},"primaryImageOfPage":{"@id":"https:\/\/sorbetkiwi.fr\/index.php\/la-petite-voleuse-de-la-tour-eiffel-de-manini-richez-et-ratte\/#primaryimage"},"image":{"@id":"https:\/\/sorbetkiwi.fr\/index.php\/la-petite-voleuse-de-la-tour-eiffel-de-manini-richez-et-ratte\/#primaryimage"},"thumbnailUrl":"https:\/\/sorbetkiwi.fr\/wp-content\/uploads\/2025\/10\/La-petite-voleuse-de-la-tour-Eiffel-Manini-Richez-Ratte.jpg","datePublished":"2025-11-02T06:00:00+00:00","description":"Un coup de c\u0153ur BD historique plein d\u2019action, d\u2019humour et d\u2019\u00e9motion, au c\u0153ur du scandale des fiches sous la Tour Eiffel en 1904.","breadcrumb":{"@id":"https:\/\/sorbetkiwi.fr\/index.php\/la-petite-voleuse-de-la-tour-eiffel-de-manini-richez-et-ratte\/#breadcrumb"},"inLanguage":"fr-FR","potentialAction":[{"@type":"ReadAction","target":["https:\/\/sorbetkiwi.fr\/index.php\/la-petite-voleuse-de-la-tour-eiffel-de-manini-richez-et-ratte\/"]}]},{"@type":"ImageObject","inLanguage":"fr-FR","@id":"https:\/\/sorbetkiwi.fr\/index.php\/la-petite-voleuse-de-la-tour-eiffel-de-manini-richez-et-ratte\/#primaryimage","url":"https:\/\/sorbetkiwi.fr\/wp-content\/uploads\/2025\/10\/La-petite-voleuse-de-la-tour-Eiffel-Manini-Richez-Ratte.jpg","contentUrl":"https:\/\/sorbetkiwi.fr\/wp-content\/uploads\/2025\/10\/La-petite-voleuse-de-la-tour-Eiffel-Manini-Richez-Ratte.jpg","width":1440,"height":1920,"caption":"Main tenant la BD La petite voleuse de la Tour Eiffel devant une arche en pierre baign\u00e9e par la lumi\u00e8re dor\u00e9e de l\u2019automne, rappelant l\u2019ambiance historique et po\u00e9tique du r\u00e9cit."},{"@type":"BreadcrumbList","@id":"https:\/\/sorbetkiwi.fr\/index.php\/la-petite-voleuse-de-la-tour-eiffel-de-manini-richez-et-ratte\/#breadcrumb","itemListElement":[{"@type":"ListItem","position":1,"name":"Accueil","item":"https:\/\/sorbetkiwi.fr\/"},{"@type":"ListItem","position":2,"name":"La petite voleuse de la Tour Eiffel de Manini, Richez et Ratte"}]},{"@type":"WebSite","@id":"https:\/\/sorbetkiwi.fr\/#website","url":"https:\/\/sorbetkiwi.fr\/","name":"Sorbet Kiwi","description":"Des lectures th\u00e9matiques par saison et les avis qui vont avec","publisher":{"@id":"https:\/\/sorbetkiwi.fr\/#organization"},"potentialAction":[{"@type":"SearchAction","target":{"@type":"EntryPoint","urlTemplate":"https:\/\/sorbetkiwi.fr\/?s={search_term_string}"},"query-input":{"@type":"PropertyValueSpecification","valueRequired":true,"valueName":"search_term_string"}}],"inLanguage":"fr-FR"},{"@type":"Organization","@id":"https:\/\/sorbetkiwi.fr\/#organization","name":"Sorbet Kiwi","url":"https:\/\/sorbetkiwi.fr\/","logo":{"@type":"ImageObject","inLanguage":"fr-FR","@id":"https:\/\/sorbetkiwi.fr\/#\/schema\/logo\/image\/","url":"https:\/\/sorbetkiwi.fr\/wp-content\/uploads\/2022\/10\/Banniere-Sorbet-Kiwi-2022.jpg","contentUrl":"https:\/\/sorbetkiwi.fr\/wp-content\/uploads\/2022\/10\/Banniere-Sorbet-Kiwi-2022.jpg","width":814,"height":401,"caption":"Sorbet Kiwi"},"image":{"@id":"https:\/\/sorbetkiwi.fr\/#\/schema\/logo\/image\/"},"sameAs":["https:\/\/www.facebook.com\/profile.php?id=100086238893269","https:\/\/x.com\/pepparshoes","https:\/\/www.instagram.com\/sorbetkiwi\/","https:\/\/www.tiktok.com\/sorbetkiwi"]},{"@type":"Person","@id":"https:\/\/sorbetkiwi.fr\/#\/schema\/person\/ed1b7b527a2957ddc3bf38b076540659","name":"Sorbet-Kiwi","image":{"@type":"ImageObject","inLanguage":"fr-FR","@id":"https:\/\/secure.gravatar.com\/avatar\/86f0a5c27d76317621b9e374d0f3a01d3a85278f10d0c7207ced4fd773057442?s=96&d=mm&r=g","url":"https:\/\/secure.gravatar.com\/avatar\/86f0a5c27d76317621b9e374d0f3a01d3a85278f10d0c7207ced4fd773057442?s=96&d=mm&r=g","contentUrl":"https:\/\/secure.gravatar.com\/avatar\/86f0a5c27d76317621b9e374d0f3a01d3a85278f10d0c7207ced4fd773057442?s=96&d=mm&r=g","caption":"Sorbet-Kiwi"},"sameAs":["http:\/\/sorbetkiwi.fr"],"url":"https:\/\/sorbetkiwi.fr\/index.php\/author\/admin7717\/"}]}},"_links":{"self":[{"href":"https:\/\/sorbetkiwi.fr\/index.php\/wp-json\/wp\/v2\/posts\/8737","targetHints":{"allow":["GET"]}}],"collection":[{"href":"https:\/\/sorbetkiwi.fr\/index.php\/wp-json\/wp\/v2\/posts"}],"about":[{"href":"https:\/\/sorbetkiwi.fr\/index.php\/wp-json\/wp\/v2\/types\/post"}],"author":[{"embeddable":true,"href":"https:\/\/sorbetkiwi.fr\/index.php\/wp-json\/wp\/v2\/users\/1"}],"replies":[{"embeddable":true,"href":"https:\/\/sorbetkiwi.fr\/index.php\/wp-json\/wp\/v2\/comments?post=8737"}],"version-history":[{"count":4,"href":"https:\/\/sorbetkiwi.fr\/index.php\/wp-json\/wp\/v2\/posts\/8737\/revisions"}],"predecessor-version":[{"id":8742,"href":"https:\/\/sorbetkiwi.fr\/index.php\/wp-json\/wp\/v2\/posts\/8737\/revisions\/8742"}],"wp:featuredmedia":[{"embeddable":true,"href":"https:\/\/sorbetkiwi.fr\/index.php\/wp-json\/wp\/v2\/media\/8738"}],"wp:attachment":[{"href":"https:\/\/sorbetkiwi.fr\/index.php\/wp-json\/wp\/v2\/media?parent=8737"}],"wp:term":[{"taxonomy":"category","embeddable":true,"href":"https:\/\/sorbetkiwi.fr\/index.php\/wp-json\/wp\/v2\/categories?post=8737"},{"taxonomy":"post_tag","embeddable":true,"href":"https:\/\/sorbetkiwi.fr\/index.php\/wp-json\/wp\/v2\/tags?post=8737"}],"curies":[{"name":"wp","href":"https:\/\/api.w.org\/{rel}","templated":true}]}}