{"id":8712,"date":"2025-10-28T07:00:00","date_gmt":"2025-10-28T06:00:00","guid":{"rendered":"https:\/\/sorbetkiwi.fr\/?p=8712"},"modified":"2025-10-26T14:36:55","modified_gmt":"2025-10-26T13:36:55","slug":"festival-sans-nom-edition-2025","status":"publish","type":"post","link":"https:\/\/sorbetkiwi.fr\/index.php\/festival-sans-nom-edition-2025\/","title":{"rendered":"Festival Sans Nom \u00e9dition 2025"},"content":{"rendered":"\t\t<div data-elementor-type=\"wp-post\" data-elementor-id=\"8712\" class=\"elementor elementor-8712\">\n\t\t\t\t\t\t<section class=\"elementor-section elementor-top-section elementor-element elementor-element-768c7ecc elementor-section-boxed elementor-section-height-default elementor-section-height-default\" data-id=\"768c7ecc\" data-element_type=\"section\" data-e-type=\"section\">\n\t\t\t\t\t\t<div class=\"elementor-container elementor-column-gap-default\">\n\t\t\t\t\t<div class=\"elementor-column elementor-col-100 elementor-top-column elementor-element elementor-element-45860aa6\" data-id=\"45860aa6\" data-element_type=\"column\" data-e-type=\"column\">\n\t\t\t<div class=\"elementor-widget-wrap elementor-element-populated\">\n\t\t\t\t\t\t<div class=\"elementor-element elementor-element-6db05d39 elementor-widget elementor-widget-heading\" data-id=\"6db05d39\" data-element_type=\"widget\" data-e-type=\"widget\" data-widget_type=\"heading.default\">\n\t\t\t\t<div class=\"elementor-widget-container\">\n\t\t\t\t\t<h1 class=\"elementor-heading-title elementor-size-medium\">Festival sans nom \u00e9dition 2025<\/h1>\t\t\t\t<\/div>\n\t\t\t\t<\/div>\n\t\t\t\t<div class=\"elementor-element elementor-element-2641f74b elementor-view-default elementor-widget elementor-widget-icon\" data-id=\"2641f74b\" data-element_type=\"widget\" data-e-type=\"widget\" data-widget_type=\"icon.default\">\n\t\t\t\t<div class=\"elementor-widget-container\">\n\t\t\t\t\t\t\t<div class=\"elementor-icon-wrapper\">\n\t\t\t<div class=\"elementor-icon\">\n\t\t\t<i aria-hidden=\"true\" class=\"fab fa-snapchat-ghost\"><\/i>\t\t\t<\/div>\n\t\t<\/div>\n\t\t\t\t\t\t<\/div>\n\t\t\t\t<\/div>\n\t\t\t\t<div class=\"elementor-element elementor-element-52587bc4 elementor-widget-divider--view-line elementor-widget elementor-widget-divider\" data-id=\"52587bc4\" data-element_type=\"widget\" data-e-type=\"widget\" data-widget_type=\"divider.default\">\n\t\t\t\t<div class=\"elementor-widget-container\">\n\t\t\t\t\t\t\t<div class=\"elementor-divider\">\n\t\t\t<span class=\"elementor-divider-separator\">\n\t\t\t\t\t\t<\/span>\n\t\t<\/div>\n\t\t\t\t\t\t<\/div>\n\t\t\t\t<\/div>\n\t\t\t\t<div class=\"elementor-element elementor-element-ee8c6c1 elementor-widget elementor-widget-heading\" data-id=\"ee8c6c1\" data-element_type=\"widget\" data-e-type=\"widget\" data-widget_type=\"heading.default\">\n\t\t\t\t<div class=\"elementor-widget-container\">\n\t\t\t\t\t<h2 class=\"elementor-heading-title elementor-size-medium\">Un rendez-vous incontournable d\u2019octobre<\/h2>\t\t\t\t<\/div>\n\t\t\t\t<\/div>\n\t\t\t\t<div class=\"elementor-element elementor-element-74ff57f9 elementor-widget elementor-widget-text-editor\" data-id=\"74ff57f9\" data-element_type=\"widget\" data-e-type=\"widget\" data-widget_type=\"text-editor.default\">\n\t\t\t\t<div class=\"elementor-widget-container\">\n\t\t\t\t\t\t\t\t\t<p data-start=\"632\" data-end=\"1050\">Le <strong data-start=\"635\" data-end=\"656\">Festival Sans Nom<\/strong> est le seul \u00e9v\u00e9nement litt\u00e9raire auquel j\u2019ai particip\u00e9 cette ann\u00e9e, alors il m\u00e9ritait bien un article \u00e0 part enti\u00e8re. Ce rendez-vous du polar \u00e0 Mulhouse tombe toujours \u00e0 pic pour moi. C&rsquo;est pile au moment o\u00f9 je suis plong\u00e9e dans mes lectures sombres et sanglantes d\u2019octobre. Et comme toujours, c\u2019est le dernier clin d\u2019\u0153il avant de tourner la page <a href=\"https:\/\/sorbetkiwi.fr\/index.php\/category\/halloween\/\">d\u2019Halloween<\/a> pour entrer dans la saison automnale.<\/p><p data-start=\"1052\" data-end=\"1448\">Pour \u00eatre honn\u00eate, j\u2019y vais autant pour <strong data-start=\"1092\" data-end=\"1112\">voir mes copines<\/strong> que pour rencontrer les auteurs. C\u2019est un festival chaleureux, qui rassemble beaucoup de lectrices alsaciennes mais aussi des passionn\u00e9es venues de plus loin. J\u2019ai \u00e9videmment retrouv\u00e9 <a href=\"https:\/\/avrilsurunfil.com\/blog\/\"><strong data-start=\"1297\" data-end=\"1317\">Avril sur un fil<\/strong><\/a> et <strong data-start=\"1321\" data-end=\"1347\"><a href=\"https:\/\/cherieblossom.over-blog.com\/?fbclid=PAZXh0bgNhZW0CMTEAAacn38fCpQXPX_6DPMTP7i8tAOQsCCvRicTv-wh_JmFP9zL0E2ZHU8arGuyPTg_aem_sQGPUfsOkXbMwFE-VxQd2A\">C\u00e9cilia Ch\u00e9rie Blossom<\/a>, <\/strong>deux amies fid\u00e8les de ces week-ends litt\u00e9raires, dont je ne peux que vous recommander les blogs.<\/p>\t\t\t\t\t\t\t\t<\/div>\n\t\t\t\t<\/div>\n\t\t\t\t<div class=\"elementor-element elementor-element-4905e8aa elementor-widget-divider--view-line elementor-widget elementor-widget-divider\" data-id=\"4905e8aa\" data-element_type=\"widget\" data-e-type=\"widget\" data-widget_type=\"divider.default\">\n\t\t\t\t<div class=\"elementor-widget-container\">\n\t\t\t\t\t\t\t<div class=\"elementor-divider\">\n\t\t\t<span class=\"elementor-divider-separator\">\n\t\t\t\t\t\t<\/span>\n\t\t<\/div>\n\t\t\t\t\t\t<\/div>\n\t\t\t\t<\/div>\n\t\t\t\t<div class=\"elementor-element elementor-element-427366f1 elementor-widget elementor-widget-heading\" data-id=\"427366f1\" data-element_type=\"widget\" data-e-type=\"widget\" data-widget_type=\"heading.default\">\n\t\t\t\t<div class=\"elementor-widget-container\">\n\t\t\t\t\t<h2 class=\"elementor-heading-title elementor-size-medium\">Des d\u00e9couvertes et des retrouvailles<\/h2>\t\t\t\t<\/div>\n\t\t\t\t<\/div>\n\t\t\t\t<div class=\"elementor-element elementor-element-7d995b94 elementor-widget elementor-widget-text-editor\" data-id=\"7d995b94\" data-element_type=\"widget\" data-e-type=\"widget\" data-widget_type=\"text-editor.default\">\n\t\t\t\t<div class=\"elementor-widget-container\">\n\t\t\t\t\t\t\t\t\t<p data-start=\"1492\" data-end=\"1943\">Comme chaque ann\u00e9e, la premi\u00e8re \u00e9tape en arrivant est la <strong data-start=\"1549\" data-end=\"1567\">table d\u2019achats<\/strong>. On choisit nos futures lectures, nos d\u00e9dicaces \u00e0 venir, bref\u2026 on remplit nos sacs avant m\u00eame de dire bonjour. Et puis, il y a toujours ces belles surprises : les auteurs qu\u2019on ne pensait pas croiser et qu\u2019on d\u00e9couvre par hasard. Cette ann\u00e9e, c\u2019est un roman de <strong data-start=\"1829\" data-end=\"1848\">Jean-Luc Bizien<\/strong> qui s\u2019est ajout\u00e9 \u00e0 ma pile, sur la recommandation d\u2019une autre lectrice.<\/p><p data-start=\"1945\" data-end=\"2421\">C\u2019\u00e9tait aussi l\u2019occasion de <strong data-start=\"1973\" data-end=\"1998\">retrouver C\u00e9dric Sire<\/strong>, que je n\u2019avais pas revu depuis Paris en 2017. Toujours aussi bavard, toujours aussi gentil ! J\u2019\u00e9tais ravie aussi de revoir <strong data-start=\"2123\" data-end=\"2141\">Na\u00eblle Charles<\/strong>, dont j\u2019ai pu faire d\u00e9dicacer le deuxi\u00e8me tome des aventures de <strong data-start=\"2206\" data-end=\"2233\">L\u00e9opoldine Courtecuisse<\/strong>. Elle reviendra dans ma PAL hivernale, c\u2019est certain. Et dans la m\u00eame lign\u00e9e, j\u2019ai craqu\u00e9 pour un roman d\u2019<strong data-start=\"2340\" data-end=\"2357\">Olivier Norek<\/strong> : <em data-start=\"2360\" data-end=\"2386\">Les Guerriers de l\u2019hiver<\/em>, parfait pour la saison \u00e0 venir.<\/p>\t\t\t\t\t\t\t\t<\/div>\n\t\t\t\t<\/div>\n\t\t\t\t<div class=\"elementor-element elementor-element-139dc12 elementor-widget-divider--view-line elementor-widget elementor-widget-divider\" data-id=\"139dc12\" data-element_type=\"widget\" data-e-type=\"widget\" data-widget_type=\"divider.default\">\n\t\t\t\t<div class=\"elementor-widget-container\">\n\t\t\t\t\t\t\t<div class=\"elementor-divider\">\n\t\t\t<span class=\"elementor-divider-separator\">\n\t\t\t\t\t\t<\/span>\n\t\t<\/div>\n\t\t\t\t\t\t<\/div>\n\t\t\t\t<\/div>\n\t\t\t\t<div class=\"elementor-element elementor-element-1518c1a5 elementor-widget elementor-widget-heading\" data-id=\"1518c1a5\" data-element_type=\"widget\" data-e-type=\"widget\" data-widget_type=\"heading.default\">\n\t\t\t\t<div class=\"elementor-widget-container\">\n\t\t\t\t\t<h2 class=\"elementor-heading-title elementor-size-medium\">Des \u00e9changes passionnants<\/h2>\t\t\t\t<\/div>\n\t\t\t\t<\/div>\n\t\t\t\t<div class=\"elementor-element elementor-element-7febdef6 elementor-widget elementor-widget-text-editor\" data-id=\"7febdef6\" data-element_type=\"widget\" data-e-type=\"widget\" data-widget_type=\"text-editor.default\">\n\t\t\t\t<div class=\"elementor-widget-container\">\n\t\t\t\t\t\t\t\t\t<p>Je dois aussi mentionner <strong data-start=\"2479\" data-end=\"2490\">D\u00e9borah<\/strong>, amie et organisatrice du salon, qui anime toujours les conf\u00e9rences avec autant de passion. Celle sur le <strong data-start=\"2596\" data-end=\"2610\">cosy crime<\/strong>, avec Na\u00eblle Charles et <strong data-start=\"2635\" data-end=\"2654\">Maxime Fontaine<\/strong>, \u00e9tait particuli\u00e8rement int\u00e9ressante. J\u2019ai ador\u00e9 les entendre confronter leurs visions du genre, tout en humour. L\u2019ambiance dans la salle \u00e9tait joyeuse, vivante, et les \u00e9changes riches.<\/p>\t\t\t\t\t\t\t\t<\/div>\n\t\t\t\t<\/div>\n\t\t\t\t<div class=\"elementor-element elementor-element-7c4af7aa elementor-widget-divider--view-line elementor-widget elementor-widget-divider\" data-id=\"7c4af7aa\" data-element_type=\"widget\" data-e-type=\"widget\" data-widget_type=\"divider.default\">\n\t\t\t\t<div class=\"elementor-widget-container\">\n\t\t\t\t\t\t\t<div class=\"elementor-divider\">\n\t\t\t<span class=\"elementor-divider-separator\">\n\t\t\t\t\t\t<\/span>\n\t\t<\/div>\n\t\t\t\t\t\t<\/div>\n\t\t\t\t<\/div>\n\t\t\t\t<div class=\"elementor-element elementor-element-20b21deb elementor-widget elementor-widget-heading\" data-id=\"20b21deb\" data-element_type=\"widget\" data-e-type=\"widget\" data-widget_type=\"heading.default\">\n\t\t\t\t<div class=\"elementor-widget-container\">\n\t\t\t\t\t<h2 class=\"elementor-heading-title elementor-size-medium\">Vivement 2026<\/h2>\t\t\t\t<\/div>\n\t\t\t\t<\/div>\n\t\t\t\t<div class=\"elementor-element elementor-element-32b40d5f elementor-widget elementor-widget-text-editor\" data-id=\"32b40d5f\" data-element_type=\"widget\" data-e-type=\"widget\" data-widget_type=\"text-editor.default\">\n\t\t\t\t<div class=\"elementor-widget-container\">\n\t\t\t\t\t\t\t\t\t<p>Encore une \u00e9dition r\u00e9ussie, pleine de discussions, de livres \u00e0 d\u00e9couvrir et de fous rires. Le <strong data-start=\"3021\" data-end=\"3042\">Festival Sans Nom <\/strong>reste un incontournable de mon automne, et il ne fait aucun doute que je serai \u00e0 nouveau de la partie en <strong data-start=\"3148\" data-end=\"3156\">2026<\/strong> !<\/p>\t\t\t\t\t\t\t\t<\/div>\n\t\t\t\t<\/div>\n\t\t\t\t<div class=\"elementor-element elementor-element-173e9c5a elementor-widget elementor-widget-heading\" data-id=\"173e9c5a\" data-element_type=\"widget\" data-e-type=\"widget\" data-widget_type=\"heading.default\">\n\t\t\t\t<div class=\"elementor-widget-container\">\n\t\t\t\t\t<h4 class=\"elementor-heading-title elementor-size-medium\">Les autres \u00e9ditions<\/h4>\t\t\t\t<\/div>\n\t\t\t\t<\/div>\n\t\t\t\t<div class=\"elementor-element elementor-element-5c016793 elementor-widget elementor-widget-text-editor\" data-id=\"5c016793\" data-element_type=\"widget\" data-e-type=\"widget\" data-widget_type=\"text-editor.default\">\n\t\t\t\t<div class=\"elementor-widget-container\">\n\t\t\t\t\t\t\t\t\t<p>Les \u00e9ditions du Festival sans nom o\u00f9 j&rsquo;ai \u00e9t\u00e9 :\u00a0<\/p><ul><li><a href=\"https:\/\/sorbetkiwi.fr\/index.php\/festival-sans-nom-edition-2024\/\">Festival Sans Nom \u00e9dition 2024<\/a><\/li><li>Festival Sans Nom \u00e9dition 2025<\/li><\/ul>\t\t\t\t\t\t\t\t<\/div>\n\t\t\t\t<\/div>\n\t\t\t\t\t<\/div>\n\t\t<\/div>\n\t\t\t\t\t<\/div>\n\t\t<\/section>\n\t\t\t\t<\/div>\n\t\t","protected":false},"excerpt":{"rendered":"<p>Festival sans nom \u00e9dition 2025 Un rendez-vous incontournable d\u2019octobre Le Festival Sans Nom est le seul \u00e9v\u00e9nement litt\u00e9raire auquel j\u2019ai particip\u00e9 cette ann\u00e9e, alors il m\u00e9ritait bien un article \u00e0 part enti\u00e8re. Ce rendez-vous du &hellip; <\/p>\n","protected":false},"author":1,"featured_media":8713,"comment_status":"open","ping_status":"open","sticky":false,"template":"","format":"standard","meta":{"footnotes":""},"categories":[10,16,1],"tags":[248,2172,1813,2308,2286,2307,1814,2161,1411,61,614],"class_list":["post-8712","post","type-post","status-publish","format-standard","has-post-thumbnail","hentry","category-evenements","category-halloween","category-tout-le-blog","tag-cedric-sire","tag-cosy-crime","tag-festival-sans-nom","tag-festival-sans-nom-edition-2025","tag-lecture-dautomne","tag-litterature-policiere","tag-mulhouse","tag-naelle-charles","tag-olivier-norek","tag-polar","tag-salon-du-livre","has-single-img"],"yoast_head":"<!-- This site is optimized with the Yoast SEO plugin v27.4 - https:\/\/yoast.com\/product\/yoast-seo-wordpress\/ -->\n<title>Festival Sans Nom \u00e9dition 2025 - Sorbet Kiwi<\/title>\n<meta name=\"description\" content=\"Retour sur le Festival Sans Nom \u00e9dition 2025 \u00e0 Mulhouse, un rendez-vous incontournable du polar o\u00f9 auteurs et lecteurs se retrouvent.\" \/>\n<meta name=\"robots\" content=\"index, follow, max-snippet:-1, max-image-preview:large, max-video-preview:-1\" \/>\n<link rel=\"canonical\" href=\"https:\/\/sorbetkiwi.fr\/index.php\/festival-sans-nom-edition-2025\/\" \/>\n<meta property=\"og:locale\" content=\"fr_FR\" \/>\n<meta property=\"og:type\" content=\"article\" \/>\n<meta property=\"og:title\" content=\"Festival Sans Nom \u00e9dition 2025 - Sorbet Kiwi\" \/>\n<meta property=\"og:description\" content=\"Retour sur le Festival Sans Nom \u00e9dition 2025 \u00e0 Mulhouse, un rendez-vous incontournable du polar o\u00f9 auteurs et lecteurs se retrouvent.\" \/>\n<meta property=\"og:url\" content=\"https:\/\/sorbetkiwi.fr\/index.php\/festival-sans-nom-edition-2025\/\" \/>\n<meta property=\"og:site_name\" content=\"Sorbet Kiwi\" \/>\n<meta property=\"article:publisher\" content=\"https:\/\/www.facebook.com\/profile.php?id=100086238893269\" \/>\n<meta property=\"article:published_time\" content=\"2025-10-28T06:00:00+00:00\" \/>\n<meta property=\"og:image\" content=\"https:\/\/sorbetkiwi.fr\/wp-content\/uploads\/2025\/10\/Festival-Sans-Nom-2025.jpg\" \/>\n\t<meta property=\"og:image:width\" content=\"1440\" \/>\n\t<meta property=\"og:image:height\" content=\"1920\" \/>\n\t<meta property=\"og:image:type\" content=\"image\/jpeg\" \/>\n<meta name=\"author\" content=\"Sorbet-Kiwi\" \/>\n<meta name=\"twitter:card\" content=\"summary_large_image\" \/>\n<meta name=\"twitter:creator\" content=\"@pepparshoes\" \/>\n<meta name=\"twitter:site\" content=\"@pepparshoes\" \/>\n<meta name=\"twitter:label1\" content=\"\u00c9crit par\" \/>\n\t<meta name=\"twitter:data1\" content=\"Sorbet-Kiwi\" \/>\n\t<meta name=\"twitter:label2\" content=\"Dur\u00e9e de lecture estim\u00e9e\" \/>\n\t<meta name=\"twitter:data2\" content=\"3 minutes\" \/>\n<script type=\"application\/ld+json\" class=\"yoast-schema-graph\">{\"@context\":\"https:\\\/\\\/schema.org\",\"@graph\":[{\"@type\":\"Article\",\"@id\":\"https:\\\/\\\/sorbetkiwi.fr\\\/index.php\\\/festival-sans-nom-edition-2025\\\/#article\",\"isPartOf\":{\"@id\":\"https:\\\/\\\/sorbetkiwi.fr\\\/index.php\\\/festival-sans-nom-edition-2025\\\/\"},\"author\":{\"name\":\"Sorbet-Kiwi\",\"@id\":\"https:\\\/\\\/sorbetkiwi.fr\\\/#\\\/schema\\\/person\\\/ed1b7b527a2957ddc3bf38b076540659\"},\"headline\":\"Festival Sans Nom \u00e9dition 2025\",\"datePublished\":\"2025-10-28T06:00:00+00:00\",\"mainEntityOfPage\":{\"@id\":\"https:\\\/\\\/sorbetkiwi.fr\\\/index.php\\\/festival-sans-nom-edition-2025\\\/\"},\"wordCount\":463,\"commentCount\":2,\"publisher\":{\"@id\":\"https:\\\/\\\/sorbetkiwi.fr\\\/#organization\"},\"image\":{\"@id\":\"https:\\\/\\\/sorbetkiwi.fr\\\/index.php\\\/festival-sans-nom-edition-2025\\\/#primaryimage\"},\"thumbnailUrl\":\"https:\\\/\\\/sorbetkiwi.fr\\\/wp-content\\\/uploads\\\/2025\\\/10\\\/Festival-Sans-Nom-2025.jpg\",\"keywords\":[\"C\u00e9dric Sire\",\"Cosy Crime\",\"Festival Sans Nom\",\"Festival Sans Nom \u00e9dition 2025\",\"Lecture d\u2019automne\",\"Litt\u00e9rature polici\u00e8re\",\"Mulhouse\",\"Na\u00eblle Charles\",\"Olivier Norek\",\"Polar\",\"Salon du livre\"],\"articleSection\":[\"Ev\u00e9nements\",\"Halloween\",\"Tout le blog\"],\"inLanguage\":\"fr-FR\",\"potentialAction\":[{\"@type\":\"CommentAction\",\"name\":\"Comment\",\"target\":[\"https:\\\/\\\/sorbetkiwi.fr\\\/index.php\\\/festival-sans-nom-edition-2025\\\/#respond\"]}]},{\"@type\":\"WebPage\",\"@id\":\"https:\\\/\\\/sorbetkiwi.fr\\\/index.php\\\/festival-sans-nom-edition-2025\\\/\",\"url\":\"https:\\\/\\\/sorbetkiwi.fr\\\/index.php\\\/festival-sans-nom-edition-2025\\\/\",\"name\":\"Festival Sans Nom \u00e9dition 2025 - Sorbet Kiwi\",\"isPartOf\":{\"@id\":\"https:\\\/\\\/sorbetkiwi.fr\\\/#website\"},\"primaryImageOfPage\":{\"@id\":\"https:\\\/\\\/sorbetkiwi.fr\\\/index.php\\\/festival-sans-nom-edition-2025\\\/#primaryimage\"},\"image\":{\"@id\":\"https:\\\/\\\/sorbetkiwi.fr\\\/index.php\\\/festival-sans-nom-edition-2025\\\/#primaryimage\"},\"thumbnailUrl\":\"https:\\\/\\\/sorbetkiwi.fr\\\/wp-content\\\/uploads\\\/2025\\\/10\\\/Festival-Sans-Nom-2025.jpg\",\"datePublished\":\"2025-10-28T06:00:00+00:00\",\"description\":\"Retour sur le Festival Sans Nom \u00e9dition 2025 \u00e0 Mulhouse, un rendez-vous incontournable du polar o\u00f9 auteurs et lecteurs se retrouvent.\",\"breadcrumb\":{\"@id\":\"https:\\\/\\\/sorbetkiwi.fr\\\/index.php\\\/festival-sans-nom-edition-2025\\\/#breadcrumb\"},\"inLanguage\":\"fr-FR\",\"potentialAction\":[{\"@type\":\"ReadAction\",\"target\":[\"https:\\\/\\\/sorbetkiwi.fr\\\/index.php\\\/festival-sans-nom-edition-2025\\\/\"]}]},{\"@type\":\"ImageObject\",\"inLanguage\":\"fr-FR\",\"@id\":\"https:\\\/\\\/sorbetkiwi.fr\\\/index.php\\\/festival-sans-nom-edition-2025\\\/#primaryimage\",\"url\":\"https:\\\/\\\/sorbetkiwi.fr\\\/wp-content\\\/uploads\\\/2025\\\/10\\\/Festival-Sans-Nom-2025.jpg\",\"contentUrl\":\"https:\\\/\\\/sorbetkiwi.fr\\\/wp-content\\\/uploads\\\/2025\\\/10\\\/Festival-Sans-Nom-2025.jpg\",\"width\":1440,\"height\":1920,\"caption\":\"Photo de Sorbet-Kiwi en robe noire paillet\u00e9e montant un escalier monumental, un livre ouvert \u00e0 la main. En surimpression, le texte \u201cFestival Sans Nom\u201d, \u00e9voquant l\u2019atmosph\u00e8re \u00e9l\u00e9gante et myst\u00e9rieuse du salon du polar \u00e0 Mulhouse.\"},{\"@type\":\"BreadcrumbList\",\"@id\":\"https:\\\/\\\/sorbetkiwi.fr\\\/index.php\\\/festival-sans-nom-edition-2025\\\/#breadcrumb\",\"itemListElement\":[{\"@type\":\"ListItem\",\"position\":1,\"name\":\"Accueil\",\"item\":\"https:\\\/\\\/sorbetkiwi.fr\\\/\"},{\"@type\":\"ListItem\",\"position\":2,\"name\":\"Festival Sans Nom \u00e9dition 2025\"}]},{\"@type\":\"WebSite\",\"@id\":\"https:\\\/\\\/sorbetkiwi.fr\\\/#website\",\"url\":\"https:\\\/\\\/sorbetkiwi.fr\\\/\",\"name\":\"Sorbet Kiwi\",\"description\":\"Des lectures th\u00e9matiques par saison et les avis qui vont avec\",\"publisher\":{\"@id\":\"https:\\\/\\\/sorbetkiwi.fr\\\/#organization\"},\"potentialAction\":[{\"@type\":\"SearchAction\",\"target\":{\"@type\":\"EntryPoint\",\"urlTemplate\":\"https:\\\/\\\/sorbetkiwi.fr\\\/?s={search_term_string}\"},\"query-input\":{\"@type\":\"PropertyValueSpecification\",\"valueRequired\":true,\"valueName\":\"search_term_string\"}}],\"inLanguage\":\"fr-FR\"},{\"@type\":\"Organization\",\"@id\":\"https:\\\/\\\/sorbetkiwi.fr\\\/#organization\",\"name\":\"Sorbet Kiwi\",\"url\":\"https:\\\/\\\/sorbetkiwi.fr\\\/\",\"logo\":{\"@type\":\"ImageObject\",\"inLanguage\":\"fr-FR\",\"@id\":\"https:\\\/\\\/sorbetkiwi.fr\\\/#\\\/schema\\\/logo\\\/image\\\/\",\"url\":\"https:\\\/\\\/sorbetkiwi.fr\\\/wp-content\\\/uploads\\\/2022\\\/10\\\/Banniere-Sorbet-Kiwi-2022.jpg\",\"contentUrl\":\"https:\\\/\\\/sorbetkiwi.fr\\\/wp-content\\\/uploads\\\/2022\\\/10\\\/Banniere-Sorbet-Kiwi-2022.jpg\",\"width\":814,\"height\":401,\"caption\":\"Sorbet Kiwi\"},\"image\":{\"@id\":\"https:\\\/\\\/sorbetkiwi.fr\\\/#\\\/schema\\\/logo\\\/image\\\/\"},\"sameAs\":[\"https:\\\/\\\/www.facebook.com\\\/profile.php?id=100086238893269\",\"https:\\\/\\\/x.com\\\/pepparshoes\",\"https:\\\/\\\/www.instagram.com\\\/sorbetkiwi\\\/\",\"https:\\\/\\\/www.tiktok.com\\\/sorbetkiwi\"]},{\"@type\":\"Person\",\"@id\":\"https:\\\/\\\/sorbetkiwi.fr\\\/#\\\/schema\\\/person\\\/ed1b7b527a2957ddc3bf38b076540659\",\"name\":\"Sorbet-Kiwi\",\"image\":{\"@type\":\"ImageObject\",\"inLanguage\":\"fr-FR\",\"@id\":\"https:\\\/\\\/secure.gravatar.com\\\/avatar\\\/86f0a5c27d76317621b9e374d0f3a01d3a85278f10d0c7207ced4fd773057442?s=96&d=mm&r=g\",\"url\":\"https:\\\/\\\/secure.gravatar.com\\\/avatar\\\/86f0a5c27d76317621b9e374d0f3a01d3a85278f10d0c7207ced4fd773057442?s=96&d=mm&r=g\",\"contentUrl\":\"https:\\\/\\\/secure.gravatar.com\\\/avatar\\\/86f0a5c27d76317621b9e374d0f3a01d3a85278f10d0c7207ced4fd773057442?s=96&d=mm&r=g\",\"caption\":\"Sorbet-Kiwi\"},\"sameAs\":[\"http:\\\/\\\/sorbetkiwi.fr\"],\"url\":\"https:\\\/\\\/sorbetkiwi.fr\\\/index.php\\\/author\\\/admin7717\\\/\"}]}<\/script>\n<!-- \/ Yoast SEO plugin. -->","yoast_head_json":{"title":"Festival Sans Nom \u00e9dition 2025 - Sorbet Kiwi","description":"Retour sur le Festival Sans Nom \u00e9dition 2025 \u00e0 Mulhouse, un rendez-vous incontournable du polar o\u00f9 auteurs et lecteurs se retrouvent.","robots":{"index":"index","follow":"follow","max-snippet":"max-snippet:-1","max-image-preview":"max-image-preview:large","max-video-preview":"max-video-preview:-1"},"canonical":"https:\/\/sorbetkiwi.fr\/index.php\/festival-sans-nom-edition-2025\/","og_locale":"fr_FR","og_type":"article","og_title":"Festival Sans Nom \u00e9dition 2025 - Sorbet Kiwi","og_description":"Retour sur le Festival Sans Nom \u00e9dition 2025 \u00e0 Mulhouse, un rendez-vous incontournable du polar o\u00f9 auteurs et lecteurs se retrouvent.","og_url":"https:\/\/sorbetkiwi.fr\/index.php\/festival-sans-nom-edition-2025\/","og_site_name":"Sorbet Kiwi","article_publisher":"https:\/\/www.facebook.com\/profile.php?id=100086238893269","article_published_time":"2025-10-28T06:00:00+00:00","og_image":[{"width":1440,"height":1920,"url":"https:\/\/sorbetkiwi.fr\/wp-content\/uploads\/2025\/10\/Festival-Sans-Nom-2025.jpg","type":"image\/jpeg"}],"author":"Sorbet-Kiwi","twitter_card":"summary_large_image","twitter_creator":"@pepparshoes","twitter_site":"@pepparshoes","twitter_misc":{"\u00c9crit par":"Sorbet-Kiwi","Dur\u00e9e de lecture estim\u00e9e":"3 minutes"},"schema":{"@context":"https:\/\/schema.org","@graph":[{"@type":"Article","@id":"https:\/\/sorbetkiwi.fr\/index.php\/festival-sans-nom-edition-2025\/#article","isPartOf":{"@id":"https:\/\/sorbetkiwi.fr\/index.php\/festival-sans-nom-edition-2025\/"},"author":{"name":"Sorbet-Kiwi","@id":"https:\/\/sorbetkiwi.fr\/#\/schema\/person\/ed1b7b527a2957ddc3bf38b076540659"},"headline":"Festival Sans Nom \u00e9dition 2025","datePublished":"2025-10-28T06:00:00+00:00","mainEntityOfPage":{"@id":"https:\/\/sorbetkiwi.fr\/index.php\/festival-sans-nom-edition-2025\/"},"wordCount":463,"commentCount":2,"publisher":{"@id":"https:\/\/sorbetkiwi.fr\/#organization"},"image":{"@id":"https:\/\/sorbetkiwi.fr\/index.php\/festival-sans-nom-edition-2025\/#primaryimage"},"thumbnailUrl":"https:\/\/sorbetkiwi.fr\/wp-content\/uploads\/2025\/10\/Festival-Sans-Nom-2025.jpg","keywords":["C\u00e9dric Sire","Cosy Crime","Festival Sans Nom","Festival Sans Nom \u00e9dition 2025","Lecture d\u2019automne","Litt\u00e9rature polici\u00e8re","Mulhouse","Na\u00eblle Charles","Olivier Norek","Polar","Salon du livre"],"articleSection":["Ev\u00e9nements","Halloween","Tout le blog"],"inLanguage":"fr-FR","potentialAction":[{"@type":"CommentAction","name":"Comment","target":["https:\/\/sorbetkiwi.fr\/index.php\/festival-sans-nom-edition-2025\/#respond"]}]},{"@type":"WebPage","@id":"https:\/\/sorbetkiwi.fr\/index.php\/festival-sans-nom-edition-2025\/","url":"https:\/\/sorbetkiwi.fr\/index.php\/festival-sans-nom-edition-2025\/","name":"Festival Sans Nom \u00e9dition 2025 - Sorbet Kiwi","isPartOf":{"@id":"https:\/\/sorbetkiwi.fr\/#website"},"primaryImageOfPage":{"@id":"https:\/\/sorbetkiwi.fr\/index.php\/festival-sans-nom-edition-2025\/#primaryimage"},"image":{"@id":"https:\/\/sorbetkiwi.fr\/index.php\/festival-sans-nom-edition-2025\/#primaryimage"},"thumbnailUrl":"https:\/\/sorbetkiwi.fr\/wp-content\/uploads\/2025\/10\/Festival-Sans-Nom-2025.jpg","datePublished":"2025-10-28T06:00:00+00:00","description":"Retour sur le Festival Sans Nom \u00e9dition 2025 \u00e0 Mulhouse, un rendez-vous incontournable du polar o\u00f9 auteurs et lecteurs se retrouvent.","breadcrumb":{"@id":"https:\/\/sorbetkiwi.fr\/index.php\/festival-sans-nom-edition-2025\/#breadcrumb"},"inLanguage":"fr-FR","potentialAction":[{"@type":"ReadAction","target":["https:\/\/sorbetkiwi.fr\/index.php\/festival-sans-nom-edition-2025\/"]}]},{"@type":"ImageObject","inLanguage":"fr-FR","@id":"https:\/\/sorbetkiwi.fr\/index.php\/festival-sans-nom-edition-2025\/#primaryimage","url":"https:\/\/sorbetkiwi.fr\/wp-content\/uploads\/2025\/10\/Festival-Sans-Nom-2025.jpg","contentUrl":"https:\/\/sorbetkiwi.fr\/wp-content\/uploads\/2025\/10\/Festival-Sans-Nom-2025.jpg","width":1440,"height":1920,"caption":"Photo de Sorbet-Kiwi en robe noire paillet\u00e9e montant un escalier monumental, un livre ouvert \u00e0 la main. En surimpression, le texte \u201cFestival Sans Nom\u201d, \u00e9voquant l\u2019atmosph\u00e8re \u00e9l\u00e9gante et myst\u00e9rieuse du salon du polar \u00e0 Mulhouse."},{"@type":"BreadcrumbList","@id":"https:\/\/sorbetkiwi.fr\/index.php\/festival-sans-nom-edition-2025\/#breadcrumb","itemListElement":[{"@type":"ListItem","position":1,"name":"Accueil","item":"https:\/\/sorbetkiwi.fr\/"},{"@type":"ListItem","position":2,"name":"Festival Sans Nom \u00e9dition 2025"}]},{"@type":"WebSite","@id":"https:\/\/sorbetkiwi.fr\/#website","url":"https:\/\/sorbetkiwi.fr\/","name":"Sorbet Kiwi","description":"Des lectures th\u00e9matiques par saison et les avis qui vont avec","publisher":{"@id":"https:\/\/sorbetkiwi.fr\/#organization"},"potentialAction":[{"@type":"SearchAction","target":{"@type":"EntryPoint","urlTemplate":"https:\/\/sorbetkiwi.fr\/?s={search_term_string}"},"query-input":{"@type":"PropertyValueSpecification","valueRequired":true,"valueName":"search_term_string"}}],"inLanguage":"fr-FR"},{"@type":"Organization","@id":"https:\/\/sorbetkiwi.fr\/#organization","name":"Sorbet Kiwi","url":"https:\/\/sorbetkiwi.fr\/","logo":{"@type":"ImageObject","inLanguage":"fr-FR","@id":"https:\/\/sorbetkiwi.fr\/#\/schema\/logo\/image\/","url":"https:\/\/sorbetkiwi.fr\/wp-content\/uploads\/2022\/10\/Banniere-Sorbet-Kiwi-2022.jpg","contentUrl":"https:\/\/sorbetkiwi.fr\/wp-content\/uploads\/2022\/10\/Banniere-Sorbet-Kiwi-2022.jpg","width":814,"height":401,"caption":"Sorbet Kiwi"},"image":{"@id":"https:\/\/sorbetkiwi.fr\/#\/schema\/logo\/image\/"},"sameAs":["https:\/\/www.facebook.com\/profile.php?id=100086238893269","https:\/\/x.com\/pepparshoes","https:\/\/www.instagram.com\/sorbetkiwi\/","https:\/\/www.tiktok.com\/sorbetkiwi"]},{"@type":"Person","@id":"https:\/\/sorbetkiwi.fr\/#\/schema\/person\/ed1b7b527a2957ddc3bf38b076540659","name":"Sorbet-Kiwi","image":{"@type":"ImageObject","inLanguage":"fr-FR","@id":"https:\/\/secure.gravatar.com\/avatar\/86f0a5c27d76317621b9e374d0f3a01d3a85278f10d0c7207ced4fd773057442?s=96&d=mm&r=g","url":"https:\/\/secure.gravatar.com\/avatar\/86f0a5c27d76317621b9e374d0f3a01d3a85278f10d0c7207ced4fd773057442?s=96&d=mm&r=g","contentUrl":"https:\/\/secure.gravatar.com\/avatar\/86f0a5c27d76317621b9e374d0f3a01d3a85278f10d0c7207ced4fd773057442?s=96&d=mm&r=g","caption":"Sorbet-Kiwi"},"sameAs":["http:\/\/sorbetkiwi.fr"],"url":"https:\/\/sorbetkiwi.fr\/index.php\/author\/admin7717\/"}]}},"_links":{"self":[{"href":"https:\/\/sorbetkiwi.fr\/index.php\/wp-json\/wp\/v2\/posts\/8712","targetHints":{"allow":["GET"]}}],"collection":[{"href":"https:\/\/sorbetkiwi.fr\/index.php\/wp-json\/wp\/v2\/posts"}],"about":[{"href":"https:\/\/sorbetkiwi.fr\/index.php\/wp-json\/wp\/v2\/types\/post"}],"author":[{"embeddable":true,"href":"https:\/\/sorbetkiwi.fr\/index.php\/wp-json\/wp\/v2\/users\/1"}],"replies":[{"embeddable":true,"href":"https:\/\/sorbetkiwi.fr\/index.php\/wp-json\/wp\/v2\/comments?post=8712"}],"version-history":[{"count":10,"href":"https:\/\/sorbetkiwi.fr\/index.php\/wp-json\/wp\/v2\/posts\/8712\/revisions"}],"predecessor-version":[{"id":8723,"href":"https:\/\/sorbetkiwi.fr\/index.php\/wp-json\/wp\/v2\/posts\/8712\/revisions\/8723"}],"wp:featuredmedia":[{"embeddable":true,"href":"https:\/\/sorbetkiwi.fr\/index.php\/wp-json\/wp\/v2\/media\/8713"}],"wp:attachment":[{"href":"https:\/\/sorbetkiwi.fr\/index.php\/wp-json\/wp\/v2\/media?parent=8712"}],"wp:term":[{"taxonomy":"category","embeddable":true,"href":"https:\/\/sorbetkiwi.fr\/index.php\/wp-json\/wp\/v2\/categories?post=8712"},{"taxonomy":"post_tag","embeddable":true,"href":"https:\/\/sorbetkiwi.fr\/index.php\/wp-json\/wp\/v2\/tags?post=8712"}],"curies":[{"name":"wp","href":"https:\/\/api.w.org\/{rel}","templated":true}]}}