{"id":8504,"date":"2025-09-11T10:40:03","date_gmt":"2025-09-11T08:40:03","guid":{"rendered":"https:\/\/sorbetkiwi.fr\/?p=8504"},"modified":"2025-09-11T10:49:47","modified_gmt":"2025-09-11T08:49:47","slug":"stella-et-hortense-de-clarisse-sabard-les-agapanthes-t-2","status":"publish","type":"post","link":"https:\/\/sorbetkiwi.fr\/index.php\/stella-et-hortense-de-clarisse-sabard-les-agapanthes-t-2\/","title":{"rendered":"Stella et Hortense de Clarisse Sabard &#8211; Les Agapanthes T.2"},"content":{"rendered":"\t\t<div data-elementor-type=\"wp-post\" data-elementor-id=\"8504\" class=\"elementor elementor-8504\">\n\t\t\t\t\t\t<section class=\"elementor-section elementor-top-section elementor-element elementor-element-65d68bed elementor-section-boxed elementor-section-height-default elementor-section-height-default\" data-id=\"65d68bed\" data-element_type=\"section\" data-e-type=\"section\">\n\t\t\t\t\t\t<div class=\"elementor-container elementor-column-gap-default\">\n\t\t\t\t\t<div class=\"elementor-column elementor-col-100 elementor-top-column elementor-element elementor-element-43fa5d7f\" data-id=\"43fa5d7f\" data-element_type=\"column\" data-e-type=\"column\">\n\t\t\t<div class=\"elementor-widget-wrap elementor-element-populated\">\n\t\t\t\t\t\t<div class=\"elementor-element elementor-element-56215026 elementor-widget elementor-widget-heading\" data-id=\"56215026\" data-element_type=\"widget\" data-e-type=\"widget\" data-widget_type=\"heading.default\">\n\t\t\t\t<div class=\"elementor-widget-container\">\n\t\t\t\t\t<h1 class=\"elementor-heading-title elementor-size-medium\">Lecture du roman Stella et Hortense, tome 2 du Secret des Agapanthes de Clarisse Sabard, devant le Palais de Justice de Lausanne, Suisse.<\/h1>\t\t\t\t<\/div>\n\t\t\t\t<\/div>\n\t\t\t\t<div class=\"elementor-element elementor-element-b7f6bfb elementor-view-default elementor-widget elementor-widget-icon\" data-id=\"b7f6bfb\" data-element_type=\"widget\" data-e-type=\"widget\" data-widget_type=\"icon.default\">\n\t\t\t\t<div class=\"elementor-widget-container\">\n\t\t\t\t\t\t\t<div class=\"elementor-icon-wrapper\">\n\t\t\t<div class=\"elementor-icon\">\n\t\t\t<i aria-hidden=\"true\" class=\"fas fa-cocktail\"><\/i>\t\t\t<\/div>\n\t\t<\/div>\n\t\t\t\t\t\t<\/div>\n\t\t\t\t<\/div>\n\t\t\t\t<div class=\"elementor-element elementor-element-230f78f1 elementor-widget-divider--view-line elementor-widget elementor-widget-divider\" data-id=\"230f78f1\" data-element_type=\"widget\" data-e-type=\"widget\" data-widget_type=\"divider.default\">\n\t\t\t\t<div class=\"elementor-widget-container\">\n\t\t\t\t\t\t\t<div class=\"elementor-divider\">\n\t\t\t<span class=\"elementor-divider-separator\">\n\t\t\t\t\t\t<\/span>\n\t\t<\/div>\n\t\t\t\t\t\t<\/div>\n\t\t\t\t<\/div>\n\t\t\t\t<div class=\"elementor-element elementor-element-580a4fc6 elementor-widget elementor-widget-heading\" data-id=\"580a4fc6\" data-element_type=\"widget\" data-e-type=\"widget\" data-widget_type=\"heading.default\">\n\t\t\t\t<div class=\"elementor-widget-container\">\n\t\t\t\t\t<h2 class=\"elementor-heading-title elementor-size-medium\">R\u00e9sum\u00e9<\/h2>\t\t\t\t<\/div>\n\t\t\t\t<\/div>\n\t\t\t\t<div class=\"elementor-element elementor-element-7b40a241 elementor-widget elementor-widget-text-editor\" data-id=\"7b40a241\" data-element_type=\"widget\" data-e-type=\"widget\" data-widget_type=\"text-editor.default\">\n\t\t\t\t<div class=\"elementor-widget-container\">\n\t\t\t\t\t\t\t\t\t<p>\u00c0 Londres, Stella porte sa famille \u00e0 bout de bras depuis trop longtemps, alors qu\u2019elle r\u00eave d\u2019ouvrir des chambres d\u2019h\u00f4tes \u00e0 la campagne. Aussi, lorsqu\u2019elle re\u00e7oit un myst\u00e9rieux message de sa grand-tante r\u00e9cemment d\u00e9c\u00e9d\u00e9e, elle saisit cette occasion de prendre du temps pour elle. Direction Les Agapanthes, la villa normande dont elle a h\u00e9rit\u00e9 avec ses cousines, et o\u00f9 un tableau ayant appartenu \u00e0 sa grand-m\u00e8re, Hortense, a disparu.<br \/><br \/>Quelques jours \u00e0 peine apr\u00e8s son arriv\u00e9e, elle d\u00e9couvre sur le pas de la porte un carton. \u00c0 l\u2019int\u00e9rieur, un kal\u00e9idoscope, une bo\u00eete \u00e0 bijoux vide et des lettres \u00e9crites par Hortense dans sa jeunesse. De mannequin \u00e0 photographe, de Paris \u00e0 Londres en passant par New York, c\u2019est une femme au courage infini qui se d\u00e9voile entre les lignes. Et si le myst\u00e8re du tableau disparu cachait bien d\u2019autres secrets ?<\/p>\t\t\t\t\t\t\t\t<\/div>\n\t\t\t\t<\/div>\n\t\t\t\t<div class=\"elementor-element elementor-element-5895b55f elementor-widget-divider--view-line elementor-widget elementor-widget-divider\" data-id=\"5895b55f\" data-element_type=\"widget\" data-e-type=\"widget\" data-widget_type=\"divider.default\">\n\t\t\t\t<div class=\"elementor-widget-container\">\n\t\t\t\t\t\t\t<div class=\"elementor-divider\">\n\t\t\t<span class=\"elementor-divider-separator\">\n\t\t\t\t\t\t<\/span>\n\t\t<\/div>\n\t\t\t\t\t\t<\/div>\n\t\t\t\t<\/div>\n\t\t\t\t<div class=\"elementor-element elementor-element-20a6d25e elementor-widget elementor-widget-heading\" data-id=\"20a6d25e\" data-element_type=\"widget\" data-e-type=\"widget\" data-widget_type=\"heading.default\">\n\t\t\t\t<div class=\"elementor-widget-container\">\n\t\t\t\t\t<h2 class=\"elementor-heading-title elementor-size-medium\">Un d\u00e9but qui remet les pendules \u00e0 l\u2019heure<\/h2>\t\t\t\t<\/div>\n\t\t\t\t<\/div>\n\t\t\t\t<div class=\"elementor-element elementor-element-5dfcdd98 elementor-widget elementor-widget-text-editor\" data-id=\"5dfcdd98\" data-element_type=\"widget\" data-e-type=\"widget\" data-widget_type=\"text-editor.default\">\n\t\t\t\t<div class=\"elementor-widget-container\">\n\t\t\t\t\t\t\t\t\t<p>J\u2019ai trouv\u00e9 g\u00e9nial que ce tome 2 d\u00e9bute par un r\u00e9sum\u00e9 du premier. Comme je suis enfin \u00e0 jour en temps r\u00e9el dans une s\u00e9rie, cela m\u2019a permis de garder en t\u00eate l\u2019histoire de Flora et Jos\u00e9phine (<em data-start=\"928\" data-end=\"1046\">mon avis sur le tome 1 est \u00e0 retrouver <a class=\"decorated-link\" href=\"https:\/\/sorbetkiwi.fr\/index.php\/flora-et-josephine-de-clarisse-sabard\/\" target=\"_new\" rel=\"noopener\" data-start=\"968\" data-end=\"1045\">ici<\/a><\/em>). Un rappel tr\u00e8s utile pour plonger ensuite dans celle de Stella et Hortense.<\/p>\t\t\t\t\t\t\t\t<\/div>\n\t\t\t\t<\/div>\n\t\t\t\t<div class=\"elementor-element elementor-element-3abfdce3 elementor-widget-divider--view-line elementor-widget elementor-widget-divider\" data-id=\"3abfdce3\" data-element_type=\"widget\" data-e-type=\"widget\" data-widget_type=\"divider.default\">\n\t\t\t\t<div class=\"elementor-widget-container\">\n\t\t\t\t\t\t\t<div class=\"elementor-divider\">\n\t\t\t<span class=\"elementor-divider-separator\">\n\t\t\t\t\t\t<\/span>\n\t\t<\/div>\n\t\t\t\t\t\t<\/div>\n\t\t\t\t<\/div>\n\t\t\t\t<div class=\"elementor-element elementor-element-4b654ce8 elementor-widget elementor-widget-heading\" data-id=\"4b654ce8\" data-element_type=\"widget\" data-e-type=\"widget\" data-widget_type=\"heading.default\">\n\t\t\t\t<div class=\"elementor-widget-container\">\n\t\t\t\t\t<h4 class=\"elementor-heading-title elementor-size-medium\">\"\u00c0 ne rien tenter, le seul risque que l'on prend est celui de ne pas vivre.\"<\/h4>\t\t\t\t<\/div>\n\t\t\t\t<\/div>\n\t\t\t\t<div class=\"elementor-element elementor-element-2c82520d elementor-widget-divider--view-line elementor-widget elementor-widget-divider\" data-id=\"2c82520d\" data-element_type=\"widget\" data-e-type=\"widget\" data-widget_type=\"divider.default\">\n\t\t\t\t<div class=\"elementor-widget-container\">\n\t\t\t\t\t\t\t<div class=\"elementor-divider\">\n\t\t\t<span class=\"elementor-divider-separator\">\n\t\t\t\t\t\t<\/span>\n\t\t<\/div>\n\t\t\t\t\t\t<\/div>\n\t\t\t\t<\/div>\n\t\t\t\t<div class=\"elementor-element elementor-element-17d3953b elementor-widget elementor-widget-heading\" data-id=\"17d3953b\" data-element_type=\"widget\" data-e-type=\"widget\" data-widget_type=\"heading.default\">\n\t\t\t\t<div class=\"elementor-widget-container\">\n\t\t\t\t\t<h2 class=\"elementor-heading-title elementor-size-medium\">Une fresque familiale aux  personnages nuanc\u00e9s<\/h2>\t\t\t\t<\/div>\n\t\t\t\t<\/div>\n\t\t\t\t<div class=\"elementor-element elementor-element-5656e0c1 elementor-widget elementor-widget-text-editor\" data-id=\"5656e0c1\" data-element_type=\"widget\" data-e-type=\"widget\" data-widget_type=\"text-editor.default\">\n\t\t\t\t<div class=\"elementor-widget-container\">\n\t\t\t\t\t\t\t\t\t<p>D\u00e9couvrir l\u2019histoire d\u2019Hortense, la s\u0153ur du milieu, m\u2019a particuli\u00e8rement touch\u00e9e. Peut-\u00eatre parce que ce sont souvent celles et ceux qui cherchent leur place qui me bouleversent le plus. Clarisse explore encore une fois la communication et la dynamique familiale avec une grande justesse. L\u2019intrigue nous emm\u00e8ne de Londres \u00e0 New York, en passant par la Normandie et Paris, et j\u2019ai trouv\u00e9 le cadre tr\u00e8s visuel et d\u00e9paysant. Les personnages secondaires ne sont jamais lisses non plus. J\u2019ai beaucoup appr\u00e9ci\u00e9 Benjamin, qui \u00e9tait complexe et imparfait. Dans le pr\u00e9sent, Stella m\u2019a s\u00e9duite par sa sinc\u00e9rit\u00e9 et son courage. J\u2019ai aim\u00e9 la mani\u00e8re dont son couple est d\u00e9peint. C&rsquo;est r\u00e9aliste, avec des \u00e9preuves, des tensions mais aussi beaucoup de force.<\/p>\t\t\t\t\t\t\t\t<\/div>\n\t\t\t\t<\/div>\n\t\t\t\t<div class=\"elementor-element elementor-element-793085a elementor-widget-divider--view-line elementor-widget elementor-widget-divider\" data-id=\"793085a\" data-element_type=\"widget\" data-e-type=\"widget\" data-widget_type=\"divider.default\">\n\t\t\t\t<div class=\"elementor-widget-container\">\n\t\t\t\t\t\t\t<div class=\"elementor-divider\">\n\t\t\t<span class=\"elementor-divider-separator\">\n\t\t\t\t\t\t<\/span>\n\t\t<\/div>\n\t\t\t\t\t\t<\/div>\n\t\t\t\t<\/div>\n\t\t\t\t<div class=\"elementor-element elementor-element-1229b731 elementor-widget elementor-widget-heading\" data-id=\"1229b731\" data-element_type=\"widget\" data-e-type=\"widget\" data-widget_type=\"heading.default\">\n\t\t\t\t<div class=\"elementor-widget-container\">\n\t\t\t\t\t<h2 class=\"elementor-heading-title elementor-size-medium\">Une saga coup de c\u0153ur confirm\u00e9e<\/h2>\t\t\t\t<\/div>\n\t\t\t\t<\/div>\n\t\t\t\t<div class=\"elementor-element elementor-element-2f62e6d9 elementor-widget elementor-widget-text-editor\" data-id=\"2f62e6d9\" data-element_type=\"widget\" data-e-type=\"widget\" data-widget_type=\"text-editor.default\">\n\t\t\t\t<div class=\"elementor-widget-container\">\n\t\t\t\t\t\t\t\t\t<p>En refermant <em data-start=\"1988\" data-end=\"2008\">Stella et Hortense<\/em>, j\u2019ai \u00e9t\u00e9 saisie par une \u00e9motion inattendue. Les larmes aux yeux, j\u2019ai r\u00e9alis\u00e9 \u00e0 quel point cette saga est devenue un coup de c\u0153ur. Comme pour le tome 1, Clarisse r\u00e9ussit \u00e0 captiver avec son talent pour les histoires familiales. J\u2019ai d\u00e9sormais h\u00e2te de d\u00e9couvrir le tome 3, avec mes propres th\u00e9ories autour de Gabriel et des kal\u00e9idoscopes. Et d\u2019ici l\u00e0, rendez-vous en librairie le 2 octobre, avec un retour \u00e0 <em data-start=\"2398\" data-end=\"2408\">Vallenot<\/em>, une autre saga coup de c\u0153ur de l\u2019autrice. De mon c\u00f4t\u00e9, je me lancerai d\u00e9but d\u00e9cembre, puisque en octobre, c&rsquo;est Halloween par ici !\u00a0<\/p>\t\t\t\t\t\t\t\t<\/div>\n\t\t\t\t<\/div>\n\t\t\t\t<div class=\"elementor-element elementor-element-795b4505 elementor-widget elementor-widget-heading\" data-id=\"795b4505\" data-element_type=\"widget\" data-e-type=\"widget\" data-widget_type=\"heading.default\">\n\t\t\t\t<div class=\"elementor-widget-container\">\n\t\t\t\t\t<h4 class=\"elementor-heading-title elementor-size-medium\">Les autres romans de l'autrice<\/h4>\t\t\t\t<\/div>\n\t\t\t\t<\/div>\n\t\t\t\t<div class=\"elementor-element elementor-element-3ed83425 elementor-widget elementor-widget-text-editor\" data-id=\"3ed83425\" data-element_type=\"widget\" data-e-type=\"widget\" data-widget_type=\"text-editor.default\">\n\t\t\t\t<div class=\"elementor-widget-container\">\n\t\t\t\t\t\t\t\t\t<p>Mes avis sur les autres romans de l\u2019autrice :\u00a0<\/p><p>Les lettres de Rose :<\/p><ul><li><a href=\"https:\/\/sorbetkiwi.fr\/index.php\/les-lettres-de-rose-de-clarisse-sabard\/\">Les lettres de Rose<\/a><\/li><li><a href=\"https:\/\/sorbetkiwi.fr\/index.php\/lola-de-clarisse-sabard\/\">HS &#8211; Lola<\/a><\/li><\/ul><p>La plage de la mari\u00e9e :<\/p><ul><li><a href=\"https:\/\/sorbetkiwi.wordpress.com\/2017\/03\/17\/la-plage-de-la-mariee-de-clarisse-sabard\/\">La plage de la mari\u00e9e<\/a><\/li><li>HS &#8211; Alice\u00a0<\/li><\/ul><p>La vie est belle et dr\u00f4le \u00e0 la fois (Vallenot) :<\/p><ul><li><a href=\"https:\/\/sorbetkiwi.fr\/index.php\/la-vie-est-belle-et-drole-a-la-fois\/\">Tome 1 &#8211; La vie est belle et dr\u00f4le \u00e0 la fois<\/a><\/li><li><a href=\"https:\/\/sorbetkiwi.fr\/index.php\/la-vie-a-plus-dimagination-que-nous-de-clarisse-sabard\/\">Tome 2 &#8211; La vie a plus d\u2019imagination que nous<\/a><\/li><li><a href=\"https:\/\/sorbetkiwi.fr\/index.php\/et-nous-danserons-sous-les-flocons-de-clarisse-sabard\/\">Tome 3 &#8211; Et nous danserons sous les flocons<\/a><\/li><li><a href=\"https:\/\/sorbetkiwi.fr\/index.php\/sous-un-ciel-etoile-de-clarisse-sabard\/\">Tome 4 &#8211; Sous un ciel \u00e9toil\u00e9<\/a><\/li><li><a href=\"https:\/\/sorbetkiwi.fr\/index.php\/la-douce-magie-de-noel-de-clarisse-sabard\/\">Tome 5 &#8211; La douce magie de No\u00ebl<\/a><\/li><\/ul><p>Le secret des agapanthes :<\/p><ul><li><a href=\"https:\/\/sorbetkiwi.fr\/index.php\/flora-et-josephine-de-clarisse-sabard\/\">Tome 1 &#8211; Flora et Jos\u00e9phine<\/a><\/li><li>Tome 2 &#8211; Stella et Hortense<\/li><\/ul><p>One-Shot:<\/p><ul><li><a href=\"https:\/\/sorbetkiwi.wordpress.com\/2019\/03\/27\/ceux-qui-voulaient-voir-la-mer-de-clarisse-sabard\/\">Ceux qui voulaient voir la mer<\/a><\/li><li><a href=\"https:\/\/sorbetkiwi.fr\/index.php\/la-femme-au-manteau-violet-de-clarisse-sabard\/\">La femme au manteau violet<\/a><\/li><li><a href=\"https:\/\/sorbetkiwi.fr\/?p=5981\">Le jardin de l\u2019oubli<\/a><\/li><li><a href=\"https:\/\/sorbetkiwi.fr\/index.php\/le-souffle-des-reves-de-clarisse-sabard\/\">Le souffle des r\u00eaves<\/a><\/li><li><a href=\"https:\/\/sorbetkiwi.fr\/index.php\/a-la-lumiere-de-nos-jours-de-clarisse-sabard\/\">A la lumi\u00e8re de nos jours<\/a><\/li><li><a href=\"https:\/\/sorbetkiwi.fr\/index.php\/un-air-d-eternite-de-clarisse-sabard\/\">Un air d\u2019\u00e9ternit\u00e9<\/a><\/li><li><a href=\"https:\/\/sorbetkiwi.fr\/index.php\/a-l-ombre-du-pommier-de-clarisse-sabard\/\">A l\u2019ombre du pommier<\/a><\/li><\/ul>\t\t\t\t\t\t\t\t<\/div>\n\t\t\t\t<\/div>\n\t\t\t\t\t<\/div>\n\t\t<\/div>\n\t\t\t\t\t<\/div>\n\t\t<\/section>\n\t\t\t\t<\/div>\n\t\t","protected":false},"excerpt":{"rendered":"<p>Lecture du roman Stella et Hortense, tome 2 du Secret des Agapanthes de Clarisse Sabard, devant le Palais de Justice de Lausanne, Suisse. R\u00e9sum\u00e9 \u00c0 Londres, Stella porte sa famille \u00e0 bout de bras depuis &hellip; <\/p>\n","protected":false},"author":1,"featured_media":8505,"comment_status":"open","ping_status":"open","sticky":false,"template":"","format":"standard","meta":{"footnotes":""},"categories":[9,14,1],"tags":[2148,28,65,31,736,1605,2147,2150,2149,913,230,2057,2146],"class_list":["post-8504","post","type-post","status-publish","format-standard","has-post-thumbnail","hentry","category-coups-de-coeur","category-l-ete","category-tout-le-blog","tag-adelphie","tag-clarisse-sabard","tag-coup-de-coeur","tag-editions-charleston","tag-ete","tag-le-secret-des-agapanthes","tag-londres","tag-new-york","tag-normandie","tag-paris","tag-roman-contemporain","tag-saga-familiale","tag-stella-et-hortense","has-single-img"],"yoast_head":"<!-- This site is optimized with the Yoast SEO plugin v27.4 - https:\/\/yoast.com\/product\/yoast-seo-wordpress\/ -->\n<title>Stella et Hortense de Clarisse Sabard - Les Agapanthes T.2 - Sorbet Kiwi<\/title>\n<meta name=\"description\" content=\"Mon avis sur Stella et Hortense, le tome 2 du Secret des Agapanthes de Clarisse Sabard, une fresque familiale \u00e9mouvante et coup de c\u0153ur.\" \/>\n<meta name=\"robots\" content=\"index, follow, max-snippet:-1, max-image-preview:large, max-video-preview:-1\" \/>\n<link rel=\"canonical\" href=\"https:\/\/sorbetkiwi.fr\/index.php\/stella-et-hortense-de-clarisse-sabard-les-agapanthes-t-2\/\" \/>\n<meta property=\"og:locale\" content=\"fr_FR\" \/>\n<meta property=\"og:type\" content=\"article\" \/>\n<meta property=\"og:title\" content=\"Stella et Hortense de Clarisse Sabard - Les Agapanthes T.2 - Sorbet Kiwi\" \/>\n<meta property=\"og:description\" content=\"Mon avis sur Stella et Hortense, le tome 2 du Secret des Agapanthes de Clarisse Sabard, une fresque familiale \u00e9mouvante et coup de c\u0153ur.\" \/>\n<meta property=\"og:url\" content=\"https:\/\/sorbetkiwi.fr\/index.php\/stella-et-hortense-de-clarisse-sabard-les-agapanthes-t-2\/\" \/>\n<meta property=\"og:site_name\" content=\"Sorbet Kiwi\" \/>\n<meta property=\"article:publisher\" content=\"https:\/\/www.facebook.com\/profile.php?id=100086238893269\" \/>\n<meta property=\"article:published_time\" content=\"2025-09-11T08:40:03+00:00\" \/>\n<meta property=\"article:modified_time\" content=\"2025-09-11T08:49:47+00:00\" \/>\n<meta property=\"og:image\" content=\"https:\/\/sorbetkiwi.fr\/wp-content\/uploads\/2025\/09\/Stella-et-Hortense-Le-secret-des-agapanthes-2-Clarisse-Sabard-769x1024.jpg\" \/>\n\t<meta property=\"og:image:width\" content=\"769\" \/>\n\t<meta property=\"og:image:height\" content=\"1024\" \/>\n\t<meta property=\"og:image:type\" content=\"image\/jpeg\" \/>\n<meta name=\"author\" content=\"Sorbet-Kiwi\" \/>\n<meta name=\"twitter:card\" content=\"summary_large_image\" \/>\n<meta name=\"twitter:creator\" content=\"@pepparshoes\" \/>\n<meta name=\"twitter:site\" content=\"@pepparshoes\" \/>\n<meta name=\"twitter:label1\" content=\"\u00c9crit par\" \/>\n\t<meta name=\"twitter:data1\" content=\"Sorbet-Kiwi\" \/>\n\t<meta name=\"twitter:label2\" content=\"Dur\u00e9e de lecture estim\u00e9e\" \/>\n\t<meta name=\"twitter:data2\" content=\"4 minutes\" \/>\n<script type=\"application\/ld+json\" class=\"yoast-schema-graph\">{\"@context\":\"https:\\\/\\\/schema.org\",\"@graph\":[{\"@type\":\"Article\",\"@id\":\"https:\\\/\\\/sorbetkiwi.fr\\\/index.php\\\/stella-et-hortense-de-clarisse-sabard-les-agapanthes-t-2\\\/#article\",\"isPartOf\":{\"@id\":\"https:\\\/\\\/sorbetkiwi.fr\\\/index.php\\\/stella-et-hortense-de-clarisse-sabard-les-agapanthes-t-2\\\/\"},\"author\":{\"name\":\"Sorbet-Kiwi\",\"@id\":\"https:\\\/\\\/sorbetkiwi.fr\\\/#\\\/schema\\\/person\\\/ed1b7b527a2957ddc3bf38b076540659\"},\"headline\":\"Stella et Hortense de Clarisse Sabard &#8211; Les Agapanthes T.2\",\"datePublished\":\"2025-09-11T08:40:03+00:00\",\"dateModified\":\"2025-09-11T08:49:47+00:00\",\"mainEntityOfPage\":{\"@id\":\"https:\\\/\\\/sorbetkiwi.fr\\\/index.php\\\/stella-et-hortense-de-clarisse-sabard-les-agapanthes-t-2\\\/\"},\"wordCount\":697,\"commentCount\":4,\"publisher\":{\"@id\":\"https:\\\/\\\/sorbetkiwi.fr\\\/#organization\"},\"image\":{\"@id\":\"https:\\\/\\\/sorbetkiwi.fr\\\/index.php\\\/stella-et-hortense-de-clarisse-sabard-les-agapanthes-t-2\\\/#primaryimage\"},\"thumbnailUrl\":\"https:\\\/\\\/sorbetkiwi.fr\\\/wp-content\\\/uploads\\\/2025\\\/09\\\/Stella-et-Hortense-Le-secret-des-agapanthes-2-Clarisse-Sabard.jpg\",\"keywords\":[\"Ad\u00e9lphie\",\"Clarisse Sabard\",\"Coup de c\u0153ur\",\"Editions Charleston\",\"\u00e9t\u00e9\",\"Le secret des agapanthes\",\"Londres\",\"New York\",\"Normandie\",\"Paris\",\"Roman contemporain\",\"Saga familiale\",\"Stella et Hortense\"],\"articleSection\":[\"Coups de coeur\",\"L'\u00e9t\u00e9\",\"Tout le blog\"],\"inLanguage\":\"fr-FR\",\"potentialAction\":[{\"@type\":\"CommentAction\",\"name\":\"Comment\",\"target\":[\"https:\\\/\\\/sorbetkiwi.fr\\\/index.php\\\/stella-et-hortense-de-clarisse-sabard-les-agapanthes-t-2\\\/#respond\"]}]},{\"@type\":\"WebPage\",\"@id\":\"https:\\\/\\\/sorbetkiwi.fr\\\/index.php\\\/stella-et-hortense-de-clarisse-sabard-les-agapanthes-t-2\\\/\",\"url\":\"https:\\\/\\\/sorbetkiwi.fr\\\/index.php\\\/stella-et-hortense-de-clarisse-sabard-les-agapanthes-t-2\\\/\",\"name\":\"Stella et Hortense de Clarisse Sabard - Les Agapanthes T.2 - Sorbet Kiwi\",\"isPartOf\":{\"@id\":\"https:\\\/\\\/sorbetkiwi.fr\\\/#website\"},\"primaryImageOfPage\":{\"@id\":\"https:\\\/\\\/sorbetkiwi.fr\\\/index.php\\\/stella-et-hortense-de-clarisse-sabard-les-agapanthes-t-2\\\/#primaryimage\"},\"image\":{\"@id\":\"https:\\\/\\\/sorbetkiwi.fr\\\/index.php\\\/stella-et-hortense-de-clarisse-sabard-les-agapanthes-t-2\\\/#primaryimage\"},\"thumbnailUrl\":\"https:\\\/\\\/sorbetkiwi.fr\\\/wp-content\\\/uploads\\\/2025\\\/09\\\/Stella-et-Hortense-Le-secret-des-agapanthes-2-Clarisse-Sabard.jpg\",\"datePublished\":\"2025-09-11T08:40:03+00:00\",\"dateModified\":\"2025-09-11T08:49:47+00:00\",\"description\":\"Mon avis sur Stella et Hortense, le tome 2 du Secret des Agapanthes de Clarisse Sabard, une fresque familiale \u00e9mouvante et coup de c\u0153ur.\",\"breadcrumb\":{\"@id\":\"https:\\\/\\\/sorbetkiwi.fr\\\/index.php\\\/stella-et-hortense-de-clarisse-sabard-les-agapanthes-t-2\\\/#breadcrumb\"},\"inLanguage\":\"fr-FR\",\"potentialAction\":[{\"@type\":\"ReadAction\",\"target\":[\"https:\\\/\\\/sorbetkiwi.fr\\\/index.php\\\/stella-et-hortense-de-clarisse-sabard-les-agapanthes-t-2\\\/\"]}]},{\"@type\":\"ImageObject\",\"inLanguage\":\"fr-FR\",\"@id\":\"https:\\\/\\\/sorbetkiwi.fr\\\/index.php\\\/stella-et-hortense-de-clarisse-sabard-les-agapanthes-t-2\\\/#primaryimage\",\"url\":\"https:\\\/\\\/sorbetkiwi.fr\\\/wp-content\\\/uploads\\\/2025\\\/09\\\/Stella-et-Hortense-Le-secret-des-agapanthes-2-Clarisse-Sabard.jpg\",\"contentUrl\":\"https:\\\/\\\/sorbetkiwi.fr\\\/wp-content\\\/uploads\\\/2025\\\/09\\\/Stella-et-Hortense-Le-secret-des-agapanthes-2-Clarisse-Sabard.jpg\",\"width\":1441,\"height\":1920,\"caption\":\"Lecture du roman Stella et Hortense, tome 2 du Secret des Agapanthes de Clarisse Sabard, devant le Palais de Justice de Lausanne, Suisse.\"},{\"@type\":\"BreadcrumbList\",\"@id\":\"https:\\\/\\\/sorbetkiwi.fr\\\/index.php\\\/stella-et-hortense-de-clarisse-sabard-les-agapanthes-t-2\\\/#breadcrumb\",\"itemListElement\":[{\"@type\":\"ListItem\",\"position\":1,\"name\":\"Accueil\",\"item\":\"https:\\\/\\\/sorbetkiwi.fr\\\/\"},{\"@type\":\"ListItem\",\"position\":2,\"name\":\"Stella et Hortense de Clarisse Sabard &#8211; Les Agapanthes T.2\"}]},{\"@type\":\"WebSite\",\"@id\":\"https:\\\/\\\/sorbetkiwi.fr\\\/#website\",\"url\":\"https:\\\/\\\/sorbetkiwi.fr\\\/\",\"name\":\"Sorbet Kiwi\",\"description\":\"Des lectures th\u00e9matiques par saison et les avis qui vont avec\",\"publisher\":{\"@id\":\"https:\\\/\\\/sorbetkiwi.fr\\\/#organization\"},\"potentialAction\":[{\"@type\":\"SearchAction\",\"target\":{\"@type\":\"EntryPoint\",\"urlTemplate\":\"https:\\\/\\\/sorbetkiwi.fr\\\/?s={search_term_string}\"},\"query-input\":{\"@type\":\"PropertyValueSpecification\",\"valueRequired\":true,\"valueName\":\"search_term_string\"}}],\"inLanguage\":\"fr-FR\"},{\"@type\":\"Organization\",\"@id\":\"https:\\\/\\\/sorbetkiwi.fr\\\/#organization\",\"name\":\"Sorbet Kiwi\",\"url\":\"https:\\\/\\\/sorbetkiwi.fr\\\/\",\"logo\":{\"@type\":\"ImageObject\",\"inLanguage\":\"fr-FR\",\"@id\":\"https:\\\/\\\/sorbetkiwi.fr\\\/#\\\/schema\\\/logo\\\/image\\\/\",\"url\":\"https:\\\/\\\/sorbetkiwi.fr\\\/wp-content\\\/uploads\\\/2022\\\/10\\\/Banniere-Sorbet-Kiwi-2022.jpg\",\"contentUrl\":\"https:\\\/\\\/sorbetkiwi.fr\\\/wp-content\\\/uploads\\\/2022\\\/10\\\/Banniere-Sorbet-Kiwi-2022.jpg\",\"width\":814,\"height\":401,\"caption\":\"Sorbet Kiwi\"},\"image\":{\"@id\":\"https:\\\/\\\/sorbetkiwi.fr\\\/#\\\/schema\\\/logo\\\/image\\\/\"},\"sameAs\":[\"https:\\\/\\\/www.facebook.com\\\/profile.php?id=100086238893269\",\"https:\\\/\\\/x.com\\\/pepparshoes\",\"https:\\\/\\\/www.instagram.com\\\/sorbetkiwi\\\/\",\"https:\\\/\\\/www.tiktok.com\\\/sorbetkiwi\"]},{\"@type\":\"Person\",\"@id\":\"https:\\\/\\\/sorbetkiwi.fr\\\/#\\\/schema\\\/person\\\/ed1b7b527a2957ddc3bf38b076540659\",\"name\":\"Sorbet-Kiwi\",\"image\":{\"@type\":\"ImageObject\",\"inLanguage\":\"fr-FR\",\"@id\":\"https:\\\/\\\/secure.gravatar.com\\\/avatar\\\/86f0a5c27d76317621b9e374d0f3a01d3a85278f10d0c7207ced4fd773057442?s=96&d=mm&r=g\",\"url\":\"https:\\\/\\\/secure.gravatar.com\\\/avatar\\\/86f0a5c27d76317621b9e374d0f3a01d3a85278f10d0c7207ced4fd773057442?s=96&d=mm&r=g\",\"contentUrl\":\"https:\\\/\\\/secure.gravatar.com\\\/avatar\\\/86f0a5c27d76317621b9e374d0f3a01d3a85278f10d0c7207ced4fd773057442?s=96&d=mm&r=g\",\"caption\":\"Sorbet-Kiwi\"},\"sameAs\":[\"http:\\\/\\\/sorbetkiwi.fr\"],\"url\":\"https:\\\/\\\/sorbetkiwi.fr\\\/index.php\\\/author\\\/admin7717\\\/\"}]}<\/script>\n<!-- \/ Yoast SEO plugin. -->","yoast_head_json":{"title":"Stella et Hortense de Clarisse Sabard - Les Agapanthes T.2 - Sorbet Kiwi","description":"Mon avis sur Stella et Hortense, le tome 2 du Secret des Agapanthes de Clarisse Sabard, une fresque familiale \u00e9mouvante et coup de c\u0153ur.","robots":{"index":"index","follow":"follow","max-snippet":"max-snippet:-1","max-image-preview":"max-image-preview:large","max-video-preview":"max-video-preview:-1"},"canonical":"https:\/\/sorbetkiwi.fr\/index.php\/stella-et-hortense-de-clarisse-sabard-les-agapanthes-t-2\/","og_locale":"fr_FR","og_type":"article","og_title":"Stella et Hortense de Clarisse Sabard - Les Agapanthes T.2 - Sorbet Kiwi","og_description":"Mon avis sur Stella et Hortense, le tome 2 du Secret des Agapanthes de Clarisse Sabard, une fresque familiale \u00e9mouvante et coup de c\u0153ur.","og_url":"https:\/\/sorbetkiwi.fr\/index.php\/stella-et-hortense-de-clarisse-sabard-les-agapanthes-t-2\/","og_site_name":"Sorbet Kiwi","article_publisher":"https:\/\/www.facebook.com\/profile.php?id=100086238893269","article_published_time":"2025-09-11T08:40:03+00:00","article_modified_time":"2025-09-11T08:49:47+00:00","og_image":[{"width":769,"height":1024,"url":"https:\/\/sorbetkiwi.fr\/wp-content\/uploads\/2025\/09\/Stella-et-Hortense-Le-secret-des-agapanthes-2-Clarisse-Sabard-769x1024.jpg","type":"image\/jpeg"}],"author":"Sorbet-Kiwi","twitter_card":"summary_large_image","twitter_creator":"@pepparshoes","twitter_site":"@pepparshoes","twitter_misc":{"\u00c9crit par":"Sorbet-Kiwi","Dur\u00e9e de lecture estim\u00e9e":"4 minutes"},"schema":{"@context":"https:\/\/schema.org","@graph":[{"@type":"Article","@id":"https:\/\/sorbetkiwi.fr\/index.php\/stella-et-hortense-de-clarisse-sabard-les-agapanthes-t-2\/#article","isPartOf":{"@id":"https:\/\/sorbetkiwi.fr\/index.php\/stella-et-hortense-de-clarisse-sabard-les-agapanthes-t-2\/"},"author":{"name":"Sorbet-Kiwi","@id":"https:\/\/sorbetkiwi.fr\/#\/schema\/person\/ed1b7b527a2957ddc3bf38b076540659"},"headline":"Stella et Hortense de Clarisse Sabard &#8211; Les Agapanthes T.2","datePublished":"2025-09-11T08:40:03+00:00","dateModified":"2025-09-11T08:49:47+00:00","mainEntityOfPage":{"@id":"https:\/\/sorbetkiwi.fr\/index.php\/stella-et-hortense-de-clarisse-sabard-les-agapanthes-t-2\/"},"wordCount":697,"commentCount":4,"publisher":{"@id":"https:\/\/sorbetkiwi.fr\/#organization"},"image":{"@id":"https:\/\/sorbetkiwi.fr\/index.php\/stella-et-hortense-de-clarisse-sabard-les-agapanthes-t-2\/#primaryimage"},"thumbnailUrl":"https:\/\/sorbetkiwi.fr\/wp-content\/uploads\/2025\/09\/Stella-et-Hortense-Le-secret-des-agapanthes-2-Clarisse-Sabard.jpg","keywords":["Ad\u00e9lphie","Clarisse Sabard","Coup de c\u0153ur","Editions Charleston","\u00e9t\u00e9","Le secret des agapanthes","Londres","New York","Normandie","Paris","Roman contemporain","Saga familiale","Stella et Hortense"],"articleSection":["Coups de coeur","L'\u00e9t\u00e9","Tout le blog"],"inLanguage":"fr-FR","potentialAction":[{"@type":"CommentAction","name":"Comment","target":["https:\/\/sorbetkiwi.fr\/index.php\/stella-et-hortense-de-clarisse-sabard-les-agapanthes-t-2\/#respond"]}]},{"@type":"WebPage","@id":"https:\/\/sorbetkiwi.fr\/index.php\/stella-et-hortense-de-clarisse-sabard-les-agapanthes-t-2\/","url":"https:\/\/sorbetkiwi.fr\/index.php\/stella-et-hortense-de-clarisse-sabard-les-agapanthes-t-2\/","name":"Stella et Hortense de Clarisse Sabard - Les Agapanthes T.2 - Sorbet Kiwi","isPartOf":{"@id":"https:\/\/sorbetkiwi.fr\/#website"},"primaryImageOfPage":{"@id":"https:\/\/sorbetkiwi.fr\/index.php\/stella-et-hortense-de-clarisse-sabard-les-agapanthes-t-2\/#primaryimage"},"image":{"@id":"https:\/\/sorbetkiwi.fr\/index.php\/stella-et-hortense-de-clarisse-sabard-les-agapanthes-t-2\/#primaryimage"},"thumbnailUrl":"https:\/\/sorbetkiwi.fr\/wp-content\/uploads\/2025\/09\/Stella-et-Hortense-Le-secret-des-agapanthes-2-Clarisse-Sabard.jpg","datePublished":"2025-09-11T08:40:03+00:00","dateModified":"2025-09-11T08:49:47+00:00","description":"Mon avis sur Stella et Hortense, le tome 2 du Secret des Agapanthes de Clarisse Sabard, une fresque familiale \u00e9mouvante et coup de c\u0153ur.","breadcrumb":{"@id":"https:\/\/sorbetkiwi.fr\/index.php\/stella-et-hortense-de-clarisse-sabard-les-agapanthes-t-2\/#breadcrumb"},"inLanguage":"fr-FR","potentialAction":[{"@type":"ReadAction","target":["https:\/\/sorbetkiwi.fr\/index.php\/stella-et-hortense-de-clarisse-sabard-les-agapanthes-t-2\/"]}]},{"@type":"ImageObject","inLanguage":"fr-FR","@id":"https:\/\/sorbetkiwi.fr\/index.php\/stella-et-hortense-de-clarisse-sabard-les-agapanthes-t-2\/#primaryimage","url":"https:\/\/sorbetkiwi.fr\/wp-content\/uploads\/2025\/09\/Stella-et-Hortense-Le-secret-des-agapanthes-2-Clarisse-Sabard.jpg","contentUrl":"https:\/\/sorbetkiwi.fr\/wp-content\/uploads\/2025\/09\/Stella-et-Hortense-Le-secret-des-agapanthes-2-Clarisse-Sabard.jpg","width":1441,"height":1920,"caption":"Lecture du roman Stella et Hortense, tome 2 du Secret des Agapanthes de Clarisse Sabard, devant le Palais de Justice de Lausanne, Suisse."},{"@type":"BreadcrumbList","@id":"https:\/\/sorbetkiwi.fr\/index.php\/stella-et-hortense-de-clarisse-sabard-les-agapanthes-t-2\/#breadcrumb","itemListElement":[{"@type":"ListItem","position":1,"name":"Accueil","item":"https:\/\/sorbetkiwi.fr\/"},{"@type":"ListItem","position":2,"name":"Stella et Hortense de Clarisse Sabard &#8211; Les Agapanthes T.2"}]},{"@type":"WebSite","@id":"https:\/\/sorbetkiwi.fr\/#website","url":"https:\/\/sorbetkiwi.fr\/","name":"Sorbet Kiwi","description":"Des lectures th\u00e9matiques par saison et les avis qui vont avec","publisher":{"@id":"https:\/\/sorbetkiwi.fr\/#organization"},"potentialAction":[{"@type":"SearchAction","target":{"@type":"EntryPoint","urlTemplate":"https:\/\/sorbetkiwi.fr\/?s={search_term_string}"},"query-input":{"@type":"PropertyValueSpecification","valueRequired":true,"valueName":"search_term_string"}}],"inLanguage":"fr-FR"},{"@type":"Organization","@id":"https:\/\/sorbetkiwi.fr\/#organization","name":"Sorbet Kiwi","url":"https:\/\/sorbetkiwi.fr\/","logo":{"@type":"ImageObject","inLanguage":"fr-FR","@id":"https:\/\/sorbetkiwi.fr\/#\/schema\/logo\/image\/","url":"https:\/\/sorbetkiwi.fr\/wp-content\/uploads\/2022\/10\/Banniere-Sorbet-Kiwi-2022.jpg","contentUrl":"https:\/\/sorbetkiwi.fr\/wp-content\/uploads\/2022\/10\/Banniere-Sorbet-Kiwi-2022.jpg","width":814,"height":401,"caption":"Sorbet Kiwi"},"image":{"@id":"https:\/\/sorbetkiwi.fr\/#\/schema\/logo\/image\/"},"sameAs":["https:\/\/www.facebook.com\/profile.php?id=100086238893269","https:\/\/x.com\/pepparshoes","https:\/\/www.instagram.com\/sorbetkiwi\/","https:\/\/www.tiktok.com\/sorbetkiwi"]},{"@type":"Person","@id":"https:\/\/sorbetkiwi.fr\/#\/schema\/person\/ed1b7b527a2957ddc3bf38b076540659","name":"Sorbet-Kiwi","image":{"@type":"ImageObject","inLanguage":"fr-FR","@id":"https:\/\/secure.gravatar.com\/avatar\/86f0a5c27d76317621b9e374d0f3a01d3a85278f10d0c7207ced4fd773057442?s=96&d=mm&r=g","url":"https:\/\/secure.gravatar.com\/avatar\/86f0a5c27d76317621b9e374d0f3a01d3a85278f10d0c7207ced4fd773057442?s=96&d=mm&r=g","contentUrl":"https:\/\/secure.gravatar.com\/avatar\/86f0a5c27d76317621b9e374d0f3a01d3a85278f10d0c7207ced4fd773057442?s=96&d=mm&r=g","caption":"Sorbet-Kiwi"},"sameAs":["http:\/\/sorbetkiwi.fr"],"url":"https:\/\/sorbetkiwi.fr\/index.php\/author\/admin7717\/"}]}},"_links":{"self":[{"href":"https:\/\/sorbetkiwi.fr\/index.php\/wp-json\/wp\/v2\/posts\/8504","targetHints":{"allow":["GET"]}}],"collection":[{"href":"https:\/\/sorbetkiwi.fr\/index.php\/wp-json\/wp\/v2\/posts"}],"about":[{"href":"https:\/\/sorbetkiwi.fr\/index.php\/wp-json\/wp\/v2\/types\/post"}],"author":[{"embeddable":true,"href":"https:\/\/sorbetkiwi.fr\/index.php\/wp-json\/wp\/v2\/users\/1"}],"replies":[{"embeddable":true,"href":"https:\/\/sorbetkiwi.fr\/index.php\/wp-json\/wp\/v2\/comments?post=8504"}],"version-history":[{"count":7,"href":"https:\/\/sorbetkiwi.fr\/index.php\/wp-json\/wp\/v2\/posts\/8504\/revisions"}],"predecessor-version":[{"id":8513,"href":"https:\/\/sorbetkiwi.fr\/index.php\/wp-json\/wp\/v2\/posts\/8504\/revisions\/8513"}],"wp:featuredmedia":[{"embeddable":true,"href":"https:\/\/sorbetkiwi.fr\/index.php\/wp-json\/wp\/v2\/media\/8505"}],"wp:attachment":[{"href":"https:\/\/sorbetkiwi.fr\/index.php\/wp-json\/wp\/v2\/media?parent=8504"}],"wp:term":[{"taxonomy":"category","embeddable":true,"href":"https:\/\/sorbetkiwi.fr\/index.php\/wp-json\/wp\/v2\/categories?post=8504"},{"taxonomy":"post_tag","embeddable":true,"href":"https:\/\/sorbetkiwi.fr\/index.php\/wp-json\/wp\/v2\/tags?post=8504"}],"curies":[{"name":"wp","href":"https:\/\/api.w.org\/{rel}","templated":true}]}}