{"id":8368,"date":"2025-08-22T07:00:00","date_gmt":"2025-08-22T05:00:00","guid":{"rendered":"https:\/\/sorbetkiwi.fr\/?p=8368"},"modified":"2025-08-18T16:15:18","modified_gmt":"2025-08-18T14:15:18","slug":"les-indes-noires-de-jules-verne","status":"publish","type":"post","link":"https:\/\/sorbetkiwi.fr\/index.php\/les-indes-noires-de-jules-verne\/","title":{"rendered":"Les Indes Noires de Jules Verne"},"content":{"rendered":"\t\t<div data-elementor-type=\"wp-post\" data-elementor-id=\"8368\" class=\"elementor elementor-8368\">\n\t\t\t\t\t\t<section class=\"elementor-section elementor-top-section elementor-element elementor-element-20423b0c elementor-section-boxed elementor-section-height-default elementor-section-height-default\" data-id=\"20423b0c\" data-element_type=\"section\" data-e-type=\"section\">\n\t\t\t\t\t\t<div class=\"elementor-container elementor-column-gap-default\">\n\t\t\t\t\t<div class=\"elementor-column elementor-col-100 elementor-top-column elementor-element elementor-element-3099f1f2\" data-id=\"3099f1f2\" data-element_type=\"column\" data-e-type=\"column\">\n\t\t\t<div class=\"elementor-widget-wrap elementor-element-populated\">\n\t\t\t\t\t\t<div class=\"elementor-element elementor-element-66fae2ff elementor-widget elementor-widget-heading\" data-id=\"66fae2ff\" data-element_type=\"widget\" data-e-type=\"widget\" data-widget_type=\"heading.default\">\n\t\t\t\t<div class=\"elementor-widget-container\">\n\t\t\t\t\t<h1 class=\"elementor-heading-title elementor-size-medium\">Les Indes Noires de Jules Verne devant une ruine de ch\u00e2teau<\/h1>\t\t\t\t<\/div>\n\t\t\t\t<\/div>\n\t\t\t\t<div class=\"elementor-element elementor-element-22318be8 elementor-view-default elementor-widget elementor-widget-icon\" data-id=\"22318be8\" data-element_type=\"widget\" data-e-type=\"widget\" data-widget_type=\"icon.default\">\n\t\t\t\t<div class=\"elementor-widget-container\">\n\t\t\t\t\t\t\t<div class=\"elementor-icon-wrapper\">\n\t\t\t<div class=\"elementor-icon\">\n\t\t\t<i aria-hidden=\"true\" class=\"fas fa-cocktail\"><\/i>\t\t\t<\/div>\n\t\t<\/div>\n\t\t\t\t\t\t<\/div>\n\t\t\t\t<\/div>\n\t\t\t\t<div class=\"elementor-element elementor-element-1478caea elementor-widget-divider--view-line elementor-widget elementor-widget-divider\" data-id=\"1478caea\" data-element_type=\"widget\" data-e-type=\"widget\" data-widget_type=\"divider.default\">\n\t\t\t\t<div class=\"elementor-widget-container\">\n\t\t\t\t\t\t\t<div class=\"elementor-divider\">\n\t\t\t<span class=\"elementor-divider-separator\">\n\t\t\t\t\t\t<\/span>\n\t\t<\/div>\n\t\t\t\t\t\t<\/div>\n\t\t\t\t<\/div>\n\t\t\t\t<div class=\"elementor-element elementor-element-1c507cf2 elementor-widget elementor-widget-heading\" data-id=\"1c507cf2\" data-element_type=\"widget\" data-e-type=\"widget\" data-widget_type=\"heading.default\">\n\t\t\t\t<div class=\"elementor-widget-container\">\n\t\t\t\t\t<h2 class=\"elementor-heading-title elementor-size-medium\">R\u00e9sum\u00e9<\/h2>\t\t\t\t<\/div>\n\t\t\t\t<\/div>\n\t\t\t\t<div class=\"elementor-element elementor-element-47f01016 elementor-widget elementor-widget-text-editor\" data-id=\"47f01016\" data-element_type=\"widget\" data-e-type=\"widget\" data-widget_type=\"text-editor.default\">\n\t\t\t\t<div class=\"elementor-widget-container\">\n\t\t\t\t\t\t\t\t\t<p>Chaudi\u00e8re \u00e9ventr\u00e9e, pistons tordus, passerelles bris\u00e9es&#8230; Les vieilles houill\u00e8res d&rsquo;Aberfoyle, en Ecosse, sont bien mortes. De myst\u00e9rieux \u00e9v\u00e9nements continuent pourtant de s&rsquo;y d\u00e9rouler&#8230; Un terrible myst\u00e8re semble dissimul\u00e9 au fond de la mine ! Dans l&rsquo;\u00e9paisse obscurit\u00e9, les galeries r\u00e9sonnent encore de coups de pic. Les souvenirs, sans doute ! Mais ces lueurs \u00e9ph\u00e9m\u00e8res s&rsquo;\u00e9loignant sans bruit&#8230; Les f\u00e9es mal\u00e9fiques des l\u00e9gendes \u00e9cossaises ? Une vo\u00fbte qui s&rsquo;\u00e9croule, le lac Katrine qui se vide&#8230; Et cette enfant terroris\u00e9e&#8230; Par quoi ? Par qui ? Pas de doute, un esprit malveillant hante les lieux ! Contre rumeurs et superstitions, James Starr, l&rsquo;ancien ing\u00e9nieur, viendra-t-il \u00e0 bout de tous les secrets que renferme la vieille mine d&rsquo;Aberfoyle ?<\/p>\t\t\t\t\t\t\t\t<\/div>\n\t\t\t\t<\/div>\n\t\t\t\t<div class=\"elementor-element elementor-element-2d0bb0ec elementor-widget-divider--view-line elementor-widget elementor-widget-divider\" data-id=\"2d0bb0ec\" data-element_type=\"widget\" data-e-type=\"widget\" data-widget_type=\"divider.default\">\n\t\t\t\t<div class=\"elementor-widget-container\">\n\t\t\t\t\t\t\t<div class=\"elementor-divider\">\n\t\t\t<span class=\"elementor-divider-separator\">\n\t\t\t\t\t\t<\/span>\n\t\t<\/div>\n\t\t\t\t\t\t<\/div>\n\t\t\t\t<\/div>\n\t\t\t\t<div class=\"elementor-element elementor-element-4098bfde elementor-widget elementor-widget-heading\" data-id=\"4098bfde\" data-element_type=\"widget\" data-e-type=\"widget\" data-widget_type=\"heading.default\">\n\t\t\t\t<div class=\"elementor-widget-container\">\n\t\t\t\t\t<h2 class=\"elementor-heading-title elementor-size-medium\">Entre mine et myst\u00e8re<\/h2>\t\t\t\t<\/div>\n\t\t\t\t<\/div>\n\t\t\t\t<div class=\"elementor-element elementor-element-4c527d8 elementor-widget elementor-widget-text-editor\" data-id=\"4c527d8\" data-element_type=\"widget\" data-e-type=\"widget\" data-widget_type=\"text-editor.default\">\n\t\t\t\t<div class=\"elementor-widget-container\">\n\t\t\t\t\t\t\t\t\t<p>J\u2019aurais sans doute d\u00fb lire <em data-start=\"382\" data-end=\"400\">Les Indes noires<\/em> directement en \u00c9cosse, puisque le r\u00e9cit se d\u00e9roule \u00e0 Aberfoyle ! D\u00e8s les premi\u00e8res pages, Jules Verne nous plonge dans un univers de myst\u00e8re et de secrets, \u00e0 travers Simon et Harry qui entra\u00eenent James Starr dans leur d\u00e9couverte. J\u2019ai trouv\u00e9 passionnant le rappel scientifique sur la formation de la houille et son r\u00f4le sur notre plan\u00e8te. Mais ce qui m\u2019a surtout marqu\u00e9e, c\u2019est \u00e0 quel point Verne anticipe d\u00e9j\u00e0, \u00e0 la fin du XIXe si\u00e8cle, la question de la surexploitation. On \u00e9puisait d\u00e9j\u00e0 les ressources, et plus d\u2019un si\u00e8cle plus tard, on continue \u00e0 puiser sans fin au lieu d\u2019imaginer des alternatives. C&rsquo;est presque un roman d&rsquo;anticipation \u00e9cologique au d\u00e9but.<\/p>\t\t\t\t\t\t\t\t<\/div>\n\t\t\t\t<\/div>\n\t\t\t\t<div class=\"elementor-element elementor-element-da8c030 elementor-widget-divider--view-line elementor-widget elementor-widget-divider\" data-id=\"da8c030\" data-element_type=\"widget\" data-e-type=\"widget\" data-widget_type=\"divider.default\">\n\t\t\t\t<div class=\"elementor-widget-container\">\n\t\t\t\t\t\t\t<div class=\"elementor-divider\">\n\t\t\t<span class=\"elementor-divider-separator\">\n\t\t\t\t\t\t<\/span>\n\t\t<\/div>\n\t\t\t\t\t\t<\/div>\n\t\t\t\t<\/div>\n\t\t\t\t<div class=\"elementor-element elementor-element-444fb2bf elementor-widget elementor-widget-heading\" data-id=\"444fb2bf\" data-element_type=\"widget\" data-e-type=\"widget\" data-widget_type=\"heading.default\">\n\t\t\t\t<div class=\"elementor-widget-container\">\n\t\t\t\t\t<h4 class=\"elementor-heading-title elementor-size-medium\">\u00ab Mieux vaut avoir tort de faire que remords de n\u2019avoir pas fait. \u00bb<\/h4>\t\t\t\t<\/div>\n\t\t\t\t<\/div>\n\t\t\t\t<div class=\"elementor-element elementor-element-424e88a1 elementor-widget-divider--view-line elementor-widget elementor-widget-divider\" data-id=\"424e88a1\" data-element_type=\"widget\" data-e-type=\"widget\" data-widget_type=\"divider.default\">\n\t\t\t\t<div class=\"elementor-widget-container\">\n\t\t\t\t\t\t\t<div class=\"elementor-divider\">\n\t\t\t<span class=\"elementor-divider-separator\">\n\t\t\t\t\t\t<\/span>\n\t\t<\/div>\n\t\t\t\t\t\t<\/div>\n\t\t\t\t<\/div>\n\t\t\t\t<div class=\"elementor-element elementor-element-628b1439 elementor-widget elementor-widget-heading\" data-id=\"628b1439\" data-element_type=\"widget\" data-e-type=\"widget\" data-widget_type=\"heading.default\">\n\t\t\t\t<div class=\"elementor-widget-container\">\n\t\t\t\t\t<h2 class=\"elementor-heading-title elementor-size-medium\">L\u2019\u00c9cosse sublim\u00e9e par Verne<\/h2>\t\t\t\t<\/div>\n\t\t\t\t<\/div>\n\t\t\t\t<div class=\"elementor-element elementor-element-36105e4d elementor-widget elementor-widget-text-editor\" data-id=\"36105e4d\" data-element_type=\"widget\" data-e-type=\"widget\" data-widget_type=\"text-editor.default\">\n\t\t\t\t<div class=\"elementor-widget-container\">\n\t\t\t\t\t\t\t\t\t<p>Les Indes noires, c&rsquo;est aussi un v\u00e9ritable hommage \u00e0 l\u2019\u00c9cosse. Le parcours de James Starr qui d\u00e9barque du bateau \u00e0 Leith m\u2019a imm\u00e9diatement rappel\u00e9 mes propres voyages (il faut que je reprenne les articles sur les Sept soeurs, Leith est dans le lot !). J\u2019ai ador\u00e9 les r\u00e9f\u00e9rences culturelles et g\u00e9ographiques : du Ben Lomond \u00e0 Stirling et sa tour de Bruce, en passant par la travers\u00e9e du Loch, je retrouvais des paysages que j\u2019ai moi-m\u00eame d\u00e9couverts il y a une dizaine d\u2019ann\u00e9es. Verne rend le r\u00e9cit immersif. Comme dans beaucoup de ses romans, on retrouve les lieux cach\u00e9s, les espaces myst\u00e9rieux et les explications scientifiques mais toujours au service d\u2019une ambiance de suspense.<\/p>\t\t\t\t\t\t\t\t<\/div>\n\t\t\t\t<\/div>\n\t\t\t\t<div class=\"elementor-element elementor-element-388b2e25 elementor-widget-divider--view-line elementor-widget elementor-widget-divider\" data-id=\"388b2e25\" data-element_type=\"widget\" data-e-type=\"widget\" data-widget_type=\"divider.default\">\n\t\t\t\t<div class=\"elementor-widget-container\">\n\t\t\t\t\t\t\t<div class=\"elementor-divider\">\n\t\t\t<span class=\"elementor-divider-separator\">\n\t\t\t\t\t\t<\/span>\n\t\t<\/div>\n\t\t\t\t\t\t<\/div>\n\t\t\t\t<\/div>\n\t\t\t\t<div class=\"elementor-element elementor-element-1ce2f18e elementor-widget elementor-widget-heading\" data-id=\"1ce2f18e\" data-element_type=\"widget\" data-e-type=\"widget\" data-widget_type=\"heading.default\">\n\t\t\t\t<div class=\"elementor-widget-container\">\n\t\t\t\t\t<h2 class=\"elementor-heading-title elementor-size-medium\">Des id\u00e9es maritales d\u00e9pass\u00e9es<\/h2>\t\t\t\t<\/div>\n\t\t\t\t<\/div>\n\t\t\t\t<div class=\"elementor-element elementor-element-4507226d elementor-widget elementor-widget-text-editor\" data-id=\"4507226d\" data-element_type=\"widget\" data-e-type=\"widget\" data-widget_type=\"text-editor.default\">\n\t\t\t\t<div class=\"elementor-widget-container\">\n\t\t\t\t\t\t\t\t\t<p>Si j\u2019ai ador\u00e9 l\u2019hommage \u00e0 l\u2019histoire et \u00e0 la culture \u00e9cossaise (<a href=\"https:\/\/sorbetkiwi.fr\/index.php\/le-vaurien-des-highlands-de-gihef-et-tollet\/\">Rob Roy<\/a> est m\u00eame mentionn\u00e9) j\u2019ai aussi ressenti des points plus malaisants. L\u2019intrigue amoureuse de Harry, par exemple, avec une jeune fille de 15 ans, m\u2019a fait lever les yeux au ciel. Heureusement, les mentalit\u00e9s ont chang\u00e9 depuis ! En revanche, j\u2019ai aim\u00e9 le personnage de Nell, qui \u00e0 travers son voyage d\u00e9couvre aussi l\u2019histoire, les coutumes et la beaut\u00e9 de son pays. Dans son \u00e9quilibre entre hommage \u00e0 la nature, culture \u00e9cossaise et tension dramatique, Verne prouve encore une fois qu\u2019il savait manier le rythme et le suspense comme peu d\u2019\u00e9crivains. <em data-start=\"2750\" data-end=\"2768\">Les Indes noires<\/em> m\u2019a captiv\u00e9 bien plus que je ne l\u2019aurais imagin\u00e9, et m\u2019a donn\u00e9 envie de repartir \u00e0 la d\u00e9couverte de ces paysages qui m\u2019ont tant marqu\u00e9e.<\/p><p>J&rsquo;ai lu ce roman dans le cadre du challenge de <a href=\"https:\/\/dasola.canalblog.com\/2025\/03\/24\/lancement-d-un-challenge-autour-de-jules-verne-1828-1905.html\">Ta d lois du cin\u00e9<\/a>.<\/p>\t\t\t\t\t\t\t\t<\/div>\n\t\t\t\t<\/div>\n\t\t\t\t<div class=\"elementor-element elementor-element-425bce03 elementor-widget elementor-widget-heading\" data-id=\"425bce03\" data-element_type=\"widget\" data-e-type=\"widget\" data-widget_type=\"heading.default\">\n\t\t\t\t<div class=\"elementor-widget-container\">\n\t\t\t\t\t<h4 class=\"elementor-heading-title elementor-size-medium\">Les autres romans de l'auteur :<\/h4>\t\t\t\t<\/div>\n\t\t\t\t<\/div>\n\t\t\t\t<div class=\"elementor-element elementor-element-796c7994 elementor-widget elementor-widget-text-editor\" data-id=\"796c7994\" data-element_type=\"widget\" data-e-type=\"widget\" data-widget_type=\"text-editor.default\">\n\t\t\t\t<div class=\"elementor-widget-container\">\n\t\t\t\t\t\t\t\t\t<p>Mes chroniques des autres romans de l\u2019auteur :\u00a0<\/p><ul><li><a href=\"https:\/\/sorbetkiwi.fr\/?p=8023\">Une fantaisie du Docteur Ox<\/a><\/li><li><a href=\"https:\/\/sorbetkiwi.fr\/index.php\/le-tour-du-monde-en-80-jours-de-jules-verne\/\">Le tour du monde en 80 jours<\/a><\/li><li><a href=\"https:\/\/sorbetkiwi.fr\/index.php\/une-ville-flottante-de-jules-verne\/\">Une ville flottante<\/a><\/li><li><a href=\"https:\/\/sorbetkiwi.fr\/index.php\/les-forceurs-de-blocus-de-jules-verne\/\">Les forceurs de blocus<\/a><\/li><li><a href=\"https:\/\/sorbetkiwi.fr\/index.php\/20-000-lieues-sous-les-mers-de-jules-verne\/\">20 000 lieues sous les mers<\/a><\/li><li><a href=\"https:\/\/sorbetkiwi.fr\/index.php\/voyage-au-centre-de-la-terre-de-jules-verne\/\">Voyage au centre de la terre<\/a><\/li><li>Les Indes noires<\/li><\/ul>\t\t\t\t\t\t\t\t<\/div>\n\t\t\t\t<\/div>\n\t\t\t\t\t<\/div>\n\t\t<\/div>\n\t\t\t\t\t<\/div>\n\t\t<\/section>\n\t\t\t\t<\/div>\n\t\t","protected":false},"excerpt":{"rendered":"<p>Les Indes Noires de Jules Verne devant une ruine de ch\u00e2teau R\u00e9sum\u00e9 Chaudi\u00e8re \u00e9ventr\u00e9e, pistons tordus, passerelles bris\u00e9es&#8230; Les vieilles houill\u00e8res d&rsquo;Aberfoyle, en Ecosse, sont bien mortes. De myst\u00e9rieux \u00e9v\u00e9nements continuent pourtant de s&rsquo;y d\u00e9rouler&#8230; &hellip; <\/p>\n","protected":false},"author":1,"featured_media":8369,"comment_status":"open","ping_status":"open","sticky":false,"template":"","format":"standard","meta":{"footnotes":""},"categories":[14,1],"tags":[2084,1995,2083,2055,736,1990,2082,2081,2091,2085,689,2088,2086,2092],"class_list":["post-8368","post","type-post","status-publish","format-standard","has-post-thumbnail","hentry","category-l-ete","category-tout-le-blog","tag-aberfoyle","tag-aventure","tag-ben-lomond","tag-ecosse-3","tag-ete","tag-jules-verne","tag-leith","tag-les-indes-noires","tag-litterature-francaise","tag-loch-lomond","tag-rob-roy","tag-roman-classique","tag-stirling","tag-suspense","has-single-img"],"yoast_head":"<!-- This site is optimized with the Yoast SEO plugin v27.4 - https:\/\/yoast.com\/product\/yoast-seo-wordpress\/ -->\n<title>Les Indes Noires de Jules Verne - Sorbet Kiwi<\/title>\n<meta name=\"description\" content=\"D\u00e9couvrez Les Indes noires de Jules Verne, un roman de suspense au c\u0153ur de l\u2019\u00c9cosse, entre mines de houille et paysages grandioses.\" \/>\n<meta name=\"robots\" content=\"index, follow, max-snippet:-1, max-image-preview:large, max-video-preview:-1\" \/>\n<link rel=\"canonical\" href=\"https:\/\/sorbetkiwi.fr\/index.php\/les-indes-noires-de-jules-verne\/\" \/>\n<meta property=\"og:locale\" content=\"fr_FR\" \/>\n<meta property=\"og:type\" content=\"article\" \/>\n<meta property=\"og:title\" content=\"Les Indes Noires de Jules Verne - Sorbet Kiwi\" \/>\n<meta property=\"og:description\" content=\"D\u00e9couvrez Les Indes noires de Jules Verne, un roman de suspense au c\u0153ur de l\u2019\u00c9cosse, entre mines de houille et paysages grandioses.\" \/>\n<meta property=\"og:url\" content=\"https:\/\/sorbetkiwi.fr\/index.php\/les-indes-noires-de-jules-verne\/\" \/>\n<meta property=\"og:site_name\" content=\"Sorbet Kiwi\" \/>\n<meta property=\"article:publisher\" content=\"https:\/\/www.facebook.com\/profile.php?id=100086238893269\" \/>\n<meta property=\"article:published_time\" content=\"2025-08-22T05:00:00+00:00\" \/>\n<meta property=\"og:image\" content=\"https:\/\/sorbetkiwi.fr\/wp-content\/uploads\/2025\/08\/Les-Indes-noires-Jules-Verne.jpg\" \/>\n\t<meta property=\"og:image:width\" content=\"1440\" \/>\n\t<meta property=\"og:image:height\" content=\"1920\" \/>\n\t<meta property=\"og:image:type\" content=\"image\/jpeg\" \/>\n<meta name=\"author\" content=\"Sorbet-Kiwi\" \/>\n<meta name=\"twitter:card\" content=\"summary_large_image\" \/>\n<meta name=\"twitter:creator\" content=\"@pepparshoes\" \/>\n<meta name=\"twitter:site\" content=\"@pepparshoes\" \/>\n<meta name=\"twitter:label1\" content=\"\u00c9crit par\" \/>\n\t<meta name=\"twitter:data1\" content=\"Sorbet-Kiwi\" \/>\n\t<meta name=\"twitter:label2\" content=\"Dur\u00e9e de lecture estim\u00e9e\" \/>\n\t<meta name=\"twitter:data2\" content=\"4 minutes\" \/>\n<script type=\"application\/ld+json\" class=\"yoast-schema-graph\">{\"@context\":\"https:\\\/\\\/schema.org\",\"@graph\":[{\"@type\":\"Article\",\"@id\":\"https:\\\/\\\/sorbetkiwi.fr\\\/index.php\\\/les-indes-noires-de-jules-verne\\\/#article\",\"isPartOf\":{\"@id\":\"https:\\\/\\\/sorbetkiwi.fr\\\/index.php\\\/les-indes-noires-de-jules-verne\\\/\"},\"author\":{\"name\":\"Sorbet-Kiwi\",\"@id\":\"https:\\\/\\\/sorbetkiwi.fr\\\/#\\\/schema\\\/person\\\/ed1b7b527a2957ddc3bf38b076540659\"},\"headline\":\"Les Indes Noires de Jules Verne\",\"datePublished\":\"2025-08-22T05:00:00+00:00\",\"mainEntityOfPage\":{\"@id\":\"https:\\\/\\\/sorbetkiwi.fr\\\/index.php\\\/les-indes-noires-de-jules-verne\\\/\"},\"wordCount\":652,\"commentCount\":4,\"publisher\":{\"@id\":\"https:\\\/\\\/sorbetkiwi.fr\\\/#organization\"},\"image\":{\"@id\":\"https:\\\/\\\/sorbetkiwi.fr\\\/index.php\\\/les-indes-noires-de-jules-verne\\\/#primaryimage\"},\"thumbnailUrl\":\"https:\\\/\\\/sorbetkiwi.fr\\\/wp-content\\\/uploads\\\/2025\\\/08\\\/Les-Indes-noires-Jules-Verne.jpg\",\"keywords\":[\"Aberfoyle\",\"Aventure\",\"Ben Lomond\",\"\u00c9cosse\",\"\u00e9t\u00e9\",\"Jules Verne\",\"Leith\",\"Les Indes noires\",\"Litt\u00e9rature fran\u00e7aise\",\"Loch Lomond\",\"Rob Roy\",\"Roman classique\",\"Stirling\",\"Suspense\"],\"articleSection\":[\"L'\u00e9t\u00e9\",\"Tout le blog\"],\"inLanguage\":\"fr-FR\",\"potentialAction\":[{\"@type\":\"CommentAction\",\"name\":\"Comment\",\"target\":[\"https:\\\/\\\/sorbetkiwi.fr\\\/index.php\\\/les-indes-noires-de-jules-verne\\\/#respond\"]}]},{\"@type\":\"WebPage\",\"@id\":\"https:\\\/\\\/sorbetkiwi.fr\\\/index.php\\\/les-indes-noires-de-jules-verne\\\/\",\"url\":\"https:\\\/\\\/sorbetkiwi.fr\\\/index.php\\\/les-indes-noires-de-jules-verne\\\/\",\"name\":\"Les Indes Noires de Jules Verne - Sorbet Kiwi\",\"isPartOf\":{\"@id\":\"https:\\\/\\\/sorbetkiwi.fr\\\/#website\"},\"primaryImageOfPage\":{\"@id\":\"https:\\\/\\\/sorbetkiwi.fr\\\/index.php\\\/les-indes-noires-de-jules-verne\\\/#primaryimage\"},\"image\":{\"@id\":\"https:\\\/\\\/sorbetkiwi.fr\\\/index.php\\\/les-indes-noires-de-jules-verne\\\/#primaryimage\"},\"thumbnailUrl\":\"https:\\\/\\\/sorbetkiwi.fr\\\/wp-content\\\/uploads\\\/2025\\\/08\\\/Les-Indes-noires-Jules-Verne.jpg\",\"datePublished\":\"2025-08-22T05:00:00+00:00\",\"description\":\"D\u00e9couvrez Les Indes noires de Jules Verne, un roman de suspense au c\u0153ur de l\u2019\u00c9cosse, entre mines de houille et paysages grandioses.\",\"breadcrumb\":{\"@id\":\"https:\\\/\\\/sorbetkiwi.fr\\\/index.php\\\/les-indes-noires-de-jules-verne\\\/#breadcrumb\"},\"inLanguage\":\"fr-FR\",\"potentialAction\":[{\"@type\":\"ReadAction\",\"target\":[\"https:\\\/\\\/sorbetkiwi.fr\\\/index.php\\\/les-indes-noires-de-jules-verne\\\/\"]}]},{\"@type\":\"ImageObject\",\"inLanguage\":\"fr-FR\",\"@id\":\"https:\\\/\\\/sorbetkiwi.fr\\\/index.php\\\/les-indes-noires-de-jules-verne\\\/#primaryimage\",\"url\":\"https:\\\/\\\/sorbetkiwi.fr\\\/wp-content\\\/uploads\\\/2025\\\/08\\\/Les-Indes-noires-Jules-Verne.jpg\",\"contentUrl\":\"https:\\\/\\\/sorbetkiwi.fr\\\/wp-content\\\/uploads\\\/2025\\\/08\\\/Les-Indes-noires-Jules-Verne.jpg\",\"width\":1440,\"height\":1920,\"caption\":\"Couverture du roman Les Indes noires de Jules Verne, collection Librio, tenue en main devant une arche en pierre ancienne sous un ciel bleu.\"},{\"@type\":\"BreadcrumbList\",\"@id\":\"https:\\\/\\\/sorbetkiwi.fr\\\/index.php\\\/les-indes-noires-de-jules-verne\\\/#breadcrumb\",\"itemListElement\":[{\"@type\":\"ListItem\",\"position\":1,\"name\":\"Accueil\",\"item\":\"https:\\\/\\\/sorbetkiwi.fr\\\/\"},{\"@type\":\"ListItem\",\"position\":2,\"name\":\"Les Indes Noires de Jules Verne\"}]},{\"@type\":\"WebSite\",\"@id\":\"https:\\\/\\\/sorbetkiwi.fr\\\/#website\",\"url\":\"https:\\\/\\\/sorbetkiwi.fr\\\/\",\"name\":\"Sorbet Kiwi\",\"description\":\"Des lectures th\u00e9matiques par saison et les avis qui vont avec\",\"publisher\":{\"@id\":\"https:\\\/\\\/sorbetkiwi.fr\\\/#organization\"},\"potentialAction\":[{\"@type\":\"SearchAction\",\"target\":{\"@type\":\"EntryPoint\",\"urlTemplate\":\"https:\\\/\\\/sorbetkiwi.fr\\\/?s={search_term_string}\"},\"query-input\":{\"@type\":\"PropertyValueSpecification\",\"valueRequired\":true,\"valueName\":\"search_term_string\"}}],\"inLanguage\":\"fr-FR\"},{\"@type\":\"Organization\",\"@id\":\"https:\\\/\\\/sorbetkiwi.fr\\\/#organization\",\"name\":\"Sorbet Kiwi\",\"url\":\"https:\\\/\\\/sorbetkiwi.fr\\\/\",\"logo\":{\"@type\":\"ImageObject\",\"inLanguage\":\"fr-FR\",\"@id\":\"https:\\\/\\\/sorbetkiwi.fr\\\/#\\\/schema\\\/logo\\\/image\\\/\",\"url\":\"https:\\\/\\\/sorbetkiwi.fr\\\/wp-content\\\/uploads\\\/2022\\\/10\\\/Banniere-Sorbet-Kiwi-2022.jpg\",\"contentUrl\":\"https:\\\/\\\/sorbetkiwi.fr\\\/wp-content\\\/uploads\\\/2022\\\/10\\\/Banniere-Sorbet-Kiwi-2022.jpg\",\"width\":814,\"height\":401,\"caption\":\"Sorbet Kiwi\"},\"image\":{\"@id\":\"https:\\\/\\\/sorbetkiwi.fr\\\/#\\\/schema\\\/logo\\\/image\\\/\"},\"sameAs\":[\"https:\\\/\\\/www.facebook.com\\\/profile.php?id=100086238893269\",\"https:\\\/\\\/x.com\\\/pepparshoes\",\"https:\\\/\\\/www.instagram.com\\\/sorbetkiwi\\\/\",\"https:\\\/\\\/www.tiktok.com\\\/sorbetkiwi\"]},{\"@type\":\"Person\",\"@id\":\"https:\\\/\\\/sorbetkiwi.fr\\\/#\\\/schema\\\/person\\\/ed1b7b527a2957ddc3bf38b076540659\",\"name\":\"Sorbet-Kiwi\",\"image\":{\"@type\":\"ImageObject\",\"inLanguage\":\"fr-FR\",\"@id\":\"https:\\\/\\\/secure.gravatar.com\\\/avatar\\\/86f0a5c27d76317621b9e374d0f3a01d3a85278f10d0c7207ced4fd773057442?s=96&d=mm&r=g\",\"url\":\"https:\\\/\\\/secure.gravatar.com\\\/avatar\\\/86f0a5c27d76317621b9e374d0f3a01d3a85278f10d0c7207ced4fd773057442?s=96&d=mm&r=g\",\"contentUrl\":\"https:\\\/\\\/secure.gravatar.com\\\/avatar\\\/86f0a5c27d76317621b9e374d0f3a01d3a85278f10d0c7207ced4fd773057442?s=96&d=mm&r=g\",\"caption\":\"Sorbet-Kiwi\"},\"sameAs\":[\"http:\\\/\\\/sorbetkiwi.fr\"],\"url\":\"https:\\\/\\\/sorbetkiwi.fr\\\/index.php\\\/author\\\/admin7717\\\/\"}]}<\/script>\n<!-- \/ Yoast SEO plugin. -->","yoast_head_json":{"title":"Les Indes Noires de Jules Verne - Sorbet Kiwi","description":"D\u00e9couvrez Les Indes noires de Jules Verne, un roman de suspense au c\u0153ur de l\u2019\u00c9cosse, entre mines de houille et paysages grandioses.","robots":{"index":"index","follow":"follow","max-snippet":"max-snippet:-1","max-image-preview":"max-image-preview:large","max-video-preview":"max-video-preview:-1"},"canonical":"https:\/\/sorbetkiwi.fr\/index.php\/les-indes-noires-de-jules-verne\/","og_locale":"fr_FR","og_type":"article","og_title":"Les Indes Noires de Jules Verne - Sorbet Kiwi","og_description":"D\u00e9couvrez Les Indes noires de Jules Verne, un roman de suspense au c\u0153ur de l\u2019\u00c9cosse, entre mines de houille et paysages grandioses.","og_url":"https:\/\/sorbetkiwi.fr\/index.php\/les-indes-noires-de-jules-verne\/","og_site_name":"Sorbet Kiwi","article_publisher":"https:\/\/www.facebook.com\/profile.php?id=100086238893269","article_published_time":"2025-08-22T05:00:00+00:00","og_image":[{"width":1440,"height":1920,"url":"https:\/\/sorbetkiwi.fr\/wp-content\/uploads\/2025\/08\/Les-Indes-noires-Jules-Verne.jpg","type":"image\/jpeg"}],"author":"Sorbet-Kiwi","twitter_card":"summary_large_image","twitter_creator":"@pepparshoes","twitter_site":"@pepparshoes","twitter_misc":{"\u00c9crit par":"Sorbet-Kiwi","Dur\u00e9e de lecture estim\u00e9e":"4 minutes"},"schema":{"@context":"https:\/\/schema.org","@graph":[{"@type":"Article","@id":"https:\/\/sorbetkiwi.fr\/index.php\/les-indes-noires-de-jules-verne\/#article","isPartOf":{"@id":"https:\/\/sorbetkiwi.fr\/index.php\/les-indes-noires-de-jules-verne\/"},"author":{"name":"Sorbet-Kiwi","@id":"https:\/\/sorbetkiwi.fr\/#\/schema\/person\/ed1b7b527a2957ddc3bf38b076540659"},"headline":"Les Indes Noires de Jules Verne","datePublished":"2025-08-22T05:00:00+00:00","mainEntityOfPage":{"@id":"https:\/\/sorbetkiwi.fr\/index.php\/les-indes-noires-de-jules-verne\/"},"wordCount":652,"commentCount":4,"publisher":{"@id":"https:\/\/sorbetkiwi.fr\/#organization"},"image":{"@id":"https:\/\/sorbetkiwi.fr\/index.php\/les-indes-noires-de-jules-verne\/#primaryimage"},"thumbnailUrl":"https:\/\/sorbetkiwi.fr\/wp-content\/uploads\/2025\/08\/Les-Indes-noires-Jules-Verne.jpg","keywords":["Aberfoyle","Aventure","Ben Lomond","\u00c9cosse","\u00e9t\u00e9","Jules Verne","Leith","Les Indes noires","Litt\u00e9rature fran\u00e7aise","Loch Lomond","Rob Roy","Roman classique","Stirling","Suspense"],"articleSection":["L'\u00e9t\u00e9","Tout le blog"],"inLanguage":"fr-FR","potentialAction":[{"@type":"CommentAction","name":"Comment","target":["https:\/\/sorbetkiwi.fr\/index.php\/les-indes-noires-de-jules-verne\/#respond"]}]},{"@type":"WebPage","@id":"https:\/\/sorbetkiwi.fr\/index.php\/les-indes-noires-de-jules-verne\/","url":"https:\/\/sorbetkiwi.fr\/index.php\/les-indes-noires-de-jules-verne\/","name":"Les Indes Noires de Jules Verne - Sorbet Kiwi","isPartOf":{"@id":"https:\/\/sorbetkiwi.fr\/#website"},"primaryImageOfPage":{"@id":"https:\/\/sorbetkiwi.fr\/index.php\/les-indes-noires-de-jules-verne\/#primaryimage"},"image":{"@id":"https:\/\/sorbetkiwi.fr\/index.php\/les-indes-noires-de-jules-verne\/#primaryimage"},"thumbnailUrl":"https:\/\/sorbetkiwi.fr\/wp-content\/uploads\/2025\/08\/Les-Indes-noires-Jules-Verne.jpg","datePublished":"2025-08-22T05:00:00+00:00","description":"D\u00e9couvrez Les Indes noires de Jules Verne, un roman de suspense au c\u0153ur de l\u2019\u00c9cosse, entre mines de houille et paysages grandioses.","breadcrumb":{"@id":"https:\/\/sorbetkiwi.fr\/index.php\/les-indes-noires-de-jules-verne\/#breadcrumb"},"inLanguage":"fr-FR","potentialAction":[{"@type":"ReadAction","target":["https:\/\/sorbetkiwi.fr\/index.php\/les-indes-noires-de-jules-verne\/"]}]},{"@type":"ImageObject","inLanguage":"fr-FR","@id":"https:\/\/sorbetkiwi.fr\/index.php\/les-indes-noires-de-jules-verne\/#primaryimage","url":"https:\/\/sorbetkiwi.fr\/wp-content\/uploads\/2025\/08\/Les-Indes-noires-Jules-Verne.jpg","contentUrl":"https:\/\/sorbetkiwi.fr\/wp-content\/uploads\/2025\/08\/Les-Indes-noires-Jules-Verne.jpg","width":1440,"height":1920,"caption":"Couverture du roman Les Indes noires de Jules Verne, collection Librio, tenue en main devant une arche en pierre ancienne sous un ciel bleu."},{"@type":"BreadcrumbList","@id":"https:\/\/sorbetkiwi.fr\/index.php\/les-indes-noires-de-jules-verne\/#breadcrumb","itemListElement":[{"@type":"ListItem","position":1,"name":"Accueil","item":"https:\/\/sorbetkiwi.fr\/"},{"@type":"ListItem","position":2,"name":"Les Indes Noires de Jules Verne"}]},{"@type":"WebSite","@id":"https:\/\/sorbetkiwi.fr\/#website","url":"https:\/\/sorbetkiwi.fr\/","name":"Sorbet Kiwi","description":"Des lectures th\u00e9matiques par saison et les avis qui vont avec","publisher":{"@id":"https:\/\/sorbetkiwi.fr\/#organization"},"potentialAction":[{"@type":"SearchAction","target":{"@type":"EntryPoint","urlTemplate":"https:\/\/sorbetkiwi.fr\/?s={search_term_string}"},"query-input":{"@type":"PropertyValueSpecification","valueRequired":true,"valueName":"search_term_string"}}],"inLanguage":"fr-FR"},{"@type":"Organization","@id":"https:\/\/sorbetkiwi.fr\/#organization","name":"Sorbet Kiwi","url":"https:\/\/sorbetkiwi.fr\/","logo":{"@type":"ImageObject","inLanguage":"fr-FR","@id":"https:\/\/sorbetkiwi.fr\/#\/schema\/logo\/image\/","url":"https:\/\/sorbetkiwi.fr\/wp-content\/uploads\/2022\/10\/Banniere-Sorbet-Kiwi-2022.jpg","contentUrl":"https:\/\/sorbetkiwi.fr\/wp-content\/uploads\/2022\/10\/Banniere-Sorbet-Kiwi-2022.jpg","width":814,"height":401,"caption":"Sorbet Kiwi"},"image":{"@id":"https:\/\/sorbetkiwi.fr\/#\/schema\/logo\/image\/"},"sameAs":["https:\/\/www.facebook.com\/profile.php?id=100086238893269","https:\/\/x.com\/pepparshoes","https:\/\/www.instagram.com\/sorbetkiwi\/","https:\/\/www.tiktok.com\/sorbetkiwi"]},{"@type":"Person","@id":"https:\/\/sorbetkiwi.fr\/#\/schema\/person\/ed1b7b527a2957ddc3bf38b076540659","name":"Sorbet-Kiwi","image":{"@type":"ImageObject","inLanguage":"fr-FR","@id":"https:\/\/secure.gravatar.com\/avatar\/86f0a5c27d76317621b9e374d0f3a01d3a85278f10d0c7207ced4fd773057442?s=96&d=mm&r=g","url":"https:\/\/secure.gravatar.com\/avatar\/86f0a5c27d76317621b9e374d0f3a01d3a85278f10d0c7207ced4fd773057442?s=96&d=mm&r=g","contentUrl":"https:\/\/secure.gravatar.com\/avatar\/86f0a5c27d76317621b9e374d0f3a01d3a85278f10d0c7207ced4fd773057442?s=96&d=mm&r=g","caption":"Sorbet-Kiwi"},"sameAs":["http:\/\/sorbetkiwi.fr"],"url":"https:\/\/sorbetkiwi.fr\/index.php\/author\/admin7717\/"}]}},"_links":{"self":[{"href":"https:\/\/sorbetkiwi.fr\/index.php\/wp-json\/wp\/v2\/posts\/8368","targetHints":{"allow":["GET"]}}],"collection":[{"href":"https:\/\/sorbetkiwi.fr\/index.php\/wp-json\/wp\/v2\/posts"}],"about":[{"href":"https:\/\/sorbetkiwi.fr\/index.php\/wp-json\/wp\/v2\/types\/post"}],"author":[{"embeddable":true,"href":"https:\/\/sorbetkiwi.fr\/index.php\/wp-json\/wp\/v2\/users\/1"}],"replies":[{"embeddable":true,"href":"https:\/\/sorbetkiwi.fr\/index.php\/wp-json\/wp\/v2\/comments?post=8368"}],"version-history":[{"count":7,"href":"https:\/\/sorbetkiwi.fr\/index.php\/wp-json\/wp\/v2\/posts\/8368\/revisions"}],"predecessor-version":[{"id":8376,"href":"https:\/\/sorbetkiwi.fr\/index.php\/wp-json\/wp\/v2\/posts\/8368\/revisions\/8376"}],"wp:featuredmedia":[{"embeddable":true,"href":"https:\/\/sorbetkiwi.fr\/index.php\/wp-json\/wp\/v2\/media\/8369"}],"wp:attachment":[{"href":"https:\/\/sorbetkiwi.fr\/index.php\/wp-json\/wp\/v2\/media?parent=8368"}],"wp:term":[{"taxonomy":"category","embeddable":true,"href":"https:\/\/sorbetkiwi.fr\/index.php\/wp-json\/wp\/v2\/categories?post=8368"},{"taxonomy":"post_tag","embeddable":true,"href":"https:\/\/sorbetkiwi.fr\/index.php\/wp-json\/wp\/v2\/tags?post=8368"}],"curies":[{"name":"wp","href":"https:\/\/api.w.org\/{rel}","templated":true}]}}