{"id":8325,"date":"2025-07-24T15:16:50","date_gmt":"2025-07-24T13:16:50","guid":{"rendered":"https:\/\/sorbetkiwi.fr\/?p=8325"},"modified":"2025-07-24T15:32:03","modified_gmt":"2025-07-24T13:32:03","slug":"tristan-et-yseut-de-joseph-bedier","status":"publish","type":"post","link":"https:\/\/sorbetkiwi.fr\/index.php\/tristan-et-yseut-de-joseph-bedier\/","title":{"rendered":"Tristan et Yseut de Joseph B\u00e9dier"},"content":{"rendered":"\t\t<div data-elementor-type=\"wp-post\" data-elementor-id=\"8325\" class=\"elementor elementor-8325\">\n\t\t\t\t\t\t<section class=\"elementor-section elementor-top-section elementor-element elementor-element-45fc0f58 elementor-section-boxed elementor-section-height-default elementor-section-height-default\" data-id=\"45fc0f58\" data-element_type=\"section\" data-e-type=\"section\">\n\t\t\t\t\t\t<div class=\"elementor-container elementor-column-gap-default\">\n\t\t\t\t\t<div class=\"elementor-column elementor-col-100 elementor-top-column elementor-element elementor-element-5570797b\" data-id=\"5570797b\" data-element_type=\"column\" data-e-type=\"column\">\n\t\t\t<div class=\"elementor-widget-wrap elementor-element-populated\">\n\t\t\t\t\t\t<div class=\"elementor-element elementor-element-33e29ea7 elementor-widget elementor-widget-heading\" data-id=\"33e29ea7\" data-element_type=\"widget\" data-e-type=\"widget\" data-widget_type=\"heading.default\">\n\t\t\t\t<div class=\"elementor-widget-container\">\n\t\t\t\t\t<h1 class=\"elementor-heading-title elementor-size-medium\">Tristan et Yseut, le roman, devant l'\u00eele Tristan de Douarnenez<\/h1>\t\t\t\t<\/div>\n\t\t\t\t<\/div>\n\t\t\t\t<div class=\"elementor-element elementor-element-729ef14e elementor-view-default elementor-widget elementor-widget-icon\" data-id=\"729ef14e\" data-element_type=\"widget\" data-e-type=\"widget\" data-widget_type=\"icon.default\">\n\t\t\t\t<div class=\"elementor-widget-container\">\n\t\t\t\t\t\t\t<div class=\"elementor-icon-wrapper\">\n\t\t\t<div class=\"elementor-icon\">\n\t\t\t<i aria-hidden=\"true\" class=\"fas fa-cocktail\"><\/i>\t\t\t<\/div>\n\t\t<\/div>\n\t\t\t\t\t\t<\/div>\n\t\t\t\t<\/div>\n\t\t\t\t<div class=\"elementor-element elementor-element-4306246f elementor-widget-divider--view-line elementor-widget elementor-widget-divider\" data-id=\"4306246f\" data-element_type=\"widget\" data-e-type=\"widget\" data-widget_type=\"divider.default\">\n\t\t\t\t<div class=\"elementor-widget-container\">\n\t\t\t\t\t\t\t<div class=\"elementor-divider\">\n\t\t\t<span class=\"elementor-divider-separator\">\n\t\t\t\t\t\t<\/span>\n\t\t<\/div>\n\t\t\t\t\t\t<\/div>\n\t\t\t\t<\/div>\n\t\t\t\t<div class=\"elementor-element elementor-element-4126ad24 elementor-widget elementor-widget-heading\" data-id=\"4126ad24\" data-element_type=\"widget\" data-e-type=\"widget\" data-widget_type=\"heading.default\">\n\t\t\t\t<div class=\"elementor-widget-container\">\n\t\t\t\t\t<h2 class=\"elementor-heading-title elementor-size-medium\">R\u00e9sum\u00e9<\/h2>\t\t\t\t<\/div>\n\t\t\t\t<\/div>\n\t\t\t\t<div class=\"elementor-element elementor-element-2fc589c4 elementor-widget elementor-widget-text-editor\" data-id=\"2fc589c4\" data-element_type=\"widget\" data-e-type=\"widget\" data-widget_type=\"text-editor.default\">\n\t\t\t\t<div class=\"elementor-widget-container\">\n\t\t\t\t\t\t\t\t\t<p>Seigneurs, vous pla\u00eet-il d\u2019entendre un beau conte d\u2019amour et de mort ? C\u2019est de Tristan et d\u2019Iseut la reine. Ecoutez comment \u00e0 grand joie, \u00e0 grand deuil ils s\u2019aim\u00e8rent, puis en moururent un m\u00eame jour, lui par elle, elle par lui. Aux temps anciens, le roi Marc r\u00e9gnait en Cornouailles\u2026<\/p>\t\t\t\t\t\t\t\t<\/div>\n\t\t\t\t<\/div>\n\t\t\t\t<div class=\"elementor-element elementor-element-76725362 elementor-widget-divider--view-line elementor-widget elementor-widget-divider\" data-id=\"76725362\" data-element_type=\"widget\" data-e-type=\"widget\" data-widget_type=\"divider.default\">\n\t\t\t\t<div class=\"elementor-widget-container\">\n\t\t\t\t\t\t\t<div class=\"elementor-divider\">\n\t\t\t<span class=\"elementor-divider-separator\">\n\t\t\t\t\t\t<\/span>\n\t\t<\/div>\n\t\t\t\t\t\t<\/div>\n\t\t\t\t<\/div>\n\t\t\t\t<div class=\"elementor-element elementor-element-6186c36d elementor-widget elementor-widget-heading\" data-id=\"6186c36d\" data-element_type=\"widget\" data-e-type=\"widget\" data-widget_type=\"heading.default\">\n\t\t\t\t<div class=\"elementor-widget-container\">\n\t\t\t\t\t<h2 class=\"elementor-heading-title elementor-size-medium\">En terres bretonnes (sur un rythme de Manau)<\/h2>\t\t\t\t<\/div>\n\t\t\t\t<\/div>\n\t\t\t\t<div class=\"elementor-element elementor-element-667fe998 elementor-widget elementor-widget-text-editor\" data-id=\"667fe998\" data-element_type=\"widget\" data-e-type=\"widget\" data-widget_type=\"text-editor.default\">\n\t\t\t\t<div class=\"elementor-widget-container\">\n\t\t\t\t\t\t\t\t\t<p>Tristan et Yseut, c&rsquo;est cette lecture que j&rsquo;ai faite presque \u00e0 contre-coeur. Je l&rsquo;ai commenc\u00e9 en audio dans la voiture et, je vais pas vous baratiner, monsieur Kiwi et moi avons failli nous endormir plusieurs fois. Heureusement qu&rsquo;elle \u00e9tait disponible gratuitement en ebook, si d\u00e9j\u00e0 j&rsquo;avais cram\u00e9 un cr\u00e9dit audible ! Oui, on peut d\u00e9j\u00e0 dire que je me suis forc\u00e9e mais j&rsquo;avais une bonne raison : j&rsquo;allais sur l&rsquo;\u00eele Tristan \u00e0 Douarnenez gr\u00e2ce \u00e0 une de mes meilleures amies: La sardine en bo\u00eetes ! Il me fallait donc d\u00e9couvrir ce r\u00e9cit de passion et de mort, le Rom\u00e9o et Juliette breton, qui a travers\u00e9 les si\u00e8cles et est devenu une l\u00e9gende fran\u00e7aise bien connue.\u00a0<\/p>\t\t\t\t\t\t\t\t<\/div>\n\t\t\t\t<\/div>\n\t\t\t\t<div class=\"elementor-element elementor-element-573506a0 elementor-widget-divider--view-line elementor-widget elementor-widget-divider\" data-id=\"573506a0\" data-element_type=\"widget\" data-e-type=\"widget\" data-widget_type=\"divider.default\">\n\t\t\t\t<div class=\"elementor-widget-container\">\n\t\t\t\t\t\t\t<div class=\"elementor-divider\">\n\t\t\t<span class=\"elementor-divider-separator\">\n\t\t\t\t\t\t<\/span>\n\t\t<\/div>\n\t\t\t\t\t\t<\/div>\n\t\t\t\t<\/div>\n\t\t\t\t<div class=\"elementor-element elementor-element-72c2ed33 elementor-widget elementor-widget-heading\" data-id=\"72c2ed33\" data-element_type=\"widget\" data-e-type=\"widget\" data-widget_type=\"heading.default\">\n\t\t\t\t<div class=\"elementor-widget-container\">\n\t\t\t\t\t<h4 class=\"elementor-heading-title elementor-size-medium\">\u00ab Les amants ne pouvaient ni vivre ni mourir l\u2019un sans l\u2019autre. S\u00e9par\u00e9s, ce n\u2019\u00e9tait pas la vie, ni la mort, mais la vie et la mort \u00e0 la fois. \u00bb<\/h4>\t\t\t\t<\/div>\n\t\t\t\t<\/div>\n\t\t\t\t<div class=\"elementor-element elementor-element-1f6e0c0 elementor-widget-divider--view-line elementor-widget elementor-widget-divider\" data-id=\"1f6e0c0\" data-element_type=\"widget\" data-e-type=\"widget\" data-widget_type=\"divider.default\">\n\t\t\t\t<div class=\"elementor-widget-container\">\n\t\t\t\t\t\t\t<div class=\"elementor-divider\">\n\t\t\t<span class=\"elementor-divider-separator\">\n\t\t\t\t\t\t<\/span>\n\t\t<\/div>\n\t\t\t\t\t\t<\/div>\n\t\t\t\t<\/div>\n\t\t\t\t<div class=\"elementor-element elementor-element-1430580e elementor-widget elementor-widget-heading\" data-id=\"1430580e\" data-element_type=\"widget\" data-e-type=\"widget\" data-widget_type=\"heading.default\">\n\t\t\t\t<div class=\"elementor-widget-container\">\n\t\t\t\t\t<h2 class=\"elementor-heading-title elementor-size-medium\">Une visite rythm\u00e9e par la mar\u00e9e<\/h2>\t\t\t\t<\/div>\n\t\t\t\t<\/div>\n\t\t\t\t<div class=\"elementor-element elementor-element-53a37c9c elementor-widget elementor-widget-text-editor\" data-id=\"53a37c9c\" data-element_type=\"widget\" data-e-type=\"widget\" data-widget_type=\"text-editor.default\">\n\t\t\t\t<div class=\"elementor-widget-container\">\n\t\t\t\t\t\t\t\t\t<p>N\u00e9anmoins, je n&rsquo;ai pas d\u00e9couvert l&rsquo;\u00eele Tristan avec un autre regard, une fois le roman termin\u00e9. Mais la visite vaut le d\u00e9tour. Il faut que la mar\u00e9e soit basse pour pouvoir traverser, sur un chemin un peu visqueux. A la queue leu leu, une bonne vingtaine de touristes avancent prudemment pour atteindre la rive oppos\u00e9e. Et puis une fois sur l&rsquo;\u00eele, c&rsquo;est une balade entre les arbres, les sentiers ombrag\u00e9s et les points de vue incroyables sur la baie de Douarnenez ! Les couleurs \u00e9taient vibrantes, et j&rsquo;ai fait des photos de tout. Et puis assez rapidement, apr\u00e8s le manoir, le guide (obligatoire) nous montre un vieil arbre : celui qui symboliserait la tombe de Tristan et Yseut. Apr\u00e8s, on y croit&#8230; ou pas. J&rsquo;avoue que je ne crois pas \u00e0 un arbre qui traverserait le temps, d\u00e9sol\u00e9e !\u00a0<\/p>\t\t\t\t\t\t\t\t<\/div>\n\t\t\t\t<\/div>\n\t\t\t\t<div class=\"elementor-element elementor-element-2af47d0d elementor-widget-divider--view-line elementor-widget elementor-widget-divider\" data-id=\"2af47d0d\" data-element_type=\"widget\" data-e-type=\"widget\" data-widget_type=\"divider.default\">\n\t\t\t\t<div class=\"elementor-widget-container\">\n\t\t\t\t\t\t\t<div class=\"elementor-divider\">\n\t\t\t<span class=\"elementor-divider-separator\">\n\t\t\t\t\t\t<\/span>\n\t\t<\/div>\n\t\t\t\t\t\t<\/div>\n\t\t\t\t<\/div>\n\t\t\t\t<div class=\"elementor-element elementor-element-28c05328 elementor-widget elementor-widget-heading\" data-id=\"28c05328\" data-element_type=\"widget\" data-e-type=\"widget\" data-widget_type=\"heading.default\">\n\t\t\t\t<div class=\"elementor-widget-container\">\n\t\t\t\t\t<h2 class=\"elementor-heading-title elementor-size-medium\">+1 pour la culture G<\/h2>\t\t\t\t<\/div>\n\t\t\t\t<\/div>\n\t\t\t\t<div class=\"elementor-element elementor-element-446fdb95 elementor-widget elementor-widget-text-editor\" data-id=\"446fdb95\" data-element_type=\"widget\" data-e-type=\"widget\" data-widget_type=\"text-editor.default\">\n\t\t\t\t<div class=\"elementor-widget-container\">\n\t\t\t\t\t\t\t\t\t<p>Bon, vous l&rsquo;aurez compris, la lecture du roman de Joseph B\u00e9dier ne m&rsquo;a pas marqu\u00e9. Alors que l&rsquo;\u00eele oui, c&rsquo;est pour \u00e7a que ma photo met l&rsquo;accent sur celle-ci. J&rsquo;ai trouv\u00e9 le texte trop lent, parfois confus et je n&rsquo;ai pas r\u00e9ussi \u00e0 m&rsquo;attacher \u00e0 nos protagonistes (en m\u00eame temps, contrairement \u00e0 Rom\u00e9o, pas de Leonardo Di Caprio pour pr\u00e9parer le terrain aussi). Ce n&rsquo;est pas un roman que je relirai, c&rsquo;est certain. Mais ma culture g\u00e9n\u00e9rale s&rsquo;en voit enrichie. Apr\u00e8s, m\u00eame si j&rsquo;ai aim\u00e9 l&rsquo;\u00eele Tristan, j&rsquo;ai pr\u00e9f\u00e9r\u00e9 Broc\u00e9liande, que j&rsquo;ai visit\u00e9 \u00e0 l&rsquo;automne. Et l\u00e0-bas, l&rsquo;ambiance \u00e9tait bien plus intense. A la d\u00e9charge de l&rsquo;\u00eele Tristan, c&rsquo;\u00e9tait une superbe excursion d&rsquo;\u00e9t\u00e9, avec de magnifiques points de vue !<\/p><p>J&rsquo;ai enrichie cette chronique depuis mon premier article sur <a href=\"https:\/\/sorbetkiwi.wordpress.com\/2021\/09\/17\/quelques-livres-devores-en-bretagne-du-developpement-personnel-a-la-romance\/\">l&rsquo;ancien blog<\/a>.<\/p>\t\t\t\t\t\t\t\t<\/div>\n\t\t\t\t<\/div>\n\t\t\t\t\t<\/div>\n\t\t<\/div>\n\t\t\t\t\t<\/div>\n\t\t<\/section>\n\t\t\t\t<\/div>\n\t\t","protected":false},"excerpt":{"rendered":"<p>Tristan et Yseut, le roman, devant l&rsquo;\u00eele Tristan de Douarnenez R\u00e9sum\u00e9 Seigneurs, vous pla\u00eet-il d\u2019entendre un beau conte d\u2019amour et de mort ? C\u2019est de Tristan et d\u2019Iseut la reine. Ecoutez comment \u00e0 grand joie, &hellip; <\/p>\n","protected":false},"author":1,"featured_media":8326,"comment_status":"open","ping_status":"open","sticky":false,"template":"","format":"standard","meta":{"footnotes":""},"categories":[14,1],"tags":[2068,2071,205,2070,736,2069,2067,2066,2065,2064],"class_list":["post-8325","post","type-post","status-publish","format-standard","has-post-thumbnail","hentry","category-l-ete","category-tout-le-blog","tag-bibebook","tag-bretagne","tag-classique","tag-douarnenez","tag-ete","tag-ile-tristan","tag-joseph-bedier","tag-tristan-et-iseut","tag-tristan-et-yseult","tag-tristan-et-yseut","has-single-img"],"yoast_head":"<!-- This site is optimized with the Yoast SEO plugin v27.4 - https:\/\/yoast.com\/product\/yoast-seo-wordpress\/ -->\n<title>Tristan et Yseut de Joseph B\u00e9dier - Sorbet Kiwi<\/title>\n<meta name=\"description\" content=\"Mon avis sur le roman Tristan et Yseut de Joseph B\u00e9dier, relu sur les terres de la l\u00e9gende bretonne, d\u00e9sormais transf\u00e9r\u00e9 sur le blog.\" \/>\n<meta name=\"robots\" content=\"index, follow, max-snippet:-1, max-image-preview:large, max-video-preview:-1\" \/>\n<link rel=\"canonical\" href=\"https:\/\/sorbetkiwi.fr\/index.php\/tristan-et-yseut-de-joseph-bedier\/\" \/>\n<meta property=\"og:locale\" content=\"fr_FR\" \/>\n<meta property=\"og:type\" content=\"article\" \/>\n<meta property=\"og:title\" content=\"Tristan et Yseut de Joseph B\u00e9dier - Sorbet Kiwi\" \/>\n<meta property=\"og:description\" content=\"Mon avis sur le roman Tristan et Yseut de Joseph B\u00e9dier, relu sur les terres de la l\u00e9gende bretonne, d\u00e9sormais transf\u00e9r\u00e9 sur le blog.\" \/>\n<meta property=\"og:url\" content=\"https:\/\/sorbetkiwi.fr\/index.php\/tristan-et-yseut-de-joseph-bedier\/\" \/>\n<meta property=\"og:site_name\" content=\"Sorbet Kiwi\" \/>\n<meta property=\"article:publisher\" content=\"https:\/\/www.facebook.com\/profile.php?id=100086238893269\" \/>\n<meta property=\"article:published_time\" content=\"2025-07-24T13:16:50+00:00\" \/>\n<meta property=\"article:modified_time\" content=\"2025-07-24T13:32:03+00:00\" \/>\n<meta property=\"og:image\" content=\"https:\/\/sorbetkiwi.fr\/wp-content\/uploads\/2025\/07\/Tristan-et-Yseut-Joseph-Bedier.png\" \/>\n\t<meta property=\"og:image:width\" content=\"719\" \/>\n\t<meta property=\"og:image:height\" content=\"997\" \/>\n\t<meta property=\"og:image:type\" content=\"image\/png\" \/>\n<meta name=\"author\" content=\"Sorbet-Kiwi\" \/>\n<meta name=\"twitter:card\" content=\"summary_large_image\" \/>\n<meta name=\"twitter:creator\" content=\"@pepparshoes\" \/>\n<meta name=\"twitter:site\" content=\"@pepparshoes\" \/>\n<meta name=\"twitter:label1\" content=\"\u00c9crit par\" \/>\n\t<meta name=\"twitter:data1\" content=\"Sorbet-Kiwi\" \/>\n\t<meta name=\"twitter:label2\" content=\"Dur\u00e9e de lecture estim\u00e9e\" \/>\n\t<meta name=\"twitter:data2\" content=\"3 minutes\" \/>\n<script type=\"application\/ld+json\" class=\"yoast-schema-graph\">{\"@context\":\"https:\\\/\\\/schema.org\",\"@graph\":[{\"@type\":\"Article\",\"@id\":\"https:\\\/\\\/sorbetkiwi.fr\\\/index.php\\\/tristan-et-yseut-de-joseph-bedier\\\/#article\",\"isPartOf\":{\"@id\":\"https:\\\/\\\/sorbetkiwi.fr\\\/index.php\\\/tristan-et-yseut-de-joseph-bedier\\\/\"},\"author\":{\"name\":\"Sorbet-Kiwi\",\"@id\":\"https:\\\/\\\/sorbetkiwi.fr\\\/#\\\/schema\\\/person\\\/ed1b7b527a2957ddc3bf38b076540659\"},\"headline\":\"Tristan et Yseut de Joseph B\u00e9dier\",\"datePublished\":\"2025-07-24T13:16:50+00:00\",\"dateModified\":\"2025-07-24T13:32:03+00:00\",\"mainEntityOfPage\":{\"@id\":\"https:\\\/\\\/sorbetkiwi.fr\\\/index.php\\\/tristan-et-yseut-de-joseph-bedier\\\/\"},\"wordCount\":571,\"commentCount\":3,\"publisher\":{\"@id\":\"https:\\\/\\\/sorbetkiwi.fr\\\/#organization\"},\"image\":{\"@id\":\"https:\\\/\\\/sorbetkiwi.fr\\\/index.php\\\/tristan-et-yseut-de-joseph-bedier\\\/#primaryimage\"},\"thumbnailUrl\":\"https:\\\/\\\/sorbetkiwi.fr\\\/wp-content\\\/uploads\\\/2025\\\/07\\\/Tristan-et-Yseut-Joseph-Bedier.png\",\"keywords\":[\"Bibebook\",\"Bretagne\",\"Classique\",\"Douarnenez\",\"\u00e9t\u00e9\",\"\u00eele Tristan\",\"Joseph B\u00e9dier\",\"Tristan et Iseut\",\"Tristan et Yseult\",\"Tristan et Yseut\"],\"articleSection\":[\"L'\u00e9t\u00e9\",\"Tout le blog\"],\"inLanguage\":\"fr-FR\",\"potentialAction\":[{\"@type\":\"CommentAction\",\"name\":\"Comment\",\"target\":[\"https:\\\/\\\/sorbetkiwi.fr\\\/index.php\\\/tristan-et-yseut-de-joseph-bedier\\\/#respond\"]}]},{\"@type\":\"WebPage\",\"@id\":\"https:\\\/\\\/sorbetkiwi.fr\\\/index.php\\\/tristan-et-yseut-de-joseph-bedier\\\/\",\"url\":\"https:\\\/\\\/sorbetkiwi.fr\\\/index.php\\\/tristan-et-yseut-de-joseph-bedier\\\/\",\"name\":\"Tristan et Yseut de Joseph B\u00e9dier - Sorbet Kiwi\",\"isPartOf\":{\"@id\":\"https:\\\/\\\/sorbetkiwi.fr\\\/#website\"},\"primaryImageOfPage\":{\"@id\":\"https:\\\/\\\/sorbetkiwi.fr\\\/index.php\\\/tristan-et-yseut-de-joseph-bedier\\\/#primaryimage\"},\"image\":{\"@id\":\"https:\\\/\\\/sorbetkiwi.fr\\\/index.php\\\/tristan-et-yseut-de-joseph-bedier\\\/#primaryimage\"},\"thumbnailUrl\":\"https:\\\/\\\/sorbetkiwi.fr\\\/wp-content\\\/uploads\\\/2025\\\/07\\\/Tristan-et-Yseut-Joseph-Bedier.png\",\"datePublished\":\"2025-07-24T13:16:50+00:00\",\"dateModified\":\"2025-07-24T13:32:03+00:00\",\"description\":\"Mon avis sur le roman Tristan et Yseut de Joseph B\u00e9dier, relu sur les terres de la l\u00e9gende bretonne, d\u00e9sormais transf\u00e9r\u00e9 sur le blog.\",\"breadcrumb\":{\"@id\":\"https:\\\/\\\/sorbetkiwi.fr\\\/index.php\\\/tristan-et-yseut-de-joseph-bedier\\\/#breadcrumb\"},\"inLanguage\":\"fr-FR\",\"potentialAction\":[{\"@type\":\"ReadAction\",\"target\":[\"https:\\\/\\\/sorbetkiwi.fr\\\/index.php\\\/tristan-et-yseut-de-joseph-bedier\\\/\"]}]},{\"@type\":\"ImageObject\",\"inLanguage\":\"fr-FR\",\"@id\":\"https:\\\/\\\/sorbetkiwi.fr\\\/index.php\\\/tristan-et-yseut-de-joseph-bedier\\\/#primaryimage\",\"url\":\"https:\\\/\\\/sorbetkiwi.fr\\\/wp-content\\\/uploads\\\/2025\\\/07\\\/Tristan-et-Yseut-Joseph-Bedier.png\",\"contentUrl\":\"https:\\\/\\\/sorbetkiwi.fr\\\/wp-content\\\/uploads\\\/2025\\\/07\\\/Tristan-et-Yseut-Joseph-Bedier.png\",\"width\":719,\"height\":997,\"caption\":\"Main tenant une kindle avec la couverture de Tristan et Yseut de Joseph B\u00e9dier devant l'\u00eele Tristan de Douarnenez\"},{\"@type\":\"BreadcrumbList\",\"@id\":\"https:\\\/\\\/sorbetkiwi.fr\\\/index.php\\\/tristan-et-yseut-de-joseph-bedier\\\/#breadcrumb\",\"itemListElement\":[{\"@type\":\"ListItem\",\"position\":1,\"name\":\"Accueil\",\"item\":\"https:\\\/\\\/sorbetkiwi.fr\\\/\"},{\"@type\":\"ListItem\",\"position\":2,\"name\":\"Tristan et Yseut de Joseph B\u00e9dier\"}]},{\"@type\":\"WebSite\",\"@id\":\"https:\\\/\\\/sorbetkiwi.fr\\\/#website\",\"url\":\"https:\\\/\\\/sorbetkiwi.fr\\\/\",\"name\":\"Sorbet Kiwi\",\"description\":\"Des lectures th\u00e9matiques par saison et les avis qui vont avec\",\"publisher\":{\"@id\":\"https:\\\/\\\/sorbetkiwi.fr\\\/#organization\"},\"potentialAction\":[{\"@type\":\"SearchAction\",\"target\":{\"@type\":\"EntryPoint\",\"urlTemplate\":\"https:\\\/\\\/sorbetkiwi.fr\\\/?s={search_term_string}\"},\"query-input\":{\"@type\":\"PropertyValueSpecification\",\"valueRequired\":true,\"valueName\":\"search_term_string\"}}],\"inLanguage\":\"fr-FR\"},{\"@type\":\"Organization\",\"@id\":\"https:\\\/\\\/sorbetkiwi.fr\\\/#organization\",\"name\":\"Sorbet Kiwi\",\"url\":\"https:\\\/\\\/sorbetkiwi.fr\\\/\",\"logo\":{\"@type\":\"ImageObject\",\"inLanguage\":\"fr-FR\",\"@id\":\"https:\\\/\\\/sorbetkiwi.fr\\\/#\\\/schema\\\/logo\\\/image\\\/\",\"url\":\"https:\\\/\\\/sorbetkiwi.fr\\\/wp-content\\\/uploads\\\/2022\\\/10\\\/Banniere-Sorbet-Kiwi-2022.jpg\",\"contentUrl\":\"https:\\\/\\\/sorbetkiwi.fr\\\/wp-content\\\/uploads\\\/2022\\\/10\\\/Banniere-Sorbet-Kiwi-2022.jpg\",\"width\":814,\"height\":401,\"caption\":\"Sorbet Kiwi\"},\"image\":{\"@id\":\"https:\\\/\\\/sorbetkiwi.fr\\\/#\\\/schema\\\/logo\\\/image\\\/\"},\"sameAs\":[\"https:\\\/\\\/www.facebook.com\\\/profile.php?id=100086238893269\",\"https:\\\/\\\/x.com\\\/pepparshoes\",\"https:\\\/\\\/www.instagram.com\\\/sorbetkiwi\\\/\",\"https:\\\/\\\/www.tiktok.com\\\/sorbetkiwi\"]},{\"@type\":\"Person\",\"@id\":\"https:\\\/\\\/sorbetkiwi.fr\\\/#\\\/schema\\\/person\\\/ed1b7b527a2957ddc3bf38b076540659\",\"name\":\"Sorbet-Kiwi\",\"image\":{\"@type\":\"ImageObject\",\"inLanguage\":\"fr-FR\",\"@id\":\"https:\\\/\\\/secure.gravatar.com\\\/avatar\\\/86f0a5c27d76317621b9e374d0f3a01d3a85278f10d0c7207ced4fd773057442?s=96&d=mm&r=g\",\"url\":\"https:\\\/\\\/secure.gravatar.com\\\/avatar\\\/86f0a5c27d76317621b9e374d0f3a01d3a85278f10d0c7207ced4fd773057442?s=96&d=mm&r=g\",\"contentUrl\":\"https:\\\/\\\/secure.gravatar.com\\\/avatar\\\/86f0a5c27d76317621b9e374d0f3a01d3a85278f10d0c7207ced4fd773057442?s=96&d=mm&r=g\",\"caption\":\"Sorbet-Kiwi\"},\"sameAs\":[\"http:\\\/\\\/sorbetkiwi.fr\"],\"url\":\"https:\\\/\\\/sorbetkiwi.fr\\\/index.php\\\/author\\\/admin7717\\\/\"}]}<\/script>\n<!-- \/ Yoast SEO plugin. -->","yoast_head_json":{"title":"Tristan et Yseut de Joseph B\u00e9dier - Sorbet Kiwi","description":"Mon avis sur le roman Tristan et Yseut de Joseph B\u00e9dier, relu sur les terres de la l\u00e9gende bretonne, d\u00e9sormais transf\u00e9r\u00e9 sur le blog.","robots":{"index":"index","follow":"follow","max-snippet":"max-snippet:-1","max-image-preview":"max-image-preview:large","max-video-preview":"max-video-preview:-1"},"canonical":"https:\/\/sorbetkiwi.fr\/index.php\/tristan-et-yseut-de-joseph-bedier\/","og_locale":"fr_FR","og_type":"article","og_title":"Tristan et Yseut de Joseph B\u00e9dier - Sorbet Kiwi","og_description":"Mon avis sur le roman Tristan et Yseut de Joseph B\u00e9dier, relu sur les terres de la l\u00e9gende bretonne, d\u00e9sormais transf\u00e9r\u00e9 sur le blog.","og_url":"https:\/\/sorbetkiwi.fr\/index.php\/tristan-et-yseut-de-joseph-bedier\/","og_site_name":"Sorbet Kiwi","article_publisher":"https:\/\/www.facebook.com\/profile.php?id=100086238893269","article_published_time":"2025-07-24T13:16:50+00:00","article_modified_time":"2025-07-24T13:32:03+00:00","og_image":[{"width":719,"height":997,"url":"https:\/\/sorbetkiwi.fr\/wp-content\/uploads\/2025\/07\/Tristan-et-Yseut-Joseph-Bedier.png","type":"image\/png"}],"author":"Sorbet-Kiwi","twitter_card":"summary_large_image","twitter_creator":"@pepparshoes","twitter_site":"@pepparshoes","twitter_misc":{"\u00c9crit par":"Sorbet-Kiwi","Dur\u00e9e de lecture estim\u00e9e":"3 minutes"},"schema":{"@context":"https:\/\/schema.org","@graph":[{"@type":"Article","@id":"https:\/\/sorbetkiwi.fr\/index.php\/tristan-et-yseut-de-joseph-bedier\/#article","isPartOf":{"@id":"https:\/\/sorbetkiwi.fr\/index.php\/tristan-et-yseut-de-joseph-bedier\/"},"author":{"name":"Sorbet-Kiwi","@id":"https:\/\/sorbetkiwi.fr\/#\/schema\/person\/ed1b7b527a2957ddc3bf38b076540659"},"headline":"Tristan et Yseut de Joseph B\u00e9dier","datePublished":"2025-07-24T13:16:50+00:00","dateModified":"2025-07-24T13:32:03+00:00","mainEntityOfPage":{"@id":"https:\/\/sorbetkiwi.fr\/index.php\/tristan-et-yseut-de-joseph-bedier\/"},"wordCount":571,"commentCount":3,"publisher":{"@id":"https:\/\/sorbetkiwi.fr\/#organization"},"image":{"@id":"https:\/\/sorbetkiwi.fr\/index.php\/tristan-et-yseut-de-joseph-bedier\/#primaryimage"},"thumbnailUrl":"https:\/\/sorbetkiwi.fr\/wp-content\/uploads\/2025\/07\/Tristan-et-Yseut-Joseph-Bedier.png","keywords":["Bibebook","Bretagne","Classique","Douarnenez","\u00e9t\u00e9","\u00eele Tristan","Joseph B\u00e9dier","Tristan et Iseut","Tristan et Yseult","Tristan et Yseut"],"articleSection":["L'\u00e9t\u00e9","Tout le blog"],"inLanguage":"fr-FR","potentialAction":[{"@type":"CommentAction","name":"Comment","target":["https:\/\/sorbetkiwi.fr\/index.php\/tristan-et-yseut-de-joseph-bedier\/#respond"]}]},{"@type":"WebPage","@id":"https:\/\/sorbetkiwi.fr\/index.php\/tristan-et-yseut-de-joseph-bedier\/","url":"https:\/\/sorbetkiwi.fr\/index.php\/tristan-et-yseut-de-joseph-bedier\/","name":"Tristan et Yseut de Joseph B\u00e9dier - Sorbet Kiwi","isPartOf":{"@id":"https:\/\/sorbetkiwi.fr\/#website"},"primaryImageOfPage":{"@id":"https:\/\/sorbetkiwi.fr\/index.php\/tristan-et-yseut-de-joseph-bedier\/#primaryimage"},"image":{"@id":"https:\/\/sorbetkiwi.fr\/index.php\/tristan-et-yseut-de-joseph-bedier\/#primaryimage"},"thumbnailUrl":"https:\/\/sorbetkiwi.fr\/wp-content\/uploads\/2025\/07\/Tristan-et-Yseut-Joseph-Bedier.png","datePublished":"2025-07-24T13:16:50+00:00","dateModified":"2025-07-24T13:32:03+00:00","description":"Mon avis sur le roman Tristan et Yseut de Joseph B\u00e9dier, relu sur les terres de la l\u00e9gende bretonne, d\u00e9sormais transf\u00e9r\u00e9 sur le blog.","breadcrumb":{"@id":"https:\/\/sorbetkiwi.fr\/index.php\/tristan-et-yseut-de-joseph-bedier\/#breadcrumb"},"inLanguage":"fr-FR","potentialAction":[{"@type":"ReadAction","target":["https:\/\/sorbetkiwi.fr\/index.php\/tristan-et-yseut-de-joseph-bedier\/"]}]},{"@type":"ImageObject","inLanguage":"fr-FR","@id":"https:\/\/sorbetkiwi.fr\/index.php\/tristan-et-yseut-de-joseph-bedier\/#primaryimage","url":"https:\/\/sorbetkiwi.fr\/wp-content\/uploads\/2025\/07\/Tristan-et-Yseut-Joseph-Bedier.png","contentUrl":"https:\/\/sorbetkiwi.fr\/wp-content\/uploads\/2025\/07\/Tristan-et-Yseut-Joseph-Bedier.png","width":719,"height":997,"caption":"Main tenant une kindle avec la couverture de Tristan et Yseut de Joseph B\u00e9dier devant l'\u00eele Tristan de Douarnenez"},{"@type":"BreadcrumbList","@id":"https:\/\/sorbetkiwi.fr\/index.php\/tristan-et-yseut-de-joseph-bedier\/#breadcrumb","itemListElement":[{"@type":"ListItem","position":1,"name":"Accueil","item":"https:\/\/sorbetkiwi.fr\/"},{"@type":"ListItem","position":2,"name":"Tristan et Yseut de Joseph B\u00e9dier"}]},{"@type":"WebSite","@id":"https:\/\/sorbetkiwi.fr\/#website","url":"https:\/\/sorbetkiwi.fr\/","name":"Sorbet Kiwi","description":"Des lectures th\u00e9matiques par saison et les avis qui vont avec","publisher":{"@id":"https:\/\/sorbetkiwi.fr\/#organization"},"potentialAction":[{"@type":"SearchAction","target":{"@type":"EntryPoint","urlTemplate":"https:\/\/sorbetkiwi.fr\/?s={search_term_string}"},"query-input":{"@type":"PropertyValueSpecification","valueRequired":true,"valueName":"search_term_string"}}],"inLanguage":"fr-FR"},{"@type":"Organization","@id":"https:\/\/sorbetkiwi.fr\/#organization","name":"Sorbet Kiwi","url":"https:\/\/sorbetkiwi.fr\/","logo":{"@type":"ImageObject","inLanguage":"fr-FR","@id":"https:\/\/sorbetkiwi.fr\/#\/schema\/logo\/image\/","url":"https:\/\/sorbetkiwi.fr\/wp-content\/uploads\/2022\/10\/Banniere-Sorbet-Kiwi-2022.jpg","contentUrl":"https:\/\/sorbetkiwi.fr\/wp-content\/uploads\/2022\/10\/Banniere-Sorbet-Kiwi-2022.jpg","width":814,"height":401,"caption":"Sorbet Kiwi"},"image":{"@id":"https:\/\/sorbetkiwi.fr\/#\/schema\/logo\/image\/"},"sameAs":["https:\/\/www.facebook.com\/profile.php?id=100086238893269","https:\/\/x.com\/pepparshoes","https:\/\/www.instagram.com\/sorbetkiwi\/","https:\/\/www.tiktok.com\/sorbetkiwi"]},{"@type":"Person","@id":"https:\/\/sorbetkiwi.fr\/#\/schema\/person\/ed1b7b527a2957ddc3bf38b076540659","name":"Sorbet-Kiwi","image":{"@type":"ImageObject","inLanguage":"fr-FR","@id":"https:\/\/secure.gravatar.com\/avatar\/86f0a5c27d76317621b9e374d0f3a01d3a85278f10d0c7207ced4fd773057442?s=96&d=mm&r=g","url":"https:\/\/secure.gravatar.com\/avatar\/86f0a5c27d76317621b9e374d0f3a01d3a85278f10d0c7207ced4fd773057442?s=96&d=mm&r=g","contentUrl":"https:\/\/secure.gravatar.com\/avatar\/86f0a5c27d76317621b9e374d0f3a01d3a85278f10d0c7207ced4fd773057442?s=96&d=mm&r=g","caption":"Sorbet-Kiwi"},"sameAs":["http:\/\/sorbetkiwi.fr"],"url":"https:\/\/sorbetkiwi.fr\/index.php\/author\/admin7717\/"}]}},"_links":{"self":[{"href":"https:\/\/sorbetkiwi.fr\/index.php\/wp-json\/wp\/v2\/posts\/8325","targetHints":{"allow":["GET"]}}],"collection":[{"href":"https:\/\/sorbetkiwi.fr\/index.php\/wp-json\/wp\/v2\/posts"}],"about":[{"href":"https:\/\/sorbetkiwi.fr\/index.php\/wp-json\/wp\/v2\/types\/post"}],"author":[{"embeddable":true,"href":"https:\/\/sorbetkiwi.fr\/index.php\/wp-json\/wp\/v2\/users\/1"}],"replies":[{"embeddable":true,"href":"https:\/\/sorbetkiwi.fr\/index.php\/wp-json\/wp\/v2\/comments?post=8325"}],"version-history":[{"count":5,"href":"https:\/\/sorbetkiwi.fr\/index.php\/wp-json\/wp\/v2\/posts\/8325\/revisions"}],"predecessor-version":[{"id":8331,"href":"https:\/\/sorbetkiwi.fr\/index.php\/wp-json\/wp\/v2\/posts\/8325\/revisions\/8331"}],"wp:featuredmedia":[{"embeddable":true,"href":"https:\/\/sorbetkiwi.fr\/index.php\/wp-json\/wp\/v2\/media\/8326"}],"wp:attachment":[{"href":"https:\/\/sorbetkiwi.fr\/index.php\/wp-json\/wp\/v2\/media?parent=8325"}],"wp:term":[{"taxonomy":"category","embeddable":true,"href":"https:\/\/sorbetkiwi.fr\/index.php\/wp-json\/wp\/v2\/categories?post=8325"},{"taxonomy":"post_tag","embeddable":true,"href":"https:\/\/sorbetkiwi.fr\/index.php\/wp-json\/wp\/v2\/tags?post=8325"}],"curies":[{"name":"wp","href":"https:\/\/api.w.org\/{rel}","templated":true}]}}