{"id":825,"date":"2022-10-13T14:00:00","date_gmt":"2022-10-13T12:00:00","guid":{"rendered":"https:\/\/sorbetkiwi.fr\/?p=825"},"modified":"2022-10-13T09:53:46","modified_gmt":"2022-10-13T07:53:46","slug":"thorfrid-et-brynjulf-de-anne-robillard","status":"publish","type":"post","link":"https:\/\/sorbetkiwi.fr\/index.php\/thorfrid-et-brynjulf-de-anne-robillard\/","title":{"rendered":"Thorfrid et Brynjulf de Anne Robillard"},"content":{"rendered":"\t\t<div data-elementor-type=\"wp-post\" data-elementor-id=\"825\" class=\"elementor elementor-825\">\n\t\t\t\t\t\t<section class=\"elementor-section elementor-top-section elementor-element elementor-element-3dd14947 elementor-section-boxed elementor-section-height-default elementor-section-height-default\" data-id=\"3dd14947\" data-element_type=\"section\" data-e-type=\"section\">\n\t\t\t\t\t\t<div class=\"elementor-container elementor-column-gap-default\">\n\t\t\t\t\t<div class=\"elementor-column elementor-col-100 elementor-top-column elementor-element elementor-element-3b02dd2\" data-id=\"3b02dd2\" data-element_type=\"column\" data-e-type=\"column\">\n\t\t\t<div class=\"elementor-widget-wrap elementor-element-populated\">\n\t\t\t\t\t\t<div class=\"elementor-element elementor-element-523a561e elementor-widget elementor-widget-heading\" data-id=\"523a561e\" data-element_type=\"widget\" data-e-type=\"widget\" data-widget_type=\"heading.default\">\n\t\t\t\t<div class=\"elementor-widget-container\">\n\t\t\t\t\t<h1 class=\"elementor-heading-title elementor-size-medium\">Thorfrid et Brynjulf<\/h1>\t\t\t\t<\/div>\n\t\t\t\t<\/div>\n\t\t\t\t<div class=\"elementor-element elementor-element-402c5879 elementor-view-default elementor-widget elementor-widget-icon\" data-id=\"402c5879\" data-element_type=\"widget\" data-e-type=\"widget\" data-widget_type=\"icon.default\">\n\t\t\t\t<div class=\"elementor-widget-container\">\n\t\t\t\t\t\t\t<div class=\"elementor-icon-wrapper\">\n\t\t\t<div class=\"elementor-icon\">\n\t\t\t<i aria-hidden=\"true\" class=\"fab fa-snapchat-ghost\"><\/i>\t\t\t<\/div>\n\t\t<\/div>\n\t\t\t\t\t\t<\/div>\n\t\t\t\t<\/div>\n\t\t\t\t<div class=\"elementor-element elementor-element-33247608 elementor-widget-divider--view-line elementor-widget elementor-widget-divider\" data-id=\"33247608\" data-element_type=\"widget\" data-e-type=\"widget\" data-widget_type=\"divider.default\">\n\t\t\t\t<div class=\"elementor-widget-container\">\n\t\t\t\t\t\t\t<div class=\"elementor-divider\">\n\t\t\t<span class=\"elementor-divider-separator\">\n\t\t\t\t\t\t<\/span>\n\t\t<\/div>\n\t\t\t\t\t\t<\/div>\n\t\t\t\t<\/div>\n\t\t\t\t<div class=\"elementor-element elementor-element-13be197f elementor-widget elementor-widget-heading\" data-id=\"13be197f\" data-element_type=\"widget\" data-e-type=\"widget\" data-widget_type=\"heading.default\">\n\t\t\t\t<div class=\"elementor-widget-container\">\n\t\t\t\t\t<h2 class=\"elementor-heading-title elementor-size-medium\">R\u00e9sum\u00e9<\/h2>\t\t\t\t<\/div>\n\t\t\t\t<\/div>\n\t\t\t\t<div class=\"elementor-element elementor-element-52d7859a elementor-widget elementor-widget-text-editor\" data-id=\"52d7859a\" data-element_type=\"widget\" data-e-type=\"widget\" data-widget_type=\"text-editor.default\">\n\t\t\t\t<div class=\"elementor-widget-container\">\n\t\t\t\t\t\t\t\t\t<p>Une fois par semaine, Samuel continue d&rsquo;explorer les portes de l&rsquo;\u00e9tage sup\u00e9rieur du ch\u00e2teau. Cette fois-ci, il se retrouvera en plein c\u0153ur de New York, dans deux \u00e9poques bien diff\u00e9rentes mais tout aussi dangereuses.Pour se divertir en attendant l&rsquo;ouverture des portes, Samuel continue de jardiner avec Ambrose, de sculpter avec Simon et de se familiariser avec ses autres anc\u00eatres. Cependant, Thorfrid a une tout autre id\u00e9e en t\u00eate : Samuel doit apprendre \u00e0 se d\u00e9fendre, et ce, co\u00fbte que co\u00fbte&#8230;Pendant ce temps, dans le monde des vivants, Maynard Bennett, le d\u00e9tective priv\u00e9 engag\u00e9 par l&rsquo;ex-femme de Samuel, se met au travail afin de le localiser.Mais que trouvera-t-il ?<\/p>\t\t\t\t\t\t\t\t<\/div>\n\t\t\t\t<\/div>\n\t\t\t\t<div class=\"elementor-element elementor-element-3988171c elementor-widget-divider--view-line elementor-widget elementor-widget-divider\" data-id=\"3988171c\" data-element_type=\"widget\" data-e-type=\"widget\" data-widget_type=\"divider.default\">\n\t\t\t\t<div class=\"elementor-widget-container\">\n\t\t\t\t\t\t\t<div class=\"elementor-divider\">\n\t\t\t<span class=\"elementor-divider-separator\">\n\t\t\t\t\t\t<\/span>\n\t\t<\/div>\n\t\t\t\t\t\t<\/div>\n\t\t\t\t<\/div>\n\t\t\t\t<div class=\"elementor-element elementor-element-388e453f elementor-widget elementor-widget-heading\" data-id=\"388e453f\" data-element_type=\"widget\" data-e-type=\"widget\" data-widget_type=\"heading.default\">\n\t\t\t\t<div class=\"elementor-widget-container\">\n\t\t\t\t\t<h2 class=\"elementor-heading-title elementor-size-medium\">Ma note<\/h2>\t\t\t\t<\/div>\n\t\t\t\t<\/div>\n\t\t\t\t<div class=\"elementor-element elementor-element-40216f5c elementor-star-rating--align-center elementor--star-style-star_fontawesome elementor-widget elementor-widget-star-rating\" data-id=\"40216f5c\" data-element_type=\"widget\" data-e-type=\"widget\" data-widget_type=\"star-rating.default\">\n\t\t\t\t<div class=\"elementor-widget-container\">\n\t\t\t\t\t\t\t<div class=\"elementor-star-rating__wrapper\">\n\t\t\t\t\t\t<div class=\"elementor-star-rating\" itemtype=\"http:\/\/schema.org\/Rating\" itemscope=\"\" itemprop=\"reviewRating\">\n\t\t\t\t<i class=\"elementor-star-full\" aria-hidden=\"true\">&#xE934;<\/i><i class=\"elementor-star-full\" aria-hidden=\"true\">&#xE934;<\/i><i class=\"elementor-star-full\" aria-hidden=\"true\">&#xE934;<\/i><i class=\"elementor-star-full\" aria-hidden=\"true\">&#xE934;<\/i><i class=\"elementor-star-5\" aria-hidden=\"true\">&#xE934;<\/i>\t\t\t\t<span itemprop=\"ratingValue\" class=\"elementor-screen-only\">Not\u00e9 4.5 sur 5<\/span>\n\t\t\t<\/div>\n\t\t<\/div>\n\t\t\t\t\t\t<\/div>\n\t\t\t\t<\/div>\n\t\t\t\t<div class=\"elementor-element elementor-element-196e0353 elementor-widget-divider--view-line elementor-widget elementor-widget-divider\" data-id=\"196e0353\" data-element_type=\"widget\" data-e-type=\"widget\" data-widget_type=\"divider.default\">\n\t\t\t\t<div class=\"elementor-widget-container\">\n\t\t\t\t\t\t\t<div class=\"elementor-divider\">\n\t\t\t<span class=\"elementor-divider-separator\">\n\t\t\t\t\t\t<\/span>\n\t\t<\/div>\n\t\t\t\t\t\t<\/div>\n\t\t\t\t<\/div>\n\t\t\t\t<div class=\"elementor-element elementor-element-43abdef elementor-widget elementor-widget-heading\" data-id=\"43abdef\" data-element_type=\"widget\" data-e-type=\"widget\" data-widget_type=\"heading.default\">\n\t\t\t\t<div class=\"elementor-widget-container\">\n\t\t\t\t\t<h2 class=\"elementor-heading-title elementor-size-medium\">Un personnage principal agr\u00e9able \u00e0 retrouver<\/h2>\t\t\t\t<\/div>\n\t\t\t\t<\/div>\n\t\t\t\t<div class=\"elementor-element elementor-element-15bf7b24 elementor-widget elementor-widget-text-editor\" data-id=\"15bf7b24\" data-element_type=\"widget\" data-e-type=\"widget\" data-widget_type=\"text-editor.default\">\n\t\t\t\t<div class=\"elementor-widget-container\">\n\t\t\t\t\t\t\t\t\t<p>Alors que <a href=\"https:\/\/sorbetkiwi.fr\/index.php\/le-chateau-de-anne-robillard\/\">je vous parlais du premier tome ce matin<\/a>, nous retournons d\u00e9j\u00e0 \u00e0 Londres. Bienvenue dans ce ch\u00e2teau magique hant\u00e9 par les descendants d\u2019Ulrik depuis 900 ans. En effet, je veux vous parler des tomes 5 et 6 la semaine prochaine. Je dois donc acc\u00e9l\u00e9rer la cadence. J\u2019ai beaucoup aim\u00e9 retrouver Samuel dans Thorfrid et Brynjulf. Il se sent chez lui dans cette demeure particuli\u00e8re. J\u2019appr\u00e9cie le personnage, je ne saurai pas vous dire pourquoi, mais il me touche. Cela dit, lorsqu\u2019il part tr\u00e8s loin dans le pass\u00e9, au temps de l\u2019Atlantide, je suis moins fan. Il a un c\u00f4t\u00e9 parfois un peu niais. Mais j\u2019aime son altruisme, sa curiosit\u00e9, et sa fa\u00e7on d\u2019aborder ces voyages avec ses anc\u00eatres, m\u00eame lorsque ce n\u2019est pas toujours utile \u00e0 sa qu\u00eate.<\/p>\t\t\t\t\t\t\t\t<\/div>\n\t\t\t\t<\/div>\n\t\t\t\t<div class=\"elementor-element elementor-element-34eea4b3 elementor-widget-divider--view-line elementor-widget elementor-widget-divider\" data-id=\"34eea4b3\" data-element_type=\"widget\" data-e-type=\"widget\" data-widget_type=\"divider.default\">\n\t\t\t\t<div class=\"elementor-widget-container\">\n\t\t\t\t\t\t\t<div class=\"elementor-divider\">\n\t\t\t<span class=\"elementor-divider-separator\">\n\t\t\t\t\t\t<\/span>\n\t\t<\/div>\n\t\t\t\t\t\t<\/div>\n\t\t\t\t<\/div>\n\t\t\t\t<div class=\"elementor-element elementor-element-2bdaf844 elementor-widget elementor-widget-heading\" data-id=\"2bdaf844\" data-element_type=\"widget\" data-e-type=\"widget\" data-widget_type=\"heading.default\">\n\t\t\t\t<div class=\"elementor-widget-container\">\n\t\t\t\t\t<h4 class=\"elementor-heading-title elementor-size-medium\">\"Comme tous les matins, le soleil se levait sur le domaine d\u2019Ulrik Dragensbl\u00f6t sans qu\u2019aucun nuage vienne le cacher. Outre le fait qu\u2019il \u00e9tait hant\u00e9, c\u2019\u00e9tait un endroit paisible, presque idyllique. Chaque fant\u00f4me vaquait \u00e0 ses propres occupations, certains depuis des centaines d\u2019ann\u00e9es. La plupart \u00e9taient r\u00e9sign\u00e9s \u00e0 leur sort, tandis que d\u2019autres cherchaient constamment une fa\u00e7on de quitter cette prison virtuelle situ\u00e9e quelque part en Angleterre.\"<\/h4>\t\t\t\t<\/div>\n\t\t\t\t<\/div>\n\t\t\t\t<div class=\"elementor-element elementor-element-26501d12 elementor-widget-divider--view-line elementor-widget elementor-widget-divider\" data-id=\"26501d12\" data-element_type=\"widget\" data-e-type=\"widget\" data-widget_type=\"divider.default\">\n\t\t\t\t<div class=\"elementor-widget-container\">\n\t\t\t\t\t\t\t<div class=\"elementor-divider\">\n\t\t\t<span class=\"elementor-divider-separator\">\n\t\t\t\t\t\t<\/span>\n\t\t<\/div>\n\t\t\t\t\t\t<\/div>\n\t\t\t\t<\/div>\n\t\t\t\t<div class=\"elementor-element elementor-element-4082a4f elementor-widget elementor-widget-heading\" data-id=\"4082a4f\" data-element_type=\"widget\" data-e-type=\"widget\" data-widget_type=\"heading.default\">\n\t\t\t\t<div class=\"elementor-widget-container\">\n\t\t\t\t\t<h2 class=\"elementor-heading-title elementor-size-medium\">De la jeunesse pour adultes<\/h2>\t\t\t\t<\/div>\n\t\t\t\t<\/div>\n\t\t\t\t<div class=\"elementor-element elementor-element-5bd7416b elementor-widget elementor-widget-text-editor\" data-id=\"5bd7416b\" data-element_type=\"widget\" data-e-type=\"widget\" data-widget_type=\"text-editor.default\">\n\t\t\t\t<div class=\"elementor-widget-container\">\n\t\t\t\t\t\t\t\t\t<p>J\u2019aime \u00e9galement la plume de l\u2019autrice, et je n\u2019ai pas eu une seule fois envie de l\u00e2cher le roman. Je l\u2019ai lu en quelques heures \u00e0 peine, tant j\u2019\u00e9tais plong\u00e9e dans l\u2019histoire. Parfois, elle en fait un peu trop au niveau des dialogues, mais cela ne m\u2019a pas d\u00e9rang\u00e9 outre-mesure. On s\u2019attend \u00e0 un roman assez facile \u00e0 lire. Finalement, il est accessible d\u00e9s l\u2019adolescence, mais en tant qu\u2019adulte j\u2019\u00e9tais toute aussi happ\u00e9e par le r\u00e9cit que si j\u2019avais eu 16 ans, \u00e0 mon avis.<\/p>\t\t\t\t\t\t\t\t<\/div>\n\t\t\t\t<\/div>\n\t\t\t\t<div class=\"elementor-element elementor-element-36bf7f39 elementor-widget-divider--view-line elementor-widget elementor-widget-divider\" data-id=\"36bf7f39\" data-element_type=\"widget\" data-e-type=\"widget\" data-widget_type=\"divider.default\">\n\t\t\t\t<div class=\"elementor-widget-container\">\n\t\t\t\t\t\t\t<div class=\"elementor-divider\">\n\t\t\t<span class=\"elementor-divider-separator\">\n\t\t\t\t\t\t<\/span>\n\t\t<\/div>\n\t\t\t\t\t\t<\/div>\n\t\t\t\t<\/div>\n\t\t\t\t<div class=\"elementor-element elementor-element-1da1a836 elementor-widget elementor-widget-heading\" data-id=\"1da1a836\" data-element_type=\"widget\" data-e-type=\"widget\" data-widget_type=\"heading.default\">\n\t\t\t\t<div class=\"elementor-widget-container\">\n\t\t\t\t\t<h2 class=\"elementor-heading-title elementor-size-medium\">Des d\u00e9tails qui pimentent l'histoire<\/h2>\t\t\t\t<\/div>\n\t\t\t\t<\/div>\n\t\t\t\t<div class=\"elementor-element elementor-element-6f2bb502 elementor-widget elementor-widget-text-editor\" data-id=\"6f2bb502\" data-element_type=\"widget\" data-e-type=\"widget\" data-widget_type=\"text-editor.default\">\n\t\t\t\t<div class=\"elementor-widget-container\">\n\t\t\t\t\t\t\t\t\t<p>Le point fort de cette saga r\u00e9side toujours encore dans la construction des personnages. Sam commence \u00e0 vraiment s\u2019int\u00e9grer au ch\u00e2teau. Il apprivoise doucement mais s\u00fbrement Thorfrid, la fille d\u2019Ulrik. Elle est particuli\u00e8re, puisque c\u2019est une femme du temps des Vikings, mais il va en apprendre \u00e9norm\u00e9ment de cette <em>bad-ass<\/em>, parce que c\u2019est ce qu\u2019elle est. J\u2019ai aim\u00e9 leurs conversations, et j\u2019aime cette curiosit\u00e9 qu\u2019il a et qui pousse les autres descendants \u00e0 s\u2019ouvrir \u00e0 lui, doucement mais surement.<\/p><p>En parall\u00e8le, un d\u00e9tective priv\u00e9 est \u00e0 la recherche du musicien d\u00e9chu, tout comme la sorci\u00e8re \u00e0 mon avis, et cela va certainement pimenter l\u2019histoire ! J\u2019aime cette saga un peu plus \u00e0 chaque tome que je lis ! Je suis compl\u00e8tement plong\u00e9e dans le r\u00e9cit, et j\u2019attends les ouvertures des portes avec autant d\u2019impatience que je me r\u00e9jouis de suivre la vie au ch\u00e2teau. Evidemment, il y a quelques petits d\u00e9fauts, mais ils sont gomm\u00e9s par l\u2019ambiance et le dynamisme du r\u00e9cit.\u00a0<\/p><p>Cette chronique de Thorfrid et Brynjulf a initialement \u00e9t\u00e9 publi\u00e9e sur <a href=\"https:\/\/sorbetkiwi.wordpress.com\/2020\/10\/31\/la-malediction-des-dragensblot-t-2-danne-robillard\/\">mon ancien blog<\/a>.<\/p>\t\t\t\t\t\t\t\t<\/div>\n\t\t\t\t<\/div>\n\t\t\t\t\t<\/div>\n\t\t<\/div>\n\t\t\t\t\t<\/div>\n\t\t<\/section>\n\t\t\t\t<\/div>\n\t\t","protected":false},"excerpt":{"rendered":"<p>Thorfrid et Brynjulf R\u00e9sum\u00e9 Une fois par semaine, Samuel continue d&rsquo;explorer les portes de l&rsquo;\u00e9tage sup\u00e9rieur du ch\u00e2teau. Cette fois-ci, il se retrouvera en plein c\u0153ur de New York, dans deux \u00e9poques bien diff\u00e9rentes mais &hellip; <\/p>\n","protected":false},"author":1,"featured_media":642,"comment_status":"open","ping_status":"open","sticky":false,"template":"","format":"standard","meta":{"footnotes":""},"categories":[16,8,1],"tags":[148,82,83,152,49,147,153],"class_list":["post-825","post","type-post","status-publish","format-standard","has-post-thumbnail","hentry","category-halloween","category-partenariats","category-tout-le-blog","tag-anne-robillard","tag-editions-michel-lafon","tag-editions-michel-lafon-jeunesse","tag-fantomes","tag-halloween","tag-la-malediction-des-dragensblot","tag-thorfrid-et-brynjulf","has-single-img"],"yoast_head":"<!-- This site is optimized with the Yoast SEO plugin v27.4 - https:\/\/yoast.com\/product\/yoast-seo-wordpress\/ -->\n<title>Thorfrid et Brynjulf de Anne Robillard - Sorbet Kiwi<\/title>\n<meta name=\"description\" content=\"Ma chronique du deuxi\u00e8me tome de La mal\u00e9diction des Dragensbl\u00f6t, Thorfrid et Brynjulf, de Anne Robillard, publi\u00e9 aux \u00e9ditions Michel Lafon.\" \/>\n<meta name=\"robots\" content=\"index, follow, max-snippet:-1, max-image-preview:large, max-video-preview:-1\" \/>\n<link rel=\"canonical\" href=\"https:\/\/sorbetkiwi.fr\/index.php\/thorfrid-et-brynjulf-de-anne-robillard\/\" \/>\n<meta property=\"og:locale\" content=\"fr_FR\" \/>\n<meta property=\"og:type\" content=\"article\" \/>\n<meta property=\"og:title\" content=\"Thorfrid et Brynjulf de Anne Robillard - Sorbet Kiwi\" \/>\n<meta property=\"og:description\" content=\"Ma chronique du deuxi\u00e8me tome de La mal\u00e9diction des Dragensbl\u00f6t, Thorfrid et Brynjulf, de Anne Robillard, publi\u00e9 aux \u00e9ditions Michel Lafon.\" \/>\n<meta property=\"og:url\" content=\"https:\/\/sorbetkiwi.fr\/index.php\/thorfrid-et-brynjulf-de-anne-robillard\/\" \/>\n<meta property=\"og:site_name\" content=\"Sorbet Kiwi\" \/>\n<meta property=\"article:publisher\" content=\"https:\/\/www.facebook.com\/profile.php?id=100086238893269\" \/>\n<meta property=\"article:published_time\" content=\"2022-10-13T12:00:00+00:00\" \/>\n<meta property=\"og:image\" content=\"https:\/\/sorbetkiwi.fr\/wp-content\/uploads\/2022\/09\/La-malediction-des-Dragensblot-2-Anne-Robillard.png\" \/>\n\t<meta property=\"og:image:width\" content=\"565\" \/>\n\t<meta property=\"og:image:height\" content=\"857\" \/>\n\t<meta property=\"og:image:type\" content=\"image\/png\" \/>\n<meta name=\"author\" content=\"Sorbet-Kiwi\" \/>\n<meta name=\"twitter:card\" content=\"summary_large_image\" \/>\n<meta name=\"twitter:creator\" content=\"@pepparshoes\" \/>\n<meta name=\"twitter:site\" content=\"@pepparshoes\" \/>\n<meta name=\"twitter:label1\" content=\"\u00c9crit par\" \/>\n\t<meta name=\"twitter:data1\" content=\"Sorbet-Kiwi\" \/>\n\t<meta name=\"twitter:label2\" content=\"Dur\u00e9e de lecture estim\u00e9e\" \/>\n\t<meta name=\"twitter:data2\" content=\"4 minutes\" \/>\n<script type=\"application\/ld+json\" class=\"yoast-schema-graph\">{\"@context\":\"https:\\\/\\\/schema.org\",\"@graph\":[{\"@type\":\"Article\",\"@id\":\"https:\\\/\\\/sorbetkiwi.fr\\\/index.php\\\/thorfrid-et-brynjulf-de-anne-robillard\\\/#article\",\"isPartOf\":{\"@id\":\"https:\\\/\\\/sorbetkiwi.fr\\\/index.php\\\/thorfrid-et-brynjulf-de-anne-robillard\\\/\"},\"author\":{\"name\":\"Sorbet-Kiwi\",\"@id\":\"https:\\\/\\\/sorbetkiwi.fr\\\/#\\\/schema\\\/person\\\/ed1b7b527a2957ddc3bf38b076540659\"},\"headline\":\"Thorfrid et Brynjulf de Anne Robillard\",\"datePublished\":\"2022-10-13T12:00:00+00:00\",\"mainEntityOfPage\":{\"@id\":\"https:\\\/\\\/sorbetkiwi.fr\\\/index.php\\\/thorfrid-et-brynjulf-de-anne-robillard\\\/\"},\"wordCount\":677,\"commentCount\":3,\"publisher\":{\"@id\":\"https:\\\/\\\/sorbetkiwi.fr\\\/#organization\"},\"image\":{\"@id\":\"https:\\\/\\\/sorbetkiwi.fr\\\/index.php\\\/thorfrid-et-brynjulf-de-anne-robillard\\\/#primaryimage\"},\"thumbnailUrl\":\"https:\\\/\\\/sorbetkiwi.fr\\\/wp-content\\\/uploads\\\/2022\\\/09\\\/La-malediction-des-Dragensblot-2-Anne-Robillard.png\",\"keywords\":[\"Anne Robillard\",\"Editions Michel Lafon\",\"Editions Michel Lafon Jeunesse\",\"Fant\u00f4mes\",\"Halloween\",\"La mal\u00e9diction des Dragensbl\u00f6t\",\"Thorfrid et Brynjulf\"],\"articleSection\":[\"Halloween\",\"Partenariats\",\"Tout le blog\"],\"inLanguage\":\"fr-FR\",\"potentialAction\":[{\"@type\":\"CommentAction\",\"name\":\"Comment\",\"target\":[\"https:\\\/\\\/sorbetkiwi.fr\\\/index.php\\\/thorfrid-et-brynjulf-de-anne-robillard\\\/#respond\"]}]},{\"@type\":\"WebPage\",\"@id\":\"https:\\\/\\\/sorbetkiwi.fr\\\/index.php\\\/thorfrid-et-brynjulf-de-anne-robillard\\\/\",\"url\":\"https:\\\/\\\/sorbetkiwi.fr\\\/index.php\\\/thorfrid-et-brynjulf-de-anne-robillard\\\/\",\"name\":\"Thorfrid et Brynjulf de Anne Robillard - Sorbet Kiwi\",\"isPartOf\":{\"@id\":\"https:\\\/\\\/sorbetkiwi.fr\\\/#website\"},\"primaryImageOfPage\":{\"@id\":\"https:\\\/\\\/sorbetkiwi.fr\\\/index.php\\\/thorfrid-et-brynjulf-de-anne-robillard\\\/#primaryimage\"},\"image\":{\"@id\":\"https:\\\/\\\/sorbetkiwi.fr\\\/index.php\\\/thorfrid-et-brynjulf-de-anne-robillard\\\/#primaryimage\"},\"thumbnailUrl\":\"https:\\\/\\\/sorbetkiwi.fr\\\/wp-content\\\/uploads\\\/2022\\\/09\\\/La-malediction-des-Dragensblot-2-Anne-Robillard.png\",\"datePublished\":\"2022-10-13T12:00:00+00:00\",\"description\":\"Ma chronique du deuxi\u00e8me tome de La mal\u00e9diction des Dragensbl\u00f6t, Thorfrid et Brynjulf, de Anne Robillard, publi\u00e9 aux \u00e9ditions Michel Lafon.\",\"breadcrumb\":{\"@id\":\"https:\\\/\\\/sorbetkiwi.fr\\\/index.php\\\/thorfrid-et-brynjulf-de-anne-robillard\\\/#breadcrumb\"},\"inLanguage\":\"fr-FR\",\"potentialAction\":[{\"@type\":\"ReadAction\",\"target\":[\"https:\\\/\\\/sorbetkiwi.fr\\\/index.php\\\/thorfrid-et-brynjulf-de-anne-robillard\\\/\"]}]},{\"@type\":\"ImageObject\",\"inLanguage\":\"fr-FR\",\"@id\":\"https:\\\/\\\/sorbetkiwi.fr\\\/index.php\\\/thorfrid-et-brynjulf-de-anne-robillard\\\/#primaryimage\",\"url\":\"https:\\\/\\\/sorbetkiwi.fr\\\/wp-content\\\/uploads\\\/2022\\\/09\\\/La-malediction-des-Dragensblot-2-Anne-Robillard.png\",\"contentUrl\":\"https:\\\/\\\/sorbetkiwi.fr\\\/wp-content\\\/uploads\\\/2022\\\/09\\\/La-malediction-des-Dragensblot-2-Anne-Robillard.png\",\"width\":565,\"height\":857,\"caption\":\"La mal\u00e9diction des Dragensbl\u00f6t 2 Anne Robillard\"},{\"@type\":\"BreadcrumbList\",\"@id\":\"https:\\\/\\\/sorbetkiwi.fr\\\/index.php\\\/thorfrid-et-brynjulf-de-anne-robillard\\\/#breadcrumb\",\"itemListElement\":[{\"@type\":\"ListItem\",\"position\":1,\"name\":\"Accueil\",\"item\":\"https:\\\/\\\/sorbetkiwi.fr\\\/\"},{\"@type\":\"ListItem\",\"position\":2,\"name\":\"Thorfrid et Brynjulf de Anne Robillard\"}]},{\"@type\":\"WebSite\",\"@id\":\"https:\\\/\\\/sorbetkiwi.fr\\\/#website\",\"url\":\"https:\\\/\\\/sorbetkiwi.fr\\\/\",\"name\":\"Sorbet Kiwi\",\"description\":\"Des lectures th\u00e9matiques par saison et les avis qui vont avec\",\"publisher\":{\"@id\":\"https:\\\/\\\/sorbetkiwi.fr\\\/#organization\"},\"potentialAction\":[{\"@type\":\"SearchAction\",\"target\":{\"@type\":\"EntryPoint\",\"urlTemplate\":\"https:\\\/\\\/sorbetkiwi.fr\\\/?s={search_term_string}\"},\"query-input\":{\"@type\":\"PropertyValueSpecification\",\"valueRequired\":true,\"valueName\":\"search_term_string\"}}],\"inLanguage\":\"fr-FR\"},{\"@type\":\"Organization\",\"@id\":\"https:\\\/\\\/sorbetkiwi.fr\\\/#organization\",\"name\":\"Sorbet Kiwi\",\"url\":\"https:\\\/\\\/sorbetkiwi.fr\\\/\",\"logo\":{\"@type\":\"ImageObject\",\"inLanguage\":\"fr-FR\",\"@id\":\"https:\\\/\\\/sorbetkiwi.fr\\\/#\\\/schema\\\/logo\\\/image\\\/\",\"url\":\"https:\\\/\\\/sorbetkiwi.fr\\\/wp-content\\\/uploads\\\/2022\\\/10\\\/Banniere-Sorbet-Kiwi-2022.jpg\",\"contentUrl\":\"https:\\\/\\\/sorbetkiwi.fr\\\/wp-content\\\/uploads\\\/2022\\\/10\\\/Banniere-Sorbet-Kiwi-2022.jpg\",\"width\":814,\"height\":401,\"caption\":\"Sorbet Kiwi\"},\"image\":{\"@id\":\"https:\\\/\\\/sorbetkiwi.fr\\\/#\\\/schema\\\/logo\\\/image\\\/\"},\"sameAs\":[\"https:\\\/\\\/www.facebook.com\\\/profile.php?id=100086238893269\",\"https:\\\/\\\/x.com\\\/pepparshoes\",\"https:\\\/\\\/www.instagram.com\\\/sorbetkiwi\\\/\",\"https:\\\/\\\/www.tiktok.com\\\/sorbetkiwi\"]},{\"@type\":\"Person\",\"@id\":\"https:\\\/\\\/sorbetkiwi.fr\\\/#\\\/schema\\\/person\\\/ed1b7b527a2957ddc3bf38b076540659\",\"name\":\"Sorbet-Kiwi\",\"image\":{\"@type\":\"ImageObject\",\"inLanguage\":\"fr-FR\",\"@id\":\"https:\\\/\\\/secure.gravatar.com\\\/avatar\\\/86f0a5c27d76317621b9e374d0f3a01d3a85278f10d0c7207ced4fd773057442?s=96&d=mm&r=g\",\"url\":\"https:\\\/\\\/secure.gravatar.com\\\/avatar\\\/86f0a5c27d76317621b9e374d0f3a01d3a85278f10d0c7207ced4fd773057442?s=96&d=mm&r=g\",\"contentUrl\":\"https:\\\/\\\/secure.gravatar.com\\\/avatar\\\/86f0a5c27d76317621b9e374d0f3a01d3a85278f10d0c7207ced4fd773057442?s=96&d=mm&r=g\",\"caption\":\"Sorbet-Kiwi\"},\"sameAs\":[\"http:\\\/\\\/sorbetkiwi.fr\"],\"url\":\"https:\\\/\\\/sorbetkiwi.fr\\\/index.php\\\/author\\\/admin7717\\\/\"}]}<\/script>\n<!-- \/ Yoast SEO plugin. -->","yoast_head_json":{"title":"Thorfrid et Brynjulf de Anne Robillard - Sorbet Kiwi","description":"Ma chronique du deuxi\u00e8me tome de La mal\u00e9diction des Dragensbl\u00f6t, Thorfrid et Brynjulf, de Anne Robillard, publi\u00e9 aux \u00e9ditions Michel Lafon.","robots":{"index":"index","follow":"follow","max-snippet":"max-snippet:-1","max-image-preview":"max-image-preview:large","max-video-preview":"max-video-preview:-1"},"canonical":"https:\/\/sorbetkiwi.fr\/index.php\/thorfrid-et-brynjulf-de-anne-robillard\/","og_locale":"fr_FR","og_type":"article","og_title":"Thorfrid et Brynjulf de Anne Robillard - Sorbet Kiwi","og_description":"Ma chronique du deuxi\u00e8me tome de La mal\u00e9diction des Dragensbl\u00f6t, Thorfrid et Brynjulf, de Anne Robillard, publi\u00e9 aux \u00e9ditions Michel Lafon.","og_url":"https:\/\/sorbetkiwi.fr\/index.php\/thorfrid-et-brynjulf-de-anne-robillard\/","og_site_name":"Sorbet Kiwi","article_publisher":"https:\/\/www.facebook.com\/profile.php?id=100086238893269","article_published_time":"2022-10-13T12:00:00+00:00","og_image":[{"width":565,"height":857,"url":"https:\/\/sorbetkiwi.fr\/wp-content\/uploads\/2022\/09\/La-malediction-des-Dragensblot-2-Anne-Robillard.png","type":"image\/png"}],"author":"Sorbet-Kiwi","twitter_card":"summary_large_image","twitter_creator":"@pepparshoes","twitter_site":"@pepparshoes","twitter_misc":{"\u00c9crit par":"Sorbet-Kiwi","Dur\u00e9e de lecture estim\u00e9e":"4 minutes"},"schema":{"@context":"https:\/\/schema.org","@graph":[{"@type":"Article","@id":"https:\/\/sorbetkiwi.fr\/index.php\/thorfrid-et-brynjulf-de-anne-robillard\/#article","isPartOf":{"@id":"https:\/\/sorbetkiwi.fr\/index.php\/thorfrid-et-brynjulf-de-anne-robillard\/"},"author":{"name":"Sorbet-Kiwi","@id":"https:\/\/sorbetkiwi.fr\/#\/schema\/person\/ed1b7b527a2957ddc3bf38b076540659"},"headline":"Thorfrid et Brynjulf de Anne Robillard","datePublished":"2022-10-13T12:00:00+00:00","mainEntityOfPage":{"@id":"https:\/\/sorbetkiwi.fr\/index.php\/thorfrid-et-brynjulf-de-anne-robillard\/"},"wordCount":677,"commentCount":3,"publisher":{"@id":"https:\/\/sorbetkiwi.fr\/#organization"},"image":{"@id":"https:\/\/sorbetkiwi.fr\/index.php\/thorfrid-et-brynjulf-de-anne-robillard\/#primaryimage"},"thumbnailUrl":"https:\/\/sorbetkiwi.fr\/wp-content\/uploads\/2022\/09\/La-malediction-des-Dragensblot-2-Anne-Robillard.png","keywords":["Anne Robillard","Editions Michel Lafon","Editions Michel Lafon Jeunesse","Fant\u00f4mes","Halloween","La mal\u00e9diction des Dragensbl\u00f6t","Thorfrid et Brynjulf"],"articleSection":["Halloween","Partenariats","Tout le blog"],"inLanguage":"fr-FR","potentialAction":[{"@type":"CommentAction","name":"Comment","target":["https:\/\/sorbetkiwi.fr\/index.php\/thorfrid-et-brynjulf-de-anne-robillard\/#respond"]}]},{"@type":"WebPage","@id":"https:\/\/sorbetkiwi.fr\/index.php\/thorfrid-et-brynjulf-de-anne-robillard\/","url":"https:\/\/sorbetkiwi.fr\/index.php\/thorfrid-et-brynjulf-de-anne-robillard\/","name":"Thorfrid et Brynjulf de Anne Robillard - Sorbet Kiwi","isPartOf":{"@id":"https:\/\/sorbetkiwi.fr\/#website"},"primaryImageOfPage":{"@id":"https:\/\/sorbetkiwi.fr\/index.php\/thorfrid-et-brynjulf-de-anne-robillard\/#primaryimage"},"image":{"@id":"https:\/\/sorbetkiwi.fr\/index.php\/thorfrid-et-brynjulf-de-anne-robillard\/#primaryimage"},"thumbnailUrl":"https:\/\/sorbetkiwi.fr\/wp-content\/uploads\/2022\/09\/La-malediction-des-Dragensblot-2-Anne-Robillard.png","datePublished":"2022-10-13T12:00:00+00:00","description":"Ma chronique du deuxi\u00e8me tome de La mal\u00e9diction des Dragensbl\u00f6t, Thorfrid et Brynjulf, de Anne Robillard, publi\u00e9 aux \u00e9ditions Michel Lafon.","breadcrumb":{"@id":"https:\/\/sorbetkiwi.fr\/index.php\/thorfrid-et-brynjulf-de-anne-robillard\/#breadcrumb"},"inLanguage":"fr-FR","potentialAction":[{"@type":"ReadAction","target":["https:\/\/sorbetkiwi.fr\/index.php\/thorfrid-et-brynjulf-de-anne-robillard\/"]}]},{"@type":"ImageObject","inLanguage":"fr-FR","@id":"https:\/\/sorbetkiwi.fr\/index.php\/thorfrid-et-brynjulf-de-anne-robillard\/#primaryimage","url":"https:\/\/sorbetkiwi.fr\/wp-content\/uploads\/2022\/09\/La-malediction-des-Dragensblot-2-Anne-Robillard.png","contentUrl":"https:\/\/sorbetkiwi.fr\/wp-content\/uploads\/2022\/09\/La-malediction-des-Dragensblot-2-Anne-Robillard.png","width":565,"height":857,"caption":"La mal\u00e9diction des Dragensbl\u00f6t 2 Anne Robillard"},{"@type":"BreadcrumbList","@id":"https:\/\/sorbetkiwi.fr\/index.php\/thorfrid-et-brynjulf-de-anne-robillard\/#breadcrumb","itemListElement":[{"@type":"ListItem","position":1,"name":"Accueil","item":"https:\/\/sorbetkiwi.fr\/"},{"@type":"ListItem","position":2,"name":"Thorfrid et Brynjulf de Anne Robillard"}]},{"@type":"WebSite","@id":"https:\/\/sorbetkiwi.fr\/#website","url":"https:\/\/sorbetkiwi.fr\/","name":"Sorbet Kiwi","description":"Des lectures th\u00e9matiques par saison et les avis qui vont avec","publisher":{"@id":"https:\/\/sorbetkiwi.fr\/#organization"},"potentialAction":[{"@type":"SearchAction","target":{"@type":"EntryPoint","urlTemplate":"https:\/\/sorbetkiwi.fr\/?s={search_term_string}"},"query-input":{"@type":"PropertyValueSpecification","valueRequired":true,"valueName":"search_term_string"}}],"inLanguage":"fr-FR"},{"@type":"Organization","@id":"https:\/\/sorbetkiwi.fr\/#organization","name":"Sorbet Kiwi","url":"https:\/\/sorbetkiwi.fr\/","logo":{"@type":"ImageObject","inLanguage":"fr-FR","@id":"https:\/\/sorbetkiwi.fr\/#\/schema\/logo\/image\/","url":"https:\/\/sorbetkiwi.fr\/wp-content\/uploads\/2022\/10\/Banniere-Sorbet-Kiwi-2022.jpg","contentUrl":"https:\/\/sorbetkiwi.fr\/wp-content\/uploads\/2022\/10\/Banniere-Sorbet-Kiwi-2022.jpg","width":814,"height":401,"caption":"Sorbet Kiwi"},"image":{"@id":"https:\/\/sorbetkiwi.fr\/#\/schema\/logo\/image\/"},"sameAs":["https:\/\/www.facebook.com\/profile.php?id=100086238893269","https:\/\/x.com\/pepparshoes","https:\/\/www.instagram.com\/sorbetkiwi\/","https:\/\/www.tiktok.com\/sorbetkiwi"]},{"@type":"Person","@id":"https:\/\/sorbetkiwi.fr\/#\/schema\/person\/ed1b7b527a2957ddc3bf38b076540659","name":"Sorbet-Kiwi","image":{"@type":"ImageObject","inLanguage":"fr-FR","@id":"https:\/\/secure.gravatar.com\/avatar\/86f0a5c27d76317621b9e374d0f3a01d3a85278f10d0c7207ced4fd773057442?s=96&d=mm&r=g","url":"https:\/\/secure.gravatar.com\/avatar\/86f0a5c27d76317621b9e374d0f3a01d3a85278f10d0c7207ced4fd773057442?s=96&d=mm&r=g","contentUrl":"https:\/\/secure.gravatar.com\/avatar\/86f0a5c27d76317621b9e374d0f3a01d3a85278f10d0c7207ced4fd773057442?s=96&d=mm&r=g","caption":"Sorbet-Kiwi"},"sameAs":["http:\/\/sorbetkiwi.fr"],"url":"https:\/\/sorbetkiwi.fr\/index.php\/author\/admin7717\/"}]}},"_links":{"self":[{"href":"https:\/\/sorbetkiwi.fr\/index.php\/wp-json\/wp\/v2\/posts\/825","targetHints":{"allow":["GET"]}}],"collection":[{"href":"https:\/\/sorbetkiwi.fr\/index.php\/wp-json\/wp\/v2\/posts"}],"about":[{"href":"https:\/\/sorbetkiwi.fr\/index.php\/wp-json\/wp\/v2\/types\/post"}],"author":[{"embeddable":true,"href":"https:\/\/sorbetkiwi.fr\/index.php\/wp-json\/wp\/v2\/users\/1"}],"replies":[{"embeddable":true,"href":"https:\/\/sorbetkiwi.fr\/index.php\/wp-json\/wp\/v2\/comments?post=825"}],"version-history":[{"count":6,"href":"https:\/\/sorbetkiwi.fr\/index.php\/wp-json\/wp\/v2\/posts\/825\/revisions"}],"predecessor-version":[{"id":831,"href":"https:\/\/sorbetkiwi.fr\/index.php\/wp-json\/wp\/v2\/posts\/825\/revisions\/831"}],"wp:featuredmedia":[{"embeddable":true,"href":"https:\/\/sorbetkiwi.fr\/index.php\/wp-json\/wp\/v2\/media\/642"}],"wp:attachment":[{"href":"https:\/\/sorbetkiwi.fr\/index.php\/wp-json\/wp\/v2\/media?parent=825"}],"wp:term":[{"taxonomy":"category","embeddable":true,"href":"https:\/\/sorbetkiwi.fr\/index.php\/wp-json\/wp\/v2\/categories?post=825"},{"taxonomy":"post_tag","embeddable":true,"href":"https:\/\/sorbetkiwi.fr\/index.php\/wp-json\/wp\/v2\/tags?post=825"}],"curies":[{"name":"wp","href":"https:\/\/api.w.org\/{rel}","templated":true}]}}