{"id":8249,"date":"2025-08-12T07:00:00","date_gmt":"2025-08-12T05:00:00","guid":{"rendered":"https:\/\/sorbetkiwi.fr\/?p=8249"},"modified":"2025-08-10T19:06:54","modified_gmt":"2025-08-10T17:06:54","slug":"il-est-ou-le-patron-de-maud-benezit","status":"publish","type":"post","link":"https:\/\/sorbetkiwi.fr\/index.php\/il-est-ou-le-patron-de-maud-benezit\/","title":{"rendered":"Il est o\u00f9 le patron ? de Maud B\u00e9n\u00e9zit"},"content":{"rendered":"\t\t<div data-elementor-type=\"wp-post\" data-elementor-id=\"8249\" class=\"elementor elementor-8249\">\n\t\t\t\t\t\t<section class=\"elementor-section elementor-top-section elementor-element elementor-element-6a7a49eb elementor-section-boxed elementor-section-height-default elementor-section-height-default\" data-id=\"6a7a49eb\" data-element_type=\"section\" data-e-type=\"section\">\n\t\t\t\t\t\t<div class=\"elementor-container elementor-column-gap-default\">\n\t\t\t\t\t<div class=\"elementor-column elementor-col-100 elementor-top-column elementor-element elementor-element-2069cfba\" data-id=\"2069cfba\" data-element_type=\"column\" data-e-type=\"column\">\n\t\t\t<div class=\"elementor-widget-wrap elementor-element-populated\">\n\t\t\t\t\t\t<div class=\"elementor-element elementor-element-25ee507 elementor-widget elementor-widget-heading\" data-id=\"25ee507\" data-element_type=\"widget\" data-e-type=\"widget\" data-widget_type=\"heading.default\">\n\t\t\t\t<div class=\"elementor-widget-container\">\n\t\t\t\t\t<h1 class=\"elementor-heading-title elementor-size-medium\">Il est o\u00f9 le patron ? devant une maison alsacienne \u00e0 Wissembourg<\/h1>\t\t\t\t<\/div>\n\t\t\t\t<\/div>\n\t\t\t\t<div class=\"elementor-element elementor-element-5467752d elementor-view-default elementor-widget elementor-widget-icon\" data-id=\"5467752d\" data-element_type=\"widget\" data-e-type=\"widget\" data-widget_type=\"icon.default\">\n\t\t\t\t<div class=\"elementor-widget-container\">\n\t\t\t\t\t\t\t<div class=\"elementor-icon-wrapper\">\n\t\t\t<div class=\"elementor-icon\">\n\t\t\t<i aria-hidden=\"true\" class=\"fas fa-cocktail\"><\/i>\t\t\t<\/div>\n\t\t<\/div>\n\t\t\t\t\t\t<\/div>\n\t\t\t\t<\/div>\n\t\t\t\t<div class=\"elementor-element elementor-element-4344b153 elementor-widget-divider--view-line elementor-widget elementor-widget-divider\" data-id=\"4344b153\" data-element_type=\"widget\" data-e-type=\"widget\" data-widget_type=\"divider.default\">\n\t\t\t\t<div class=\"elementor-widget-container\">\n\t\t\t\t\t\t\t<div class=\"elementor-divider\">\n\t\t\t<span class=\"elementor-divider-separator\">\n\t\t\t\t\t\t<\/span>\n\t\t<\/div>\n\t\t\t\t\t\t<\/div>\n\t\t\t\t<\/div>\n\t\t\t\t<div class=\"elementor-element elementor-element-7e7b85c6 elementor-widget elementor-widget-heading\" data-id=\"7e7b85c6\" data-element_type=\"widget\" data-e-type=\"widget\" data-widget_type=\"heading.default\">\n\t\t\t\t<div class=\"elementor-widget-container\">\n\t\t\t\t\t<h2 class=\"elementor-heading-title elementor-size-medium\">R\u00e9sum\u00e9<\/h2>\t\t\t\t<\/div>\n\t\t\t\t<\/div>\n\t\t\t\t<div class=\"elementor-element elementor-element-3d149572 elementor-widget elementor-widget-text-editor\" data-id=\"3d149572\" data-element_type=\"widget\" data-e-type=\"widget\" data-widget_type=\"text-editor.default\">\n\t\t\t\t<div class=\"elementor-widget-container\">\n\t\t\t\t\t\t\t\t\t<p>Un album \u00e9crit collectivement par cinq paysannes et une dessinatrice bas\u00e9 sur des faits r\u00e9els.<br \/>Au fil d&rsquo;une saison agricole dans un petit village de moyenne montagne, 3 femmes paysannes, voisines de march\u00e9, se rencontrent, s&rsquo;entraident et se lient d&rsquo;amiti\u00e9. En partageant leurs exp\u00e9riences, ces femmes se donnent la force de faire entendre une autre voix que celle du patriarcat. Ces jeunes paysannes combatives et passionn\u00e9es g\u00e8rent leur propre ferme et se heurtent souvent au machisme du milieu agricole. On leur demande souvent : Il est o\u00f9 le patron ?<\/p>\t\t\t\t\t\t\t\t<\/div>\n\t\t\t\t<\/div>\n\t\t\t\t<div class=\"elementor-element elementor-element-7749840b elementor-widget-divider--view-line elementor-widget elementor-widget-divider\" data-id=\"7749840b\" data-element_type=\"widget\" data-e-type=\"widget\" data-widget_type=\"divider.default\">\n\t\t\t\t<div class=\"elementor-widget-container\">\n\t\t\t\t\t\t\t<div class=\"elementor-divider\">\n\t\t\t<span class=\"elementor-divider-separator\">\n\t\t\t\t\t\t<\/span>\n\t\t<\/div>\n\t\t\t\t\t\t<\/div>\n\t\t\t\t<\/div>\n\t\t\t\t<div class=\"elementor-element elementor-element-5f03dd7b elementor-widget elementor-widget-heading\" data-id=\"5f03dd7b\" data-element_type=\"widget\" data-e-type=\"widget\" data-widget_type=\"heading.default\">\n\t\t\t\t<div class=\"elementor-widget-container\">\n\t\t\t\t\t<h2 class=\"elementor-heading-title elementor-size-medium\">Charm\u00e9e au premier regard<\/h2>\t\t\t\t<\/div>\n\t\t\t\t<\/div>\n\t\t\t\t<div class=\"elementor-element elementor-element-2832e9be elementor-widget elementor-widget-text-editor\" data-id=\"2832e9be\" data-element_type=\"widget\" data-e-type=\"widget\" data-widget_type=\"text-editor.default\">\n\t\t\t\t<div class=\"elementor-widget-container\">\n\t\t\t\t\t\t\t\t\t<p>En papillonnant \u00e0 <a href=\"https:\/\/sorbetkiwi.fr\/index.php\/category\/benevolat\/\">la m\u00e9diath\u00e8que<\/a>, je suis tomb\u00e9e sur cette jolie BD qui avait tout pour attirer mon regard. Rien que le titre et son f\u00e9minisme implicite m&rsquo;ont pouss\u00e9 vers elle. Mais en plus, lorsque je l&rsquo;ai feuillet\u00e9, j&rsquo;ai vu qu&rsquo;elle \u00e9tait divis\u00e9 en 4 saisons ! Et vous savez \u00e0 quel point j&rsquo;adore cette temporalit\u00e9, chaque saison ayant ses propres qualit\u00e9s mais apportant aussi avec elle son lot de d\u00e9fis. En agriculture d&rsquo;autant plus ! J&rsquo;adorais la page de garde de chaque saison aussi, puisque c&rsquo;est une petite mamie qui est install\u00e9e sur un banc, apr\u00e8s avoir fait son march\u00e9, et qui se l\u00e8ve un peu plus \u00e0 chaque saison&#8230; pour une jolie surprise finale !<\/p>\t\t\t\t\t\t\t\t<\/div>\n\t\t\t\t<\/div>\n\t\t\t\t<div class=\"elementor-element elementor-element-fcfa8e2 elementor-widget-divider--view-line elementor-widget elementor-widget-divider\" data-id=\"fcfa8e2\" data-element_type=\"widget\" data-e-type=\"widget\" data-widget_type=\"divider.default\">\n\t\t\t\t<div class=\"elementor-widget-container\">\n\t\t\t\t\t\t\t<div class=\"elementor-divider\">\n\t\t\t<span class=\"elementor-divider-separator\">\n\t\t\t\t\t\t<\/span>\n\t\t<\/div>\n\t\t\t\t\t\t<\/div>\n\t\t\t\t<\/div>\n\t\t\t\t<div class=\"elementor-element elementor-element-71839364 elementor-widget elementor-widget-heading\" data-id=\"71839364\" data-element_type=\"widget\" data-e-type=\"widget\" data-widget_type=\"heading.default\">\n\t\t\t\t<div class=\"elementor-widget-container\">\n\t\t\t\t\t<h4 class=\"elementor-heading-title elementor-size-medium\">\" - Au moins, maintenant, je d\u00e9pends plus d'un patron !<br>\n- Seulement de la banque, haha !<br>\n- Choisir son oppresseur, tout un programme !\"<\/h4>\t\t\t\t<\/div>\n\t\t\t\t<\/div>\n\t\t\t\t<div class=\"elementor-element elementor-element-200fed28 elementor-widget-divider--view-line elementor-widget elementor-widget-divider\" data-id=\"200fed28\" data-element_type=\"widget\" data-e-type=\"widget\" data-widget_type=\"divider.default\">\n\t\t\t\t<div class=\"elementor-widget-container\">\n\t\t\t\t\t\t\t<div class=\"elementor-divider\">\n\t\t\t<span class=\"elementor-divider-separator\">\n\t\t\t\t\t\t<\/span>\n\t\t<\/div>\n\t\t\t\t\t\t<\/div>\n\t\t\t\t<\/div>\n\t\t\t\t<div class=\"elementor-element elementor-element-79fec2dd elementor-widget elementor-widget-heading\" data-id=\"79fec2dd\" data-element_type=\"widget\" data-e-type=\"widget\" data-widget_type=\"heading.default\">\n\t\t\t\t<div class=\"elementor-widget-container\">\n\t\t\t\t\t<h2 class=\"elementor-heading-title elementor-size-medium\">Cinq voix pour raconter la terre<\/h2>\t\t\t\t<\/div>\n\t\t\t\t<\/div>\n\t\t\t\t<div class=\"elementor-element elementor-element-179fc15 elementor-widget elementor-widget-text-editor\" data-id=\"179fc15\" data-element_type=\"widget\" data-e-type=\"widget\" data-widget_type=\"text-editor.default\">\n\t\t\t\t<div class=\"elementor-widget-container\">\n\t\t\t\t\t\t\t\t\t<p>J&rsquo;ai trouv\u00e9 cette BD absolument \u00e9difiante. Je n&rsquo;y connais rien en agriculture, je n&rsquo;ai aucune personne du m\u00e9tier dans mon entourage. J&rsquo;ai donc appr\u00e9ci\u00e9 d&rsquo;en apprendre beaucoup sur les diff\u00e9rentes t\u00e2ches physiques mais aussi intellectuelles et administratives qui demandent beaucoup d&rsquo;investissement. Tout cela est port\u00e9 par 5 voix : celles des Paysannes en polaires. Je veux les nommes ici, car je n&rsquo;avais pas de place dans le titre (le SEO les aime courts) : C\u00e9line Berthier, Marion Boissier, Fanny Demarque, Florie Salani\u00e9 et Guilaine Trossat. C&rsquo;est qui les patronnes ? C&rsquo;est elles. <a href=\"https:\/\/www.livraddict.com\/biblio\/auteur\/maud-benezit.html\">Maud B\u00e9n\u00e9zit<\/a> les accompagne au dessin.<\/p>\t\t\t\t\t\t\t\t<\/div>\n\t\t\t\t<\/div>\n\t\t\t\t<div class=\"elementor-element elementor-element-6a95c307 elementor-widget-divider--view-line elementor-widget elementor-widget-divider\" data-id=\"6a95c307\" data-element_type=\"widget\" data-e-type=\"widget\" data-widget_type=\"divider.default\">\n\t\t\t\t<div class=\"elementor-widget-container\">\n\t\t\t\t\t\t\t<div class=\"elementor-divider\">\n\t\t\t<span class=\"elementor-divider-separator\">\n\t\t\t\t\t\t<\/span>\n\t\t<\/div>\n\t\t\t\t\t\t<\/div>\n\t\t\t\t<\/div>\n\t\t\t\t<div class=\"elementor-element elementor-element-452607d0 elementor-widget elementor-widget-heading\" data-id=\"452607d0\" data-element_type=\"widget\" data-e-type=\"widget\" data-widget_type=\"heading.default\">\n\t\t\t\t<div class=\"elementor-widget-container\">\n\t\t\t\t\t<h2 class=\"elementor-heading-title elementor-size-medium\">Des h\u00e9ro\u00efnes du quotidien, entre lutte et solidarit\u00e9<\/h2>\t\t\t\t<\/div>\n\t\t\t\t<\/div>\n\t\t\t\t<div class=\"elementor-element elementor-element-14a9c84e elementor-widget elementor-widget-text-editor\" data-id=\"14a9c84e\" data-element_type=\"widget\" data-e-type=\"widget\" data-widget_type=\"text-editor.default\">\n\t\t\t\t<div class=\"elementor-widget-container\">\n\t\t\t\t\t\t\t\t\t<p>Mais bien s\u00fbr, c&rsquo;est aussi un ouvrage f\u00e9ministe. Nos 5 paysannes en polaires ont invent\u00e9 3 h\u00e9ro\u00efnes du quotidien de la ferme. Et je me suis vraiment attach\u00e9e aux 3. Leur engagement, leurs r\u00e9flexions, l&rsquo;\u00e9volution de chacune&#8230; tout cela porte le r\u00e9cit. Dans ce livre, je me suis \u00e0 nouveau fait la r\u00e9flexion que le f\u00e9minisme est vraiment r\u00e9actionnel la plupart du temps. Sans remarques sexistes ou conditions patriarcales nous n&rsquo;en aurions pas besoin ! Bien s\u00fbr que cela nous pousse \u00e0 \u00eatre pro-actives, mais globalement c&rsquo;est contre nos proches, d\u00e9j\u00e0, que nous devons nous battre. Et c&rsquo;est \u00e9reintant. Il est o\u00f9 le patron ? Clairement, il n&rsquo;est pas dans notre safe-space. Par contre, les patronnes sont dans la place. J&rsquo;ai beaucoup aim\u00e9 ce r\u00e9cit fictif d&rsquo;un quotidien inspir\u00e9 de faits r\u00e9els en tous cas, et je le recommande !\u00a0<\/p>\t\t\t\t\t\t\t\t<\/div>\n\t\t\t\t<\/div>\n\t\t\t\t\t<\/div>\n\t\t<\/div>\n\t\t\t\t\t<\/div>\n\t\t<\/section>\n\t\t\t\t<\/div>\n\t\t","protected":false},"excerpt":{"rendered":"<p>Il est o\u00f9 le patron ? devant une maison alsacienne \u00e0 Wissembourg R\u00e9sum\u00e9 Un album \u00e9crit collectivement par cinq paysannes et une dessinatrice bas\u00e9 sur des faits r\u00e9els.Au fil d&rsquo;une saison agricole dans un petit &hellip; <\/p>\n","protected":false},"author":1,"featured_media":8360,"comment_status":"open","ping_status":"open","sticky":false,"template":"","format":"standard","meta":{"footnotes":""},"categories":[7,14,1],"tags":[80,79,2040,1700,1699,736,2039,2042,2041],"class_list":["post-8249","post","type-post","status-publish","format-standard","has-post-thumbnail","hentry","category-benevolat","category-l-ete","category-tout-le-blog","tag-bande-dessinee","tag-bd","tag-chroniques-de-paysannes","tag-collection-marabulles","tag-editions-marabout","tag-ete","tag-il-est-ou-le-patron","tag-les-paysannes-en-polaire","tag-maud-benezit","has-single-img"],"yoast_head":"<!-- This site is optimized with the Yoast SEO plugin v27.4 - https:\/\/yoast.com\/product\/yoast-seo-wordpress\/ -->\n<title>Il est o\u00f9 le patron ? de Maud B\u00e9n\u00e9zit - Sorbet Kiwi<\/title>\n<meta name=\"description\" content=\"Ma chronique de la BD Il est o\u00f9 le patron ? : Chroniques de paysannes de Maud B\u00e9n\u00e9zit et Les Paysannes en polaire chez Marabulles.\" \/>\n<meta name=\"robots\" content=\"index, follow, max-snippet:-1, max-image-preview:large, max-video-preview:-1\" \/>\n<link rel=\"canonical\" href=\"https:\/\/sorbetkiwi.fr\/index.php\/il-est-ou-le-patron-de-maud-benezit\/\" \/>\n<meta property=\"og:locale\" content=\"fr_FR\" \/>\n<meta property=\"og:type\" content=\"article\" \/>\n<meta property=\"og:title\" content=\"Il est o\u00f9 le patron ? de Maud B\u00e9n\u00e9zit - Sorbet Kiwi\" \/>\n<meta property=\"og:description\" content=\"Ma chronique de la BD Il est o\u00f9 le patron ? : Chroniques de paysannes de Maud B\u00e9n\u00e9zit et Les Paysannes en polaire chez Marabulles.\" \/>\n<meta property=\"og:url\" content=\"https:\/\/sorbetkiwi.fr\/index.php\/il-est-ou-le-patron-de-maud-benezit\/\" \/>\n<meta property=\"og:site_name\" content=\"Sorbet Kiwi\" \/>\n<meta property=\"article:publisher\" content=\"https:\/\/www.facebook.com\/profile.php?id=100086238893269\" \/>\n<meta property=\"article:published_time\" content=\"2025-08-12T05:00:00+00:00\" \/>\n<meta property=\"og:image\" content=\"https:\/\/sorbetkiwi.fr\/wp-content\/uploads\/2025\/07\/Il-est-ou-le-patron-Maud-Benezit-Les-paysannes-en-polaire.jpg\" \/>\n\t<meta property=\"og:image:width\" content=\"1440\" \/>\n\t<meta property=\"og:image:height\" content=\"1920\" \/>\n\t<meta property=\"og:image:type\" content=\"image\/jpeg\" \/>\n<meta name=\"author\" content=\"Sorbet-Kiwi\" \/>\n<meta name=\"twitter:card\" content=\"summary_large_image\" \/>\n<meta name=\"twitter:creator\" content=\"@pepparshoes\" \/>\n<meta name=\"twitter:site\" content=\"@pepparshoes\" \/>\n<meta name=\"twitter:label1\" content=\"\u00c9crit par\" \/>\n\t<meta name=\"twitter:data1\" content=\"Sorbet-Kiwi\" \/>\n\t<meta name=\"twitter:label2\" content=\"Dur\u00e9e de lecture estim\u00e9e\" \/>\n\t<meta name=\"twitter:data2\" content=\"3 minutes\" \/>\n<script type=\"application\/ld+json\" class=\"yoast-schema-graph\">{\"@context\":\"https:\\\/\\\/schema.org\",\"@graph\":[{\"@type\":\"Article\",\"@id\":\"https:\\\/\\\/sorbetkiwi.fr\\\/index.php\\\/il-est-ou-le-patron-de-maud-benezit\\\/#article\",\"isPartOf\":{\"@id\":\"https:\\\/\\\/sorbetkiwi.fr\\\/index.php\\\/il-est-ou-le-patron-de-maud-benezit\\\/\"},\"author\":{\"name\":\"Sorbet-Kiwi\",\"@id\":\"https:\\\/\\\/sorbetkiwi.fr\\\/#\\\/schema\\\/person\\\/ed1b7b527a2957ddc3bf38b076540659\"},\"headline\":\"Il est o\u00f9 le patron ? de Maud B\u00e9n\u00e9zit\",\"datePublished\":\"2025-08-12T05:00:00+00:00\",\"mainEntityOfPage\":{\"@id\":\"https:\\\/\\\/sorbetkiwi.fr\\\/index.php\\\/il-est-ou-le-patron-de-maud-benezit\\\/\"},\"wordCount\":552,\"commentCount\":0,\"publisher\":{\"@id\":\"https:\\\/\\\/sorbetkiwi.fr\\\/#organization\"},\"image\":{\"@id\":\"https:\\\/\\\/sorbetkiwi.fr\\\/index.php\\\/il-est-ou-le-patron-de-maud-benezit\\\/#primaryimage\"},\"thumbnailUrl\":\"https:\\\/\\\/sorbetkiwi.fr\\\/wp-content\\\/uploads\\\/2025\\\/07\\\/Il-est-ou-le-patron-Maud-Benezit-Les-paysannes-en-polaire.jpg\",\"keywords\":[\"Bande dessin\u00e9e\",\"BD\",\"Chroniques de paysannes\",\"collection Marabulles\",\"\u00e9ditions Marabout\",\"\u00e9t\u00e9\",\"Il est o\u00f9 le patron ?\",\"Les paysannes en polaire\",\"Maud B\u00e9n\u00e9zit\"],\"articleSection\":[\"B\u00e9n\u00e9volat\",\"L'\u00e9t\u00e9\",\"Tout le blog\"],\"inLanguage\":\"fr-FR\",\"potentialAction\":[{\"@type\":\"CommentAction\",\"name\":\"Comment\",\"target\":[\"https:\\\/\\\/sorbetkiwi.fr\\\/index.php\\\/il-est-ou-le-patron-de-maud-benezit\\\/#respond\"]}]},{\"@type\":\"WebPage\",\"@id\":\"https:\\\/\\\/sorbetkiwi.fr\\\/index.php\\\/il-est-ou-le-patron-de-maud-benezit\\\/\",\"url\":\"https:\\\/\\\/sorbetkiwi.fr\\\/index.php\\\/il-est-ou-le-patron-de-maud-benezit\\\/\",\"name\":\"Il est o\u00f9 le patron ? de Maud B\u00e9n\u00e9zit - Sorbet Kiwi\",\"isPartOf\":{\"@id\":\"https:\\\/\\\/sorbetkiwi.fr\\\/#website\"},\"primaryImageOfPage\":{\"@id\":\"https:\\\/\\\/sorbetkiwi.fr\\\/index.php\\\/il-est-ou-le-patron-de-maud-benezit\\\/#primaryimage\"},\"image\":{\"@id\":\"https:\\\/\\\/sorbetkiwi.fr\\\/index.php\\\/il-est-ou-le-patron-de-maud-benezit\\\/#primaryimage\"},\"thumbnailUrl\":\"https:\\\/\\\/sorbetkiwi.fr\\\/wp-content\\\/uploads\\\/2025\\\/07\\\/Il-est-ou-le-patron-Maud-Benezit-Les-paysannes-en-polaire.jpg\",\"datePublished\":\"2025-08-12T05:00:00+00:00\",\"description\":\"Ma chronique de la BD Il est o\u00f9 le patron ? : Chroniques de paysannes de Maud B\u00e9n\u00e9zit et Les Paysannes en polaire chez Marabulles.\",\"breadcrumb\":{\"@id\":\"https:\\\/\\\/sorbetkiwi.fr\\\/index.php\\\/il-est-ou-le-patron-de-maud-benezit\\\/#breadcrumb\"},\"inLanguage\":\"fr-FR\",\"potentialAction\":[{\"@type\":\"ReadAction\",\"target\":[\"https:\\\/\\\/sorbetkiwi.fr\\\/index.php\\\/il-est-ou-le-patron-de-maud-benezit\\\/\"]}]},{\"@type\":\"ImageObject\",\"inLanguage\":\"fr-FR\",\"@id\":\"https:\\\/\\\/sorbetkiwi.fr\\\/index.php\\\/il-est-ou-le-patron-de-maud-benezit\\\/#primaryimage\",\"url\":\"https:\\\/\\\/sorbetkiwi.fr\\\/wp-content\\\/uploads\\\/2025\\\/07\\\/Il-est-ou-le-patron-Maud-Benezit-Les-paysannes-en-polaire.jpg\",\"contentUrl\":\"https:\\\/\\\/sorbetkiwi.fr\\\/wp-content\\\/uploads\\\/2025\\\/07\\\/Il-est-ou-le-patron-Maud-Benezit-Les-paysannes-en-polaire.jpg\",\"width\":1440,\"height\":1920,\"caption\":\"Main tenant la BD Il est o\u00f9 le patron de Maud B\u00e9n\u00e9zit et Les paysannes en polaire devant une fen\u00eatre de maison alsacienne entour\u00e9e de raisins\"},{\"@type\":\"BreadcrumbList\",\"@id\":\"https:\\\/\\\/sorbetkiwi.fr\\\/index.php\\\/il-est-ou-le-patron-de-maud-benezit\\\/#breadcrumb\",\"itemListElement\":[{\"@type\":\"ListItem\",\"position\":1,\"name\":\"Accueil\",\"item\":\"https:\\\/\\\/sorbetkiwi.fr\\\/\"},{\"@type\":\"ListItem\",\"position\":2,\"name\":\"Il est o\u00f9 le patron ? de Maud B\u00e9n\u00e9zit\"}]},{\"@type\":\"WebSite\",\"@id\":\"https:\\\/\\\/sorbetkiwi.fr\\\/#website\",\"url\":\"https:\\\/\\\/sorbetkiwi.fr\\\/\",\"name\":\"Sorbet Kiwi\",\"description\":\"Des lectures th\u00e9matiques par saison et les avis qui vont avec\",\"publisher\":{\"@id\":\"https:\\\/\\\/sorbetkiwi.fr\\\/#organization\"},\"potentialAction\":[{\"@type\":\"SearchAction\",\"target\":{\"@type\":\"EntryPoint\",\"urlTemplate\":\"https:\\\/\\\/sorbetkiwi.fr\\\/?s={search_term_string}\"},\"query-input\":{\"@type\":\"PropertyValueSpecification\",\"valueRequired\":true,\"valueName\":\"search_term_string\"}}],\"inLanguage\":\"fr-FR\"},{\"@type\":\"Organization\",\"@id\":\"https:\\\/\\\/sorbetkiwi.fr\\\/#organization\",\"name\":\"Sorbet Kiwi\",\"url\":\"https:\\\/\\\/sorbetkiwi.fr\\\/\",\"logo\":{\"@type\":\"ImageObject\",\"inLanguage\":\"fr-FR\",\"@id\":\"https:\\\/\\\/sorbetkiwi.fr\\\/#\\\/schema\\\/logo\\\/image\\\/\",\"url\":\"https:\\\/\\\/sorbetkiwi.fr\\\/wp-content\\\/uploads\\\/2022\\\/10\\\/Banniere-Sorbet-Kiwi-2022.jpg\",\"contentUrl\":\"https:\\\/\\\/sorbetkiwi.fr\\\/wp-content\\\/uploads\\\/2022\\\/10\\\/Banniere-Sorbet-Kiwi-2022.jpg\",\"width\":814,\"height\":401,\"caption\":\"Sorbet Kiwi\"},\"image\":{\"@id\":\"https:\\\/\\\/sorbetkiwi.fr\\\/#\\\/schema\\\/logo\\\/image\\\/\"},\"sameAs\":[\"https:\\\/\\\/www.facebook.com\\\/profile.php?id=100086238893269\",\"https:\\\/\\\/x.com\\\/pepparshoes\",\"https:\\\/\\\/www.instagram.com\\\/sorbetkiwi\\\/\",\"https:\\\/\\\/www.tiktok.com\\\/sorbetkiwi\"]},{\"@type\":\"Person\",\"@id\":\"https:\\\/\\\/sorbetkiwi.fr\\\/#\\\/schema\\\/person\\\/ed1b7b527a2957ddc3bf38b076540659\",\"name\":\"Sorbet-Kiwi\",\"image\":{\"@type\":\"ImageObject\",\"inLanguage\":\"fr-FR\",\"@id\":\"https:\\\/\\\/secure.gravatar.com\\\/avatar\\\/86f0a5c27d76317621b9e374d0f3a01d3a85278f10d0c7207ced4fd773057442?s=96&d=mm&r=g\",\"url\":\"https:\\\/\\\/secure.gravatar.com\\\/avatar\\\/86f0a5c27d76317621b9e374d0f3a01d3a85278f10d0c7207ced4fd773057442?s=96&d=mm&r=g\",\"contentUrl\":\"https:\\\/\\\/secure.gravatar.com\\\/avatar\\\/86f0a5c27d76317621b9e374d0f3a01d3a85278f10d0c7207ced4fd773057442?s=96&d=mm&r=g\",\"caption\":\"Sorbet-Kiwi\"},\"sameAs\":[\"http:\\\/\\\/sorbetkiwi.fr\"],\"url\":\"https:\\\/\\\/sorbetkiwi.fr\\\/index.php\\\/author\\\/admin7717\\\/\"}]}<\/script>\n<!-- \/ Yoast SEO plugin. -->","yoast_head_json":{"title":"Il est o\u00f9 le patron ? de Maud B\u00e9n\u00e9zit - Sorbet Kiwi","description":"Ma chronique de la BD Il est o\u00f9 le patron ? : Chroniques de paysannes de Maud B\u00e9n\u00e9zit et Les Paysannes en polaire chez Marabulles.","robots":{"index":"index","follow":"follow","max-snippet":"max-snippet:-1","max-image-preview":"max-image-preview:large","max-video-preview":"max-video-preview:-1"},"canonical":"https:\/\/sorbetkiwi.fr\/index.php\/il-est-ou-le-patron-de-maud-benezit\/","og_locale":"fr_FR","og_type":"article","og_title":"Il est o\u00f9 le patron ? de Maud B\u00e9n\u00e9zit - Sorbet Kiwi","og_description":"Ma chronique de la BD Il est o\u00f9 le patron ? : Chroniques de paysannes de Maud B\u00e9n\u00e9zit et Les Paysannes en polaire chez Marabulles.","og_url":"https:\/\/sorbetkiwi.fr\/index.php\/il-est-ou-le-patron-de-maud-benezit\/","og_site_name":"Sorbet Kiwi","article_publisher":"https:\/\/www.facebook.com\/profile.php?id=100086238893269","article_published_time":"2025-08-12T05:00:00+00:00","og_image":[{"width":1440,"height":1920,"url":"https:\/\/sorbetkiwi.fr\/wp-content\/uploads\/2025\/07\/Il-est-ou-le-patron-Maud-Benezit-Les-paysannes-en-polaire.jpg","type":"image\/jpeg"}],"author":"Sorbet-Kiwi","twitter_card":"summary_large_image","twitter_creator":"@pepparshoes","twitter_site":"@pepparshoes","twitter_misc":{"\u00c9crit par":"Sorbet-Kiwi","Dur\u00e9e de lecture estim\u00e9e":"3 minutes"},"schema":{"@context":"https:\/\/schema.org","@graph":[{"@type":"Article","@id":"https:\/\/sorbetkiwi.fr\/index.php\/il-est-ou-le-patron-de-maud-benezit\/#article","isPartOf":{"@id":"https:\/\/sorbetkiwi.fr\/index.php\/il-est-ou-le-patron-de-maud-benezit\/"},"author":{"name":"Sorbet-Kiwi","@id":"https:\/\/sorbetkiwi.fr\/#\/schema\/person\/ed1b7b527a2957ddc3bf38b076540659"},"headline":"Il est o\u00f9 le patron ? de Maud B\u00e9n\u00e9zit","datePublished":"2025-08-12T05:00:00+00:00","mainEntityOfPage":{"@id":"https:\/\/sorbetkiwi.fr\/index.php\/il-est-ou-le-patron-de-maud-benezit\/"},"wordCount":552,"commentCount":0,"publisher":{"@id":"https:\/\/sorbetkiwi.fr\/#organization"},"image":{"@id":"https:\/\/sorbetkiwi.fr\/index.php\/il-est-ou-le-patron-de-maud-benezit\/#primaryimage"},"thumbnailUrl":"https:\/\/sorbetkiwi.fr\/wp-content\/uploads\/2025\/07\/Il-est-ou-le-patron-Maud-Benezit-Les-paysannes-en-polaire.jpg","keywords":["Bande dessin\u00e9e","BD","Chroniques de paysannes","collection Marabulles","\u00e9ditions Marabout","\u00e9t\u00e9","Il est o\u00f9 le patron ?","Les paysannes en polaire","Maud B\u00e9n\u00e9zit"],"articleSection":["B\u00e9n\u00e9volat","L'\u00e9t\u00e9","Tout le blog"],"inLanguage":"fr-FR","potentialAction":[{"@type":"CommentAction","name":"Comment","target":["https:\/\/sorbetkiwi.fr\/index.php\/il-est-ou-le-patron-de-maud-benezit\/#respond"]}]},{"@type":"WebPage","@id":"https:\/\/sorbetkiwi.fr\/index.php\/il-est-ou-le-patron-de-maud-benezit\/","url":"https:\/\/sorbetkiwi.fr\/index.php\/il-est-ou-le-patron-de-maud-benezit\/","name":"Il est o\u00f9 le patron ? de Maud B\u00e9n\u00e9zit - Sorbet Kiwi","isPartOf":{"@id":"https:\/\/sorbetkiwi.fr\/#website"},"primaryImageOfPage":{"@id":"https:\/\/sorbetkiwi.fr\/index.php\/il-est-ou-le-patron-de-maud-benezit\/#primaryimage"},"image":{"@id":"https:\/\/sorbetkiwi.fr\/index.php\/il-est-ou-le-patron-de-maud-benezit\/#primaryimage"},"thumbnailUrl":"https:\/\/sorbetkiwi.fr\/wp-content\/uploads\/2025\/07\/Il-est-ou-le-patron-Maud-Benezit-Les-paysannes-en-polaire.jpg","datePublished":"2025-08-12T05:00:00+00:00","description":"Ma chronique de la BD Il est o\u00f9 le patron ? : Chroniques de paysannes de Maud B\u00e9n\u00e9zit et Les Paysannes en polaire chez Marabulles.","breadcrumb":{"@id":"https:\/\/sorbetkiwi.fr\/index.php\/il-est-ou-le-patron-de-maud-benezit\/#breadcrumb"},"inLanguage":"fr-FR","potentialAction":[{"@type":"ReadAction","target":["https:\/\/sorbetkiwi.fr\/index.php\/il-est-ou-le-patron-de-maud-benezit\/"]}]},{"@type":"ImageObject","inLanguage":"fr-FR","@id":"https:\/\/sorbetkiwi.fr\/index.php\/il-est-ou-le-patron-de-maud-benezit\/#primaryimage","url":"https:\/\/sorbetkiwi.fr\/wp-content\/uploads\/2025\/07\/Il-est-ou-le-patron-Maud-Benezit-Les-paysannes-en-polaire.jpg","contentUrl":"https:\/\/sorbetkiwi.fr\/wp-content\/uploads\/2025\/07\/Il-est-ou-le-patron-Maud-Benezit-Les-paysannes-en-polaire.jpg","width":1440,"height":1920,"caption":"Main tenant la BD Il est o\u00f9 le patron de Maud B\u00e9n\u00e9zit et Les paysannes en polaire devant une fen\u00eatre de maison alsacienne entour\u00e9e de raisins"},{"@type":"BreadcrumbList","@id":"https:\/\/sorbetkiwi.fr\/index.php\/il-est-ou-le-patron-de-maud-benezit\/#breadcrumb","itemListElement":[{"@type":"ListItem","position":1,"name":"Accueil","item":"https:\/\/sorbetkiwi.fr\/"},{"@type":"ListItem","position":2,"name":"Il est o\u00f9 le patron ? de Maud B\u00e9n\u00e9zit"}]},{"@type":"WebSite","@id":"https:\/\/sorbetkiwi.fr\/#website","url":"https:\/\/sorbetkiwi.fr\/","name":"Sorbet Kiwi","description":"Des lectures th\u00e9matiques par saison et les avis qui vont avec","publisher":{"@id":"https:\/\/sorbetkiwi.fr\/#organization"},"potentialAction":[{"@type":"SearchAction","target":{"@type":"EntryPoint","urlTemplate":"https:\/\/sorbetkiwi.fr\/?s={search_term_string}"},"query-input":{"@type":"PropertyValueSpecification","valueRequired":true,"valueName":"search_term_string"}}],"inLanguage":"fr-FR"},{"@type":"Organization","@id":"https:\/\/sorbetkiwi.fr\/#organization","name":"Sorbet Kiwi","url":"https:\/\/sorbetkiwi.fr\/","logo":{"@type":"ImageObject","inLanguage":"fr-FR","@id":"https:\/\/sorbetkiwi.fr\/#\/schema\/logo\/image\/","url":"https:\/\/sorbetkiwi.fr\/wp-content\/uploads\/2022\/10\/Banniere-Sorbet-Kiwi-2022.jpg","contentUrl":"https:\/\/sorbetkiwi.fr\/wp-content\/uploads\/2022\/10\/Banniere-Sorbet-Kiwi-2022.jpg","width":814,"height":401,"caption":"Sorbet Kiwi"},"image":{"@id":"https:\/\/sorbetkiwi.fr\/#\/schema\/logo\/image\/"},"sameAs":["https:\/\/www.facebook.com\/profile.php?id=100086238893269","https:\/\/x.com\/pepparshoes","https:\/\/www.instagram.com\/sorbetkiwi\/","https:\/\/www.tiktok.com\/sorbetkiwi"]},{"@type":"Person","@id":"https:\/\/sorbetkiwi.fr\/#\/schema\/person\/ed1b7b527a2957ddc3bf38b076540659","name":"Sorbet-Kiwi","image":{"@type":"ImageObject","inLanguage":"fr-FR","@id":"https:\/\/secure.gravatar.com\/avatar\/86f0a5c27d76317621b9e374d0f3a01d3a85278f10d0c7207ced4fd773057442?s=96&d=mm&r=g","url":"https:\/\/secure.gravatar.com\/avatar\/86f0a5c27d76317621b9e374d0f3a01d3a85278f10d0c7207ced4fd773057442?s=96&d=mm&r=g","contentUrl":"https:\/\/secure.gravatar.com\/avatar\/86f0a5c27d76317621b9e374d0f3a01d3a85278f10d0c7207ced4fd773057442?s=96&d=mm&r=g","caption":"Sorbet-Kiwi"},"sameAs":["http:\/\/sorbetkiwi.fr"],"url":"https:\/\/sorbetkiwi.fr\/index.php\/author\/admin7717\/"}]}},"_links":{"self":[{"href":"https:\/\/sorbetkiwi.fr\/index.php\/wp-json\/wp\/v2\/posts\/8249","targetHints":{"allow":["GET"]}}],"collection":[{"href":"https:\/\/sorbetkiwi.fr\/index.php\/wp-json\/wp\/v2\/posts"}],"about":[{"href":"https:\/\/sorbetkiwi.fr\/index.php\/wp-json\/wp\/v2\/types\/post"}],"author":[{"embeddable":true,"href":"https:\/\/sorbetkiwi.fr\/index.php\/wp-json\/wp\/v2\/users\/1"}],"replies":[{"embeddable":true,"href":"https:\/\/sorbetkiwi.fr\/index.php\/wp-json\/wp\/v2\/comments?post=8249"}],"version-history":[{"count":10,"href":"https:\/\/sorbetkiwi.fr\/index.php\/wp-json\/wp\/v2\/posts\/8249\/revisions"}],"predecessor-version":[{"id":8363,"href":"https:\/\/sorbetkiwi.fr\/index.php\/wp-json\/wp\/v2\/posts\/8249\/revisions\/8363"}],"wp:featuredmedia":[{"embeddable":true,"href":"https:\/\/sorbetkiwi.fr\/index.php\/wp-json\/wp\/v2\/media\/8360"}],"wp:attachment":[{"href":"https:\/\/sorbetkiwi.fr\/index.php\/wp-json\/wp\/v2\/media?parent=8249"}],"wp:term":[{"taxonomy":"category","embeddable":true,"href":"https:\/\/sorbetkiwi.fr\/index.php\/wp-json\/wp\/v2\/categories?post=8249"},{"taxonomy":"post_tag","embeddable":true,"href":"https:\/\/sorbetkiwi.fr\/index.php\/wp-json\/wp\/v2\/tags?post=8249"}],"curies":[{"name":"wp","href":"https:\/\/api.w.org\/{rel}","templated":true}]}}