{"id":8240,"date":"2025-08-16T07:00:00","date_gmt":"2025-08-16T05:00:00","guid":{"rendered":"https:\/\/sorbetkiwi.fr\/?p=8240"},"modified":"2025-08-11T10:46:43","modified_gmt":"2025-08-11T08:46:43","slug":"classe-de-mer-de-taieb-et-eyquem","status":"publish","type":"post","link":"https:\/\/sorbetkiwi.fr\/index.php\/classe-de-mer-de-taieb-et-eyquem\/","title":{"rendered":"Classe de mer de Ta\u00efeb et Eyquem"},"content":{"rendered":"\t\t<div data-elementor-type=\"wp-post\" data-elementor-id=\"8240\" class=\"elementor elementor-8240\">\n\t\t\t\t\t\t<section class=\"elementor-section elementor-top-section elementor-element elementor-element-51dd33f7 elementor-section-boxed elementor-section-height-default elementor-section-height-default\" data-id=\"51dd33f7\" data-element_type=\"section\" data-e-type=\"section\">\n\t\t\t\t\t\t<div class=\"elementor-container elementor-column-gap-default\">\n\t\t\t\t\t<div class=\"elementor-column elementor-col-100 elementor-top-column elementor-element elementor-element-16f19834\" data-id=\"16f19834\" data-element_type=\"column\" data-e-type=\"column\">\n\t\t\t<div class=\"elementor-widget-wrap elementor-element-populated\">\n\t\t\t\t\t\t<div class=\"elementor-element elementor-element-603a516 elementor-widget elementor-widget-heading\" data-id=\"603a516\" data-element_type=\"widget\" data-e-type=\"widget\" data-widget_type=\"heading.default\">\n\t\t\t\t<div class=\"elementor-widget-container\">\n\t\t\t\t\t<h1 class=\"elementor-heading-title elementor-size-medium\">Classe de mer<\/h1>\t\t\t\t<\/div>\n\t\t\t\t<\/div>\n\t\t\t\t<div class=\"elementor-element elementor-element-3405ae2b elementor-view-default elementor-widget elementor-widget-icon\" data-id=\"3405ae2b\" data-element_type=\"widget\" data-e-type=\"widget\" data-widget_type=\"icon.default\">\n\t\t\t\t<div class=\"elementor-widget-container\">\n\t\t\t\t\t\t\t<div class=\"elementor-icon-wrapper\">\n\t\t\t<div class=\"elementor-icon\">\n\t\t\t<i aria-hidden=\"true\" class=\"fas fa-cocktail\"><\/i>\t\t\t<\/div>\n\t\t<\/div>\n\t\t\t\t\t\t<\/div>\n\t\t\t\t<\/div>\n\t\t\t\t<div class=\"elementor-element elementor-element-6d9cc9ba elementor-widget-divider--view-line elementor-widget elementor-widget-divider\" data-id=\"6d9cc9ba\" data-element_type=\"widget\" data-e-type=\"widget\" data-widget_type=\"divider.default\">\n\t\t\t\t<div class=\"elementor-widget-container\">\n\t\t\t\t\t\t\t<div class=\"elementor-divider\">\n\t\t\t<span class=\"elementor-divider-separator\">\n\t\t\t\t\t\t<\/span>\n\t\t<\/div>\n\t\t\t\t\t\t<\/div>\n\t\t\t\t<\/div>\n\t\t\t\t<div class=\"elementor-element elementor-element-6c37faa8 elementor-widget elementor-widget-heading\" data-id=\"6c37faa8\" data-element_type=\"widget\" data-e-type=\"widget\" data-widget_type=\"heading.default\">\n\t\t\t\t<div class=\"elementor-widget-container\">\n\t\t\t\t\t<h2 class=\"elementor-heading-title elementor-size-medium\">R\u00e9sum\u00e9<\/h2>\t\t\t\t<\/div>\n\t\t\t\t<\/div>\n\t\t\t\t<div class=\"elementor-element elementor-element-6d636513 elementor-widget elementor-widget-text-editor\" data-id=\"6d636513\" data-element_type=\"widget\" data-e-type=\"widget\" data-widget_type=\"text-editor.default\">\n\t\t\t\t<div class=\"elementor-widget-container\">\n\t\t\t\t\t\t\t\t\t<p>C&rsquo;est parti pour trois semaines de classe de mer, des mois que la ma\u00eetresse en parle, nous sommes tous tr\u00e8s excit\u00e9s ! Mais comment mes meilleurs amis &#8211; p\u00eachant des moules avec des bottes en caoutchouc, pataugeant dans la vase dans leur gestuelle un peu ridicule, pleurant au moindre bobo &#8211; peuvent-ils, comme dans les contes, se m\u00e9tamorphoser la nuit&#8230;?<\/p>\t\t\t\t\t\t\t\t<\/div>\n\t\t\t\t<\/div>\n\t\t\t\t<div class=\"elementor-element elementor-element-6587fbe0 elementor-widget-divider--view-line elementor-widget elementor-widget-divider\" data-id=\"6587fbe0\" data-element_type=\"widget\" data-e-type=\"widget\" data-widget_type=\"divider.default\">\n\t\t\t\t<div class=\"elementor-widget-container\">\n\t\t\t\t\t\t\t<div class=\"elementor-divider\">\n\t\t\t<span class=\"elementor-divider-separator\">\n\t\t\t\t\t\t<\/span>\n\t\t<\/div>\n\t\t\t\t\t\t<\/div>\n\t\t\t\t<\/div>\n\t\t\t\t<div class=\"elementor-element elementor-element-5b123e45 elementor-widget elementor-widget-heading\" data-id=\"5b123e45\" data-element_type=\"widget\" data-e-type=\"widget\" data-widget_type=\"heading.default\">\n\t\t\t\t<div class=\"elementor-widget-container\">\n\t\t\t\t\t<h2 class=\"elementor-heading-title elementor-size-medium\">Un probl\u00e8me \u00e9ditorial de taille<\/h2>\t\t\t\t<\/div>\n\t\t\t\t<\/div>\n\t\t\t\t<div class=\"elementor-element elementor-element-63eb8435 elementor-widget elementor-widget-text-editor\" data-id=\"63eb8435\" data-element_type=\"widget\" data-e-type=\"widget\" data-widget_type=\"text-editor.default\">\n\t\t\t\t<div class=\"elementor-widget-container\">\n\t\t\t\t\t\t\t\t\t<p>C&rsquo;est en papillonnant \u00e0 la <a href=\"https:\/\/sorbetkiwi.fr\/index.php\/category\/benevolat\/\">m\u00e9diath\u00e8que<\/a> que je suis tomb\u00e9e sur Classe de mer. C&rsquo;est l&rsquo;\u00e9t\u00e9, le r\u00e9sum\u00e9 m&rsquo;a intrigu\u00e9 et je ne savais absolument rien de ce titre. Il y a tout de m\u00eame quelques trigger warning a prendre en compte, et je trouve qu&rsquo;ils auraient du \u00eatre sur la quatri\u00e8me de couverture. Car cette BD n&rsquo;est pas pour les gens sensibles. Et je ne parle m\u00eame pas d&rsquo;hypersensibles. C&rsquo;\u00e9tait un peu un choc pour moi, parce que je n&rsquo;avais pas du tout pu me pr\u00e9parer au contenu.<\/p><p>Parce qu&rsquo;en soi, je n&rsquo;ai aucun soucis \u00e0 lire des histoires sur le harc\u00e8lement. Sur la violence entre enfants. Mais il faut que je puisse m&rsquo;y pr\u00e9parer, pour me confronter \u00e0 la r\u00e9alit\u00e9. Comme il est si bien expliqu\u00e9 \u00e0 la fin de l&rsquo;ouvrage, 1 enfant sur 10 en \u00e9cole \u00e9l\u00e9mentaire se fait harceler. Il pourrait \u00eatre judicieux de ne pas replonger les victimes dedans \u00e0 leur insu.\u00a0<\/p>\t\t\t\t\t\t\t\t<\/div>\n\t\t\t\t<\/div>\n\t\t\t\t<div class=\"elementor-element elementor-element-124d651f elementor-widget-divider--view-line elementor-widget elementor-widget-divider\" data-id=\"124d651f\" data-element_type=\"widget\" data-e-type=\"widget\" data-widget_type=\"divider.default\">\n\t\t\t\t<div class=\"elementor-widget-container\">\n\t\t\t\t\t\t\t<div class=\"elementor-divider\">\n\t\t\t<span class=\"elementor-divider-separator\">\n\t\t\t\t\t\t<\/span>\n\t\t<\/div>\n\t\t\t\t\t\t<\/div>\n\t\t\t\t<\/div>\n\t\t\t\t<div class=\"elementor-element elementor-element-6df15d8e elementor-widget elementor-widget-heading\" data-id=\"6df15d8e\" data-element_type=\"widget\" data-e-type=\"widget\" data-widget_type=\"heading.default\">\n\t\t\t\t<div class=\"elementor-widget-container\">\n\t\t\t\t\t<h4 class=\"elementor-heading-title elementor-size-medium\">\"Eux s'installent plus loin, ils pr\u00e9parent leur plan. Ensemble, ce ne sont plus des enfants.\"<\/h4>\t\t\t\t<\/div>\n\t\t\t\t<\/div>\n\t\t\t\t<div class=\"elementor-element elementor-element-5a735f18 elementor-widget-divider--view-line elementor-widget elementor-widget-divider\" data-id=\"5a735f18\" data-element_type=\"widget\" data-e-type=\"widget\" data-widget_type=\"divider.default\">\n\t\t\t\t<div class=\"elementor-widget-container\">\n\t\t\t\t\t\t\t<div class=\"elementor-divider\">\n\t\t\t<span class=\"elementor-divider-separator\">\n\t\t\t\t\t\t<\/span>\n\t\t<\/div>\n\t\t\t\t\t\t<\/div>\n\t\t\t\t<\/div>\n\t\t\t\t<div class=\"elementor-element elementor-element-1273b770 elementor-widget elementor-widget-heading\" data-id=\"1273b770\" data-element_type=\"widget\" data-e-type=\"widget\" data-widget_type=\"heading.default\">\n\t\t\t\t<div class=\"elementor-widget-container\">\n\t\t\t\t\t<h2 class=\"elementor-heading-title elementor-size-medium\">Pourtant tr\u00e8s juste et n\u00e9cessaire<\/h2>\t\t\t\t<\/div>\n\t\t\t\t<\/div>\n\t\t\t\t<div class=\"elementor-element elementor-element-6d87c3f6 elementor-widget elementor-widget-text-editor\" data-id=\"6d87c3f6\" data-element_type=\"widget\" data-e-type=\"widget\" data-widget_type=\"text-editor.default\">\n\t\t\t\t<div class=\"elementor-widget-container\">\n\t\t\t\t\t\t\t\t\t<p>Donc oui, Classe de mer est un carnet. Celui de l&rsquo;auteur, qui d\u00e9verse sa r\u00e9alit\u00e9. Celle qui a \u00e9t\u00e9 impos\u00e9e avec violence, pour \u00eatre ignor\u00e9e, celle qu&rsquo;il a tue pour toutes les raisons que nous connaissons. L&rsquo;auteur ext\u00e9riorise ce qu&rsquo;il a v\u00e9cu \u00e0 l&rsquo;\u00e9poque et l\u00e9gitime aussi la col\u00e8re des victimes \u00e0 l&rsquo;\u00e2ge adulte. Honn\u00eatement, si le sujet \u00e9tait clair, je n&rsquo;aurai pas \u00e9t\u00e9 aussi s\u00e9v\u00e8re. Parce que c&rsquo;est essentiel de laisser aux victimes la place pour leur douleur et la possibilit\u00e9 de l&rsquo;exprimer, et de se faire entendre. De partager avec d&rsquo;autres. Il y a aussi tout ce cheminement \u00e0 l&rsquo;\u00e2ge adulte, avec la col\u00e8re sur les non-cons\u00e9quences sur les vies de nos bourreaux. Je l&rsquo;ai trouv\u00e9 tr\u00e8s juste. Simplement trop violent dans son approche de vente.<\/p>\t\t\t\t\t\t\t\t<\/div>\n\t\t\t\t<\/div>\n\t\t\t\t<div class=\"elementor-element elementor-element-682b5085 elementor-widget-divider--view-line elementor-widget elementor-widget-divider\" data-id=\"682b5085\" data-element_type=\"widget\" data-e-type=\"widget\" data-widget_type=\"divider.default\">\n\t\t\t\t<div class=\"elementor-widget-container\">\n\t\t\t\t\t\t\t<div class=\"elementor-divider\">\n\t\t\t<span class=\"elementor-divider-separator\">\n\t\t\t\t\t\t<\/span>\n\t\t<\/div>\n\t\t\t\t\t\t<\/div>\n\t\t\t\t<\/div>\n\t\t\t\t<div class=\"elementor-element elementor-element-2c750ff5 elementor-widget elementor-widget-heading\" data-id=\"2c750ff5\" data-element_type=\"widget\" data-e-type=\"widget\" data-widget_type=\"heading.default\">\n\t\t\t\t<div class=\"elementor-widget-container\">\n\t\t\t\t\t<h2 class=\"elementor-heading-title elementor-size-medium\">Des illustrations efficaces mais peu violentes<\/h2>\t\t\t\t<\/div>\n\t\t\t\t<\/div>\n\t\t\t\t<div class=\"elementor-element elementor-element-10763b68 elementor-widget elementor-widget-text-editor\" data-id=\"10763b68\" data-element_type=\"widget\" data-e-type=\"widget\" data-widget_type=\"text-editor.default\">\n\t\t\t\t<div class=\"elementor-widget-container\">\n\t\t\t\t\t\t\t\t\t<p>Pourtant, graphiquement, rien n&rsquo;est vraiment montr\u00e9. Des h\u00e9matomes, d&rsquo;un bleu clair, sur une image, mais autrement tout est dans le texte. Dans la violence de la douleur cach\u00e9e. Je dois dire que j&rsquo;ai \u00e9t\u00e9 fan des illustrations de <a href=\"https:\/\/marie-eyquem.wixsite.com\/illustration\">Marie Eyquem<\/a>. J&rsquo;ai l&rsquo;impression que les dessins sont au crayon graphite, avec des touches \u00e9parses de couleurs en aquarelle sur certains endroits. C&rsquo;est quelque chose que j&rsquo;ai appr\u00e9ci\u00e9 ici, car ces touches de peinture apportent une forme de douceur a un texte violent. Les deux se compl\u00e8tent donc tr\u00e8s bien. Je suis donc un peu frustr\u00e9e car je n&rsquo;ai aucun doute que dans les bonnes conditions, avec les bonnes informations, j&rsquo;aurai vraiment pu appr\u00e9cier ce texte.\u00a0<\/p>\t\t\t\t\t\t\t\t<\/div>\n\t\t\t\t<\/div>\n\t\t\t\t\t<\/div>\n\t\t<\/div>\n\t\t\t\t\t<\/div>\n\t\t<\/section>\n\t\t\t\t<\/div>\n\t\t","protected":false},"excerpt":{"rendered":"<p>Classe de mer R\u00e9sum\u00e9 C&rsquo;est parti pour trois semaines de classe de mer, des mois que la ma\u00eetresse en parle, nous sommes tous tr\u00e8s excit\u00e9s ! Mais comment mes meilleurs amis &#8211; p\u00eachant des moules &hellip; <\/p>\n","protected":false},"author":1,"featured_media":8245,"comment_status":"open","ping_status":"open","sticky":false,"template":"","format":"standard","meta":{"footnotes":""},"categories":[7,14,1],"tags":[80,79,2033,2034,2038,2036,736,2037,2035],"class_list":["post-8240","post","type-post","status-publish","format-standard","has-post-thumbnail","hentry","category-benevolat","category-l-ete","category-tout-le-blog","tag-bande-dessinee","tag-bd","tag-benjamin-taieb","tag-classe-de-mer","tag-collection-paquerettes","tag-editions-les-enfants-rouges","tag-ete","tag-les-enfants-rouges","tag-marie-eyquem","has-single-img"],"yoast_head":"<!-- This site is optimized with the Yoast SEO plugin v27.4 - https:\/\/yoast.com\/product\/yoast-seo-wordpress\/ -->\n<title>Classe de mer de Ta\u00efeb et Eyquem - Sorbet Kiwi<\/title>\n<meta name=\"description\" content=\"Ma chronique de la BD Classe de mer de Benjamin Ta\u00efeb et Marie Eyquem aux \u00e9ditions Les enfants rouges, collection P\u00e2querettes.\" \/>\n<meta name=\"robots\" content=\"index, follow, max-snippet:-1, max-image-preview:large, max-video-preview:-1\" \/>\n<link rel=\"canonical\" href=\"https:\/\/sorbetkiwi.fr\/index.php\/classe-de-mer-de-taieb-et-eyquem\/\" \/>\n<meta property=\"og:locale\" content=\"fr_FR\" \/>\n<meta property=\"og:type\" content=\"article\" \/>\n<meta property=\"og:title\" content=\"Classe de mer de Ta\u00efeb et Eyquem - Sorbet Kiwi\" \/>\n<meta property=\"og:description\" content=\"Ma chronique de la BD Classe de mer de Benjamin Ta\u00efeb et Marie Eyquem aux \u00e9ditions Les enfants rouges, collection P\u00e2querettes.\" \/>\n<meta property=\"og:url\" content=\"https:\/\/sorbetkiwi.fr\/index.php\/classe-de-mer-de-taieb-et-eyquem\/\" \/>\n<meta property=\"og:site_name\" content=\"Sorbet Kiwi\" \/>\n<meta property=\"article:publisher\" content=\"https:\/\/www.facebook.com\/profile.php?id=100086238893269\" \/>\n<meta property=\"article:published_time\" content=\"2025-08-16T05:00:00+00:00\" \/>\n<meta property=\"og:image\" content=\"https:\/\/sorbetkiwi.fr\/wp-content\/uploads\/2025\/07\/Classe-de-mer-de-Taieb-et-Eyquem-768x1024.jpeg\" \/>\n\t<meta property=\"og:image:width\" content=\"768\" \/>\n\t<meta property=\"og:image:height\" content=\"1024\" \/>\n\t<meta property=\"og:image:type\" content=\"image\/jpeg\" \/>\n<meta name=\"author\" content=\"Sorbet-Kiwi\" \/>\n<meta name=\"twitter:card\" content=\"summary_large_image\" \/>\n<meta name=\"twitter:creator\" content=\"@pepparshoes\" \/>\n<meta name=\"twitter:site\" content=\"@pepparshoes\" \/>\n<meta name=\"twitter:label1\" content=\"\u00c9crit par\" \/>\n\t<meta name=\"twitter:data1\" content=\"Sorbet-Kiwi\" \/>\n\t<meta name=\"twitter:label2\" content=\"Dur\u00e9e de lecture estim\u00e9e\" \/>\n\t<meta name=\"twitter:data2\" content=\"3 minutes\" \/>\n<script type=\"application\/ld+json\" class=\"yoast-schema-graph\">{\"@context\":\"https:\\\/\\\/schema.org\",\"@graph\":[{\"@type\":\"Article\",\"@id\":\"https:\\\/\\\/sorbetkiwi.fr\\\/index.php\\\/classe-de-mer-de-taieb-et-eyquem\\\/#article\",\"isPartOf\":{\"@id\":\"https:\\\/\\\/sorbetkiwi.fr\\\/index.php\\\/classe-de-mer-de-taieb-et-eyquem\\\/\"},\"author\":{\"name\":\"Sorbet-Kiwi\",\"@id\":\"https:\\\/\\\/sorbetkiwi.fr\\\/#\\\/schema\\\/person\\\/ed1b7b527a2957ddc3bf38b076540659\"},\"headline\":\"Classe de mer de Ta\u00efeb et Eyquem\",\"datePublished\":\"2025-08-16T05:00:00+00:00\",\"mainEntityOfPage\":{\"@id\":\"https:\\\/\\\/sorbetkiwi.fr\\\/index.php\\\/classe-de-mer-de-taieb-et-eyquem\\\/\"},\"wordCount\":570,\"commentCount\":0,\"publisher\":{\"@id\":\"https:\\\/\\\/sorbetkiwi.fr\\\/#organization\"},\"image\":{\"@id\":\"https:\\\/\\\/sorbetkiwi.fr\\\/index.php\\\/classe-de-mer-de-taieb-et-eyquem\\\/#primaryimage\"},\"thumbnailUrl\":\"https:\\\/\\\/sorbetkiwi.fr\\\/wp-content\\\/uploads\\\/2025\\\/07\\\/Classe-de-mer-de-Taieb-et-Eyquem.jpeg\",\"keywords\":[\"Bande dessin\u00e9e\",\"BD\",\"Benjamin Ta\u00efeb\",\"Classe de mer\",\"collection P\u00e2querettes\",\"\u00e9ditions Les enfants rouges\",\"\u00e9t\u00e9\",\"Les enfants rouges\",\"Marie Eyquem\"],\"articleSection\":[\"B\u00e9n\u00e9volat\",\"L'\u00e9t\u00e9\",\"Tout le blog\"],\"inLanguage\":\"fr-FR\",\"potentialAction\":[{\"@type\":\"CommentAction\",\"name\":\"Comment\",\"target\":[\"https:\\\/\\\/sorbetkiwi.fr\\\/index.php\\\/classe-de-mer-de-taieb-et-eyquem\\\/#respond\"]}]},{\"@type\":\"WebPage\",\"@id\":\"https:\\\/\\\/sorbetkiwi.fr\\\/index.php\\\/classe-de-mer-de-taieb-et-eyquem\\\/\",\"url\":\"https:\\\/\\\/sorbetkiwi.fr\\\/index.php\\\/classe-de-mer-de-taieb-et-eyquem\\\/\",\"name\":\"Classe de mer de Ta\u00efeb et Eyquem - Sorbet Kiwi\",\"isPartOf\":{\"@id\":\"https:\\\/\\\/sorbetkiwi.fr\\\/#website\"},\"primaryImageOfPage\":{\"@id\":\"https:\\\/\\\/sorbetkiwi.fr\\\/index.php\\\/classe-de-mer-de-taieb-et-eyquem\\\/#primaryimage\"},\"image\":{\"@id\":\"https:\\\/\\\/sorbetkiwi.fr\\\/index.php\\\/classe-de-mer-de-taieb-et-eyquem\\\/#primaryimage\"},\"thumbnailUrl\":\"https:\\\/\\\/sorbetkiwi.fr\\\/wp-content\\\/uploads\\\/2025\\\/07\\\/Classe-de-mer-de-Taieb-et-Eyquem.jpeg\",\"datePublished\":\"2025-08-16T05:00:00+00:00\",\"description\":\"Ma chronique de la BD Classe de mer de Benjamin Ta\u00efeb et Marie Eyquem aux \u00e9ditions Les enfants rouges, collection P\u00e2querettes.\",\"breadcrumb\":{\"@id\":\"https:\\\/\\\/sorbetkiwi.fr\\\/index.php\\\/classe-de-mer-de-taieb-et-eyquem\\\/#breadcrumb\"},\"inLanguage\":\"fr-FR\",\"potentialAction\":[{\"@type\":\"ReadAction\",\"target\":[\"https:\\\/\\\/sorbetkiwi.fr\\\/index.php\\\/classe-de-mer-de-taieb-et-eyquem\\\/\"]}]},{\"@type\":\"ImageObject\",\"inLanguage\":\"fr-FR\",\"@id\":\"https:\\\/\\\/sorbetkiwi.fr\\\/index.php\\\/classe-de-mer-de-taieb-et-eyquem\\\/#primaryimage\",\"url\":\"https:\\\/\\\/sorbetkiwi.fr\\\/wp-content\\\/uploads\\\/2025\\\/07\\\/Classe-de-mer-de-Taieb-et-Eyquem.jpeg\",\"contentUrl\":\"https:\\\/\\\/sorbetkiwi.fr\\\/wp-content\\\/uploads\\\/2025\\\/07\\\/Classe-de-mer-de-Taieb-et-Eyquem.jpeg\",\"width\":1816,\"height\":2420,\"caption\":\"Classe de mer de Ta\u00efeb et Eyquem\"},{\"@type\":\"BreadcrumbList\",\"@id\":\"https:\\\/\\\/sorbetkiwi.fr\\\/index.php\\\/classe-de-mer-de-taieb-et-eyquem\\\/#breadcrumb\",\"itemListElement\":[{\"@type\":\"ListItem\",\"position\":1,\"name\":\"Accueil\",\"item\":\"https:\\\/\\\/sorbetkiwi.fr\\\/\"},{\"@type\":\"ListItem\",\"position\":2,\"name\":\"Classe de mer de Ta\u00efeb et Eyquem\"}]},{\"@type\":\"WebSite\",\"@id\":\"https:\\\/\\\/sorbetkiwi.fr\\\/#website\",\"url\":\"https:\\\/\\\/sorbetkiwi.fr\\\/\",\"name\":\"Sorbet Kiwi\",\"description\":\"Des lectures th\u00e9matiques par saison et les avis qui vont avec\",\"publisher\":{\"@id\":\"https:\\\/\\\/sorbetkiwi.fr\\\/#organization\"},\"potentialAction\":[{\"@type\":\"SearchAction\",\"target\":{\"@type\":\"EntryPoint\",\"urlTemplate\":\"https:\\\/\\\/sorbetkiwi.fr\\\/?s={search_term_string}\"},\"query-input\":{\"@type\":\"PropertyValueSpecification\",\"valueRequired\":true,\"valueName\":\"search_term_string\"}}],\"inLanguage\":\"fr-FR\"},{\"@type\":\"Organization\",\"@id\":\"https:\\\/\\\/sorbetkiwi.fr\\\/#organization\",\"name\":\"Sorbet Kiwi\",\"url\":\"https:\\\/\\\/sorbetkiwi.fr\\\/\",\"logo\":{\"@type\":\"ImageObject\",\"inLanguage\":\"fr-FR\",\"@id\":\"https:\\\/\\\/sorbetkiwi.fr\\\/#\\\/schema\\\/logo\\\/image\\\/\",\"url\":\"https:\\\/\\\/sorbetkiwi.fr\\\/wp-content\\\/uploads\\\/2022\\\/10\\\/Banniere-Sorbet-Kiwi-2022.jpg\",\"contentUrl\":\"https:\\\/\\\/sorbetkiwi.fr\\\/wp-content\\\/uploads\\\/2022\\\/10\\\/Banniere-Sorbet-Kiwi-2022.jpg\",\"width\":814,\"height\":401,\"caption\":\"Sorbet Kiwi\"},\"image\":{\"@id\":\"https:\\\/\\\/sorbetkiwi.fr\\\/#\\\/schema\\\/logo\\\/image\\\/\"},\"sameAs\":[\"https:\\\/\\\/www.facebook.com\\\/profile.php?id=100086238893269\",\"https:\\\/\\\/x.com\\\/pepparshoes\",\"https:\\\/\\\/www.instagram.com\\\/sorbetkiwi\\\/\",\"https:\\\/\\\/www.tiktok.com\\\/sorbetkiwi\"]},{\"@type\":\"Person\",\"@id\":\"https:\\\/\\\/sorbetkiwi.fr\\\/#\\\/schema\\\/person\\\/ed1b7b527a2957ddc3bf38b076540659\",\"name\":\"Sorbet-Kiwi\",\"image\":{\"@type\":\"ImageObject\",\"inLanguage\":\"fr-FR\",\"@id\":\"https:\\\/\\\/secure.gravatar.com\\\/avatar\\\/86f0a5c27d76317621b9e374d0f3a01d3a85278f10d0c7207ced4fd773057442?s=96&d=mm&r=g\",\"url\":\"https:\\\/\\\/secure.gravatar.com\\\/avatar\\\/86f0a5c27d76317621b9e374d0f3a01d3a85278f10d0c7207ced4fd773057442?s=96&d=mm&r=g\",\"contentUrl\":\"https:\\\/\\\/secure.gravatar.com\\\/avatar\\\/86f0a5c27d76317621b9e374d0f3a01d3a85278f10d0c7207ced4fd773057442?s=96&d=mm&r=g\",\"caption\":\"Sorbet-Kiwi\"},\"sameAs\":[\"http:\\\/\\\/sorbetkiwi.fr\"],\"url\":\"https:\\\/\\\/sorbetkiwi.fr\\\/index.php\\\/author\\\/admin7717\\\/\"}]}<\/script>\n<!-- \/ Yoast SEO plugin. -->","yoast_head_json":{"title":"Classe de mer de Ta\u00efeb et Eyquem - Sorbet Kiwi","description":"Ma chronique de la BD Classe de mer de Benjamin Ta\u00efeb et Marie Eyquem aux \u00e9ditions Les enfants rouges, collection P\u00e2querettes.","robots":{"index":"index","follow":"follow","max-snippet":"max-snippet:-1","max-image-preview":"max-image-preview:large","max-video-preview":"max-video-preview:-1"},"canonical":"https:\/\/sorbetkiwi.fr\/index.php\/classe-de-mer-de-taieb-et-eyquem\/","og_locale":"fr_FR","og_type":"article","og_title":"Classe de mer de Ta\u00efeb et Eyquem - Sorbet Kiwi","og_description":"Ma chronique de la BD Classe de mer de Benjamin Ta\u00efeb et Marie Eyquem aux \u00e9ditions Les enfants rouges, collection P\u00e2querettes.","og_url":"https:\/\/sorbetkiwi.fr\/index.php\/classe-de-mer-de-taieb-et-eyquem\/","og_site_name":"Sorbet Kiwi","article_publisher":"https:\/\/www.facebook.com\/profile.php?id=100086238893269","article_published_time":"2025-08-16T05:00:00+00:00","og_image":[{"width":768,"height":1024,"url":"https:\/\/sorbetkiwi.fr\/wp-content\/uploads\/2025\/07\/Classe-de-mer-de-Taieb-et-Eyquem-768x1024.jpeg","type":"image\/jpeg"}],"author":"Sorbet-Kiwi","twitter_card":"summary_large_image","twitter_creator":"@pepparshoes","twitter_site":"@pepparshoes","twitter_misc":{"\u00c9crit par":"Sorbet-Kiwi","Dur\u00e9e de lecture estim\u00e9e":"3 minutes"},"schema":{"@context":"https:\/\/schema.org","@graph":[{"@type":"Article","@id":"https:\/\/sorbetkiwi.fr\/index.php\/classe-de-mer-de-taieb-et-eyquem\/#article","isPartOf":{"@id":"https:\/\/sorbetkiwi.fr\/index.php\/classe-de-mer-de-taieb-et-eyquem\/"},"author":{"name":"Sorbet-Kiwi","@id":"https:\/\/sorbetkiwi.fr\/#\/schema\/person\/ed1b7b527a2957ddc3bf38b076540659"},"headline":"Classe de mer de Ta\u00efeb et Eyquem","datePublished":"2025-08-16T05:00:00+00:00","mainEntityOfPage":{"@id":"https:\/\/sorbetkiwi.fr\/index.php\/classe-de-mer-de-taieb-et-eyquem\/"},"wordCount":570,"commentCount":0,"publisher":{"@id":"https:\/\/sorbetkiwi.fr\/#organization"},"image":{"@id":"https:\/\/sorbetkiwi.fr\/index.php\/classe-de-mer-de-taieb-et-eyquem\/#primaryimage"},"thumbnailUrl":"https:\/\/sorbetkiwi.fr\/wp-content\/uploads\/2025\/07\/Classe-de-mer-de-Taieb-et-Eyquem.jpeg","keywords":["Bande dessin\u00e9e","BD","Benjamin Ta\u00efeb","Classe de mer","collection P\u00e2querettes","\u00e9ditions Les enfants rouges","\u00e9t\u00e9","Les enfants rouges","Marie Eyquem"],"articleSection":["B\u00e9n\u00e9volat","L'\u00e9t\u00e9","Tout le blog"],"inLanguage":"fr-FR","potentialAction":[{"@type":"CommentAction","name":"Comment","target":["https:\/\/sorbetkiwi.fr\/index.php\/classe-de-mer-de-taieb-et-eyquem\/#respond"]}]},{"@type":"WebPage","@id":"https:\/\/sorbetkiwi.fr\/index.php\/classe-de-mer-de-taieb-et-eyquem\/","url":"https:\/\/sorbetkiwi.fr\/index.php\/classe-de-mer-de-taieb-et-eyquem\/","name":"Classe de mer de Ta\u00efeb et Eyquem - Sorbet Kiwi","isPartOf":{"@id":"https:\/\/sorbetkiwi.fr\/#website"},"primaryImageOfPage":{"@id":"https:\/\/sorbetkiwi.fr\/index.php\/classe-de-mer-de-taieb-et-eyquem\/#primaryimage"},"image":{"@id":"https:\/\/sorbetkiwi.fr\/index.php\/classe-de-mer-de-taieb-et-eyquem\/#primaryimage"},"thumbnailUrl":"https:\/\/sorbetkiwi.fr\/wp-content\/uploads\/2025\/07\/Classe-de-mer-de-Taieb-et-Eyquem.jpeg","datePublished":"2025-08-16T05:00:00+00:00","description":"Ma chronique de la BD Classe de mer de Benjamin Ta\u00efeb et Marie Eyquem aux \u00e9ditions Les enfants rouges, collection P\u00e2querettes.","breadcrumb":{"@id":"https:\/\/sorbetkiwi.fr\/index.php\/classe-de-mer-de-taieb-et-eyquem\/#breadcrumb"},"inLanguage":"fr-FR","potentialAction":[{"@type":"ReadAction","target":["https:\/\/sorbetkiwi.fr\/index.php\/classe-de-mer-de-taieb-et-eyquem\/"]}]},{"@type":"ImageObject","inLanguage":"fr-FR","@id":"https:\/\/sorbetkiwi.fr\/index.php\/classe-de-mer-de-taieb-et-eyquem\/#primaryimage","url":"https:\/\/sorbetkiwi.fr\/wp-content\/uploads\/2025\/07\/Classe-de-mer-de-Taieb-et-Eyquem.jpeg","contentUrl":"https:\/\/sorbetkiwi.fr\/wp-content\/uploads\/2025\/07\/Classe-de-mer-de-Taieb-et-Eyquem.jpeg","width":1816,"height":2420,"caption":"Classe de mer de Ta\u00efeb et Eyquem"},{"@type":"BreadcrumbList","@id":"https:\/\/sorbetkiwi.fr\/index.php\/classe-de-mer-de-taieb-et-eyquem\/#breadcrumb","itemListElement":[{"@type":"ListItem","position":1,"name":"Accueil","item":"https:\/\/sorbetkiwi.fr\/"},{"@type":"ListItem","position":2,"name":"Classe de mer de Ta\u00efeb et Eyquem"}]},{"@type":"WebSite","@id":"https:\/\/sorbetkiwi.fr\/#website","url":"https:\/\/sorbetkiwi.fr\/","name":"Sorbet Kiwi","description":"Des lectures th\u00e9matiques par saison et les avis qui vont avec","publisher":{"@id":"https:\/\/sorbetkiwi.fr\/#organization"},"potentialAction":[{"@type":"SearchAction","target":{"@type":"EntryPoint","urlTemplate":"https:\/\/sorbetkiwi.fr\/?s={search_term_string}"},"query-input":{"@type":"PropertyValueSpecification","valueRequired":true,"valueName":"search_term_string"}}],"inLanguage":"fr-FR"},{"@type":"Organization","@id":"https:\/\/sorbetkiwi.fr\/#organization","name":"Sorbet Kiwi","url":"https:\/\/sorbetkiwi.fr\/","logo":{"@type":"ImageObject","inLanguage":"fr-FR","@id":"https:\/\/sorbetkiwi.fr\/#\/schema\/logo\/image\/","url":"https:\/\/sorbetkiwi.fr\/wp-content\/uploads\/2022\/10\/Banniere-Sorbet-Kiwi-2022.jpg","contentUrl":"https:\/\/sorbetkiwi.fr\/wp-content\/uploads\/2022\/10\/Banniere-Sorbet-Kiwi-2022.jpg","width":814,"height":401,"caption":"Sorbet Kiwi"},"image":{"@id":"https:\/\/sorbetkiwi.fr\/#\/schema\/logo\/image\/"},"sameAs":["https:\/\/www.facebook.com\/profile.php?id=100086238893269","https:\/\/x.com\/pepparshoes","https:\/\/www.instagram.com\/sorbetkiwi\/","https:\/\/www.tiktok.com\/sorbetkiwi"]},{"@type":"Person","@id":"https:\/\/sorbetkiwi.fr\/#\/schema\/person\/ed1b7b527a2957ddc3bf38b076540659","name":"Sorbet-Kiwi","image":{"@type":"ImageObject","inLanguage":"fr-FR","@id":"https:\/\/secure.gravatar.com\/avatar\/86f0a5c27d76317621b9e374d0f3a01d3a85278f10d0c7207ced4fd773057442?s=96&d=mm&r=g","url":"https:\/\/secure.gravatar.com\/avatar\/86f0a5c27d76317621b9e374d0f3a01d3a85278f10d0c7207ced4fd773057442?s=96&d=mm&r=g","contentUrl":"https:\/\/secure.gravatar.com\/avatar\/86f0a5c27d76317621b9e374d0f3a01d3a85278f10d0c7207ced4fd773057442?s=96&d=mm&r=g","caption":"Sorbet-Kiwi"},"sameAs":["http:\/\/sorbetkiwi.fr"],"url":"https:\/\/sorbetkiwi.fr\/index.php\/author\/admin7717\/"}]}},"_links":{"self":[{"href":"https:\/\/sorbetkiwi.fr\/index.php\/wp-json\/wp\/v2\/posts\/8240","targetHints":{"allow":["GET"]}}],"collection":[{"href":"https:\/\/sorbetkiwi.fr\/index.php\/wp-json\/wp\/v2\/posts"}],"about":[{"href":"https:\/\/sorbetkiwi.fr\/index.php\/wp-json\/wp\/v2\/types\/post"}],"author":[{"embeddable":true,"href":"https:\/\/sorbetkiwi.fr\/index.php\/wp-json\/wp\/v2\/users\/1"}],"replies":[{"embeddable":true,"href":"https:\/\/sorbetkiwi.fr\/index.php\/wp-json\/wp\/v2\/comments?post=8240"}],"version-history":[{"count":10,"href":"https:\/\/sorbetkiwi.fr\/index.php\/wp-json\/wp\/v2\/posts\/8240\/revisions"}],"predecessor-version":[{"id":8366,"href":"https:\/\/sorbetkiwi.fr\/index.php\/wp-json\/wp\/v2\/posts\/8240\/revisions\/8366"}],"wp:featuredmedia":[{"embeddable":true,"href":"https:\/\/sorbetkiwi.fr\/index.php\/wp-json\/wp\/v2\/media\/8245"}],"wp:attachment":[{"href":"https:\/\/sorbetkiwi.fr\/index.php\/wp-json\/wp\/v2\/media?parent=8240"}],"wp:term":[{"taxonomy":"category","embeddable":true,"href":"https:\/\/sorbetkiwi.fr\/index.php\/wp-json\/wp\/v2\/categories?post=8240"},{"taxonomy":"post_tag","embeddable":true,"href":"https:\/\/sorbetkiwi.fr\/index.php\/wp-json\/wp\/v2\/tags?post=8240"}],"curies":[{"name":"wp","href":"https:\/\/api.w.org\/{rel}","templated":true}]}}