{"id":8104,"date":"2025-06-10T07:00:00","date_gmt":"2025-06-10T05:00:00","guid":{"rendered":"https:\/\/sorbetkiwi.fr\/?p=8104"},"modified":"2025-05-31T00:38:29","modified_gmt":"2025-05-30T22:38:29","slug":"a-la-lumiere-de-nos-jours-de-clarisse-sabard","status":"publish","type":"post","link":"https:\/\/sorbetkiwi.fr\/index.php\/a-la-lumiere-de-nos-jours-de-clarisse-sabard\/","title":{"rendered":"A la lumi\u00e8re de nos jours de Clarisse Sabard"},"content":{"rendered":"\t\t<div data-elementor-type=\"wp-post\" data-elementor-id=\"8104\" class=\"elementor elementor-8104\">\n\t\t\t\t\t\t<section class=\"elementor-section elementor-top-section elementor-element elementor-element-42d1dd2f elementor-section-boxed elementor-section-height-default elementor-section-height-default\" data-id=\"42d1dd2f\" data-element_type=\"section\" data-e-type=\"section\">\n\t\t\t\t\t\t<div class=\"elementor-container elementor-column-gap-default\">\n\t\t\t\t\t<div class=\"elementor-column elementor-col-100 elementor-top-column elementor-element elementor-element-19bab7d6\" data-id=\"19bab7d6\" data-element_type=\"column\" data-e-type=\"column\">\n\t\t\t<div class=\"elementor-widget-wrap elementor-element-populated\">\n\t\t\t\t\t\t<div class=\"elementor-element elementor-element-30cf970c elementor-widget elementor-widget-heading\" data-id=\"30cf970c\" data-element_type=\"widget\" data-e-type=\"widget\" data-widget_type=\"heading.default\">\n\t\t\t\t<div class=\"elementor-widget-container\">\n\t\t\t\t\t<h1 class=\"elementor-heading-title elementor-size-medium\">A la lumi\u00e8re de nos jours Clarisse Sabard<\/h1>\t\t\t\t<\/div>\n\t\t\t\t<\/div>\n\t\t\t\t<div class=\"elementor-element elementor-element-7074914c elementor-view-default elementor-widget elementor-widget-icon\" data-id=\"7074914c\" data-element_type=\"widget\" data-e-type=\"widget\" data-widget_type=\"icon.default\">\n\t\t\t\t<div class=\"elementor-widget-container\">\n\t\t\t\t\t\t\t<div class=\"elementor-icon-wrapper\">\n\t\t\t<div class=\"elementor-icon\">\n\t\t\t<i aria-hidden=\"true\" class=\"fas fa-cocktail\"><\/i>\t\t\t<\/div>\n\t\t<\/div>\n\t\t\t\t\t\t<\/div>\n\t\t\t\t<\/div>\n\t\t\t\t<div class=\"elementor-element elementor-element-7219cd3c elementor-widget-divider--view-line elementor-widget elementor-widget-divider\" data-id=\"7219cd3c\" data-element_type=\"widget\" data-e-type=\"widget\" data-widget_type=\"divider.default\">\n\t\t\t\t<div class=\"elementor-widget-container\">\n\t\t\t\t\t\t\t<div class=\"elementor-divider\">\n\t\t\t<span class=\"elementor-divider-separator\">\n\t\t\t\t\t\t<\/span>\n\t\t<\/div>\n\t\t\t\t\t\t<\/div>\n\t\t\t\t<\/div>\n\t\t\t\t<div class=\"elementor-element elementor-element-22b67baf elementor-widget elementor-widget-heading\" data-id=\"22b67baf\" data-element_type=\"widget\" data-e-type=\"widget\" data-widget_type=\"heading.default\">\n\t\t\t\t<div class=\"elementor-widget-container\">\n\t\t\t\t\t<h2 class=\"elementor-heading-title elementor-size-medium\">R\u00e9sum\u00e9<\/h2>\t\t\t\t<\/div>\n\t\t\t\t<\/div>\n\t\t\t\t<div class=\"elementor-element elementor-element-118d05ee elementor-widget elementor-widget-text-editor\" data-id=\"118d05ee\" data-element_type=\"widget\" data-e-type=\"widget\" data-widget_type=\"text-editor.default\">\n\t\t\t\t<div class=\"elementor-widget-container\">\n\t\t\t\t\t\t\t\t\t<p>2013. Julia d\u00e9barque dans sa famille, en plein c\u0153ur de la Touraine. D\u00e9chue d\u2019un concours de p\u00e2tisserie dont elle \u00e9tait membre du jury, la jeune femme ne va pas bien et sa vie part en vrille. Elle d\u00e9cide de se rapprocher de sa famille paternelle, et surtout de Suzette, sa grand-m\u00e8re, qui vient d\u2019int\u00e9grer un EHPAD. Et si cette derni\u00e8re l\u2019accueille \u00e0 bras ouverts, ce n\u2019est pas le cas d\u2019Alex, le cousin de Julia, qui lui en veut de son silence radio durant des ann\u00e9es. De son c\u00f4t\u00e9, Suzette, qui r\u00eaverait de voir rena\u00eetre la p\u00e2tisserie familiale, va proposer un pacte aux deux cousins. Julia va plonger dans les affaires familiales, et va notamment d\u00e9couvrir l\u2019histoire d\u2019Eug\u00e9nie, son arri\u00e8re-grand-m\u00e8re, qui a quitt\u00e9 le village en 1919 pour d\u2019obscures raisons. Eug\u00e9nie, qui a atterri chez sa tante, esseul\u00e9e, dans les faubourgs parisiens.<\/p>\t\t\t\t\t\t\t\t<\/div>\n\t\t\t\t<\/div>\n\t\t\t\t<div class=\"elementor-element elementor-element-453ccf3a elementor-widget-divider--view-line elementor-widget elementor-widget-divider\" data-id=\"453ccf3a\" data-element_type=\"widget\" data-e-type=\"widget\" data-widget_type=\"divider.default\">\n\t\t\t\t<div class=\"elementor-widget-container\">\n\t\t\t\t\t\t\t<div class=\"elementor-divider\">\n\t\t\t<span class=\"elementor-divider-separator\">\n\t\t\t\t\t\t<\/span>\n\t\t<\/div>\n\t\t\t\t\t\t<\/div>\n\t\t\t\t<\/div>\n\t\t\t\t<div class=\"elementor-element elementor-element-71b7dbb0 elementor-widget elementor-widget-heading\" data-id=\"71b7dbb0\" data-element_type=\"widget\" data-e-type=\"widget\" data-widget_type=\"heading.default\">\n\t\t\t\t<div class=\"elementor-widget-container\">\n\t\t\t\t\t<h4 class=\"elementor-heading-title elementor-size-medium\">\u00ab  Nous sommes \u00e0 la lumi\u00e8re de nos jours et c\u2019est pendant que sa lueur brille que nous devons avancer vers elle. Et toi, est ce que tu serais pr\u00eate \u00e0 avancer vers cette lumi\u00e8re ? \u00bb<\/h4>\t\t\t\t<\/div>\n\t\t\t\t<\/div>\n\t\t\t\t<div class=\"elementor-element elementor-element-24160a5f elementor-widget-divider--view-line elementor-widget elementor-widget-divider\" data-id=\"24160a5f\" data-element_type=\"widget\" data-e-type=\"widget\" data-widget_type=\"divider.default\">\n\t\t\t\t<div class=\"elementor-widget-container\">\n\t\t\t\t\t\t\t<div class=\"elementor-divider\">\n\t\t\t<span class=\"elementor-divider-separator\">\n\t\t\t\t\t\t<\/span>\n\t\t<\/div>\n\t\t\t\t\t\t<\/div>\n\t\t\t\t<\/div>\n\t\t\t\t<div class=\"elementor-element elementor-element-58b4a2d1 elementor-widget elementor-widget-heading\" data-id=\"58b4a2d1\" data-element_type=\"widget\" data-e-type=\"widget\" data-widget_type=\"heading.default\">\n\t\t\t\t<div class=\"elementor-widget-container\">\n\t\t\t\t\t<h2 class=\"elementor-heading-title elementor-size-medium\">Encore en plein dans le mille<\/h2>\t\t\t\t<\/div>\n\t\t\t\t<\/div>\n\t\t\t\t<div class=\"elementor-element elementor-element-510fadd elementor-widget elementor-widget-text-editor\" data-id=\"510fadd\" data-element_type=\"widget\" data-e-type=\"widget\" data-widget_type=\"text-editor.default\">\n\t\t\t\t<div class=\"elementor-widget-container\">\n\t\t\t\t\t\t\t\t\t<p>Alerte coup de c\u0153ur ! J\u2019ai termin\u00e9 ce roman \u00e0 2h du matin, dans l\u2019incapacit\u00e9 de m\u2019arr\u00eater ! <em>A la lumi\u00e8re de nos jour<\/em> est une histoire familiale \u00e9crite par des femmes fortes et touchantes. Des combattantes du quotidien comme il y en a eu tant \u00e0 travers l\u2019Histoire. Pour r\u00e9pondre aux derni\u00e8res volont\u00e9s de sa m\u00e8re, Julia va partir sur les traces d\u2019Eugenie et de Suzette, mais aussi de Max, Marcel, de sa famille dans la zone et de celle de Touraine.\u00a0<\/p><p>Je me suis laiss\u00e9e compl\u00e8tement happ\u00e9e par le r\u00e9cit. Celui de Julia accompagnant finalement surtout celui de ses a\u00efeuls. Je me suis tant attach\u00e9e \u00e0 tous que je n\u2019avais pas envie qu\u2019il se termine. Mais c\u2019est un sentiment que je connais bien avec les romans de Clarisse, c\u2019est pourquoi je choisis toujours avec minutie le moment o\u00f9 je vais d\u00e9couvrir sa derni\u00e8re perle. Merci pour cette neuvi\u00e8me p\u00e9pite, et vivement la dixi\u00e8me !\u00a0<\/p><p>Cette chronique a initialement \u00e9t\u00e9 post\u00e9e sur <a href=\"https:\/\/sorbetkiwi.wordpress.com\/2021\/09\/26\/mes-autrices-charleston-preferees-etaient-de-retour-avec-des-pepites-cette-annee\/\">mon ancien blog<\/a> en 2021.<\/p>\t\t\t\t\t\t\t\t<\/div>\n\t\t\t\t<\/div>\n\t\t\t\t<div class=\"elementor-element elementor-element-9fb435b elementor-widget elementor-widget-heading\" data-id=\"9fb435b\" data-element_type=\"widget\" data-e-type=\"widget\" data-widget_type=\"heading.default\">\n\t\t\t\t<div class=\"elementor-widget-container\">\n\t\t\t\t\t<h4 class=\"elementor-heading-title elementor-size-medium\">Les autres romans de l'autrice\n<\/h4>\t\t\t\t<\/div>\n\t\t\t\t<\/div>\n\t\t\t\t<div class=\"elementor-element elementor-element-671f1483 elementor-widget elementor-widget-text-editor\" data-id=\"671f1483\" data-element_type=\"widget\" data-e-type=\"widget\" data-widget_type=\"text-editor.default\">\n\t\t\t\t<div class=\"elementor-widget-container\">\n\t\t\t\t\t\t\t\t\t<p>Mes avis sur les autres romans de l\u2019autrice :\u00a0<\/p><ul><li><a href=\"https:\/\/sorbetkiwi.fr\/index.php\/les-lettres-de-rose-de-clarisse-sabard\/\">Les lettres de Rose<\/a><\/li><li><a href=\"https:\/\/sorbetkiwi.fr\/index.php\/lola-de-clarisse-sabard\/\">Lola<\/a><\/li><li><a href=\"https:\/\/sorbetkiwi.wordpress.com\/2017\/03\/17\/la-plage-de-la-mariee-de-clarisse-sabard\/\">La plage de la mari\u00e9e<\/a><\/li><li><a href=\"https:\/\/sorbetkiwi.fr\/index.php\/la-vie-est-belle-et-drole-a-la-fois\/\">La vie est belle et dr\u00f4le \u00e0 la fois<\/a><\/li><li><a href=\"https:\/\/sorbetkiwi.fr\/index.php\/la-vie-a-plus-dimagination-que-nous-de-clarisse-sabard\/\">La vie a plus d\u2019imagination que nous<\/a><\/li><li><a href=\"https:\/\/sorbetkiwi.fr\/index.php\/et-nous-danserons-sous-les-flocons-de-clarisse-sabard\/\">Et nous danserons sous les flocons<\/a><\/li><li><a href=\"https:\/\/sorbetkiwi.fr\/index.php\/sous-un-ciel-etoile-de-clarisse-sabard\/\">Sous un ciel \u00e9toil\u00e9<\/a><\/li><li><a href=\"https:\/\/sorbetkiwi.fr\/index.php\/la-douce-magie-de-noel-de-clarisse-sabard\/\">La douce magie de No\u00ebl<\/a><\/li><li><a href=\"https:\/\/sorbetkiwi.wordpress.com\/2019\/03\/27\/ceux-qui-voulaient-voir-la-mer-de-clarisse-sabard\/\">Ceux qui voulaient voir la mer<\/a><\/li><li><a href=\"https:\/\/sorbetkiwi.fr\/index.php\/la-femme-au-manteau-violet-de-clarisse-sabard\/\">La femme au manteau violet<\/a><\/li><li><a href=\"https:\/\/sorbetkiwi.fr\/?p=5981\">Le jardin de l\u2019oubli<\/a><\/li><li><a href=\"https:\/\/sorbetkiwi.fr\/index.php\/le-souffle-des-reves-de-clarisse-sabard\/\">Le souffle des r\u00eaves<\/a><\/li><li>A la lumi\u00e8re de nos jours<\/li><li><a href=\"https:\/\/sorbetkiwi.fr\/index.php\/un-air-d-eternite-de-clarisse-sabard\/\">Un air d\u2019\u00e9ternit\u00e9<\/a><\/li><li><a href=\"https:\/\/sorbetkiwi.fr\/index.php\/flora-et-josephine-de-clarisse-sabard\/\">Flora et Jos\u00e9phine<\/a><\/li><li><a href=\"https:\/\/sorbetkiwi.fr\/index.php\/a-l-ombre-du-pommier-de-clarisse-sabard\/\">A l\u2019ombre du pommier<\/a><\/li><\/ul>\t\t\t\t\t\t\t\t<\/div>\n\t\t\t\t<\/div>\n\t\t\t\t\t<\/div>\n\t\t<\/div>\n\t\t\t\t\t<\/div>\n\t\t<\/section>\n\t\t\t\t<\/div>\n\t\t","protected":false},"excerpt":{"rendered":"<p>A la lumi\u00e8re de nos jours Clarisse Sabard R\u00e9sum\u00e9 2013. Julia d\u00e9barque dans sa famille, en plein c\u0153ur de la Touraine. D\u00e9chue d\u2019un concours de p\u00e2tisserie dont elle \u00e9tait membre du jury, la jeune femme &hellip; <\/p>\n","protected":false},"author":1,"featured_media":8105,"comment_status":"open","ping_status":"open","sticky":false,"template":"","format":"standard","meta":{"footnotes":""},"categories":[9,14,8,1],"tags":[2016,28,165,31,736],"class_list":["post-8104","post","type-post","status-publish","format-standard","has-post-thumbnail","hentry","category-coups-de-coeur","category-l-ete","category-partenariats","category-tout-le-blog","tag-a-la-lumiere-de-nos-jours","tag-clarisse-sabard","tag-coup-de-coeur-2","tag-editions-charleston","tag-ete","has-single-img"],"yoast_head":"<!-- This site is optimized with the Yoast SEO plugin v27.4 - https:\/\/yoast.com\/product\/yoast-seo-wordpress\/ -->\n<title>A la lumi\u00e8re de nos jours de Clarisse Sabard - Sorbet Kiwi<\/title>\n<meta name=\"description\" content=\"Transfert de ma chronique du roman A la lumi\u00e8re de nos jours de Clarisse Sabard paru en 2021 aux \u00e9ditions Charleston.\" \/>\n<meta name=\"robots\" content=\"index, follow, max-snippet:-1, max-image-preview:large, max-video-preview:-1\" \/>\n<link rel=\"canonical\" href=\"https:\/\/sorbetkiwi.fr\/index.php\/a-la-lumiere-de-nos-jours-de-clarisse-sabard\/\" \/>\n<meta property=\"og:locale\" content=\"fr_FR\" \/>\n<meta property=\"og:type\" content=\"article\" \/>\n<meta property=\"og:title\" content=\"A la lumi\u00e8re de nos jours de Clarisse Sabard - Sorbet Kiwi\" \/>\n<meta property=\"og:description\" content=\"Transfert de ma chronique du roman A la lumi\u00e8re de nos jours de Clarisse Sabard paru en 2021 aux \u00e9ditions Charleston.\" \/>\n<meta property=\"og:url\" content=\"https:\/\/sorbetkiwi.fr\/index.php\/a-la-lumiere-de-nos-jours-de-clarisse-sabard\/\" \/>\n<meta property=\"og:site_name\" content=\"Sorbet Kiwi\" \/>\n<meta property=\"article:publisher\" content=\"https:\/\/www.facebook.com\/profile.php?id=100086238893269\" \/>\n<meta property=\"article:published_time\" content=\"2025-06-10T05:00:00+00:00\" \/>\n<meta property=\"og:image\" content=\"https:\/\/sorbetkiwi.fr\/wp-content\/uploads\/2025\/05\/A-la-lumiere-de-nos-jours-Clarisse-Sabard-802x1024.png\" \/>\n\t<meta property=\"og:image:width\" content=\"802\" \/>\n\t<meta property=\"og:image:height\" content=\"1024\" \/>\n\t<meta property=\"og:image:type\" content=\"image\/png\" \/>\n<meta name=\"author\" content=\"Sorbet-Kiwi\" \/>\n<meta name=\"twitter:card\" content=\"summary_large_image\" \/>\n<meta name=\"twitter:creator\" content=\"@pepparshoes\" \/>\n<meta name=\"twitter:site\" content=\"@pepparshoes\" \/>\n<meta name=\"twitter:label1\" content=\"\u00c9crit par\" \/>\n\t<meta name=\"twitter:data1\" content=\"Sorbet-Kiwi\" \/>\n\t<meta name=\"twitter:label2\" content=\"Dur\u00e9e de lecture estim\u00e9e\" \/>\n\t<meta name=\"twitter:data2\" content=\"3 minutes\" \/>\n<script type=\"application\/ld+json\" class=\"yoast-schema-graph\">{\"@context\":\"https:\\\/\\\/schema.org\",\"@graph\":[{\"@type\":\"Article\",\"@id\":\"https:\\\/\\\/sorbetkiwi.fr\\\/index.php\\\/a-la-lumiere-de-nos-jours-de-clarisse-sabard\\\/#article\",\"isPartOf\":{\"@id\":\"https:\\\/\\\/sorbetkiwi.fr\\\/index.php\\\/a-la-lumiere-de-nos-jours-de-clarisse-sabard\\\/\"},\"author\":{\"name\":\"Sorbet-Kiwi\",\"@id\":\"https:\\\/\\\/sorbetkiwi.fr\\\/#\\\/schema\\\/person\\\/ed1b7b527a2957ddc3bf38b076540659\"},\"headline\":\"A la lumi\u00e8re de nos jours de Clarisse Sabard\",\"datePublished\":\"2025-06-10T05:00:00+00:00\",\"mainEntityOfPage\":{\"@id\":\"https:\\\/\\\/sorbetkiwi.fr\\\/index.php\\\/a-la-lumiere-de-nos-jours-de-clarisse-sabard\\\/\"},\"wordCount\":517,\"commentCount\":2,\"publisher\":{\"@id\":\"https:\\\/\\\/sorbetkiwi.fr\\\/#organization\"},\"image\":{\"@id\":\"https:\\\/\\\/sorbetkiwi.fr\\\/index.php\\\/a-la-lumiere-de-nos-jours-de-clarisse-sabard\\\/#primaryimage\"},\"thumbnailUrl\":\"https:\\\/\\\/sorbetkiwi.fr\\\/wp-content\\\/uploads\\\/2025\\\/05\\\/A-la-lumiere-de-nos-jours-Clarisse-Sabard.png\",\"keywords\":[\"A la lumi\u00e8re de nos jours\",\"Clarisse Sabard\",\"Coup de coeur\",\"Editions Charleston\",\"\u00e9t\u00e9\"],\"articleSection\":[\"Coups de coeur\",\"L'\u00e9t\u00e9\",\"Partenariats\",\"Tout le blog\"],\"inLanguage\":\"fr-FR\",\"potentialAction\":[{\"@type\":\"CommentAction\",\"name\":\"Comment\",\"target\":[\"https:\\\/\\\/sorbetkiwi.fr\\\/index.php\\\/a-la-lumiere-de-nos-jours-de-clarisse-sabard\\\/#respond\"]}]},{\"@type\":\"WebPage\",\"@id\":\"https:\\\/\\\/sorbetkiwi.fr\\\/index.php\\\/a-la-lumiere-de-nos-jours-de-clarisse-sabard\\\/\",\"url\":\"https:\\\/\\\/sorbetkiwi.fr\\\/index.php\\\/a-la-lumiere-de-nos-jours-de-clarisse-sabard\\\/\",\"name\":\"A la lumi\u00e8re de nos jours de Clarisse Sabard - Sorbet Kiwi\",\"isPartOf\":{\"@id\":\"https:\\\/\\\/sorbetkiwi.fr\\\/#website\"},\"primaryImageOfPage\":{\"@id\":\"https:\\\/\\\/sorbetkiwi.fr\\\/index.php\\\/a-la-lumiere-de-nos-jours-de-clarisse-sabard\\\/#primaryimage\"},\"image\":{\"@id\":\"https:\\\/\\\/sorbetkiwi.fr\\\/index.php\\\/a-la-lumiere-de-nos-jours-de-clarisse-sabard\\\/#primaryimage\"},\"thumbnailUrl\":\"https:\\\/\\\/sorbetkiwi.fr\\\/wp-content\\\/uploads\\\/2025\\\/05\\\/A-la-lumiere-de-nos-jours-Clarisse-Sabard.png\",\"datePublished\":\"2025-06-10T05:00:00+00:00\",\"description\":\"Transfert de ma chronique du roman A la lumi\u00e8re de nos jours de Clarisse Sabard paru en 2021 aux \u00e9ditions Charleston.\",\"breadcrumb\":{\"@id\":\"https:\\\/\\\/sorbetkiwi.fr\\\/index.php\\\/a-la-lumiere-de-nos-jours-de-clarisse-sabard\\\/#breadcrumb\"},\"inLanguage\":\"fr-FR\",\"potentialAction\":[{\"@type\":\"ReadAction\",\"target\":[\"https:\\\/\\\/sorbetkiwi.fr\\\/index.php\\\/a-la-lumiere-de-nos-jours-de-clarisse-sabard\\\/\"]}]},{\"@type\":\"ImageObject\",\"inLanguage\":\"fr-FR\",\"@id\":\"https:\\\/\\\/sorbetkiwi.fr\\\/index.php\\\/a-la-lumiere-de-nos-jours-de-clarisse-sabard\\\/#primaryimage\",\"url\":\"https:\\\/\\\/sorbetkiwi.fr\\\/wp-content\\\/uploads\\\/2025\\\/05\\\/A-la-lumiere-de-nos-jours-Clarisse-Sabard.png\",\"contentUrl\":\"https:\\\/\\\/sorbetkiwi.fr\\\/wp-content\\\/uploads\\\/2025\\\/05\\\/A-la-lumiere-de-nos-jours-Clarisse-Sabard.png\",\"width\":1278,\"height\":1632,\"caption\":\"A la lumi\u00e8re de nos jours Clarisse Sabard\"},{\"@type\":\"BreadcrumbList\",\"@id\":\"https:\\\/\\\/sorbetkiwi.fr\\\/index.php\\\/a-la-lumiere-de-nos-jours-de-clarisse-sabard\\\/#breadcrumb\",\"itemListElement\":[{\"@type\":\"ListItem\",\"position\":1,\"name\":\"Accueil\",\"item\":\"https:\\\/\\\/sorbetkiwi.fr\\\/\"},{\"@type\":\"ListItem\",\"position\":2,\"name\":\"A la lumi\u00e8re de nos jours de Clarisse Sabard\"}]},{\"@type\":\"WebSite\",\"@id\":\"https:\\\/\\\/sorbetkiwi.fr\\\/#website\",\"url\":\"https:\\\/\\\/sorbetkiwi.fr\\\/\",\"name\":\"Sorbet Kiwi\",\"description\":\"Des lectures th\u00e9matiques par saison et les avis qui vont avec\",\"publisher\":{\"@id\":\"https:\\\/\\\/sorbetkiwi.fr\\\/#organization\"},\"potentialAction\":[{\"@type\":\"SearchAction\",\"target\":{\"@type\":\"EntryPoint\",\"urlTemplate\":\"https:\\\/\\\/sorbetkiwi.fr\\\/?s={search_term_string}\"},\"query-input\":{\"@type\":\"PropertyValueSpecification\",\"valueRequired\":true,\"valueName\":\"search_term_string\"}}],\"inLanguage\":\"fr-FR\"},{\"@type\":\"Organization\",\"@id\":\"https:\\\/\\\/sorbetkiwi.fr\\\/#organization\",\"name\":\"Sorbet Kiwi\",\"url\":\"https:\\\/\\\/sorbetkiwi.fr\\\/\",\"logo\":{\"@type\":\"ImageObject\",\"inLanguage\":\"fr-FR\",\"@id\":\"https:\\\/\\\/sorbetkiwi.fr\\\/#\\\/schema\\\/logo\\\/image\\\/\",\"url\":\"https:\\\/\\\/sorbetkiwi.fr\\\/wp-content\\\/uploads\\\/2022\\\/10\\\/Banniere-Sorbet-Kiwi-2022.jpg\",\"contentUrl\":\"https:\\\/\\\/sorbetkiwi.fr\\\/wp-content\\\/uploads\\\/2022\\\/10\\\/Banniere-Sorbet-Kiwi-2022.jpg\",\"width\":814,\"height\":401,\"caption\":\"Sorbet Kiwi\"},\"image\":{\"@id\":\"https:\\\/\\\/sorbetkiwi.fr\\\/#\\\/schema\\\/logo\\\/image\\\/\"},\"sameAs\":[\"https:\\\/\\\/www.facebook.com\\\/profile.php?id=100086238893269\",\"https:\\\/\\\/x.com\\\/pepparshoes\",\"https:\\\/\\\/www.instagram.com\\\/sorbetkiwi\\\/\",\"https:\\\/\\\/www.tiktok.com\\\/sorbetkiwi\"]},{\"@type\":\"Person\",\"@id\":\"https:\\\/\\\/sorbetkiwi.fr\\\/#\\\/schema\\\/person\\\/ed1b7b527a2957ddc3bf38b076540659\",\"name\":\"Sorbet-Kiwi\",\"image\":{\"@type\":\"ImageObject\",\"inLanguage\":\"fr-FR\",\"@id\":\"https:\\\/\\\/secure.gravatar.com\\\/avatar\\\/86f0a5c27d76317621b9e374d0f3a01d3a85278f10d0c7207ced4fd773057442?s=96&d=mm&r=g\",\"url\":\"https:\\\/\\\/secure.gravatar.com\\\/avatar\\\/86f0a5c27d76317621b9e374d0f3a01d3a85278f10d0c7207ced4fd773057442?s=96&d=mm&r=g\",\"contentUrl\":\"https:\\\/\\\/secure.gravatar.com\\\/avatar\\\/86f0a5c27d76317621b9e374d0f3a01d3a85278f10d0c7207ced4fd773057442?s=96&d=mm&r=g\",\"caption\":\"Sorbet-Kiwi\"},\"sameAs\":[\"http:\\\/\\\/sorbetkiwi.fr\"],\"url\":\"https:\\\/\\\/sorbetkiwi.fr\\\/index.php\\\/author\\\/admin7717\\\/\"}]}<\/script>\n<!-- \/ Yoast SEO plugin. -->","yoast_head_json":{"title":"A la lumi\u00e8re de nos jours de Clarisse Sabard - Sorbet Kiwi","description":"Transfert de ma chronique du roman A la lumi\u00e8re de nos jours de Clarisse Sabard paru en 2021 aux \u00e9ditions Charleston.","robots":{"index":"index","follow":"follow","max-snippet":"max-snippet:-1","max-image-preview":"max-image-preview:large","max-video-preview":"max-video-preview:-1"},"canonical":"https:\/\/sorbetkiwi.fr\/index.php\/a-la-lumiere-de-nos-jours-de-clarisse-sabard\/","og_locale":"fr_FR","og_type":"article","og_title":"A la lumi\u00e8re de nos jours de Clarisse Sabard - Sorbet Kiwi","og_description":"Transfert de ma chronique du roman A la lumi\u00e8re de nos jours de Clarisse Sabard paru en 2021 aux \u00e9ditions Charleston.","og_url":"https:\/\/sorbetkiwi.fr\/index.php\/a-la-lumiere-de-nos-jours-de-clarisse-sabard\/","og_site_name":"Sorbet Kiwi","article_publisher":"https:\/\/www.facebook.com\/profile.php?id=100086238893269","article_published_time":"2025-06-10T05:00:00+00:00","og_image":[{"width":802,"height":1024,"url":"https:\/\/sorbetkiwi.fr\/wp-content\/uploads\/2025\/05\/A-la-lumiere-de-nos-jours-Clarisse-Sabard-802x1024.png","type":"image\/png"}],"author":"Sorbet-Kiwi","twitter_card":"summary_large_image","twitter_creator":"@pepparshoes","twitter_site":"@pepparshoes","twitter_misc":{"\u00c9crit par":"Sorbet-Kiwi","Dur\u00e9e de lecture estim\u00e9e":"3 minutes"},"schema":{"@context":"https:\/\/schema.org","@graph":[{"@type":"Article","@id":"https:\/\/sorbetkiwi.fr\/index.php\/a-la-lumiere-de-nos-jours-de-clarisse-sabard\/#article","isPartOf":{"@id":"https:\/\/sorbetkiwi.fr\/index.php\/a-la-lumiere-de-nos-jours-de-clarisse-sabard\/"},"author":{"name":"Sorbet-Kiwi","@id":"https:\/\/sorbetkiwi.fr\/#\/schema\/person\/ed1b7b527a2957ddc3bf38b076540659"},"headline":"A la lumi\u00e8re de nos jours de Clarisse Sabard","datePublished":"2025-06-10T05:00:00+00:00","mainEntityOfPage":{"@id":"https:\/\/sorbetkiwi.fr\/index.php\/a-la-lumiere-de-nos-jours-de-clarisse-sabard\/"},"wordCount":517,"commentCount":2,"publisher":{"@id":"https:\/\/sorbetkiwi.fr\/#organization"},"image":{"@id":"https:\/\/sorbetkiwi.fr\/index.php\/a-la-lumiere-de-nos-jours-de-clarisse-sabard\/#primaryimage"},"thumbnailUrl":"https:\/\/sorbetkiwi.fr\/wp-content\/uploads\/2025\/05\/A-la-lumiere-de-nos-jours-Clarisse-Sabard.png","keywords":["A la lumi\u00e8re de nos jours","Clarisse Sabard","Coup de coeur","Editions Charleston","\u00e9t\u00e9"],"articleSection":["Coups de coeur","L'\u00e9t\u00e9","Partenariats","Tout le blog"],"inLanguage":"fr-FR","potentialAction":[{"@type":"CommentAction","name":"Comment","target":["https:\/\/sorbetkiwi.fr\/index.php\/a-la-lumiere-de-nos-jours-de-clarisse-sabard\/#respond"]}]},{"@type":"WebPage","@id":"https:\/\/sorbetkiwi.fr\/index.php\/a-la-lumiere-de-nos-jours-de-clarisse-sabard\/","url":"https:\/\/sorbetkiwi.fr\/index.php\/a-la-lumiere-de-nos-jours-de-clarisse-sabard\/","name":"A la lumi\u00e8re de nos jours de Clarisse Sabard - Sorbet Kiwi","isPartOf":{"@id":"https:\/\/sorbetkiwi.fr\/#website"},"primaryImageOfPage":{"@id":"https:\/\/sorbetkiwi.fr\/index.php\/a-la-lumiere-de-nos-jours-de-clarisse-sabard\/#primaryimage"},"image":{"@id":"https:\/\/sorbetkiwi.fr\/index.php\/a-la-lumiere-de-nos-jours-de-clarisse-sabard\/#primaryimage"},"thumbnailUrl":"https:\/\/sorbetkiwi.fr\/wp-content\/uploads\/2025\/05\/A-la-lumiere-de-nos-jours-Clarisse-Sabard.png","datePublished":"2025-06-10T05:00:00+00:00","description":"Transfert de ma chronique du roman A la lumi\u00e8re de nos jours de Clarisse Sabard paru en 2021 aux \u00e9ditions Charleston.","breadcrumb":{"@id":"https:\/\/sorbetkiwi.fr\/index.php\/a-la-lumiere-de-nos-jours-de-clarisse-sabard\/#breadcrumb"},"inLanguage":"fr-FR","potentialAction":[{"@type":"ReadAction","target":["https:\/\/sorbetkiwi.fr\/index.php\/a-la-lumiere-de-nos-jours-de-clarisse-sabard\/"]}]},{"@type":"ImageObject","inLanguage":"fr-FR","@id":"https:\/\/sorbetkiwi.fr\/index.php\/a-la-lumiere-de-nos-jours-de-clarisse-sabard\/#primaryimage","url":"https:\/\/sorbetkiwi.fr\/wp-content\/uploads\/2025\/05\/A-la-lumiere-de-nos-jours-Clarisse-Sabard.png","contentUrl":"https:\/\/sorbetkiwi.fr\/wp-content\/uploads\/2025\/05\/A-la-lumiere-de-nos-jours-Clarisse-Sabard.png","width":1278,"height":1632,"caption":"A la lumi\u00e8re de nos jours Clarisse Sabard"},{"@type":"BreadcrumbList","@id":"https:\/\/sorbetkiwi.fr\/index.php\/a-la-lumiere-de-nos-jours-de-clarisse-sabard\/#breadcrumb","itemListElement":[{"@type":"ListItem","position":1,"name":"Accueil","item":"https:\/\/sorbetkiwi.fr\/"},{"@type":"ListItem","position":2,"name":"A la lumi\u00e8re de nos jours de Clarisse Sabard"}]},{"@type":"WebSite","@id":"https:\/\/sorbetkiwi.fr\/#website","url":"https:\/\/sorbetkiwi.fr\/","name":"Sorbet Kiwi","description":"Des lectures th\u00e9matiques par saison et les avis qui vont avec","publisher":{"@id":"https:\/\/sorbetkiwi.fr\/#organization"},"potentialAction":[{"@type":"SearchAction","target":{"@type":"EntryPoint","urlTemplate":"https:\/\/sorbetkiwi.fr\/?s={search_term_string}"},"query-input":{"@type":"PropertyValueSpecification","valueRequired":true,"valueName":"search_term_string"}}],"inLanguage":"fr-FR"},{"@type":"Organization","@id":"https:\/\/sorbetkiwi.fr\/#organization","name":"Sorbet Kiwi","url":"https:\/\/sorbetkiwi.fr\/","logo":{"@type":"ImageObject","inLanguage":"fr-FR","@id":"https:\/\/sorbetkiwi.fr\/#\/schema\/logo\/image\/","url":"https:\/\/sorbetkiwi.fr\/wp-content\/uploads\/2022\/10\/Banniere-Sorbet-Kiwi-2022.jpg","contentUrl":"https:\/\/sorbetkiwi.fr\/wp-content\/uploads\/2022\/10\/Banniere-Sorbet-Kiwi-2022.jpg","width":814,"height":401,"caption":"Sorbet Kiwi"},"image":{"@id":"https:\/\/sorbetkiwi.fr\/#\/schema\/logo\/image\/"},"sameAs":["https:\/\/www.facebook.com\/profile.php?id=100086238893269","https:\/\/x.com\/pepparshoes","https:\/\/www.instagram.com\/sorbetkiwi\/","https:\/\/www.tiktok.com\/sorbetkiwi"]},{"@type":"Person","@id":"https:\/\/sorbetkiwi.fr\/#\/schema\/person\/ed1b7b527a2957ddc3bf38b076540659","name":"Sorbet-Kiwi","image":{"@type":"ImageObject","inLanguage":"fr-FR","@id":"https:\/\/secure.gravatar.com\/avatar\/86f0a5c27d76317621b9e374d0f3a01d3a85278f10d0c7207ced4fd773057442?s=96&d=mm&r=g","url":"https:\/\/secure.gravatar.com\/avatar\/86f0a5c27d76317621b9e374d0f3a01d3a85278f10d0c7207ced4fd773057442?s=96&d=mm&r=g","contentUrl":"https:\/\/secure.gravatar.com\/avatar\/86f0a5c27d76317621b9e374d0f3a01d3a85278f10d0c7207ced4fd773057442?s=96&d=mm&r=g","caption":"Sorbet-Kiwi"},"sameAs":["http:\/\/sorbetkiwi.fr"],"url":"https:\/\/sorbetkiwi.fr\/index.php\/author\/admin7717\/"}]}},"_links":{"self":[{"href":"https:\/\/sorbetkiwi.fr\/index.php\/wp-json\/wp\/v2\/posts\/8104","targetHints":{"allow":["GET"]}}],"collection":[{"href":"https:\/\/sorbetkiwi.fr\/index.php\/wp-json\/wp\/v2\/posts"}],"about":[{"href":"https:\/\/sorbetkiwi.fr\/index.php\/wp-json\/wp\/v2\/types\/post"}],"author":[{"embeddable":true,"href":"https:\/\/sorbetkiwi.fr\/index.php\/wp-json\/wp\/v2\/users\/1"}],"replies":[{"embeddable":true,"href":"https:\/\/sorbetkiwi.fr\/index.php\/wp-json\/wp\/v2\/comments?post=8104"}],"version-history":[{"count":4,"href":"https:\/\/sorbetkiwi.fr\/index.php\/wp-json\/wp\/v2\/posts\/8104\/revisions"}],"predecessor-version":[{"id":8109,"href":"https:\/\/sorbetkiwi.fr\/index.php\/wp-json\/wp\/v2\/posts\/8104\/revisions\/8109"}],"wp:featuredmedia":[{"embeddable":true,"href":"https:\/\/sorbetkiwi.fr\/index.php\/wp-json\/wp\/v2\/media\/8105"}],"wp:attachment":[{"href":"https:\/\/sorbetkiwi.fr\/index.php\/wp-json\/wp\/v2\/media?parent=8104"}],"wp:term":[{"taxonomy":"category","embeddable":true,"href":"https:\/\/sorbetkiwi.fr\/index.php\/wp-json\/wp\/v2\/categories?post=8104"},{"taxonomy":"post_tag","embeddable":true,"href":"https:\/\/sorbetkiwi.fr\/index.php\/wp-json\/wp\/v2\/tags?post=8104"}],"curies":[{"name":"wp","href":"https:\/\/api.w.org\/{rel}","templated":true}]}}