{"id":8039,"date":"2025-06-09T07:00:00","date_gmt":"2025-06-09T05:00:00","guid":{"rendered":"https:\/\/sorbetkiwi.fr\/?p=8039"},"modified":"2025-06-17T17:43:38","modified_gmt":"2025-06-17T15:43:38","slug":"voyage-au-centre-de-la-terre-de-jules-verne","status":"publish","type":"post","link":"https:\/\/sorbetkiwi.fr\/index.php\/voyage-au-centre-de-la-terre-de-jules-verne\/","title":{"rendered":"Voyage au centre de la Terre de Jules Verne"},"content":{"rendered":"\t\t<div data-elementor-type=\"wp-post\" data-elementor-id=\"8039\" class=\"elementor elementor-8039\">\n\t\t\t\t\t\t<section class=\"elementor-section elementor-top-section elementor-element elementor-element-384200a9 elementor-section-boxed elementor-section-height-default elementor-section-height-default\" data-id=\"384200a9\" data-element_type=\"section\" data-e-type=\"section\">\n\t\t\t\t\t\t<div class=\"elementor-container elementor-column-gap-default\">\n\t\t\t\t\t<div class=\"elementor-column elementor-col-100 elementor-top-column elementor-element elementor-element-635e0e3c\" data-id=\"635e0e3c\" data-element_type=\"column\" data-e-type=\"column\">\n\t\t\t<div class=\"elementor-widget-wrap elementor-element-populated\">\n\t\t\t\t\t\t<div class=\"elementor-element elementor-element-46688b61 elementor-widget elementor-widget-heading\" data-id=\"46688b61\" data-element_type=\"widget\" data-e-type=\"widget\" data-widget_type=\"heading.default\">\n\t\t\t\t<div class=\"elementor-widget-container\">\n\t\t\t\t\t<h1 class=\"elementor-heading-title elementor-size-medium\">Voyage au centre de la Terre de Jules Verne<\/h1>\t\t\t\t<\/div>\n\t\t\t\t<\/div>\n\t\t\t\t<div class=\"elementor-element elementor-element-14ec2c01 elementor-view-default elementor-widget elementor-widget-icon\" data-id=\"14ec2c01\" data-element_type=\"widget\" data-e-type=\"widget\" data-widget_type=\"icon.default\">\n\t\t\t\t<div class=\"elementor-widget-container\">\n\t\t\t\t\t\t\t<div class=\"elementor-icon-wrapper\">\n\t\t\t<div class=\"elementor-icon\">\n\t\t\t<i aria-hidden=\"true\" class=\"fas fa-cocktail\"><\/i>\t\t\t<\/div>\n\t\t<\/div>\n\t\t\t\t\t\t<\/div>\n\t\t\t\t<\/div>\n\t\t\t\t<div class=\"elementor-element elementor-element-79b83a66 elementor-widget-divider--view-line elementor-widget elementor-widget-divider\" data-id=\"79b83a66\" data-element_type=\"widget\" data-e-type=\"widget\" data-widget_type=\"divider.default\">\n\t\t\t\t<div class=\"elementor-widget-container\">\n\t\t\t\t\t\t\t<div class=\"elementor-divider\">\n\t\t\t<span class=\"elementor-divider-separator\">\n\t\t\t\t\t\t<\/span>\n\t\t<\/div>\n\t\t\t\t\t\t<\/div>\n\t\t\t\t<\/div>\n\t\t\t\t<div class=\"elementor-element elementor-element-28e04b93 elementor-widget elementor-widget-heading\" data-id=\"28e04b93\" data-element_type=\"widget\" data-e-type=\"widget\" data-widget_type=\"heading.default\">\n\t\t\t\t<div class=\"elementor-widget-container\">\n\t\t\t\t\t<h2 class=\"elementor-heading-title elementor-size-medium\">R\u00e9sum\u00e9<\/h2>\t\t\t\t<\/div>\n\t\t\t\t<\/div>\n\t\t\t\t<div class=\"elementor-element elementor-element-c4bd9ee elementor-widget elementor-widget-text-editor\" data-id=\"c4bd9ee\" data-element_type=\"widget\" data-e-type=\"widget\" data-widget_type=\"text-editor.default\">\n\t\t\t\t<div class=\"elementor-widget-container\">\n\t\t\t\t\t\t\t\t\t<p>Dans la petite maison du vieux quartier de Hambourg o\u00f9 Axel, jeune homme assez timor\u00e9, travaille avec son oncle, l\u2019irascible professeur Lidenbrock, g\u00e9ologue et min\u00e9ralogiste, dont il aime la pupille, la charmante Gra\u00fcben, l\u2019ordre des choses est soudain boulevers\u00e9.\u00a0Dans un vieux manuscrit, Lidenbrock trouve un cryptogramme. Arne Saknussemm, c\u00e9l\u00e8bre savant islandais du XVIe si\u00e8cle, y r\u00e9v\u00e8le que par la chemin\u00e9e du crat\u00e8re du Sneffels, volcan \u00e9teint d\u2019Islande, il a p\u00e9n\u00e9tr\u00e9 jusqu\u2019au centre de la Terre !\u00a0Lidenbrock s\u2019enflamme aussit\u00f4t et part avec Axel pour l\u2019Islande o\u00f9, accompagn\u00e9s du guide Hans, aussi flegmatique que son ma\u00eetre est bouillant, ils s\u2019engouffrent dans les myst\u00e9rieuses profondeurs du volcan\u2026<\/p>\t\t\t\t\t\t\t\t<\/div>\n\t\t\t\t<\/div>\n\t\t\t\t<div class=\"elementor-element elementor-element-6d2d962a elementor-widget-divider--view-line elementor-widget elementor-widget-divider\" data-id=\"6d2d962a\" data-element_type=\"widget\" data-e-type=\"widget\" data-widget_type=\"divider.default\">\n\t\t\t\t<div class=\"elementor-widget-container\">\n\t\t\t\t\t\t\t<div class=\"elementor-divider\">\n\t\t\t<span class=\"elementor-divider-separator\">\n\t\t\t\t\t\t<\/span>\n\t\t<\/div>\n\t\t\t\t\t\t<\/div>\n\t\t\t\t<\/div>\n\t\t\t\t<div class=\"elementor-element elementor-element-518a1eff elementor-widget elementor-widget-heading\" data-id=\"518a1eff\" data-element_type=\"widget\" data-e-type=\"widget\" data-widget_type=\"heading.default\">\n\t\t\t\t<div class=\"elementor-widget-container\">\n\t\t\t\t\t<h2 class=\"elementor-heading-title elementor-size-medium\">Surprise coup de coeur<\/h2>\t\t\t\t<\/div>\n\t\t\t\t<\/div>\n\t\t\t\t<div class=\"elementor-element elementor-element-3e800ff9 elementor-widget elementor-widget-text-editor\" data-id=\"3e800ff9\" data-element_type=\"widget\" data-e-type=\"widget\" data-widget_type=\"text-editor.default\">\n\t\t\t\t<div class=\"elementor-widget-container\">\n\t\t\t\t\t\t\t\t\t<p>Encore une chronique d&rsquo;un roman de Jules Verne dans le cadre du challenge de <a href=\"https:\/\/dasola.canalblog.com\/2025\/03\/24\/lancement-d-un-challenge-autour-de-jules-verne-1828-1905.html\">Ta d lois du cin\u00e9<\/a>. Et cette fois-ci, c&rsquo;est celle d&rsquo;un coup de coeur pour Voyage au centre de la terre ! Pourtant, d\u2019habitude, je n\u2019aime pas les personnages qui r\u00e2lent, ces \u00e9ternels insatisfaits. Et pourtant, j\u2019ai beaucoup aim\u00e9 Axel, parce qu\u2019il avait de bonnes raisons. En effet, il r\u00e9fl\u00e9chissait en scientifique candide. Du coup, ce roman \u00e9tait un m\u00e9lange de roman de voyage et de roman scientifique vulgaris\u00e9. J\u2019adore ! A chaque fois qu\u2019Axel proposait une th\u00e9orie, son oncle Lidenbrock, scientifique un peu fou, la r\u00e9futait par des faits plausibles et parfois prouv\u00e9s. A l\u2019oppos\u00e9 de ces deux personnages principaux, l\u2019un angoiss\u00e9, l\u2019autre col\u00e9rique, se joignait a eux le guide Hans. Calme, pos\u00e9, r\u00e9fl\u00e9chit et connaisseur, mais aussi aventurier, il amenait un peu de paix dans le roman.<\/p>\t\t\t\t\t\t\t\t<\/div>\n\t\t\t\t<\/div>\n\t\t\t\t<div class=\"elementor-element elementor-element-e4ad7e7 elementor-widget-divider--view-line elementor-widget elementor-widget-divider\" data-id=\"e4ad7e7\" data-element_type=\"widget\" data-e-type=\"widget\" data-widget_type=\"divider.default\">\n\t\t\t\t<div class=\"elementor-widget-container\">\n\t\t\t\t\t\t\t<div class=\"elementor-divider\">\n\t\t\t<span class=\"elementor-divider-separator\">\n\t\t\t\t\t\t<\/span>\n\t\t<\/div>\n\t\t\t\t\t\t<\/div>\n\t\t\t\t<\/div>\n\t\t\t\t<div class=\"elementor-element elementor-element-735b8023 elementor-widget elementor-widget-heading\" data-id=\"735b8023\" data-element_type=\"widget\" data-e-type=\"widget\" data-widget_type=\"heading.default\">\n\t\t\t\t<div class=\"elementor-widget-container\">\n\t\t\t\t\t<h4 class=\"elementor-heading-title elementor-size-medium\">\"- La science, mon gar\u00e7on, est faite d'erreurs, mais d'erreurs qu'il est bon de commettre, car elles m\u00e8nent peu \u00e0 peu \u00e0 la v\u00e9rit\u00e9.\"<\/h4>\t\t\t\t<\/div>\n\t\t\t\t<\/div>\n\t\t\t\t<div class=\"elementor-element elementor-element-7ee26855 elementor-widget-divider--view-line elementor-widget elementor-widget-divider\" data-id=\"7ee26855\" data-element_type=\"widget\" data-e-type=\"widget\" data-widget_type=\"divider.default\">\n\t\t\t\t<div class=\"elementor-widget-container\">\n\t\t\t\t\t\t\t<div class=\"elementor-divider\">\n\t\t\t<span class=\"elementor-divider-separator\">\n\t\t\t\t\t\t<\/span>\n\t\t<\/div>\n\t\t\t\t\t\t<\/div>\n\t\t\t\t<\/div>\n\t\t\t\t<div class=\"elementor-element elementor-element-6edbe82a elementor-widget elementor-widget-heading\" data-id=\"6edbe82a\" data-element_type=\"widget\" data-e-type=\"widget\" data-widget_type=\"heading.default\">\n\t\t\t\t<div class=\"elementor-widget-container\">\n\t\t\t\t\t<h2 class=\"elementor-heading-title elementor-size-medium\">Une construction en deux temps<\/h2>\t\t\t\t<\/div>\n\t\t\t\t<\/div>\n\t\t\t\t<div class=\"elementor-element elementor-element-227ae6c1 elementor-widget elementor-widget-text-editor\" data-id=\"227ae6c1\" data-element_type=\"widget\" data-e-type=\"widget\" data-widget_type=\"text-editor.default\">\n\t\t\t\t<div class=\"elementor-widget-container\">\n\t\t\t\t\t\t\t\t\t<p>L\u2019oeuvre a deux rythmes diff\u00e9rents, qui se modifient vers le 3\/4. D\u2019abord, l\u2019\u00e9laboration du voyage et une premi\u00e8re partie du voyage, qui se d\u00e9roule relativement sans encombre. Durant lequel Axel ne nous rapporte que ses angoisses. Mais elles sont bas\u00e9es sur des hypoth\u00e8ses. Puis il s\u2019enthousiasme, puisqu\u2019il se rend compte que le voyage se passe bien, et que son oncle a peut-\u00eatre raison. Enfin, la derni\u00e8re partie du roman, o\u00f9 tout s\u2019acc\u00e9l\u00e8re jusqu\u2019\u00e0 la chute, dont je me doutais quelque peu. Mais il faut se laisser surprendre un peu lorsqu\u2019on lit un Jules Verne, apr\u00e8s tout, c\u2019est accessible aux enfants je trouve.<\/p>\t\t\t\t\t\t\t\t<\/div>\n\t\t\t\t<\/div>\n\t\t\t\t<div class=\"elementor-element elementor-element-7c74084b elementor-widget-divider--view-line elementor-widget elementor-widget-divider\" data-id=\"7c74084b\" data-element_type=\"widget\" data-e-type=\"widget\" data-widget_type=\"divider.default\">\n\t\t\t\t<div class=\"elementor-widget-container\">\n\t\t\t\t\t\t\t<div class=\"elementor-divider\">\n\t\t\t<span class=\"elementor-divider-separator\">\n\t\t\t\t\t\t<\/span>\n\t\t<\/div>\n\t\t\t\t\t\t<\/div>\n\t\t\t\t<\/div>\n\t\t\t\t<div class=\"elementor-element elementor-element-17972b21 elementor-widget elementor-widget-heading\" data-id=\"17972b21\" data-element_type=\"widget\" data-e-type=\"widget\" data-widget_type=\"heading.default\">\n\t\t\t\t<div class=\"elementor-widget-container\">\n\t\t\t\t\t<h2 class=\"elementor-heading-title elementor-size-medium\">Un vrai voyage imaginaire et initiatique<\/h2>\t\t\t\t<\/div>\n\t\t\t\t<\/div>\n\t\t\t\t<div class=\"elementor-element elementor-element-1e55064 elementor-widget elementor-widget-text-editor\" data-id=\"1e55064\" data-element_type=\"widget\" data-e-type=\"widget\" data-widget_type=\"text-editor.default\">\n\t\t\t\t<div class=\"elementor-widget-container\">\n\t\t\t\t\t\t\t\t\t<p>Dans tous les cas, l\u2019imagination travaille, on part en voyage et ce r\u00e9cit m\u2019a troubl\u00e9 quelque peu. J\u2019ai envie de gravir le Sneffels du coup ! C\u2019est vrai qu\u2019il reste de si nombreuses parties du monde que l\u2019on n\u2019a pas explor\u00e9\u2026 Je vous le conseille si vous avez envie de partir \u00e0 l\u2019aventure imaginaire en tous cas ! Pour moi, c\u2019est un vrai coup de c\u0153ur ! Je n\u2019ai pas envie de quitter les personnages, mais surtout, le centre de la Terre !<\/p><p>Chronique transf\u00e9r\u00e9e de <a href=\"https:\/\/sorbetkiwi.wordpress.com\/2015\/03\/24\/voyage-au-centre-de-la-terre-de-jules-verne\/\">mon ancien blog<\/a>.<\/p>\t\t\t\t\t\t\t\t<\/div>\n\t\t\t\t<\/div>\n\t\t\t\t<div class=\"elementor-element elementor-element-3e30abff elementor-widget elementor-widget-heading\" data-id=\"3e30abff\" data-element_type=\"widget\" data-e-type=\"widget\" data-widget_type=\"heading.default\">\n\t\t\t\t<div class=\"elementor-widget-container\">\n\t\t\t\t\t<h4 class=\"elementor-heading-title elementor-size-medium\">Les autres romans de l'auteur :<\/h4>\t\t\t\t<\/div>\n\t\t\t\t<\/div>\n\t\t\t\t<div class=\"elementor-element elementor-element-3bb26303 elementor-widget elementor-widget-text-editor\" data-id=\"3bb26303\" data-element_type=\"widget\" data-e-type=\"widget\" data-widget_type=\"text-editor.default\">\n\t\t\t\t<div class=\"elementor-widget-container\">\n\t\t\t\t\t\t\t\t\t<p>Mes chroniques des autres romans de l&rsquo;auteur :\u00a0<\/p><ul><li><a href=\"https:\/\/sorbetkiwi.fr\/?p=8023\">Une fantaisie du Docteur Ox<\/a><\/li><li><a href=\"https:\/\/sorbetkiwi.fr\/index.php\/le-tour-du-monde-en-80-jours-de-jules-verne\/\">Le tour du monde en 80 jours<\/a><\/li><li><a href=\"https:\/\/sorbetkiwi.fr\/index.php\/une-ville-flottante-de-jules-verne\/\">Une ville flottante<\/a><\/li><li><a href=\"https:\/\/sorbetkiwi.fr\/index.php\/les-forceurs-de-blocus-de-jules-verne\/\">Les forceurs de blocus<\/a><\/li><li><a href=\"https:\/\/sorbetkiwi.fr\/index.php\/20-000-lieues-sous-les-mers-de-jules-verne\/\">20 000 lieues sous les mers<\/a><\/li><li>Voyage au centre de la terre<\/li><li>Les Indes noires &#8211; <a href=\"https:\/\/www.livraddict.com\/profil\/sorbet-kiwi\/?goto=pal\">dans ma PAL<\/a><\/li><\/ul>\t\t\t\t\t\t\t\t<\/div>\n\t\t\t\t<\/div>\n\t\t\t\t\t<\/div>\n\t\t<\/div>\n\t\t\t\t\t<\/div>\n\t\t<\/section>\n\t\t\t\t<\/div>\n\t\t","protected":false},"excerpt":{"rendered":"<p>Voyage au centre de la Terre de Jules Verne R\u00e9sum\u00e9 Dans la petite maison du vieux quartier de Hambourg o\u00f9 Axel, jeune homme assez timor\u00e9, travaille avec son oncle, l\u2019irascible professeur Lidenbrock, g\u00e9ologue et min\u00e9ralogiste, &hellip; <\/p>\n","protected":false},"author":1,"featured_media":8083,"comment_status":"open","ping_status":"open","sticky":false,"template":"","format":"standard","meta":{"footnotes":""},"categories":[9,14,1],"tags":[1995,169,736,123,1990,170,1081,1996],"class_list":["post-8039","post","type-post","status-publish","format-standard","has-post-thumbnail","hentry","category-coups-de-coeur","category-l-ete","category-tout-le-blog","tag-aventure","tag-editions-le-livre-de-poche","tag-ete","tag-jeunesse","tag-jules-verne","tag-le-livre-de-poche","tag-science-fiction","tag-voyage-au-centre-de-la-terre","has-single-img"],"yoast_head":"<!-- This site is optimized with the Yoast SEO plugin v27.4 - https:\/\/yoast.com\/product\/yoast-seo-wordpress\/ -->\n<title>Voyage au centre de la Terre de Jules Verne - Sorbet Kiwi<\/title>\n<meta name=\"description\" content=\"Ma chronique du roman Voyage au centre de la Terre de Jules Verne publi\u00e9 aux \u00e9ditions Le livre de poche en 2009.\" \/>\n<meta name=\"robots\" content=\"index, follow, max-snippet:-1, max-image-preview:large, max-video-preview:-1\" \/>\n<link rel=\"canonical\" href=\"https:\/\/sorbetkiwi.fr\/index.php\/voyage-au-centre-de-la-terre-de-jules-verne\/\" \/>\n<meta property=\"og:locale\" content=\"fr_FR\" \/>\n<meta property=\"og:type\" content=\"article\" \/>\n<meta property=\"og:title\" content=\"Voyage au centre de la Terre de Jules Verne - Sorbet Kiwi\" \/>\n<meta property=\"og:description\" content=\"Ma chronique du roman Voyage au centre de la Terre de Jules Verne publi\u00e9 aux \u00e9ditions Le livre de poche en 2009.\" \/>\n<meta property=\"og:url\" content=\"https:\/\/sorbetkiwi.fr\/index.php\/voyage-au-centre-de-la-terre-de-jules-verne\/\" \/>\n<meta property=\"og:site_name\" content=\"Sorbet Kiwi\" \/>\n<meta property=\"article:publisher\" content=\"https:\/\/www.facebook.com\/profile.php?id=100086238893269\" \/>\n<meta property=\"article:published_time\" content=\"2025-06-09T05:00:00+00:00\" \/>\n<meta property=\"article:modified_time\" content=\"2025-06-17T15:43:38+00:00\" \/>\n<meta property=\"og:image\" content=\"https:\/\/sorbetkiwi.fr\/wp-content\/uploads\/2025\/05\/Voyage-au-centre-de-la-terre-Jules-Verne-683x1024.jpg\" \/>\n\t<meta property=\"og:image:width\" content=\"683\" \/>\n\t<meta property=\"og:image:height\" content=\"1024\" \/>\n\t<meta property=\"og:image:type\" content=\"image\/jpeg\" \/>\n<meta name=\"author\" content=\"Sorbet-Kiwi\" \/>\n<meta name=\"twitter:card\" content=\"summary_large_image\" \/>\n<meta name=\"twitter:creator\" content=\"@pepparshoes\" \/>\n<meta name=\"twitter:site\" content=\"@pepparshoes\" \/>\n<meta name=\"twitter:label1\" content=\"\u00c9crit par\" \/>\n\t<meta name=\"twitter:data1\" content=\"Sorbet-Kiwi\" \/>\n\t<meta name=\"twitter:label2\" content=\"Dur\u00e9e de lecture estim\u00e9e\" \/>\n\t<meta name=\"twitter:data2\" content=\"3 minutes\" \/>\n<script type=\"application\/ld+json\" class=\"yoast-schema-graph\">{\"@context\":\"https:\\\/\\\/schema.org\",\"@graph\":[{\"@type\":\"Article\",\"@id\":\"https:\\\/\\\/sorbetkiwi.fr\\\/index.php\\\/voyage-au-centre-de-la-terre-de-jules-verne\\\/#article\",\"isPartOf\":{\"@id\":\"https:\\\/\\\/sorbetkiwi.fr\\\/index.php\\\/voyage-au-centre-de-la-terre-de-jules-verne\\\/\"},\"author\":{\"name\":\"Sorbet-Kiwi\",\"@id\":\"https:\\\/\\\/sorbetkiwi.fr\\\/#\\\/schema\\\/person\\\/ed1b7b527a2957ddc3bf38b076540659\"},\"headline\":\"Voyage au centre de la Terre de Jules Verne\",\"datePublished\":\"2025-06-09T05:00:00+00:00\",\"dateModified\":\"2025-06-17T15:43:38+00:00\",\"mainEntityOfPage\":{\"@id\":\"https:\\\/\\\/sorbetkiwi.fr\\\/index.php\\\/voyage-au-centre-de-la-terre-de-jules-verne\\\/\"},\"wordCount\":620,\"commentCount\":2,\"publisher\":{\"@id\":\"https:\\\/\\\/sorbetkiwi.fr\\\/#organization\"},\"image\":{\"@id\":\"https:\\\/\\\/sorbetkiwi.fr\\\/index.php\\\/voyage-au-centre-de-la-terre-de-jules-verne\\\/#primaryimage\"},\"thumbnailUrl\":\"https:\\\/\\\/sorbetkiwi.fr\\\/wp-content\\\/uploads\\\/2025\\\/05\\\/Voyage-au-centre-de-la-terre-Jules-Verne.jpg\",\"keywords\":[\"Aventure\",\"Editions Le livre de poche\",\"\u00e9t\u00e9\",\"Jeunesse\",\"Jules Verne\",\"Le livre de poche\",\"Science-Fiction\",\"Voyage au centre de la terre\"],\"articleSection\":[\"Coups de coeur\",\"L'\u00e9t\u00e9\",\"Tout le blog\"],\"inLanguage\":\"fr-FR\",\"potentialAction\":[{\"@type\":\"CommentAction\",\"name\":\"Comment\",\"target\":[\"https:\\\/\\\/sorbetkiwi.fr\\\/index.php\\\/voyage-au-centre-de-la-terre-de-jules-verne\\\/#respond\"]}]},{\"@type\":\"WebPage\",\"@id\":\"https:\\\/\\\/sorbetkiwi.fr\\\/index.php\\\/voyage-au-centre-de-la-terre-de-jules-verne\\\/\",\"url\":\"https:\\\/\\\/sorbetkiwi.fr\\\/index.php\\\/voyage-au-centre-de-la-terre-de-jules-verne\\\/\",\"name\":\"Voyage au centre de la Terre de Jules Verne - Sorbet Kiwi\",\"isPartOf\":{\"@id\":\"https:\\\/\\\/sorbetkiwi.fr\\\/#website\"},\"primaryImageOfPage\":{\"@id\":\"https:\\\/\\\/sorbetkiwi.fr\\\/index.php\\\/voyage-au-centre-de-la-terre-de-jules-verne\\\/#primaryimage\"},\"image\":{\"@id\":\"https:\\\/\\\/sorbetkiwi.fr\\\/index.php\\\/voyage-au-centre-de-la-terre-de-jules-verne\\\/#primaryimage\"},\"thumbnailUrl\":\"https:\\\/\\\/sorbetkiwi.fr\\\/wp-content\\\/uploads\\\/2025\\\/05\\\/Voyage-au-centre-de-la-terre-Jules-Verne.jpg\",\"datePublished\":\"2025-06-09T05:00:00+00:00\",\"dateModified\":\"2025-06-17T15:43:38+00:00\",\"description\":\"Ma chronique du roman Voyage au centre de la Terre de Jules Verne publi\u00e9 aux \u00e9ditions Le livre de poche en 2009.\",\"breadcrumb\":{\"@id\":\"https:\\\/\\\/sorbetkiwi.fr\\\/index.php\\\/voyage-au-centre-de-la-terre-de-jules-verne\\\/#breadcrumb\"},\"inLanguage\":\"fr-FR\",\"potentialAction\":[{\"@type\":\"ReadAction\",\"target\":[\"https:\\\/\\\/sorbetkiwi.fr\\\/index.php\\\/voyage-au-centre-de-la-terre-de-jules-verne\\\/\"]}]},{\"@type\":\"ImageObject\",\"inLanguage\":\"fr-FR\",\"@id\":\"https:\\\/\\\/sorbetkiwi.fr\\\/index.php\\\/voyage-au-centre-de-la-terre-de-jules-verne\\\/#primaryimage\",\"url\":\"https:\\\/\\\/sorbetkiwi.fr\\\/wp-content\\\/uploads\\\/2025\\\/05\\\/Voyage-au-centre-de-la-terre-Jules-Verne.jpg\",\"contentUrl\":\"https:\\\/\\\/sorbetkiwi.fr\\\/wp-content\\\/uploads\\\/2025\\\/05\\\/Voyage-au-centre-de-la-terre-Jules-Verne.jpg\",\"width\":1280,\"height\":1920,\"caption\":\"Voyage au centre de la terre Jules Verne\"},{\"@type\":\"BreadcrumbList\",\"@id\":\"https:\\\/\\\/sorbetkiwi.fr\\\/index.php\\\/voyage-au-centre-de-la-terre-de-jules-verne\\\/#breadcrumb\",\"itemListElement\":[{\"@type\":\"ListItem\",\"position\":1,\"name\":\"Accueil\",\"item\":\"https:\\\/\\\/sorbetkiwi.fr\\\/\"},{\"@type\":\"ListItem\",\"position\":2,\"name\":\"Voyage au centre de la Terre de Jules Verne\"}]},{\"@type\":\"WebSite\",\"@id\":\"https:\\\/\\\/sorbetkiwi.fr\\\/#website\",\"url\":\"https:\\\/\\\/sorbetkiwi.fr\\\/\",\"name\":\"Sorbet Kiwi\",\"description\":\"Des lectures th\u00e9matiques par saison et les avis qui vont avec\",\"publisher\":{\"@id\":\"https:\\\/\\\/sorbetkiwi.fr\\\/#organization\"},\"potentialAction\":[{\"@type\":\"SearchAction\",\"target\":{\"@type\":\"EntryPoint\",\"urlTemplate\":\"https:\\\/\\\/sorbetkiwi.fr\\\/?s={search_term_string}\"},\"query-input\":{\"@type\":\"PropertyValueSpecification\",\"valueRequired\":true,\"valueName\":\"search_term_string\"}}],\"inLanguage\":\"fr-FR\"},{\"@type\":\"Organization\",\"@id\":\"https:\\\/\\\/sorbetkiwi.fr\\\/#organization\",\"name\":\"Sorbet Kiwi\",\"url\":\"https:\\\/\\\/sorbetkiwi.fr\\\/\",\"logo\":{\"@type\":\"ImageObject\",\"inLanguage\":\"fr-FR\",\"@id\":\"https:\\\/\\\/sorbetkiwi.fr\\\/#\\\/schema\\\/logo\\\/image\\\/\",\"url\":\"https:\\\/\\\/sorbetkiwi.fr\\\/wp-content\\\/uploads\\\/2022\\\/10\\\/Banniere-Sorbet-Kiwi-2022.jpg\",\"contentUrl\":\"https:\\\/\\\/sorbetkiwi.fr\\\/wp-content\\\/uploads\\\/2022\\\/10\\\/Banniere-Sorbet-Kiwi-2022.jpg\",\"width\":814,\"height\":401,\"caption\":\"Sorbet Kiwi\"},\"image\":{\"@id\":\"https:\\\/\\\/sorbetkiwi.fr\\\/#\\\/schema\\\/logo\\\/image\\\/\"},\"sameAs\":[\"https:\\\/\\\/www.facebook.com\\\/profile.php?id=100086238893269\",\"https:\\\/\\\/x.com\\\/pepparshoes\",\"https:\\\/\\\/www.instagram.com\\\/sorbetkiwi\\\/\",\"https:\\\/\\\/www.tiktok.com\\\/sorbetkiwi\"]},{\"@type\":\"Person\",\"@id\":\"https:\\\/\\\/sorbetkiwi.fr\\\/#\\\/schema\\\/person\\\/ed1b7b527a2957ddc3bf38b076540659\",\"name\":\"Sorbet-Kiwi\",\"image\":{\"@type\":\"ImageObject\",\"inLanguage\":\"fr-FR\",\"@id\":\"https:\\\/\\\/secure.gravatar.com\\\/avatar\\\/86f0a5c27d76317621b9e374d0f3a01d3a85278f10d0c7207ced4fd773057442?s=96&d=mm&r=g\",\"url\":\"https:\\\/\\\/secure.gravatar.com\\\/avatar\\\/86f0a5c27d76317621b9e374d0f3a01d3a85278f10d0c7207ced4fd773057442?s=96&d=mm&r=g\",\"contentUrl\":\"https:\\\/\\\/secure.gravatar.com\\\/avatar\\\/86f0a5c27d76317621b9e374d0f3a01d3a85278f10d0c7207ced4fd773057442?s=96&d=mm&r=g\",\"caption\":\"Sorbet-Kiwi\"},\"sameAs\":[\"http:\\\/\\\/sorbetkiwi.fr\"],\"url\":\"https:\\\/\\\/sorbetkiwi.fr\\\/index.php\\\/author\\\/admin7717\\\/\"}]}<\/script>\n<!-- \/ Yoast SEO plugin. -->","yoast_head_json":{"title":"Voyage au centre de la Terre de Jules Verne - Sorbet Kiwi","description":"Ma chronique du roman Voyage au centre de la Terre de Jules Verne publi\u00e9 aux \u00e9ditions Le livre de poche en 2009.","robots":{"index":"index","follow":"follow","max-snippet":"max-snippet:-1","max-image-preview":"max-image-preview:large","max-video-preview":"max-video-preview:-1"},"canonical":"https:\/\/sorbetkiwi.fr\/index.php\/voyage-au-centre-de-la-terre-de-jules-verne\/","og_locale":"fr_FR","og_type":"article","og_title":"Voyage au centre de la Terre de Jules Verne - Sorbet Kiwi","og_description":"Ma chronique du roman Voyage au centre de la Terre de Jules Verne publi\u00e9 aux \u00e9ditions Le livre de poche en 2009.","og_url":"https:\/\/sorbetkiwi.fr\/index.php\/voyage-au-centre-de-la-terre-de-jules-verne\/","og_site_name":"Sorbet Kiwi","article_publisher":"https:\/\/www.facebook.com\/profile.php?id=100086238893269","article_published_time":"2025-06-09T05:00:00+00:00","article_modified_time":"2025-06-17T15:43:38+00:00","og_image":[{"width":683,"height":1024,"url":"https:\/\/sorbetkiwi.fr\/wp-content\/uploads\/2025\/05\/Voyage-au-centre-de-la-terre-Jules-Verne-683x1024.jpg","type":"image\/jpeg"}],"author":"Sorbet-Kiwi","twitter_card":"summary_large_image","twitter_creator":"@pepparshoes","twitter_site":"@pepparshoes","twitter_misc":{"\u00c9crit par":"Sorbet-Kiwi","Dur\u00e9e de lecture estim\u00e9e":"3 minutes"},"schema":{"@context":"https:\/\/schema.org","@graph":[{"@type":"Article","@id":"https:\/\/sorbetkiwi.fr\/index.php\/voyage-au-centre-de-la-terre-de-jules-verne\/#article","isPartOf":{"@id":"https:\/\/sorbetkiwi.fr\/index.php\/voyage-au-centre-de-la-terre-de-jules-verne\/"},"author":{"name":"Sorbet-Kiwi","@id":"https:\/\/sorbetkiwi.fr\/#\/schema\/person\/ed1b7b527a2957ddc3bf38b076540659"},"headline":"Voyage au centre de la Terre de Jules Verne","datePublished":"2025-06-09T05:00:00+00:00","dateModified":"2025-06-17T15:43:38+00:00","mainEntityOfPage":{"@id":"https:\/\/sorbetkiwi.fr\/index.php\/voyage-au-centre-de-la-terre-de-jules-verne\/"},"wordCount":620,"commentCount":2,"publisher":{"@id":"https:\/\/sorbetkiwi.fr\/#organization"},"image":{"@id":"https:\/\/sorbetkiwi.fr\/index.php\/voyage-au-centre-de-la-terre-de-jules-verne\/#primaryimage"},"thumbnailUrl":"https:\/\/sorbetkiwi.fr\/wp-content\/uploads\/2025\/05\/Voyage-au-centre-de-la-terre-Jules-Verne.jpg","keywords":["Aventure","Editions Le livre de poche","\u00e9t\u00e9","Jeunesse","Jules Verne","Le livre de poche","Science-Fiction","Voyage au centre de la terre"],"articleSection":["Coups de coeur","L'\u00e9t\u00e9","Tout le blog"],"inLanguage":"fr-FR","potentialAction":[{"@type":"CommentAction","name":"Comment","target":["https:\/\/sorbetkiwi.fr\/index.php\/voyage-au-centre-de-la-terre-de-jules-verne\/#respond"]}]},{"@type":"WebPage","@id":"https:\/\/sorbetkiwi.fr\/index.php\/voyage-au-centre-de-la-terre-de-jules-verne\/","url":"https:\/\/sorbetkiwi.fr\/index.php\/voyage-au-centre-de-la-terre-de-jules-verne\/","name":"Voyage au centre de la Terre de Jules Verne - Sorbet Kiwi","isPartOf":{"@id":"https:\/\/sorbetkiwi.fr\/#website"},"primaryImageOfPage":{"@id":"https:\/\/sorbetkiwi.fr\/index.php\/voyage-au-centre-de-la-terre-de-jules-verne\/#primaryimage"},"image":{"@id":"https:\/\/sorbetkiwi.fr\/index.php\/voyage-au-centre-de-la-terre-de-jules-verne\/#primaryimage"},"thumbnailUrl":"https:\/\/sorbetkiwi.fr\/wp-content\/uploads\/2025\/05\/Voyage-au-centre-de-la-terre-Jules-Verne.jpg","datePublished":"2025-06-09T05:00:00+00:00","dateModified":"2025-06-17T15:43:38+00:00","description":"Ma chronique du roman Voyage au centre de la Terre de Jules Verne publi\u00e9 aux \u00e9ditions Le livre de poche en 2009.","breadcrumb":{"@id":"https:\/\/sorbetkiwi.fr\/index.php\/voyage-au-centre-de-la-terre-de-jules-verne\/#breadcrumb"},"inLanguage":"fr-FR","potentialAction":[{"@type":"ReadAction","target":["https:\/\/sorbetkiwi.fr\/index.php\/voyage-au-centre-de-la-terre-de-jules-verne\/"]}]},{"@type":"ImageObject","inLanguage":"fr-FR","@id":"https:\/\/sorbetkiwi.fr\/index.php\/voyage-au-centre-de-la-terre-de-jules-verne\/#primaryimage","url":"https:\/\/sorbetkiwi.fr\/wp-content\/uploads\/2025\/05\/Voyage-au-centre-de-la-terre-Jules-Verne.jpg","contentUrl":"https:\/\/sorbetkiwi.fr\/wp-content\/uploads\/2025\/05\/Voyage-au-centre-de-la-terre-Jules-Verne.jpg","width":1280,"height":1920,"caption":"Voyage au centre de la terre Jules Verne"},{"@type":"BreadcrumbList","@id":"https:\/\/sorbetkiwi.fr\/index.php\/voyage-au-centre-de-la-terre-de-jules-verne\/#breadcrumb","itemListElement":[{"@type":"ListItem","position":1,"name":"Accueil","item":"https:\/\/sorbetkiwi.fr\/"},{"@type":"ListItem","position":2,"name":"Voyage au centre de la Terre de Jules Verne"}]},{"@type":"WebSite","@id":"https:\/\/sorbetkiwi.fr\/#website","url":"https:\/\/sorbetkiwi.fr\/","name":"Sorbet Kiwi","description":"Des lectures th\u00e9matiques par saison et les avis qui vont avec","publisher":{"@id":"https:\/\/sorbetkiwi.fr\/#organization"},"potentialAction":[{"@type":"SearchAction","target":{"@type":"EntryPoint","urlTemplate":"https:\/\/sorbetkiwi.fr\/?s={search_term_string}"},"query-input":{"@type":"PropertyValueSpecification","valueRequired":true,"valueName":"search_term_string"}}],"inLanguage":"fr-FR"},{"@type":"Organization","@id":"https:\/\/sorbetkiwi.fr\/#organization","name":"Sorbet Kiwi","url":"https:\/\/sorbetkiwi.fr\/","logo":{"@type":"ImageObject","inLanguage":"fr-FR","@id":"https:\/\/sorbetkiwi.fr\/#\/schema\/logo\/image\/","url":"https:\/\/sorbetkiwi.fr\/wp-content\/uploads\/2022\/10\/Banniere-Sorbet-Kiwi-2022.jpg","contentUrl":"https:\/\/sorbetkiwi.fr\/wp-content\/uploads\/2022\/10\/Banniere-Sorbet-Kiwi-2022.jpg","width":814,"height":401,"caption":"Sorbet Kiwi"},"image":{"@id":"https:\/\/sorbetkiwi.fr\/#\/schema\/logo\/image\/"},"sameAs":["https:\/\/www.facebook.com\/profile.php?id=100086238893269","https:\/\/x.com\/pepparshoes","https:\/\/www.instagram.com\/sorbetkiwi\/","https:\/\/www.tiktok.com\/sorbetkiwi"]},{"@type":"Person","@id":"https:\/\/sorbetkiwi.fr\/#\/schema\/person\/ed1b7b527a2957ddc3bf38b076540659","name":"Sorbet-Kiwi","image":{"@type":"ImageObject","inLanguage":"fr-FR","@id":"https:\/\/secure.gravatar.com\/avatar\/86f0a5c27d76317621b9e374d0f3a01d3a85278f10d0c7207ced4fd773057442?s=96&d=mm&r=g","url":"https:\/\/secure.gravatar.com\/avatar\/86f0a5c27d76317621b9e374d0f3a01d3a85278f10d0c7207ced4fd773057442?s=96&d=mm&r=g","contentUrl":"https:\/\/secure.gravatar.com\/avatar\/86f0a5c27d76317621b9e374d0f3a01d3a85278f10d0c7207ced4fd773057442?s=96&d=mm&r=g","caption":"Sorbet-Kiwi"},"sameAs":["http:\/\/sorbetkiwi.fr"],"url":"https:\/\/sorbetkiwi.fr\/index.php\/author\/admin7717\/"}]}},"_links":{"self":[{"href":"https:\/\/sorbetkiwi.fr\/index.php\/wp-json\/wp\/v2\/posts\/8039","targetHints":{"allow":["GET"]}}],"collection":[{"href":"https:\/\/sorbetkiwi.fr\/index.php\/wp-json\/wp\/v2\/posts"}],"about":[{"href":"https:\/\/sorbetkiwi.fr\/index.php\/wp-json\/wp\/v2\/types\/post"}],"author":[{"embeddable":true,"href":"https:\/\/sorbetkiwi.fr\/index.php\/wp-json\/wp\/v2\/users\/1"}],"replies":[{"embeddable":true,"href":"https:\/\/sorbetkiwi.fr\/index.php\/wp-json\/wp\/v2\/comments?post=8039"}],"version-history":[{"count":10,"href":"https:\/\/sorbetkiwi.fr\/index.php\/wp-json\/wp\/v2\/posts\/8039\/revisions"}],"predecessor-version":[{"id":8157,"href":"https:\/\/sorbetkiwi.fr\/index.php\/wp-json\/wp\/v2\/posts\/8039\/revisions\/8157"}],"wp:featuredmedia":[{"embeddable":true,"href":"https:\/\/sorbetkiwi.fr\/index.php\/wp-json\/wp\/v2\/media\/8083"}],"wp:attachment":[{"href":"https:\/\/sorbetkiwi.fr\/index.php\/wp-json\/wp\/v2\/media?parent=8039"}],"wp:term":[{"taxonomy":"category","embeddable":true,"href":"https:\/\/sorbetkiwi.fr\/index.php\/wp-json\/wp\/v2\/categories?post=8039"},{"taxonomy":"post_tag","embeddable":true,"href":"https:\/\/sorbetkiwi.fr\/index.php\/wp-json\/wp\/v2\/tags?post=8039"}],"curies":[{"name":"wp","href":"https:\/\/api.w.org\/{rel}","templated":true}]}}