{"id":8008,"date":"2025-06-08T07:00:00","date_gmt":"2025-06-08T05:00:00","guid":{"rendered":"https:\/\/sorbetkiwi.fr\/?p=8008"},"modified":"2025-05-31T00:02:00","modified_gmt":"2025-05-30T22:02:00","slug":"je-veux-mon-chapeau-de-jon-klassen","status":"publish","type":"post","link":"https:\/\/sorbetkiwi.fr\/index.php\/je-veux-mon-chapeau-de-jon-klassen\/","title":{"rendered":"Je veux mon chapeau de Jon Klassen"},"content":{"rendered":"\t\t<div data-elementor-type=\"wp-post\" data-elementor-id=\"8008\" class=\"elementor elementor-8008\">\n\t\t\t\t\t\t<section class=\"elementor-section elementor-top-section elementor-element elementor-element-3bb19724 elementor-section-boxed elementor-section-height-default elementor-section-height-default\" data-id=\"3bb19724\" data-element_type=\"section\" data-e-type=\"section\">\n\t\t\t\t\t\t<div class=\"elementor-container elementor-column-gap-default\">\n\t\t\t\t\t<div class=\"elementor-column elementor-col-100 elementor-top-column elementor-element elementor-element-5259b6a3\" data-id=\"5259b6a3\" data-element_type=\"column\" data-e-type=\"column\">\n\t\t\t<div class=\"elementor-widget-wrap elementor-element-populated\">\n\t\t\t\t\t\t<div class=\"elementor-element elementor-element-4ec2c8ab elementor-widget elementor-widget-heading\" data-id=\"4ec2c8ab\" data-element_type=\"widget\" data-e-type=\"widget\" data-widget_type=\"heading.default\">\n\t\t\t\t<div class=\"elementor-widget-container\">\n\t\t\t\t\t<h1 class=\"elementor-heading-title elementor-size-medium\">Je veux mon chapeau, moi aussi !<\/h1>\t\t\t\t<\/div>\n\t\t\t\t<\/div>\n\t\t\t\t<div class=\"elementor-element elementor-element-1db6f1a6 elementor-view-default elementor-widget elementor-widget-icon\" data-id=\"1db6f1a6\" data-element_type=\"widget\" data-e-type=\"widget\" data-widget_type=\"icon.default\">\n\t\t\t\t<div class=\"elementor-widget-container\">\n\t\t\t\t\t\t\t<div class=\"elementor-icon-wrapper\">\n\t\t\t<div class=\"elementor-icon\">\n\t\t\t<i aria-hidden=\"true\" class=\"fas fa-cocktail\"><\/i>\t\t\t<\/div>\n\t\t<\/div>\n\t\t\t\t\t\t<\/div>\n\t\t\t\t<\/div>\n\t\t\t\t<div class=\"elementor-element elementor-element-6ebd21a3 elementor-widget-divider--view-line elementor-widget elementor-widget-divider\" data-id=\"6ebd21a3\" data-element_type=\"widget\" data-e-type=\"widget\" data-widget_type=\"divider.default\">\n\t\t\t\t<div class=\"elementor-widget-container\">\n\t\t\t\t\t\t\t<div class=\"elementor-divider\">\n\t\t\t<span class=\"elementor-divider-separator\">\n\t\t\t\t\t\t<\/span>\n\t\t<\/div>\n\t\t\t\t\t\t<\/div>\n\t\t\t\t<\/div>\n\t\t\t\t<div class=\"elementor-element elementor-element-397d90b8 elementor-widget elementor-widget-heading\" data-id=\"397d90b8\" data-element_type=\"widget\" data-e-type=\"widget\" data-widget_type=\"heading.default\">\n\t\t\t\t<div class=\"elementor-widget-container\">\n\t\t\t\t\t<h2 class=\"elementor-heading-title elementor-size-medium\">R\u00e9sum\u00e9<\/h2>\t\t\t\t<\/div>\n\t\t\t\t<\/div>\n\t\t\t\t<div class=\"elementor-element elementor-element-46cc8c92 elementor-widget elementor-widget-text-editor\" data-id=\"46cc8c92\" data-element_type=\"widget\" data-e-type=\"widget\" data-widget_type=\"text-editor.default\">\n\t\t\t\t<div class=\"elementor-widget-container\">\n\t\t\t\t\t\t\t\t\t<p>L\u2019ours a perdu son chapeau. Il demande \u00e0 tous les animaux qu\u2019il rencontre s\u2019ils l\u2019ont vu. Personne ne peut l\u2019aider. L\u2019ours est d\u00e9sesp\u00e9r\u00e9. Oui mais voil\u00e0 : parmi eux se trouve un lapin\u2026 qui porte un chapeau sur la t\u00eate\u2026 Cet album d\u2019une grande intelligence r\u00e9ussit l\u2019exploit, avec une histoire tr\u00e8s simple et des illustrations d\u2019une rare sobri\u00e9t\u00e9, de s\u2019adresser autant aux jeunes lecteurs qu\u2019\u00e0 leurs parents. Une forme cin\u00e9matographique, beaucoup d\u2019humour : un futur classique !<\/p>\t\t\t\t\t\t\t\t<\/div>\n\t\t\t\t<\/div>\n\t\t\t\t<div class=\"elementor-element elementor-element-2213a75e elementor-widget-divider--view-line elementor-widget elementor-widget-divider\" data-id=\"2213a75e\" data-element_type=\"widget\" data-e-type=\"widget\" data-widget_type=\"divider.default\">\n\t\t\t\t<div class=\"elementor-widget-container\">\n\t\t\t\t\t\t\t<div class=\"elementor-divider\">\n\t\t\t<span class=\"elementor-divider-separator\">\n\t\t\t\t\t\t<\/span>\n\t\t<\/div>\n\t\t\t\t\t\t<\/div>\n\t\t\t\t<\/div>\n\t\t\t\t<div class=\"elementor-element elementor-element-7f2289e7 elementor-widget elementor-widget-heading\" data-id=\"7f2289e7\" data-element_type=\"widget\" data-e-type=\"widget\" data-widget_type=\"heading.default\">\n\t\t\t\t<div class=\"elementor-widget-container\">\n\t\t\t\t\t<h2 class=\"elementor-heading-title elementor-size-medium\">Un album malicieux<\/h2>\t\t\t\t<\/div>\n\t\t\t\t<\/div>\n\t\t\t\t<div class=\"elementor-element elementor-element-693ff9c5 elementor-widget elementor-widget-text-editor\" data-id=\"693ff9c5\" data-element_type=\"widget\" data-e-type=\"widget\" data-widget_type=\"text-editor.default\">\n\t\t\t\t<div class=\"elementor-widget-container\">\n\t\t\t\t\t\t\t\t\t<p>Je ne savais pas du tout \u00e0 quoi m&rsquo;attendre avec cet album jeunesse au sujet d&rsquo;un chapeau. Mais j&rsquo;ai entendu du bien de Jon Klassen, il \u00e9tait dans ma liste d&rsquo;auteurs \u00e0 d\u00e9couvrir, je me suis lanc\u00e9e ainsi. Et quelle meilleure saison que l&rsquo;\u00e9t\u00e9 pour partir \u00e0 la recherche d&rsquo;un couvre-chef ? Je l&rsquo;ai referm\u00e9 avec les yeux p\u00e9tillants de malice, car il a une touche d&rsquo;humour id\u00e9ale.<\/p>\t\t\t\t\t\t\t\t<\/div>\n\t\t\t\t<\/div>\n\t\t\t\t<div class=\"elementor-element elementor-element-f31daf7 elementor-widget-divider--view-line elementor-widget elementor-widget-divider\" data-id=\"f31daf7\" data-element_type=\"widget\" data-e-type=\"widget\" data-widget_type=\"divider.default\">\n\t\t\t\t<div class=\"elementor-widget-container\">\n\t\t\t\t\t\t\t<div class=\"elementor-divider\">\n\t\t\t<span class=\"elementor-divider-separator\">\n\t\t\t\t\t\t<\/span>\n\t\t<\/div>\n\t\t\t\t\t\t<\/div>\n\t\t\t\t<\/div>\n\t\t\t\t<div class=\"elementor-element elementor-element-324c8ce7 elementor-widget elementor-widget-heading\" data-id=\"324c8ce7\" data-element_type=\"widget\" data-e-type=\"widget\" data-widget_type=\"heading.default\">\n\t\t\t\t<div class=\"elementor-widget-container\">\n\t\t\t\t\t<h4 class=\"elementor-heading-title elementor-size-medium\">\"J'ai perdu mon chapeau.\nEt personne ne l'a vu.\"<\/h4>\t\t\t\t<\/div>\n\t\t\t\t<\/div>\n\t\t\t\t<div class=\"elementor-element elementor-element-346d849c elementor-widget-divider--view-line elementor-widget elementor-widget-divider\" data-id=\"346d849c\" data-element_type=\"widget\" data-e-type=\"widget\" data-widget_type=\"divider.default\">\n\t\t\t\t<div class=\"elementor-widget-container\">\n\t\t\t\t\t\t\t<div class=\"elementor-divider\">\n\t\t\t<span class=\"elementor-divider-separator\">\n\t\t\t\t\t\t<\/span>\n\t\t<\/div>\n\t\t\t\t\t\t<\/div>\n\t\t\t\t<\/div>\n\t\t\t\t<div class=\"elementor-element elementor-element-46329b2b elementor-widget elementor-widget-heading\" data-id=\"46329b2b\" data-element_type=\"widget\" data-e-type=\"widget\" data-widget_type=\"heading.default\">\n\t\t\t\t<div class=\"elementor-widget-container\">\n\t\t\t\t\t<h2 class=\"elementor-heading-title elementor-size-medium\">Une touche d'humour inattendue<\/h2>\t\t\t\t<\/div>\n\t\t\t\t<\/div>\n\t\t\t\t<div class=\"elementor-element elementor-element-55a356b3 elementor-widget elementor-widget-text-editor\" data-id=\"55a356b3\" data-element_type=\"widget\" data-e-type=\"widget\" data-widget_type=\"text-editor.default\">\n\t\t\t\t<div class=\"elementor-widget-container\">\n\t\t\t\t\t\t\t\t\t<p>Quand je lis des albums jeunesse, je r\u00e9fl\u00e9chis au potentiel pour l&rsquo;enfant depuis que je les partageais avec mon filleul. Il est trop grand aujourd&rsquo;hui, mais la rel\u00e8ve est assur\u00e9e, alors je continue afin de pr\u00e9parer le terrain pour la prochaine. Et Jon Klassen nous offre un moment un peu rigolo. Enfin, si l&rsquo;enfant est conscient ou pas trop sensible \u00e0 la chaine alimentaire naturelle car un des animaux disparait dans le bedon de monsieur Ours, quand m\u00eame ! Mais cela aurait \u00e9norm\u00e9ment fait rire Evan, il y a quelques ann\u00e9es.\u00a0<\/p>\t\t\t\t\t\t\t\t<\/div>\n\t\t\t\t<\/div>\n\t\t\t\t<div class=\"elementor-element elementor-element-6abacf0b elementor-widget-divider--view-line elementor-widget elementor-widget-divider\" data-id=\"6abacf0b\" data-element_type=\"widget\" data-e-type=\"widget\" data-widget_type=\"divider.default\">\n\t\t\t\t<div class=\"elementor-widget-container\">\n\t\t\t\t\t\t\t<div class=\"elementor-divider\">\n\t\t\t<span class=\"elementor-divider-separator\">\n\t\t\t\t\t\t<\/span>\n\t\t<\/div>\n\t\t\t\t\t\t<\/div>\n\t\t\t\t<\/div>\n\t\t\t\t<div class=\"elementor-element elementor-element-57c135a7 elementor-widget elementor-widget-heading\" data-id=\"57c135a7\" data-element_type=\"widget\" data-e-type=\"widget\" data-widget_type=\"heading.default\">\n\t\t\t\t<div class=\"elementor-widget-container\">\n\t\t\t\t\t<h2 class=\"elementor-heading-title elementor-size-medium\">Une recherche \u00e9vidente<\/h2>\t\t\t\t<\/div>\n\t\t\t\t<\/div>\n\t\t\t\t<div class=\"elementor-element elementor-element-d96194e elementor-widget elementor-widget-text-editor\" data-id=\"d96194e\" data-element_type=\"widget\" data-e-type=\"widget\" data-widget_type=\"text-editor.default\">\n\t\t\t\t<div class=\"elementor-widget-container\">\n\t\t\t\t\t\t\t\t\t<p>En plus de cela, les jolies illustrations permettent de partir \u00e0 la recherche du chapeau, l&rsquo;enfant le trouvera-t-il ? Avec les rimes et l&rsquo;\u00e9criture en grand caract\u00e8re, il sera peut-\u00eatre trop occup\u00e9 \u00e0 \u00e9couter la m\u00e9lodie du texte, ou \u00e0 le lire lui-m\u00eame. La fille de Hibookine l&rsquo;a lu sur mon canap\u00e9, et elle n&rsquo;a pas eu de soucis alors qu&rsquo;elle entre \u00e0 l&rsquo;\u00e9cole en septembre, au CP. C&rsquo;est d\u00e9j\u00e0 une lectrice aguerrie pour son \u00e2ge, il faut le pr\u00e9ciser, avec une maman qui d\u00e9vore les bouquins ce n&rsquo;est pas \u00e9tonnant. Mais il ne fait aucun doute que cet album est parfait pour travailler certains sons, comme le eau, le ch, le eux pour ne mentionner que celles dans le titre ! Je veux mon chapeau m&rsquo;a donc convaincu et il va entrer dans la liste des albums jeunesse \u00e0 offrir.\u00a0<\/p>\t\t\t\t\t\t\t\t<\/div>\n\t\t\t\t<\/div>\n\t\t\t\t<div class=\"elementor-element elementor-element-1013f115 elementor-widget elementor-widget-heading\" data-id=\"1013f115\" data-element_type=\"widget\" data-e-type=\"widget\" data-widget_type=\"heading.default\">\n\t\t\t\t<div class=\"elementor-widget-container\">\n\t\t\t\t\t<h4 class=\"elementor-heading-title elementor-size-medium\">Du m\u00eame auteur<\/h4>\t\t\t\t<\/div>\n\t\t\t\t<\/div>\n\t\t\t\t<div class=\"elementor-element elementor-element-4d45db2 elementor-widget elementor-widget-text-editor\" data-id=\"4d45db2\" data-element_type=\"widget\" data-e-type=\"widget\" data-widget_type=\"text-editor.default\">\n\t\t\t\t<div class=\"elementor-widget-container\">\n\t\t\t\t\t\t\t\t\t<p>Mes avis sur les autres albums du m\u00eame auteur :\u00a0<\/p><ul><li>Je veux mon chapeau<\/li><li>Le rocher tomb\u00e9 du ciel &#8211; \u00e0 venir<\/li><\/ul>\t\t\t\t\t\t\t\t<\/div>\n\t\t\t\t<\/div>\n\t\t\t\t\t<\/div>\n\t\t<\/div>\n\t\t\t\t\t<\/div>\n\t\t<\/section>\n\t\t\t\t<\/div>\n\t\t","protected":false},"excerpt":{"rendered":"<p>Je veux mon chapeau, moi aussi ! R\u00e9sum\u00e9 L\u2019ours a perdu son chapeau. Il demande \u00e0 tous les animaux qu\u2019il rencontre s\u2019ils l\u2019ont vu. Personne ne peut l\u2019aider. L\u2019ours est d\u00e9sesp\u00e9r\u00e9. Oui mais voil\u00e0 : &hellip; <\/p>\n","protected":false},"author":1,"featured_media":8084,"comment_status":"open","ping_status":"open","sticky":false,"template":"","format":"standard","meta":{"footnotes":""},"categories":[7,14,1],"tags":[708,268,736,2006,123,2007,1126],"class_list":["post-8008","post","type-post","status-publish","format-standard","has-post-thumbnail","hentry","category-benevolat","category-l-ete","category-tout-le-blog","tag-album","tag-album-jeunesse","tag-ete","tag-je-veux-mon-chapeau","tag-jeunesse","tag-jon-klassen","tag-milan","has-single-img"],"yoast_head":"<!-- This site is optimized with the Yoast SEO plugin v27.4 - https:\/\/yoast.com\/product\/yoast-seo-wordpress\/ -->\n<title>Je veux mon chapeau de Jon Klassen - Sorbet Kiwi<\/title>\n<meta name=\"description\" content=\"Ma chronique de l&#039;album jeunesse Je veux mon chapeau de Jon Klassen aux \u00e9ditions Milan paru en 2012 et r\u00e9\u00e9dit\u00e9 en 2020.\" \/>\n<meta name=\"robots\" content=\"index, follow, max-snippet:-1, max-image-preview:large, max-video-preview:-1\" \/>\n<link rel=\"canonical\" href=\"https:\/\/sorbetkiwi.fr\/index.php\/je-veux-mon-chapeau-de-jon-klassen\/\" \/>\n<meta property=\"og:locale\" content=\"fr_FR\" \/>\n<meta property=\"og:type\" content=\"article\" \/>\n<meta property=\"og:title\" content=\"Je veux mon chapeau de Jon Klassen - Sorbet Kiwi\" \/>\n<meta property=\"og:description\" content=\"Ma chronique de l&#039;album jeunesse Je veux mon chapeau de Jon Klassen aux \u00e9ditions Milan paru en 2012 et r\u00e9\u00e9dit\u00e9 en 2020.\" \/>\n<meta property=\"og:url\" content=\"https:\/\/sorbetkiwi.fr\/index.php\/je-veux-mon-chapeau-de-jon-klassen\/\" \/>\n<meta property=\"og:site_name\" content=\"Sorbet Kiwi\" \/>\n<meta property=\"article:publisher\" content=\"https:\/\/www.facebook.com\/profile.php?id=100086238893269\" \/>\n<meta property=\"article:published_time\" content=\"2025-06-08T05:00:00+00:00\" \/>\n<meta property=\"og:image\" content=\"https:\/\/sorbetkiwi.fr\/wp-content\/uploads\/2025\/05\/Je-veux-mon-chapeau-Jon-Klassen-683x1024.jpg\" \/>\n\t<meta property=\"og:image:width\" content=\"683\" \/>\n\t<meta property=\"og:image:height\" content=\"1024\" \/>\n\t<meta property=\"og:image:type\" content=\"image\/jpeg\" \/>\n<meta name=\"author\" content=\"Sorbet-Kiwi\" \/>\n<meta name=\"twitter:card\" content=\"summary_large_image\" \/>\n<meta name=\"twitter:creator\" content=\"@pepparshoes\" \/>\n<meta name=\"twitter:site\" content=\"@pepparshoes\" \/>\n<meta name=\"twitter:label1\" content=\"\u00c9crit par\" \/>\n\t<meta name=\"twitter:data1\" content=\"Sorbet-Kiwi\" \/>\n\t<meta name=\"twitter:label2\" content=\"Dur\u00e9e de lecture estim\u00e9e\" \/>\n\t<meta name=\"twitter:data2\" content=\"3 minutes\" \/>\n<script type=\"application\/ld+json\" class=\"yoast-schema-graph\">{\"@context\":\"https:\\\/\\\/schema.org\",\"@graph\":[{\"@type\":\"Article\",\"@id\":\"https:\\\/\\\/sorbetkiwi.fr\\\/index.php\\\/je-veux-mon-chapeau-de-jon-klassen\\\/#article\",\"isPartOf\":{\"@id\":\"https:\\\/\\\/sorbetkiwi.fr\\\/index.php\\\/je-veux-mon-chapeau-de-jon-klassen\\\/\"},\"author\":{\"name\":\"Sorbet-Kiwi\",\"@id\":\"https:\\\/\\\/sorbetkiwi.fr\\\/#\\\/schema\\\/person\\\/ed1b7b527a2957ddc3bf38b076540659\"},\"headline\":\"Je veux mon chapeau de Jon Klassen\",\"datePublished\":\"2025-06-08T05:00:00+00:00\",\"mainEntityOfPage\":{\"@id\":\"https:\\\/\\\/sorbetkiwi.fr\\\/index.php\\\/je-veux-mon-chapeau-de-jon-klassen\\\/\"},\"wordCount\":479,\"commentCount\":2,\"publisher\":{\"@id\":\"https:\\\/\\\/sorbetkiwi.fr\\\/#organization\"},\"image\":{\"@id\":\"https:\\\/\\\/sorbetkiwi.fr\\\/index.php\\\/je-veux-mon-chapeau-de-jon-klassen\\\/#primaryimage\"},\"thumbnailUrl\":\"https:\\\/\\\/sorbetkiwi.fr\\\/wp-content\\\/uploads\\\/2025\\\/05\\\/Je-veux-mon-chapeau-Jon-Klassen.jpg\",\"keywords\":[\"Album\",\"Album jeunesse\",\"\u00e9t\u00e9\",\"Je veux mon chapeau\",\"Jeunesse\",\"Jon Klassen\",\"milan\"],\"articleSection\":[\"B\u00e9n\u00e9volat\",\"L'\u00e9t\u00e9\",\"Tout le blog\"],\"inLanguage\":\"fr-FR\",\"potentialAction\":[{\"@type\":\"CommentAction\",\"name\":\"Comment\",\"target\":[\"https:\\\/\\\/sorbetkiwi.fr\\\/index.php\\\/je-veux-mon-chapeau-de-jon-klassen\\\/#respond\"]}]},{\"@type\":\"WebPage\",\"@id\":\"https:\\\/\\\/sorbetkiwi.fr\\\/index.php\\\/je-veux-mon-chapeau-de-jon-klassen\\\/\",\"url\":\"https:\\\/\\\/sorbetkiwi.fr\\\/index.php\\\/je-veux-mon-chapeau-de-jon-klassen\\\/\",\"name\":\"Je veux mon chapeau de Jon Klassen - Sorbet Kiwi\",\"isPartOf\":{\"@id\":\"https:\\\/\\\/sorbetkiwi.fr\\\/#website\"},\"primaryImageOfPage\":{\"@id\":\"https:\\\/\\\/sorbetkiwi.fr\\\/index.php\\\/je-veux-mon-chapeau-de-jon-klassen\\\/#primaryimage\"},\"image\":{\"@id\":\"https:\\\/\\\/sorbetkiwi.fr\\\/index.php\\\/je-veux-mon-chapeau-de-jon-klassen\\\/#primaryimage\"},\"thumbnailUrl\":\"https:\\\/\\\/sorbetkiwi.fr\\\/wp-content\\\/uploads\\\/2025\\\/05\\\/Je-veux-mon-chapeau-Jon-Klassen.jpg\",\"datePublished\":\"2025-06-08T05:00:00+00:00\",\"description\":\"Ma chronique de l'album jeunesse Je veux mon chapeau de Jon Klassen aux \u00e9ditions Milan paru en 2012 et r\u00e9\u00e9dit\u00e9 en 2020.\",\"breadcrumb\":{\"@id\":\"https:\\\/\\\/sorbetkiwi.fr\\\/index.php\\\/je-veux-mon-chapeau-de-jon-klassen\\\/#breadcrumb\"},\"inLanguage\":\"fr-FR\",\"potentialAction\":[{\"@type\":\"ReadAction\",\"target\":[\"https:\\\/\\\/sorbetkiwi.fr\\\/index.php\\\/je-veux-mon-chapeau-de-jon-klassen\\\/\"]}]},{\"@type\":\"ImageObject\",\"inLanguage\":\"fr-FR\",\"@id\":\"https:\\\/\\\/sorbetkiwi.fr\\\/index.php\\\/je-veux-mon-chapeau-de-jon-klassen\\\/#primaryimage\",\"url\":\"https:\\\/\\\/sorbetkiwi.fr\\\/wp-content\\\/uploads\\\/2025\\\/05\\\/Je-veux-mon-chapeau-Jon-Klassen.jpg\",\"contentUrl\":\"https:\\\/\\\/sorbetkiwi.fr\\\/wp-content\\\/uploads\\\/2025\\\/05\\\/Je-veux-mon-chapeau-Jon-Klassen.jpg\",\"width\":1281,\"height\":1920,\"caption\":\"Je veux mon chapeau Jon Klassen\"},{\"@type\":\"BreadcrumbList\",\"@id\":\"https:\\\/\\\/sorbetkiwi.fr\\\/index.php\\\/je-veux-mon-chapeau-de-jon-klassen\\\/#breadcrumb\",\"itemListElement\":[{\"@type\":\"ListItem\",\"position\":1,\"name\":\"Accueil\",\"item\":\"https:\\\/\\\/sorbetkiwi.fr\\\/\"},{\"@type\":\"ListItem\",\"position\":2,\"name\":\"Je veux mon chapeau de Jon Klassen\"}]},{\"@type\":\"WebSite\",\"@id\":\"https:\\\/\\\/sorbetkiwi.fr\\\/#website\",\"url\":\"https:\\\/\\\/sorbetkiwi.fr\\\/\",\"name\":\"Sorbet Kiwi\",\"description\":\"Des lectures th\u00e9matiques par saison et les avis qui vont avec\",\"publisher\":{\"@id\":\"https:\\\/\\\/sorbetkiwi.fr\\\/#organization\"},\"potentialAction\":[{\"@type\":\"SearchAction\",\"target\":{\"@type\":\"EntryPoint\",\"urlTemplate\":\"https:\\\/\\\/sorbetkiwi.fr\\\/?s={search_term_string}\"},\"query-input\":{\"@type\":\"PropertyValueSpecification\",\"valueRequired\":true,\"valueName\":\"search_term_string\"}}],\"inLanguage\":\"fr-FR\"},{\"@type\":\"Organization\",\"@id\":\"https:\\\/\\\/sorbetkiwi.fr\\\/#organization\",\"name\":\"Sorbet Kiwi\",\"url\":\"https:\\\/\\\/sorbetkiwi.fr\\\/\",\"logo\":{\"@type\":\"ImageObject\",\"inLanguage\":\"fr-FR\",\"@id\":\"https:\\\/\\\/sorbetkiwi.fr\\\/#\\\/schema\\\/logo\\\/image\\\/\",\"url\":\"https:\\\/\\\/sorbetkiwi.fr\\\/wp-content\\\/uploads\\\/2022\\\/10\\\/Banniere-Sorbet-Kiwi-2022.jpg\",\"contentUrl\":\"https:\\\/\\\/sorbetkiwi.fr\\\/wp-content\\\/uploads\\\/2022\\\/10\\\/Banniere-Sorbet-Kiwi-2022.jpg\",\"width\":814,\"height\":401,\"caption\":\"Sorbet Kiwi\"},\"image\":{\"@id\":\"https:\\\/\\\/sorbetkiwi.fr\\\/#\\\/schema\\\/logo\\\/image\\\/\"},\"sameAs\":[\"https:\\\/\\\/www.facebook.com\\\/profile.php?id=100086238893269\",\"https:\\\/\\\/x.com\\\/pepparshoes\",\"https:\\\/\\\/www.instagram.com\\\/sorbetkiwi\\\/\",\"https:\\\/\\\/www.tiktok.com\\\/sorbetkiwi\"]},{\"@type\":\"Person\",\"@id\":\"https:\\\/\\\/sorbetkiwi.fr\\\/#\\\/schema\\\/person\\\/ed1b7b527a2957ddc3bf38b076540659\",\"name\":\"Sorbet-Kiwi\",\"image\":{\"@type\":\"ImageObject\",\"inLanguage\":\"fr-FR\",\"@id\":\"https:\\\/\\\/secure.gravatar.com\\\/avatar\\\/86f0a5c27d76317621b9e374d0f3a01d3a85278f10d0c7207ced4fd773057442?s=96&d=mm&r=g\",\"url\":\"https:\\\/\\\/secure.gravatar.com\\\/avatar\\\/86f0a5c27d76317621b9e374d0f3a01d3a85278f10d0c7207ced4fd773057442?s=96&d=mm&r=g\",\"contentUrl\":\"https:\\\/\\\/secure.gravatar.com\\\/avatar\\\/86f0a5c27d76317621b9e374d0f3a01d3a85278f10d0c7207ced4fd773057442?s=96&d=mm&r=g\",\"caption\":\"Sorbet-Kiwi\"},\"sameAs\":[\"http:\\\/\\\/sorbetkiwi.fr\"],\"url\":\"https:\\\/\\\/sorbetkiwi.fr\\\/index.php\\\/author\\\/admin7717\\\/\"}]}<\/script>\n<!-- \/ Yoast SEO plugin. -->","yoast_head_json":{"title":"Je veux mon chapeau de Jon Klassen - Sorbet Kiwi","description":"Ma chronique de l'album jeunesse Je veux mon chapeau de Jon Klassen aux \u00e9ditions Milan paru en 2012 et r\u00e9\u00e9dit\u00e9 en 2020.","robots":{"index":"index","follow":"follow","max-snippet":"max-snippet:-1","max-image-preview":"max-image-preview:large","max-video-preview":"max-video-preview:-1"},"canonical":"https:\/\/sorbetkiwi.fr\/index.php\/je-veux-mon-chapeau-de-jon-klassen\/","og_locale":"fr_FR","og_type":"article","og_title":"Je veux mon chapeau de Jon Klassen - Sorbet Kiwi","og_description":"Ma chronique de l'album jeunesse Je veux mon chapeau de Jon Klassen aux \u00e9ditions Milan paru en 2012 et r\u00e9\u00e9dit\u00e9 en 2020.","og_url":"https:\/\/sorbetkiwi.fr\/index.php\/je-veux-mon-chapeau-de-jon-klassen\/","og_site_name":"Sorbet Kiwi","article_publisher":"https:\/\/www.facebook.com\/profile.php?id=100086238893269","article_published_time":"2025-06-08T05:00:00+00:00","og_image":[{"width":683,"height":1024,"url":"https:\/\/sorbetkiwi.fr\/wp-content\/uploads\/2025\/05\/Je-veux-mon-chapeau-Jon-Klassen-683x1024.jpg","type":"image\/jpeg"}],"author":"Sorbet-Kiwi","twitter_card":"summary_large_image","twitter_creator":"@pepparshoes","twitter_site":"@pepparshoes","twitter_misc":{"\u00c9crit par":"Sorbet-Kiwi","Dur\u00e9e de lecture estim\u00e9e":"3 minutes"},"schema":{"@context":"https:\/\/schema.org","@graph":[{"@type":"Article","@id":"https:\/\/sorbetkiwi.fr\/index.php\/je-veux-mon-chapeau-de-jon-klassen\/#article","isPartOf":{"@id":"https:\/\/sorbetkiwi.fr\/index.php\/je-veux-mon-chapeau-de-jon-klassen\/"},"author":{"name":"Sorbet-Kiwi","@id":"https:\/\/sorbetkiwi.fr\/#\/schema\/person\/ed1b7b527a2957ddc3bf38b076540659"},"headline":"Je veux mon chapeau de Jon Klassen","datePublished":"2025-06-08T05:00:00+00:00","mainEntityOfPage":{"@id":"https:\/\/sorbetkiwi.fr\/index.php\/je-veux-mon-chapeau-de-jon-klassen\/"},"wordCount":479,"commentCount":2,"publisher":{"@id":"https:\/\/sorbetkiwi.fr\/#organization"},"image":{"@id":"https:\/\/sorbetkiwi.fr\/index.php\/je-veux-mon-chapeau-de-jon-klassen\/#primaryimage"},"thumbnailUrl":"https:\/\/sorbetkiwi.fr\/wp-content\/uploads\/2025\/05\/Je-veux-mon-chapeau-Jon-Klassen.jpg","keywords":["Album","Album jeunesse","\u00e9t\u00e9","Je veux mon chapeau","Jeunesse","Jon Klassen","milan"],"articleSection":["B\u00e9n\u00e9volat","L'\u00e9t\u00e9","Tout le blog"],"inLanguage":"fr-FR","potentialAction":[{"@type":"CommentAction","name":"Comment","target":["https:\/\/sorbetkiwi.fr\/index.php\/je-veux-mon-chapeau-de-jon-klassen\/#respond"]}]},{"@type":"WebPage","@id":"https:\/\/sorbetkiwi.fr\/index.php\/je-veux-mon-chapeau-de-jon-klassen\/","url":"https:\/\/sorbetkiwi.fr\/index.php\/je-veux-mon-chapeau-de-jon-klassen\/","name":"Je veux mon chapeau de Jon Klassen - Sorbet Kiwi","isPartOf":{"@id":"https:\/\/sorbetkiwi.fr\/#website"},"primaryImageOfPage":{"@id":"https:\/\/sorbetkiwi.fr\/index.php\/je-veux-mon-chapeau-de-jon-klassen\/#primaryimage"},"image":{"@id":"https:\/\/sorbetkiwi.fr\/index.php\/je-veux-mon-chapeau-de-jon-klassen\/#primaryimage"},"thumbnailUrl":"https:\/\/sorbetkiwi.fr\/wp-content\/uploads\/2025\/05\/Je-veux-mon-chapeau-Jon-Klassen.jpg","datePublished":"2025-06-08T05:00:00+00:00","description":"Ma chronique de l'album jeunesse Je veux mon chapeau de Jon Klassen aux \u00e9ditions Milan paru en 2012 et r\u00e9\u00e9dit\u00e9 en 2020.","breadcrumb":{"@id":"https:\/\/sorbetkiwi.fr\/index.php\/je-veux-mon-chapeau-de-jon-klassen\/#breadcrumb"},"inLanguage":"fr-FR","potentialAction":[{"@type":"ReadAction","target":["https:\/\/sorbetkiwi.fr\/index.php\/je-veux-mon-chapeau-de-jon-klassen\/"]}]},{"@type":"ImageObject","inLanguage":"fr-FR","@id":"https:\/\/sorbetkiwi.fr\/index.php\/je-veux-mon-chapeau-de-jon-klassen\/#primaryimage","url":"https:\/\/sorbetkiwi.fr\/wp-content\/uploads\/2025\/05\/Je-veux-mon-chapeau-Jon-Klassen.jpg","contentUrl":"https:\/\/sorbetkiwi.fr\/wp-content\/uploads\/2025\/05\/Je-veux-mon-chapeau-Jon-Klassen.jpg","width":1281,"height":1920,"caption":"Je veux mon chapeau Jon Klassen"},{"@type":"BreadcrumbList","@id":"https:\/\/sorbetkiwi.fr\/index.php\/je-veux-mon-chapeau-de-jon-klassen\/#breadcrumb","itemListElement":[{"@type":"ListItem","position":1,"name":"Accueil","item":"https:\/\/sorbetkiwi.fr\/"},{"@type":"ListItem","position":2,"name":"Je veux mon chapeau de Jon Klassen"}]},{"@type":"WebSite","@id":"https:\/\/sorbetkiwi.fr\/#website","url":"https:\/\/sorbetkiwi.fr\/","name":"Sorbet Kiwi","description":"Des lectures th\u00e9matiques par saison et les avis qui vont avec","publisher":{"@id":"https:\/\/sorbetkiwi.fr\/#organization"},"potentialAction":[{"@type":"SearchAction","target":{"@type":"EntryPoint","urlTemplate":"https:\/\/sorbetkiwi.fr\/?s={search_term_string}"},"query-input":{"@type":"PropertyValueSpecification","valueRequired":true,"valueName":"search_term_string"}}],"inLanguage":"fr-FR"},{"@type":"Organization","@id":"https:\/\/sorbetkiwi.fr\/#organization","name":"Sorbet Kiwi","url":"https:\/\/sorbetkiwi.fr\/","logo":{"@type":"ImageObject","inLanguage":"fr-FR","@id":"https:\/\/sorbetkiwi.fr\/#\/schema\/logo\/image\/","url":"https:\/\/sorbetkiwi.fr\/wp-content\/uploads\/2022\/10\/Banniere-Sorbet-Kiwi-2022.jpg","contentUrl":"https:\/\/sorbetkiwi.fr\/wp-content\/uploads\/2022\/10\/Banniere-Sorbet-Kiwi-2022.jpg","width":814,"height":401,"caption":"Sorbet Kiwi"},"image":{"@id":"https:\/\/sorbetkiwi.fr\/#\/schema\/logo\/image\/"},"sameAs":["https:\/\/www.facebook.com\/profile.php?id=100086238893269","https:\/\/x.com\/pepparshoes","https:\/\/www.instagram.com\/sorbetkiwi\/","https:\/\/www.tiktok.com\/sorbetkiwi"]},{"@type":"Person","@id":"https:\/\/sorbetkiwi.fr\/#\/schema\/person\/ed1b7b527a2957ddc3bf38b076540659","name":"Sorbet-Kiwi","image":{"@type":"ImageObject","inLanguage":"fr-FR","@id":"https:\/\/secure.gravatar.com\/avatar\/86f0a5c27d76317621b9e374d0f3a01d3a85278f10d0c7207ced4fd773057442?s=96&d=mm&r=g","url":"https:\/\/secure.gravatar.com\/avatar\/86f0a5c27d76317621b9e374d0f3a01d3a85278f10d0c7207ced4fd773057442?s=96&d=mm&r=g","contentUrl":"https:\/\/secure.gravatar.com\/avatar\/86f0a5c27d76317621b9e374d0f3a01d3a85278f10d0c7207ced4fd773057442?s=96&d=mm&r=g","caption":"Sorbet-Kiwi"},"sameAs":["http:\/\/sorbetkiwi.fr"],"url":"https:\/\/sorbetkiwi.fr\/index.php\/author\/admin7717\/"}]}},"_links":{"self":[{"href":"https:\/\/sorbetkiwi.fr\/index.php\/wp-json\/wp\/v2\/posts\/8008","targetHints":{"allow":["GET"]}}],"collection":[{"href":"https:\/\/sorbetkiwi.fr\/index.php\/wp-json\/wp\/v2\/posts"}],"about":[{"href":"https:\/\/sorbetkiwi.fr\/index.php\/wp-json\/wp\/v2\/types\/post"}],"author":[{"embeddable":true,"href":"https:\/\/sorbetkiwi.fr\/index.php\/wp-json\/wp\/v2\/users\/1"}],"replies":[{"embeddable":true,"href":"https:\/\/sorbetkiwi.fr\/index.php\/wp-json\/wp\/v2\/comments?post=8008"}],"version-history":[{"count":7,"href":"https:\/\/sorbetkiwi.fr\/index.php\/wp-json\/wp\/v2\/posts\/8008\/revisions"}],"predecessor-version":[{"id":8087,"href":"https:\/\/sorbetkiwi.fr\/index.php\/wp-json\/wp\/v2\/posts\/8008\/revisions\/8087"}],"wp:featuredmedia":[{"embeddable":true,"href":"https:\/\/sorbetkiwi.fr\/index.php\/wp-json\/wp\/v2\/media\/8084"}],"wp:attachment":[{"href":"https:\/\/sorbetkiwi.fr\/index.php\/wp-json\/wp\/v2\/media?parent=8008"}],"wp:term":[{"taxonomy":"category","embeddable":true,"href":"https:\/\/sorbetkiwi.fr\/index.php\/wp-json\/wp\/v2\/categories?post=8008"},{"taxonomy":"post_tag","embeddable":true,"href":"https:\/\/sorbetkiwi.fr\/index.php\/wp-json\/wp\/v2\/tags?post=8008"}],"curies":[{"name":"wp","href":"https:\/\/api.w.org\/{rel}","templated":true}]}}