{"id":7975,"date":"2025-05-05T16:31:51","date_gmt":"2025-05-05T14:31:51","guid":{"rendered":"https:\/\/sorbetkiwi.fr\/?p=7975"},"modified":"2025-05-05T16:34:22","modified_gmt":"2025-05-05T14:34:22","slug":"les-enfants-sont-rois-de-delphine-de-vigan","status":"publish","type":"post","link":"https:\/\/sorbetkiwi.fr\/index.php\/les-enfants-sont-rois-de-delphine-de-vigan\/","title":{"rendered":"Les enfants sont rois de Delphine de Vigan"},"content":{"rendered":"\t\t<div data-elementor-type=\"wp-post\" data-elementor-id=\"7975\" class=\"elementor elementor-7975\">\n\t\t\t\t\t\t<section class=\"elementor-section elementor-top-section elementor-element elementor-element-107e63b5 elementor-section-boxed elementor-section-height-default elementor-section-height-default\" data-id=\"107e63b5\" data-element_type=\"section\" data-e-type=\"section\">\n\t\t\t\t\t\t<div class=\"elementor-container elementor-column-gap-default\">\n\t\t\t\t\t<div class=\"elementor-column elementor-col-100 elementor-top-column elementor-element elementor-element-4b6e9ac2\" data-id=\"4b6e9ac2\" data-element_type=\"column\" data-e-type=\"column\">\n\t\t\t<div class=\"elementor-widget-wrap elementor-element-populated\">\n\t\t\t\t\t\t<div class=\"elementor-element elementor-element-4f3b0cca elementor-widget elementor-widget-heading\" data-id=\"4f3b0cca\" data-element_type=\"widget\" data-e-type=\"widget\" data-widget_type=\"heading.default\">\n\t\t\t\t<div class=\"elementor-widget-container\">\n\t\t\t\t\t<h1 class=\"elementor-heading-title elementor-size-medium\">Les enfants sont rois de Delphine de Vigan \u00e0 Bruxelles<\/h1>\t\t\t\t<\/div>\n\t\t\t\t<\/div>\n\t\t\t\t<div class=\"elementor-element elementor-element-cdbe9e1 elementor-view-default elementor-widget elementor-widget-icon\" data-id=\"cdbe9e1\" data-element_type=\"widget\" data-e-type=\"widget\" data-widget_type=\"icon.default\">\n\t\t\t\t<div class=\"elementor-widget-container\">\n\t\t\t\t\t\t\t<div class=\"elementor-icon-wrapper\">\n\t\t\t<div class=\"elementor-icon\">\n\t\t\t<i aria-hidden=\"true\" class=\"fab fa-pagelines\"><\/i>\t\t\t<\/div>\n\t\t<\/div>\n\t\t\t\t\t\t<\/div>\n\t\t\t\t<\/div>\n\t\t\t\t<div class=\"elementor-element elementor-element-bd511af elementor-widget-divider--view-line elementor-widget elementor-widget-divider\" data-id=\"bd511af\" data-element_type=\"widget\" data-e-type=\"widget\" data-widget_type=\"divider.default\">\n\t\t\t\t<div class=\"elementor-widget-container\">\n\t\t\t\t\t\t\t<div class=\"elementor-divider\">\n\t\t\t<span class=\"elementor-divider-separator\">\n\t\t\t\t\t\t<\/span>\n\t\t<\/div>\n\t\t\t\t\t\t<\/div>\n\t\t\t\t<\/div>\n\t\t\t\t<div class=\"elementor-element elementor-element-121e4c52 elementor-widget elementor-widget-heading\" data-id=\"121e4c52\" data-element_type=\"widget\" data-e-type=\"widget\" data-widget_type=\"heading.default\">\n\t\t\t\t<div class=\"elementor-widget-container\">\n\t\t\t\t\t<h2 class=\"elementor-heading-title elementor-size-medium\">R\u00e9sum\u00e9<\/h2>\t\t\t\t<\/div>\n\t\t\t\t<\/div>\n\t\t\t\t<div class=\"elementor-element elementor-element-69ac477e elementor-widget elementor-widget-text-editor\" data-id=\"69ac477e\" data-element_type=\"widget\" data-e-type=\"widget\" data-widget_type=\"text-editor.default\">\n\t\t\t\t<div class=\"elementor-widget-container\">\n\t\t\t\t\t\t\t\t\t<p>\u00ab\u00a0La premi\u00e8re fois que M\u00e9lanie Claux et Clara Roussel se rencontr\u00e8rent, M\u00e9lanie s&rsquo;\u00e9tonna de l&rsquo;autorit\u00e9 qui \u00e9manait d&rsquo;une femme aussi petite et Clara remarqua les ongles de M\u00e9lanie, leur vernis rose \u00e0 paillettes qui luisait dans l&rsquo;obscurit\u00e9. \u00a0\u00bb On dirait une enfant \u00ab\u00a0, pensa la premi\u00e8re, \u00ab\u00a0elle ressemble \u00e0 une poup\u00e9e\u00a0\u00bb, songea la seconde. M\u00eame dans les drames les plus terribles, les apparences ont leur mot \u00e0 dire\u00a0\u00bb.<br \/>A travers l&rsquo;histoire de deux femmes aux destins contraires, Les enfants sont rois explore les d\u00e9rives d&rsquo;une \u00e9poque o\u00f9 l&rsquo;on ne vit que pour \u00eatre vu. Des ann\u00e9es Loft aux ann\u00e9es 2030, marqu\u00e9es par le sacre des r\u00e9seaux sociaux, Delphine de Vigan offre une plong\u00e9e gla\u00e7ante dans un monde o\u00f9 tout s&rsquo;expose et se vend, jusqu&rsquo;au bonheur familial.<\/p>\t\t\t\t\t\t\t\t<\/div>\n\t\t\t\t<\/div>\n\t\t\t\t<div class=\"elementor-element elementor-element-50ff6447 elementor-widget-divider--view-line elementor-widget elementor-widget-divider\" data-id=\"50ff6447\" data-element_type=\"widget\" data-e-type=\"widget\" data-widget_type=\"divider.default\">\n\t\t\t\t<div class=\"elementor-widget-container\">\n\t\t\t\t\t\t\t<div class=\"elementor-divider\">\n\t\t\t<span class=\"elementor-divider-separator\">\n\t\t\t\t\t\t<\/span>\n\t\t<\/div>\n\t\t\t\t\t\t<\/div>\n\t\t\t\t<\/div>\n\t\t\t\t<div class=\"elementor-element elementor-element-3c912998 elementor-widget elementor-widget-heading\" data-id=\"3c912998\" data-element_type=\"widget\" data-e-type=\"widget\" data-widget_type=\"heading.default\">\n\t\t\t\t<div class=\"elementor-widget-container\">\n\t\t\t\t\t<h4 class=\"elementor-heading-title elementor-size-medium\">\"Chacun \u00e9tait devenu l'admirateur de sa propre exhibition, et celle-ci \u00e9tait devenue un \u00e9l\u00e9ment indispensable \u00e0 la r\u00e9alisation de soi.\"<\/h4>\t\t\t\t<\/div>\n\t\t\t\t<\/div>\n\t\t\t\t<div class=\"elementor-element elementor-element-1b79cc44 elementor-widget-divider--view-line elementor-widget elementor-widget-divider\" data-id=\"1b79cc44\" data-element_type=\"widget\" data-e-type=\"widget\" data-widget_type=\"divider.default\">\n\t\t\t\t<div class=\"elementor-widget-container\">\n\t\t\t\t\t\t\t<div class=\"elementor-divider\">\n\t\t\t<span class=\"elementor-divider-separator\">\n\t\t\t\t\t\t<\/span>\n\t\t<\/div>\n\t\t\t\t\t\t<\/div>\n\t\t\t\t<\/div>\n\t\t\t\t<div class=\"elementor-element elementor-element-5c39a225 elementor-widget elementor-widget-heading\" data-id=\"5c39a225\" data-element_type=\"widget\" data-e-type=\"widget\" data-widget_type=\"heading.default\">\n\t\t\t\t<div class=\"elementor-widget-container\">\n\t\t\t\t\t<h2 class=\"elementor-heading-title elementor-size-medium\">Un roman \u00e9difiant<\/h2>\t\t\t\t<\/div>\n\t\t\t\t<\/div>\n\t\t\t\t<div class=\"elementor-element elementor-element-31793f07 elementor-widget elementor-widget-text-editor\" data-id=\"31793f07\" data-element_type=\"widget\" data-e-type=\"widget\" data-widget_type=\"text-editor.default\">\n\t\t\t\t<div class=\"elementor-widget-container\">\n\t\t\t\t\t\t\t\t\t<p>Sur les conseils de <a href=\"https:\/\/www.carnetparisien.fr\/les-enfants-sont-rois-delphine-de-vigan\">Carnet Parisien<\/a>, je me suis lanc\u00e9e dans Les enfants sont rois. A l&rsquo;\u00e9poque, en avril 2021, je l&rsquo;ai lu en quelques heures \u00e0 peine. Quelle claque ! Quelle remise en question. Surtout de la soci\u00e9t\u00e9 Instagrammable dans laquelle nous vivons. Quelles seront les cons\u00e9quences de ce besoin d\u2019attention constant que nous avons ? Des chasses aux likes ?<\/p><p>Ici, Delphine de Vigan nous parle des enfants youtubeurs. Ces enfants qui n\u2019ont certainement pas leur mot \u00e0 dire sur le rythme effr\u00e9n\u00e9 de leur vie. Ni sur le manque d\u2019ennui. Ni sur leur solitude, sous couvert d\u2019\u00eatre aim\u00e9s par la France enti\u00e8re. Quand je vois des b\u00e9b\u00e9s qui n\u2019ont pas 2h \u00eatre d\u00e9j\u00e0 sur les RS, avoir une empreinte num\u00e9rique&#8230; Un roman effarant, qui va plus loin, qui essaye d\u2019apercevoir quel sera l\u2019avenir de ces prodiges du net. A d\u00e9couvrir absolument !<\/p><p>Cette chronique a initialement \u00e9t\u00e9 post\u00e9e sur <a href=\"https:\/\/www.instagram.com\/p\/COR9GouHny6\/?utm_source=ig_web_copy_link&amp;igsh=MzRlODBiNWFlZA==\">mon compte Instagram<\/a> (justement) en avril 2021.<\/p>\t\t\t\t\t\t\t\t<\/div>\n\t\t\t\t<\/div>\n\t\t\t\t\t<\/div>\n\t\t<\/div>\n\t\t\t\t\t<\/div>\n\t\t<\/section>\n\t\t\t\t<\/div>\n\t\t","protected":false},"excerpt":{"rendered":"<p>Les enfants sont rois de Delphine de Vigan \u00e0 Bruxelles R\u00e9sum\u00e9 \u00ab\u00a0La premi\u00e8re fois que M\u00e9lanie Claux et Clara Roussel se rencontr\u00e8rent, M\u00e9lanie s&rsquo;\u00e9tonna de l&rsquo;autorit\u00e9 qui \u00e9manait d&rsquo;une femme aussi petite et Clara remarqua &hellip; <\/p>\n","protected":false},"author":1,"featured_media":7976,"comment_status":"open","ping_status":"open","sticky":false,"template":"","format":"standard","meta":{"footnotes":""},"categories":[9,13,1],"tags":[1975,436,435,1976,1974,500,865],"class_list":["post-7975","post","type-post","status-publish","format-standard","has-post-thumbnail","hentry","category-coups-de-coeur","category-le-printemps","category-tout-le-blog","tag-delphine-de-vigan","tag-editions-gallimard","tag-gallimard","tag-instagram","tag-les-enfants-sont-rois","tag-printemps","tag-reseaux-sociaux","has-single-img"],"yoast_head":"<!-- This site is optimized with the Yoast SEO plugin v27.4 - https:\/\/yoast.com\/product\/yoast-seo-wordpress\/ -->\n<title>Les enfants sont rois de Delphine de Vigan - Sorbet Kiwi<\/title>\n<meta name=\"description\" content=\"Transfert de ma chronique du roman Les enfants sont rois de Delphine de Vigan aux \u00e9ditions Gallimard, lu en avril 2021.\" \/>\n<meta name=\"robots\" content=\"index, follow, max-snippet:-1, max-image-preview:large, max-video-preview:-1\" \/>\n<link rel=\"canonical\" href=\"https:\/\/sorbetkiwi.fr\/index.php\/les-enfants-sont-rois-de-delphine-de-vigan\/\" \/>\n<meta property=\"og:locale\" content=\"fr_FR\" \/>\n<meta property=\"og:type\" content=\"article\" \/>\n<meta property=\"og:title\" content=\"Les enfants sont rois de Delphine de Vigan - Sorbet Kiwi\" \/>\n<meta property=\"og:description\" content=\"Transfert de ma chronique du roman Les enfants sont rois de Delphine de Vigan aux \u00e9ditions Gallimard, lu en avril 2021.\" \/>\n<meta property=\"og:url\" content=\"https:\/\/sorbetkiwi.fr\/index.php\/les-enfants-sont-rois-de-delphine-de-vigan\/\" \/>\n<meta property=\"og:site_name\" content=\"Sorbet Kiwi\" \/>\n<meta property=\"article:publisher\" content=\"https:\/\/www.facebook.com\/profile.php?id=100086238893269\" \/>\n<meta property=\"article:published_time\" content=\"2025-05-05T14:31:51+00:00\" \/>\n<meta property=\"article:modified_time\" content=\"2025-05-05T14:34:22+00:00\" \/>\n<meta property=\"og:image\" content=\"https:\/\/sorbetkiwi.fr\/wp-content\/uploads\/2025\/05\/Les-enfants-sont-rois-Delphine-de-Vigan.png\" \/>\n\t<meta property=\"og:image:width\" content=\"650\" \/>\n\t<meta property=\"og:image:height\" content=\"853\" \/>\n\t<meta property=\"og:image:type\" content=\"image\/png\" \/>\n<meta name=\"author\" content=\"Sorbet-Kiwi\" \/>\n<meta name=\"twitter:card\" content=\"summary_large_image\" \/>\n<meta name=\"twitter:creator\" content=\"@pepparshoes\" \/>\n<meta name=\"twitter:site\" content=\"@pepparshoes\" \/>\n<meta name=\"twitter:label1\" content=\"\u00c9crit par\" \/>\n\t<meta name=\"twitter:data1\" content=\"Sorbet-Kiwi\" \/>\n\t<meta name=\"twitter:label2\" content=\"Dur\u00e9e de lecture estim\u00e9e\" \/>\n\t<meta name=\"twitter:data2\" content=\"2 minutes\" \/>\n<script type=\"application\/ld+json\" class=\"yoast-schema-graph\">{\"@context\":\"https:\\\/\\\/schema.org\",\"@graph\":[{\"@type\":\"Article\",\"@id\":\"https:\\\/\\\/sorbetkiwi.fr\\\/index.php\\\/les-enfants-sont-rois-de-delphine-de-vigan\\\/#article\",\"isPartOf\":{\"@id\":\"https:\\\/\\\/sorbetkiwi.fr\\\/index.php\\\/les-enfants-sont-rois-de-delphine-de-vigan\\\/\"},\"author\":{\"name\":\"Sorbet-Kiwi\",\"@id\":\"https:\\\/\\\/sorbetkiwi.fr\\\/#\\\/schema\\\/person\\\/ed1b7b527a2957ddc3bf38b076540659\"},\"headline\":\"Les enfants sont rois de Delphine de Vigan\",\"datePublished\":\"2025-05-05T14:31:51+00:00\",\"dateModified\":\"2025-05-05T14:34:22+00:00\",\"mainEntityOfPage\":{\"@id\":\"https:\\\/\\\/sorbetkiwi.fr\\\/index.php\\\/les-enfants-sont-rois-de-delphine-de-vigan\\\/\"},\"wordCount\":360,\"commentCount\":7,\"publisher\":{\"@id\":\"https:\\\/\\\/sorbetkiwi.fr\\\/#organization\"},\"image\":{\"@id\":\"https:\\\/\\\/sorbetkiwi.fr\\\/index.php\\\/les-enfants-sont-rois-de-delphine-de-vigan\\\/#primaryimage\"},\"thumbnailUrl\":\"https:\\\/\\\/sorbetkiwi.fr\\\/wp-content\\\/uploads\\\/2025\\\/05\\\/Les-enfants-sont-rois-Delphine-de-Vigan.png\",\"keywords\":[\"Delphine de Vigan\",\"Editions Gallimard\",\"Gallimard\",\"Instagram\",\"Les enfants sont rois\",\"Printemps\",\"R\u00e9seaux sociaux\"],\"articleSection\":[\"Coups de coeur\",\"Le printemps\",\"Tout le blog\"],\"inLanguage\":\"fr-FR\",\"potentialAction\":[{\"@type\":\"CommentAction\",\"name\":\"Comment\",\"target\":[\"https:\\\/\\\/sorbetkiwi.fr\\\/index.php\\\/les-enfants-sont-rois-de-delphine-de-vigan\\\/#respond\"]}]},{\"@type\":\"WebPage\",\"@id\":\"https:\\\/\\\/sorbetkiwi.fr\\\/index.php\\\/les-enfants-sont-rois-de-delphine-de-vigan\\\/\",\"url\":\"https:\\\/\\\/sorbetkiwi.fr\\\/index.php\\\/les-enfants-sont-rois-de-delphine-de-vigan\\\/\",\"name\":\"Les enfants sont rois de Delphine de Vigan - Sorbet Kiwi\",\"isPartOf\":{\"@id\":\"https:\\\/\\\/sorbetkiwi.fr\\\/#website\"},\"primaryImageOfPage\":{\"@id\":\"https:\\\/\\\/sorbetkiwi.fr\\\/index.php\\\/les-enfants-sont-rois-de-delphine-de-vigan\\\/#primaryimage\"},\"image\":{\"@id\":\"https:\\\/\\\/sorbetkiwi.fr\\\/index.php\\\/les-enfants-sont-rois-de-delphine-de-vigan\\\/#primaryimage\"},\"thumbnailUrl\":\"https:\\\/\\\/sorbetkiwi.fr\\\/wp-content\\\/uploads\\\/2025\\\/05\\\/Les-enfants-sont-rois-Delphine-de-Vigan.png\",\"datePublished\":\"2025-05-05T14:31:51+00:00\",\"dateModified\":\"2025-05-05T14:34:22+00:00\",\"description\":\"Transfert de ma chronique du roman Les enfants sont rois de Delphine de Vigan aux \u00e9ditions Gallimard, lu en avril 2021.\",\"breadcrumb\":{\"@id\":\"https:\\\/\\\/sorbetkiwi.fr\\\/index.php\\\/les-enfants-sont-rois-de-delphine-de-vigan\\\/#breadcrumb\"},\"inLanguage\":\"fr-FR\",\"potentialAction\":[{\"@type\":\"ReadAction\",\"target\":[\"https:\\\/\\\/sorbetkiwi.fr\\\/index.php\\\/les-enfants-sont-rois-de-delphine-de-vigan\\\/\"]}]},{\"@type\":\"ImageObject\",\"inLanguage\":\"fr-FR\",\"@id\":\"https:\\\/\\\/sorbetkiwi.fr\\\/index.php\\\/les-enfants-sont-rois-de-delphine-de-vigan\\\/#primaryimage\",\"url\":\"https:\\\/\\\/sorbetkiwi.fr\\\/wp-content\\\/uploads\\\/2025\\\/05\\\/Les-enfants-sont-rois-Delphine-de-Vigan.png\",\"contentUrl\":\"https:\\\/\\\/sorbetkiwi.fr\\\/wp-content\\\/uploads\\\/2025\\\/05\\\/Les-enfants-sont-rois-Delphine-de-Vigan.png\",\"width\":650,\"height\":853,\"caption\":\"Les enfants sont rois Delphine de Vigan\"},{\"@type\":\"BreadcrumbList\",\"@id\":\"https:\\\/\\\/sorbetkiwi.fr\\\/index.php\\\/les-enfants-sont-rois-de-delphine-de-vigan\\\/#breadcrumb\",\"itemListElement\":[{\"@type\":\"ListItem\",\"position\":1,\"name\":\"Accueil\",\"item\":\"https:\\\/\\\/sorbetkiwi.fr\\\/\"},{\"@type\":\"ListItem\",\"position\":2,\"name\":\"Les enfants sont rois de Delphine de Vigan\"}]},{\"@type\":\"WebSite\",\"@id\":\"https:\\\/\\\/sorbetkiwi.fr\\\/#website\",\"url\":\"https:\\\/\\\/sorbetkiwi.fr\\\/\",\"name\":\"Sorbet Kiwi\",\"description\":\"Des lectures th\u00e9matiques par saison et les avis qui vont avec\",\"publisher\":{\"@id\":\"https:\\\/\\\/sorbetkiwi.fr\\\/#organization\"},\"potentialAction\":[{\"@type\":\"SearchAction\",\"target\":{\"@type\":\"EntryPoint\",\"urlTemplate\":\"https:\\\/\\\/sorbetkiwi.fr\\\/?s={search_term_string}\"},\"query-input\":{\"@type\":\"PropertyValueSpecification\",\"valueRequired\":true,\"valueName\":\"search_term_string\"}}],\"inLanguage\":\"fr-FR\"},{\"@type\":\"Organization\",\"@id\":\"https:\\\/\\\/sorbetkiwi.fr\\\/#organization\",\"name\":\"Sorbet Kiwi\",\"url\":\"https:\\\/\\\/sorbetkiwi.fr\\\/\",\"logo\":{\"@type\":\"ImageObject\",\"inLanguage\":\"fr-FR\",\"@id\":\"https:\\\/\\\/sorbetkiwi.fr\\\/#\\\/schema\\\/logo\\\/image\\\/\",\"url\":\"https:\\\/\\\/sorbetkiwi.fr\\\/wp-content\\\/uploads\\\/2022\\\/10\\\/Banniere-Sorbet-Kiwi-2022.jpg\",\"contentUrl\":\"https:\\\/\\\/sorbetkiwi.fr\\\/wp-content\\\/uploads\\\/2022\\\/10\\\/Banniere-Sorbet-Kiwi-2022.jpg\",\"width\":814,\"height\":401,\"caption\":\"Sorbet Kiwi\"},\"image\":{\"@id\":\"https:\\\/\\\/sorbetkiwi.fr\\\/#\\\/schema\\\/logo\\\/image\\\/\"},\"sameAs\":[\"https:\\\/\\\/www.facebook.com\\\/profile.php?id=100086238893269\",\"https:\\\/\\\/x.com\\\/pepparshoes\",\"https:\\\/\\\/www.instagram.com\\\/sorbetkiwi\\\/\",\"https:\\\/\\\/www.tiktok.com\\\/sorbetkiwi\"]},{\"@type\":\"Person\",\"@id\":\"https:\\\/\\\/sorbetkiwi.fr\\\/#\\\/schema\\\/person\\\/ed1b7b527a2957ddc3bf38b076540659\",\"name\":\"Sorbet-Kiwi\",\"image\":{\"@type\":\"ImageObject\",\"inLanguage\":\"fr-FR\",\"@id\":\"https:\\\/\\\/secure.gravatar.com\\\/avatar\\\/86f0a5c27d76317621b9e374d0f3a01d3a85278f10d0c7207ced4fd773057442?s=96&d=mm&r=g\",\"url\":\"https:\\\/\\\/secure.gravatar.com\\\/avatar\\\/86f0a5c27d76317621b9e374d0f3a01d3a85278f10d0c7207ced4fd773057442?s=96&d=mm&r=g\",\"contentUrl\":\"https:\\\/\\\/secure.gravatar.com\\\/avatar\\\/86f0a5c27d76317621b9e374d0f3a01d3a85278f10d0c7207ced4fd773057442?s=96&d=mm&r=g\",\"caption\":\"Sorbet-Kiwi\"},\"sameAs\":[\"http:\\\/\\\/sorbetkiwi.fr\"],\"url\":\"https:\\\/\\\/sorbetkiwi.fr\\\/index.php\\\/author\\\/admin7717\\\/\"}]}<\/script>\n<!-- \/ Yoast SEO plugin. -->","yoast_head_json":{"title":"Les enfants sont rois de Delphine de Vigan - Sorbet Kiwi","description":"Transfert de ma chronique du roman Les enfants sont rois de Delphine de Vigan aux \u00e9ditions Gallimard, lu en avril 2021.","robots":{"index":"index","follow":"follow","max-snippet":"max-snippet:-1","max-image-preview":"max-image-preview:large","max-video-preview":"max-video-preview:-1"},"canonical":"https:\/\/sorbetkiwi.fr\/index.php\/les-enfants-sont-rois-de-delphine-de-vigan\/","og_locale":"fr_FR","og_type":"article","og_title":"Les enfants sont rois de Delphine de Vigan - Sorbet Kiwi","og_description":"Transfert de ma chronique du roman Les enfants sont rois de Delphine de Vigan aux \u00e9ditions Gallimard, lu en avril 2021.","og_url":"https:\/\/sorbetkiwi.fr\/index.php\/les-enfants-sont-rois-de-delphine-de-vigan\/","og_site_name":"Sorbet Kiwi","article_publisher":"https:\/\/www.facebook.com\/profile.php?id=100086238893269","article_published_time":"2025-05-05T14:31:51+00:00","article_modified_time":"2025-05-05T14:34:22+00:00","og_image":[{"width":650,"height":853,"url":"https:\/\/sorbetkiwi.fr\/wp-content\/uploads\/2025\/05\/Les-enfants-sont-rois-Delphine-de-Vigan.png","type":"image\/png"}],"author":"Sorbet-Kiwi","twitter_card":"summary_large_image","twitter_creator":"@pepparshoes","twitter_site":"@pepparshoes","twitter_misc":{"\u00c9crit par":"Sorbet-Kiwi","Dur\u00e9e de lecture estim\u00e9e":"2 minutes"},"schema":{"@context":"https:\/\/schema.org","@graph":[{"@type":"Article","@id":"https:\/\/sorbetkiwi.fr\/index.php\/les-enfants-sont-rois-de-delphine-de-vigan\/#article","isPartOf":{"@id":"https:\/\/sorbetkiwi.fr\/index.php\/les-enfants-sont-rois-de-delphine-de-vigan\/"},"author":{"name":"Sorbet-Kiwi","@id":"https:\/\/sorbetkiwi.fr\/#\/schema\/person\/ed1b7b527a2957ddc3bf38b076540659"},"headline":"Les enfants sont rois de Delphine de Vigan","datePublished":"2025-05-05T14:31:51+00:00","dateModified":"2025-05-05T14:34:22+00:00","mainEntityOfPage":{"@id":"https:\/\/sorbetkiwi.fr\/index.php\/les-enfants-sont-rois-de-delphine-de-vigan\/"},"wordCount":360,"commentCount":7,"publisher":{"@id":"https:\/\/sorbetkiwi.fr\/#organization"},"image":{"@id":"https:\/\/sorbetkiwi.fr\/index.php\/les-enfants-sont-rois-de-delphine-de-vigan\/#primaryimage"},"thumbnailUrl":"https:\/\/sorbetkiwi.fr\/wp-content\/uploads\/2025\/05\/Les-enfants-sont-rois-Delphine-de-Vigan.png","keywords":["Delphine de Vigan","Editions Gallimard","Gallimard","Instagram","Les enfants sont rois","Printemps","R\u00e9seaux sociaux"],"articleSection":["Coups de coeur","Le printemps","Tout le blog"],"inLanguage":"fr-FR","potentialAction":[{"@type":"CommentAction","name":"Comment","target":["https:\/\/sorbetkiwi.fr\/index.php\/les-enfants-sont-rois-de-delphine-de-vigan\/#respond"]}]},{"@type":"WebPage","@id":"https:\/\/sorbetkiwi.fr\/index.php\/les-enfants-sont-rois-de-delphine-de-vigan\/","url":"https:\/\/sorbetkiwi.fr\/index.php\/les-enfants-sont-rois-de-delphine-de-vigan\/","name":"Les enfants sont rois de Delphine de Vigan - Sorbet Kiwi","isPartOf":{"@id":"https:\/\/sorbetkiwi.fr\/#website"},"primaryImageOfPage":{"@id":"https:\/\/sorbetkiwi.fr\/index.php\/les-enfants-sont-rois-de-delphine-de-vigan\/#primaryimage"},"image":{"@id":"https:\/\/sorbetkiwi.fr\/index.php\/les-enfants-sont-rois-de-delphine-de-vigan\/#primaryimage"},"thumbnailUrl":"https:\/\/sorbetkiwi.fr\/wp-content\/uploads\/2025\/05\/Les-enfants-sont-rois-Delphine-de-Vigan.png","datePublished":"2025-05-05T14:31:51+00:00","dateModified":"2025-05-05T14:34:22+00:00","description":"Transfert de ma chronique du roman Les enfants sont rois de Delphine de Vigan aux \u00e9ditions Gallimard, lu en avril 2021.","breadcrumb":{"@id":"https:\/\/sorbetkiwi.fr\/index.php\/les-enfants-sont-rois-de-delphine-de-vigan\/#breadcrumb"},"inLanguage":"fr-FR","potentialAction":[{"@type":"ReadAction","target":["https:\/\/sorbetkiwi.fr\/index.php\/les-enfants-sont-rois-de-delphine-de-vigan\/"]}]},{"@type":"ImageObject","inLanguage":"fr-FR","@id":"https:\/\/sorbetkiwi.fr\/index.php\/les-enfants-sont-rois-de-delphine-de-vigan\/#primaryimage","url":"https:\/\/sorbetkiwi.fr\/wp-content\/uploads\/2025\/05\/Les-enfants-sont-rois-Delphine-de-Vigan.png","contentUrl":"https:\/\/sorbetkiwi.fr\/wp-content\/uploads\/2025\/05\/Les-enfants-sont-rois-Delphine-de-Vigan.png","width":650,"height":853,"caption":"Les enfants sont rois Delphine de Vigan"},{"@type":"BreadcrumbList","@id":"https:\/\/sorbetkiwi.fr\/index.php\/les-enfants-sont-rois-de-delphine-de-vigan\/#breadcrumb","itemListElement":[{"@type":"ListItem","position":1,"name":"Accueil","item":"https:\/\/sorbetkiwi.fr\/"},{"@type":"ListItem","position":2,"name":"Les enfants sont rois de Delphine de Vigan"}]},{"@type":"WebSite","@id":"https:\/\/sorbetkiwi.fr\/#website","url":"https:\/\/sorbetkiwi.fr\/","name":"Sorbet Kiwi","description":"Des lectures th\u00e9matiques par saison et les avis qui vont avec","publisher":{"@id":"https:\/\/sorbetkiwi.fr\/#organization"},"potentialAction":[{"@type":"SearchAction","target":{"@type":"EntryPoint","urlTemplate":"https:\/\/sorbetkiwi.fr\/?s={search_term_string}"},"query-input":{"@type":"PropertyValueSpecification","valueRequired":true,"valueName":"search_term_string"}}],"inLanguage":"fr-FR"},{"@type":"Organization","@id":"https:\/\/sorbetkiwi.fr\/#organization","name":"Sorbet Kiwi","url":"https:\/\/sorbetkiwi.fr\/","logo":{"@type":"ImageObject","inLanguage":"fr-FR","@id":"https:\/\/sorbetkiwi.fr\/#\/schema\/logo\/image\/","url":"https:\/\/sorbetkiwi.fr\/wp-content\/uploads\/2022\/10\/Banniere-Sorbet-Kiwi-2022.jpg","contentUrl":"https:\/\/sorbetkiwi.fr\/wp-content\/uploads\/2022\/10\/Banniere-Sorbet-Kiwi-2022.jpg","width":814,"height":401,"caption":"Sorbet Kiwi"},"image":{"@id":"https:\/\/sorbetkiwi.fr\/#\/schema\/logo\/image\/"},"sameAs":["https:\/\/www.facebook.com\/profile.php?id=100086238893269","https:\/\/x.com\/pepparshoes","https:\/\/www.instagram.com\/sorbetkiwi\/","https:\/\/www.tiktok.com\/sorbetkiwi"]},{"@type":"Person","@id":"https:\/\/sorbetkiwi.fr\/#\/schema\/person\/ed1b7b527a2957ddc3bf38b076540659","name":"Sorbet-Kiwi","image":{"@type":"ImageObject","inLanguage":"fr-FR","@id":"https:\/\/secure.gravatar.com\/avatar\/86f0a5c27d76317621b9e374d0f3a01d3a85278f10d0c7207ced4fd773057442?s=96&d=mm&r=g","url":"https:\/\/secure.gravatar.com\/avatar\/86f0a5c27d76317621b9e374d0f3a01d3a85278f10d0c7207ced4fd773057442?s=96&d=mm&r=g","contentUrl":"https:\/\/secure.gravatar.com\/avatar\/86f0a5c27d76317621b9e374d0f3a01d3a85278f10d0c7207ced4fd773057442?s=96&d=mm&r=g","caption":"Sorbet-Kiwi"},"sameAs":["http:\/\/sorbetkiwi.fr"],"url":"https:\/\/sorbetkiwi.fr\/index.php\/author\/admin7717\/"}]}},"_links":{"self":[{"href":"https:\/\/sorbetkiwi.fr\/index.php\/wp-json\/wp\/v2\/posts\/7975","targetHints":{"allow":["GET"]}}],"collection":[{"href":"https:\/\/sorbetkiwi.fr\/index.php\/wp-json\/wp\/v2\/posts"}],"about":[{"href":"https:\/\/sorbetkiwi.fr\/index.php\/wp-json\/wp\/v2\/types\/post"}],"author":[{"embeddable":true,"href":"https:\/\/sorbetkiwi.fr\/index.php\/wp-json\/wp\/v2\/users\/1"}],"replies":[{"embeddable":true,"href":"https:\/\/sorbetkiwi.fr\/index.php\/wp-json\/wp\/v2\/comments?post=7975"}],"version-history":[{"count":7,"href":"https:\/\/sorbetkiwi.fr\/index.php\/wp-json\/wp\/v2\/posts\/7975\/revisions"}],"predecessor-version":[{"id":7983,"href":"https:\/\/sorbetkiwi.fr\/index.php\/wp-json\/wp\/v2\/posts\/7975\/revisions\/7983"}],"wp:featuredmedia":[{"embeddable":true,"href":"https:\/\/sorbetkiwi.fr\/index.php\/wp-json\/wp\/v2\/media\/7976"}],"wp:attachment":[{"href":"https:\/\/sorbetkiwi.fr\/index.php\/wp-json\/wp\/v2\/media?parent=7975"}],"wp:term":[{"taxonomy":"category","embeddable":true,"href":"https:\/\/sorbetkiwi.fr\/index.php\/wp-json\/wp\/v2\/categories?post=7975"},{"taxonomy":"post_tag","embeddable":true,"href":"https:\/\/sorbetkiwi.fr\/index.php\/wp-json\/wp\/v2\/tags?post=7975"}],"curies":[{"name":"wp","href":"https:\/\/api.w.org\/{rel}","templated":true}]}}