{"id":7825,"date":"2025-04-17T07:00:00","date_gmt":"2025-04-17T05:00:00","guid":{"rendered":"https:\/\/sorbetkiwi.fr\/?p=7825"},"modified":"2025-04-28T09:25:06","modified_gmt":"2025-04-28T07:25:06","slug":"la-fille-dans-l-ecran-de-desveaux-et-lubie","status":"publish","type":"post","link":"https:\/\/sorbetkiwi.fr\/index.php\/la-fille-dans-l-ecran-de-desveaux-et-lubie\/","title":{"rendered":"La fille dans l&rsquo;\u00e9cran de Desveaux et Lubie"},"content":{"rendered":"\t\t<div data-elementor-type=\"wp-post\" data-elementor-id=\"7825\" class=\"elementor elementor-7825\">\n\t\t\t\t\t\t<section class=\"elementor-section elementor-top-section elementor-element elementor-element-4842a3c2 elementor-section-boxed elementor-section-height-default elementor-section-height-default\" data-id=\"4842a3c2\" data-element_type=\"section\" data-e-type=\"section\">\n\t\t\t\t\t\t<div class=\"elementor-container elementor-column-gap-default\">\n\t\t\t\t\t<div class=\"elementor-column elementor-col-100 elementor-top-column elementor-element elementor-element-e8a3112\" data-id=\"e8a3112\" data-element_type=\"column\" data-e-type=\"column\">\n\t\t\t<div class=\"elementor-widget-wrap elementor-element-populated\">\n\t\t\t\t\t\t<div class=\"elementor-element elementor-element-28ff40e elementor-widget elementor-widget-heading\" data-id=\"28ff40e\" data-element_type=\"widget\" data-e-type=\"widget\" data-widget_type=\"heading.default\">\n\t\t\t\t<div class=\"elementor-widget-container\">\n\t\t\t\t\t<h1 class=\"elementor-heading-title elementor-size-medium\">La fille dans l'\u00e9cran<\/h1>\t\t\t\t<\/div>\n\t\t\t\t<\/div>\n\t\t\t\t<div class=\"elementor-element elementor-element-a949777 elementor-view-default elementor-widget elementor-widget-icon\" data-id=\"a949777\" data-element_type=\"widget\" data-e-type=\"widget\" data-widget_type=\"icon.default\">\n\t\t\t\t<div class=\"elementor-widget-container\">\n\t\t\t\t\t\t\t<div class=\"elementor-icon-wrapper\">\n\t\t\t<div class=\"elementor-icon\">\n\t\t\t<i aria-hidden=\"true\" class=\"fab fa-pagelines\"><\/i>\t\t\t<\/div>\n\t\t<\/div>\n\t\t\t\t\t\t<\/div>\n\t\t\t\t<\/div>\n\t\t\t\t<div class=\"elementor-element elementor-element-599b1b0f elementor-widget-divider--view-line elementor-widget elementor-widget-divider\" data-id=\"599b1b0f\" data-element_type=\"widget\" data-e-type=\"widget\" data-widget_type=\"divider.default\">\n\t\t\t\t<div class=\"elementor-widget-container\">\n\t\t\t\t\t\t\t<div class=\"elementor-divider\">\n\t\t\t<span class=\"elementor-divider-separator\">\n\t\t\t\t\t\t<\/span>\n\t\t<\/div>\n\t\t\t\t\t\t<\/div>\n\t\t\t\t<\/div>\n\t\t\t\t<div class=\"elementor-element elementor-element-2871315e elementor-widget elementor-widget-heading\" data-id=\"2871315e\" data-element_type=\"widget\" data-e-type=\"widget\" data-widget_type=\"heading.default\">\n\t\t\t\t<div class=\"elementor-widget-container\">\n\t\t\t\t\t<h2 class=\"elementor-heading-title elementor-size-medium\">R\u00e9sum\u00e9<\/h2>\t\t\t\t<\/div>\n\t\t\t\t<\/div>\n\t\t\t\t<div class=\"elementor-element elementor-element-4e3c614d elementor-widget elementor-widget-text-editor\" data-id=\"4e3c614d\" data-element_type=\"widget\" data-e-type=\"widget\" data-widget_type=\"text-editor.default\">\n\t\t\t\t<div class=\"elementor-widget-container\">\n\t\t\t\t\t\t\t\t\t<p>Deux filles que tout opposent, prennent contact sur internet pour ensuite faire connaissance dans la \u00ab vraie vie \u00bb. Elles seront submerg\u00e9es par des sentiments troublants. Coline, 22 ans vit en France et souffre de troubles anxieux qui l&rsquo;ont isol\u00e9e du monde. H\u00e9berg\u00e9e \u00e0 la campagne chez ses grands-parents, elle r\u00eave de devenir illustratrice. Ses recherches d&rsquo;inspiration la conduisent \u00e0 contacter Marley, une photographe install\u00e9e \u00e0 Montr\u00e9al. De son c\u00f4t\u00e9, Marley, 28 ans vit au Qu\u00e9bec a abandonn\u00e9 sa passion pour la photo pour se laisser porter par sa vie montr\u00e9alaise tr\u00e9pidante. Elle a un job alimentaire, un amoureux qu\u00e9b\u00e9cois et un quotidien rythm\u00e9 par des sorties. Les messages de Coline vont r\u00e9veiller en elle un r\u00e9el besoin d&rsquo;authenticit\u00e9. Coline et Marley vont tisser un lien capable de surmonter la distance et le d\u00e9calage horaire et qui se r\u00e9v\u00e8lera de plus en plus dense jusqu&rsquo;\u00e0 la rencontre en France&#8230;<\/p>\t\t\t\t\t\t\t\t<\/div>\n\t\t\t\t<\/div>\n\t\t\t\t<div class=\"elementor-element elementor-element-583e2943 elementor-widget-divider--view-line elementor-widget elementor-widget-divider\" data-id=\"583e2943\" data-element_type=\"widget\" data-e-type=\"widget\" data-widget_type=\"divider.default\">\n\t\t\t\t<div class=\"elementor-widget-container\">\n\t\t\t\t\t\t\t<div class=\"elementor-divider\">\n\t\t\t<span class=\"elementor-divider-separator\">\n\t\t\t\t\t\t<\/span>\n\t\t<\/div>\n\t\t\t\t\t\t<\/div>\n\t\t\t\t<\/div>\n\t\t\t\t<div class=\"elementor-element elementor-element-650c1190 elementor-widget elementor-widget-heading\" data-id=\"650c1190\" data-element_type=\"widget\" data-e-type=\"widget\" data-widget_type=\"heading.default\">\n\t\t\t\t<div class=\"elementor-widget-container\">\n\t\t\t\t\t<h2 class=\"elementor-heading-title elementor-size-medium\">Une double-histoire<\/h2>\t\t\t\t<\/div>\n\t\t\t\t<\/div>\n\t\t\t\t<div class=\"elementor-element elementor-element-2c8e1546 elementor-widget elementor-widget-text-editor\" data-id=\"2c8e1546\" data-element_type=\"widget\" data-e-type=\"widget\" data-widget_type=\"text-editor.default\">\n\t\t\t\t<div class=\"elementor-widget-container\">\n\t\t\t\t\t\t\t\t\t<p>J&rsquo;ai emprunt\u00e9 cette BD \u00e0 la m\u00e9diath\u00e8que simplement parce que j&rsquo;ai envie de lire les textes de <a href=\"https:\/\/www.livraddict.com\/biblio\/auteur\/lou-lubie.html\">Lou Lubie<\/a>. C&rsquo;est une autrice dont j&rsquo;ai appr\u00e9ci\u00e9 plusieurs BD d\u00e9j\u00e0, je voulais donc prolonger exp\u00e9rience. Par contre, je d\u00e9couvre Manon Desveaux et il semblerait que ce soit sa seule publication, mais j&rsquo;esp\u00e8re qu&rsquo;elle a d&rsquo;autres projets ! Les autrices nous proposent un roman graphique \u00e0 double-mains. Chaque double-page est divis\u00e9e entre Coline et Marley, l&rsquo;une est en noir et blanc, l&rsquo;autre en couleurs. Jusqu&rsquo;\u00e0 ce qu&rsquo;elles se rejoignent et que nous m\u00e9langeons les deux styles ! Cela en fait d\u00e9j\u00e0 une romance contemporaine originale et agr\u00e9able pour l&rsquo;oeil.<\/p>\t\t\t\t\t\t\t\t<\/div>\n\t\t\t\t<\/div>\n\t\t\t\t<div class=\"elementor-element elementor-element-67cabc30 elementor-widget-divider--view-line elementor-widget elementor-widget-divider\" data-id=\"67cabc30\" data-element_type=\"widget\" data-e-type=\"widget\" data-widget_type=\"divider.default\">\n\t\t\t\t<div class=\"elementor-widget-container\">\n\t\t\t\t\t\t\t<div class=\"elementor-divider\">\n\t\t\t<span class=\"elementor-divider-separator\">\n\t\t\t\t\t\t<\/span>\n\t\t<\/div>\n\t\t\t\t\t\t<\/div>\n\t\t\t\t<\/div>\n\t\t\t\t<div class=\"elementor-element elementor-element-5c804b93 elementor-widget elementor-widget-heading\" data-id=\"5c804b93\" data-element_type=\"widget\" data-e-type=\"widget\" data-widget_type=\"heading.default\">\n\t\t\t\t<div class=\"elementor-widget-container\">\n\t\t\t\t\t<h4 class=\"elementor-heading-title elementor-size-medium\">\"C'est dr\u00f4le comme on oublie de s'\u00e9merveiller...\"<\/h4>\t\t\t\t<\/div>\n\t\t\t\t<\/div>\n\t\t\t\t<div class=\"elementor-element elementor-element-571b594f elementor-widget-divider--view-line elementor-widget elementor-widget-divider\" data-id=\"571b594f\" data-element_type=\"widget\" data-e-type=\"widget\" data-widget_type=\"divider.default\">\n\t\t\t\t<div class=\"elementor-widget-container\">\n\t\t\t\t\t\t\t<div class=\"elementor-divider\">\n\t\t\t<span class=\"elementor-divider-separator\">\n\t\t\t\t\t\t<\/span>\n\t\t<\/div>\n\t\t\t\t\t\t<\/div>\n\t\t\t\t<\/div>\n\t\t\t\t<div class=\"elementor-element elementor-element-45c57bfd elementor-widget elementor-widget-heading\" data-id=\"45c57bfd\" data-element_type=\"widget\" data-e-type=\"widget\" data-widget_type=\"heading.default\">\n\t\t\t\t<div class=\"elementor-widget-container\">\n\t\t\t\t\t<h2 class=\"elementor-heading-title elementor-size-medium\">La fille dans l'\u00e9cran scl\u00e9ros\u00e9e...<\/h2>\t\t\t\t<\/div>\n\t\t\t\t<\/div>\n\t\t\t\t<div class=\"elementor-element elementor-element-4652d67 elementor-widget elementor-widget-text-editor\" data-id=\"4652d67\" data-element_type=\"widget\" data-e-type=\"widget\" data-widget_type=\"text-editor.default\">\n\t\t\t\t<div class=\"elementor-widget-container\">\n\t\t\t\t\t\t\t\t\t<p>Je me suis beaucoup reconnue dans les deux personnages \u00e0 des moments diff\u00e9rents de ma vie. Chez Coline, par exemple, un des parents est vraiment infect car il est si auto-centr\u00e9 sur ses angoisses en terme de r\u00e9ussites de sa prog\u00e9niture, qu&rsquo;il en oublie que ce sont des humains. Coline fait donc de grosses crises d&rsquo;angoisses et est tr\u00e8s proche de ses grand-parents qui viennent adoucir son histoire et l&rsquo;encouragent. Mais, de fait, elle sur-interpr\u00e8te \u00e9norm\u00e9ment de choses et se d\u00e9valorise, car elle se persuade qu&rsquo;elle n&rsquo;en vaut pas la peine. Merci maman ! Marley, la fille dans l&rsquo;\u00e9cran, sera donc une vraie bouff\u00e9e d&rsquo;air frais qu\u00e9b\u00e9cois dans son brouillard fran\u00e7ais.\u00a0<\/p>\t\t\t\t\t\t\t\t<\/div>\n\t\t\t\t<\/div>\n\t\t\t\t<div class=\"elementor-element elementor-element-1161cc0a elementor-widget-divider--view-line elementor-widget elementor-widget-divider\" data-id=\"1161cc0a\" data-element_type=\"widget\" data-e-type=\"widget\" data-widget_type=\"divider.default\">\n\t\t\t\t<div class=\"elementor-widget-container\">\n\t\t\t\t\t\t\t<div class=\"elementor-divider\">\n\t\t\t<span class=\"elementor-divider-separator\">\n\t\t\t\t\t\t<\/span>\n\t\t<\/div>\n\t\t\t\t\t\t<\/div>\n\t\t\t\t<\/div>\n\t\t\t\t<div class=\"elementor-element elementor-element-6f55aa72 elementor-widget elementor-widget-heading\" data-id=\"6f55aa72\" data-element_type=\"widget\" data-e-type=\"widget\" data-widget_type=\"heading.default\">\n\t\t\t\t<div class=\"elementor-widget-container\">\n\t\t\t\t\t<h2 class=\"elementor-heading-title elementor-size-medium\">et la fille dans l'\u00e9cran qui donne le change<\/h2>\t\t\t\t<\/div>\n\t\t\t\t<\/div>\n\t\t\t\t<div class=\"elementor-element elementor-element-b183af5 elementor-widget elementor-widget-text-editor\" data-id=\"b183af5\" data-element_type=\"widget\" data-e-type=\"widget\" data-widget_type=\"text-editor.default\">\n\t\t\t\t<div class=\"elementor-widget-container\">\n\t\t\t\t\t\t\t\t\t<p>De son c\u00f4t\u00e9, Marl\u00e8ne profite \u00e9galement de la fille dans l&rsquo;\u00e9cran. Car Coline lui r\u00e9apprend aussi \u00e0 se valoriser, \u00e0 se retrouver. A croire en ses r\u00eaves, qu&rsquo;elle chassait \u00e0 une \u00e9poque. Elle va lui permettre de se reconnecter \u00e0 elle-m\u00eame. Vincent, son compagnon, n&rsquo;est pas un homme bien malgr\u00e9 les apparences. Il a simplement r\u00e9ussi \u00e0 la brider, ce qui conduit in\u00e9vitablement \u00e0 des VSS, d&rsquo;ailleurs, donc trigger warning l\u00e0 dessus ! Il ne soutient pas sa passion, il prend tout l&rsquo;espace dont il a besoin sans lui accorder le sien ni lui offrir des moments de partage. Rien ne va dans cette relation, c&rsquo;est donc avec \u00e9merveillement que j&rsquo;ai observ\u00e9 Marley se lib\u00e9rer de ses lianes et de se retrouver, avec l&rsquo;aide d&rsquo;une romance naissante. La fille dans l&rsquo;\u00e9cran est une tr\u00e8s jolie histoire \u00e0 double-sens, j&rsquo;ai pass\u00e9 un doux moment avec les filles !<\/p>\t\t\t\t\t\t\t\t<\/div>\n\t\t\t\t<\/div>\n\t\t\t\t<div class=\"elementor-element elementor-element-102ab6ed elementor-widget elementor-widget-heading\" data-id=\"102ab6ed\" data-element_type=\"widget\" data-e-type=\"widget\" data-widget_type=\"heading.default\">\n\t\t\t\t<div class=\"elementor-widget-container\">\n\t\t\t\t\t<h4 class=\"elementor-heading-title elementor-size-medium\">Mes chroniques des autres BD de Lou Lubie :<\/h4>\t\t\t\t<\/div>\n\t\t\t\t<\/div>\n\t\t\t\t<div class=\"elementor-element elementor-element-8a40644 elementor-widget elementor-widget-text-editor\" data-id=\"8a40644\" data-element_type=\"widget\" data-e-type=\"widget\" data-widget_type=\"text-editor.default\">\n\t\t\t\t<div class=\"elementor-widget-container\">\n\t\t\t\t\t\t\t\t\t<p>Mes chroniques de Lou Lubie :\u00a0<\/p><ul><li><a href=\"https:\/\/sorbetkiwi.fr\/index.php\/et-a-la-fin-ils-meurent-de-lou-lubie\/\">Et \u00e0 la fin, ils meurent : la sale v\u00e9rit\u00e9 sur les contes de f\u00e9es<\/a><\/li><li><a href=\"https:\/\/sorbetkiwi.fr\/index.php\/goupil-ou-face-de-lou-lubie\/\">Goupil ou face : Comment apprivoiser sa cyclothymie\u00a0<\/a><\/li><\/ul>\t\t\t\t\t\t\t\t<\/div>\n\t\t\t\t<\/div>\n\t\t\t\t\t<\/div>\n\t\t<\/div>\n\t\t\t\t\t<\/div>\n\t\t<\/section>\n\t\t\t\t<\/div>\n\t\t","protected":false},"excerpt":{"rendered":"<p>La fille dans l&rsquo;\u00e9cran R\u00e9sum\u00e9 Deux filles que tout opposent, prennent contact sur internet pour ensuite faire connaissance dans la \u00ab vraie vie \u00bb. Elles seront submerg\u00e9es par des sentiments troublants. Coline, 22 ans vit &hellip; <\/p>\n","protected":false},"author":1,"featured_media":7827,"comment_status":"closed","ping_status":"open","sticky":false,"template":"","format":"standard","meta":{"footnotes":""},"categories":[7,13,1],"tags":[80,79,1700,1699,1949,1333,1950],"class_list":["post-7825","post","type-post","status-publish","format-standard","has-post-thumbnail","hentry","category-benevolat","category-le-printemps","category-tout-le-blog","tag-bande-dessinee","tag-bd","tag-collection-marabulles","tag-editions-marabout","tag-la-fille-dans-lecran","tag-lou-lubie","tag-manon-desveaux","has-single-img"],"yoast_head":"<!-- This site is optimized with the Yoast SEO plugin v27.4 - https:\/\/yoast.com\/product\/yoast-seo-wordpress\/ -->\n<title>La fille dans l&#039;\u00e9cran de Desveaux et Lubie - Sorbet Kiwi<\/title>\n<meta name=\"description\" content=\"Ma chronique de la bande dessin\u00e9e La fille dans l&#039;\u00e9cran de Manon Desveaux et Lou Lubie aux \u00e9ditions Maraboux collection Marabulles.\" \/>\n<meta name=\"robots\" content=\"index, follow, max-snippet:-1, max-image-preview:large, max-video-preview:-1\" \/>\n<link rel=\"canonical\" href=\"https:\/\/sorbetkiwi.fr\/index.php\/la-fille-dans-l-ecran-de-desveaux-et-lubie\/\" \/>\n<meta property=\"og:locale\" content=\"fr_FR\" \/>\n<meta property=\"og:type\" content=\"article\" \/>\n<meta property=\"og:title\" content=\"La fille dans l&#039;\u00e9cran de Desveaux et Lubie - Sorbet Kiwi\" \/>\n<meta property=\"og:description\" content=\"Ma chronique de la bande dessin\u00e9e La fille dans l&#039;\u00e9cran de Manon Desveaux et Lou Lubie aux \u00e9ditions Maraboux collection Marabulles.\" \/>\n<meta property=\"og:url\" content=\"https:\/\/sorbetkiwi.fr\/index.php\/la-fille-dans-l-ecran-de-desveaux-et-lubie\/\" \/>\n<meta property=\"og:site_name\" content=\"Sorbet Kiwi\" \/>\n<meta property=\"article:publisher\" content=\"https:\/\/www.facebook.com\/profile.php?id=100086238893269\" \/>\n<meta property=\"article:published_time\" content=\"2025-04-17T05:00:00+00:00\" \/>\n<meta property=\"article:modified_time\" content=\"2025-04-28T07:25:06+00:00\" \/>\n<meta property=\"og:image\" content=\"https:\/\/sorbetkiwi.fr\/wp-content\/uploads\/2025\/04\/La-fille-dans-lecran-Manon-Desveaux-Lou-Lubie-768x1024.jpg\" \/>\n\t<meta property=\"og:image:width\" content=\"768\" \/>\n\t<meta property=\"og:image:height\" content=\"1024\" \/>\n\t<meta property=\"og:image:type\" content=\"image\/jpeg\" \/>\n<meta name=\"author\" content=\"Sorbet-Kiwi\" \/>\n<meta name=\"twitter:card\" content=\"summary_large_image\" \/>\n<meta name=\"twitter:creator\" content=\"@pepparshoes\" \/>\n<meta name=\"twitter:site\" content=\"@pepparshoes\" \/>\n<meta name=\"twitter:label1\" content=\"\u00c9crit par\" \/>\n\t<meta name=\"twitter:data1\" content=\"Sorbet-Kiwi\" \/>\n\t<meta name=\"twitter:label2\" content=\"Dur\u00e9e de lecture estim\u00e9e\" \/>\n\t<meta name=\"twitter:data2\" content=\"4 minutes\" \/>\n<script type=\"application\/ld+json\" class=\"yoast-schema-graph\">{\"@context\":\"https:\\\/\\\/schema.org\",\"@graph\":[{\"@type\":\"Article\",\"@id\":\"https:\\\/\\\/sorbetkiwi.fr\\\/index.php\\\/la-fille-dans-l-ecran-de-desveaux-et-lubie\\\/#article\",\"isPartOf\":{\"@id\":\"https:\\\/\\\/sorbetkiwi.fr\\\/index.php\\\/la-fille-dans-l-ecran-de-desveaux-et-lubie\\\/\"},\"author\":{\"name\":\"Sorbet-Kiwi\",\"@id\":\"https:\\\/\\\/sorbetkiwi.fr\\\/#\\\/schema\\\/person\\\/ed1b7b527a2957ddc3bf38b076540659\"},\"headline\":\"La fille dans l&rsquo;\u00e9cran de Desveaux et Lubie\",\"datePublished\":\"2025-04-17T05:00:00+00:00\",\"dateModified\":\"2025-04-28T07:25:06+00:00\",\"mainEntityOfPage\":{\"@id\":\"https:\\\/\\\/sorbetkiwi.fr\\\/index.php\\\/la-fille-dans-l-ecran-de-desveaux-et-lubie\\\/\"},\"wordCount\":653,\"publisher\":{\"@id\":\"https:\\\/\\\/sorbetkiwi.fr\\\/#organization\"},\"image\":{\"@id\":\"https:\\\/\\\/sorbetkiwi.fr\\\/index.php\\\/la-fille-dans-l-ecran-de-desveaux-et-lubie\\\/#primaryimage\"},\"thumbnailUrl\":\"https:\\\/\\\/sorbetkiwi.fr\\\/wp-content\\\/uploads\\\/2025\\\/04\\\/La-fille-dans-lecran-Manon-Desveaux-Lou-Lubie.jpg\",\"keywords\":[\"Bande dessin\u00e9e\",\"BD\",\"collection Marabulles\",\"\u00e9ditions Marabout\",\"La fille dans l'\u00e9cran\",\"Lou Lubie\",\"Manon Desveaux\"],\"articleSection\":[\"B\u00e9n\u00e9volat\",\"Le printemps\",\"Tout le blog\"],\"inLanguage\":\"fr-FR\"},{\"@type\":\"WebPage\",\"@id\":\"https:\\\/\\\/sorbetkiwi.fr\\\/index.php\\\/la-fille-dans-l-ecran-de-desveaux-et-lubie\\\/\",\"url\":\"https:\\\/\\\/sorbetkiwi.fr\\\/index.php\\\/la-fille-dans-l-ecran-de-desveaux-et-lubie\\\/\",\"name\":\"La fille dans l'\u00e9cran de Desveaux et Lubie - Sorbet Kiwi\",\"isPartOf\":{\"@id\":\"https:\\\/\\\/sorbetkiwi.fr\\\/#website\"},\"primaryImageOfPage\":{\"@id\":\"https:\\\/\\\/sorbetkiwi.fr\\\/index.php\\\/la-fille-dans-l-ecran-de-desveaux-et-lubie\\\/#primaryimage\"},\"image\":{\"@id\":\"https:\\\/\\\/sorbetkiwi.fr\\\/index.php\\\/la-fille-dans-l-ecran-de-desveaux-et-lubie\\\/#primaryimage\"},\"thumbnailUrl\":\"https:\\\/\\\/sorbetkiwi.fr\\\/wp-content\\\/uploads\\\/2025\\\/04\\\/La-fille-dans-lecran-Manon-Desveaux-Lou-Lubie.jpg\",\"datePublished\":\"2025-04-17T05:00:00+00:00\",\"dateModified\":\"2025-04-28T07:25:06+00:00\",\"description\":\"Ma chronique de la bande dessin\u00e9e La fille dans l'\u00e9cran de Manon Desveaux et Lou Lubie aux \u00e9ditions Maraboux collection Marabulles.\",\"breadcrumb\":{\"@id\":\"https:\\\/\\\/sorbetkiwi.fr\\\/index.php\\\/la-fille-dans-l-ecran-de-desveaux-et-lubie\\\/#breadcrumb\"},\"inLanguage\":\"fr-FR\",\"potentialAction\":[{\"@type\":\"ReadAction\",\"target\":[\"https:\\\/\\\/sorbetkiwi.fr\\\/index.php\\\/la-fille-dans-l-ecran-de-desveaux-et-lubie\\\/\"]}]},{\"@type\":\"ImageObject\",\"inLanguage\":\"fr-FR\",\"@id\":\"https:\\\/\\\/sorbetkiwi.fr\\\/index.php\\\/la-fille-dans-l-ecran-de-desveaux-et-lubie\\\/#primaryimage\",\"url\":\"https:\\\/\\\/sorbetkiwi.fr\\\/wp-content\\\/uploads\\\/2025\\\/04\\\/La-fille-dans-lecran-Manon-Desveaux-Lou-Lubie.jpg\",\"contentUrl\":\"https:\\\/\\\/sorbetkiwi.fr\\\/wp-content\\\/uploads\\\/2025\\\/04\\\/La-fille-dans-lecran-Manon-Desveaux-Lou-Lubie.jpg\",\"width\":1440,\"height\":1920,\"caption\":\"La fille dans l'\u00e9cran Manon Desveaux Lou Lubie\"},{\"@type\":\"BreadcrumbList\",\"@id\":\"https:\\\/\\\/sorbetkiwi.fr\\\/index.php\\\/la-fille-dans-l-ecran-de-desveaux-et-lubie\\\/#breadcrumb\",\"itemListElement\":[{\"@type\":\"ListItem\",\"position\":1,\"name\":\"Accueil\",\"item\":\"https:\\\/\\\/sorbetkiwi.fr\\\/\"},{\"@type\":\"ListItem\",\"position\":2,\"name\":\"La fille dans l&rsquo;\u00e9cran de Desveaux et Lubie\"}]},{\"@type\":\"WebSite\",\"@id\":\"https:\\\/\\\/sorbetkiwi.fr\\\/#website\",\"url\":\"https:\\\/\\\/sorbetkiwi.fr\\\/\",\"name\":\"Sorbet Kiwi\",\"description\":\"Des lectures th\u00e9matiques par saison et les avis qui vont avec\",\"publisher\":{\"@id\":\"https:\\\/\\\/sorbetkiwi.fr\\\/#organization\"},\"potentialAction\":[{\"@type\":\"SearchAction\",\"target\":{\"@type\":\"EntryPoint\",\"urlTemplate\":\"https:\\\/\\\/sorbetkiwi.fr\\\/?s={search_term_string}\"},\"query-input\":{\"@type\":\"PropertyValueSpecification\",\"valueRequired\":true,\"valueName\":\"search_term_string\"}}],\"inLanguage\":\"fr-FR\"},{\"@type\":\"Organization\",\"@id\":\"https:\\\/\\\/sorbetkiwi.fr\\\/#organization\",\"name\":\"Sorbet Kiwi\",\"url\":\"https:\\\/\\\/sorbetkiwi.fr\\\/\",\"logo\":{\"@type\":\"ImageObject\",\"inLanguage\":\"fr-FR\",\"@id\":\"https:\\\/\\\/sorbetkiwi.fr\\\/#\\\/schema\\\/logo\\\/image\\\/\",\"url\":\"https:\\\/\\\/sorbetkiwi.fr\\\/wp-content\\\/uploads\\\/2022\\\/10\\\/Banniere-Sorbet-Kiwi-2022.jpg\",\"contentUrl\":\"https:\\\/\\\/sorbetkiwi.fr\\\/wp-content\\\/uploads\\\/2022\\\/10\\\/Banniere-Sorbet-Kiwi-2022.jpg\",\"width\":814,\"height\":401,\"caption\":\"Sorbet Kiwi\"},\"image\":{\"@id\":\"https:\\\/\\\/sorbetkiwi.fr\\\/#\\\/schema\\\/logo\\\/image\\\/\"},\"sameAs\":[\"https:\\\/\\\/www.facebook.com\\\/profile.php?id=100086238893269\",\"https:\\\/\\\/x.com\\\/pepparshoes\",\"https:\\\/\\\/www.instagram.com\\\/sorbetkiwi\\\/\",\"https:\\\/\\\/www.tiktok.com\\\/sorbetkiwi\"]},{\"@type\":\"Person\",\"@id\":\"https:\\\/\\\/sorbetkiwi.fr\\\/#\\\/schema\\\/person\\\/ed1b7b527a2957ddc3bf38b076540659\",\"name\":\"Sorbet-Kiwi\",\"image\":{\"@type\":\"ImageObject\",\"inLanguage\":\"fr-FR\",\"@id\":\"https:\\\/\\\/secure.gravatar.com\\\/avatar\\\/86f0a5c27d76317621b9e374d0f3a01d3a85278f10d0c7207ced4fd773057442?s=96&d=mm&r=g\",\"url\":\"https:\\\/\\\/secure.gravatar.com\\\/avatar\\\/86f0a5c27d76317621b9e374d0f3a01d3a85278f10d0c7207ced4fd773057442?s=96&d=mm&r=g\",\"contentUrl\":\"https:\\\/\\\/secure.gravatar.com\\\/avatar\\\/86f0a5c27d76317621b9e374d0f3a01d3a85278f10d0c7207ced4fd773057442?s=96&d=mm&r=g\",\"caption\":\"Sorbet-Kiwi\"},\"sameAs\":[\"http:\\\/\\\/sorbetkiwi.fr\"],\"url\":\"https:\\\/\\\/sorbetkiwi.fr\\\/index.php\\\/author\\\/admin7717\\\/\"}]}<\/script>\n<!-- \/ Yoast SEO plugin. -->","yoast_head_json":{"title":"La fille dans l'\u00e9cran de Desveaux et Lubie - Sorbet Kiwi","description":"Ma chronique de la bande dessin\u00e9e La fille dans l'\u00e9cran de Manon Desveaux et Lou Lubie aux \u00e9ditions Maraboux collection Marabulles.","robots":{"index":"index","follow":"follow","max-snippet":"max-snippet:-1","max-image-preview":"max-image-preview:large","max-video-preview":"max-video-preview:-1"},"canonical":"https:\/\/sorbetkiwi.fr\/index.php\/la-fille-dans-l-ecran-de-desveaux-et-lubie\/","og_locale":"fr_FR","og_type":"article","og_title":"La fille dans l'\u00e9cran de Desveaux et Lubie - Sorbet Kiwi","og_description":"Ma chronique de la bande dessin\u00e9e La fille dans l'\u00e9cran de Manon Desveaux et Lou Lubie aux \u00e9ditions Maraboux collection Marabulles.","og_url":"https:\/\/sorbetkiwi.fr\/index.php\/la-fille-dans-l-ecran-de-desveaux-et-lubie\/","og_site_name":"Sorbet Kiwi","article_publisher":"https:\/\/www.facebook.com\/profile.php?id=100086238893269","article_published_time":"2025-04-17T05:00:00+00:00","article_modified_time":"2025-04-28T07:25:06+00:00","og_image":[{"width":768,"height":1024,"url":"https:\/\/sorbetkiwi.fr\/wp-content\/uploads\/2025\/04\/La-fille-dans-lecran-Manon-Desveaux-Lou-Lubie-768x1024.jpg","type":"image\/jpeg"}],"author":"Sorbet-Kiwi","twitter_card":"summary_large_image","twitter_creator":"@pepparshoes","twitter_site":"@pepparshoes","twitter_misc":{"\u00c9crit par":"Sorbet-Kiwi","Dur\u00e9e de lecture estim\u00e9e":"4 minutes"},"schema":{"@context":"https:\/\/schema.org","@graph":[{"@type":"Article","@id":"https:\/\/sorbetkiwi.fr\/index.php\/la-fille-dans-l-ecran-de-desveaux-et-lubie\/#article","isPartOf":{"@id":"https:\/\/sorbetkiwi.fr\/index.php\/la-fille-dans-l-ecran-de-desveaux-et-lubie\/"},"author":{"name":"Sorbet-Kiwi","@id":"https:\/\/sorbetkiwi.fr\/#\/schema\/person\/ed1b7b527a2957ddc3bf38b076540659"},"headline":"La fille dans l&rsquo;\u00e9cran de Desveaux et Lubie","datePublished":"2025-04-17T05:00:00+00:00","dateModified":"2025-04-28T07:25:06+00:00","mainEntityOfPage":{"@id":"https:\/\/sorbetkiwi.fr\/index.php\/la-fille-dans-l-ecran-de-desveaux-et-lubie\/"},"wordCount":653,"publisher":{"@id":"https:\/\/sorbetkiwi.fr\/#organization"},"image":{"@id":"https:\/\/sorbetkiwi.fr\/index.php\/la-fille-dans-l-ecran-de-desveaux-et-lubie\/#primaryimage"},"thumbnailUrl":"https:\/\/sorbetkiwi.fr\/wp-content\/uploads\/2025\/04\/La-fille-dans-lecran-Manon-Desveaux-Lou-Lubie.jpg","keywords":["Bande dessin\u00e9e","BD","collection Marabulles","\u00e9ditions Marabout","La fille dans l'\u00e9cran","Lou Lubie","Manon Desveaux"],"articleSection":["B\u00e9n\u00e9volat","Le printemps","Tout le blog"],"inLanguage":"fr-FR"},{"@type":"WebPage","@id":"https:\/\/sorbetkiwi.fr\/index.php\/la-fille-dans-l-ecran-de-desveaux-et-lubie\/","url":"https:\/\/sorbetkiwi.fr\/index.php\/la-fille-dans-l-ecran-de-desveaux-et-lubie\/","name":"La fille dans l'\u00e9cran de Desveaux et Lubie - Sorbet Kiwi","isPartOf":{"@id":"https:\/\/sorbetkiwi.fr\/#website"},"primaryImageOfPage":{"@id":"https:\/\/sorbetkiwi.fr\/index.php\/la-fille-dans-l-ecran-de-desveaux-et-lubie\/#primaryimage"},"image":{"@id":"https:\/\/sorbetkiwi.fr\/index.php\/la-fille-dans-l-ecran-de-desveaux-et-lubie\/#primaryimage"},"thumbnailUrl":"https:\/\/sorbetkiwi.fr\/wp-content\/uploads\/2025\/04\/La-fille-dans-lecran-Manon-Desveaux-Lou-Lubie.jpg","datePublished":"2025-04-17T05:00:00+00:00","dateModified":"2025-04-28T07:25:06+00:00","description":"Ma chronique de la bande dessin\u00e9e La fille dans l'\u00e9cran de Manon Desveaux et Lou Lubie aux \u00e9ditions Maraboux collection Marabulles.","breadcrumb":{"@id":"https:\/\/sorbetkiwi.fr\/index.php\/la-fille-dans-l-ecran-de-desveaux-et-lubie\/#breadcrumb"},"inLanguage":"fr-FR","potentialAction":[{"@type":"ReadAction","target":["https:\/\/sorbetkiwi.fr\/index.php\/la-fille-dans-l-ecran-de-desveaux-et-lubie\/"]}]},{"@type":"ImageObject","inLanguage":"fr-FR","@id":"https:\/\/sorbetkiwi.fr\/index.php\/la-fille-dans-l-ecran-de-desveaux-et-lubie\/#primaryimage","url":"https:\/\/sorbetkiwi.fr\/wp-content\/uploads\/2025\/04\/La-fille-dans-lecran-Manon-Desveaux-Lou-Lubie.jpg","contentUrl":"https:\/\/sorbetkiwi.fr\/wp-content\/uploads\/2025\/04\/La-fille-dans-lecran-Manon-Desveaux-Lou-Lubie.jpg","width":1440,"height":1920,"caption":"La fille dans l'\u00e9cran Manon Desveaux Lou Lubie"},{"@type":"BreadcrumbList","@id":"https:\/\/sorbetkiwi.fr\/index.php\/la-fille-dans-l-ecran-de-desveaux-et-lubie\/#breadcrumb","itemListElement":[{"@type":"ListItem","position":1,"name":"Accueil","item":"https:\/\/sorbetkiwi.fr\/"},{"@type":"ListItem","position":2,"name":"La fille dans l&rsquo;\u00e9cran de Desveaux et Lubie"}]},{"@type":"WebSite","@id":"https:\/\/sorbetkiwi.fr\/#website","url":"https:\/\/sorbetkiwi.fr\/","name":"Sorbet Kiwi","description":"Des lectures th\u00e9matiques par saison et les avis qui vont avec","publisher":{"@id":"https:\/\/sorbetkiwi.fr\/#organization"},"potentialAction":[{"@type":"SearchAction","target":{"@type":"EntryPoint","urlTemplate":"https:\/\/sorbetkiwi.fr\/?s={search_term_string}"},"query-input":{"@type":"PropertyValueSpecification","valueRequired":true,"valueName":"search_term_string"}}],"inLanguage":"fr-FR"},{"@type":"Organization","@id":"https:\/\/sorbetkiwi.fr\/#organization","name":"Sorbet Kiwi","url":"https:\/\/sorbetkiwi.fr\/","logo":{"@type":"ImageObject","inLanguage":"fr-FR","@id":"https:\/\/sorbetkiwi.fr\/#\/schema\/logo\/image\/","url":"https:\/\/sorbetkiwi.fr\/wp-content\/uploads\/2022\/10\/Banniere-Sorbet-Kiwi-2022.jpg","contentUrl":"https:\/\/sorbetkiwi.fr\/wp-content\/uploads\/2022\/10\/Banniere-Sorbet-Kiwi-2022.jpg","width":814,"height":401,"caption":"Sorbet Kiwi"},"image":{"@id":"https:\/\/sorbetkiwi.fr\/#\/schema\/logo\/image\/"},"sameAs":["https:\/\/www.facebook.com\/profile.php?id=100086238893269","https:\/\/x.com\/pepparshoes","https:\/\/www.instagram.com\/sorbetkiwi\/","https:\/\/www.tiktok.com\/sorbetkiwi"]},{"@type":"Person","@id":"https:\/\/sorbetkiwi.fr\/#\/schema\/person\/ed1b7b527a2957ddc3bf38b076540659","name":"Sorbet-Kiwi","image":{"@type":"ImageObject","inLanguage":"fr-FR","@id":"https:\/\/secure.gravatar.com\/avatar\/86f0a5c27d76317621b9e374d0f3a01d3a85278f10d0c7207ced4fd773057442?s=96&d=mm&r=g","url":"https:\/\/secure.gravatar.com\/avatar\/86f0a5c27d76317621b9e374d0f3a01d3a85278f10d0c7207ced4fd773057442?s=96&d=mm&r=g","contentUrl":"https:\/\/secure.gravatar.com\/avatar\/86f0a5c27d76317621b9e374d0f3a01d3a85278f10d0c7207ced4fd773057442?s=96&d=mm&r=g","caption":"Sorbet-Kiwi"},"sameAs":["http:\/\/sorbetkiwi.fr"],"url":"https:\/\/sorbetkiwi.fr\/index.php\/author\/admin7717\/"}]}},"_links":{"self":[{"href":"https:\/\/sorbetkiwi.fr\/index.php\/wp-json\/wp\/v2\/posts\/7825","targetHints":{"allow":["GET"]}}],"collection":[{"href":"https:\/\/sorbetkiwi.fr\/index.php\/wp-json\/wp\/v2\/posts"}],"about":[{"href":"https:\/\/sorbetkiwi.fr\/index.php\/wp-json\/wp\/v2\/types\/post"}],"author":[{"embeddable":true,"href":"https:\/\/sorbetkiwi.fr\/index.php\/wp-json\/wp\/v2\/users\/1"}],"replies":[{"embeddable":true,"href":"https:\/\/sorbetkiwi.fr\/index.php\/wp-json\/wp\/v2\/comments?post=7825"}],"version-history":[{"count":4,"href":"https:\/\/sorbetkiwi.fr\/index.php\/wp-json\/wp\/v2\/posts\/7825\/revisions"}],"predecessor-version":[{"id":7830,"href":"https:\/\/sorbetkiwi.fr\/index.php\/wp-json\/wp\/v2\/posts\/7825\/revisions\/7830"}],"wp:featuredmedia":[{"embeddable":true,"href":"https:\/\/sorbetkiwi.fr\/index.php\/wp-json\/wp\/v2\/media\/7827"}],"wp:attachment":[{"href":"https:\/\/sorbetkiwi.fr\/index.php\/wp-json\/wp\/v2\/media?parent=7825"}],"wp:term":[{"taxonomy":"category","embeddable":true,"href":"https:\/\/sorbetkiwi.fr\/index.php\/wp-json\/wp\/v2\/categories?post=7825"},{"taxonomy":"post_tag","embeddable":true,"href":"https:\/\/sorbetkiwi.fr\/index.php\/wp-json\/wp\/v2\/tags?post=7825"}],"curies":[{"name":"wp","href":"https:\/\/api.w.org\/{rel}","templated":true}]}}