{"id":7796,"date":"2025-04-04T07:00:00","date_gmt":"2025-04-04T05:00:00","guid":{"rendered":"https:\/\/sorbetkiwi.fr\/?p=7796"},"modified":"2025-04-02T14:50:56","modified_gmt":"2025-04-02T12:50:56","slug":"baden-baden-sur-les-traces-des-sept-soeurs","status":"publish","type":"post","link":"https:\/\/sorbetkiwi.fr\/index.php\/baden-baden-sur-les-traces-des-sept-soeurs\/","title":{"rendered":"Baden-Baden : Sur les traces des sept soeurs"},"content":{"rendered":"\t\t<div data-elementor-type=\"wp-post\" data-elementor-id=\"7796\" class=\"elementor elementor-7796\">\n\t\t\t\t\t\t<section class=\"elementor-section elementor-top-section elementor-element elementor-element-135a8fba elementor-section-boxed elementor-section-height-default elementor-section-height-default\" data-id=\"135a8fba\" data-element_type=\"section\" data-e-type=\"section\">\n\t\t\t\t\t\t<div class=\"elementor-container elementor-column-gap-default\">\n\t\t\t\t\t<div class=\"elementor-column elementor-col-100 elementor-top-column elementor-element elementor-element-7ac095d9\" data-id=\"7ac095d9\" data-element_type=\"column\" data-e-type=\"column\">\n\t\t\t<div class=\"elementor-widget-wrap elementor-element-populated\">\n\t\t\t\t\t\t<div class=\"elementor-element elementor-element-77bf6de3 elementor-widget elementor-widget-heading\" data-id=\"77bf6de3\" data-element_type=\"widget\" data-e-type=\"widget\" data-widget_type=\"heading.default\">\n\t\t\t\t<div class=\"elementor-widget-container\">\n\t\t\t\t\t<h1 class=\"elementor-heading-title elementor-size-medium\">Devant le Friedrichsbad<\/h1>\t\t\t\t<\/div>\n\t\t\t\t<\/div>\n\t\t\t\t<div class=\"elementor-element elementor-element-7f87b99a elementor-view-default elementor-widget elementor-widget-icon\" data-id=\"7f87b99a\" data-element_type=\"widget\" data-e-type=\"widget\" data-widget_type=\"icon.default\">\n\t\t\t\t<div class=\"elementor-widget-container\">\n\t\t\t\t\t\t\t<div class=\"elementor-icon-wrapper\">\n\t\t\t<div class=\"elementor-icon\">\n\t\t\t<i aria-hidden=\"true\" class=\"fab fa-pagelines\"><\/i>\t\t\t<\/div>\n\t\t<\/div>\n\t\t\t\t\t\t<\/div>\n\t\t\t\t<\/div>\n\t\t\t\t<div class=\"elementor-element elementor-element-2e717396 elementor-widget-divider--view-line elementor-widget elementor-widget-divider\" data-id=\"2e717396\" data-element_type=\"widget\" data-e-type=\"widget\" data-widget_type=\"divider.default\">\n\t\t\t\t<div class=\"elementor-widget-container\">\n\t\t\t\t\t\t\t<div class=\"elementor-divider\">\n\t\t\t<span class=\"elementor-divider-separator\">\n\t\t\t\t\t\t<\/span>\n\t\t<\/div>\n\t\t\t\t\t\t<\/div>\n\t\t\t\t<\/div>\n\t\t\t\t<div class=\"elementor-element elementor-element-12dfab5a elementor-widget elementor-widget-heading\" data-id=\"12dfab5a\" data-element_type=\"widget\" data-e-type=\"widget\" data-widget_type=\"heading.default\">\n\t\t\t\t<div class=\"elementor-widget-container\">\n\t\t\t\t\t<h2 class=\"elementor-heading-title elementor-size-medium\">Une citation courte mais proche de chez moi<\/h2>\t\t\t\t<\/div>\n\t\t\t\t<\/div>\n\t\t\t\t<div class=\"elementor-element elementor-element-7741b0c4 elementor-widget elementor-widget-text-editor\" data-id=\"7741b0c4\" data-element_type=\"widget\" data-e-type=\"widget\" data-widget_type=\"text-editor.default\">\n\t\t\t\t<div class=\"elementor-widget-container\">\n\t\t\t\t\t\t\t\t\t<p>La premi\u00e8re fois que j&rsquo;ai lu le deuxi\u00e8me tome des sept s\u0153urs, <a href=\"https:\/\/sorbetkiwi.fr\/index.php\/la-soeur-de-la-tempete-de-lucinda-riley\/\">La s\u0153ur de la temp\u00eate<\/a>, quelle n&rsquo;a pas \u00e9t\u00e9 ma surprise d&rsquo;y croiser Baden-Baden ! En effet, j&rsquo;habite en Alsace, \u00e0 litt\u00e9ralement 30min de cette ville. Ma m\u00e8re y travaillait quand j&rsquo;\u00e9tais enfant, carr\u00e9ment. C&rsquo;\u00e9tait l&rsquo;occasion d&rsquo;y retourner et y fl\u00e2ner une belle journ\u00e9e de d\u00e9but de printemps. Dans le roman, un ami tr\u00e8s proche d&rsquo;Anna, l&rsquo;anc\u00eatre d&rsquo;Ally, y passe tous ses \u00e9t\u00e9s afin de se prot\u00e9ger de la chaleur. Ce qui me fait rire, \u00e9tant donn\u00e9 que les thermes g\u00e9n\u00e8rent plus de chaleur que de refroidissement. J&rsquo;ai donc pris la photo devant le <a href=\"https:\/\/fr.wikipedia.org\/wiki\/Friedrichsbad\">Friedrichsbad<\/a>, les thermes qui ont ouvert 1 an apr\u00e8s la chronologie de l&rsquo;histoire ! Ne me reste qu&rsquo;\u00e0 aller \u00e0 l&rsquo;int\u00e9rieur un jour, mais je n\u2019emm\u00e8nerai certainement pas mon roman au hammam.\u00a0<\/p><p>Doucement mais s\u00fbrement, je rattrape mon retard dans mes publications sur le sujet. J&rsquo;ai encore toute une partie parisienne \u00e0 pr\u00e9senter, mais aussi le road-trip espagnol, ainsi que le Luxemburg, aussi, dans le m\u00eame format qu&rsquo;ici. Et je me rends compte que la Belgique et Munich manquent \u00e9galement \u00e0 l&rsquo;appel ! D\u00e9cid\u00e9ment, je n&rsquo;ai pas \u00e9t\u00e9 assidue, par ici, mais j&rsquo;y travaille.\u00a0<\/p>\t\t\t\t\t\t\t\t<\/div>\n\t\t\t\t<\/div>\n\t\t\t\t<div class=\"elementor-element elementor-element-655a0e8b elementor-widget-divider--view-line elementor-widget elementor-widget-divider\" data-id=\"655a0e8b\" data-element_type=\"widget\" data-e-type=\"widget\" data-widget_type=\"divider.default\">\n\t\t\t\t<div class=\"elementor-widget-container\">\n\t\t\t\t\t\t\t<div class=\"elementor-divider\">\n\t\t\t<span class=\"elementor-divider-separator\">\n\t\t\t\t\t\t<\/span>\n\t\t<\/div>\n\t\t\t\t\t\t<\/div>\n\t\t\t\t<\/div>\n\t\t\t\t<div class=\"elementor-element elementor-element-50480e36 elementor-widget elementor-widget-heading\" data-id=\"50480e36\" data-element_type=\"widget\" data-e-type=\"widget\" data-widget_type=\"heading.default\">\n\t\t\t\t<div class=\"elementor-widget-container\">\n\t\t\t\t\t<h4 class=\"elementor-heading-title elementor-size-medium\">\"Je dois aussi vous annoncer que je vais bient\u00f4t partir rejoindre les sources de Baden-Baden, comme je le fais toujours pendant les mois d'\u00e9t\u00e9. Il commence \u00e0 faire bien trop chaud pour moi en ville et je me sens particuli\u00e8rement las ces temps-ci.\"<br>\nHerr Hougaard \u00e0 Anna, Leipzig, ao\u00fbt 1876<\/h4>\t\t\t\t<\/div>\n\t\t\t\t<\/div>\n\t\t\t\t<div class=\"elementor-element elementor-element-399a2357 elementor-widget-divider--view-line elementor-widget elementor-widget-divider\" data-id=\"399a2357\" data-element_type=\"widget\" data-e-type=\"widget\" data-widget_type=\"divider.default\">\n\t\t\t\t<div class=\"elementor-widget-container\">\n\t\t\t\t\t\t\t<div class=\"elementor-divider\">\n\t\t\t<span class=\"elementor-divider-separator\">\n\t\t\t\t\t\t<\/span>\n\t\t<\/div>\n\t\t\t\t\t\t<\/div>\n\t\t\t\t<\/div>\n\t\t\t\t<div class=\"elementor-element elementor-element-33bb6f03 elementor-widget elementor-widget-heading\" data-id=\"33bb6f03\" data-element_type=\"widget\" data-e-type=\"widget\" data-widget_type=\"heading.default\">\n\t\t\t\t<div class=\"elementor-widget-container\">\n\t\t\t\t\t<h4 class=\"elementor-heading-title elementor-size-medium\">Sur les traces des sept s\u0153urs en 2025<\/h4>\t\t\t\t<\/div>\n\t\t\t\t<\/div>\n\t\t\t\t<div class=\"elementor-element elementor-element-f2401da elementor-widget elementor-widget-text-editor\" data-id=\"f2401da\" data-element_type=\"widget\" data-e-type=\"widget\" data-widget_type=\"text-editor.default\">\n\t\t\t\t<div class=\"elementor-widget-container\">\n\t\t\t\t\t\t\t\t\t<p>Mes p\u00e9r\u00e9grinations de cette ann\u00e9e 2025 :\u00a0<\/p><ul><li>Janvier : <a href=\"https:\/\/sorbetkiwi.fr\/index.php\/zurich-sur-les-traces-des-sept-soeurs\/\">Zurich<\/a><\/li><li>Mars : Baden-Baden<\/li><li>Juin : Lausanne \/ Servion \/ Gen\u00e8ve<\/li><li>Juin : \u00c9cosse d&rsquo;Edimbourg aux Highlands<\/li><li>Novembre : \u00e0 d\u00e9finir<\/li><\/ul>\t\t\t\t\t\t\t\t<\/div>\n\t\t\t\t<\/div>\n\t\t\t\t\t<\/div>\n\t\t<\/div>\n\t\t\t\t\t<\/div>\n\t\t<\/section>\n\t\t\t\t<\/div>\n\t\t","protected":false},"excerpt":{"rendered":"<p>Devant le Friedrichsbad Une citation courte mais proche de chez moi La premi\u00e8re fois que j&rsquo;ai lu le deuxi\u00e8me tome des sept s\u0153urs, La s\u0153ur de la temp\u00eate, quelle n&rsquo;a pas \u00e9t\u00e9 ma surprise d&rsquo;y &hellip; <\/p>\n","protected":false},"author":1,"featured_media":7797,"comment_status":"open","ping_status":"open","sticky":false,"template":"","format":"standard","meta":{"footnotes":""},"categories":[13,707,1],"tags":[366,31,364,63,62,500],"class_list":["post-7796","post","type-post","status-publish","format-standard","has-post-thumbnail","hentry","category-le-printemps","category-sur-les-traces-des-sept-soeurs","category-tout-le-blog","tag-ally","tag-editions-charleston","tag-la-soeur-de-la-tempete","tag-les-sept-soeurs","tag-lucinda-riley","tag-printemps","has-single-img"],"yoast_head":"<!-- This site is optimized with the Yoast SEO plugin v27.4 - https:\/\/yoast.com\/product\/yoast-seo-wordpress\/ -->\n<title>Baden-Baden : Sur les traces des sept soeurs - Sorbet Kiwi<\/title>\n<meta name=\"description\" content=\"On se retrouve pour faire un petit tour dans une des villes thermales de l&#039;UNESCO sur les traces des Sept S\u0153urs \u00e0 Baden-Baden !\" \/>\n<meta name=\"robots\" content=\"index, follow, max-snippet:-1, max-image-preview:large, max-video-preview:-1\" \/>\n<link rel=\"canonical\" href=\"https:\/\/sorbetkiwi.fr\/index.php\/baden-baden-sur-les-traces-des-sept-soeurs\/\" \/>\n<meta property=\"og:locale\" content=\"fr_FR\" \/>\n<meta property=\"og:type\" content=\"article\" \/>\n<meta property=\"og:title\" content=\"Baden-Baden : Sur les traces des sept soeurs - Sorbet Kiwi\" \/>\n<meta property=\"og:description\" content=\"On se retrouve pour faire un petit tour dans une des villes thermales de l&#039;UNESCO sur les traces des Sept S\u0153urs \u00e0 Baden-Baden !\" \/>\n<meta property=\"og:url\" content=\"https:\/\/sorbetkiwi.fr\/index.php\/baden-baden-sur-les-traces-des-sept-soeurs\/\" \/>\n<meta property=\"og:site_name\" content=\"Sorbet Kiwi\" \/>\n<meta property=\"article:publisher\" content=\"https:\/\/www.facebook.com\/profile.php?id=100086238893269\" \/>\n<meta property=\"article:published_time\" content=\"2025-04-04T05:00:00+00:00\" \/>\n<meta property=\"og:image\" content=\"https:\/\/sorbetkiwi.fr\/wp-content\/uploads\/2025\/04\/Sur-les-traces-des-sept-soeurs-Baden-Baden-768x1024.jpg\" \/>\n\t<meta property=\"og:image:width\" content=\"768\" \/>\n\t<meta property=\"og:image:height\" content=\"1024\" \/>\n\t<meta property=\"og:image:type\" content=\"image\/jpeg\" \/>\n<meta name=\"author\" content=\"Sorbet-Kiwi\" \/>\n<meta name=\"twitter:card\" content=\"summary_large_image\" \/>\n<meta name=\"twitter:creator\" content=\"@pepparshoes\" \/>\n<meta name=\"twitter:site\" content=\"@pepparshoes\" \/>\n<meta name=\"twitter:label1\" content=\"\u00c9crit par\" \/>\n\t<meta name=\"twitter:data1\" content=\"Sorbet-Kiwi\" \/>\n\t<meta name=\"twitter:label2\" content=\"Dur\u00e9e de lecture estim\u00e9e\" \/>\n\t<meta name=\"twitter:data2\" content=\"2 minutes\" \/>\n<script type=\"application\/ld+json\" class=\"yoast-schema-graph\">{\"@context\":\"https:\\\/\\\/schema.org\",\"@graph\":[{\"@type\":\"Article\",\"@id\":\"https:\\\/\\\/sorbetkiwi.fr\\\/index.php\\\/baden-baden-sur-les-traces-des-sept-soeurs\\\/#article\",\"isPartOf\":{\"@id\":\"https:\\\/\\\/sorbetkiwi.fr\\\/index.php\\\/baden-baden-sur-les-traces-des-sept-soeurs\\\/\"},\"author\":{\"name\":\"Sorbet-Kiwi\",\"@id\":\"https:\\\/\\\/sorbetkiwi.fr\\\/#\\\/schema\\\/person\\\/ed1b7b527a2957ddc3bf38b076540659\"},\"headline\":\"Baden-Baden : Sur les traces des sept soeurs\",\"datePublished\":\"2025-04-04T05:00:00+00:00\",\"mainEntityOfPage\":{\"@id\":\"https:\\\/\\\/sorbetkiwi.fr\\\/index.php\\\/baden-baden-sur-les-traces-des-sept-soeurs\\\/\"},\"wordCount\":340,\"commentCount\":0,\"publisher\":{\"@id\":\"https:\\\/\\\/sorbetkiwi.fr\\\/#organization\"},\"image\":{\"@id\":\"https:\\\/\\\/sorbetkiwi.fr\\\/index.php\\\/baden-baden-sur-les-traces-des-sept-soeurs\\\/#primaryimage\"},\"thumbnailUrl\":\"https:\\\/\\\/sorbetkiwi.fr\\\/wp-content\\\/uploads\\\/2025\\\/04\\\/Sur-les-traces-des-sept-soeurs-Baden-Baden.jpg\",\"keywords\":[\"Ally\",\"Editions Charleston\",\"La soeur de la temp\u00eate\",\"Les sept soeurs\",\"Lucinda Riley\",\"Printemps\"],\"articleSection\":[\"Le printemps\",\"Sur les traces des Sept S\u0153urs\",\"Tout le blog\"],\"inLanguage\":\"fr-FR\",\"potentialAction\":[{\"@type\":\"CommentAction\",\"name\":\"Comment\",\"target\":[\"https:\\\/\\\/sorbetkiwi.fr\\\/index.php\\\/baden-baden-sur-les-traces-des-sept-soeurs\\\/#respond\"]}]},{\"@type\":\"WebPage\",\"@id\":\"https:\\\/\\\/sorbetkiwi.fr\\\/index.php\\\/baden-baden-sur-les-traces-des-sept-soeurs\\\/\",\"url\":\"https:\\\/\\\/sorbetkiwi.fr\\\/index.php\\\/baden-baden-sur-les-traces-des-sept-soeurs\\\/\",\"name\":\"Baden-Baden : Sur les traces des sept soeurs - Sorbet Kiwi\",\"isPartOf\":{\"@id\":\"https:\\\/\\\/sorbetkiwi.fr\\\/#website\"},\"primaryImageOfPage\":{\"@id\":\"https:\\\/\\\/sorbetkiwi.fr\\\/index.php\\\/baden-baden-sur-les-traces-des-sept-soeurs\\\/#primaryimage\"},\"image\":{\"@id\":\"https:\\\/\\\/sorbetkiwi.fr\\\/index.php\\\/baden-baden-sur-les-traces-des-sept-soeurs\\\/#primaryimage\"},\"thumbnailUrl\":\"https:\\\/\\\/sorbetkiwi.fr\\\/wp-content\\\/uploads\\\/2025\\\/04\\\/Sur-les-traces-des-sept-soeurs-Baden-Baden.jpg\",\"datePublished\":\"2025-04-04T05:00:00+00:00\",\"description\":\"On se retrouve pour faire un petit tour dans une des villes thermales de l'UNESCO sur les traces des Sept S\u0153urs \u00e0 Baden-Baden !\",\"breadcrumb\":{\"@id\":\"https:\\\/\\\/sorbetkiwi.fr\\\/index.php\\\/baden-baden-sur-les-traces-des-sept-soeurs\\\/#breadcrumb\"},\"inLanguage\":\"fr-FR\",\"potentialAction\":[{\"@type\":\"ReadAction\",\"target\":[\"https:\\\/\\\/sorbetkiwi.fr\\\/index.php\\\/baden-baden-sur-les-traces-des-sept-soeurs\\\/\"]}]},{\"@type\":\"ImageObject\",\"inLanguage\":\"fr-FR\",\"@id\":\"https:\\\/\\\/sorbetkiwi.fr\\\/index.php\\\/baden-baden-sur-les-traces-des-sept-soeurs\\\/#primaryimage\",\"url\":\"https:\\\/\\\/sorbetkiwi.fr\\\/wp-content\\\/uploads\\\/2025\\\/04\\\/Sur-les-traces-des-sept-soeurs-Baden-Baden.jpg\",\"contentUrl\":\"https:\\\/\\\/sorbetkiwi.fr\\\/wp-content\\\/uploads\\\/2025\\\/04\\\/Sur-les-traces-des-sept-soeurs-Baden-Baden.jpg\",\"width\":1440,\"height\":1920,\"caption\":\"Sur les traces des sept soeurs Baden Baden\"},{\"@type\":\"BreadcrumbList\",\"@id\":\"https:\\\/\\\/sorbetkiwi.fr\\\/index.php\\\/baden-baden-sur-les-traces-des-sept-soeurs\\\/#breadcrumb\",\"itemListElement\":[{\"@type\":\"ListItem\",\"position\":1,\"name\":\"Accueil\",\"item\":\"https:\\\/\\\/sorbetkiwi.fr\\\/\"},{\"@type\":\"ListItem\",\"position\":2,\"name\":\"Baden-Baden : Sur les traces des sept soeurs\"}]},{\"@type\":\"WebSite\",\"@id\":\"https:\\\/\\\/sorbetkiwi.fr\\\/#website\",\"url\":\"https:\\\/\\\/sorbetkiwi.fr\\\/\",\"name\":\"Sorbet Kiwi\",\"description\":\"Des lectures th\u00e9matiques par saison et les avis qui vont avec\",\"publisher\":{\"@id\":\"https:\\\/\\\/sorbetkiwi.fr\\\/#organization\"},\"potentialAction\":[{\"@type\":\"SearchAction\",\"target\":{\"@type\":\"EntryPoint\",\"urlTemplate\":\"https:\\\/\\\/sorbetkiwi.fr\\\/?s={search_term_string}\"},\"query-input\":{\"@type\":\"PropertyValueSpecification\",\"valueRequired\":true,\"valueName\":\"search_term_string\"}}],\"inLanguage\":\"fr-FR\"},{\"@type\":\"Organization\",\"@id\":\"https:\\\/\\\/sorbetkiwi.fr\\\/#organization\",\"name\":\"Sorbet Kiwi\",\"url\":\"https:\\\/\\\/sorbetkiwi.fr\\\/\",\"logo\":{\"@type\":\"ImageObject\",\"inLanguage\":\"fr-FR\",\"@id\":\"https:\\\/\\\/sorbetkiwi.fr\\\/#\\\/schema\\\/logo\\\/image\\\/\",\"url\":\"https:\\\/\\\/sorbetkiwi.fr\\\/wp-content\\\/uploads\\\/2022\\\/10\\\/Banniere-Sorbet-Kiwi-2022.jpg\",\"contentUrl\":\"https:\\\/\\\/sorbetkiwi.fr\\\/wp-content\\\/uploads\\\/2022\\\/10\\\/Banniere-Sorbet-Kiwi-2022.jpg\",\"width\":814,\"height\":401,\"caption\":\"Sorbet Kiwi\"},\"image\":{\"@id\":\"https:\\\/\\\/sorbetkiwi.fr\\\/#\\\/schema\\\/logo\\\/image\\\/\"},\"sameAs\":[\"https:\\\/\\\/www.facebook.com\\\/profile.php?id=100086238893269\",\"https:\\\/\\\/x.com\\\/pepparshoes\",\"https:\\\/\\\/www.instagram.com\\\/sorbetkiwi\\\/\",\"https:\\\/\\\/www.tiktok.com\\\/sorbetkiwi\"]},{\"@type\":\"Person\",\"@id\":\"https:\\\/\\\/sorbetkiwi.fr\\\/#\\\/schema\\\/person\\\/ed1b7b527a2957ddc3bf38b076540659\",\"name\":\"Sorbet-Kiwi\",\"image\":{\"@type\":\"ImageObject\",\"inLanguage\":\"fr-FR\",\"@id\":\"https:\\\/\\\/secure.gravatar.com\\\/avatar\\\/86f0a5c27d76317621b9e374d0f3a01d3a85278f10d0c7207ced4fd773057442?s=96&d=mm&r=g\",\"url\":\"https:\\\/\\\/secure.gravatar.com\\\/avatar\\\/86f0a5c27d76317621b9e374d0f3a01d3a85278f10d0c7207ced4fd773057442?s=96&d=mm&r=g\",\"contentUrl\":\"https:\\\/\\\/secure.gravatar.com\\\/avatar\\\/86f0a5c27d76317621b9e374d0f3a01d3a85278f10d0c7207ced4fd773057442?s=96&d=mm&r=g\",\"caption\":\"Sorbet-Kiwi\"},\"sameAs\":[\"http:\\\/\\\/sorbetkiwi.fr\"],\"url\":\"https:\\\/\\\/sorbetkiwi.fr\\\/index.php\\\/author\\\/admin7717\\\/\"}]}<\/script>\n<!-- \/ Yoast SEO plugin. -->","yoast_head_json":{"title":"Baden-Baden : Sur les traces des sept soeurs - Sorbet Kiwi","description":"On se retrouve pour faire un petit tour dans une des villes thermales de l'UNESCO sur les traces des Sept S\u0153urs \u00e0 Baden-Baden !","robots":{"index":"index","follow":"follow","max-snippet":"max-snippet:-1","max-image-preview":"max-image-preview:large","max-video-preview":"max-video-preview:-1"},"canonical":"https:\/\/sorbetkiwi.fr\/index.php\/baden-baden-sur-les-traces-des-sept-soeurs\/","og_locale":"fr_FR","og_type":"article","og_title":"Baden-Baden : Sur les traces des sept soeurs - Sorbet Kiwi","og_description":"On se retrouve pour faire un petit tour dans une des villes thermales de l'UNESCO sur les traces des Sept S\u0153urs \u00e0 Baden-Baden !","og_url":"https:\/\/sorbetkiwi.fr\/index.php\/baden-baden-sur-les-traces-des-sept-soeurs\/","og_site_name":"Sorbet Kiwi","article_publisher":"https:\/\/www.facebook.com\/profile.php?id=100086238893269","article_published_time":"2025-04-04T05:00:00+00:00","og_image":[{"width":768,"height":1024,"url":"https:\/\/sorbetkiwi.fr\/wp-content\/uploads\/2025\/04\/Sur-les-traces-des-sept-soeurs-Baden-Baden-768x1024.jpg","type":"image\/jpeg"}],"author":"Sorbet-Kiwi","twitter_card":"summary_large_image","twitter_creator":"@pepparshoes","twitter_site":"@pepparshoes","twitter_misc":{"\u00c9crit par":"Sorbet-Kiwi","Dur\u00e9e de lecture estim\u00e9e":"2 minutes"},"schema":{"@context":"https:\/\/schema.org","@graph":[{"@type":"Article","@id":"https:\/\/sorbetkiwi.fr\/index.php\/baden-baden-sur-les-traces-des-sept-soeurs\/#article","isPartOf":{"@id":"https:\/\/sorbetkiwi.fr\/index.php\/baden-baden-sur-les-traces-des-sept-soeurs\/"},"author":{"name":"Sorbet-Kiwi","@id":"https:\/\/sorbetkiwi.fr\/#\/schema\/person\/ed1b7b527a2957ddc3bf38b076540659"},"headline":"Baden-Baden : Sur les traces des sept soeurs","datePublished":"2025-04-04T05:00:00+00:00","mainEntityOfPage":{"@id":"https:\/\/sorbetkiwi.fr\/index.php\/baden-baden-sur-les-traces-des-sept-soeurs\/"},"wordCount":340,"commentCount":0,"publisher":{"@id":"https:\/\/sorbetkiwi.fr\/#organization"},"image":{"@id":"https:\/\/sorbetkiwi.fr\/index.php\/baden-baden-sur-les-traces-des-sept-soeurs\/#primaryimage"},"thumbnailUrl":"https:\/\/sorbetkiwi.fr\/wp-content\/uploads\/2025\/04\/Sur-les-traces-des-sept-soeurs-Baden-Baden.jpg","keywords":["Ally","Editions Charleston","La soeur de la temp\u00eate","Les sept soeurs","Lucinda Riley","Printemps"],"articleSection":["Le printemps","Sur les traces des Sept S\u0153urs","Tout le blog"],"inLanguage":"fr-FR","potentialAction":[{"@type":"CommentAction","name":"Comment","target":["https:\/\/sorbetkiwi.fr\/index.php\/baden-baden-sur-les-traces-des-sept-soeurs\/#respond"]}]},{"@type":"WebPage","@id":"https:\/\/sorbetkiwi.fr\/index.php\/baden-baden-sur-les-traces-des-sept-soeurs\/","url":"https:\/\/sorbetkiwi.fr\/index.php\/baden-baden-sur-les-traces-des-sept-soeurs\/","name":"Baden-Baden : Sur les traces des sept soeurs - Sorbet Kiwi","isPartOf":{"@id":"https:\/\/sorbetkiwi.fr\/#website"},"primaryImageOfPage":{"@id":"https:\/\/sorbetkiwi.fr\/index.php\/baden-baden-sur-les-traces-des-sept-soeurs\/#primaryimage"},"image":{"@id":"https:\/\/sorbetkiwi.fr\/index.php\/baden-baden-sur-les-traces-des-sept-soeurs\/#primaryimage"},"thumbnailUrl":"https:\/\/sorbetkiwi.fr\/wp-content\/uploads\/2025\/04\/Sur-les-traces-des-sept-soeurs-Baden-Baden.jpg","datePublished":"2025-04-04T05:00:00+00:00","description":"On se retrouve pour faire un petit tour dans une des villes thermales de l'UNESCO sur les traces des Sept S\u0153urs \u00e0 Baden-Baden !","breadcrumb":{"@id":"https:\/\/sorbetkiwi.fr\/index.php\/baden-baden-sur-les-traces-des-sept-soeurs\/#breadcrumb"},"inLanguage":"fr-FR","potentialAction":[{"@type":"ReadAction","target":["https:\/\/sorbetkiwi.fr\/index.php\/baden-baden-sur-les-traces-des-sept-soeurs\/"]}]},{"@type":"ImageObject","inLanguage":"fr-FR","@id":"https:\/\/sorbetkiwi.fr\/index.php\/baden-baden-sur-les-traces-des-sept-soeurs\/#primaryimage","url":"https:\/\/sorbetkiwi.fr\/wp-content\/uploads\/2025\/04\/Sur-les-traces-des-sept-soeurs-Baden-Baden.jpg","contentUrl":"https:\/\/sorbetkiwi.fr\/wp-content\/uploads\/2025\/04\/Sur-les-traces-des-sept-soeurs-Baden-Baden.jpg","width":1440,"height":1920,"caption":"Sur les traces des sept soeurs Baden Baden"},{"@type":"BreadcrumbList","@id":"https:\/\/sorbetkiwi.fr\/index.php\/baden-baden-sur-les-traces-des-sept-soeurs\/#breadcrumb","itemListElement":[{"@type":"ListItem","position":1,"name":"Accueil","item":"https:\/\/sorbetkiwi.fr\/"},{"@type":"ListItem","position":2,"name":"Baden-Baden : Sur les traces des sept soeurs"}]},{"@type":"WebSite","@id":"https:\/\/sorbetkiwi.fr\/#website","url":"https:\/\/sorbetkiwi.fr\/","name":"Sorbet Kiwi","description":"Des lectures th\u00e9matiques par saison et les avis qui vont avec","publisher":{"@id":"https:\/\/sorbetkiwi.fr\/#organization"},"potentialAction":[{"@type":"SearchAction","target":{"@type":"EntryPoint","urlTemplate":"https:\/\/sorbetkiwi.fr\/?s={search_term_string}"},"query-input":{"@type":"PropertyValueSpecification","valueRequired":true,"valueName":"search_term_string"}}],"inLanguage":"fr-FR"},{"@type":"Organization","@id":"https:\/\/sorbetkiwi.fr\/#organization","name":"Sorbet Kiwi","url":"https:\/\/sorbetkiwi.fr\/","logo":{"@type":"ImageObject","inLanguage":"fr-FR","@id":"https:\/\/sorbetkiwi.fr\/#\/schema\/logo\/image\/","url":"https:\/\/sorbetkiwi.fr\/wp-content\/uploads\/2022\/10\/Banniere-Sorbet-Kiwi-2022.jpg","contentUrl":"https:\/\/sorbetkiwi.fr\/wp-content\/uploads\/2022\/10\/Banniere-Sorbet-Kiwi-2022.jpg","width":814,"height":401,"caption":"Sorbet Kiwi"},"image":{"@id":"https:\/\/sorbetkiwi.fr\/#\/schema\/logo\/image\/"},"sameAs":["https:\/\/www.facebook.com\/profile.php?id=100086238893269","https:\/\/x.com\/pepparshoes","https:\/\/www.instagram.com\/sorbetkiwi\/","https:\/\/www.tiktok.com\/sorbetkiwi"]},{"@type":"Person","@id":"https:\/\/sorbetkiwi.fr\/#\/schema\/person\/ed1b7b527a2957ddc3bf38b076540659","name":"Sorbet-Kiwi","image":{"@type":"ImageObject","inLanguage":"fr-FR","@id":"https:\/\/secure.gravatar.com\/avatar\/86f0a5c27d76317621b9e374d0f3a01d3a85278f10d0c7207ced4fd773057442?s=96&d=mm&r=g","url":"https:\/\/secure.gravatar.com\/avatar\/86f0a5c27d76317621b9e374d0f3a01d3a85278f10d0c7207ced4fd773057442?s=96&d=mm&r=g","contentUrl":"https:\/\/secure.gravatar.com\/avatar\/86f0a5c27d76317621b9e374d0f3a01d3a85278f10d0c7207ced4fd773057442?s=96&d=mm&r=g","caption":"Sorbet-Kiwi"},"sameAs":["http:\/\/sorbetkiwi.fr"],"url":"https:\/\/sorbetkiwi.fr\/index.php\/author\/admin7717\/"}]}},"_links":{"self":[{"href":"https:\/\/sorbetkiwi.fr\/index.php\/wp-json\/wp\/v2\/posts\/7796","targetHints":{"allow":["GET"]}}],"collection":[{"href":"https:\/\/sorbetkiwi.fr\/index.php\/wp-json\/wp\/v2\/posts"}],"about":[{"href":"https:\/\/sorbetkiwi.fr\/index.php\/wp-json\/wp\/v2\/types\/post"}],"author":[{"embeddable":true,"href":"https:\/\/sorbetkiwi.fr\/index.php\/wp-json\/wp\/v2\/users\/1"}],"replies":[{"embeddable":true,"href":"https:\/\/sorbetkiwi.fr\/index.php\/wp-json\/wp\/v2\/comments?post=7796"}],"version-history":[{"count":14,"href":"https:\/\/sorbetkiwi.fr\/index.php\/wp-json\/wp\/v2\/posts\/7796\/revisions"}],"predecessor-version":[{"id":7811,"href":"https:\/\/sorbetkiwi.fr\/index.php\/wp-json\/wp\/v2\/posts\/7796\/revisions\/7811"}],"wp:featuredmedia":[{"embeddable":true,"href":"https:\/\/sorbetkiwi.fr\/index.php\/wp-json\/wp\/v2\/media\/7797"}],"wp:attachment":[{"href":"https:\/\/sorbetkiwi.fr\/index.php\/wp-json\/wp\/v2\/media?parent=7796"}],"wp:term":[{"taxonomy":"category","embeddable":true,"href":"https:\/\/sorbetkiwi.fr\/index.php\/wp-json\/wp\/v2\/categories?post=7796"},{"taxonomy":"post_tag","embeddable":true,"href":"https:\/\/sorbetkiwi.fr\/index.php\/wp-json\/wp\/v2\/tags?post=7796"}],"curies":[{"name":"wp","href":"https:\/\/api.w.org\/{rel}","templated":true}]}}