{"id":7749,"date":"2025-03-26T07:00:00","date_gmt":"2025-03-26T06:00:00","guid":{"rendered":"https:\/\/sorbetkiwi.fr\/?p=7749"},"modified":"2025-03-24T16:10:06","modified_gmt":"2025-03-24T15:10:06","slug":"fukushima-chronique-dun-accident-sans-fin-de-galic-et-vidal","status":"publish","type":"post","link":"https:\/\/sorbetkiwi.fr\/index.php\/fukushima-chronique-dun-accident-sans-fin-de-galic-et-vidal\/","title":{"rendered":"Fukushima : Chronique d&rsquo;un accident sans fin de Galic et Vidal"},"content":{"rendered":"\t\t<div data-elementor-type=\"wp-post\" data-elementor-id=\"7749\" class=\"elementor elementor-7749\">\n\t\t\t\t\t\t<section class=\"elementor-section elementor-top-section elementor-element elementor-element-6b9601cd elementor-section-boxed elementor-section-height-default elementor-section-height-default\" data-id=\"6b9601cd\" data-element_type=\"section\" data-e-type=\"section\">\n\t\t\t\t\t\t<div class=\"elementor-container elementor-column-gap-default\">\n\t\t\t\t\t<div class=\"elementor-column elementor-col-100 elementor-top-column elementor-element elementor-element-581ca8ab\" data-id=\"581ca8ab\" data-element_type=\"column\" data-e-type=\"column\">\n\t\t\t<div class=\"elementor-widget-wrap elementor-element-populated\">\n\t\t\t\t\t\t<div class=\"elementor-element elementor-element-6f733c65 elementor-widget elementor-widget-heading\" data-id=\"6f733c65\" data-element_type=\"widget\" data-e-type=\"widget\" data-widget_type=\"heading.default\">\n\t\t\t\t<div class=\"elementor-widget-container\">\n\t\t\t\t\t<h1 class=\"elementor-heading-title elementor-size-medium\">Fukushima Galic Vidal<\/h1>\t\t\t\t<\/div>\n\t\t\t\t<\/div>\n\t\t\t\t<div class=\"elementor-element elementor-element-49ddb5bf elementor-view-default elementor-widget elementor-widget-icon\" data-id=\"49ddb5bf\" data-element_type=\"widget\" data-e-type=\"widget\" data-widget_type=\"icon.default\">\n\t\t\t\t<div class=\"elementor-widget-container\">\n\t\t\t\t\t\t\t<div class=\"elementor-icon-wrapper\">\n\t\t\t<div class=\"elementor-icon\">\n\t\t\t<i aria-hidden=\"true\" class=\"fab fa-pagelines\"><\/i>\t\t\t<\/div>\n\t\t<\/div>\n\t\t\t\t\t\t<\/div>\n\t\t\t\t<\/div>\n\t\t\t\t<div class=\"elementor-element elementor-element-1280fe99 elementor-widget-divider--view-line elementor-widget elementor-widget-divider\" data-id=\"1280fe99\" data-element_type=\"widget\" data-e-type=\"widget\" data-widget_type=\"divider.default\">\n\t\t\t\t<div class=\"elementor-widget-container\">\n\t\t\t\t\t\t\t<div class=\"elementor-divider\">\n\t\t\t<span class=\"elementor-divider-separator\">\n\t\t\t\t\t\t<\/span>\n\t\t<\/div>\n\t\t\t\t\t\t<\/div>\n\t\t\t\t<\/div>\n\t\t\t\t<div class=\"elementor-element elementor-element-4791ce6f elementor-widget elementor-widget-heading\" data-id=\"4791ce6f\" data-element_type=\"widget\" data-e-type=\"widget\" data-widget_type=\"heading.default\">\n\t\t\t\t<div class=\"elementor-widget-container\">\n\t\t\t\t\t<h2 class=\"elementor-heading-title elementor-size-medium\">R\u00e9sum\u00e9<\/h2>\t\t\t\t<\/div>\n\t\t\t\t<\/div>\n\t\t\t\t<div class=\"elementor-element elementor-element-5a3ae678 elementor-widget elementor-widget-text-editor\" data-id=\"5a3ae678\" data-element_type=\"widget\" data-e-type=\"widget\" data-widget_type=\"text-editor.default\">\n\t\t\t\t<div class=\"elementor-widget-container\">\n\t\t\t\t\t\t\t\t\t<p>Japon, 11 mars 2011. Un s\u00e9isme effroyable accouche d\u2019une vague immense, qui vient frapper de plein fouet le nord-est du pays. C\u2019est l\u00e0 que se trouve, entre autres, la centrale de Fukushima-Daiichi&#8230; D\u2019une violence inou\u00efe, le cataclysme provoque alors le pire accident nucl\u00e9aire du XXIe si\u00e8cle. Comment r\u00e9agir face au chaos engendr\u00e9 ? Que faire quand l\u2019inconcevable vient d\u2019arriver ? Masao Yoshida doit r\u00e9pondre dans l\u2019urgence. La r\u00e9putation de son pays est en jeu, la vie de ses employ\u00e9s et de ses concitoyens en d\u00e9pend. Dans un univers compl\u00e8tement d\u00e9vast\u00e9, o\u00f9 les b\u00e2timents sont plong\u00e9s dans l\u2019obscurit\u00e9, tandis que les explosions se multiplient et que les radiations sont toujours plus toxiques, le directeur de la centrale fait preuve d\u2019une ing\u00e9niosit\u00e9 et d\u2019un sang-froid hors du commun. Il prend seul des d\u00e9cisions vitales, transgresse les proc\u00e9dures et les directives de sa hi\u00e9rarchie pour \u00e9viter l\u2019apocalypse&#8230;<\/p><p>Mais, malgr\u00e9 tous ses efforts, apr\u00e8s cinq jours durant lesquels les secondes passent comme des heures, un \u00e9ni\u00e8me incendie se d\u00e9clare et oblige \u00e0 l\u2019\u00e9vacuation de la majorit\u00e9 des employ\u00e9s. Ne reste alors sur place qu\u2019une poign\u00e9e de volontaires qui travaillera d\u2019arrache-pied pour stabiliser tant bien que mal la situation. <br \/><br \/>Dix ans apr\u00e8s, Bertrand Galic et Roger Vidal retracent avec force et d\u00e9tails les premi\u00e8res journ\u00e9es d\u2019une trag\u00e9die sans fin. <br \/><br \/>Le r\u00e9cit d\u2019un compte \u00e0 rebours angoissant, pendant lequel un chef et ses \u00e9quipes doivent faire face \u00e0 une catastrophe technologique sans pr\u00e9c\u00e9dent et \u00e0 des sup\u00e9rieurs compl\u00e8tement d\u00e9pass\u00e9s par les \u00e9v\u00e9nements.<\/p>\t\t\t\t\t\t\t\t<\/div>\n\t\t\t\t<\/div>\n\t\t\t\t<div class=\"elementor-element elementor-element-24b38925 elementor-widget-divider--view-line elementor-widget elementor-widget-divider\" data-id=\"24b38925\" data-element_type=\"widget\" data-e-type=\"widget\" data-widget_type=\"divider.default\">\n\t\t\t\t<div class=\"elementor-widget-container\">\n\t\t\t\t\t\t\t<div class=\"elementor-divider\">\n\t\t\t<span class=\"elementor-divider-separator\">\n\t\t\t\t\t\t<\/span>\n\t\t<\/div>\n\t\t\t\t\t\t<\/div>\n\t\t\t\t<\/div>\n\t\t\t\t<div class=\"elementor-element elementor-element-8c8e345 elementor-widget elementor-widget-heading\" data-id=\"8c8e345\" data-element_type=\"widget\" data-e-type=\"widget\" data-widget_type=\"heading.default\">\n\t\t\t\t<div class=\"elementor-widget-container\">\n\t\t\t\t\t<h2 class=\"elementor-heading-title elementor-size-medium\">Fukushima, un trauma international<\/h2>\t\t\t\t<\/div>\n\t\t\t\t<\/div>\n\t\t\t\t<div class=\"elementor-element elementor-element-1bd45186 elementor-widget elementor-widget-text-editor\" data-id=\"1bd45186\" data-element_type=\"widget\" data-e-type=\"widget\" data-widget_type=\"text-editor.default\">\n\t\t\t\t<div class=\"elementor-widget-container\">\n\t\t\t\t\t\t\t\t\t<p>Il se trouve que je travaille dans le retraitement des d\u00e9chets nucl\u00e9aires, mais suffisamment loin d&rsquo;une centrale active pour \u00eatre en danger comme les employ\u00e9s de la centrale de Fukushima. N\u00e9anmoins, le sujet m&rsquo;int\u00e9resse fortement. D\u00e9j\u00e0, parce que comme tous, j&rsquo;ai \u00e9t\u00e9 tr\u00e8s choqu\u00e9e, \u00e0 l&rsquo;\u00e9poque, des cons\u00e9quences imm\u00e9diates de ce s\u00e9isme. Comme nous sommes en <a href=\"https:\/\/sorbetkiwi.fr\/index.php\/category\/le-printemps\/\">mars<\/a>, je me suis dit que c&rsquo;\u00e9tait le moment le plus ad\u00e9quat pour me plonger dans cette BD. Et d\u00e8s l&rsquo;introduction, j&rsquo;ai eu des frissons. Car, quand on bosse dans le milieu, on est peut-\u00eatre form\u00e9 aux risques, mais les catastrophes sont inimaginables et tr\u00e8s peu attendues. C&rsquo;est m\u00eame pire : elles nous semblent irr\u00e9alistes. Jusqu&rsquo;\u00e0 ce qu&rsquo;elles se produisent.\u00a0<\/p>\t\t\t\t\t\t\t\t<\/div>\n\t\t\t\t<\/div>\n\t\t\t\t<div class=\"elementor-element elementor-element-5bd764af elementor-widget-divider--view-line elementor-widget elementor-widget-divider\" data-id=\"5bd764af\" data-element_type=\"widget\" data-e-type=\"widget\" data-widget_type=\"divider.default\">\n\t\t\t\t<div class=\"elementor-widget-container\">\n\t\t\t\t\t\t\t<div class=\"elementor-divider\">\n\t\t\t<span class=\"elementor-divider-separator\">\n\t\t\t\t\t\t<\/span>\n\t\t<\/div>\n\t\t\t\t\t\t<\/div>\n\t\t\t\t<\/div>\n\t\t\t\t<div class=\"elementor-element elementor-element-3336cf1e elementor-widget elementor-widget-heading\" data-id=\"3336cf1e\" data-element_type=\"widget\" data-e-type=\"widget\" data-widget_type=\"heading.default\">\n\t\t\t\t<div class=\"elementor-widget-container\">\n\t\t\t\t\t<h2 class=\"elementor-heading-title elementor-size-medium\">La question de la responsabilit\u00e9 sous pression<\/h2>\t\t\t\t<\/div>\n\t\t\t\t<\/div>\n\t\t\t\t<div class=\"elementor-element elementor-element-11f3abc9 elementor-widget elementor-widget-text-editor\" data-id=\"11f3abc9\" data-element_type=\"widget\" data-e-type=\"widget\" data-widget_type=\"text-editor.default\">\n\t\t\t\t<div class=\"elementor-widget-container\">\n\t\t\t\t\t\t\t\t\t<p>Cette chronique d&rsquo;un accident sans fin nous plonge dans les 5 premiers jours post-s\u00e9isme de la centrale. Et c&rsquo;est vraiment avec beaucoup d&rsquo;\u00e9motion que je l&rsquo;ai lu, car on ressent la pression qui s&rsquo;installe. Mais aussi la fatigue des employ\u00e9s. La gestion humaine de la crise : doit on sacrifier des gens pour sauver toute une zone ? Et la plan\u00e8te ? Qui est r\u00e9ellement responsable ? Il est facile de rejeter la faute sur la nature, mais ce n&rsquo;est pas elle qui a construit des r\u00e9acteurs nucl\u00e9aires sur une c\u00f4t\u00e9 en danger. Il ne fait aucun doute que la BD suscite des \u00e9motions mais aussi beaucoup de questionnements sur notre monde et nos besoins en tant que populations.<\/p>\t\t\t\t\t\t\t\t<\/div>\n\t\t\t\t<\/div>\n\t\t\t\t<div class=\"elementor-element elementor-element-506a3e54 elementor-widget-divider--view-line elementor-widget elementor-widget-divider\" data-id=\"506a3e54\" data-element_type=\"widget\" data-e-type=\"widget\" data-widget_type=\"divider.default\">\n\t\t\t\t<div class=\"elementor-widget-container\">\n\t\t\t\t\t\t\t<div class=\"elementor-divider\">\n\t\t\t<span class=\"elementor-divider-separator\">\n\t\t\t\t\t\t<\/span>\n\t\t<\/div>\n\t\t\t\t\t\t<\/div>\n\t\t\t\t<\/div>\n\t\t\t\t<div class=\"elementor-element elementor-element-32f1d8cd elementor-widget elementor-widget-heading\" data-id=\"32f1d8cd\" data-element_type=\"widget\" data-e-type=\"widget\" data-widget_type=\"heading.default\">\n\t\t\t\t<div class=\"elementor-widget-container\">\n\t\t\t\t\t<h2 class=\"elementor-heading-title elementor-size-medium\">Et un dossier sur les cons\u00e9quences long-terme<\/h2>\t\t\t\t<\/div>\n\t\t\t\t<\/div>\n\t\t\t\t<div class=\"elementor-element elementor-element-6e5cbdf1 elementor-widget elementor-widget-text-editor\" data-id=\"6e5cbdf1\" data-element_type=\"widget\" data-e-type=\"widget\" data-widget_type=\"text-editor.default\">\n\t\t\t\t<div class=\"elementor-widget-container\">\n\t\t\t\t\t\t\t\t\t<p>L&rsquo;album se termine sur un expos\u00e9 plus factuel encore de Pierre Fetet du <a href=\"http:\/\/Fukushima-blog.com\">Fukushima Blog<\/a>. Il s&rsquo;agit surtout, dans ce dossier, d&rsquo;en expliquer plus ou moins les cons\u00e9quences 10 ans plus tard. C&rsquo;est un bilan des commissions d&rsquo;enqu\u00eates et il d\u00e9montre bien \u00e0 quel point, tant qu&rsquo;il n&rsquo;y a pas d&rsquo;accident, les autorit\u00e9s gouvernementales laissent faire. Je travaille en Allemagne, un pays qui a commenc\u00e9 \u00e0 d\u00e9manteler tout ce qu&rsquo;elle avait de nucl\u00e9aire suite \u00e0 cet incident. Et nous sommes control\u00e9s de mani\u00e8re intense. Mais est-ce le cas de tous les pays qui se basent sur cette \u00e9nergie des plus dangereuses ? Elle est tr\u00e8s efficace. Jusqu&rsquo;\u00e0 ce qu&rsquo;elle soit mortelle. Le rapport au risque est \u00e9videmment \u00e9valu\u00e9 au niveau politique. Sans entrer dans le d\u00e9bat de l&rsquo;alternative, et surtout du maintien du confort si je peux me permettre, cette BD permet de comprendre les enjeux et les risques du choix nucl\u00e9aire. J&rsquo;aimerais vraiment est trouver une sur les d\u00e9chets cela dit !\u00a0<\/p>\t\t\t\t\t\t\t\t<\/div>\n\t\t\t\t<\/div>\n\t\t\t\t\t<\/div>\n\t\t<\/div>\n\t\t\t\t\t<\/div>\n\t\t<\/section>\n\t\t\t\t<\/div>\n\t\t","protected":false},"excerpt":{"rendered":"<p>Fukushima Galic Vidal R\u00e9sum\u00e9 Japon, 11 mars 2011. Un s\u00e9isme effroyable accouche d\u2019une vague immense, qui vient frapper de plein fouet le nord-est du pays. C\u2019est l\u00e0 que se trouve, entre autres, la centrale de &hellip; <\/p>\n","protected":false},"author":1,"featured_media":7750,"comment_status":"open","ping_status":"open","sticky":false,"template":"","format":"standard","meta":{"footnotes":""},"categories":[7,13,1],"tags":[1930,1933,1929,259,1928,1715,499,1932,500,1931],"class_list":["post-7749","post","type-post","status-publish","format-standard","has-post-thumbnail","hentry","category-benevolat","category-le-printemps","category-tout-le-blog","tag-betrand-galic","tag-catastrophe","tag-chronique-dun-accident-sans-fin","tag-editions-glenat","tag-fukushima","tag-glenat","tag-glenat-bd","tag-nucleaire","tag-printemps","tag-roger-vidal","has-single-img"],"yoast_head":"<!-- This site is optimized with the Yoast SEO plugin v27.4 - https:\/\/yoast.com\/product\/yoast-seo-wordpress\/ -->\n<title>Fukushima : Chronique d&#039;un accident sans fin de Galic et Vidal - Sorbet Kiwi<\/title>\n<meta name=\"description\" content=\"Ma chronique de la bande dessin\u00e9e Fukushima : Chronique d&#039;un accident sans fin de Bertrand Galic et Roger Vidal chez Gl\u00e9nat.\" \/>\n<meta name=\"robots\" content=\"index, follow, max-snippet:-1, max-image-preview:large, max-video-preview:-1\" \/>\n<link rel=\"canonical\" href=\"https:\/\/sorbetkiwi.fr\/index.php\/fukushima-chronique-dun-accident-sans-fin-de-galic-et-vidal\/\" \/>\n<meta property=\"og:locale\" content=\"fr_FR\" \/>\n<meta property=\"og:type\" content=\"article\" \/>\n<meta property=\"og:title\" content=\"Fukushima : Chronique d&#039;un accident sans fin de Galic et Vidal - Sorbet Kiwi\" \/>\n<meta property=\"og:description\" content=\"Ma chronique de la bande dessin\u00e9e Fukushima : Chronique d&#039;un accident sans fin de Bertrand Galic et Roger Vidal chez Gl\u00e9nat.\" \/>\n<meta property=\"og:url\" content=\"https:\/\/sorbetkiwi.fr\/index.php\/fukushima-chronique-dun-accident-sans-fin-de-galic-et-vidal\/\" \/>\n<meta property=\"og:site_name\" content=\"Sorbet Kiwi\" \/>\n<meta property=\"article:publisher\" content=\"https:\/\/www.facebook.com\/profile.php?id=100086238893269\" \/>\n<meta property=\"article:published_time\" content=\"2025-03-26T06:00:00+00:00\" \/>\n<meta property=\"og:image\" content=\"https:\/\/sorbetkiwi.fr\/wp-content\/uploads\/2025\/03\/Fukushima-Galic-Vidal.jpg\" \/>\n\t<meta property=\"og:image:width\" content=\"1080\" \/>\n\t<meta property=\"og:image:height\" content=\"1440\" \/>\n\t<meta property=\"og:image:type\" content=\"image\/jpeg\" \/>\n<meta name=\"author\" content=\"Sorbet-Kiwi\" \/>\n<meta name=\"twitter:card\" content=\"summary_large_image\" \/>\n<meta name=\"twitter:creator\" content=\"@pepparshoes\" \/>\n<meta name=\"twitter:site\" content=\"@pepparshoes\" \/>\n<meta name=\"twitter:label1\" content=\"\u00c9crit par\" \/>\n\t<meta name=\"twitter:data1\" content=\"Sorbet-Kiwi\" \/>\n\t<meta name=\"twitter:label2\" content=\"Dur\u00e9e de lecture estim\u00e9e\" \/>\n\t<meta name=\"twitter:data2\" content=\"4 minutes\" \/>\n<script type=\"application\/ld+json\" class=\"yoast-schema-graph\">{\"@context\":\"https:\\\/\\\/schema.org\",\"@graph\":[{\"@type\":\"Article\",\"@id\":\"https:\\\/\\\/sorbetkiwi.fr\\\/index.php\\\/fukushima-chronique-dun-accident-sans-fin-de-galic-et-vidal\\\/#article\",\"isPartOf\":{\"@id\":\"https:\\\/\\\/sorbetkiwi.fr\\\/index.php\\\/fukushima-chronique-dun-accident-sans-fin-de-galic-et-vidal\\\/\"},\"author\":{\"name\":\"Sorbet-Kiwi\",\"@id\":\"https:\\\/\\\/sorbetkiwi.fr\\\/#\\\/schema\\\/person\\\/ed1b7b527a2957ddc3bf38b076540659\"},\"headline\":\"Fukushima : Chronique d&rsquo;un accident sans fin de Galic et Vidal\",\"datePublished\":\"2025-03-26T06:00:00+00:00\",\"mainEntityOfPage\":{\"@id\":\"https:\\\/\\\/sorbetkiwi.fr\\\/index.php\\\/fukushima-chronique-dun-accident-sans-fin-de-galic-et-vidal\\\/\"},\"wordCount\":771,\"commentCount\":4,\"publisher\":{\"@id\":\"https:\\\/\\\/sorbetkiwi.fr\\\/#organization\"},\"image\":{\"@id\":\"https:\\\/\\\/sorbetkiwi.fr\\\/index.php\\\/fukushima-chronique-dun-accident-sans-fin-de-galic-et-vidal\\\/#primaryimage\"},\"thumbnailUrl\":\"https:\\\/\\\/sorbetkiwi.fr\\\/wp-content\\\/uploads\\\/2025\\\/03\\\/Fukushima-Galic-Vidal.jpg\",\"keywords\":[\"Betrand Galic\",\"Catastrophe\",\"Chronique d'un accident sans fin\",\"Editions Gl\u00e9nat\",\"Fukushima\",\"Gl\u00e9nat\",\"Gl\u00e9nat BD\",\"Nucl\u00e9aire\",\"Printemps\",\"Roger Vidal\"],\"articleSection\":[\"B\u00e9n\u00e9volat\",\"Le printemps\",\"Tout le blog\"],\"inLanguage\":\"fr-FR\",\"potentialAction\":[{\"@type\":\"CommentAction\",\"name\":\"Comment\",\"target\":[\"https:\\\/\\\/sorbetkiwi.fr\\\/index.php\\\/fukushima-chronique-dun-accident-sans-fin-de-galic-et-vidal\\\/#respond\"]}]},{\"@type\":\"WebPage\",\"@id\":\"https:\\\/\\\/sorbetkiwi.fr\\\/index.php\\\/fukushima-chronique-dun-accident-sans-fin-de-galic-et-vidal\\\/\",\"url\":\"https:\\\/\\\/sorbetkiwi.fr\\\/index.php\\\/fukushima-chronique-dun-accident-sans-fin-de-galic-et-vidal\\\/\",\"name\":\"Fukushima : Chronique d'un accident sans fin de Galic et Vidal - Sorbet Kiwi\",\"isPartOf\":{\"@id\":\"https:\\\/\\\/sorbetkiwi.fr\\\/#website\"},\"primaryImageOfPage\":{\"@id\":\"https:\\\/\\\/sorbetkiwi.fr\\\/index.php\\\/fukushima-chronique-dun-accident-sans-fin-de-galic-et-vidal\\\/#primaryimage\"},\"image\":{\"@id\":\"https:\\\/\\\/sorbetkiwi.fr\\\/index.php\\\/fukushima-chronique-dun-accident-sans-fin-de-galic-et-vidal\\\/#primaryimage\"},\"thumbnailUrl\":\"https:\\\/\\\/sorbetkiwi.fr\\\/wp-content\\\/uploads\\\/2025\\\/03\\\/Fukushima-Galic-Vidal.jpg\",\"datePublished\":\"2025-03-26T06:00:00+00:00\",\"description\":\"Ma chronique de la bande dessin\u00e9e Fukushima : Chronique d'un accident sans fin de Bertrand Galic et Roger Vidal chez Gl\u00e9nat.\",\"breadcrumb\":{\"@id\":\"https:\\\/\\\/sorbetkiwi.fr\\\/index.php\\\/fukushima-chronique-dun-accident-sans-fin-de-galic-et-vidal\\\/#breadcrumb\"},\"inLanguage\":\"fr-FR\",\"potentialAction\":[{\"@type\":\"ReadAction\",\"target\":[\"https:\\\/\\\/sorbetkiwi.fr\\\/index.php\\\/fukushima-chronique-dun-accident-sans-fin-de-galic-et-vidal\\\/\"]}]},{\"@type\":\"ImageObject\",\"inLanguage\":\"fr-FR\",\"@id\":\"https:\\\/\\\/sorbetkiwi.fr\\\/index.php\\\/fukushima-chronique-dun-accident-sans-fin-de-galic-et-vidal\\\/#primaryimage\",\"url\":\"https:\\\/\\\/sorbetkiwi.fr\\\/wp-content\\\/uploads\\\/2025\\\/03\\\/Fukushima-Galic-Vidal.jpg\",\"contentUrl\":\"https:\\\/\\\/sorbetkiwi.fr\\\/wp-content\\\/uploads\\\/2025\\\/03\\\/Fukushima-Galic-Vidal.jpg\",\"width\":1080,\"height\":1440,\"caption\":\"Fukushima Galic Vidal\"},{\"@type\":\"BreadcrumbList\",\"@id\":\"https:\\\/\\\/sorbetkiwi.fr\\\/index.php\\\/fukushima-chronique-dun-accident-sans-fin-de-galic-et-vidal\\\/#breadcrumb\",\"itemListElement\":[{\"@type\":\"ListItem\",\"position\":1,\"name\":\"Accueil\",\"item\":\"https:\\\/\\\/sorbetkiwi.fr\\\/\"},{\"@type\":\"ListItem\",\"position\":2,\"name\":\"Fukushima : Chronique d&rsquo;un accident sans fin de Galic et Vidal\"}]},{\"@type\":\"WebSite\",\"@id\":\"https:\\\/\\\/sorbetkiwi.fr\\\/#website\",\"url\":\"https:\\\/\\\/sorbetkiwi.fr\\\/\",\"name\":\"Sorbet Kiwi\",\"description\":\"Des lectures th\u00e9matiques par saison et les avis qui vont avec\",\"publisher\":{\"@id\":\"https:\\\/\\\/sorbetkiwi.fr\\\/#organization\"},\"potentialAction\":[{\"@type\":\"SearchAction\",\"target\":{\"@type\":\"EntryPoint\",\"urlTemplate\":\"https:\\\/\\\/sorbetkiwi.fr\\\/?s={search_term_string}\"},\"query-input\":{\"@type\":\"PropertyValueSpecification\",\"valueRequired\":true,\"valueName\":\"search_term_string\"}}],\"inLanguage\":\"fr-FR\"},{\"@type\":\"Organization\",\"@id\":\"https:\\\/\\\/sorbetkiwi.fr\\\/#organization\",\"name\":\"Sorbet Kiwi\",\"url\":\"https:\\\/\\\/sorbetkiwi.fr\\\/\",\"logo\":{\"@type\":\"ImageObject\",\"inLanguage\":\"fr-FR\",\"@id\":\"https:\\\/\\\/sorbetkiwi.fr\\\/#\\\/schema\\\/logo\\\/image\\\/\",\"url\":\"https:\\\/\\\/sorbetkiwi.fr\\\/wp-content\\\/uploads\\\/2022\\\/10\\\/Banniere-Sorbet-Kiwi-2022.jpg\",\"contentUrl\":\"https:\\\/\\\/sorbetkiwi.fr\\\/wp-content\\\/uploads\\\/2022\\\/10\\\/Banniere-Sorbet-Kiwi-2022.jpg\",\"width\":814,\"height\":401,\"caption\":\"Sorbet Kiwi\"},\"image\":{\"@id\":\"https:\\\/\\\/sorbetkiwi.fr\\\/#\\\/schema\\\/logo\\\/image\\\/\"},\"sameAs\":[\"https:\\\/\\\/www.facebook.com\\\/profile.php?id=100086238893269\",\"https:\\\/\\\/x.com\\\/pepparshoes\",\"https:\\\/\\\/www.instagram.com\\\/sorbetkiwi\\\/\",\"https:\\\/\\\/www.tiktok.com\\\/sorbetkiwi\"]},{\"@type\":\"Person\",\"@id\":\"https:\\\/\\\/sorbetkiwi.fr\\\/#\\\/schema\\\/person\\\/ed1b7b527a2957ddc3bf38b076540659\",\"name\":\"Sorbet-Kiwi\",\"image\":{\"@type\":\"ImageObject\",\"inLanguage\":\"fr-FR\",\"@id\":\"https:\\\/\\\/secure.gravatar.com\\\/avatar\\\/86f0a5c27d76317621b9e374d0f3a01d3a85278f10d0c7207ced4fd773057442?s=96&d=mm&r=g\",\"url\":\"https:\\\/\\\/secure.gravatar.com\\\/avatar\\\/86f0a5c27d76317621b9e374d0f3a01d3a85278f10d0c7207ced4fd773057442?s=96&d=mm&r=g\",\"contentUrl\":\"https:\\\/\\\/secure.gravatar.com\\\/avatar\\\/86f0a5c27d76317621b9e374d0f3a01d3a85278f10d0c7207ced4fd773057442?s=96&d=mm&r=g\",\"caption\":\"Sorbet-Kiwi\"},\"sameAs\":[\"http:\\\/\\\/sorbetkiwi.fr\"],\"url\":\"https:\\\/\\\/sorbetkiwi.fr\\\/index.php\\\/author\\\/admin7717\\\/\"}]}<\/script>\n<!-- \/ Yoast SEO plugin. -->","yoast_head_json":{"title":"Fukushima : Chronique d'un accident sans fin de Galic et Vidal - Sorbet Kiwi","description":"Ma chronique de la bande dessin\u00e9e Fukushima : Chronique d'un accident sans fin de Bertrand Galic et Roger Vidal chez Gl\u00e9nat.","robots":{"index":"index","follow":"follow","max-snippet":"max-snippet:-1","max-image-preview":"max-image-preview:large","max-video-preview":"max-video-preview:-1"},"canonical":"https:\/\/sorbetkiwi.fr\/index.php\/fukushima-chronique-dun-accident-sans-fin-de-galic-et-vidal\/","og_locale":"fr_FR","og_type":"article","og_title":"Fukushima : Chronique d'un accident sans fin de Galic et Vidal - Sorbet Kiwi","og_description":"Ma chronique de la bande dessin\u00e9e Fukushima : Chronique d'un accident sans fin de Bertrand Galic et Roger Vidal chez Gl\u00e9nat.","og_url":"https:\/\/sorbetkiwi.fr\/index.php\/fukushima-chronique-dun-accident-sans-fin-de-galic-et-vidal\/","og_site_name":"Sorbet Kiwi","article_publisher":"https:\/\/www.facebook.com\/profile.php?id=100086238893269","article_published_time":"2025-03-26T06:00:00+00:00","og_image":[{"width":1080,"height":1440,"url":"https:\/\/sorbetkiwi.fr\/wp-content\/uploads\/2025\/03\/Fukushima-Galic-Vidal.jpg","type":"image\/jpeg"}],"author":"Sorbet-Kiwi","twitter_card":"summary_large_image","twitter_creator":"@pepparshoes","twitter_site":"@pepparshoes","twitter_misc":{"\u00c9crit par":"Sorbet-Kiwi","Dur\u00e9e de lecture estim\u00e9e":"4 minutes"},"schema":{"@context":"https:\/\/schema.org","@graph":[{"@type":"Article","@id":"https:\/\/sorbetkiwi.fr\/index.php\/fukushima-chronique-dun-accident-sans-fin-de-galic-et-vidal\/#article","isPartOf":{"@id":"https:\/\/sorbetkiwi.fr\/index.php\/fukushima-chronique-dun-accident-sans-fin-de-galic-et-vidal\/"},"author":{"name":"Sorbet-Kiwi","@id":"https:\/\/sorbetkiwi.fr\/#\/schema\/person\/ed1b7b527a2957ddc3bf38b076540659"},"headline":"Fukushima : Chronique d&rsquo;un accident sans fin de Galic et Vidal","datePublished":"2025-03-26T06:00:00+00:00","mainEntityOfPage":{"@id":"https:\/\/sorbetkiwi.fr\/index.php\/fukushima-chronique-dun-accident-sans-fin-de-galic-et-vidal\/"},"wordCount":771,"commentCount":4,"publisher":{"@id":"https:\/\/sorbetkiwi.fr\/#organization"},"image":{"@id":"https:\/\/sorbetkiwi.fr\/index.php\/fukushima-chronique-dun-accident-sans-fin-de-galic-et-vidal\/#primaryimage"},"thumbnailUrl":"https:\/\/sorbetkiwi.fr\/wp-content\/uploads\/2025\/03\/Fukushima-Galic-Vidal.jpg","keywords":["Betrand Galic","Catastrophe","Chronique d'un accident sans fin","Editions Gl\u00e9nat","Fukushima","Gl\u00e9nat","Gl\u00e9nat BD","Nucl\u00e9aire","Printemps","Roger Vidal"],"articleSection":["B\u00e9n\u00e9volat","Le printemps","Tout le blog"],"inLanguage":"fr-FR","potentialAction":[{"@type":"CommentAction","name":"Comment","target":["https:\/\/sorbetkiwi.fr\/index.php\/fukushima-chronique-dun-accident-sans-fin-de-galic-et-vidal\/#respond"]}]},{"@type":"WebPage","@id":"https:\/\/sorbetkiwi.fr\/index.php\/fukushima-chronique-dun-accident-sans-fin-de-galic-et-vidal\/","url":"https:\/\/sorbetkiwi.fr\/index.php\/fukushima-chronique-dun-accident-sans-fin-de-galic-et-vidal\/","name":"Fukushima : Chronique d'un accident sans fin de Galic et Vidal - Sorbet Kiwi","isPartOf":{"@id":"https:\/\/sorbetkiwi.fr\/#website"},"primaryImageOfPage":{"@id":"https:\/\/sorbetkiwi.fr\/index.php\/fukushima-chronique-dun-accident-sans-fin-de-galic-et-vidal\/#primaryimage"},"image":{"@id":"https:\/\/sorbetkiwi.fr\/index.php\/fukushima-chronique-dun-accident-sans-fin-de-galic-et-vidal\/#primaryimage"},"thumbnailUrl":"https:\/\/sorbetkiwi.fr\/wp-content\/uploads\/2025\/03\/Fukushima-Galic-Vidal.jpg","datePublished":"2025-03-26T06:00:00+00:00","description":"Ma chronique de la bande dessin\u00e9e Fukushima : Chronique d'un accident sans fin de Bertrand Galic et Roger Vidal chez Gl\u00e9nat.","breadcrumb":{"@id":"https:\/\/sorbetkiwi.fr\/index.php\/fukushima-chronique-dun-accident-sans-fin-de-galic-et-vidal\/#breadcrumb"},"inLanguage":"fr-FR","potentialAction":[{"@type":"ReadAction","target":["https:\/\/sorbetkiwi.fr\/index.php\/fukushima-chronique-dun-accident-sans-fin-de-galic-et-vidal\/"]}]},{"@type":"ImageObject","inLanguage":"fr-FR","@id":"https:\/\/sorbetkiwi.fr\/index.php\/fukushima-chronique-dun-accident-sans-fin-de-galic-et-vidal\/#primaryimage","url":"https:\/\/sorbetkiwi.fr\/wp-content\/uploads\/2025\/03\/Fukushima-Galic-Vidal.jpg","contentUrl":"https:\/\/sorbetkiwi.fr\/wp-content\/uploads\/2025\/03\/Fukushima-Galic-Vidal.jpg","width":1080,"height":1440,"caption":"Fukushima Galic Vidal"},{"@type":"BreadcrumbList","@id":"https:\/\/sorbetkiwi.fr\/index.php\/fukushima-chronique-dun-accident-sans-fin-de-galic-et-vidal\/#breadcrumb","itemListElement":[{"@type":"ListItem","position":1,"name":"Accueil","item":"https:\/\/sorbetkiwi.fr\/"},{"@type":"ListItem","position":2,"name":"Fukushima : Chronique d&rsquo;un accident sans fin de Galic et Vidal"}]},{"@type":"WebSite","@id":"https:\/\/sorbetkiwi.fr\/#website","url":"https:\/\/sorbetkiwi.fr\/","name":"Sorbet Kiwi","description":"Des lectures th\u00e9matiques par saison et les avis qui vont avec","publisher":{"@id":"https:\/\/sorbetkiwi.fr\/#organization"},"potentialAction":[{"@type":"SearchAction","target":{"@type":"EntryPoint","urlTemplate":"https:\/\/sorbetkiwi.fr\/?s={search_term_string}"},"query-input":{"@type":"PropertyValueSpecification","valueRequired":true,"valueName":"search_term_string"}}],"inLanguage":"fr-FR"},{"@type":"Organization","@id":"https:\/\/sorbetkiwi.fr\/#organization","name":"Sorbet Kiwi","url":"https:\/\/sorbetkiwi.fr\/","logo":{"@type":"ImageObject","inLanguage":"fr-FR","@id":"https:\/\/sorbetkiwi.fr\/#\/schema\/logo\/image\/","url":"https:\/\/sorbetkiwi.fr\/wp-content\/uploads\/2022\/10\/Banniere-Sorbet-Kiwi-2022.jpg","contentUrl":"https:\/\/sorbetkiwi.fr\/wp-content\/uploads\/2022\/10\/Banniere-Sorbet-Kiwi-2022.jpg","width":814,"height":401,"caption":"Sorbet Kiwi"},"image":{"@id":"https:\/\/sorbetkiwi.fr\/#\/schema\/logo\/image\/"},"sameAs":["https:\/\/www.facebook.com\/profile.php?id=100086238893269","https:\/\/x.com\/pepparshoes","https:\/\/www.instagram.com\/sorbetkiwi\/","https:\/\/www.tiktok.com\/sorbetkiwi"]},{"@type":"Person","@id":"https:\/\/sorbetkiwi.fr\/#\/schema\/person\/ed1b7b527a2957ddc3bf38b076540659","name":"Sorbet-Kiwi","image":{"@type":"ImageObject","inLanguage":"fr-FR","@id":"https:\/\/secure.gravatar.com\/avatar\/86f0a5c27d76317621b9e374d0f3a01d3a85278f10d0c7207ced4fd773057442?s=96&d=mm&r=g","url":"https:\/\/secure.gravatar.com\/avatar\/86f0a5c27d76317621b9e374d0f3a01d3a85278f10d0c7207ced4fd773057442?s=96&d=mm&r=g","contentUrl":"https:\/\/secure.gravatar.com\/avatar\/86f0a5c27d76317621b9e374d0f3a01d3a85278f10d0c7207ced4fd773057442?s=96&d=mm&r=g","caption":"Sorbet-Kiwi"},"sameAs":["http:\/\/sorbetkiwi.fr"],"url":"https:\/\/sorbetkiwi.fr\/index.php\/author\/admin7717\/"}]}},"_links":{"self":[{"href":"https:\/\/sorbetkiwi.fr\/index.php\/wp-json\/wp\/v2\/posts\/7749","targetHints":{"allow":["GET"]}}],"collection":[{"href":"https:\/\/sorbetkiwi.fr\/index.php\/wp-json\/wp\/v2\/posts"}],"about":[{"href":"https:\/\/sorbetkiwi.fr\/index.php\/wp-json\/wp\/v2\/types\/post"}],"author":[{"embeddable":true,"href":"https:\/\/sorbetkiwi.fr\/index.php\/wp-json\/wp\/v2\/users\/1"}],"replies":[{"embeddable":true,"href":"https:\/\/sorbetkiwi.fr\/index.php\/wp-json\/wp\/v2\/comments?post=7749"}],"version-history":[{"count":4,"href":"https:\/\/sorbetkiwi.fr\/index.php\/wp-json\/wp\/v2\/posts\/7749\/revisions"}],"predecessor-version":[{"id":7754,"href":"https:\/\/sorbetkiwi.fr\/index.php\/wp-json\/wp\/v2\/posts\/7749\/revisions\/7754"}],"wp:featuredmedia":[{"embeddable":true,"href":"https:\/\/sorbetkiwi.fr\/index.php\/wp-json\/wp\/v2\/media\/7750"}],"wp:attachment":[{"href":"https:\/\/sorbetkiwi.fr\/index.php\/wp-json\/wp\/v2\/media?parent=7749"}],"wp:term":[{"taxonomy":"category","embeddable":true,"href":"https:\/\/sorbetkiwi.fr\/index.php\/wp-json\/wp\/v2\/categories?post=7749"},{"taxonomy":"post_tag","embeddable":true,"href":"https:\/\/sorbetkiwi.fr\/index.php\/wp-json\/wp\/v2\/tags?post=7749"}],"curies":[{"name":"wp","href":"https:\/\/api.w.org\/{rel}","templated":true}]}}