{"id":7708,"date":"2025-03-25T07:00:00","date_gmt":"2025-03-25T06:00:00","guid":{"rendered":"https:\/\/sorbetkiwi.fr\/?p=7708"},"modified":"2025-03-27T13:38:15","modified_gmt":"2025-03-27T12:38:15","slug":"la-parenthese-d-oubli-de-chamblain-et-neyret","status":"publish","type":"post","link":"https:\/\/sorbetkiwi.fr\/index.php\/la-parenthese-d-oubli-de-chamblain-et-neyret\/","title":{"rendered":"La parenth\u00e8se d&rsquo;oubli de Chamblain et Neyret"},"content":{"rendered":"\t\t<div data-elementor-type=\"wp-post\" data-elementor-id=\"7708\" class=\"elementor elementor-7708\">\n\t\t\t\t\t\t<section class=\"elementor-section elementor-top-section elementor-element elementor-element-21495fe3 elementor-section-boxed elementor-section-height-default elementor-section-height-default\" data-id=\"21495fe3\" data-element_type=\"section\" data-e-type=\"section\">\n\t\t\t\t\t\t<div class=\"elementor-container elementor-column-gap-default\">\n\t\t\t\t\t<div class=\"elementor-column elementor-col-100 elementor-top-column elementor-element elementor-element-21c1bd80\" data-id=\"21c1bd80\" data-element_type=\"column\" data-e-type=\"column\">\n\t\t\t<div class=\"elementor-widget-wrap elementor-element-populated\">\n\t\t\t\t\t\t<div class=\"elementor-element elementor-element-77a4ddeb elementor-widget elementor-widget-heading\" data-id=\"77a4ddeb\" data-element_type=\"widget\" data-e-type=\"widget\" data-widget_type=\"heading.default\">\n\t\t\t\t<div class=\"elementor-widget-container\">\n\t\t\t\t\t<h1 class=\"elementor-heading-title elementor-size-medium\">La parenth\u00e8se d\u2019oubli de Chamblain et Neyret<\/h1>\t\t\t\t<\/div>\n\t\t\t\t<\/div>\n\t\t\t\t<div class=\"elementor-element elementor-element-54e79b29 elementor-view-default elementor-widget elementor-widget-icon\" data-id=\"54e79b29\" data-element_type=\"widget\" data-e-type=\"widget\" data-widget_type=\"icon.default\">\n\t\t\t\t<div class=\"elementor-widget-container\">\n\t\t\t\t\t\t\t<div class=\"elementor-icon-wrapper\">\n\t\t\t<div class=\"elementor-icon\">\n\t\t\t<i aria-hidden=\"true\" class=\"fab fa-pagelines\"><\/i>\t\t\t<\/div>\n\t\t<\/div>\n\t\t\t\t\t\t<\/div>\n\t\t\t\t<\/div>\n\t\t\t\t<div class=\"elementor-element elementor-element-3c1289f0 elementor-widget-divider--view-line elementor-widget elementor-widget-divider\" data-id=\"3c1289f0\" data-element_type=\"widget\" data-e-type=\"widget\" data-widget_type=\"divider.default\">\n\t\t\t\t<div class=\"elementor-widget-container\">\n\t\t\t\t\t\t\t<div class=\"elementor-divider\">\n\t\t\t<span class=\"elementor-divider-separator\">\n\t\t\t\t\t\t<\/span>\n\t\t<\/div>\n\t\t\t\t\t\t<\/div>\n\t\t\t\t<\/div>\n\t\t\t\t<div class=\"elementor-element elementor-element-7c26a7db elementor-widget elementor-widget-heading\" data-id=\"7c26a7db\" data-element_type=\"widget\" data-e-type=\"widget\" data-widget_type=\"heading.default\">\n\t\t\t\t<div class=\"elementor-widget-container\">\n\t\t\t\t\t<h2 class=\"elementor-heading-title elementor-size-medium\">R\u00e9sum\u00e9<\/h2>\t\t\t\t<\/div>\n\t\t\t\t<\/div>\n\t\t\t\t<div class=\"elementor-element elementor-element-2790cea3 elementor-widget elementor-widget-text-editor\" data-id=\"2790cea3\" data-element_type=\"widget\" data-e-type=\"widget\" data-widget_type=\"text-editor.default\">\n\t\t\t\t<div class=\"elementor-widget-container\">\n\t\t\t\t\t\t\t\t\t<p>Cerise r\u00eave de devenir romanci\u00e8re et \u00e9crit d\u00e9j\u00e0 ses carnets. Son sujet favori : les gens, et surtout les adultes, qu\u2019elle a toujours aim\u00e9 observer pour tenter de deviner leurs secrets. La raison de cet int\u00e9r\u00eat a \u00e9t\u00e9 d\u00e9voil\u00e9e avec \u00e9motion \u00e0 la fin du premier cycle. Dans ce nouvel opus, Cerise et sa famille recompos\u00e9e, parties pour un voyage autour du monde, visitent notamment l\u2019Europe, l\u2019Afrique, l\u2019Am\u00e9rique du Sud, ou encore le Sahara\u2026 Au cours de ce p\u00e9riple, Cerise se confronte \u00e0 ses dragons int\u00e9rieurs, d\u00e9couvre la force de l\u2019entraide et du partage, et cultive m\u00eame sa conscience \u00e9cologique. Chacun apprend \u00e0 composer, dans l\u2019\u00e9change et le silence, pour trouver sa place et finalement s\u2019apprivoiser. Un grand voyage qui, par ses th\u00e8mes, touchera les consciences et les c\u0153urs.<\/p>\t\t\t\t\t\t\t\t<\/div>\n\t\t\t\t<\/div>\n\t\t\t\t<div class=\"elementor-element elementor-element-3eb5a14a elementor-widget-divider--view-line elementor-widget elementor-widget-divider\" data-id=\"3eb5a14a\" data-element_type=\"widget\" data-e-type=\"widget\" data-widget_type=\"divider.default\">\n\t\t\t\t<div class=\"elementor-widget-container\">\n\t\t\t\t\t\t\t<div class=\"elementor-divider\">\n\t\t\t<span class=\"elementor-divider-separator\">\n\t\t\t\t\t\t<\/span>\n\t\t<\/div>\n\t\t\t\t\t\t<\/div>\n\t\t\t\t<\/div>\n\t\t\t\t<div class=\"elementor-element elementor-element-1731a172 elementor-widget elementor-widget-heading\" data-id=\"1731a172\" data-element_type=\"widget\" data-e-type=\"widget\" data-widget_type=\"heading.default\">\n\t\t\t\t<div class=\"elementor-widget-container\">\n\t\t\t\t\t<h2 class=\"elementor-heading-title elementor-size-medium\">Une r\u00e9introduction \u00e0 l'univers<\/h2>\t\t\t\t<\/div>\n\t\t\t\t<\/div>\n\t\t\t\t<div class=\"elementor-element elementor-element-2426ee92 elementor-widget elementor-widget-text-editor\" data-id=\"2426ee92\" data-element_type=\"widget\" data-e-type=\"widget\" data-widget_type=\"text-editor.default\">\n\t\t\t\t<div class=\"elementor-widget-container\">\n\t\t\t\t\t\t\t\t\t<p>Il y a deux ans, je refermais le <a href=\"https:\/\/sorbetkiwi.fr\/index.php\/des-premieres-neiges-aux-perseides-de-chamblain\/\">tome 5 des Carnets de Cerise<\/a> pensant que ce serait le dernier. Et j&rsquo;\u00e9tais vraiment tr\u00e8s \u00e9mue. Quelle jolie surprise de d\u00e9couvrir, en d\u00e9cembre, qu&rsquo;un tome 6 voyait le jour ! La parenth\u00e8se d&rsquo;oubli a imm\u00e9diatement termin\u00e9 dans <a href=\"https:\/\/www.livraddict.com\/profil\/sorbet-kiwi\/?goto=pal\">ma PAL<\/a>, le temps de le lire afin de l&rsquo;offrir au jeune homme de ma famille qui lit la saga. Cela fait donc 2 ans, et j&rsquo;ai beaucoup appr\u00e9ci\u00e9 que Cerise r\u00e9introduise tout le monde d\u00e9s les premi\u00e8res pages, afin de nos rafra\u00eechir la m\u00e9moire, avec un petit rappel de ses aventures. Mais elle le fait de mani\u00e8re subtile !<\/p>\t\t\t\t\t\t\t\t<\/div>\n\t\t\t\t<\/div>\n\t\t\t\t<div class=\"elementor-element elementor-element-2d74cb4e elementor-widget-divider--view-line elementor-widget elementor-widget-divider\" data-id=\"2d74cb4e\" data-element_type=\"widget\" data-e-type=\"widget\" data-widget_type=\"divider.default\">\n\t\t\t\t<div class=\"elementor-widget-container\">\n\t\t\t\t\t\t\t<div class=\"elementor-divider\">\n\t\t\t<span class=\"elementor-divider-separator\">\n\t\t\t\t\t\t<\/span>\n\t\t<\/div>\n\t\t\t\t\t\t<\/div>\n\t\t\t\t<\/div>\n\t\t\t\t<div class=\"elementor-element elementor-element-6b816942 elementor-widget elementor-widget-heading\" data-id=\"6b816942\" data-element_type=\"widget\" data-e-type=\"widget\" data-widget_type=\"heading.default\">\n\t\t\t\t<div class=\"elementor-widget-container\">\n\t\t\t\t\t<h4 class=\"elementor-heading-title elementor-size-medium\">\"C'est quand on prend le train qu'on se rend compte qu'on n'est jamais seul. Que nous sommes une immense colonie de fourmis constamment en mouvement. Je ne l'avais jamais vraiment r\u00e9alis\u00e9 avant ce voyage.\"<\/h4>\t\t\t\t<\/div>\n\t\t\t\t<\/div>\n\t\t\t\t<div class=\"elementor-element elementor-element-6bffdd71 elementor-widget-divider--view-line elementor-widget elementor-widget-divider\" data-id=\"6bffdd71\" data-element_type=\"widget\" data-e-type=\"widget\" data-widget_type=\"divider.default\">\n\t\t\t\t<div class=\"elementor-widget-container\">\n\t\t\t\t\t\t\t<div class=\"elementor-divider\">\n\t\t\t<span class=\"elementor-divider-separator\">\n\t\t\t\t\t\t<\/span>\n\t\t<\/div>\n\t\t\t\t\t\t<\/div>\n\t\t\t\t<\/div>\n\t\t\t\t<div class=\"elementor-element elementor-element-2fa86ba2 elementor-widget elementor-widget-heading\" data-id=\"2fa86ba2\" data-element_type=\"widget\" data-e-type=\"widget\" data-widget_type=\"heading.default\">\n\t\t\t\t<div class=\"elementor-widget-container\">\n\t\t\t\t\t<h2 class=\"elementor-heading-title elementor-size-medium\">Une lectrice voyageuse<\/h2>\t\t\t\t<\/div>\n\t\t\t\t<\/div>\n\t\t\t\t<div class=\"elementor-element elementor-element-5197810b elementor-widget elementor-widget-text-editor\" data-id=\"5197810b\" data-element_type=\"widget\" data-e-type=\"widget\" data-widget_type=\"text-editor.default\">\n\t\t\t\t<div class=\"elementor-widget-container\">\n\t\t\t\t\t\t\t\t\t<p>Cerise rouvre avec nous le carnet de ses voyages avec sa famille. Elle y aborde une mani\u00e8re de voyager responsable et avec une conscience environnementale qui ouvrira sans doute des perspectives pour les jeunes. Et puis, on y voit le monde \u00e0 ses c\u00f4t\u00e9s : on commence par l&rsquo;Angleterre, puis direction l&rsquo;Ecosse et son Loch Ness. Le fait que j&rsquo;y ai \u00e9t\u00e9 \u00e0 l&rsquo;\u00e2ge de Cerise et que j&rsquo;y retourne cette ann\u00e9e, alli\u00e9 aux dessins et \u00e0 la plume justifie sans doute mon \u00e9motion du moment. Cette BD \u00e9tait faite pour moi, puisqu&rsquo;elle traverse les saisons et j&rsquo;ai ador\u00e9 voir les couleurs \u00e9voluer au fil des pages. Selon l&rsquo;ambiance, la m\u00e9t\u00e9o, les moments cl\u00e9s. Cela me motive d&rsquo;ailleurs a vraiment reprendre la bibliographie de Chamblain et Neyret comme je voulais d\u00e9j\u00e0 le faire. Cerise peut d&rsquo;ailleurs participer au remplissage de la PAL puisqu&rsquo;elle donne plein d&rsquo;id\u00e9es de lecture au fil du p\u00e9riple !\u00a0<\/p>\t\t\t\t\t\t\t\t<\/div>\n\t\t\t\t<\/div>\n\t\t\t\t<div class=\"elementor-element elementor-element-6bb0b24a elementor-widget-divider--view-line elementor-widget elementor-widget-divider\" data-id=\"6bb0b24a\" data-element_type=\"widget\" data-e-type=\"widget\" data-widget_type=\"divider.default\">\n\t\t\t\t<div class=\"elementor-widget-container\">\n\t\t\t\t\t\t\t<div class=\"elementor-divider\">\n\t\t\t<span class=\"elementor-divider-separator\">\n\t\t\t\t\t\t<\/span>\n\t\t<\/div>\n\t\t\t\t\t\t<\/div>\n\t\t\t\t<\/div>\n\t\t\t\t<div class=\"elementor-element elementor-element-29d2628f elementor-widget elementor-widget-heading\" data-id=\"29d2628f\" data-element_type=\"widget\" data-e-type=\"widget\" data-widget_type=\"heading.default\">\n\t\t\t\t<div class=\"elementor-widget-container\">\n\t\t\t\t\t<h2 class=\"elementor-heading-title elementor-size-medium\">Une affaire familiale<\/h2>\t\t\t\t<\/div>\n\t\t\t\t<\/div>\n\t\t\t\t<div class=\"elementor-element elementor-element-6c1a9a06 elementor-widget elementor-widget-text-editor\" data-id=\"6c1a9a06\" data-element_type=\"widget\" data-e-type=\"widget\" data-widget_type=\"text-editor.default\">\n\t\t\t\t<div class=\"elementor-widget-container\">\n\t\t\t\t\t\t\t\t\t<p>En r\u00e9alit\u00e9, la parenth\u00e8se d&rsquo;oubli que partagent les membres de cette famille recompos\u00e9e est aussi un excellent pr\u00e9texte. Celui de s\u2019apprivoiser. D&rsquo;apprendre \u00e0 se conna\u00eetre. En effet, Valentin et la Maman de Cerise d\u00e9veloppent une jolie relation. Mais St\u00e9phane est tout \u00e0 coup le beau-p\u00e8re d&rsquo;une jeune adolescente de 12 ans, et j&rsquo;ai vraiment aim\u00e9 cet aspect de l&rsquo;histoire. Voir cette famille \u00e9voluer ensemble m&rsquo;a \u00e9mu plus d&rsquo;une fois. Suivre les \u00e9tapes de leur vie de famille en m\u00eame temps que leurs \u00e9tapes de voyage m&rsquo;a permis, \u00e0 moi aussi, de m&rsquo;offrir la parenth\u00e8se d&rsquo;oubli dont j&rsquo;avais besoin \u00e0 ce moment-l\u00e0. J&rsquo;esp\u00e8re qu&rsquo;un tome 7 viendra r\u00e9chauffer, \u00e0 nouveau, nos coeurs.\u00a0<\/p>\t\t\t\t\t\t\t\t<\/div>\n\t\t\t\t<\/div>\n\t\t\t\t<div class=\"elementor-element elementor-element-bcecc9e elementor-widget elementor-widget-heading\" data-id=\"bcecc9e\" data-element_type=\"widget\" data-e-type=\"widget\" data-widget_type=\"heading.default\">\n\t\t\t\t<div class=\"elementor-widget-container\">\n\t\t\t\t\t<h4 class=\"elementor-heading-title elementor-size-medium\">La saga des Carnets de Cerise<\/h4>\t\t\t\t<\/div>\n\t\t\t\t<\/div>\n\t\t\t\t<div class=\"elementor-element elementor-element-3e6c5e3f elementor-widget elementor-widget-text-editor\" data-id=\"3e6c5e3f\" data-element_type=\"widget\" data-e-type=\"widget\" data-widget_type=\"text-editor.default\">\n\t\t\t\t<div class=\"elementor-widget-container\">\n\t\t\t\t\t\t\t\t\t<p>Mes chroniques de la saga :\u00a0<\/p><ul><li><a href=\"https:\/\/sorbetkiwi.fr\/index.php\/les-carnets-de-cerise-1-et-2-de-chamblain-et-neyret\/\">Les tomes 1 &amp; 2<\/a><\/li><li>Tome 3 : <a href=\"https:\/\/sorbetkiwi.fr\/index.php\/le-dernier-des-cinq-tresors-de-chamblain-et-neyret\/\">Le dernier des cinq tr\u00e9sors<\/a><\/li><li>Tome 4 : <a href=\"https:\/\/sorbetkiwi.fr\/index.php\/la-deesse-sans-visage-de-joris-chamblain\/\">La d\u00e9esse sans visage<\/a><\/li><li>Tome 5 : <a href=\"https:\/\/sorbetkiwi.fr\/index.php\/des-premieres-neiges-aux-perseides-de-chamblain\/\">Des premi\u00e8res neiges aux pers\u00e9ides<\/a><\/li><li>Tome 6 : La parenth\u00e8se d&rsquo;oubli<\/li><li>Hors-S\u00e9rie : <a href=\"https:\/\/sorbetkiwi.fr\/index.php\/les-carnets-de-cerise-et-valentin-de-chamblain\/\">Les carnets de Cerise et Valentin<\/a><\/li><\/ul>\t\t\t\t\t\t\t\t<\/div>\n\t\t\t\t<\/div>\n\t\t\t\t\t<\/div>\n\t\t<\/div>\n\t\t\t\t\t<\/div>\n\t\t<\/section>\n\t\t\t\t<\/div>\n\t\t","protected":false},"excerpt":{"rendered":"<p>La parenth\u00e8se d\u2019oubli de Chamblain et Neyret R\u00e9sum\u00e9 Cerise r\u00eave de devenir romanci\u00e8re et \u00e9crit d\u00e9j\u00e0 ses carnets. Son sujet favori : les gens, et surtout les adultes, qu\u2019elle a toujours aim\u00e9 observer pour tenter &hellip; <\/p>\n","protected":false},"author":1,"featured_media":7790,"comment_status":"open","ping_status":"open","sticky":false,"template":"","format":"standard","meta":{"footnotes":""},"categories":[13,1],"tags":[310,80,79,309,1939,308,500],"class_list":["post-7708","post","type-post","status-publish","format-standard","has-post-thumbnail","hentry","category-le-printemps","category-tout-le-blog","tag-aurelie-neyret","tag-bande-dessinee","tag-bd","tag-joris-chamblain","tag-la-parenthese-doubli","tag-les-carnets-de-cerise","tag-printemps","has-single-img"],"yoast_head":"<!-- This site is optimized with the Yoast SEO plugin v27.4 - https:\/\/yoast.com\/product\/yoast-seo-wordpress\/ -->\n<title>La parenth\u00e8se d&#039;oubli de Chamblain et Neyret - Sorbet Kiwi<\/title>\n<meta name=\"description\" content=\"Ma chronique du tome 6 des Carnets de Cerise, La parenth\u00e8se d&#039;oubli de Joris Chamblain et Aur\u00e9lie Neyret aux \u00e9ditions Oxymore.\" \/>\n<meta name=\"robots\" content=\"index, follow, max-snippet:-1, max-image-preview:large, max-video-preview:-1\" \/>\n<link rel=\"canonical\" href=\"https:\/\/sorbetkiwi.fr\/index.php\/la-parenthese-d-oubli-de-chamblain-et-neyret\/\" \/>\n<meta property=\"og:locale\" content=\"fr_FR\" \/>\n<meta property=\"og:type\" content=\"article\" \/>\n<meta property=\"og:title\" content=\"La parenth\u00e8se d&#039;oubli de Chamblain et Neyret - Sorbet Kiwi\" \/>\n<meta property=\"og:description\" content=\"Ma chronique du tome 6 des Carnets de Cerise, La parenth\u00e8se d&#039;oubli de Joris Chamblain et Aur\u00e9lie Neyret aux \u00e9ditions Oxymore.\" \/>\n<meta property=\"og:url\" content=\"https:\/\/sorbetkiwi.fr\/index.php\/la-parenthese-d-oubli-de-chamblain-et-neyret\/\" \/>\n<meta property=\"og:site_name\" content=\"Sorbet Kiwi\" \/>\n<meta property=\"article:publisher\" content=\"https:\/\/www.facebook.com\/profile.php?id=100086238893269\" \/>\n<meta property=\"article:published_time\" content=\"2025-03-25T06:00:00+00:00\" \/>\n<meta property=\"article:modified_time\" content=\"2025-03-27T12:38:15+00:00\" \/>\n<meta property=\"og:image\" content=\"https:\/\/sorbetkiwi.fr\/wp-content\/uploads\/2025\/03\/img_9841-1.jpg\" \/>\n\t<meta property=\"og:image:width\" content=\"1440\" \/>\n\t<meta property=\"og:image:height\" content=\"1920\" \/>\n\t<meta property=\"og:image:type\" content=\"image\/jpeg\" \/>\n<meta name=\"author\" content=\"Sorbet-Kiwi\" \/>\n<meta name=\"twitter:card\" content=\"summary_large_image\" \/>\n<meta name=\"twitter:creator\" content=\"@pepparshoes\" \/>\n<meta name=\"twitter:site\" content=\"@pepparshoes\" \/>\n<meta name=\"twitter:label1\" content=\"\u00c9crit par\" \/>\n\t<meta name=\"twitter:data1\" content=\"Sorbet-Kiwi\" \/>\n\t<meta name=\"twitter:label2\" content=\"Dur\u00e9e de lecture estim\u00e9e\" \/>\n\t<meta name=\"twitter:data2\" content=\"4 minutes\" \/>\n<script type=\"application\/ld+json\" class=\"yoast-schema-graph\">{\"@context\":\"https:\\\/\\\/schema.org\",\"@graph\":[{\"@type\":\"Article\",\"@id\":\"https:\\\/\\\/sorbetkiwi.fr\\\/index.php\\\/la-parenthese-d-oubli-de-chamblain-et-neyret\\\/#article\",\"isPartOf\":{\"@id\":\"https:\\\/\\\/sorbetkiwi.fr\\\/index.php\\\/la-parenthese-d-oubli-de-chamblain-et-neyret\\\/\"},\"author\":{\"name\":\"Sorbet-Kiwi\",\"@id\":\"https:\\\/\\\/sorbetkiwi.fr\\\/#\\\/schema\\\/person\\\/ed1b7b527a2957ddc3bf38b076540659\"},\"headline\":\"La parenth\u00e8se d&rsquo;oubli de Chamblain et Neyret\",\"datePublished\":\"2025-03-25T06:00:00+00:00\",\"dateModified\":\"2025-03-27T12:38:15+00:00\",\"mainEntityOfPage\":{\"@id\":\"https:\\\/\\\/sorbetkiwi.fr\\\/index.php\\\/la-parenthese-d-oubli-de-chamblain-et-neyret\\\/\"},\"wordCount\":685,\"commentCount\":4,\"publisher\":{\"@id\":\"https:\\\/\\\/sorbetkiwi.fr\\\/#organization\"},\"image\":{\"@id\":\"https:\\\/\\\/sorbetkiwi.fr\\\/index.php\\\/la-parenthese-d-oubli-de-chamblain-et-neyret\\\/#primaryimage\"},\"thumbnailUrl\":\"https:\\\/\\\/sorbetkiwi.fr\\\/wp-content\\\/uploads\\\/2025\\\/03\\\/img_9841-1.jpg\",\"keywords\":[\"Aur\u00e9lie Neyret\",\"Bande dessin\u00e9e\",\"BD\",\"Joris Chamblain\",\"La parenth\u00e8se d'oubli\",\"Les carnets de Cerise\",\"Printemps\"],\"articleSection\":[\"Le printemps\",\"Tout le blog\"],\"inLanguage\":\"fr-FR\",\"potentialAction\":[{\"@type\":\"CommentAction\",\"name\":\"Comment\",\"target\":[\"https:\\\/\\\/sorbetkiwi.fr\\\/index.php\\\/la-parenthese-d-oubli-de-chamblain-et-neyret\\\/#respond\"]}]},{\"@type\":\"WebPage\",\"@id\":\"https:\\\/\\\/sorbetkiwi.fr\\\/index.php\\\/la-parenthese-d-oubli-de-chamblain-et-neyret\\\/\",\"url\":\"https:\\\/\\\/sorbetkiwi.fr\\\/index.php\\\/la-parenthese-d-oubli-de-chamblain-et-neyret\\\/\",\"name\":\"La parenth\u00e8se d'oubli de Chamblain et Neyret - Sorbet Kiwi\",\"isPartOf\":{\"@id\":\"https:\\\/\\\/sorbetkiwi.fr\\\/#website\"},\"primaryImageOfPage\":{\"@id\":\"https:\\\/\\\/sorbetkiwi.fr\\\/index.php\\\/la-parenthese-d-oubli-de-chamblain-et-neyret\\\/#primaryimage\"},\"image\":{\"@id\":\"https:\\\/\\\/sorbetkiwi.fr\\\/index.php\\\/la-parenthese-d-oubli-de-chamblain-et-neyret\\\/#primaryimage\"},\"thumbnailUrl\":\"https:\\\/\\\/sorbetkiwi.fr\\\/wp-content\\\/uploads\\\/2025\\\/03\\\/img_9841-1.jpg\",\"datePublished\":\"2025-03-25T06:00:00+00:00\",\"dateModified\":\"2025-03-27T12:38:15+00:00\",\"description\":\"Ma chronique du tome 6 des Carnets de Cerise, La parenth\u00e8se d'oubli de Joris Chamblain et Aur\u00e9lie Neyret aux \u00e9ditions Oxymore.\",\"breadcrumb\":{\"@id\":\"https:\\\/\\\/sorbetkiwi.fr\\\/index.php\\\/la-parenthese-d-oubli-de-chamblain-et-neyret\\\/#breadcrumb\"},\"inLanguage\":\"fr-FR\",\"potentialAction\":[{\"@type\":\"ReadAction\",\"target\":[\"https:\\\/\\\/sorbetkiwi.fr\\\/index.php\\\/la-parenthese-d-oubli-de-chamblain-et-neyret\\\/\"]}]},{\"@type\":\"ImageObject\",\"inLanguage\":\"fr-FR\",\"@id\":\"https:\\\/\\\/sorbetkiwi.fr\\\/index.php\\\/la-parenthese-d-oubli-de-chamblain-et-neyret\\\/#primaryimage\",\"url\":\"https:\\\/\\\/sorbetkiwi.fr\\\/wp-content\\\/uploads\\\/2025\\\/03\\\/img_9841-1.jpg\",\"contentUrl\":\"https:\\\/\\\/sorbetkiwi.fr\\\/wp-content\\\/uploads\\\/2025\\\/03\\\/img_9841-1.jpg\",\"width\":1440,\"height\":1920,\"caption\":\"La parenth\u00e8se d'oubli Les carnets de cerise 6 Chamblain Neyret\"},{\"@type\":\"BreadcrumbList\",\"@id\":\"https:\\\/\\\/sorbetkiwi.fr\\\/index.php\\\/la-parenthese-d-oubli-de-chamblain-et-neyret\\\/#breadcrumb\",\"itemListElement\":[{\"@type\":\"ListItem\",\"position\":1,\"name\":\"Accueil\",\"item\":\"https:\\\/\\\/sorbetkiwi.fr\\\/\"},{\"@type\":\"ListItem\",\"position\":2,\"name\":\"La parenth\u00e8se d&rsquo;oubli de Chamblain et Neyret\"}]},{\"@type\":\"WebSite\",\"@id\":\"https:\\\/\\\/sorbetkiwi.fr\\\/#website\",\"url\":\"https:\\\/\\\/sorbetkiwi.fr\\\/\",\"name\":\"Sorbet Kiwi\",\"description\":\"Des lectures th\u00e9matiques par saison et les avis qui vont avec\",\"publisher\":{\"@id\":\"https:\\\/\\\/sorbetkiwi.fr\\\/#organization\"},\"potentialAction\":[{\"@type\":\"SearchAction\",\"target\":{\"@type\":\"EntryPoint\",\"urlTemplate\":\"https:\\\/\\\/sorbetkiwi.fr\\\/?s={search_term_string}\"},\"query-input\":{\"@type\":\"PropertyValueSpecification\",\"valueRequired\":true,\"valueName\":\"search_term_string\"}}],\"inLanguage\":\"fr-FR\"},{\"@type\":\"Organization\",\"@id\":\"https:\\\/\\\/sorbetkiwi.fr\\\/#organization\",\"name\":\"Sorbet Kiwi\",\"url\":\"https:\\\/\\\/sorbetkiwi.fr\\\/\",\"logo\":{\"@type\":\"ImageObject\",\"inLanguage\":\"fr-FR\",\"@id\":\"https:\\\/\\\/sorbetkiwi.fr\\\/#\\\/schema\\\/logo\\\/image\\\/\",\"url\":\"https:\\\/\\\/sorbetkiwi.fr\\\/wp-content\\\/uploads\\\/2022\\\/10\\\/Banniere-Sorbet-Kiwi-2022.jpg\",\"contentUrl\":\"https:\\\/\\\/sorbetkiwi.fr\\\/wp-content\\\/uploads\\\/2022\\\/10\\\/Banniere-Sorbet-Kiwi-2022.jpg\",\"width\":814,\"height\":401,\"caption\":\"Sorbet Kiwi\"},\"image\":{\"@id\":\"https:\\\/\\\/sorbetkiwi.fr\\\/#\\\/schema\\\/logo\\\/image\\\/\"},\"sameAs\":[\"https:\\\/\\\/www.facebook.com\\\/profile.php?id=100086238893269\",\"https:\\\/\\\/x.com\\\/pepparshoes\",\"https:\\\/\\\/www.instagram.com\\\/sorbetkiwi\\\/\",\"https:\\\/\\\/www.tiktok.com\\\/sorbetkiwi\"]},{\"@type\":\"Person\",\"@id\":\"https:\\\/\\\/sorbetkiwi.fr\\\/#\\\/schema\\\/person\\\/ed1b7b527a2957ddc3bf38b076540659\",\"name\":\"Sorbet-Kiwi\",\"image\":{\"@type\":\"ImageObject\",\"inLanguage\":\"fr-FR\",\"@id\":\"https:\\\/\\\/secure.gravatar.com\\\/avatar\\\/86f0a5c27d76317621b9e374d0f3a01d3a85278f10d0c7207ced4fd773057442?s=96&d=mm&r=g\",\"url\":\"https:\\\/\\\/secure.gravatar.com\\\/avatar\\\/86f0a5c27d76317621b9e374d0f3a01d3a85278f10d0c7207ced4fd773057442?s=96&d=mm&r=g\",\"contentUrl\":\"https:\\\/\\\/secure.gravatar.com\\\/avatar\\\/86f0a5c27d76317621b9e374d0f3a01d3a85278f10d0c7207ced4fd773057442?s=96&d=mm&r=g\",\"caption\":\"Sorbet-Kiwi\"},\"sameAs\":[\"http:\\\/\\\/sorbetkiwi.fr\"],\"url\":\"https:\\\/\\\/sorbetkiwi.fr\\\/index.php\\\/author\\\/admin7717\\\/\"}]}<\/script>\n<!-- \/ Yoast SEO plugin. -->","yoast_head_json":{"title":"La parenth\u00e8se d'oubli de Chamblain et Neyret - Sorbet Kiwi","description":"Ma chronique du tome 6 des Carnets de Cerise, La parenth\u00e8se d'oubli de Joris Chamblain et Aur\u00e9lie Neyret aux \u00e9ditions Oxymore.","robots":{"index":"index","follow":"follow","max-snippet":"max-snippet:-1","max-image-preview":"max-image-preview:large","max-video-preview":"max-video-preview:-1"},"canonical":"https:\/\/sorbetkiwi.fr\/index.php\/la-parenthese-d-oubli-de-chamblain-et-neyret\/","og_locale":"fr_FR","og_type":"article","og_title":"La parenth\u00e8se d'oubli de Chamblain et Neyret - Sorbet Kiwi","og_description":"Ma chronique du tome 6 des Carnets de Cerise, La parenth\u00e8se d'oubli de Joris Chamblain et Aur\u00e9lie Neyret aux \u00e9ditions Oxymore.","og_url":"https:\/\/sorbetkiwi.fr\/index.php\/la-parenthese-d-oubli-de-chamblain-et-neyret\/","og_site_name":"Sorbet Kiwi","article_publisher":"https:\/\/www.facebook.com\/profile.php?id=100086238893269","article_published_time":"2025-03-25T06:00:00+00:00","article_modified_time":"2025-03-27T12:38:15+00:00","og_image":[{"width":1440,"height":1920,"url":"https:\/\/sorbetkiwi.fr\/wp-content\/uploads\/2025\/03\/img_9841-1.jpg","type":"image\/jpeg"}],"author":"Sorbet-Kiwi","twitter_card":"summary_large_image","twitter_creator":"@pepparshoes","twitter_site":"@pepparshoes","twitter_misc":{"\u00c9crit par":"Sorbet-Kiwi","Dur\u00e9e de lecture estim\u00e9e":"4 minutes"},"schema":{"@context":"https:\/\/schema.org","@graph":[{"@type":"Article","@id":"https:\/\/sorbetkiwi.fr\/index.php\/la-parenthese-d-oubli-de-chamblain-et-neyret\/#article","isPartOf":{"@id":"https:\/\/sorbetkiwi.fr\/index.php\/la-parenthese-d-oubli-de-chamblain-et-neyret\/"},"author":{"name":"Sorbet-Kiwi","@id":"https:\/\/sorbetkiwi.fr\/#\/schema\/person\/ed1b7b527a2957ddc3bf38b076540659"},"headline":"La parenth\u00e8se d&rsquo;oubli de Chamblain et Neyret","datePublished":"2025-03-25T06:00:00+00:00","dateModified":"2025-03-27T12:38:15+00:00","mainEntityOfPage":{"@id":"https:\/\/sorbetkiwi.fr\/index.php\/la-parenthese-d-oubli-de-chamblain-et-neyret\/"},"wordCount":685,"commentCount":4,"publisher":{"@id":"https:\/\/sorbetkiwi.fr\/#organization"},"image":{"@id":"https:\/\/sorbetkiwi.fr\/index.php\/la-parenthese-d-oubli-de-chamblain-et-neyret\/#primaryimage"},"thumbnailUrl":"https:\/\/sorbetkiwi.fr\/wp-content\/uploads\/2025\/03\/img_9841-1.jpg","keywords":["Aur\u00e9lie Neyret","Bande dessin\u00e9e","BD","Joris Chamblain","La parenth\u00e8se d'oubli","Les carnets de Cerise","Printemps"],"articleSection":["Le printemps","Tout le blog"],"inLanguage":"fr-FR","potentialAction":[{"@type":"CommentAction","name":"Comment","target":["https:\/\/sorbetkiwi.fr\/index.php\/la-parenthese-d-oubli-de-chamblain-et-neyret\/#respond"]}]},{"@type":"WebPage","@id":"https:\/\/sorbetkiwi.fr\/index.php\/la-parenthese-d-oubli-de-chamblain-et-neyret\/","url":"https:\/\/sorbetkiwi.fr\/index.php\/la-parenthese-d-oubli-de-chamblain-et-neyret\/","name":"La parenth\u00e8se d'oubli de Chamblain et Neyret - Sorbet Kiwi","isPartOf":{"@id":"https:\/\/sorbetkiwi.fr\/#website"},"primaryImageOfPage":{"@id":"https:\/\/sorbetkiwi.fr\/index.php\/la-parenthese-d-oubli-de-chamblain-et-neyret\/#primaryimage"},"image":{"@id":"https:\/\/sorbetkiwi.fr\/index.php\/la-parenthese-d-oubli-de-chamblain-et-neyret\/#primaryimage"},"thumbnailUrl":"https:\/\/sorbetkiwi.fr\/wp-content\/uploads\/2025\/03\/img_9841-1.jpg","datePublished":"2025-03-25T06:00:00+00:00","dateModified":"2025-03-27T12:38:15+00:00","description":"Ma chronique du tome 6 des Carnets de Cerise, La parenth\u00e8se d'oubli de Joris Chamblain et Aur\u00e9lie Neyret aux \u00e9ditions Oxymore.","breadcrumb":{"@id":"https:\/\/sorbetkiwi.fr\/index.php\/la-parenthese-d-oubli-de-chamblain-et-neyret\/#breadcrumb"},"inLanguage":"fr-FR","potentialAction":[{"@type":"ReadAction","target":["https:\/\/sorbetkiwi.fr\/index.php\/la-parenthese-d-oubli-de-chamblain-et-neyret\/"]}]},{"@type":"ImageObject","inLanguage":"fr-FR","@id":"https:\/\/sorbetkiwi.fr\/index.php\/la-parenthese-d-oubli-de-chamblain-et-neyret\/#primaryimage","url":"https:\/\/sorbetkiwi.fr\/wp-content\/uploads\/2025\/03\/img_9841-1.jpg","contentUrl":"https:\/\/sorbetkiwi.fr\/wp-content\/uploads\/2025\/03\/img_9841-1.jpg","width":1440,"height":1920,"caption":"La parenth\u00e8se d'oubli Les carnets de cerise 6 Chamblain Neyret"},{"@type":"BreadcrumbList","@id":"https:\/\/sorbetkiwi.fr\/index.php\/la-parenthese-d-oubli-de-chamblain-et-neyret\/#breadcrumb","itemListElement":[{"@type":"ListItem","position":1,"name":"Accueil","item":"https:\/\/sorbetkiwi.fr\/"},{"@type":"ListItem","position":2,"name":"La parenth\u00e8se d&rsquo;oubli de Chamblain et Neyret"}]},{"@type":"WebSite","@id":"https:\/\/sorbetkiwi.fr\/#website","url":"https:\/\/sorbetkiwi.fr\/","name":"Sorbet Kiwi","description":"Des lectures th\u00e9matiques par saison et les avis qui vont avec","publisher":{"@id":"https:\/\/sorbetkiwi.fr\/#organization"},"potentialAction":[{"@type":"SearchAction","target":{"@type":"EntryPoint","urlTemplate":"https:\/\/sorbetkiwi.fr\/?s={search_term_string}"},"query-input":{"@type":"PropertyValueSpecification","valueRequired":true,"valueName":"search_term_string"}}],"inLanguage":"fr-FR"},{"@type":"Organization","@id":"https:\/\/sorbetkiwi.fr\/#organization","name":"Sorbet Kiwi","url":"https:\/\/sorbetkiwi.fr\/","logo":{"@type":"ImageObject","inLanguage":"fr-FR","@id":"https:\/\/sorbetkiwi.fr\/#\/schema\/logo\/image\/","url":"https:\/\/sorbetkiwi.fr\/wp-content\/uploads\/2022\/10\/Banniere-Sorbet-Kiwi-2022.jpg","contentUrl":"https:\/\/sorbetkiwi.fr\/wp-content\/uploads\/2022\/10\/Banniere-Sorbet-Kiwi-2022.jpg","width":814,"height":401,"caption":"Sorbet Kiwi"},"image":{"@id":"https:\/\/sorbetkiwi.fr\/#\/schema\/logo\/image\/"},"sameAs":["https:\/\/www.facebook.com\/profile.php?id=100086238893269","https:\/\/x.com\/pepparshoes","https:\/\/www.instagram.com\/sorbetkiwi\/","https:\/\/www.tiktok.com\/sorbetkiwi"]},{"@type":"Person","@id":"https:\/\/sorbetkiwi.fr\/#\/schema\/person\/ed1b7b527a2957ddc3bf38b076540659","name":"Sorbet-Kiwi","image":{"@type":"ImageObject","inLanguage":"fr-FR","@id":"https:\/\/secure.gravatar.com\/avatar\/86f0a5c27d76317621b9e374d0f3a01d3a85278f10d0c7207ced4fd773057442?s=96&d=mm&r=g","url":"https:\/\/secure.gravatar.com\/avatar\/86f0a5c27d76317621b9e374d0f3a01d3a85278f10d0c7207ced4fd773057442?s=96&d=mm&r=g","contentUrl":"https:\/\/secure.gravatar.com\/avatar\/86f0a5c27d76317621b9e374d0f3a01d3a85278f10d0c7207ced4fd773057442?s=96&d=mm&r=g","caption":"Sorbet-Kiwi"},"sameAs":["http:\/\/sorbetkiwi.fr"],"url":"https:\/\/sorbetkiwi.fr\/index.php\/author\/admin7717\/"}]}},"_links":{"self":[{"href":"https:\/\/sorbetkiwi.fr\/index.php\/wp-json\/wp\/v2\/posts\/7708","targetHints":{"allow":["GET"]}}],"collection":[{"href":"https:\/\/sorbetkiwi.fr\/index.php\/wp-json\/wp\/v2\/posts"}],"about":[{"href":"https:\/\/sorbetkiwi.fr\/index.php\/wp-json\/wp\/v2\/types\/post"}],"author":[{"embeddable":true,"href":"https:\/\/sorbetkiwi.fr\/index.php\/wp-json\/wp\/v2\/users\/1"}],"replies":[{"embeddable":true,"href":"https:\/\/sorbetkiwi.fr\/index.php\/wp-json\/wp\/v2\/comments?post=7708"}],"version-history":[{"count":7,"href":"https:\/\/sorbetkiwi.fr\/index.php\/wp-json\/wp\/v2\/posts\/7708\/revisions"}],"predecessor-version":[{"id":7789,"href":"https:\/\/sorbetkiwi.fr\/index.php\/wp-json\/wp\/v2\/posts\/7708\/revisions\/7789"}],"wp:featuredmedia":[{"embeddable":true,"href":"https:\/\/sorbetkiwi.fr\/index.php\/wp-json\/wp\/v2\/media\/7790"}],"wp:attachment":[{"href":"https:\/\/sorbetkiwi.fr\/index.php\/wp-json\/wp\/v2\/media?parent=7708"}],"wp:term":[{"taxonomy":"category","embeddable":true,"href":"https:\/\/sorbetkiwi.fr\/index.php\/wp-json\/wp\/v2\/categories?post=7708"},{"taxonomy":"post_tag","embeddable":true,"href":"https:\/\/sorbetkiwi.fr\/index.php\/wp-json\/wp\/v2\/tags?post=7708"}],"curies":[{"name":"wp","href":"https:\/\/api.w.org\/{rel}","templated":true}]}}