{"id":7494,"date":"2024-11-19T13:16:57","date_gmt":"2024-11-19T12:16:57","guid":{"rendered":"https:\/\/sorbetkiwi.fr\/?p=7494"},"modified":"2024-11-19T13:19:22","modified_gmt":"2024-11-19T12:19:22","slug":"le-monde-que-lon-porte-de-alia-cardyn","status":"publish","type":"post","link":"https:\/\/sorbetkiwi.fr\/index.php\/le-monde-que-lon-porte-de-alia-cardyn\/","title":{"rendered":"Le monde que l&rsquo;on porte de Alia Cardyn"},"content":{"rendered":"\t\t<div data-elementor-type=\"wp-post\" data-elementor-id=\"7494\" class=\"elementor elementor-7494\">\n\t\t\t\t\t\t<section class=\"elementor-section elementor-top-section elementor-element elementor-element-6279765a elementor-section-boxed elementor-section-height-default elementor-section-height-default\" data-id=\"6279765a\" data-element_type=\"section\" data-e-type=\"section\">\n\t\t\t\t\t\t<div class=\"elementor-container elementor-column-gap-default\">\n\t\t\t\t\t<div class=\"elementor-column elementor-col-100 elementor-top-column elementor-element elementor-element-6ca19b2a\" data-id=\"6ca19b2a\" data-element_type=\"column\" data-e-type=\"column\">\n\t\t\t<div class=\"elementor-widget-wrap elementor-element-populated\">\n\t\t\t\t\t\t<div class=\"elementor-element elementor-element-40411ee6 elementor-widget elementor-widget-heading\" data-id=\"40411ee6\" data-element_type=\"widget\" data-e-type=\"widget\" data-widget_type=\"heading.default\">\n\t\t\t\t<div class=\"elementor-widget-container\">\n\t\t\t\t\t<h1 class=\"elementor-heading-title elementor-size-medium\">Le monde que l'on porte Alia Cardyn<\/h1>\t\t\t\t<\/div>\n\t\t\t\t<\/div>\n\t\t\t\t<div class=\"elementor-element elementor-element-1c2c6588 elementor-view-default elementor-widget elementor-widget-icon\" data-id=\"1c2c6588\" data-element_type=\"widget\" data-e-type=\"widget\" data-widget_type=\"icon.default\">\n\t\t\t\t<div class=\"elementor-widget-container\">\n\t\t\t\t\t\t\t<div class=\"elementor-icon-wrapper\">\n\t\t\t<div class=\"elementor-icon\">\n\t\t\t<i aria-hidden=\"true\" class=\"fab fa-canadian-maple-leaf\"><\/i>\t\t\t<\/div>\n\t\t<\/div>\n\t\t\t\t\t\t<\/div>\n\t\t\t\t<\/div>\n\t\t\t\t<div class=\"elementor-element elementor-element-6c681139 elementor-widget-divider--view-line elementor-widget elementor-widget-divider\" data-id=\"6c681139\" data-element_type=\"widget\" data-e-type=\"widget\" data-widget_type=\"divider.default\">\n\t\t\t\t<div class=\"elementor-widget-container\">\n\t\t\t\t\t\t\t<div class=\"elementor-divider\">\n\t\t\t<span class=\"elementor-divider-separator\">\n\t\t\t\t\t\t<\/span>\n\t\t<\/div>\n\t\t\t\t\t\t<\/div>\n\t\t\t\t<\/div>\n\t\t\t\t<div class=\"elementor-element elementor-element-27c22b81 elementor-widget elementor-widget-heading\" data-id=\"27c22b81\" data-element_type=\"widget\" data-e-type=\"widget\" data-widget_type=\"heading.default\">\n\t\t\t\t<div class=\"elementor-widget-container\">\n\t\t\t\t\t<h2 class=\"elementor-heading-title elementor-size-medium\">R\u00e9sum\u00e9<\/h2>\t\t\t\t<\/div>\n\t\t\t\t<\/div>\n\t\t\t\t<div class=\"elementor-element elementor-element-1af4af6f elementor-widget elementor-widget-text-editor\" data-id=\"1af4af6f\" data-element_type=\"widget\" data-e-type=\"widget\" data-widget_type=\"text-editor.default\">\n\t\t\t\t<div class=\"elementor-widget-container\">\n\t\t\t\t\t\t\t\t\t<p>Dans la famille de Rose, les femmes r\u00e8gnent. Ce clan joyeux poss\u00e8de sa l\u00e9gende et ses traditions. De m\u00e8re en fille, elles sont accoucheuses. Le destin de Rose para\u00eet trac\u00e9. Jusqu&rsquo;\u00e0 ce drame qui va la bouleverser. A quelques kilom\u00e8tres de l\u00e0, Ella se retrouve soudain allong\u00e9e sur le sol devant ses \u00e9l\u00e8ves. <br \/>Les jours passent et l&rsquo;institutrice s&rsquo;\u00e9vanouit encore. Alors qu&rsquo;elle tente d&rsquo;\u00e9lucider ce myst\u00e8re, ses chutes r\u00e9p\u00e9t\u00e9es la poussent \u00e0 faire ce qu&rsquo;elle n&rsquo;aurait jamais imagin\u00e9. Deux femmes, deux voix, deux facettes d&rsquo;une m\u00eame histoire. Celle qui commence quand tout semble perdu. Alia Cardyn offre un r\u00e9cit lumineux sur la qu\u00eate de soi et la poursuite d&rsquo;un r\u00eave. Parce que rien n&rsquo;est plus puissant qu&rsquo;une g\u00e9n\u00e9ration de gens heureux.<\/p>\t\t\t\t\t\t\t\t<\/div>\n\t\t\t\t<\/div>\n\t\t\t\t<div class=\"elementor-element elementor-element-6de38bf2 elementor-widget-divider--view-line elementor-widget elementor-widget-divider\" data-id=\"6de38bf2\" data-element_type=\"widget\" data-e-type=\"widget\" data-widget_type=\"divider.default\">\n\t\t\t\t<div class=\"elementor-widget-container\">\n\t\t\t\t\t\t\t<div class=\"elementor-divider\">\n\t\t\t<span class=\"elementor-divider-separator\">\n\t\t\t\t\t\t<\/span>\n\t\t<\/div>\n\t\t\t\t\t\t<\/div>\n\t\t\t\t<\/div>\n\t\t\t\t<div class=\"elementor-element elementor-element-14c245e9 elementor-widget elementor-widget-heading\" data-id=\"14c245e9\" data-element_type=\"widget\" data-e-type=\"widget\" data-widget_type=\"heading.default\">\n\t\t\t\t<div class=\"elementor-widget-container\">\n\t\t\t\t\t<h2 class=\"elementor-heading-title elementor-size-medium\">Une autrice incontournable pour moi<\/h2>\t\t\t\t<\/div>\n\t\t\t\t<\/div>\n\t\t\t\t<div class=\"elementor-element elementor-element-401d8000 elementor-widget elementor-widget-text-editor\" data-id=\"401d8000\" data-element_type=\"widget\" data-e-type=\"widget\" data-widget_type=\"text-editor.default\">\n\t\t\t\t<div class=\"elementor-widget-container\">\n\t\t\t\t\t\t\t\t\t<p>J\u2019ai eu la chance de d\u00e9couvrir Alia Cardyn lors de mon ann\u00e9e de <a href=\"https:\/\/sorbetkiwi.wordpress.com\/2018\/02\/03\/lectrice-charleston-le-bilan\/\">Lectrice Charleston en 2017<\/a>. Depuis, j\u2019essaye de suivre ses parutions r\u00e9guli\u00e8rement. Le monde que l\u2019on porte est paru l\u2019an dernier, et je suis \u00e0 pr\u00e9sent \u00e0 jour dans ses romans contemporains gr\u00e2ce \u00e0 ma lecture de ce roman achet\u00e9 au <a href=\"https:\/\/sorbetkiwi.fr\/index.php\/la-foire-du-livre-de-bruxelles-2023\/\">Salon du Livre de Bruxelles<\/a> l\u2019an pass\u00e9. Ce que j\u2019aime le plus chez cette autrice, c\u2019est qu\u2019elle sait toujours me faire r\u00e9agir dans ses histoires. Et d\u00e8s le premier chapitre, \u00e7a n\u2019a pas loup\u00e9 ici !<\/p><p>Les \u00e9motions \u00e9taient d\u00e9j\u00e0 au rendez-vous, et surtout la surprise. Je ne m\u2019attendais pas du tout \u00e0 une ouverture de ce genre. Pas tant dans les faits, ils sont expliqu\u00e9s dans le r\u00e9sum\u00e9, mais dans la forme. Dans les pens\u00e9es d\u2019Ella qu\u2019elle partage avec nous. Atypiques, un peu d\u00e9stabilisantes aussi. Le roman commence donc sur les chapeaux de roues et rend curieux d\u00e8s les premi\u00e8res lignes. La saison est, elle, d\u00e9crite d\u00e8s le deuxi\u00e8me chapitre : \u00ab\u00a0l\u2019\u00e9tendue verte parsem\u00e9e de feuilles orange\u00a0\u00bb. C\u2019est pourquoi j\u2019ai choisi de le lire \u00e0 l\u2019automne ! Alors, encore une r\u00e9ussite de mon c\u00f4t\u00e9 pour Alia Cardyn avec Le monde que l\u2019on porte ?<\/p>\t\t\t\t\t\t\t\t<\/div>\n\t\t\t\t<\/div>\n\t\t\t\t<div class=\"elementor-element elementor-element-7584fefd elementor-widget-divider--view-line elementor-widget elementor-widget-divider\" data-id=\"7584fefd\" data-element_type=\"widget\" data-e-type=\"widget\" data-widget_type=\"divider.default\">\n\t\t\t\t<div class=\"elementor-widget-container\">\n\t\t\t\t\t\t\t<div class=\"elementor-divider\">\n\t\t\t<span class=\"elementor-divider-separator\">\n\t\t\t\t\t\t<\/span>\n\t\t<\/div>\n\t\t\t\t\t\t<\/div>\n\t\t\t\t<\/div>\n\t\t\t\t<div class=\"elementor-element elementor-element-267bde2a elementor-widget elementor-widget-heading\" data-id=\"267bde2a\" data-element_type=\"widget\" data-e-type=\"widget\" data-widget_type=\"heading.default\">\n\t\t\t\t<div class=\"elementor-widget-container\">\n\t\t\t\t\t<h4 class=\"elementor-heading-title elementor-size-medium\">\u00ab\u00a0J\u2019attends que la naus\u00e9e se dissipe. Elle laisse place \u00e0 la surprise. Celle d\u2019avoir laiss\u00e9 cet \u00e9v\u00e9nement important sur le c\u00f4t\u00e9, d\u2019avoir avanc\u00e9 comme s\u2019il n\u2019avait pas fait partie de moi. Et de d\u00e9couvrir aujourd\u2019hui qu\u2019il domine tout, depuis toujours.\u00a0\u00bb<\/h4>\t\t\t\t<\/div>\n\t\t\t\t<\/div>\n\t\t\t\t<div class=\"elementor-element elementor-element-3ec7cb4b elementor-widget-divider--view-line elementor-widget elementor-widget-divider\" data-id=\"3ec7cb4b\" data-element_type=\"widget\" data-e-type=\"widget\" data-widget_type=\"divider.default\">\n\t\t\t\t<div class=\"elementor-widget-container\">\n\t\t\t\t\t\t\t<div class=\"elementor-divider\">\n\t\t\t<span class=\"elementor-divider-separator\">\n\t\t\t\t\t\t<\/span>\n\t\t<\/div>\n\t\t\t\t\t\t<\/div>\n\t\t\t\t<\/div>\n\t\t\t\t<div class=\"elementor-element elementor-element-629f9d3a elementor-widget elementor-widget-heading\" data-id=\"629f9d3a\" data-element_type=\"widget\" data-e-type=\"widget\" data-widget_type=\"heading.default\">\n\t\t\t\t<div class=\"elementor-widget-container\">\n\t\t\t\t\t<h2 class=\"elementor-heading-title elementor-size-medium\">Un roman surprise<\/h2>\t\t\t\t<\/div>\n\t\t\t\t<\/div>\n\t\t\t\t<div class=\"elementor-element elementor-element-3d31cb5d elementor-widget elementor-widget-text-editor\" data-id=\"3d31cb5d\" data-element_type=\"widget\" data-e-type=\"widget\" data-widget_type=\"text-editor.default\">\n\t\t\t\t<div class=\"elementor-widget-container\">\n\t\t\t\t\t\t\t\t\t<p>C\u2019est dr\u00f4le, la force de l\u2019affection que l\u2019on a pour une autrice. Ce roman nous parle d\u2019accouchements. Apr\u00e8s tout, la famille de Rose est une famille d\u2019accoucheuses, en lien avec la nature. Autant vous dire que ce n\u2019est absolument pas ma tasse de th\u00e9 et jamais je n\u2019aurai choisi un roman avec ce sujet. Sauf que lorsque j\u2019aime une autrice, je ne lis plus les r\u00e9sum\u00e9s au bout d\u2019un moment. Donc je n\u2019en savais rien. L\u2019accouchement est un acte naturel que je trouve incroyable mais, pour tout vous avouer, il m\u2019angoisse profond\u00e9ment et m\u00eame que \u00e7a me retourne l\u2019estomac d\u2019imaginer ce qui se passe dans le corps lorsqu\u2019une femme porte un enfant. Alors lire un roman qui parle pr\u00e9cis\u00e9ment de \u00e7a \u00e9tait un d\u00e9fi pour moi finalement.<span class=\"Apple-converted-space\"> Mais un d\u00e9fi r\u00e9ussi puisque la beaut\u00e9 de la plume d&rsquo;Alia porte ce r\u00e9cit et partage avec nous la beaut\u00e9 des gestes effectu\u00e9s par les sages-femmes.<\/span><\/p>\t\t\t\t\t\t\t\t<\/div>\n\t\t\t\t<\/div>\n\t\t\t\t<div class=\"elementor-element elementor-element-605de9f elementor-widget-divider--view-line elementor-widget elementor-widget-divider\" data-id=\"605de9f\" data-element_type=\"widget\" data-e-type=\"widget\" data-widget_type=\"divider.default\">\n\t\t\t\t<div class=\"elementor-widget-container\">\n\t\t\t\t\t\t\t<div class=\"elementor-divider\">\n\t\t\t<span class=\"elementor-divider-separator\">\n\t\t\t\t\t\t<\/span>\n\t\t<\/div>\n\t\t\t\t\t\t<\/div>\n\t\t\t\t<\/div>\n\t\t\t\t<div class=\"elementor-element elementor-element-23d052cd elementor-widget elementor-widget-heading\" data-id=\"23d052cd\" data-element_type=\"widget\" data-e-type=\"widget\" data-widget_type=\"heading.default\">\n\t\t\t\t<div class=\"elementor-widget-container\">\n\t\t\t\t\t<h2 class=\"elementor-heading-title elementor-size-medium\">Remise en question et citoyennet\u00e9<\/h2>\t\t\t\t<\/div>\n\t\t\t\t<\/div>\n\t\t\t\t<div class=\"elementor-element elementor-element-5e70102b elementor-widget elementor-widget-text-editor\" data-id=\"5e70102b\" data-element_type=\"widget\" data-e-type=\"widget\" data-widget_type=\"text-editor.default\">\n\t\t\t\t<div class=\"elementor-widget-container\">\n\t\t\t\t\t\t\t\t\t<p>En parall\u00e8le il y a Ella, qui se red\u00e9couvre gr\u00e2ce a ses \u00e9l\u00e8ves. La curiosit\u00e9 indisciplin\u00e9e de l\u2019une fait le bonheur des autres qui ont tout \u00e0 coup une ma\u00eetresse pr\u00eate \u00e0 se remettre en question. Qui leur offre un temps de parole. Il n\u2019y a qu\u2019une question qui m\u2019a surprise : pourquoi apprend-on aux enfants \u00e0 lire \u00e0 l\u2019\u00e9cole, et non \u00e0 choisir ? Mon instinct a \u00e9t\u00e9 imm\u00e9diat : parce que c\u2019est le r\u00f4le des parents d\u2019\u00e9duquer et celui des enseignants d\u2019enseigner. Je con\u00e7ois \u00e9videmment que tous les enfants n\u2019ont pas cette chance et que d\u2019aller dans une \u00e9cole d\u00e9mocratique reste r\u00e9serv\u00e9 \u00e0 une \u00e9lite d\u2019enfants de parents potentiellement d\u00e9construits. Et cela m&rsquo;a surtout oblig\u00e9 \u00e0 r\u00e9fl\u00e9chir de mani\u00e8re non-binaire. Pourquoi ne pas leur offrir les deux ?\u00a0<\/p><p>Au-del\u00e0 de cette r\u00e9flexion sur le r\u00f4le de l\u2019\u00e9cole, je me suis vraiment focalis\u00e9e sur cette ma\u00eetresse qui d\u00e9couvre comment rendre l\u2019apprentissage en tous cas plus agr\u00e9able pour tous et qui elle aussi apprend des enfants. La remise en question est une qualit\u00e9 \u00e0 nourrir toute sa vie.<span class=\"Apple-converted-space\"> Et la citoyennet\u00e9 d\u00e8s le plus jeune \u00e2ge. Enfin, ce roman se lit apr\u00e8s Archie, par contre. Si on ne veut pas se spoiler ce premier roman. Il aurait \u00e9t\u00e9 judicieux de le pr\u00e9ciser sur le livre ou dans le r\u00e9sum\u00e9 mais comme souvent, ce n&rsquo;est pas le cas. En tous cas, j&rsquo;ai pass\u00e9 un doux moment de lecture avec Ella et Rose !\u00a0<\/span><\/p>\t\t\t\t\t\t\t\t<\/div>\n\t\t\t\t<\/div>\n\t\t\t\t<div class=\"elementor-element elementor-element-499c2d93 elementor-widget elementor-widget-heading\" data-id=\"499c2d93\" data-element_type=\"widget\" data-e-type=\"widget\" data-widget_type=\"heading.default\">\n\t\t\t\t<div class=\"elementor-widget-container\">\n\t\t\t\t\t<h4 class=\"elementor-heading-title elementor-size-medium\">Les autres romans d'Alia Cardyn<\/h4>\t\t\t\t<\/div>\n\t\t\t\t<\/div>\n\t\t\t\t<div class=\"elementor-element elementor-element-6903abbd elementor-widget elementor-widget-text-editor\" data-id=\"6903abbd\" data-element_type=\"widget\" data-e-type=\"widget\" data-widget_type=\"text-editor.default\">\n\t\t\t\t<div class=\"elementor-widget-container\">\n\t\t\t\t\t\t\t\t\t<p>Mes avis sur les autres romans d&rsquo;Alia Cardyn :\u00a0<\/p><ul><li><a href=\"https:\/\/sorbetkiwi.fr\/index.php\/archie-de-alia-cardyn\/\">Archie<\/a><\/li><li><a href=\"https:\/\/sorbetkiwi.fr\/index.php\/l-envol-de-alia-cardyn\/\">L&rsquo;envol<\/a><\/li><li><a href=\"https:\/\/sorbetkiwi.fr\/index.php\/le-choix-d-une-vie-de-alia-cardyn\/\">Le choix d&rsquo;une vie<\/a><\/li><li>Le monde que l&rsquo;on porte<\/li><li>Mademoiselle Papillon &#8211; \u00e0 transf\u00e9rer<\/li><li><a href=\"https:\/\/sorbetkiwi.fr\/index.php\/une-vie-a-t-attendre-de-alia-cardyn\/\">Une vie \u00e0 t&rsquo;attendre<\/a><\/li><\/ul>\t\t\t\t\t\t\t\t<\/div>\n\t\t\t\t<\/div>\n\t\t\t\t\t<\/div>\n\t\t<\/div>\n\t\t\t\t\t<\/div>\n\t\t<\/section>\n\t\t\t\t<\/div>\n\t\t","protected":false},"excerpt":{"rendered":"<p>Le monde que l&rsquo;on porte Alia Cardyn R\u00e9sum\u00e9 Dans la famille de Rose, les femmes r\u00e8gnent. Ce clan joyeux poss\u00e8de sa l\u00e9gende et ses traditions. De m\u00e8re en fille, elles sont accoucheuses. Le destin de &hellip; <\/p>\n","protected":false},"author":1,"featured_media":7495,"comment_status":"open","ping_status":"open","sticky":false,"template":"","format":"standard","meta":{"footnotes":""},"categories":[15,1],"tags":[667,698,220,29,1858,1227,1274,230],"class_list":["post-7494","post","type-post","status-publish","format-standard","has-post-thumbnail","hentry","category-l-automne","category-tout-le-blog","tag-alia-cardyn","tag-archie","tag-automne","tag-contemporain","tag-le-monde-que-lon-porte","tag-litterature-contemporaine","tag-robert-laffont","tag-roman-contemporain","has-single-img"],"yoast_head":"<!-- This site is optimized with the Yoast SEO plugin v27.4 - https:\/\/yoast.com\/product\/yoast-seo-wordpress\/ -->\n<title>Le monde que l&#039;on porte de Alia Cardyn - Sorbet Kiwi<\/title>\n<meta name=\"description\" content=\"Ma chronique du roman contemporain Le monde que l&#039;on porte de Alia Cardyn publi\u00e9 aux \u00e9ditions Robert Laffont en 2023.\" \/>\n<meta name=\"robots\" content=\"index, follow, max-snippet:-1, max-image-preview:large, max-video-preview:-1\" \/>\n<link rel=\"canonical\" href=\"https:\/\/sorbetkiwi.fr\/index.php\/le-monde-que-lon-porte-de-alia-cardyn\/\" \/>\n<meta property=\"og:locale\" content=\"fr_FR\" \/>\n<meta property=\"og:type\" content=\"article\" \/>\n<meta property=\"og:title\" content=\"Le monde que l&#039;on porte de Alia Cardyn - Sorbet Kiwi\" \/>\n<meta property=\"og:description\" content=\"Ma chronique du roman contemporain Le monde que l&#039;on porte de Alia Cardyn publi\u00e9 aux \u00e9ditions Robert Laffont en 2023.\" \/>\n<meta property=\"og:url\" content=\"https:\/\/sorbetkiwi.fr\/index.php\/le-monde-que-lon-porte-de-alia-cardyn\/\" \/>\n<meta property=\"og:site_name\" content=\"Sorbet Kiwi\" \/>\n<meta property=\"article:publisher\" content=\"https:\/\/www.facebook.com\/profile.php?id=100086238893269\" \/>\n<meta property=\"article:published_time\" content=\"2024-11-19T12:16:57+00:00\" \/>\n<meta property=\"article:modified_time\" content=\"2024-11-19T12:19:22+00:00\" \/>\n<meta property=\"og:image\" content=\"https:\/\/sorbetkiwi.fr\/wp-content\/uploads\/2024\/11\/Le-monde-que-lon-porte-Alia-Cardyn-1.jpg\" \/>\n\t<meta property=\"og:image:width\" content=\"1080\" \/>\n\t<meta property=\"og:image:height\" content=\"1440\" \/>\n\t<meta property=\"og:image:type\" content=\"image\/jpeg\" \/>\n<meta name=\"author\" content=\"Sorbet-Kiwi\" \/>\n<meta name=\"twitter:card\" content=\"summary_large_image\" \/>\n<meta name=\"twitter:creator\" content=\"@pepparshoes\" \/>\n<meta name=\"twitter:site\" content=\"@pepparshoes\" \/>\n<meta name=\"twitter:label1\" content=\"\u00c9crit par\" \/>\n\t<meta name=\"twitter:data1\" content=\"Sorbet-Kiwi\" \/>\n\t<meta name=\"twitter:label2\" content=\"Dur\u00e9e de lecture estim\u00e9e\" \/>\n\t<meta name=\"twitter:data2\" content=\"5 minutes\" \/>\n<script type=\"application\/ld+json\" class=\"yoast-schema-graph\">{\"@context\":\"https:\\\/\\\/schema.org\",\"@graph\":[{\"@type\":\"Article\",\"@id\":\"https:\\\/\\\/sorbetkiwi.fr\\\/index.php\\\/le-monde-que-lon-porte-de-alia-cardyn\\\/#article\",\"isPartOf\":{\"@id\":\"https:\\\/\\\/sorbetkiwi.fr\\\/index.php\\\/le-monde-que-lon-porte-de-alia-cardyn\\\/\"},\"author\":{\"name\":\"Sorbet-Kiwi\",\"@id\":\"https:\\\/\\\/sorbetkiwi.fr\\\/#\\\/schema\\\/person\\\/ed1b7b527a2957ddc3bf38b076540659\"},\"headline\":\"Le monde que l&rsquo;on porte de Alia Cardyn\",\"datePublished\":\"2024-11-19T12:16:57+00:00\",\"dateModified\":\"2024-11-19T12:19:22+00:00\",\"mainEntityOfPage\":{\"@id\":\"https:\\\/\\\/sorbetkiwi.fr\\\/index.php\\\/le-monde-que-lon-porte-de-alia-cardyn\\\/\"},\"wordCount\":947,\"commentCount\":0,\"publisher\":{\"@id\":\"https:\\\/\\\/sorbetkiwi.fr\\\/#organization\"},\"image\":{\"@id\":\"https:\\\/\\\/sorbetkiwi.fr\\\/index.php\\\/le-monde-que-lon-porte-de-alia-cardyn\\\/#primaryimage\"},\"thumbnailUrl\":\"https:\\\/\\\/sorbetkiwi.fr\\\/wp-content\\\/uploads\\\/2024\\\/11\\\/Le-monde-que-lon-porte-Alia-Cardyn-1.jpg\",\"keywords\":[\"Alia Cardyn\",\"Archie\",\"Automne\",\"Contemporain\",\"Le monde que l'on porte\",\"Litt\u00e9rature contemporaine\",\"Robert Laffont\",\"Roman contemporain\"],\"articleSection\":[\"L'automne\",\"Tout le blog\"],\"inLanguage\":\"fr-FR\",\"potentialAction\":[{\"@type\":\"CommentAction\",\"name\":\"Comment\",\"target\":[\"https:\\\/\\\/sorbetkiwi.fr\\\/index.php\\\/le-monde-que-lon-porte-de-alia-cardyn\\\/#respond\"]}]},{\"@type\":\"WebPage\",\"@id\":\"https:\\\/\\\/sorbetkiwi.fr\\\/index.php\\\/le-monde-que-lon-porte-de-alia-cardyn\\\/\",\"url\":\"https:\\\/\\\/sorbetkiwi.fr\\\/index.php\\\/le-monde-que-lon-porte-de-alia-cardyn\\\/\",\"name\":\"Le monde que l'on porte de Alia Cardyn - Sorbet Kiwi\",\"isPartOf\":{\"@id\":\"https:\\\/\\\/sorbetkiwi.fr\\\/#website\"},\"primaryImageOfPage\":{\"@id\":\"https:\\\/\\\/sorbetkiwi.fr\\\/index.php\\\/le-monde-que-lon-porte-de-alia-cardyn\\\/#primaryimage\"},\"image\":{\"@id\":\"https:\\\/\\\/sorbetkiwi.fr\\\/index.php\\\/le-monde-que-lon-porte-de-alia-cardyn\\\/#primaryimage\"},\"thumbnailUrl\":\"https:\\\/\\\/sorbetkiwi.fr\\\/wp-content\\\/uploads\\\/2024\\\/11\\\/Le-monde-que-lon-porte-Alia-Cardyn-1.jpg\",\"datePublished\":\"2024-11-19T12:16:57+00:00\",\"dateModified\":\"2024-11-19T12:19:22+00:00\",\"description\":\"Ma chronique du roman contemporain Le monde que l'on porte de Alia Cardyn publi\u00e9 aux \u00e9ditions Robert Laffont en 2023.\",\"breadcrumb\":{\"@id\":\"https:\\\/\\\/sorbetkiwi.fr\\\/index.php\\\/le-monde-que-lon-porte-de-alia-cardyn\\\/#breadcrumb\"},\"inLanguage\":\"fr-FR\",\"potentialAction\":[{\"@type\":\"ReadAction\",\"target\":[\"https:\\\/\\\/sorbetkiwi.fr\\\/index.php\\\/le-monde-que-lon-porte-de-alia-cardyn\\\/\"]}]},{\"@type\":\"ImageObject\",\"inLanguage\":\"fr-FR\",\"@id\":\"https:\\\/\\\/sorbetkiwi.fr\\\/index.php\\\/le-monde-que-lon-porte-de-alia-cardyn\\\/#primaryimage\",\"url\":\"https:\\\/\\\/sorbetkiwi.fr\\\/wp-content\\\/uploads\\\/2024\\\/11\\\/Le-monde-que-lon-porte-Alia-Cardyn-1.jpg\",\"contentUrl\":\"https:\\\/\\\/sorbetkiwi.fr\\\/wp-content\\\/uploads\\\/2024\\\/11\\\/Le-monde-que-lon-porte-Alia-Cardyn-1.jpg\",\"width\":1080,\"height\":1440,\"caption\":\"Le monde que l'on porte Alia Cardyn\"},{\"@type\":\"BreadcrumbList\",\"@id\":\"https:\\\/\\\/sorbetkiwi.fr\\\/index.php\\\/le-monde-que-lon-porte-de-alia-cardyn\\\/#breadcrumb\",\"itemListElement\":[{\"@type\":\"ListItem\",\"position\":1,\"name\":\"Accueil\",\"item\":\"https:\\\/\\\/sorbetkiwi.fr\\\/\"},{\"@type\":\"ListItem\",\"position\":2,\"name\":\"Le monde que l&rsquo;on porte de Alia Cardyn\"}]},{\"@type\":\"WebSite\",\"@id\":\"https:\\\/\\\/sorbetkiwi.fr\\\/#website\",\"url\":\"https:\\\/\\\/sorbetkiwi.fr\\\/\",\"name\":\"Sorbet Kiwi\",\"description\":\"Des lectures th\u00e9matiques par saison et les avis qui vont avec\",\"publisher\":{\"@id\":\"https:\\\/\\\/sorbetkiwi.fr\\\/#organization\"},\"potentialAction\":[{\"@type\":\"SearchAction\",\"target\":{\"@type\":\"EntryPoint\",\"urlTemplate\":\"https:\\\/\\\/sorbetkiwi.fr\\\/?s={search_term_string}\"},\"query-input\":{\"@type\":\"PropertyValueSpecification\",\"valueRequired\":true,\"valueName\":\"search_term_string\"}}],\"inLanguage\":\"fr-FR\"},{\"@type\":\"Organization\",\"@id\":\"https:\\\/\\\/sorbetkiwi.fr\\\/#organization\",\"name\":\"Sorbet Kiwi\",\"url\":\"https:\\\/\\\/sorbetkiwi.fr\\\/\",\"logo\":{\"@type\":\"ImageObject\",\"inLanguage\":\"fr-FR\",\"@id\":\"https:\\\/\\\/sorbetkiwi.fr\\\/#\\\/schema\\\/logo\\\/image\\\/\",\"url\":\"https:\\\/\\\/sorbetkiwi.fr\\\/wp-content\\\/uploads\\\/2022\\\/10\\\/Banniere-Sorbet-Kiwi-2022.jpg\",\"contentUrl\":\"https:\\\/\\\/sorbetkiwi.fr\\\/wp-content\\\/uploads\\\/2022\\\/10\\\/Banniere-Sorbet-Kiwi-2022.jpg\",\"width\":814,\"height\":401,\"caption\":\"Sorbet Kiwi\"},\"image\":{\"@id\":\"https:\\\/\\\/sorbetkiwi.fr\\\/#\\\/schema\\\/logo\\\/image\\\/\"},\"sameAs\":[\"https:\\\/\\\/www.facebook.com\\\/profile.php?id=100086238893269\",\"https:\\\/\\\/x.com\\\/pepparshoes\",\"https:\\\/\\\/www.instagram.com\\\/sorbetkiwi\\\/\",\"https:\\\/\\\/www.tiktok.com\\\/sorbetkiwi\"]},{\"@type\":\"Person\",\"@id\":\"https:\\\/\\\/sorbetkiwi.fr\\\/#\\\/schema\\\/person\\\/ed1b7b527a2957ddc3bf38b076540659\",\"name\":\"Sorbet-Kiwi\",\"image\":{\"@type\":\"ImageObject\",\"inLanguage\":\"fr-FR\",\"@id\":\"https:\\\/\\\/secure.gravatar.com\\\/avatar\\\/86f0a5c27d76317621b9e374d0f3a01d3a85278f10d0c7207ced4fd773057442?s=96&d=mm&r=g\",\"url\":\"https:\\\/\\\/secure.gravatar.com\\\/avatar\\\/86f0a5c27d76317621b9e374d0f3a01d3a85278f10d0c7207ced4fd773057442?s=96&d=mm&r=g\",\"contentUrl\":\"https:\\\/\\\/secure.gravatar.com\\\/avatar\\\/86f0a5c27d76317621b9e374d0f3a01d3a85278f10d0c7207ced4fd773057442?s=96&d=mm&r=g\",\"caption\":\"Sorbet-Kiwi\"},\"sameAs\":[\"http:\\\/\\\/sorbetkiwi.fr\"],\"url\":\"https:\\\/\\\/sorbetkiwi.fr\\\/index.php\\\/author\\\/admin7717\\\/\"}]}<\/script>\n<!-- \/ Yoast SEO plugin. -->","yoast_head_json":{"title":"Le monde que l'on porte de Alia Cardyn - Sorbet Kiwi","description":"Ma chronique du roman contemporain Le monde que l'on porte de Alia Cardyn publi\u00e9 aux \u00e9ditions Robert Laffont en 2023.","robots":{"index":"index","follow":"follow","max-snippet":"max-snippet:-1","max-image-preview":"max-image-preview:large","max-video-preview":"max-video-preview:-1"},"canonical":"https:\/\/sorbetkiwi.fr\/index.php\/le-monde-que-lon-porte-de-alia-cardyn\/","og_locale":"fr_FR","og_type":"article","og_title":"Le monde que l'on porte de Alia Cardyn - Sorbet Kiwi","og_description":"Ma chronique du roman contemporain Le monde que l'on porte de Alia Cardyn publi\u00e9 aux \u00e9ditions Robert Laffont en 2023.","og_url":"https:\/\/sorbetkiwi.fr\/index.php\/le-monde-que-lon-porte-de-alia-cardyn\/","og_site_name":"Sorbet Kiwi","article_publisher":"https:\/\/www.facebook.com\/profile.php?id=100086238893269","article_published_time":"2024-11-19T12:16:57+00:00","article_modified_time":"2024-11-19T12:19:22+00:00","og_image":[{"width":1080,"height":1440,"url":"https:\/\/sorbetkiwi.fr\/wp-content\/uploads\/2024\/11\/Le-monde-que-lon-porte-Alia-Cardyn-1.jpg","type":"image\/jpeg"}],"author":"Sorbet-Kiwi","twitter_card":"summary_large_image","twitter_creator":"@pepparshoes","twitter_site":"@pepparshoes","twitter_misc":{"\u00c9crit par":"Sorbet-Kiwi","Dur\u00e9e de lecture estim\u00e9e":"5 minutes"},"schema":{"@context":"https:\/\/schema.org","@graph":[{"@type":"Article","@id":"https:\/\/sorbetkiwi.fr\/index.php\/le-monde-que-lon-porte-de-alia-cardyn\/#article","isPartOf":{"@id":"https:\/\/sorbetkiwi.fr\/index.php\/le-monde-que-lon-porte-de-alia-cardyn\/"},"author":{"name":"Sorbet-Kiwi","@id":"https:\/\/sorbetkiwi.fr\/#\/schema\/person\/ed1b7b527a2957ddc3bf38b076540659"},"headline":"Le monde que l&rsquo;on porte de Alia Cardyn","datePublished":"2024-11-19T12:16:57+00:00","dateModified":"2024-11-19T12:19:22+00:00","mainEntityOfPage":{"@id":"https:\/\/sorbetkiwi.fr\/index.php\/le-monde-que-lon-porte-de-alia-cardyn\/"},"wordCount":947,"commentCount":0,"publisher":{"@id":"https:\/\/sorbetkiwi.fr\/#organization"},"image":{"@id":"https:\/\/sorbetkiwi.fr\/index.php\/le-monde-que-lon-porte-de-alia-cardyn\/#primaryimage"},"thumbnailUrl":"https:\/\/sorbetkiwi.fr\/wp-content\/uploads\/2024\/11\/Le-monde-que-lon-porte-Alia-Cardyn-1.jpg","keywords":["Alia Cardyn","Archie","Automne","Contemporain","Le monde que l'on porte","Litt\u00e9rature contemporaine","Robert Laffont","Roman contemporain"],"articleSection":["L'automne","Tout le blog"],"inLanguage":"fr-FR","potentialAction":[{"@type":"CommentAction","name":"Comment","target":["https:\/\/sorbetkiwi.fr\/index.php\/le-monde-que-lon-porte-de-alia-cardyn\/#respond"]}]},{"@type":"WebPage","@id":"https:\/\/sorbetkiwi.fr\/index.php\/le-monde-que-lon-porte-de-alia-cardyn\/","url":"https:\/\/sorbetkiwi.fr\/index.php\/le-monde-que-lon-porte-de-alia-cardyn\/","name":"Le monde que l'on porte de Alia Cardyn - Sorbet Kiwi","isPartOf":{"@id":"https:\/\/sorbetkiwi.fr\/#website"},"primaryImageOfPage":{"@id":"https:\/\/sorbetkiwi.fr\/index.php\/le-monde-que-lon-porte-de-alia-cardyn\/#primaryimage"},"image":{"@id":"https:\/\/sorbetkiwi.fr\/index.php\/le-monde-que-lon-porte-de-alia-cardyn\/#primaryimage"},"thumbnailUrl":"https:\/\/sorbetkiwi.fr\/wp-content\/uploads\/2024\/11\/Le-monde-que-lon-porte-Alia-Cardyn-1.jpg","datePublished":"2024-11-19T12:16:57+00:00","dateModified":"2024-11-19T12:19:22+00:00","description":"Ma chronique du roman contemporain Le monde que l'on porte de Alia Cardyn publi\u00e9 aux \u00e9ditions Robert Laffont en 2023.","breadcrumb":{"@id":"https:\/\/sorbetkiwi.fr\/index.php\/le-monde-que-lon-porte-de-alia-cardyn\/#breadcrumb"},"inLanguage":"fr-FR","potentialAction":[{"@type":"ReadAction","target":["https:\/\/sorbetkiwi.fr\/index.php\/le-monde-que-lon-porte-de-alia-cardyn\/"]}]},{"@type":"ImageObject","inLanguage":"fr-FR","@id":"https:\/\/sorbetkiwi.fr\/index.php\/le-monde-que-lon-porte-de-alia-cardyn\/#primaryimage","url":"https:\/\/sorbetkiwi.fr\/wp-content\/uploads\/2024\/11\/Le-monde-que-lon-porte-Alia-Cardyn-1.jpg","contentUrl":"https:\/\/sorbetkiwi.fr\/wp-content\/uploads\/2024\/11\/Le-monde-que-lon-porte-Alia-Cardyn-1.jpg","width":1080,"height":1440,"caption":"Le monde que l'on porte Alia Cardyn"},{"@type":"BreadcrumbList","@id":"https:\/\/sorbetkiwi.fr\/index.php\/le-monde-que-lon-porte-de-alia-cardyn\/#breadcrumb","itemListElement":[{"@type":"ListItem","position":1,"name":"Accueil","item":"https:\/\/sorbetkiwi.fr\/"},{"@type":"ListItem","position":2,"name":"Le monde que l&rsquo;on porte de Alia Cardyn"}]},{"@type":"WebSite","@id":"https:\/\/sorbetkiwi.fr\/#website","url":"https:\/\/sorbetkiwi.fr\/","name":"Sorbet Kiwi","description":"Des lectures th\u00e9matiques par saison et les avis qui vont avec","publisher":{"@id":"https:\/\/sorbetkiwi.fr\/#organization"},"potentialAction":[{"@type":"SearchAction","target":{"@type":"EntryPoint","urlTemplate":"https:\/\/sorbetkiwi.fr\/?s={search_term_string}"},"query-input":{"@type":"PropertyValueSpecification","valueRequired":true,"valueName":"search_term_string"}}],"inLanguage":"fr-FR"},{"@type":"Organization","@id":"https:\/\/sorbetkiwi.fr\/#organization","name":"Sorbet Kiwi","url":"https:\/\/sorbetkiwi.fr\/","logo":{"@type":"ImageObject","inLanguage":"fr-FR","@id":"https:\/\/sorbetkiwi.fr\/#\/schema\/logo\/image\/","url":"https:\/\/sorbetkiwi.fr\/wp-content\/uploads\/2022\/10\/Banniere-Sorbet-Kiwi-2022.jpg","contentUrl":"https:\/\/sorbetkiwi.fr\/wp-content\/uploads\/2022\/10\/Banniere-Sorbet-Kiwi-2022.jpg","width":814,"height":401,"caption":"Sorbet Kiwi"},"image":{"@id":"https:\/\/sorbetkiwi.fr\/#\/schema\/logo\/image\/"},"sameAs":["https:\/\/www.facebook.com\/profile.php?id=100086238893269","https:\/\/x.com\/pepparshoes","https:\/\/www.instagram.com\/sorbetkiwi\/","https:\/\/www.tiktok.com\/sorbetkiwi"]},{"@type":"Person","@id":"https:\/\/sorbetkiwi.fr\/#\/schema\/person\/ed1b7b527a2957ddc3bf38b076540659","name":"Sorbet-Kiwi","image":{"@type":"ImageObject","inLanguage":"fr-FR","@id":"https:\/\/secure.gravatar.com\/avatar\/86f0a5c27d76317621b9e374d0f3a01d3a85278f10d0c7207ced4fd773057442?s=96&d=mm&r=g","url":"https:\/\/secure.gravatar.com\/avatar\/86f0a5c27d76317621b9e374d0f3a01d3a85278f10d0c7207ced4fd773057442?s=96&d=mm&r=g","contentUrl":"https:\/\/secure.gravatar.com\/avatar\/86f0a5c27d76317621b9e374d0f3a01d3a85278f10d0c7207ced4fd773057442?s=96&d=mm&r=g","caption":"Sorbet-Kiwi"},"sameAs":["http:\/\/sorbetkiwi.fr"],"url":"https:\/\/sorbetkiwi.fr\/index.php\/author\/admin7717\/"}]}},"_links":{"self":[{"href":"https:\/\/sorbetkiwi.fr\/index.php\/wp-json\/wp\/v2\/posts\/7494","targetHints":{"allow":["GET"]}}],"collection":[{"href":"https:\/\/sorbetkiwi.fr\/index.php\/wp-json\/wp\/v2\/posts"}],"about":[{"href":"https:\/\/sorbetkiwi.fr\/index.php\/wp-json\/wp\/v2\/types\/post"}],"author":[{"embeddable":true,"href":"https:\/\/sorbetkiwi.fr\/index.php\/wp-json\/wp\/v2\/users\/1"}],"replies":[{"embeddable":true,"href":"https:\/\/sorbetkiwi.fr\/index.php\/wp-json\/wp\/v2\/comments?post=7494"}],"version-history":[{"count":7,"href":"https:\/\/sorbetkiwi.fr\/index.php\/wp-json\/wp\/v2\/posts\/7494\/revisions"}],"predecessor-version":[{"id":7502,"href":"https:\/\/sorbetkiwi.fr\/index.php\/wp-json\/wp\/v2\/posts\/7494\/revisions\/7502"}],"wp:featuredmedia":[{"embeddable":true,"href":"https:\/\/sorbetkiwi.fr\/index.php\/wp-json\/wp\/v2\/media\/7495"}],"wp:attachment":[{"href":"https:\/\/sorbetkiwi.fr\/index.php\/wp-json\/wp\/v2\/media?parent=7494"}],"wp:term":[{"taxonomy":"category","embeddable":true,"href":"https:\/\/sorbetkiwi.fr\/index.php\/wp-json\/wp\/v2\/categories?post=7494"},{"taxonomy":"post_tag","embeddable":true,"href":"https:\/\/sorbetkiwi.fr\/index.php\/wp-json\/wp\/v2\/tags?post=7494"}],"curies":[{"name":"wp","href":"https:\/\/api.w.org\/{rel}","templated":true}]}}