{"id":7429,"date":"2024-11-16T09:00:00","date_gmt":"2024-11-16T08:00:00","guid":{"rendered":"https:\/\/sorbetkiwi.fr\/?p=7429"},"modified":"2024-11-06T17:30:24","modified_gmt":"2024-11-06T16:30:24","slug":"ce-que-je-voudrais-transmettre-delie-buzyn","status":"publish","type":"post","link":"https:\/\/sorbetkiwi.fr\/index.php\/ce-que-je-voudrais-transmettre-delie-buzyn\/","title":{"rendered":"Ce que je voudrais transmettre d&rsquo;Elie Buzyn"},"content":{"rendered":"\t\t<div data-elementor-type=\"wp-post\" data-elementor-id=\"7429\" class=\"elementor elementor-7429\">\n\t\t\t\t\t\t<section class=\"elementor-section elementor-top-section elementor-element elementor-element-140a5c9b elementor-section-boxed elementor-section-height-default elementor-section-height-default\" data-id=\"140a5c9b\" data-element_type=\"section\" data-e-type=\"section\">\n\t\t\t\t\t\t<div class=\"elementor-container elementor-column-gap-default\">\n\t\t\t\t\t<div class=\"elementor-column elementor-col-100 elementor-top-column elementor-element elementor-element-4419ef8f\" data-id=\"4419ef8f\" data-element_type=\"column\" data-e-type=\"column\">\n\t\t\t<div class=\"elementor-widget-wrap elementor-element-populated\">\n\t\t\t\t\t\t<div class=\"elementor-element elementor-element-70aab4ae elementor-widget elementor-widget-heading\" data-id=\"70aab4ae\" data-element_type=\"widget\" data-e-type=\"widget\" data-widget_type=\"heading.default\">\n\t\t\t\t<div class=\"elementor-widget-container\">\n\t\t\t\t\t<h1 class=\"elementor-heading-title elementor-size-medium\">Ce que je voudrais transmettre Elie Buzyn<\/h1>\t\t\t\t<\/div>\n\t\t\t\t<\/div>\n\t\t\t\t<div class=\"elementor-element elementor-element-44ecb5e4 elementor-view-default elementor-widget elementor-widget-icon\" data-id=\"44ecb5e4\" data-element_type=\"widget\" data-e-type=\"widget\" data-widget_type=\"icon.default\">\n\t\t\t\t<div class=\"elementor-widget-container\">\n\t\t\t\t\t\t\t<div class=\"elementor-icon-wrapper\">\n\t\t\t<div class=\"elementor-icon\">\n\t\t\t<i aria-hidden=\"true\" class=\"fab fa-canadian-maple-leaf\"><\/i>\t\t\t<\/div>\n\t\t<\/div>\n\t\t\t\t\t\t<\/div>\n\t\t\t\t<\/div>\n\t\t\t\t<div class=\"elementor-element elementor-element-516c3f23 elementor-widget-divider--view-line elementor-widget elementor-widget-divider\" data-id=\"516c3f23\" data-element_type=\"widget\" data-e-type=\"widget\" data-widget_type=\"divider.default\">\n\t\t\t\t<div class=\"elementor-widget-container\">\n\t\t\t\t\t\t\t<div class=\"elementor-divider\">\n\t\t\t<span class=\"elementor-divider-separator\">\n\t\t\t\t\t\t<\/span>\n\t\t<\/div>\n\t\t\t\t\t\t<\/div>\n\t\t\t\t<\/div>\n\t\t\t\t<div class=\"elementor-element elementor-element-59d21402 elementor-widget elementor-widget-heading\" data-id=\"59d21402\" data-element_type=\"widget\" data-e-type=\"widget\" data-widget_type=\"heading.default\">\n\t\t\t\t<div class=\"elementor-widget-container\">\n\t\t\t\t\t<h2 class=\"elementor-heading-title elementor-size-medium\">R\u00e9sum\u00e9<\/h2>\t\t\t\t<\/div>\n\t\t\t\t<\/div>\n\t\t\t\t<div class=\"elementor-element elementor-element-4cc6e990 elementor-widget elementor-widget-text-editor\" data-id=\"4cc6e990\" data-element_type=\"widget\" data-e-type=\"widget\" data-widget_type=\"text-editor.default\">\n\t\t\t\t<div class=\"elementor-widget-container\">\n\t\t\t\t\t\t\t\t\t<p>\u00ab Quand les jeunes m\u2019interrogent, je leur r\u00e9ponds que le plus important est de s\u2019opposer activement, par la parole, \u00e0 toute tentative d\u2019ostracisme. Il faut s\u2019y opposer en se rappelant que nous sommes tous \u00e9gaux, que nous avons tous les m\u00eames droits, que nous pouvons tous vivre ensemble \u00e0 condition qu\u2019il y ait un respect mutuel. \u00bb Suite \u00e0 la parution de son premier ouvrage, <a href=\"https:\/\/sorbetkiwi.fr\/index.php\/javais-15-ans-delie-buzyn\/\">J\u2019avais 15 ans<\/a>, et aux r\u00e9actions des jeunes publics \u00e0 qui il raconte Auschwitz, \u00c9lie Buzyn a tenu \u00e0 revenir dans un entretien sur certains sujets qui lui paraissent d\u2019une cruelle actualit\u00e9. Pour que les g\u00e9n\u00e9rations d\u2019aujourd\u2019hui deviennent \u00e0 leur tour des t\u00e9moins du t\u00e9moin qu\u2019il est lui-m\u00eame et des garde-fous contre la haine et ses cons\u00e9quences.<\/p>\t\t\t\t\t\t\t\t<\/div>\n\t\t\t\t<\/div>\n\t\t\t\t<div class=\"elementor-element elementor-element-639080ff elementor-widget-divider--view-line elementor-widget elementor-widget-divider\" data-id=\"639080ff\" data-element_type=\"widget\" data-e-type=\"widget\" data-widget_type=\"divider.default\">\n\t\t\t\t<div class=\"elementor-widget-container\">\n\t\t\t\t\t\t\t<div class=\"elementor-divider\">\n\t\t\t<span class=\"elementor-divider-separator\">\n\t\t\t\t\t\t<\/span>\n\t\t<\/div>\n\t\t\t\t\t\t<\/div>\n\t\t\t\t<\/div>\n\t\t\t\t<div class=\"elementor-element elementor-element-337b69fa elementor-widget elementor-widget-heading\" data-id=\"337b69fa\" data-element_type=\"widget\" data-e-type=\"widget\" data-widget_type=\"heading.default\">\n\t\t\t\t<div class=\"elementor-widget-container\">\n\t\t\t\t\t<h2 class=\"elementor-heading-title elementor-size-medium\">R\u00e9sister<\/h2>\t\t\t\t<\/div>\n\t\t\t\t<\/div>\n\t\t\t\t<div class=\"elementor-element elementor-element-6d2d7b05 elementor-widget elementor-widget-text-editor\" data-id=\"6d2d7b05\" data-element_type=\"widget\" data-e-type=\"widget\" data-widget_type=\"text-editor.default\">\n\t\t\t\t<div class=\"elementor-widget-container\">\n\t\t\t\t\t\t\t\t\t<p>Ces entretiens dans Ce que je voudrais transmettre se divisent en plusieurs parties : <em>R\u00e9sister, Devenir, T\u00e9moigner\u00a0<\/em>et <em>Esp\u00e9rer<\/em>. Cette construction est int\u00e9ressante, puisque \u00c9lie Buzyn, \u00e0 90 ans, peut prendre du recul sur sa vie. Cet homme a v\u00e9cu le ghetto, les camps de concentration, la Shoah. Mais il ne se laisse pas d\u00e9finir par cela. Sa vie ne se r\u00e9sume pas \u00e0 \u00e7a. J\u2019ai trouv\u00e9 tr\u00e8s int\u00e9ressant que dans la partie <em>R\u00e9sister<\/em>, par exemple, il ne se cantonne pas \u00e0 parler de l\u2019horreur.\u00a0<\/p><p>Non, il r\u00e9siste en parlant de la beaut\u00e9 des souvenirs de sa famille en Pologne. Des valeurs de bont\u00e9s et ce qu\u2019il a appris de ses parents sur la parentalit\u00e9. Je trouve \u00e7a magnifique. \u00c9videmment, il parle aussi d\u2019Auschwitz, mais ce n\u2019est pas l\u2019essentiel de cette partie, dans laquelle il souligne l\u2019importance de g\u00e9n\u00e9rosit\u00e9. L\u00e0 o\u00f9 les nazis prenaient, les r\u00e9sistants donnaient, de tout leur c\u0153ur et avec les moyens qu\u2019ils avaient.<\/p>\t\t\t\t\t\t\t\t<\/div>\n\t\t\t\t<\/div>\n\t\t\t\t<div class=\"elementor-element elementor-element-42609732 elementor-widget-divider--view-line elementor-widget elementor-widget-divider\" data-id=\"42609732\" data-element_type=\"widget\" data-e-type=\"widget\" data-widget_type=\"divider.default\">\n\t\t\t\t<div class=\"elementor-widget-container\">\n\t\t\t\t\t\t\t<div class=\"elementor-divider\">\n\t\t\t<span class=\"elementor-divider-separator\">\n\t\t\t\t\t\t<\/span>\n\t\t<\/div>\n\t\t\t\t\t\t<\/div>\n\t\t\t\t<\/div>\n\t\t\t\t<div class=\"elementor-element elementor-element-55abddf0 elementor-widget elementor-widget-heading\" data-id=\"55abddf0\" data-element_type=\"widget\" data-e-type=\"widget\" data-widget_type=\"heading.default\">\n\t\t\t\t<div class=\"elementor-widget-container\">\n\t\t\t\t\t<h4 class=\"elementor-heading-title elementor-size-medium\">\u00ab Il faut toujours laisser sa place \u00e0 ce doute positif que l\u2019on appelle l\u2019espoir. \u00bb<\/h4>\t\t\t\t<\/div>\n\t\t\t\t<\/div>\n\t\t\t\t<div class=\"elementor-element elementor-element-347b1072 elementor-widget-divider--view-line elementor-widget elementor-widget-divider\" data-id=\"347b1072\" data-element_type=\"widget\" data-e-type=\"widget\" data-widget_type=\"divider.default\">\n\t\t\t\t<div class=\"elementor-widget-container\">\n\t\t\t\t\t\t\t<div class=\"elementor-divider\">\n\t\t\t<span class=\"elementor-divider-separator\">\n\t\t\t\t\t\t<\/span>\n\t\t<\/div>\n\t\t\t\t\t\t<\/div>\n\t\t\t\t<\/div>\n\t\t\t\t<div class=\"elementor-element elementor-element-40f6593a elementor-widget elementor-widget-heading\" data-id=\"40f6593a\" data-element_type=\"widget\" data-e-type=\"widget\" data-widget_type=\"heading.default\">\n\t\t\t\t<div class=\"elementor-widget-container\">\n\t\t\t\t\t<h2 class=\"elementor-heading-title elementor-size-medium\">Devenir<\/h2>\t\t\t\t<\/div>\n\t\t\t\t<\/div>\n\t\t\t\t<div class=\"elementor-element elementor-element-629438e5 elementor-widget elementor-widget-text-editor\" data-id=\"629438e5\" data-element_type=\"widget\" data-e-type=\"widget\" data-widget_type=\"text-editor.default\">\n\t\t\t\t<div class=\"elementor-widget-container\">\n\t\t\t\t\t\t\t\t\t<p>Dans la partie <em>Devenir<\/em>, \u00c9lie Buzyn nous parle de sa vie de m\u00e9decin et comment il en est arriv\u00e9 \u00e0 choisir cette voie. Mais il nous parle toujours encore beaucoup de parentalit\u00e9. On remarque tr\u00e8s vite que ses enfants sont une immense fiert\u00e9 pour lui, et qu\u2019il a beaucoup appris de ce r\u00f4le de p\u00e8re. J\u2019\u00e9tais tr\u00e8s touch\u00e9e par sa fa\u00e7on de parler de leur bonheur. Lorsque je suis face \u00e0 des personnes de la g\u00e9n\u00e9ration de mes grands-parents, j\u2019ai souvent l\u2019impression qu\u2019il est plus important pour eux de rentrer dans des cases norm\u00e9es que de chercher \u00e0 \u00eatre heureux et \u00e0 partager de l\u2019amour. Je n\u2019ai pas du tout ressentie cela en lisant Ce que je voudrais transmettre, et j\u2019admets que \u00e7a m\u2019a fait beaucoup de bien.<\/p>\t\t\t\t\t\t\t\t<\/div>\n\t\t\t\t<\/div>\n\t\t\t\t<div class=\"elementor-element elementor-element-35913395 elementor-widget-divider--view-line elementor-widget elementor-widget-divider\" data-id=\"35913395\" data-element_type=\"widget\" data-e-type=\"widget\" data-widget_type=\"divider.default\">\n\t\t\t\t<div class=\"elementor-widget-container\">\n\t\t\t\t\t\t\t<div class=\"elementor-divider\">\n\t\t\t<span class=\"elementor-divider-separator\">\n\t\t\t\t\t\t<\/span>\n\t\t<\/div>\n\t\t\t\t\t\t<\/div>\n\t\t\t\t<\/div>\n\t\t\t\t<div class=\"elementor-element elementor-element-16713d03 elementor-widget elementor-widget-heading\" data-id=\"16713d03\" data-element_type=\"widget\" data-e-type=\"widget\" data-widget_type=\"heading.default\">\n\t\t\t\t<div class=\"elementor-widget-container\">\n\t\t\t\t\t<h2 class=\"elementor-heading-title elementor-size-medium\">T\u00e9moigner et esp\u00e9rer<\/h2>\t\t\t\t<\/div>\n\t\t\t\t<\/div>\n\t\t\t\t<div class=\"elementor-element elementor-element-68a2efd5 elementor-widget elementor-widget-text-editor\" data-id=\"68a2efd5\" data-element_type=\"widget\" data-e-type=\"widget\" data-widget_type=\"text-editor.default\">\n\t\t\t\t<div class=\"elementor-widget-container\">\n\t\t\t\t\t\t\t\t\t<p>Les deux derni\u00e8res parties sont les plus courtes, et pourtant, c\u2019est dans <em>T\u00e9moigner<\/em> que l\u2019auteur parle le plus des camps de concentration. Il fait des constats qui m\u2019ont interpell\u00e9s, notamment au sujet de l\u2019antis\u00e9mitisme. En r\u00e9alit\u00e9, en refermant ce livre, je consid\u00e8re l\u2019auteur comme un philosophe. Il ne juge personne, il accepte les croyances de tous, et laisse le droit \u00e0 chacun de r\u00e9fl\u00e9chir, et se laisse lui-m\u00eame le droit d\u2019apprendre. Je crois que c\u2019est ce qui m\u2019a le plus marqu\u00e9. Il se permet encore d\u2019int\u00e9grer de nouvelles notions, de nouvelles visions que lui apporte la jeunesse, et j\u2019ai beaucoup aim\u00e9 cela. Barbara Astruc, l\u2019\u00e9ditrice qui interview \u00c9lie Buzyn, dit quelque chose d\u2019int\u00e9ressant dans la derni\u00e8re partie : \u00ab\u00a0<em>Le d\u00e9passement de soi, c\u2019est ce qui vous caract\u00e9rise, \u00c9lie<\/em>.\u00a0\u00bb et je crois que cela conclue parfaitement ces entretiens.<\/p><p>Ce que je retiens de Ce que je voudrais transmettre, c\u2019est que tout est li\u00e9 dans une vie. Un \u00e9v\u00e9nement tr\u00e8s important et tragique va forc\u00e9ment influer sur toute notre existence, mais est-ce que cela nous d\u00e9finit ? Pas forc\u00e9ment.<\/p><p>Cette chronique a initialement \u00e9t\u00e9 publi\u00e9e sur <a href=\"https:\/\/sorbetkiwi.wordpress.com\/2019\/04\/29\/ce-que-je-voudrais-transmettre-lettre-aux-jeunes-generations-entretiens-avec-elie-buzyn\/\">mon ancien blog<\/a>.<\/p>\t\t\t\t\t\t\t\t<\/div>\n\t\t\t\t<\/div>\n\t\t\t\t<div class=\"elementor-element elementor-element-40ec58fe elementor-widget elementor-widget-heading\" data-id=\"40ec58fe\" data-element_type=\"widget\" data-e-type=\"widget\" data-widget_type=\"heading.default\">\n\t\t\t\t<div class=\"elementor-widget-container\">\n\t\t\t\t\t<h4 class=\"elementor-heading-title elementor-size-medium\">Les r\u00e9cits d'Elie Buzyn\n<\/h4>\t\t\t\t<\/div>\n\t\t\t\t<\/div>\n\t\t\t\t<div class=\"elementor-element elementor-element-2969f0e5 elementor-widget elementor-widget-text-editor\" data-id=\"2969f0e5\" data-element_type=\"widget\" data-e-type=\"widget\" data-widget_type=\"text-editor.default\">\n\t\t\t\t<div class=\"elementor-widget-container\">\n\t\t\t\t\t\t\t\t\t<p>Mes avis sur les livres d\u2019<a href=\"https:\/\/www.livraddict.com\/biblio\/auteur\/elie-buzyn.html\">Elie Buzyn<\/a> :\u00a0<\/p><ul><li><a href=\"https:\/\/sorbetkiwi.fr\/index.php\/javais-15-ans-delie-buzyn\/\">J\u2019avais 15 ans : vivre, survivre, revivre<\/a><\/li><li>Ce que je voudrais transmettre<\/li><\/ul>\t\t\t\t\t\t\t\t<\/div>\n\t\t\t\t<\/div>\n\t\t\t\t\t<\/div>\n\t\t<\/div>\n\t\t\t\t\t<\/div>\n\t\t<\/section>\n\t\t\t\t<\/div>\n\t\t","protected":false},"excerpt":{"rendered":"<p>Ce que je voudrais transmettre Elie Buzyn R\u00e9sum\u00e9 \u00ab Quand les jeunes m\u2019interrogent, je leur r\u00e9ponds que le plus important est de s\u2019opposer activement, par la parole, \u00e0 toute tentative d\u2019ostracisme. Il faut s\u2019y opposer &hellip; <\/p>\n","protected":false},"author":1,"featured_media":7430,"comment_status":"open","ping_status":"open","sticky":false,"template":"","format":"standard","meta":{"footnotes":""},"categories":[15,8,1],"tags":[1804,220,1824,1802,1797,1803,1825,589],"class_list":["post-7429","post","type-post","status-publish","format-standard","has-post-thumbnail","hentry","category-l-automne","category-partenariats","category-tout-le-blog","tag-auschwitz","tag-automne","tag-ce-que-je-voudrais-transmettre","tag-editions-alisio","tag-elie-buzyn","tag-holocauste","tag-lettre-aux-jeunes-generations","tag-temoignage","has-single-img"],"yoast_head":"<!-- This site is optimized with the Yoast SEO plugin v27.4 - https:\/\/yoast.com\/product\/yoast-seo-wordpress\/ -->\n<title>Ce que je voudrais transmettre d&#039;Elie Buzyn - Sorbet Kiwi<\/title>\n<meta name=\"description\" content=\"Transfert de ma chronique du t\u00e9moignage Ce que je voudrais transmettre : Lettre aux jeunes g\u00e9n\u00e9rations d&#039;Elie Buzyn aux \u00e9ditions Alisio.\" \/>\n<meta name=\"robots\" content=\"index, follow, max-snippet:-1, max-image-preview:large, max-video-preview:-1\" \/>\n<link rel=\"canonical\" href=\"https:\/\/sorbetkiwi.fr\/index.php\/ce-que-je-voudrais-transmettre-delie-buzyn\/\" \/>\n<meta property=\"og:locale\" content=\"fr_FR\" \/>\n<meta property=\"og:type\" content=\"article\" \/>\n<meta property=\"og:title\" content=\"Ce que je voudrais transmettre d&#039;Elie Buzyn - Sorbet Kiwi\" \/>\n<meta property=\"og:description\" content=\"Transfert de ma chronique du t\u00e9moignage Ce que je voudrais transmettre : Lettre aux jeunes g\u00e9n\u00e9rations d&#039;Elie Buzyn aux \u00e9ditions Alisio.\" \/>\n<meta property=\"og:url\" content=\"https:\/\/sorbetkiwi.fr\/index.php\/ce-que-je-voudrais-transmettre-delie-buzyn\/\" \/>\n<meta property=\"og:site_name\" content=\"Sorbet Kiwi\" \/>\n<meta property=\"article:publisher\" content=\"https:\/\/www.facebook.com\/profile.php?id=100086238893269\" \/>\n<meta property=\"article:published_time\" content=\"2024-11-16T08:00:00+00:00\" \/>\n<meta property=\"og:image\" content=\"https:\/\/sorbetkiwi.fr\/wp-content\/uploads\/2024\/11\/Ce-que-je-voudrais-transmettre-Elie-Buzyn.jpg\" \/>\n\t<meta property=\"og:image:width\" content=\"1080\" \/>\n\t<meta property=\"og:image:height\" content=\"1440\" \/>\n\t<meta property=\"og:image:type\" content=\"image\/jpeg\" \/>\n<meta name=\"author\" content=\"Sorbet-Kiwi\" \/>\n<meta name=\"twitter:card\" content=\"summary_large_image\" \/>\n<meta name=\"twitter:creator\" content=\"@pepparshoes\" \/>\n<meta name=\"twitter:site\" content=\"@pepparshoes\" \/>\n<meta name=\"twitter:label1\" content=\"\u00c9crit par\" \/>\n\t<meta name=\"twitter:data1\" content=\"Sorbet-Kiwi\" \/>\n\t<meta name=\"twitter:label2\" content=\"Dur\u00e9e de lecture estim\u00e9e\" \/>\n\t<meta name=\"twitter:data2\" content=\"4 minutes\" \/>\n<script type=\"application\/ld+json\" class=\"yoast-schema-graph\">{\"@context\":\"https:\\\/\\\/schema.org\",\"@graph\":[{\"@type\":\"Article\",\"@id\":\"https:\\\/\\\/sorbetkiwi.fr\\\/index.php\\\/ce-que-je-voudrais-transmettre-delie-buzyn\\\/#article\",\"isPartOf\":{\"@id\":\"https:\\\/\\\/sorbetkiwi.fr\\\/index.php\\\/ce-que-je-voudrais-transmettre-delie-buzyn\\\/\"},\"author\":{\"name\":\"Sorbet-Kiwi\",\"@id\":\"https:\\\/\\\/sorbetkiwi.fr\\\/#\\\/schema\\\/person\\\/ed1b7b527a2957ddc3bf38b076540659\"},\"headline\":\"Ce que je voudrais transmettre d&rsquo;Elie Buzyn\",\"datePublished\":\"2024-11-16T08:00:00+00:00\",\"mainEntityOfPage\":{\"@id\":\"https:\\\/\\\/sorbetkiwi.fr\\\/index.php\\\/ce-que-je-voudrais-transmettre-delie-buzyn\\\/\"},\"wordCount\":734,\"commentCount\":1,\"publisher\":{\"@id\":\"https:\\\/\\\/sorbetkiwi.fr\\\/#organization\"},\"image\":{\"@id\":\"https:\\\/\\\/sorbetkiwi.fr\\\/index.php\\\/ce-que-je-voudrais-transmettre-delie-buzyn\\\/#primaryimage\"},\"thumbnailUrl\":\"https:\\\/\\\/sorbetkiwi.fr\\\/wp-content\\\/uploads\\\/2024\\\/11\\\/Ce-que-je-voudrais-transmettre-Elie-Buzyn.jpg\",\"keywords\":[\"Auschwitz\",\"Automne\",\"Ce que je voudrais transmettre\",\"Editions Alisio\",\"Elie Buzyn\",\"Holocauste\",\"Lettre aux jeunes g\u00e9n\u00e9rations\",\"T\u00e9moignage\"],\"articleSection\":[\"L'automne\",\"Partenariats\",\"Tout le blog\"],\"inLanguage\":\"fr-FR\",\"potentialAction\":[{\"@type\":\"CommentAction\",\"name\":\"Comment\",\"target\":[\"https:\\\/\\\/sorbetkiwi.fr\\\/index.php\\\/ce-que-je-voudrais-transmettre-delie-buzyn\\\/#respond\"]}]},{\"@type\":\"WebPage\",\"@id\":\"https:\\\/\\\/sorbetkiwi.fr\\\/index.php\\\/ce-que-je-voudrais-transmettre-delie-buzyn\\\/\",\"url\":\"https:\\\/\\\/sorbetkiwi.fr\\\/index.php\\\/ce-que-je-voudrais-transmettre-delie-buzyn\\\/\",\"name\":\"Ce que je voudrais transmettre d'Elie Buzyn - Sorbet Kiwi\",\"isPartOf\":{\"@id\":\"https:\\\/\\\/sorbetkiwi.fr\\\/#website\"},\"primaryImageOfPage\":{\"@id\":\"https:\\\/\\\/sorbetkiwi.fr\\\/index.php\\\/ce-que-je-voudrais-transmettre-delie-buzyn\\\/#primaryimage\"},\"image\":{\"@id\":\"https:\\\/\\\/sorbetkiwi.fr\\\/index.php\\\/ce-que-je-voudrais-transmettre-delie-buzyn\\\/#primaryimage\"},\"thumbnailUrl\":\"https:\\\/\\\/sorbetkiwi.fr\\\/wp-content\\\/uploads\\\/2024\\\/11\\\/Ce-que-je-voudrais-transmettre-Elie-Buzyn.jpg\",\"datePublished\":\"2024-11-16T08:00:00+00:00\",\"description\":\"Transfert de ma chronique du t\u00e9moignage Ce que je voudrais transmettre : Lettre aux jeunes g\u00e9n\u00e9rations d'Elie Buzyn aux \u00e9ditions Alisio.\",\"breadcrumb\":{\"@id\":\"https:\\\/\\\/sorbetkiwi.fr\\\/index.php\\\/ce-que-je-voudrais-transmettre-delie-buzyn\\\/#breadcrumb\"},\"inLanguage\":\"fr-FR\",\"potentialAction\":[{\"@type\":\"ReadAction\",\"target\":[\"https:\\\/\\\/sorbetkiwi.fr\\\/index.php\\\/ce-que-je-voudrais-transmettre-delie-buzyn\\\/\"]}]},{\"@type\":\"ImageObject\",\"inLanguage\":\"fr-FR\",\"@id\":\"https:\\\/\\\/sorbetkiwi.fr\\\/index.php\\\/ce-que-je-voudrais-transmettre-delie-buzyn\\\/#primaryimage\",\"url\":\"https:\\\/\\\/sorbetkiwi.fr\\\/wp-content\\\/uploads\\\/2024\\\/11\\\/Ce-que-je-voudrais-transmettre-Elie-Buzyn.jpg\",\"contentUrl\":\"https:\\\/\\\/sorbetkiwi.fr\\\/wp-content\\\/uploads\\\/2024\\\/11\\\/Ce-que-je-voudrais-transmettre-Elie-Buzyn.jpg\",\"width\":1080,\"height\":1440,\"caption\":\"Ce que je voudrais transmettre Elie Buzyn\"},{\"@type\":\"BreadcrumbList\",\"@id\":\"https:\\\/\\\/sorbetkiwi.fr\\\/index.php\\\/ce-que-je-voudrais-transmettre-delie-buzyn\\\/#breadcrumb\",\"itemListElement\":[{\"@type\":\"ListItem\",\"position\":1,\"name\":\"Accueil\",\"item\":\"https:\\\/\\\/sorbetkiwi.fr\\\/\"},{\"@type\":\"ListItem\",\"position\":2,\"name\":\"Ce que je voudrais transmettre d&rsquo;Elie Buzyn\"}]},{\"@type\":\"WebSite\",\"@id\":\"https:\\\/\\\/sorbetkiwi.fr\\\/#website\",\"url\":\"https:\\\/\\\/sorbetkiwi.fr\\\/\",\"name\":\"Sorbet Kiwi\",\"description\":\"Des lectures th\u00e9matiques par saison et les avis qui vont avec\",\"publisher\":{\"@id\":\"https:\\\/\\\/sorbetkiwi.fr\\\/#organization\"},\"potentialAction\":[{\"@type\":\"SearchAction\",\"target\":{\"@type\":\"EntryPoint\",\"urlTemplate\":\"https:\\\/\\\/sorbetkiwi.fr\\\/?s={search_term_string}\"},\"query-input\":{\"@type\":\"PropertyValueSpecification\",\"valueRequired\":true,\"valueName\":\"search_term_string\"}}],\"inLanguage\":\"fr-FR\"},{\"@type\":\"Organization\",\"@id\":\"https:\\\/\\\/sorbetkiwi.fr\\\/#organization\",\"name\":\"Sorbet Kiwi\",\"url\":\"https:\\\/\\\/sorbetkiwi.fr\\\/\",\"logo\":{\"@type\":\"ImageObject\",\"inLanguage\":\"fr-FR\",\"@id\":\"https:\\\/\\\/sorbetkiwi.fr\\\/#\\\/schema\\\/logo\\\/image\\\/\",\"url\":\"https:\\\/\\\/sorbetkiwi.fr\\\/wp-content\\\/uploads\\\/2022\\\/10\\\/Banniere-Sorbet-Kiwi-2022.jpg\",\"contentUrl\":\"https:\\\/\\\/sorbetkiwi.fr\\\/wp-content\\\/uploads\\\/2022\\\/10\\\/Banniere-Sorbet-Kiwi-2022.jpg\",\"width\":814,\"height\":401,\"caption\":\"Sorbet Kiwi\"},\"image\":{\"@id\":\"https:\\\/\\\/sorbetkiwi.fr\\\/#\\\/schema\\\/logo\\\/image\\\/\"},\"sameAs\":[\"https:\\\/\\\/www.facebook.com\\\/profile.php?id=100086238893269\",\"https:\\\/\\\/x.com\\\/pepparshoes\",\"https:\\\/\\\/www.instagram.com\\\/sorbetkiwi\\\/\",\"https:\\\/\\\/www.tiktok.com\\\/sorbetkiwi\"]},{\"@type\":\"Person\",\"@id\":\"https:\\\/\\\/sorbetkiwi.fr\\\/#\\\/schema\\\/person\\\/ed1b7b527a2957ddc3bf38b076540659\",\"name\":\"Sorbet-Kiwi\",\"image\":{\"@type\":\"ImageObject\",\"inLanguage\":\"fr-FR\",\"@id\":\"https:\\\/\\\/secure.gravatar.com\\\/avatar\\\/86f0a5c27d76317621b9e374d0f3a01d3a85278f10d0c7207ced4fd773057442?s=96&d=mm&r=g\",\"url\":\"https:\\\/\\\/secure.gravatar.com\\\/avatar\\\/86f0a5c27d76317621b9e374d0f3a01d3a85278f10d0c7207ced4fd773057442?s=96&d=mm&r=g\",\"contentUrl\":\"https:\\\/\\\/secure.gravatar.com\\\/avatar\\\/86f0a5c27d76317621b9e374d0f3a01d3a85278f10d0c7207ced4fd773057442?s=96&d=mm&r=g\",\"caption\":\"Sorbet-Kiwi\"},\"sameAs\":[\"http:\\\/\\\/sorbetkiwi.fr\"],\"url\":\"https:\\\/\\\/sorbetkiwi.fr\\\/index.php\\\/author\\\/admin7717\\\/\"}]}<\/script>\n<!-- \/ Yoast SEO plugin. -->","yoast_head_json":{"title":"Ce que je voudrais transmettre d'Elie Buzyn - Sorbet Kiwi","description":"Transfert de ma chronique du t\u00e9moignage Ce que je voudrais transmettre : Lettre aux jeunes g\u00e9n\u00e9rations d'Elie Buzyn aux \u00e9ditions Alisio.","robots":{"index":"index","follow":"follow","max-snippet":"max-snippet:-1","max-image-preview":"max-image-preview:large","max-video-preview":"max-video-preview:-1"},"canonical":"https:\/\/sorbetkiwi.fr\/index.php\/ce-que-je-voudrais-transmettre-delie-buzyn\/","og_locale":"fr_FR","og_type":"article","og_title":"Ce que je voudrais transmettre d'Elie Buzyn - Sorbet Kiwi","og_description":"Transfert de ma chronique du t\u00e9moignage Ce que je voudrais transmettre : Lettre aux jeunes g\u00e9n\u00e9rations d'Elie Buzyn aux \u00e9ditions Alisio.","og_url":"https:\/\/sorbetkiwi.fr\/index.php\/ce-que-je-voudrais-transmettre-delie-buzyn\/","og_site_name":"Sorbet Kiwi","article_publisher":"https:\/\/www.facebook.com\/profile.php?id=100086238893269","article_published_time":"2024-11-16T08:00:00+00:00","og_image":[{"width":1080,"height":1440,"url":"https:\/\/sorbetkiwi.fr\/wp-content\/uploads\/2024\/11\/Ce-que-je-voudrais-transmettre-Elie-Buzyn.jpg","type":"image\/jpeg"}],"author":"Sorbet-Kiwi","twitter_card":"summary_large_image","twitter_creator":"@pepparshoes","twitter_site":"@pepparshoes","twitter_misc":{"\u00c9crit par":"Sorbet-Kiwi","Dur\u00e9e de lecture estim\u00e9e":"4 minutes"},"schema":{"@context":"https:\/\/schema.org","@graph":[{"@type":"Article","@id":"https:\/\/sorbetkiwi.fr\/index.php\/ce-que-je-voudrais-transmettre-delie-buzyn\/#article","isPartOf":{"@id":"https:\/\/sorbetkiwi.fr\/index.php\/ce-que-je-voudrais-transmettre-delie-buzyn\/"},"author":{"name":"Sorbet-Kiwi","@id":"https:\/\/sorbetkiwi.fr\/#\/schema\/person\/ed1b7b527a2957ddc3bf38b076540659"},"headline":"Ce que je voudrais transmettre d&rsquo;Elie Buzyn","datePublished":"2024-11-16T08:00:00+00:00","mainEntityOfPage":{"@id":"https:\/\/sorbetkiwi.fr\/index.php\/ce-que-je-voudrais-transmettre-delie-buzyn\/"},"wordCount":734,"commentCount":1,"publisher":{"@id":"https:\/\/sorbetkiwi.fr\/#organization"},"image":{"@id":"https:\/\/sorbetkiwi.fr\/index.php\/ce-que-je-voudrais-transmettre-delie-buzyn\/#primaryimage"},"thumbnailUrl":"https:\/\/sorbetkiwi.fr\/wp-content\/uploads\/2024\/11\/Ce-que-je-voudrais-transmettre-Elie-Buzyn.jpg","keywords":["Auschwitz","Automne","Ce que je voudrais transmettre","Editions Alisio","Elie Buzyn","Holocauste","Lettre aux jeunes g\u00e9n\u00e9rations","T\u00e9moignage"],"articleSection":["L'automne","Partenariats","Tout le blog"],"inLanguage":"fr-FR","potentialAction":[{"@type":"CommentAction","name":"Comment","target":["https:\/\/sorbetkiwi.fr\/index.php\/ce-que-je-voudrais-transmettre-delie-buzyn\/#respond"]}]},{"@type":"WebPage","@id":"https:\/\/sorbetkiwi.fr\/index.php\/ce-que-je-voudrais-transmettre-delie-buzyn\/","url":"https:\/\/sorbetkiwi.fr\/index.php\/ce-que-je-voudrais-transmettre-delie-buzyn\/","name":"Ce que je voudrais transmettre d'Elie Buzyn - Sorbet Kiwi","isPartOf":{"@id":"https:\/\/sorbetkiwi.fr\/#website"},"primaryImageOfPage":{"@id":"https:\/\/sorbetkiwi.fr\/index.php\/ce-que-je-voudrais-transmettre-delie-buzyn\/#primaryimage"},"image":{"@id":"https:\/\/sorbetkiwi.fr\/index.php\/ce-que-je-voudrais-transmettre-delie-buzyn\/#primaryimage"},"thumbnailUrl":"https:\/\/sorbetkiwi.fr\/wp-content\/uploads\/2024\/11\/Ce-que-je-voudrais-transmettre-Elie-Buzyn.jpg","datePublished":"2024-11-16T08:00:00+00:00","description":"Transfert de ma chronique du t\u00e9moignage Ce que je voudrais transmettre : Lettre aux jeunes g\u00e9n\u00e9rations d'Elie Buzyn aux \u00e9ditions Alisio.","breadcrumb":{"@id":"https:\/\/sorbetkiwi.fr\/index.php\/ce-que-je-voudrais-transmettre-delie-buzyn\/#breadcrumb"},"inLanguage":"fr-FR","potentialAction":[{"@type":"ReadAction","target":["https:\/\/sorbetkiwi.fr\/index.php\/ce-que-je-voudrais-transmettre-delie-buzyn\/"]}]},{"@type":"ImageObject","inLanguage":"fr-FR","@id":"https:\/\/sorbetkiwi.fr\/index.php\/ce-que-je-voudrais-transmettre-delie-buzyn\/#primaryimage","url":"https:\/\/sorbetkiwi.fr\/wp-content\/uploads\/2024\/11\/Ce-que-je-voudrais-transmettre-Elie-Buzyn.jpg","contentUrl":"https:\/\/sorbetkiwi.fr\/wp-content\/uploads\/2024\/11\/Ce-que-je-voudrais-transmettre-Elie-Buzyn.jpg","width":1080,"height":1440,"caption":"Ce que je voudrais transmettre Elie Buzyn"},{"@type":"BreadcrumbList","@id":"https:\/\/sorbetkiwi.fr\/index.php\/ce-que-je-voudrais-transmettre-delie-buzyn\/#breadcrumb","itemListElement":[{"@type":"ListItem","position":1,"name":"Accueil","item":"https:\/\/sorbetkiwi.fr\/"},{"@type":"ListItem","position":2,"name":"Ce que je voudrais transmettre d&rsquo;Elie Buzyn"}]},{"@type":"WebSite","@id":"https:\/\/sorbetkiwi.fr\/#website","url":"https:\/\/sorbetkiwi.fr\/","name":"Sorbet Kiwi","description":"Des lectures th\u00e9matiques par saison et les avis qui vont avec","publisher":{"@id":"https:\/\/sorbetkiwi.fr\/#organization"},"potentialAction":[{"@type":"SearchAction","target":{"@type":"EntryPoint","urlTemplate":"https:\/\/sorbetkiwi.fr\/?s={search_term_string}"},"query-input":{"@type":"PropertyValueSpecification","valueRequired":true,"valueName":"search_term_string"}}],"inLanguage":"fr-FR"},{"@type":"Organization","@id":"https:\/\/sorbetkiwi.fr\/#organization","name":"Sorbet Kiwi","url":"https:\/\/sorbetkiwi.fr\/","logo":{"@type":"ImageObject","inLanguage":"fr-FR","@id":"https:\/\/sorbetkiwi.fr\/#\/schema\/logo\/image\/","url":"https:\/\/sorbetkiwi.fr\/wp-content\/uploads\/2022\/10\/Banniere-Sorbet-Kiwi-2022.jpg","contentUrl":"https:\/\/sorbetkiwi.fr\/wp-content\/uploads\/2022\/10\/Banniere-Sorbet-Kiwi-2022.jpg","width":814,"height":401,"caption":"Sorbet Kiwi"},"image":{"@id":"https:\/\/sorbetkiwi.fr\/#\/schema\/logo\/image\/"},"sameAs":["https:\/\/www.facebook.com\/profile.php?id=100086238893269","https:\/\/x.com\/pepparshoes","https:\/\/www.instagram.com\/sorbetkiwi\/","https:\/\/www.tiktok.com\/sorbetkiwi"]},{"@type":"Person","@id":"https:\/\/sorbetkiwi.fr\/#\/schema\/person\/ed1b7b527a2957ddc3bf38b076540659","name":"Sorbet-Kiwi","image":{"@type":"ImageObject","inLanguage":"fr-FR","@id":"https:\/\/secure.gravatar.com\/avatar\/86f0a5c27d76317621b9e374d0f3a01d3a85278f10d0c7207ced4fd773057442?s=96&d=mm&r=g","url":"https:\/\/secure.gravatar.com\/avatar\/86f0a5c27d76317621b9e374d0f3a01d3a85278f10d0c7207ced4fd773057442?s=96&d=mm&r=g","contentUrl":"https:\/\/secure.gravatar.com\/avatar\/86f0a5c27d76317621b9e374d0f3a01d3a85278f10d0c7207ced4fd773057442?s=96&d=mm&r=g","caption":"Sorbet-Kiwi"},"sameAs":["http:\/\/sorbetkiwi.fr"],"url":"https:\/\/sorbetkiwi.fr\/index.php\/author\/admin7717\/"}]}},"_links":{"self":[{"href":"https:\/\/sorbetkiwi.fr\/index.php\/wp-json\/wp\/v2\/posts\/7429","targetHints":{"allow":["GET"]}}],"collection":[{"href":"https:\/\/sorbetkiwi.fr\/index.php\/wp-json\/wp\/v2\/posts"}],"about":[{"href":"https:\/\/sorbetkiwi.fr\/index.php\/wp-json\/wp\/v2\/types\/post"}],"author":[{"embeddable":true,"href":"https:\/\/sorbetkiwi.fr\/index.php\/wp-json\/wp\/v2\/users\/1"}],"replies":[{"embeddable":true,"href":"https:\/\/sorbetkiwi.fr\/index.php\/wp-json\/wp\/v2\/comments?post=7429"}],"version-history":[{"count":4,"href":"https:\/\/sorbetkiwi.fr\/index.php\/wp-json\/wp\/v2\/posts\/7429\/revisions"}],"predecessor-version":[{"id":7434,"href":"https:\/\/sorbetkiwi.fr\/index.php\/wp-json\/wp\/v2\/posts\/7429\/revisions\/7434"}],"wp:featuredmedia":[{"embeddable":true,"href":"https:\/\/sorbetkiwi.fr\/index.php\/wp-json\/wp\/v2\/media\/7430"}],"wp:attachment":[{"href":"https:\/\/sorbetkiwi.fr\/index.php\/wp-json\/wp\/v2\/media?parent=7429"}],"wp:term":[{"taxonomy":"category","embeddable":true,"href":"https:\/\/sorbetkiwi.fr\/index.php\/wp-json\/wp\/v2\/categories?post=7429"},{"taxonomy":"post_tag","embeddable":true,"href":"https:\/\/sorbetkiwi.fr\/index.php\/wp-json\/wp\/v2\/tags?post=7429"}],"curies":[{"name":"wp","href":"https:\/\/api.w.org\/{rel}","templated":true}]}}