{"id":7380,"date":"2024-11-07T08:30:00","date_gmt":"2024-11-07T07:30:00","guid":{"rendered":"https:\/\/sorbetkiwi.fr\/?p=7380"},"modified":"2024-11-05T15:31:11","modified_gmt":"2024-11-05T14:31:11","slug":"le-parapluie-de-ingrid-et-dieter-schubert","status":"publish","type":"post","link":"https:\/\/sorbetkiwi.fr\/index.php\/le-parapluie-de-ingrid-et-dieter-schubert\/","title":{"rendered":"Le parapluie de Ingrid et Dieter Schubert"},"content":{"rendered":"\t\t<div data-elementor-type=\"wp-post\" data-elementor-id=\"7380\" class=\"elementor elementor-7380\">\n\t\t\t\t\t\t<section class=\"elementor-section elementor-top-section elementor-element elementor-element-2c699617 elementor-section-boxed elementor-section-height-default elementor-section-height-default\" data-id=\"2c699617\" data-element_type=\"section\" data-e-type=\"section\">\n\t\t\t\t\t\t<div class=\"elementor-container elementor-column-gap-default\">\n\t\t\t\t\t<div class=\"elementor-column elementor-col-100 elementor-top-column elementor-element elementor-element-42dde33d\" data-id=\"42dde33d\" data-element_type=\"column\" data-e-type=\"column\">\n\t\t\t<div class=\"elementor-widget-wrap elementor-element-populated\">\n\t\t\t\t\t\t<div class=\"elementor-element elementor-element-28a0858 elementor-widget elementor-widget-heading\" data-id=\"28a0858\" data-element_type=\"widget\" data-e-type=\"widget\" data-widget_type=\"heading.default\">\n\t\t\t\t<div class=\"elementor-widget-container\">\n\t\t\t\t\t<h1 class=\"elementor-heading-title elementor-size-medium\">Le parapluie Ingrid Dieter Schubert<\/h1>\t\t\t\t<\/div>\n\t\t\t\t<\/div>\n\t\t\t\t<div class=\"elementor-element elementor-element-38658b07 elementor-view-default elementor-widget elementor-widget-icon\" data-id=\"38658b07\" data-element_type=\"widget\" data-e-type=\"widget\" data-widget_type=\"icon.default\">\n\t\t\t\t<div class=\"elementor-widget-container\">\n\t\t\t\t\t\t\t<div class=\"elementor-icon-wrapper\">\n\t\t\t<div class=\"elementor-icon\">\n\t\t\t<i aria-hidden=\"true\" class=\"fab fa-canadian-maple-leaf\"><\/i>\t\t\t<\/div>\n\t\t<\/div>\n\t\t\t\t\t\t<\/div>\n\t\t\t\t<\/div>\n\t\t\t\t<div class=\"elementor-element elementor-element-178f7714 elementor-widget-divider--view-line elementor-widget elementor-widget-divider\" data-id=\"178f7714\" data-element_type=\"widget\" data-e-type=\"widget\" data-widget_type=\"divider.default\">\n\t\t\t\t<div class=\"elementor-widget-container\">\n\t\t\t\t\t\t\t<div class=\"elementor-divider\">\n\t\t\t<span class=\"elementor-divider-separator\">\n\t\t\t\t\t\t<\/span>\n\t\t<\/div>\n\t\t\t\t\t\t<\/div>\n\t\t\t\t<\/div>\n\t\t\t\t<div class=\"elementor-element elementor-element-13c8203e elementor-widget elementor-widget-heading\" data-id=\"13c8203e\" data-element_type=\"widget\" data-e-type=\"widget\" data-widget_type=\"heading.default\">\n\t\t\t\t<div class=\"elementor-widget-container\">\n\t\t\t\t\t<h2 class=\"elementor-heading-title elementor-size-medium\">R\u00e9sum\u00e9<\/h2>\t\t\t\t<\/div>\n\t\t\t\t<\/div>\n\t\t\t\t<div class=\"elementor-element elementor-element-125b06ef elementor-widget elementor-widget-text-editor\" data-id=\"125b06ef\" data-element_type=\"widget\" data-e-type=\"widget\" data-widget_type=\"text-editor.default\">\n\t\t\t\t<div class=\"elementor-widget-container\">\n\t\t\t\t\t\t\t\t\t<p>C&rsquo;est la temp\u00eate. Un petit chien noir, agripp\u00e9 \u00e0 son parapluie rouge, s&rsquo;envole au gr\u00e9 du vent. Il atterrit d&rsquo;abord au pays des \u00e9l\u00e9phants et des girafes, ensuite le parapluie, transform\u00e9 en radeau sur l&rsquo;oc\u00e9an, le d\u00e9pose sur une \u00eele balay\u00e9e par les cyclones. Le voil\u00e0 aussit\u00f4t reparti pour la banquise. Il a \u00e0 peine le temps de jouer avec les phoques et les ours blancs, qu&rsquo;une nouvelle bourrasque l&#8217;emporte et le ram\u00e8ne, \u00e9puis\u00e9, \u00e0 la maison. Ouf ! Quel voyage !<\/p>\t\t\t\t\t\t\t\t<\/div>\n\t\t\t\t<\/div>\n\t\t\t\t<div class=\"elementor-element elementor-element-4afbb8dc elementor-widget-divider--view-line elementor-widget elementor-widget-divider\" data-id=\"4afbb8dc\" data-element_type=\"widget\" data-e-type=\"widget\" data-widget_type=\"divider.default\">\n\t\t\t\t<div class=\"elementor-widget-container\">\n\t\t\t\t\t\t\t<div class=\"elementor-divider\">\n\t\t\t<span class=\"elementor-divider-separator\">\n\t\t\t\t\t\t<\/span>\n\t\t<\/div>\n\t\t\t\t\t\t<\/div>\n\t\t\t\t<\/div>\n\t\t\t\t<div class=\"elementor-element elementor-element-5575b1d0 elementor-widget elementor-widget-heading\" data-id=\"5575b1d0\" data-element_type=\"widget\" data-e-type=\"widget\" data-widget_type=\"heading.default\">\n\t\t\t\t<div class=\"elementor-widget-container\">\n\t\t\t\t\t<h2 class=\"elementor-heading-title elementor-size-medium\">De saison en saison gr\u00e2ce aux \u00e9ditions Mijade<\/h2>\t\t\t\t<\/div>\n\t\t\t\t<\/div>\n\t\t\t\t<div class=\"elementor-element elementor-element-62a1b21e elementor-widget elementor-widget-text-editor\" data-id=\"62a1b21e\" data-element_type=\"widget\" data-e-type=\"widget\" data-widget_type=\"text-editor.default\">\n\t\t\t\t<div class=\"elementor-widget-container\">\n\t\t\t\t\t\t\t\t\t<p>C&rsquo;est par pur hasard que je suis tomb\u00e9e sur Le parapluie aux <a href=\"https:\/\/www.mijade.be\/jeunesse\/catalogue\/0\/24\/nom\/ASC\/Jeunesse\/all\/all\/#\">\u00e9ditions Mijade<\/a> \u00e0 la m\u00e9diath\u00e8que. Entre <a href=\"https:\/\/sorbetkiwi.fr\/index.php\/category\/l-ete\/\">l&rsquo;\u00e9t\u00e9<\/a> et <a href=\"https:\/\/sorbetkiwi.fr\/index.php\/category\/l-automne\/\">l&rsquo;automne<\/a>, cet album jeunesse trouve sa place finalement toute l&rsquo;ann\u00e9e dans les coins lectures. Mais comme le r\u00e9cit d\u00e9bute \u00e0 l&rsquo;automne, j&rsquo;ai choisi de le lire d\u00e8s \u00e0 pr\u00e9sent. Les \u00e9ditions Mijade sont une maison d&rsquo;\u00e9dition que j&rsquo;appr\u00e9cie beaucoup, notamment gr\u00e2ce \u00e0 leurs publications de <a href=\"https:\/\/sorbetkiwi.fr\/index.php\/tag\/helene-delforge\/\">H\u00e9l\u00e8ne Delforge<\/a> et <a href=\"https:\/\/sorbetkiwi.fr\/index.php\/tag\/quentin-greban\/\">Quentin Gr\u00e9ban<\/a>, bien s\u00fbr. Je me plonge donc de plus en plus dans leur catalogue, au fil du temps. Je farfouille, sur le site de la m\u00e9diath\u00e8que et je me laisse porter par mes d\u00e9couvertes que j&rsquo;ajoute \u00e0 des listes de saison. Un vrai plaisir que je compte bien continuer l&rsquo;an prochain !<\/p>\t\t\t\t\t\t\t\t<\/div>\n\t\t\t\t<\/div>\n\t\t\t\t<div class=\"elementor-element elementor-element-478e1a3f elementor-widget-divider--view-line elementor-widget elementor-widget-divider\" data-id=\"478e1a3f\" data-element_type=\"widget\" data-e-type=\"widget\" data-widget_type=\"divider.default\">\n\t\t\t\t<div class=\"elementor-widget-container\">\n\t\t\t\t\t\t\t<div class=\"elementor-divider\">\n\t\t\t<span class=\"elementor-divider-separator\">\n\t\t\t\t\t\t<\/span>\n\t\t<\/div>\n\t\t\t\t\t\t<\/div>\n\t\t\t\t<\/div>\n\t\t\t\t<div class=\"elementor-element elementor-element-4b8a5c2e elementor-widget elementor-widget-heading\" data-id=\"4b8a5c2e\" data-element_type=\"widget\" data-e-type=\"widget\" data-widget_type=\"heading.default\">\n\t\t\t\t<div class=\"elementor-widget-container\">\n\t\t\t\t\t<h2 class=\"elementor-heading-title elementor-size-medium\">Un album muet<\/h2>\t\t\t\t<\/div>\n\t\t\t\t<\/div>\n\t\t\t\t<div class=\"elementor-element elementor-element-12d54cf1 elementor-widget elementor-widget-text-editor\" data-id=\"12d54cf1\" data-element_type=\"widget\" data-e-type=\"widget\" data-widget_type=\"text-editor.default\">\n\t\t\t\t<div class=\"elementor-widget-container\">\n\t\t\t\t\t\t\t\t\t<p>Pour une fois, je n&rsquo;ai pas de citation \u00e0 te partager puisque cet album est enti\u00e8rement sans texte. Ce ne sont que des images. Notre protagoniste, un chien noir, trouve un parapluie un jour venteux d&rsquo;automne. En m\u00eame temps que les feuilles color\u00e9es, il s&rsquo;envole au dessus des nuages pour un tour du monde ! Ainsi, il va rencontrer de nombreux animaux autour de la plan\u00e8te, et m\u00eame ramener avec lui une lance d&rsquo;indig\u00e8nes coinc\u00e9e dans le parapluie. Sans un mot, ce voyage raconte un moment instantan\u00e9e dans la vie de nombreuses esp\u00e8ces sur Terre, selon leur localisation. C&rsquo;est assez mignon !<\/p>\t\t\t\t\t\t\t\t<\/div>\n\t\t\t\t<\/div>\n\t\t\t\t<div class=\"elementor-element elementor-element-7d8d9b2f elementor-widget-divider--view-line elementor-widget elementor-widget-divider\" data-id=\"7d8d9b2f\" data-element_type=\"widget\" data-e-type=\"widget\" data-widget_type=\"divider.default\">\n\t\t\t\t<div class=\"elementor-widget-container\">\n\t\t\t\t\t\t\t<div class=\"elementor-divider\">\n\t\t\t<span class=\"elementor-divider-separator\">\n\t\t\t\t\t\t<\/span>\n\t\t<\/div>\n\t\t\t\t\t\t<\/div>\n\t\t\t\t<\/div>\n\t\t\t\t<div class=\"elementor-element elementor-element-16f12dac elementor-widget elementor-widget-heading\" data-id=\"16f12dac\" data-element_type=\"widget\" data-e-type=\"widget\" data-widget_type=\"heading.default\">\n\t\t\t\t<div class=\"elementor-widget-container\">\n\t\t\t\t\t<h2 class=\"elementor-heading-title elementor-size-medium\">Un moment de partage garantie<\/h2>\t\t\t\t<\/div>\n\t\t\t\t<\/div>\n\t\t\t\t<div class=\"elementor-element elementor-element-79a9d380 elementor-widget elementor-widget-text-editor\" data-id=\"79a9d380\" data-element_type=\"widget\" data-e-type=\"widget\" data-widget_type=\"text-editor.default\">\n\t\t\t\t<div class=\"elementor-widget-container\">\n\t\t\t\t\t\t\t\t\t<p>Forc\u00e9ment, le fait d&rsquo;aimer ou non est tr\u00e8s d\u00e9pendant du style d&rsquo;illustrations. C&rsquo;est assez \u00ab\u00a0classique\u00a0\u00bb, ce qui n&rsquo;enl\u00e8ve en rien la qualit\u00e9 des dessins. Cela permet sans aucun doute d&rsquo;\u00e9changer avec un petit loup sur ce p\u00e9riple avec le parapluie, afin de d\u00e9couvrir les animaux du monde entier. Il n&rsquo;est pas fait pour le lire en silence, mais pour partager un moment de qualit\u00e9 ! Je pense qu&rsquo;entre 3 et 8 ans, il trouve compl\u00e8tement sa place lors d&rsquo;une histoire du soir entre un adulte et un enfant. Mes petits fr\u00e8res aurait ador\u00e9 et il invite au voyage sans sortir de sous sa couette ! Paru en 2011, les illustrations manquent peut-\u00eatre de modernit\u00e9, mais les designs plus classiques ne m\u00e9ritent pas de finir aux oubliettes pour autant. Ce qui fait que je le recommande, peu importe la saison !<\/p>\t\t\t\t\t\t\t\t<\/div>\n\t\t\t\t<\/div>\n\t\t\t\t\t<\/div>\n\t\t<\/div>\n\t\t\t\t\t<\/div>\n\t\t<\/section>\n\t\t\t\t<\/div>\n\t\t","protected":false},"excerpt":{"rendered":"<p>Le parapluie Ingrid Dieter Schubert R\u00e9sum\u00e9 C&rsquo;est la temp\u00eate. Un petit chien noir, agripp\u00e9 \u00e0 son parapluie rouge, s&rsquo;envole au gr\u00e9 du vent. Il atterrit d&rsquo;abord au pays des \u00e9l\u00e9phants et des girafes, ensuite le &hellip; <\/p>\n","protected":false},"author":1,"featured_media":7381,"comment_status":"open","ping_status":"open","sticky":false,"template":"","format":"standard","meta":{"footnotes":""},"categories":[7,15,1],"tags":[708,268,220,1808,425,1807,1806,262],"class_list":["post-7380","post","type-post","status-publish","format-standard","has-post-thumbnail","hentry","category-benevolat","category-l-automne","category-tout-le-blog","tag-album","tag-album-jeunesse","tag-automne","tag-dieter-schubert","tag-editions-mijade","tag-ingrid-schubert","tag-le-parapluie","tag-voyage","has-single-img"],"yoast_head":"<!-- This site is optimized with the Yoast SEO plugin v27.4 - https:\/\/yoast.com\/product\/yoast-seo-wordpress\/ -->\n<title>Le parapluie de Ingrid et Dieter Schubert - Sorbet Kiwi<\/title>\n<meta name=\"description\" content=\"Ma chronique de l&#039;album jeunesse de Ingrid et Dieter Schubert Le parapluie publi\u00e9 aux \u00e9ditions Mijade en 2011.\" \/>\n<meta name=\"robots\" content=\"index, follow, max-snippet:-1, max-image-preview:large, max-video-preview:-1\" \/>\n<link rel=\"canonical\" href=\"https:\/\/sorbetkiwi.fr\/index.php\/le-parapluie-de-ingrid-et-dieter-schubert\/\" \/>\n<meta property=\"og:locale\" content=\"fr_FR\" \/>\n<meta property=\"og:type\" content=\"article\" \/>\n<meta property=\"og:title\" content=\"Le parapluie de Ingrid et Dieter Schubert - Sorbet Kiwi\" \/>\n<meta property=\"og:description\" content=\"Ma chronique de l&#039;album jeunesse de Ingrid et Dieter Schubert Le parapluie publi\u00e9 aux \u00e9ditions Mijade en 2011.\" \/>\n<meta property=\"og:url\" content=\"https:\/\/sorbetkiwi.fr\/index.php\/le-parapluie-de-ingrid-et-dieter-schubert\/\" \/>\n<meta property=\"og:site_name\" content=\"Sorbet Kiwi\" \/>\n<meta property=\"article:publisher\" content=\"https:\/\/www.facebook.com\/profile.php?id=100086238893269\" \/>\n<meta property=\"article:published_time\" content=\"2024-11-07T07:30:00+00:00\" \/>\n<meta property=\"og:image\" content=\"https:\/\/sorbetkiwi.fr\/wp-content\/uploads\/2024\/11\/Le-parapluie-Ingrid-Dieter-Schubert-1.jpg\" \/>\n\t<meta property=\"og:image:width\" content=\"1080\" \/>\n\t<meta property=\"og:image:height\" content=\"1440\" \/>\n\t<meta property=\"og:image:type\" content=\"image\/jpeg\" \/>\n<meta name=\"author\" content=\"Sorbet-Kiwi\" \/>\n<meta name=\"twitter:card\" content=\"summary_large_image\" \/>\n<meta name=\"twitter:creator\" content=\"@pepparshoes\" \/>\n<meta name=\"twitter:site\" content=\"@pepparshoes\" \/>\n<meta name=\"twitter:label1\" content=\"\u00c9crit par\" \/>\n\t<meta name=\"twitter:data1\" content=\"Sorbet-Kiwi\" \/>\n\t<meta name=\"twitter:label2\" content=\"Dur\u00e9e de lecture estim\u00e9e\" \/>\n\t<meta name=\"twitter:data2\" content=\"3 minutes\" \/>\n<script type=\"application\/ld+json\" class=\"yoast-schema-graph\">{\"@context\":\"https:\\\/\\\/schema.org\",\"@graph\":[{\"@type\":\"Article\",\"@id\":\"https:\\\/\\\/sorbetkiwi.fr\\\/index.php\\\/le-parapluie-de-ingrid-et-dieter-schubert\\\/#article\",\"isPartOf\":{\"@id\":\"https:\\\/\\\/sorbetkiwi.fr\\\/index.php\\\/le-parapluie-de-ingrid-et-dieter-schubert\\\/\"},\"author\":{\"name\":\"Sorbet-Kiwi\",\"@id\":\"https:\\\/\\\/sorbetkiwi.fr\\\/#\\\/schema\\\/person\\\/ed1b7b527a2957ddc3bf38b076540659\"},\"headline\":\"Le parapluie de Ingrid et Dieter Schubert\",\"datePublished\":\"2024-11-07T07:30:00+00:00\",\"mainEntityOfPage\":{\"@id\":\"https:\\\/\\\/sorbetkiwi.fr\\\/index.php\\\/le-parapluie-de-ingrid-et-dieter-schubert\\\/\"},\"wordCount\":528,\"commentCount\":2,\"publisher\":{\"@id\":\"https:\\\/\\\/sorbetkiwi.fr\\\/#organization\"},\"image\":{\"@id\":\"https:\\\/\\\/sorbetkiwi.fr\\\/index.php\\\/le-parapluie-de-ingrid-et-dieter-schubert\\\/#primaryimage\"},\"thumbnailUrl\":\"https:\\\/\\\/sorbetkiwi.fr\\\/wp-content\\\/uploads\\\/2024\\\/11\\\/Le-parapluie-Ingrid-Dieter-Schubert-1.jpg\",\"keywords\":[\"Album\",\"Album jeunesse\",\"Automne\",\"Dieter Schubert\",\"Editions Mijade\",\"Ingrid Schubert\",\"Le parapluie\",\"Voyage\"],\"articleSection\":[\"B\u00e9n\u00e9volat\",\"L'automne\",\"Tout le blog\"],\"inLanguage\":\"fr-FR\",\"potentialAction\":[{\"@type\":\"CommentAction\",\"name\":\"Comment\",\"target\":[\"https:\\\/\\\/sorbetkiwi.fr\\\/index.php\\\/le-parapluie-de-ingrid-et-dieter-schubert\\\/#respond\"]}]},{\"@type\":\"WebPage\",\"@id\":\"https:\\\/\\\/sorbetkiwi.fr\\\/index.php\\\/le-parapluie-de-ingrid-et-dieter-schubert\\\/\",\"url\":\"https:\\\/\\\/sorbetkiwi.fr\\\/index.php\\\/le-parapluie-de-ingrid-et-dieter-schubert\\\/\",\"name\":\"Le parapluie de Ingrid et Dieter Schubert - Sorbet Kiwi\",\"isPartOf\":{\"@id\":\"https:\\\/\\\/sorbetkiwi.fr\\\/#website\"},\"primaryImageOfPage\":{\"@id\":\"https:\\\/\\\/sorbetkiwi.fr\\\/index.php\\\/le-parapluie-de-ingrid-et-dieter-schubert\\\/#primaryimage\"},\"image\":{\"@id\":\"https:\\\/\\\/sorbetkiwi.fr\\\/index.php\\\/le-parapluie-de-ingrid-et-dieter-schubert\\\/#primaryimage\"},\"thumbnailUrl\":\"https:\\\/\\\/sorbetkiwi.fr\\\/wp-content\\\/uploads\\\/2024\\\/11\\\/Le-parapluie-Ingrid-Dieter-Schubert-1.jpg\",\"datePublished\":\"2024-11-07T07:30:00+00:00\",\"description\":\"Ma chronique de l'album jeunesse de Ingrid et Dieter Schubert Le parapluie publi\u00e9 aux \u00e9ditions Mijade en 2011.\",\"breadcrumb\":{\"@id\":\"https:\\\/\\\/sorbetkiwi.fr\\\/index.php\\\/le-parapluie-de-ingrid-et-dieter-schubert\\\/#breadcrumb\"},\"inLanguage\":\"fr-FR\",\"potentialAction\":[{\"@type\":\"ReadAction\",\"target\":[\"https:\\\/\\\/sorbetkiwi.fr\\\/index.php\\\/le-parapluie-de-ingrid-et-dieter-schubert\\\/\"]}]},{\"@type\":\"ImageObject\",\"inLanguage\":\"fr-FR\",\"@id\":\"https:\\\/\\\/sorbetkiwi.fr\\\/index.php\\\/le-parapluie-de-ingrid-et-dieter-schubert\\\/#primaryimage\",\"url\":\"https:\\\/\\\/sorbetkiwi.fr\\\/wp-content\\\/uploads\\\/2024\\\/11\\\/Le-parapluie-Ingrid-Dieter-Schubert-1.jpg\",\"contentUrl\":\"https:\\\/\\\/sorbetkiwi.fr\\\/wp-content\\\/uploads\\\/2024\\\/11\\\/Le-parapluie-Ingrid-Dieter-Schubert-1.jpg\",\"width\":1080,\"height\":1440,\"caption\":\"Le parapluie Ingrid Dieter Schubert\"},{\"@type\":\"BreadcrumbList\",\"@id\":\"https:\\\/\\\/sorbetkiwi.fr\\\/index.php\\\/le-parapluie-de-ingrid-et-dieter-schubert\\\/#breadcrumb\",\"itemListElement\":[{\"@type\":\"ListItem\",\"position\":1,\"name\":\"Accueil\",\"item\":\"https:\\\/\\\/sorbetkiwi.fr\\\/\"},{\"@type\":\"ListItem\",\"position\":2,\"name\":\"Le parapluie de Ingrid et Dieter Schubert\"}]},{\"@type\":\"WebSite\",\"@id\":\"https:\\\/\\\/sorbetkiwi.fr\\\/#website\",\"url\":\"https:\\\/\\\/sorbetkiwi.fr\\\/\",\"name\":\"Sorbet Kiwi\",\"description\":\"Des lectures th\u00e9matiques par saison et les avis qui vont avec\",\"publisher\":{\"@id\":\"https:\\\/\\\/sorbetkiwi.fr\\\/#organization\"},\"potentialAction\":[{\"@type\":\"SearchAction\",\"target\":{\"@type\":\"EntryPoint\",\"urlTemplate\":\"https:\\\/\\\/sorbetkiwi.fr\\\/?s={search_term_string}\"},\"query-input\":{\"@type\":\"PropertyValueSpecification\",\"valueRequired\":true,\"valueName\":\"search_term_string\"}}],\"inLanguage\":\"fr-FR\"},{\"@type\":\"Organization\",\"@id\":\"https:\\\/\\\/sorbetkiwi.fr\\\/#organization\",\"name\":\"Sorbet Kiwi\",\"url\":\"https:\\\/\\\/sorbetkiwi.fr\\\/\",\"logo\":{\"@type\":\"ImageObject\",\"inLanguage\":\"fr-FR\",\"@id\":\"https:\\\/\\\/sorbetkiwi.fr\\\/#\\\/schema\\\/logo\\\/image\\\/\",\"url\":\"https:\\\/\\\/sorbetkiwi.fr\\\/wp-content\\\/uploads\\\/2022\\\/10\\\/Banniere-Sorbet-Kiwi-2022.jpg\",\"contentUrl\":\"https:\\\/\\\/sorbetkiwi.fr\\\/wp-content\\\/uploads\\\/2022\\\/10\\\/Banniere-Sorbet-Kiwi-2022.jpg\",\"width\":814,\"height\":401,\"caption\":\"Sorbet Kiwi\"},\"image\":{\"@id\":\"https:\\\/\\\/sorbetkiwi.fr\\\/#\\\/schema\\\/logo\\\/image\\\/\"},\"sameAs\":[\"https:\\\/\\\/www.facebook.com\\\/profile.php?id=100086238893269\",\"https:\\\/\\\/x.com\\\/pepparshoes\",\"https:\\\/\\\/www.instagram.com\\\/sorbetkiwi\\\/\",\"https:\\\/\\\/www.tiktok.com\\\/sorbetkiwi\"]},{\"@type\":\"Person\",\"@id\":\"https:\\\/\\\/sorbetkiwi.fr\\\/#\\\/schema\\\/person\\\/ed1b7b527a2957ddc3bf38b076540659\",\"name\":\"Sorbet-Kiwi\",\"image\":{\"@type\":\"ImageObject\",\"inLanguage\":\"fr-FR\",\"@id\":\"https:\\\/\\\/secure.gravatar.com\\\/avatar\\\/86f0a5c27d76317621b9e374d0f3a01d3a85278f10d0c7207ced4fd773057442?s=96&d=mm&r=g\",\"url\":\"https:\\\/\\\/secure.gravatar.com\\\/avatar\\\/86f0a5c27d76317621b9e374d0f3a01d3a85278f10d0c7207ced4fd773057442?s=96&d=mm&r=g\",\"contentUrl\":\"https:\\\/\\\/secure.gravatar.com\\\/avatar\\\/86f0a5c27d76317621b9e374d0f3a01d3a85278f10d0c7207ced4fd773057442?s=96&d=mm&r=g\",\"caption\":\"Sorbet-Kiwi\"},\"sameAs\":[\"http:\\\/\\\/sorbetkiwi.fr\"],\"url\":\"https:\\\/\\\/sorbetkiwi.fr\\\/index.php\\\/author\\\/admin7717\\\/\"}]}<\/script>\n<!-- \/ Yoast SEO plugin. -->","yoast_head_json":{"title":"Le parapluie de Ingrid et Dieter Schubert - Sorbet Kiwi","description":"Ma chronique de l'album jeunesse de Ingrid et Dieter Schubert Le parapluie publi\u00e9 aux \u00e9ditions Mijade en 2011.","robots":{"index":"index","follow":"follow","max-snippet":"max-snippet:-1","max-image-preview":"max-image-preview:large","max-video-preview":"max-video-preview:-1"},"canonical":"https:\/\/sorbetkiwi.fr\/index.php\/le-parapluie-de-ingrid-et-dieter-schubert\/","og_locale":"fr_FR","og_type":"article","og_title":"Le parapluie de Ingrid et Dieter Schubert - Sorbet Kiwi","og_description":"Ma chronique de l'album jeunesse de Ingrid et Dieter Schubert Le parapluie publi\u00e9 aux \u00e9ditions Mijade en 2011.","og_url":"https:\/\/sorbetkiwi.fr\/index.php\/le-parapluie-de-ingrid-et-dieter-schubert\/","og_site_name":"Sorbet Kiwi","article_publisher":"https:\/\/www.facebook.com\/profile.php?id=100086238893269","article_published_time":"2024-11-07T07:30:00+00:00","og_image":[{"width":1080,"height":1440,"url":"https:\/\/sorbetkiwi.fr\/wp-content\/uploads\/2024\/11\/Le-parapluie-Ingrid-Dieter-Schubert-1.jpg","type":"image\/jpeg"}],"author":"Sorbet-Kiwi","twitter_card":"summary_large_image","twitter_creator":"@pepparshoes","twitter_site":"@pepparshoes","twitter_misc":{"\u00c9crit par":"Sorbet-Kiwi","Dur\u00e9e de lecture estim\u00e9e":"3 minutes"},"schema":{"@context":"https:\/\/schema.org","@graph":[{"@type":"Article","@id":"https:\/\/sorbetkiwi.fr\/index.php\/le-parapluie-de-ingrid-et-dieter-schubert\/#article","isPartOf":{"@id":"https:\/\/sorbetkiwi.fr\/index.php\/le-parapluie-de-ingrid-et-dieter-schubert\/"},"author":{"name":"Sorbet-Kiwi","@id":"https:\/\/sorbetkiwi.fr\/#\/schema\/person\/ed1b7b527a2957ddc3bf38b076540659"},"headline":"Le parapluie de Ingrid et Dieter Schubert","datePublished":"2024-11-07T07:30:00+00:00","mainEntityOfPage":{"@id":"https:\/\/sorbetkiwi.fr\/index.php\/le-parapluie-de-ingrid-et-dieter-schubert\/"},"wordCount":528,"commentCount":2,"publisher":{"@id":"https:\/\/sorbetkiwi.fr\/#organization"},"image":{"@id":"https:\/\/sorbetkiwi.fr\/index.php\/le-parapluie-de-ingrid-et-dieter-schubert\/#primaryimage"},"thumbnailUrl":"https:\/\/sorbetkiwi.fr\/wp-content\/uploads\/2024\/11\/Le-parapluie-Ingrid-Dieter-Schubert-1.jpg","keywords":["Album","Album jeunesse","Automne","Dieter Schubert","Editions Mijade","Ingrid Schubert","Le parapluie","Voyage"],"articleSection":["B\u00e9n\u00e9volat","L'automne","Tout le blog"],"inLanguage":"fr-FR","potentialAction":[{"@type":"CommentAction","name":"Comment","target":["https:\/\/sorbetkiwi.fr\/index.php\/le-parapluie-de-ingrid-et-dieter-schubert\/#respond"]}]},{"@type":"WebPage","@id":"https:\/\/sorbetkiwi.fr\/index.php\/le-parapluie-de-ingrid-et-dieter-schubert\/","url":"https:\/\/sorbetkiwi.fr\/index.php\/le-parapluie-de-ingrid-et-dieter-schubert\/","name":"Le parapluie de Ingrid et Dieter Schubert - Sorbet Kiwi","isPartOf":{"@id":"https:\/\/sorbetkiwi.fr\/#website"},"primaryImageOfPage":{"@id":"https:\/\/sorbetkiwi.fr\/index.php\/le-parapluie-de-ingrid-et-dieter-schubert\/#primaryimage"},"image":{"@id":"https:\/\/sorbetkiwi.fr\/index.php\/le-parapluie-de-ingrid-et-dieter-schubert\/#primaryimage"},"thumbnailUrl":"https:\/\/sorbetkiwi.fr\/wp-content\/uploads\/2024\/11\/Le-parapluie-Ingrid-Dieter-Schubert-1.jpg","datePublished":"2024-11-07T07:30:00+00:00","description":"Ma chronique de l'album jeunesse de Ingrid et Dieter Schubert Le parapluie publi\u00e9 aux \u00e9ditions Mijade en 2011.","breadcrumb":{"@id":"https:\/\/sorbetkiwi.fr\/index.php\/le-parapluie-de-ingrid-et-dieter-schubert\/#breadcrumb"},"inLanguage":"fr-FR","potentialAction":[{"@type":"ReadAction","target":["https:\/\/sorbetkiwi.fr\/index.php\/le-parapluie-de-ingrid-et-dieter-schubert\/"]}]},{"@type":"ImageObject","inLanguage":"fr-FR","@id":"https:\/\/sorbetkiwi.fr\/index.php\/le-parapluie-de-ingrid-et-dieter-schubert\/#primaryimage","url":"https:\/\/sorbetkiwi.fr\/wp-content\/uploads\/2024\/11\/Le-parapluie-Ingrid-Dieter-Schubert-1.jpg","contentUrl":"https:\/\/sorbetkiwi.fr\/wp-content\/uploads\/2024\/11\/Le-parapluie-Ingrid-Dieter-Schubert-1.jpg","width":1080,"height":1440,"caption":"Le parapluie Ingrid Dieter Schubert"},{"@type":"BreadcrumbList","@id":"https:\/\/sorbetkiwi.fr\/index.php\/le-parapluie-de-ingrid-et-dieter-schubert\/#breadcrumb","itemListElement":[{"@type":"ListItem","position":1,"name":"Accueil","item":"https:\/\/sorbetkiwi.fr\/"},{"@type":"ListItem","position":2,"name":"Le parapluie de Ingrid et Dieter Schubert"}]},{"@type":"WebSite","@id":"https:\/\/sorbetkiwi.fr\/#website","url":"https:\/\/sorbetkiwi.fr\/","name":"Sorbet Kiwi","description":"Des lectures th\u00e9matiques par saison et les avis qui vont avec","publisher":{"@id":"https:\/\/sorbetkiwi.fr\/#organization"},"potentialAction":[{"@type":"SearchAction","target":{"@type":"EntryPoint","urlTemplate":"https:\/\/sorbetkiwi.fr\/?s={search_term_string}"},"query-input":{"@type":"PropertyValueSpecification","valueRequired":true,"valueName":"search_term_string"}}],"inLanguage":"fr-FR"},{"@type":"Organization","@id":"https:\/\/sorbetkiwi.fr\/#organization","name":"Sorbet Kiwi","url":"https:\/\/sorbetkiwi.fr\/","logo":{"@type":"ImageObject","inLanguage":"fr-FR","@id":"https:\/\/sorbetkiwi.fr\/#\/schema\/logo\/image\/","url":"https:\/\/sorbetkiwi.fr\/wp-content\/uploads\/2022\/10\/Banniere-Sorbet-Kiwi-2022.jpg","contentUrl":"https:\/\/sorbetkiwi.fr\/wp-content\/uploads\/2022\/10\/Banniere-Sorbet-Kiwi-2022.jpg","width":814,"height":401,"caption":"Sorbet Kiwi"},"image":{"@id":"https:\/\/sorbetkiwi.fr\/#\/schema\/logo\/image\/"},"sameAs":["https:\/\/www.facebook.com\/profile.php?id=100086238893269","https:\/\/x.com\/pepparshoes","https:\/\/www.instagram.com\/sorbetkiwi\/","https:\/\/www.tiktok.com\/sorbetkiwi"]},{"@type":"Person","@id":"https:\/\/sorbetkiwi.fr\/#\/schema\/person\/ed1b7b527a2957ddc3bf38b076540659","name":"Sorbet-Kiwi","image":{"@type":"ImageObject","inLanguage":"fr-FR","@id":"https:\/\/secure.gravatar.com\/avatar\/86f0a5c27d76317621b9e374d0f3a01d3a85278f10d0c7207ced4fd773057442?s=96&d=mm&r=g","url":"https:\/\/secure.gravatar.com\/avatar\/86f0a5c27d76317621b9e374d0f3a01d3a85278f10d0c7207ced4fd773057442?s=96&d=mm&r=g","contentUrl":"https:\/\/secure.gravatar.com\/avatar\/86f0a5c27d76317621b9e374d0f3a01d3a85278f10d0c7207ced4fd773057442?s=96&d=mm&r=g","caption":"Sorbet-Kiwi"},"sameAs":["http:\/\/sorbetkiwi.fr"],"url":"https:\/\/sorbetkiwi.fr\/index.php\/author\/admin7717\/"}]}},"_links":{"self":[{"href":"https:\/\/sorbetkiwi.fr\/index.php\/wp-json\/wp\/v2\/posts\/7380","targetHints":{"allow":["GET"]}}],"collection":[{"href":"https:\/\/sorbetkiwi.fr\/index.php\/wp-json\/wp\/v2\/posts"}],"about":[{"href":"https:\/\/sorbetkiwi.fr\/index.php\/wp-json\/wp\/v2\/types\/post"}],"author":[{"embeddable":true,"href":"https:\/\/sorbetkiwi.fr\/index.php\/wp-json\/wp\/v2\/users\/1"}],"replies":[{"embeddable":true,"href":"https:\/\/sorbetkiwi.fr\/index.php\/wp-json\/wp\/v2\/comments?post=7380"}],"version-history":[{"count":5,"href":"https:\/\/sorbetkiwi.fr\/index.php\/wp-json\/wp\/v2\/posts\/7380\/revisions"}],"predecessor-version":[{"id":7386,"href":"https:\/\/sorbetkiwi.fr\/index.php\/wp-json\/wp\/v2\/posts\/7380\/revisions\/7386"}],"wp:featuredmedia":[{"embeddable":true,"href":"https:\/\/sorbetkiwi.fr\/index.php\/wp-json\/wp\/v2\/media\/7381"}],"wp:attachment":[{"href":"https:\/\/sorbetkiwi.fr\/index.php\/wp-json\/wp\/v2\/media?parent=7380"}],"wp:term":[{"taxonomy":"category","embeddable":true,"href":"https:\/\/sorbetkiwi.fr\/index.php\/wp-json\/wp\/v2\/categories?post=7380"},{"taxonomy":"post_tag","embeddable":true,"href":"https:\/\/sorbetkiwi.fr\/index.php\/wp-json\/wp\/v2\/tags?post=7380"}],"curies":[{"name":"wp","href":"https:\/\/api.w.org\/{rel}","templated":true}]}}