{"id":7287,"date":"2024-10-18T16:42:01","date_gmt":"2024-10-18T14:42:01","guid":{"rendered":"https:\/\/sorbetkiwi.fr\/?p=7287"},"modified":"2024-10-18T16:42:03","modified_gmt":"2024-10-18T14:42:03","slug":"au-royaume-des-cris-de-mathieu-lecerf","status":"publish","type":"post","link":"https:\/\/sorbetkiwi.fr\/index.php\/au-royaume-des-cris-de-mathieu-lecerf\/","title":{"rendered":"Au royaume des cris de Mathieu Lecerf"},"content":{"rendered":"\t\t<div data-elementor-type=\"wp-post\" data-elementor-id=\"7287\" class=\"elementor elementor-7287\">\n\t\t\t\t\t\t<section class=\"elementor-section elementor-top-section elementor-element elementor-element-52c6d527 elementor-section-boxed elementor-section-height-default elementor-section-height-default\" data-id=\"52c6d527\" data-element_type=\"section\" data-e-type=\"section\">\n\t\t\t\t\t\t<div class=\"elementor-container elementor-column-gap-default\">\n\t\t\t\t\t<div class=\"elementor-column elementor-col-100 elementor-top-column elementor-element elementor-element-565ac7b8\" data-id=\"565ac7b8\" data-element_type=\"column\" data-e-type=\"column\">\n\t\t\t<div class=\"elementor-widget-wrap elementor-element-populated\">\n\t\t\t\t\t\t<div class=\"elementor-element elementor-element-3630512d elementor-widget elementor-widget-heading\" data-id=\"3630512d\" data-element_type=\"widget\" data-e-type=\"widget\" data-widget_type=\"heading.default\">\n\t\t\t\t<div class=\"elementor-widget-container\">\n\t\t\t\t\t<h1 class=\"elementor-heading-title elementor-size-medium\">Au royaume des cris en Urbex<\/h1>\t\t\t\t<\/div>\n\t\t\t\t<\/div>\n\t\t\t\t<div class=\"elementor-element elementor-element-3ed54434 elementor-view-default elementor-widget elementor-widget-icon\" data-id=\"3ed54434\" data-element_type=\"widget\" data-e-type=\"widget\" data-widget_type=\"icon.default\">\n\t\t\t\t<div class=\"elementor-widget-container\">\n\t\t\t\t\t\t\t<div class=\"elementor-icon-wrapper\">\n\t\t\t<div class=\"elementor-icon\">\n\t\t\t<i aria-hidden=\"true\" class=\"fab fa-snapchat-ghost\"><\/i>\t\t\t<\/div>\n\t\t<\/div>\n\t\t\t\t\t\t<\/div>\n\t\t\t\t<\/div>\n\t\t\t\t<div class=\"elementor-element elementor-element-50da6b54 elementor-widget-divider--view-line elementor-widget elementor-widget-divider\" data-id=\"50da6b54\" data-element_type=\"widget\" data-e-type=\"widget\" data-widget_type=\"divider.default\">\n\t\t\t\t<div class=\"elementor-widget-container\">\n\t\t\t\t\t\t\t<div class=\"elementor-divider\">\n\t\t\t<span class=\"elementor-divider-separator\">\n\t\t\t\t\t\t<\/span>\n\t\t<\/div>\n\t\t\t\t\t\t<\/div>\n\t\t\t\t<\/div>\n\t\t\t\t<div class=\"elementor-element elementor-element-eefa760 elementor-widget elementor-widget-heading\" data-id=\"eefa760\" data-element_type=\"widget\" data-e-type=\"widget\" data-widget_type=\"heading.default\">\n\t\t\t\t<div class=\"elementor-widget-container\">\n\t\t\t\t\t<h2 class=\"elementor-heading-title elementor-size-medium\">R\u00e9sum\u00e9<\/h2>\t\t\t\t<\/div>\n\t\t\t\t<\/div>\n\t\t\t\t<div class=\"elementor-element elementor-element-39732f06 elementor-widget elementor-widget-text-editor\" data-id=\"39732f06\" data-element_type=\"widget\" data-e-type=\"widget\" data-widget_type=\"text-editor.default\">\n\t\t\t\t<div class=\"elementor-widget-container\">\n\t\t\t\t\t\t\t\t\t<p>Elle pensait lui avoir \u00e9chapp\u00e9, il ne l\u2019a jamais oubli\u00e9e.<br \/>Le nouveau thriller du laur\u00e9at 2020 du Prix B\u00eate noire des libraires<br \/>Au Royaume des cris, nul ne peut sortir indemne&#8230;<br \/>Diane est au sommet de sa gloire. Actrice \u00e0 la beaut\u00e9 renversante, elle est la femme id\u00e9ale, celle dont tout le monde r\u00eave, mais que personne ne conna\u00eet vraiment.<br \/>Promise \u00e0 un brillant avenir au sein de la brigade criminelle, Esperanza voit quant \u00e0 elle sa vie se briser quand sa fille est kidnapp\u00e9e.<br \/>Deux destins aux antipodes. L\u2019une vit sous les feux des projecteurs, l\u2019autre est plong\u00e9e dans les t\u00e9n\u00e8bres. \u00c0 chacune, des hommes ont arrach\u00e9 ce qu\u2019elles avaient de plus cher.<br \/>O\u00f9 puiser encore de la force quand ce qui vous fait vivre vous a \u00e9t\u00e9 enlev\u00e9 ?<\/p>\t\t\t\t\t\t\t\t<\/div>\n\t\t\t\t<\/div>\n\t\t\t\t<div class=\"elementor-element elementor-element-3be628a1 elementor-widget-divider--view-line elementor-widget elementor-widget-divider\" data-id=\"3be628a1\" data-element_type=\"widget\" data-e-type=\"widget\" data-widget_type=\"divider.default\">\n\t\t\t\t<div class=\"elementor-widget-container\">\n\t\t\t\t\t\t\t<div class=\"elementor-divider\">\n\t\t\t<span class=\"elementor-divider-separator\">\n\t\t\t\t\t\t<\/span>\n\t\t<\/div>\n\t\t\t\t\t\t<\/div>\n\t\t\t\t<\/div>\n\t\t\t\t<div class=\"elementor-element elementor-element-8a5aa8 elementor-widget elementor-widget-heading\" data-id=\"8a5aa8\" data-element_type=\"widget\" data-e-type=\"widget\" data-widget_type=\"heading.default\">\n\t\t\t\t<div class=\"elementor-widget-container\">\n\t\t\t\t\t<h4 class=\"elementor-heading-title elementor-size-medium\">\"M\u00e8ne ta vie de sorte que tu puisses souhaiter qu'elle se r\u00e9p\u00e8te \u00e9ternellement.\"<\/h4>\t\t\t\t<\/div>\n\t\t\t\t<\/div>\n\t\t\t\t<div class=\"elementor-element elementor-element-52148c85 elementor-widget-divider--view-line elementor-widget elementor-widget-divider\" data-id=\"52148c85\" data-element_type=\"widget\" data-e-type=\"widget\" data-widget_type=\"divider.default\">\n\t\t\t\t<div class=\"elementor-widget-container\">\n\t\t\t\t\t\t\t<div class=\"elementor-divider\">\n\t\t\t<span class=\"elementor-divider-separator\">\n\t\t\t\t\t\t<\/span>\n\t\t<\/div>\n\t\t\t\t\t\t<\/div>\n\t\t\t\t<\/div>\n\t\t\t\t<div class=\"elementor-element elementor-element-7b165b78 elementor-widget elementor-widget-heading\" data-id=\"7b165b78\" data-element_type=\"widget\" data-e-type=\"widget\" data-widget_type=\"heading.default\">\n\t\t\t\t<div class=\"elementor-widget-container\">\n\t\t\t\t\t<h2 class=\"elementor-heading-title elementor-size-medium\">Un deuxi\u00e8me en dessous du premier<\/h2>\t\t\t\t<\/div>\n\t\t\t\t<\/div>\n\t\t\t\t<div class=\"elementor-element elementor-element-667cf01f elementor-widget elementor-widget-text-editor\" data-id=\"667cf01f\" data-element_type=\"widget\" data-e-type=\"widget\" data-widget_type=\"text-editor.default\">\n\t\t\t\t<div class=\"elementor-widget-container\">\n\t\t\t\t\t\t\t\t\t<p>Je dois admettre qu&rsquo;en ce moment j&rsquo;ai du mal \u00e0 trouver le temps d&rsquo;\u00e9crire des chroniques compl\u00e8tes pour le blog. C&rsquo;est pourquoi c&rsquo;est d\u00e9j\u00e0 la deuxi\u00e8me que je reprends <a href=\"https:\/\/www.instagram.com\/p\/DBQ_Nwco3fc\/?utm_source=ig_web_copy_link&amp;igsh=MzRlODBiNWFlZA==\">d&rsquo;Instagram<\/a>. Je ne veux pas que cela devienne une habitude, et en m\u00eame temps, parfois, il faut simplement accepter que la vie n&rsquo;est pas lin\u00e9aire et le temps \u00e0 disposition non plus ! Voici donc mon avis sur Au royaume des cris, \u00e0 retrouver \u00e9galement sur mon <a href=\"https:\/\/www.instagram.com\/sorbetkiwi\/\">profil Instagram<\/a>.\u00a0<\/p><p>J&rsquo;ai sortie de ma PAL le deuxi\u00e8me tome de la saga <a href=\"https:\/\/sorbetkiwi.fr\/index.php\/la-part-du-demon-de-mathieu-lecerf\/\">La part du d\u00e9mon<\/a> de Mathieu Lecerf, Au royaume des cris, que m&rsquo;a offert la talentueuse slasheuse cr\u00e9ative <a href=\"https:\/\/avrilsurunfil.com\">Avril sur un fil<\/a> ! Elle me disait que c&rsquo;est celui de <a href=\"https:\/\/www.livraddict.com\/biblio\/saga-lieutenant-esperanza-doloria.html\">la trilogie<\/a> qu&rsquo;elle aime le moins, et je dois admettre que je l&rsquo;ai moi aussi trouv\u00e9 en dessous du premier. Il me semble cela dit que \u00e7a reste une tr\u00e8s bonne lecture pour Virginie. Si je suis arriv\u00e9e au bout sans soucis, la plume de l&rsquo;auteur \u00e9tant toujours aussi fluide, il y a quelques point qui ne m&rsquo;ont pas convaincu, pour le coup. Pourtant, j&rsquo;ai toujours envie d&rsquo;avoir un coup de coeur, surtout lorsque c&rsquo;est un coup de foudre pour ma copine !<\/p><p>Mais malheureusement, il y avait trop de sc\u00e8nes intimes pour moi. Ce c\u00f4t\u00e9 \u00e9rotis\u00e9 m&rsquo;a d\u00e9rang\u00e9. J&rsquo;ai \u00e9galement trouv\u00e9 le roman trop pr\u00e9visible pour moi. J&rsquo;ai quasiment tout devin\u00e9, et rapidement, donc cela a tu\u00e9 le suspens. C&rsquo;est ballot pour un polar. Au moins ma photo colle, il y a de la peau dans le roman. Et des cris ! M\u00eame si ce n&rsquo;\u00e9tait pas ceux que j&rsquo;attendais.<\/p>\t\t\t\t\t\t\t\t<\/div>\n\t\t\t\t<\/div>\n\t\t\t\t\t<\/div>\n\t\t<\/div>\n\t\t\t\t\t<\/div>\n\t\t<\/section>\n\t\t\t\t<\/div>\n\t\t","protected":false},"excerpt":{"rendered":"<p>Au royaume des cris en Urbex R\u00e9sum\u00e9 Elle pensait lui avoir \u00e9chapp\u00e9, il ne l\u2019a jamais oubli\u00e9e.Le nouveau thriller du laur\u00e9at 2020 du Prix B\u00eate noire des librairesAu Royaume des cris, nul ne peut sortir &hellip; <\/p>\n","protected":false},"author":1,"featured_media":7288,"comment_status":"open","ping_status":"open","sticky":false,"template":"","format":"standard","meta":{"footnotes":""},"categories":[16,1],"tags":[1770,250,1201,49,1200,1103,1414,61],"class_list":["post-7287","post","type-post","status-publish","format-standard","has-post-thumbnail","hentry","category-halloween","category-tout-le-blog","tag-au-royaume-des-cris","tag-editions-pocket","tag-esperanza-doloria","tag-halloween","tag-la-part-du-demon","tag-mathieu-lecerf","tag-pocket","tag-polar","has-single-img"],"yoast_head":"<!-- This site is optimized with the Yoast SEO plugin v27.4 - https:\/\/yoast.com\/product\/yoast-seo-wordpress\/ -->\n<title>Au royaume des cris de Mathieu Lecerf - Sorbet Kiwi<\/title>\n<meta name=\"description\" content=\"Ma courte chronique du tome 2 de La part du d\u00e9mon, Au royaume des cris, de Mathieu Lecerf aux \u00e9ditions Pocket.\" \/>\n<meta name=\"robots\" content=\"index, follow, max-snippet:-1, max-image-preview:large, max-video-preview:-1\" \/>\n<link rel=\"canonical\" href=\"https:\/\/sorbetkiwi.fr\/index.php\/au-royaume-des-cris-de-mathieu-lecerf\/\" \/>\n<meta property=\"og:locale\" content=\"fr_FR\" \/>\n<meta property=\"og:type\" content=\"article\" \/>\n<meta property=\"og:title\" content=\"Au royaume des cris de Mathieu Lecerf - Sorbet Kiwi\" \/>\n<meta property=\"og:description\" content=\"Ma courte chronique du tome 2 de La part du d\u00e9mon, Au royaume des cris, de Mathieu Lecerf aux \u00e9ditions Pocket.\" \/>\n<meta property=\"og:url\" content=\"https:\/\/sorbetkiwi.fr\/index.php\/au-royaume-des-cris-de-mathieu-lecerf\/\" \/>\n<meta property=\"og:site_name\" content=\"Sorbet Kiwi\" \/>\n<meta property=\"article:publisher\" content=\"https:\/\/www.facebook.com\/profile.php?id=100086238893269\" \/>\n<meta property=\"article:published_time\" content=\"2024-10-18T14:42:01+00:00\" \/>\n<meta property=\"article:modified_time\" content=\"2024-10-18T14:42:03+00:00\" \/>\n<meta property=\"og:image\" content=\"https:\/\/sorbetkiwi.fr\/wp-content\/uploads\/2024\/10\/Au-royaume-des-cris-Mathieu-Lecerf-1.jpg\" \/>\n\t<meta property=\"og:image:width\" content=\"1080\" \/>\n\t<meta property=\"og:image:height\" content=\"1440\" \/>\n\t<meta property=\"og:image:type\" content=\"image\/jpeg\" \/>\n<meta name=\"author\" content=\"Sorbet-Kiwi\" \/>\n<meta name=\"twitter:card\" content=\"summary_large_image\" \/>\n<meta name=\"twitter:creator\" content=\"@pepparshoes\" \/>\n<meta name=\"twitter:site\" content=\"@pepparshoes\" \/>\n<meta name=\"twitter:label1\" content=\"\u00c9crit par\" \/>\n\t<meta name=\"twitter:data1\" content=\"Sorbet-Kiwi\" \/>\n\t<meta name=\"twitter:label2\" content=\"Dur\u00e9e de lecture estim\u00e9e\" \/>\n\t<meta name=\"twitter:data2\" content=\"3 minutes\" \/>\n<script type=\"application\/ld+json\" class=\"yoast-schema-graph\">{\"@context\":\"https:\\\/\\\/schema.org\",\"@graph\":[{\"@type\":\"Article\",\"@id\":\"https:\\\/\\\/sorbetkiwi.fr\\\/index.php\\\/au-royaume-des-cris-de-mathieu-lecerf\\\/#article\",\"isPartOf\":{\"@id\":\"https:\\\/\\\/sorbetkiwi.fr\\\/index.php\\\/au-royaume-des-cris-de-mathieu-lecerf\\\/\"},\"author\":{\"name\":\"Sorbet-Kiwi\",\"@id\":\"https:\\\/\\\/sorbetkiwi.fr\\\/#\\\/schema\\\/person\\\/ed1b7b527a2957ddc3bf38b076540659\"},\"headline\":\"Au royaume des cris de Mathieu Lecerf\",\"datePublished\":\"2024-10-18T14:42:01+00:00\",\"dateModified\":\"2024-10-18T14:42:03+00:00\",\"mainEntityOfPage\":{\"@id\":\"https:\\\/\\\/sorbetkiwi.fr\\\/index.php\\\/au-royaume-des-cris-de-mathieu-lecerf\\\/\"},\"wordCount\":478,\"commentCount\":4,\"publisher\":{\"@id\":\"https:\\\/\\\/sorbetkiwi.fr\\\/#organization\"},\"image\":{\"@id\":\"https:\\\/\\\/sorbetkiwi.fr\\\/index.php\\\/au-royaume-des-cris-de-mathieu-lecerf\\\/#primaryimage\"},\"thumbnailUrl\":\"https:\\\/\\\/sorbetkiwi.fr\\\/wp-content\\\/uploads\\\/2024\\\/10\\\/Au-royaume-des-cris-Mathieu-Lecerf-1.jpg\",\"keywords\":[\"Au royaume des cris\",\"Editions Pocket\",\"Esperanza Doloria\",\"Halloween\",\"La part du d\u00e9mon\",\"Mathieu Lecerf\",\"Pocket\",\"Polar\"],\"articleSection\":[\"Halloween\",\"Tout le blog\"],\"inLanguage\":\"fr-FR\",\"potentialAction\":[{\"@type\":\"CommentAction\",\"name\":\"Comment\",\"target\":[\"https:\\\/\\\/sorbetkiwi.fr\\\/index.php\\\/au-royaume-des-cris-de-mathieu-lecerf\\\/#respond\"]}]},{\"@type\":\"WebPage\",\"@id\":\"https:\\\/\\\/sorbetkiwi.fr\\\/index.php\\\/au-royaume-des-cris-de-mathieu-lecerf\\\/\",\"url\":\"https:\\\/\\\/sorbetkiwi.fr\\\/index.php\\\/au-royaume-des-cris-de-mathieu-lecerf\\\/\",\"name\":\"Au royaume des cris de Mathieu Lecerf - Sorbet Kiwi\",\"isPartOf\":{\"@id\":\"https:\\\/\\\/sorbetkiwi.fr\\\/#website\"},\"primaryImageOfPage\":{\"@id\":\"https:\\\/\\\/sorbetkiwi.fr\\\/index.php\\\/au-royaume-des-cris-de-mathieu-lecerf\\\/#primaryimage\"},\"image\":{\"@id\":\"https:\\\/\\\/sorbetkiwi.fr\\\/index.php\\\/au-royaume-des-cris-de-mathieu-lecerf\\\/#primaryimage\"},\"thumbnailUrl\":\"https:\\\/\\\/sorbetkiwi.fr\\\/wp-content\\\/uploads\\\/2024\\\/10\\\/Au-royaume-des-cris-Mathieu-Lecerf-1.jpg\",\"datePublished\":\"2024-10-18T14:42:01+00:00\",\"dateModified\":\"2024-10-18T14:42:03+00:00\",\"description\":\"Ma courte chronique du tome 2 de La part du d\u00e9mon, Au royaume des cris, de Mathieu Lecerf aux \u00e9ditions Pocket.\",\"breadcrumb\":{\"@id\":\"https:\\\/\\\/sorbetkiwi.fr\\\/index.php\\\/au-royaume-des-cris-de-mathieu-lecerf\\\/#breadcrumb\"},\"inLanguage\":\"fr-FR\",\"potentialAction\":[{\"@type\":\"ReadAction\",\"target\":[\"https:\\\/\\\/sorbetkiwi.fr\\\/index.php\\\/au-royaume-des-cris-de-mathieu-lecerf\\\/\"]}]},{\"@type\":\"ImageObject\",\"inLanguage\":\"fr-FR\",\"@id\":\"https:\\\/\\\/sorbetkiwi.fr\\\/index.php\\\/au-royaume-des-cris-de-mathieu-lecerf\\\/#primaryimage\",\"url\":\"https:\\\/\\\/sorbetkiwi.fr\\\/wp-content\\\/uploads\\\/2024\\\/10\\\/Au-royaume-des-cris-Mathieu-Lecerf-1.jpg\",\"contentUrl\":\"https:\\\/\\\/sorbetkiwi.fr\\\/wp-content\\\/uploads\\\/2024\\\/10\\\/Au-royaume-des-cris-Mathieu-Lecerf-1.jpg\",\"width\":1080,\"height\":1440,\"caption\":\"Au royaume des cris Mathieu Lecerf 1\"},{\"@type\":\"BreadcrumbList\",\"@id\":\"https:\\\/\\\/sorbetkiwi.fr\\\/index.php\\\/au-royaume-des-cris-de-mathieu-lecerf\\\/#breadcrumb\",\"itemListElement\":[{\"@type\":\"ListItem\",\"position\":1,\"name\":\"Accueil\",\"item\":\"https:\\\/\\\/sorbetkiwi.fr\\\/\"},{\"@type\":\"ListItem\",\"position\":2,\"name\":\"Au royaume des cris de Mathieu Lecerf\"}]},{\"@type\":\"WebSite\",\"@id\":\"https:\\\/\\\/sorbetkiwi.fr\\\/#website\",\"url\":\"https:\\\/\\\/sorbetkiwi.fr\\\/\",\"name\":\"Sorbet Kiwi\",\"description\":\"Des lectures th\u00e9matiques par saison et les avis qui vont avec\",\"publisher\":{\"@id\":\"https:\\\/\\\/sorbetkiwi.fr\\\/#organization\"},\"potentialAction\":[{\"@type\":\"SearchAction\",\"target\":{\"@type\":\"EntryPoint\",\"urlTemplate\":\"https:\\\/\\\/sorbetkiwi.fr\\\/?s={search_term_string}\"},\"query-input\":{\"@type\":\"PropertyValueSpecification\",\"valueRequired\":true,\"valueName\":\"search_term_string\"}}],\"inLanguage\":\"fr-FR\"},{\"@type\":\"Organization\",\"@id\":\"https:\\\/\\\/sorbetkiwi.fr\\\/#organization\",\"name\":\"Sorbet Kiwi\",\"url\":\"https:\\\/\\\/sorbetkiwi.fr\\\/\",\"logo\":{\"@type\":\"ImageObject\",\"inLanguage\":\"fr-FR\",\"@id\":\"https:\\\/\\\/sorbetkiwi.fr\\\/#\\\/schema\\\/logo\\\/image\\\/\",\"url\":\"https:\\\/\\\/sorbetkiwi.fr\\\/wp-content\\\/uploads\\\/2022\\\/10\\\/Banniere-Sorbet-Kiwi-2022.jpg\",\"contentUrl\":\"https:\\\/\\\/sorbetkiwi.fr\\\/wp-content\\\/uploads\\\/2022\\\/10\\\/Banniere-Sorbet-Kiwi-2022.jpg\",\"width\":814,\"height\":401,\"caption\":\"Sorbet Kiwi\"},\"image\":{\"@id\":\"https:\\\/\\\/sorbetkiwi.fr\\\/#\\\/schema\\\/logo\\\/image\\\/\"},\"sameAs\":[\"https:\\\/\\\/www.facebook.com\\\/profile.php?id=100086238893269\",\"https:\\\/\\\/x.com\\\/pepparshoes\",\"https:\\\/\\\/www.instagram.com\\\/sorbetkiwi\\\/\",\"https:\\\/\\\/www.tiktok.com\\\/sorbetkiwi\"]},{\"@type\":\"Person\",\"@id\":\"https:\\\/\\\/sorbetkiwi.fr\\\/#\\\/schema\\\/person\\\/ed1b7b527a2957ddc3bf38b076540659\",\"name\":\"Sorbet-Kiwi\",\"image\":{\"@type\":\"ImageObject\",\"inLanguage\":\"fr-FR\",\"@id\":\"https:\\\/\\\/secure.gravatar.com\\\/avatar\\\/86f0a5c27d76317621b9e374d0f3a01d3a85278f10d0c7207ced4fd773057442?s=96&d=mm&r=g\",\"url\":\"https:\\\/\\\/secure.gravatar.com\\\/avatar\\\/86f0a5c27d76317621b9e374d0f3a01d3a85278f10d0c7207ced4fd773057442?s=96&d=mm&r=g\",\"contentUrl\":\"https:\\\/\\\/secure.gravatar.com\\\/avatar\\\/86f0a5c27d76317621b9e374d0f3a01d3a85278f10d0c7207ced4fd773057442?s=96&d=mm&r=g\",\"caption\":\"Sorbet-Kiwi\"},\"sameAs\":[\"http:\\\/\\\/sorbetkiwi.fr\"],\"url\":\"https:\\\/\\\/sorbetkiwi.fr\\\/index.php\\\/author\\\/admin7717\\\/\"}]}<\/script>\n<!-- \/ Yoast SEO plugin. -->","yoast_head_json":{"title":"Au royaume des cris de Mathieu Lecerf - Sorbet Kiwi","description":"Ma courte chronique du tome 2 de La part du d\u00e9mon, Au royaume des cris, de Mathieu Lecerf aux \u00e9ditions Pocket.","robots":{"index":"index","follow":"follow","max-snippet":"max-snippet:-1","max-image-preview":"max-image-preview:large","max-video-preview":"max-video-preview:-1"},"canonical":"https:\/\/sorbetkiwi.fr\/index.php\/au-royaume-des-cris-de-mathieu-lecerf\/","og_locale":"fr_FR","og_type":"article","og_title":"Au royaume des cris de Mathieu Lecerf - Sorbet Kiwi","og_description":"Ma courte chronique du tome 2 de La part du d\u00e9mon, Au royaume des cris, de Mathieu Lecerf aux \u00e9ditions Pocket.","og_url":"https:\/\/sorbetkiwi.fr\/index.php\/au-royaume-des-cris-de-mathieu-lecerf\/","og_site_name":"Sorbet Kiwi","article_publisher":"https:\/\/www.facebook.com\/profile.php?id=100086238893269","article_published_time":"2024-10-18T14:42:01+00:00","article_modified_time":"2024-10-18T14:42:03+00:00","og_image":[{"width":1080,"height":1440,"url":"https:\/\/sorbetkiwi.fr\/wp-content\/uploads\/2024\/10\/Au-royaume-des-cris-Mathieu-Lecerf-1.jpg","type":"image\/jpeg"}],"author":"Sorbet-Kiwi","twitter_card":"summary_large_image","twitter_creator":"@pepparshoes","twitter_site":"@pepparshoes","twitter_misc":{"\u00c9crit par":"Sorbet-Kiwi","Dur\u00e9e de lecture estim\u00e9e":"3 minutes"},"schema":{"@context":"https:\/\/schema.org","@graph":[{"@type":"Article","@id":"https:\/\/sorbetkiwi.fr\/index.php\/au-royaume-des-cris-de-mathieu-lecerf\/#article","isPartOf":{"@id":"https:\/\/sorbetkiwi.fr\/index.php\/au-royaume-des-cris-de-mathieu-lecerf\/"},"author":{"name":"Sorbet-Kiwi","@id":"https:\/\/sorbetkiwi.fr\/#\/schema\/person\/ed1b7b527a2957ddc3bf38b076540659"},"headline":"Au royaume des cris de Mathieu Lecerf","datePublished":"2024-10-18T14:42:01+00:00","dateModified":"2024-10-18T14:42:03+00:00","mainEntityOfPage":{"@id":"https:\/\/sorbetkiwi.fr\/index.php\/au-royaume-des-cris-de-mathieu-lecerf\/"},"wordCount":478,"commentCount":4,"publisher":{"@id":"https:\/\/sorbetkiwi.fr\/#organization"},"image":{"@id":"https:\/\/sorbetkiwi.fr\/index.php\/au-royaume-des-cris-de-mathieu-lecerf\/#primaryimage"},"thumbnailUrl":"https:\/\/sorbetkiwi.fr\/wp-content\/uploads\/2024\/10\/Au-royaume-des-cris-Mathieu-Lecerf-1.jpg","keywords":["Au royaume des cris","Editions Pocket","Esperanza Doloria","Halloween","La part du d\u00e9mon","Mathieu Lecerf","Pocket","Polar"],"articleSection":["Halloween","Tout le blog"],"inLanguage":"fr-FR","potentialAction":[{"@type":"CommentAction","name":"Comment","target":["https:\/\/sorbetkiwi.fr\/index.php\/au-royaume-des-cris-de-mathieu-lecerf\/#respond"]}]},{"@type":"WebPage","@id":"https:\/\/sorbetkiwi.fr\/index.php\/au-royaume-des-cris-de-mathieu-lecerf\/","url":"https:\/\/sorbetkiwi.fr\/index.php\/au-royaume-des-cris-de-mathieu-lecerf\/","name":"Au royaume des cris de Mathieu Lecerf - Sorbet Kiwi","isPartOf":{"@id":"https:\/\/sorbetkiwi.fr\/#website"},"primaryImageOfPage":{"@id":"https:\/\/sorbetkiwi.fr\/index.php\/au-royaume-des-cris-de-mathieu-lecerf\/#primaryimage"},"image":{"@id":"https:\/\/sorbetkiwi.fr\/index.php\/au-royaume-des-cris-de-mathieu-lecerf\/#primaryimage"},"thumbnailUrl":"https:\/\/sorbetkiwi.fr\/wp-content\/uploads\/2024\/10\/Au-royaume-des-cris-Mathieu-Lecerf-1.jpg","datePublished":"2024-10-18T14:42:01+00:00","dateModified":"2024-10-18T14:42:03+00:00","description":"Ma courte chronique du tome 2 de La part du d\u00e9mon, Au royaume des cris, de Mathieu Lecerf aux \u00e9ditions Pocket.","breadcrumb":{"@id":"https:\/\/sorbetkiwi.fr\/index.php\/au-royaume-des-cris-de-mathieu-lecerf\/#breadcrumb"},"inLanguage":"fr-FR","potentialAction":[{"@type":"ReadAction","target":["https:\/\/sorbetkiwi.fr\/index.php\/au-royaume-des-cris-de-mathieu-lecerf\/"]}]},{"@type":"ImageObject","inLanguage":"fr-FR","@id":"https:\/\/sorbetkiwi.fr\/index.php\/au-royaume-des-cris-de-mathieu-lecerf\/#primaryimage","url":"https:\/\/sorbetkiwi.fr\/wp-content\/uploads\/2024\/10\/Au-royaume-des-cris-Mathieu-Lecerf-1.jpg","contentUrl":"https:\/\/sorbetkiwi.fr\/wp-content\/uploads\/2024\/10\/Au-royaume-des-cris-Mathieu-Lecerf-1.jpg","width":1080,"height":1440,"caption":"Au royaume des cris Mathieu Lecerf 1"},{"@type":"BreadcrumbList","@id":"https:\/\/sorbetkiwi.fr\/index.php\/au-royaume-des-cris-de-mathieu-lecerf\/#breadcrumb","itemListElement":[{"@type":"ListItem","position":1,"name":"Accueil","item":"https:\/\/sorbetkiwi.fr\/"},{"@type":"ListItem","position":2,"name":"Au royaume des cris de Mathieu Lecerf"}]},{"@type":"WebSite","@id":"https:\/\/sorbetkiwi.fr\/#website","url":"https:\/\/sorbetkiwi.fr\/","name":"Sorbet Kiwi","description":"Des lectures th\u00e9matiques par saison et les avis qui vont avec","publisher":{"@id":"https:\/\/sorbetkiwi.fr\/#organization"},"potentialAction":[{"@type":"SearchAction","target":{"@type":"EntryPoint","urlTemplate":"https:\/\/sorbetkiwi.fr\/?s={search_term_string}"},"query-input":{"@type":"PropertyValueSpecification","valueRequired":true,"valueName":"search_term_string"}}],"inLanguage":"fr-FR"},{"@type":"Organization","@id":"https:\/\/sorbetkiwi.fr\/#organization","name":"Sorbet Kiwi","url":"https:\/\/sorbetkiwi.fr\/","logo":{"@type":"ImageObject","inLanguage":"fr-FR","@id":"https:\/\/sorbetkiwi.fr\/#\/schema\/logo\/image\/","url":"https:\/\/sorbetkiwi.fr\/wp-content\/uploads\/2022\/10\/Banniere-Sorbet-Kiwi-2022.jpg","contentUrl":"https:\/\/sorbetkiwi.fr\/wp-content\/uploads\/2022\/10\/Banniere-Sorbet-Kiwi-2022.jpg","width":814,"height":401,"caption":"Sorbet Kiwi"},"image":{"@id":"https:\/\/sorbetkiwi.fr\/#\/schema\/logo\/image\/"},"sameAs":["https:\/\/www.facebook.com\/profile.php?id=100086238893269","https:\/\/x.com\/pepparshoes","https:\/\/www.instagram.com\/sorbetkiwi\/","https:\/\/www.tiktok.com\/sorbetkiwi"]},{"@type":"Person","@id":"https:\/\/sorbetkiwi.fr\/#\/schema\/person\/ed1b7b527a2957ddc3bf38b076540659","name":"Sorbet-Kiwi","image":{"@type":"ImageObject","inLanguage":"fr-FR","@id":"https:\/\/secure.gravatar.com\/avatar\/86f0a5c27d76317621b9e374d0f3a01d3a85278f10d0c7207ced4fd773057442?s=96&d=mm&r=g","url":"https:\/\/secure.gravatar.com\/avatar\/86f0a5c27d76317621b9e374d0f3a01d3a85278f10d0c7207ced4fd773057442?s=96&d=mm&r=g","contentUrl":"https:\/\/secure.gravatar.com\/avatar\/86f0a5c27d76317621b9e374d0f3a01d3a85278f10d0c7207ced4fd773057442?s=96&d=mm&r=g","caption":"Sorbet-Kiwi"},"sameAs":["http:\/\/sorbetkiwi.fr"],"url":"https:\/\/sorbetkiwi.fr\/index.php\/author\/admin7717\/"}]}},"_links":{"self":[{"href":"https:\/\/sorbetkiwi.fr\/index.php\/wp-json\/wp\/v2\/posts\/7287","targetHints":{"allow":["GET"]}}],"collection":[{"href":"https:\/\/sorbetkiwi.fr\/index.php\/wp-json\/wp\/v2\/posts"}],"about":[{"href":"https:\/\/sorbetkiwi.fr\/index.php\/wp-json\/wp\/v2\/types\/post"}],"author":[{"embeddable":true,"href":"https:\/\/sorbetkiwi.fr\/index.php\/wp-json\/wp\/v2\/users\/1"}],"replies":[{"embeddable":true,"href":"https:\/\/sorbetkiwi.fr\/index.php\/wp-json\/wp\/v2\/comments?post=7287"}],"version-history":[{"count":5,"href":"https:\/\/sorbetkiwi.fr\/index.php\/wp-json\/wp\/v2\/posts\/7287\/revisions"}],"predecessor-version":[{"id":7293,"href":"https:\/\/sorbetkiwi.fr\/index.php\/wp-json\/wp\/v2\/posts\/7287\/revisions\/7293"}],"wp:featuredmedia":[{"embeddable":true,"href":"https:\/\/sorbetkiwi.fr\/index.php\/wp-json\/wp\/v2\/media\/7288"}],"wp:attachment":[{"href":"https:\/\/sorbetkiwi.fr\/index.php\/wp-json\/wp\/v2\/media?parent=7287"}],"wp:term":[{"taxonomy":"category","embeddable":true,"href":"https:\/\/sorbetkiwi.fr\/index.php\/wp-json\/wp\/v2\/categories?post=7287"},{"taxonomy":"post_tag","embeddable":true,"href":"https:\/\/sorbetkiwi.fr\/index.php\/wp-json\/wp\/v2\/tags?post=7287"}],"curies":[{"name":"wp","href":"https:\/\/api.w.org\/{rel}","templated":true}]}}