{"id":7131,"date":"2024-09-10T07:00:00","date_gmt":"2024-09-10T05:00:00","guid":{"rendered":"https:\/\/sorbetkiwi.fr\/?p=7131"},"modified":"2024-09-08T16:17:58","modified_gmt":"2024-09-08T14:17:58","slug":"et-j-ai-cesse-de-t-appeler-papa-de-caroline-darian","status":"publish","type":"post","link":"https:\/\/sorbetkiwi.fr\/index.php\/et-j-ai-cesse-de-t-appeler-papa-de-caroline-darian\/","title":{"rendered":"Et j&rsquo;ai cess\u00e9 de t&rsquo;appeler Papa de Caroline Darian"},"content":{"rendered":"\t\t<div data-elementor-type=\"wp-post\" data-elementor-id=\"7131\" class=\"elementor elementor-7131\">\n\t\t\t\t\t\t<section class=\"elementor-section elementor-top-section elementor-element elementor-element-5fb5e672 elementor-section-boxed elementor-section-height-default elementor-section-height-default\" data-id=\"5fb5e672\" data-element_type=\"section\" data-e-type=\"section\">\n\t\t\t\t\t\t<div class=\"elementor-container elementor-column-gap-default\">\n\t\t\t\t\t<div class=\"elementor-column elementor-col-100 elementor-top-column elementor-element elementor-element-5683a459\" data-id=\"5683a459\" data-element_type=\"column\" data-e-type=\"column\">\n\t\t\t<div class=\"elementor-widget-wrap elementor-element-populated\">\n\t\t\t\t\t\t<div class=\"elementor-element elementor-element-305d9c02 elementor-widget elementor-widget-heading\" data-id=\"305d9c02\" data-element_type=\"widget\" data-e-type=\"widget\" data-widget_type=\"heading.default\">\n\t\t\t\t<div class=\"elementor-widget-container\">\n\t\t\t\t\t<h1 class=\"elementor-heading-title elementor-size-medium\">Et j'ai cess\u00e9 de t'appeler Papa Caroline Darian<\/h1>\t\t\t\t<\/div>\n\t\t\t\t<\/div>\n\t\t\t\t<div class=\"elementor-element elementor-element-32f64d53 elementor-view-default elementor-widget elementor-widget-icon\" data-id=\"32f64d53\" data-element_type=\"widget\" data-e-type=\"widget\" data-widget_type=\"icon.default\">\n\t\t\t\t<div class=\"elementor-widget-container\">\n\t\t\t\t\t\t\t<div class=\"elementor-icon-wrapper\">\n\t\t\t<div class=\"elementor-icon\">\n\t\t\t<i aria-hidden=\"true\" class=\"fas fa-cocktail\"><\/i>\t\t\t<\/div>\n\t\t<\/div>\n\t\t\t\t\t\t<\/div>\n\t\t\t\t<\/div>\n\t\t\t\t<div class=\"elementor-element elementor-element-3acddd2a elementor-widget-divider--view-line elementor-widget elementor-widget-divider\" data-id=\"3acddd2a\" data-element_type=\"widget\" data-e-type=\"widget\" data-widget_type=\"divider.default\">\n\t\t\t\t<div class=\"elementor-widget-container\">\n\t\t\t\t\t\t\t<div class=\"elementor-divider\">\n\t\t\t<span class=\"elementor-divider-separator\">\n\t\t\t\t\t\t<\/span>\n\t\t<\/div>\n\t\t\t\t\t\t<\/div>\n\t\t\t\t<\/div>\n\t\t\t\t<div class=\"elementor-element elementor-element-305893d2 elementor-widget elementor-widget-heading\" data-id=\"305893d2\" data-element_type=\"widget\" data-e-type=\"widget\" data-widget_type=\"heading.default\">\n\t\t\t\t<div class=\"elementor-widget-container\">\n\t\t\t\t\t<h2 class=\"elementor-heading-title elementor-size-medium\">R\u00e9sum\u00e9<\/h2>\t\t\t\t<\/div>\n\t\t\t\t<\/div>\n\t\t\t\t<div class=\"elementor-element elementor-element-5a4389d0 elementor-widget elementor-widget-text-editor\" data-id=\"5a4389d0\" data-element_type=\"widget\" data-e-type=\"widget\" data-widget_type=\"text-editor.default\">\n\t\t\t\t<div class=\"elementor-widget-container\">\n\t\t\t\t\t\t\t\t\t<p>Le 2 novembre 2020, Caroline Darian re\u00e7oit un appel de la police de Carpentras. Son p\u00e8re est en garde \u00e0 vue. La saisie de son mat\u00e9riel informatique r\u00e9v\u00e8le l\u2019impensable : depuis 2013, il drogue sa femme avant de la livrer, inconsciente, \u00e0 des hommes, de tous les horizons et sans contrepartie.<br \/><br \/>Caroline Darian, femme debout, raconte cette d\u00e9flagration, le p\u00e9rilleux vertige de d\u00e9couvrir qu\u2019une personne aim\u00e9e, son p\u00e8re, est capable du pire.<br \/>Elle alerte aussi sur la soumission chimique, quand l\u2019armoire \u00e0 pharmacie du foyer se transforme en arme pr\u00e9f\u00e9r\u00e9e des violeurs&#8230;<br \/><br \/>Une voix forte, exceptionnellement courageuse, qui r\u00e9v\u00e8le une autre facette des violences faites aux femmes.<\/p>\t\t\t\t\t\t\t\t<\/div>\n\t\t\t\t<\/div>\n\t\t\t\t<div class=\"elementor-element elementor-element-3a2c392c elementor-widget-divider--view-line elementor-widget elementor-widget-divider\" data-id=\"3a2c392c\" data-element_type=\"widget\" data-e-type=\"widget\" data-widget_type=\"divider.default\">\n\t\t\t\t<div class=\"elementor-widget-container\">\n\t\t\t\t\t\t\t<div class=\"elementor-divider\">\n\t\t\t<span class=\"elementor-divider-separator\">\n\t\t\t\t\t\t<\/span>\n\t\t<\/div>\n\t\t\t\t\t\t<\/div>\n\t\t\t\t<\/div>\n\t\t\t\t<div class=\"elementor-element elementor-element-5a99935f elementor-widget elementor-widget-heading\" data-id=\"5a99935f\" data-element_type=\"widget\" data-e-type=\"widget\" data-widget_type=\"heading.default\">\n\t\t\t\t<div class=\"elementor-widget-container\">\n\t\t\t\t\t<h2 class=\"elementor-heading-title elementor-size-medium\">Un t\u00e9moignage prioritaire dans le cadre du Proc\u00e8s Mazan<\/h2>\t\t\t\t<\/div>\n\t\t\t\t<\/div>\n\t\t\t\t<div class=\"elementor-element elementor-element-4c423833 elementor-widget elementor-widget-text-editor\" data-id=\"4c423833\" data-element_type=\"widget\" data-e-type=\"widget\" data-widget_type=\"text-editor.default\">\n\t\t\t\t<div class=\"elementor-widget-container\">\n\t\t\t\t\t\t\t\t\t<p>Ce roman a rejoint ma PAL en 2022. A l&rsquo;\u00e9poque, je me suis dis que la voix de Caroline Darian m\u00e9ritait absolument d&rsquo;\u00eatre entendue. C&rsquo;\u00e9tait une d\u00e9marche tr\u00e8s similaire \u00e0 celle des t\u00e9moignages de Vanessa Springora et Camille Kouchner. Mais je n&rsquo;ai pas trouv\u00e9 la force de lire Et j&rsquo;ai cess\u00e9 de t&rsquo;appeler Papa tout de suite. Ainsi, il a pris l&rsquo;eau dans ma PAL. Or, depuis 10 jours, le proc\u00e8s des viols de Mazan \u00e0 d\u00e9but\u00e9. Et il s&rsquo;agit de cette affaire-ci, pr\u00e9cis\u00e9ment. Le roman vient de sortir chez Harper Collins en poche, et je me suis dis que si je ne trouvais pas le courage de le lire aujourd&rsquo;hui, alors que j&rsquo;allais en entendre parler au quotidien, je ne le trouverai jamais. Surtout, j&rsquo;avais d&rsquo;abord envie d&rsquo;\u00eatre au contact du r\u00e9cit d&rsquo;une des victimes, de la fille de la victime principale, avant que les m\u00e9dias ne m&rsquo;abreuvent de culture du viol comme ils savent si bien le faire.\u00a0<\/p>\t\t\t\t\t\t\t\t<\/div>\n\t\t\t\t<\/div>\n\t\t\t\t<div class=\"elementor-element elementor-element-2dd1af26 elementor-widget-divider--view-line elementor-widget elementor-widget-divider\" data-id=\"2dd1af26\" data-element_type=\"widget\" data-e-type=\"widget\" data-widget_type=\"divider.default\">\n\t\t\t\t<div class=\"elementor-widget-container\">\n\t\t\t\t\t\t\t<div class=\"elementor-divider\">\n\t\t\t<span class=\"elementor-divider-separator\">\n\t\t\t\t\t\t<\/span>\n\t\t<\/div>\n\t\t\t\t\t\t<\/div>\n\t\t\t\t<\/div>\n\t\t\t\t<div class=\"elementor-element elementor-element-cd5f5d4 elementor-widget elementor-widget-heading\" data-id=\"cd5f5d4\" data-element_type=\"widget\" data-e-type=\"widget\" data-widget_type=\"heading.default\">\n\t\t\t\t<div class=\"elementor-widget-container\">\n\t\t\t\t\t<h4 class=\"elementor-heading-title elementor-size-medium\">\"Mais, personne ne mesure le prix du banal tant qu\u2019on ne l\u2019a pas perdu.\"<\/h4>\t\t\t\t<\/div>\n\t\t\t\t<\/div>\n\t\t\t\t<div class=\"elementor-element elementor-element-74756fde elementor-widget-divider--view-line elementor-widget elementor-widget-divider\" data-id=\"74756fde\" data-element_type=\"widget\" data-e-type=\"widget\" data-widget_type=\"divider.default\">\n\t\t\t\t<div class=\"elementor-widget-container\">\n\t\t\t\t\t\t\t<div class=\"elementor-divider\">\n\t\t\t<span class=\"elementor-divider-separator\">\n\t\t\t\t\t\t<\/span>\n\t\t<\/div>\n\t\t\t\t\t\t<\/div>\n\t\t\t\t<\/div>\n\t\t\t\t<div class=\"elementor-element elementor-element-1a8a882 elementor-widget elementor-widget-heading\" data-id=\"1a8a882\" data-element_type=\"widget\" data-e-type=\"widget\" data-widget_type=\"heading.default\">\n\t\t\t\t<div class=\"elementor-widget-container\">\n\t\t\t\t\t<h2 class=\"elementor-heading-title elementor-size-medium\">La misogynie \u00e9ternelle<\/h2>\t\t\t\t<\/div>\n\t\t\t\t<\/div>\n\t\t\t\t<div class=\"elementor-element elementor-element-161efd5a elementor-widget elementor-widget-text-editor\" data-id=\"161efd5a\" data-element_type=\"widget\" data-e-type=\"widget\" data-widget_type=\"text-editor.default\">\n\t\t\t\t<div class=\"elementor-widget-container\">\n\t\t\t\t\t\t\t\t\t<p>Et j&rsquo;ai cess\u00e9 de t&rsquo;appeler Papa est un t\u00e9moignage construit comme un calendrier. Nous suivons donc vraiment le cheminement \u00e9motionnel de l\u2019autrice. Ce n\u2019est pas cru mais il est \u00e9vident que ce qu\u2019on va lire est d\u2019une violence inou\u00efe sans \u00eatre explicite pour autant. Elle a trouv\u00e9 le bon \u00e9quilibre pour nous livrer son histoire et l\u2019horreur v\u00e9cue par sa m\u00e8re, par elle-m\u00eame par ricochet, tout en ne nous permettant pas d\u2019\u00eatre voyeuristes pour autant. Dans la m\u00eame lign\u00e9e que <a href=\"https:\/\/sorbetkiwi.fr\/index.php\/le-consentement-de-vanessa-springora\/\">Le consentement<\/a> et <a href=\"https:\/\/sorbetkiwi.fr\/index.php\/la-familia-grande-de-camille-kouchner\/\">La familia Grande<\/a>. C&rsquo;est encore une fille qui doit prendre la parole car un p\u00e8re \/ une figure masculine de la g\u00e9n\u00e9ration paternelle est un pervers. Quand est ce que cela s\u2019arr\u00eatera ? Visiblement jamais, vu les <a href=\"https:\/\/www.ouest-france.fr\/societe\/justice\/recit-proces-des-viols-de-mazan-manifestations-temoignages-une-premiere-semaine-tres-eprouvante-da84d7b6-6c46-11ef-ae01-eadd2e601b92\">\u00e2ges des hommes<\/a> sur les bancs des accus\u00e9s. Les deux livres sont d\u2019ailleurs mentionn\u00e9s comme ayant \u00ab presque soulag\u00e9s \u00bb Caroline Darian, tout en lui \u00ab transper\u00e7ant le c\u0153ur \u00bb.<span class=\"Apple-converted-space\">\u00a0<\/span><\/p>\t\t\t\t\t\t\t\t<\/div>\n\t\t\t\t<\/div>\n\t\t\t\t<div class=\"elementor-element elementor-element-4f953c24 elementor-widget-divider--view-line elementor-widget elementor-widget-divider\" data-id=\"4f953c24\" data-element_type=\"widget\" data-e-type=\"widget\" data-widget_type=\"divider.default\">\n\t\t\t\t<div class=\"elementor-widget-container\">\n\t\t\t\t\t\t\t<div class=\"elementor-divider\">\n\t\t\t<span class=\"elementor-divider-separator\">\n\t\t\t\t\t\t<\/span>\n\t\t<\/div>\n\t\t\t\t\t\t<\/div>\n\t\t\t\t<\/div>\n\t\t\t\t<div class=\"elementor-element elementor-element-2113ea12 elementor-widget elementor-widget-heading\" data-id=\"2113ea12\" data-element_type=\"widget\" data-e-type=\"widget\" data-widget_type=\"heading.default\">\n\t\t\t\t<div class=\"elementor-widget-container\">\n\t\t\t\t\t<h2 class=\"elementor-heading-title elementor-size-medium\">Un combat de longue haleine sur la soumission chimique<\/h2>\t\t\t\t<\/div>\n\t\t\t\t<\/div>\n\t\t\t\t<div class=\"elementor-element elementor-element-2d6faa5f elementor-widget elementor-widget-text-editor\" data-id=\"2d6faa5f\" data-element_type=\"widget\" data-e-type=\"widget\" data-widget_type=\"text-editor.default\">\n\t\t\t\t<div class=\"elementor-widget-container\">\n\t\t\t\t\t\t\t\t\t<p>Mais Et comment j&rsquo;ai cess\u00e9 de t&rsquo;appeler Papa ne d\u00e9nonce pas que les agissements de son p\u00e8re en temps que tels. Cela est le sujet central, mais son objectif est surtout d&rsquo;alerter. Afin que d&rsquo;autres victimes de soumission chimique, qui n&rsquo;ont pas conscience de ce qui se passe, puissent identifier les sympt\u00f4mes sur lesquels \u00eatre vigilants. Entre temps, Caroline Darian a cr\u00e9e une association, \u00ab\u00a0<a href=\"https:\/\/mendorspas.org\">M&rsquo;endors Pas<\/a>\u00ab\u00a0, afin d&rsquo;aider les femmes concern\u00e9es. Sa remise en question du syst\u00e8me fran\u00e7ais a d\u00e9but\u00e9 \u00e0 la sortie du commissariat. Elle s&rsquo;est sentie compl\u00e8tement abandonn\u00e9e, alors imaginons sa m\u00e8re, avec l&rsquo;amplitude de l&rsquo;horreur qu&rsquo;elle vient d&rsquo;apprendre ? Tout son combat s&rsquo;axe d\u00e9sormais sur l&rsquo;accompagnement des victimes et la mise en avant de cette r\u00e9alit\u00e9. Combien de femmes ont \u00e9t\u00e9 contraintes sous soumission chimique ? Pas de statistique, mais un long combat \u00e0 mener.\u00a0<\/p>\t\t\t\t\t\t\t\t<\/div>\n\t\t\t\t<\/div>\n\t\t\t\t\t<\/div>\n\t\t<\/div>\n\t\t\t\t\t<\/div>\n\t\t<\/section>\n\t\t\t\t<\/div>\n\t\t","protected":false},"excerpt":{"rendered":"<p>Et j&rsquo;ai cess\u00e9 de t&rsquo;appeler Papa Caroline Darian R\u00e9sum\u00e9 Le 2 novembre 2020, Caroline Darian re\u00e7oit un appel de la police de Carpentras. Son p\u00e8re est en garde \u00e0 vue. La saisie de son mat\u00e9riel &hellip; <\/p>\n","protected":false},"author":1,"featured_media":7132,"comment_status":"open","ping_status":"open","sticky":false,"template":"","format":"standard","meta":{"footnotes":""},"categories":[14,1],"tags":[1735,883,1734,736,882,1736,1737,589],"class_list":["post-7131","post","type-post","status-publish","format-standard","has-post-thumbnail","hentry","category-l-ete","category-tout-le-blog","tag-caroline-darian","tag-editions-jc-lattes","tag-et-jai-cesse-de-tappeler-papa","tag-ete","tag-jc-lattes","tag-proces-mazan","tag-soumission-chimique","tag-temoignage","has-single-img"],"yoast_head":"<!-- This site is optimized with the Yoast SEO plugin v27.4 - https:\/\/yoast.com\/product\/yoast-seo-wordpress\/ -->\n<title>Et j&#039;ai cess\u00e9 de t&#039;appeler Papa de Caroline Darian - Sorbet Kiwi<\/title>\n<meta name=\"description\" content=\"Ma chronique de Et j&#039;ai cess\u00e9 de t&#039;appeler Papa de Caroline Darian publi\u00e9 aux \u00e9ditions JC Latt\u00e8s en 2022 et en poche chez Harper Collins.\" \/>\n<meta name=\"robots\" content=\"index, follow, max-snippet:-1, max-image-preview:large, max-video-preview:-1\" \/>\n<link rel=\"canonical\" href=\"https:\/\/sorbetkiwi.fr\/index.php\/et-j-ai-cesse-de-t-appeler-papa-de-caroline-darian\/\" \/>\n<meta property=\"og:locale\" content=\"fr_FR\" \/>\n<meta property=\"og:type\" content=\"article\" \/>\n<meta property=\"og:title\" content=\"Et j&#039;ai cess\u00e9 de t&#039;appeler Papa de Caroline Darian - Sorbet Kiwi\" \/>\n<meta property=\"og:description\" content=\"Ma chronique de Et j&#039;ai cess\u00e9 de t&#039;appeler Papa de Caroline Darian publi\u00e9 aux \u00e9ditions JC Latt\u00e8s en 2022 et en poche chez Harper Collins.\" \/>\n<meta property=\"og:url\" content=\"https:\/\/sorbetkiwi.fr\/index.php\/et-j-ai-cesse-de-t-appeler-papa-de-caroline-darian\/\" \/>\n<meta property=\"og:site_name\" content=\"Sorbet Kiwi\" \/>\n<meta property=\"article:publisher\" content=\"https:\/\/www.facebook.com\/profile.php?id=100086238893269\" \/>\n<meta property=\"article:published_time\" content=\"2024-09-10T05:00:00+00:00\" \/>\n<meta property=\"og:image\" content=\"https:\/\/sorbetkiwi.fr\/wp-content\/uploads\/2024\/09\/Et-jai-cesse-de-tappeler-Papa-Caroline-Darian-scaled.jpg\" \/>\n\t<meta property=\"og:image:width\" content=\"1920\" \/>\n\t<meta property=\"og:image:height\" content=\"2560\" \/>\n\t<meta property=\"og:image:type\" content=\"image\/jpeg\" \/>\n<meta name=\"author\" content=\"Sorbet-Kiwi\" \/>\n<meta name=\"twitter:card\" content=\"summary_large_image\" \/>\n<meta name=\"twitter:creator\" content=\"@pepparshoes\" \/>\n<meta name=\"twitter:site\" content=\"@pepparshoes\" \/>\n<meta name=\"twitter:label1\" content=\"\u00c9crit par\" \/>\n\t<meta name=\"twitter:data1\" content=\"Sorbet-Kiwi\" \/>\n\t<meta name=\"twitter:label2\" content=\"Dur\u00e9e de lecture estim\u00e9e\" \/>\n\t<meta name=\"twitter:data2\" content=\"4 minutes\" \/>\n<script type=\"application\/ld+json\" class=\"yoast-schema-graph\">{\"@context\":\"https:\\\/\\\/schema.org\",\"@graph\":[{\"@type\":\"Article\",\"@id\":\"https:\\\/\\\/sorbetkiwi.fr\\\/index.php\\\/et-j-ai-cesse-de-t-appeler-papa-de-caroline-darian\\\/#article\",\"isPartOf\":{\"@id\":\"https:\\\/\\\/sorbetkiwi.fr\\\/index.php\\\/et-j-ai-cesse-de-t-appeler-papa-de-caroline-darian\\\/\"},\"author\":{\"name\":\"Sorbet-Kiwi\",\"@id\":\"https:\\\/\\\/sorbetkiwi.fr\\\/#\\\/schema\\\/person\\\/ed1b7b527a2957ddc3bf38b076540659\"},\"headline\":\"Et j&rsquo;ai cess\u00e9 de t&rsquo;appeler Papa de Caroline Darian\",\"datePublished\":\"2024-09-10T05:00:00+00:00\",\"mainEntityOfPage\":{\"@id\":\"https:\\\/\\\/sorbetkiwi.fr\\\/index.php\\\/et-j-ai-cesse-de-t-appeler-papa-de-caroline-darian\\\/\"},\"wordCount\":693,\"commentCount\":4,\"publisher\":{\"@id\":\"https:\\\/\\\/sorbetkiwi.fr\\\/#organization\"},\"image\":{\"@id\":\"https:\\\/\\\/sorbetkiwi.fr\\\/index.php\\\/et-j-ai-cesse-de-t-appeler-papa-de-caroline-darian\\\/#primaryimage\"},\"thumbnailUrl\":\"https:\\\/\\\/sorbetkiwi.fr\\\/wp-content\\\/uploads\\\/2024\\\/09\\\/Et-jai-cesse-de-tappeler-Papa-Caroline-Darian-scaled.jpg\",\"keywords\":[\"Caroline Darian\",\"\u00e9ditions JC Latt\u00e8s\",\"Et j'ai cess\u00e9 de t'appeler Papa\",\"\u00e9t\u00e9\",\"JC Latt\u00e8s\",\"Proc\u00e8s Mazan\",\"Soumission chimique\",\"T\u00e9moignage\"],\"articleSection\":[\"L'\u00e9t\u00e9\",\"Tout le blog\"],\"inLanguage\":\"fr-FR\",\"potentialAction\":[{\"@type\":\"CommentAction\",\"name\":\"Comment\",\"target\":[\"https:\\\/\\\/sorbetkiwi.fr\\\/index.php\\\/et-j-ai-cesse-de-t-appeler-papa-de-caroline-darian\\\/#respond\"]}]},{\"@type\":\"WebPage\",\"@id\":\"https:\\\/\\\/sorbetkiwi.fr\\\/index.php\\\/et-j-ai-cesse-de-t-appeler-papa-de-caroline-darian\\\/\",\"url\":\"https:\\\/\\\/sorbetkiwi.fr\\\/index.php\\\/et-j-ai-cesse-de-t-appeler-papa-de-caroline-darian\\\/\",\"name\":\"Et j'ai cess\u00e9 de t'appeler Papa de Caroline Darian - Sorbet Kiwi\",\"isPartOf\":{\"@id\":\"https:\\\/\\\/sorbetkiwi.fr\\\/#website\"},\"primaryImageOfPage\":{\"@id\":\"https:\\\/\\\/sorbetkiwi.fr\\\/index.php\\\/et-j-ai-cesse-de-t-appeler-papa-de-caroline-darian\\\/#primaryimage\"},\"image\":{\"@id\":\"https:\\\/\\\/sorbetkiwi.fr\\\/index.php\\\/et-j-ai-cesse-de-t-appeler-papa-de-caroline-darian\\\/#primaryimage\"},\"thumbnailUrl\":\"https:\\\/\\\/sorbetkiwi.fr\\\/wp-content\\\/uploads\\\/2024\\\/09\\\/Et-jai-cesse-de-tappeler-Papa-Caroline-Darian-scaled.jpg\",\"datePublished\":\"2024-09-10T05:00:00+00:00\",\"description\":\"Ma chronique de Et j'ai cess\u00e9 de t'appeler Papa de Caroline Darian publi\u00e9 aux \u00e9ditions JC Latt\u00e8s en 2022 et en poche chez Harper Collins.\",\"breadcrumb\":{\"@id\":\"https:\\\/\\\/sorbetkiwi.fr\\\/index.php\\\/et-j-ai-cesse-de-t-appeler-papa-de-caroline-darian\\\/#breadcrumb\"},\"inLanguage\":\"fr-FR\",\"potentialAction\":[{\"@type\":\"ReadAction\",\"target\":[\"https:\\\/\\\/sorbetkiwi.fr\\\/index.php\\\/et-j-ai-cesse-de-t-appeler-papa-de-caroline-darian\\\/\"]}]},{\"@type\":\"ImageObject\",\"inLanguage\":\"fr-FR\",\"@id\":\"https:\\\/\\\/sorbetkiwi.fr\\\/index.php\\\/et-j-ai-cesse-de-t-appeler-papa-de-caroline-darian\\\/#primaryimage\",\"url\":\"https:\\\/\\\/sorbetkiwi.fr\\\/wp-content\\\/uploads\\\/2024\\\/09\\\/Et-jai-cesse-de-tappeler-Papa-Caroline-Darian-scaled.jpg\",\"contentUrl\":\"https:\\\/\\\/sorbetkiwi.fr\\\/wp-content\\\/uploads\\\/2024\\\/09\\\/Et-jai-cesse-de-tappeler-Papa-Caroline-Darian-scaled.jpg\",\"width\":1920,\"height\":2560,\"caption\":\"Et j'ai cess\u00e9 de t'appeler Papa Caroline Darian\"},{\"@type\":\"BreadcrumbList\",\"@id\":\"https:\\\/\\\/sorbetkiwi.fr\\\/index.php\\\/et-j-ai-cesse-de-t-appeler-papa-de-caroline-darian\\\/#breadcrumb\",\"itemListElement\":[{\"@type\":\"ListItem\",\"position\":1,\"name\":\"Accueil\",\"item\":\"https:\\\/\\\/sorbetkiwi.fr\\\/\"},{\"@type\":\"ListItem\",\"position\":2,\"name\":\"Et j&rsquo;ai cess\u00e9 de t&rsquo;appeler Papa de Caroline Darian\"}]},{\"@type\":\"WebSite\",\"@id\":\"https:\\\/\\\/sorbetkiwi.fr\\\/#website\",\"url\":\"https:\\\/\\\/sorbetkiwi.fr\\\/\",\"name\":\"Sorbet Kiwi\",\"description\":\"Des lectures th\u00e9matiques par saison et les avis qui vont avec\",\"publisher\":{\"@id\":\"https:\\\/\\\/sorbetkiwi.fr\\\/#organization\"},\"potentialAction\":[{\"@type\":\"SearchAction\",\"target\":{\"@type\":\"EntryPoint\",\"urlTemplate\":\"https:\\\/\\\/sorbetkiwi.fr\\\/?s={search_term_string}\"},\"query-input\":{\"@type\":\"PropertyValueSpecification\",\"valueRequired\":true,\"valueName\":\"search_term_string\"}}],\"inLanguage\":\"fr-FR\"},{\"@type\":\"Organization\",\"@id\":\"https:\\\/\\\/sorbetkiwi.fr\\\/#organization\",\"name\":\"Sorbet Kiwi\",\"url\":\"https:\\\/\\\/sorbetkiwi.fr\\\/\",\"logo\":{\"@type\":\"ImageObject\",\"inLanguage\":\"fr-FR\",\"@id\":\"https:\\\/\\\/sorbetkiwi.fr\\\/#\\\/schema\\\/logo\\\/image\\\/\",\"url\":\"https:\\\/\\\/sorbetkiwi.fr\\\/wp-content\\\/uploads\\\/2022\\\/10\\\/Banniere-Sorbet-Kiwi-2022.jpg\",\"contentUrl\":\"https:\\\/\\\/sorbetkiwi.fr\\\/wp-content\\\/uploads\\\/2022\\\/10\\\/Banniere-Sorbet-Kiwi-2022.jpg\",\"width\":814,\"height\":401,\"caption\":\"Sorbet Kiwi\"},\"image\":{\"@id\":\"https:\\\/\\\/sorbetkiwi.fr\\\/#\\\/schema\\\/logo\\\/image\\\/\"},\"sameAs\":[\"https:\\\/\\\/www.facebook.com\\\/profile.php?id=100086238893269\",\"https:\\\/\\\/x.com\\\/pepparshoes\",\"https:\\\/\\\/www.instagram.com\\\/sorbetkiwi\\\/\",\"https:\\\/\\\/www.tiktok.com\\\/sorbetkiwi\"]},{\"@type\":\"Person\",\"@id\":\"https:\\\/\\\/sorbetkiwi.fr\\\/#\\\/schema\\\/person\\\/ed1b7b527a2957ddc3bf38b076540659\",\"name\":\"Sorbet-Kiwi\",\"image\":{\"@type\":\"ImageObject\",\"inLanguage\":\"fr-FR\",\"@id\":\"https:\\\/\\\/secure.gravatar.com\\\/avatar\\\/86f0a5c27d76317621b9e374d0f3a01d3a85278f10d0c7207ced4fd773057442?s=96&d=mm&r=g\",\"url\":\"https:\\\/\\\/secure.gravatar.com\\\/avatar\\\/86f0a5c27d76317621b9e374d0f3a01d3a85278f10d0c7207ced4fd773057442?s=96&d=mm&r=g\",\"contentUrl\":\"https:\\\/\\\/secure.gravatar.com\\\/avatar\\\/86f0a5c27d76317621b9e374d0f3a01d3a85278f10d0c7207ced4fd773057442?s=96&d=mm&r=g\",\"caption\":\"Sorbet-Kiwi\"},\"sameAs\":[\"http:\\\/\\\/sorbetkiwi.fr\"],\"url\":\"https:\\\/\\\/sorbetkiwi.fr\\\/index.php\\\/author\\\/admin7717\\\/\"}]}<\/script>\n<!-- \/ Yoast SEO plugin. -->","yoast_head_json":{"title":"Et j'ai cess\u00e9 de t'appeler Papa de Caroline Darian - Sorbet Kiwi","description":"Ma chronique de Et j'ai cess\u00e9 de t'appeler Papa de Caroline Darian publi\u00e9 aux \u00e9ditions JC Latt\u00e8s en 2022 et en poche chez Harper Collins.","robots":{"index":"index","follow":"follow","max-snippet":"max-snippet:-1","max-image-preview":"max-image-preview:large","max-video-preview":"max-video-preview:-1"},"canonical":"https:\/\/sorbetkiwi.fr\/index.php\/et-j-ai-cesse-de-t-appeler-papa-de-caroline-darian\/","og_locale":"fr_FR","og_type":"article","og_title":"Et j'ai cess\u00e9 de t'appeler Papa de Caroline Darian - Sorbet Kiwi","og_description":"Ma chronique de Et j'ai cess\u00e9 de t'appeler Papa de Caroline Darian publi\u00e9 aux \u00e9ditions JC Latt\u00e8s en 2022 et en poche chez Harper Collins.","og_url":"https:\/\/sorbetkiwi.fr\/index.php\/et-j-ai-cesse-de-t-appeler-papa-de-caroline-darian\/","og_site_name":"Sorbet Kiwi","article_publisher":"https:\/\/www.facebook.com\/profile.php?id=100086238893269","article_published_time":"2024-09-10T05:00:00+00:00","og_image":[{"width":1920,"height":2560,"url":"https:\/\/sorbetkiwi.fr\/wp-content\/uploads\/2024\/09\/Et-jai-cesse-de-tappeler-Papa-Caroline-Darian-scaled.jpg","type":"image\/jpeg"}],"author":"Sorbet-Kiwi","twitter_card":"summary_large_image","twitter_creator":"@pepparshoes","twitter_site":"@pepparshoes","twitter_misc":{"\u00c9crit par":"Sorbet-Kiwi","Dur\u00e9e de lecture estim\u00e9e":"4 minutes"},"schema":{"@context":"https:\/\/schema.org","@graph":[{"@type":"Article","@id":"https:\/\/sorbetkiwi.fr\/index.php\/et-j-ai-cesse-de-t-appeler-papa-de-caroline-darian\/#article","isPartOf":{"@id":"https:\/\/sorbetkiwi.fr\/index.php\/et-j-ai-cesse-de-t-appeler-papa-de-caroline-darian\/"},"author":{"name":"Sorbet-Kiwi","@id":"https:\/\/sorbetkiwi.fr\/#\/schema\/person\/ed1b7b527a2957ddc3bf38b076540659"},"headline":"Et j&rsquo;ai cess\u00e9 de t&rsquo;appeler Papa de Caroline Darian","datePublished":"2024-09-10T05:00:00+00:00","mainEntityOfPage":{"@id":"https:\/\/sorbetkiwi.fr\/index.php\/et-j-ai-cesse-de-t-appeler-papa-de-caroline-darian\/"},"wordCount":693,"commentCount":4,"publisher":{"@id":"https:\/\/sorbetkiwi.fr\/#organization"},"image":{"@id":"https:\/\/sorbetkiwi.fr\/index.php\/et-j-ai-cesse-de-t-appeler-papa-de-caroline-darian\/#primaryimage"},"thumbnailUrl":"https:\/\/sorbetkiwi.fr\/wp-content\/uploads\/2024\/09\/Et-jai-cesse-de-tappeler-Papa-Caroline-Darian-scaled.jpg","keywords":["Caroline Darian","\u00e9ditions JC Latt\u00e8s","Et j'ai cess\u00e9 de t'appeler Papa","\u00e9t\u00e9","JC Latt\u00e8s","Proc\u00e8s Mazan","Soumission chimique","T\u00e9moignage"],"articleSection":["L'\u00e9t\u00e9","Tout le blog"],"inLanguage":"fr-FR","potentialAction":[{"@type":"CommentAction","name":"Comment","target":["https:\/\/sorbetkiwi.fr\/index.php\/et-j-ai-cesse-de-t-appeler-papa-de-caroline-darian\/#respond"]}]},{"@type":"WebPage","@id":"https:\/\/sorbetkiwi.fr\/index.php\/et-j-ai-cesse-de-t-appeler-papa-de-caroline-darian\/","url":"https:\/\/sorbetkiwi.fr\/index.php\/et-j-ai-cesse-de-t-appeler-papa-de-caroline-darian\/","name":"Et j'ai cess\u00e9 de t'appeler Papa de Caroline Darian - Sorbet Kiwi","isPartOf":{"@id":"https:\/\/sorbetkiwi.fr\/#website"},"primaryImageOfPage":{"@id":"https:\/\/sorbetkiwi.fr\/index.php\/et-j-ai-cesse-de-t-appeler-papa-de-caroline-darian\/#primaryimage"},"image":{"@id":"https:\/\/sorbetkiwi.fr\/index.php\/et-j-ai-cesse-de-t-appeler-papa-de-caroline-darian\/#primaryimage"},"thumbnailUrl":"https:\/\/sorbetkiwi.fr\/wp-content\/uploads\/2024\/09\/Et-jai-cesse-de-tappeler-Papa-Caroline-Darian-scaled.jpg","datePublished":"2024-09-10T05:00:00+00:00","description":"Ma chronique de Et j'ai cess\u00e9 de t'appeler Papa de Caroline Darian publi\u00e9 aux \u00e9ditions JC Latt\u00e8s en 2022 et en poche chez Harper Collins.","breadcrumb":{"@id":"https:\/\/sorbetkiwi.fr\/index.php\/et-j-ai-cesse-de-t-appeler-papa-de-caroline-darian\/#breadcrumb"},"inLanguage":"fr-FR","potentialAction":[{"@type":"ReadAction","target":["https:\/\/sorbetkiwi.fr\/index.php\/et-j-ai-cesse-de-t-appeler-papa-de-caroline-darian\/"]}]},{"@type":"ImageObject","inLanguage":"fr-FR","@id":"https:\/\/sorbetkiwi.fr\/index.php\/et-j-ai-cesse-de-t-appeler-papa-de-caroline-darian\/#primaryimage","url":"https:\/\/sorbetkiwi.fr\/wp-content\/uploads\/2024\/09\/Et-jai-cesse-de-tappeler-Papa-Caroline-Darian-scaled.jpg","contentUrl":"https:\/\/sorbetkiwi.fr\/wp-content\/uploads\/2024\/09\/Et-jai-cesse-de-tappeler-Papa-Caroline-Darian-scaled.jpg","width":1920,"height":2560,"caption":"Et j'ai cess\u00e9 de t'appeler Papa Caroline Darian"},{"@type":"BreadcrumbList","@id":"https:\/\/sorbetkiwi.fr\/index.php\/et-j-ai-cesse-de-t-appeler-papa-de-caroline-darian\/#breadcrumb","itemListElement":[{"@type":"ListItem","position":1,"name":"Accueil","item":"https:\/\/sorbetkiwi.fr\/"},{"@type":"ListItem","position":2,"name":"Et j&rsquo;ai cess\u00e9 de t&rsquo;appeler Papa de Caroline Darian"}]},{"@type":"WebSite","@id":"https:\/\/sorbetkiwi.fr\/#website","url":"https:\/\/sorbetkiwi.fr\/","name":"Sorbet Kiwi","description":"Des lectures th\u00e9matiques par saison et les avis qui vont avec","publisher":{"@id":"https:\/\/sorbetkiwi.fr\/#organization"},"potentialAction":[{"@type":"SearchAction","target":{"@type":"EntryPoint","urlTemplate":"https:\/\/sorbetkiwi.fr\/?s={search_term_string}"},"query-input":{"@type":"PropertyValueSpecification","valueRequired":true,"valueName":"search_term_string"}}],"inLanguage":"fr-FR"},{"@type":"Organization","@id":"https:\/\/sorbetkiwi.fr\/#organization","name":"Sorbet Kiwi","url":"https:\/\/sorbetkiwi.fr\/","logo":{"@type":"ImageObject","inLanguage":"fr-FR","@id":"https:\/\/sorbetkiwi.fr\/#\/schema\/logo\/image\/","url":"https:\/\/sorbetkiwi.fr\/wp-content\/uploads\/2022\/10\/Banniere-Sorbet-Kiwi-2022.jpg","contentUrl":"https:\/\/sorbetkiwi.fr\/wp-content\/uploads\/2022\/10\/Banniere-Sorbet-Kiwi-2022.jpg","width":814,"height":401,"caption":"Sorbet Kiwi"},"image":{"@id":"https:\/\/sorbetkiwi.fr\/#\/schema\/logo\/image\/"},"sameAs":["https:\/\/www.facebook.com\/profile.php?id=100086238893269","https:\/\/x.com\/pepparshoes","https:\/\/www.instagram.com\/sorbetkiwi\/","https:\/\/www.tiktok.com\/sorbetkiwi"]},{"@type":"Person","@id":"https:\/\/sorbetkiwi.fr\/#\/schema\/person\/ed1b7b527a2957ddc3bf38b076540659","name":"Sorbet-Kiwi","image":{"@type":"ImageObject","inLanguage":"fr-FR","@id":"https:\/\/secure.gravatar.com\/avatar\/86f0a5c27d76317621b9e374d0f3a01d3a85278f10d0c7207ced4fd773057442?s=96&d=mm&r=g","url":"https:\/\/secure.gravatar.com\/avatar\/86f0a5c27d76317621b9e374d0f3a01d3a85278f10d0c7207ced4fd773057442?s=96&d=mm&r=g","contentUrl":"https:\/\/secure.gravatar.com\/avatar\/86f0a5c27d76317621b9e374d0f3a01d3a85278f10d0c7207ced4fd773057442?s=96&d=mm&r=g","caption":"Sorbet-Kiwi"},"sameAs":["http:\/\/sorbetkiwi.fr"],"url":"https:\/\/sorbetkiwi.fr\/index.php\/author\/admin7717\/"}]}},"_links":{"self":[{"href":"https:\/\/sorbetkiwi.fr\/index.php\/wp-json\/wp\/v2\/posts\/7131","targetHints":{"allow":["GET"]}}],"collection":[{"href":"https:\/\/sorbetkiwi.fr\/index.php\/wp-json\/wp\/v2\/posts"}],"about":[{"href":"https:\/\/sorbetkiwi.fr\/index.php\/wp-json\/wp\/v2\/types\/post"}],"author":[{"embeddable":true,"href":"https:\/\/sorbetkiwi.fr\/index.php\/wp-json\/wp\/v2\/users\/1"}],"replies":[{"embeddable":true,"href":"https:\/\/sorbetkiwi.fr\/index.php\/wp-json\/wp\/v2\/comments?post=7131"}],"version-history":[{"count":5,"href":"https:\/\/sorbetkiwi.fr\/index.php\/wp-json\/wp\/v2\/posts\/7131\/revisions"}],"predecessor-version":[{"id":7137,"href":"https:\/\/sorbetkiwi.fr\/index.php\/wp-json\/wp\/v2\/posts\/7131\/revisions\/7137"}],"wp:featuredmedia":[{"embeddable":true,"href":"https:\/\/sorbetkiwi.fr\/index.php\/wp-json\/wp\/v2\/media\/7132"}],"wp:attachment":[{"href":"https:\/\/sorbetkiwi.fr\/index.php\/wp-json\/wp\/v2\/media?parent=7131"}],"wp:term":[{"taxonomy":"category","embeddable":true,"href":"https:\/\/sorbetkiwi.fr\/index.php\/wp-json\/wp\/v2\/categories?post=7131"},{"taxonomy":"post_tag","embeddable":true,"href":"https:\/\/sorbetkiwi.fr\/index.php\/wp-json\/wp\/v2\/tags?post=7131"}],"curies":[{"name":"wp","href":"https:\/\/api.w.org\/{rel}","templated":true}]}}