{"id":7086,"date":"2024-08-26T07:00:00","date_gmt":"2024-08-26T05:00:00","guid":{"rendered":"https:\/\/sorbetkiwi.fr\/?p=7086"},"modified":"2024-08-25T15:02:58","modified_gmt":"2024-08-25T13:02:58","slug":"au-dela-des-nuages-de-jenny-colgan","status":"publish","type":"post","link":"https:\/\/sorbetkiwi.fr\/index.php\/au-dela-des-nuages-de-jenny-colgan\/","title":{"rendered":"Au-del\u00e0 des nuages de Jenny Colgan\u00a0"},"content":{"rendered":"\t\t<div data-elementor-type=\"wp-post\" data-elementor-id=\"7086\" class=\"elementor elementor-7086\">\n\t\t\t\t\t\t<section class=\"elementor-section elementor-top-section elementor-element elementor-element-7046e452 elementor-section-boxed elementor-section-height-default elementor-section-height-default\" data-id=\"7046e452\" data-element_type=\"section\" data-e-type=\"section\">\n\t\t\t\t\t\t<div class=\"elementor-container elementor-column-gap-default\">\n\t\t\t\t\t<div class=\"elementor-column elementor-col-100 elementor-top-column elementor-element elementor-element-603639b9\" data-id=\"603639b9\" data-element_type=\"column\" data-e-type=\"column\">\n\t\t\t<div class=\"elementor-widget-wrap elementor-element-populated\">\n\t\t\t\t\t\t<div class=\"elementor-element elementor-element-75a4ef68 elementor-widget elementor-widget-heading\" data-id=\"75a4ef68\" data-element_type=\"widget\" data-e-type=\"widget\" data-widget_type=\"heading.default\">\n\t\t\t\t<div class=\"elementor-widget-container\">\n\t\t\t\t\t<h1 class=\"elementor-heading-title elementor-size-medium\">Au-del\u00e0 des nuages de Jenny Colgan \u00e0 Denia \n<\/h1>\t\t\t\t<\/div>\n\t\t\t\t<\/div>\n\t\t\t\t<div class=\"elementor-element elementor-element-fa71c94 elementor-view-default elementor-widget elementor-widget-icon\" data-id=\"fa71c94\" data-element_type=\"widget\" data-e-type=\"widget\" data-widget_type=\"icon.default\">\n\t\t\t\t<div class=\"elementor-widget-container\">\n\t\t\t\t\t\t\t<div class=\"elementor-icon-wrapper\">\n\t\t\t<div class=\"elementor-icon\">\n\t\t\t<i aria-hidden=\"true\" class=\"fas fa-cocktail\"><\/i>\t\t\t<\/div>\n\t\t<\/div>\n\t\t\t\t\t\t<\/div>\n\t\t\t\t<\/div>\n\t\t\t\t<div class=\"elementor-element elementor-element-1ea793f0 elementor-widget-divider--view-line elementor-widget elementor-widget-divider\" data-id=\"1ea793f0\" data-element_type=\"widget\" data-e-type=\"widget\" data-widget_type=\"divider.default\">\n\t\t\t\t<div class=\"elementor-widget-container\">\n\t\t\t\t\t\t\t<div class=\"elementor-divider\">\n\t\t\t<span class=\"elementor-divider-separator\">\n\t\t\t\t\t\t<\/span>\n\t\t<\/div>\n\t\t\t\t\t\t<\/div>\n\t\t\t\t<\/div>\n\t\t\t\t<div class=\"elementor-element elementor-element-461de05 elementor-widget elementor-widget-heading\" data-id=\"461de05\" data-element_type=\"widget\" data-e-type=\"widget\" data-widget_type=\"heading.default\">\n\t\t\t\t<div class=\"elementor-widget-container\">\n\t\t\t\t\t<h2 class=\"elementor-heading-title elementor-size-medium\">R\u00e9sum\u00e9<\/h2>\t\t\t\t<\/div>\n\t\t\t\t<\/div>\n\t\t\t\t<div class=\"elementor-element elementor-element-3740045 elementor-widget elementor-widget-text-editor\" data-id=\"3740045\" data-element_type=\"widget\" data-e-type=\"widget\" data-widget_type=\"text-editor.default\">\n\t\t\t\t<div class=\"elementor-widget-container\">\n\t\t\t\t\t\t\t\t\t<p>N\u00e9e dans une famille d\u2019illustres pilotes des Highlands, Morag MacIntyre a toujours su qu\u2019elle passerait sa vie dans les nuages : un r\u00eave d\u00e9truit par un accident traumatisant qui l\u2019emp\u00eache d\u00e9sormais de monter dans un cockpit. Mais quand son grand-p\u00e8re malade lui demande de g\u00e9rer MacIntyre Air le temps de son r\u00e9tablissement, elle accepte de reprendre les commandes de Dolly, le vieil avion \u00e0 h\u00e9lice familial, pour assurer les livraisons dont d\u00e9pendent les habitants d\u2019un petit archipel au large de l\u2019\u00c9cosse.<\/p><p>Malgr\u00e9 sa peur, elle renoue peu \u00e0 peu avec la joie de voler, jusqu\u2019au jour o\u00f9 une terrible temp\u00eate l\u2019oblige \u00e0 atterrir sur une \u00eele isol\u00e9e qui compte pour seul habitant un ornithologue solitaire. Morag va devoir cohabiter avec cet homme bourru le temps que les secours arrivent. Et l\u2019attente pourrait \u00eatre tr\u00e8s longue\u2026<\/p>\t\t\t\t\t\t\t\t<\/div>\n\t\t\t\t<\/div>\n\t\t\t\t<div class=\"elementor-element elementor-element-364fc8e0 elementor-widget-divider--view-line elementor-widget elementor-widget-divider\" data-id=\"364fc8e0\" data-element_type=\"widget\" data-e-type=\"widget\" data-widget_type=\"divider.default\">\n\t\t\t\t<div class=\"elementor-widget-container\">\n\t\t\t\t\t\t\t<div class=\"elementor-divider\">\n\t\t\t<span class=\"elementor-divider-separator\">\n\t\t\t\t\t\t<\/span>\n\t\t<\/div>\n\t\t\t\t\t\t<\/div>\n\t\t\t\t<\/div>\n\t\t\t\t<div class=\"elementor-element elementor-element-117f2470 elementor-widget elementor-widget-heading\" data-id=\"117f2470\" data-element_type=\"widget\" data-e-type=\"widget\" data-widget_type=\"heading.default\">\n\t\t\t\t<div class=\"elementor-widget-container\">\n\t\t\t\t\t<h2 class=\"elementor-heading-title elementor-size-medium\">Retrouvailles avec Jenny Colgan<\/h2>\t\t\t\t<\/div>\n\t\t\t\t<\/div>\n\t\t\t\t<div class=\"elementor-element elementor-element-4df59a67 elementor-widget elementor-widget-text-editor\" data-id=\"4df59a67\" data-element_type=\"widget\" data-e-type=\"widget\" data-widget_type=\"text-editor.default\">\n\t\t\t\t<div class=\"elementor-widget-container\">\n\t\t\t\t\t\t\t\t\t<p>Cela faisait un long moment que je n\u2019avais plus lu Jenny Colgan. Je crois que ma derni\u00e8re d\u00e9couverte d\u2019un de ses romans \u00e9tait <a href=\"https:\/\/sorbetkiwi.fr\/index.php\/la-petite-boulangerie-du-bout-du-monde-de-jenny-colgan\/\">La petite boulangerie du bout du monde<\/a>. \u00c7a remonte ! J\u2019avais beaucoup aim\u00e9 sa plume et je l\u2019ai trouv\u00e9 tr\u00e8s douce. \u00c0 part passer un bon moment, je n\u2019avais donc aucune attente de ce roman. Ce qui fait que j\u2019ai \u00e9clat\u00e9 de rire lorsque j\u2019ai lu l\u2019avant-propos dans lequel l\u2019autrice s\u2019excuse d\u2019embl\u00e9e sur les inexactitudes techniques li\u00e9es \u00e0 l\u2019aviation. Je ne lis pas des romans pour devenir experte en un domaine mais j\u2019imagine que si l\u2019on est pilote, il faut passer son chemin.\u00a0<\/p><p>Moi, ce que je voulais, c\u2019\u00e9tait voyager. Et je l\u2019ai lu pendant mes vacances en Espagne d\u2019ailleurs, en me projetant d\u00e9j\u00e0 en \u00c9cosse l\u2019ann\u00e9e prochaine ! (Ce qui est un fait, je serai 10 jours dans le coin de Wick pour un mariage en juin 2025). Enfin, si l\u2019on souhaite respecter les saisons, techniquement, il se passe au printemps. Mais je l\u2019ai trouv\u00e9 parfaitement adapt\u00e9 \u00e0 l\u2019\u00e9t\u00e9 aussi puisqu\u2019il s\u2019agit de voyage.<span class=\"Apple-converted-space\">\u00a0<\/span><\/p>\t\t\t\t\t\t\t\t<\/div>\n\t\t\t\t<\/div>\n\t\t\t\t<div class=\"elementor-element elementor-element-2c7c937f elementor-widget-divider--view-line elementor-widget elementor-widget-divider\" data-id=\"2c7c937f\" data-element_type=\"widget\" data-e-type=\"widget\" data-widget_type=\"divider.default\">\n\t\t\t\t<div class=\"elementor-widget-container\">\n\t\t\t\t\t\t\t<div class=\"elementor-divider\">\n\t\t\t<span class=\"elementor-divider-separator\">\n\t\t\t\t\t\t<\/span>\n\t\t<\/div>\n\t\t\t\t\t\t<\/div>\n\t\t\t\t<\/div>\n\t\t\t\t<div class=\"elementor-element elementor-element-7b7af785 elementor-widget elementor-widget-heading\" data-id=\"7b7af785\" data-element_type=\"widget\" data-e-type=\"widget\" data-widget_type=\"heading.default\">\n\t\t\t\t<div class=\"elementor-widget-container\">\n\t\t\t\t\t<h4 class=\"elementor-heading-title elementor-size-medium\">\u00ab\u00a0Tout \u00e0 un son, m\u2019avait-il expliqu\u00e9. Tout bourdonne. La nature n\u2019est jamais silencieuse, mais g\u00e9n\u00e9ralement, on ne l\u2019entend pas.\u00a0\u00bb\n<\/h4>\t\t\t\t<\/div>\n\t\t\t\t<\/div>\n\t\t\t\t<div class=\"elementor-element elementor-element-54547886 elementor-widget-divider--view-line elementor-widget elementor-widget-divider\" data-id=\"54547886\" data-element_type=\"widget\" data-e-type=\"widget\" data-widget_type=\"divider.default\">\n\t\t\t\t<div class=\"elementor-widget-container\">\n\t\t\t\t\t\t\t<div class=\"elementor-divider\">\n\t\t\t<span class=\"elementor-divider-separator\">\n\t\t\t\t\t\t<\/span>\n\t\t<\/div>\n\t\t\t\t\t\t<\/div>\n\t\t\t\t<\/div>\n\t\t\t\t<div class=\"elementor-element elementor-element-df86335 elementor-widget elementor-widget-heading\" data-id=\"df86335\" data-element_type=\"widget\" data-e-type=\"widget\" data-widget_type=\"heading.default\">\n\t\t\t\t<div class=\"elementor-widget-container\">\n\t\t\t\t\t<h2 class=\"elementor-heading-title elementor-size-medium\">Il n\u2019y en a pas un pour rattraper l\u2019autre\n<\/h2>\t\t\t\t<\/div>\n\t\t\t\t<\/div>\n\t\t\t\t<div class=\"elementor-element elementor-element-6586bc3a elementor-widget elementor-widget-text-editor\" data-id=\"6586bc3a\" data-element_type=\"widget\" data-e-type=\"widget\" data-widget_type=\"text-editor.default\">\n\t\t\t\t<div class=\"elementor-widget-container\">\n\t\t\t\t\t\t\t\t\t<p>Mais et l\u2019histoire d\u2019Au-del\u00e0 des nuages, alors ? L\u2019ensemble \u00e9tait bien parti, j\u2019ai appr\u00e9ci\u00e9 l\u2019ambiance. Mais d\u00e8s que Morag s\u2019\u00e9choue sur l\u2019\u00eele, je me suis moi aussi prise le d\u00e9luge de la temp\u00eate en plein visage. Sinc\u00e8rement, je l\u2019ai trouv\u00e9 ingrate et malpolie. \u00c9videmment qu\u2019il est normal de secourir une inconnue qui s\u2019\u00e9choue sur une \u00eele, mais Gregor n\u2019\u00e9tait ni d\u00e9sagr\u00e9able ni bourru. Il le lui fait d\u2019ailleurs tr\u00e8s gentiment remarqu\u00e9 alors que je n\u2019aurai pas eu sa patience. Si patient que je l\u2019ai consid\u00e9r\u00e9 nonchalant. Ce qui m\u2019a tout autant agac\u00e9. Bref, pas un personnage pour rattraper l\u2019autre et c\u2019est un peu ballot lorsqu\u2019il n\u2019y en a que deux sur une \u00eele isol\u00e9e ! Ce jeu du \u00ab je refuse de voir que tu es gentil et moi que tu es comp\u00e9tente \u00bb donne de sacr\u00e9es longueurs au roman.<span class=\"Apple-converted-space\">\u00a0<\/span><\/p>\t\t\t\t\t\t\t\t<\/div>\n\t\t\t\t<\/div>\n\t\t\t\t<div class=\"elementor-element elementor-element-4724dc53 elementor-widget-divider--view-line elementor-widget elementor-widget-divider\" data-id=\"4724dc53\" data-element_type=\"widget\" data-e-type=\"widget\" data-widget_type=\"divider.default\">\n\t\t\t\t<div class=\"elementor-widget-container\">\n\t\t\t\t\t\t\t<div class=\"elementor-divider\">\n\t\t\t<span class=\"elementor-divider-separator\">\n\t\t\t\t\t\t<\/span>\n\t\t<\/div>\n\t\t\t\t\t\t<\/div>\n\t\t\t\t<\/div>\n\t\t\t\t<div class=\"elementor-element elementor-element-50d7a51b elementor-widget elementor-widget-heading\" data-id=\"50d7a51b\" data-element_type=\"widget\" data-e-type=\"widget\" data-widget_type=\"heading.default\">\n\t\t\t\t<div class=\"elementor-widget-container\">\n\t\t\t\t\t<h2 class=\"elementor-heading-title elementor-size-medium\">Du positif, quand m\u00eame\n<\/h2>\t\t\t\t<\/div>\n\t\t\t\t<\/div>\n\t\t\t\t<div class=\"elementor-element elementor-element-3189e29d elementor-widget elementor-widget-text-editor\" data-id=\"3189e29d\" data-element_type=\"widget\" data-e-type=\"widget\" data-widget_type=\"text-editor.default\">\n\t\t\t\t<div class=\"elementor-widget-container\">\n\t\t\t\t\t\t\t\t\t<p>Bon, heureusement, cela s\u2019am\u00e9liore une fois que Morag se rend compte de son manque d\u2019empathie et surtout qu\u2019elle se met face \u00e0 ses contradictions. Mais j\u2019aurai tout de m\u00eame aim\u00e9 bien plus de remises en question de sa part. Sa prise de conscience semble naturelle, mais peu r\u00e9fl\u00e9chie. Et je n\u2019ai pas appr\u00e9ci\u00e9 le d\u00e9nouement avec son fr\u00e8re. Tout \u00e7a n\u2019est donc pas tr\u00e8s encourageant, au final. Je ne peux pas dire que j\u2019ai pass\u00e9 un super moment, puisque j\u2019ai beaucoup roul\u00e9 des yeux et que je l\u2019ai m\u00eame un peu insult\u00e9 au passage.\u00a0<\/p><p>Mais il y a des choses que j\u2019ai aim\u00e9 : l\u2019Ecosse. La nature. L\u2019ambiance seule au monde. Gregor, la plupart du temps, aussi. Les descriptions des vols au dessus des \u00eeles, Au-del\u00e0 des nuages. Ce n\u2019est donc pas une catastrophe non plus ! Et si vous aimez les romans un peu m\u00e9lodramatiques vous allez adorer ! Ce n\u2019est juste pas trop mon cas, mais apr\u00e8s tout, il en faut pour tout le monde.<span class=\"Apple-converted-space\">\u00a0<\/span><\/p>\t\t\t\t\t\t\t\t<\/div>\n\t\t\t\t<\/div>\n\t\t\t\t<div class=\"elementor-element elementor-element-51ed86e9 elementor-widget elementor-widget-heading\" data-id=\"51ed86e9\" data-element_type=\"widget\" data-e-type=\"widget\" data-widget_type=\"heading.default\">\n\t\t\t\t<div class=\"elementor-widget-container\">\n\t\t\t\t\t<h4 class=\"elementor-heading-title elementor-size-medium\">Mes chroniques des autres romans de Jenny Colgan\n<\/h4>\t\t\t\t<\/div>\n\t\t\t\t<\/div>\n\t\t\t\t<div class=\"elementor-element elementor-element-5fc88947 elementor-widget elementor-widget-text-editor\" data-id=\"5fc88947\" data-element_type=\"widget\" data-e-type=\"widget\" data-widget_type=\"text-editor.default\">\n\t\t\t\t<div class=\"elementor-widget-container\">\n\t\t\t\t\t\t\t\t\t<p>Mes autres avis sur les romans de l\u2019autrice :<\/p><ul><li><a href=\"https:\/\/sorbetkiwi.fr\/index.php\/la-petite-boulangerie-du-bout-du-monde-de-jenny-colgan\/\">La petite boulangerie du bout du monde<\/a><\/li><\/ul>\t\t\t\t\t\t\t\t<\/div>\n\t\t\t\t<\/div>\n\t\t\t\t\t<\/div>\n\t\t<\/div>\n\t\t\t\t\t<\/div>\n\t\t<\/section>\n\t\t\t\t<\/div>\n\t\t","protected":false},"excerpt":{"rendered":"<p>Au-del\u00e0 des nuages de Jenny Colgan \u00e0 Denia R\u00e9sum\u00e9 N\u00e9e dans une famille d\u2019illustres pilotes des Highlands, Morag MacIntyre a toujours su qu\u2019elle passerait sa vie dans les nuages : un r\u00eave d\u00e9truit par un &hellip; <\/p>\n","protected":false},"author":1,"featured_media":7088,"comment_status":"open","ping_status":"open","sticky":false,"template":"","format":"standard","meta":{"footnotes":""},"categories":[14,8,1],"tags":[1722,31,736,1671,230,262],"class_list":["post-7086","post","type-post","status-publish","format-standard","has-post-thumbnail","hentry","category-l-ete","category-partenariats","category-tout-le-blog","tag-au-dela-des-nuages","tag-editions-charleston","tag-ete","tag-jenny-colgan","tag-roman-contemporain","tag-voyage","has-single-img"],"yoast_head":"<!-- This site is optimized with the Yoast SEO plugin v27.4 - https:\/\/yoast.com\/product\/yoast-seo-wordpress\/ -->\n<title>Au-del\u00e0 des nuages de Jenny Colgan\u00a0 - Sorbet Kiwi<\/title>\n<meta name=\"description\" content=\"Ma chronique du roman Au-del\u00e0 des nuages de Jenny Colgan publi\u00e9 aux \u00e9ditions Charleston en grand format en 2024.\" \/>\n<meta name=\"robots\" content=\"index, follow, max-snippet:-1, max-image-preview:large, max-video-preview:-1\" \/>\n<link rel=\"canonical\" href=\"https:\/\/sorbetkiwi.fr\/index.php\/au-dela-des-nuages-de-jenny-colgan\/\" \/>\n<meta property=\"og:locale\" content=\"fr_FR\" \/>\n<meta property=\"og:type\" content=\"article\" \/>\n<meta property=\"og:title\" content=\"Au-del\u00e0 des nuages de Jenny Colgan\u00a0 - Sorbet Kiwi\" \/>\n<meta property=\"og:description\" content=\"Ma chronique du roman Au-del\u00e0 des nuages de Jenny Colgan publi\u00e9 aux \u00e9ditions Charleston en grand format en 2024.\" \/>\n<meta property=\"og:url\" content=\"https:\/\/sorbetkiwi.fr\/index.php\/au-dela-des-nuages-de-jenny-colgan\/\" \/>\n<meta property=\"og:site_name\" content=\"Sorbet Kiwi\" \/>\n<meta property=\"article:publisher\" content=\"https:\/\/www.facebook.com\/profile.php?id=100086238893269\" \/>\n<meta property=\"article:published_time\" content=\"2024-08-26T05:00:00+00:00\" \/>\n<meta property=\"og:image\" content=\"https:\/\/sorbetkiwi.fr\/wp-content\/uploads\/2024\/08\/Au-dela-des-nuages-Jenny-Colgan.jpg\" \/>\n\t<meta property=\"og:image:width\" content=\"1080\" \/>\n\t<meta property=\"og:image:height\" content=\"1440\" \/>\n\t<meta property=\"og:image:type\" content=\"image\/jpeg\" \/>\n<meta name=\"author\" content=\"Sorbet-Kiwi\" \/>\n<meta name=\"twitter:card\" content=\"summary_large_image\" \/>\n<meta name=\"twitter:creator\" content=\"@pepparshoes\" \/>\n<meta name=\"twitter:site\" content=\"@pepparshoes\" \/>\n<meta name=\"twitter:label1\" content=\"\u00c9crit par\" \/>\n\t<meta name=\"twitter:data1\" content=\"Sorbet-Kiwi\" \/>\n\t<meta name=\"twitter:label2\" content=\"Dur\u00e9e de lecture estim\u00e9e\" \/>\n\t<meta name=\"twitter:data2\" content=\"4 minutes\" \/>\n<script type=\"application\/ld+json\" class=\"yoast-schema-graph\">{\"@context\":\"https:\\\/\\\/schema.org\",\"@graph\":[{\"@type\":\"Article\",\"@id\":\"https:\\\/\\\/sorbetkiwi.fr\\\/index.php\\\/au-dela-des-nuages-de-jenny-colgan\\\/#article\",\"isPartOf\":{\"@id\":\"https:\\\/\\\/sorbetkiwi.fr\\\/index.php\\\/au-dela-des-nuages-de-jenny-colgan\\\/\"},\"author\":{\"name\":\"Sorbet-Kiwi\",\"@id\":\"https:\\\/\\\/sorbetkiwi.fr\\\/#\\\/schema\\\/person\\\/ed1b7b527a2957ddc3bf38b076540659\"},\"headline\":\"Au-del\u00e0 des nuages de Jenny Colgan\u00a0\",\"datePublished\":\"2024-08-26T05:00:00+00:00\",\"mainEntityOfPage\":{\"@id\":\"https:\\\/\\\/sorbetkiwi.fr\\\/index.php\\\/au-dela-des-nuages-de-jenny-colgan\\\/\"},\"wordCount\":790,\"commentCount\":8,\"publisher\":{\"@id\":\"https:\\\/\\\/sorbetkiwi.fr\\\/#organization\"},\"image\":{\"@id\":\"https:\\\/\\\/sorbetkiwi.fr\\\/index.php\\\/au-dela-des-nuages-de-jenny-colgan\\\/#primaryimage\"},\"thumbnailUrl\":\"https:\\\/\\\/sorbetkiwi.fr\\\/wp-content\\\/uploads\\\/2024\\\/08\\\/Au-dela-des-nuages-Jenny-Colgan.jpg\",\"keywords\":[\"Au-del\u00e0 des nuages\",\"Editions Charleston\",\"\u00e9t\u00e9\",\"Jenny Colgan\",\"Roman contemporain\",\"Voyage\"],\"articleSection\":[\"L'\u00e9t\u00e9\",\"Partenariats\",\"Tout le blog\"],\"inLanguage\":\"fr-FR\",\"potentialAction\":[{\"@type\":\"CommentAction\",\"name\":\"Comment\",\"target\":[\"https:\\\/\\\/sorbetkiwi.fr\\\/index.php\\\/au-dela-des-nuages-de-jenny-colgan\\\/#respond\"]}]},{\"@type\":\"WebPage\",\"@id\":\"https:\\\/\\\/sorbetkiwi.fr\\\/index.php\\\/au-dela-des-nuages-de-jenny-colgan\\\/\",\"url\":\"https:\\\/\\\/sorbetkiwi.fr\\\/index.php\\\/au-dela-des-nuages-de-jenny-colgan\\\/\",\"name\":\"Au-del\u00e0 des nuages de Jenny Colgan\u00a0 - Sorbet Kiwi\",\"isPartOf\":{\"@id\":\"https:\\\/\\\/sorbetkiwi.fr\\\/#website\"},\"primaryImageOfPage\":{\"@id\":\"https:\\\/\\\/sorbetkiwi.fr\\\/index.php\\\/au-dela-des-nuages-de-jenny-colgan\\\/#primaryimage\"},\"image\":{\"@id\":\"https:\\\/\\\/sorbetkiwi.fr\\\/index.php\\\/au-dela-des-nuages-de-jenny-colgan\\\/#primaryimage\"},\"thumbnailUrl\":\"https:\\\/\\\/sorbetkiwi.fr\\\/wp-content\\\/uploads\\\/2024\\\/08\\\/Au-dela-des-nuages-Jenny-Colgan.jpg\",\"datePublished\":\"2024-08-26T05:00:00+00:00\",\"description\":\"Ma chronique du roman Au-del\u00e0 des nuages de Jenny Colgan publi\u00e9 aux \u00e9ditions Charleston en grand format en 2024.\",\"breadcrumb\":{\"@id\":\"https:\\\/\\\/sorbetkiwi.fr\\\/index.php\\\/au-dela-des-nuages-de-jenny-colgan\\\/#breadcrumb\"},\"inLanguage\":\"fr-FR\",\"potentialAction\":[{\"@type\":\"ReadAction\",\"target\":[\"https:\\\/\\\/sorbetkiwi.fr\\\/index.php\\\/au-dela-des-nuages-de-jenny-colgan\\\/\"]}]},{\"@type\":\"ImageObject\",\"inLanguage\":\"fr-FR\",\"@id\":\"https:\\\/\\\/sorbetkiwi.fr\\\/index.php\\\/au-dela-des-nuages-de-jenny-colgan\\\/#primaryimage\",\"url\":\"https:\\\/\\\/sorbetkiwi.fr\\\/wp-content\\\/uploads\\\/2024\\\/08\\\/Au-dela-des-nuages-Jenny-Colgan.jpg\",\"contentUrl\":\"https:\\\/\\\/sorbetkiwi.fr\\\/wp-content\\\/uploads\\\/2024\\\/08\\\/Au-dela-des-nuages-Jenny-Colgan.jpg\",\"width\":1080,\"height\":1440,\"caption\":\"Au del\u00e0 des nuages Jenny Colgan\"},{\"@type\":\"BreadcrumbList\",\"@id\":\"https:\\\/\\\/sorbetkiwi.fr\\\/index.php\\\/au-dela-des-nuages-de-jenny-colgan\\\/#breadcrumb\",\"itemListElement\":[{\"@type\":\"ListItem\",\"position\":1,\"name\":\"Accueil\",\"item\":\"https:\\\/\\\/sorbetkiwi.fr\\\/\"},{\"@type\":\"ListItem\",\"position\":2,\"name\":\"Au-del\u00e0 des nuages de Jenny Colgan\u00a0\"}]},{\"@type\":\"WebSite\",\"@id\":\"https:\\\/\\\/sorbetkiwi.fr\\\/#website\",\"url\":\"https:\\\/\\\/sorbetkiwi.fr\\\/\",\"name\":\"Sorbet Kiwi\",\"description\":\"Des lectures th\u00e9matiques par saison et les avis qui vont avec\",\"publisher\":{\"@id\":\"https:\\\/\\\/sorbetkiwi.fr\\\/#organization\"},\"potentialAction\":[{\"@type\":\"SearchAction\",\"target\":{\"@type\":\"EntryPoint\",\"urlTemplate\":\"https:\\\/\\\/sorbetkiwi.fr\\\/?s={search_term_string}\"},\"query-input\":{\"@type\":\"PropertyValueSpecification\",\"valueRequired\":true,\"valueName\":\"search_term_string\"}}],\"inLanguage\":\"fr-FR\"},{\"@type\":\"Organization\",\"@id\":\"https:\\\/\\\/sorbetkiwi.fr\\\/#organization\",\"name\":\"Sorbet Kiwi\",\"url\":\"https:\\\/\\\/sorbetkiwi.fr\\\/\",\"logo\":{\"@type\":\"ImageObject\",\"inLanguage\":\"fr-FR\",\"@id\":\"https:\\\/\\\/sorbetkiwi.fr\\\/#\\\/schema\\\/logo\\\/image\\\/\",\"url\":\"https:\\\/\\\/sorbetkiwi.fr\\\/wp-content\\\/uploads\\\/2022\\\/10\\\/Banniere-Sorbet-Kiwi-2022.jpg\",\"contentUrl\":\"https:\\\/\\\/sorbetkiwi.fr\\\/wp-content\\\/uploads\\\/2022\\\/10\\\/Banniere-Sorbet-Kiwi-2022.jpg\",\"width\":814,\"height\":401,\"caption\":\"Sorbet Kiwi\"},\"image\":{\"@id\":\"https:\\\/\\\/sorbetkiwi.fr\\\/#\\\/schema\\\/logo\\\/image\\\/\"},\"sameAs\":[\"https:\\\/\\\/www.facebook.com\\\/profile.php?id=100086238893269\",\"https:\\\/\\\/x.com\\\/pepparshoes\",\"https:\\\/\\\/www.instagram.com\\\/sorbetkiwi\\\/\",\"https:\\\/\\\/www.tiktok.com\\\/sorbetkiwi\"]},{\"@type\":\"Person\",\"@id\":\"https:\\\/\\\/sorbetkiwi.fr\\\/#\\\/schema\\\/person\\\/ed1b7b527a2957ddc3bf38b076540659\",\"name\":\"Sorbet-Kiwi\",\"image\":{\"@type\":\"ImageObject\",\"inLanguage\":\"fr-FR\",\"@id\":\"https:\\\/\\\/secure.gravatar.com\\\/avatar\\\/86f0a5c27d76317621b9e374d0f3a01d3a85278f10d0c7207ced4fd773057442?s=96&d=mm&r=g\",\"url\":\"https:\\\/\\\/secure.gravatar.com\\\/avatar\\\/86f0a5c27d76317621b9e374d0f3a01d3a85278f10d0c7207ced4fd773057442?s=96&d=mm&r=g\",\"contentUrl\":\"https:\\\/\\\/secure.gravatar.com\\\/avatar\\\/86f0a5c27d76317621b9e374d0f3a01d3a85278f10d0c7207ced4fd773057442?s=96&d=mm&r=g\",\"caption\":\"Sorbet-Kiwi\"},\"sameAs\":[\"http:\\\/\\\/sorbetkiwi.fr\"],\"url\":\"https:\\\/\\\/sorbetkiwi.fr\\\/index.php\\\/author\\\/admin7717\\\/\"}]}<\/script>\n<!-- \/ Yoast SEO plugin. -->","yoast_head_json":{"title":"Au-del\u00e0 des nuages de Jenny Colgan\u00a0 - Sorbet Kiwi","description":"Ma chronique du roman Au-del\u00e0 des nuages de Jenny Colgan publi\u00e9 aux \u00e9ditions Charleston en grand format en 2024.","robots":{"index":"index","follow":"follow","max-snippet":"max-snippet:-1","max-image-preview":"max-image-preview:large","max-video-preview":"max-video-preview:-1"},"canonical":"https:\/\/sorbetkiwi.fr\/index.php\/au-dela-des-nuages-de-jenny-colgan\/","og_locale":"fr_FR","og_type":"article","og_title":"Au-del\u00e0 des nuages de Jenny Colgan\u00a0 - Sorbet Kiwi","og_description":"Ma chronique du roman Au-del\u00e0 des nuages de Jenny Colgan publi\u00e9 aux \u00e9ditions Charleston en grand format en 2024.","og_url":"https:\/\/sorbetkiwi.fr\/index.php\/au-dela-des-nuages-de-jenny-colgan\/","og_site_name":"Sorbet Kiwi","article_publisher":"https:\/\/www.facebook.com\/profile.php?id=100086238893269","article_published_time":"2024-08-26T05:00:00+00:00","og_image":[{"width":1080,"height":1440,"url":"https:\/\/sorbetkiwi.fr\/wp-content\/uploads\/2024\/08\/Au-dela-des-nuages-Jenny-Colgan.jpg","type":"image\/jpeg"}],"author":"Sorbet-Kiwi","twitter_card":"summary_large_image","twitter_creator":"@pepparshoes","twitter_site":"@pepparshoes","twitter_misc":{"\u00c9crit par":"Sorbet-Kiwi","Dur\u00e9e de lecture estim\u00e9e":"4 minutes"},"schema":{"@context":"https:\/\/schema.org","@graph":[{"@type":"Article","@id":"https:\/\/sorbetkiwi.fr\/index.php\/au-dela-des-nuages-de-jenny-colgan\/#article","isPartOf":{"@id":"https:\/\/sorbetkiwi.fr\/index.php\/au-dela-des-nuages-de-jenny-colgan\/"},"author":{"name":"Sorbet-Kiwi","@id":"https:\/\/sorbetkiwi.fr\/#\/schema\/person\/ed1b7b527a2957ddc3bf38b076540659"},"headline":"Au-del\u00e0 des nuages de Jenny Colgan\u00a0","datePublished":"2024-08-26T05:00:00+00:00","mainEntityOfPage":{"@id":"https:\/\/sorbetkiwi.fr\/index.php\/au-dela-des-nuages-de-jenny-colgan\/"},"wordCount":790,"commentCount":8,"publisher":{"@id":"https:\/\/sorbetkiwi.fr\/#organization"},"image":{"@id":"https:\/\/sorbetkiwi.fr\/index.php\/au-dela-des-nuages-de-jenny-colgan\/#primaryimage"},"thumbnailUrl":"https:\/\/sorbetkiwi.fr\/wp-content\/uploads\/2024\/08\/Au-dela-des-nuages-Jenny-Colgan.jpg","keywords":["Au-del\u00e0 des nuages","Editions Charleston","\u00e9t\u00e9","Jenny Colgan","Roman contemporain","Voyage"],"articleSection":["L'\u00e9t\u00e9","Partenariats","Tout le blog"],"inLanguage":"fr-FR","potentialAction":[{"@type":"CommentAction","name":"Comment","target":["https:\/\/sorbetkiwi.fr\/index.php\/au-dela-des-nuages-de-jenny-colgan\/#respond"]}]},{"@type":"WebPage","@id":"https:\/\/sorbetkiwi.fr\/index.php\/au-dela-des-nuages-de-jenny-colgan\/","url":"https:\/\/sorbetkiwi.fr\/index.php\/au-dela-des-nuages-de-jenny-colgan\/","name":"Au-del\u00e0 des nuages de Jenny Colgan\u00a0 - Sorbet Kiwi","isPartOf":{"@id":"https:\/\/sorbetkiwi.fr\/#website"},"primaryImageOfPage":{"@id":"https:\/\/sorbetkiwi.fr\/index.php\/au-dela-des-nuages-de-jenny-colgan\/#primaryimage"},"image":{"@id":"https:\/\/sorbetkiwi.fr\/index.php\/au-dela-des-nuages-de-jenny-colgan\/#primaryimage"},"thumbnailUrl":"https:\/\/sorbetkiwi.fr\/wp-content\/uploads\/2024\/08\/Au-dela-des-nuages-Jenny-Colgan.jpg","datePublished":"2024-08-26T05:00:00+00:00","description":"Ma chronique du roman Au-del\u00e0 des nuages de Jenny Colgan publi\u00e9 aux \u00e9ditions Charleston en grand format en 2024.","breadcrumb":{"@id":"https:\/\/sorbetkiwi.fr\/index.php\/au-dela-des-nuages-de-jenny-colgan\/#breadcrumb"},"inLanguage":"fr-FR","potentialAction":[{"@type":"ReadAction","target":["https:\/\/sorbetkiwi.fr\/index.php\/au-dela-des-nuages-de-jenny-colgan\/"]}]},{"@type":"ImageObject","inLanguage":"fr-FR","@id":"https:\/\/sorbetkiwi.fr\/index.php\/au-dela-des-nuages-de-jenny-colgan\/#primaryimage","url":"https:\/\/sorbetkiwi.fr\/wp-content\/uploads\/2024\/08\/Au-dela-des-nuages-Jenny-Colgan.jpg","contentUrl":"https:\/\/sorbetkiwi.fr\/wp-content\/uploads\/2024\/08\/Au-dela-des-nuages-Jenny-Colgan.jpg","width":1080,"height":1440,"caption":"Au del\u00e0 des nuages Jenny Colgan"},{"@type":"BreadcrumbList","@id":"https:\/\/sorbetkiwi.fr\/index.php\/au-dela-des-nuages-de-jenny-colgan\/#breadcrumb","itemListElement":[{"@type":"ListItem","position":1,"name":"Accueil","item":"https:\/\/sorbetkiwi.fr\/"},{"@type":"ListItem","position":2,"name":"Au-del\u00e0 des nuages de Jenny Colgan\u00a0"}]},{"@type":"WebSite","@id":"https:\/\/sorbetkiwi.fr\/#website","url":"https:\/\/sorbetkiwi.fr\/","name":"Sorbet Kiwi","description":"Des lectures th\u00e9matiques par saison et les avis qui vont avec","publisher":{"@id":"https:\/\/sorbetkiwi.fr\/#organization"},"potentialAction":[{"@type":"SearchAction","target":{"@type":"EntryPoint","urlTemplate":"https:\/\/sorbetkiwi.fr\/?s={search_term_string}"},"query-input":{"@type":"PropertyValueSpecification","valueRequired":true,"valueName":"search_term_string"}}],"inLanguage":"fr-FR"},{"@type":"Organization","@id":"https:\/\/sorbetkiwi.fr\/#organization","name":"Sorbet Kiwi","url":"https:\/\/sorbetkiwi.fr\/","logo":{"@type":"ImageObject","inLanguage":"fr-FR","@id":"https:\/\/sorbetkiwi.fr\/#\/schema\/logo\/image\/","url":"https:\/\/sorbetkiwi.fr\/wp-content\/uploads\/2022\/10\/Banniere-Sorbet-Kiwi-2022.jpg","contentUrl":"https:\/\/sorbetkiwi.fr\/wp-content\/uploads\/2022\/10\/Banniere-Sorbet-Kiwi-2022.jpg","width":814,"height":401,"caption":"Sorbet Kiwi"},"image":{"@id":"https:\/\/sorbetkiwi.fr\/#\/schema\/logo\/image\/"},"sameAs":["https:\/\/www.facebook.com\/profile.php?id=100086238893269","https:\/\/x.com\/pepparshoes","https:\/\/www.instagram.com\/sorbetkiwi\/","https:\/\/www.tiktok.com\/sorbetkiwi"]},{"@type":"Person","@id":"https:\/\/sorbetkiwi.fr\/#\/schema\/person\/ed1b7b527a2957ddc3bf38b076540659","name":"Sorbet-Kiwi","image":{"@type":"ImageObject","inLanguage":"fr-FR","@id":"https:\/\/secure.gravatar.com\/avatar\/86f0a5c27d76317621b9e374d0f3a01d3a85278f10d0c7207ced4fd773057442?s=96&d=mm&r=g","url":"https:\/\/secure.gravatar.com\/avatar\/86f0a5c27d76317621b9e374d0f3a01d3a85278f10d0c7207ced4fd773057442?s=96&d=mm&r=g","contentUrl":"https:\/\/secure.gravatar.com\/avatar\/86f0a5c27d76317621b9e374d0f3a01d3a85278f10d0c7207ced4fd773057442?s=96&d=mm&r=g","caption":"Sorbet-Kiwi"},"sameAs":["http:\/\/sorbetkiwi.fr"],"url":"https:\/\/sorbetkiwi.fr\/index.php\/author\/admin7717\/"}]}},"_links":{"self":[{"href":"https:\/\/sorbetkiwi.fr\/index.php\/wp-json\/wp\/v2\/posts\/7086","targetHints":{"allow":["GET"]}}],"collection":[{"href":"https:\/\/sorbetkiwi.fr\/index.php\/wp-json\/wp\/v2\/posts"}],"about":[{"href":"https:\/\/sorbetkiwi.fr\/index.php\/wp-json\/wp\/v2\/types\/post"}],"author":[{"embeddable":true,"href":"https:\/\/sorbetkiwi.fr\/index.php\/wp-json\/wp\/v2\/users\/1"}],"replies":[{"embeddable":true,"href":"https:\/\/sorbetkiwi.fr\/index.php\/wp-json\/wp\/v2\/comments?post=7086"}],"version-history":[{"count":8,"href":"https:\/\/sorbetkiwi.fr\/index.php\/wp-json\/wp\/v2\/posts\/7086\/revisions"}],"predecessor-version":[{"id":7095,"href":"https:\/\/sorbetkiwi.fr\/index.php\/wp-json\/wp\/v2\/posts\/7086\/revisions\/7095"}],"wp:featuredmedia":[{"embeddable":true,"href":"https:\/\/sorbetkiwi.fr\/index.php\/wp-json\/wp\/v2\/media\/7088"}],"wp:attachment":[{"href":"https:\/\/sorbetkiwi.fr\/index.php\/wp-json\/wp\/v2\/media?parent=7086"}],"wp:term":[{"taxonomy":"category","embeddable":true,"href":"https:\/\/sorbetkiwi.fr\/index.php\/wp-json\/wp\/v2\/categories?post=7086"},{"taxonomy":"post_tag","embeddable":true,"href":"https:\/\/sorbetkiwi.fr\/index.php\/wp-json\/wp\/v2\/tags?post=7086"}],"curies":[{"name":"wp","href":"https:\/\/api.w.org\/{rel}","templated":true}]}}