{"id":7022,"date":"2024-08-16T12:38:04","date_gmt":"2024-08-16T10:38:04","guid":{"rendered":"https:\/\/sorbetkiwi.fr\/?p=7022"},"modified":"2024-08-16T12:39:36","modified_gmt":"2024-08-16T10:39:36","slug":"idylles-de-julien-neel","status":"publish","type":"post","link":"https:\/\/sorbetkiwi.fr\/index.php\/idylles-de-julien-neel\/","title":{"rendered":"Idylles de Julien Neel"},"content":{"rendered":"\t\t<div data-elementor-type=\"wp-post\" data-elementor-id=\"7022\" class=\"elementor elementor-7022\">\n\t\t\t\t\t\t<section class=\"elementor-section elementor-top-section elementor-element elementor-element-46ca19bc elementor-section-boxed elementor-section-height-default elementor-section-height-default\" data-id=\"46ca19bc\" data-element_type=\"section\" data-e-type=\"section\">\n\t\t\t\t\t\t<div class=\"elementor-container elementor-column-gap-default\">\n\t\t\t\t\t<div class=\"elementor-column elementor-col-100 elementor-top-column elementor-element elementor-element-6fbb5b4a\" data-id=\"6fbb5b4a\" data-element_type=\"column\" data-e-type=\"column\">\n\t\t\t<div class=\"elementor-widget-wrap elementor-element-populated\">\n\t\t\t\t\t\t<div class=\"elementor-element elementor-element-5fa37ed6 elementor-widget elementor-widget-heading\" data-id=\"5fa37ed6\" data-element_type=\"widget\" data-e-type=\"widget\" data-widget_type=\"heading.default\">\n\t\t\t\t<div class=\"elementor-widget-container\">\n\t\t\t\t\t<h1 class=\"elementor-heading-title elementor-size-medium\">Idylles de Julien Neel<\/h1>\t\t\t\t<\/div>\n\t\t\t\t<\/div>\n\t\t\t\t<div class=\"elementor-element elementor-element-44ce131a elementor-view-default elementor-widget elementor-widget-icon\" data-id=\"44ce131a\" data-element_type=\"widget\" data-e-type=\"widget\" data-widget_type=\"icon.default\">\n\t\t\t\t<div class=\"elementor-widget-container\">\n\t\t\t\t\t\t\t<div class=\"elementor-icon-wrapper\">\n\t\t\t<div class=\"elementor-icon\">\n\t\t\t<i aria-hidden=\"true\" class=\"fas fa-cocktail\"><\/i>\t\t\t<\/div>\n\t\t<\/div>\n\t\t\t\t\t\t<\/div>\n\t\t\t\t<\/div>\n\t\t\t\t<div class=\"elementor-element elementor-element-4f3d164d elementor-widget-divider--view-line elementor-widget elementor-widget-divider\" data-id=\"4f3d164d\" data-element_type=\"widget\" data-e-type=\"widget\" data-widget_type=\"divider.default\">\n\t\t\t\t<div class=\"elementor-widget-container\">\n\t\t\t\t\t\t\t<div class=\"elementor-divider\">\n\t\t\t<span class=\"elementor-divider-separator\">\n\t\t\t\t\t\t<\/span>\n\t\t<\/div>\n\t\t\t\t\t\t<\/div>\n\t\t\t\t<\/div>\n\t\t\t\t<div class=\"elementor-element elementor-element-1f4a80b3 elementor-widget elementor-widget-heading\" data-id=\"1f4a80b3\" data-element_type=\"widget\" data-e-type=\"widget\" data-widget_type=\"heading.default\">\n\t\t\t\t<div class=\"elementor-widget-container\">\n\t\t\t\t\t<h2 class=\"elementor-heading-title elementor-size-medium\">R\u00e9sum\u00e9<\/h2>\t\t\t\t<\/div>\n\t\t\t\t<\/div>\n\t\t\t\t<div class=\"elementor-element elementor-element-596d6b8f elementor-widget elementor-widget-text-editor\" data-id=\"596d6b8f\" data-element_type=\"widget\" data-e-type=\"widget\" data-widget_type=\"text-editor.default\">\n\t\t\t\t<div class=\"elementor-widget-container\">\n\t\t\t\t\t\t\t\t\t<p>Il fait chaud. Lou, Mina, Marie-Emilie et Karine sont dans cette grande villa, quelque part sur une corniche, au sud. Un sud qui leur appara\u00eet comme \u00e9tant extraterrestre. Il fait chaud. La m\u00e8re de Lou et Richard sont encore dans un train, entre deux villes de province et deux s\u00e9ances de d\u00e9dicaces d\u00e9sertes. Plus on descend dans le sud, et plus, d\u00e9cid\u00e9ment il fait chaud. Lou observe Tristan du coin du verre teint\u00e9 de ses lunettes de soleil. Que fait-il lui aussi dans le sud ? Y a-t-il un destin, qui les aurait \u00e0 nouveau r\u00e9unis dans cet endroit paradisiaque ? Y aura-t-il encore du melon, au bord de la piscine, au repas du midi ? Il fait chaud. Lou saute au cou de sa m\u00e8re. Tout le monde se retrouve, dans cet \u00e9trange salon de la science-fiction, \u00e0 deux pas du camping et de la grande villa. Tout le monde se dispute, mais tout le monde fait la f\u00eate, et c&rsquo;est tr\u00e8s bien comme \u00e7a\u2026<\/p>\t\t\t\t\t\t\t\t<\/div>\n\t\t\t\t<\/div>\n\t\t\t\t<div class=\"elementor-element elementor-element-3c1fc91b elementor-widget-divider--view-line elementor-widget elementor-widget-divider\" data-id=\"3c1fc91b\" data-element_type=\"widget\" data-e-type=\"widget\" data-widget_type=\"divider.default\">\n\t\t\t\t<div class=\"elementor-widget-container\">\n\t\t\t\t\t\t\t<div class=\"elementor-divider\">\n\t\t\t<span class=\"elementor-divider-separator\">\n\t\t\t\t\t\t<\/span>\n\t\t<\/div>\n\t\t\t\t\t\t<\/div>\n\t\t\t\t<\/div>\n\t\t\t\t<div class=\"elementor-element elementor-element-28eb0391 elementor-widget elementor-widget-heading\" data-id=\"28eb0391\" data-element_type=\"widget\" data-e-type=\"widget\" data-widget_type=\"heading.default\">\n\t\t\t\t<div class=\"elementor-widget-container\">\n\t\t\t\t\t<h4 class=\"elementor-heading-title elementor-size-medium\">\"Que leur bonheur nous \u00e9clabousse !\"<\/h4>\t\t\t\t<\/div>\n\t\t\t\t<\/div>\n\t\t\t\t<div class=\"elementor-element elementor-element-6557294a elementor-widget-divider--view-line elementor-widget elementor-widget-divider\" data-id=\"6557294a\" data-element_type=\"widget\" data-e-type=\"widget\" data-widget_type=\"divider.default\">\n\t\t\t\t<div class=\"elementor-widget-container\">\n\t\t\t\t\t\t\t<div class=\"elementor-divider\">\n\t\t\t<span class=\"elementor-divider-separator\">\n\t\t\t\t\t\t<\/span>\n\t\t<\/div>\n\t\t\t\t\t\t<\/div>\n\t\t\t\t<\/div>\n\t\t\t\t<div class=\"elementor-element elementor-element-35986f95 elementor-widget elementor-widget-heading\" data-id=\"35986f95\" data-element_type=\"widget\" data-e-type=\"widget\" data-widget_type=\"heading.default\">\n\t\t\t\t<div class=\"elementor-widget-container\">\n\t\t\t\t\t<h2 class=\"elementor-heading-title elementor-size-medium\">Une BD parfaitement estivale<\/h2>\t\t\t\t<\/div>\n\t\t\t\t<\/div>\n\t\t\t\t<div class=\"elementor-element elementor-element-2bbac5f2 elementor-widget elementor-widget-text-editor\" data-id=\"2bbac5f2\" data-element_type=\"widget\" data-e-type=\"widget\" data-widget_type=\"text-editor.default\">\n\t\t\t\t<div class=\"elementor-widget-container\">\n\t\t\t\t\t\t\t\t\t<p>C&rsquo;est l&rsquo;\u00e9t\u00e9, il fait chaud, et Lou nous embarque dans sa valise pour les vacances. Des vacances entre filles, comme j&rsquo;ai pu en faire au m\u00eame \u00e2ge, puisque j&rsquo;avais une Marie-Emilie moi aussi ! Et je me suis bidonn\u00e9e dans ce tome. Les personnages secondaires nous plongent en adolescence, avec tout les dramas qui vont avec. Mais de mani\u00e8re l\u00e9g\u00e8re et dr\u00f4le. La sur-interpr\u00e9tation de l&rsquo;adolescence (et pas que), la communication un peu compliqu\u00e9e, le m\u00e9lange des hormones, tout est si bien expliqu\u00e9 et permet s\u00fbrement \u00e0 certains ados de mettre les mots sur ce qui leur arrive ! Eh oui, les idylles de cet \u00e2ge-l\u00e0.<\/p>\n<p>Cela dit, j&rsquo;ai beaucoup aim\u00e9 l&rsquo;alternance avec sa maman qui vit elle aussi un grand-huit \u00e9motionnel avec Richard. Et puis la m\u00e8re de Marie, Sophie, me faisait mal au coeur. Il n&rsquo;y a peut-\u00eatre que les adultes qui voient qu&rsquo;elle se sert beaucoup, beaucoup de vin. Encore un retour en adolescence, l\u00e0 aussi, pour moi. Les adultes ont aussi leurs idylles&#8230; ainsi que leurs peines de c\u0153ur. J&rsquo;ai vraiment aim\u00e9 ce tome frais, dr\u00f4le, parfaitement estival tout en cachant des messages profonds par-ci, par-l\u00e0. Bref, une saga que j&rsquo;appr\u00e9cie toujours autant! Et \u00e0 la rentr\u00e9e, je lirai le tome 5 : <a href=\"https:\/\/www.livraddict.com\/biblio\/book.php?id=6663\">Laser Ninja<\/a> !<\/p>\t\t\t\t\t\t\t\t<\/div>\n\t\t\t\t<\/div>\n\t\t\t\t<div class=\"elementor-element elementor-element-4af34fd2 elementor-widget elementor-widget-heading\" data-id=\"4af34fd2\" data-element_type=\"widget\" data-e-type=\"widget\" data-widget_type=\"heading.default\">\n\t\t\t\t<div class=\"elementor-widget-container\">\n\t\t\t\t\t<h4 class=\"elementor-heading-title elementor-size-medium\">La saga Lou<\/h4>\t\t\t\t<\/div>\n\t\t\t\t<\/div>\n\t\t\t\t<div class=\"elementor-element elementor-element-66ed53ea elementor-widget elementor-widget-text-editor\" data-id=\"66ed53ea\" data-element_type=\"widget\" data-e-type=\"widget\" data-widget_type=\"text-editor.default\">\n\t\t\t\t<div class=\"elementor-widget-container\">\n\t\t\t\t\t\t\t\t\t<p>Mes avis sur les autres tomes de la saga :\u00a0<\/p><ul><li>Tome 1 : <a href=\"https:\/\/sorbetkiwi.fr\/index.php\/journal-infime-de-julien-neel\/\">Journal infime<\/a><\/li><li>Tome 2 : <a href=\"https:\/\/sorbetkiwi.fr\/index.php\/mortebouse-de-julien-neel\/\">Mortebouse<\/a><\/li><li>Tome 3 : <a href=\"https:\/\/sorbetkiwi.fr\/index.php\/le-cimetiere-des-autobus-de-julien-neel\/\">Le cimeti\u00e8re des autobus<\/a><\/li><\/ul>\t\t\t\t\t\t\t\t<\/div>\n\t\t\t\t<\/div>\n\t\t\t\t\t<\/div>\n\t\t<\/div>\n\t\t\t\t\t<\/div>\n\t\t<\/section>\n\t\t\t\t<\/div>\n\t\t","protected":false},"excerpt":{"rendered":"<p>Idylles de Julien Neel R\u00e9sum\u00e9 Il fait chaud. Lou, Mina, Marie-Emilie et Karine sont dans cette grande villa, quelque part sur une corniche, au sud. Un sud qui leur appara\u00eet comme \u00e9tant extraterrestre. Il fait &hellip; <\/p>\n","protected":false},"author":1,"featured_media":7042,"comment_status":"open","ping_status":"open","sticky":false,"template":"","format":"standard","meta":{"footnotes":""},"categories":[7,14,1],"tags":[1717,80,79,1035,259,736,1715,123,758,454],"class_list":["post-7022","post","type-post","status-publish","format-standard","has-post-thumbnail","hentry","category-benevolat","category-l-ete","category-tout-le-blog","tag-adolescent","tag-bande-dessinee","tag-bd","tag-collection-tcho","tag-editions-glenat","tag-ete","tag-glenat","tag-jeunesse","tag-julien-neel","tag-lou","has-single-img"],"yoast_head":"<!-- This site is optimized with the Yoast SEO plugin v27.4 - https:\/\/yoast.com\/product\/yoast-seo-wordpress\/ -->\n<title>Idylles de Julien Neel - Sorbet Kiwi<\/title>\n<meta name=\"description\" content=\"Ma chronique du tome 4 de la saga Lou de Julien Neel, Idylles, publi\u00e9e aux \u00e9ditions Gl\u00e9nat dans la collection Tch\u00f4 !\" \/>\n<meta name=\"robots\" content=\"index, follow, max-snippet:-1, max-image-preview:large, max-video-preview:-1\" \/>\n<link rel=\"canonical\" href=\"https:\/\/sorbetkiwi.fr\/index.php\/idylles-de-julien-neel\/\" \/>\n<meta property=\"og:locale\" content=\"fr_FR\" \/>\n<meta property=\"og:type\" content=\"article\" \/>\n<meta property=\"og:title\" content=\"Idylles de Julien Neel - Sorbet Kiwi\" \/>\n<meta property=\"og:description\" content=\"Ma chronique du tome 4 de la saga Lou de Julien Neel, Idylles, publi\u00e9e aux \u00e9ditions Gl\u00e9nat dans la collection Tch\u00f4 !\" \/>\n<meta property=\"og:url\" content=\"https:\/\/sorbetkiwi.fr\/index.php\/idylles-de-julien-neel\/\" \/>\n<meta property=\"og:site_name\" content=\"Sorbet Kiwi\" \/>\n<meta property=\"article:publisher\" content=\"https:\/\/www.facebook.com\/profile.php?id=100086238893269\" \/>\n<meta property=\"article:published_time\" content=\"2024-08-16T10:38:04+00:00\" \/>\n<meta property=\"article:modified_time\" content=\"2024-08-16T10:39:36+00:00\" \/>\n<meta property=\"og:image\" content=\"https:\/\/sorbetkiwi.fr\/wp-content\/uploads\/2024\/08\/Idylles-Lou-4-Julien-Neel.jpg\" \/>\n\t<meta property=\"og:image:width\" content=\"1080\" \/>\n\t<meta property=\"og:image:height\" content=\"1440\" \/>\n\t<meta property=\"og:image:type\" content=\"image\/jpeg\" \/>\n<meta name=\"author\" content=\"Sorbet-Kiwi\" \/>\n<meta name=\"twitter:card\" content=\"summary_large_image\" \/>\n<meta name=\"twitter:creator\" content=\"@pepparshoes\" \/>\n<meta name=\"twitter:site\" content=\"@pepparshoes\" \/>\n<meta name=\"twitter:label1\" content=\"\u00c9crit par\" \/>\n\t<meta name=\"twitter:data1\" content=\"Sorbet-Kiwi\" \/>\n\t<meta name=\"twitter:label2\" content=\"Dur\u00e9e de lecture estim\u00e9e\" \/>\n\t<meta name=\"twitter:data2\" content=\"3 minutes\" \/>\n<script type=\"application\/ld+json\" class=\"yoast-schema-graph\">{\"@context\":\"https:\\\/\\\/schema.org\",\"@graph\":[{\"@type\":\"Article\",\"@id\":\"https:\\\/\\\/sorbetkiwi.fr\\\/index.php\\\/idylles-de-julien-neel\\\/#article\",\"isPartOf\":{\"@id\":\"https:\\\/\\\/sorbetkiwi.fr\\\/index.php\\\/idylles-de-julien-neel\\\/\"},\"author\":{\"name\":\"Sorbet-Kiwi\",\"@id\":\"https:\\\/\\\/sorbetkiwi.fr\\\/#\\\/schema\\\/person\\\/ed1b7b527a2957ddc3bf38b076540659\"},\"headline\":\"Idylles de Julien Neel\",\"datePublished\":\"2024-08-16T10:38:04+00:00\",\"dateModified\":\"2024-08-16T10:39:36+00:00\",\"mainEntityOfPage\":{\"@id\":\"https:\\\/\\\/sorbetkiwi.fr\\\/index.php\\\/idylles-de-julien-neel\\\/\"},\"wordCount\":445,\"commentCount\":0,\"publisher\":{\"@id\":\"https:\\\/\\\/sorbetkiwi.fr\\\/#organization\"},\"image\":{\"@id\":\"https:\\\/\\\/sorbetkiwi.fr\\\/index.php\\\/idylles-de-julien-neel\\\/#primaryimage\"},\"thumbnailUrl\":\"https:\\\/\\\/sorbetkiwi.fr\\\/wp-content\\\/uploads\\\/2024\\\/08\\\/Idylles-Lou-4-Julien-Neel.jpg\",\"keywords\":[\"Adolescent\",\"Bande dessin\u00e9e\",\"BD\",\"Collection Tch\u00f4\",\"Editions Gl\u00e9nat\",\"\u00e9t\u00e9\",\"Gl\u00e9nat\",\"Jeunesse\",\"Julien Neel\",\"Lou\"],\"articleSection\":[\"B\u00e9n\u00e9volat\",\"L'\u00e9t\u00e9\",\"Tout le blog\"],\"inLanguage\":\"fr-FR\",\"potentialAction\":[{\"@type\":\"CommentAction\",\"name\":\"Comment\",\"target\":[\"https:\\\/\\\/sorbetkiwi.fr\\\/index.php\\\/idylles-de-julien-neel\\\/#respond\"]}]},{\"@type\":\"WebPage\",\"@id\":\"https:\\\/\\\/sorbetkiwi.fr\\\/index.php\\\/idylles-de-julien-neel\\\/\",\"url\":\"https:\\\/\\\/sorbetkiwi.fr\\\/index.php\\\/idylles-de-julien-neel\\\/\",\"name\":\"Idylles de Julien Neel - Sorbet Kiwi\",\"isPartOf\":{\"@id\":\"https:\\\/\\\/sorbetkiwi.fr\\\/#website\"},\"primaryImageOfPage\":{\"@id\":\"https:\\\/\\\/sorbetkiwi.fr\\\/index.php\\\/idylles-de-julien-neel\\\/#primaryimage\"},\"image\":{\"@id\":\"https:\\\/\\\/sorbetkiwi.fr\\\/index.php\\\/idylles-de-julien-neel\\\/#primaryimage\"},\"thumbnailUrl\":\"https:\\\/\\\/sorbetkiwi.fr\\\/wp-content\\\/uploads\\\/2024\\\/08\\\/Idylles-Lou-4-Julien-Neel.jpg\",\"datePublished\":\"2024-08-16T10:38:04+00:00\",\"dateModified\":\"2024-08-16T10:39:36+00:00\",\"description\":\"Ma chronique du tome 4 de la saga Lou de Julien Neel, Idylles, publi\u00e9e aux \u00e9ditions Gl\u00e9nat dans la collection Tch\u00f4 !\",\"breadcrumb\":{\"@id\":\"https:\\\/\\\/sorbetkiwi.fr\\\/index.php\\\/idylles-de-julien-neel\\\/#breadcrumb\"},\"inLanguage\":\"fr-FR\",\"potentialAction\":[{\"@type\":\"ReadAction\",\"target\":[\"https:\\\/\\\/sorbetkiwi.fr\\\/index.php\\\/idylles-de-julien-neel\\\/\"]}]},{\"@type\":\"ImageObject\",\"inLanguage\":\"fr-FR\",\"@id\":\"https:\\\/\\\/sorbetkiwi.fr\\\/index.php\\\/idylles-de-julien-neel\\\/#primaryimage\",\"url\":\"https:\\\/\\\/sorbetkiwi.fr\\\/wp-content\\\/uploads\\\/2024\\\/08\\\/Idylles-Lou-4-Julien-Neel.jpg\",\"contentUrl\":\"https:\\\/\\\/sorbetkiwi.fr\\\/wp-content\\\/uploads\\\/2024\\\/08\\\/Idylles-Lou-4-Julien-Neel.jpg\",\"width\":1080,\"height\":1440,\"caption\":\"Idylles Lou 4 Julien Neel\"},{\"@type\":\"BreadcrumbList\",\"@id\":\"https:\\\/\\\/sorbetkiwi.fr\\\/index.php\\\/idylles-de-julien-neel\\\/#breadcrumb\",\"itemListElement\":[{\"@type\":\"ListItem\",\"position\":1,\"name\":\"Accueil\",\"item\":\"https:\\\/\\\/sorbetkiwi.fr\\\/\"},{\"@type\":\"ListItem\",\"position\":2,\"name\":\"Idylles de Julien Neel\"}]},{\"@type\":\"WebSite\",\"@id\":\"https:\\\/\\\/sorbetkiwi.fr\\\/#website\",\"url\":\"https:\\\/\\\/sorbetkiwi.fr\\\/\",\"name\":\"Sorbet Kiwi\",\"description\":\"Des lectures th\u00e9matiques par saison et les avis qui vont avec\",\"publisher\":{\"@id\":\"https:\\\/\\\/sorbetkiwi.fr\\\/#organization\"},\"potentialAction\":[{\"@type\":\"SearchAction\",\"target\":{\"@type\":\"EntryPoint\",\"urlTemplate\":\"https:\\\/\\\/sorbetkiwi.fr\\\/?s={search_term_string}\"},\"query-input\":{\"@type\":\"PropertyValueSpecification\",\"valueRequired\":true,\"valueName\":\"search_term_string\"}}],\"inLanguage\":\"fr-FR\"},{\"@type\":\"Organization\",\"@id\":\"https:\\\/\\\/sorbetkiwi.fr\\\/#organization\",\"name\":\"Sorbet Kiwi\",\"url\":\"https:\\\/\\\/sorbetkiwi.fr\\\/\",\"logo\":{\"@type\":\"ImageObject\",\"inLanguage\":\"fr-FR\",\"@id\":\"https:\\\/\\\/sorbetkiwi.fr\\\/#\\\/schema\\\/logo\\\/image\\\/\",\"url\":\"https:\\\/\\\/sorbetkiwi.fr\\\/wp-content\\\/uploads\\\/2022\\\/10\\\/Banniere-Sorbet-Kiwi-2022.jpg\",\"contentUrl\":\"https:\\\/\\\/sorbetkiwi.fr\\\/wp-content\\\/uploads\\\/2022\\\/10\\\/Banniere-Sorbet-Kiwi-2022.jpg\",\"width\":814,\"height\":401,\"caption\":\"Sorbet Kiwi\"},\"image\":{\"@id\":\"https:\\\/\\\/sorbetkiwi.fr\\\/#\\\/schema\\\/logo\\\/image\\\/\"},\"sameAs\":[\"https:\\\/\\\/www.facebook.com\\\/profile.php?id=100086238893269\",\"https:\\\/\\\/x.com\\\/pepparshoes\",\"https:\\\/\\\/www.instagram.com\\\/sorbetkiwi\\\/\",\"https:\\\/\\\/www.tiktok.com\\\/sorbetkiwi\"]},{\"@type\":\"Person\",\"@id\":\"https:\\\/\\\/sorbetkiwi.fr\\\/#\\\/schema\\\/person\\\/ed1b7b527a2957ddc3bf38b076540659\",\"name\":\"Sorbet-Kiwi\",\"image\":{\"@type\":\"ImageObject\",\"inLanguage\":\"fr-FR\",\"@id\":\"https:\\\/\\\/secure.gravatar.com\\\/avatar\\\/86f0a5c27d76317621b9e374d0f3a01d3a85278f10d0c7207ced4fd773057442?s=96&d=mm&r=g\",\"url\":\"https:\\\/\\\/secure.gravatar.com\\\/avatar\\\/86f0a5c27d76317621b9e374d0f3a01d3a85278f10d0c7207ced4fd773057442?s=96&d=mm&r=g\",\"contentUrl\":\"https:\\\/\\\/secure.gravatar.com\\\/avatar\\\/86f0a5c27d76317621b9e374d0f3a01d3a85278f10d0c7207ced4fd773057442?s=96&d=mm&r=g\",\"caption\":\"Sorbet-Kiwi\"},\"sameAs\":[\"http:\\\/\\\/sorbetkiwi.fr\"],\"url\":\"https:\\\/\\\/sorbetkiwi.fr\\\/index.php\\\/author\\\/admin7717\\\/\"}]}<\/script>\n<!-- \/ Yoast SEO plugin. -->","yoast_head_json":{"title":"Idylles de Julien Neel - Sorbet Kiwi","description":"Ma chronique du tome 4 de la saga Lou de Julien Neel, Idylles, publi\u00e9e aux \u00e9ditions Gl\u00e9nat dans la collection Tch\u00f4 !","robots":{"index":"index","follow":"follow","max-snippet":"max-snippet:-1","max-image-preview":"max-image-preview:large","max-video-preview":"max-video-preview:-1"},"canonical":"https:\/\/sorbetkiwi.fr\/index.php\/idylles-de-julien-neel\/","og_locale":"fr_FR","og_type":"article","og_title":"Idylles de Julien Neel - Sorbet Kiwi","og_description":"Ma chronique du tome 4 de la saga Lou de Julien Neel, Idylles, publi\u00e9e aux \u00e9ditions Gl\u00e9nat dans la collection Tch\u00f4 !","og_url":"https:\/\/sorbetkiwi.fr\/index.php\/idylles-de-julien-neel\/","og_site_name":"Sorbet Kiwi","article_publisher":"https:\/\/www.facebook.com\/profile.php?id=100086238893269","article_published_time":"2024-08-16T10:38:04+00:00","article_modified_time":"2024-08-16T10:39:36+00:00","og_image":[{"width":1080,"height":1440,"url":"https:\/\/sorbetkiwi.fr\/wp-content\/uploads\/2024\/08\/Idylles-Lou-4-Julien-Neel.jpg","type":"image\/jpeg"}],"author":"Sorbet-Kiwi","twitter_card":"summary_large_image","twitter_creator":"@pepparshoes","twitter_site":"@pepparshoes","twitter_misc":{"\u00c9crit par":"Sorbet-Kiwi","Dur\u00e9e de lecture estim\u00e9e":"3 minutes"},"schema":{"@context":"https:\/\/schema.org","@graph":[{"@type":"Article","@id":"https:\/\/sorbetkiwi.fr\/index.php\/idylles-de-julien-neel\/#article","isPartOf":{"@id":"https:\/\/sorbetkiwi.fr\/index.php\/idylles-de-julien-neel\/"},"author":{"name":"Sorbet-Kiwi","@id":"https:\/\/sorbetkiwi.fr\/#\/schema\/person\/ed1b7b527a2957ddc3bf38b076540659"},"headline":"Idylles de Julien Neel","datePublished":"2024-08-16T10:38:04+00:00","dateModified":"2024-08-16T10:39:36+00:00","mainEntityOfPage":{"@id":"https:\/\/sorbetkiwi.fr\/index.php\/idylles-de-julien-neel\/"},"wordCount":445,"commentCount":0,"publisher":{"@id":"https:\/\/sorbetkiwi.fr\/#organization"},"image":{"@id":"https:\/\/sorbetkiwi.fr\/index.php\/idylles-de-julien-neel\/#primaryimage"},"thumbnailUrl":"https:\/\/sorbetkiwi.fr\/wp-content\/uploads\/2024\/08\/Idylles-Lou-4-Julien-Neel.jpg","keywords":["Adolescent","Bande dessin\u00e9e","BD","Collection Tch\u00f4","Editions Gl\u00e9nat","\u00e9t\u00e9","Gl\u00e9nat","Jeunesse","Julien Neel","Lou"],"articleSection":["B\u00e9n\u00e9volat","L'\u00e9t\u00e9","Tout le blog"],"inLanguage":"fr-FR","potentialAction":[{"@type":"CommentAction","name":"Comment","target":["https:\/\/sorbetkiwi.fr\/index.php\/idylles-de-julien-neel\/#respond"]}]},{"@type":"WebPage","@id":"https:\/\/sorbetkiwi.fr\/index.php\/idylles-de-julien-neel\/","url":"https:\/\/sorbetkiwi.fr\/index.php\/idylles-de-julien-neel\/","name":"Idylles de Julien Neel - Sorbet Kiwi","isPartOf":{"@id":"https:\/\/sorbetkiwi.fr\/#website"},"primaryImageOfPage":{"@id":"https:\/\/sorbetkiwi.fr\/index.php\/idylles-de-julien-neel\/#primaryimage"},"image":{"@id":"https:\/\/sorbetkiwi.fr\/index.php\/idylles-de-julien-neel\/#primaryimage"},"thumbnailUrl":"https:\/\/sorbetkiwi.fr\/wp-content\/uploads\/2024\/08\/Idylles-Lou-4-Julien-Neel.jpg","datePublished":"2024-08-16T10:38:04+00:00","dateModified":"2024-08-16T10:39:36+00:00","description":"Ma chronique du tome 4 de la saga Lou de Julien Neel, Idylles, publi\u00e9e aux \u00e9ditions Gl\u00e9nat dans la collection Tch\u00f4 !","breadcrumb":{"@id":"https:\/\/sorbetkiwi.fr\/index.php\/idylles-de-julien-neel\/#breadcrumb"},"inLanguage":"fr-FR","potentialAction":[{"@type":"ReadAction","target":["https:\/\/sorbetkiwi.fr\/index.php\/idylles-de-julien-neel\/"]}]},{"@type":"ImageObject","inLanguage":"fr-FR","@id":"https:\/\/sorbetkiwi.fr\/index.php\/idylles-de-julien-neel\/#primaryimage","url":"https:\/\/sorbetkiwi.fr\/wp-content\/uploads\/2024\/08\/Idylles-Lou-4-Julien-Neel.jpg","contentUrl":"https:\/\/sorbetkiwi.fr\/wp-content\/uploads\/2024\/08\/Idylles-Lou-4-Julien-Neel.jpg","width":1080,"height":1440,"caption":"Idylles Lou 4 Julien Neel"},{"@type":"BreadcrumbList","@id":"https:\/\/sorbetkiwi.fr\/index.php\/idylles-de-julien-neel\/#breadcrumb","itemListElement":[{"@type":"ListItem","position":1,"name":"Accueil","item":"https:\/\/sorbetkiwi.fr\/"},{"@type":"ListItem","position":2,"name":"Idylles de Julien Neel"}]},{"@type":"WebSite","@id":"https:\/\/sorbetkiwi.fr\/#website","url":"https:\/\/sorbetkiwi.fr\/","name":"Sorbet Kiwi","description":"Des lectures th\u00e9matiques par saison et les avis qui vont avec","publisher":{"@id":"https:\/\/sorbetkiwi.fr\/#organization"},"potentialAction":[{"@type":"SearchAction","target":{"@type":"EntryPoint","urlTemplate":"https:\/\/sorbetkiwi.fr\/?s={search_term_string}"},"query-input":{"@type":"PropertyValueSpecification","valueRequired":true,"valueName":"search_term_string"}}],"inLanguage":"fr-FR"},{"@type":"Organization","@id":"https:\/\/sorbetkiwi.fr\/#organization","name":"Sorbet Kiwi","url":"https:\/\/sorbetkiwi.fr\/","logo":{"@type":"ImageObject","inLanguage":"fr-FR","@id":"https:\/\/sorbetkiwi.fr\/#\/schema\/logo\/image\/","url":"https:\/\/sorbetkiwi.fr\/wp-content\/uploads\/2022\/10\/Banniere-Sorbet-Kiwi-2022.jpg","contentUrl":"https:\/\/sorbetkiwi.fr\/wp-content\/uploads\/2022\/10\/Banniere-Sorbet-Kiwi-2022.jpg","width":814,"height":401,"caption":"Sorbet Kiwi"},"image":{"@id":"https:\/\/sorbetkiwi.fr\/#\/schema\/logo\/image\/"},"sameAs":["https:\/\/www.facebook.com\/profile.php?id=100086238893269","https:\/\/x.com\/pepparshoes","https:\/\/www.instagram.com\/sorbetkiwi\/","https:\/\/www.tiktok.com\/sorbetkiwi"]},{"@type":"Person","@id":"https:\/\/sorbetkiwi.fr\/#\/schema\/person\/ed1b7b527a2957ddc3bf38b076540659","name":"Sorbet-Kiwi","image":{"@type":"ImageObject","inLanguage":"fr-FR","@id":"https:\/\/secure.gravatar.com\/avatar\/86f0a5c27d76317621b9e374d0f3a01d3a85278f10d0c7207ced4fd773057442?s=96&d=mm&r=g","url":"https:\/\/secure.gravatar.com\/avatar\/86f0a5c27d76317621b9e374d0f3a01d3a85278f10d0c7207ced4fd773057442?s=96&d=mm&r=g","contentUrl":"https:\/\/secure.gravatar.com\/avatar\/86f0a5c27d76317621b9e374d0f3a01d3a85278f10d0c7207ced4fd773057442?s=96&d=mm&r=g","caption":"Sorbet-Kiwi"},"sameAs":["http:\/\/sorbetkiwi.fr"],"url":"https:\/\/sorbetkiwi.fr\/index.php\/author\/admin7717\/"}]}},"_links":{"self":[{"href":"https:\/\/sorbetkiwi.fr\/index.php\/wp-json\/wp\/v2\/posts\/7022","targetHints":{"allow":["GET"]}}],"collection":[{"href":"https:\/\/sorbetkiwi.fr\/index.php\/wp-json\/wp\/v2\/posts"}],"about":[{"href":"https:\/\/sorbetkiwi.fr\/index.php\/wp-json\/wp\/v2\/types\/post"}],"author":[{"embeddable":true,"href":"https:\/\/sorbetkiwi.fr\/index.php\/wp-json\/wp\/v2\/users\/1"}],"replies":[{"embeddable":true,"href":"https:\/\/sorbetkiwi.fr\/index.php\/wp-json\/wp\/v2\/comments?post=7022"}],"version-history":[{"count":8,"href":"https:\/\/sorbetkiwi.fr\/index.php\/wp-json\/wp\/v2\/posts\/7022\/revisions"}],"predecessor-version":[{"id":7045,"href":"https:\/\/sorbetkiwi.fr\/index.php\/wp-json\/wp\/v2\/posts\/7022\/revisions\/7045"}],"wp:featuredmedia":[{"embeddable":true,"href":"https:\/\/sorbetkiwi.fr\/index.php\/wp-json\/wp\/v2\/media\/7042"}],"wp:attachment":[{"href":"https:\/\/sorbetkiwi.fr\/index.php\/wp-json\/wp\/v2\/media?parent=7022"}],"wp:term":[{"taxonomy":"category","embeddable":true,"href":"https:\/\/sorbetkiwi.fr\/index.php\/wp-json\/wp\/v2\/categories?post=7022"},{"taxonomy":"post_tag","embeddable":true,"href":"https:\/\/sorbetkiwi.fr\/index.php\/wp-json\/wp\/v2\/tags?post=7022"}],"curies":[{"name":"wp","href":"https:\/\/api.w.org\/{rel}","templated":true}]}}