{"id":6956,"date":"2024-08-06T07:00:00","date_gmt":"2024-08-06T05:00:00","guid":{"rendered":"https:\/\/sorbetkiwi.fr\/?p=6956"},"modified":"2024-08-04T18:38:14","modified_gmt":"2024-08-04T16:38:14","slug":"le-parfum-des-grandes-vacances-de-thibault-prugne","status":"publish","type":"post","link":"https:\/\/sorbetkiwi.fr\/index.php\/le-parfum-des-grandes-vacances-de-thibault-prugne\/","title":{"rendered":"Le parfum des grandes vacances de Thibault Prugne"},"content":{"rendered":"\t\t<div data-elementor-type=\"wp-post\" data-elementor-id=\"6956\" class=\"elementor elementor-6956\">\n\t\t\t\t\t\t<section class=\"elementor-section elementor-top-section elementor-element elementor-element-6bf000e8 elementor-section-boxed elementor-section-height-default elementor-section-height-default\" data-id=\"6bf000e8\" data-element_type=\"section\" data-e-type=\"section\">\n\t\t\t\t\t\t<div class=\"elementor-container elementor-column-gap-default\">\n\t\t\t\t\t<div class=\"elementor-column elementor-col-100 elementor-top-column elementor-element elementor-element-6ea9e368\" data-id=\"6ea9e368\" data-element_type=\"column\" data-e-type=\"column\">\n\t\t\t<div class=\"elementor-widget-wrap elementor-element-populated\">\n\t\t\t\t\t\t<div class=\"elementor-element elementor-element-749c9de6 elementor-widget elementor-widget-heading\" data-id=\"749c9de6\" data-element_type=\"widget\" data-e-type=\"widget\" data-widget_type=\"heading.default\">\n\t\t\t\t<div class=\"elementor-widget-container\">\n\t\t\t\t\t<h1 class=\"elementor-heading-title elementor-size-medium\">Le parfum des grandes vacances<\/h1>\t\t\t\t<\/div>\n\t\t\t\t<\/div>\n\t\t\t\t<div class=\"elementor-element elementor-element-608c11d8 elementor-view-default elementor-widget elementor-widget-icon\" data-id=\"608c11d8\" data-element_type=\"widget\" data-e-type=\"widget\" data-widget_type=\"icon.default\">\n\t\t\t\t<div class=\"elementor-widget-container\">\n\t\t\t\t\t\t\t<div class=\"elementor-icon-wrapper\">\n\t\t\t<div class=\"elementor-icon\">\n\t\t\t<i aria-hidden=\"true\" class=\"fas fa-cocktail\"><\/i>\t\t\t<\/div>\n\t\t<\/div>\n\t\t\t\t\t\t<\/div>\n\t\t\t\t<\/div>\n\t\t\t\t<div class=\"elementor-element elementor-element-f9b605b elementor-widget-divider--view-line elementor-widget elementor-widget-divider\" data-id=\"f9b605b\" data-element_type=\"widget\" data-e-type=\"widget\" data-widget_type=\"divider.default\">\n\t\t\t\t<div class=\"elementor-widget-container\">\n\t\t\t\t\t\t\t<div class=\"elementor-divider\">\n\t\t\t<span class=\"elementor-divider-separator\">\n\t\t\t\t\t\t<\/span>\n\t\t<\/div>\n\t\t\t\t\t\t<\/div>\n\t\t\t\t<\/div>\n\t\t\t\t<div class=\"elementor-element elementor-element-69969269 elementor-widget elementor-widget-heading\" data-id=\"69969269\" data-element_type=\"widget\" data-e-type=\"widget\" data-widget_type=\"heading.default\">\n\t\t\t\t<div class=\"elementor-widget-container\">\n\t\t\t\t\t<h2 class=\"elementor-heading-title elementor-size-medium\">R\u00e9sum\u00e9<\/h2>\t\t\t\t<\/div>\n\t\t\t\t<\/div>\n\t\t\t\t<div class=\"elementor-element elementor-element-25c676d4 elementor-widget elementor-widget-text-editor\" data-id=\"25c676d4\" data-element_type=\"widget\" data-e-type=\"widget\" data-widget_type=\"text-editor.default\">\n\t\t\t\t<div class=\"elementor-widget-container\">\n\t\t\t\t\t\t\t\t\t<p>Je me souviens de sa cabane qui flottait dans les champs comme un phare sur l\u2019oc\u00e9an ; des feuilles du vieux fr\u00eane scintillant au soleil, de l\u2019odeur du linge qui s\u00e9chait au fond du jardin, du bourdonnement des abeilles et du chant des m\u00e9sanges.<br \/>P\u00e9p\u00e9 L\u00e9on faisait partie de ces gens qui aimeraient que rien ne change jamais. Qui ne veulent pas refaire le monde, juste vivre au milieu et l\u2019\u00e9couter respirer.<br \/>Je m\u2019appelle Louise et ceci est mon histoire.<\/p>\t\t\t\t\t\t\t\t<\/div>\n\t\t\t\t<\/div>\n\t\t\t\t<div class=\"elementor-element elementor-element-1f1366c8 elementor-widget-divider--view-line elementor-widget elementor-widget-divider\" data-id=\"1f1366c8\" data-element_type=\"widget\" data-e-type=\"widget\" data-widget_type=\"divider.default\">\n\t\t\t\t<div class=\"elementor-widget-container\">\n\t\t\t\t\t\t\t<div class=\"elementor-divider\">\n\t\t\t<span class=\"elementor-divider-separator\">\n\t\t\t\t\t\t<\/span>\n\t\t<\/div>\n\t\t\t\t\t\t<\/div>\n\t\t\t\t<\/div>\n\t\t\t\t<div class=\"elementor-element elementor-element-330ff959 elementor-widget elementor-widget-heading\" data-id=\"330ff959\" data-element_type=\"widget\" data-e-type=\"widget\" data-widget_type=\"heading.default\">\n\t\t\t\t<div class=\"elementor-widget-container\">\n\t\t\t\t\t<h2 class=\"elementor-heading-title elementor-size-medium\">Sur le podium des albums jeunesse<\/h2>\t\t\t\t<\/div>\n\t\t\t\t<\/div>\n\t\t\t\t<div class=\"elementor-element elementor-element-23f8b4cc elementor-widget elementor-widget-text-editor\" data-id=\"23f8b4cc\" data-element_type=\"widget\" data-e-type=\"widget\" data-widget_type=\"text-editor.default\">\n\t\t\t\t<div class=\"elementor-widget-container\">\n\t\t\t\t\t\t\t\t\t<p>J&rsquo;ai d\u00e9couvert Thibault Prugne l&rsquo;\u00e9t\u00e9 dernier avec <a href=\"https:\/\/sorbetkiwi.fr\/index.php\/le-souffleur-de-reves-de-villiot-et-prugne\/\">Le souffleur de r\u00eaves<\/a> \u00e0 travers le Baby Challenge des albums 2023 sur Livraddict. Ensuite, j&rsquo;avais lu <a href=\"https:\/\/sorbetkiwi.fr\/index.php\/renard-et-petit-georges-de-thibault-prugne\/\">Renard et Petit Georges<\/a> pour le Prix Livraddict de l&rsquo;an pass\u00e9. Et l\u00e0, rebelotte, je peux lire Le parfum des grandes vacances dans le cadre du <a href=\"https:\/\/www.livraddict.com\/forum\/viewtopic.php?id=36768\">Challenge des albums 2024<\/a> ! D\u00e9cid\u00e9ment, Thibault Prugne, une valeur s\u00fbre pour les lecteur.ices d&rsquo;albums jeunesse ! Et je dois admettre que je me r\u00e9jouis de le retrouver puisque j&rsquo;adore son dessin que je trouve tr\u00e8s esth\u00e9tique, m\u00eame si j&rsquo;avais trouv\u00e9 ma deuxi\u00e8me lecture plut\u00f4t convenue. Et rien qu&rsquo;en ouvrant cette beaut\u00e9, je savais que ses illustrations allaient \u00e0 nouveau faire chavirer mon coeur. J&rsquo;adore, je suis fan, c&rsquo;est vraiment tr\u00e8s beau !\u00a0<\/p>\t\t\t\t\t\t\t\t<\/div>\n\t\t\t\t<\/div>\n\t\t\t\t<div class=\"elementor-element elementor-element-5637de2f elementor-widget-divider--view-line elementor-widget elementor-widget-divider\" data-id=\"5637de2f\" data-element_type=\"widget\" data-e-type=\"widget\" data-widget_type=\"divider.default\">\n\t\t\t\t<div class=\"elementor-widget-container\">\n\t\t\t\t\t\t\t<div class=\"elementor-divider\">\n\t\t\t<span class=\"elementor-divider-separator\">\n\t\t\t\t\t\t<\/span>\n\t\t<\/div>\n\t\t\t\t\t\t<\/div>\n\t\t\t\t<\/div>\n\t\t\t\t<div class=\"elementor-element elementor-element-2caaaabe elementor-widget elementor-widget-heading\" data-id=\"2caaaabe\" data-element_type=\"widget\" data-e-type=\"widget\" data-widget_type=\"heading.default\">\n\t\t\t\t<div class=\"elementor-widget-container\">\n\t\t\t\t\t<h4 class=\"elementor-heading-title elementor-size-medium\">\"P\u00e9p\u00e9 L\u00e9on faisait partie de ces gens qui aimeraient que rien ne change jamais. Qui ne veulent pas refaire le monde, juste vivre au milieu et l'\u00e9couter respirer.\"<\/h4>\t\t\t\t<\/div>\n\t\t\t\t<\/div>\n\t\t\t\t<div class=\"elementor-element elementor-element-e841b74 elementor-widget-divider--view-line elementor-widget elementor-widget-divider\" data-id=\"e841b74\" data-element_type=\"widget\" data-e-type=\"widget\" data-widget_type=\"divider.default\">\n\t\t\t\t<div class=\"elementor-widget-container\">\n\t\t\t\t\t\t\t<div class=\"elementor-divider\">\n\t\t\t<span class=\"elementor-divider-separator\">\n\t\t\t\t\t\t<\/span>\n\t\t<\/div>\n\t\t\t\t\t\t<\/div>\n\t\t\t\t<\/div>\n\t\t\t\t<div class=\"elementor-element elementor-element-727ef8b3 elementor-widget elementor-widget-heading\" data-id=\"727ef8b3\" data-element_type=\"widget\" data-e-type=\"widget\" data-widget_type=\"heading.default\">\n\t\t\t\t<div class=\"elementor-widget-container\">\n\t\t\t\t\t<h2 class=\"elementor-heading-title elementor-size-medium\">L'amour de la nature et de son prochain<\/h2>\t\t\t\t<\/div>\n\t\t\t\t<\/div>\n\t\t\t\t<div class=\"elementor-element elementor-element-4a3cb50a elementor-widget elementor-widget-text-editor\" data-id=\"4a3cb50a\" data-element_type=\"widget\" data-e-type=\"widget\" data-widget_type=\"text-editor.default\">\n\t\t\t\t<div class=\"elementor-widget-container\">\n\t\t\t\t\t\t\t\t\t<p>Le parfum des grandes vacances est \u00e9videmment parfait pour la saison, le titre a d\u00e9j\u00e0 vendu la m\u00e8che. L&rsquo;histoire prend forme le 2 ao\u00fbt, cela dit, nous sommes donc en plein dedans. On pourrait ainsi s&rsquo;attendre \u00e0 une histoire l\u00e9g\u00e8re, mais pas tant que cela. En r\u00e9alit\u00e9, le d\u00e9clencheur de ces vacances est une s\u00e9paration difficile. Le p\u00e8re de Louise est mort au combat, et sa m\u00e8re ne peut pas subvenir \u00e0 ses besoins, d&rsquo;o\u00f9 la n\u00e9cessit\u00e9 d&rsquo;aller vivre chez p\u00e9p\u00e9 L\u00e9on. Mais ce d\u00e9part complexe est pourtant profond\u00e9ment adoucit par la beaut\u00e9 des illustrations et les couleurs chaudes qui viennent enrober tout cela d&rsquo;une chaleur bienvenue. Le texte nous offre la beaut\u00e9 de la nature, l&rsquo;amour des animaux, un grand-p\u00e8re qui ressent toute la vivacit\u00e9 de ce qui l&rsquo;entoure et respecte profond\u00e9ment son environnement, sans forc\u00e9ment avoir envie d&rsquo;y inclure les humains. Mais nous savons qu&rsquo;il a aim\u00e9 : la grand-m\u00e8re de Louise, sa m\u00e8re \u00e9galement et il parle avec une profonde tendresse \u00e0 sa petite-fille.\u00a0<\/p>\t\t\t\t\t\t\t\t<\/div>\n\t\t\t\t<\/div>\n\t\t\t\t<div class=\"elementor-element elementor-element-3c48c071 elementor-widget-divider--view-line elementor-widget elementor-widget-divider\" data-id=\"3c48c071\" data-element_type=\"widget\" data-e-type=\"widget\" data-widget_type=\"divider.default\">\n\t\t\t\t<div class=\"elementor-widget-container\">\n\t\t\t\t\t\t\t<div class=\"elementor-divider\">\n\t\t\t<span class=\"elementor-divider-separator\">\n\t\t\t\t\t\t<\/span>\n\t\t<\/div>\n\t\t\t\t\t\t<\/div>\n\t\t\t\t<\/div>\n\t\t\t\t<div class=\"elementor-element elementor-element-583e0fe1 elementor-widget elementor-widget-heading\" data-id=\"583e0fe1\" data-element_type=\"widget\" data-e-type=\"widget\" data-widget_type=\"heading.default\">\n\t\t\t\t<div class=\"elementor-widget-container\">\n\t\t\t\t\t<h2 class=\"elementor-heading-title elementor-size-medium\">Et l\u00e0, le coup de coeur<\/h2>\t\t\t\t<\/div>\n\t\t\t\t<\/div>\n\t\t\t\t<div class=\"elementor-element elementor-element-7506eb4d elementor-widget elementor-widget-text-editor\" data-id=\"7506eb4d\" data-element_type=\"widget\" data-e-type=\"widget\" data-widget_type=\"text-editor.default\">\n\t\t\t\t<div class=\"elementor-widget-container\">\n\t\t\t\t\t\t\t\t\t<p>Le parfum des grandes vacances propose aussi une jolie r\u00e9flexion sur l&rsquo;impact de la guerre sur les enfants. Comment l&rsquo;analysent-ils ? \u00ab\u00a0Le grand chef de la guerre\u00a0\u00bb n&rsquo;est pas d\u00e9shumanis\u00e9. N&rsquo;aime-t-il donc pas la nature ? Ne comprend-il pas que les papas pr\u00e9f\u00e8rent les tartines de confiture aux armes ? Cela m&rsquo;a touch\u00e9 en plein coeur, j&rsquo;ai trouv\u00e9 ce texte d&rsquo;une beaut\u00e9 incroyable. Parce qu&rsquo;il nous embarque dans la magnificence de ce paysage, avant la chute qui nous chamboule. Qui nous permet de nous rendre compte de l&rsquo;impact de l&rsquo;humain sur notre terre. Sur notre quotidien aussi. Je l&rsquo;ai referm\u00e9 avec une pointe de m\u00e9lancolie au bord des paupi\u00e8res, et je me suis dis qu&rsquo;un coup de coeur jeunesse comme \u00e7a, je n&rsquo;en avais plus eu depuis longtemps. Quelle beaut\u00e9. Merci Thibaut Prugne. Cette 4\u00e8me place est bien m\u00e9rit\u00e9e, m\u00eame si pour moi, c&rsquo;est une m\u00e9daille d&rsquo;or.\u00a0<\/p>\t\t\t\t\t\t\t\t<\/div>\n\t\t\t\t<\/div>\n\t\t\t\t\t<\/div>\n\t\t<\/div>\n\t\t\t\t\t<\/div>\n\t\t<\/section>\n\t\t\t\t<\/div>\n\t\t","protected":false},"excerpt":{"rendered":"<p>Le parfum des grandes vacances R\u00e9sum\u00e9 Je me souviens de sa cabane qui flottait dans les champs comme un phare sur l\u2019oc\u00e9an ; des feuilles du vieux fr\u00eane scintillant au soleil, de l\u2019odeur du linge &hellip; <\/p>\n","protected":false},"author":1,"featured_media":6966,"comment_status":"open","ping_status":"open","sticky":false,"template":"","format":"standard","meta":{"footnotes":""},"categories":[7,9,14,1],"tags":[708,268,165,1404,736,1703,1403],"class_list":["post-6956","post","type-post","status-publish","format-standard","has-post-thumbnail","hentry","category-benevolat","category-coups-de-coeur","category-l-ete","category-tout-le-blog","tag-album","tag-album-jeunesse","tag-coup-de-coeur-2","tag-editions-margot","tag-ete","tag-le-parfum-des-grandes-vacances","tag-thibault-prugne","has-single-img"],"yoast_head":"<!-- This site is optimized with the Yoast SEO plugin v27.4 - https:\/\/yoast.com\/product\/yoast-seo-wordpress\/ -->\n<title>Le parfum des grandes vacances de Thibault Prugne - Sorbet Kiwi<\/title>\n<meta name=\"description\" content=\"Ma chronique de l&#039;album jeunesse Le parfum des grandes vacances de Thibault Prugne publi\u00e9 aux \u00e9ditions Margot.\" \/>\n<meta name=\"robots\" content=\"index, follow, max-snippet:-1, max-image-preview:large, max-video-preview:-1\" \/>\n<link rel=\"canonical\" href=\"https:\/\/sorbetkiwi.fr\/index.php\/le-parfum-des-grandes-vacances-de-thibault-prugne\/\" \/>\n<meta property=\"og:locale\" content=\"fr_FR\" \/>\n<meta property=\"og:type\" content=\"article\" \/>\n<meta property=\"og:title\" content=\"Le parfum des grandes vacances de Thibault Prugne - Sorbet Kiwi\" \/>\n<meta property=\"og:description\" content=\"Ma chronique de l&#039;album jeunesse Le parfum des grandes vacances de Thibault Prugne publi\u00e9 aux \u00e9ditions Margot.\" \/>\n<meta property=\"og:url\" content=\"https:\/\/sorbetkiwi.fr\/index.php\/le-parfum-des-grandes-vacances-de-thibault-prugne\/\" \/>\n<meta property=\"og:site_name\" content=\"Sorbet Kiwi\" \/>\n<meta property=\"article:publisher\" content=\"https:\/\/www.facebook.com\/profile.php?id=100086238893269\" \/>\n<meta property=\"article:published_time\" content=\"2024-08-06T05:00:00+00:00\" \/>\n<meta property=\"og:image\" content=\"https:\/\/sorbetkiwi.fr\/wp-content\/uploads\/2024\/08\/Le-parfu-des-grandes-vacances-Thibault-Prugne-1.jpg\" \/>\n\t<meta property=\"og:image:width\" content=\"1080\" \/>\n\t<meta property=\"og:image:height\" content=\"1440\" \/>\n\t<meta property=\"og:image:type\" content=\"image\/jpeg\" \/>\n<meta name=\"author\" content=\"Sorbet-Kiwi\" \/>\n<meta name=\"twitter:card\" content=\"summary_large_image\" \/>\n<meta name=\"twitter:creator\" content=\"@pepparshoes\" \/>\n<meta name=\"twitter:site\" content=\"@pepparshoes\" \/>\n<meta name=\"twitter:label1\" content=\"\u00c9crit par\" \/>\n\t<meta name=\"twitter:data1\" content=\"Sorbet-Kiwi\" \/>\n\t<meta name=\"twitter:label2\" content=\"Dur\u00e9e de lecture estim\u00e9e\" \/>\n\t<meta name=\"twitter:data2\" content=\"4 minutes\" \/>\n<script type=\"application\/ld+json\" class=\"yoast-schema-graph\">{\"@context\":\"https:\\\/\\\/schema.org\",\"@graph\":[{\"@type\":\"Article\",\"@id\":\"https:\\\/\\\/sorbetkiwi.fr\\\/index.php\\\/le-parfum-des-grandes-vacances-de-thibault-prugne\\\/#article\",\"isPartOf\":{\"@id\":\"https:\\\/\\\/sorbetkiwi.fr\\\/index.php\\\/le-parfum-des-grandes-vacances-de-thibault-prugne\\\/\"},\"author\":{\"name\":\"Sorbet-Kiwi\",\"@id\":\"https:\\\/\\\/sorbetkiwi.fr\\\/#\\\/schema\\\/person\\\/ed1b7b527a2957ddc3bf38b076540659\"},\"headline\":\"Le parfum des grandes vacances de Thibault Prugne\",\"datePublished\":\"2024-08-06T05:00:00+00:00\",\"mainEntityOfPage\":{\"@id\":\"https:\\\/\\\/sorbetkiwi.fr\\\/index.php\\\/le-parfum-des-grandes-vacances-de-thibault-prugne\\\/\"},\"wordCount\":655,\"commentCount\":3,\"publisher\":{\"@id\":\"https:\\\/\\\/sorbetkiwi.fr\\\/#organization\"},\"image\":{\"@id\":\"https:\\\/\\\/sorbetkiwi.fr\\\/index.php\\\/le-parfum-des-grandes-vacances-de-thibault-prugne\\\/#primaryimage\"},\"thumbnailUrl\":\"https:\\\/\\\/sorbetkiwi.fr\\\/wp-content\\\/uploads\\\/2024\\\/08\\\/Le-parfu-des-grandes-vacances-Thibault-Prugne-1.jpg\",\"keywords\":[\"Album\",\"Album jeunesse\",\"Coup de coeur\",\"Editions Margot\",\"\u00e9t\u00e9\",\"Le parfum des grandes vacances\",\"Thibault Prugne\"],\"articleSection\":[\"B\u00e9n\u00e9volat\",\"Coups de coeur\",\"L'\u00e9t\u00e9\",\"Tout le blog\"],\"inLanguage\":\"fr-FR\",\"potentialAction\":[{\"@type\":\"CommentAction\",\"name\":\"Comment\",\"target\":[\"https:\\\/\\\/sorbetkiwi.fr\\\/index.php\\\/le-parfum-des-grandes-vacances-de-thibault-prugne\\\/#respond\"]}]},{\"@type\":\"WebPage\",\"@id\":\"https:\\\/\\\/sorbetkiwi.fr\\\/index.php\\\/le-parfum-des-grandes-vacances-de-thibault-prugne\\\/\",\"url\":\"https:\\\/\\\/sorbetkiwi.fr\\\/index.php\\\/le-parfum-des-grandes-vacances-de-thibault-prugne\\\/\",\"name\":\"Le parfum des grandes vacances de Thibault Prugne - Sorbet Kiwi\",\"isPartOf\":{\"@id\":\"https:\\\/\\\/sorbetkiwi.fr\\\/#website\"},\"primaryImageOfPage\":{\"@id\":\"https:\\\/\\\/sorbetkiwi.fr\\\/index.php\\\/le-parfum-des-grandes-vacances-de-thibault-prugne\\\/#primaryimage\"},\"image\":{\"@id\":\"https:\\\/\\\/sorbetkiwi.fr\\\/index.php\\\/le-parfum-des-grandes-vacances-de-thibault-prugne\\\/#primaryimage\"},\"thumbnailUrl\":\"https:\\\/\\\/sorbetkiwi.fr\\\/wp-content\\\/uploads\\\/2024\\\/08\\\/Le-parfu-des-grandes-vacances-Thibault-Prugne-1.jpg\",\"datePublished\":\"2024-08-06T05:00:00+00:00\",\"description\":\"Ma chronique de l'album jeunesse Le parfum des grandes vacances de Thibault Prugne publi\u00e9 aux \u00e9ditions Margot.\",\"breadcrumb\":{\"@id\":\"https:\\\/\\\/sorbetkiwi.fr\\\/index.php\\\/le-parfum-des-grandes-vacances-de-thibault-prugne\\\/#breadcrumb\"},\"inLanguage\":\"fr-FR\",\"potentialAction\":[{\"@type\":\"ReadAction\",\"target\":[\"https:\\\/\\\/sorbetkiwi.fr\\\/index.php\\\/le-parfum-des-grandes-vacances-de-thibault-prugne\\\/\"]}]},{\"@type\":\"ImageObject\",\"inLanguage\":\"fr-FR\",\"@id\":\"https:\\\/\\\/sorbetkiwi.fr\\\/index.php\\\/le-parfum-des-grandes-vacances-de-thibault-prugne\\\/#primaryimage\",\"url\":\"https:\\\/\\\/sorbetkiwi.fr\\\/wp-content\\\/uploads\\\/2024\\\/08\\\/Le-parfu-des-grandes-vacances-Thibault-Prugne-1.jpg\",\"contentUrl\":\"https:\\\/\\\/sorbetkiwi.fr\\\/wp-content\\\/uploads\\\/2024\\\/08\\\/Le-parfu-des-grandes-vacances-Thibault-Prugne-1.jpg\",\"width\":1080,\"height\":1440,\"caption\":\"Le parfum des grandes vacances Thibault Prugne\"},{\"@type\":\"BreadcrumbList\",\"@id\":\"https:\\\/\\\/sorbetkiwi.fr\\\/index.php\\\/le-parfum-des-grandes-vacances-de-thibault-prugne\\\/#breadcrumb\",\"itemListElement\":[{\"@type\":\"ListItem\",\"position\":1,\"name\":\"Accueil\",\"item\":\"https:\\\/\\\/sorbetkiwi.fr\\\/\"},{\"@type\":\"ListItem\",\"position\":2,\"name\":\"Le parfum des grandes vacances de Thibault Prugne\"}]},{\"@type\":\"WebSite\",\"@id\":\"https:\\\/\\\/sorbetkiwi.fr\\\/#website\",\"url\":\"https:\\\/\\\/sorbetkiwi.fr\\\/\",\"name\":\"Sorbet Kiwi\",\"description\":\"Des lectures th\u00e9matiques par saison et les avis qui vont avec\",\"publisher\":{\"@id\":\"https:\\\/\\\/sorbetkiwi.fr\\\/#organization\"},\"potentialAction\":[{\"@type\":\"SearchAction\",\"target\":{\"@type\":\"EntryPoint\",\"urlTemplate\":\"https:\\\/\\\/sorbetkiwi.fr\\\/?s={search_term_string}\"},\"query-input\":{\"@type\":\"PropertyValueSpecification\",\"valueRequired\":true,\"valueName\":\"search_term_string\"}}],\"inLanguage\":\"fr-FR\"},{\"@type\":\"Organization\",\"@id\":\"https:\\\/\\\/sorbetkiwi.fr\\\/#organization\",\"name\":\"Sorbet Kiwi\",\"url\":\"https:\\\/\\\/sorbetkiwi.fr\\\/\",\"logo\":{\"@type\":\"ImageObject\",\"inLanguage\":\"fr-FR\",\"@id\":\"https:\\\/\\\/sorbetkiwi.fr\\\/#\\\/schema\\\/logo\\\/image\\\/\",\"url\":\"https:\\\/\\\/sorbetkiwi.fr\\\/wp-content\\\/uploads\\\/2022\\\/10\\\/Banniere-Sorbet-Kiwi-2022.jpg\",\"contentUrl\":\"https:\\\/\\\/sorbetkiwi.fr\\\/wp-content\\\/uploads\\\/2022\\\/10\\\/Banniere-Sorbet-Kiwi-2022.jpg\",\"width\":814,\"height\":401,\"caption\":\"Sorbet Kiwi\"},\"image\":{\"@id\":\"https:\\\/\\\/sorbetkiwi.fr\\\/#\\\/schema\\\/logo\\\/image\\\/\"},\"sameAs\":[\"https:\\\/\\\/www.facebook.com\\\/profile.php?id=100086238893269\",\"https:\\\/\\\/x.com\\\/pepparshoes\",\"https:\\\/\\\/www.instagram.com\\\/sorbetkiwi\\\/\",\"https:\\\/\\\/www.tiktok.com\\\/sorbetkiwi\"]},{\"@type\":\"Person\",\"@id\":\"https:\\\/\\\/sorbetkiwi.fr\\\/#\\\/schema\\\/person\\\/ed1b7b527a2957ddc3bf38b076540659\",\"name\":\"Sorbet-Kiwi\",\"image\":{\"@type\":\"ImageObject\",\"inLanguage\":\"fr-FR\",\"@id\":\"https:\\\/\\\/secure.gravatar.com\\\/avatar\\\/86f0a5c27d76317621b9e374d0f3a01d3a85278f10d0c7207ced4fd773057442?s=96&d=mm&r=g\",\"url\":\"https:\\\/\\\/secure.gravatar.com\\\/avatar\\\/86f0a5c27d76317621b9e374d0f3a01d3a85278f10d0c7207ced4fd773057442?s=96&d=mm&r=g\",\"contentUrl\":\"https:\\\/\\\/secure.gravatar.com\\\/avatar\\\/86f0a5c27d76317621b9e374d0f3a01d3a85278f10d0c7207ced4fd773057442?s=96&d=mm&r=g\",\"caption\":\"Sorbet-Kiwi\"},\"sameAs\":[\"http:\\\/\\\/sorbetkiwi.fr\"],\"url\":\"https:\\\/\\\/sorbetkiwi.fr\\\/index.php\\\/author\\\/admin7717\\\/\"}]}<\/script>\n<!-- \/ Yoast SEO plugin. -->","yoast_head_json":{"title":"Le parfum des grandes vacances de Thibault Prugne - Sorbet Kiwi","description":"Ma chronique de l'album jeunesse Le parfum des grandes vacances de Thibault Prugne publi\u00e9 aux \u00e9ditions Margot.","robots":{"index":"index","follow":"follow","max-snippet":"max-snippet:-1","max-image-preview":"max-image-preview:large","max-video-preview":"max-video-preview:-1"},"canonical":"https:\/\/sorbetkiwi.fr\/index.php\/le-parfum-des-grandes-vacances-de-thibault-prugne\/","og_locale":"fr_FR","og_type":"article","og_title":"Le parfum des grandes vacances de Thibault Prugne - Sorbet Kiwi","og_description":"Ma chronique de l'album jeunesse Le parfum des grandes vacances de Thibault Prugne publi\u00e9 aux \u00e9ditions Margot.","og_url":"https:\/\/sorbetkiwi.fr\/index.php\/le-parfum-des-grandes-vacances-de-thibault-prugne\/","og_site_name":"Sorbet Kiwi","article_publisher":"https:\/\/www.facebook.com\/profile.php?id=100086238893269","article_published_time":"2024-08-06T05:00:00+00:00","og_image":[{"width":1080,"height":1440,"url":"https:\/\/sorbetkiwi.fr\/wp-content\/uploads\/2024\/08\/Le-parfu-des-grandes-vacances-Thibault-Prugne-1.jpg","type":"image\/jpeg"}],"author":"Sorbet-Kiwi","twitter_card":"summary_large_image","twitter_creator":"@pepparshoes","twitter_site":"@pepparshoes","twitter_misc":{"\u00c9crit par":"Sorbet-Kiwi","Dur\u00e9e de lecture estim\u00e9e":"4 minutes"},"schema":{"@context":"https:\/\/schema.org","@graph":[{"@type":"Article","@id":"https:\/\/sorbetkiwi.fr\/index.php\/le-parfum-des-grandes-vacances-de-thibault-prugne\/#article","isPartOf":{"@id":"https:\/\/sorbetkiwi.fr\/index.php\/le-parfum-des-grandes-vacances-de-thibault-prugne\/"},"author":{"name":"Sorbet-Kiwi","@id":"https:\/\/sorbetkiwi.fr\/#\/schema\/person\/ed1b7b527a2957ddc3bf38b076540659"},"headline":"Le parfum des grandes vacances de Thibault Prugne","datePublished":"2024-08-06T05:00:00+00:00","mainEntityOfPage":{"@id":"https:\/\/sorbetkiwi.fr\/index.php\/le-parfum-des-grandes-vacances-de-thibault-prugne\/"},"wordCount":655,"commentCount":3,"publisher":{"@id":"https:\/\/sorbetkiwi.fr\/#organization"},"image":{"@id":"https:\/\/sorbetkiwi.fr\/index.php\/le-parfum-des-grandes-vacances-de-thibault-prugne\/#primaryimage"},"thumbnailUrl":"https:\/\/sorbetkiwi.fr\/wp-content\/uploads\/2024\/08\/Le-parfu-des-grandes-vacances-Thibault-Prugne-1.jpg","keywords":["Album","Album jeunesse","Coup de coeur","Editions Margot","\u00e9t\u00e9","Le parfum des grandes vacances","Thibault Prugne"],"articleSection":["B\u00e9n\u00e9volat","Coups de coeur","L'\u00e9t\u00e9","Tout le blog"],"inLanguage":"fr-FR","potentialAction":[{"@type":"CommentAction","name":"Comment","target":["https:\/\/sorbetkiwi.fr\/index.php\/le-parfum-des-grandes-vacances-de-thibault-prugne\/#respond"]}]},{"@type":"WebPage","@id":"https:\/\/sorbetkiwi.fr\/index.php\/le-parfum-des-grandes-vacances-de-thibault-prugne\/","url":"https:\/\/sorbetkiwi.fr\/index.php\/le-parfum-des-grandes-vacances-de-thibault-prugne\/","name":"Le parfum des grandes vacances de Thibault Prugne - Sorbet Kiwi","isPartOf":{"@id":"https:\/\/sorbetkiwi.fr\/#website"},"primaryImageOfPage":{"@id":"https:\/\/sorbetkiwi.fr\/index.php\/le-parfum-des-grandes-vacances-de-thibault-prugne\/#primaryimage"},"image":{"@id":"https:\/\/sorbetkiwi.fr\/index.php\/le-parfum-des-grandes-vacances-de-thibault-prugne\/#primaryimage"},"thumbnailUrl":"https:\/\/sorbetkiwi.fr\/wp-content\/uploads\/2024\/08\/Le-parfu-des-grandes-vacances-Thibault-Prugne-1.jpg","datePublished":"2024-08-06T05:00:00+00:00","description":"Ma chronique de l'album jeunesse Le parfum des grandes vacances de Thibault Prugne publi\u00e9 aux \u00e9ditions Margot.","breadcrumb":{"@id":"https:\/\/sorbetkiwi.fr\/index.php\/le-parfum-des-grandes-vacances-de-thibault-prugne\/#breadcrumb"},"inLanguage":"fr-FR","potentialAction":[{"@type":"ReadAction","target":["https:\/\/sorbetkiwi.fr\/index.php\/le-parfum-des-grandes-vacances-de-thibault-prugne\/"]}]},{"@type":"ImageObject","inLanguage":"fr-FR","@id":"https:\/\/sorbetkiwi.fr\/index.php\/le-parfum-des-grandes-vacances-de-thibault-prugne\/#primaryimage","url":"https:\/\/sorbetkiwi.fr\/wp-content\/uploads\/2024\/08\/Le-parfu-des-grandes-vacances-Thibault-Prugne-1.jpg","contentUrl":"https:\/\/sorbetkiwi.fr\/wp-content\/uploads\/2024\/08\/Le-parfu-des-grandes-vacances-Thibault-Prugne-1.jpg","width":1080,"height":1440,"caption":"Le parfum des grandes vacances Thibault Prugne"},{"@type":"BreadcrumbList","@id":"https:\/\/sorbetkiwi.fr\/index.php\/le-parfum-des-grandes-vacances-de-thibault-prugne\/#breadcrumb","itemListElement":[{"@type":"ListItem","position":1,"name":"Accueil","item":"https:\/\/sorbetkiwi.fr\/"},{"@type":"ListItem","position":2,"name":"Le parfum des grandes vacances de Thibault Prugne"}]},{"@type":"WebSite","@id":"https:\/\/sorbetkiwi.fr\/#website","url":"https:\/\/sorbetkiwi.fr\/","name":"Sorbet Kiwi","description":"Des lectures th\u00e9matiques par saison et les avis qui vont avec","publisher":{"@id":"https:\/\/sorbetkiwi.fr\/#organization"},"potentialAction":[{"@type":"SearchAction","target":{"@type":"EntryPoint","urlTemplate":"https:\/\/sorbetkiwi.fr\/?s={search_term_string}"},"query-input":{"@type":"PropertyValueSpecification","valueRequired":true,"valueName":"search_term_string"}}],"inLanguage":"fr-FR"},{"@type":"Organization","@id":"https:\/\/sorbetkiwi.fr\/#organization","name":"Sorbet Kiwi","url":"https:\/\/sorbetkiwi.fr\/","logo":{"@type":"ImageObject","inLanguage":"fr-FR","@id":"https:\/\/sorbetkiwi.fr\/#\/schema\/logo\/image\/","url":"https:\/\/sorbetkiwi.fr\/wp-content\/uploads\/2022\/10\/Banniere-Sorbet-Kiwi-2022.jpg","contentUrl":"https:\/\/sorbetkiwi.fr\/wp-content\/uploads\/2022\/10\/Banniere-Sorbet-Kiwi-2022.jpg","width":814,"height":401,"caption":"Sorbet Kiwi"},"image":{"@id":"https:\/\/sorbetkiwi.fr\/#\/schema\/logo\/image\/"},"sameAs":["https:\/\/www.facebook.com\/profile.php?id=100086238893269","https:\/\/x.com\/pepparshoes","https:\/\/www.instagram.com\/sorbetkiwi\/","https:\/\/www.tiktok.com\/sorbetkiwi"]},{"@type":"Person","@id":"https:\/\/sorbetkiwi.fr\/#\/schema\/person\/ed1b7b527a2957ddc3bf38b076540659","name":"Sorbet-Kiwi","image":{"@type":"ImageObject","inLanguage":"fr-FR","@id":"https:\/\/secure.gravatar.com\/avatar\/86f0a5c27d76317621b9e374d0f3a01d3a85278f10d0c7207ced4fd773057442?s=96&d=mm&r=g","url":"https:\/\/secure.gravatar.com\/avatar\/86f0a5c27d76317621b9e374d0f3a01d3a85278f10d0c7207ced4fd773057442?s=96&d=mm&r=g","contentUrl":"https:\/\/secure.gravatar.com\/avatar\/86f0a5c27d76317621b9e374d0f3a01d3a85278f10d0c7207ced4fd773057442?s=96&d=mm&r=g","caption":"Sorbet-Kiwi"},"sameAs":["http:\/\/sorbetkiwi.fr"],"url":"https:\/\/sorbetkiwi.fr\/index.php\/author\/admin7717\/"}]}},"_links":{"self":[{"href":"https:\/\/sorbetkiwi.fr\/index.php\/wp-json\/wp\/v2\/posts\/6956","targetHints":{"allow":["GET"]}}],"collection":[{"href":"https:\/\/sorbetkiwi.fr\/index.php\/wp-json\/wp\/v2\/posts"}],"about":[{"href":"https:\/\/sorbetkiwi.fr\/index.php\/wp-json\/wp\/v2\/types\/post"}],"author":[{"embeddable":true,"href":"https:\/\/sorbetkiwi.fr\/index.php\/wp-json\/wp\/v2\/users\/1"}],"replies":[{"embeddable":true,"href":"https:\/\/sorbetkiwi.fr\/index.php\/wp-json\/wp\/v2\/comments?post=6956"}],"version-history":[{"count":14,"href":"https:\/\/sorbetkiwi.fr\/index.php\/wp-json\/wp\/v2\/posts\/6956\/revisions"}],"predecessor-version":[{"id":6972,"href":"https:\/\/sorbetkiwi.fr\/index.php\/wp-json\/wp\/v2\/posts\/6956\/revisions\/6972"}],"wp:featuredmedia":[{"embeddable":true,"href":"https:\/\/sorbetkiwi.fr\/index.php\/wp-json\/wp\/v2\/media\/6966"}],"wp:attachment":[{"href":"https:\/\/sorbetkiwi.fr\/index.php\/wp-json\/wp\/v2\/media?parent=6956"}],"wp:term":[{"taxonomy":"category","embeddable":true,"href":"https:\/\/sorbetkiwi.fr\/index.php\/wp-json\/wp\/v2\/categories?post=6956"},{"taxonomy":"post_tag","embeddable":true,"href":"https:\/\/sorbetkiwi.fr\/index.php\/wp-json\/wp\/v2\/tags?post=6956"}],"curies":[{"name":"wp","href":"https:\/\/api.w.org\/{rel}","templated":true}]}}