{"id":6692,"date":"2025-05-19T11:44:07","date_gmt":"2025-05-19T09:44:07","guid":{"rendered":"https:\/\/sorbetkiwi.fr\/?p=6692"},"modified":"2025-05-19T11:44:09","modified_gmt":"2025-05-19T09:44:09","slug":"l-appart-d-en-face-de-virginie-guelin","status":"publish","type":"post","link":"https:\/\/sorbetkiwi.fr\/index.php\/l-appart-d-en-face-de-virginie-guelin\/","title":{"rendered":"L&rsquo;appart d&rsquo;en face de Virginie Gu\u00e9lin"},"content":{"rendered":"\t\t<div data-elementor-type=\"wp-post\" data-elementor-id=\"6692\" class=\"elementor elementor-6692\">\n\t\t\t\t\t\t<section class=\"elementor-section elementor-top-section elementor-element elementor-element-517d699f elementor-section-boxed elementor-section-height-default elementor-section-height-default\" data-id=\"517d699f\" data-element_type=\"section\" data-e-type=\"section\">\n\t\t\t\t\t\t<div class=\"elementor-container elementor-column-gap-default\">\n\t\t\t\t\t<div class=\"elementor-column elementor-col-100 elementor-top-column elementor-element elementor-element-11d1c545\" data-id=\"11d1c545\" data-element_type=\"column\" data-e-type=\"column\">\n\t\t\t<div class=\"elementor-widget-wrap elementor-element-populated\">\n\t\t\t\t\t\t<div class=\"elementor-element elementor-element-13c86ce5 elementor-widget elementor-widget-heading\" data-id=\"13c86ce5\" data-element_type=\"widget\" data-e-type=\"widget\" data-widget_type=\"heading.default\">\n\t\t\t\t<div class=\"elementor-widget-container\">\n\t\t\t\t\t<h1 class=\"elementor-heading-title elementor-size-medium\">L'appart d'en face de Virginie Gu\u00e9lin et la cath\u00e9drale de Strasbourg<\/h1>\t\t\t\t<\/div>\n\t\t\t\t<\/div>\n\t\t\t\t<div class=\"elementor-element elementor-element-12df65b elementor-view-default elementor-widget elementor-widget-icon\" data-id=\"12df65b\" data-element_type=\"widget\" data-e-type=\"widget\" data-widget_type=\"icon.default\">\n\t\t\t\t<div class=\"elementor-widget-container\">\n\t\t\t\t\t\t\t<div class=\"elementor-icon-wrapper\">\n\t\t\t<div class=\"elementor-icon\">\n\t\t\t<i aria-hidden=\"true\" class=\"fab fa-pagelines\"><\/i>\t\t\t<\/div>\n\t\t<\/div>\n\t\t\t\t\t\t<\/div>\n\t\t\t\t<\/div>\n\t\t\t\t<div class=\"elementor-element elementor-element-431766d8 elementor-widget-divider--view-line elementor-widget elementor-widget-divider\" data-id=\"431766d8\" data-element_type=\"widget\" data-e-type=\"widget\" data-widget_type=\"divider.default\">\n\t\t\t\t<div class=\"elementor-widget-container\">\n\t\t\t\t\t\t\t<div class=\"elementor-divider\">\n\t\t\t<span class=\"elementor-divider-separator\">\n\t\t\t\t\t\t<\/span>\n\t\t<\/div>\n\t\t\t\t\t\t<\/div>\n\t\t\t\t<\/div>\n\t\t\t\t<div class=\"elementor-element elementor-element-4cc20d82 elementor-widget elementor-widget-heading\" data-id=\"4cc20d82\" data-element_type=\"widget\" data-e-type=\"widget\" data-widget_type=\"heading.default\">\n\t\t\t\t<div class=\"elementor-widget-container\">\n\t\t\t\t\t<h2 class=\"elementor-heading-title elementor-size-medium\">R\u00e9sum\u00e9<\/h2>\t\t\t\t<\/div>\n\t\t\t\t<\/div>\n\t\t\t\t<div class=\"elementor-element elementor-element-4d8bdad3 elementor-widget elementor-widget-text-editor\" data-id=\"4d8bdad3\" data-element_type=\"widget\" data-e-type=\"widget\" data-widget_type=\"text-editor.default\">\n\t\t\t\t<div class=\"elementor-widget-container\">\n\t\t\t\t\t\t\t\t\t<p>Strasbourg, au 2, rue des Constellations, palier du cinqui\u00e8me, porte de gauche. C\u2019est ici que vit Clara, institutrice cr\u00e9ative, englu\u00e9e dans sa routine et ses habitudes, et caboss\u00e9e par ses secrets. Malgr\u00e9 une premi\u00e8re rencontre d\u00e9routante, elle nourrit une amiti\u00e9 forte avec l\u2019occupant de l\u2019appartement d\u2019en face, \u00e0 droite en sortant de l\u2019ascenseur. Ce papa divorc\u00e9 est \u00e9crivain et lutte contre ses tourments en encha\u00eenant les exc\u00e8s.<\/p><p>Complices et attachantes, ces deux \u00e2mes bless\u00e9es se soutiennent sans faillir. Elles composent avec leurs clans qui les entourent respectivement, donn\u00e9es inalt\u00e9rables de leur \u00e9quation. Mais quand une nuit d\u2019\u00e9t\u00e9, l\u2019\u00e9crivain avoue imaginer une issue amoureuse \u00e0 leur relation, Clara se braque, sans pour autant parvenir \u00e0 renoncer \u00e0 leur lien si pr\u00e9cieux. Leurs errances les conduisent \u00e0 des confidences, avec une question r\u00e9currente : peuvent-ils se r\u00e9parer ?<\/p><p>L\u2019Appart d\u2019en face, c\u2019est une histoire d\u2019amour et de r\u00e9silience, un tourbillon de sentiments et d\u2019\u00e9motions qui nous entra\u00eene d\u2019une porte \u00e0 une autre, en empruntant parfois des chemins tortueux.<\/p>\t\t\t\t\t\t\t\t<\/div>\n\t\t\t\t<\/div>\n\t\t\t\t<div class=\"elementor-element elementor-element-27799971 elementor-widget-divider--view-line elementor-widget elementor-widget-divider\" data-id=\"27799971\" data-element_type=\"widget\" data-e-type=\"widget\" data-widget_type=\"divider.default\">\n\t\t\t\t<div class=\"elementor-widget-container\">\n\t\t\t\t\t\t\t<div class=\"elementor-divider\">\n\t\t\t<span class=\"elementor-divider-separator\">\n\t\t\t\t\t\t<\/span>\n\t\t<\/div>\n\t\t\t\t\t\t<\/div>\n\t\t\t\t<\/div>\n\t\t\t\t<div class=\"elementor-element elementor-element-49bd5480 elementor-widget elementor-widget-heading\" data-id=\"49bd5480\" data-element_type=\"widget\" data-e-type=\"widget\" data-widget_type=\"heading.default\">\n\t\t\t\t<div class=\"elementor-widget-container\">\n\t\t\t\t\t<h2 class=\"elementor-heading-title elementor-size-medium\">Strasbourg, mon amour<\/h2>\t\t\t\t<\/div>\n\t\t\t\t<\/div>\n\t\t\t\t<div class=\"elementor-element elementor-element-7d05d30d elementor-widget elementor-widget-text-editor\" data-id=\"7d05d30d\" data-element_type=\"widget\" data-e-type=\"widget\" data-widget_type=\"text-editor.default\">\n\t\t\t\t<div class=\"elementor-widget-container\">\n\t\t\t\t\t\t\t\t\t<p>Dans quelle ville aimez-vous tout particuli\u00e8rement que se passe l\u2019histoire que vous lisez ? J\u2019aime le monde entier, la lecture me fait voyager, mais je ne refuse que rarement une bonne histoire \u00e0 Strasbourg ! Pouvoir visualiser les lieux, c\u2019est sp\u00e9cial je trouve. Ma cat\u00e9gorie <a href=\"https:\/\/sorbetkiwi.fr\/index.php\/category\/sur-les-traces-des-sept-soeurs\/\">Sur les traces des sept s\u0153urs<\/a> en atteste ! Alors quand <a href=\"https:\/\/avrilsurunfil.com\/categorie-produit\/romans\/\">Avril sur un fil<\/a> m\u2019a propos\u00e9 la lecture de son roman, je n\u2019ai tout simplement pas pu refuser !<\/p>\t\t\t\t\t\t\t\t<\/div>\n\t\t\t\t<\/div>\n\t\t\t\t<div class=\"elementor-element elementor-element-77dfece7 elementor-widget-divider--view-line elementor-widget elementor-widget-divider\" data-id=\"77dfece7\" data-element_type=\"widget\" data-e-type=\"widget\" data-widget_type=\"divider.default\">\n\t\t\t\t<div class=\"elementor-widget-container\">\n\t\t\t\t\t\t\t<div class=\"elementor-divider\">\n\t\t\t<span class=\"elementor-divider-separator\">\n\t\t\t\t\t\t<\/span>\n\t\t<\/div>\n\t\t\t\t\t\t<\/div>\n\t\t\t\t<\/div>\n\t\t\t\t<div class=\"elementor-element elementor-element-2ce9e85d elementor-widget elementor-widget-heading\" data-id=\"2ce9e85d\" data-element_type=\"widget\" data-e-type=\"widget\" data-widget_type=\"heading.default\">\n\t\t\t\t<div class=\"elementor-widget-container\">\n\t\t\t\t\t<h4 class=\"elementor-heading-title elementor-size-medium\">\"En acceptant, j'entrouve la porte de mon \u00e2me rest\u00e9e close pendant bien des ann\u00e9es. Je choisis de lui faire confiance et de suivre mon c\u0153ur, m\u00eame si dans mon esprit, la peur panique s'est install\u00e9e.\"<\/h4>\t\t\t\t<\/div>\n\t\t\t\t<\/div>\n\t\t\t\t<div class=\"elementor-element elementor-element-1cf26bf8 elementor-widget-divider--view-line elementor-widget elementor-widget-divider\" data-id=\"1cf26bf8\" data-element_type=\"widget\" data-e-type=\"widget\" data-widget_type=\"divider.default\">\n\t\t\t\t<div class=\"elementor-widget-container\">\n\t\t\t\t\t\t\t<div class=\"elementor-divider\">\n\t\t\t<span class=\"elementor-divider-separator\">\n\t\t\t\t\t\t<\/span>\n\t\t<\/div>\n\t\t\t\t\t\t<\/div>\n\t\t\t\t<\/div>\n\t\t\t\t<div class=\"elementor-element elementor-element-48b3f807 elementor-widget elementor-widget-heading\" data-id=\"48b3f807\" data-element_type=\"widget\" data-e-type=\"widget\" data-widget_type=\"heading.default\">\n\t\t\t\t<div class=\"elementor-widget-container\">\n\t\t\t\t\t<h2 class=\"elementor-heading-title elementor-size-medium\">La romance, mais pas \u00e0 tout prix<\/h2>\t\t\t\t<\/div>\n\t\t\t\t<\/div>\n\t\t\t\t<div class=\"elementor-element elementor-element-3c818c72 elementor-widget elementor-widget-text-editor\" data-id=\"3c818c72\" data-element_type=\"widget\" data-e-type=\"widget\" data-widget_type=\"text-editor.default\">\n\t\t\t\t<div class=\"elementor-widget-container\">\n\t\t\t\t\t\t\t\t\t<p>Et j\u2019ai tant aim\u00e9 ce <em>slow burn friends to lovers<\/em> sur fond de secrets bien enfouies ! Mes suppositions sur la fin, et le myst\u00e8re qui entoure Clara, n\u2019\u00e9taient que partiellement fond\u00e9s. Mais ce que j\u2019ai particuli\u00e8rement aim\u00e9, c\u2019est la relation entre Clara et l\u2019Ecrivain. Elle se construit sainement, ce qui permet de s\u2019attacher au couple m\u00eame lorsqu\u2019on est fondamentalement diff\u00e9rente de la jeune femme (comme moi). L\u2019histoire am\u00e8ne un vrai respect des personnes introverties je trouve, qui ne savent pas ou ne sont pas\/plus en mesure d\u2019exprimer leurs \u00e9motions en un claquement de doigt. Cela souligne aussi l\u2019importance de respecter le rythme de chacun dans une idylle, surtout apr\u00e8s plusieurs ann\u00e9es de c\u00e9libat, qui est souvent synonyme d\u2019ind\u00e9pendance et d\u2019autonomie.\u00a0<\/p>\t\t\t\t\t\t\t\t<\/div>\n\t\t\t\t<\/div>\n\t\t\t\t<div class=\"elementor-element elementor-element-6f600196 elementor-widget-divider--view-line elementor-widget elementor-widget-divider\" data-id=\"6f600196\" data-element_type=\"widget\" data-e-type=\"widget\" data-widget_type=\"divider.default\">\n\t\t\t\t<div class=\"elementor-widget-container\">\n\t\t\t\t\t\t\t<div class=\"elementor-divider\">\n\t\t\t<span class=\"elementor-divider-separator\">\n\t\t\t\t\t\t<\/span>\n\t\t<\/div>\n\t\t\t\t\t\t<\/div>\n\t\t\t\t<\/div>\n\t\t\t\t<div class=\"elementor-element elementor-element-53d92547 elementor-widget elementor-widget-heading\" data-id=\"53d92547\" data-element_type=\"widget\" data-e-type=\"widget\" data-widget_type=\"heading.default\">\n\t\t\t\t<div class=\"elementor-widget-container\">\n\t\t\t\t\t<h2 class=\"elementor-heading-title elementor-size-medium\">Une \u00e9criture douce et jolie<\/h2>\t\t\t\t<\/div>\n\t\t\t\t<\/div>\n\t\t\t\t<div class=\"elementor-element elementor-element-687b31e9 elementor-widget elementor-widget-text-editor\" data-id=\"687b31e9\" data-element_type=\"widget\" data-e-type=\"widget\" data-widget_type=\"text-editor.default\">\n\t\t\t\t<div class=\"elementor-widget-container\">\n\t\t\t\t\t\t\t\t\t<p>Si je n\u2019ai pas appr\u00e9ci\u00e9 le surnom que donne Mo \u00e0 Clara, j\u2019ai aim\u00e9 celui qu\u2019elle lui donne. \u00abL\u2019\u00e9crivain\u00bb. C\u2019est original. Cela respecte les codes de la romance, apr\u00e8s tout (et j\u2019ai souvent du mal avec les surnoms, vous le savez). Globalement, j\u2019ai aim\u00e9 l\u2019\u00e9criture douce, et jolie, qui m\u2019a fait me sentir vraiment bien. Et qui nous balade \u00e0 Strasbourg, et en Alsace, sans que ce soit chauvin pour autant. Enfin, j\u2019ai \u00e9t\u00e9 s\u00e9duite par la bande son anglophone, mais les fans de vari\u00e9t\u00e9s fran\u00e7aises auront aussi leur comptant de chansons. J\u2019ai envie de souligner un dernier point : l\u2019id\u00e9e que l\u2019amour n\u2019a pas d\u2019\u00e2ge. Que le jeune amour, qui nous permet de nous marier \u00e0 25 ans, est une illusion de la pop culture. Merci de nous le rappeler Virginie.<\/p>\t\t\t\t\t\t\t\t<\/div>\n\t\t\t\t<\/div>\n\t\t\t\t<div class=\"elementor-element elementor-element-197f1111 elementor-widget elementor-widget-heading\" data-id=\"197f1111\" data-element_type=\"widget\" data-e-type=\"widget\" data-widget_type=\"heading.default\">\n\t\t\t\t<div class=\"elementor-widget-container\">\n\t\t\t\t\t<h4 class=\"elementor-heading-title elementor-size-medium\">De la m\u00eame autrice :<\/h4>\t\t\t\t<\/div>\n\t\t\t\t<\/div>\n\t\t\t\t<div class=\"elementor-element elementor-element-6c6f812d elementor-widget elementor-widget-text-editor\" data-id=\"6c6f812d\" data-element_type=\"widget\" data-e-type=\"widget\" data-widget_type=\"text-editor.default\">\n\t\t\t\t<div class=\"elementor-widget-container\">\n\t\t\t\t\t\t\t\t\t<p>Mes chroniques des livres de Virginie Gu\u00e9lin :\u00a0<\/p><ul><li>L&rsquo;appart d&rsquo;en face<\/li><li>No\u00ebl \u00e0 la fabrique (\u00e0 venir)<\/li><li><a href=\"https:\/\/sorbetkiwi.fr\/index.php\/sur-mesure-de-virginie-guelin\/\">Sur mesure<\/a><\/li><\/ul>\t\t\t\t\t\t\t\t<\/div>\n\t\t\t\t<\/div>\n\t\t\t\t\t<\/div>\n\t\t<\/div>\n\t\t\t\t\t<\/div>\n\t\t<\/section>\n\t\t\t\t<\/div>\n\t\t","protected":false},"excerpt":{"rendered":"<p>L&rsquo;appart d&rsquo;en face de Virginie Gu\u00e9lin et la cath\u00e9drale de Strasbourg R\u00e9sum\u00e9 Strasbourg, au 2, rue des Constellations, palier du cinqui\u00e8me, porte de gauche. C\u2019est ici que vit Clara, institutrice cr\u00e9ative, englu\u00e9e dans sa routine &hellip; <\/p>\n","protected":false},"author":1,"featured_media":6693,"comment_status":"open","ping_status":"open","sticky":false,"template":"","format":"standard","meta":{"footnotes":""},"categories":[13,8,1],"tags":[277,1982,500,583,1740],"class_list":["post-6692","post","type-post","status-publish","format-standard","has-post-thumbnail","hentry","category-le-printemps","category-partenariats","category-tout-le-blog","tag-autoedition","tag-lappart-den-face","tag-printemps","tag-strasbourg","tag-virginie-guelin","has-single-img"],"yoast_head":"<!-- This site is optimized with the Yoast SEO plugin v27.4 - https:\/\/yoast.com\/product\/yoast-seo-wordpress\/ -->\n<title>L&#039;appart d&#039;en face de Virginie Gu\u00e9lin - Sorbet Kiwi<\/title>\n<meta name=\"description\" content=\"Transfert de chronique courte de L&#039;appart d&#039;en face de Virginie Gu\u00e9lin, publi\u00e9 en auto-\u00e9dition en d\u00e9cembre 2021.\" \/>\n<meta name=\"robots\" content=\"index, follow, max-snippet:-1, max-image-preview:large, max-video-preview:-1\" \/>\n<link rel=\"canonical\" href=\"https:\/\/sorbetkiwi.fr\/index.php\/l-appart-d-en-face-de-virginie-guelin\/\" \/>\n<meta property=\"og:locale\" content=\"fr_FR\" \/>\n<meta property=\"og:type\" content=\"article\" \/>\n<meta property=\"og:title\" content=\"L&#039;appart d&#039;en face de Virginie Gu\u00e9lin - Sorbet Kiwi\" \/>\n<meta property=\"og:description\" content=\"Transfert de chronique courte de L&#039;appart d&#039;en face de Virginie Gu\u00e9lin, publi\u00e9 en auto-\u00e9dition en d\u00e9cembre 2021.\" \/>\n<meta property=\"og:url\" content=\"https:\/\/sorbetkiwi.fr\/index.php\/l-appart-d-en-face-de-virginie-guelin\/\" \/>\n<meta property=\"og:site_name\" content=\"Sorbet Kiwi\" \/>\n<meta property=\"article:publisher\" content=\"https:\/\/www.facebook.com\/profile.php?id=100086238893269\" \/>\n<meta property=\"article:published_time\" content=\"2025-05-19T09:44:07+00:00\" \/>\n<meta property=\"article:modified_time\" content=\"2025-05-19T09:44:09+00:00\" \/>\n<meta property=\"og:image\" content=\"https:\/\/sorbetkiwi.fr\/wp-content\/uploads\/2024\/06\/Lappart-den-face-de-Virginie-Guelin-775x1024.png\" \/>\n\t<meta property=\"og:image:width\" content=\"775\" \/>\n\t<meta property=\"og:image:height\" content=\"1024\" \/>\n\t<meta property=\"og:image:type\" content=\"image\/png\" \/>\n<meta name=\"author\" content=\"Sorbet-Kiwi\" \/>\n<meta name=\"twitter:card\" content=\"summary_large_image\" \/>\n<meta name=\"twitter:creator\" content=\"@pepparshoes\" \/>\n<meta name=\"twitter:site\" content=\"@pepparshoes\" \/>\n<meta name=\"twitter:label1\" content=\"\u00c9crit par\" \/>\n\t<meta name=\"twitter:data1\" content=\"Sorbet-Kiwi\" \/>\n\t<meta name=\"twitter:label2\" content=\"Dur\u00e9e de lecture estim\u00e9e\" \/>\n\t<meta name=\"twitter:data2\" content=\"4 minutes\" \/>\n<script type=\"application\/ld+json\" class=\"yoast-schema-graph\">{\"@context\":\"https:\\\/\\\/schema.org\",\"@graph\":[{\"@type\":\"Article\",\"@id\":\"https:\\\/\\\/sorbetkiwi.fr\\\/index.php\\\/l-appart-d-en-face-de-virginie-guelin\\\/#article\",\"isPartOf\":{\"@id\":\"https:\\\/\\\/sorbetkiwi.fr\\\/index.php\\\/l-appart-d-en-face-de-virginie-guelin\\\/\"},\"author\":{\"name\":\"Sorbet-Kiwi\",\"@id\":\"https:\\\/\\\/sorbetkiwi.fr\\\/#\\\/schema\\\/person\\\/ed1b7b527a2957ddc3bf38b076540659\"},\"headline\":\"L&rsquo;appart d&rsquo;en face de Virginie Gu\u00e9lin\",\"datePublished\":\"2025-05-19T09:44:07+00:00\",\"dateModified\":\"2025-05-19T09:44:09+00:00\",\"mainEntityOfPage\":{\"@id\":\"https:\\\/\\\/sorbetkiwi.fr\\\/index.php\\\/l-appart-d-en-face-de-virginie-guelin\\\/\"},\"wordCount\":664,\"commentCount\":2,\"publisher\":{\"@id\":\"https:\\\/\\\/sorbetkiwi.fr\\\/#organization\"},\"image\":{\"@id\":\"https:\\\/\\\/sorbetkiwi.fr\\\/index.php\\\/l-appart-d-en-face-de-virginie-guelin\\\/#primaryimage\"},\"thumbnailUrl\":\"https:\\\/\\\/sorbetkiwi.fr\\\/wp-content\\\/uploads\\\/2024\\\/06\\\/Lappart-den-face-de-Virginie-Guelin.png\",\"keywords\":[\"Auto\u00e9dition\",\"L'appart d'en face\",\"Printemps\",\"Strasbourg\",\"Virginie Gu\u00e9lin\"],\"articleSection\":[\"Le printemps\",\"Partenariats\",\"Tout le blog\"],\"inLanguage\":\"fr-FR\",\"potentialAction\":[{\"@type\":\"CommentAction\",\"name\":\"Comment\",\"target\":[\"https:\\\/\\\/sorbetkiwi.fr\\\/index.php\\\/l-appart-d-en-face-de-virginie-guelin\\\/#respond\"]}]},{\"@type\":\"WebPage\",\"@id\":\"https:\\\/\\\/sorbetkiwi.fr\\\/index.php\\\/l-appart-d-en-face-de-virginie-guelin\\\/\",\"url\":\"https:\\\/\\\/sorbetkiwi.fr\\\/index.php\\\/l-appart-d-en-face-de-virginie-guelin\\\/\",\"name\":\"L'appart d'en face de Virginie Gu\u00e9lin - Sorbet Kiwi\",\"isPartOf\":{\"@id\":\"https:\\\/\\\/sorbetkiwi.fr\\\/#website\"},\"primaryImageOfPage\":{\"@id\":\"https:\\\/\\\/sorbetkiwi.fr\\\/index.php\\\/l-appart-d-en-face-de-virginie-guelin\\\/#primaryimage\"},\"image\":{\"@id\":\"https:\\\/\\\/sorbetkiwi.fr\\\/index.php\\\/l-appart-d-en-face-de-virginie-guelin\\\/#primaryimage\"},\"thumbnailUrl\":\"https:\\\/\\\/sorbetkiwi.fr\\\/wp-content\\\/uploads\\\/2024\\\/06\\\/Lappart-den-face-de-Virginie-Guelin.png\",\"datePublished\":\"2025-05-19T09:44:07+00:00\",\"dateModified\":\"2025-05-19T09:44:09+00:00\",\"description\":\"Transfert de chronique courte de L'appart d'en face de Virginie Gu\u00e9lin, publi\u00e9 en auto-\u00e9dition en d\u00e9cembre 2021.\",\"breadcrumb\":{\"@id\":\"https:\\\/\\\/sorbetkiwi.fr\\\/index.php\\\/l-appart-d-en-face-de-virginie-guelin\\\/#breadcrumb\"},\"inLanguage\":\"fr-FR\",\"potentialAction\":[{\"@type\":\"ReadAction\",\"target\":[\"https:\\\/\\\/sorbetkiwi.fr\\\/index.php\\\/l-appart-d-en-face-de-virginie-guelin\\\/\"]}]},{\"@type\":\"ImageObject\",\"inLanguage\":\"fr-FR\",\"@id\":\"https:\\\/\\\/sorbetkiwi.fr\\\/index.php\\\/l-appart-d-en-face-de-virginie-guelin\\\/#primaryimage\",\"url\":\"https:\\\/\\\/sorbetkiwi.fr\\\/wp-content\\\/uploads\\\/2024\\\/06\\\/Lappart-den-face-de-Virginie-Guelin.png\",\"contentUrl\":\"https:\\\/\\\/sorbetkiwi.fr\\\/wp-content\\\/uploads\\\/2024\\\/06\\\/Lappart-den-face-de-Virginie-Guelin.png\",\"width\":1146,\"height\":1514},{\"@type\":\"BreadcrumbList\",\"@id\":\"https:\\\/\\\/sorbetkiwi.fr\\\/index.php\\\/l-appart-d-en-face-de-virginie-guelin\\\/#breadcrumb\",\"itemListElement\":[{\"@type\":\"ListItem\",\"position\":1,\"name\":\"Accueil\",\"item\":\"https:\\\/\\\/sorbetkiwi.fr\\\/\"},{\"@type\":\"ListItem\",\"position\":2,\"name\":\"L&rsquo;appart d&rsquo;en face de Virginie Gu\u00e9lin\"}]},{\"@type\":\"WebSite\",\"@id\":\"https:\\\/\\\/sorbetkiwi.fr\\\/#website\",\"url\":\"https:\\\/\\\/sorbetkiwi.fr\\\/\",\"name\":\"Sorbet Kiwi\",\"description\":\"Des lectures th\u00e9matiques par saison et les avis qui vont avec\",\"publisher\":{\"@id\":\"https:\\\/\\\/sorbetkiwi.fr\\\/#organization\"},\"potentialAction\":[{\"@type\":\"SearchAction\",\"target\":{\"@type\":\"EntryPoint\",\"urlTemplate\":\"https:\\\/\\\/sorbetkiwi.fr\\\/?s={search_term_string}\"},\"query-input\":{\"@type\":\"PropertyValueSpecification\",\"valueRequired\":true,\"valueName\":\"search_term_string\"}}],\"inLanguage\":\"fr-FR\"},{\"@type\":\"Organization\",\"@id\":\"https:\\\/\\\/sorbetkiwi.fr\\\/#organization\",\"name\":\"Sorbet Kiwi\",\"url\":\"https:\\\/\\\/sorbetkiwi.fr\\\/\",\"logo\":{\"@type\":\"ImageObject\",\"inLanguage\":\"fr-FR\",\"@id\":\"https:\\\/\\\/sorbetkiwi.fr\\\/#\\\/schema\\\/logo\\\/image\\\/\",\"url\":\"https:\\\/\\\/sorbetkiwi.fr\\\/wp-content\\\/uploads\\\/2022\\\/10\\\/Banniere-Sorbet-Kiwi-2022.jpg\",\"contentUrl\":\"https:\\\/\\\/sorbetkiwi.fr\\\/wp-content\\\/uploads\\\/2022\\\/10\\\/Banniere-Sorbet-Kiwi-2022.jpg\",\"width\":814,\"height\":401,\"caption\":\"Sorbet Kiwi\"},\"image\":{\"@id\":\"https:\\\/\\\/sorbetkiwi.fr\\\/#\\\/schema\\\/logo\\\/image\\\/\"},\"sameAs\":[\"https:\\\/\\\/www.facebook.com\\\/profile.php?id=100086238893269\",\"https:\\\/\\\/x.com\\\/pepparshoes\",\"https:\\\/\\\/www.instagram.com\\\/sorbetkiwi\\\/\",\"https:\\\/\\\/www.tiktok.com\\\/sorbetkiwi\"]},{\"@type\":\"Person\",\"@id\":\"https:\\\/\\\/sorbetkiwi.fr\\\/#\\\/schema\\\/person\\\/ed1b7b527a2957ddc3bf38b076540659\",\"name\":\"Sorbet-Kiwi\",\"image\":{\"@type\":\"ImageObject\",\"inLanguage\":\"fr-FR\",\"@id\":\"https:\\\/\\\/secure.gravatar.com\\\/avatar\\\/86f0a5c27d76317621b9e374d0f3a01d3a85278f10d0c7207ced4fd773057442?s=96&d=mm&r=g\",\"url\":\"https:\\\/\\\/secure.gravatar.com\\\/avatar\\\/86f0a5c27d76317621b9e374d0f3a01d3a85278f10d0c7207ced4fd773057442?s=96&d=mm&r=g\",\"contentUrl\":\"https:\\\/\\\/secure.gravatar.com\\\/avatar\\\/86f0a5c27d76317621b9e374d0f3a01d3a85278f10d0c7207ced4fd773057442?s=96&d=mm&r=g\",\"caption\":\"Sorbet-Kiwi\"},\"sameAs\":[\"http:\\\/\\\/sorbetkiwi.fr\"],\"url\":\"https:\\\/\\\/sorbetkiwi.fr\\\/index.php\\\/author\\\/admin7717\\\/\"}]}<\/script>\n<!-- \/ Yoast SEO plugin. -->","yoast_head_json":{"title":"L'appart d'en face de Virginie Gu\u00e9lin - Sorbet Kiwi","description":"Transfert de chronique courte de L'appart d'en face de Virginie Gu\u00e9lin, publi\u00e9 en auto-\u00e9dition en d\u00e9cembre 2021.","robots":{"index":"index","follow":"follow","max-snippet":"max-snippet:-1","max-image-preview":"max-image-preview:large","max-video-preview":"max-video-preview:-1"},"canonical":"https:\/\/sorbetkiwi.fr\/index.php\/l-appart-d-en-face-de-virginie-guelin\/","og_locale":"fr_FR","og_type":"article","og_title":"L'appart d'en face de Virginie Gu\u00e9lin - Sorbet Kiwi","og_description":"Transfert de chronique courte de L'appart d'en face de Virginie Gu\u00e9lin, publi\u00e9 en auto-\u00e9dition en d\u00e9cembre 2021.","og_url":"https:\/\/sorbetkiwi.fr\/index.php\/l-appart-d-en-face-de-virginie-guelin\/","og_site_name":"Sorbet Kiwi","article_publisher":"https:\/\/www.facebook.com\/profile.php?id=100086238893269","article_published_time":"2025-05-19T09:44:07+00:00","article_modified_time":"2025-05-19T09:44:09+00:00","og_image":[{"width":775,"height":1024,"url":"https:\/\/sorbetkiwi.fr\/wp-content\/uploads\/2024\/06\/Lappart-den-face-de-Virginie-Guelin-775x1024.png","type":"image\/png"}],"author":"Sorbet-Kiwi","twitter_card":"summary_large_image","twitter_creator":"@pepparshoes","twitter_site":"@pepparshoes","twitter_misc":{"\u00c9crit par":"Sorbet-Kiwi","Dur\u00e9e de lecture estim\u00e9e":"4 minutes"},"schema":{"@context":"https:\/\/schema.org","@graph":[{"@type":"Article","@id":"https:\/\/sorbetkiwi.fr\/index.php\/l-appart-d-en-face-de-virginie-guelin\/#article","isPartOf":{"@id":"https:\/\/sorbetkiwi.fr\/index.php\/l-appart-d-en-face-de-virginie-guelin\/"},"author":{"name":"Sorbet-Kiwi","@id":"https:\/\/sorbetkiwi.fr\/#\/schema\/person\/ed1b7b527a2957ddc3bf38b076540659"},"headline":"L&rsquo;appart d&rsquo;en face de Virginie Gu\u00e9lin","datePublished":"2025-05-19T09:44:07+00:00","dateModified":"2025-05-19T09:44:09+00:00","mainEntityOfPage":{"@id":"https:\/\/sorbetkiwi.fr\/index.php\/l-appart-d-en-face-de-virginie-guelin\/"},"wordCount":664,"commentCount":2,"publisher":{"@id":"https:\/\/sorbetkiwi.fr\/#organization"},"image":{"@id":"https:\/\/sorbetkiwi.fr\/index.php\/l-appart-d-en-face-de-virginie-guelin\/#primaryimage"},"thumbnailUrl":"https:\/\/sorbetkiwi.fr\/wp-content\/uploads\/2024\/06\/Lappart-den-face-de-Virginie-Guelin.png","keywords":["Auto\u00e9dition","L'appart d'en face","Printemps","Strasbourg","Virginie Gu\u00e9lin"],"articleSection":["Le printemps","Partenariats","Tout le blog"],"inLanguage":"fr-FR","potentialAction":[{"@type":"CommentAction","name":"Comment","target":["https:\/\/sorbetkiwi.fr\/index.php\/l-appart-d-en-face-de-virginie-guelin\/#respond"]}]},{"@type":"WebPage","@id":"https:\/\/sorbetkiwi.fr\/index.php\/l-appart-d-en-face-de-virginie-guelin\/","url":"https:\/\/sorbetkiwi.fr\/index.php\/l-appart-d-en-face-de-virginie-guelin\/","name":"L'appart d'en face de Virginie Gu\u00e9lin - Sorbet Kiwi","isPartOf":{"@id":"https:\/\/sorbetkiwi.fr\/#website"},"primaryImageOfPage":{"@id":"https:\/\/sorbetkiwi.fr\/index.php\/l-appart-d-en-face-de-virginie-guelin\/#primaryimage"},"image":{"@id":"https:\/\/sorbetkiwi.fr\/index.php\/l-appart-d-en-face-de-virginie-guelin\/#primaryimage"},"thumbnailUrl":"https:\/\/sorbetkiwi.fr\/wp-content\/uploads\/2024\/06\/Lappart-den-face-de-Virginie-Guelin.png","datePublished":"2025-05-19T09:44:07+00:00","dateModified":"2025-05-19T09:44:09+00:00","description":"Transfert de chronique courte de L'appart d'en face de Virginie Gu\u00e9lin, publi\u00e9 en auto-\u00e9dition en d\u00e9cembre 2021.","breadcrumb":{"@id":"https:\/\/sorbetkiwi.fr\/index.php\/l-appart-d-en-face-de-virginie-guelin\/#breadcrumb"},"inLanguage":"fr-FR","potentialAction":[{"@type":"ReadAction","target":["https:\/\/sorbetkiwi.fr\/index.php\/l-appart-d-en-face-de-virginie-guelin\/"]}]},{"@type":"ImageObject","inLanguage":"fr-FR","@id":"https:\/\/sorbetkiwi.fr\/index.php\/l-appart-d-en-face-de-virginie-guelin\/#primaryimage","url":"https:\/\/sorbetkiwi.fr\/wp-content\/uploads\/2024\/06\/Lappart-den-face-de-Virginie-Guelin.png","contentUrl":"https:\/\/sorbetkiwi.fr\/wp-content\/uploads\/2024\/06\/Lappart-den-face-de-Virginie-Guelin.png","width":1146,"height":1514},{"@type":"BreadcrumbList","@id":"https:\/\/sorbetkiwi.fr\/index.php\/l-appart-d-en-face-de-virginie-guelin\/#breadcrumb","itemListElement":[{"@type":"ListItem","position":1,"name":"Accueil","item":"https:\/\/sorbetkiwi.fr\/"},{"@type":"ListItem","position":2,"name":"L&rsquo;appart d&rsquo;en face de Virginie Gu\u00e9lin"}]},{"@type":"WebSite","@id":"https:\/\/sorbetkiwi.fr\/#website","url":"https:\/\/sorbetkiwi.fr\/","name":"Sorbet Kiwi","description":"Des lectures th\u00e9matiques par saison et les avis qui vont avec","publisher":{"@id":"https:\/\/sorbetkiwi.fr\/#organization"},"potentialAction":[{"@type":"SearchAction","target":{"@type":"EntryPoint","urlTemplate":"https:\/\/sorbetkiwi.fr\/?s={search_term_string}"},"query-input":{"@type":"PropertyValueSpecification","valueRequired":true,"valueName":"search_term_string"}}],"inLanguage":"fr-FR"},{"@type":"Organization","@id":"https:\/\/sorbetkiwi.fr\/#organization","name":"Sorbet Kiwi","url":"https:\/\/sorbetkiwi.fr\/","logo":{"@type":"ImageObject","inLanguage":"fr-FR","@id":"https:\/\/sorbetkiwi.fr\/#\/schema\/logo\/image\/","url":"https:\/\/sorbetkiwi.fr\/wp-content\/uploads\/2022\/10\/Banniere-Sorbet-Kiwi-2022.jpg","contentUrl":"https:\/\/sorbetkiwi.fr\/wp-content\/uploads\/2022\/10\/Banniere-Sorbet-Kiwi-2022.jpg","width":814,"height":401,"caption":"Sorbet Kiwi"},"image":{"@id":"https:\/\/sorbetkiwi.fr\/#\/schema\/logo\/image\/"},"sameAs":["https:\/\/www.facebook.com\/profile.php?id=100086238893269","https:\/\/x.com\/pepparshoes","https:\/\/www.instagram.com\/sorbetkiwi\/","https:\/\/www.tiktok.com\/sorbetkiwi"]},{"@type":"Person","@id":"https:\/\/sorbetkiwi.fr\/#\/schema\/person\/ed1b7b527a2957ddc3bf38b076540659","name":"Sorbet-Kiwi","image":{"@type":"ImageObject","inLanguage":"fr-FR","@id":"https:\/\/secure.gravatar.com\/avatar\/86f0a5c27d76317621b9e374d0f3a01d3a85278f10d0c7207ced4fd773057442?s=96&d=mm&r=g","url":"https:\/\/secure.gravatar.com\/avatar\/86f0a5c27d76317621b9e374d0f3a01d3a85278f10d0c7207ced4fd773057442?s=96&d=mm&r=g","contentUrl":"https:\/\/secure.gravatar.com\/avatar\/86f0a5c27d76317621b9e374d0f3a01d3a85278f10d0c7207ced4fd773057442?s=96&d=mm&r=g","caption":"Sorbet-Kiwi"},"sameAs":["http:\/\/sorbetkiwi.fr"],"url":"https:\/\/sorbetkiwi.fr\/index.php\/author\/admin7717\/"}]}},"_links":{"self":[{"href":"https:\/\/sorbetkiwi.fr\/index.php\/wp-json\/wp\/v2\/posts\/6692","targetHints":{"allow":["GET"]}}],"collection":[{"href":"https:\/\/sorbetkiwi.fr\/index.php\/wp-json\/wp\/v2\/posts"}],"about":[{"href":"https:\/\/sorbetkiwi.fr\/index.php\/wp-json\/wp\/v2\/types\/post"}],"author":[{"embeddable":true,"href":"https:\/\/sorbetkiwi.fr\/index.php\/wp-json\/wp\/v2\/users\/1"}],"replies":[{"embeddable":true,"href":"https:\/\/sorbetkiwi.fr\/index.php\/wp-json\/wp\/v2\/comments?post=6692"}],"version-history":[{"count":11,"href":"https:\/\/sorbetkiwi.fr\/index.php\/wp-json\/wp\/v2\/posts\/6692\/revisions"}],"predecessor-version":[{"id":7999,"href":"https:\/\/sorbetkiwi.fr\/index.php\/wp-json\/wp\/v2\/posts\/6692\/revisions\/7999"}],"wp:featuredmedia":[{"embeddable":true,"href":"https:\/\/sorbetkiwi.fr\/index.php\/wp-json\/wp\/v2\/media\/6693"}],"wp:attachment":[{"href":"https:\/\/sorbetkiwi.fr\/index.php\/wp-json\/wp\/v2\/media?parent=6692"}],"wp:term":[{"taxonomy":"category","embeddable":true,"href":"https:\/\/sorbetkiwi.fr\/index.php\/wp-json\/wp\/v2\/categories?post=6692"},{"taxonomy":"post_tag","embeddable":true,"href":"https:\/\/sorbetkiwi.fr\/index.php\/wp-json\/wp\/v2\/tags?post=6692"}],"curies":[{"name":"wp","href":"https:\/\/api.w.org\/{rel}","templated":true}]}}