{"id":6473,"date":"2024-08-04T09:00:00","date_gmt":"2024-08-04T07:00:00","guid":{"rendered":"https:\/\/sorbetkiwi.fr\/?p=6473"},"modified":"2024-08-03T19:01:54","modified_gmt":"2024-08-03T17:01:54","slug":"simone-veil-limmortelle-de-bresson-et-duphot","status":"publish","type":"post","link":"https:\/\/sorbetkiwi.fr\/index.php\/simone-veil-limmortelle-de-bresson-et-duphot\/","title":{"rendered":"Simone Veil : L&rsquo;immortelle de Bresson et Duphot"},"content":{"rendered":"\t\t<div data-elementor-type=\"wp-post\" data-elementor-id=\"6473\" class=\"elementor elementor-6473\">\n\t\t\t\t\t\t<section class=\"elementor-section elementor-top-section elementor-element elementor-element-206d5881 elementor-section-boxed elementor-section-height-default elementor-section-height-default\" data-id=\"206d5881\" data-element_type=\"section\" data-e-type=\"section\">\n\t\t\t\t\t\t<div class=\"elementor-container elementor-column-gap-default\">\n\t\t\t\t\t<div class=\"elementor-column elementor-col-100 elementor-top-column elementor-element elementor-element-4d8329f\" data-id=\"4d8329f\" data-element_type=\"column\" data-e-type=\"column\">\n\t\t\t<div class=\"elementor-widget-wrap elementor-element-populated\">\n\t\t\t\t\t\t<div class=\"elementor-element elementor-element-47dc45e3 elementor-widget elementor-widget-heading\" data-id=\"47dc45e3\" data-element_type=\"widget\" data-e-type=\"widget\" data-widget_type=\"heading.default\">\n\t\t\t\t<div class=\"elementor-widget-container\">\n\t\t\t\t\t<h1 class=\"elementor-heading-title elementor-size-medium\">Simone Veil l'immortelle Bresson Duphot <\/h1>\t\t\t\t<\/div>\n\t\t\t\t<\/div>\n\t\t\t\t<div class=\"elementor-element elementor-element-34ae6330 elementor-view-default elementor-widget elementor-widget-icon\" data-id=\"34ae6330\" data-element_type=\"widget\" data-e-type=\"widget\" data-widget_type=\"icon.default\">\n\t\t\t\t<div class=\"elementor-widget-container\">\n\t\t\t\t\t\t\t<div class=\"elementor-icon-wrapper\">\n\t\t\t<div class=\"elementor-icon\">\n\t\t\t<i aria-hidden=\"true\" class=\"fas fa-cocktail\"><\/i>\t\t\t<\/div>\n\t\t<\/div>\n\t\t\t\t\t\t<\/div>\n\t\t\t\t<\/div>\n\t\t\t\t<div class=\"elementor-element elementor-element-3aed2794 elementor-widget-divider--view-line elementor-widget elementor-widget-divider\" data-id=\"3aed2794\" data-element_type=\"widget\" data-e-type=\"widget\" data-widget_type=\"divider.default\">\n\t\t\t\t<div class=\"elementor-widget-container\">\n\t\t\t\t\t\t\t<div class=\"elementor-divider\">\n\t\t\t<span class=\"elementor-divider-separator\">\n\t\t\t\t\t\t<\/span>\n\t\t<\/div>\n\t\t\t\t\t\t<\/div>\n\t\t\t\t<\/div>\n\t\t\t\t<div class=\"elementor-element elementor-element-30fcfe66 elementor-widget elementor-widget-heading\" data-id=\"30fcfe66\" data-element_type=\"widget\" data-e-type=\"widget\" data-widget_type=\"heading.default\">\n\t\t\t\t<div class=\"elementor-widget-container\">\n\t\t\t\t\t<h2 class=\"elementor-heading-title elementor-size-medium\">R\u00e9sum\u00e9<\/h2>\t\t\t\t<\/div>\n\t\t\t\t<\/div>\n\t\t\t\t<div class=\"elementor-element elementor-element-40662eca elementor-widget elementor-widget-text-editor\" data-id=\"40662eca\" data-element_type=\"widget\" data-e-type=\"widget\" data-widget_type=\"text-editor.default\">\n\t\t\t\t<div class=\"elementor-widget-container\">\n\t\t\t\t\t\t\t\t\t<p>Simone Veil, n\u00e9e Jacob, rescap\u00e9e de la Shoah, a fait de la lutte pour les droits des femmes son combat. Une lutte contre le sexisme, la misogynie et pour la dignit\u00e9 qu&rsquo;elle porta au sein de l&rsquo;Assembl\u00e9e nationale alors qu&rsquo;elle \u00e9tait Ministre de la Sant\u00e9. Une bataille qu&rsquo;elle ne cessa jamais de mener. Disparue le 30 juin 2017, elle entre au Panth\u00e9on le 1er juillet 2018.<\/p>\t\t\t\t\t\t\t\t<\/div>\n\t\t\t\t<\/div>\n\t\t\t\t<div class=\"elementor-element elementor-element-614c3f19 elementor-widget-divider--view-line elementor-widget elementor-widget-divider\" data-id=\"614c3f19\" data-element_type=\"widget\" data-e-type=\"widget\" data-widget_type=\"divider.default\">\n\t\t\t\t<div class=\"elementor-widget-container\">\n\t\t\t\t\t\t\t<div class=\"elementor-divider\">\n\t\t\t<span class=\"elementor-divider-separator\">\n\t\t\t\t\t\t<\/span>\n\t\t<\/div>\n\t\t\t\t\t\t<\/div>\n\t\t\t\t<\/div>\n\t\t\t\t<div class=\"elementor-element elementor-element-2643e291 elementor-widget elementor-widget-heading\" data-id=\"2643e291\" data-element_type=\"widget\" data-e-type=\"widget\" data-widget_type=\"heading.default\">\n\t\t\t\t<div class=\"elementor-widget-container\">\n\t\t\t\t\t<h4 class=\"elementor-heading-title elementor-size-medium\">\"Ma revendication en tant que femme, c'est que ma diff\u00e9rence soit prise en compte, que je ne sois pas contrainte de m'adapter au mod\u00e8le masculin.\"<\/h4>\t\t\t\t<\/div>\n\t\t\t\t<\/div>\n\t\t\t\t<div class=\"elementor-element elementor-element-6aec415 elementor-widget-divider--view-line elementor-widget elementor-widget-divider\" data-id=\"6aec415\" data-element_type=\"widget\" data-e-type=\"widget\" data-widget_type=\"divider.default\">\n\t\t\t\t<div class=\"elementor-widget-container\">\n\t\t\t\t\t\t\t<div class=\"elementor-divider\">\n\t\t\t<span class=\"elementor-divider-separator\">\n\t\t\t\t\t\t<\/span>\n\t\t<\/div>\n\t\t\t\t\t\t<\/div>\n\t\t\t\t<\/div>\n\t\t\t\t<div class=\"elementor-element elementor-element-34fa9c1b elementor-widget elementor-widget-heading\" data-id=\"34fa9c1b\" data-element_type=\"widget\" data-e-type=\"widget\" data-widget_type=\"heading.default\">\n\t\t\t\t<div class=\"elementor-widget-container\">\n\t\t\t\t\t<h2 class=\"elementor-heading-title elementor-size-medium\">Un t\u00e9moignage indispensable et tr\u00e8s accessible<\/h2>\t\t\t\t<\/div>\n\t\t\t\t<\/div>\n\t\t\t\t<div class=\"elementor-element elementor-element-2e9c10ee elementor-widget elementor-widget-text-editor\" data-id=\"2e9c10ee\" data-element_type=\"widget\" data-e-type=\"widget\" data-widget_type=\"text-editor.default\">\n\t\t\t\t<div class=\"elementor-widget-container\">\n\t\t\t\t\t\t\t\t\t<p>J\u2019aime tout particuli\u00e8rement piocher du c\u00f4t\u00e9 des graphiques lorsque je passe par la <a href=\"https:\/\/sorbetkiwi.fr\/index.php\/category\/benevolat\/\">m\u00e9diath\u00e8que<\/a>, le blog en t\u00e9moigne. D&rsquo;autant plus que je n\u2019en ach\u00e8te pas. Lorsque j\u2019ai vu que cette BD sur Simone Veil \u00e9tait disponible, je n\u2019ai pas h\u00e9sit\u00e9 une seconde. On ouvre imm\u00e9diatement le r\u00e9cit sur la th\u00e9matique de l\u2019IVG, toujours <a href=\"https:\/\/www.google.com\/search?client=safari&amp;sca_esv=8bfd042df153f1d7&amp;sca_upv=1&amp;q=IVG&amp;tbm=nws&amp;source=lnms&amp;fbs=AEQNm0CbCVgAZ5mWEJDg6aoPVcBgTlosgQSuzBMlnAdio07UCFdb4kkCZQx4-ERIk5vUh0i1zuqbO6QZUGtXNwBXS_P9ETTdZutwllHm8Wn-dnShuB93zH3H9TgBzPKoUmGGsMRX09ud_RvTVUIx7ohssbCRaFXqo37QYbp53W0sS7Rq55Mtscm0yaqdsd3fi8WDJyoKrTlGdX2QFlBArod4GMqQWT8wfw&amp;sa=X&amp;ved=2ahUKEwiW6b_upNmHAxX7SaQEHfmALrUQ0pQJegQIDxAB&amp;biw=1440&amp;bih=820&amp;dpr=2\">autant d\u2019actualit\u00e9<\/a>. On voudrait d\u2019ailleurs plus de personnes, de femmes, int\u00e8gres comme Simone Veil en politique. Elle a d\u00fb subir les pires bassesses, les pires appropriations politiques de la part d\u2019hommes sans aucune d\u00e9cence ! Cela dit, le r\u00e9cit est construit de telle fa\u00e7on qu\u2019il appuie l\u2019infamie (a raison!).<\/p><p>Il permet aussi de s\u2019attacher \u00e0 Simone Veil, qui est bien personnifi\u00e9e. On se sent proche d\u2019elle, de sa vie, de ses combats. Forc\u00e9ment, on nous parle f\u00e9minisme mais aussi antis\u00e9mitisme, deux combats qu\u2019elle a d\u00fb mener de front durant toute sa vie. J\u2019ai ador\u00e9 le jeu de couleurs pour d\u00e9finir la temporalit\u00e9, et qui se mariait bien au dessin tout en \u00e9l\u00e9gance et en finesse, a l\u2019image de la cette femme. Une biographie graphique indispensable, un t\u00e9moignage de faire lire aux futurs g\u00e9n\u00e9rations.<\/p>\t\t\t\t\t\t\t\t<\/div>\n\t\t\t\t<\/div>\n\t\t\t\t\t<\/div>\n\t\t<\/div>\n\t\t\t\t\t<\/div>\n\t\t<\/section>\n\t\t\t\t<\/div>\n\t\t","protected":false},"excerpt":{"rendered":"<p>Simone Veil l&rsquo;immortelle Bresson Duphot R\u00e9sum\u00e9 Simone Veil, n\u00e9e Jacob, rescap\u00e9e de la Shoah, a fait de la lutte pour les droits des femmes son combat. Une lutte contre le sexisme, la misogynie et pour &hellip; <\/p>\n","protected":false},"author":1,"featured_media":6474,"comment_status":"open","ping_status":"open","sticky":false,"template":"","format":"standard","meta":{"footnotes":""},"categories":[7,14,1],"tags":[80,79,1700,1699,736,1698,1696,1697,1695],"class_list":["post-6473","post","type-post","status-publish","format-standard","has-post-thumbnail","hentry","category-benevolat","category-l-ete","category-tout-le-blog","tag-bande-dessinee","tag-bd","tag-collection-marabulles","tag-editions-marabout","tag-ete","tag-hrve-duphot","tag-limmortelle","tag-pascal-bresson","tag-simone-veil","has-single-img"],"yoast_head":"<!-- This site is optimized with the Yoast SEO plugin v27.4 - https:\/\/yoast.com\/product\/yoast-seo-wordpress\/ -->\n<title>Simone Veil : L&#039;immortelle de Bresson et Duphot - Sorbet Kiwi<\/title>\n<meta name=\"description\" content=\"Ma chronique de la BD Simone Veil : L&#039;immortelle de Pascal Bresson et Herv\u00e9 Duphot aux \u00e9ditions Marabout, collection Marabulles.\" \/>\n<meta name=\"robots\" content=\"index, follow, max-snippet:-1, max-image-preview:large, max-video-preview:-1\" \/>\n<link rel=\"canonical\" href=\"https:\/\/sorbetkiwi.fr\/index.php\/simone-veil-limmortelle-de-bresson-et-duphot\/\" \/>\n<meta property=\"og:locale\" content=\"fr_FR\" \/>\n<meta property=\"og:type\" content=\"article\" \/>\n<meta property=\"og:title\" content=\"Simone Veil : L&#039;immortelle de Bresson et Duphot - Sorbet Kiwi\" \/>\n<meta property=\"og:description\" content=\"Ma chronique de la BD Simone Veil : L&#039;immortelle de Pascal Bresson et Herv\u00e9 Duphot aux \u00e9ditions Marabout, collection Marabulles.\" \/>\n<meta property=\"og:url\" content=\"https:\/\/sorbetkiwi.fr\/index.php\/simone-veil-limmortelle-de-bresson-et-duphot\/\" \/>\n<meta property=\"og:site_name\" content=\"Sorbet Kiwi\" \/>\n<meta property=\"article:publisher\" content=\"https:\/\/www.facebook.com\/profile.php?id=100086238893269\" \/>\n<meta property=\"article:published_time\" content=\"2024-08-04T07:00:00+00:00\" \/>\n<meta property=\"og:image\" content=\"https:\/\/sorbetkiwi.fr\/wp-content\/uploads\/2024\/06\/Simone-Veil-limmortelle-Bresson-Duphot--727x1024.png\" \/>\n\t<meta property=\"og:image:width\" content=\"727\" \/>\n\t<meta property=\"og:image:height\" content=\"1024\" \/>\n\t<meta property=\"og:image:type\" content=\"image\/png\" \/>\n<meta name=\"author\" content=\"Sorbet-Kiwi\" \/>\n<meta name=\"twitter:card\" content=\"summary_large_image\" \/>\n<meta name=\"twitter:creator\" content=\"@pepparshoes\" \/>\n<meta name=\"twitter:site\" content=\"@pepparshoes\" \/>\n<meta name=\"twitter:label1\" content=\"\u00c9crit par\" \/>\n\t<meta name=\"twitter:data1\" content=\"Sorbet-Kiwi\" \/>\n\t<meta name=\"twitter:label2\" content=\"Dur\u00e9e de lecture estim\u00e9e\" \/>\n\t<meta name=\"twitter:data2\" content=\"2 minutes\" \/>\n<script type=\"application\/ld+json\" class=\"yoast-schema-graph\">{\"@context\":\"https:\\\/\\\/schema.org\",\"@graph\":[{\"@type\":\"Article\",\"@id\":\"https:\\\/\\\/sorbetkiwi.fr\\\/index.php\\\/simone-veil-limmortelle-de-bresson-et-duphot\\\/#article\",\"isPartOf\":{\"@id\":\"https:\\\/\\\/sorbetkiwi.fr\\\/index.php\\\/simone-veil-limmortelle-de-bresson-et-duphot\\\/\"},\"author\":{\"name\":\"Sorbet-Kiwi\",\"@id\":\"https:\\\/\\\/sorbetkiwi.fr\\\/#\\\/schema\\\/person\\\/ed1b7b527a2957ddc3bf38b076540659\"},\"headline\":\"Simone Veil : L&rsquo;immortelle de Bresson et Duphot\",\"datePublished\":\"2024-08-04T07:00:00+00:00\",\"mainEntityOfPage\":{\"@id\":\"https:\\\/\\\/sorbetkiwi.fr\\\/index.php\\\/simone-veil-limmortelle-de-bresson-et-duphot\\\/\"},\"wordCount\":347,\"commentCount\":0,\"publisher\":{\"@id\":\"https:\\\/\\\/sorbetkiwi.fr\\\/#organization\"},\"image\":{\"@id\":\"https:\\\/\\\/sorbetkiwi.fr\\\/index.php\\\/simone-veil-limmortelle-de-bresson-et-duphot\\\/#primaryimage\"},\"thumbnailUrl\":\"https:\\\/\\\/sorbetkiwi.fr\\\/wp-content\\\/uploads\\\/2024\\\/06\\\/Simone-Veil-limmortelle-Bresson-Duphot-.png\",\"keywords\":[\"Bande dessin\u00e9e\",\"BD\",\"collection Marabulles\",\"\u00e9ditions Marabout\",\"\u00e9t\u00e9\",\"Hrv\u00e9 Duphot\",\"L'immortelle\",\"Pascal Bresson\",\"Simone Veil\"],\"articleSection\":[\"B\u00e9n\u00e9volat\",\"L'\u00e9t\u00e9\",\"Tout le blog\"],\"inLanguage\":\"fr-FR\",\"potentialAction\":[{\"@type\":\"CommentAction\",\"name\":\"Comment\",\"target\":[\"https:\\\/\\\/sorbetkiwi.fr\\\/index.php\\\/simone-veil-limmortelle-de-bresson-et-duphot\\\/#respond\"]}]},{\"@type\":\"WebPage\",\"@id\":\"https:\\\/\\\/sorbetkiwi.fr\\\/index.php\\\/simone-veil-limmortelle-de-bresson-et-duphot\\\/\",\"url\":\"https:\\\/\\\/sorbetkiwi.fr\\\/index.php\\\/simone-veil-limmortelle-de-bresson-et-duphot\\\/\",\"name\":\"Simone Veil : L'immortelle de Bresson et Duphot - Sorbet Kiwi\",\"isPartOf\":{\"@id\":\"https:\\\/\\\/sorbetkiwi.fr\\\/#website\"},\"primaryImageOfPage\":{\"@id\":\"https:\\\/\\\/sorbetkiwi.fr\\\/index.php\\\/simone-veil-limmortelle-de-bresson-et-duphot\\\/#primaryimage\"},\"image\":{\"@id\":\"https:\\\/\\\/sorbetkiwi.fr\\\/index.php\\\/simone-veil-limmortelle-de-bresson-et-duphot\\\/#primaryimage\"},\"thumbnailUrl\":\"https:\\\/\\\/sorbetkiwi.fr\\\/wp-content\\\/uploads\\\/2024\\\/06\\\/Simone-Veil-limmortelle-Bresson-Duphot-.png\",\"datePublished\":\"2024-08-04T07:00:00+00:00\",\"description\":\"Ma chronique de la BD Simone Veil : L'immortelle de Pascal Bresson et Herv\u00e9 Duphot aux \u00e9ditions Marabout, collection Marabulles.\",\"breadcrumb\":{\"@id\":\"https:\\\/\\\/sorbetkiwi.fr\\\/index.php\\\/simone-veil-limmortelle-de-bresson-et-duphot\\\/#breadcrumb\"},\"inLanguage\":\"fr-FR\",\"potentialAction\":[{\"@type\":\"ReadAction\",\"target\":[\"https:\\\/\\\/sorbetkiwi.fr\\\/index.php\\\/simone-veil-limmortelle-de-bresson-et-duphot\\\/\"]}]},{\"@type\":\"ImageObject\",\"inLanguage\":\"fr-FR\",\"@id\":\"https:\\\/\\\/sorbetkiwi.fr\\\/index.php\\\/simone-veil-limmortelle-de-bresson-et-duphot\\\/#primaryimage\",\"url\":\"https:\\\/\\\/sorbetkiwi.fr\\\/wp-content\\\/uploads\\\/2024\\\/06\\\/Simone-Veil-limmortelle-Bresson-Duphot-.png\",\"contentUrl\":\"https:\\\/\\\/sorbetkiwi.fr\\\/wp-content\\\/uploads\\\/2024\\\/06\\\/Simone-Veil-limmortelle-Bresson-Duphot-.png\",\"width\":1088,\"height\":1532,\"caption\":\"Simone Veil l'immortelle Bresson Duphot\"},{\"@type\":\"BreadcrumbList\",\"@id\":\"https:\\\/\\\/sorbetkiwi.fr\\\/index.php\\\/simone-veil-limmortelle-de-bresson-et-duphot\\\/#breadcrumb\",\"itemListElement\":[{\"@type\":\"ListItem\",\"position\":1,\"name\":\"Accueil\",\"item\":\"https:\\\/\\\/sorbetkiwi.fr\\\/\"},{\"@type\":\"ListItem\",\"position\":2,\"name\":\"Simone Veil : L&rsquo;immortelle de Bresson et Duphot\"}]},{\"@type\":\"WebSite\",\"@id\":\"https:\\\/\\\/sorbetkiwi.fr\\\/#website\",\"url\":\"https:\\\/\\\/sorbetkiwi.fr\\\/\",\"name\":\"Sorbet Kiwi\",\"description\":\"Des lectures th\u00e9matiques par saison et les avis qui vont avec\",\"publisher\":{\"@id\":\"https:\\\/\\\/sorbetkiwi.fr\\\/#organization\"},\"potentialAction\":[{\"@type\":\"SearchAction\",\"target\":{\"@type\":\"EntryPoint\",\"urlTemplate\":\"https:\\\/\\\/sorbetkiwi.fr\\\/?s={search_term_string}\"},\"query-input\":{\"@type\":\"PropertyValueSpecification\",\"valueRequired\":true,\"valueName\":\"search_term_string\"}}],\"inLanguage\":\"fr-FR\"},{\"@type\":\"Organization\",\"@id\":\"https:\\\/\\\/sorbetkiwi.fr\\\/#organization\",\"name\":\"Sorbet Kiwi\",\"url\":\"https:\\\/\\\/sorbetkiwi.fr\\\/\",\"logo\":{\"@type\":\"ImageObject\",\"inLanguage\":\"fr-FR\",\"@id\":\"https:\\\/\\\/sorbetkiwi.fr\\\/#\\\/schema\\\/logo\\\/image\\\/\",\"url\":\"https:\\\/\\\/sorbetkiwi.fr\\\/wp-content\\\/uploads\\\/2022\\\/10\\\/Banniere-Sorbet-Kiwi-2022.jpg\",\"contentUrl\":\"https:\\\/\\\/sorbetkiwi.fr\\\/wp-content\\\/uploads\\\/2022\\\/10\\\/Banniere-Sorbet-Kiwi-2022.jpg\",\"width\":814,\"height\":401,\"caption\":\"Sorbet Kiwi\"},\"image\":{\"@id\":\"https:\\\/\\\/sorbetkiwi.fr\\\/#\\\/schema\\\/logo\\\/image\\\/\"},\"sameAs\":[\"https:\\\/\\\/www.facebook.com\\\/profile.php?id=100086238893269\",\"https:\\\/\\\/x.com\\\/pepparshoes\",\"https:\\\/\\\/www.instagram.com\\\/sorbetkiwi\\\/\",\"https:\\\/\\\/www.tiktok.com\\\/sorbetkiwi\"]},{\"@type\":\"Person\",\"@id\":\"https:\\\/\\\/sorbetkiwi.fr\\\/#\\\/schema\\\/person\\\/ed1b7b527a2957ddc3bf38b076540659\",\"name\":\"Sorbet-Kiwi\",\"image\":{\"@type\":\"ImageObject\",\"inLanguage\":\"fr-FR\",\"@id\":\"https:\\\/\\\/secure.gravatar.com\\\/avatar\\\/86f0a5c27d76317621b9e374d0f3a01d3a85278f10d0c7207ced4fd773057442?s=96&d=mm&r=g\",\"url\":\"https:\\\/\\\/secure.gravatar.com\\\/avatar\\\/86f0a5c27d76317621b9e374d0f3a01d3a85278f10d0c7207ced4fd773057442?s=96&d=mm&r=g\",\"contentUrl\":\"https:\\\/\\\/secure.gravatar.com\\\/avatar\\\/86f0a5c27d76317621b9e374d0f3a01d3a85278f10d0c7207ced4fd773057442?s=96&d=mm&r=g\",\"caption\":\"Sorbet-Kiwi\"},\"sameAs\":[\"http:\\\/\\\/sorbetkiwi.fr\"],\"url\":\"https:\\\/\\\/sorbetkiwi.fr\\\/index.php\\\/author\\\/admin7717\\\/\"}]}<\/script>\n<!-- \/ Yoast SEO plugin. -->","yoast_head_json":{"title":"Simone Veil : L'immortelle de Bresson et Duphot - Sorbet Kiwi","description":"Ma chronique de la BD Simone Veil : L'immortelle de Pascal Bresson et Herv\u00e9 Duphot aux \u00e9ditions Marabout, collection Marabulles.","robots":{"index":"index","follow":"follow","max-snippet":"max-snippet:-1","max-image-preview":"max-image-preview:large","max-video-preview":"max-video-preview:-1"},"canonical":"https:\/\/sorbetkiwi.fr\/index.php\/simone-veil-limmortelle-de-bresson-et-duphot\/","og_locale":"fr_FR","og_type":"article","og_title":"Simone Veil : L'immortelle de Bresson et Duphot - Sorbet Kiwi","og_description":"Ma chronique de la BD Simone Veil : L'immortelle de Pascal Bresson et Herv\u00e9 Duphot aux \u00e9ditions Marabout, collection Marabulles.","og_url":"https:\/\/sorbetkiwi.fr\/index.php\/simone-veil-limmortelle-de-bresson-et-duphot\/","og_site_name":"Sorbet Kiwi","article_publisher":"https:\/\/www.facebook.com\/profile.php?id=100086238893269","article_published_time":"2024-08-04T07:00:00+00:00","og_image":[{"width":727,"height":1024,"url":"https:\/\/sorbetkiwi.fr\/wp-content\/uploads\/2024\/06\/Simone-Veil-limmortelle-Bresson-Duphot--727x1024.png","type":"image\/png"}],"author":"Sorbet-Kiwi","twitter_card":"summary_large_image","twitter_creator":"@pepparshoes","twitter_site":"@pepparshoes","twitter_misc":{"\u00c9crit par":"Sorbet-Kiwi","Dur\u00e9e de lecture estim\u00e9e":"2 minutes"},"schema":{"@context":"https:\/\/schema.org","@graph":[{"@type":"Article","@id":"https:\/\/sorbetkiwi.fr\/index.php\/simone-veil-limmortelle-de-bresson-et-duphot\/#article","isPartOf":{"@id":"https:\/\/sorbetkiwi.fr\/index.php\/simone-veil-limmortelle-de-bresson-et-duphot\/"},"author":{"name":"Sorbet-Kiwi","@id":"https:\/\/sorbetkiwi.fr\/#\/schema\/person\/ed1b7b527a2957ddc3bf38b076540659"},"headline":"Simone Veil : L&rsquo;immortelle de Bresson et Duphot","datePublished":"2024-08-04T07:00:00+00:00","mainEntityOfPage":{"@id":"https:\/\/sorbetkiwi.fr\/index.php\/simone-veil-limmortelle-de-bresson-et-duphot\/"},"wordCount":347,"commentCount":0,"publisher":{"@id":"https:\/\/sorbetkiwi.fr\/#organization"},"image":{"@id":"https:\/\/sorbetkiwi.fr\/index.php\/simone-veil-limmortelle-de-bresson-et-duphot\/#primaryimage"},"thumbnailUrl":"https:\/\/sorbetkiwi.fr\/wp-content\/uploads\/2024\/06\/Simone-Veil-limmortelle-Bresson-Duphot-.png","keywords":["Bande dessin\u00e9e","BD","collection Marabulles","\u00e9ditions Marabout","\u00e9t\u00e9","Hrv\u00e9 Duphot","L'immortelle","Pascal Bresson","Simone Veil"],"articleSection":["B\u00e9n\u00e9volat","L'\u00e9t\u00e9","Tout le blog"],"inLanguage":"fr-FR","potentialAction":[{"@type":"CommentAction","name":"Comment","target":["https:\/\/sorbetkiwi.fr\/index.php\/simone-veil-limmortelle-de-bresson-et-duphot\/#respond"]}]},{"@type":"WebPage","@id":"https:\/\/sorbetkiwi.fr\/index.php\/simone-veil-limmortelle-de-bresson-et-duphot\/","url":"https:\/\/sorbetkiwi.fr\/index.php\/simone-veil-limmortelle-de-bresson-et-duphot\/","name":"Simone Veil : L'immortelle de Bresson et Duphot - Sorbet Kiwi","isPartOf":{"@id":"https:\/\/sorbetkiwi.fr\/#website"},"primaryImageOfPage":{"@id":"https:\/\/sorbetkiwi.fr\/index.php\/simone-veil-limmortelle-de-bresson-et-duphot\/#primaryimage"},"image":{"@id":"https:\/\/sorbetkiwi.fr\/index.php\/simone-veil-limmortelle-de-bresson-et-duphot\/#primaryimage"},"thumbnailUrl":"https:\/\/sorbetkiwi.fr\/wp-content\/uploads\/2024\/06\/Simone-Veil-limmortelle-Bresson-Duphot-.png","datePublished":"2024-08-04T07:00:00+00:00","description":"Ma chronique de la BD Simone Veil : L'immortelle de Pascal Bresson et Herv\u00e9 Duphot aux \u00e9ditions Marabout, collection Marabulles.","breadcrumb":{"@id":"https:\/\/sorbetkiwi.fr\/index.php\/simone-veil-limmortelle-de-bresson-et-duphot\/#breadcrumb"},"inLanguage":"fr-FR","potentialAction":[{"@type":"ReadAction","target":["https:\/\/sorbetkiwi.fr\/index.php\/simone-veil-limmortelle-de-bresson-et-duphot\/"]}]},{"@type":"ImageObject","inLanguage":"fr-FR","@id":"https:\/\/sorbetkiwi.fr\/index.php\/simone-veil-limmortelle-de-bresson-et-duphot\/#primaryimage","url":"https:\/\/sorbetkiwi.fr\/wp-content\/uploads\/2024\/06\/Simone-Veil-limmortelle-Bresson-Duphot-.png","contentUrl":"https:\/\/sorbetkiwi.fr\/wp-content\/uploads\/2024\/06\/Simone-Veil-limmortelle-Bresson-Duphot-.png","width":1088,"height":1532,"caption":"Simone Veil l'immortelle Bresson Duphot"},{"@type":"BreadcrumbList","@id":"https:\/\/sorbetkiwi.fr\/index.php\/simone-veil-limmortelle-de-bresson-et-duphot\/#breadcrumb","itemListElement":[{"@type":"ListItem","position":1,"name":"Accueil","item":"https:\/\/sorbetkiwi.fr\/"},{"@type":"ListItem","position":2,"name":"Simone Veil : L&rsquo;immortelle de Bresson et Duphot"}]},{"@type":"WebSite","@id":"https:\/\/sorbetkiwi.fr\/#website","url":"https:\/\/sorbetkiwi.fr\/","name":"Sorbet Kiwi","description":"Des lectures th\u00e9matiques par saison et les avis qui vont avec","publisher":{"@id":"https:\/\/sorbetkiwi.fr\/#organization"},"potentialAction":[{"@type":"SearchAction","target":{"@type":"EntryPoint","urlTemplate":"https:\/\/sorbetkiwi.fr\/?s={search_term_string}"},"query-input":{"@type":"PropertyValueSpecification","valueRequired":true,"valueName":"search_term_string"}}],"inLanguage":"fr-FR"},{"@type":"Organization","@id":"https:\/\/sorbetkiwi.fr\/#organization","name":"Sorbet Kiwi","url":"https:\/\/sorbetkiwi.fr\/","logo":{"@type":"ImageObject","inLanguage":"fr-FR","@id":"https:\/\/sorbetkiwi.fr\/#\/schema\/logo\/image\/","url":"https:\/\/sorbetkiwi.fr\/wp-content\/uploads\/2022\/10\/Banniere-Sorbet-Kiwi-2022.jpg","contentUrl":"https:\/\/sorbetkiwi.fr\/wp-content\/uploads\/2022\/10\/Banniere-Sorbet-Kiwi-2022.jpg","width":814,"height":401,"caption":"Sorbet Kiwi"},"image":{"@id":"https:\/\/sorbetkiwi.fr\/#\/schema\/logo\/image\/"},"sameAs":["https:\/\/www.facebook.com\/profile.php?id=100086238893269","https:\/\/x.com\/pepparshoes","https:\/\/www.instagram.com\/sorbetkiwi\/","https:\/\/www.tiktok.com\/sorbetkiwi"]},{"@type":"Person","@id":"https:\/\/sorbetkiwi.fr\/#\/schema\/person\/ed1b7b527a2957ddc3bf38b076540659","name":"Sorbet-Kiwi","image":{"@type":"ImageObject","inLanguage":"fr-FR","@id":"https:\/\/secure.gravatar.com\/avatar\/86f0a5c27d76317621b9e374d0f3a01d3a85278f10d0c7207ced4fd773057442?s=96&d=mm&r=g","url":"https:\/\/secure.gravatar.com\/avatar\/86f0a5c27d76317621b9e374d0f3a01d3a85278f10d0c7207ced4fd773057442?s=96&d=mm&r=g","contentUrl":"https:\/\/secure.gravatar.com\/avatar\/86f0a5c27d76317621b9e374d0f3a01d3a85278f10d0c7207ced4fd773057442?s=96&d=mm&r=g","caption":"Sorbet-Kiwi"},"sameAs":["http:\/\/sorbetkiwi.fr"],"url":"https:\/\/sorbetkiwi.fr\/index.php\/author\/admin7717\/"}]}},"_links":{"self":[{"href":"https:\/\/sorbetkiwi.fr\/index.php\/wp-json\/wp\/v2\/posts\/6473","targetHints":{"allow":["GET"]}}],"collection":[{"href":"https:\/\/sorbetkiwi.fr\/index.php\/wp-json\/wp\/v2\/posts"}],"about":[{"href":"https:\/\/sorbetkiwi.fr\/index.php\/wp-json\/wp\/v2\/types\/post"}],"author":[{"embeddable":true,"href":"https:\/\/sorbetkiwi.fr\/index.php\/wp-json\/wp\/v2\/users\/1"}],"replies":[{"embeddable":true,"href":"https:\/\/sorbetkiwi.fr\/index.php\/wp-json\/wp\/v2\/comments?post=6473"}],"version-history":[{"count":8,"href":"https:\/\/sorbetkiwi.fr\/index.php\/wp-json\/wp\/v2\/posts\/6473\/revisions"}],"predecessor-version":[{"id":6949,"href":"https:\/\/sorbetkiwi.fr\/index.php\/wp-json\/wp\/v2\/posts\/6473\/revisions\/6949"}],"wp:featuredmedia":[{"embeddable":true,"href":"https:\/\/sorbetkiwi.fr\/index.php\/wp-json\/wp\/v2\/media\/6474"}],"wp:attachment":[{"href":"https:\/\/sorbetkiwi.fr\/index.php\/wp-json\/wp\/v2\/media?parent=6473"}],"wp:term":[{"taxonomy":"category","embeddable":true,"href":"https:\/\/sorbetkiwi.fr\/index.php\/wp-json\/wp\/v2\/categories?post=6473"},{"taxonomy":"post_tag","embeddable":true,"href":"https:\/\/sorbetkiwi.fr\/index.php\/wp-json\/wp\/v2\/tags?post=6473"}],"curies":[{"name":"wp","href":"https:\/\/api.w.org\/{rel}","templated":true}]}}