{"id":6403,"date":"2024-07-23T07:00:00","date_gmt":"2024-07-23T05:00:00","guid":{"rendered":"https:\/\/sorbetkiwi.fr\/?p=6403"},"modified":"2024-07-22T12:51:27","modified_gmt":"2024-07-22T10:51:27","slug":"le-festival-du-dragon-the-de-katie-oneill","status":"publish","type":"post","link":"https:\/\/sorbetkiwi.fr\/index.php\/le-festival-du-dragon-the-de-katie-oneill\/","title":{"rendered":"Le festival du dragon-th\u00e9 de Katie O&rsquo;Neill"},"content":{"rendered":"\t\t<div data-elementor-type=\"wp-post\" data-elementor-id=\"6403\" class=\"elementor elementor-6403\">\n\t\t\t\t\t\t<section class=\"elementor-section elementor-top-section elementor-element elementor-element-329dfca2 elementor-section-boxed elementor-section-height-default elementor-section-height-default\" data-id=\"329dfca2\" data-element_type=\"section\" data-e-type=\"section\">\n\t\t\t\t\t\t<div class=\"elementor-container elementor-column-gap-default\">\n\t\t\t\t\t<div class=\"elementor-column elementor-col-100 elementor-top-column elementor-element elementor-element-6ba6d879\" data-id=\"6ba6d879\" data-element_type=\"column\" data-e-type=\"column\">\n\t\t\t<div class=\"elementor-widget-wrap elementor-element-populated\">\n\t\t\t\t\t\t<div class=\"elementor-element elementor-element-673ef121 elementor-widget elementor-widget-heading\" data-id=\"673ef121\" data-element_type=\"widget\" data-e-type=\"widget\" data-widget_type=\"heading.default\">\n\t\t\t\t<div class=\"elementor-widget-container\">\n\t\t\t\t\t<h1 class=\"elementor-heading-title elementor-size-medium\">Le festival du dragon th\u00e9 Katie O'Neill<\/h1>\t\t\t\t<\/div>\n\t\t\t\t<\/div>\n\t\t\t\t<div class=\"elementor-element elementor-element-59c86fd elementor-view-default elementor-widget elementor-widget-icon\" data-id=\"59c86fd\" data-element_type=\"widget\" data-e-type=\"widget\" data-widget_type=\"icon.default\">\n\t\t\t\t<div class=\"elementor-widget-container\">\n\t\t\t\t\t\t\t<div class=\"elementor-icon-wrapper\">\n\t\t\t<div class=\"elementor-icon\">\n\t\t\t<i aria-hidden=\"true\" class=\"fas fa-cocktail\"><\/i>\t\t\t<\/div>\n\t\t<\/div>\n\t\t\t\t\t\t<\/div>\n\t\t\t\t<\/div>\n\t\t\t\t<div class=\"elementor-element elementor-element-6ffc133 elementor-widget-divider--view-line elementor-widget elementor-widget-divider\" data-id=\"6ffc133\" data-element_type=\"widget\" data-e-type=\"widget\" data-widget_type=\"divider.default\">\n\t\t\t\t<div class=\"elementor-widget-container\">\n\t\t\t\t\t\t\t<div class=\"elementor-divider\">\n\t\t\t<span class=\"elementor-divider-separator\">\n\t\t\t\t\t\t<\/span>\n\t\t<\/div>\n\t\t\t\t\t\t<\/div>\n\t\t\t\t<\/div>\n\t\t\t\t<div class=\"elementor-element elementor-element-6ec3336f elementor-widget elementor-widget-heading\" data-id=\"6ec3336f\" data-element_type=\"widget\" data-e-type=\"widget\" data-widget_type=\"heading.default\">\n\t\t\t\t<div class=\"elementor-widget-container\">\n\t\t\t\t\t<h2 class=\"elementor-heading-title elementor-size-medium\">R\u00e9sum\u00e9<\/h2>\t\t\t\t<\/div>\n\t\t\t\t<\/div>\n\t\t\t\t<div class=\"elementor-element elementor-element-4896f2b1 elementor-widget elementor-widget-text-editor\" data-id=\"4896f2b1\" data-element_type=\"widget\" data-e-type=\"widget\" data-widget_type=\"text-editor.default\">\n\t\t\t\t<div class=\"elementor-widget-container\">\n\t\t\t\t\t\t\t\t\t<p>Rinn a grandi entour\u00e9e de dragons-th\u00e9 dans son village, mais tomber face \u00e0 un v\u00e9ritable dragon est tout autre chose ! Elle rencontre Aedhan, un jeune dragon qui avait \u00e9t\u00e9 envoy\u00e9 pour prot\u00e9ger le village. Mais Aedhan s&rsquo;est endormi dans la for\u00eat il y a quatre-vingt ans&#8230; Avec l&rsquo;aide d&rsquo;Erik, l&rsquo;oncle de Rinn, et de son compagnon Hesekiel, ils vont tous enqu\u00eater sur les myst\u00e8res de ce sommeil enchant\u00e9. Mais Rinn souhaite surtout aider Aedhan \u00e0 accepter le fait qu&rsquo;il ne pourra pas rattraper le temps perdu&#8230;<\/p>\t\t\t\t\t\t\t\t<\/div>\n\t\t\t\t<\/div>\n\t\t\t\t<div class=\"elementor-element elementor-element-2114a91b elementor-widget-divider--view-line elementor-widget elementor-widget-divider\" data-id=\"2114a91b\" data-element_type=\"widget\" data-e-type=\"widget\" data-widget_type=\"divider.default\">\n\t\t\t\t<div class=\"elementor-widget-container\">\n\t\t\t\t\t\t\t<div class=\"elementor-divider\">\n\t\t\t<span class=\"elementor-divider-separator\">\n\t\t\t\t\t\t<\/span>\n\t\t<\/div>\n\t\t\t\t\t\t<\/div>\n\t\t\t\t<\/div>\n\t\t\t\t<div class=\"elementor-element elementor-element-37a66785 elementor-widget elementor-widget-heading\" data-id=\"37a66785\" data-element_type=\"widget\" data-e-type=\"widget\" data-widget_type=\"heading.default\">\n\t\t\t\t<div class=\"elementor-widget-container\">\n\t\t\t\t\t<h4 class=\"elementor-heading-title elementor-size-medium\">\"Ce n\u2019est pas parce que c\u2019est facile pour toi que \u00e7a n\u2019a pas de valeur. Tu trouves cela naturel parce que \u00e7a te plait, et c\u2019est pour \u00e7a que c\u2019est ton don.\"<\/h4>\t\t\t\t<\/div>\n\t\t\t\t<\/div>\n\t\t\t\t<div class=\"elementor-element elementor-element-10ac717 elementor-widget-divider--view-line elementor-widget elementor-widget-divider\" data-id=\"10ac717\" data-element_type=\"widget\" data-e-type=\"widget\" data-widget_type=\"divider.default\">\n\t\t\t\t<div class=\"elementor-widget-container\">\n\t\t\t\t\t\t\t<div class=\"elementor-divider\">\n\t\t\t<span class=\"elementor-divider-separator\">\n\t\t\t\t\t\t<\/span>\n\t\t<\/div>\n\t\t\t\t\t\t<\/div>\n\t\t\t\t<\/div>\n\t\t\t\t<div class=\"elementor-element elementor-element-2f121b91 elementor-widget elementor-widget-heading\" data-id=\"2f121b91\" data-element_type=\"widget\" data-e-type=\"widget\" data-widget_type=\"heading.default\">\n\t\t\t\t<div class=\"elementor-widget-container\">\n\t\t\t\t\t<h2 class=\"elementor-heading-title elementor-size-medium\">Une suite encore meilleure<\/h2>\t\t\t\t<\/div>\n\t\t\t\t<\/div>\n\t\t\t\t<div class=\"elementor-element elementor-element-55262f61 elementor-widget elementor-widget-text-editor\" data-id=\"55262f61\" data-element_type=\"widget\" data-e-type=\"widget\" data-widget_type=\"text-editor.default\">\n\t\t\t\t<div class=\"elementor-widget-container\">\n\t\t\t\t\t\t\t\t\t<p>Apr\u00e8s avoir beaucoup aimer Le cercle du dragon-th\u00e9, j&rsquo;\u00e9tais bien contente d&rsquo;avoir la suite sous la main. Deuxi\u00e8me tome de la trilogie, j&rsquo;attendais que Le festival du dragon-th\u00e9 m&rsquo;enchante de la m\u00eame mani\u00e8re. Et premi\u00e8re superbe surprise, c&rsquo;est encore plus inclusif ! C&rsquo;\u00e9tait d\u00e9j\u00e0 une qualit\u00e9 \u00e9norme du premier tome, et dans ce deuxi\u00e8me livre, Katie O&rsquo;Neill a r\u00e9ussi a encore mieux faire. Quel plaisir ! D&rsquo;autant plus qu&rsquo;\u00e0 aucun moment, le sentiment d&rsquo;une surench\u00e8re ne se fasse ressentir. Cela est simplement normal dans son univers et c&rsquo;est ce que l&rsquo;on veut.\u00a0<\/p><p>L&rsquo;autre gros point positif de ce deuxi\u00e8me tome est son rythme et sa densit\u00e9. Je trouvais le premier trop court, et trop l\u00e9ger. Pour cette suite, mes attentes ont \u00e9t\u00e9 combl\u00e9es ! D&rsquo;ailleurs, il vient bien compl\u00e9ter le pr\u00e9c\u00e9dent livre en introduisant de nouveaux personnages et en se passant avant. Eh oui, c&rsquo;est un prequel ! En effet, Erik n&rsquo;est pas encore en fauteuil \u00e0 ce moment-l\u00e0 et parle avec Hese de leur \u00ab\u00a0retraite\u00a0\u00bb, que nous avons d\u00e9j\u00e0 pu d\u00e9couvrir. Forc\u00e9ment, j&rsquo;ai envie de lire la suite maintenant ! Malheureusement elle n&rsquo;est pas disponible, pour l&rsquo;instant, dans ma m\u00e9diath\u00e8que. Il faudra donc m&rsquo;armer de patience !\u00a0<\/p>\t\t\t\t\t\t\t\t<\/div>\n\t\t\t\t<\/div>\n\t\t\t\t<div class=\"elementor-element elementor-element-55253f05 elementor-widget elementor-widget-heading\" data-id=\"55253f05\" data-element_type=\"widget\" data-e-type=\"widget\" data-widget_type=\"heading.default\">\n\t\t\t\t<div class=\"elementor-widget-container\">\n\t\t\t\t\t<h4 class=\"elementor-heading-title elementor-size-medium\">Les BD du Challenge<\/h4>\t\t\t\t<\/div>\n\t\t\t\t<\/div>\n\t\t\t\t<div class=\"elementor-element elementor-element-342f385c elementor-widget elementor-widget-text-editor\" data-id=\"342f385c\" data-element_type=\"widget\" data-e-type=\"widget\" data-widget_type=\"text-editor.default\">\n\t\t\t\t<div class=\"elementor-widget-container\">\n\t\t\t\t\t\t\t\t\t<p>Mes chroniques des autres BD lues dans le cadre du challenge :\u00a0<\/p><ul><li><a href=\"https:\/\/sorbetkiwi.fr\/index.php\/tag\/heartstopper\/\">Heartstopper<\/a><\/li><li><a href=\"https:\/\/sorbetkiwi.fr\/index.php\/tag\/les-carnets-de-cerise\/\">Les carnets de Cerise<\/a><\/li><li><a href=\"https:\/\/sorbetkiwi.fr\/index.php\/je-serai-la-de-lhomme-etoile\/\">Je serai l\u00e0<\/a><\/li><li><a href=\"https:\/\/sorbetkiwi.fr\/index.php\/le-choeur-des-femmes-daude-mermilliod\/\">Le choeur des femmes<\/a><\/li><li><a href=\"https:\/\/sorbetkiwi.fr\/index.php\/culottees-de-penelope-bagieu\/\">Culott\u00e9es<\/a><\/li><li><a href=\"https:\/\/sorbetkiwi.wordpress.com\/2021\/03\/12\/maus-lintegrale-dart-spiegelman\/\">Maus<\/a><\/li><li><a href=\"https:\/\/sorbetkiwi.fr\/index.php\/goupil-ou-face-de-lou-lubie\/\">Goupil ou face<\/a><\/li><li><a href=\"https:\/\/sorbetkiwi.fr\/index.php\/le-jardin-paris-de-gaelle-geniller\/\">Le jardin, Paris<\/a><\/li><li><a href=\"https:\/\/sorbetkiwi.fr\/index.php\/locke-and-key-de-joe-hill\/\">Locke &amp; Key<\/a><\/li><li><a href=\"https:\/\/sorbetkiwi.fr\/index.php\/tag\/lou\/\">Lou<\/a><\/li><li><a href=\"https:\/\/sorbetkiwi.fr\/index.php\/et-a-la-fin-ils-meurent-de-lou-lubie\/\">Et \u00e0 la fin ils meurent<\/a><\/li><li>L&rsquo;Enfant, la Taupe, le Renard et le Cheval (\u00e0 venir)<\/li><li>Le grand m\u00e9chant renard (\u00e0 venir)<\/li><li><a href=\"https:\/\/sorbetkiwi.fr\/index.php\/tag\/le-cercle-du-dragon-the\/\">Le cercle du dragon-th\u00e9<\/a><\/li><\/ul>\t\t\t\t\t\t\t\t<\/div>\n\t\t\t\t<\/div>\n\t\t\t\t\t<\/div>\n\t\t<\/div>\n\t\t\t\t\t<\/div>\n\t\t<\/section>\n\t\t\t\t<\/div>\n\t\t","protected":false},"excerpt":{"rendered":"<p>Le festival du dragon th\u00e9 Katie O&rsquo;Neill R\u00e9sum\u00e9 Rinn a grandi entour\u00e9e de dragons-th\u00e9 dans son village, mais tomber face \u00e0 un v\u00e9ritable dragon est tout autre chose ! Elle rencontre Aedhan, un jeune dragon &hellip; <\/p>\n","protected":false},"author":1,"featured_media":6404,"comment_status":"open","ping_status":"open","sticky":false,"template":"","format":"standard","meta":{"footnotes":""},"categories":[7,14,1],"tags":[80,79,459,1665,736,104,123,1667,1668],"class_list":["post-6403","post","type-post","status-publish","format-standard","has-post-thumbnail","hentry","category-benevolat","category-l-ete","category-tout-le-blog","tag-bande-dessinee","tag-bd","tag-bd-jeunesse","tag-editions-bliss","tag-ete","tag-fantasy","tag-jeunesse","tag-katie-oneill","tag-le-festival-du-dragon-the","has-single-img"],"yoast_head":"<!-- This site is optimized with the Yoast SEO plugin v27.4 - https:\/\/yoast.com\/product\/yoast-seo-wordpress\/ -->\n<title>Le festival du dragon-th\u00e9 de Katie O&#039;Neill - Sorbet Kiwi<\/title>\n<meta name=\"description\" content=\"Ma chronique du deuxi\u00e8me tome du Cercle du Dragon-th\u00e9, Le festival du dragon-th\u00e9, de Katie O&#039;Neill aux \u00e9ditions Bliss.\" \/>\n<meta name=\"robots\" content=\"index, follow, max-snippet:-1, max-image-preview:large, max-video-preview:-1\" \/>\n<link rel=\"canonical\" href=\"https:\/\/sorbetkiwi.fr\/index.php\/le-festival-du-dragon-the-de-katie-oneill\/\" \/>\n<meta property=\"og:locale\" content=\"fr_FR\" \/>\n<meta property=\"og:type\" content=\"article\" \/>\n<meta property=\"og:title\" content=\"Le festival du dragon-th\u00e9 de Katie O&#039;Neill - Sorbet Kiwi\" \/>\n<meta property=\"og:description\" content=\"Ma chronique du deuxi\u00e8me tome du Cercle du Dragon-th\u00e9, Le festival du dragon-th\u00e9, de Katie O&#039;Neill aux \u00e9ditions Bliss.\" \/>\n<meta property=\"og:url\" content=\"https:\/\/sorbetkiwi.fr\/index.php\/le-festival-du-dragon-the-de-katie-oneill\/\" \/>\n<meta property=\"og:site_name\" content=\"Sorbet Kiwi\" \/>\n<meta property=\"article:publisher\" content=\"https:\/\/www.facebook.com\/profile.php?id=100086238893269\" \/>\n<meta property=\"article:published_time\" content=\"2024-07-23T05:00:00+00:00\" \/>\n<meta property=\"og:image\" content=\"https:\/\/sorbetkiwi.fr\/wp-content\/uploads\/2024\/06\/Le-festival-du-dragon-the-Katie-ONeill-1.jpg.jpg\" \/>\n\t<meta property=\"og:image:width\" content=\"1080\" \/>\n\t<meta property=\"og:image:height\" content=\"1440\" \/>\n\t<meta property=\"og:image:type\" content=\"image\/jpeg\" \/>\n<meta name=\"author\" content=\"Sorbet-Kiwi\" \/>\n<meta name=\"twitter:card\" content=\"summary_large_image\" \/>\n<meta name=\"twitter:creator\" content=\"@pepparshoes\" \/>\n<meta name=\"twitter:site\" content=\"@pepparshoes\" \/>\n<meta name=\"twitter:label1\" content=\"\u00c9crit par\" \/>\n\t<meta name=\"twitter:data1\" content=\"Sorbet-Kiwi\" \/>\n\t<meta name=\"twitter:label2\" content=\"Dur\u00e9e de lecture estim\u00e9e\" \/>\n\t<meta name=\"twitter:data2\" content=\"3 minutes\" \/>\n<script type=\"application\/ld+json\" class=\"yoast-schema-graph\">{\"@context\":\"https:\\\/\\\/schema.org\",\"@graph\":[{\"@type\":\"Article\",\"@id\":\"https:\\\/\\\/sorbetkiwi.fr\\\/index.php\\\/le-festival-du-dragon-the-de-katie-oneill\\\/#article\",\"isPartOf\":{\"@id\":\"https:\\\/\\\/sorbetkiwi.fr\\\/index.php\\\/le-festival-du-dragon-the-de-katie-oneill\\\/\"},\"author\":{\"name\":\"Sorbet-Kiwi\",\"@id\":\"https:\\\/\\\/sorbetkiwi.fr\\\/#\\\/schema\\\/person\\\/ed1b7b527a2957ddc3bf38b076540659\"},\"headline\":\"Le festival du dragon-th\u00e9 de Katie O&rsquo;Neill\",\"datePublished\":\"2024-07-23T05:00:00+00:00\",\"mainEntityOfPage\":{\"@id\":\"https:\\\/\\\/sorbetkiwi.fr\\\/index.php\\\/le-festival-du-dragon-the-de-katie-oneill\\\/\"},\"wordCount\":449,\"commentCount\":2,\"publisher\":{\"@id\":\"https:\\\/\\\/sorbetkiwi.fr\\\/#organization\"},\"image\":{\"@id\":\"https:\\\/\\\/sorbetkiwi.fr\\\/index.php\\\/le-festival-du-dragon-the-de-katie-oneill\\\/#primaryimage\"},\"thumbnailUrl\":\"https:\\\/\\\/sorbetkiwi.fr\\\/wp-content\\\/uploads\\\/2024\\\/06\\\/Le-festival-du-dragon-the-Katie-ONeill-1.jpg.jpg\",\"keywords\":[\"Bande dessin\u00e9e\",\"BD\",\"BD Jeunesse\",\"Editions Bliss\",\"\u00e9t\u00e9\",\"Fantasy\",\"Jeunesse\",\"Katie O'Neill\",\"Le festival du dragon-th\u00e9\"],\"articleSection\":[\"B\u00e9n\u00e9volat\",\"L'\u00e9t\u00e9\",\"Tout le blog\"],\"inLanguage\":\"fr-FR\",\"potentialAction\":[{\"@type\":\"CommentAction\",\"name\":\"Comment\",\"target\":[\"https:\\\/\\\/sorbetkiwi.fr\\\/index.php\\\/le-festival-du-dragon-the-de-katie-oneill\\\/#respond\"]}]},{\"@type\":\"WebPage\",\"@id\":\"https:\\\/\\\/sorbetkiwi.fr\\\/index.php\\\/le-festival-du-dragon-the-de-katie-oneill\\\/\",\"url\":\"https:\\\/\\\/sorbetkiwi.fr\\\/index.php\\\/le-festival-du-dragon-the-de-katie-oneill\\\/\",\"name\":\"Le festival du dragon-th\u00e9 de Katie O'Neill - Sorbet Kiwi\",\"isPartOf\":{\"@id\":\"https:\\\/\\\/sorbetkiwi.fr\\\/#website\"},\"primaryImageOfPage\":{\"@id\":\"https:\\\/\\\/sorbetkiwi.fr\\\/index.php\\\/le-festival-du-dragon-the-de-katie-oneill\\\/#primaryimage\"},\"image\":{\"@id\":\"https:\\\/\\\/sorbetkiwi.fr\\\/index.php\\\/le-festival-du-dragon-the-de-katie-oneill\\\/#primaryimage\"},\"thumbnailUrl\":\"https:\\\/\\\/sorbetkiwi.fr\\\/wp-content\\\/uploads\\\/2024\\\/06\\\/Le-festival-du-dragon-the-Katie-ONeill-1.jpg.jpg\",\"datePublished\":\"2024-07-23T05:00:00+00:00\",\"description\":\"Ma chronique du deuxi\u00e8me tome du Cercle du Dragon-th\u00e9, Le festival du dragon-th\u00e9, de Katie O'Neill aux \u00e9ditions Bliss.\",\"breadcrumb\":{\"@id\":\"https:\\\/\\\/sorbetkiwi.fr\\\/index.php\\\/le-festival-du-dragon-the-de-katie-oneill\\\/#breadcrumb\"},\"inLanguage\":\"fr-FR\",\"potentialAction\":[{\"@type\":\"ReadAction\",\"target\":[\"https:\\\/\\\/sorbetkiwi.fr\\\/index.php\\\/le-festival-du-dragon-the-de-katie-oneill\\\/\"]}]},{\"@type\":\"ImageObject\",\"inLanguage\":\"fr-FR\",\"@id\":\"https:\\\/\\\/sorbetkiwi.fr\\\/index.php\\\/le-festival-du-dragon-the-de-katie-oneill\\\/#primaryimage\",\"url\":\"https:\\\/\\\/sorbetkiwi.fr\\\/wp-content\\\/uploads\\\/2024\\\/06\\\/Le-festival-du-dragon-the-Katie-ONeill-1.jpg.jpg\",\"contentUrl\":\"https:\\\/\\\/sorbetkiwi.fr\\\/wp-content\\\/uploads\\\/2024\\\/06\\\/Le-festival-du-dragon-the-Katie-ONeill-1.jpg.jpg\",\"width\":1080,\"height\":1440,\"caption\":\"Le festival du dragon th\u00e9 Katie O'Neill\"},{\"@type\":\"BreadcrumbList\",\"@id\":\"https:\\\/\\\/sorbetkiwi.fr\\\/index.php\\\/le-festival-du-dragon-the-de-katie-oneill\\\/#breadcrumb\",\"itemListElement\":[{\"@type\":\"ListItem\",\"position\":1,\"name\":\"Accueil\",\"item\":\"https:\\\/\\\/sorbetkiwi.fr\\\/\"},{\"@type\":\"ListItem\",\"position\":2,\"name\":\"Le festival du dragon-th\u00e9 de Katie O&rsquo;Neill\"}]},{\"@type\":\"WebSite\",\"@id\":\"https:\\\/\\\/sorbetkiwi.fr\\\/#website\",\"url\":\"https:\\\/\\\/sorbetkiwi.fr\\\/\",\"name\":\"Sorbet Kiwi\",\"description\":\"Des lectures th\u00e9matiques par saison et les avis qui vont avec\",\"publisher\":{\"@id\":\"https:\\\/\\\/sorbetkiwi.fr\\\/#organization\"},\"potentialAction\":[{\"@type\":\"SearchAction\",\"target\":{\"@type\":\"EntryPoint\",\"urlTemplate\":\"https:\\\/\\\/sorbetkiwi.fr\\\/?s={search_term_string}\"},\"query-input\":{\"@type\":\"PropertyValueSpecification\",\"valueRequired\":true,\"valueName\":\"search_term_string\"}}],\"inLanguage\":\"fr-FR\"},{\"@type\":\"Organization\",\"@id\":\"https:\\\/\\\/sorbetkiwi.fr\\\/#organization\",\"name\":\"Sorbet Kiwi\",\"url\":\"https:\\\/\\\/sorbetkiwi.fr\\\/\",\"logo\":{\"@type\":\"ImageObject\",\"inLanguage\":\"fr-FR\",\"@id\":\"https:\\\/\\\/sorbetkiwi.fr\\\/#\\\/schema\\\/logo\\\/image\\\/\",\"url\":\"https:\\\/\\\/sorbetkiwi.fr\\\/wp-content\\\/uploads\\\/2022\\\/10\\\/Banniere-Sorbet-Kiwi-2022.jpg\",\"contentUrl\":\"https:\\\/\\\/sorbetkiwi.fr\\\/wp-content\\\/uploads\\\/2022\\\/10\\\/Banniere-Sorbet-Kiwi-2022.jpg\",\"width\":814,\"height\":401,\"caption\":\"Sorbet Kiwi\"},\"image\":{\"@id\":\"https:\\\/\\\/sorbetkiwi.fr\\\/#\\\/schema\\\/logo\\\/image\\\/\"},\"sameAs\":[\"https:\\\/\\\/www.facebook.com\\\/profile.php?id=100086238893269\",\"https:\\\/\\\/x.com\\\/pepparshoes\",\"https:\\\/\\\/www.instagram.com\\\/sorbetkiwi\\\/\",\"https:\\\/\\\/www.tiktok.com\\\/sorbetkiwi\"]},{\"@type\":\"Person\",\"@id\":\"https:\\\/\\\/sorbetkiwi.fr\\\/#\\\/schema\\\/person\\\/ed1b7b527a2957ddc3bf38b076540659\",\"name\":\"Sorbet-Kiwi\",\"image\":{\"@type\":\"ImageObject\",\"inLanguage\":\"fr-FR\",\"@id\":\"https:\\\/\\\/secure.gravatar.com\\\/avatar\\\/86f0a5c27d76317621b9e374d0f3a01d3a85278f10d0c7207ced4fd773057442?s=96&d=mm&r=g\",\"url\":\"https:\\\/\\\/secure.gravatar.com\\\/avatar\\\/86f0a5c27d76317621b9e374d0f3a01d3a85278f10d0c7207ced4fd773057442?s=96&d=mm&r=g\",\"contentUrl\":\"https:\\\/\\\/secure.gravatar.com\\\/avatar\\\/86f0a5c27d76317621b9e374d0f3a01d3a85278f10d0c7207ced4fd773057442?s=96&d=mm&r=g\",\"caption\":\"Sorbet-Kiwi\"},\"sameAs\":[\"http:\\\/\\\/sorbetkiwi.fr\"],\"url\":\"https:\\\/\\\/sorbetkiwi.fr\\\/index.php\\\/author\\\/admin7717\\\/\"}]}<\/script>\n<!-- \/ Yoast SEO plugin. -->","yoast_head_json":{"title":"Le festival du dragon-th\u00e9 de Katie O'Neill - Sorbet Kiwi","description":"Ma chronique du deuxi\u00e8me tome du Cercle du Dragon-th\u00e9, Le festival du dragon-th\u00e9, de Katie O'Neill aux \u00e9ditions Bliss.","robots":{"index":"index","follow":"follow","max-snippet":"max-snippet:-1","max-image-preview":"max-image-preview:large","max-video-preview":"max-video-preview:-1"},"canonical":"https:\/\/sorbetkiwi.fr\/index.php\/le-festival-du-dragon-the-de-katie-oneill\/","og_locale":"fr_FR","og_type":"article","og_title":"Le festival du dragon-th\u00e9 de Katie O'Neill - Sorbet Kiwi","og_description":"Ma chronique du deuxi\u00e8me tome du Cercle du Dragon-th\u00e9, Le festival du dragon-th\u00e9, de Katie O'Neill aux \u00e9ditions Bliss.","og_url":"https:\/\/sorbetkiwi.fr\/index.php\/le-festival-du-dragon-the-de-katie-oneill\/","og_site_name":"Sorbet Kiwi","article_publisher":"https:\/\/www.facebook.com\/profile.php?id=100086238893269","article_published_time":"2024-07-23T05:00:00+00:00","og_image":[{"width":1080,"height":1440,"url":"https:\/\/sorbetkiwi.fr\/wp-content\/uploads\/2024\/06\/Le-festival-du-dragon-the-Katie-ONeill-1.jpg.jpg","type":"image\/jpeg"}],"author":"Sorbet-Kiwi","twitter_card":"summary_large_image","twitter_creator":"@pepparshoes","twitter_site":"@pepparshoes","twitter_misc":{"\u00c9crit par":"Sorbet-Kiwi","Dur\u00e9e de lecture estim\u00e9e":"3 minutes"},"schema":{"@context":"https:\/\/schema.org","@graph":[{"@type":"Article","@id":"https:\/\/sorbetkiwi.fr\/index.php\/le-festival-du-dragon-the-de-katie-oneill\/#article","isPartOf":{"@id":"https:\/\/sorbetkiwi.fr\/index.php\/le-festival-du-dragon-the-de-katie-oneill\/"},"author":{"name":"Sorbet-Kiwi","@id":"https:\/\/sorbetkiwi.fr\/#\/schema\/person\/ed1b7b527a2957ddc3bf38b076540659"},"headline":"Le festival du dragon-th\u00e9 de Katie O&rsquo;Neill","datePublished":"2024-07-23T05:00:00+00:00","mainEntityOfPage":{"@id":"https:\/\/sorbetkiwi.fr\/index.php\/le-festival-du-dragon-the-de-katie-oneill\/"},"wordCount":449,"commentCount":2,"publisher":{"@id":"https:\/\/sorbetkiwi.fr\/#organization"},"image":{"@id":"https:\/\/sorbetkiwi.fr\/index.php\/le-festival-du-dragon-the-de-katie-oneill\/#primaryimage"},"thumbnailUrl":"https:\/\/sorbetkiwi.fr\/wp-content\/uploads\/2024\/06\/Le-festival-du-dragon-the-Katie-ONeill-1.jpg.jpg","keywords":["Bande dessin\u00e9e","BD","BD Jeunesse","Editions Bliss","\u00e9t\u00e9","Fantasy","Jeunesse","Katie O'Neill","Le festival du dragon-th\u00e9"],"articleSection":["B\u00e9n\u00e9volat","L'\u00e9t\u00e9","Tout le blog"],"inLanguage":"fr-FR","potentialAction":[{"@type":"CommentAction","name":"Comment","target":["https:\/\/sorbetkiwi.fr\/index.php\/le-festival-du-dragon-the-de-katie-oneill\/#respond"]}]},{"@type":"WebPage","@id":"https:\/\/sorbetkiwi.fr\/index.php\/le-festival-du-dragon-the-de-katie-oneill\/","url":"https:\/\/sorbetkiwi.fr\/index.php\/le-festival-du-dragon-the-de-katie-oneill\/","name":"Le festival du dragon-th\u00e9 de Katie O'Neill - Sorbet Kiwi","isPartOf":{"@id":"https:\/\/sorbetkiwi.fr\/#website"},"primaryImageOfPage":{"@id":"https:\/\/sorbetkiwi.fr\/index.php\/le-festival-du-dragon-the-de-katie-oneill\/#primaryimage"},"image":{"@id":"https:\/\/sorbetkiwi.fr\/index.php\/le-festival-du-dragon-the-de-katie-oneill\/#primaryimage"},"thumbnailUrl":"https:\/\/sorbetkiwi.fr\/wp-content\/uploads\/2024\/06\/Le-festival-du-dragon-the-Katie-ONeill-1.jpg.jpg","datePublished":"2024-07-23T05:00:00+00:00","description":"Ma chronique du deuxi\u00e8me tome du Cercle du Dragon-th\u00e9, Le festival du dragon-th\u00e9, de Katie O'Neill aux \u00e9ditions Bliss.","breadcrumb":{"@id":"https:\/\/sorbetkiwi.fr\/index.php\/le-festival-du-dragon-the-de-katie-oneill\/#breadcrumb"},"inLanguage":"fr-FR","potentialAction":[{"@type":"ReadAction","target":["https:\/\/sorbetkiwi.fr\/index.php\/le-festival-du-dragon-the-de-katie-oneill\/"]}]},{"@type":"ImageObject","inLanguage":"fr-FR","@id":"https:\/\/sorbetkiwi.fr\/index.php\/le-festival-du-dragon-the-de-katie-oneill\/#primaryimage","url":"https:\/\/sorbetkiwi.fr\/wp-content\/uploads\/2024\/06\/Le-festival-du-dragon-the-Katie-ONeill-1.jpg.jpg","contentUrl":"https:\/\/sorbetkiwi.fr\/wp-content\/uploads\/2024\/06\/Le-festival-du-dragon-the-Katie-ONeill-1.jpg.jpg","width":1080,"height":1440,"caption":"Le festival du dragon th\u00e9 Katie O'Neill"},{"@type":"BreadcrumbList","@id":"https:\/\/sorbetkiwi.fr\/index.php\/le-festival-du-dragon-the-de-katie-oneill\/#breadcrumb","itemListElement":[{"@type":"ListItem","position":1,"name":"Accueil","item":"https:\/\/sorbetkiwi.fr\/"},{"@type":"ListItem","position":2,"name":"Le festival du dragon-th\u00e9 de Katie O&rsquo;Neill"}]},{"@type":"WebSite","@id":"https:\/\/sorbetkiwi.fr\/#website","url":"https:\/\/sorbetkiwi.fr\/","name":"Sorbet Kiwi","description":"Des lectures th\u00e9matiques par saison et les avis qui vont avec","publisher":{"@id":"https:\/\/sorbetkiwi.fr\/#organization"},"potentialAction":[{"@type":"SearchAction","target":{"@type":"EntryPoint","urlTemplate":"https:\/\/sorbetkiwi.fr\/?s={search_term_string}"},"query-input":{"@type":"PropertyValueSpecification","valueRequired":true,"valueName":"search_term_string"}}],"inLanguage":"fr-FR"},{"@type":"Organization","@id":"https:\/\/sorbetkiwi.fr\/#organization","name":"Sorbet Kiwi","url":"https:\/\/sorbetkiwi.fr\/","logo":{"@type":"ImageObject","inLanguage":"fr-FR","@id":"https:\/\/sorbetkiwi.fr\/#\/schema\/logo\/image\/","url":"https:\/\/sorbetkiwi.fr\/wp-content\/uploads\/2022\/10\/Banniere-Sorbet-Kiwi-2022.jpg","contentUrl":"https:\/\/sorbetkiwi.fr\/wp-content\/uploads\/2022\/10\/Banniere-Sorbet-Kiwi-2022.jpg","width":814,"height":401,"caption":"Sorbet Kiwi"},"image":{"@id":"https:\/\/sorbetkiwi.fr\/#\/schema\/logo\/image\/"},"sameAs":["https:\/\/www.facebook.com\/profile.php?id=100086238893269","https:\/\/x.com\/pepparshoes","https:\/\/www.instagram.com\/sorbetkiwi\/","https:\/\/www.tiktok.com\/sorbetkiwi"]},{"@type":"Person","@id":"https:\/\/sorbetkiwi.fr\/#\/schema\/person\/ed1b7b527a2957ddc3bf38b076540659","name":"Sorbet-Kiwi","image":{"@type":"ImageObject","inLanguage":"fr-FR","@id":"https:\/\/secure.gravatar.com\/avatar\/86f0a5c27d76317621b9e374d0f3a01d3a85278f10d0c7207ced4fd773057442?s=96&d=mm&r=g","url":"https:\/\/secure.gravatar.com\/avatar\/86f0a5c27d76317621b9e374d0f3a01d3a85278f10d0c7207ced4fd773057442?s=96&d=mm&r=g","contentUrl":"https:\/\/secure.gravatar.com\/avatar\/86f0a5c27d76317621b9e374d0f3a01d3a85278f10d0c7207ced4fd773057442?s=96&d=mm&r=g","caption":"Sorbet-Kiwi"},"sameAs":["http:\/\/sorbetkiwi.fr"],"url":"https:\/\/sorbetkiwi.fr\/index.php\/author\/admin7717\/"}]}},"_links":{"self":[{"href":"https:\/\/sorbetkiwi.fr\/index.php\/wp-json\/wp\/v2\/posts\/6403","targetHints":{"allow":["GET"]}}],"collection":[{"href":"https:\/\/sorbetkiwi.fr\/index.php\/wp-json\/wp\/v2\/posts"}],"about":[{"href":"https:\/\/sorbetkiwi.fr\/index.php\/wp-json\/wp\/v2\/types\/post"}],"author":[{"embeddable":true,"href":"https:\/\/sorbetkiwi.fr\/index.php\/wp-json\/wp\/v2\/users\/1"}],"replies":[{"embeddable":true,"href":"https:\/\/sorbetkiwi.fr\/index.php\/wp-json\/wp\/v2\/comments?post=6403"}],"version-history":[{"count":14,"href":"https:\/\/sorbetkiwi.fr\/index.php\/wp-json\/wp\/v2\/posts\/6403\/revisions"}],"predecessor-version":[{"id":6899,"href":"https:\/\/sorbetkiwi.fr\/index.php\/wp-json\/wp\/v2\/posts\/6403\/revisions\/6899"}],"wp:featuredmedia":[{"embeddable":true,"href":"https:\/\/sorbetkiwi.fr\/index.php\/wp-json\/wp\/v2\/media\/6404"}],"wp:attachment":[{"href":"https:\/\/sorbetkiwi.fr\/index.php\/wp-json\/wp\/v2\/media?parent=6403"}],"wp:term":[{"taxonomy":"category","embeddable":true,"href":"https:\/\/sorbetkiwi.fr\/index.php\/wp-json\/wp\/v2\/categories?post=6403"},{"taxonomy":"post_tag","embeddable":true,"href":"https:\/\/sorbetkiwi.fr\/index.php\/wp-json\/wp\/v2\/tags?post=6403"}],"curies":[{"name":"wp","href":"https:\/\/api.w.org\/{rel}","templated":true}]}}