{"id":6383,"date":"2024-07-01T07:07:08","date_gmt":"2024-07-01T05:07:08","guid":{"rendered":"https:\/\/sorbetkiwi.fr\/?p=6383"},"modified":"2024-07-01T07:07:10","modified_gmt":"2024-07-01T05:07:10","slug":"le-cercle-du-dragon-the-de-katie-oneill","status":"publish","type":"post","link":"https:\/\/sorbetkiwi.fr\/index.php\/le-cercle-du-dragon-the-de-katie-oneill\/","title":{"rendered":"Le cercle du dragon-th\u00e9 de Katie O&rsquo;Neill"},"content":{"rendered":"\t\t<div data-elementor-type=\"wp-post\" data-elementor-id=\"6383\" class=\"elementor elementor-6383\">\n\t\t\t\t\t\t<section class=\"elementor-section elementor-top-section elementor-element elementor-element-4ed18db0 elementor-section-boxed elementor-section-height-default elementor-section-height-default\" data-id=\"4ed18db0\" data-element_type=\"section\" data-e-type=\"section\">\n\t\t\t\t\t\t<div class=\"elementor-container elementor-column-gap-default\">\n\t\t\t\t\t<div class=\"elementor-column elementor-col-100 elementor-top-column elementor-element elementor-element-56df8dca\" data-id=\"56df8dca\" data-element_type=\"column\" data-e-type=\"column\">\n\t\t\t<div class=\"elementor-widget-wrap elementor-element-populated\">\n\t\t\t\t\t\t<div class=\"elementor-element elementor-element-303e2d49 elementor-widget elementor-widget-heading\" data-id=\"303e2d49\" data-element_type=\"widget\" data-e-type=\"widget\" data-widget_type=\"heading.default\">\n\t\t\t\t<div class=\"elementor-widget-container\">\n\t\t\t\t\t<h1 class=\"elementor-heading-title elementor-size-medium\">Le cercle du dragon-th\u00e9 de Katie O'Neill<\/h1>\t\t\t\t<\/div>\n\t\t\t\t<\/div>\n\t\t\t\t<div class=\"elementor-element elementor-element-6e60f282 elementor-view-default elementor-widget elementor-widget-icon\" data-id=\"6e60f282\" data-element_type=\"widget\" data-e-type=\"widget\" data-widget_type=\"icon.default\">\n\t\t\t\t<div class=\"elementor-widget-container\">\n\t\t\t\t\t\t\t<div class=\"elementor-icon-wrapper\">\n\t\t\t<div class=\"elementor-icon\">\n\t\t\t<i aria-hidden=\"true\" class=\"fas fa-cocktail\"><\/i>\t\t\t<\/div>\n\t\t<\/div>\n\t\t\t\t\t\t<\/div>\n\t\t\t\t<\/div>\n\t\t\t\t<div class=\"elementor-element elementor-element-3a96031d elementor-widget-divider--view-line elementor-widget elementor-widget-divider\" data-id=\"3a96031d\" data-element_type=\"widget\" data-e-type=\"widget\" data-widget_type=\"divider.default\">\n\t\t\t\t<div class=\"elementor-widget-container\">\n\t\t\t\t\t\t\t<div class=\"elementor-divider\">\n\t\t\t<span class=\"elementor-divider-separator\">\n\t\t\t\t\t\t<\/span>\n\t\t<\/div>\n\t\t\t\t\t\t<\/div>\n\t\t\t\t<\/div>\n\t\t\t\t<div class=\"elementor-element elementor-element-6fb05f21 elementor-widget elementor-widget-heading\" data-id=\"6fb05f21\" data-element_type=\"widget\" data-e-type=\"widget\" data-widget_type=\"heading.default\">\n\t\t\t\t<div class=\"elementor-widget-container\">\n\t\t\t\t\t<h2 class=\"elementor-heading-title elementor-size-medium\">R\u00e9sum\u00e9<\/h2>\t\t\t\t<\/div>\n\t\t\t\t<\/div>\n\t\t\t\t<div class=\"elementor-element elementor-element-104dce2d elementor-widget elementor-widget-text-editor\" data-id=\"104dce2d\" data-element_type=\"widget\" data-e-type=\"widget\" data-widget_type=\"text-editor.default\">\n\t\t\t\t<div class=\"elementor-widget-container\">\n\t\t\t\t\t\t\t\t\t<p>Greta, apprentie forgeronne, d\u00e9couvre une petite cr\u00e9ature perdue sur la place du march\u00e9. En ramenant le dragon-th\u00e9 chez lui, elle va rencontrer les deux propri\u00e9taires du salon de th\u00e9 : Hesekiel et Erik. Ces derniers vont alors l\u2019initier \u00e0 l\u2019art d\u00e9licat du soin des dragons-th\u00e9. Tandis qu\u2019elle se lie d\u2019amiti\u00e9 avec eux et avec la timide Minette, Greta va d\u00e9couvrir l\u2019\u00e9tendue de cet art et comment les dragons-th\u00e9 enrichissent leurs vies.<\/p>\t\t\t\t\t\t\t\t<\/div>\n\t\t\t\t<\/div>\n\t\t\t\t<div class=\"elementor-element elementor-element-406a3b9d elementor-widget-divider--view-line elementor-widget elementor-widget-divider\" data-id=\"406a3b9d\" data-element_type=\"widget\" data-e-type=\"widget\" data-widget_type=\"divider.default\">\n\t\t\t\t<div class=\"elementor-widget-container\">\n\t\t\t\t\t\t\t<div class=\"elementor-divider\">\n\t\t\t<span class=\"elementor-divider-separator\">\n\t\t\t\t\t\t<\/span>\n\t\t<\/div>\n\t\t\t\t\t\t<\/div>\n\t\t\t\t<\/div>\n\t\t\t\t<div class=\"elementor-element elementor-element-1cf1a4cc elementor-widget elementor-widget-heading\" data-id=\"1cf1a4cc\" data-element_type=\"widget\" data-e-type=\"widget\" data-widget_type=\"heading.default\">\n\t\t\t\t<div class=\"elementor-widget-container\">\n\t\t\t\t\t<h4 class=\"elementor-heading-title elementor-size-medium\">\"Les souvenirs ne vivent pas qu'en toi, Minette. Ils vivent dans toutes les personnes et les objets avec lesquels tu as partag\u00e9 ta vie.\"<\/h4>\t\t\t\t<\/div>\n\t\t\t\t<\/div>\n\t\t\t\t<div class=\"elementor-element elementor-element-1015443b elementor-widget-divider--view-line elementor-widget elementor-widget-divider\" data-id=\"1015443b\" data-element_type=\"widget\" data-e-type=\"widget\" data-widget_type=\"divider.default\">\n\t\t\t\t<div class=\"elementor-widget-container\">\n\t\t\t\t\t\t\t<div class=\"elementor-divider\">\n\t\t\t<span class=\"elementor-divider-separator\">\n\t\t\t\t\t\t<\/span>\n\t\t<\/div>\n\t\t\t\t\t\t<\/div>\n\t\t\t\t<\/div>\n\t\t\t\t<div class=\"elementor-element elementor-element-27efee2 elementor-widget elementor-widget-heading\" data-id=\"27efee2\" data-element_type=\"widget\" data-e-type=\"widget\" data-widget_type=\"heading.default\">\n\t\t\t\t<div class=\"elementor-widget-container\">\n\t\t\t\t\t<h2 class=\"elementor-heading-title elementor-size-medium\">Une introduction d'une douceur adorable<\/h2>\t\t\t\t<\/div>\n\t\t\t\t<\/div>\n\t\t\t\t<div class=\"elementor-element elementor-element-31fb4e85 elementor-widget elementor-widget-text-editor\" data-id=\"31fb4e85\" data-element_type=\"widget\" data-e-type=\"widget\" data-widget_type=\"text-editor.default\">\n\t\t\t\t<div class=\"elementor-widget-container\">\n\t\t\t\t\t\t\t\t\t<p>Je n&rsquo;avais jamais vu passer cette saga avant de la voir dans la liste du <a href=\"https:\/\/www.livraddict.com\/forum\/viewtopic.php?id=36769\">Baby Challenge des albums Livraddict<\/a>. Mais si je l&rsquo;avais crois\u00e9 en m\u00e9diath\u00e8que je n&rsquo;aurai tout simplement pas r\u00e9sist\u00e9 ! Rien que la couverture m&rsquo;attirait terriblement. Alors, 17\u00e8me de la liste du challenge, Le cercle du dragon-th\u00e9 a-t-il tenu ses promesses ?\u00a0<\/p><p>Eh bien, d\u00e9j\u00e0 j&rsquo;ai ador\u00e9 la construction saisonni\u00e8re de la BD. Nous passons chacune d&rsquo;entre elle avec nos personnages, du printemps \u00e0 l&rsquo;hiver. Elle entre donc dans toutes mes cat\u00e9gories ! L&rsquo;autre aspect qui m&rsquo;a beaucoup plu est l&rsquo;inclusion en toute circonstances. Je pense que quasiment tout le monde se sentira valoris\u00e9 et vu dans ces dessins d&rsquo;une douceur incroyable, alors m\u00eame que l&rsquo;histoire est de l&rsquo;ordre du fantastique. La seule chose que mon cerveau d&rsquo;adulte a \u00e0 lui reprocher est sa densit\u00e9 : en effet, je l&rsquo;ai trouv\u00e9 trop courte ! J&rsquo;aurai aim\u00e9 que Le cercle du dragon-th\u00e9 soit plus \u00e9toff\u00e9. Mais je ne suis en aucun cas le public cible et je sais d\u00e9j\u00e0 \u00e0 qui je vais l&rsquo;offrir cet \u00e9t\u00e9. Aucun doute qu&rsquo;il adorera !\u00a0<\/p>\t\t\t\t\t\t\t\t<\/div>\n\t\t\t\t<\/div>\n\t\t\t\t<div class=\"elementor-element elementor-element-4ec1e30b elementor-widget elementor-widget-heading\" data-id=\"4ec1e30b\" data-element_type=\"widget\" data-e-type=\"widget\" data-widget_type=\"heading.default\">\n\t\t\t\t<div class=\"elementor-widget-container\">\n\t\t\t\t\t<h4 class=\"elementor-heading-title elementor-size-medium\">Les BD du Challenge<\/h4>\t\t\t\t<\/div>\n\t\t\t\t<\/div>\n\t\t\t\t<div class=\"elementor-element elementor-element-383094e4 elementor-widget elementor-widget-text-editor\" data-id=\"383094e4\" data-element_type=\"widget\" data-e-type=\"widget\" data-widget_type=\"text-editor.default\">\n\t\t\t\t<div class=\"elementor-widget-container\">\n\t\t\t\t\t\t\t\t\t<p>Mes chroniques des autres BD lues dans le cadre du challenge :\u00a0<\/p><ul><li><a href=\"https:\/\/sorbetkiwi.fr\/index.php\/tag\/heartstopper\/\">Heartstopper<\/a><\/li><li><a href=\"https:\/\/sorbetkiwi.fr\/index.php\/tag\/les-carnets-de-cerise\/\">Les carnets de Cerise<\/a><\/li><li><a href=\"https:\/\/sorbetkiwi.fr\/index.php\/je-serai-la-de-lhomme-etoile\/\">Je serai l\u00e0<\/a><\/li><li><a href=\"https:\/\/sorbetkiwi.fr\/index.php\/le-choeur-des-femmes-daude-mermilliod\/\">Le choeur des femmes<\/a><\/li><li><a href=\"https:\/\/sorbetkiwi.fr\/index.php\/culottees-de-penelope-bagieu\/\">Culott\u00e9es<\/a><\/li><li><a href=\"https:\/\/sorbetkiwi.wordpress.com\/2021\/03\/12\/maus-lintegrale-dart-spiegelman\/\">Maus<\/a><\/li><li><a href=\"https:\/\/sorbetkiwi.fr\/index.php\/goupil-ou-face-de-lou-lubie\/\">Goupil ou face<\/a><\/li><li><a href=\"https:\/\/sorbetkiwi.fr\/index.php\/le-jardin-paris-de-gaelle-geniller\/\">Le jardin, Paris<\/a><\/li><li><a href=\"https:\/\/sorbetkiwi.fr\/index.php\/locke-and-key-de-joe-hill\/\">Locke &amp; Key<\/a><\/li><li><a href=\"https:\/\/sorbetkiwi.fr\/index.php\/tag\/lou\/\">Lou<\/a><\/li><li><a href=\"https:\/\/sorbetkiwi.fr\/index.php\/et-a-la-fin-ils-meurent-de-lou-lubie\/\">Et \u00e0 la fin ils meurent<\/a><\/li><li>L&rsquo;Enfant, la Taupe, le Renard et le Cheval<\/li><li>Le grand m\u00e9chant renard<\/li><\/ul>\t\t\t\t\t\t\t\t<\/div>\n\t\t\t\t<\/div>\n\t\t\t\t\t<\/div>\n\t\t<\/div>\n\t\t\t\t\t<\/div>\n\t\t<\/section>\n\t\t\t\t<\/div>\n\t\t","protected":false},"excerpt":{"rendered":"<p>Le cercle du dragon-th\u00e9 de Katie O&rsquo;Neill R\u00e9sum\u00e9 Greta, apprentie forgeronne, d\u00e9couvre une petite cr\u00e9ature perdue sur la place du march\u00e9. En ramenant le dragon-th\u00e9 chez lui, elle va rencontrer les deux propri\u00e9taires du salon &hellip; <\/p>\n","protected":false},"author":1,"featured_media":6402,"comment_status":"open","ping_status":"open","sticky":false,"template":"","format":"standard","meta":{"footnotes":""},"categories":[7,14,1],"tags":[80,79,459,1665,736,123,1667,1666],"class_list":["post-6383","post","type-post","status-publish","format-standard","has-post-thumbnail","hentry","category-benevolat","category-l-ete","category-tout-le-blog","tag-bande-dessinee","tag-bd","tag-bd-jeunesse","tag-editions-bliss","tag-ete","tag-jeunesse","tag-katie-oneill","tag-le-cercle-du-dragon-the","has-single-img"],"yoast_head":"<!-- This site is optimized with the Yoast SEO plugin v27.4 - https:\/\/yoast.com\/product\/yoast-seo-wordpress\/ -->\n<title>Le cercle du dragon-th\u00e9 de Katie O&#039;Neill - Sorbet Kiwi<\/title>\n<meta name=\"description\" content=\"Ma chronique du premier tome de la saga BD Le cercle du dragon-th\u00e9 de Katie O&#039;Neill publi\u00e9 aux \u00e9ditions Bliss.\" \/>\n<meta name=\"robots\" content=\"index, follow, max-snippet:-1, max-image-preview:large, max-video-preview:-1\" \/>\n<link rel=\"canonical\" href=\"https:\/\/sorbetkiwi.fr\/index.php\/le-cercle-du-dragon-the-de-katie-oneill\/\" \/>\n<meta property=\"og:locale\" content=\"fr_FR\" \/>\n<meta property=\"og:type\" content=\"article\" \/>\n<meta property=\"og:title\" content=\"Le cercle du dragon-th\u00e9 de Katie O&#039;Neill - Sorbet Kiwi\" \/>\n<meta property=\"og:description\" content=\"Ma chronique du premier tome de la saga BD Le cercle du dragon-th\u00e9 de Katie O&#039;Neill publi\u00e9 aux \u00e9ditions Bliss.\" \/>\n<meta property=\"og:url\" content=\"https:\/\/sorbetkiwi.fr\/index.php\/le-cercle-du-dragon-the-de-katie-oneill\/\" \/>\n<meta property=\"og:site_name\" content=\"Sorbet Kiwi\" \/>\n<meta property=\"article:publisher\" content=\"https:\/\/www.facebook.com\/profile.php?id=100086238893269\" \/>\n<meta property=\"article:published_time\" content=\"2024-07-01T05:07:08+00:00\" \/>\n<meta property=\"article:modified_time\" content=\"2024-07-01T05:07:10+00:00\" \/>\n<meta property=\"og:image\" content=\"https:\/\/sorbetkiwi.fr\/wp-content\/uploads\/2024\/06\/Le-cercle-du-dragon-the-Katie-ONeill-1.jpg\" \/>\n\t<meta property=\"og:image:width\" content=\"1080\" \/>\n\t<meta property=\"og:image:height\" content=\"1440\" \/>\n\t<meta property=\"og:image:type\" content=\"image\/jpeg\" \/>\n<meta name=\"author\" content=\"Sorbet-Kiwi\" \/>\n<meta name=\"twitter:card\" content=\"summary_large_image\" \/>\n<meta name=\"twitter:creator\" content=\"@pepparshoes\" \/>\n<meta name=\"twitter:site\" content=\"@pepparshoes\" \/>\n<meta name=\"twitter:label1\" content=\"\u00c9crit par\" \/>\n\t<meta name=\"twitter:data1\" content=\"Sorbet-Kiwi\" \/>\n\t<meta name=\"twitter:label2\" content=\"Dur\u00e9e de lecture estim\u00e9e\" \/>\n\t<meta name=\"twitter:data2\" content=\"2 minutes\" \/>\n<script type=\"application\/ld+json\" class=\"yoast-schema-graph\">{\"@context\":\"https:\\\/\\\/schema.org\",\"@graph\":[{\"@type\":\"Article\",\"@id\":\"https:\\\/\\\/sorbetkiwi.fr\\\/index.php\\\/le-cercle-du-dragon-the-de-katie-oneill\\\/#article\",\"isPartOf\":{\"@id\":\"https:\\\/\\\/sorbetkiwi.fr\\\/index.php\\\/le-cercle-du-dragon-the-de-katie-oneill\\\/\"},\"author\":{\"name\":\"Sorbet-Kiwi\",\"@id\":\"https:\\\/\\\/sorbetkiwi.fr\\\/#\\\/schema\\\/person\\\/ed1b7b527a2957ddc3bf38b076540659\"},\"headline\":\"Le cercle du dragon-th\u00e9 de Katie O&rsquo;Neill\",\"datePublished\":\"2024-07-01T05:07:08+00:00\",\"dateModified\":\"2024-07-01T05:07:10+00:00\",\"mainEntityOfPage\":{\"@id\":\"https:\\\/\\\/sorbetkiwi.fr\\\/index.php\\\/le-cercle-du-dragon-the-de-katie-oneill\\\/\"},\"wordCount\":388,\"commentCount\":4,\"publisher\":{\"@id\":\"https:\\\/\\\/sorbetkiwi.fr\\\/#organization\"},\"image\":{\"@id\":\"https:\\\/\\\/sorbetkiwi.fr\\\/index.php\\\/le-cercle-du-dragon-the-de-katie-oneill\\\/#primaryimage\"},\"thumbnailUrl\":\"https:\\\/\\\/sorbetkiwi.fr\\\/wp-content\\\/uploads\\\/2024\\\/06\\\/Le-cercle-du-dragon-the-Katie-ONeill-1.jpg\",\"keywords\":[\"Bande dessin\u00e9e\",\"BD\",\"BD Jeunesse\",\"Editions Bliss\",\"\u00e9t\u00e9\",\"Jeunesse\",\"Katie O'Neill\",\"Le cercle du dragon-th\u00e9\"],\"articleSection\":[\"B\u00e9n\u00e9volat\",\"L'\u00e9t\u00e9\",\"Tout le blog\"],\"inLanguage\":\"fr-FR\",\"potentialAction\":[{\"@type\":\"CommentAction\",\"name\":\"Comment\",\"target\":[\"https:\\\/\\\/sorbetkiwi.fr\\\/index.php\\\/le-cercle-du-dragon-the-de-katie-oneill\\\/#respond\"]}]},{\"@type\":\"WebPage\",\"@id\":\"https:\\\/\\\/sorbetkiwi.fr\\\/index.php\\\/le-cercle-du-dragon-the-de-katie-oneill\\\/\",\"url\":\"https:\\\/\\\/sorbetkiwi.fr\\\/index.php\\\/le-cercle-du-dragon-the-de-katie-oneill\\\/\",\"name\":\"Le cercle du dragon-th\u00e9 de Katie O'Neill - Sorbet Kiwi\",\"isPartOf\":{\"@id\":\"https:\\\/\\\/sorbetkiwi.fr\\\/#website\"},\"primaryImageOfPage\":{\"@id\":\"https:\\\/\\\/sorbetkiwi.fr\\\/index.php\\\/le-cercle-du-dragon-the-de-katie-oneill\\\/#primaryimage\"},\"image\":{\"@id\":\"https:\\\/\\\/sorbetkiwi.fr\\\/index.php\\\/le-cercle-du-dragon-the-de-katie-oneill\\\/#primaryimage\"},\"thumbnailUrl\":\"https:\\\/\\\/sorbetkiwi.fr\\\/wp-content\\\/uploads\\\/2024\\\/06\\\/Le-cercle-du-dragon-the-Katie-ONeill-1.jpg\",\"datePublished\":\"2024-07-01T05:07:08+00:00\",\"dateModified\":\"2024-07-01T05:07:10+00:00\",\"description\":\"Ma chronique du premier tome de la saga BD Le cercle du dragon-th\u00e9 de Katie O'Neill publi\u00e9 aux \u00e9ditions Bliss.\",\"breadcrumb\":{\"@id\":\"https:\\\/\\\/sorbetkiwi.fr\\\/index.php\\\/le-cercle-du-dragon-the-de-katie-oneill\\\/#breadcrumb\"},\"inLanguage\":\"fr-FR\",\"potentialAction\":[{\"@type\":\"ReadAction\",\"target\":[\"https:\\\/\\\/sorbetkiwi.fr\\\/index.php\\\/le-cercle-du-dragon-the-de-katie-oneill\\\/\"]}]},{\"@type\":\"ImageObject\",\"inLanguage\":\"fr-FR\",\"@id\":\"https:\\\/\\\/sorbetkiwi.fr\\\/index.php\\\/le-cercle-du-dragon-the-de-katie-oneill\\\/#primaryimage\",\"url\":\"https:\\\/\\\/sorbetkiwi.fr\\\/wp-content\\\/uploads\\\/2024\\\/06\\\/Le-cercle-du-dragon-the-Katie-ONeill-1.jpg\",\"contentUrl\":\"https:\\\/\\\/sorbetkiwi.fr\\\/wp-content\\\/uploads\\\/2024\\\/06\\\/Le-cercle-du-dragon-the-Katie-ONeill-1.jpg\",\"width\":1080,\"height\":1440,\"caption\":\"Le cercle du dragon th\u00e9 Katie O'Neill\"},{\"@type\":\"BreadcrumbList\",\"@id\":\"https:\\\/\\\/sorbetkiwi.fr\\\/index.php\\\/le-cercle-du-dragon-the-de-katie-oneill\\\/#breadcrumb\",\"itemListElement\":[{\"@type\":\"ListItem\",\"position\":1,\"name\":\"Accueil\",\"item\":\"https:\\\/\\\/sorbetkiwi.fr\\\/\"},{\"@type\":\"ListItem\",\"position\":2,\"name\":\"Le cercle du dragon-th\u00e9 de Katie O&rsquo;Neill\"}]},{\"@type\":\"WebSite\",\"@id\":\"https:\\\/\\\/sorbetkiwi.fr\\\/#website\",\"url\":\"https:\\\/\\\/sorbetkiwi.fr\\\/\",\"name\":\"Sorbet Kiwi\",\"description\":\"Des lectures th\u00e9matiques par saison et les avis qui vont avec\",\"publisher\":{\"@id\":\"https:\\\/\\\/sorbetkiwi.fr\\\/#organization\"},\"potentialAction\":[{\"@type\":\"SearchAction\",\"target\":{\"@type\":\"EntryPoint\",\"urlTemplate\":\"https:\\\/\\\/sorbetkiwi.fr\\\/?s={search_term_string}\"},\"query-input\":{\"@type\":\"PropertyValueSpecification\",\"valueRequired\":true,\"valueName\":\"search_term_string\"}}],\"inLanguage\":\"fr-FR\"},{\"@type\":\"Organization\",\"@id\":\"https:\\\/\\\/sorbetkiwi.fr\\\/#organization\",\"name\":\"Sorbet Kiwi\",\"url\":\"https:\\\/\\\/sorbetkiwi.fr\\\/\",\"logo\":{\"@type\":\"ImageObject\",\"inLanguage\":\"fr-FR\",\"@id\":\"https:\\\/\\\/sorbetkiwi.fr\\\/#\\\/schema\\\/logo\\\/image\\\/\",\"url\":\"https:\\\/\\\/sorbetkiwi.fr\\\/wp-content\\\/uploads\\\/2022\\\/10\\\/Banniere-Sorbet-Kiwi-2022.jpg\",\"contentUrl\":\"https:\\\/\\\/sorbetkiwi.fr\\\/wp-content\\\/uploads\\\/2022\\\/10\\\/Banniere-Sorbet-Kiwi-2022.jpg\",\"width\":814,\"height\":401,\"caption\":\"Sorbet Kiwi\"},\"image\":{\"@id\":\"https:\\\/\\\/sorbetkiwi.fr\\\/#\\\/schema\\\/logo\\\/image\\\/\"},\"sameAs\":[\"https:\\\/\\\/www.facebook.com\\\/profile.php?id=100086238893269\",\"https:\\\/\\\/x.com\\\/pepparshoes\",\"https:\\\/\\\/www.instagram.com\\\/sorbetkiwi\\\/\",\"https:\\\/\\\/www.tiktok.com\\\/sorbetkiwi\"]},{\"@type\":\"Person\",\"@id\":\"https:\\\/\\\/sorbetkiwi.fr\\\/#\\\/schema\\\/person\\\/ed1b7b527a2957ddc3bf38b076540659\",\"name\":\"Sorbet-Kiwi\",\"image\":{\"@type\":\"ImageObject\",\"inLanguage\":\"fr-FR\",\"@id\":\"https:\\\/\\\/secure.gravatar.com\\\/avatar\\\/86f0a5c27d76317621b9e374d0f3a01d3a85278f10d0c7207ced4fd773057442?s=96&d=mm&r=g\",\"url\":\"https:\\\/\\\/secure.gravatar.com\\\/avatar\\\/86f0a5c27d76317621b9e374d0f3a01d3a85278f10d0c7207ced4fd773057442?s=96&d=mm&r=g\",\"contentUrl\":\"https:\\\/\\\/secure.gravatar.com\\\/avatar\\\/86f0a5c27d76317621b9e374d0f3a01d3a85278f10d0c7207ced4fd773057442?s=96&d=mm&r=g\",\"caption\":\"Sorbet-Kiwi\"},\"sameAs\":[\"http:\\\/\\\/sorbetkiwi.fr\"],\"url\":\"https:\\\/\\\/sorbetkiwi.fr\\\/index.php\\\/author\\\/admin7717\\\/\"}]}<\/script>\n<!-- \/ Yoast SEO plugin. -->","yoast_head_json":{"title":"Le cercle du dragon-th\u00e9 de Katie O'Neill - Sorbet Kiwi","description":"Ma chronique du premier tome de la saga BD Le cercle du dragon-th\u00e9 de Katie O'Neill publi\u00e9 aux \u00e9ditions Bliss.","robots":{"index":"index","follow":"follow","max-snippet":"max-snippet:-1","max-image-preview":"max-image-preview:large","max-video-preview":"max-video-preview:-1"},"canonical":"https:\/\/sorbetkiwi.fr\/index.php\/le-cercle-du-dragon-the-de-katie-oneill\/","og_locale":"fr_FR","og_type":"article","og_title":"Le cercle du dragon-th\u00e9 de Katie O'Neill - Sorbet Kiwi","og_description":"Ma chronique du premier tome de la saga BD Le cercle du dragon-th\u00e9 de Katie O'Neill publi\u00e9 aux \u00e9ditions Bliss.","og_url":"https:\/\/sorbetkiwi.fr\/index.php\/le-cercle-du-dragon-the-de-katie-oneill\/","og_site_name":"Sorbet Kiwi","article_publisher":"https:\/\/www.facebook.com\/profile.php?id=100086238893269","article_published_time":"2024-07-01T05:07:08+00:00","article_modified_time":"2024-07-01T05:07:10+00:00","og_image":[{"width":1080,"height":1440,"url":"https:\/\/sorbetkiwi.fr\/wp-content\/uploads\/2024\/06\/Le-cercle-du-dragon-the-Katie-ONeill-1.jpg","type":"image\/jpeg"}],"author":"Sorbet-Kiwi","twitter_card":"summary_large_image","twitter_creator":"@pepparshoes","twitter_site":"@pepparshoes","twitter_misc":{"\u00c9crit par":"Sorbet-Kiwi","Dur\u00e9e de lecture estim\u00e9e":"2 minutes"},"schema":{"@context":"https:\/\/schema.org","@graph":[{"@type":"Article","@id":"https:\/\/sorbetkiwi.fr\/index.php\/le-cercle-du-dragon-the-de-katie-oneill\/#article","isPartOf":{"@id":"https:\/\/sorbetkiwi.fr\/index.php\/le-cercle-du-dragon-the-de-katie-oneill\/"},"author":{"name":"Sorbet-Kiwi","@id":"https:\/\/sorbetkiwi.fr\/#\/schema\/person\/ed1b7b527a2957ddc3bf38b076540659"},"headline":"Le cercle du dragon-th\u00e9 de Katie O&rsquo;Neill","datePublished":"2024-07-01T05:07:08+00:00","dateModified":"2024-07-01T05:07:10+00:00","mainEntityOfPage":{"@id":"https:\/\/sorbetkiwi.fr\/index.php\/le-cercle-du-dragon-the-de-katie-oneill\/"},"wordCount":388,"commentCount":4,"publisher":{"@id":"https:\/\/sorbetkiwi.fr\/#organization"},"image":{"@id":"https:\/\/sorbetkiwi.fr\/index.php\/le-cercle-du-dragon-the-de-katie-oneill\/#primaryimage"},"thumbnailUrl":"https:\/\/sorbetkiwi.fr\/wp-content\/uploads\/2024\/06\/Le-cercle-du-dragon-the-Katie-ONeill-1.jpg","keywords":["Bande dessin\u00e9e","BD","BD Jeunesse","Editions Bliss","\u00e9t\u00e9","Jeunesse","Katie O'Neill","Le cercle du dragon-th\u00e9"],"articleSection":["B\u00e9n\u00e9volat","L'\u00e9t\u00e9","Tout le blog"],"inLanguage":"fr-FR","potentialAction":[{"@type":"CommentAction","name":"Comment","target":["https:\/\/sorbetkiwi.fr\/index.php\/le-cercle-du-dragon-the-de-katie-oneill\/#respond"]}]},{"@type":"WebPage","@id":"https:\/\/sorbetkiwi.fr\/index.php\/le-cercle-du-dragon-the-de-katie-oneill\/","url":"https:\/\/sorbetkiwi.fr\/index.php\/le-cercle-du-dragon-the-de-katie-oneill\/","name":"Le cercle du dragon-th\u00e9 de Katie O'Neill - Sorbet Kiwi","isPartOf":{"@id":"https:\/\/sorbetkiwi.fr\/#website"},"primaryImageOfPage":{"@id":"https:\/\/sorbetkiwi.fr\/index.php\/le-cercle-du-dragon-the-de-katie-oneill\/#primaryimage"},"image":{"@id":"https:\/\/sorbetkiwi.fr\/index.php\/le-cercle-du-dragon-the-de-katie-oneill\/#primaryimage"},"thumbnailUrl":"https:\/\/sorbetkiwi.fr\/wp-content\/uploads\/2024\/06\/Le-cercle-du-dragon-the-Katie-ONeill-1.jpg","datePublished":"2024-07-01T05:07:08+00:00","dateModified":"2024-07-01T05:07:10+00:00","description":"Ma chronique du premier tome de la saga BD Le cercle du dragon-th\u00e9 de Katie O'Neill publi\u00e9 aux \u00e9ditions Bliss.","breadcrumb":{"@id":"https:\/\/sorbetkiwi.fr\/index.php\/le-cercle-du-dragon-the-de-katie-oneill\/#breadcrumb"},"inLanguage":"fr-FR","potentialAction":[{"@type":"ReadAction","target":["https:\/\/sorbetkiwi.fr\/index.php\/le-cercle-du-dragon-the-de-katie-oneill\/"]}]},{"@type":"ImageObject","inLanguage":"fr-FR","@id":"https:\/\/sorbetkiwi.fr\/index.php\/le-cercle-du-dragon-the-de-katie-oneill\/#primaryimage","url":"https:\/\/sorbetkiwi.fr\/wp-content\/uploads\/2024\/06\/Le-cercle-du-dragon-the-Katie-ONeill-1.jpg","contentUrl":"https:\/\/sorbetkiwi.fr\/wp-content\/uploads\/2024\/06\/Le-cercle-du-dragon-the-Katie-ONeill-1.jpg","width":1080,"height":1440,"caption":"Le cercle du dragon th\u00e9 Katie O'Neill"},{"@type":"BreadcrumbList","@id":"https:\/\/sorbetkiwi.fr\/index.php\/le-cercle-du-dragon-the-de-katie-oneill\/#breadcrumb","itemListElement":[{"@type":"ListItem","position":1,"name":"Accueil","item":"https:\/\/sorbetkiwi.fr\/"},{"@type":"ListItem","position":2,"name":"Le cercle du dragon-th\u00e9 de Katie O&rsquo;Neill"}]},{"@type":"WebSite","@id":"https:\/\/sorbetkiwi.fr\/#website","url":"https:\/\/sorbetkiwi.fr\/","name":"Sorbet Kiwi","description":"Des lectures th\u00e9matiques par saison et les avis qui vont avec","publisher":{"@id":"https:\/\/sorbetkiwi.fr\/#organization"},"potentialAction":[{"@type":"SearchAction","target":{"@type":"EntryPoint","urlTemplate":"https:\/\/sorbetkiwi.fr\/?s={search_term_string}"},"query-input":{"@type":"PropertyValueSpecification","valueRequired":true,"valueName":"search_term_string"}}],"inLanguage":"fr-FR"},{"@type":"Organization","@id":"https:\/\/sorbetkiwi.fr\/#organization","name":"Sorbet Kiwi","url":"https:\/\/sorbetkiwi.fr\/","logo":{"@type":"ImageObject","inLanguage":"fr-FR","@id":"https:\/\/sorbetkiwi.fr\/#\/schema\/logo\/image\/","url":"https:\/\/sorbetkiwi.fr\/wp-content\/uploads\/2022\/10\/Banniere-Sorbet-Kiwi-2022.jpg","contentUrl":"https:\/\/sorbetkiwi.fr\/wp-content\/uploads\/2022\/10\/Banniere-Sorbet-Kiwi-2022.jpg","width":814,"height":401,"caption":"Sorbet Kiwi"},"image":{"@id":"https:\/\/sorbetkiwi.fr\/#\/schema\/logo\/image\/"},"sameAs":["https:\/\/www.facebook.com\/profile.php?id=100086238893269","https:\/\/x.com\/pepparshoes","https:\/\/www.instagram.com\/sorbetkiwi\/","https:\/\/www.tiktok.com\/sorbetkiwi"]},{"@type":"Person","@id":"https:\/\/sorbetkiwi.fr\/#\/schema\/person\/ed1b7b527a2957ddc3bf38b076540659","name":"Sorbet-Kiwi","image":{"@type":"ImageObject","inLanguage":"fr-FR","@id":"https:\/\/secure.gravatar.com\/avatar\/86f0a5c27d76317621b9e374d0f3a01d3a85278f10d0c7207ced4fd773057442?s=96&d=mm&r=g","url":"https:\/\/secure.gravatar.com\/avatar\/86f0a5c27d76317621b9e374d0f3a01d3a85278f10d0c7207ced4fd773057442?s=96&d=mm&r=g","contentUrl":"https:\/\/secure.gravatar.com\/avatar\/86f0a5c27d76317621b9e374d0f3a01d3a85278f10d0c7207ced4fd773057442?s=96&d=mm&r=g","caption":"Sorbet-Kiwi"},"sameAs":["http:\/\/sorbetkiwi.fr"],"url":"https:\/\/sorbetkiwi.fr\/index.php\/author\/admin7717\/"}]}},"_links":{"self":[{"href":"https:\/\/sorbetkiwi.fr\/index.php\/wp-json\/wp\/v2\/posts\/6383","targetHints":{"allow":["GET"]}}],"collection":[{"href":"https:\/\/sorbetkiwi.fr\/index.php\/wp-json\/wp\/v2\/posts"}],"about":[{"href":"https:\/\/sorbetkiwi.fr\/index.php\/wp-json\/wp\/v2\/types\/post"}],"author":[{"embeddable":true,"href":"https:\/\/sorbetkiwi.fr\/index.php\/wp-json\/wp\/v2\/users\/1"}],"replies":[{"embeddable":true,"href":"https:\/\/sorbetkiwi.fr\/index.php\/wp-json\/wp\/v2\/comments?post=6383"}],"version-history":[{"count":11,"href":"https:\/\/sorbetkiwi.fr\/index.php\/wp-json\/wp\/v2\/posts\/6383\/revisions"}],"predecessor-version":[{"id":6400,"href":"https:\/\/sorbetkiwi.fr\/index.php\/wp-json\/wp\/v2\/posts\/6383\/revisions\/6400"}],"wp:featuredmedia":[{"embeddable":true,"href":"https:\/\/sorbetkiwi.fr\/index.php\/wp-json\/wp\/v2\/media\/6402"}],"wp:attachment":[{"href":"https:\/\/sorbetkiwi.fr\/index.php\/wp-json\/wp\/v2\/media?parent=6383"}],"wp:term":[{"taxonomy":"category","embeddable":true,"href":"https:\/\/sorbetkiwi.fr\/index.php\/wp-json\/wp\/v2\/categories?post=6383"},{"taxonomy":"post_tag","embeddable":true,"href":"https:\/\/sorbetkiwi.fr\/index.php\/wp-json\/wp\/v2\/tags?post=6383"}],"curies":[{"name":"wp","href":"https:\/\/api.w.org\/{rel}","templated":true}]}}