{"id":6238,"date":"2024-07-26T21:15:52","date_gmt":"2024-07-26T19:15:52","guid":{"rendered":"https:\/\/sorbetkiwi.fr\/?p=6238"},"modified":"2024-07-26T21:15:53","modified_gmt":"2024-07-26T19:15:53","slug":"entre-ciel-et-terre-de-timothee-de-fombelle","status":"publish","type":"post","link":"https:\/\/sorbetkiwi.fr\/index.php\/entre-ciel-et-terre-de-timothee-de-fombelle\/","title":{"rendered":"Entre ciel et terre de Timoth\u00e9e de Fombelle"},"content":{"rendered":"\t\t<div data-elementor-type=\"wp-post\" data-elementor-id=\"6238\" class=\"elementor elementor-6238\">\n\t\t\t\t\t\t<section class=\"elementor-section elementor-top-section elementor-element elementor-element-1a1882dd elementor-section-boxed elementor-section-height-default elementor-section-height-default\" data-id=\"1a1882dd\" data-element_type=\"section\" data-e-type=\"section\">\n\t\t\t\t\t\t<div class=\"elementor-container elementor-column-gap-default\">\n\t\t\t\t\t<div class=\"elementor-column elementor-col-100 elementor-top-column elementor-element elementor-element-3a468384\" data-id=\"3a468384\" data-element_type=\"column\" data-e-type=\"column\">\n\t\t\t<div class=\"elementor-widget-wrap elementor-element-populated\">\n\t\t\t\t\t\t<div class=\"elementor-element elementor-element-6d7c0770 elementor-widget elementor-widget-heading\" data-id=\"6d7c0770\" data-element_type=\"widget\" data-e-type=\"widget\" data-widget_type=\"heading.default\">\n\t\t\t\t<div class=\"elementor-widget-container\">\n\t\t\t\t\t<h1 class=\"elementor-heading-title elementor-size-medium\">Entre ciel et terre<\/h1>\t\t\t\t<\/div>\n\t\t\t\t<\/div>\n\t\t\t\t<div class=\"elementor-element elementor-element-3d22ef7d elementor-view-default elementor-widget elementor-widget-icon\" data-id=\"3d22ef7d\" data-element_type=\"widget\" data-e-type=\"widget\" data-widget_type=\"icon.default\">\n\t\t\t\t<div class=\"elementor-widget-container\">\n\t\t\t\t\t\t\t<div class=\"elementor-icon-wrapper\">\n\t\t\t<div class=\"elementor-icon\">\n\t\t\t<i aria-hidden=\"true\" class=\"fas fa-cocktail\"><\/i>\t\t\t<\/div>\n\t\t<\/div>\n\t\t\t\t\t\t<\/div>\n\t\t\t\t<\/div>\n\t\t\t\t<div class=\"elementor-element elementor-element-38da3bda elementor-widget-divider--view-line elementor-widget elementor-widget-divider\" data-id=\"38da3bda\" data-element_type=\"widget\" data-e-type=\"widget\" data-widget_type=\"divider.default\">\n\t\t\t\t<div class=\"elementor-widget-container\">\n\t\t\t\t\t\t\t<div class=\"elementor-divider\">\n\t\t\t<span class=\"elementor-divider-separator\">\n\t\t\t\t\t\t<\/span>\n\t\t<\/div>\n\t\t\t\t\t\t<\/div>\n\t\t\t\t<\/div>\n\t\t\t\t<div class=\"elementor-element elementor-element-657aecdd elementor-widget elementor-widget-heading\" data-id=\"657aecdd\" data-element_type=\"widget\" data-e-type=\"widget\" data-widget_type=\"heading.default\">\n\t\t\t\t<div class=\"elementor-widget-container\">\n\t\t\t\t\t<h2 class=\"elementor-heading-title elementor-size-medium\">R\u00e9sum\u00e9<\/h2>\t\t\t\t<\/div>\n\t\t\t\t<\/div>\n\t\t\t\t<div class=\"elementor-element elementor-element-5d08f0a9 elementor-widget elementor-widget-text-editor\" data-id=\"5d08f0a9\" data-element_type=\"widget\" data-e-type=\"widget\" data-widget_type=\"text-editor.default\">\n\t\t\t\t<div class=\"elementor-widget-container\">\n\t\t\t\t\t\t\t\t\t<p>Paris, 1934. Devant Notre-Dame une poursuite s\u2019engage au milieu de la foule. Le jeune Vango doit fuir. Fuir la police qui l\u2019accuse, fuir les forces myst\u00e9rieuses qui le traquent. Vango ne sait pas qui il est. Son pass\u00e9 cache de lourds secrets. Des \u00eeles siciliennes aux brouillards de l\u2019Ecosse, tandis qu\u2019enfle le bruit de la guerre, Vango cherche sa v\u00e9rit\u00e9. Un h\u00e9ros inoubliable et romantique, une aventure haletante, envo\u00fbtante, empreinte d\u2019humour et de po\u00e9sie.<\/p>\t\t\t\t\t\t\t\t<\/div>\n\t\t\t\t<\/div>\n\t\t\t\t<div class=\"elementor-element elementor-element-18ef9130 elementor-widget-divider--view-line elementor-widget elementor-widget-divider\" data-id=\"18ef9130\" data-element_type=\"widget\" data-e-type=\"widget\" data-widget_type=\"divider.default\">\n\t\t\t\t<div class=\"elementor-widget-container\">\n\t\t\t\t\t\t\t<div class=\"elementor-divider\">\n\t\t\t<span class=\"elementor-divider-separator\">\n\t\t\t\t\t\t<\/span>\n\t\t<\/div>\n\t\t\t\t\t\t<\/div>\n\t\t\t\t<\/div>\n\t\t\t\t<div class=\"elementor-element elementor-element-f068899 elementor-widget elementor-widget-heading\" data-id=\"f068899\" data-element_type=\"widget\" data-e-type=\"widget\" data-widget_type=\"heading.default\">\n\t\t\t\t<div class=\"elementor-widget-container\">\n\t\t\t\t\t<h2 class=\"elementor-heading-title elementor-size-medium\">Un personnage extraordinaire <\/h2>\t\t\t\t<\/div>\n\t\t\t\t<\/div>\n\t\t\t\t<div class=\"elementor-element elementor-element-4fc804c4 elementor-widget elementor-widget-text-editor\" data-id=\"4fc804c4\" data-element_type=\"widget\" data-e-type=\"widget\" data-widget_type=\"text-editor.default\">\n\t\t\t\t<div class=\"elementor-widget-container\">\n\t\t\t\t\t\t\t\t\t<p>Vango est un jeune homme qui nous fait voyager dans son histoire. Que ce soit en hauteur, depuis un Zeppelin, \u00e0 la verticale, accroch\u00e9 sur les bords de falaises, sur des bateaux, \u00e0 terre, du hauts de collines ou de cath\u00e9drales. Entre ciel et terre. Il nous permet de voir le monde diff\u00e9remment. Vango est un jeune homme hors du commun, auquel je me suis attach\u00e9e tr\u00e8s rapidement. Alors qu\u2019il a vingt ans au pr\u00e9sent, je me l\u2019imaginais un peu peu plus jeune, peut-\u00eatre parce que nous voyageons aussi dans le temps, \u00e0 ses c\u00f4t\u00e9s. Il nous tend la main, et nous embarquons dans une course poursuite haletante avec ce gar\u00e7on \u00e9trange, s\u00e9rieux et dr\u00f4le \u00e0 la fois. Mignon comme tout, que tout le monde semble aim\u00e9, mais que personne ne conna\u00eet.<\/p>\t\t\t\t\t\t\t\t<\/div>\n\t\t\t\t<\/div>\n\t\t\t\t<div class=\"elementor-element elementor-element-5290ce87 elementor-widget-divider--view-line elementor-widget elementor-widget-divider\" data-id=\"5290ce87\" data-element_type=\"widget\" data-e-type=\"widget\" data-widget_type=\"divider.default\">\n\t\t\t\t<div class=\"elementor-widget-container\">\n\t\t\t\t\t\t\t<div class=\"elementor-divider\">\n\t\t\t<span class=\"elementor-divider-separator\">\n\t\t\t\t\t\t<\/span>\n\t\t<\/div>\n\t\t\t\t\t\t<\/div>\n\t\t\t\t<\/div>\n\t\t\t\t<div class=\"elementor-element elementor-element-7c83863d elementor-widget elementor-widget-heading\" data-id=\"7c83863d\" data-element_type=\"widget\" data-e-type=\"widget\" data-widget_type=\"heading.default\">\n\t\t\t\t<div class=\"elementor-widget-container\">\n\t\t\t\t\t<h4 class=\"elementor-heading-title elementor-size-medium\">\"Autrefois, au s\u00e9minaire des carmes, le p\u00e8re Jean disait \u00e0 Vango que si, dans l'histoire de l'humanit\u00e9, il avait exist\u00e9 un territoire, un seul, qui aurait autant respect\u00e9 les vivants qu'il honorait ses morts, comme il aurait \u00e9t\u00e9 doux d'y vivre !\"<\/h4>\t\t\t\t<\/div>\n\t\t\t\t<\/div>\n\t\t\t\t<div class=\"elementor-element elementor-element-9d6331d elementor-widget-divider--view-line elementor-widget elementor-widget-divider\" data-id=\"9d6331d\" data-element_type=\"widget\" data-e-type=\"widget\" data-widget_type=\"divider.default\">\n\t\t\t\t<div class=\"elementor-widget-container\">\n\t\t\t\t\t\t\t<div class=\"elementor-divider\">\n\t\t\t<span class=\"elementor-divider-separator\">\n\t\t\t\t\t\t<\/span>\n\t\t<\/div>\n\t\t\t\t\t\t<\/div>\n\t\t\t\t<\/div>\n\t\t\t\t<div class=\"elementor-element elementor-element-194e612f elementor-widget elementor-widget-heading\" data-id=\"194e612f\" data-element_type=\"widget\" data-e-type=\"widget\" data-widget_type=\"heading.default\">\n\t\t\t\t<div class=\"elementor-widget-container\">\n\t\t\t\t\t<h2 class=\"elementor-heading-title elementor-size-medium\">Une qu\u00eate initiatique et une fuite pour la libert\u00e9<\/h2>\t\t\t\t<\/div>\n\t\t\t\t<\/div>\n\t\t\t\t<div class=\"elementor-element elementor-element-54ac8e19 elementor-widget elementor-widget-text-editor\" data-id=\"54ac8e19\" data-element_type=\"widget\" data-e-type=\"widget\" data-widget_type=\"text-editor.default\">\n\t\t\t\t<div class=\"elementor-widget-container\">\n\t\t\t\t\t\t\t\t\t<p>C\u2019est l\u00e0, la cl\u00e9 de l\u2019histoire. Qui est Vango ? Il ne peut pas r\u00e9pondre \u00e0 cette question lui-m\u00eame, se sentant traqu\u00e9, \u00e9pi\u00e9, pr\u00eat \u00e0 \u00eatre assassin\u00e9, ou tout du moins pi\u00e9g\u00e9. On l\u2019accuse d\u2019avoir tu\u00e9 un homme, son plus proche ami, le pr\u00eatre Jean. C\u2019est \u00e0 en perdre la t\u00eate ! Il doit fuir, voyant l\u2019\u00e9tau se resserrer, n\u2019\u00e9tant pas en mesure d\u2019expliquer ni la fuite, ni l\u2019acte. Sauf que nous sommes \u00e0 Paris en 1934. L\u2019Europe est un dr\u00f4le de continent en ce moment. Hitler vient d\u2019arriver au pouvoir. Le temps passe, et nous suivons toujours Vango dans sa fuite qui s\u2019est transform\u00e9e en qu\u00eate d\u2019identit\u00e9. De Paris en Italie, jusqu\u2019\u00e0 Friedrichshafen, New-York, et dans les Highlands, c\u2019est un tour du Monde que nous propose l\u2019auteur.<\/p>\t\t\t\t\t\t\t\t<\/div>\n\t\t\t\t<\/div>\n\t\t\t\t<div class=\"elementor-element elementor-element-723a18ab elementor-widget-divider--view-line elementor-widget elementor-widget-divider\" data-id=\"723a18ab\" data-element_type=\"widget\" data-e-type=\"widget\" data-widget_type=\"divider.default\">\n\t\t\t\t<div class=\"elementor-widget-container\">\n\t\t\t\t\t\t\t<div class=\"elementor-divider\">\n\t\t\t<span class=\"elementor-divider-separator\">\n\t\t\t\t\t\t<\/span>\n\t\t<\/div>\n\t\t\t\t\t\t<\/div>\n\t\t\t\t<\/div>\n\t\t\t\t<div class=\"elementor-element elementor-element-1c8975f3 elementor-widget elementor-widget-heading\" data-id=\"1c8975f3\" data-element_type=\"widget\" data-e-type=\"widget\" data-widget_type=\"heading.default\">\n\t\t\t\t<div class=\"elementor-widget-container\">\n\t\t\t\t\t<h2 class=\"elementor-heading-title elementor-size-medium\">Une rencontre historique<\/h2>\t\t\t\t<\/div>\n\t\t\t\t<\/div>\n\t\t\t\t<div class=\"elementor-element elementor-element-1c86f4eb elementor-widget elementor-widget-text-editor\" data-id=\"1c86f4eb\" data-element_type=\"widget\" data-e-type=\"widget\" data-widget_type=\"text-editor.default\">\n\t\t\t\t<div class=\"elementor-widget-container\">\n\t\t\t\t\t\t\t\t\t<p>Ce <a href=\"https:\/\/sorbetkiwi.fr\/index.php\/tag\/roman-jeunesse\/\">roman jeunesse<\/a> m\u2019a absolument conquise parce qu\u2019il est un condens\u00e9 de plein de bonnes choses. D\u2019une part, les h\u00e9ros sont supers mignons, tr\u00e8s attachants, ainsi que justes. J\u2019ai autant aim\u00e9 Vango qu\u2019Ethel ou La Taupe par exemple. Mais l\u2019histoire de ce jeune homme, c\u2019est aussi une initiation douce \u00e0 l\u2019histoire. Situant l\u2019histoire \u00e0 l\u2019aube de la Seconde Guerre Mondiale, les adolescents peuvent d\u00e9couvrir Hitler, Mussolini, Staline\u2026 La R\u00e9sistance \u00e9galement. Ainsi que des touches de la Premi\u00e8re Guerre Mondiale aussi, \u00e0 travers le discours d\u2019un moine. C\u2019est une initiation aux religions, chr\u00e9tiennes et juives. Mais c\u2019est surtout, avec tout cela, une grande aventure dans laquelle on se retrouve embarqu\u00e9e et qu\u2019on vit avec beaucoup de plaisir, mais aussi \u00e9norm\u00e9ment de curiosit\u00e9.<\/p><p>Alors que je commen\u00e7ais cette histoire sans aucune attente, j\u2019en ressors pleine de curiosit\u00e9. Vango est l\u2019acteur d\u2019une histoire folle, la sienne, qu\u2019il cherche autant que nous et que tout le monde \u00e0 resituer dans la grande Histoire du monde. Accompagn\u00e9 de protagonistes aussi d\u00e9lirants les uns que les autres, il m\u2019a positivement surprise, et j\u2019attends avec beaucoup d\u2019impatience de pouvoir d\u00e9couvrir la suite.<\/p><p>Cette chronique de Ciel et Terre a \u00e9t\u00e9 publi\u00e9e initialement sur <a href=\"https:\/\/sorbetkiwi.wordpress.com\/2017\/03\/02\/vango-t-1-entre-ciel-et-terre-de-timothee-de-fombelle\/\">mon ancien blog<\/a>.<\/p>\t\t\t\t\t\t\t\t<\/div>\n\t\t\t\t<\/div>\n\t\t\t\t\t<\/div>\n\t\t<\/div>\n\t\t\t\t\t<\/div>\n\t\t<\/section>\n\t\t\t\t<\/div>\n\t\t","protected":false},"excerpt":{"rendered":"<p>Entre ciel et terre R\u00e9sum\u00e9 Paris, 1934. Devant Notre-Dame une poursuite s\u2019engage au milieu de la foule. Le jeune Vango doit fuir. Fuir la police qui l\u2019accuse, fuir les forces myst\u00e9rieuses qui le traquent. Vango &hellip; <\/p>\n","protected":false},"author":1,"featured_media":6911,"comment_status":"open","ping_status":"open","sticky":false,"template":"","format":"standard","meta":{"footnotes":""},"categories":[14,1],"tags":[1080,1683,736,1079,118,1295,1476,1684],"class_list":["post-6238","post","type-post","status-publish","format-standard","has-post-thumbnail","hentry","category-l-ete","category-tout-le-blog","tag-editions-folio","tag-entre-ciel-et-terre","tag-ete","tag-folio","tag-historique","tag-roman-jeunesse","tag-timothee-de-fombelle","tag-vango","has-single-img"],"yoast_head":"<!-- This site is optimized with the Yoast SEO plugin v27.4 - https:\/\/yoast.com\/product\/yoast-seo-wordpress\/ -->\n<title>Entre ciel et terre de Timoth\u00e9e de Fombelle - Sorbet Kiwi<\/title>\n<meta name=\"description\" content=\"Ma chronique du premier tome de la duologie Vango, Entre Ciel et terre, de Timoth\u00e9e de Fombelle chez Folio.\" \/>\n<meta name=\"robots\" content=\"index, follow, max-snippet:-1, max-image-preview:large, max-video-preview:-1\" \/>\n<link rel=\"canonical\" href=\"https:\/\/sorbetkiwi.fr\/index.php\/entre-ciel-et-terre-de-timothee-de-fombelle\/\" \/>\n<meta property=\"og:locale\" content=\"fr_FR\" \/>\n<meta property=\"og:type\" content=\"article\" \/>\n<meta property=\"og:title\" content=\"Entre ciel et terre de Timoth\u00e9e de Fombelle - Sorbet Kiwi\" \/>\n<meta property=\"og:description\" content=\"Ma chronique du premier tome de la duologie Vango, Entre Ciel et terre, de Timoth\u00e9e de Fombelle chez Folio.\" \/>\n<meta property=\"og:url\" content=\"https:\/\/sorbetkiwi.fr\/index.php\/entre-ciel-et-terre-de-timothee-de-fombelle\/\" \/>\n<meta property=\"og:site_name\" content=\"Sorbet Kiwi\" \/>\n<meta property=\"article:publisher\" content=\"https:\/\/www.facebook.com\/profile.php?id=100086238893269\" \/>\n<meta property=\"article:published_time\" content=\"2024-07-26T19:15:52+00:00\" \/>\n<meta property=\"article:modified_time\" content=\"2024-07-26T19:15:53+00:00\" \/>\n<meta property=\"og:image\" content=\"https:\/\/sorbetkiwi.fr\/wp-content\/uploads\/2024\/06\/Vango-tome-1-Entre-ciel-et-terre.jpg\" \/>\n\t<meta property=\"og:image:width\" content=\"1080\" \/>\n\t<meta property=\"og:image:height\" content=\"1440\" \/>\n\t<meta property=\"og:image:type\" content=\"image\/jpeg\" \/>\n<meta name=\"author\" content=\"Sorbet-Kiwi\" \/>\n<meta name=\"twitter:card\" content=\"summary_large_image\" \/>\n<meta name=\"twitter:creator\" content=\"@pepparshoes\" \/>\n<meta name=\"twitter:site\" content=\"@pepparshoes\" \/>\n<meta name=\"twitter:label1\" content=\"\u00c9crit par\" \/>\n\t<meta name=\"twitter:data1\" content=\"Sorbet-Kiwi\" \/>\n\t<meta name=\"twitter:label2\" content=\"Dur\u00e9e de lecture estim\u00e9e\" \/>\n\t<meta name=\"twitter:data2\" content=\"4 minutes\" \/>\n<script type=\"application\/ld+json\" class=\"yoast-schema-graph\">{\"@context\":\"https:\\\/\\\/schema.org\",\"@graph\":[{\"@type\":\"Article\",\"@id\":\"https:\\\/\\\/sorbetkiwi.fr\\\/index.php\\\/entre-ciel-et-terre-de-timothee-de-fombelle\\\/#article\",\"isPartOf\":{\"@id\":\"https:\\\/\\\/sorbetkiwi.fr\\\/index.php\\\/entre-ciel-et-terre-de-timothee-de-fombelle\\\/\"},\"author\":{\"name\":\"Sorbet-Kiwi\",\"@id\":\"https:\\\/\\\/sorbetkiwi.fr\\\/#\\\/schema\\\/person\\\/ed1b7b527a2957ddc3bf38b076540659\"},\"headline\":\"Entre ciel et terre de Timoth\u00e9e de Fombelle\",\"datePublished\":\"2024-07-26T19:15:52+00:00\",\"dateModified\":\"2024-07-26T19:15:53+00:00\",\"mainEntityOfPage\":{\"@id\":\"https:\\\/\\\/sorbetkiwi.fr\\\/index.php\\\/entre-ciel-et-terre-de-timothee-de-fombelle\\\/\"},\"wordCount\":675,\"commentCount\":1,\"publisher\":{\"@id\":\"https:\\\/\\\/sorbetkiwi.fr\\\/#organization\"},\"image\":{\"@id\":\"https:\\\/\\\/sorbetkiwi.fr\\\/index.php\\\/entre-ciel-et-terre-de-timothee-de-fombelle\\\/#primaryimage\"},\"thumbnailUrl\":\"https:\\\/\\\/sorbetkiwi.fr\\\/wp-content\\\/uploads\\\/2024\\\/06\\\/Vango-tome-1-Entre-ciel-et-terre.jpg\",\"keywords\":[\"\u00e9ditions Folio\",\"Entre ciel et terre\",\"\u00e9t\u00e9\",\"Folio\",\"Historique\",\"Roman jeunesse\",\"Timoth\u00e9e de Fombelle\",\"Vango\"],\"articleSection\":[\"L'\u00e9t\u00e9\",\"Tout le blog\"],\"inLanguage\":\"fr-FR\",\"potentialAction\":[{\"@type\":\"CommentAction\",\"name\":\"Comment\",\"target\":[\"https:\\\/\\\/sorbetkiwi.fr\\\/index.php\\\/entre-ciel-et-terre-de-timothee-de-fombelle\\\/#respond\"]}]},{\"@type\":\"WebPage\",\"@id\":\"https:\\\/\\\/sorbetkiwi.fr\\\/index.php\\\/entre-ciel-et-terre-de-timothee-de-fombelle\\\/\",\"url\":\"https:\\\/\\\/sorbetkiwi.fr\\\/index.php\\\/entre-ciel-et-terre-de-timothee-de-fombelle\\\/\",\"name\":\"Entre ciel et terre de Timoth\u00e9e de Fombelle - Sorbet Kiwi\",\"isPartOf\":{\"@id\":\"https:\\\/\\\/sorbetkiwi.fr\\\/#website\"},\"primaryImageOfPage\":{\"@id\":\"https:\\\/\\\/sorbetkiwi.fr\\\/index.php\\\/entre-ciel-et-terre-de-timothee-de-fombelle\\\/#primaryimage\"},\"image\":{\"@id\":\"https:\\\/\\\/sorbetkiwi.fr\\\/index.php\\\/entre-ciel-et-terre-de-timothee-de-fombelle\\\/#primaryimage\"},\"thumbnailUrl\":\"https:\\\/\\\/sorbetkiwi.fr\\\/wp-content\\\/uploads\\\/2024\\\/06\\\/Vango-tome-1-Entre-ciel-et-terre.jpg\",\"datePublished\":\"2024-07-26T19:15:52+00:00\",\"dateModified\":\"2024-07-26T19:15:53+00:00\",\"description\":\"Ma chronique du premier tome de la duologie Vango, Entre Ciel et terre, de Timoth\u00e9e de Fombelle chez Folio.\",\"breadcrumb\":{\"@id\":\"https:\\\/\\\/sorbetkiwi.fr\\\/index.php\\\/entre-ciel-et-terre-de-timothee-de-fombelle\\\/#breadcrumb\"},\"inLanguage\":\"fr-FR\",\"potentialAction\":[{\"@type\":\"ReadAction\",\"target\":[\"https:\\\/\\\/sorbetkiwi.fr\\\/index.php\\\/entre-ciel-et-terre-de-timothee-de-fombelle\\\/\"]}]},{\"@type\":\"ImageObject\",\"inLanguage\":\"fr-FR\",\"@id\":\"https:\\\/\\\/sorbetkiwi.fr\\\/index.php\\\/entre-ciel-et-terre-de-timothee-de-fombelle\\\/#primaryimage\",\"url\":\"https:\\\/\\\/sorbetkiwi.fr\\\/wp-content\\\/uploads\\\/2024\\\/06\\\/Vango-tome-1-Entre-ciel-et-terre.jpg\",\"contentUrl\":\"https:\\\/\\\/sorbetkiwi.fr\\\/wp-content\\\/uploads\\\/2024\\\/06\\\/Vango-tome-1-Entre-ciel-et-terre.jpg\",\"width\":1080,\"height\":1440,\"caption\":\"Vango tome 1 Entre ciel et terre\"},{\"@type\":\"BreadcrumbList\",\"@id\":\"https:\\\/\\\/sorbetkiwi.fr\\\/index.php\\\/entre-ciel-et-terre-de-timothee-de-fombelle\\\/#breadcrumb\",\"itemListElement\":[{\"@type\":\"ListItem\",\"position\":1,\"name\":\"Accueil\",\"item\":\"https:\\\/\\\/sorbetkiwi.fr\\\/\"},{\"@type\":\"ListItem\",\"position\":2,\"name\":\"Entre ciel et terre de Timoth\u00e9e de Fombelle\"}]},{\"@type\":\"WebSite\",\"@id\":\"https:\\\/\\\/sorbetkiwi.fr\\\/#website\",\"url\":\"https:\\\/\\\/sorbetkiwi.fr\\\/\",\"name\":\"Sorbet Kiwi\",\"description\":\"Des lectures th\u00e9matiques par saison et les avis qui vont avec\",\"publisher\":{\"@id\":\"https:\\\/\\\/sorbetkiwi.fr\\\/#organization\"},\"potentialAction\":[{\"@type\":\"SearchAction\",\"target\":{\"@type\":\"EntryPoint\",\"urlTemplate\":\"https:\\\/\\\/sorbetkiwi.fr\\\/?s={search_term_string}\"},\"query-input\":{\"@type\":\"PropertyValueSpecification\",\"valueRequired\":true,\"valueName\":\"search_term_string\"}}],\"inLanguage\":\"fr-FR\"},{\"@type\":\"Organization\",\"@id\":\"https:\\\/\\\/sorbetkiwi.fr\\\/#organization\",\"name\":\"Sorbet Kiwi\",\"url\":\"https:\\\/\\\/sorbetkiwi.fr\\\/\",\"logo\":{\"@type\":\"ImageObject\",\"inLanguage\":\"fr-FR\",\"@id\":\"https:\\\/\\\/sorbetkiwi.fr\\\/#\\\/schema\\\/logo\\\/image\\\/\",\"url\":\"https:\\\/\\\/sorbetkiwi.fr\\\/wp-content\\\/uploads\\\/2022\\\/10\\\/Banniere-Sorbet-Kiwi-2022.jpg\",\"contentUrl\":\"https:\\\/\\\/sorbetkiwi.fr\\\/wp-content\\\/uploads\\\/2022\\\/10\\\/Banniere-Sorbet-Kiwi-2022.jpg\",\"width\":814,\"height\":401,\"caption\":\"Sorbet Kiwi\"},\"image\":{\"@id\":\"https:\\\/\\\/sorbetkiwi.fr\\\/#\\\/schema\\\/logo\\\/image\\\/\"},\"sameAs\":[\"https:\\\/\\\/www.facebook.com\\\/profile.php?id=100086238893269\",\"https:\\\/\\\/x.com\\\/pepparshoes\",\"https:\\\/\\\/www.instagram.com\\\/sorbetkiwi\\\/\",\"https:\\\/\\\/www.tiktok.com\\\/sorbetkiwi\"]},{\"@type\":\"Person\",\"@id\":\"https:\\\/\\\/sorbetkiwi.fr\\\/#\\\/schema\\\/person\\\/ed1b7b527a2957ddc3bf38b076540659\",\"name\":\"Sorbet-Kiwi\",\"image\":{\"@type\":\"ImageObject\",\"inLanguage\":\"fr-FR\",\"@id\":\"https:\\\/\\\/secure.gravatar.com\\\/avatar\\\/86f0a5c27d76317621b9e374d0f3a01d3a85278f10d0c7207ced4fd773057442?s=96&d=mm&r=g\",\"url\":\"https:\\\/\\\/secure.gravatar.com\\\/avatar\\\/86f0a5c27d76317621b9e374d0f3a01d3a85278f10d0c7207ced4fd773057442?s=96&d=mm&r=g\",\"contentUrl\":\"https:\\\/\\\/secure.gravatar.com\\\/avatar\\\/86f0a5c27d76317621b9e374d0f3a01d3a85278f10d0c7207ced4fd773057442?s=96&d=mm&r=g\",\"caption\":\"Sorbet-Kiwi\"},\"sameAs\":[\"http:\\\/\\\/sorbetkiwi.fr\"],\"url\":\"https:\\\/\\\/sorbetkiwi.fr\\\/index.php\\\/author\\\/admin7717\\\/\"}]}<\/script>\n<!-- \/ Yoast SEO plugin. -->","yoast_head_json":{"title":"Entre ciel et terre de Timoth\u00e9e de Fombelle - Sorbet Kiwi","description":"Ma chronique du premier tome de la duologie Vango, Entre Ciel et terre, de Timoth\u00e9e de Fombelle chez Folio.","robots":{"index":"index","follow":"follow","max-snippet":"max-snippet:-1","max-image-preview":"max-image-preview:large","max-video-preview":"max-video-preview:-1"},"canonical":"https:\/\/sorbetkiwi.fr\/index.php\/entre-ciel-et-terre-de-timothee-de-fombelle\/","og_locale":"fr_FR","og_type":"article","og_title":"Entre ciel et terre de Timoth\u00e9e de Fombelle - Sorbet Kiwi","og_description":"Ma chronique du premier tome de la duologie Vango, Entre Ciel et terre, de Timoth\u00e9e de Fombelle chez Folio.","og_url":"https:\/\/sorbetkiwi.fr\/index.php\/entre-ciel-et-terre-de-timothee-de-fombelle\/","og_site_name":"Sorbet Kiwi","article_publisher":"https:\/\/www.facebook.com\/profile.php?id=100086238893269","article_published_time":"2024-07-26T19:15:52+00:00","article_modified_time":"2024-07-26T19:15:53+00:00","og_image":[{"width":1080,"height":1440,"url":"https:\/\/sorbetkiwi.fr\/wp-content\/uploads\/2024\/06\/Vango-tome-1-Entre-ciel-et-terre.jpg","type":"image\/jpeg"}],"author":"Sorbet-Kiwi","twitter_card":"summary_large_image","twitter_creator":"@pepparshoes","twitter_site":"@pepparshoes","twitter_misc":{"\u00c9crit par":"Sorbet-Kiwi","Dur\u00e9e de lecture estim\u00e9e":"4 minutes"},"schema":{"@context":"https:\/\/schema.org","@graph":[{"@type":"Article","@id":"https:\/\/sorbetkiwi.fr\/index.php\/entre-ciel-et-terre-de-timothee-de-fombelle\/#article","isPartOf":{"@id":"https:\/\/sorbetkiwi.fr\/index.php\/entre-ciel-et-terre-de-timothee-de-fombelle\/"},"author":{"name":"Sorbet-Kiwi","@id":"https:\/\/sorbetkiwi.fr\/#\/schema\/person\/ed1b7b527a2957ddc3bf38b076540659"},"headline":"Entre ciel et terre de Timoth\u00e9e de Fombelle","datePublished":"2024-07-26T19:15:52+00:00","dateModified":"2024-07-26T19:15:53+00:00","mainEntityOfPage":{"@id":"https:\/\/sorbetkiwi.fr\/index.php\/entre-ciel-et-terre-de-timothee-de-fombelle\/"},"wordCount":675,"commentCount":1,"publisher":{"@id":"https:\/\/sorbetkiwi.fr\/#organization"},"image":{"@id":"https:\/\/sorbetkiwi.fr\/index.php\/entre-ciel-et-terre-de-timothee-de-fombelle\/#primaryimage"},"thumbnailUrl":"https:\/\/sorbetkiwi.fr\/wp-content\/uploads\/2024\/06\/Vango-tome-1-Entre-ciel-et-terre.jpg","keywords":["\u00e9ditions Folio","Entre ciel et terre","\u00e9t\u00e9","Folio","Historique","Roman jeunesse","Timoth\u00e9e de Fombelle","Vango"],"articleSection":["L'\u00e9t\u00e9","Tout le blog"],"inLanguage":"fr-FR","potentialAction":[{"@type":"CommentAction","name":"Comment","target":["https:\/\/sorbetkiwi.fr\/index.php\/entre-ciel-et-terre-de-timothee-de-fombelle\/#respond"]}]},{"@type":"WebPage","@id":"https:\/\/sorbetkiwi.fr\/index.php\/entre-ciel-et-terre-de-timothee-de-fombelle\/","url":"https:\/\/sorbetkiwi.fr\/index.php\/entre-ciel-et-terre-de-timothee-de-fombelle\/","name":"Entre ciel et terre de Timoth\u00e9e de Fombelle - Sorbet Kiwi","isPartOf":{"@id":"https:\/\/sorbetkiwi.fr\/#website"},"primaryImageOfPage":{"@id":"https:\/\/sorbetkiwi.fr\/index.php\/entre-ciel-et-terre-de-timothee-de-fombelle\/#primaryimage"},"image":{"@id":"https:\/\/sorbetkiwi.fr\/index.php\/entre-ciel-et-terre-de-timothee-de-fombelle\/#primaryimage"},"thumbnailUrl":"https:\/\/sorbetkiwi.fr\/wp-content\/uploads\/2024\/06\/Vango-tome-1-Entre-ciel-et-terre.jpg","datePublished":"2024-07-26T19:15:52+00:00","dateModified":"2024-07-26T19:15:53+00:00","description":"Ma chronique du premier tome de la duologie Vango, Entre Ciel et terre, de Timoth\u00e9e de Fombelle chez Folio.","breadcrumb":{"@id":"https:\/\/sorbetkiwi.fr\/index.php\/entre-ciel-et-terre-de-timothee-de-fombelle\/#breadcrumb"},"inLanguage":"fr-FR","potentialAction":[{"@type":"ReadAction","target":["https:\/\/sorbetkiwi.fr\/index.php\/entre-ciel-et-terre-de-timothee-de-fombelle\/"]}]},{"@type":"ImageObject","inLanguage":"fr-FR","@id":"https:\/\/sorbetkiwi.fr\/index.php\/entre-ciel-et-terre-de-timothee-de-fombelle\/#primaryimage","url":"https:\/\/sorbetkiwi.fr\/wp-content\/uploads\/2024\/06\/Vango-tome-1-Entre-ciel-et-terre.jpg","contentUrl":"https:\/\/sorbetkiwi.fr\/wp-content\/uploads\/2024\/06\/Vango-tome-1-Entre-ciel-et-terre.jpg","width":1080,"height":1440,"caption":"Vango tome 1 Entre ciel et terre"},{"@type":"BreadcrumbList","@id":"https:\/\/sorbetkiwi.fr\/index.php\/entre-ciel-et-terre-de-timothee-de-fombelle\/#breadcrumb","itemListElement":[{"@type":"ListItem","position":1,"name":"Accueil","item":"https:\/\/sorbetkiwi.fr\/"},{"@type":"ListItem","position":2,"name":"Entre ciel et terre de Timoth\u00e9e de Fombelle"}]},{"@type":"WebSite","@id":"https:\/\/sorbetkiwi.fr\/#website","url":"https:\/\/sorbetkiwi.fr\/","name":"Sorbet Kiwi","description":"Des lectures th\u00e9matiques par saison et les avis qui vont avec","publisher":{"@id":"https:\/\/sorbetkiwi.fr\/#organization"},"potentialAction":[{"@type":"SearchAction","target":{"@type":"EntryPoint","urlTemplate":"https:\/\/sorbetkiwi.fr\/?s={search_term_string}"},"query-input":{"@type":"PropertyValueSpecification","valueRequired":true,"valueName":"search_term_string"}}],"inLanguage":"fr-FR"},{"@type":"Organization","@id":"https:\/\/sorbetkiwi.fr\/#organization","name":"Sorbet Kiwi","url":"https:\/\/sorbetkiwi.fr\/","logo":{"@type":"ImageObject","inLanguage":"fr-FR","@id":"https:\/\/sorbetkiwi.fr\/#\/schema\/logo\/image\/","url":"https:\/\/sorbetkiwi.fr\/wp-content\/uploads\/2022\/10\/Banniere-Sorbet-Kiwi-2022.jpg","contentUrl":"https:\/\/sorbetkiwi.fr\/wp-content\/uploads\/2022\/10\/Banniere-Sorbet-Kiwi-2022.jpg","width":814,"height":401,"caption":"Sorbet Kiwi"},"image":{"@id":"https:\/\/sorbetkiwi.fr\/#\/schema\/logo\/image\/"},"sameAs":["https:\/\/www.facebook.com\/profile.php?id=100086238893269","https:\/\/x.com\/pepparshoes","https:\/\/www.instagram.com\/sorbetkiwi\/","https:\/\/www.tiktok.com\/sorbetkiwi"]},{"@type":"Person","@id":"https:\/\/sorbetkiwi.fr\/#\/schema\/person\/ed1b7b527a2957ddc3bf38b076540659","name":"Sorbet-Kiwi","image":{"@type":"ImageObject","inLanguage":"fr-FR","@id":"https:\/\/secure.gravatar.com\/avatar\/86f0a5c27d76317621b9e374d0f3a01d3a85278f10d0c7207ced4fd773057442?s=96&d=mm&r=g","url":"https:\/\/secure.gravatar.com\/avatar\/86f0a5c27d76317621b9e374d0f3a01d3a85278f10d0c7207ced4fd773057442?s=96&d=mm&r=g","contentUrl":"https:\/\/secure.gravatar.com\/avatar\/86f0a5c27d76317621b9e374d0f3a01d3a85278f10d0c7207ced4fd773057442?s=96&d=mm&r=g","caption":"Sorbet-Kiwi"},"sameAs":["http:\/\/sorbetkiwi.fr"],"url":"https:\/\/sorbetkiwi.fr\/index.php\/author\/admin7717\/"}]}},"_links":{"self":[{"href":"https:\/\/sorbetkiwi.fr\/index.php\/wp-json\/wp\/v2\/posts\/6238","targetHints":{"allow":["GET"]}}],"collection":[{"href":"https:\/\/sorbetkiwi.fr\/index.php\/wp-json\/wp\/v2\/posts"}],"about":[{"href":"https:\/\/sorbetkiwi.fr\/index.php\/wp-json\/wp\/v2\/types\/post"}],"author":[{"embeddable":true,"href":"https:\/\/sorbetkiwi.fr\/index.php\/wp-json\/wp\/v2\/users\/1"}],"replies":[{"embeddable":true,"href":"https:\/\/sorbetkiwi.fr\/index.php\/wp-json\/wp\/v2\/comments?post=6238"}],"version-history":[{"count":13,"href":"https:\/\/sorbetkiwi.fr\/index.php\/wp-json\/wp\/v2\/posts\/6238\/revisions"}],"predecessor-version":[{"id":6920,"href":"https:\/\/sorbetkiwi.fr\/index.php\/wp-json\/wp\/v2\/posts\/6238\/revisions\/6920"}],"wp:featuredmedia":[{"embeddable":true,"href":"https:\/\/sorbetkiwi.fr\/index.php\/wp-json\/wp\/v2\/media\/6911"}],"wp:attachment":[{"href":"https:\/\/sorbetkiwi.fr\/index.php\/wp-json\/wp\/v2\/media?parent=6238"}],"wp:term":[{"taxonomy":"category","embeddable":true,"href":"https:\/\/sorbetkiwi.fr\/index.php\/wp-json\/wp\/v2\/categories?post=6238"},{"taxonomy":"post_tag","embeddable":true,"href":"https:\/\/sorbetkiwi.fr\/index.php\/wp-json\/wp\/v2\/tags?post=6238"}],"curies":[{"name":"wp","href":"https:\/\/api.w.org\/{rel}","templated":true}]}}