{"id":6020,"date":"2024-04-26T13:56:05","date_gmt":"2024-04-26T11:56:05","guid":{"rendered":"https:\/\/sorbetkiwi.fr\/?p=6020"},"modified":"2024-04-26T13:56:07","modified_gmt":"2024-04-26T11:56:07","slug":"filles-dun-temps-nouveau-de-carmen-korn","status":"publish","type":"post","link":"https:\/\/sorbetkiwi.fr\/index.php\/filles-dun-temps-nouveau-de-carmen-korn\/","title":{"rendered":"Filles d&rsquo;un temps nouveau de Carmen Korn"},"content":{"rendered":"\t\t<div data-elementor-type=\"wp-post\" data-elementor-id=\"6020\" class=\"elementor elementor-6020\">\n\t\t\t\t\t\t<section class=\"elementor-section elementor-top-section elementor-element elementor-element-2640af39 elementor-section-boxed elementor-section-height-default elementor-section-height-default\" data-id=\"2640af39\" data-element_type=\"section\" data-e-type=\"section\">\n\t\t\t\t\t\t<div class=\"elementor-container elementor-column-gap-default\">\n\t\t\t\t\t<div class=\"elementor-column elementor-col-100 elementor-top-column elementor-element elementor-element-4da0a972\" data-id=\"4da0a972\" data-element_type=\"column\" data-e-type=\"column\">\n\t\t\t<div class=\"elementor-widget-wrap elementor-element-populated\">\n\t\t\t\t\t\t<div class=\"elementor-element elementor-element-2578fc0d elementor-widget elementor-widget-heading\" data-id=\"2578fc0d\" data-element_type=\"widget\" data-e-type=\"widget\" data-widget_type=\"heading.default\">\n\t\t\t\t<div class=\"elementor-widget-container\">\n\t\t\t\t\t<h1 class=\"elementor-heading-title elementor-size-medium\">Filles d'un temps nouveau sur les berges du Rhin face \u00e0 l'Allemagne<\/h1>\t\t\t\t<\/div>\n\t\t\t\t<\/div>\n\t\t\t\t<div class=\"elementor-element elementor-element-84c7801 elementor-view-default elementor-widget elementor-widget-icon\" data-id=\"84c7801\" data-element_type=\"widget\" data-e-type=\"widget\" data-widget_type=\"icon.default\">\n\t\t\t\t<div class=\"elementor-widget-container\">\n\t\t\t\t\t\t\t<div class=\"elementor-icon-wrapper\">\n\t\t\t<div class=\"elementor-icon\">\n\t\t\t<i aria-hidden=\"true\" class=\"fab fa-pagelines\"><\/i>\t\t\t<\/div>\n\t\t<\/div>\n\t\t\t\t\t\t<\/div>\n\t\t\t\t<\/div>\n\t\t\t\t<div class=\"elementor-element elementor-element-1d28e82c elementor-widget-divider--view-line elementor-widget elementor-widget-divider\" data-id=\"1d28e82c\" data-element_type=\"widget\" data-e-type=\"widget\" data-widget_type=\"divider.default\">\n\t\t\t\t<div class=\"elementor-widget-container\">\n\t\t\t\t\t\t\t<div class=\"elementor-divider\">\n\t\t\t<span class=\"elementor-divider-separator\">\n\t\t\t\t\t\t<\/span>\n\t\t<\/div>\n\t\t\t\t\t\t<\/div>\n\t\t\t\t<\/div>\n\t\t\t\t<div class=\"elementor-element elementor-element-66581811 elementor-widget elementor-widget-heading\" data-id=\"66581811\" data-element_type=\"widget\" data-e-type=\"widget\" data-widget_type=\"heading.default\">\n\t\t\t\t<div class=\"elementor-widget-container\">\n\t\t\t\t\t<h2 class=\"elementor-heading-title elementor-size-medium\">R\u00e9sum\u00e9<\/h2>\t\t\t\t<\/div>\n\t\t\t\t<\/div>\n\t\t\t\t<div class=\"elementor-element elementor-element-13ddfe55 elementor-widget elementor-widget-text-editor\" data-id=\"13ddfe55\" data-element_type=\"widget\" data-e-type=\"widget\" data-widget_type=\"text-editor.default\">\n\t\t\t\t<div class=\"elementor-widget-container\">\n\t\t\t\t\t\t\t\t\t<p>Hambourg, 1919. Tandis que l&rsquo;Europe se rel\u00e8ve avec peine de la guerre qui l&rsquo;a ravag\u00e9e, un vent d&rsquo;espoir et de folle libert\u00e9 souffle sur une nouvelle g\u00e9n\u00e9ration n\u00e9e avec le si\u00e8cle. Issue de la bourgeoisie, la jeune Henny se destine \u00e0 la carri\u00e8re de sagefemme, aux c\u00f4t\u00e9s de K\u00e4the, fervente militante communiste. Leur chemin croisera celui d&rsquo;Ida, riche aristocrate qui dissimule son \u00e2me rebelle sous le vernis des conventions, et de Lina, farouchement libre et anticonformiste&#8230;<br \/>Rien ne les destinait \u00e0 se rencontrer, et pourtant, les quatre jeunes femmes vont nouer une amiti\u00e9 ind\u00e9fectible dans la folle ambiance des ann\u00e9es 1920. Mais tr\u00e8s vite, la joie des ann\u00e9es d&rsquo;apr\u00e8s-guerre laisse place \u00e0 la lente mont\u00e9e des ann\u00e9es noires et leur amiti\u00e9 devra survivre \u00e0 l&rsquo;inexorable marche de l&rsquo;Histoire.<\/p>\t\t\t\t\t\t\t\t<\/div>\n\t\t\t\t<\/div>\n\t\t\t\t<div class=\"elementor-element elementor-element-69348da1 elementor-widget-divider--view-line elementor-widget elementor-widget-divider\" data-id=\"69348da1\" data-element_type=\"widget\" data-e-type=\"widget\" data-widget_type=\"divider.default\">\n\t\t\t\t<div class=\"elementor-widget-container\">\n\t\t\t\t\t\t\t<div class=\"elementor-divider\">\n\t\t\t<span class=\"elementor-divider-separator\">\n\t\t\t\t\t\t<\/span>\n\t\t<\/div>\n\t\t\t\t\t\t<\/div>\n\t\t\t\t<\/div>\n\t\t\t\t<div class=\"elementor-element elementor-element-fdc0e59 elementor-widget elementor-widget-heading\" data-id=\"fdc0e59\" data-element_type=\"widget\" data-e-type=\"widget\" data-widget_type=\"heading.default\">\n\t\t\t\t<div class=\"elementor-widget-container\">\n\t\t\t\t\t<h2 class=\"elementor-heading-title elementor-size-medium\">Ma note<\/h2>\t\t\t\t<\/div>\n\t\t\t\t<\/div>\n\t\t\t\t<div class=\"elementor-element elementor-element-18088fcc elementor-star-rating--align-center elementor--star-style-star_fontawesome elementor-widget elementor-widget-star-rating\" data-id=\"18088fcc\" data-element_type=\"widget\" data-e-type=\"widget\" data-widget_type=\"star-rating.default\">\n\t\t\t\t<div class=\"elementor-widget-container\">\n\t\t\t\t\t\t\t<div class=\"elementor-star-rating__wrapper\">\n\t\t\t\t\t\t<div class=\"elementor-star-rating\" itemtype=\"http:\/\/schema.org\/Rating\" itemscope=\"\" itemprop=\"reviewRating\">\n\t\t\t\t<i class=\"elementor-star-full\" aria-hidden=\"true\">&#xE934;<\/i><i class=\"elementor-star-full\" aria-hidden=\"true\">&#xE934;<\/i><i class=\"elementor-star-full\" aria-hidden=\"true\">&#xE934;<\/i><i class=\"elementor-star-full\" aria-hidden=\"true\">&#xE934;<\/i><i class=\"elementor-star-empty\" aria-hidden=\"true\">&#xE934;<\/i>\t\t\t\t<span itemprop=\"ratingValue\" class=\"elementor-screen-only\">Not\u00e9 4 sur 5<\/span>\n\t\t\t<\/div>\n\t\t<\/div>\n\t\t\t\t\t\t<\/div>\n\t\t\t\t<\/div>\n\t\t\t\t<div class=\"elementor-element elementor-element-3952c25d elementor-widget-divider--view-line elementor-widget elementor-widget-divider\" data-id=\"3952c25d\" data-element_type=\"widget\" data-e-type=\"widget\" data-widget_type=\"divider.default\">\n\t\t\t\t<div class=\"elementor-widget-container\">\n\t\t\t\t\t\t\t<div class=\"elementor-divider\">\n\t\t\t<span class=\"elementor-divider-separator\">\n\t\t\t\t\t\t<\/span>\n\t\t<\/div>\n\t\t\t\t\t\t<\/div>\n\t\t\t\t<\/div>\n\t\t\t\t<div class=\"elementor-element elementor-element-1e4b92fe elementor-widget elementor-widget-heading\" data-id=\"1e4b92fe\" data-element_type=\"widget\" data-e-type=\"widget\" data-widget_type=\"heading.default\">\n\t\t\t\t<div class=\"elementor-widget-container\">\n\t\t\t\t\t<h2 class=\"elementor-heading-title elementor-size-medium\">Un roman tr\u00e8s riche qui demande de l'attention<\/h2>\t\t\t\t<\/div>\n\t\t\t\t<\/div>\n\t\t\t\t<div class=\"elementor-element elementor-element-256ef91c elementor-widget elementor-widget-text-editor\" data-id=\"256ef91c\" data-element_type=\"widget\" data-e-type=\"widget\" data-widget_type=\"text-editor.default\">\n\t\t\t\t<div class=\"elementor-widget-container\">\n\t\t\t\t\t\t\t\t\t<p>Avant-dernier roman de la s\u00e9lection du <a href=\"https:\/\/www.harpercollins.fr\/pages\/prix-harpercollins-poche#:~:text=HarperCollins%20France%20lance%20la%20deuxi\u00e8me,aura%20lieu%20en%20juin%202024.\">Prix Harper Collins Poche<\/a>, je dois avouer que je craignais un peu Filles d&rsquo;un temps nouveau. Les avis n&rsquo;\u00e9taient pas tous positifs. Pour \u00eatre tout \u00e0 fait transparente, il me faisait si peur que je ne l&rsquo;ai jamais d\u00e9but\u00e9 en grand format, alors qu&rsquo;il m&rsquo;attendait depuis 2021. Le prix \u00e9tait donc le coup de pied aux fesses qu&rsquo;il me fallait pour l&rsquo;en sortir. Afin de vraiment r\u00e9ussir \u00e0 me plonger dedans, je l&rsquo;ai d\u00e9but\u00e9 durant un long trajet de train, pour \u00eatre certaine de r\u00e9ussir \u00e0 y entrer sans \u00eatre distraite. En effet, ce que les co-jur\u00e9es lui reprochaient principalement \u00e9tait le nombre de personnages, je voulais ainsi anticiper cette probl\u00e9matique. Et d\u00e9s le d\u00e9but, j&rsquo;ai compris pourquoi ce point a \u00e9te soulev\u00e9 de nombreuses fois ! Ils sont effectivement nombreux.\u00a0<\/p>\t\t\t\t\t\t\t\t<\/div>\n\t\t\t\t<\/div>\n\t\t\t\t<div class=\"elementor-element elementor-element-4332877 elementor-widget-divider--view-line elementor-widget elementor-widget-divider\" data-id=\"4332877\" data-element_type=\"widget\" data-e-type=\"widget\" data-widget_type=\"divider.default\">\n\t\t\t\t<div class=\"elementor-widget-container\">\n\t\t\t\t\t\t\t<div class=\"elementor-divider\">\n\t\t\t<span class=\"elementor-divider-separator\">\n\t\t\t\t\t\t<\/span>\n\t\t<\/div>\n\t\t\t\t\t\t<\/div>\n\t\t\t\t<\/div>\n\t\t\t\t<div class=\"elementor-element elementor-element-7d8c899f elementor-widget elementor-widget-heading\" data-id=\"7d8c899f\" data-element_type=\"widget\" data-e-type=\"widget\" data-widget_type=\"heading.default\">\n\t\t\t\t<div class=\"elementor-widget-container\">\n\t\t\t\t\t<h4 class=\"elementor-heading-title elementor-size-medium\">\"Toller avait raison : le monde \u00e9tait un asile d'ali\u00e9n\u00e9s.\"<\/h4>\t\t\t\t<\/div>\n\t\t\t\t<\/div>\n\t\t\t\t<div class=\"elementor-element elementor-element-3ae5a921 elementor-widget-divider--view-line elementor-widget elementor-widget-divider\" data-id=\"3ae5a921\" data-element_type=\"widget\" data-e-type=\"widget\" data-widget_type=\"divider.default\">\n\t\t\t\t<div class=\"elementor-widget-container\">\n\t\t\t\t\t\t\t<div class=\"elementor-divider\">\n\t\t\t<span class=\"elementor-divider-separator\">\n\t\t\t\t\t\t<\/span>\n\t\t<\/div>\n\t\t\t\t\t\t<\/div>\n\t\t\t\t<\/div>\n\t\t\t\t<div class=\"elementor-element elementor-element-7057dc19 elementor-widget elementor-widget-heading\" data-id=\"7057dc19\" data-element_type=\"widget\" data-e-type=\"widget\" data-widget_type=\"heading.default\">\n\t\t\t\t<div class=\"elementor-widget-container\">\n\t\t\t\t\t<h2 class=\"elementor-heading-title elementor-size-medium\">La condition f\u00e9minine en Allemagne entre deux guerres<\/h2>\t\t\t\t<\/div>\n\t\t\t\t<\/div>\n\t\t\t\t<div class=\"elementor-element elementor-element-7616d2e7 elementor-widget elementor-widget-text-editor\" data-id=\"7616d2e7\" data-element_type=\"widget\" data-e-type=\"widget\" data-widget_type=\"text-editor.default\">\n\t\t\t\t<div class=\"elementor-widget-container\">\n\t\t\t\t\t\t\t\t\t<p>Cela dit, je crois que c&rsquo;est surtout la construction du roman qui rend la lecture plus complexe. Nous ne suivons pas vraiment des personnages cl\u00e9s, mais des familles enti\u00e8res. Ainsi, nous pouvons passer d&rsquo;une amie \u00e0 l&rsquo;autre, puis au p\u00e8re de la premi\u00e8re amie en un claquement de doigts. Pour ma part, je suis germanophone, je n&rsquo;ai donc \u00e9t\u00e9 d\u00e9pays\u00e9e ni par les noms, ni par les lieux. Mais je comprends totalement la difficult\u00e9 de s&rsquo;y retrouver avec tous ces mots et termes \u00e0 consonance allemande, dans le contexte du d\u00e9but du si\u00e8cle dernier. Il est facile de s&rsquo;y perdre ! Je pense qu&rsquo;il faut avoir des bases en histoire allemande et en phon\u00e9tique germanique pour le lire avec aisance. Ou alors une vraie curiosit\u00e9 pour le pays et son pass\u00e9 en g\u00e9n\u00e9ral !\u00a0<\/p><p>Ayant tout cela, je peux enfin vous le dire : j&rsquo;ai pass\u00e9 un bon moment. Mes craintes \u00e9taient infond\u00e9es, et une fois que j&rsquo;ai pass\u00e9 mes aprioris du d\u00e9but, je me suis laiss\u00e9e porter par le texte. Parce que les filles d&rsquo;un temps nouveau nous partagent leur condition de femmes entre deux guerres en Allemagne. Avec les moments de difficult\u00e9s, mais aussi d&rsquo;insouciances.\u00a0<\/p>\t\t\t\t\t\t\t\t<\/div>\n\t\t\t\t<\/div>\n\t\t\t\t<div class=\"elementor-element elementor-element-7d8be628 elementor-widget-divider--view-line elementor-widget elementor-widget-divider\" data-id=\"7d8be628\" data-element_type=\"widget\" data-e-type=\"widget\" data-widget_type=\"divider.default\">\n\t\t\t\t<div class=\"elementor-widget-container\">\n\t\t\t\t\t\t\t<div class=\"elementor-divider\">\n\t\t\t<span class=\"elementor-divider-separator\">\n\t\t\t\t\t\t<\/span>\n\t\t<\/div>\n\t\t\t\t\t\t<\/div>\n\t\t\t\t<\/div>\n\t\t\t\t<div class=\"elementor-element elementor-element-47ebfccf elementor-widget elementor-widget-heading\" data-id=\"47ebfccf\" data-element_type=\"widget\" data-e-type=\"widget\" data-widget_type=\"heading.default\">\n\t\t\t\t<div class=\"elementor-widget-container\">\n\t\t\t\t\t<h2 class=\"elementor-heading-title elementor-size-medium\">Ou comment la politique touche notre quotidien<\/h2>\t\t\t\t<\/div>\n\t\t\t\t<\/div>\n\t\t\t\t<div class=\"elementor-element elementor-element-20905338 elementor-widget elementor-widget-text-editor\" data-id=\"20905338\" data-element_type=\"widget\" data-e-type=\"widget\" data-widget_type=\"text-editor.default\">\n\t\t\t\t<div class=\"elementor-widget-container\">\n\t\t\t\t\t\t\t\t\t<p>Cela dit, vous l&rsquo;aurez compris, il m&rsquo;est impossible de mentionner tous les personnages. Il faudrait \u00e9crire une revue enti\u00e8re ! Filles d&rsquo;un temps nouveau est surtout un r\u00e9cit global qui prend de l&rsquo;ampleur, doucement mais s\u00fbrement. En lenteur, c&rsquo;est vrai. De telle mani\u00e8re \u00e0 ce que l&rsquo;on ressente le poids du quotidien. Puis le choc, pour certains, arriv\u00e9 milieu des ann\u00e9es 30. Une cons\u00e9cration, pour d&rsquo;autres. J&rsquo;ai \u00e9t\u00e9 \u00e9mue par ces passages-l\u00e0, comme celui de la Nuit de Cristal, par exemple. Pourtant, on ne s&rsquo;y attarde pas. C&rsquo;est un roman sur tout un contexte politique qui se met en place petit \u00e0 petit. Dans un d\u00e9ni de guerre.<\/p><p>Et surtout, contrairement \u00e0 ce qu&rsquo;on nous matraque, Carmen Korn nous rappelle que Hitler n&rsquo;a pas \u00e9t\u00e9 vot\u00e9 par une grande partie du peuple. M\u00eame pas par la moiti\u00e9. La majorit\u00e9 ne veut pas dire qu&rsquo;on a l&rsquo;adh\u00e9sion de tout le monde, n&rsquo;est-ce pas ? C&rsquo;est surtout le r\u00e9sultat d&rsquo;un syst\u00e8me d\u00e9faillant o\u00f9 le pouvoir s&rsquo;installe incidieusement. C&rsquo;\u00e9tait \u00e7a, le quotidien allemand, pour les filles d&rsquo;un temps nouveau, leurs familles et leurs ami.e.s. Et \u00e0 pr\u00e9sent, j&rsquo;ai terriblement envie de connaitre la suite ! En \u00e9sp\u00e9rant qu&rsquo;elle sorte aux \u00e9ditions Harper Collins en poche. En attendant, elle est d\u00e9j\u00e0 disponible aux \u00e9ditions Charleston !\u00a0<\/p>\t\t\t\t\t\t\t\t<\/div>\n\t\t\t\t<\/div>\n\t\t\t\t<div class=\"elementor-element elementor-element-3730dbb7 elementor-widget elementor-widget-heading\" data-id=\"3730dbb7\" data-element_type=\"widget\" data-e-type=\"widget\" data-widget_type=\"heading.default\">\n\t\t\t\t<div class=\"elementor-widget-container\">\n\t\t\t\t\t<h4 class=\"elementor-heading-title elementor-size-medium\">Le Prix Harper Collins Poche 2024<\/h4>\t\t\t\t<\/div>\n\t\t\t\t<\/div>\n\t\t\t\t<div class=\"elementor-element elementor-element-7a2388a elementor-widget elementor-widget-text-editor\" data-id=\"7a2388a\" data-element_type=\"widget\" data-e-type=\"widget\" data-widget_type=\"text-editor.default\">\n\t\t\t\t<div class=\"elementor-widget-container\">\n\t\t\t\t\t\t\t\t\t<p>Les autres romans de la s\u00e9lection d\u00e9j\u00e0 chroniqu\u00e9s :<\/p><ul><li><a href=\"https:\/\/sorbetkiwi.fr\/index.php\/la-femme-peripherique-de-sophie-pointurier\/\">La femme p\u00e9riph\u00e9rique de Sophie Pointurier<\/a>\u00a0\u2013 Coup de coeur\u00a0<\/li><li><a href=\"https:\/\/sorbetkiwi.fr\/index.php\/mon-acrobate-de-cecile-pivot\/\">Mon acrobate de C\u00e9cile Pivot<\/a>\u00a0\u2013 4,5\/5<\/li><li><a href=\"https:\/\/sorbetkiwi.fr\/index.php\/rien-ne-dure-vraiment-longtemps-de-matthieu-seel\/\">Rien ne dure vraiment longtemps de Mathieu Seel<\/a>\u00a0\u2013 4\/5<\/li><li><a href=\"https:\/\/sorbetkiwi.fr\/index.php\/ajar-paris-de-fanta-drame\/\">Ajar \u2013 Paris de Fanta Dram\u00e9<\/a>\u00a0\u2013 Coup de coeur<\/li><li><a href=\"https:\/\/sorbetkiwi.fr\/index.php\/maman-a-moi-de-valerie-bonneton\/\">Maman \u00e0 moi \u2013 Val\u00e9rie Bonneton<\/a>\u00a0\u2013 2,5\/5<\/li><li><a href=\"https:\/\/sorbetkiwi.fr\/index.php\/la-famille-han-de-min-jin-lee\/\">La famille Han \u2013 Min Jin Lee<\/a>\u00a0\u2013 Coup de coeur\u00a0<\/li><li><a href=\"https:\/\/sorbetkiwi.fr\/index.php\/la-poupee-qui-fait-oui-de-agnes-de-clairville\/\">La poup\u00e9e qui fait oui \u2013 Agn\u00e8s de Clairville<\/a>\u00a0\u2013 5\/5<\/li><li><a href=\"https:\/\/sorbetkiwi.fr\/index.php\/la-juree-de-claire-jehanno\/\">La jur\u00e9e de Claire J\u00e9hanno<\/a> &#8211; 4,5\/5<\/li><\/ul>\t\t\t\t\t\t\t\t<\/div>\n\t\t\t\t<\/div>\n\t\t\t\t\t<\/div>\n\t\t<\/div>\n\t\t\t\t\t<\/div>\n\t\t<\/section>\n\t\t\t\t<\/div>\n\t\t","protected":false},"excerpt":{"rendered":"<p>Filles d&rsquo;un temps nouveau sur les berges du Rhin face \u00e0 l&rsquo;Allemagne R\u00e9sum\u00e9 Hambourg, 1919. Tandis que l&rsquo;Europe se rel\u00e8ve avec peine de la guerre qui l&rsquo;a ravag\u00e9e, un vent d&rsquo;espoir et de folle libert\u00e9 &hellip; <\/p>\n","protected":false},"author":1,"featured_media":6032,"comment_status":"open","ping_status":"open","sticky":false,"template":"","format":"standard","meta":{"footnotes":""},"categories":[13,8,1],"tags":[1610,31,1609,272,1042,306,976,987,1260,350],"class_list":["post-6020","post","type-post","status-publish","format-standard","has-post-thumbnail","hentry","category-le-printemps","category-partenariats","category-tout-le-blog","tag-carmen-korn","tag-editions-charleston","tag-filles-dun-temps-nouveau","tag-harper-collins","tag-harper-collins-france","tag-harper-collins-poche","tag-prix-harper-collins","tag-prix-harper-collins-poche","tag-prix-harper-collins-poche-2024","tag-roman-historique","has-single-img"],"yoast_head":"<!-- This site is optimized with the Yoast SEO plugin v27.4 - https:\/\/yoast.com\/product\/yoast-seo-wordpress\/ -->\n<title>Filles d&#039;un temps nouveau de Carmen Korn - Sorbet Kiwi<\/title>\n<meta name=\"description\" content=\"Ma chronique du roman Filles d&#039;un temps nouveau de Carmen Korn, nomm\u00e9 pour le Prix Harper Collins Poche 2024.\" \/>\n<meta name=\"robots\" content=\"index, follow, max-snippet:-1, max-image-preview:large, max-video-preview:-1\" \/>\n<link rel=\"canonical\" href=\"https:\/\/sorbetkiwi.fr\/index.php\/filles-dun-temps-nouveau-de-carmen-korn\/\" \/>\n<meta property=\"og:locale\" content=\"fr_FR\" \/>\n<meta property=\"og:type\" content=\"article\" \/>\n<meta property=\"og:title\" content=\"Filles d&#039;un temps nouveau de Carmen Korn - Sorbet Kiwi\" \/>\n<meta property=\"og:description\" content=\"Ma chronique du roman Filles d&#039;un temps nouveau de Carmen Korn, nomm\u00e9 pour le Prix Harper Collins Poche 2024.\" \/>\n<meta property=\"og:url\" content=\"https:\/\/sorbetkiwi.fr\/index.php\/filles-dun-temps-nouveau-de-carmen-korn\/\" \/>\n<meta property=\"og:site_name\" content=\"Sorbet Kiwi\" \/>\n<meta property=\"article:publisher\" content=\"https:\/\/www.facebook.com\/profile.php?id=100086238893269\" \/>\n<meta property=\"article:published_time\" content=\"2024-04-26T11:56:05+00:00\" \/>\n<meta property=\"article:modified_time\" content=\"2024-04-26T11:56:07+00:00\" \/>\n<meta property=\"og:image\" content=\"https:\/\/sorbetkiwi.fr\/wp-content\/uploads\/2024\/04\/Filles-dun-temps-nouveau.jpg\" \/>\n\t<meta property=\"og:image:width\" content=\"1080\" \/>\n\t<meta property=\"og:image:height\" content=\"1440\" \/>\n\t<meta property=\"og:image:type\" content=\"image\/jpeg\" \/>\n<meta name=\"author\" content=\"Sorbet-Kiwi\" \/>\n<meta name=\"twitter:card\" content=\"summary_large_image\" \/>\n<meta name=\"twitter:creator\" content=\"@pepparshoes\" \/>\n<meta name=\"twitter:site\" content=\"@pepparshoes\" \/>\n<meta name=\"twitter:label1\" content=\"\u00c9crit par\" \/>\n\t<meta name=\"twitter:data1\" content=\"Sorbet-Kiwi\" \/>\n\t<meta name=\"twitter:label2\" content=\"Dur\u00e9e de lecture estim\u00e9e\" \/>\n\t<meta name=\"twitter:data2\" content=\"5 minutes\" \/>\n<script type=\"application\/ld+json\" class=\"yoast-schema-graph\">{\"@context\":\"https:\\\/\\\/schema.org\",\"@graph\":[{\"@type\":\"Article\",\"@id\":\"https:\\\/\\\/sorbetkiwi.fr\\\/index.php\\\/filles-dun-temps-nouveau-de-carmen-korn\\\/#article\",\"isPartOf\":{\"@id\":\"https:\\\/\\\/sorbetkiwi.fr\\\/index.php\\\/filles-dun-temps-nouveau-de-carmen-korn\\\/\"},\"author\":{\"name\":\"Sorbet-Kiwi\",\"@id\":\"https:\\\/\\\/sorbetkiwi.fr\\\/#\\\/schema\\\/person\\\/ed1b7b527a2957ddc3bf38b076540659\"},\"headline\":\"Filles d&rsquo;un temps nouveau de Carmen Korn\",\"datePublished\":\"2024-04-26T11:56:05+00:00\",\"dateModified\":\"2024-04-26T11:56:07+00:00\",\"mainEntityOfPage\":{\"@id\":\"https:\\\/\\\/sorbetkiwi.fr\\\/index.php\\\/filles-dun-temps-nouveau-de-carmen-korn\\\/\"},\"wordCount\":905,\"commentCount\":2,\"publisher\":{\"@id\":\"https:\\\/\\\/sorbetkiwi.fr\\\/#organization\"},\"image\":{\"@id\":\"https:\\\/\\\/sorbetkiwi.fr\\\/index.php\\\/filles-dun-temps-nouveau-de-carmen-korn\\\/#primaryimage\"},\"thumbnailUrl\":\"https:\\\/\\\/sorbetkiwi.fr\\\/wp-content\\\/uploads\\\/2024\\\/04\\\/Filles-dun-temps-nouveau.jpg\",\"keywords\":[\"Carmen Korn\",\"Editions Charleston\",\"Filles d'un temps nouveau\",\"Harper Collins\",\"Harper Collins France\",\"Harper Collins Poche\",\"Prix Harper Collins\",\"Prix Harper Collins Poche\",\"Prix Harper Collins Poche 2024\",\"Roman historique\"],\"articleSection\":[\"Le printemps\",\"Partenariats\",\"Tout le blog\"],\"inLanguage\":\"fr-FR\",\"potentialAction\":[{\"@type\":\"CommentAction\",\"name\":\"Comment\",\"target\":[\"https:\\\/\\\/sorbetkiwi.fr\\\/index.php\\\/filles-dun-temps-nouveau-de-carmen-korn\\\/#respond\"]}]},{\"@type\":\"WebPage\",\"@id\":\"https:\\\/\\\/sorbetkiwi.fr\\\/index.php\\\/filles-dun-temps-nouveau-de-carmen-korn\\\/\",\"url\":\"https:\\\/\\\/sorbetkiwi.fr\\\/index.php\\\/filles-dun-temps-nouveau-de-carmen-korn\\\/\",\"name\":\"Filles d'un temps nouveau de Carmen Korn - Sorbet Kiwi\",\"isPartOf\":{\"@id\":\"https:\\\/\\\/sorbetkiwi.fr\\\/#website\"},\"primaryImageOfPage\":{\"@id\":\"https:\\\/\\\/sorbetkiwi.fr\\\/index.php\\\/filles-dun-temps-nouveau-de-carmen-korn\\\/#primaryimage\"},\"image\":{\"@id\":\"https:\\\/\\\/sorbetkiwi.fr\\\/index.php\\\/filles-dun-temps-nouveau-de-carmen-korn\\\/#primaryimage\"},\"thumbnailUrl\":\"https:\\\/\\\/sorbetkiwi.fr\\\/wp-content\\\/uploads\\\/2024\\\/04\\\/Filles-dun-temps-nouveau.jpg\",\"datePublished\":\"2024-04-26T11:56:05+00:00\",\"dateModified\":\"2024-04-26T11:56:07+00:00\",\"description\":\"Ma chronique du roman Filles d'un temps nouveau de Carmen Korn, nomm\u00e9 pour le Prix Harper Collins Poche 2024.\",\"breadcrumb\":{\"@id\":\"https:\\\/\\\/sorbetkiwi.fr\\\/index.php\\\/filles-dun-temps-nouveau-de-carmen-korn\\\/#breadcrumb\"},\"inLanguage\":\"fr-FR\",\"potentialAction\":[{\"@type\":\"ReadAction\",\"target\":[\"https:\\\/\\\/sorbetkiwi.fr\\\/index.php\\\/filles-dun-temps-nouveau-de-carmen-korn\\\/\"]}]},{\"@type\":\"ImageObject\",\"inLanguage\":\"fr-FR\",\"@id\":\"https:\\\/\\\/sorbetkiwi.fr\\\/index.php\\\/filles-dun-temps-nouveau-de-carmen-korn\\\/#primaryimage\",\"url\":\"https:\\\/\\\/sorbetkiwi.fr\\\/wp-content\\\/uploads\\\/2024\\\/04\\\/Filles-dun-temps-nouveau.jpg\",\"contentUrl\":\"https:\\\/\\\/sorbetkiwi.fr\\\/wp-content\\\/uploads\\\/2024\\\/04\\\/Filles-dun-temps-nouveau.jpg\",\"width\":1080,\"height\":1440,\"caption\":\"Filles d'un temps nouveau\"},{\"@type\":\"BreadcrumbList\",\"@id\":\"https:\\\/\\\/sorbetkiwi.fr\\\/index.php\\\/filles-dun-temps-nouveau-de-carmen-korn\\\/#breadcrumb\",\"itemListElement\":[{\"@type\":\"ListItem\",\"position\":1,\"name\":\"Accueil\",\"item\":\"https:\\\/\\\/sorbetkiwi.fr\\\/\"},{\"@type\":\"ListItem\",\"position\":2,\"name\":\"Filles d&rsquo;un temps nouveau de Carmen Korn\"}]},{\"@type\":\"WebSite\",\"@id\":\"https:\\\/\\\/sorbetkiwi.fr\\\/#website\",\"url\":\"https:\\\/\\\/sorbetkiwi.fr\\\/\",\"name\":\"Sorbet Kiwi\",\"description\":\"Des lectures th\u00e9matiques par saison et les avis qui vont avec\",\"publisher\":{\"@id\":\"https:\\\/\\\/sorbetkiwi.fr\\\/#organization\"},\"potentialAction\":[{\"@type\":\"SearchAction\",\"target\":{\"@type\":\"EntryPoint\",\"urlTemplate\":\"https:\\\/\\\/sorbetkiwi.fr\\\/?s={search_term_string}\"},\"query-input\":{\"@type\":\"PropertyValueSpecification\",\"valueRequired\":true,\"valueName\":\"search_term_string\"}}],\"inLanguage\":\"fr-FR\"},{\"@type\":\"Organization\",\"@id\":\"https:\\\/\\\/sorbetkiwi.fr\\\/#organization\",\"name\":\"Sorbet Kiwi\",\"url\":\"https:\\\/\\\/sorbetkiwi.fr\\\/\",\"logo\":{\"@type\":\"ImageObject\",\"inLanguage\":\"fr-FR\",\"@id\":\"https:\\\/\\\/sorbetkiwi.fr\\\/#\\\/schema\\\/logo\\\/image\\\/\",\"url\":\"https:\\\/\\\/sorbetkiwi.fr\\\/wp-content\\\/uploads\\\/2022\\\/10\\\/Banniere-Sorbet-Kiwi-2022.jpg\",\"contentUrl\":\"https:\\\/\\\/sorbetkiwi.fr\\\/wp-content\\\/uploads\\\/2022\\\/10\\\/Banniere-Sorbet-Kiwi-2022.jpg\",\"width\":814,\"height\":401,\"caption\":\"Sorbet Kiwi\"},\"image\":{\"@id\":\"https:\\\/\\\/sorbetkiwi.fr\\\/#\\\/schema\\\/logo\\\/image\\\/\"},\"sameAs\":[\"https:\\\/\\\/www.facebook.com\\\/profile.php?id=100086238893269\",\"https:\\\/\\\/x.com\\\/pepparshoes\",\"https:\\\/\\\/www.instagram.com\\\/sorbetkiwi\\\/\",\"https:\\\/\\\/www.tiktok.com\\\/sorbetkiwi\"]},{\"@type\":\"Person\",\"@id\":\"https:\\\/\\\/sorbetkiwi.fr\\\/#\\\/schema\\\/person\\\/ed1b7b527a2957ddc3bf38b076540659\",\"name\":\"Sorbet-Kiwi\",\"image\":{\"@type\":\"ImageObject\",\"inLanguage\":\"fr-FR\",\"@id\":\"https:\\\/\\\/secure.gravatar.com\\\/avatar\\\/86f0a5c27d76317621b9e374d0f3a01d3a85278f10d0c7207ced4fd773057442?s=96&d=mm&r=g\",\"url\":\"https:\\\/\\\/secure.gravatar.com\\\/avatar\\\/86f0a5c27d76317621b9e374d0f3a01d3a85278f10d0c7207ced4fd773057442?s=96&d=mm&r=g\",\"contentUrl\":\"https:\\\/\\\/secure.gravatar.com\\\/avatar\\\/86f0a5c27d76317621b9e374d0f3a01d3a85278f10d0c7207ced4fd773057442?s=96&d=mm&r=g\",\"caption\":\"Sorbet-Kiwi\"},\"sameAs\":[\"http:\\\/\\\/sorbetkiwi.fr\"],\"url\":\"https:\\\/\\\/sorbetkiwi.fr\\\/index.php\\\/author\\\/admin7717\\\/\"}]}<\/script>\n<!-- \/ Yoast SEO plugin. -->","yoast_head_json":{"title":"Filles d'un temps nouveau de Carmen Korn - Sorbet Kiwi","description":"Ma chronique du roman Filles d'un temps nouveau de Carmen Korn, nomm\u00e9 pour le Prix Harper Collins Poche 2024.","robots":{"index":"index","follow":"follow","max-snippet":"max-snippet:-1","max-image-preview":"max-image-preview:large","max-video-preview":"max-video-preview:-1"},"canonical":"https:\/\/sorbetkiwi.fr\/index.php\/filles-dun-temps-nouveau-de-carmen-korn\/","og_locale":"fr_FR","og_type":"article","og_title":"Filles d'un temps nouveau de Carmen Korn - Sorbet Kiwi","og_description":"Ma chronique du roman Filles d'un temps nouveau de Carmen Korn, nomm\u00e9 pour le Prix Harper Collins Poche 2024.","og_url":"https:\/\/sorbetkiwi.fr\/index.php\/filles-dun-temps-nouveau-de-carmen-korn\/","og_site_name":"Sorbet Kiwi","article_publisher":"https:\/\/www.facebook.com\/profile.php?id=100086238893269","article_published_time":"2024-04-26T11:56:05+00:00","article_modified_time":"2024-04-26T11:56:07+00:00","og_image":[{"width":1080,"height":1440,"url":"https:\/\/sorbetkiwi.fr\/wp-content\/uploads\/2024\/04\/Filles-dun-temps-nouveau.jpg","type":"image\/jpeg"}],"author":"Sorbet-Kiwi","twitter_card":"summary_large_image","twitter_creator":"@pepparshoes","twitter_site":"@pepparshoes","twitter_misc":{"\u00c9crit par":"Sorbet-Kiwi","Dur\u00e9e de lecture estim\u00e9e":"5 minutes"},"schema":{"@context":"https:\/\/schema.org","@graph":[{"@type":"Article","@id":"https:\/\/sorbetkiwi.fr\/index.php\/filles-dun-temps-nouveau-de-carmen-korn\/#article","isPartOf":{"@id":"https:\/\/sorbetkiwi.fr\/index.php\/filles-dun-temps-nouveau-de-carmen-korn\/"},"author":{"name":"Sorbet-Kiwi","@id":"https:\/\/sorbetkiwi.fr\/#\/schema\/person\/ed1b7b527a2957ddc3bf38b076540659"},"headline":"Filles d&rsquo;un temps nouveau de Carmen Korn","datePublished":"2024-04-26T11:56:05+00:00","dateModified":"2024-04-26T11:56:07+00:00","mainEntityOfPage":{"@id":"https:\/\/sorbetkiwi.fr\/index.php\/filles-dun-temps-nouveau-de-carmen-korn\/"},"wordCount":905,"commentCount":2,"publisher":{"@id":"https:\/\/sorbetkiwi.fr\/#organization"},"image":{"@id":"https:\/\/sorbetkiwi.fr\/index.php\/filles-dun-temps-nouveau-de-carmen-korn\/#primaryimage"},"thumbnailUrl":"https:\/\/sorbetkiwi.fr\/wp-content\/uploads\/2024\/04\/Filles-dun-temps-nouveau.jpg","keywords":["Carmen Korn","Editions Charleston","Filles d'un temps nouveau","Harper Collins","Harper Collins France","Harper Collins Poche","Prix Harper Collins","Prix Harper Collins Poche","Prix Harper Collins Poche 2024","Roman historique"],"articleSection":["Le printemps","Partenariats","Tout le blog"],"inLanguage":"fr-FR","potentialAction":[{"@type":"CommentAction","name":"Comment","target":["https:\/\/sorbetkiwi.fr\/index.php\/filles-dun-temps-nouveau-de-carmen-korn\/#respond"]}]},{"@type":"WebPage","@id":"https:\/\/sorbetkiwi.fr\/index.php\/filles-dun-temps-nouveau-de-carmen-korn\/","url":"https:\/\/sorbetkiwi.fr\/index.php\/filles-dun-temps-nouveau-de-carmen-korn\/","name":"Filles d'un temps nouveau de Carmen Korn - Sorbet Kiwi","isPartOf":{"@id":"https:\/\/sorbetkiwi.fr\/#website"},"primaryImageOfPage":{"@id":"https:\/\/sorbetkiwi.fr\/index.php\/filles-dun-temps-nouveau-de-carmen-korn\/#primaryimage"},"image":{"@id":"https:\/\/sorbetkiwi.fr\/index.php\/filles-dun-temps-nouveau-de-carmen-korn\/#primaryimage"},"thumbnailUrl":"https:\/\/sorbetkiwi.fr\/wp-content\/uploads\/2024\/04\/Filles-dun-temps-nouveau.jpg","datePublished":"2024-04-26T11:56:05+00:00","dateModified":"2024-04-26T11:56:07+00:00","description":"Ma chronique du roman Filles d'un temps nouveau de Carmen Korn, nomm\u00e9 pour le Prix Harper Collins Poche 2024.","breadcrumb":{"@id":"https:\/\/sorbetkiwi.fr\/index.php\/filles-dun-temps-nouveau-de-carmen-korn\/#breadcrumb"},"inLanguage":"fr-FR","potentialAction":[{"@type":"ReadAction","target":["https:\/\/sorbetkiwi.fr\/index.php\/filles-dun-temps-nouveau-de-carmen-korn\/"]}]},{"@type":"ImageObject","inLanguage":"fr-FR","@id":"https:\/\/sorbetkiwi.fr\/index.php\/filles-dun-temps-nouveau-de-carmen-korn\/#primaryimage","url":"https:\/\/sorbetkiwi.fr\/wp-content\/uploads\/2024\/04\/Filles-dun-temps-nouveau.jpg","contentUrl":"https:\/\/sorbetkiwi.fr\/wp-content\/uploads\/2024\/04\/Filles-dun-temps-nouveau.jpg","width":1080,"height":1440,"caption":"Filles d'un temps nouveau"},{"@type":"BreadcrumbList","@id":"https:\/\/sorbetkiwi.fr\/index.php\/filles-dun-temps-nouveau-de-carmen-korn\/#breadcrumb","itemListElement":[{"@type":"ListItem","position":1,"name":"Accueil","item":"https:\/\/sorbetkiwi.fr\/"},{"@type":"ListItem","position":2,"name":"Filles d&rsquo;un temps nouveau de Carmen Korn"}]},{"@type":"WebSite","@id":"https:\/\/sorbetkiwi.fr\/#website","url":"https:\/\/sorbetkiwi.fr\/","name":"Sorbet Kiwi","description":"Des lectures th\u00e9matiques par saison et les avis qui vont avec","publisher":{"@id":"https:\/\/sorbetkiwi.fr\/#organization"},"potentialAction":[{"@type":"SearchAction","target":{"@type":"EntryPoint","urlTemplate":"https:\/\/sorbetkiwi.fr\/?s={search_term_string}"},"query-input":{"@type":"PropertyValueSpecification","valueRequired":true,"valueName":"search_term_string"}}],"inLanguage":"fr-FR"},{"@type":"Organization","@id":"https:\/\/sorbetkiwi.fr\/#organization","name":"Sorbet Kiwi","url":"https:\/\/sorbetkiwi.fr\/","logo":{"@type":"ImageObject","inLanguage":"fr-FR","@id":"https:\/\/sorbetkiwi.fr\/#\/schema\/logo\/image\/","url":"https:\/\/sorbetkiwi.fr\/wp-content\/uploads\/2022\/10\/Banniere-Sorbet-Kiwi-2022.jpg","contentUrl":"https:\/\/sorbetkiwi.fr\/wp-content\/uploads\/2022\/10\/Banniere-Sorbet-Kiwi-2022.jpg","width":814,"height":401,"caption":"Sorbet Kiwi"},"image":{"@id":"https:\/\/sorbetkiwi.fr\/#\/schema\/logo\/image\/"},"sameAs":["https:\/\/www.facebook.com\/profile.php?id=100086238893269","https:\/\/x.com\/pepparshoes","https:\/\/www.instagram.com\/sorbetkiwi\/","https:\/\/www.tiktok.com\/sorbetkiwi"]},{"@type":"Person","@id":"https:\/\/sorbetkiwi.fr\/#\/schema\/person\/ed1b7b527a2957ddc3bf38b076540659","name":"Sorbet-Kiwi","image":{"@type":"ImageObject","inLanguage":"fr-FR","@id":"https:\/\/secure.gravatar.com\/avatar\/86f0a5c27d76317621b9e374d0f3a01d3a85278f10d0c7207ced4fd773057442?s=96&d=mm&r=g","url":"https:\/\/secure.gravatar.com\/avatar\/86f0a5c27d76317621b9e374d0f3a01d3a85278f10d0c7207ced4fd773057442?s=96&d=mm&r=g","contentUrl":"https:\/\/secure.gravatar.com\/avatar\/86f0a5c27d76317621b9e374d0f3a01d3a85278f10d0c7207ced4fd773057442?s=96&d=mm&r=g","caption":"Sorbet-Kiwi"},"sameAs":["http:\/\/sorbetkiwi.fr"],"url":"https:\/\/sorbetkiwi.fr\/index.php\/author\/admin7717\/"}]}},"_links":{"self":[{"href":"https:\/\/sorbetkiwi.fr\/index.php\/wp-json\/wp\/v2\/posts\/6020","targetHints":{"allow":["GET"]}}],"collection":[{"href":"https:\/\/sorbetkiwi.fr\/index.php\/wp-json\/wp\/v2\/posts"}],"about":[{"href":"https:\/\/sorbetkiwi.fr\/index.php\/wp-json\/wp\/v2\/types\/post"}],"author":[{"embeddable":true,"href":"https:\/\/sorbetkiwi.fr\/index.php\/wp-json\/wp\/v2\/users\/1"}],"replies":[{"embeddable":true,"href":"https:\/\/sorbetkiwi.fr\/index.php\/wp-json\/wp\/v2\/comments?post=6020"}],"version-history":[{"count":23,"href":"https:\/\/sorbetkiwi.fr\/index.php\/wp-json\/wp\/v2\/posts\/6020\/revisions"}],"predecessor-version":[{"id":6063,"href":"https:\/\/sorbetkiwi.fr\/index.php\/wp-json\/wp\/v2\/posts\/6020\/revisions\/6063"}],"wp:featuredmedia":[{"embeddable":true,"href":"https:\/\/sorbetkiwi.fr\/index.php\/wp-json\/wp\/v2\/media\/6032"}],"wp:attachment":[{"href":"https:\/\/sorbetkiwi.fr\/index.php\/wp-json\/wp\/v2\/media?parent=6020"}],"wp:term":[{"taxonomy":"category","embeddable":true,"href":"https:\/\/sorbetkiwi.fr\/index.php\/wp-json\/wp\/v2\/categories?post=6020"},{"taxonomy":"post_tag","embeddable":true,"href":"https:\/\/sorbetkiwi.fr\/index.php\/wp-json\/wp\/v2\/tags?post=6020"}],"curies":[{"name":"wp","href":"https:\/\/api.w.org\/{rel}","templated":true}]}}