{"id":5981,"date":"2024-04-13T07:00:00","date_gmt":"2024-04-13T05:00:00","guid":{"rendered":"https:\/\/sorbetkiwi.fr\/?p=5981"},"modified":"2024-04-12T14:56:04","modified_gmt":"2024-04-12T12:56:04","slug":"le-jardin-de-l-oubli-de-clarisse-sabard","status":"publish","type":"post","link":"https:\/\/sorbetkiwi.fr\/index.php\/le-jardin-de-l-oubli-de-clarisse-sabard\/","title":{"rendered":"Le jardin de l&rsquo;oubli de Clarisse Sabard"},"content":{"rendered":"\t\t<div data-elementor-type=\"wp-post\" data-elementor-id=\"5981\" class=\"elementor elementor-5981\">\n\t\t\t\t\t\t<section class=\"elementor-section elementor-top-section elementor-element elementor-element-24a30eb1 elementor-section-boxed elementor-section-height-default elementor-section-height-default\" data-id=\"24a30eb1\" data-element_type=\"section\" data-e-type=\"section\">\n\t\t\t\t\t\t<div class=\"elementor-container elementor-column-gap-default\">\n\t\t\t\t\t<div class=\"elementor-column elementor-col-100 elementor-top-column elementor-element elementor-element-53a9f229\" data-id=\"53a9f229\" data-element_type=\"column\" data-e-type=\"column\">\n\t\t\t<div class=\"elementor-widget-wrap elementor-element-populated\">\n\t\t\t\t\t\t<div class=\"elementor-element elementor-element-5eb009a4 elementor-widget elementor-widget-heading\" data-id=\"5eb009a4\" data-element_type=\"widget\" data-e-type=\"widget\" data-widget_type=\"heading.default\">\n\t\t\t\t<div class=\"elementor-widget-container\">\n\t\t\t\t\t<h1 class=\"elementor-heading-title elementor-size-medium\">Le jardin de l'oubli Clarisse Sabard<\/h1>\t\t\t\t<\/div>\n\t\t\t\t<\/div>\n\t\t\t\t<div class=\"elementor-element elementor-element-34401d22 elementor-view-default elementor-widget elementor-widget-icon\" data-id=\"34401d22\" data-element_type=\"widget\" data-e-type=\"widget\" data-widget_type=\"icon.default\">\n\t\t\t\t<div class=\"elementor-widget-container\">\n\t\t\t\t\t\t\t<div class=\"elementor-icon-wrapper\">\n\t\t\t<div class=\"elementor-icon\">\n\t\t\t<i aria-hidden=\"true\" class=\"fab fa-pagelines\"><\/i>\t\t\t<\/div>\n\t\t<\/div>\n\t\t\t\t\t\t<\/div>\n\t\t\t\t<\/div>\n\t\t\t\t<div class=\"elementor-element elementor-element-13600881 elementor-widget-divider--view-line elementor-widget elementor-widget-divider\" data-id=\"13600881\" data-element_type=\"widget\" data-e-type=\"widget\" data-widget_type=\"divider.default\">\n\t\t\t\t<div class=\"elementor-widget-container\">\n\t\t\t\t\t\t\t<div class=\"elementor-divider\">\n\t\t\t<span class=\"elementor-divider-separator\">\n\t\t\t\t\t\t<\/span>\n\t\t<\/div>\n\t\t\t\t\t\t<\/div>\n\t\t\t\t<\/div>\n\t\t\t\t<div class=\"elementor-element elementor-element-55dcdf02 elementor-widget elementor-widget-heading\" data-id=\"55dcdf02\" data-element_type=\"widget\" data-e-type=\"widget\" data-widget_type=\"heading.default\">\n\t\t\t\t<div class=\"elementor-widget-container\">\n\t\t\t\t\t<h2 class=\"elementor-heading-title elementor-size-medium\">R\u00e9sum\u00e9<\/h2>\t\t\t\t<\/div>\n\t\t\t\t<\/div>\n\t\t\t\t<div class=\"elementor-element elementor-element-2c2a5530 elementor-widget elementor-widget-text-editor\" data-id=\"2c2a5530\" data-element_type=\"widget\" data-e-type=\"widget\" data-widget_type=\"text-editor.default\">\n\t\t\t\t<div class=\"elementor-widget-container\">\n\t\t\t\t\t\t\t\t\t<p>1910. La jeune Agathe, repasseuse, fait la connaissance de la Belle Otero, c\u00e9l\u00e8bre danseuse, dans la villa dans laquelle elle est employ\u00e9e. Une rencontre qui va bouleverser sa vie, deux destins li\u00e9s \u00e0 jamais par le poids d\u2019un secret.<br \/>Un si\u00e8cle plus tard, Faustine, journaliste qui se remet tout juste d\u2019une d\u00e9pression, se rend dans l\u2019arri\u00e8re-pays ni\u00e7ois afin d\u2019\u00e9crire un article sur la Belle \u00c9poque. Sa grand-tante va lui r\u00e9v\u00e9ler l\u2019histoire d\u2019Agathe, leur a\u00efeule hors du commun. En plongeant dans les secrets de sa famille, la jeune femme va remettre en question son avenir.<\/p>\t\t\t\t\t\t\t\t<\/div>\n\t\t\t\t<\/div>\n\t\t\t\t<div class=\"elementor-element elementor-element-54d544fe elementor-widget-divider--view-line elementor-widget elementor-widget-divider\" data-id=\"54d544fe\" data-element_type=\"widget\" data-e-type=\"widget\" data-widget_type=\"divider.default\">\n\t\t\t\t<div class=\"elementor-widget-container\">\n\t\t\t\t\t\t\t<div class=\"elementor-divider\">\n\t\t\t<span class=\"elementor-divider-separator\">\n\t\t\t\t\t\t<\/span>\n\t\t<\/div>\n\t\t\t\t\t\t<\/div>\n\t\t\t\t<\/div>\n\t\t\t\t<div class=\"elementor-element elementor-element-159e4c79 elementor-widget elementor-widget-heading\" data-id=\"159e4c79\" data-element_type=\"widget\" data-e-type=\"widget\" data-widget_type=\"heading.default\">\n\t\t\t\t<div class=\"elementor-widget-container\">\n\t\t\t\t\t<h2 class=\"elementor-heading-title elementor-size-medium\">Ma note<\/h2>\t\t\t\t<\/div>\n\t\t\t\t<\/div>\n\t\t\t\t<div class=\"elementor-element elementor-element-748cc05e elementor-star-rating--align-center elementor--star-style-star_fontawesome elementor-widget elementor-widget-star-rating\" data-id=\"748cc05e\" data-element_type=\"widget\" data-e-type=\"widget\" data-widget_type=\"star-rating.default\">\n\t\t\t\t<div class=\"elementor-widget-container\">\n\t\t\t\t\t\t\t<div class=\"elementor-star-rating__wrapper\">\n\t\t\t\t\t\t<div class=\"elementor-star-rating\" itemtype=\"http:\/\/schema.org\/Rating\" itemscope=\"\" itemprop=\"reviewRating\">\n\t\t\t\t<i class=\"elementor-star-full\" aria-hidden=\"true\">&#xE934;<\/i><i class=\"elementor-star-full\" aria-hidden=\"true\">&#xE934;<\/i><i class=\"elementor-star-full\" aria-hidden=\"true\">&#xE934;<\/i><i class=\"elementor-star-full\" aria-hidden=\"true\">&#xE934;<\/i><i class=\"elementor-star-full\" aria-hidden=\"true\">&#xE934;<\/i>\t\t\t\t<span itemprop=\"ratingValue\" class=\"elementor-screen-only\">Not\u00e9 5 sur 5<\/span>\n\t\t\t<\/div>\n\t\t<\/div>\n\t\t\t\t\t\t<\/div>\n\t\t\t\t<\/div>\n\t\t\t\t<div class=\"elementor-element elementor-element-4ef9a4e6 elementor-widget-divider--view-line elementor-widget elementor-widget-divider\" data-id=\"4ef9a4e6\" data-element_type=\"widget\" data-e-type=\"widget\" data-widget_type=\"divider.default\">\n\t\t\t\t<div class=\"elementor-widget-container\">\n\t\t\t\t\t\t\t<div class=\"elementor-divider\">\n\t\t\t<span class=\"elementor-divider-separator\">\n\t\t\t\t\t\t<\/span>\n\t\t<\/div>\n\t\t\t\t\t\t<\/div>\n\t\t\t\t<\/div>\n\t\t\t\t<div class=\"elementor-element elementor-element-69b54b9f elementor-widget elementor-widget-heading\" data-id=\"69b54b9f\" data-element_type=\"widget\" data-e-type=\"widget\" data-widget_type=\"heading.default\">\n\t\t\t\t<div class=\"elementor-widget-container\">\n\t\t\t\t\t<h2 class=\"elementor-heading-title elementor-size-medium\">Une h\u00e9ro\u00efne g\u00e9niale<\/h2>\t\t\t\t<\/div>\n\t\t\t\t<\/div>\n\t\t\t\t<div class=\"elementor-element elementor-element-2c909379 elementor-widget elementor-widget-text-editor\" data-id=\"2c909379\" data-element_type=\"widget\" data-e-type=\"widget\" data-widget_type=\"text-editor.default\">\n\t\t\t\t<div class=\"elementor-widget-container\">\n\t\t\t\t\t\t\t\t\t<p>Encore un roman de Clarisse Sabard que j\u2019ai d\u00e9vor\u00e9. En effet, j\u2019avais d\u00e9j\u00e0 ador\u00e9 Les lettres de Rose, et encore pr\u00e9f\u00e9r\u00e9 La plage de la mari\u00e9e\u00a0\u00e0 celui-ci. Enfin, elle signe l\u00e0 un roman coup de c\u0153ur avec Le jardin de l\u2019oubli. D\u00e9cid\u00e9ment, son style s\u2019am\u00e9liore, ses personnages se perfectionnent et la dynamique est telle qu\u2019on ne peut s\u2019arr\u00eater de tourner les pages. D\u00e9s le d\u00e9part, j\u2019ai ador\u00e9 le caract\u00e8re de Faustine, notre h\u00e9ro\u00efne du pr\u00e9sent. Peut-\u00eatre parce que moi aussi de temps en temps j\u2019ai envie de vendre mes fr\u00e8res et s\u0153urs sur le Bon Coin ?<\/p><p>J\u2019ai vraiment pu m\u2019identifier \u00e0 la jeune femme, qui est certainement son personnage le plus abouti de ses trois premiers titres. Elle a de nombreuses qualit\u00e9s, quelques d\u00e9fauts, et aussi ses propres soucis \u00e0 g\u00e9rer. Et sans qu\u2019on s\u2019y attende, Clarisse va aborder une probl\u00e9matique tr\u00e8s importante que j\u2019ai vraiment appr\u00e9ci\u00e9. Je ne dirais pas de quoi il s\u2019agit, \u00e9videmment. J\u2019ai \u00e9galement eu la chance de rencontrer une personnage illustre, La Belle Otero, et j\u2019avoue que je n\u2019en avais jamais entendue parler. Voici un ajout \u00e0 ma culture g\u00e9n\u00e9rale.<\/p>\t\t\t\t\t\t\t\t<\/div>\n\t\t\t\t<\/div>\n\t\t\t\t<div class=\"elementor-element elementor-element-45cc02fb elementor-widget-divider--view-line elementor-widget elementor-widget-divider\" data-id=\"45cc02fb\" data-element_type=\"widget\" data-e-type=\"widget\" data-widget_type=\"divider.default\">\n\t\t\t\t<div class=\"elementor-widget-container\">\n\t\t\t\t\t\t\t<div class=\"elementor-divider\">\n\t\t\t<span class=\"elementor-divider-separator\">\n\t\t\t\t\t\t<\/span>\n\t\t<\/div>\n\t\t\t\t\t\t<\/div>\n\t\t\t\t<\/div>\n\t\t\t\t<div class=\"elementor-element elementor-element-33b22533 elementor-widget elementor-widget-heading\" data-id=\"33b22533\" data-element_type=\"widget\" data-e-type=\"widget\" data-widget_type=\"heading.default\">\n\t\t\t\t<div class=\"elementor-widget-container\">\n\t\t\t\t\t<h4 class=\"elementor-heading-title elementor-size-medium\">\u00ab \u2013 Je ne crois pas que les secrets r\u00e9v\u00e9l\u00e9s fassent du mal, analyse Hammad. C\u2019est ce qu\u2019on en fait qui leur donne toute leur intensit\u00e9. Ce sont les le\u00e7ons qu\u2019on en tire qui peuvent nous lib\u00e9rer.\u00bb<\/h4>\t\t\t\t<\/div>\n\t\t\t\t<\/div>\n\t\t\t\t<div class=\"elementor-element elementor-element-7d448d3b elementor-widget-divider--view-line elementor-widget elementor-widget-divider\" data-id=\"7d448d3b\" data-element_type=\"widget\" data-e-type=\"widget\" data-widget_type=\"divider.default\">\n\t\t\t\t<div class=\"elementor-widget-container\">\n\t\t\t\t\t\t\t<div class=\"elementor-divider\">\n\t\t\t<span class=\"elementor-divider-separator\">\n\t\t\t\t\t\t<\/span>\n\t\t<\/div>\n\t\t\t\t\t\t<\/div>\n\t\t\t\t<\/div>\n\t\t\t\t<div class=\"elementor-element elementor-element-4168a335 elementor-widget elementor-widget-heading\" data-id=\"4168a335\" data-element_type=\"widget\" data-e-type=\"widget\" data-widget_type=\"heading.default\">\n\t\t\t\t<div class=\"elementor-widget-container\">\n\t\t\t\t\t<h2 class=\"elementor-heading-title elementor-size-medium\">De la chaleur sur notre peau<\/h2>\t\t\t\t<\/div>\n\t\t\t\t<\/div>\n\t\t\t\t<div class=\"elementor-element elementor-element-74d77bfc elementor-widget elementor-widget-text-editor\" data-id=\"74d77bfc\" data-element_type=\"widget\" data-e-type=\"widget\" data-widget_type=\"text-editor.default\">\n\t\t\t\t<div class=\"elementor-widget-container\">\n\t\t\t\t\t\t\t\t\t<p>Dans Le jardin de l&rsquo;oubli, j\u2019ai \u00e0 nouveau eu l\u2019impression d\u2019int\u00e9grer une vraie famille. Je me sentais chez moi dans cette maison de Caussi\u00e8re, avec Ron Weasly (le chat), Gaby et Caroline. Les deux tantes de la jeune femme m\u2019ont beaucoup plus. J\u2019avais envie de boire du caf\u00e9 avec elles, de go\u00fbter les recettes de Gaby et de lire les romans de Caroline. Elles m\u2019ont fait tellement de bien ! Et cette fois-ci j\u2019ai vraiment appr\u00e9ci\u00e9 la fa\u00e7on dont Clarisse Sabard aborde la th\u00e9matique de l\u2019homosexualit\u00e9. Je me lassais du clich\u00e9 du meilleur ami gay, et pour le coup, elle a vraiment su me surprendre ! En plus de cela, ce roman est simplement parfait par ce temps glacial. Je me croyais vraiment sur la C\u00f4te d\u2019Azur, je sentais la brise dans mes cheveux et le soleil sur ma peau. Quel plaisir !<\/p>\t\t\t\t\t\t\t\t<\/div>\n\t\t\t\t<\/div>\n\t\t\t\t<div class=\"elementor-element elementor-element-52f6b5da elementor-widget-divider--view-line elementor-widget elementor-widget-divider\" data-id=\"52f6b5da\" data-element_type=\"widget\" data-e-type=\"widget\" data-widget_type=\"divider.default\">\n\t\t\t\t<div class=\"elementor-widget-container\">\n\t\t\t\t\t\t\t<div class=\"elementor-divider\">\n\t\t\t<span class=\"elementor-divider-separator\">\n\t\t\t\t\t\t<\/span>\n\t\t<\/div>\n\t\t\t\t\t\t<\/div>\n\t\t\t\t<\/div>\n\t\t\t\t<div class=\"elementor-element elementor-element-6d8d9b2 elementor-widget elementor-widget-heading\" data-id=\"6d8d9b2\" data-element_type=\"widget\" data-e-type=\"widget\" data-widget_type=\"heading.default\">\n\t\t\t\t<div class=\"elementor-widget-container\">\n\t\t\t\t\t<h2 class=\"elementor-heading-title elementor-size-medium\">Addictif, comme toujours<\/h2>\t\t\t\t<\/div>\n\t\t\t\t<\/div>\n\t\t\t\t<div class=\"elementor-element elementor-element-55954424 elementor-widget elementor-widget-text-editor\" data-id=\"55954424\" data-element_type=\"widget\" data-e-type=\"widget\" data-widget_type=\"text-editor.default\">\n\t\t\t\t<div class=\"elementor-widget-container\">\n\t\t\t\t\t\t\t\t\t<p>Honn\u00eatement, Le jardin de l\u2019oubli est un roman dont toutes les deux pages, je me notais des citations. Tout le r\u00e9cit sonnait si juste, et par moments, certains passages m\u2019allaient droit sous la peau. Notamment dans la vie d\u2019Agathe, l\u2019a\u00efeul de Faustine. Son r\u00e9cit est amen\u00e9 par Caroline, et comme sa ni\u00e8ce, je n\u2019en pouvais plus \u00e0 chaque fois qu\u2019elle interrompait son r\u00e9cit ! Les <em>cliff-hangers <\/em>sont insupportables, ce qui fait que l\u2019on d\u00e9vore les pages. J\u2019ai \u00e9t\u00e9 un peu plus intrigu\u00e9e par l\u2019histoire du d\u00e9but du si\u00e8cle que de celle du pr\u00e9sent, mais cela permet en fait de s\u2019identifier encore plus \u00e0 la jeune femme qui \u00e9coute le r\u00e9cit. Cette d\u00e9couverte g\u00e9n\u00e9alogique intrigante r\u00e9v\u00e8le bien des surprises, et je ne m\u2019attendais pas du tout \u00e0 la fin ! Enfin, il y a aussi plusieurs romances entre ces pages, et j\u2019ai savour\u00e9 l\u2019attente, souffert pour les amoureux, et je suis m\u00eame tomb\u00e9e de ma chaise quant \u00e0 l\u2019issu de l\u2019une d\u2019entre elles !<\/p><p>Encore une fois, Clarisse Sabard nous livre un r\u00e9cit intrigant et complet. A mes yeux, c\u2019est le meilleur des trois premiers romans ! J\u2019ai vraiment appr\u00e9ci\u00e9 la dynamique, le style et les \u00e9v\u00e9nements ont su me surprendre comme jamais. C\u2019est d\u00e9finitivement une autrice \u00e0 suivre.<\/p><p>Chronique initialement publi\u00e9e en 2018.<\/p>\t\t\t\t\t\t\t\t<\/div>\n\t\t\t\t<\/div>\n\t\t\t\t<div class=\"elementor-element elementor-element-c393e8b elementor-widget elementor-widget-heading\" data-id=\"c393e8b\" data-element_type=\"widget\" data-e-type=\"widget\" data-widget_type=\"heading.default\">\n\t\t\t\t<div class=\"elementor-widget-container\">\n\t\t\t\t\t<h4 class=\"elementor-heading-title elementor-size-medium\">Les autres romans de l'autrice :<\/h4>\t\t\t\t<\/div>\n\t\t\t\t<\/div>\n\t\t\t\t<div class=\"elementor-element elementor-element-146bb624 elementor-widget elementor-widget-text-editor\" data-id=\"146bb624\" data-element_type=\"widget\" data-e-type=\"widget\" data-widget_type=\"text-editor.default\">\n\t\t\t\t<div class=\"elementor-widget-container\">\n\t\t\t\t\t\t\t\t\t<p>Mes avis sur les autres romans de Clarisse :<\/p><ul><li><a href=\"https:\/\/sorbetkiwi.fr\/index.php\/les-lettres-de-rose-de-clarisse-sabard\/\" data-wplink-edit=\"true\">Les lettres de Rose<\/a><\/li><li><a href=\"https:\/\/sorbetkiwi.wordpress.com\/2017\/03\/17\/la-plage-de-la-mariee-de-clarisse-sabard\/\">La plage de la mari\u00e9e<\/a><\/li><li><a href=\"https:\/\/sorbetkiwi.fr\/index.php\/la-vie-est-belle-et-drole-a-la-fois\/\">La vie est belle et dr\u00f4le \u00e0 la fois<\/a><\/li><li><a href=\"https:\/\/sorbetkiwi.fr\/index.php\/la-vie-a-plus-dimagination-que-nous-de-clarisse-sabard\/\">La vie a plus d&rsquo;imagination que nous<\/a><\/li><li><a href=\"https:\/\/sorbetkiwi.fr\/index.php\/et-nous-danserons-sous-les-flocons-de-clarisse-sabard\/\">Et nous danserons sous les flocons<\/a><\/li><li><a href=\"https:\/\/sorbetkiwi.fr\/index.php\/sous-un-ciel-etoile-de-clarisse-sabard\/\">Sous un ciel \u00e9toil\u00e9<\/a><\/li><li><a href=\"https:\/\/sorbetkiwi.wordpress.com\/2019\/03\/27\/ceux-qui-voulaient-voir-la-mer-de-clarisse-sabard\/\">Ceux qui voulaient voir la mer<\/a><\/li><li><a href=\"https:\/\/sorbetkiwi.fr\/index.php\/la-femme-au-manteau-violet-de-clarisse-sabard\/\">La femme au manteau violet<\/a><\/li><li><a href=\"https:\/\/sorbetkiwi.fr\/index.php\/le-souffle-des-reves-de-clarisse-sabard\/\">Le souffle des r\u00eaves<\/a><\/li><li><a href=\"https:\/\/sorbetkiwi.fr\/index.php\/un-air-d-eternite-de-clarisse-sabard\/\">Un air d&rsquo;\u00e9ternit\u00e9<\/a><\/li><\/ul>\t\t\t\t\t\t\t\t<\/div>\n\t\t\t\t<\/div>\n\t\t\t\t\t<\/div>\n\t\t<\/div>\n\t\t\t\t\t<\/div>\n\t\t<\/section>\n\t\t\t\t<\/div>\n\t\t","protected":false},"excerpt":{"rendered":"<p>Le jardin de l&rsquo;oubli Clarisse Sabard R\u00e9sum\u00e9 1910. La jeune Agathe, repasseuse, fait la connaissance de la Belle Otero, c\u00e9l\u00e8bre danseuse, dans la villa dans laquelle elle est employ\u00e9e. Une rencontre qui va bouleverser sa &hellip; <\/p>\n","protected":false},"author":1,"featured_media":5982,"comment_status":"open","ping_status":"open","sticky":false,"template":"","format":"standard","meta":{"footnotes":""},"categories":[9,13,8,1],"tags":[28,31,1603,500,230],"class_list":["post-5981","post","type-post","status-publish","format-standard","has-post-thumbnail","hentry","category-coups-de-coeur","category-le-printemps","category-partenariats","category-tout-le-blog","tag-clarisse-sabard","tag-editions-charleston","tag-le-jardin-de-loubli","tag-printemps","tag-roman-contemporain","has-single-img"],"yoast_head":"<!-- This site is optimized with the Yoast SEO plugin v27.4 - https:\/\/yoast.com\/product\/yoast-seo-wordpress\/ -->\n<title>Le jardin de l&#039;oubli de Clarisse Sabard - Sorbet Kiwi<\/title>\n<meta name=\"description\" content=\"Transfert de ma chronique Le jardin de l&#039;oubli de Clarisse Sabard, publi\u00e9 aux \u00e9ditions Charleston en grand format en 2018.\" \/>\n<meta name=\"robots\" content=\"index, follow, max-snippet:-1, max-image-preview:large, max-video-preview:-1\" \/>\n<link rel=\"canonical\" href=\"https:\/\/sorbetkiwi.fr\/index.php\/le-jardin-de-l-oubli-de-clarisse-sabard\/\" \/>\n<meta property=\"og:locale\" content=\"fr_FR\" \/>\n<meta property=\"og:type\" content=\"article\" \/>\n<meta property=\"og:title\" content=\"Le jardin de l&#039;oubli de Clarisse Sabard - Sorbet Kiwi\" \/>\n<meta property=\"og:description\" content=\"Transfert de ma chronique Le jardin de l&#039;oubli de Clarisse Sabard, publi\u00e9 aux \u00e9ditions Charleston en grand format en 2018.\" \/>\n<meta property=\"og:url\" content=\"https:\/\/sorbetkiwi.fr\/index.php\/le-jardin-de-l-oubli-de-clarisse-sabard\/\" \/>\n<meta property=\"og:site_name\" content=\"Sorbet Kiwi\" \/>\n<meta property=\"article:publisher\" content=\"https:\/\/www.facebook.com\/profile.php?id=100086238893269\" \/>\n<meta property=\"article:published_time\" content=\"2024-04-13T05:00:00+00:00\" \/>\n<meta property=\"og:image\" content=\"https:\/\/sorbetkiwi.fr\/wp-content\/uploads\/2024\/04\/Le-jardin-de-loubli-Clarisse-Sabard.jpg\" \/>\n\t<meta property=\"og:image:width\" content=\"1080\" \/>\n\t<meta property=\"og:image:height\" content=\"1440\" \/>\n\t<meta property=\"og:image:type\" content=\"image\/jpeg\" \/>\n<meta name=\"author\" content=\"Sorbet-Kiwi\" \/>\n<meta name=\"twitter:card\" content=\"summary_large_image\" \/>\n<meta name=\"twitter:creator\" content=\"@pepparshoes\" \/>\n<meta name=\"twitter:site\" content=\"@pepparshoes\" \/>\n<meta name=\"twitter:label1\" content=\"\u00c9crit par\" \/>\n\t<meta name=\"twitter:data1\" content=\"Sorbet-Kiwi\" \/>\n\t<meta name=\"twitter:label2\" content=\"Dur\u00e9e de lecture estim\u00e9e\" \/>\n\t<meta name=\"twitter:data2\" content=\"4 minutes\" \/>\n<script type=\"application\/ld+json\" class=\"yoast-schema-graph\">{\"@context\":\"https:\\\/\\\/schema.org\",\"@graph\":[{\"@type\":\"Article\",\"@id\":\"https:\\\/\\\/sorbetkiwi.fr\\\/index.php\\\/le-jardin-de-l-oubli-de-clarisse-sabard\\\/#article\",\"isPartOf\":{\"@id\":\"https:\\\/\\\/sorbetkiwi.fr\\\/index.php\\\/le-jardin-de-l-oubli-de-clarisse-sabard\\\/\"},\"author\":{\"name\":\"Sorbet-Kiwi\",\"@id\":\"https:\\\/\\\/sorbetkiwi.fr\\\/#\\\/schema\\\/person\\\/ed1b7b527a2957ddc3bf38b076540659\"},\"headline\":\"Le jardin de l&rsquo;oubli de Clarisse Sabard\",\"datePublished\":\"2024-04-13T05:00:00+00:00\",\"mainEntityOfPage\":{\"@id\":\"https:\\\/\\\/sorbetkiwi.fr\\\/index.php\\\/le-jardin-de-l-oubli-de-clarisse-sabard\\\/\"},\"wordCount\":890,\"commentCount\":11,\"publisher\":{\"@id\":\"https:\\\/\\\/sorbetkiwi.fr\\\/#organization\"},\"image\":{\"@id\":\"https:\\\/\\\/sorbetkiwi.fr\\\/index.php\\\/le-jardin-de-l-oubli-de-clarisse-sabard\\\/#primaryimage\"},\"thumbnailUrl\":\"https:\\\/\\\/sorbetkiwi.fr\\\/wp-content\\\/uploads\\\/2024\\\/04\\\/Le-jardin-de-loubli-Clarisse-Sabard.jpg\",\"keywords\":[\"Clarisse Sabard\",\"Editions Charleston\",\"Le jardin de l'oubli\",\"Printemps\",\"Roman contemporain\"],\"articleSection\":[\"Coups de coeur\",\"Le printemps\",\"Partenariats\",\"Tout le blog\"],\"inLanguage\":\"fr-FR\",\"potentialAction\":[{\"@type\":\"CommentAction\",\"name\":\"Comment\",\"target\":[\"https:\\\/\\\/sorbetkiwi.fr\\\/index.php\\\/le-jardin-de-l-oubli-de-clarisse-sabard\\\/#respond\"]}]},{\"@type\":\"WebPage\",\"@id\":\"https:\\\/\\\/sorbetkiwi.fr\\\/index.php\\\/le-jardin-de-l-oubli-de-clarisse-sabard\\\/\",\"url\":\"https:\\\/\\\/sorbetkiwi.fr\\\/index.php\\\/le-jardin-de-l-oubli-de-clarisse-sabard\\\/\",\"name\":\"Le jardin de l'oubli de Clarisse Sabard - Sorbet Kiwi\",\"isPartOf\":{\"@id\":\"https:\\\/\\\/sorbetkiwi.fr\\\/#website\"},\"primaryImageOfPage\":{\"@id\":\"https:\\\/\\\/sorbetkiwi.fr\\\/index.php\\\/le-jardin-de-l-oubli-de-clarisse-sabard\\\/#primaryimage\"},\"image\":{\"@id\":\"https:\\\/\\\/sorbetkiwi.fr\\\/index.php\\\/le-jardin-de-l-oubli-de-clarisse-sabard\\\/#primaryimage\"},\"thumbnailUrl\":\"https:\\\/\\\/sorbetkiwi.fr\\\/wp-content\\\/uploads\\\/2024\\\/04\\\/Le-jardin-de-loubli-Clarisse-Sabard.jpg\",\"datePublished\":\"2024-04-13T05:00:00+00:00\",\"description\":\"Transfert de ma chronique Le jardin de l'oubli de Clarisse Sabard, publi\u00e9 aux \u00e9ditions Charleston en grand format en 2018.\",\"breadcrumb\":{\"@id\":\"https:\\\/\\\/sorbetkiwi.fr\\\/index.php\\\/le-jardin-de-l-oubli-de-clarisse-sabard\\\/#breadcrumb\"},\"inLanguage\":\"fr-FR\",\"potentialAction\":[{\"@type\":\"ReadAction\",\"target\":[\"https:\\\/\\\/sorbetkiwi.fr\\\/index.php\\\/le-jardin-de-l-oubli-de-clarisse-sabard\\\/\"]}]},{\"@type\":\"ImageObject\",\"inLanguage\":\"fr-FR\",\"@id\":\"https:\\\/\\\/sorbetkiwi.fr\\\/index.php\\\/le-jardin-de-l-oubli-de-clarisse-sabard\\\/#primaryimage\",\"url\":\"https:\\\/\\\/sorbetkiwi.fr\\\/wp-content\\\/uploads\\\/2024\\\/04\\\/Le-jardin-de-loubli-Clarisse-Sabard.jpg\",\"contentUrl\":\"https:\\\/\\\/sorbetkiwi.fr\\\/wp-content\\\/uploads\\\/2024\\\/04\\\/Le-jardin-de-loubli-Clarisse-Sabard.jpg\",\"width\":1080,\"height\":1440,\"caption\":\"Le jardin de l'oubli Clarisse Sabard\"},{\"@type\":\"BreadcrumbList\",\"@id\":\"https:\\\/\\\/sorbetkiwi.fr\\\/index.php\\\/le-jardin-de-l-oubli-de-clarisse-sabard\\\/#breadcrumb\",\"itemListElement\":[{\"@type\":\"ListItem\",\"position\":1,\"name\":\"Accueil\",\"item\":\"https:\\\/\\\/sorbetkiwi.fr\\\/\"},{\"@type\":\"ListItem\",\"position\":2,\"name\":\"Le jardin de l&rsquo;oubli de Clarisse Sabard\"}]},{\"@type\":\"WebSite\",\"@id\":\"https:\\\/\\\/sorbetkiwi.fr\\\/#website\",\"url\":\"https:\\\/\\\/sorbetkiwi.fr\\\/\",\"name\":\"Sorbet Kiwi\",\"description\":\"Des lectures th\u00e9matiques par saison et les avis qui vont avec\",\"publisher\":{\"@id\":\"https:\\\/\\\/sorbetkiwi.fr\\\/#organization\"},\"potentialAction\":[{\"@type\":\"SearchAction\",\"target\":{\"@type\":\"EntryPoint\",\"urlTemplate\":\"https:\\\/\\\/sorbetkiwi.fr\\\/?s={search_term_string}\"},\"query-input\":{\"@type\":\"PropertyValueSpecification\",\"valueRequired\":true,\"valueName\":\"search_term_string\"}}],\"inLanguage\":\"fr-FR\"},{\"@type\":\"Organization\",\"@id\":\"https:\\\/\\\/sorbetkiwi.fr\\\/#organization\",\"name\":\"Sorbet Kiwi\",\"url\":\"https:\\\/\\\/sorbetkiwi.fr\\\/\",\"logo\":{\"@type\":\"ImageObject\",\"inLanguage\":\"fr-FR\",\"@id\":\"https:\\\/\\\/sorbetkiwi.fr\\\/#\\\/schema\\\/logo\\\/image\\\/\",\"url\":\"https:\\\/\\\/sorbetkiwi.fr\\\/wp-content\\\/uploads\\\/2022\\\/10\\\/Banniere-Sorbet-Kiwi-2022.jpg\",\"contentUrl\":\"https:\\\/\\\/sorbetkiwi.fr\\\/wp-content\\\/uploads\\\/2022\\\/10\\\/Banniere-Sorbet-Kiwi-2022.jpg\",\"width\":814,\"height\":401,\"caption\":\"Sorbet Kiwi\"},\"image\":{\"@id\":\"https:\\\/\\\/sorbetkiwi.fr\\\/#\\\/schema\\\/logo\\\/image\\\/\"},\"sameAs\":[\"https:\\\/\\\/www.facebook.com\\\/profile.php?id=100086238893269\",\"https:\\\/\\\/x.com\\\/pepparshoes\",\"https:\\\/\\\/www.instagram.com\\\/sorbetkiwi\\\/\",\"https:\\\/\\\/www.tiktok.com\\\/sorbetkiwi\"]},{\"@type\":\"Person\",\"@id\":\"https:\\\/\\\/sorbetkiwi.fr\\\/#\\\/schema\\\/person\\\/ed1b7b527a2957ddc3bf38b076540659\",\"name\":\"Sorbet-Kiwi\",\"image\":{\"@type\":\"ImageObject\",\"inLanguage\":\"fr-FR\",\"@id\":\"https:\\\/\\\/secure.gravatar.com\\\/avatar\\\/86f0a5c27d76317621b9e374d0f3a01d3a85278f10d0c7207ced4fd773057442?s=96&d=mm&r=g\",\"url\":\"https:\\\/\\\/secure.gravatar.com\\\/avatar\\\/86f0a5c27d76317621b9e374d0f3a01d3a85278f10d0c7207ced4fd773057442?s=96&d=mm&r=g\",\"contentUrl\":\"https:\\\/\\\/secure.gravatar.com\\\/avatar\\\/86f0a5c27d76317621b9e374d0f3a01d3a85278f10d0c7207ced4fd773057442?s=96&d=mm&r=g\",\"caption\":\"Sorbet-Kiwi\"},\"sameAs\":[\"http:\\\/\\\/sorbetkiwi.fr\"],\"url\":\"https:\\\/\\\/sorbetkiwi.fr\\\/index.php\\\/author\\\/admin7717\\\/\"}]}<\/script>\n<!-- \/ Yoast SEO plugin. -->","yoast_head_json":{"title":"Le jardin de l'oubli de Clarisse Sabard - Sorbet Kiwi","description":"Transfert de ma chronique Le jardin de l'oubli de Clarisse Sabard, publi\u00e9 aux \u00e9ditions Charleston en grand format en 2018.","robots":{"index":"index","follow":"follow","max-snippet":"max-snippet:-1","max-image-preview":"max-image-preview:large","max-video-preview":"max-video-preview:-1"},"canonical":"https:\/\/sorbetkiwi.fr\/index.php\/le-jardin-de-l-oubli-de-clarisse-sabard\/","og_locale":"fr_FR","og_type":"article","og_title":"Le jardin de l'oubli de Clarisse Sabard - Sorbet Kiwi","og_description":"Transfert de ma chronique Le jardin de l'oubli de Clarisse Sabard, publi\u00e9 aux \u00e9ditions Charleston en grand format en 2018.","og_url":"https:\/\/sorbetkiwi.fr\/index.php\/le-jardin-de-l-oubli-de-clarisse-sabard\/","og_site_name":"Sorbet Kiwi","article_publisher":"https:\/\/www.facebook.com\/profile.php?id=100086238893269","article_published_time":"2024-04-13T05:00:00+00:00","og_image":[{"width":1080,"height":1440,"url":"https:\/\/sorbetkiwi.fr\/wp-content\/uploads\/2024\/04\/Le-jardin-de-loubli-Clarisse-Sabard.jpg","type":"image\/jpeg"}],"author":"Sorbet-Kiwi","twitter_card":"summary_large_image","twitter_creator":"@pepparshoes","twitter_site":"@pepparshoes","twitter_misc":{"\u00c9crit par":"Sorbet-Kiwi","Dur\u00e9e de lecture estim\u00e9e":"4 minutes"},"schema":{"@context":"https:\/\/schema.org","@graph":[{"@type":"Article","@id":"https:\/\/sorbetkiwi.fr\/index.php\/le-jardin-de-l-oubli-de-clarisse-sabard\/#article","isPartOf":{"@id":"https:\/\/sorbetkiwi.fr\/index.php\/le-jardin-de-l-oubli-de-clarisse-sabard\/"},"author":{"name":"Sorbet-Kiwi","@id":"https:\/\/sorbetkiwi.fr\/#\/schema\/person\/ed1b7b527a2957ddc3bf38b076540659"},"headline":"Le jardin de l&rsquo;oubli de Clarisse Sabard","datePublished":"2024-04-13T05:00:00+00:00","mainEntityOfPage":{"@id":"https:\/\/sorbetkiwi.fr\/index.php\/le-jardin-de-l-oubli-de-clarisse-sabard\/"},"wordCount":890,"commentCount":11,"publisher":{"@id":"https:\/\/sorbetkiwi.fr\/#organization"},"image":{"@id":"https:\/\/sorbetkiwi.fr\/index.php\/le-jardin-de-l-oubli-de-clarisse-sabard\/#primaryimage"},"thumbnailUrl":"https:\/\/sorbetkiwi.fr\/wp-content\/uploads\/2024\/04\/Le-jardin-de-loubli-Clarisse-Sabard.jpg","keywords":["Clarisse Sabard","Editions Charleston","Le jardin de l'oubli","Printemps","Roman contemporain"],"articleSection":["Coups de coeur","Le printemps","Partenariats","Tout le blog"],"inLanguage":"fr-FR","potentialAction":[{"@type":"CommentAction","name":"Comment","target":["https:\/\/sorbetkiwi.fr\/index.php\/le-jardin-de-l-oubli-de-clarisse-sabard\/#respond"]}]},{"@type":"WebPage","@id":"https:\/\/sorbetkiwi.fr\/index.php\/le-jardin-de-l-oubli-de-clarisse-sabard\/","url":"https:\/\/sorbetkiwi.fr\/index.php\/le-jardin-de-l-oubli-de-clarisse-sabard\/","name":"Le jardin de l'oubli de Clarisse Sabard - Sorbet Kiwi","isPartOf":{"@id":"https:\/\/sorbetkiwi.fr\/#website"},"primaryImageOfPage":{"@id":"https:\/\/sorbetkiwi.fr\/index.php\/le-jardin-de-l-oubli-de-clarisse-sabard\/#primaryimage"},"image":{"@id":"https:\/\/sorbetkiwi.fr\/index.php\/le-jardin-de-l-oubli-de-clarisse-sabard\/#primaryimage"},"thumbnailUrl":"https:\/\/sorbetkiwi.fr\/wp-content\/uploads\/2024\/04\/Le-jardin-de-loubli-Clarisse-Sabard.jpg","datePublished":"2024-04-13T05:00:00+00:00","description":"Transfert de ma chronique Le jardin de l'oubli de Clarisse Sabard, publi\u00e9 aux \u00e9ditions Charleston en grand format en 2018.","breadcrumb":{"@id":"https:\/\/sorbetkiwi.fr\/index.php\/le-jardin-de-l-oubli-de-clarisse-sabard\/#breadcrumb"},"inLanguage":"fr-FR","potentialAction":[{"@type":"ReadAction","target":["https:\/\/sorbetkiwi.fr\/index.php\/le-jardin-de-l-oubli-de-clarisse-sabard\/"]}]},{"@type":"ImageObject","inLanguage":"fr-FR","@id":"https:\/\/sorbetkiwi.fr\/index.php\/le-jardin-de-l-oubli-de-clarisse-sabard\/#primaryimage","url":"https:\/\/sorbetkiwi.fr\/wp-content\/uploads\/2024\/04\/Le-jardin-de-loubli-Clarisse-Sabard.jpg","contentUrl":"https:\/\/sorbetkiwi.fr\/wp-content\/uploads\/2024\/04\/Le-jardin-de-loubli-Clarisse-Sabard.jpg","width":1080,"height":1440,"caption":"Le jardin de l'oubli Clarisse Sabard"},{"@type":"BreadcrumbList","@id":"https:\/\/sorbetkiwi.fr\/index.php\/le-jardin-de-l-oubli-de-clarisse-sabard\/#breadcrumb","itemListElement":[{"@type":"ListItem","position":1,"name":"Accueil","item":"https:\/\/sorbetkiwi.fr\/"},{"@type":"ListItem","position":2,"name":"Le jardin de l&rsquo;oubli de Clarisse Sabard"}]},{"@type":"WebSite","@id":"https:\/\/sorbetkiwi.fr\/#website","url":"https:\/\/sorbetkiwi.fr\/","name":"Sorbet Kiwi","description":"Des lectures th\u00e9matiques par saison et les avis qui vont avec","publisher":{"@id":"https:\/\/sorbetkiwi.fr\/#organization"},"potentialAction":[{"@type":"SearchAction","target":{"@type":"EntryPoint","urlTemplate":"https:\/\/sorbetkiwi.fr\/?s={search_term_string}"},"query-input":{"@type":"PropertyValueSpecification","valueRequired":true,"valueName":"search_term_string"}}],"inLanguage":"fr-FR"},{"@type":"Organization","@id":"https:\/\/sorbetkiwi.fr\/#organization","name":"Sorbet Kiwi","url":"https:\/\/sorbetkiwi.fr\/","logo":{"@type":"ImageObject","inLanguage":"fr-FR","@id":"https:\/\/sorbetkiwi.fr\/#\/schema\/logo\/image\/","url":"https:\/\/sorbetkiwi.fr\/wp-content\/uploads\/2022\/10\/Banniere-Sorbet-Kiwi-2022.jpg","contentUrl":"https:\/\/sorbetkiwi.fr\/wp-content\/uploads\/2022\/10\/Banniere-Sorbet-Kiwi-2022.jpg","width":814,"height":401,"caption":"Sorbet Kiwi"},"image":{"@id":"https:\/\/sorbetkiwi.fr\/#\/schema\/logo\/image\/"},"sameAs":["https:\/\/www.facebook.com\/profile.php?id=100086238893269","https:\/\/x.com\/pepparshoes","https:\/\/www.instagram.com\/sorbetkiwi\/","https:\/\/www.tiktok.com\/sorbetkiwi"]},{"@type":"Person","@id":"https:\/\/sorbetkiwi.fr\/#\/schema\/person\/ed1b7b527a2957ddc3bf38b076540659","name":"Sorbet-Kiwi","image":{"@type":"ImageObject","inLanguage":"fr-FR","@id":"https:\/\/secure.gravatar.com\/avatar\/86f0a5c27d76317621b9e374d0f3a01d3a85278f10d0c7207ced4fd773057442?s=96&d=mm&r=g","url":"https:\/\/secure.gravatar.com\/avatar\/86f0a5c27d76317621b9e374d0f3a01d3a85278f10d0c7207ced4fd773057442?s=96&d=mm&r=g","contentUrl":"https:\/\/secure.gravatar.com\/avatar\/86f0a5c27d76317621b9e374d0f3a01d3a85278f10d0c7207ced4fd773057442?s=96&d=mm&r=g","caption":"Sorbet-Kiwi"},"sameAs":["http:\/\/sorbetkiwi.fr"],"url":"https:\/\/sorbetkiwi.fr\/index.php\/author\/admin7717\/"}]}},"_links":{"self":[{"href":"https:\/\/sorbetkiwi.fr\/index.php\/wp-json\/wp\/v2\/posts\/5981","targetHints":{"allow":["GET"]}}],"collection":[{"href":"https:\/\/sorbetkiwi.fr\/index.php\/wp-json\/wp\/v2\/posts"}],"about":[{"href":"https:\/\/sorbetkiwi.fr\/index.php\/wp-json\/wp\/v2\/types\/post"}],"author":[{"embeddable":true,"href":"https:\/\/sorbetkiwi.fr\/index.php\/wp-json\/wp\/v2\/users\/1"}],"replies":[{"embeddable":true,"href":"https:\/\/sorbetkiwi.fr\/index.php\/wp-json\/wp\/v2\/comments?post=5981"}],"version-history":[{"count":11,"href":"https:\/\/sorbetkiwi.fr\/index.php\/wp-json\/wp\/v2\/posts\/5981\/revisions"}],"predecessor-version":[{"id":6003,"href":"https:\/\/sorbetkiwi.fr\/index.php\/wp-json\/wp\/v2\/posts\/5981\/revisions\/6003"}],"wp:featuredmedia":[{"embeddable":true,"href":"https:\/\/sorbetkiwi.fr\/index.php\/wp-json\/wp\/v2\/media\/5982"}],"wp:attachment":[{"href":"https:\/\/sorbetkiwi.fr\/index.php\/wp-json\/wp\/v2\/media?parent=5981"}],"wp:term":[{"taxonomy":"category","embeddable":true,"href":"https:\/\/sorbetkiwi.fr\/index.php\/wp-json\/wp\/v2\/categories?post=5981"},{"taxonomy":"post_tag","embeddable":true,"href":"https:\/\/sorbetkiwi.fr\/index.php\/wp-json\/wp\/v2\/tags?post=5981"}],"curies":[{"name":"wp","href":"https:\/\/api.w.org\/{rel}","templated":true}]}}