{"id":5891,"date":"2024-04-04T07:00:00","date_gmt":"2024-04-04T05:00:00","guid":{"rendered":"https:\/\/sorbetkiwi.fr\/?p=5891"},"modified":"2024-04-03T19:14:04","modified_gmt":"2024-04-03T17:14:04","slug":"la-juree-de-claire-jehanno","status":"publish","type":"post","link":"https:\/\/sorbetkiwi.fr\/index.php\/la-juree-de-claire-jehanno\/","title":{"rendered":"La jur\u00e9e de Claire J\u00e9hanno"},"content":{"rendered":"\t\t<div data-elementor-type=\"wp-post\" data-elementor-id=\"5891\" class=\"elementor elementor-5891\">\n\t\t\t\t\t\t<section class=\"elementor-section elementor-top-section elementor-element elementor-element-10ca8120 elementor-section-boxed elementor-section-height-default elementor-section-height-default\" data-id=\"10ca8120\" data-element_type=\"section\" data-e-type=\"section\">\n\t\t\t\t\t\t<div class=\"elementor-container elementor-column-gap-default\">\n\t\t\t\t\t<div class=\"elementor-column elementor-col-100 elementor-top-column elementor-element elementor-element-7c39252a\" data-id=\"7c39252a\" data-element_type=\"column\" data-e-type=\"column\">\n\t\t\t<div class=\"elementor-widget-wrap elementor-element-populated\">\n\t\t\t\t\t\t<div class=\"elementor-element elementor-element-3e582635 elementor-widget elementor-widget-heading\" data-id=\"3e582635\" data-element_type=\"widget\" data-e-type=\"widget\" data-widget_type=\"heading.default\">\n\t\t\t\t<div class=\"elementor-widget-container\">\n\t\t\t\t\t<h1 class=\"elementor-heading-title elementor-size-medium\">La jur\u00e9e sur les toits de Lisbonne<\/h1>\t\t\t\t<\/div>\n\t\t\t\t<\/div>\n\t\t\t\t<div class=\"elementor-element elementor-element-46faef23 elementor-view-default elementor-widget elementor-widget-icon\" data-id=\"46faef23\" data-element_type=\"widget\" data-e-type=\"widget\" data-widget_type=\"icon.default\">\n\t\t\t\t<div class=\"elementor-widget-container\">\n\t\t\t\t\t\t\t<div class=\"elementor-icon-wrapper\">\n\t\t\t<div class=\"elementor-icon\">\n\t\t\t<i aria-hidden=\"true\" class=\"fab fa-pagelines\"><\/i>\t\t\t<\/div>\n\t\t<\/div>\n\t\t\t\t\t\t<\/div>\n\t\t\t\t<\/div>\n\t\t\t\t<div class=\"elementor-element elementor-element-28446b29 elementor-widget-divider--view-line elementor-widget elementor-widget-divider\" data-id=\"28446b29\" data-element_type=\"widget\" data-e-type=\"widget\" data-widget_type=\"divider.default\">\n\t\t\t\t<div class=\"elementor-widget-container\">\n\t\t\t\t\t\t\t<div class=\"elementor-divider\">\n\t\t\t<span class=\"elementor-divider-separator\">\n\t\t\t\t\t\t<\/span>\n\t\t<\/div>\n\t\t\t\t\t\t<\/div>\n\t\t\t\t<\/div>\n\t\t\t\t<div class=\"elementor-element elementor-element-1b141553 elementor-widget elementor-widget-heading\" data-id=\"1b141553\" data-element_type=\"widget\" data-e-type=\"widget\" data-widget_type=\"heading.default\">\n\t\t\t\t<div class=\"elementor-widget-container\">\n\t\t\t\t\t<h2 class=\"elementor-heading-title elementor-size-medium\">R\u00e9sum\u00e9<\/h2>\t\t\t\t<\/div>\n\t\t\t\t<\/div>\n\t\t\t\t<div class=\"elementor-element elementor-element-317a416f elementor-widget elementor-widget-text-editor\" data-id=\"317a416f\" data-element_type=\"widget\" data-e-type=\"widget\" data-widget_type=\"text-editor.default\">\n\t\t\t\t<div class=\"elementor-widget-container\">\n\t\t\t\t\t\t\t\t\t<p>Anna Zeller a \u00e9t\u00e9 tir\u00e9e au sort pour devenir jur\u00e9e aux assises. Une exp\u00e9rience aussi vertigineuse qu\u2019in\u00e9dite.<br \/>Appel\u00e9e \u00e0 juger un couple au casier vierge dans un proc\u00e8s pour empoisonnement et meurtre, la jeune femme va voir resurgir son pass\u00e9. Un pass\u00e9 qui la transporte vingt ans plus t\u00f4t, sur une aire de jeux en Bretagne. Le jour o\u00f9 Anna Boulanger est devenue Anna Zeller.<br \/>Les jur\u00e9s ont une semaine pour d\u00e9cider du destin des accus\u00e9s et s\u2019emparer de leur troublante histoire. C\u2019est aussi le temps qu\u2019il faudra pour que bascule la vie d\u2019Anna.<\/p>\t\t\t\t\t\t\t\t<\/div>\n\t\t\t\t<\/div>\n\t\t\t\t<div class=\"elementor-element elementor-element-abe422f elementor-widget-divider--view-line elementor-widget elementor-widget-divider\" data-id=\"abe422f\" data-element_type=\"widget\" data-e-type=\"widget\" data-widget_type=\"divider.default\">\n\t\t\t\t<div class=\"elementor-widget-container\">\n\t\t\t\t\t\t\t<div class=\"elementor-divider\">\n\t\t\t<span class=\"elementor-divider-separator\">\n\t\t\t\t\t\t<\/span>\n\t\t<\/div>\n\t\t\t\t\t\t<\/div>\n\t\t\t\t<\/div>\n\t\t\t\t<div class=\"elementor-element elementor-element-730b6d5a elementor-widget elementor-widget-heading\" data-id=\"730b6d5a\" data-element_type=\"widget\" data-e-type=\"widget\" data-widget_type=\"heading.default\">\n\t\t\t\t<div class=\"elementor-widget-container\">\n\t\t\t\t\t<h2 class=\"elementor-heading-title elementor-size-medium\">Ma note<\/h2>\t\t\t\t<\/div>\n\t\t\t\t<\/div>\n\t\t\t\t<div class=\"elementor-element elementor-element-2c746afc elementor-star-rating--align-center elementor--star-style-star_fontawesome elementor-widget elementor-widget-star-rating\" data-id=\"2c746afc\" data-element_type=\"widget\" data-e-type=\"widget\" data-widget_type=\"star-rating.default\">\n\t\t\t\t<div class=\"elementor-widget-container\">\n\t\t\t\t\t\t\t<div class=\"elementor-star-rating__wrapper\">\n\t\t\t\t\t\t<div class=\"elementor-star-rating\" itemtype=\"http:\/\/schema.org\/Rating\" itemscope=\"\" itemprop=\"reviewRating\">\n\t\t\t\t<i class=\"elementor-star-full\" aria-hidden=\"true\">&#xE934;<\/i><i class=\"elementor-star-full\" aria-hidden=\"true\">&#xE934;<\/i><i class=\"elementor-star-full\" aria-hidden=\"true\">&#xE934;<\/i><i class=\"elementor-star-full\" aria-hidden=\"true\">&#xE934;<\/i><i class=\"elementor-star-5\" aria-hidden=\"true\">&#xE934;<\/i>\t\t\t\t<span itemprop=\"ratingValue\" class=\"elementor-screen-only\">Not\u00e9 4.5 sur 5<\/span>\n\t\t\t<\/div>\n\t\t<\/div>\n\t\t\t\t\t\t<\/div>\n\t\t\t\t<\/div>\n\t\t\t\t<div class=\"elementor-element elementor-element-26cc2b5c elementor-widget-divider--view-line elementor-widget elementor-widget-divider\" data-id=\"26cc2b5c\" data-element_type=\"widget\" data-e-type=\"widget\" data-widget_type=\"divider.default\">\n\t\t\t\t<div class=\"elementor-widget-container\">\n\t\t\t\t\t\t\t<div class=\"elementor-divider\">\n\t\t\t<span class=\"elementor-divider-separator\">\n\t\t\t\t\t\t<\/span>\n\t\t<\/div>\n\t\t\t\t\t\t<\/div>\n\t\t\t\t<\/div>\n\t\t\t\t<div class=\"elementor-element elementor-element-63db03c1 elementor-widget elementor-widget-heading\" data-id=\"63db03c1\" data-element_type=\"widget\" data-e-type=\"widget\" data-widget_type=\"heading.default\">\n\t\t\t\t<div class=\"elementor-widget-container\">\n\t\t\t\t\t<h2 class=\"elementor-heading-title elementor-size-medium\">Un roman intelligent<\/h2>\t\t\t\t<\/div>\n\t\t\t\t<\/div>\n\t\t\t\t<div class=\"elementor-element elementor-element-5b2723b0 elementor-widget elementor-widget-text-editor\" data-id=\"5b2723b0\" data-element_type=\"widget\" data-e-type=\"widget\" data-widget_type=\"text-editor.default\">\n\t\t\t\t<div class=\"elementor-widget-container\">\n\t\t\t\t\t\t\t\t\t<p>Je d\u00e9couvre La jur\u00e9e dans le cadre du <a href=\"https:\/\/www.harpercollins.fr\/pages\/prix-harpercollins-poche#:~:text=HarperCollins%20France%20lance%20la%20deuxi%C3%A8me,aura%20lieu%20en%20juin%202024.\">Prix Harper Collins Poche<\/a>. Avec d\u00e9j\u00e0 quelques p\u00e9pites au compteur, j&rsquo;\u00e9tais tr\u00e8s curieuse. De plus, ce roman a \u00e9t\u00e9 publi\u00e9 en grand format dans la collection Travers\u00e9e qui est toujours incroyable. Et je n&rsquo;ai pas \u00e9t\u00e9 d\u00e9\u00e7ue ! Des les premi\u00e8res pages, j&rsquo;ai trouv\u00e9 l&rsquo;accus\u00e9 profond\u00e9ment humain. Avec ses imperfections, avec ses bribes de vie. Le processus d&rsquo;\u00e9criture n&rsquo;y est pas \u00e9tranger, puisque la jur\u00e9e, Anna, se compare \u00e0 lui et compare son propre parcours. A quel moment est-ce que l&rsquo;on peut d\u00e9g\u00e9n\u00e9rer ? Si tant est qu&rsquo;il soit coupable. Rappelons-le : il est pr\u00e9sum\u00e9 innocent ! En un claquement de doigts, on en apprend autant sur lui, Fr\u00e9d\u00e9ric Gagneron, que sur elle, Anna Zeller, avec beaucoup d&rsquo;aisance.\u00a0<\/p>\t\t\t\t\t\t\t\t<\/div>\n\t\t\t\t<\/div>\n\t\t\t\t<div class=\"elementor-element elementor-element-4b0b0dc2 elementor-widget-divider--view-line elementor-widget elementor-widget-divider\" data-id=\"4b0b0dc2\" data-element_type=\"widget\" data-e-type=\"widget\" data-widget_type=\"divider.default\">\n\t\t\t\t<div class=\"elementor-widget-container\">\n\t\t\t\t\t\t\t<div class=\"elementor-divider\">\n\t\t\t<span class=\"elementor-divider-separator\">\n\t\t\t\t\t\t<\/span>\n\t\t<\/div>\n\t\t\t\t\t\t<\/div>\n\t\t\t\t<\/div>\n\t\t\t\t<div class=\"elementor-element elementor-element-98e5381 elementor-widget elementor-widget-heading\" data-id=\"98e5381\" data-element_type=\"widget\" data-e-type=\"widget\" data-widget_type=\"heading.default\">\n\t\t\t\t<div class=\"elementor-widget-container\">\n\t\t\t\t\t<h4 class=\"elementor-heading-title elementor-size-medium\">\"J'ai tant d\u00e9test\u00e9 ma m\u00e8re de nous priver de nos rep\u00e8res, de notre p\u00e8re, que je n'ai pas entendu sa propre douleur. C'est le privil\u00e8ge des enfants. Ignorer la peine de ceux qui les \u00e9l\u00e8vent. Ne leur accorder qu'une attention limit\u00e9e.\"<\/h4>\t\t\t\t<\/div>\n\t\t\t\t<\/div>\n\t\t\t\t<div class=\"elementor-element elementor-element-2648ebce elementor-widget-divider--view-line elementor-widget elementor-widget-divider\" data-id=\"2648ebce\" data-element_type=\"widget\" data-e-type=\"widget\" data-widget_type=\"divider.default\">\n\t\t\t\t<div class=\"elementor-widget-container\">\n\t\t\t\t\t\t\t<div class=\"elementor-divider\">\n\t\t\t<span class=\"elementor-divider-separator\">\n\t\t\t\t\t\t<\/span>\n\t\t<\/div>\n\t\t\t\t\t\t<\/div>\n\t\t\t\t<\/div>\n\t\t\t\t<div class=\"elementor-element elementor-element-56d0a023 elementor-widget elementor-widget-heading\" data-id=\"56d0a023\" data-element_type=\"widget\" data-e-type=\"widget\" data-widget_type=\"heading.default\">\n\t\t\t\t<div class=\"elementor-widget-container\">\n\t\t\t\t\t<h2 class=\"elementor-heading-title elementor-size-medium\">Humainement puissant<\/h2>\t\t\t\t<\/div>\n\t\t\t\t<\/div>\n\t\t\t\t<div class=\"elementor-element elementor-element-679b442e elementor-widget elementor-widget-text-editor\" data-id=\"679b442e\" data-element_type=\"widget\" data-e-type=\"widget\" data-widget_type=\"text-editor.default\">\n\t\t\t\t<div class=\"elementor-widget-container\">\n\t\t\t\t\t\t\t\t\t<p>Ce qui rend le tout plus int\u00e9ressant encore, c&rsquo;est que Fr\u00e9d\u00e9ric Gagneron n&rsquo;est pas le seul accus\u00e9. Son ex-compagne, Lucile Moulin, doit \u00e9galement comparaitre. La jur\u00e9e a donc deux personnes face \u00e0 elle. Et cela d\u00e9montre d&rsquo;autant plus \u00e0 quel point l&rsquo;\u00eatre humain est complexe et multifacette. Dans les affaires d&rsquo;homicides, peut-\u00eatre, encore plus. Personne n&rsquo;est lisse ou parfait. Nous avons tous notre parcours. Et surtout, au tribunal, on se rend compte qu&rsquo;on est loin du mythe du monstre sur lequel on tourne des s\u00e9ries Netflix qui fonctionnent. Sur moi la premi\u00e8re, d&rsquo;ailleurs ! Ainsi, La jur\u00e9e met en avant le c\u00f4t\u00e9 d\u00e9shumanisant d&rsquo;un proc\u00e8s de ce type, o\u00f9 toute la vie de l&rsquo;accus\u00e9 est \u00e9pluch\u00e9e au cm\u00b2. Dans ce cas : pr\u00e9sum\u00e9 innocent&#8230; ou pr\u00e9sum\u00e9 coupable ? J&rsquo;ai vraiment trouv\u00e9 int\u00e9ressante la complexit\u00e9 de l&rsquo;affaire que doit jug\u00e9e la jur\u00e9e.\u00a0<\/p>\t\t\t\t\t\t\t\t<\/div>\n\t\t\t\t<\/div>\n\t\t\t\t<div class=\"elementor-element elementor-element-63cf213b elementor-widget-divider--view-line elementor-widget elementor-widget-divider\" data-id=\"63cf213b\" data-element_type=\"widget\" data-e-type=\"widget\" data-widget_type=\"divider.default\">\n\t\t\t\t<div class=\"elementor-widget-container\">\n\t\t\t\t\t\t\t<div class=\"elementor-divider\">\n\t\t\t<span class=\"elementor-divider-separator\">\n\t\t\t\t\t\t<\/span>\n\t\t<\/div>\n\t\t\t\t\t\t<\/div>\n\t\t\t\t<\/div>\n\t\t\t\t<div class=\"elementor-element elementor-element-342e6814 elementor-widget elementor-widget-heading\" data-id=\"342e6814\" data-element_type=\"widget\" data-e-type=\"widget\" data-widget_type=\"heading.default\">\n\t\t\t\t<div class=\"elementor-widget-container\">\n\t\t\t\t\t<h2 class=\"elementor-heading-title elementor-size-medium\">et plus complexe qu'il n'y parait <\/h2>\t\t\t\t<\/div>\n\t\t\t\t<\/div>\n\t\t\t\t<div class=\"elementor-element elementor-element-252ea4c7 elementor-widget elementor-widget-text-editor\" data-id=\"252ea4c7\" data-element_type=\"widget\" data-e-type=\"widget\" data-widget_type=\"text-editor.default\">\n\t\t\t\t<div class=\"elementor-widget-container\">\n\t\t\t\t\t\t\t\t\t<p>Mais la jur\u00e9e a un nom. Anna Zeller. Et un pass\u00e9. Une histoire. Comme nous tous, non ? Il y a des vies plus simples que d&rsquo;autres, mais toutes sont n\u00e9anmoins complexes. Personnelles. Intimes, aussi. Celle d&rsquo;Anna ne fait pas exception, elle m&rsquo;a rendu profond\u00e9ment curieuse. J&rsquo;avais autant envie d&rsquo;\u00e9plucher son pass\u00e9 que celui de Fr\u00e9d\u00e9ric, de Lucile et de Gilberte, la victime. La vie nous am\u00e8ne parfois sur des chemins tortueux qui toutefois d\u00e9bloquent des choses par rapport \u00e0 notre v\u00e9cu. Comme si elle attendait que l&rsquo;on soit vraiment pr\u00eate, arm\u00e9e pour y faire face. Toutes ces r\u00e9flexions sur l&rsquo;humain, dans les deux parties du roman, en \u00e9quilibre, m&rsquo;ont captiv\u00e9.\u00a0<\/p><p>Et puis, Anna est n\u00e9e le m\u00eame jour que moi, cela cr\u00e9e forc\u00e9ment une forme de connivence non ? D&rsquo;autant plus qu&rsquo;elle m&rsquo;a appris que j&rsquo;\u00e9tais amen\u00e9e \u00e0 \u00eatre appel\u00e9e pour juger au tribunal. La jur\u00e9e, \u00e7a pourrait \u00eatre moi. Cela pourrait \u00eatre vous. Alors, humainement, c&rsquo;\u00e9tait une lecture des plus enrichissantes.\u00a0<\/p>\t\t\t\t\t\t\t\t<\/div>\n\t\t\t\t<\/div>\n\t\t\t\t<div class=\"elementor-element elementor-element-40962b11 elementor-widget elementor-widget-heading\" data-id=\"40962b11\" data-element_type=\"widget\" data-e-type=\"widget\" data-widget_type=\"heading.default\">\n\t\t\t\t<div class=\"elementor-widget-container\">\n\t\t\t\t\t<h4 class=\"elementor-heading-title elementor-size-medium\">Le Prix Harper Collins Poche 2024<\/h4>\t\t\t\t<\/div>\n\t\t\t\t<\/div>\n\t\t\t\t<div class=\"elementor-element elementor-element-1143afb6 elementor-widget elementor-widget-text-editor\" data-id=\"1143afb6\" data-element_type=\"widget\" data-e-type=\"widget\" data-widget_type=\"text-editor.default\">\n\t\t\t\t<div class=\"elementor-widget-container\">\n\t\t\t\t\t\t\t\t\t<ul><li><p>Les autres romans de la s\u00e9lection d\u00e9j\u00e0 chroniqu\u00e9s :<\/p><ul><li><a href=\"https:\/\/sorbetkiwi.fr\/index.php\/la-femme-peripherique-de-sophie-pointurier\/\">La femme p\u00e9riph\u00e9rique de Sophie Pointurier<\/a>\u00a0\u2013 Coup de coeur\u00a0<\/li><li><a href=\"https:\/\/sorbetkiwi.fr\/index.php\/mon-acrobate-de-cecile-pivot\/\">Mon acrobate de C\u00e9cile Pivot<\/a>\u00a0\u2013 4,5\/5<\/li><li><a href=\"https:\/\/sorbetkiwi.fr\/index.php\/rien-ne-dure-vraiment-longtemps-de-matthieu-seel\/\">Rien ne dure vraiment longtemps de Mathieu Seel<\/a>\u00a0\u2013 4\/5<\/li><li><a href=\"https:\/\/sorbetkiwi.fr\/index.php\/ajar-paris-de-fanta-drame\/\">Ajar \u2013 Paris de Fanta Dram\u00e9<\/a>\u00a0\u2013 Coup de coeur<\/li><li><a href=\"https:\/\/sorbetkiwi.fr\/index.php\/maman-a-moi-de-valerie-bonneton\/\">Maman \u00e0 moi \u2013 Val\u00e9rie Bonneton<\/a>\u00a0\u2013 2,5\/5<\/li><li><a href=\"https:\/\/sorbetkiwi.fr\/index.php\/la-famille-han-de-min-jin-lee\/\">La famille Han \u2013 Min Jin Lee<\/a>\u00a0\u2013 Coup de coeur\u00a0<\/li><li><a href=\"https:\/\/sorbetkiwi.fr\/index.php\/la-poupee-qui-fait-oui-de-agnes-de-clairville\/\">La poup\u00e9e qui fait oui &#8211; Agn\u00e8s de Clairville<\/a> &#8211; 5\/5<\/li><\/ul><\/li><\/ul>\t\t\t\t\t\t\t\t<\/div>\n\t\t\t\t<\/div>\n\t\t\t\t\t<\/div>\n\t\t<\/div>\n\t\t\t\t\t<\/div>\n\t\t<\/section>\n\t\t\t\t<\/div>\n\t\t","protected":false},"excerpt":{"rendered":"<p>La jur\u00e9e sur les toits de Lisbonne R\u00e9sum\u00e9 Anna Zeller a \u00e9t\u00e9 tir\u00e9e au sort pour devenir jur\u00e9e aux assises. Une exp\u00e9rience aussi vertigineuse qu\u2019in\u00e9dite.Appel\u00e9e \u00e0 juger un couple au casier vierge dans un proc\u00e8s &hellip; <\/p>\n","protected":false},"author":1,"featured_media":5892,"comment_status":"open","ping_status":"open","sticky":false,"template":"","format":"standard","meta":{"footnotes":""},"categories":[13,8,1],"tags":[1589,272,1590,500,976,987,1260,230],"class_list":["post-5891","post","type-post","status-publish","format-standard","has-post-thumbnail","hentry","category-le-printemps","category-partenariats","category-tout-le-blog","tag-claire-jehanno","tag-harper-collins","tag-la-juree","tag-printemps","tag-prix-harper-collins","tag-prix-harper-collins-poche","tag-prix-harper-collins-poche-2024","tag-roman-contemporain","has-single-img"],"yoast_head":"<!-- This site is optimized with the Yoast SEO plugin v27.4 - https:\/\/yoast.com\/product\/yoast-seo-wordpress\/ -->\n<title>La jur\u00e9e de Claire J\u00e9hanno - Sorbet Kiwi<\/title>\n<meta name=\"description\" content=\"Ma chronique du roman contemporain La jur\u00e9e de Claire J\u00e9hanno, nomm\u00e9 pour le Prix Harper Collins Poche 2024.\" \/>\n<meta name=\"robots\" content=\"index, follow, max-snippet:-1, max-image-preview:large, max-video-preview:-1\" \/>\n<link rel=\"canonical\" href=\"https:\/\/sorbetkiwi.fr\/index.php\/la-juree-de-claire-jehanno\/\" \/>\n<meta property=\"og:locale\" content=\"fr_FR\" \/>\n<meta property=\"og:type\" content=\"article\" \/>\n<meta property=\"og:title\" content=\"La jur\u00e9e de Claire J\u00e9hanno - Sorbet Kiwi\" \/>\n<meta property=\"og:description\" content=\"Ma chronique du roman contemporain La jur\u00e9e de Claire J\u00e9hanno, nomm\u00e9 pour le Prix Harper Collins Poche 2024.\" \/>\n<meta property=\"og:url\" content=\"https:\/\/sorbetkiwi.fr\/index.php\/la-juree-de-claire-jehanno\/\" \/>\n<meta property=\"og:site_name\" content=\"Sorbet Kiwi\" \/>\n<meta property=\"article:publisher\" content=\"https:\/\/www.facebook.com\/profile.php?id=100086238893269\" \/>\n<meta property=\"article:published_time\" content=\"2024-04-04T05:00:00+00:00\" \/>\n<meta property=\"og:image\" content=\"https:\/\/sorbetkiwi.fr\/wp-content\/uploads\/2024\/04\/La-juree-1.jpg\" \/>\n\t<meta property=\"og:image:width\" content=\"810\" \/>\n\t<meta property=\"og:image:height\" content=\"1080\" \/>\n\t<meta property=\"og:image:type\" content=\"image\/jpeg\" \/>\n<meta name=\"author\" content=\"Sorbet-Kiwi\" \/>\n<meta name=\"twitter:card\" content=\"summary_large_image\" \/>\n<meta name=\"twitter:creator\" content=\"@pepparshoes\" \/>\n<meta name=\"twitter:site\" content=\"@pepparshoes\" \/>\n<meta name=\"twitter:label1\" content=\"\u00c9crit par\" \/>\n\t<meta name=\"twitter:data1\" content=\"Sorbet-Kiwi\" \/>\n\t<meta name=\"twitter:label2\" content=\"Dur\u00e9e de lecture estim\u00e9e\" \/>\n\t<meta name=\"twitter:data2\" content=\"4 minutes\" \/>\n<script type=\"application\/ld+json\" class=\"yoast-schema-graph\">{\"@context\":\"https:\\\/\\\/schema.org\",\"@graph\":[{\"@type\":\"Article\",\"@id\":\"https:\\\/\\\/sorbetkiwi.fr\\\/index.php\\\/la-juree-de-claire-jehanno\\\/#article\",\"isPartOf\":{\"@id\":\"https:\\\/\\\/sorbetkiwi.fr\\\/index.php\\\/la-juree-de-claire-jehanno\\\/\"},\"author\":{\"name\":\"Sorbet-Kiwi\",\"@id\":\"https:\\\/\\\/sorbetkiwi.fr\\\/#\\\/schema\\\/person\\\/ed1b7b527a2957ddc3bf38b076540659\"},\"headline\":\"La jur\u00e9e de Claire J\u00e9hanno\",\"datePublished\":\"2024-04-04T05:00:00+00:00\",\"mainEntityOfPage\":{\"@id\":\"https:\\\/\\\/sorbetkiwi.fr\\\/index.php\\\/la-juree-de-claire-jehanno\\\/\"},\"wordCount\":774,\"commentCount\":6,\"publisher\":{\"@id\":\"https:\\\/\\\/sorbetkiwi.fr\\\/#organization\"},\"image\":{\"@id\":\"https:\\\/\\\/sorbetkiwi.fr\\\/index.php\\\/la-juree-de-claire-jehanno\\\/#primaryimage\"},\"thumbnailUrl\":\"https:\\\/\\\/sorbetkiwi.fr\\\/wp-content\\\/uploads\\\/2024\\\/04\\\/La-juree-1.jpg\",\"keywords\":[\"Claire J\u00e9hanno\",\"Harper Collins\",\"La jur\u00e9e\",\"Printemps\",\"Prix Harper Collins\",\"Prix Harper Collins Poche\",\"Prix Harper Collins Poche 2024\",\"Roman contemporain\"],\"articleSection\":[\"Le printemps\",\"Partenariats\",\"Tout le blog\"],\"inLanguage\":\"fr-FR\",\"potentialAction\":[{\"@type\":\"CommentAction\",\"name\":\"Comment\",\"target\":[\"https:\\\/\\\/sorbetkiwi.fr\\\/index.php\\\/la-juree-de-claire-jehanno\\\/#respond\"]}]},{\"@type\":\"WebPage\",\"@id\":\"https:\\\/\\\/sorbetkiwi.fr\\\/index.php\\\/la-juree-de-claire-jehanno\\\/\",\"url\":\"https:\\\/\\\/sorbetkiwi.fr\\\/index.php\\\/la-juree-de-claire-jehanno\\\/\",\"name\":\"La jur\u00e9e de Claire J\u00e9hanno - Sorbet Kiwi\",\"isPartOf\":{\"@id\":\"https:\\\/\\\/sorbetkiwi.fr\\\/#website\"},\"primaryImageOfPage\":{\"@id\":\"https:\\\/\\\/sorbetkiwi.fr\\\/index.php\\\/la-juree-de-claire-jehanno\\\/#primaryimage\"},\"image\":{\"@id\":\"https:\\\/\\\/sorbetkiwi.fr\\\/index.php\\\/la-juree-de-claire-jehanno\\\/#primaryimage\"},\"thumbnailUrl\":\"https:\\\/\\\/sorbetkiwi.fr\\\/wp-content\\\/uploads\\\/2024\\\/04\\\/La-juree-1.jpg\",\"datePublished\":\"2024-04-04T05:00:00+00:00\",\"description\":\"Ma chronique du roman contemporain La jur\u00e9e de Claire J\u00e9hanno, nomm\u00e9 pour le Prix Harper Collins Poche 2024.\",\"breadcrumb\":{\"@id\":\"https:\\\/\\\/sorbetkiwi.fr\\\/index.php\\\/la-juree-de-claire-jehanno\\\/#breadcrumb\"},\"inLanguage\":\"fr-FR\",\"potentialAction\":[{\"@type\":\"ReadAction\",\"target\":[\"https:\\\/\\\/sorbetkiwi.fr\\\/index.php\\\/la-juree-de-claire-jehanno\\\/\"]}]},{\"@type\":\"ImageObject\",\"inLanguage\":\"fr-FR\",\"@id\":\"https:\\\/\\\/sorbetkiwi.fr\\\/index.php\\\/la-juree-de-claire-jehanno\\\/#primaryimage\",\"url\":\"https:\\\/\\\/sorbetkiwi.fr\\\/wp-content\\\/uploads\\\/2024\\\/04\\\/La-juree-1.jpg\",\"contentUrl\":\"https:\\\/\\\/sorbetkiwi.fr\\\/wp-content\\\/uploads\\\/2024\\\/04\\\/La-juree-1.jpg\",\"width\":810,\"height\":1080,\"caption\":\"La jur\u00e9e Claire J\u00e9hanno\"},{\"@type\":\"BreadcrumbList\",\"@id\":\"https:\\\/\\\/sorbetkiwi.fr\\\/index.php\\\/la-juree-de-claire-jehanno\\\/#breadcrumb\",\"itemListElement\":[{\"@type\":\"ListItem\",\"position\":1,\"name\":\"Accueil\",\"item\":\"https:\\\/\\\/sorbetkiwi.fr\\\/\"},{\"@type\":\"ListItem\",\"position\":2,\"name\":\"La jur\u00e9e de Claire J\u00e9hanno\"}]},{\"@type\":\"WebSite\",\"@id\":\"https:\\\/\\\/sorbetkiwi.fr\\\/#website\",\"url\":\"https:\\\/\\\/sorbetkiwi.fr\\\/\",\"name\":\"Sorbet Kiwi\",\"description\":\"Des lectures th\u00e9matiques par saison et les avis qui vont avec\",\"publisher\":{\"@id\":\"https:\\\/\\\/sorbetkiwi.fr\\\/#organization\"},\"potentialAction\":[{\"@type\":\"SearchAction\",\"target\":{\"@type\":\"EntryPoint\",\"urlTemplate\":\"https:\\\/\\\/sorbetkiwi.fr\\\/?s={search_term_string}\"},\"query-input\":{\"@type\":\"PropertyValueSpecification\",\"valueRequired\":true,\"valueName\":\"search_term_string\"}}],\"inLanguage\":\"fr-FR\"},{\"@type\":\"Organization\",\"@id\":\"https:\\\/\\\/sorbetkiwi.fr\\\/#organization\",\"name\":\"Sorbet Kiwi\",\"url\":\"https:\\\/\\\/sorbetkiwi.fr\\\/\",\"logo\":{\"@type\":\"ImageObject\",\"inLanguage\":\"fr-FR\",\"@id\":\"https:\\\/\\\/sorbetkiwi.fr\\\/#\\\/schema\\\/logo\\\/image\\\/\",\"url\":\"https:\\\/\\\/sorbetkiwi.fr\\\/wp-content\\\/uploads\\\/2022\\\/10\\\/Banniere-Sorbet-Kiwi-2022.jpg\",\"contentUrl\":\"https:\\\/\\\/sorbetkiwi.fr\\\/wp-content\\\/uploads\\\/2022\\\/10\\\/Banniere-Sorbet-Kiwi-2022.jpg\",\"width\":814,\"height\":401,\"caption\":\"Sorbet Kiwi\"},\"image\":{\"@id\":\"https:\\\/\\\/sorbetkiwi.fr\\\/#\\\/schema\\\/logo\\\/image\\\/\"},\"sameAs\":[\"https:\\\/\\\/www.facebook.com\\\/profile.php?id=100086238893269\",\"https:\\\/\\\/x.com\\\/pepparshoes\",\"https:\\\/\\\/www.instagram.com\\\/sorbetkiwi\\\/\",\"https:\\\/\\\/www.tiktok.com\\\/sorbetkiwi\"]},{\"@type\":\"Person\",\"@id\":\"https:\\\/\\\/sorbetkiwi.fr\\\/#\\\/schema\\\/person\\\/ed1b7b527a2957ddc3bf38b076540659\",\"name\":\"Sorbet-Kiwi\",\"image\":{\"@type\":\"ImageObject\",\"inLanguage\":\"fr-FR\",\"@id\":\"https:\\\/\\\/secure.gravatar.com\\\/avatar\\\/86f0a5c27d76317621b9e374d0f3a01d3a85278f10d0c7207ced4fd773057442?s=96&d=mm&r=g\",\"url\":\"https:\\\/\\\/secure.gravatar.com\\\/avatar\\\/86f0a5c27d76317621b9e374d0f3a01d3a85278f10d0c7207ced4fd773057442?s=96&d=mm&r=g\",\"contentUrl\":\"https:\\\/\\\/secure.gravatar.com\\\/avatar\\\/86f0a5c27d76317621b9e374d0f3a01d3a85278f10d0c7207ced4fd773057442?s=96&d=mm&r=g\",\"caption\":\"Sorbet-Kiwi\"},\"sameAs\":[\"http:\\\/\\\/sorbetkiwi.fr\"],\"url\":\"https:\\\/\\\/sorbetkiwi.fr\\\/index.php\\\/author\\\/admin7717\\\/\"}]}<\/script>\n<!-- \/ Yoast SEO plugin. -->","yoast_head_json":{"title":"La jur\u00e9e de Claire J\u00e9hanno - Sorbet Kiwi","description":"Ma chronique du roman contemporain La jur\u00e9e de Claire J\u00e9hanno, nomm\u00e9 pour le Prix Harper Collins Poche 2024.","robots":{"index":"index","follow":"follow","max-snippet":"max-snippet:-1","max-image-preview":"max-image-preview:large","max-video-preview":"max-video-preview:-1"},"canonical":"https:\/\/sorbetkiwi.fr\/index.php\/la-juree-de-claire-jehanno\/","og_locale":"fr_FR","og_type":"article","og_title":"La jur\u00e9e de Claire J\u00e9hanno - Sorbet Kiwi","og_description":"Ma chronique du roman contemporain La jur\u00e9e de Claire J\u00e9hanno, nomm\u00e9 pour le Prix Harper Collins Poche 2024.","og_url":"https:\/\/sorbetkiwi.fr\/index.php\/la-juree-de-claire-jehanno\/","og_site_name":"Sorbet Kiwi","article_publisher":"https:\/\/www.facebook.com\/profile.php?id=100086238893269","article_published_time":"2024-04-04T05:00:00+00:00","og_image":[{"width":810,"height":1080,"url":"https:\/\/sorbetkiwi.fr\/wp-content\/uploads\/2024\/04\/La-juree-1.jpg","type":"image\/jpeg"}],"author":"Sorbet-Kiwi","twitter_card":"summary_large_image","twitter_creator":"@pepparshoes","twitter_site":"@pepparshoes","twitter_misc":{"\u00c9crit par":"Sorbet-Kiwi","Dur\u00e9e de lecture estim\u00e9e":"4 minutes"},"schema":{"@context":"https:\/\/schema.org","@graph":[{"@type":"Article","@id":"https:\/\/sorbetkiwi.fr\/index.php\/la-juree-de-claire-jehanno\/#article","isPartOf":{"@id":"https:\/\/sorbetkiwi.fr\/index.php\/la-juree-de-claire-jehanno\/"},"author":{"name":"Sorbet-Kiwi","@id":"https:\/\/sorbetkiwi.fr\/#\/schema\/person\/ed1b7b527a2957ddc3bf38b076540659"},"headline":"La jur\u00e9e de Claire J\u00e9hanno","datePublished":"2024-04-04T05:00:00+00:00","mainEntityOfPage":{"@id":"https:\/\/sorbetkiwi.fr\/index.php\/la-juree-de-claire-jehanno\/"},"wordCount":774,"commentCount":6,"publisher":{"@id":"https:\/\/sorbetkiwi.fr\/#organization"},"image":{"@id":"https:\/\/sorbetkiwi.fr\/index.php\/la-juree-de-claire-jehanno\/#primaryimage"},"thumbnailUrl":"https:\/\/sorbetkiwi.fr\/wp-content\/uploads\/2024\/04\/La-juree-1.jpg","keywords":["Claire J\u00e9hanno","Harper Collins","La jur\u00e9e","Printemps","Prix Harper Collins","Prix Harper Collins Poche","Prix Harper Collins Poche 2024","Roman contemporain"],"articleSection":["Le printemps","Partenariats","Tout le blog"],"inLanguage":"fr-FR","potentialAction":[{"@type":"CommentAction","name":"Comment","target":["https:\/\/sorbetkiwi.fr\/index.php\/la-juree-de-claire-jehanno\/#respond"]}]},{"@type":"WebPage","@id":"https:\/\/sorbetkiwi.fr\/index.php\/la-juree-de-claire-jehanno\/","url":"https:\/\/sorbetkiwi.fr\/index.php\/la-juree-de-claire-jehanno\/","name":"La jur\u00e9e de Claire J\u00e9hanno - Sorbet Kiwi","isPartOf":{"@id":"https:\/\/sorbetkiwi.fr\/#website"},"primaryImageOfPage":{"@id":"https:\/\/sorbetkiwi.fr\/index.php\/la-juree-de-claire-jehanno\/#primaryimage"},"image":{"@id":"https:\/\/sorbetkiwi.fr\/index.php\/la-juree-de-claire-jehanno\/#primaryimage"},"thumbnailUrl":"https:\/\/sorbetkiwi.fr\/wp-content\/uploads\/2024\/04\/La-juree-1.jpg","datePublished":"2024-04-04T05:00:00+00:00","description":"Ma chronique du roman contemporain La jur\u00e9e de Claire J\u00e9hanno, nomm\u00e9 pour le Prix Harper Collins Poche 2024.","breadcrumb":{"@id":"https:\/\/sorbetkiwi.fr\/index.php\/la-juree-de-claire-jehanno\/#breadcrumb"},"inLanguage":"fr-FR","potentialAction":[{"@type":"ReadAction","target":["https:\/\/sorbetkiwi.fr\/index.php\/la-juree-de-claire-jehanno\/"]}]},{"@type":"ImageObject","inLanguage":"fr-FR","@id":"https:\/\/sorbetkiwi.fr\/index.php\/la-juree-de-claire-jehanno\/#primaryimage","url":"https:\/\/sorbetkiwi.fr\/wp-content\/uploads\/2024\/04\/La-juree-1.jpg","contentUrl":"https:\/\/sorbetkiwi.fr\/wp-content\/uploads\/2024\/04\/La-juree-1.jpg","width":810,"height":1080,"caption":"La jur\u00e9e Claire J\u00e9hanno"},{"@type":"BreadcrumbList","@id":"https:\/\/sorbetkiwi.fr\/index.php\/la-juree-de-claire-jehanno\/#breadcrumb","itemListElement":[{"@type":"ListItem","position":1,"name":"Accueil","item":"https:\/\/sorbetkiwi.fr\/"},{"@type":"ListItem","position":2,"name":"La jur\u00e9e de Claire J\u00e9hanno"}]},{"@type":"WebSite","@id":"https:\/\/sorbetkiwi.fr\/#website","url":"https:\/\/sorbetkiwi.fr\/","name":"Sorbet Kiwi","description":"Des lectures th\u00e9matiques par saison et les avis qui vont avec","publisher":{"@id":"https:\/\/sorbetkiwi.fr\/#organization"},"potentialAction":[{"@type":"SearchAction","target":{"@type":"EntryPoint","urlTemplate":"https:\/\/sorbetkiwi.fr\/?s={search_term_string}"},"query-input":{"@type":"PropertyValueSpecification","valueRequired":true,"valueName":"search_term_string"}}],"inLanguage":"fr-FR"},{"@type":"Organization","@id":"https:\/\/sorbetkiwi.fr\/#organization","name":"Sorbet Kiwi","url":"https:\/\/sorbetkiwi.fr\/","logo":{"@type":"ImageObject","inLanguage":"fr-FR","@id":"https:\/\/sorbetkiwi.fr\/#\/schema\/logo\/image\/","url":"https:\/\/sorbetkiwi.fr\/wp-content\/uploads\/2022\/10\/Banniere-Sorbet-Kiwi-2022.jpg","contentUrl":"https:\/\/sorbetkiwi.fr\/wp-content\/uploads\/2022\/10\/Banniere-Sorbet-Kiwi-2022.jpg","width":814,"height":401,"caption":"Sorbet Kiwi"},"image":{"@id":"https:\/\/sorbetkiwi.fr\/#\/schema\/logo\/image\/"},"sameAs":["https:\/\/www.facebook.com\/profile.php?id=100086238893269","https:\/\/x.com\/pepparshoes","https:\/\/www.instagram.com\/sorbetkiwi\/","https:\/\/www.tiktok.com\/sorbetkiwi"]},{"@type":"Person","@id":"https:\/\/sorbetkiwi.fr\/#\/schema\/person\/ed1b7b527a2957ddc3bf38b076540659","name":"Sorbet-Kiwi","image":{"@type":"ImageObject","inLanguage":"fr-FR","@id":"https:\/\/secure.gravatar.com\/avatar\/86f0a5c27d76317621b9e374d0f3a01d3a85278f10d0c7207ced4fd773057442?s=96&d=mm&r=g","url":"https:\/\/secure.gravatar.com\/avatar\/86f0a5c27d76317621b9e374d0f3a01d3a85278f10d0c7207ced4fd773057442?s=96&d=mm&r=g","contentUrl":"https:\/\/secure.gravatar.com\/avatar\/86f0a5c27d76317621b9e374d0f3a01d3a85278f10d0c7207ced4fd773057442?s=96&d=mm&r=g","caption":"Sorbet-Kiwi"},"sameAs":["http:\/\/sorbetkiwi.fr"],"url":"https:\/\/sorbetkiwi.fr\/index.php\/author\/admin7717\/"}]}},"_links":{"self":[{"href":"https:\/\/sorbetkiwi.fr\/index.php\/wp-json\/wp\/v2\/posts\/5891","targetHints":{"allow":["GET"]}}],"collection":[{"href":"https:\/\/sorbetkiwi.fr\/index.php\/wp-json\/wp\/v2\/posts"}],"about":[{"href":"https:\/\/sorbetkiwi.fr\/index.php\/wp-json\/wp\/v2\/types\/post"}],"author":[{"embeddable":true,"href":"https:\/\/sorbetkiwi.fr\/index.php\/wp-json\/wp\/v2\/users\/1"}],"replies":[{"embeddable":true,"href":"https:\/\/sorbetkiwi.fr\/index.php\/wp-json\/wp\/v2\/comments?post=5891"}],"version-history":[{"count":8,"href":"https:\/\/sorbetkiwi.fr\/index.php\/wp-json\/wp\/v2\/posts\/5891\/revisions"}],"predecessor-version":[{"id":5900,"href":"https:\/\/sorbetkiwi.fr\/index.php\/wp-json\/wp\/v2\/posts\/5891\/revisions\/5900"}],"wp:featuredmedia":[{"embeddable":true,"href":"https:\/\/sorbetkiwi.fr\/index.php\/wp-json\/wp\/v2\/media\/5892"}],"wp:attachment":[{"href":"https:\/\/sorbetkiwi.fr\/index.php\/wp-json\/wp\/v2\/media?parent=5891"}],"wp:term":[{"taxonomy":"category","embeddable":true,"href":"https:\/\/sorbetkiwi.fr\/index.php\/wp-json\/wp\/v2\/categories?post=5891"},{"taxonomy":"post_tag","embeddable":true,"href":"https:\/\/sorbetkiwi.fr\/index.php\/wp-json\/wp\/v2\/tags?post=5891"}],"curies":[{"name":"wp","href":"https:\/\/api.w.org\/{rel}","templated":true}]}}