{"id":5782,"date":"2024-03-18T07:00:00","date_gmt":"2024-03-18T06:00:00","guid":{"rendered":"https:\/\/sorbetkiwi.fr\/?p=5782"},"modified":"2024-03-17T19:45:15","modified_gmt":"2024-03-17T18:45:15","slug":"rocinha-et-jardim-botanico-sur-les-traces-des-sept-soeurs","status":"publish","type":"post","link":"https:\/\/sorbetkiwi.fr\/index.php\/rocinha-et-jardim-botanico-sur-les-traces-des-sept-soeurs\/","title":{"rendered":"Rocinha et Jardim Botanico &#8211; Sur les traces des Sept Soeurs"},"content":{"rendered":"\t\t<div data-elementor-type=\"wp-post\" data-elementor-id=\"5782\" class=\"elementor elementor-5782\">\n\t\t\t\t\t\t<section class=\"elementor-section elementor-top-section elementor-element elementor-element-69e93672 elementor-section-boxed elementor-section-height-default elementor-section-height-default\" data-id=\"69e93672\" data-element_type=\"section\" data-e-type=\"section\">\n\t\t\t\t\t\t<div class=\"elementor-container elementor-column-gap-default\">\n\t\t\t\t\t<div class=\"elementor-column elementor-col-100 elementor-top-column elementor-element elementor-element-75432635\" data-id=\"75432635\" data-element_type=\"column\" data-e-type=\"column\">\n\t\t\t<div class=\"elementor-widget-wrap elementor-element-populated\">\n\t\t\t\t\t\t<div class=\"elementor-element elementor-element-5e7f8d0 elementor-widget elementor-widget-heading\" data-id=\"5e7f8d0\" data-element_type=\"widget\" data-e-type=\"widget\" data-widget_type=\"heading.default\">\n\t\t\t\t<div class=\"elementor-widget-container\">\n\t\t\t\t\t<h1 class=\"elementor-heading-title elementor-size-medium\">Rocinha : Atlas sur les hauteurs de la favela<\/h1>\t\t\t\t<\/div>\n\t\t\t\t<\/div>\n\t\t\t\t<div class=\"elementor-element elementor-element-796db56d elementor-view-default elementor-widget elementor-widget-icon\" data-id=\"796db56d\" data-element_type=\"widget\" data-e-type=\"widget\" data-widget_type=\"icon.default\">\n\t\t\t\t<div class=\"elementor-widget-container\">\n\t\t\t\t\t\t\t<div class=\"elementor-icon-wrapper\">\n\t\t\t<div class=\"elementor-icon\">\n\t\t\t<i aria-hidden=\"true\" class=\"fab fa-pagelines\"><\/i>\t\t\t<\/div>\n\t\t<\/div>\n\t\t\t\t\t\t<\/div>\n\t\t\t\t<\/div>\n\t\t\t\t<div class=\"elementor-element elementor-element-29bf1cde elementor-widget-divider--view-line elementor-widget elementor-widget-divider\" data-id=\"29bf1cde\" data-element_type=\"widget\" data-e-type=\"widget\" data-widget_type=\"divider.default\">\n\t\t\t\t<div class=\"elementor-widget-container\">\n\t\t\t\t\t\t\t<div class=\"elementor-divider\">\n\t\t\t<span class=\"elementor-divider-separator\">\n\t\t\t\t\t\t<\/span>\n\t\t<\/div>\n\t\t\t\t\t\t<\/div>\n\t\t\t\t<\/div>\n\t\t\t\t<div class=\"elementor-element elementor-element-2421e232 elementor-widget elementor-widget-heading\" data-id=\"2421e232\" data-element_type=\"widget\" data-e-type=\"widget\" data-widget_type=\"heading.default\">\n\t\t\t\t<div class=\"elementor-widget-container\">\n\t\t\t\t\t<h2 class=\"elementor-heading-title elementor-size-medium\">A la d\u00e9couverte de Rocinha, une ville dans la ville<\/h2>\t\t\t\t<\/div>\n\t\t\t\t<\/div>\n\t\t\t\t<div class=\"elementor-element elementor-element-234aa0ea elementor-widget elementor-widget-text-editor\" data-id=\"234aa0ea\" data-element_type=\"widget\" data-e-type=\"widget\" data-widget_type=\"text-editor.default\">\n\t\t\t\t<div class=\"elementor-widget-container\">\n\t\t\t\t\t\t\t\t\t<p><strong>[CET ARTICLE CONTIENT DE NOMBREUX SPOILERS SUR LES SEPT SOEURS !]<\/strong><\/p><p>Dernier article dans la s\u00e9rie Sur les traces des Sept Soeurs \u00e0 Rio de Janeiro. Et nous terminons par Rocinha, le jardin botanique et Parque Lage. Je voulais vraiment cl\u00f4turer ces articles avec Rocinha. Il se trouve que la favela est l&rsquo;endroit qui m&rsquo;a le plus impressionn\u00e9 \u00e0 Rio. Ce qui n&rsquo;\u00e9tonnera personne. Nous d\u00e9couvrons l&rsquo;endroit d&rsquo;adoption de Maia pour la premi\u00e8re fois dans l&rsquo;histoire d&rsquo;Atlas, lorsque lui et Marina vont chercher ce petit b\u00e9b\u00e9 \u00e0 Rio. C&rsquo;est dans un orphelinat de Rocinha qu&rsquo;il r\u00e9cup\u00e8re celle qui sera la premi\u00e8re des sept soeurs, il \u00e9tait donc important pour moi d&rsquo;y aller. Et j&rsquo;ai d\u00e9couvert un endroit gigantesque ! Il semblerait que plus de 200 000 personnes vivent dans celle-ci en particulier. Dont 25% de la classe moyenne. De quoi revenir humble en France.\u00a0<\/p>\t\t\t\t\t\t\t\t<\/div>\n\t\t\t\t<\/div>\n\t\t\t\t<div class=\"elementor-element elementor-element-35a1716 elementor-widget elementor-widget-image\" data-id=\"35a1716\" data-element_type=\"widget\" data-e-type=\"widget\" data-widget_type=\"image.default\">\n\t\t\t\t<div class=\"elementor-widget-container\">\n\t\t\t\t\t\t\t\t\t\t\t\t\t\t\t<img fetchpriority=\"high\" decoding=\"async\" width=\"330\" height=\"350\" src=\"https:\/\/sorbetkiwi.fr\/wp-content\/uploads\/2024\/03\/Rocinha-Maia-330x350.jpg\" class=\"attachment-post-category-slider-size size-post-category-slider-size wp-image-5787\" alt=\"Rocinha Maia\" \/>\t\t\t\t\t\t\t\t\t\t\t\t\t\t\t<\/div>\n\t\t\t\t<\/div>\n\t\t\t\t<div class=\"elementor-element elementor-element-3daed957 elementor-widget-divider--view-line elementor-widget elementor-widget-divider\" data-id=\"3daed957\" data-element_type=\"widget\" data-e-type=\"widget\" data-widget_type=\"divider.default\">\n\t\t\t\t<div class=\"elementor-widget-container\">\n\t\t\t\t\t\t\t<div class=\"elementor-divider\">\n\t\t\t<span class=\"elementor-divider-separator\">\n\t\t\t\t\t\t<\/span>\n\t\t<\/div>\n\t\t\t\t\t\t<\/div>\n\t\t\t\t<\/div>\n\t\t\t\t<div class=\"elementor-element elementor-element-61ad3773 elementor-widget elementor-widget-heading\" data-id=\"61ad3773\" data-element_type=\"widget\" data-e-type=\"widget\" data-widget_type=\"heading.default\">\n\t\t\t\t<div class=\"elementor-widget-container\">\n\t\t\t\t\t<h2 class=\"elementor-heading-title elementor-size-medium\">Une favela pas comme les autres<\/h2>\t\t\t\t<\/div>\n\t\t\t\t<\/div>\n\t\t\t\t<div class=\"elementor-element elementor-element-15ae51c6 elementor-widget elementor-widget-text-editor\" data-id=\"15ae51c6\" data-element_type=\"widget\" data-e-type=\"widget\" data-widget_type=\"text-editor.default\">\n\t\t\t\t<div class=\"elementor-widget-container\">\n\t\t\t\t\t\t\t\t\t<p>Il est vrai que Rocinha n&rsquo;est pas une favela comme d&rsquo;autres. D\u00e9j\u00e0, parce que c&rsquo;est la plus grande. Elle sort forc\u00e9ment du lot. Mais aussi parce qu&rsquo;elle est consid\u00e9r\u00e9e comme s\u00fbre, en grande partie tout du moins. Accompagn\u00e9s d&rsquo;un guide, un seul passage nous a sembl\u00e9 plus malaisant que le reste, quasiment \u00e0 l&rsquo;entr\u00e9e. On sentait une aura de \u00ab\u00a0chasse-gard\u00e9e\u00a0\u00bb qui nous aurait dissuad\u00e9s de revenir seuls, si nous y avions song\u00e9 (non). Apparemment, seuls 3 favelas de Rio sont \u00ab\u00a0pacifi\u00e9es\u00a0\u00bb, le reste n&rsquo;est absolument pas accessible. La m\u00e8re de Maia s&rsquo;est-elle retrouv\u00e9e dans celle-ci ou dans une autre, a sombrer ? Nous ne le savons pas dans le premier tome, je suis donc partie du principe que c&rsquo;\u00e9tait la m\u00eame que celle dans laquelle Cristina laisse sa fille. Je n&rsquo;allais de toute fa\u00e7on pas aller importuner les habitants d&rsquo;une autre favela pour ma chasse ! Cela me semblait d\u00e9j\u00e0 inappropri\u00e9 ici, bien que cela soit fortement encourag\u00e9.\u00a0<\/p>\t\t\t\t\t\t\t\t<\/div>\n\t\t\t\t<\/div>\n\t\t\t\t<div class=\"elementor-element elementor-element-4e255aa0 elementor-widget-divider--view-line elementor-widget elementor-widget-divider\" data-id=\"4e255aa0\" data-element_type=\"widget\" data-e-type=\"widget\" data-widget_type=\"divider.default\">\n\t\t\t\t<div class=\"elementor-widget-container\">\n\t\t\t\t\t\t\t<div class=\"elementor-divider\">\n\t\t\t<span class=\"elementor-divider-separator\">\n\t\t\t\t\t\t<\/span>\n\t\t<\/div>\n\t\t\t\t\t\t<\/div>\n\t\t\t\t<\/div>\n\t\t\t\t<div class=\"elementor-element elementor-element-5f7992ef elementor-widget elementor-widget-heading\" data-id=\"5f7992ef\" data-element_type=\"widget\" data-e-type=\"widget\" data-widget_type=\"heading.default\">\n\t\t\t\t<div class=\"elementor-widget-container\">\n\t\t\t\t\t<h2 class=\"elementor-heading-title elementor-size-medium\">Le non-jardin botanique<\/h2>\t\t\t\t<\/div>\n\t\t\t\t<\/div>\n\t\t\t\t<div class=\"elementor-element elementor-element-72f0f885 elementor-widget elementor-widget-text-editor\" data-id=\"72f0f885\" data-element_type=\"widget\" data-e-type=\"widget\" data-widget_type=\"text-editor.default\">\n\t\t\t\t<div class=\"elementor-widget-container\">\n\t\t\t\t\t\t\t\t\t<p>Pourquoi ce titre ? Parce que je ne suis pas entr\u00e9e dans le jardin botanique, je ne suis rest\u00e9e qu&rsquo;au bord. C&rsquo;est d&rsquo;ailleurs ce qui fait que j&rsquo;ai oubli\u00e9 de faire une photo avec le roman. Bel voit le <a href=\"https:\/\/www.flickr.com\/photos\/190751072@N03\/with\/50523750521\">jardin botanique<\/a> d&rsquo;en haut, avec Gustavo, depuis les collines. Donc \u00e0 l&rsquo;entr\u00e9e ou a l&rsquo;int\u00e9rieur&#8230; Laissez-moi m&rsquo;arranger avec ma conscience, ils ne prenaient pas la carte bleue et le prix \u00e9tait de 15\u20ac par personne ce que nous n&rsquo;\u00e9tions pas pr\u00eats \u00e0 mettre. Il faisait trop chaud, aussi. De nombreux arguments qui nous ont pouss\u00e9 \u00e0 remonter la colline et \u00e0 nous poser dans un endroit gratuit et agr\u00e9able&#8230;\u00a0<\/p>\t\t\t\t\t\t\t\t<\/div>\n\t\t\t\t<\/div>\n\t\t\t\t<div class=\"elementor-element elementor-element-0953059 elementor-widget elementor-widget-image\" data-id=\"0953059\" data-element_type=\"widget\" data-e-type=\"widget\" data-widget_type=\"image.default\">\n\t\t\t\t<div class=\"elementor-widget-container\">\n\t\t\t\t\t\t\t\t\t\t\t\t\t\t\t<img decoding=\"async\" width=\"330\" height=\"350\" src=\"https:\/\/sorbetkiwi.fr\/wp-content\/uploads\/2024\/03\/Jardim-Botanico-330x350.jpg\" class=\"attachment-post-category-slider-size size-post-category-slider-size wp-image-5788\" alt=\"Jardim Botanico\" \/>\t\t\t\t\t\t\t\t\t\t\t\t\t\t\t<\/div>\n\t\t\t\t<\/div>\n\t\t\t\t<div class=\"elementor-element elementor-element-467d6a3a elementor-widget-divider--view-line elementor-widget elementor-widget-divider\" data-id=\"467d6a3a\" data-element_type=\"widget\" data-e-type=\"widget\" data-widget_type=\"divider.default\">\n\t\t\t\t<div class=\"elementor-widget-container\">\n\t\t\t\t\t\t\t<div class=\"elementor-divider\">\n\t\t\t<span class=\"elementor-divider-separator\">\n\t\t\t\t\t\t<\/span>\n\t\t<\/div>\n\t\t\t\t\t\t<\/div>\n\t\t\t\t<\/div>\n\t\t\t\t<div class=\"elementor-element elementor-element-6a08e61f elementor-widget elementor-widget-heading\" data-id=\"6a08e61f\" data-element_type=\"widget\" data-e-type=\"widget\" data-widget_type=\"heading.default\">\n\t\t\t\t<div class=\"elementor-widget-container\">\n\t\t\t\t\t<h2 class=\"elementor-heading-title elementor-size-medium\">Parque Lage, l'Italie s'invite au Br\u00e9sil<\/h2>\t\t\t\t<\/div>\n\t\t\t\t<\/div>\n\t\t\t\t<div class=\"elementor-element elementor-element-77c0c5a9 elementor-widget elementor-widget-text-editor\" data-id=\"77c0c5a9\" data-element_type=\"widget\" data-e-type=\"widget\" data-widget_type=\"text-editor.default\">\n\t\t\t\t<div class=\"elementor-widget-container\">\n\t\t\t\t\t\t\t\t\t<p>Cet endroit, c&rsquo;est le Parque Lage. Gustavo raconte l&rsquo;histoire de cette villa dans le quartier du jardin botanique \u00e0 Bel : celle d&rsquo;un br\u00e9silien tomb\u00e9 amoureux d&rsquo;une italienne qui lui promet de lui construire une villa italienne \u00e0 Rio si elle accepte de l&rsquo;\u00e9pouser. Si cette histoire semble romanc\u00e9e, Gabriella Besanzoni a en effet \u00e9pous\u00e9 Henrique Lage, mais il semblerait que ce soit apr\u00e8s la r\u00e9novation des lieux par un architecte italien. Bref, elle observe ce lieu depuis un des belv\u00e9d\u00e8res du Corcovado. Et c&rsquo;est d&rsquo;ailleurs du Parque Lage que les chemins de randonn\u00e9es vers le Cristo d\u00e9marrent. Eh oui, on peut y monter \u00e0 pieds, et c&rsquo;est long, humide et \u00e9puisant apparemment ! Mais c&rsquo;est gratuit. Au choix ! Voici comment se termine cette s\u00e9rie \u00e0 Rio de Janeiro, et je peux vous dire une chose : je suis tomb\u00e9e amoureuse de cette ville et j&rsquo;esp\u00e8re bien pouvoir y retourner un jour ! Mais avant, direction Lisbonne, sur les traces de Lucia, l&rsquo;anc\u00eatre de Tiggy !<\/p>\t\t\t\t\t\t\t\t<\/div>\n\t\t\t\t<\/div>\n\t\t\t\t<div class=\"elementor-element elementor-element-76f22bd elementor-widget elementor-widget-image\" data-id=\"76f22bd\" data-element_type=\"widget\" data-e-type=\"widget\" data-widget_type=\"image.default\">\n\t\t\t\t<div class=\"elementor-widget-container\">\n\t\t\t\t\t\t\t\t\t\t\t\t\t\t\t<img decoding=\"async\" width=\"330\" height=\"350\" src=\"https:\/\/sorbetkiwi.fr\/wp-content\/uploads\/2024\/03\/Parque-Lage-Maia-330x350.jpg\" class=\"attachment-post-category-slider-size size-post-category-slider-size wp-image-5789\" alt=\"\" \/>\t\t\t\t\t\t\t\t\t\t\t\t\t\t\t<\/div>\n\t\t\t\t<\/div>\n\t\t\t\t<div class=\"elementor-element elementor-element-737ae972 elementor-widget elementor-widget-heading\" data-id=\"737ae972\" data-element_type=\"widget\" data-e-type=\"widget\" data-widget_type=\"heading.default\">\n\t\t\t\t<div class=\"elementor-widget-container\">\n\t\t\t\t\t<h4 class=\"elementor-heading-title elementor-size-medium\">Sur les traces des sept soeurs \u00e0 Rio<\/h4>\t\t\t\t<\/div>\n\t\t\t\t<\/div>\n\t\t\t\t<div class=\"elementor-element elementor-element-4f733477 elementor-widget elementor-widget-text-editor\" data-id=\"4f733477\" data-element_type=\"widget\" data-e-type=\"widget\" data-widget_type=\"text-editor.default\">\n\t\t\t\t<div class=\"elementor-widget-container\">\n\t\t\t\t\t\t\t\t\t<div class=\"elementor-element elementor-element-097cf24 elementor-widget elementor-widget-heading\" data-id=\"097cf24\" data-element_type=\"widget\" data-widget_type=\"heading.default\"><div class=\"elementor-widget-container\"><p>Mes autres articles de la s\u00e9rie des Sept Soeurs \u00e0 Rio de Janeiro :<\/p><ul><li><a href=\"https:\/\/sorbetkiwi.fr\/index.php\/copacabana-sur-les-traces-des-sept-soeurs\/\">Copacabana<\/a><\/li><\/ul><\/div><\/div><div class=\"elementor-element elementor-element-80d8449 elementor-widget elementor-widget-text-editor\" data-id=\"80d8449\" data-element_type=\"widget\" data-widget_type=\"text-editor.default\"><div class=\"elementor-widget-container\"><ul><li><a href=\"https:\/\/sorbetkiwi.fr\/index.php\/ipanema-sur-les-traces-des-sept-soeurs\/\">Ipanema<\/a><\/li><li><a href=\"https:\/\/sorbetkiwi.fr\/index.php\/centro-sur-les-traces-des-sept-soeurs\/\">Centro<\/a><\/li><li><a href=\"https:\/\/sorbetkiwi.fr\/index.php\/corcovado\/\">Corcovado, Lapa et Cosme Velho<\/a><\/li><li><a href=\"https:\/\/sorbetkiwi.fr\/index.php\/botafogo-gloria-et-ilha-grande-sur-les-traces-des-sept-soeurs\/\">Botafogo, Gloria et Ilha Grande<\/a><\/li><li><a href=\"https:\/\/sorbetkiwi.fr\/index.php\/category\/sur-les-traces-des-sept-soeurs\/\">et tous les autres<\/a><\/li><\/ul><\/div><\/div>\t\t\t\t\t\t\t\t<\/div>\n\t\t\t\t<\/div>\n\t\t\t\t\t<\/div>\n\t\t<\/div>\n\t\t\t\t\t<\/div>\n\t\t<\/section>\n\t\t\t\t<\/div>\n\t\t","protected":false},"excerpt":{"rendered":"<p>Rocinha : Atlas sur les hauteurs de la favela A la d\u00e9couverte de Rocinha, une ville dans la ville [CET ARTICLE CONTIENT DE NOMBREUX SPOILERS SUR LES SEPT SOEURS !] Dernier article dans la s\u00e9rie &hellip; <\/p>\n","protected":false},"author":1,"featured_media":5783,"comment_status":"open","ping_status":"open","sticky":false,"template":"","format":"standard","meta":{"footnotes":""},"categories":[13,707,1],"tags":[705,1573,31,1572,1574,706,63,62,64,1575,500,1262,1571],"class_list":["post-5782","post","type-post","status-publish","format-standard","has-post-thumbnail","hentry","category-le-printemps","category-sur-les-traces-des-sept-soeurs","category-tout-le-blog","tag-atlas","tag-bresil","tag-editions-charleston","tag-favela-rocinha","tag-jardim-botanico","tag-lhistoire-de-pa-salt","tag-les-sept-soeurs","tag-lucinda-riley","tag-maia","tag-parque-lage","tag-printemps","tag-rio-de-janeiro","tag-rocinha","has-single-img"],"yoast_head":"<!-- This site is optimized with the Yoast SEO plugin v27.4 - https:\/\/yoast.com\/product\/yoast-seo-wordpress\/ -->\n<title>Rocinha et Jardim Botanico - Sur les traces des Sept Soeurs - Sorbet Kiwi<\/title>\n<meta name=\"description\" content=\"On se retrouve pour faire un petit tour dans la favela Rocinha et au jardin botanique sur les traces des Sept Soeurs \u00e0 Rio de Janeiro !\" \/>\n<meta name=\"robots\" content=\"index, follow, max-snippet:-1, max-image-preview:large, max-video-preview:-1\" \/>\n<link rel=\"canonical\" href=\"https:\/\/sorbetkiwi.fr\/index.php\/rocinha-et-jardim-botanico-sur-les-traces-des-sept-soeurs\/\" \/>\n<meta property=\"og:locale\" content=\"fr_FR\" \/>\n<meta property=\"og:type\" content=\"article\" \/>\n<meta property=\"og:title\" content=\"Rocinha et Jardim Botanico - Sur les traces des Sept Soeurs - Sorbet Kiwi\" \/>\n<meta property=\"og:description\" content=\"On se retrouve pour faire un petit tour dans la favela Rocinha et au jardin botanique sur les traces des Sept Soeurs \u00e0 Rio de Janeiro !\" \/>\n<meta property=\"og:url\" content=\"https:\/\/sorbetkiwi.fr\/index.php\/rocinha-et-jardim-botanico-sur-les-traces-des-sept-soeurs\/\" \/>\n<meta property=\"og:site_name\" content=\"Sorbet Kiwi\" \/>\n<meta property=\"article:publisher\" content=\"https:\/\/www.facebook.com\/profile.php?id=100086238893269\" \/>\n<meta property=\"article:published_time\" content=\"2024-03-18T06:00:00+00:00\" \/>\n<meta property=\"og:image\" content=\"https:\/\/sorbetkiwi.fr\/wp-content\/uploads\/2024\/03\/Rocinha-Atlas.jpg\" \/>\n\t<meta property=\"og:image:width\" content=\"1080\" \/>\n\t<meta property=\"og:image:height\" content=\"1440\" \/>\n\t<meta property=\"og:image:type\" content=\"image\/jpeg\" \/>\n<meta name=\"author\" content=\"Sorbet-Kiwi\" \/>\n<meta name=\"twitter:card\" content=\"summary_large_image\" \/>\n<meta name=\"twitter:creator\" content=\"@pepparshoes\" \/>\n<meta name=\"twitter:site\" content=\"@pepparshoes\" \/>\n<meta name=\"twitter:label1\" content=\"\u00c9crit par\" \/>\n\t<meta name=\"twitter:data1\" content=\"Sorbet-Kiwi\" \/>\n\t<meta name=\"twitter:label2\" content=\"Dur\u00e9e de lecture estim\u00e9e\" \/>\n\t<meta name=\"twitter:data2\" content=\"5 minutes\" \/>\n<script type=\"application\/ld+json\" class=\"yoast-schema-graph\">{\"@context\":\"https:\\\/\\\/schema.org\",\"@graph\":[{\"@type\":\"Article\",\"@id\":\"https:\\\/\\\/sorbetkiwi.fr\\\/index.php\\\/rocinha-et-jardim-botanico-sur-les-traces-des-sept-soeurs\\\/#article\",\"isPartOf\":{\"@id\":\"https:\\\/\\\/sorbetkiwi.fr\\\/index.php\\\/rocinha-et-jardim-botanico-sur-les-traces-des-sept-soeurs\\\/\"},\"author\":{\"name\":\"Sorbet-Kiwi\",\"@id\":\"https:\\\/\\\/sorbetkiwi.fr\\\/#\\\/schema\\\/person\\\/ed1b7b527a2957ddc3bf38b076540659\"},\"headline\":\"Rocinha et Jardim Botanico &#8211; Sur les traces des Sept Soeurs\",\"datePublished\":\"2024-03-18T06:00:00+00:00\",\"mainEntityOfPage\":{\"@id\":\"https:\\\/\\\/sorbetkiwi.fr\\\/index.php\\\/rocinha-et-jardim-botanico-sur-les-traces-des-sept-soeurs\\\/\"},\"wordCount\":718,\"commentCount\":2,\"publisher\":{\"@id\":\"https:\\\/\\\/sorbetkiwi.fr\\\/#organization\"},\"image\":{\"@id\":\"https:\\\/\\\/sorbetkiwi.fr\\\/index.php\\\/rocinha-et-jardim-botanico-sur-les-traces-des-sept-soeurs\\\/#primaryimage\"},\"thumbnailUrl\":\"https:\\\/\\\/sorbetkiwi.fr\\\/wp-content\\\/uploads\\\/2024\\\/03\\\/Rocinha-Atlas.jpg\",\"keywords\":[\"Atlas\",\"Bresil\",\"Editions Charleston\",\"Favela Rocinha\",\"Jardim Botanico\",\"L&#039;histoire de Pa Salt\",\"Les sept soeurs\",\"Lucinda Riley\",\"Ma\u00efa\",\"Parque Lage\",\"Printemps\",\"Rio de Janeiro\",\"Rocinha\"],\"articleSection\":[\"Le printemps\",\"Sur les traces des Sept S\u0153urs\",\"Tout le blog\"],\"inLanguage\":\"fr-FR\",\"potentialAction\":[{\"@type\":\"CommentAction\",\"name\":\"Comment\",\"target\":[\"https:\\\/\\\/sorbetkiwi.fr\\\/index.php\\\/rocinha-et-jardim-botanico-sur-les-traces-des-sept-soeurs\\\/#respond\"]}]},{\"@type\":\"WebPage\",\"@id\":\"https:\\\/\\\/sorbetkiwi.fr\\\/index.php\\\/rocinha-et-jardim-botanico-sur-les-traces-des-sept-soeurs\\\/\",\"url\":\"https:\\\/\\\/sorbetkiwi.fr\\\/index.php\\\/rocinha-et-jardim-botanico-sur-les-traces-des-sept-soeurs\\\/\",\"name\":\"Rocinha et Jardim Botanico - Sur les traces des Sept Soeurs - Sorbet Kiwi\",\"isPartOf\":{\"@id\":\"https:\\\/\\\/sorbetkiwi.fr\\\/#website\"},\"primaryImageOfPage\":{\"@id\":\"https:\\\/\\\/sorbetkiwi.fr\\\/index.php\\\/rocinha-et-jardim-botanico-sur-les-traces-des-sept-soeurs\\\/#primaryimage\"},\"image\":{\"@id\":\"https:\\\/\\\/sorbetkiwi.fr\\\/index.php\\\/rocinha-et-jardim-botanico-sur-les-traces-des-sept-soeurs\\\/#primaryimage\"},\"thumbnailUrl\":\"https:\\\/\\\/sorbetkiwi.fr\\\/wp-content\\\/uploads\\\/2024\\\/03\\\/Rocinha-Atlas.jpg\",\"datePublished\":\"2024-03-18T06:00:00+00:00\",\"description\":\"On se retrouve pour faire un petit tour dans la favela Rocinha et au jardin botanique sur les traces des Sept Soeurs \u00e0 Rio de Janeiro !\",\"breadcrumb\":{\"@id\":\"https:\\\/\\\/sorbetkiwi.fr\\\/index.php\\\/rocinha-et-jardim-botanico-sur-les-traces-des-sept-soeurs\\\/#breadcrumb\"},\"inLanguage\":\"fr-FR\",\"potentialAction\":[{\"@type\":\"ReadAction\",\"target\":[\"https:\\\/\\\/sorbetkiwi.fr\\\/index.php\\\/rocinha-et-jardim-botanico-sur-les-traces-des-sept-soeurs\\\/\"]}]},{\"@type\":\"ImageObject\",\"inLanguage\":\"fr-FR\",\"@id\":\"https:\\\/\\\/sorbetkiwi.fr\\\/index.php\\\/rocinha-et-jardim-botanico-sur-les-traces-des-sept-soeurs\\\/#primaryimage\",\"url\":\"https:\\\/\\\/sorbetkiwi.fr\\\/wp-content\\\/uploads\\\/2024\\\/03\\\/Rocinha-Atlas.jpg\",\"contentUrl\":\"https:\\\/\\\/sorbetkiwi.fr\\\/wp-content\\\/uploads\\\/2024\\\/03\\\/Rocinha-Atlas.jpg\",\"width\":1080,\"height\":1440,\"caption\":\"Rocinha Atlas\"},{\"@type\":\"BreadcrumbList\",\"@id\":\"https:\\\/\\\/sorbetkiwi.fr\\\/index.php\\\/rocinha-et-jardim-botanico-sur-les-traces-des-sept-soeurs\\\/#breadcrumb\",\"itemListElement\":[{\"@type\":\"ListItem\",\"position\":1,\"name\":\"Accueil\",\"item\":\"https:\\\/\\\/sorbetkiwi.fr\\\/\"},{\"@type\":\"ListItem\",\"position\":2,\"name\":\"Rocinha et Jardim Botanico &#8211; Sur les traces des Sept Soeurs\"}]},{\"@type\":\"WebSite\",\"@id\":\"https:\\\/\\\/sorbetkiwi.fr\\\/#website\",\"url\":\"https:\\\/\\\/sorbetkiwi.fr\\\/\",\"name\":\"Sorbet Kiwi\",\"description\":\"Des lectures th\u00e9matiques par saison et les avis qui vont avec\",\"publisher\":{\"@id\":\"https:\\\/\\\/sorbetkiwi.fr\\\/#organization\"},\"potentialAction\":[{\"@type\":\"SearchAction\",\"target\":{\"@type\":\"EntryPoint\",\"urlTemplate\":\"https:\\\/\\\/sorbetkiwi.fr\\\/?s={search_term_string}\"},\"query-input\":{\"@type\":\"PropertyValueSpecification\",\"valueRequired\":true,\"valueName\":\"search_term_string\"}}],\"inLanguage\":\"fr-FR\"},{\"@type\":\"Organization\",\"@id\":\"https:\\\/\\\/sorbetkiwi.fr\\\/#organization\",\"name\":\"Sorbet Kiwi\",\"url\":\"https:\\\/\\\/sorbetkiwi.fr\\\/\",\"logo\":{\"@type\":\"ImageObject\",\"inLanguage\":\"fr-FR\",\"@id\":\"https:\\\/\\\/sorbetkiwi.fr\\\/#\\\/schema\\\/logo\\\/image\\\/\",\"url\":\"https:\\\/\\\/sorbetkiwi.fr\\\/wp-content\\\/uploads\\\/2022\\\/10\\\/Banniere-Sorbet-Kiwi-2022.jpg\",\"contentUrl\":\"https:\\\/\\\/sorbetkiwi.fr\\\/wp-content\\\/uploads\\\/2022\\\/10\\\/Banniere-Sorbet-Kiwi-2022.jpg\",\"width\":814,\"height\":401,\"caption\":\"Sorbet Kiwi\"},\"image\":{\"@id\":\"https:\\\/\\\/sorbetkiwi.fr\\\/#\\\/schema\\\/logo\\\/image\\\/\"},\"sameAs\":[\"https:\\\/\\\/www.facebook.com\\\/profile.php?id=100086238893269\",\"https:\\\/\\\/x.com\\\/pepparshoes\",\"https:\\\/\\\/www.instagram.com\\\/sorbetkiwi\\\/\",\"https:\\\/\\\/www.tiktok.com\\\/sorbetkiwi\"]},{\"@type\":\"Person\",\"@id\":\"https:\\\/\\\/sorbetkiwi.fr\\\/#\\\/schema\\\/person\\\/ed1b7b527a2957ddc3bf38b076540659\",\"name\":\"Sorbet-Kiwi\",\"image\":{\"@type\":\"ImageObject\",\"inLanguage\":\"fr-FR\",\"@id\":\"https:\\\/\\\/secure.gravatar.com\\\/avatar\\\/86f0a5c27d76317621b9e374d0f3a01d3a85278f10d0c7207ced4fd773057442?s=96&d=mm&r=g\",\"url\":\"https:\\\/\\\/secure.gravatar.com\\\/avatar\\\/86f0a5c27d76317621b9e374d0f3a01d3a85278f10d0c7207ced4fd773057442?s=96&d=mm&r=g\",\"contentUrl\":\"https:\\\/\\\/secure.gravatar.com\\\/avatar\\\/86f0a5c27d76317621b9e374d0f3a01d3a85278f10d0c7207ced4fd773057442?s=96&d=mm&r=g\",\"caption\":\"Sorbet-Kiwi\"},\"sameAs\":[\"http:\\\/\\\/sorbetkiwi.fr\"],\"url\":\"https:\\\/\\\/sorbetkiwi.fr\\\/index.php\\\/author\\\/admin7717\\\/\"}]}<\/script>\n<!-- \/ Yoast SEO plugin. -->","yoast_head_json":{"title":"Rocinha et Jardim Botanico - Sur les traces des Sept Soeurs - Sorbet Kiwi","description":"On se retrouve pour faire un petit tour dans la favela Rocinha et au jardin botanique sur les traces des Sept Soeurs \u00e0 Rio de Janeiro !","robots":{"index":"index","follow":"follow","max-snippet":"max-snippet:-1","max-image-preview":"max-image-preview:large","max-video-preview":"max-video-preview:-1"},"canonical":"https:\/\/sorbetkiwi.fr\/index.php\/rocinha-et-jardim-botanico-sur-les-traces-des-sept-soeurs\/","og_locale":"fr_FR","og_type":"article","og_title":"Rocinha et Jardim Botanico - Sur les traces des Sept Soeurs - Sorbet Kiwi","og_description":"On se retrouve pour faire un petit tour dans la favela Rocinha et au jardin botanique sur les traces des Sept Soeurs \u00e0 Rio de Janeiro !","og_url":"https:\/\/sorbetkiwi.fr\/index.php\/rocinha-et-jardim-botanico-sur-les-traces-des-sept-soeurs\/","og_site_name":"Sorbet Kiwi","article_publisher":"https:\/\/www.facebook.com\/profile.php?id=100086238893269","article_published_time":"2024-03-18T06:00:00+00:00","og_image":[{"width":1080,"height":1440,"url":"https:\/\/sorbetkiwi.fr\/wp-content\/uploads\/2024\/03\/Rocinha-Atlas.jpg","type":"image\/jpeg"}],"author":"Sorbet-Kiwi","twitter_card":"summary_large_image","twitter_creator":"@pepparshoes","twitter_site":"@pepparshoes","twitter_misc":{"\u00c9crit par":"Sorbet-Kiwi","Dur\u00e9e de lecture estim\u00e9e":"5 minutes"},"schema":{"@context":"https:\/\/schema.org","@graph":[{"@type":"Article","@id":"https:\/\/sorbetkiwi.fr\/index.php\/rocinha-et-jardim-botanico-sur-les-traces-des-sept-soeurs\/#article","isPartOf":{"@id":"https:\/\/sorbetkiwi.fr\/index.php\/rocinha-et-jardim-botanico-sur-les-traces-des-sept-soeurs\/"},"author":{"name":"Sorbet-Kiwi","@id":"https:\/\/sorbetkiwi.fr\/#\/schema\/person\/ed1b7b527a2957ddc3bf38b076540659"},"headline":"Rocinha et Jardim Botanico &#8211; Sur les traces des Sept Soeurs","datePublished":"2024-03-18T06:00:00+00:00","mainEntityOfPage":{"@id":"https:\/\/sorbetkiwi.fr\/index.php\/rocinha-et-jardim-botanico-sur-les-traces-des-sept-soeurs\/"},"wordCount":718,"commentCount":2,"publisher":{"@id":"https:\/\/sorbetkiwi.fr\/#organization"},"image":{"@id":"https:\/\/sorbetkiwi.fr\/index.php\/rocinha-et-jardim-botanico-sur-les-traces-des-sept-soeurs\/#primaryimage"},"thumbnailUrl":"https:\/\/sorbetkiwi.fr\/wp-content\/uploads\/2024\/03\/Rocinha-Atlas.jpg","keywords":["Atlas","Bresil","Editions Charleston","Favela Rocinha","Jardim Botanico","L&#039;histoire de Pa Salt","Les sept soeurs","Lucinda Riley","Ma\u00efa","Parque Lage","Printemps","Rio de Janeiro","Rocinha"],"articleSection":["Le printemps","Sur les traces des Sept S\u0153urs","Tout le blog"],"inLanguage":"fr-FR","potentialAction":[{"@type":"CommentAction","name":"Comment","target":["https:\/\/sorbetkiwi.fr\/index.php\/rocinha-et-jardim-botanico-sur-les-traces-des-sept-soeurs\/#respond"]}]},{"@type":"WebPage","@id":"https:\/\/sorbetkiwi.fr\/index.php\/rocinha-et-jardim-botanico-sur-les-traces-des-sept-soeurs\/","url":"https:\/\/sorbetkiwi.fr\/index.php\/rocinha-et-jardim-botanico-sur-les-traces-des-sept-soeurs\/","name":"Rocinha et Jardim Botanico - Sur les traces des Sept Soeurs - Sorbet Kiwi","isPartOf":{"@id":"https:\/\/sorbetkiwi.fr\/#website"},"primaryImageOfPage":{"@id":"https:\/\/sorbetkiwi.fr\/index.php\/rocinha-et-jardim-botanico-sur-les-traces-des-sept-soeurs\/#primaryimage"},"image":{"@id":"https:\/\/sorbetkiwi.fr\/index.php\/rocinha-et-jardim-botanico-sur-les-traces-des-sept-soeurs\/#primaryimage"},"thumbnailUrl":"https:\/\/sorbetkiwi.fr\/wp-content\/uploads\/2024\/03\/Rocinha-Atlas.jpg","datePublished":"2024-03-18T06:00:00+00:00","description":"On se retrouve pour faire un petit tour dans la favela Rocinha et au jardin botanique sur les traces des Sept Soeurs \u00e0 Rio de Janeiro !","breadcrumb":{"@id":"https:\/\/sorbetkiwi.fr\/index.php\/rocinha-et-jardim-botanico-sur-les-traces-des-sept-soeurs\/#breadcrumb"},"inLanguage":"fr-FR","potentialAction":[{"@type":"ReadAction","target":["https:\/\/sorbetkiwi.fr\/index.php\/rocinha-et-jardim-botanico-sur-les-traces-des-sept-soeurs\/"]}]},{"@type":"ImageObject","inLanguage":"fr-FR","@id":"https:\/\/sorbetkiwi.fr\/index.php\/rocinha-et-jardim-botanico-sur-les-traces-des-sept-soeurs\/#primaryimage","url":"https:\/\/sorbetkiwi.fr\/wp-content\/uploads\/2024\/03\/Rocinha-Atlas.jpg","contentUrl":"https:\/\/sorbetkiwi.fr\/wp-content\/uploads\/2024\/03\/Rocinha-Atlas.jpg","width":1080,"height":1440,"caption":"Rocinha Atlas"},{"@type":"BreadcrumbList","@id":"https:\/\/sorbetkiwi.fr\/index.php\/rocinha-et-jardim-botanico-sur-les-traces-des-sept-soeurs\/#breadcrumb","itemListElement":[{"@type":"ListItem","position":1,"name":"Accueil","item":"https:\/\/sorbetkiwi.fr\/"},{"@type":"ListItem","position":2,"name":"Rocinha et Jardim Botanico &#8211; Sur les traces des Sept Soeurs"}]},{"@type":"WebSite","@id":"https:\/\/sorbetkiwi.fr\/#website","url":"https:\/\/sorbetkiwi.fr\/","name":"Sorbet Kiwi","description":"Des lectures th\u00e9matiques par saison et les avis qui vont avec","publisher":{"@id":"https:\/\/sorbetkiwi.fr\/#organization"},"potentialAction":[{"@type":"SearchAction","target":{"@type":"EntryPoint","urlTemplate":"https:\/\/sorbetkiwi.fr\/?s={search_term_string}"},"query-input":{"@type":"PropertyValueSpecification","valueRequired":true,"valueName":"search_term_string"}}],"inLanguage":"fr-FR"},{"@type":"Organization","@id":"https:\/\/sorbetkiwi.fr\/#organization","name":"Sorbet Kiwi","url":"https:\/\/sorbetkiwi.fr\/","logo":{"@type":"ImageObject","inLanguage":"fr-FR","@id":"https:\/\/sorbetkiwi.fr\/#\/schema\/logo\/image\/","url":"https:\/\/sorbetkiwi.fr\/wp-content\/uploads\/2022\/10\/Banniere-Sorbet-Kiwi-2022.jpg","contentUrl":"https:\/\/sorbetkiwi.fr\/wp-content\/uploads\/2022\/10\/Banniere-Sorbet-Kiwi-2022.jpg","width":814,"height":401,"caption":"Sorbet Kiwi"},"image":{"@id":"https:\/\/sorbetkiwi.fr\/#\/schema\/logo\/image\/"},"sameAs":["https:\/\/www.facebook.com\/profile.php?id=100086238893269","https:\/\/x.com\/pepparshoes","https:\/\/www.instagram.com\/sorbetkiwi\/","https:\/\/www.tiktok.com\/sorbetkiwi"]},{"@type":"Person","@id":"https:\/\/sorbetkiwi.fr\/#\/schema\/person\/ed1b7b527a2957ddc3bf38b076540659","name":"Sorbet-Kiwi","image":{"@type":"ImageObject","inLanguage":"fr-FR","@id":"https:\/\/secure.gravatar.com\/avatar\/86f0a5c27d76317621b9e374d0f3a01d3a85278f10d0c7207ced4fd773057442?s=96&d=mm&r=g","url":"https:\/\/secure.gravatar.com\/avatar\/86f0a5c27d76317621b9e374d0f3a01d3a85278f10d0c7207ced4fd773057442?s=96&d=mm&r=g","contentUrl":"https:\/\/secure.gravatar.com\/avatar\/86f0a5c27d76317621b9e374d0f3a01d3a85278f10d0c7207ced4fd773057442?s=96&d=mm&r=g","caption":"Sorbet-Kiwi"},"sameAs":["http:\/\/sorbetkiwi.fr"],"url":"https:\/\/sorbetkiwi.fr\/index.php\/author\/admin7717\/"}]}},"_links":{"self":[{"href":"https:\/\/sorbetkiwi.fr\/index.php\/wp-json\/wp\/v2\/posts\/5782","targetHints":{"allow":["GET"]}}],"collection":[{"href":"https:\/\/sorbetkiwi.fr\/index.php\/wp-json\/wp\/v2\/posts"}],"about":[{"href":"https:\/\/sorbetkiwi.fr\/index.php\/wp-json\/wp\/v2\/types\/post"}],"author":[{"embeddable":true,"href":"https:\/\/sorbetkiwi.fr\/index.php\/wp-json\/wp\/v2\/users\/1"}],"replies":[{"embeddable":true,"href":"https:\/\/sorbetkiwi.fr\/index.php\/wp-json\/wp\/v2\/comments?post=5782"}],"version-history":[{"count":6,"href":"https:\/\/sorbetkiwi.fr\/index.php\/wp-json\/wp\/v2\/posts\/5782\/revisions"}],"predecessor-version":[{"id":5917,"href":"https:\/\/sorbetkiwi.fr\/index.php\/wp-json\/wp\/v2\/posts\/5782\/revisions\/5917"}],"wp:featuredmedia":[{"embeddable":true,"href":"https:\/\/sorbetkiwi.fr\/index.php\/wp-json\/wp\/v2\/media\/5783"}],"wp:attachment":[{"href":"https:\/\/sorbetkiwi.fr\/index.php\/wp-json\/wp\/v2\/media?parent=5782"}],"wp:term":[{"taxonomy":"category","embeddable":true,"href":"https:\/\/sorbetkiwi.fr\/index.php\/wp-json\/wp\/v2\/categories?post=5782"},{"taxonomy":"post_tag","embeddable":true,"href":"https:\/\/sorbetkiwi.fr\/index.php\/wp-json\/wp\/v2\/tags?post=5782"}],"curies":[{"name":"wp","href":"https:\/\/api.w.org\/{rel}","templated":true}]}}