{"id":5773,"date":"2024-03-14T07:00:00","date_gmt":"2024-03-14T06:00:00","guid":{"rendered":"https:\/\/sorbetkiwi.fr\/?p=5773"},"modified":"2024-03-13T13:16:43","modified_gmt":"2024-03-13T12:16:43","slug":"et-garder-ta-memoire-disabelle-fontaine","status":"publish","type":"post","link":"https:\/\/sorbetkiwi.fr\/index.php\/et-garder-ta-memoire-disabelle-fontaine\/","title":{"rendered":"Et garder ta m\u00e9moire d&rsquo;Isabelle Fontaine"},"content":{"rendered":"\t\t<div data-elementor-type=\"wp-post\" data-elementor-id=\"5773\" class=\"elementor elementor-5773\">\n\t\t\t\t\t\t<section class=\"elementor-section elementor-top-section elementor-element elementor-element-27a6558b elementor-section-boxed elementor-section-height-default elementor-section-height-default\" data-id=\"27a6558b\" data-element_type=\"section\" data-e-type=\"section\">\n\t\t\t\t\t\t<div class=\"elementor-container elementor-column-gap-default\">\n\t\t\t\t\t<div class=\"elementor-column elementor-col-100 elementor-top-column elementor-element elementor-element-9d3cb20\" data-id=\"9d3cb20\" data-element_type=\"column\" data-e-type=\"column\">\n\t\t\t<div class=\"elementor-widget-wrap elementor-element-populated\">\n\t\t\t\t\t\t<div class=\"elementor-element elementor-element-5acb4a4f elementor-widget elementor-widget-heading\" data-id=\"5acb4a4f\" data-element_type=\"widget\" data-e-type=\"widget\" data-widget_type=\"heading.default\">\n\t\t\t\t<div class=\"elementor-widget-container\">\n\t\t\t\t\t<h1 class=\"elementor-heading-title elementor-size-medium\">Et garder ta m\u00e9moire<\/h1>\t\t\t\t<\/div>\n\t\t\t\t<\/div>\n\t\t\t\t<div class=\"elementor-element elementor-element-d788f85 elementor-view-default elementor-widget elementor-widget-icon\" data-id=\"d788f85\" data-element_type=\"widget\" data-e-type=\"widget\" data-widget_type=\"icon.default\">\n\t\t\t\t<div class=\"elementor-widget-container\">\n\t\t\t\t\t\t\t<div class=\"elementor-icon-wrapper\">\n\t\t\t<div class=\"elementor-icon\">\n\t\t\t<i aria-hidden=\"true\" class=\"fab fa-pagelines\"><\/i>\t\t\t<\/div>\n\t\t<\/div>\n\t\t\t\t\t\t<\/div>\n\t\t\t\t<\/div>\n\t\t\t\t<div class=\"elementor-element elementor-element-1ee1673a elementor-widget-divider--view-line elementor-widget elementor-widget-divider\" data-id=\"1ee1673a\" data-element_type=\"widget\" data-e-type=\"widget\" data-widget_type=\"divider.default\">\n\t\t\t\t<div class=\"elementor-widget-container\">\n\t\t\t\t\t\t\t<div class=\"elementor-divider\">\n\t\t\t<span class=\"elementor-divider-separator\">\n\t\t\t\t\t\t<\/span>\n\t\t<\/div>\n\t\t\t\t\t\t<\/div>\n\t\t\t\t<\/div>\n\t\t\t\t<div class=\"elementor-element elementor-element-63f4a560 elementor-widget elementor-widget-heading\" data-id=\"63f4a560\" data-element_type=\"widget\" data-e-type=\"widget\" data-widget_type=\"heading.default\">\n\t\t\t\t<div class=\"elementor-widget-container\">\n\t\t\t\t\t<h2 class=\"elementor-heading-title elementor-size-medium\">R\u00e9sum\u00e9<\/h2>\t\t\t\t<\/div>\n\t\t\t\t<\/div>\n\t\t\t\t<div class=\"elementor-element elementor-element-1c55804d elementor-widget elementor-widget-text-editor\" data-id=\"1c55804d\" data-element_type=\"widget\" data-e-type=\"widget\" data-widget_type=\"text-editor.default\">\n\t\t\t\t<div class=\"elementor-widget-container\">\n\t\t\t\t\t\t\t\t\t<p>Alicia a pass\u00e9 une enfance heureuse dans un petit port breton, \u00e9lev\u00e9e et choy\u00e9e par ses grands-parents. Au d\u00e9c\u00e8s de sa grand-m\u00e8re, la jeune fille est \u00e9branl\u00e9e et peine \u00e0 se remettre de la douleur qui l\u2019assaille. Malgr\u00e9 le soutien de sa meilleure amie Laur\u00e8ne, elle se laisse emporter par une lame de fond qui l\u2019entra\u00eene vers ses d\u00e9mons int\u00e9rieurs. Mais la vie est joueuse et lui apporte sur un plateau Alexandre, son amour de jeunesse. Osera-t-elle lui donner une seconde chance ?<br \/>En reprenant les r\u00eanes de sa vie, Alicia prend conscience des drames qui ont jalonn\u00e9 sa famille depuis des g\u00e9n\u00e9rations. Elle met le doigt sur un secret de famille rest\u00e9 dans l\u2019oubli qui la conduira des ann\u00e9es 1920 \u00e0 la Seconde Guerre mondiale, de la Bretagne \u00e0 Paris. Peu \u00e0 peu, elle va remonter le fil de son histoire familiale et offrir \u00e0 ses racines un terreau salutaire.<\/p>\t\t\t\t\t\t\t\t<\/div>\n\t\t\t\t<\/div>\n\t\t\t\t<div class=\"elementor-element elementor-element-2ac7a204 elementor-widget-divider--view-line elementor-widget elementor-widget-divider\" data-id=\"2ac7a204\" data-element_type=\"widget\" data-e-type=\"widget\" data-widget_type=\"divider.default\">\n\t\t\t\t<div class=\"elementor-widget-container\">\n\t\t\t\t\t\t\t<div class=\"elementor-divider\">\n\t\t\t<span class=\"elementor-divider-separator\">\n\t\t\t\t\t\t<\/span>\n\t\t<\/div>\n\t\t\t\t\t\t<\/div>\n\t\t\t\t<\/div>\n\t\t\t\t<div class=\"elementor-element elementor-element-284ac09a elementor-widget elementor-widget-heading\" data-id=\"284ac09a\" data-element_type=\"widget\" data-e-type=\"widget\" data-widget_type=\"heading.default\">\n\t\t\t\t<div class=\"elementor-widget-container\">\n\t\t\t\t\t<h2 class=\"elementor-heading-title elementor-size-medium\">Ma note<\/h2>\t\t\t\t<\/div>\n\t\t\t\t<\/div>\n\t\t\t\t<div class=\"elementor-element elementor-element-1985ab65 elementor-star-rating--align-center elementor--star-style-star_fontawesome elementor-widget elementor-widget-star-rating\" data-id=\"1985ab65\" data-element_type=\"widget\" data-e-type=\"widget\" data-widget_type=\"star-rating.default\">\n\t\t\t\t<div class=\"elementor-widget-container\">\n\t\t\t\t\t\t\t<div class=\"elementor-star-rating__wrapper\">\n\t\t\t\t\t\t<div class=\"elementor-star-rating\" itemtype=\"http:\/\/schema.org\/Rating\" itemscope=\"\" itemprop=\"reviewRating\">\n\t\t\t\t<i class=\"elementor-star-full\" aria-hidden=\"true\">&#xE934;<\/i><i class=\"elementor-star-full\" aria-hidden=\"true\">&#xE934;<\/i><i class=\"elementor-star-full\" aria-hidden=\"true\">&#xE934;<\/i><i class=\"elementor-star-full\" aria-hidden=\"true\">&#xE934;<\/i><i class=\"elementor-star-6\" aria-hidden=\"true\">&#xE934;<\/i>\t\t\t\t<span itemprop=\"ratingValue\" class=\"elementor-screen-only\">Not\u00e9 4.6 sur 5<\/span>\n\t\t\t<\/div>\n\t\t<\/div>\n\t\t\t\t\t\t<\/div>\n\t\t\t\t<\/div>\n\t\t\t\t<div class=\"elementor-element elementor-element-23d314ed elementor-widget-divider--view-line elementor-widget elementor-widget-divider\" data-id=\"23d314ed\" data-element_type=\"widget\" data-e-type=\"widget\" data-widget_type=\"divider.default\">\n\t\t\t\t<div class=\"elementor-widget-container\">\n\t\t\t\t\t\t\t<div class=\"elementor-divider\">\n\t\t\t<span class=\"elementor-divider-separator\">\n\t\t\t\t\t\t<\/span>\n\t\t<\/div>\n\t\t\t\t\t\t<\/div>\n\t\t\t\t<\/div>\n\t\t\t\t<div class=\"elementor-element elementor-element-52962e37 elementor-widget elementor-widget-heading\" data-id=\"52962e37\" data-element_type=\"widget\" data-e-type=\"widget\" data-widget_type=\"heading.default\">\n\t\t\t\t<div class=\"elementor-widget-container\">\n\t\t\t\t\t<h2 class=\"elementor-heading-title elementor-size-medium\">Une red\u00e9couverte<\/h2>\t\t\t\t<\/div>\n\t\t\t\t<\/div>\n\t\t\t\t<div class=\"elementor-element elementor-element-1ad71335 elementor-widget elementor-widget-text-editor\" data-id=\"1ad71335\" data-element_type=\"widget\" data-e-type=\"widget\" data-widget_type=\"text-editor.default\">\n\t\t\t\t<div class=\"elementor-widget-container\">\n\t\t\t\t\t\t\t\t\t<p>Ce roman, je l&rsquo;avais d\u00e9j\u00e0 lu, en tant que b\u00eata-lectrice. Forc\u00e9ment, j&rsquo;y suis attach\u00e9e puisque j&rsquo;ai particip\u00e9 \u00e0 sa vie, d&rsquo;une certaine mani\u00e8re. \u00a0Et j&rsquo;ai eu cette chance incroyable <a href=\"https:\/\/www.instagram.com\/bibliza29\/\">qu&rsquo;Isabelle<\/a> soit une autrice \u00e0 l&rsquo;\u00e9coute, et qu&rsquo;elle ait suivi certains de mes conseils ! Ainsi, j&rsquo;ai d\u00e9couvert Et garder ta m\u00e9moire dans une belle version aboutie gr\u00e2ce aux retours pertinents qu&rsquo;elle a eu de b\u00eata-lectrices mais aussi de professionnelles de l&rsquo;\u00e9dition vers lesquelles elle s&rsquo;est tourn\u00e9e. Je tiens \u00e0 souligner ce travail titanesque mais aussi cette humilit\u00e9, parce que c&rsquo;est important. Et pas syst\u00e9matique.<\/p><p>Cela justifie en partie mon avis, que vous trouverez au d\u00e9but du roman : \u00ab\u00a0Quelques battements de coeur plus tard, la fin d&rsquo;un r\u00e9cit permet \u00e0 une nouvelle histoire de voir le jour. Beaucoup de douceur et une pointe de m\u00e9lancolie permettent \u00e0 Isabelle de m\u00ealer deuil et amour afin de nous offrir un r\u00e9cit breton sur plusieurs g\u00e9n\u00e9rations.\u00a0\u00bb La joie d&rsquo;avoir un blog ? Pouvoir d\u00e9velopper ce micro-avis plus longuement !<\/p>\t\t\t\t\t\t\t\t<\/div>\n\t\t\t\t<\/div>\n\t\t\t\t<div class=\"elementor-element elementor-element-2c0bcb92 elementor-widget-divider--view-line elementor-widget elementor-widget-divider\" data-id=\"2c0bcb92\" data-element_type=\"widget\" data-e-type=\"widget\" data-widget_type=\"divider.default\">\n\t\t\t\t<div class=\"elementor-widget-container\">\n\t\t\t\t\t\t\t<div class=\"elementor-divider\">\n\t\t\t<span class=\"elementor-divider-separator\">\n\t\t\t\t\t\t<\/span>\n\t\t<\/div>\n\t\t\t\t\t\t<\/div>\n\t\t\t\t<\/div>\n\t\t\t\t<div class=\"elementor-element elementor-element-7d8e930d elementor-widget elementor-widget-heading\" data-id=\"7d8e930d\" data-element_type=\"widget\" data-e-type=\"widget\" data-widget_type=\"heading.default\">\n\t\t\t\t<div class=\"elementor-widget-container\">\n\t\t\t\t\t<h4 class=\"elementor-heading-title elementor-size-medium\">\"Install\u00e9e \u00e0 l'arri\u00e8re du bateau, cheveux au vent, elle regardait le port s'\u00e9loigner. Elle larguait les amarres comme elle larguait sa douleur, offrant l'amer \u00e0 la mer.\"<\/h4>\t\t\t\t<\/div>\n\t\t\t\t<\/div>\n\t\t\t\t<div class=\"elementor-element elementor-element-77f181b1 elementor-widget-divider--view-line elementor-widget elementor-widget-divider\" data-id=\"77f181b1\" data-element_type=\"widget\" data-e-type=\"widget\" data-widget_type=\"divider.default\">\n\t\t\t\t<div class=\"elementor-widget-container\">\n\t\t\t\t\t\t\t<div class=\"elementor-divider\">\n\t\t\t<span class=\"elementor-divider-separator\">\n\t\t\t\t\t\t<\/span>\n\t\t<\/div>\n\t\t\t\t\t\t<\/div>\n\t\t\t\t<\/div>\n\t\t\t\t<div class=\"elementor-element elementor-element-adc2808 elementor-widget elementor-widget-heading\" data-id=\"adc2808\" data-element_type=\"widget\" data-e-type=\"widget\" data-widget_type=\"heading.default\">\n\t\t\t\t<div class=\"elementor-widget-container\">\n\t\t\t\t\t<h2 class=\"elementor-heading-title elementor-size-medium\">Un roman \u00e0 lire \u00e0 toutes les saisons<\/h2>\t\t\t\t<\/div>\n\t\t\t\t<\/div>\n\t\t\t\t<div class=\"elementor-element elementor-element-55fba904 elementor-widget elementor-widget-text-editor\" data-id=\"55fba904\" data-element_type=\"widget\" data-e-type=\"widget\" data-widget_type=\"text-editor.default\">\n\t\t\t\t<div class=\"elementor-widget-container\">\n\t\t\t\t\t\t\t\t\t<p>Le plus important est sans aucun doute la plume. Et celle d&rsquo;Isabelle est jolie. D\u00e9s le prologue, j&rsquo;ai coll\u00e9 un post-it pour une citation, que vous retrouverez sur <a href=\"https:\/\/www.instagram.com\/reel\/C4ce_Ryt9Ek\/?utm_source=ig_web_copy_link\">Instagram<\/a>. Elle donne un ton m\u00e9lancolique et doux \u00e0 son histoire. Ce qui lui conf\u00e8re quelque chose d&rsquo;un peu contemplatif, et qui permet de vivre la nostalgie post-deuil pleinement \u00e0 travers le personnage d&rsquo;Alicia, dans le pr\u00e9sent. D&rsquo;ailleurs, cela rejoint la notion de saisonnalit\u00e9 puisque cette ambiance est tr\u00e8s propre \u00e0 l&rsquo;automne-hiver. Mais en r\u00e9alit\u00e9, l&rsquo;histoire dans Et garder ta m\u00e9moire <a href=\"https:\/\/www.instagram.com\/p\/C4XPX6-Nrjm\/?utm_source=ig_web_copy_link\">d\u00e9bute<\/a> au <a href=\"https:\/\/sorbetkiwi.fr\/index.php\/category\/le-printemps\/\">printemps<\/a>. Et surtout, son r\u00e9cit nous fait voyager en Bretagne, pleinement, c&rsquo;est donc aussi parfait pour l&rsquo;\u00e9t\u00e9. Ainsi, nous avons l\u00e0 un roman intemporel !\u00a0<\/p>\t\t\t\t\t\t\t\t<\/div>\n\t\t\t\t<\/div>\n\t\t\t\t<div class=\"elementor-element elementor-element-7a91751d elementor-widget-divider--view-line elementor-widget elementor-widget-divider\" data-id=\"7a91751d\" data-element_type=\"widget\" data-e-type=\"widget\" data-widget_type=\"divider.default\">\n\t\t\t\t<div class=\"elementor-widget-container\">\n\t\t\t\t\t\t\t<div class=\"elementor-divider\">\n\t\t\t<span class=\"elementor-divider-separator\">\n\t\t\t\t\t\t<\/span>\n\t\t<\/div>\n\t\t\t\t\t\t<\/div>\n\t\t\t\t<\/div>\n\t\t\t\t<div class=\"elementor-element elementor-element-12e352ad elementor-widget elementor-widget-heading\" data-id=\"12e352ad\" data-element_type=\"widget\" data-e-type=\"widget\" data-widget_type=\"heading.default\">\n\t\t\t\t<div class=\"elementor-widget-container\">\n\t\t\t\t\t<h2 class=\"elementor-heading-title elementor-size-medium\">De l'intrigue et de l'\u00e9motion<\/h2>\t\t\t\t<\/div>\n\t\t\t\t<\/div>\n\t\t\t\t<div class=\"elementor-element elementor-element-633c79db elementor-widget elementor-widget-text-editor\" data-id=\"633c79db\" data-element_type=\"widget\" data-e-type=\"widget\" data-widget_type=\"text-editor.default\">\n\t\t\t\t<div class=\"elementor-widget-container\">\n\t\t\t\t\t\t\t\t\t<p>L&rsquo;histoire d&rsquo;Alicia est tout en douceur, mais ses recherches prennent du temps \u00e0 d\u00e9marrer. Cela dit, d&#8217;embl\u00e9e, j&rsquo;ai \u00e9t\u00e9 intrigu\u00e9e par l&rsquo;histoire d&rsquo;Yvonne. Elle nous emm\u00e8ne dans les confins d\u2019une Bretagne insoup\u00e7onn\u00e9e, mutil\u00e9e par les guerres du XX\u00e8me si\u00e8cle. Cette partie m\u2019a tant plu, autant qu\u2019\u00e0 ma premi\u00e8re lecture ! Et elle m\u2019a aussi profond\u00e9ment touch\u00e9.<span class=\"Apple-converted-space\"> Forc\u00e9ment, lorsque le pass\u00e9 et le pr\u00e9sent se rejoignent, avec Alicia qui boucle la boucle, j&rsquo;ai vers\u00e9 mes petites larmes. <\/span><\/p><p><span class=\"Apple-converted-space\">Cela dit, le d\u00e9but, avec Y<\/span>vonne dans un manoir breton, est vraiment la partie qui m\u2019a le plus marqu\u00e9 et dont je me souvenais comme si je l\u2019avais lu hier. Les \u00e9motions qui m\u2019ont travers\u00e9 \u00e9taient toutes aussi fortes que la premi\u00e8re fois. La relecture a cela d\u2019int\u00e9ressant qu\u2019elle met vraiment en avant les \u00e9l\u00e9ments les plus personnels de notre exp\u00e9rience de lecture initiale.<span class=\"Apple-converted-space\"> Et lorsqu&rsquo;on prend plaisir \u00e0 relire un texte, c&rsquo;est que le pari est r\u00e9ussi. Alors bravo \u00e0 toi Isabelle pour cette belle histoire qui, je le sais, t&rsquo;a accompagn\u00e9 longtemps et est un bel hommage.\u00a0<\/span><\/p>\t\t\t\t\t\t\t\t<\/div>\n\t\t\t\t<\/div>\n\t\t\t\t\t<\/div>\n\t\t<\/div>\n\t\t\t\t\t<\/div>\n\t\t<\/section>\n\t\t\t\t<\/div>\n\t\t","protected":false},"excerpt":{"rendered":"<p>Et garder ta m\u00e9moire R\u00e9sum\u00e9 Alicia a pass\u00e9 une enfance heureuse dans un petit port breton, \u00e9lev\u00e9e et choy\u00e9e par ses grands-parents. Au d\u00e9c\u00e8s de sa grand-m\u00e8re, la jeune fille est \u00e9branl\u00e9e et peine \u00e0 &hellip; <\/p>\n","protected":false},"author":1,"featured_media":5780,"comment_status":"open","ping_status":"open","sticky":false,"template":"","format":"standard","meta":{"footnotes":""},"categories":[1],"tags":[277,1570,367,1569,1568,500,66,230],"class_list":["post-5773","post","type-post","status-publish","format-standard","has-post-thumbnail","hentry","category-tout-le-blog","tag-autoedition","tag-bibliza29","tag-deuil","tag-et-garder-ta-memoire","tag-isabelle-fontaine","tag-printemps","tag-roman-choral","tag-roman-contemporain","has-single-img"],"yoast_head":"<!-- This site is optimized with the Yoast SEO plugin v27.4 - https:\/\/yoast.com\/product\/yoast-seo-wordpress\/ -->\n<title>Et garder ta m\u00e9moire d&#039;Isabelle Fontaine - Sorbet Kiwi<\/title>\n<meta name=\"description\" content=\"Ma chronique du beau primo-roman Et garder ta m\u00e9moire \u00e9crit par Isabelle Fontaine et publi\u00e9 en auto\u00e9dition.\" \/>\n<meta name=\"robots\" content=\"index, follow, max-snippet:-1, max-image-preview:large, max-video-preview:-1\" \/>\n<link rel=\"canonical\" href=\"https:\/\/sorbetkiwi.fr\/index.php\/et-garder-ta-memoire-disabelle-fontaine\/\" \/>\n<meta property=\"og:locale\" content=\"fr_FR\" \/>\n<meta property=\"og:type\" content=\"article\" \/>\n<meta property=\"og:title\" content=\"Et garder ta m\u00e9moire d&#039;Isabelle Fontaine - Sorbet Kiwi\" \/>\n<meta property=\"og:description\" content=\"Ma chronique du beau primo-roman Et garder ta m\u00e9moire \u00e9crit par Isabelle Fontaine et publi\u00e9 en auto\u00e9dition.\" \/>\n<meta property=\"og:url\" content=\"https:\/\/sorbetkiwi.fr\/index.php\/et-garder-ta-memoire-disabelle-fontaine\/\" \/>\n<meta property=\"og:site_name\" content=\"Sorbet Kiwi\" \/>\n<meta property=\"article:publisher\" content=\"https:\/\/www.facebook.com\/profile.php?id=100086238893269\" \/>\n<meta property=\"article:published_time\" content=\"2024-03-14T06:00:00+00:00\" \/>\n<meta property=\"og:image\" content=\"https:\/\/sorbetkiwi.fr\/wp-content\/uploads\/2024\/03\/Et-garder-ta-memoire-1-Isabelle-Fontaine.jpg\" \/>\n\t<meta property=\"og:image:width\" content=\"1080\" \/>\n\t<meta property=\"og:image:height\" content=\"1440\" \/>\n\t<meta property=\"og:image:type\" content=\"image\/jpeg\" \/>\n<meta name=\"author\" content=\"Sorbet-Kiwi\" \/>\n<meta name=\"twitter:card\" content=\"summary_large_image\" \/>\n<meta name=\"twitter:creator\" content=\"@pepparshoes\" \/>\n<meta name=\"twitter:site\" content=\"@pepparshoes\" \/>\n<meta name=\"twitter:label1\" content=\"\u00c9crit par\" \/>\n\t<meta name=\"twitter:data1\" content=\"Sorbet-Kiwi\" \/>\n\t<meta name=\"twitter:label2\" content=\"Dur\u00e9e de lecture estim\u00e9e\" \/>\n\t<meta name=\"twitter:data2\" content=\"4 minutes\" \/>\n<script type=\"application\/ld+json\" class=\"yoast-schema-graph\">{\"@context\":\"https:\\\/\\\/schema.org\",\"@graph\":[{\"@type\":\"Article\",\"@id\":\"https:\\\/\\\/sorbetkiwi.fr\\\/index.php\\\/et-garder-ta-memoire-disabelle-fontaine\\\/#article\",\"isPartOf\":{\"@id\":\"https:\\\/\\\/sorbetkiwi.fr\\\/index.php\\\/et-garder-ta-memoire-disabelle-fontaine\\\/\"},\"author\":{\"name\":\"Sorbet-Kiwi\",\"@id\":\"https:\\\/\\\/sorbetkiwi.fr\\\/#\\\/schema\\\/person\\\/ed1b7b527a2957ddc3bf38b076540659\"},\"headline\":\"Et garder ta m\u00e9moire d&rsquo;Isabelle Fontaine\",\"datePublished\":\"2024-03-14T06:00:00+00:00\",\"mainEntityOfPage\":{\"@id\":\"https:\\\/\\\/sorbetkiwi.fr\\\/index.php\\\/et-garder-ta-memoire-disabelle-fontaine\\\/\"},\"wordCount\":758,\"commentCount\":4,\"publisher\":{\"@id\":\"https:\\\/\\\/sorbetkiwi.fr\\\/#organization\"},\"image\":{\"@id\":\"https:\\\/\\\/sorbetkiwi.fr\\\/index.php\\\/et-garder-ta-memoire-disabelle-fontaine\\\/#primaryimage\"},\"thumbnailUrl\":\"https:\\\/\\\/sorbetkiwi.fr\\\/wp-content\\\/uploads\\\/2024\\\/03\\\/Et-garder-ta-memoire-1-Isabelle-Fontaine.jpg\",\"keywords\":[\"Auto\u00e9dition\",\"Bibliza29\",\"Deuil\",\"Et garder ta m\u00e9moire\",\"Isabelle Fontaine\",\"Printemps\",\"Roman choral\",\"Roman contemporain\"],\"articleSection\":[\"Tout le blog\"],\"inLanguage\":\"fr-FR\",\"potentialAction\":[{\"@type\":\"CommentAction\",\"name\":\"Comment\",\"target\":[\"https:\\\/\\\/sorbetkiwi.fr\\\/index.php\\\/et-garder-ta-memoire-disabelle-fontaine\\\/#respond\"]}]},{\"@type\":\"WebPage\",\"@id\":\"https:\\\/\\\/sorbetkiwi.fr\\\/index.php\\\/et-garder-ta-memoire-disabelle-fontaine\\\/\",\"url\":\"https:\\\/\\\/sorbetkiwi.fr\\\/index.php\\\/et-garder-ta-memoire-disabelle-fontaine\\\/\",\"name\":\"Et garder ta m\u00e9moire d'Isabelle Fontaine - Sorbet Kiwi\",\"isPartOf\":{\"@id\":\"https:\\\/\\\/sorbetkiwi.fr\\\/#website\"},\"primaryImageOfPage\":{\"@id\":\"https:\\\/\\\/sorbetkiwi.fr\\\/index.php\\\/et-garder-ta-memoire-disabelle-fontaine\\\/#primaryimage\"},\"image\":{\"@id\":\"https:\\\/\\\/sorbetkiwi.fr\\\/index.php\\\/et-garder-ta-memoire-disabelle-fontaine\\\/#primaryimage\"},\"thumbnailUrl\":\"https:\\\/\\\/sorbetkiwi.fr\\\/wp-content\\\/uploads\\\/2024\\\/03\\\/Et-garder-ta-memoire-1-Isabelle-Fontaine.jpg\",\"datePublished\":\"2024-03-14T06:00:00+00:00\",\"description\":\"Ma chronique du beau primo-roman Et garder ta m\u00e9moire \u00e9crit par Isabelle Fontaine et publi\u00e9 en auto\u00e9dition.\",\"breadcrumb\":{\"@id\":\"https:\\\/\\\/sorbetkiwi.fr\\\/index.php\\\/et-garder-ta-memoire-disabelle-fontaine\\\/#breadcrumb\"},\"inLanguage\":\"fr-FR\",\"potentialAction\":[{\"@type\":\"ReadAction\",\"target\":[\"https:\\\/\\\/sorbetkiwi.fr\\\/index.php\\\/et-garder-ta-memoire-disabelle-fontaine\\\/\"]}]},{\"@type\":\"ImageObject\",\"inLanguage\":\"fr-FR\",\"@id\":\"https:\\\/\\\/sorbetkiwi.fr\\\/index.php\\\/et-garder-ta-memoire-disabelle-fontaine\\\/#primaryimage\",\"url\":\"https:\\\/\\\/sorbetkiwi.fr\\\/wp-content\\\/uploads\\\/2024\\\/03\\\/Et-garder-ta-memoire-1-Isabelle-Fontaine.jpg\",\"contentUrl\":\"https:\\\/\\\/sorbetkiwi.fr\\\/wp-content\\\/uploads\\\/2024\\\/03\\\/Et-garder-ta-memoire-1-Isabelle-Fontaine.jpg\",\"width\":1080,\"height\":1440,\"caption\":\"Et garder ta m\u00e9moire Isabelle Fontaine\"},{\"@type\":\"BreadcrumbList\",\"@id\":\"https:\\\/\\\/sorbetkiwi.fr\\\/index.php\\\/et-garder-ta-memoire-disabelle-fontaine\\\/#breadcrumb\",\"itemListElement\":[{\"@type\":\"ListItem\",\"position\":1,\"name\":\"Accueil\",\"item\":\"https:\\\/\\\/sorbetkiwi.fr\\\/\"},{\"@type\":\"ListItem\",\"position\":2,\"name\":\"Et garder ta m\u00e9moire d&rsquo;Isabelle Fontaine\"}]},{\"@type\":\"WebSite\",\"@id\":\"https:\\\/\\\/sorbetkiwi.fr\\\/#website\",\"url\":\"https:\\\/\\\/sorbetkiwi.fr\\\/\",\"name\":\"Sorbet Kiwi\",\"description\":\"Des lectures th\u00e9matiques par saison et les avis qui vont avec\",\"publisher\":{\"@id\":\"https:\\\/\\\/sorbetkiwi.fr\\\/#organization\"},\"potentialAction\":[{\"@type\":\"SearchAction\",\"target\":{\"@type\":\"EntryPoint\",\"urlTemplate\":\"https:\\\/\\\/sorbetkiwi.fr\\\/?s={search_term_string}\"},\"query-input\":{\"@type\":\"PropertyValueSpecification\",\"valueRequired\":true,\"valueName\":\"search_term_string\"}}],\"inLanguage\":\"fr-FR\"},{\"@type\":\"Organization\",\"@id\":\"https:\\\/\\\/sorbetkiwi.fr\\\/#organization\",\"name\":\"Sorbet Kiwi\",\"url\":\"https:\\\/\\\/sorbetkiwi.fr\\\/\",\"logo\":{\"@type\":\"ImageObject\",\"inLanguage\":\"fr-FR\",\"@id\":\"https:\\\/\\\/sorbetkiwi.fr\\\/#\\\/schema\\\/logo\\\/image\\\/\",\"url\":\"https:\\\/\\\/sorbetkiwi.fr\\\/wp-content\\\/uploads\\\/2022\\\/10\\\/Banniere-Sorbet-Kiwi-2022.jpg\",\"contentUrl\":\"https:\\\/\\\/sorbetkiwi.fr\\\/wp-content\\\/uploads\\\/2022\\\/10\\\/Banniere-Sorbet-Kiwi-2022.jpg\",\"width\":814,\"height\":401,\"caption\":\"Sorbet Kiwi\"},\"image\":{\"@id\":\"https:\\\/\\\/sorbetkiwi.fr\\\/#\\\/schema\\\/logo\\\/image\\\/\"},\"sameAs\":[\"https:\\\/\\\/www.facebook.com\\\/profile.php?id=100086238893269\",\"https:\\\/\\\/x.com\\\/pepparshoes\",\"https:\\\/\\\/www.instagram.com\\\/sorbetkiwi\\\/\",\"https:\\\/\\\/www.tiktok.com\\\/sorbetkiwi\"]},{\"@type\":\"Person\",\"@id\":\"https:\\\/\\\/sorbetkiwi.fr\\\/#\\\/schema\\\/person\\\/ed1b7b527a2957ddc3bf38b076540659\",\"name\":\"Sorbet-Kiwi\",\"image\":{\"@type\":\"ImageObject\",\"inLanguage\":\"fr-FR\",\"@id\":\"https:\\\/\\\/secure.gravatar.com\\\/avatar\\\/86f0a5c27d76317621b9e374d0f3a01d3a85278f10d0c7207ced4fd773057442?s=96&d=mm&r=g\",\"url\":\"https:\\\/\\\/secure.gravatar.com\\\/avatar\\\/86f0a5c27d76317621b9e374d0f3a01d3a85278f10d0c7207ced4fd773057442?s=96&d=mm&r=g\",\"contentUrl\":\"https:\\\/\\\/secure.gravatar.com\\\/avatar\\\/86f0a5c27d76317621b9e374d0f3a01d3a85278f10d0c7207ced4fd773057442?s=96&d=mm&r=g\",\"caption\":\"Sorbet-Kiwi\"},\"sameAs\":[\"http:\\\/\\\/sorbetkiwi.fr\"],\"url\":\"https:\\\/\\\/sorbetkiwi.fr\\\/index.php\\\/author\\\/admin7717\\\/\"}]}<\/script>\n<!-- \/ Yoast SEO plugin. -->","yoast_head_json":{"title":"Et garder ta m\u00e9moire d'Isabelle Fontaine - Sorbet Kiwi","description":"Ma chronique du beau primo-roman Et garder ta m\u00e9moire \u00e9crit par Isabelle Fontaine et publi\u00e9 en auto\u00e9dition.","robots":{"index":"index","follow":"follow","max-snippet":"max-snippet:-1","max-image-preview":"max-image-preview:large","max-video-preview":"max-video-preview:-1"},"canonical":"https:\/\/sorbetkiwi.fr\/index.php\/et-garder-ta-memoire-disabelle-fontaine\/","og_locale":"fr_FR","og_type":"article","og_title":"Et garder ta m\u00e9moire d'Isabelle Fontaine - Sorbet Kiwi","og_description":"Ma chronique du beau primo-roman Et garder ta m\u00e9moire \u00e9crit par Isabelle Fontaine et publi\u00e9 en auto\u00e9dition.","og_url":"https:\/\/sorbetkiwi.fr\/index.php\/et-garder-ta-memoire-disabelle-fontaine\/","og_site_name":"Sorbet Kiwi","article_publisher":"https:\/\/www.facebook.com\/profile.php?id=100086238893269","article_published_time":"2024-03-14T06:00:00+00:00","og_image":[{"width":1080,"height":1440,"url":"https:\/\/sorbetkiwi.fr\/wp-content\/uploads\/2024\/03\/Et-garder-ta-memoire-1-Isabelle-Fontaine.jpg","type":"image\/jpeg"}],"author":"Sorbet-Kiwi","twitter_card":"summary_large_image","twitter_creator":"@pepparshoes","twitter_site":"@pepparshoes","twitter_misc":{"\u00c9crit par":"Sorbet-Kiwi","Dur\u00e9e de lecture estim\u00e9e":"4 minutes"},"schema":{"@context":"https:\/\/schema.org","@graph":[{"@type":"Article","@id":"https:\/\/sorbetkiwi.fr\/index.php\/et-garder-ta-memoire-disabelle-fontaine\/#article","isPartOf":{"@id":"https:\/\/sorbetkiwi.fr\/index.php\/et-garder-ta-memoire-disabelle-fontaine\/"},"author":{"name":"Sorbet-Kiwi","@id":"https:\/\/sorbetkiwi.fr\/#\/schema\/person\/ed1b7b527a2957ddc3bf38b076540659"},"headline":"Et garder ta m\u00e9moire d&rsquo;Isabelle Fontaine","datePublished":"2024-03-14T06:00:00+00:00","mainEntityOfPage":{"@id":"https:\/\/sorbetkiwi.fr\/index.php\/et-garder-ta-memoire-disabelle-fontaine\/"},"wordCount":758,"commentCount":4,"publisher":{"@id":"https:\/\/sorbetkiwi.fr\/#organization"},"image":{"@id":"https:\/\/sorbetkiwi.fr\/index.php\/et-garder-ta-memoire-disabelle-fontaine\/#primaryimage"},"thumbnailUrl":"https:\/\/sorbetkiwi.fr\/wp-content\/uploads\/2024\/03\/Et-garder-ta-memoire-1-Isabelle-Fontaine.jpg","keywords":["Auto\u00e9dition","Bibliza29","Deuil","Et garder ta m\u00e9moire","Isabelle Fontaine","Printemps","Roman choral","Roman contemporain"],"articleSection":["Tout le blog"],"inLanguage":"fr-FR","potentialAction":[{"@type":"CommentAction","name":"Comment","target":["https:\/\/sorbetkiwi.fr\/index.php\/et-garder-ta-memoire-disabelle-fontaine\/#respond"]}]},{"@type":"WebPage","@id":"https:\/\/sorbetkiwi.fr\/index.php\/et-garder-ta-memoire-disabelle-fontaine\/","url":"https:\/\/sorbetkiwi.fr\/index.php\/et-garder-ta-memoire-disabelle-fontaine\/","name":"Et garder ta m\u00e9moire d'Isabelle Fontaine - Sorbet Kiwi","isPartOf":{"@id":"https:\/\/sorbetkiwi.fr\/#website"},"primaryImageOfPage":{"@id":"https:\/\/sorbetkiwi.fr\/index.php\/et-garder-ta-memoire-disabelle-fontaine\/#primaryimage"},"image":{"@id":"https:\/\/sorbetkiwi.fr\/index.php\/et-garder-ta-memoire-disabelle-fontaine\/#primaryimage"},"thumbnailUrl":"https:\/\/sorbetkiwi.fr\/wp-content\/uploads\/2024\/03\/Et-garder-ta-memoire-1-Isabelle-Fontaine.jpg","datePublished":"2024-03-14T06:00:00+00:00","description":"Ma chronique du beau primo-roman Et garder ta m\u00e9moire \u00e9crit par Isabelle Fontaine et publi\u00e9 en auto\u00e9dition.","breadcrumb":{"@id":"https:\/\/sorbetkiwi.fr\/index.php\/et-garder-ta-memoire-disabelle-fontaine\/#breadcrumb"},"inLanguage":"fr-FR","potentialAction":[{"@type":"ReadAction","target":["https:\/\/sorbetkiwi.fr\/index.php\/et-garder-ta-memoire-disabelle-fontaine\/"]}]},{"@type":"ImageObject","inLanguage":"fr-FR","@id":"https:\/\/sorbetkiwi.fr\/index.php\/et-garder-ta-memoire-disabelle-fontaine\/#primaryimage","url":"https:\/\/sorbetkiwi.fr\/wp-content\/uploads\/2024\/03\/Et-garder-ta-memoire-1-Isabelle-Fontaine.jpg","contentUrl":"https:\/\/sorbetkiwi.fr\/wp-content\/uploads\/2024\/03\/Et-garder-ta-memoire-1-Isabelle-Fontaine.jpg","width":1080,"height":1440,"caption":"Et garder ta m\u00e9moire Isabelle Fontaine"},{"@type":"BreadcrumbList","@id":"https:\/\/sorbetkiwi.fr\/index.php\/et-garder-ta-memoire-disabelle-fontaine\/#breadcrumb","itemListElement":[{"@type":"ListItem","position":1,"name":"Accueil","item":"https:\/\/sorbetkiwi.fr\/"},{"@type":"ListItem","position":2,"name":"Et garder ta m\u00e9moire d&rsquo;Isabelle Fontaine"}]},{"@type":"WebSite","@id":"https:\/\/sorbetkiwi.fr\/#website","url":"https:\/\/sorbetkiwi.fr\/","name":"Sorbet Kiwi","description":"Des lectures th\u00e9matiques par saison et les avis qui vont avec","publisher":{"@id":"https:\/\/sorbetkiwi.fr\/#organization"},"potentialAction":[{"@type":"SearchAction","target":{"@type":"EntryPoint","urlTemplate":"https:\/\/sorbetkiwi.fr\/?s={search_term_string}"},"query-input":{"@type":"PropertyValueSpecification","valueRequired":true,"valueName":"search_term_string"}}],"inLanguage":"fr-FR"},{"@type":"Organization","@id":"https:\/\/sorbetkiwi.fr\/#organization","name":"Sorbet Kiwi","url":"https:\/\/sorbetkiwi.fr\/","logo":{"@type":"ImageObject","inLanguage":"fr-FR","@id":"https:\/\/sorbetkiwi.fr\/#\/schema\/logo\/image\/","url":"https:\/\/sorbetkiwi.fr\/wp-content\/uploads\/2022\/10\/Banniere-Sorbet-Kiwi-2022.jpg","contentUrl":"https:\/\/sorbetkiwi.fr\/wp-content\/uploads\/2022\/10\/Banniere-Sorbet-Kiwi-2022.jpg","width":814,"height":401,"caption":"Sorbet Kiwi"},"image":{"@id":"https:\/\/sorbetkiwi.fr\/#\/schema\/logo\/image\/"},"sameAs":["https:\/\/www.facebook.com\/profile.php?id=100086238893269","https:\/\/x.com\/pepparshoes","https:\/\/www.instagram.com\/sorbetkiwi\/","https:\/\/www.tiktok.com\/sorbetkiwi"]},{"@type":"Person","@id":"https:\/\/sorbetkiwi.fr\/#\/schema\/person\/ed1b7b527a2957ddc3bf38b076540659","name":"Sorbet-Kiwi","image":{"@type":"ImageObject","inLanguage":"fr-FR","@id":"https:\/\/secure.gravatar.com\/avatar\/86f0a5c27d76317621b9e374d0f3a01d3a85278f10d0c7207ced4fd773057442?s=96&d=mm&r=g","url":"https:\/\/secure.gravatar.com\/avatar\/86f0a5c27d76317621b9e374d0f3a01d3a85278f10d0c7207ced4fd773057442?s=96&d=mm&r=g","contentUrl":"https:\/\/secure.gravatar.com\/avatar\/86f0a5c27d76317621b9e374d0f3a01d3a85278f10d0c7207ced4fd773057442?s=96&d=mm&r=g","caption":"Sorbet-Kiwi"},"sameAs":["http:\/\/sorbetkiwi.fr"],"url":"https:\/\/sorbetkiwi.fr\/index.php\/author\/admin7717\/"}]}},"_links":{"self":[{"href":"https:\/\/sorbetkiwi.fr\/index.php\/wp-json\/wp\/v2\/posts\/5773","targetHints":{"allow":["GET"]}}],"collection":[{"href":"https:\/\/sorbetkiwi.fr\/index.php\/wp-json\/wp\/v2\/posts"}],"about":[{"href":"https:\/\/sorbetkiwi.fr\/index.php\/wp-json\/wp\/v2\/types\/post"}],"author":[{"embeddable":true,"href":"https:\/\/sorbetkiwi.fr\/index.php\/wp-json\/wp\/v2\/users\/1"}],"replies":[{"embeddable":true,"href":"https:\/\/sorbetkiwi.fr\/index.php\/wp-json\/wp\/v2\/comments?post=5773"}],"version-history":[{"count":5,"href":"https:\/\/sorbetkiwi.fr\/index.php\/wp-json\/wp\/v2\/posts\/5773\/revisions"}],"predecessor-version":[{"id":5778,"href":"https:\/\/sorbetkiwi.fr\/index.php\/wp-json\/wp\/v2\/posts\/5773\/revisions\/5778"}],"wp:featuredmedia":[{"embeddable":true,"href":"https:\/\/sorbetkiwi.fr\/index.php\/wp-json\/wp\/v2\/media\/5780"}],"wp:attachment":[{"href":"https:\/\/sorbetkiwi.fr\/index.php\/wp-json\/wp\/v2\/media?parent=5773"}],"wp:term":[{"taxonomy":"category","embeddable":true,"href":"https:\/\/sorbetkiwi.fr\/index.php\/wp-json\/wp\/v2\/categories?post=5773"},{"taxonomy":"post_tag","embeddable":true,"href":"https:\/\/sorbetkiwi.fr\/index.php\/wp-json\/wp\/v2\/tags?post=5773"}],"curies":[{"name":"wp","href":"https:\/\/api.w.org\/{rel}","templated":true}]}}