{"id":5728,"date":"2024-03-19T07:00:00","date_gmt":"2024-03-19T06:00:00","guid":{"rendered":"https:\/\/sorbetkiwi.fr\/?p=5728"},"modified":"2024-03-18T14:12:53","modified_gmt":"2024-03-18T13:12:53","slug":"gone-with-the-wind-de-pierre-alary-dapres-margaret-mitchell","status":"publish","type":"post","link":"https:\/\/sorbetkiwi.fr\/index.php\/gone-with-the-wind-de-pierre-alary-dapres-margaret-mitchell\/","title":{"rendered":"Gone with the wind de Pierre Alary d&rsquo;apr\u00e8s Margaret Mitchell"},"content":{"rendered":"\t\t<div data-elementor-type=\"wp-post\" data-elementor-id=\"5728\" class=\"elementor elementor-5728\">\n\t\t\t\t\t\t<section class=\"elementor-section elementor-top-section elementor-element elementor-element-ec079bb elementor-section-boxed elementor-section-height-default elementor-section-height-default\" data-id=\"ec079bb\" data-element_type=\"section\" data-e-type=\"section\">\n\t\t\t\t\t\t<div class=\"elementor-container elementor-column-gap-default\">\n\t\t\t\t\t<div class=\"elementor-column elementor-col-100 elementor-top-column elementor-element elementor-element-2271b0aa\" data-id=\"2271b0aa\" data-element_type=\"column\" data-e-type=\"column\">\n\t\t\t<div class=\"elementor-widget-wrap elementor-element-populated\">\n\t\t\t\t\t\t<div class=\"elementor-element elementor-element-797cb9f7 elementor-widget elementor-widget-heading\" data-id=\"797cb9f7\" data-element_type=\"widget\" data-e-type=\"widget\" data-widget_type=\"heading.default\">\n\t\t\t\t<div class=\"elementor-widget-container\">\n\t\t\t\t\t<h1 class=\"elementor-heading-title elementor-size-medium\">Gone with the wind Pierre Alary<\/h1>\t\t\t\t<\/div>\n\t\t\t\t<\/div>\n\t\t\t\t<div class=\"elementor-element elementor-element-4797bf2b elementor-view-default elementor-widget elementor-widget-icon\" data-id=\"4797bf2b\" data-element_type=\"widget\" data-e-type=\"widget\" data-widget_type=\"icon.default\">\n\t\t\t\t<div class=\"elementor-widget-container\">\n\t\t\t\t\t\t\t<div class=\"elementor-icon-wrapper\">\n\t\t\t<div class=\"elementor-icon\">\n\t\t\t<i aria-hidden=\"true\" class=\"fab fa-pagelines\"><\/i>\t\t\t<\/div>\n\t\t<\/div>\n\t\t\t\t\t\t<\/div>\n\t\t\t\t<\/div>\n\t\t\t\t<div class=\"elementor-element elementor-element-1224132a elementor-widget-divider--view-line elementor-widget elementor-widget-divider\" data-id=\"1224132a\" data-element_type=\"widget\" data-e-type=\"widget\" data-widget_type=\"divider.default\">\n\t\t\t\t<div class=\"elementor-widget-container\">\n\t\t\t\t\t\t\t<div class=\"elementor-divider\">\n\t\t\t<span class=\"elementor-divider-separator\">\n\t\t\t\t\t\t<\/span>\n\t\t<\/div>\n\t\t\t\t\t\t<\/div>\n\t\t\t\t<\/div>\n\t\t\t\t<div class=\"elementor-element elementor-element-1a4b3069 elementor-widget elementor-widget-heading\" data-id=\"1a4b3069\" data-element_type=\"widget\" data-e-type=\"widget\" data-widget_type=\"heading.default\">\n\t\t\t\t<div class=\"elementor-widget-container\">\n\t\t\t\t\t<h2 class=\"elementor-heading-title elementor-size-medium\">R\u00e9sum\u00e9<\/h2>\t\t\t\t<\/div>\n\t\t\t\t<\/div>\n\t\t\t\t<div class=\"elementor-element elementor-element-568e96f9 elementor-widget elementor-widget-text-editor\" data-id=\"568e96f9\" data-element_type=\"widget\" data-e-type=\"widget\" data-widget_type=\"text-editor.default\">\n\t\t\t\t<div class=\"elementor-widget-container\">\n\t\t\t\t\t\t\t\t\t<p>Scarlett O&rsquo;Hara, jeune fille d&rsquo;une riche famille d&rsquo;Atlanta au sud des Etats-Unis, connait une vie douce et confortable, men\u00e9e au rythme de son caract\u00e8re d\u00e9termin\u00e9 et audacieux. Lorsque la Guerre de S\u00e9cession d\u00e9bute en 1861, ses rep\u00e8res s&rsquo;\u00e9croulent, et de lourdes responsabilit\u00e9s s&rsquo;imposent \u00e0 elle. Au milieu de la destruction et de la mort, Scarlett r\u00eave pourtant d&rsquo;amour : celui pour Ashley Wilkes, pourtant promis \u00e0 une autre, et qu&rsquo;elle porte secr\u00e8tement depuis toujours.\u00a0<\/p><p>L&rsquo;arriv\u00e9e de Rhett Butler, homme sans foi ni loi, aussi immoral que s\u00e9duisant, rebattra de nouveau les cartes dont la jeune fille dispose pour atteindre le bonheur. Avec son adaptation du c\u00e9l\u00e8bre roman de Margaret Mitchell et la formidable mise en images de ses personnages cultes, Pierre Alary signe une \u0153uvre prenante et magnifie ce r\u00e9cit intemporel.<\/p>\t\t\t\t\t\t\t\t<\/div>\n\t\t\t\t<\/div>\n\t\t\t\t<div class=\"elementor-element elementor-element-1b676d8a elementor-widget-divider--view-line elementor-widget elementor-widget-divider\" data-id=\"1b676d8a\" data-element_type=\"widget\" data-e-type=\"widget\" data-widget_type=\"divider.default\">\n\t\t\t\t<div class=\"elementor-widget-container\">\n\t\t\t\t\t\t\t<div class=\"elementor-divider\">\n\t\t\t<span class=\"elementor-divider-separator\">\n\t\t\t\t\t\t<\/span>\n\t\t<\/div>\n\t\t\t\t\t\t<\/div>\n\t\t\t\t<\/div>\n\t\t\t\t<div class=\"elementor-element elementor-element-5a3eb6f3 elementor-widget elementor-widget-heading\" data-id=\"5a3eb6f3\" data-element_type=\"widget\" data-e-type=\"widget\" data-widget_type=\"heading.default\">\n\t\t\t\t<div class=\"elementor-widget-container\">\n\t\t\t\t\t<h2 class=\"elementor-heading-title elementor-size-medium\">Ma note<\/h2>\t\t\t\t<\/div>\n\t\t\t\t<\/div>\n\t\t\t\t<div class=\"elementor-element elementor-element-7af86046 elementor-star-rating--align-center elementor--star-style-star_fontawesome elementor-widget elementor-widget-star-rating\" data-id=\"7af86046\" data-element_type=\"widget\" data-e-type=\"widget\" data-widget_type=\"star-rating.default\">\n\t\t\t\t<div class=\"elementor-widget-container\">\n\t\t\t\t\t\t\t<div class=\"elementor-star-rating__wrapper\">\n\t\t\t\t\t\t<div class=\"elementor-star-rating\" itemtype=\"http:\/\/schema.org\/Rating\" itemscope=\"\" itemprop=\"reviewRating\">\n\t\t\t\t<i class=\"elementor-star-full\" aria-hidden=\"true\">&#xE934;<\/i><i class=\"elementor-star-full\" aria-hidden=\"true\">&#xE934;<\/i><i class=\"elementor-star-full\" aria-hidden=\"true\">&#xE934;<\/i><i class=\"elementor-star-full\" aria-hidden=\"true\">&#xE934;<\/i><i class=\"elementor-star-5\" aria-hidden=\"true\">&#xE934;<\/i>\t\t\t\t<span itemprop=\"ratingValue\" class=\"elementor-screen-only\">Not\u00e9 4.5 sur 5<\/span>\n\t\t\t<\/div>\n\t\t<\/div>\n\t\t\t\t\t\t<\/div>\n\t\t\t\t<\/div>\n\t\t\t\t<div class=\"elementor-element elementor-element-424f7e05 elementor-widget-divider--view-line elementor-widget elementor-widget-divider\" data-id=\"424f7e05\" data-element_type=\"widget\" data-e-type=\"widget\" data-widget_type=\"divider.default\">\n\t\t\t\t<div class=\"elementor-widget-container\">\n\t\t\t\t\t\t\t<div class=\"elementor-divider\">\n\t\t\t<span class=\"elementor-divider-separator\">\n\t\t\t\t\t\t<\/span>\n\t\t<\/div>\n\t\t\t\t\t\t<\/div>\n\t\t\t\t<\/div>\n\t\t\t\t<div class=\"elementor-element elementor-element-3ffed27e elementor-widget elementor-widget-heading\" data-id=\"3ffed27e\" data-element_type=\"widget\" data-e-type=\"widget\" data-widget_type=\"heading.default\">\n\t\t\t\t<div class=\"elementor-widget-container\">\n\t\t\t\t\t<h2 class=\"elementor-heading-title elementor-size-medium\">Une adaptation plus dynamique que l'autre<\/h2>\t\t\t\t<\/div>\n\t\t\t\t<\/div>\n\t\t\t\t<div class=\"elementor-element elementor-element-7663a36a elementor-widget elementor-widget-text-editor\" data-id=\"7663a36a\" data-element_type=\"widget\" data-e-type=\"widget\" data-widget_type=\"text-editor.default\">\n\t\t\t\t<div class=\"elementor-widget-container\">\n\t\t\t\t\t\t\t\t\t<p>Lors de la <a href=\"https:\/\/sorbetkiwi.fr\/index.php\/la-foire-du-livre-de-bruxelles-2023\/\">foire du livre de Bruxelles<\/a> l&rsquo;an pass\u00e9, j&rsquo;ai vu Pierre Alary en conf\u00e9rence. Et il a si bien parl\u00e9 de Gone with the Wind que depuis, je souhaite le lire. Un an plus tard, j&rsquo;ai pu le d\u00e9couvrir gr\u00e2ce \u00e0 la m\u00e9diath\u00e8que ce qui me met en joie ! Alors, cette BD a-t-elle \u00e9t\u00e9 \u00e0 la hauteur de mes attentes ? Je dois dire que ma seule interaction avec l&rsquo;original de Gone with the Wind, alias Autant en emporte le vent, a \u00e9t\u00e9 le film. Devant lequel je me suis endormie tant il \u00e9tait long. Clairement, Pierre Alary propose une narration bien plus dynamique ! Je ne l&rsquo;ai pas l\u00e2ch\u00e9 du d\u00e9but \u00e0 la fin.<\/p>\t\t\t\t\t\t\t\t<\/div>\n\t\t\t\t<\/div>\n\t\t\t\t<div class=\"elementor-element elementor-element-7c263b22 elementor-widget-divider--view-line elementor-widget elementor-widget-divider\" data-id=\"7c263b22\" data-element_type=\"widget\" data-e-type=\"widget\" data-widget_type=\"divider.default\">\n\t\t\t\t<div class=\"elementor-widget-container\">\n\t\t\t\t\t\t\t<div class=\"elementor-divider\">\n\t\t\t<span class=\"elementor-divider-separator\">\n\t\t\t\t\t\t<\/span>\n\t\t<\/div>\n\t\t\t\t\t\t<\/div>\n\t\t\t\t<\/div>\n\t\t\t\t<div class=\"elementor-element elementor-element-700902bb elementor-widget elementor-widget-heading\" data-id=\"700902bb\" data-element_type=\"widget\" data-e-type=\"widget\" data-widget_type=\"heading.default\">\n\t\t\t\t<div class=\"elementor-widget-container\">\n\t\t\t\t\t<h4 class=\"elementor-heading-title elementor-size-medium\">\"Dieu sait que les femmes mari\u00e9es ne s'amusent jamais. Alors, veuve... Autant \u00eatre morte... Ou m\u00e8re.\"<\/h4>\t\t\t\t<\/div>\n\t\t\t\t<\/div>\n\t\t\t\t<div class=\"elementor-element elementor-element-1a23b3bb elementor-widget-divider--view-line elementor-widget elementor-widget-divider\" data-id=\"1a23b3bb\" data-element_type=\"widget\" data-e-type=\"widget\" data-widget_type=\"divider.default\">\n\t\t\t\t<div class=\"elementor-widget-container\">\n\t\t\t\t\t\t\t<div class=\"elementor-divider\">\n\t\t\t<span class=\"elementor-divider-separator\">\n\t\t\t\t\t\t<\/span>\n\t\t<\/div>\n\t\t\t\t\t\t<\/div>\n\t\t\t\t<\/div>\n\t\t\t\t<div class=\"elementor-element elementor-element-4012feb2 elementor-widget elementor-widget-heading\" data-id=\"4012feb2\" data-element_type=\"widget\" data-e-type=\"widget\" data-widget_type=\"heading.default\">\n\t\t\t\t<div class=\"elementor-widget-container\">\n\t\t\t\t\t<h2 class=\"elementor-heading-title elementor-size-medium\">Un voyage imm\u00e9diat dans le pass\u00e9 des USA<\/h2>\t\t\t\t<\/div>\n\t\t\t\t<\/div>\n\t\t\t\t<div class=\"elementor-element elementor-element-3f37211f elementor-widget elementor-widget-text-editor\" data-id=\"3f37211f\" data-element_type=\"widget\" data-e-type=\"widget\" data-widget_type=\"text-editor.default\">\n\t\t\t\t<div class=\"elementor-widget-container\">\n\t\t\t\t\t\t\t\t\t<p>Au d\u00e9part, j&rsquo;ai \u00e9t\u00e9 un peu surprise par les illustrations. Ce n&rsquo;est pas un type de graphisme vers lequel je me tourne d&rsquo;habitude. Mais en quelques pages \u00e0 peine j&rsquo;ai \u00e9t\u00e9 compl\u00e8tement happ\u00e9e dans le r\u00e9cit. C&rsquo;est un vrai voyage dans le temps. Nous nous retrouvons propuls\u00e9s aux USA du Sud, dans la r\u00e9gion d&rsquo;Atlanta. La plantation, les champs de coton, les habits des protagonistes. Femmes de la haute, esclaves, hommes et soldats, j&rsquo;ai \u00e9t\u00e9 vraiment prise dans le r\u00e9cit gr\u00e2ce au cadre pos\u00e9 par l&rsquo;auteur-illustrateur. Parce que Gone with the Wind, c&rsquo;est \u00e7a : une histoire de d\u00e9faite et de gros changement historique.\u00a0<\/p>\t\t\t\t\t\t\t\t<\/div>\n\t\t\t\t<\/div>\n\t\t\t\t<div class=\"elementor-element elementor-element-7d92cbbd elementor-widget-divider--view-line elementor-widget elementor-widget-divider\" data-id=\"7d92cbbd\" data-element_type=\"widget\" data-e-type=\"widget\" data-widget_type=\"divider.default\">\n\t\t\t\t<div class=\"elementor-widget-container\">\n\t\t\t\t\t\t\t<div class=\"elementor-divider\">\n\t\t\t<span class=\"elementor-divider-separator\">\n\t\t\t\t\t\t<\/span>\n\t\t<\/div>\n\t\t\t\t\t\t<\/div>\n\t\t\t\t<\/div>\n\t\t\t\t<div class=\"elementor-element elementor-element-4d6cac61 elementor-widget elementor-widget-heading\" data-id=\"4d6cac61\" data-element_type=\"widget\" data-e-type=\"widget\" data-widget_type=\"heading.default\">\n\t\t\t\t<div class=\"elementor-widget-container\">\n\t\t\t\t\t<h2 class=\"elementor-heading-title elementor-size-medium\">Des personnages repr\u00e9sentatifs de leur soci\u00e9t\u00e9 privil\u00e9gi\u00e9e<\/h2>\t\t\t\t<\/div>\n\t\t\t\t<\/div>\n\t\t\t\t<div class=\"elementor-element elementor-element-712b01a3 elementor-widget elementor-widget-text-editor\" data-id=\"712b01a3\" data-element_type=\"widget\" data-e-type=\"widget\" data-widget_type=\"text-editor.default\">\n\t\t\t\t<div class=\"elementor-widget-container\">\n\t\t\t\t\t\t\t\t\t<p>Peu de gens ignorent le titre Gone with the wind. <a href=\"https:\/\/www.livraddict.com\/biblio\/livre\/autant-en-emporte-le-vent-integrale.html\">Margaret Mitchell<\/a> a cr\u00e9\u00e9 une oeuvre particuli\u00e8rement marquante en terme d&rsquo;histoire. Je dois dire que je suis tr\u00e8s curieuse du tome 2, puisque dans ce tome 1, on ne parle pas du tout de la lib\u00e9ration des esclaves. Mais on ressent pleinement ce que repr\u00e9sentent Scarlett O&rsquo;Hara et Rhett Butler. L&rsquo;une est une jeunesse g\u00e2t\u00e9e mais aussi une femme brid\u00e9e par sa condition sociale et ce qu&rsquo;elle doit renvoyer. Elle veut tout, puisqu&rsquo;on lui a inculqu\u00e9 cette illusion qu&rsquo;elle peut tout avoir, tout en la privant de libert\u00e9s essentielles en tant que femme. Mais elle a la chance d&rsquo;\u00eatre n\u00e9e blanche et riche. Le contraste avec les esclaves est saisissant. L\u00e0 o\u00f9 Rhett incarne toute la cupidit\u00e9 et la libert\u00e9 d&rsquo;esprit des Etats-Unis d&rsquo;aujourd&rsquo;hui. Forc\u00e9ment, je me r\u00e9jouis de lire la suite, puisqu&rsquo;\u00e0 pr\u00e9sent je veux savoir l&rsquo;issue de l&rsquo;intrigue !\u00a0<\/p>\t\t\t\t\t\t\t\t<\/div>\n\t\t\t\t<\/div>\n\t\t\t\t\t<\/div>\n\t\t<\/div>\n\t\t\t\t\t<\/div>\n\t\t<\/section>\n\t\t\t\t<\/div>\n\t\t","protected":false},"excerpt":{"rendered":"<p>Gone with the wind Pierre Alary R\u00e9sum\u00e9 Scarlett O&rsquo;Hara, jeune fille d&rsquo;une riche famille d&rsquo;Atlanta au sud des Etats-Unis, connait une vie douce et confortable, men\u00e9e au rythme de son caract\u00e8re d\u00e9termin\u00e9 et audacieux. Lorsque &hellip; <\/p>\n","protected":false},"author":1,"featured_media":5729,"comment_status":"open","ping_status":"open","sticky":false,"template":"","format":"standard","meta":{"footnotes":""},"categories":[7,13,1],"tags":[532,80,296,205,905,1553,1554,904],"class_list":["post-5728","post","type-post","status-publish","format-standard","has-post-thumbnail","hentry","category-benevolat","category-le-printemps","category-tout-le-blog","tag-adaptation","tag-bande-dessinee","tag-bd-du-mardi","tag-classique","tag-editions-rue-de-sevres","tag-gone-with-the-wind","tag-margaret-mitchell","tag-rue-de-sevres","has-single-img"],"yoast_head":"<!-- This site is optimized with the Yoast SEO plugin v27.4 - https:\/\/yoast.com\/product\/yoast-seo-wordpress\/ -->\n<title>Gone with the wind de Pierre Alary d&#039;apr\u00e8s Margaret Mitchell - Sorbet Kiwi<\/title>\n<meta name=\"description\" content=\"Ma chronique du premier tome de la BD Gone with the wind de Pierre Alary d&#039;apr\u00e8s le roman de Margaret Mitchell chez Rue de S\u00e8vres\" \/>\n<meta name=\"robots\" content=\"index, follow, max-snippet:-1, max-image-preview:large, max-video-preview:-1\" \/>\n<link rel=\"canonical\" href=\"https:\/\/sorbetkiwi.fr\/index.php\/gone-with-the-wind-de-pierre-alary-dapres-margaret-mitchell\/\" \/>\n<meta property=\"og:locale\" content=\"fr_FR\" \/>\n<meta property=\"og:type\" content=\"article\" \/>\n<meta property=\"og:title\" content=\"Gone with the wind de Pierre Alary d&#039;apr\u00e8s Margaret Mitchell - Sorbet Kiwi\" \/>\n<meta property=\"og:description\" content=\"Ma chronique du premier tome de la BD Gone with the wind de Pierre Alary d&#039;apr\u00e8s le roman de Margaret Mitchell chez Rue de S\u00e8vres\" \/>\n<meta property=\"og:url\" content=\"https:\/\/sorbetkiwi.fr\/index.php\/gone-with-the-wind-de-pierre-alary-dapres-margaret-mitchell\/\" \/>\n<meta property=\"og:site_name\" content=\"Sorbet Kiwi\" \/>\n<meta property=\"article:publisher\" content=\"https:\/\/www.facebook.com\/profile.php?id=100086238893269\" \/>\n<meta property=\"article:published_time\" content=\"2024-03-19T06:00:00+00:00\" \/>\n<meta property=\"og:image\" content=\"https:\/\/sorbetkiwi.fr\/wp-content\/uploads\/2024\/03\/Gone-with-the-wind-1-scaled.jpg\" \/>\n\t<meta property=\"og:image:width\" content=\"1920\" \/>\n\t<meta property=\"og:image:height\" content=\"2560\" \/>\n\t<meta property=\"og:image:type\" content=\"image\/jpeg\" \/>\n<meta name=\"author\" content=\"Sorbet-Kiwi\" \/>\n<meta name=\"twitter:card\" content=\"summary_large_image\" \/>\n<meta name=\"twitter:creator\" content=\"@pepparshoes\" \/>\n<meta name=\"twitter:site\" content=\"@pepparshoes\" \/>\n<meta name=\"twitter:label1\" content=\"\u00c9crit par\" \/>\n\t<meta name=\"twitter:data1\" content=\"Sorbet-Kiwi\" \/>\n\t<meta name=\"twitter:label2\" content=\"Dur\u00e9e de lecture estim\u00e9e\" \/>\n\t<meta name=\"twitter:data2\" content=\"4 minutes\" \/>\n<script type=\"application\/ld+json\" class=\"yoast-schema-graph\">{\"@context\":\"https:\\\/\\\/schema.org\",\"@graph\":[{\"@type\":\"Article\",\"@id\":\"https:\\\/\\\/sorbetkiwi.fr\\\/index.php\\\/gone-with-the-wind-de-pierre-alary-dapres-margaret-mitchell\\\/#article\",\"isPartOf\":{\"@id\":\"https:\\\/\\\/sorbetkiwi.fr\\\/index.php\\\/gone-with-the-wind-de-pierre-alary-dapres-margaret-mitchell\\\/\"},\"author\":{\"name\":\"Sorbet-Kiwi\",\"@id\":\"https:\\\/\\\/sorbetkiwi.fr\\\/#\\\/schema\\\/person\\\/ed1b7b527a2957ddc3bf38b076540659\"},\"headline\":\"Gone with the wind de Pierre Alary d&rsquo;apr\u00e8s Margaret Mitchell\",\"datePublished\":\"2024-03-19T06:00:00+00:00\",\"mainEntityOfPage\":{\"@id\":\"https:\\\/\\\/sorbetkiwi.fr\\\/index.php\\\/gone-with-the-wind-de-pierre-alary-dapres-margaret-mitchell\\\/\"},\"wordCount\":638,\"commentCount\":4,\"publisher\":{\"@id\":\"https:\\\/\\\/sorbetkiwi.fr\\\/#organization\"},\"image\":{\"@id\":\"https:\\\/\\\/sorbetkiwi.fr\\\/index.php\\\/gone-with-the-wind-de-pierre-alary-dapres-margaret-mitchell\\\/#primaryimage\"},\"thumbnailUrl\":\"https:\\\/\\\/sorbetkiwi.fr\\\/wp-content\\\/uploads\\\/2024\\\/03\\\/Gone-with-the-wind-1-scaled.jpg\",\"keywords\":[\"Adaptation\",\"Bande dessin\u00e9e\",\"BD du mardi\",\"Classique\",\"\u00e9ditions Rue de S\u00e8vres\",\"Gone with the wind\",\"Margaret Mitchell\",\"Rue de S\u00e8vres\"],\"articleSection\":[\"B\u00e9n\u00e9volat\",\"Le printemps\",\"Tout le blog\"],\"inLanguage\":\"fr-FR\",\"potentialAction\":[{\"@type\":\"CommentAction\",\"name\":\"Comment\",\"target\":[\"https:\\\/\\\/sorbetkiwi.fr\\\/index.php\\\/gone-with-the-wind-de-pierre-alary-dapres-margaret-mitchell\\\/#respond\"]}]},{\"@type\":\"WebPage\",\"@id\":\"https:\\\/\\\/sorbetkiwi.fr\\\/index.php\\\/gone-with-the-wind-de-pierre-alary-dapres-margaret-mitchell\\\/\",\"url\":\"https:\\\/\\\/sorbetkiwi.fr\\\/index.php\\\/gone-with-the-wind-de-pierre-alary-dapres-margaret-mitchell\\\/\",\"name\":\"Gone with the wind de Pierre Alary d'apr\u00e8s Margaret Mitchell - Sorbet Kiwi\",\"isPartOf\":{\"@id\":\"https:\\\/\\\/sorbetkiwi.fr\\\/#website\"},\"primaryImageOfPage\":{\"@id\":\"https:\\\/\\\/sorbetkiwi.fr\\\/index.php\\\/gone-with-the-wind-de-pierre-alary-dapres-margaret-mitchell\\\/#primaryimage\"},\"image\":{\"@id\":\"https:\\\/\\\/sorbetkiwi.fr\\\/index.php\\\/gone-with-the-wind-de-pierre-alary-dapres-margaret-mitchell\\\/#primaryimage\"},\"thumbnailUrl\":\"https:\\\/\\\/sorbetkiwi.fr\\\/wp-content\\\/uploads\\\/2024\\\/03\\\/Gone-with-the-wind-1-scaled.jpg\",\"datePublished\":\"2024-03-19T06:00:00+00:00\",\"description\":\"Ma chronique du premier tome de la BD Gone with the wind de Pierre Alary d'apr\u00e8s le roman de Margaret Mitchell chez Rue de S\u00e8vres\",\"breadcrumb\":{\"@id\":\"https:\\\/\\\/sorbetkiwi.fr\\\/index.php\\\/gone-with-the-wind-de-pierre-alary-dapres-margaret-mitchell\\\/#breadcrumb\"},\"inLanguage\":\"fr-FR\",\"potentialAction\":[{\"@type\":\"ReadAction\",\"target\":[\"https:\\\/\\\/sorbetkiwi.fr\\\/index.php\\\/gone-with-the-wind-de-pierre-alary-dapres-margaret-mitchell\\\/\"]}]},{\"@type\":\"ImageObject\",\"inLanguage\":\"fr-FR\",\"@id\":\"https:\\\/\\\/sorbetkiwi.fr\\\/index.php\\\/gone-with-the-wind-de-pierre-alary-dapres-margaret-mitchell\\\/#primaryimage\",\"url\":\"https:\\\/\\\/sorbetkiwi.fr\\\/wp-content\\\/uploads\\\/2024\\\/03\\\/Gone-with-the-wind-1-scaled.jpg\",\"contentUrl\":\"https:\\\/\\\/sorbetkiwi.fr\\\/wp-content\\\/uploads\\\/2024\\\/03\\\/Gone-with-the-wind-1-scaled.jpg\",\"width\":1920,\"height\":2560,\"caption\":\"Gone with the wind Pierre Alary\"},{\"@type\":\"BreadcrumbList\",\"@id\":\"https:\\\/\\\/sorbetkiwi.fr\\\/index.php\\\/gone-with-the-wind-de-pierre-alary-dapres-margaret-mitchell\\\/#breadcrumb\",\"itemListElement\":[{\"@type\":\"ListItem\",\"position\":1,\"name\":\"Accueil\",\"item\":\"https:\\\/\\\/sorbetkiwi.fr\\\/\"},{\"@type\":\"ListItem\",\"position\":2,\"name\":\"Gone with the wind de Pierre Alary d&rsquo;apr\u00e8s Margaret Mitchell\"}]},{\"@type\":\"WebSite\",\"@id\":\"https:\\\/\\\/sorbetkiwi.fr\\\/#website\",\"url\":\"https:\\\/\\\/sorbetkiwi.fr\\\/\",\"name\":\"Sorbet Kiwi\",\"description\":\"Des lectures th\u00e9matiques par saison et les avis qui vont avec\",\"publisher\":{\"@id\":\"https:\\\/\\\/sorbetkiwi.fr\\\/#organization\"},\"potentialAction\":[{\"@type\":\"SearchAction\",\"target\":{\"@type\":\"EntryPoint\",\"urlTemplate\":\"https:\\\/\\\/sorbetkiwi.fr\\\/?s={search_term_string}\"},\"query-input\":{\"@type\":\"PropertyValueSpecification\",\"valueRequired\":true,\"valueName\":\"search_term_string\"}}],\"inLanguage\":\"fr-FR\"},{\"@type\":\"Organization\",\"@id\":\"https:\\\/\\\/sorbetkiwi.fr\\\/#organization\",\"name\":\"Sorbet Kiwi\",\"url\":\"https:\\\/\\\/sorbetkiwi.fr\\\/\",\"logo\":{\"@type\":\"ImageObject\",\"inLanguage\":\"fr-FR\",\"@id\":\"https:\\\/\\\/sorbetkiwi.fr\\\/#\\\/schema\\\/logo\\\/image\\\/\",\"url\":\"https:\\\/\\\/sorbetkiwi.fr\\\/wp-content\\\/uploads\\\/2022\\\/10\\\/Banniere-Sorbet-Kiwi-2022.jpg\",\"contentUrl\":\"https:\\\/\\\/sorbetkiwi.fr\\\/wp-content\\\/uploads\\\/2022\\\/10\\\/Banniere-Sorbet-Kiwi-2022.jpg\",\"width\":814,\"height\":401,\"caption\":\"Sorbet Kiwi\"},\"image\":{\"@id\":\"https:\\\/\\\/sorbetkiwi.fr\\\/#\\\/schema\\\/logo\\\/image\\\/\"},\"sameAs\":[\"https:\\\/\\\/www.facebook.com\\\/profile.php?id=100086238893269\",\"https:\\\/\\\/x.com\\\/pepparshoes\",\"https:\\\/\\\/www.instagram.com\\\/sorbetkiwi\\\/\",\"https:\\\/\\\/www.tiktok.com\\\/sorbetkiwi\"]},{\"@type\":\"Person\",\"@id\":\"https:\\\/\\\/sorbetkiwi.fr\\\/#\\\/schema\\\/person\\\/ed1b7b527a2957ddc3bf38b076540659\",\"name\":\"Sorbet-Kiwi\",\"image\":{\"@type\":\"ImageObject\",\"inLanguage\":\"fr-FR\",\"@id\":\"https:\\\/\\\/secure.gravatar.com\\\/avatar\\\/86f0a5c27d76317621b9e374d0f3a01d3a85278f10d0c7207ced4fd773057442?s=96&d=mm&r=g\",\"url\":\"https:\\\/\\\/secure.gravatar.com\\\/avatar\\\/86f0a5c27d76317621b9e374d0f3a01d3a85278f10d0c7207ced4fd773057442?s=96&d=mm&r=g\",\"contentUrl\":\"https:\\\/\\\/secure.gravatar.com\\\/avatar\\\/86f0a5c27d76317621b9e374d0f3a01d3a85278f10d0c7207ced4fd773057442?s=96&d=mm&r=g\",\"caption\":\"Sorbet-Kiwi\"},\"sameAs\":[\"http:\\\/\\\/sorbetkiwi.fr\"],\"url\":\"https:\\\/\\\/sorbetkiwi.fr\\\/index.php\\\/author\\\/admin7717\\\/\"}]}<\/script>\n<!-- \/ Yoast SEO plugin. -->","yoast_head_json":{"title":"Gone with the wind de Pierre Alary d'apr\u00e8s Margaret Mitchell - Sorbet Kiwi","description":"Ma chronique du premier tome de la BD Gone with the wind de Pierre Alary d'apr\u00e8s le roman de Margaret Mitchell chez Rue de S\u00e8vres","robots":{"index":"index","follow":"follow","max-snippet":"max-snippet:-1","max-image-preview":"max-image-preview:large","max-video-preview":"max-video-preview:-1"},"canonical":"https:\/\/sorbetkiwi.fr\/index.php\/gone-with-the-wind-de-pierre-alary-dapres-margaret-mitchell\/","og_locale":"fr_FR","og_type":"article","og_title":"Gone with the wind de Pierre Alary d'apr\u00e8s Margaret Mitchell - Sorbet Kiwi","og_description":"Ma chronique du premier tome de la BD Gone with the wind de Pierre Alary d'apr\u00e8s le roman de Margaret Mitchell chez Rue de S\u00e8vres","og_url":"https:\/\/sorbetkiwi.fr\/index.php\/gone-with-the-wind-de-pierre-alary-dapres-margaret-mitchell\/","og_site_name":"Sorbet Kiwi","article_publisher":"https:\/\/www.facebook.com\/profile.php?id=100086238893269","article_published_time":"2024-03-19T06:00:00+00:00","og_image":[{"width":1920,"height":2560,"url":"https:\/\/sorbetkiwi.fr\/wp-content\/uploads\/2024\/03\/Gone-with-the-wind-1-scaled.jpg","type":"image\/jpeg"}],"author":"Sorbet-Kiwi","twitter_card":"summary_large_image","twitter_creator":"@pepparshoes","twitter_site":"@pepparshoes","twitter_misc":{"\u00c9crit par":"Sorbet-Kiwi","Dur\u00e9e de lecture estim\u00e9e":"4 minutes"},"schema":{"@context":"https:\/\/schema.org","@graph":[{"@type":"Article","@id":"https:\/\/sorbetkiwi.fr\/index.php\/gone-with-the-wind-de-pierre-alary-dapres-margaret-mitchell\/#article","isPartOf":{"@id":"https:\/\/sorbetkiwi.fr\/index.php\/gone-with-the-wind-de-pierre-alary-dapres-margaret-mitchell\/"},"author":{"name":"Sorbet-Kiwi","@id":"https:\/\/sorbetkiwi.fr\/#\/schema\/person\/ed1b7b527a2957ddc3bf38b076540659"},"headline":"Gone with the wind de Pierre Alary d&rsquo;apr\u00e8s Margaret Mitchell","datePublished":"2024-03-19T06:00:00+00:00","mainEntityOfPage":{"@id":"https:\/\/sorbetkiwi.fr\/index.php\/gone-with-the-wind-de-pierre-alary-dapres-margaret-mitchell\/"},"wordCount":638,"commentCount":4,"publisher":{"@id":"https:\/\/sorbetkiwi.fr\/#organization"},"image":{"@id":"https:\/\/sorbetkiwi.fr\/index.php\/gone-with-the-wind-de-pierre-alary-dapres-margaret-mitchell\/#primaryimage"},"thumbnailUrl":"https:\/\/sorbetkiwi.fr\/wp-content\/uploads\/2024\/03\/Gone-with-the-wind-1-scaled.jpg","keywords":["Adaptation","Bande dessin\u00e9e","BD du mardi","Classique","\u00e9ditions Rue de S\u00e8vres","Gone with the wind","Margaret Mitchell","Rue de S\u00e8vres"],"articleSection":["B\u00e9n\u00e9volat","Le printemps","Tout le blog"],"inLanguage":"fr-FR","potentialAction":[{"@type":"CommentAction","name":"Comment","target":["https:\/\/sorbetkiwi.fr\/index.php\/gone-with-the-wind-de-pierre-alary-dapres-margaret-mitchell\/#respond"]}]},{"@type":"WebPage","@id":"https:\/\/sorbetkiwi.fr\/index.php\/gone-with-the-wind-de-pierre-alary-dapres-margaret-mitchell\/","url":"https:\/\/sorbetkiwi.fr\/index.php\/gone-with-the-wind-de-pierre-alary-dapres-margaret-mitchell\/","name":"Gone with the wind de Pierre Alary d'apr\u00e8s Margaret Mitchell - Sorbet Kiwi","isPartOf":{"@id":"https:\/\/sorbetkiwi.fr\/#website"},"primaryImageOfPage":{"@id":"https:\/\/sorbetkiwi.fr\/index.php\/gone-with-the-wind-de-pierre-alary-dapres-margaret-mitchell\/#primaryimage"},"image":{"@id":"https:\/\/sorbetkiwi.fr\/index.php\/gone-with-the-wind-de-pierre-alary-dapres-margaret-mitchell\/#primaryimage"},"thumbnailUrl":"https:\/\/sorbetkiwi.fr\/wp-content\/uploads\/2024\/03\/Gone-with-the-wind-1-scaled.jpg","datePublished":"2024-03-19T06:00:00+00:00","description":"Ma chronique du premier tome de la BD Gone with the wind de Pierre Alary d'apr\u00e8s le roman de Margaret Mitchell chez Rue de S\u00e8vres","breadcrumb":{"@id":"https:\/\/sorbetkiwi.fr\/index.php\/gone-with-the-wind-de-pierre-alary-dapres-margaret-mitchell\/#breadcrumb"},"inLanguage":"fr-FR","potentialAction":[{"@type":"ReadAction","target":["https:\/\/sorbetkiwi.fr\/index.php\/gone-with-the-wind-de-pierre-alary-dapres-margaret-mitchell\/"]}]},{"@type":"ImageObject","inLanguage":"fr-FR","@id":"https:\/\/sorbetkiwi.fr\/index.php\/gone-with-the-wind-de-pierre-alary-dapres-margaret-mitchell\/#primaryimage","url":"https:\/\/sorbetkiwi.fr\/wp-content\/uploads\/2024\/03\/Gone-with-the-wind-1-scaled.jpg","contentUrl":"https:\/\/sorbetkiwi.fr\/wp-content\/uploads\/2024\/03\/Gone-with-the-wind-1-scaled.jpg","width":1920,"height":2560,"caption":"Gone with the wind Pierre Alary"},{"@type":"BreadcrumbList","@id":"https:\/\/sorbetkiwi.fr\/index.php\/gone-with-the-wind-de-pierre-alary-dapres-margaret-mitchell\/#breadcrumb","itemListElement":[{"@type":"ListItem","position":1,"name":"Accueil","item":"https:\/\/sorbetkiwi.fr\/"},{"@type":"ListItem","position":2,"name":"Gone with the wind de Pierre Alary d&rsquo;apr\u00e8s Margaret Mitchell"}]},{"@type":"WebSite","@id":"https:\/\/sorbetkiwi.fr\/#website","url":"https:\/\/sorbetkiwi.fr\/","name":"Sorbet Kiwi","description":"Des lectures th\u00e9matiques par saison et les avis qui vont avec","publisher":{"@id":"https:\/\/sorbetkiwi.fr\/#organization"},"potentialAction":[{"@type":"SearchAction","target":{"@type":"EntryPoint","urlTemplate":"https:\/\/sorbetkiwi.fr\/?s={search_term_string}"},"query-input":{"@type":"PropertyValueSpecification","valueRequired":true,"valueName":"search_term_string"}}],"inLanguage":"fr-FR"},{"@type":"Organization","@id":"https:\/\/sorbetkiwi.fr\/#organization","name":"Sorbet Kiwi","url":"https:\/\/sorbetkiwi.fr\/","logo":{"@type":"ImageObject","inLanguage":"fr-FR","@id":"https:\/\/sorbetkiwi.fr\/#\/schema\/logo\/image\/","url":"https:\/\/sorbetkiwi.fr\/wp-content\/uploads\/2022\/10\/Banniere-Sorbet-Kiwi-2022.jpg","contentUrl":"https:\/\/sorbetkiwi.fr\/wp-content\/uploads\/2022\/10\/Banniere-Sorbet-Kiwi-2022.jpg","width":814,"height":401,"caption":"Sorbet Kiwi"},"image":{"@id":"https:\/\/sorbetkiwi.fr\/#\/schema\/logo\/image\/"},"sameAs":["https:\/\/www.facebook.com\/profile.php?id=100086238893269","https:\/\/x.com\/pepparshoes","https:\/\/www.instagram.com\/sorbetkiwi\/","https:\/\/www.tiktok.com\/sorbetkiwi"]},{"@type":"Person","@id":"https:\/\/sorbetkiwi.fr\/#\/schema\/person\/ed1b7b527a2957ddc3bf38b076540659","name":"Sorbet-Kiwi","image":{"@type":"ImageObject","inLanguage":"fr-FR","@id":"https:\/\/secure.gravatar.com\/avatar\/86f0a5c27d76317621b9e374d0f3a01d3a85278f10d0c7207ced4fd773057442?s=96&d=mm&r=g","url":"https:\/\/secure.gravatar.com\/avatar\/86f0a5c27d76317621b9e374d0f3a01d3a85278f10d0c7207ced4fd773057442?s=96&d=mm&r=g","contentUrl":"https:\/\/secure.gravatar.com\/avatar\/86f0a5c27d76317621b9e374d0f3a01d3a85278f10d0c7207ced4fd773057442?s=96&d=mm&r=g","caption":"Sorbet-Kiwi"},"sameAs":["http:\/\/sorbetkiwi.fr"],"url":"https:\/\/sorbetkiwi.fr\/index.php\/author\/admin7717\/"}]}},"_links":{"self":[{"href":"https:\/\/sorbetkiwi.fr\/index.php\/wp-json\/wp\/v2\/posts\/5728","targetHints":{"allow":["GET"]}}],"collection":[{"href":"https:\/\/sorbetkiwi.fr\/index.php\/wp-json\/wp\/v2\/posts"}],"about":[{"href":"https:\/\/sorbetkiwi.fr\/index.php\/wp-json\/wp\/v2\/types\/post"}],"author":[{"embeddable":true,"href":"https:\/\/sorbetkiwi.fr\/index.php\/wp-json\/wp\/v2\/users\/1"}],"replies":[{"embeddable":true,"href":"https:\/\/sorbetkiwi.fr\/index.php\/wp-json\/wp\/v2\/comments?post=5728"}],"version-history":[{"count":11,"href":"https:\/\/sorbetkiwi.fr\/index.php\/wp-json\/wp\/v2\/posts\/5728\/revisions"}],"predecessor-version":[{"id":5795,"href":"https:\/\/sorbetkiwi.fr\/index.php\/wp-json\/wp\/v2\/posts\/5728\/revisions\/5795"}],"wp:featuredmedia":[{"embeddable":true,"href":"https:\/\/sorbetkiwi.fr\/index.php\/wp-json\/wp\/v2\/media\/5729"}],"wp:attachment":[{"href":"https:\/\/sorbetkiwi.fr\/index.php\/wp-json\/wp\/v2\/media?parent=5728"}],"wp:term":[{"taxonomy":"category","embeddable":true,"href":"https:\/\/sorbetkiwi.fr\/index.php\/wp-json\/wp\/v2\/categories?post=5728"},{"taxonomy":"post_tag","embeddable":true,"href":"https:\/\/sorbetkiwi.fr\/index.php\/wp-json\/wp\/v2\/tags?post=5728"}],"curies":[{"name":"wp","href":"https:\/\/api.w.org\/{rel}","templated":true}]}}