{"id":569,"date":"2022-10-04T08:20:00","date_gmt":"2022-10-04T06:20:00","guid":{"rendered":"https:\/\/sorbetkiwi.fr\/?p=569"},"modified":"2022-09-29T08:21:20","modified_gmt":"2022-09-29T06:21:20","slug":"le-fantome-de-kervadec-de-patricia-darre","status":"publish","type":"post","link":"https:\/\/sorbetkiwi.fr\/index.php\/le-fantome-de-kervadec-de-patricia-darre\/","title":{"rendered":"Le fant\u00f4me de Kervadec de Patricia Darr\u00e9"},"content":{"rendered":"\t\t<div data-elementor-type=\"wp-post\" data-elementor-id=\"569\" class=\"elementor elementor-569\">\n\t\t\t\t\t\t<section class=\"elementor-section elementor-top-section elementor-element elementor-element-58e510c0 elementor-section-boxed elementor-section-height-default elementor-section-height-default\" data-id=\"58e510c0\" data-element_type=\"section\" data-e-type=\"section\">\n\t\t\t\t\t\t<div class=\"elementor-container elementor-column-gap-default\">\n\t\t\t\t\t<div class=\"elementor-column elementor-col-100 elementor-top-column elementor-element elementor-element-dce1c35\" data-id=\"dce1c35\" data-element_type=\"column\" data-e-type=\"column\">\n\t\t\t<div class=\"elementor-widget-wrap elementor-element-populated\">\n\t\t\t\t\t\t<div class=\"elementor-element elementor-element-5d351386 elementor-widget elementor-widget-heading\" data-id=\"5d351386\" data-element_type=\"widget\" data-e-type=\"widget\" data-widget_type=\"heading.default\">\n\t\t\t\t<div class=\"elementor-widget-container\">\n\t\t\t\t\t<h1 class=\"elementor-heading-title elementor-size-medium\">Le fant\u00f4me de Kervadec de Patricia Darr\u00e9<\/h1>\t\t\t\t<\/div>\n\t\t\t\t<\/div>\n\t\t\t\t<div class=\"elementor-element elementor-element-74dd9f72 elementor-view-default elementor-widget elementor-widget-icon\" data-id=\"74dd9f72\" data-element_type=\"widget\" data-e-type=\"widget\" data-widget_type=\"icon.default\">\n\t\t\t\t<div class=\"elementor-widget-container\">\n\t\t\t\t\t\t\t<div class=\"elementor-icon-wrapper\">\n\t\t\t<div class=\"elementor-icon\">\n\t\t\t<i aria-hidden=\"true\" class=\"fab fa-snapchat-ghost\"><\/i>\t\t\t<\/div>\n\t\t<\/div>\n\t\t\t\t\t\t<\/div>\n\t\t\t\t<\/div>\n\t\t\t\t<div class=\"elementor-element elementor-element-2c7fce02 elementor-widget-divider--view-line elementor-widget elementor-widget-divider\" data-id=\"2c7fce02\" data-element_type=\"widget\" data-e-type=\"widget\" data-widget_type=\"divider.default\">\n\t\t\t\t<div class=\"elementor-widget-container\">\n\t\t\t\t\t\t\t<div class=\"elementor-divider\">\n\t\t\t<span class=\"elementor-divider-separator\">\n\t\t\t\t\t\t<\/span>\n\t\t<\/div>\n\t\t\t\t\t\t<\/div>\n\t\t\t\t<\/div>\n\t\t\t\t<div class=\"elementor-element elementor-element-30163417 elementor-widget elementor-widget-heading\" data-id=\"30163417\" data-element_type=\"widget\" data-e-type=\"widget\" data-widget_type=\"heading.default\">\n\t\t\t\t<div class=\"elementor-widget-container\">\n\t\t\t\t\t<h2 class=\"elementor-heading-title elementor-size-medium\">R\u00e9sum\u00e9<\/h2>\t\t\t\t<\/div>\n\t\t\t\t<\/div>\n\t\t\t\t<div class=\"elementor-element elementor-element-23a87a09 elementor-widget elementor-widget-text-editor\" data-id=\"23a87a09\" data-element_type=\"widget\" data-e-type=\"widget\" data-widget_type=\"text-editor.default\">\n\t\t\t\t<div class=\"elementor-widget-container\">\n\t\t\t\t\t\t\t\t\t<p>Alicia est une adolescente comme les autres&#8230; \u00c0 cela pr\u00e8s qu&rsquo;elle a un don tr\u00e8s sp\u00e9cial : elle peut communiquer avec le monde invisible des esprits.<\/p><p>Alicia est ce qu&rsquo;on appelle un m\u00e9dium. En plus de son quotidien de coll\u00e9gienne, elle parle r\u00e9guli\u00e8rement aux morts, raccompagne des \u00e2mes errantes et va \u00e0 la rencontre de fant\u00f4mes dans des lieux hant\u00e9s. Elle n&rsquo;a pas choisi cette destin\u00e9e&#8230; C&rsquo;est elle qui a \u00e9t\u00e9 choisie. Une nuit, Alicia se r\u00e9veille en sursaut apr\u00e8s avoir encore fait un cauchemar. Elle sait que cette fois ce n&rsquo;est pas un r\u00eave comme un autre : c&rsquo;est un appel au secours.<\/p><p>Alicia doit r\u00e9soudre le myst\u00e8re d&rsquo;un spectre enrag\u00e9 en qu\u00eate de v\u00e9rit\u00e9&#8230;<\/p>\t\t\t\t\t\t\t\t<\/div>\n\t\t\t\t<\/div>\n\t\t\t\t<div class=\"elementor-element elementor-element-114fe87b elementor-widget-divider--view-line elementor-widget elementor-widget-divider\" data-id=\"114fe87b\" data-element_type=\"widget\" data-e-type=\"widget\" data-widget_type=\"divider.default\">\n\t\t\t\t<div class=\"elementor-widget-container\">\n\t\t\t\t\t\t\t<div class=\"elementor-divider\">\n\t\t\t<span class=\"elementor-divider-separator\">\n\t\t\t\t\t\t<\/span>\n\t\t<\/div>\n\t\t\t\t\t\t<\/div>\n\t\t\t\t<\/div>\n\t\t\t\t<div class=\"elementor-element elementor-element-4b62e68d elementor-widget elementor-widget-heading\" data-id=\"4b62e68d\" data-element_type=\"widget\" data-e-type=\"widget\" data-widget_type=\"heading.default\">\n\t\t\t\t<div class=\"elementor-widget-container\">\n\t\t\t\t\t<h2 class=\"elementor-heading-title elementor-size-medium\">Ma note<\/h2>\t\t\t\t<\/div>\n\t\t\t\t<\/div>\n\t\t\t\t<div class=\"elementor-element elementor-element-6981773c elementor-star-rating--align-center elementor--star-style-star_fontawesome elementor-widget elementor-widget-star-rating\" data-id=\"6981773c\" data-element_type=\"widget\" data-e-type=\"widget\" data-widget_type=\"star-rating.default\">\n\t\t\t\t<div class=\"elementor-widget-container\">\n\t\t\t\t\t\t\t<div class=\"elementor-star-rating__wrapper\">\n\t\t\t\t\t\t<div class=\"elementor-star-rating\" itemtype=\"http:\/\/schema.org\/Rating\" itemscope=\"\" itemprop=\"reviewRating\">\n\t\t\t\t<i class=\"elementor-star-full\" aria-hidden=\"true\">&#xE934;<\/i><i class=\"elementor-star-full\" aria-hidden=\"true\">&#xE934;<\/i><i class=\"elementor-star-full\" aria-hidden=\"true\">&#xE934;<\/i><i class=\"elementor-star-full\" aria-hidden=\"true\">&#xE934;<\/i><i class=\"elementor-star-empty\" aria-hidden=\"true\">&#xE934;<\/i>\t\t\t\t<span itemprop=\"ratingValue\" class=\"elementor-screen-only\">Not\u00e9 4 sur 5<\/span>\n\t\t\t<\/div>\n\t\t<\/div>\n\t\t\t\t\t\t<\/div>\n\t\t\t\t<\/div>\n\t\t\t\t<div class=\"elementor-element elementor-element-41875624 elementor-widget-divider--view-line elementor-widget elementor-widget-divider\" data-id=\"41875624\" data-element_type=\"widget\" data-e-type=\"widget\" data-widget_type=\"divider.default\">\n\t\t\t\t<div class=\"elementor-widget-container\">\n\t\t\t\t\t\t\t<div class=\"elementor-divider\">\n\t\t\t<span class=\"elementor-divider-separator\">\n\t\t\t\t\t\t<\/span>\n\t\t<\/div>\n\t\t\t\t\t\t<\/div>\n\t\t\t\t<\/div>\n\t\t\t\t<div class=\"elementor-element elementor-element-3a163f34 elementor-widget elementor-widget-heading\" data-id=\"3a163f34\" data-element_type=\"widget\" data-e-type=\"widget\" data-widget_type=\"heading.default\">\n\t\t\t\t<div class=\"elementor-widget-container\">\n\t\t\t\t\t<h2 class=\"elementor-heading-title elementor-size-medium\">Un dessin digne de la t\u00e9l\u00e9vision<\/h2>\t\t\t\t<\/div>\n\t\t\t\t<\/div>\n\t\t\t\t<div class=\"elementor-element elementor-element-8c01d45 elementor-widget elementor-widget-text-editor\" data-id=\"8c01d45\" data-element_type=\"widget\" data-e-type=\"widget\" data-widget_type=\"text-editor.default\">\n\t\t\t\t<div class=\"elementor-widget-container\">\n\t\t\t\t\t\t\t\t\t<p>Lorsque j&rsquo;ouvre une bande dessin\u00e9e, \u00e9videmment la premi\u00e8re chose que je regarde, c&rsquo;est le dessin. C&rsquo;est un peu le principe, apr\u00e8s tout. Ici, il fait penser \u00e0 un dessin anim\u00e9, et \u00e7a passerait super bien sur le petit \u00e9cran. Je sais d&#8217;embl\u00e9e que j&rsquo;aurai regard\u00e9 le matin en prenant mon petit d\u00e9jeuner, avant de passer \u00e0 Fais-moi peur quelques ann\u00e9es plus tard&#8230; Bref, l&rsquo;ensemble parlera aux jeunes lecteurices adeptent des Chair de Poule, comme moi ! Nostalgie, quand tu nous tiens. Le fait que ce soit une BD le rend vraiment accessible, m\u00eame \u00e0 ceux qui auraient des difficult\u00e9es pour lire un roman. Ce n&rsquo;est pas une fatalit\u00e9, mais la plupart du temps, ce n&rsquo;est pas un choix non plus, rappelons-le !<\/p>\t\t\t\t\t\t\t\t<\/div>\n\t\t\t\t<\/div>\n\t\t\t\t<div class=\"elementor-element elementor-element-4fadac4b elementor-widget-divider--view-line elementor-widget elementor-widget-divider\" data-id=\"4fadac4b\" data-element_type=\"widget\" data-e-type=\"widget\" data-widget_type=\"divider.default\">\n\t\t\t\t<div class=\"elementor-widget-container\">\n\t\t\t\t\t\t\t<div class=\"elementor-divider\">\n\t\t\t<span class=\"elementor-divider-separator\">\n\t\t\t\t\t\t<\/span>\n\t\t<\/div>\n\t\t\t\t\t\t<\/div>\n\t\t\t\t<\/div>\n\t\t\t\t<div class=\"elementor-element elementor-element-565f76a1 elementor-widget elementor-widget-heading\" data-id=\"565f76a1\" data-element_type=\"widget\" data-e-type=\"widget\" data-widget_type=\"heading.default\">\n\t\t\t\t<div class=\"elementor-widget-container\">\n\t\t\t\t\t<h4 class=\"elementor-heading-title elementor-size-medium\">\"A priori, je suis une ado disons presque normale... \u00e0 cela pr\u00eat que j'ai un don... un don tr\u00e8s sp\u00e9cial... Celui de communiquer avec le monde invisible... avec le monde des esprits. Je suis ce qu'on appelle... une m\u00e9dium !\"<\/h4>\t\t\t\t<\/div>\n\t\t\t\t<\/div>\n\t\t\t\t<div class=\"elementor-element elementor-element-d3ea2ce elementor-widget-divider--view-line elementor-widget elementor-widget-divider\" data-id=\"d3ea2ce\" data-element_type=\"widget\" data-e-type=\"widget\" data-widget_type=\"divider.default\">\n\t\t\t\t<div class=\"elementor-widget-container\">\n\t\t\t\t\t\t\t<div class=\"elementor-divider\">\n\t\t\t<span class=\"elementor-divider-separator\">\n\t\t\t\t\t\t<\/span>\n\t\t<\/div>\n\t\t\t\t\t\t<\/div>\n\t\t\t\t<\/div>\n\t\t\t\t<div class=\"elementor-element elementor-element-4916b076 elementor-widget elementor-widget-heading\" data-id=\"4916b076\" data-element_type=\"widget\" data-e-type=\"widget\" data-widget_type=\"heading.default\">\n\t\t\t\t<div class=\"elementor-widget-container\">\n\t\t\t\t\t<h2 class=\"elementor-heading-title elementor-size-medium\">Une histoire de fant\u00f4me moderne<\/h2>\t\t\t\t<\/div>\n\t\t\t\t<\/div>\n\t\t\t\t<div class=\"elementor-element elementor-element-7dc6dd23 elementor-widget elementor-widget-text-editor\" data-id=\"7dc6dd23\" data-element_type=\"widget\" data-e-type=\"widget\" data-widget_type=\"text-editor.default\">\n\t\t\t\t<div class=\"elementor-widget-container\">\n\t\t\t\t\t\t\t\t\t<p>J&rsquo;aime le fait que Le fant\u00f4me de Kervadec s&rsquo;adresse aux ados. Sans aucun doute, j&rsquo;aurai achet\u00e9 cette BD, puisque j&rsquo;aime Halloween depuis toujours. Et elle dans l&rsquo;air du temps, avec des r\u00e9f\u00e9rences aux usages des jeunes en 2022. Enfin, sauf peut-\u00eatre quelques dialogues. Mon beau-fr\u00e8re de 16 ans roulerait fort des yeux aux mots \u00ab\u00a0Faut qu&rsquo;on se d\u00e9cide vite pour la <i>boum<\/i> de samedi\u00a0\u00bb. On a justement utilis\u00e9 ce mot il y a peu, et le d\u00e9dain \u00e9tait r\u00e9el ! Mais j&rsquo;ai ador\u00e9 le fait que ca se passe dans un ch\u00e2teau, \u00e9videmment. Le r\u00e9cit inclu les codes des manoirs horrifiques en les adaptant au public vis\u00e9. Enfin, la construction de l&rsquo;histoire est une enqu\u00eate, et j&rsquo;ai \u00e9t\u00e9 captiv\u00e9e, je voulais rapidement conna\u00eetre la fin !\u00a0<\/p>\t\t\t\t\t\t\t\t<\/div>\n\t\t\t\t<\/div>\n\t\t\t\t<div class=\"elementor-element elementor-element-14bbc8b elementor-widget-divider--view-line elementor-widget elementor-widget-divider\" data-id=\"14bbc8b\" data-element_type=\"widget\" data-e-type=\"widget\" data-widget_type=\"divider.default\">\n\t\t\t\t<div class=\"elementor-widget-container\">\n\t\t\t\t\t\t\t<div class=\"elementor-divider\">\n\t\t\t<span class=\"elementor-divider-separator\">\n\t\t\t\t\t\t<\/span>\n\t\t<\/div>\n\t\t\t\t\t\t<\/div>\n\t\t\t\t<\/div>\n\t\t\t\t<div class=\"elementor-element elementor-element-42a85270 elementor-widget elementor-widget-heading\" data-id=\"42a85270\" data-element_type=\"widget\" data-e-type=\"widget\" data-widget_type=\"heading.default\">\n\t\t\t\t<div class=\"elementor-widget-container\">\n\t\t\t\t\t<h2 class=\"elementor-heading-title elementor-size-medium\">Une introduction qui donne envie de lire la suite<\/h2>\t\t\t\t<\/div>\n\t\t\t\t<\/div>\n\t\t\t\t<div class=\"elementor-element elementor-element-29af091e elementor-widget elementor-widget-text-editor\" data-id=\"29af091e\" data-element_type=\"widget\" data-e-type=\"widget\" data-widget_type=\"text-editor.default\">\n\t\t\t\t<div class=\"elementor-widget-container\">\n\t\t\t\t\t\t\t\t\t<p>Ce premier tome d&rsquo;Esprit es-tu l\u00e0 ? introduit bien l&rsquo;univers. On apprend \u00e0 connaitre Alice, l&rsquo;origine de son don, son environnement familial et amical. Avec une pointe d&rsquo;Histoire, nous d\u00e9couvrons avec elle le monde spirituel du ch\u00e2teau du Brochet. J&rsquo;esp\u00e8re avoir rapidement la suite sous la main, afin de suivre la suite de ses aventures. Je suis \u00e9galement curieuse de voir la construction des tomes, et quelle trame de fond va se mettre en place au fil des r\u00e9cits d&rsquo;Alice et de ses aventures ! Merci aux <a href=\"http:\/\/www.lire-en-serie.com\/?s=le+fant%C3%B4me+de+kervadec\">\u00e9ditions Michel Lafon Jeunesse<\/a> pour cette d\u00e9couverte divertissante.<\/p>\t\t\t\t\t\t\t\t<\/div>\n\t\t\t\t<\/div>\n\t\t\t\t\t<\/div>\n\t\t<\/div>\n\t\t\t\t\t<\/div>\n\t\t<\/section>\n\t\t\t\t<\/div>\n\t\t","protected":false},"excerpt":{"rendered":"<p>Le fant\u00f4me de Kervadec de Patricia Darr\u00e9 R\u00e9sum\u00e9 Alicia est une adolescente comme les autres&#8230; \u00c0 cela pr\u00e8s qu&rsquo;elle a un don tr\u00e8s sp\u00e9cial : elle peut communiquer avec le monde invisible des esprits. Alicia &hellip; <\/p>\n","protected":false},"author":1,"featured_media":646,"comment_status":"open","ping_status":"open","sticky":false,"template":"","format":"standard","meta":{"footnotes":""},"categories":[16,8,1],"tags":[80,79,77,82,83,75,78,81,76],"class_list":["post-569","post","type-post","status-publish","format-standard","has-post-thumbnail","hentry","category-halloween","category-partenariats","category-tout-le-blog","tag-bande-dessinee","tag-bd","tag-camille-le-souffache","tag-editions-michel-lafon","tag-editions-michel-lafon-jeunesse","tag-esprit-es-tu-la","tag-fred-campoy","tag-le-fantome-de-kervadec","tag-patricia-darre","has-single-img"],"yoast_head":"<!-- This site is optimized with the Yoast SEO plugin v27.4 - https:\/\/yoast.com\/product\/yoast-seo-wordpress\/ -->\n<title>Le fant\u00f4me de Kervadec de Patricia Darr\u00e9 - Sorbet Kiwi<\/title>\n<meta name=\"description\" content=\"Ma chronique de la BD Le fant\u00f4me de Kervadec de Patricia Darr\u00e9, Camille Le Souffach\u00e9 et Fred Campoy publi\u00e9e chez Michel Lafon Jeunesse\" \/>\n<meta name=\"robots\" content=\"index, follow, max-snippet:-1, max-image-preview:large, max-video-preview:-1\" \/>\n<link rel=\"canonical\" href=\"https:\/\/sorbetkiwi.fr\/index.php\/le-fantome-de-kervadec-de-patricia-darre\/\" \/>\n<meta property=\"og:locale\" content=\"fr_FR\" \/>\n<meta property=\"og:type\" content=\"article\" \/>\n<meta property=\"og:title\" content=\"Le fant\u00f4me de Kervadec de Patricia Darr\u00e9 - Sorbet Kiwi\" \/>\n<meta property=\"og:description\" content=\"Ma chronique de la BD Le fant\u00f4me de Kervadec de Patricia Darr\u00e9, Camille Le Souffach\u00e9 et Fred Campoy publi\u00e9e chez Michel Lafon Jeunesse\" \/>\n<meta property=\"og:url\" content=\"https:\/\/sorbetkiwi.fr\/index.php\/le-fantome-de-kervadec-de-patricia-darre\/\" \/>\n<meta property=\"og:site_name\" content=\"Sorbet Kiwi\" \/>\n<meta property=\"article:publisher\" content=\"https:\/\/www.facebook.com\/profile.php?id=100086238893269\" \/>\n<meta property=\"article:published_time\" content=\"2022-10-04T06:20:00+00:00\" \/>\n<meta property=\"og:image\" content=\"https:\/\/sorbetkiwi.fr\/wp-content\/uploads\/2022\/09\/20220929_060335794_iOS-scaled.jpg\" \/>\n\t<meta property=\"og:image:width\" content=\"1920\" \/>\n\t<meta property=\"og:image:height\" content=\"2560\" \/>\n\t<meta property=\"og:image:type\" content=\"image\/jpeg\" \/>\n<meta name=\"author\" content=\"Sorbet-Kiwi\" \/>\n<meta name=\"twitter:card\" content=\"summary_large_image\" \/>\n<meta name=\"twitter:creator\" content=\"@pepparshoes\" \/>\n<meta name=\"twitter:site\" content=\"@pepparshoes\" \/>\n<meta name=\"twitter:label1\" content=\"\u00c9crit par\" \/>\n\t<meta name=\"twitter:data1\" content=\"Sorbet-Kiwi\" \/>\n\t<meta name=\"twitter:label2\" content=\"Dur\u00e9e de lecture estim\u00e9e\" \/>\n\t<meta name=\"twitter:data2\" content=\"3 minutes\" \/>\n<script type=\"application\/ld+json\" class=\"yoast-schema-graph\">{\"@context\":\"https:\\\/\\\/schema.org\",\"@graph\":[{\"@type\":\"Article\",\"@id\":\"https:\\\/\\\/sorbetkiwi.fr\\\/index.php\\\/le-fantome-de-kervadec-de-patricia-darre\\\/#article\",\"isPartOf\":{\"@id\":\"https:\\\/\\\/sorbetkiwi.fr\\\/index.php\\\/le-fantome-de-kervadec-de-patricia-darre\\\/\"},\"author\":{\"name\":\"Sorbet-Kiwi\",\"@id\":\"https:\\\/\\\/sorbetkiwi.fr\\\/#\\\/schema\\\/person\\\/ed1b7b527a2957ddc3bf38b076540659\"},\"headline\":\"Le fant\u00f4me de Kervadec de Patricia Darr\u00e9\",\"datePublished\":\"2022-10-04T06:20:00+00:00\",\"mainEntityOfPage\":{\"@id\":\"https:\\\/\\\/sorbetkiwi.fr\\\/index.php\\\/le-fantome-de-kervadec-de-patricia-darre\\\/\"},\"wordCount\":604,\"commentCount\":0,\"publisher\":{\"@id\":\"https:\\\/\\\/sorbetkiwi.fr\\\/#organization\"},\"image\":{\"@id\":\"https:\\\/\\\/sorbetkiwi.fr\\\/index.php\\\/le-fantome-de-kervadec-de-patricia-darre\\\/#primaryimage\"},\"thumbnailUrl\":\"https:\\\/\\\/sorbetkiwi.fr\\\/wp-content\\\/uploads\\\/2022\\\/09\\\/20220929_060335794_iOS-scaled.jpg\",\"keywords\":[\"Bande dessin\u00e9e\",\"BD\",\"Camille Le Souffach\u00e9\",\"Editions Michel Lafon\",\"Editions Michel Lafon Jeunesse\",\"Esprit es-tu l\u00e0 ?\",\"Fred Campoy\",\"Le fant\u00f4me de Kervadec\",\"Patricia Darr\u00e9\"],\"articleSection\":[\"Halloween\",\"Partenariats\",\"Tout le blog\"],\"inLanguage\":\"fr-FR\",\"potentialAction\":[{\"@type\":\"CommentAction\",\"name\":\"Comment\",\"target\":[\"https:\\\/\\\/sorbetkiwi.fr\\\/index.php\\\/le-fantome-de-kervadec-de-patricia-darre\\\/#respond\"]}]},{\"@type\":\"WebPage\",\"@id\":\"https:\\\/\\\/sorbetkiwi.fr\\\/index.php\\\/le-fantome-de-kervadec-de-patricia-darre\\\/\",\"url\":\"https:\\\/\\\/sorbetkiwi.fr\\\/index.php\\\/le-fantome-de-kervadec-de-patricia-darre\\\/\",\"name\":\"Le fant\u00f4me de Kervadec de Patricia Darr\u00e9 - Sorbet Kiwi\",\"isPartOf\":{\"@id\":\"https:\\\/\\\/sorbetkiwi.fr\\\/#website\"},\"primaryImageOfPage\":{\"@id\":\"https:\\\/\\\/sorbetkiwi.fr\\\/index.php\\\/le-fantome-de-kervadec-de-patricia-darre\\\/#primaryimage\"},\"image\":{\"@id\":\"https:\\\/\\\/sorbetkiwi.fr\\\/index.php\\\/le-fantome-de-kervadec-de-patricia-darre\\\/#primaryimage\"},\"thumbnailUrl\":\"https:\\\/\\\/sorbetkiwi.fr\\\/wp-content\\\/uploads\\\/2022\\\/09\\\/20220929_060335794_iOS-scaled.jpg\",\"datePublished\":\"2022-10-04T06:20:00+00:00\",\"description\":\"Ma chronique de la BD Le fant\u00f4me de Kervadec de Patricia Darr\u00e9, Camille Le Souffach\u00e9 et Fred Campoy publi\u00e9e chez Michel Lafon Jeunesse\",\"breadcrumb\":{\"@id\":\"https:\\\/\\\/sorbetkiwi.fr\\\/index.php\\\/le-fantome-de-kervadec-de-patricia-darre\\\/#breadcrumb\"},\"inLanguage\":\"fr-FR\",\"potentialAction\":[{\"@type\":\"ReadAction\",\"target\":[\"https:\\\/\\\/sorbetkiwi.fr\\\/index.php\\\/le-fantome-de-kervadec-de-patricia-darre\\\/\"]}]},{\"@type\":\"ImageObject\",\"inLanguage\":\"fr-FR\",\"@id\":\"https:\\\/\\\/sorbetkiwi.fr\\\/index.php\\\/le-fantome-de-kervadec-de-patricia-darre\\\/#primaryimage\",\"url\":\"https:\\\/\\\/sorbetkiwi.fr\\\/wp-content\\\/uploads\\\/2022\\\/09\\\/20220929_060335794_iOS-scaled.jpg\",\"contentUrl\":\"https:\\\/\\\/sorbetkiwi.fr\\\/wp-content\\\/uploads\\\/2022\\\/09\\\/20220929_060335794_iOS-scaled.jpg\",\"width\":1920,\"height\":2560,\"caption\":\"Le fant\u00f4me de Kervadec de Patricia Darr\u00e9\"},{\"@type\":\"BreadcrumbList\",\"@id\":\"https:\\\/\\\/sorbetkiwi.fr\\\/index.php\\\/le-fantome-de-kervadec-de-patricia-darre\\\/#breadcrumb\",\"itemListElement\":[{\"@type\":\"ListItem\",\"position\":1,\"name\":\"Accueil\",\"item\":\"https:\\\/\\\/sorbetkiwi.fr\\\/\"},{\"@type\":\"ListItem\",\"position\":2,\"name\":\"Le fant\u00f4me de Kervadec de Patricia Darr\u00e9\"}]},{\"@type\":\"WebSite\",\"@id\":\"https:\\\/\\\/sorbetkiwi.fr\\\/#website\",\"url\":\"https:\\\/\\\/sorbetkiwi.fr\\\/\",\"name\":\"Sorbet Kiwi\",\"description\":\"Des lectures th\u00e9matiques par saison et les avis qui vont avec\",\"publisher\":{\"@id\":\"https:\\\/\\\/sorbetkiwi.fr\\\/#organization\"},\"potentialAction\":[{\"@type\":\"SearchAction\",\"target\":{\"@type\":\"EntryPoint\",\"urlTemplate\":\"https:\\\/\\\/sorbetkiwi.fr\\\/?s={search_term_string}\"},\"query-input\":{\"@type\":\"PropertyValueSpecification\",\"valueRequired\":true,\"valueName\":\"search_term_string\"}}],\"inLanguage\":\"fr-FR\"},{\"@type\":\"Organization\",\"@id\":\"https:\\\/\\\/sorbetkiwi.fr\\\/#organization\",\"name\":\"Sorbet Kiwi\",\"url\":\"https:\\\/\\\/sorbetkiwi.fr\\\/\",\"logo\":{\"@type\":\"ImageObject\",\"inLanguage\":\"fr-FR\",\"@id\":\"https:\\\/\\\/sorbetkiwi.fr\\\/#\\\/schema\\\/logo\\\/image\\\/\",\"url\":\"https:\\\/\\\/sorbetkiwi.fr\\\/wp-content\\\/uploads\\\/2022\\\/10\\\/Banniere-Sorbet-Kiwi-2022.jpg\",\"contentUrl\":\"https:\\\/\\\/sorbetkiwi.fr\\\/wp-content\\\/uploads\\\/2022\\\/10\\\/Banniere-Sorbet-Kiwi-2022.jpg\",\"width\":814,\"height\":401,\"caption\":\"Sorbet Kiwi\"},\"image\":{\"@id\":\"https:\\\/\\\/sorbetkiwi.fr\\\/#\\\/schema\\\/logo\\\/image\\\/\"},\"sameAs\":[\"https:\\\/\\\/www.facebook.com\\\/profile.php?id=100086238893269\",\"https:\\\/\\\/x.com\\\/pepparshoes\",\"https:\\\/\\\/www.instagram.com\\\/sorbetkiwi\\\/\",\"https:\\\/\\\/www.tiktok.com\\\/sorbetkiwi\"]},{\"@type\":\"Person\",\"@id\":\"https:\\\/\\\/sorbetkiwi.fr\\\/#\\\/schema\\\/person\\\/ed1b7b527a2957ddc3bf38b076540659\",\"name\":\"Sorbet-Kiwi\",\"image\":{\"@type\":\"ImageObject\",\"inLanguage\":\"fr-FR\",\"@id\":\"https:\\\/\\\/secure.gravatar.com\\\/avatar\\\/86f0a5c27d76317621b9e374d0f3a01d3a85278f10d0c7207ced4fd773057442?s=96&d=mm&r=g\",\"url\":\"https:\\\/\\\/secure.gravatar.com\\\/avatar\\\/86f0a5c27d76317621b9e374d0f3a01d3a85278f10d0c7207ced4fd773057442?s=96&d=mm&r=g\",\"contentUrl\":\"https:\\\/\\\/secure.gravatar.com\\\/avatar\\\/86f0a5c27d76317621b9e374d0f3a01d3a85278f10d0c7207ced4fd773057442?s=96&d=mm&r=g\",\"caption\":\"Sorbet-Kiwi\"},\"sameAs\":[\"http:\\\/\\\/sorbetkiwi.fr\"],\"url\":\"https:\\\/\\\/sorbetkiwi.fr\\\/index.php\\\/author\\\/admin7717\\\/\"}]}<\/script>\n<!-- \/ Yoast SEO plugin. -->","yoast_head_json":{"title":"Le fant\u00f4me de Kervadec de Patricia Darr\u00e9 - Sorbet Kiwi","description":"Ma chronique de la BD Le fant\u00f4me de Kervadec de Patricia Darr\u00e9, Camille Le Souffach\u00e9 et Fred Campoy publi\u00e9e chez Michel Lafon Jeunesse","robots":{"index":"index","follow":"follow","max-snippet":"max-snippet:-1","max-image-preview":"max-image-preview:large","max-video-preview":"max-video-preview:-1"},"canonical":"https:\/\/sorbetkiwi.fr\/index.php\/le-fantome-de-kervadec-de-patricia-darre\/","og_locale":"fr_FR","og_type":"article","og_title":"Le fant\u00f4me de Kervadec de Patricia Darr\u00e9 - Sorbet Kiwi","og_description":"Ma chronique de la BD Le fant\u00f4me de Kervadec de Patricia Darr\u00e9, Camille Le Souffach\u00e9 et Fred Campoy publi\u00e9e chez Michel Lafon Jeunesse","og_url":"https:\/\/sorbetkiwi.fr\/index.php\/le-fantome-de-kervadec-de-patricia-darre\/","og_site_name":"Sorbet Kiwi","article_publisher":"https:\/\/www.facebook.com\/profile.php?id=100086238893269","article_published_time":"2022-10-04T06:20:00+00:00","og_image":[{"width":1920,"height":2560,"url":"https:\/\/sorbetkiwi.fr\/wp-content\/uploads\/2022\/09\/20220929_060335794_iOS-scaled.jpg","type":"image\/jpeg"}],"author":"Sorbet-Kiwi","twitter_card":"summary_large_image","twitter_creator":"@pepparshoes","twitter_site":"@pepparshoes","twitter_misc":{"\u00c9crit par":"Sorbet-Kiwi","Dur\u00e9e de lecture estim\u00e9e":"3 minutes"},"schema":{"@context":"https:\/\/schema.org","@graph":[{"@type":"Article","@id":"https:\/\/sorbetkiwi.fr\/index.php\/le-fantome-de-kervadec-de-patricia-darre\/#article","isPartOf":{"@id":"https:\/\/sorbetkiwi.fr\/index.php\/le-fantome-de-kervadec-de-patricia-darre\/"},"author":{"name":"Sorbet-Kiwi","@id":"https:\/\/sorbetkiwi.fr\/#\/schema\/person\/ed1b7b527a2957ddc3bf38b076540659"},"headline":"Le fant\u00f4me de Kervadec de Patricia Darr\u00e9","datePublished":"2022-10-04T06:20:00+00:00","mainEntityOfPage":{"@id":"https:\/\/sorbetkiwi.fr\/index.php\/le-fantome-de-kervadec-de-patricia-darre\/"},"wordCount":604,"commentCount":0,"publisher":{"@id":"https:\/\/sorbetkiwi.fr\/#organization"},"image":{"@id":"https:\/\/sorbetkiwi.fr\/index.php\/le-fantome-de-kervadec-de-patricia-darre\/#primaryimage"},"thumbnailUrl":"https:\/\/sorbetkiwi.fr\/wp-content\/uploads\/2022\/09\/20220929_060335794_iOS-scaled.jpg","keywords":["Bande dessin\u00e9e","BD","Camille Le Souffach\u00e9","Editions Michel Lafon","Editions Michel Lafon Jeunesse","Esprit es-tu l\u00e0 ?","Fred Campoy","Le fant\u00f4me de Kervadec","Patricia Darr\u00e9"],"articleSection":["Halloween","Partenariats","Tout le blog"],"inLanguage":"fr-FR","potentialAction":[{"@type":"CommentAction","name":"Comment","target":["https:\/\/sorbetkiwi.fr\/index.php\/le-fantome-de-kervadec-de-patricia-darre\/#respond"]}]},{"@type":"WebPage","@id":"https:\/\/sorbetkiwi.fr\/index.php\/le-fantome-de-kervadec-de-patricia-darre\/","url":"https:\/\/sorbetkiwi.fr\/index.php\/le-fantome-de-kervadec-de-patricia-darre\/","name":"Le fant\u00f4me de Kervadec de Patricia Darr\u00e9 - Sorbet Kiwi","isPartOf":{"@id":"https:\/\/sorbetkiwi.fr\/#website"},"primaryImageOfPage":{"@id":"https:\/\/sorbetkiwi.fr\/index.php\/le-fantome-de-kervadec-de-patricia-darre\/#primaryimage"},"image":{"@id":"https:\/\/sorbetkiwi.fr\/index.php\/le-fantome-de-kervadec-de-patricia-darre\/#primaryimage"},"thumbnailUrl":"https:\/\/sorbetkiwi.fr\/wp-content\/uploads\/2022\/09\/20220929_060335794_iOS-scaled.jpg","datePublished":"2022-10-04T06:20:00+00:00","description":"Ma chronique de la BD Le fant\u00f4me de Kervadec de Patricia Darr\u00e9, Camille Le Souffach\u00e9 et Fred Campoy publi\u00e9e chez Michel Lafon Jeunesse","breadcrumb":{"@id":"https:\/\/sorbetkiwi.fr\/index.php\/le-fantome-de-kervadec-de-patricia-darre\/#breadcrumb"},"inLanguage":"fr-FR","potentialAction":[{"@type":"ReadAction","target":["https:\/\/sorbetkiwi.fr\/index.php\/le-fantome-de-kervadec-de-patricia-darre\/"]}]},{"@type":"ImageObject","inLanguage":"fr-FR","@id":"https:\/\/sorbetkiwi.fr\/index.php\/le-fantome-de-kervadec-de-patricia-darre\/#primaryimage","url":"https:\/\/sorbetkiwi.fr\/wp-content\/uploads\/2022\/09\/20220929_060335794_iOS-scaled.jpg","contentUrl":"https:\/\/sorbetkiwi.fr\/wp-content\/uploads\/2022\/09\/20220929_060335794_iOS-scaled.jpg","width":1920,"height":2560,"caption":"Le fant\u00f4me de Kervadec de Patricia Darr\u00e9"},{"@type":"BreadcrumbList","@id":"https:\/\/sorbetkiwi.fr\/index.php\/le-fantome-de-kervadec-de-patricia-darre\/#breadcrumb","itemListElement":[{"@type":"ListItem","position":1,"name":"Accueil","item":"https:\/\/sorbetkiwi.fr\/"},{"@type":"ListItem","position":2,"name":"Le fant\u00f4me de Kervadec de Patricia Darr\u00e9"}]},{"@type":"WebSite","@id":"https:\/\/sorbetkiwi.fr\/#website","url":"https:\/\/sorbetkiwi.fr\/","name":"Sorbet Kiwi","description":"Des lectures th\u00e9matiques par saison et les avis qui vont avec","publisher":{"@id":"https:\/\/sorbetkiwi.fr\/#organization"},"potentialAction":[{"@type":"SearchAction","target":{"@type":"EntryPoint","urlTemplate":"https:\/\/sorbetkiwi.fr\/?s={search_term_string}"},"query-input":{"@type":"PropertyValueSpecification","valueRequired":true,"valueName":"search_term_string"}}],"inLanguage":"fr-FR"},{"@type":"Organization","@id":"https:\/\/sorbetkiwi.fr\/#organization","name":"Sorbet Kiwi","url":"https:\/\/sorbetkiwi.fr\/","logo":{"@type":"ImageObject","inLanguage":"fr-FR","@id":"https:\/\/sorbetkiwi.fr\/#\/schema\/logo\/image\/","url":"https:\/\/sorbetkiwi.fr\/wp-content\/uploads\/2022\/10\/Banniere-Sorbet-Kiwi-2022.jpg","contentUrl":"https:\/\/sorbetkiwi.fr\/wp-content\/uploads\/2022\/10\/Banniere-Sorbet-Kiwi-2022.jpg","width":814,"height":401,"caption":"Sorbet Kiwi"},"image":{"@id":"https:\/\/sorbetkiwi.fr\/#\/schema\/logo\/image\/"},"sameAs":["https:\/\/www.facebook.com\/profile.php?id=100086238893269","https:\/\/x.com\/pepparshoes","https:\/\/www.instagram.com\/sorbetkiwi\/","https:\/\/www.tiktok.com\/sorbetkiwi"]},{"@type":"Person","@id":"https:\/\/sorbetkiwi.fr\/#\/schema\/person\/ed1b7b527a2957ddc3bf38b076540659","name":"Sorbet-Kiwi","image":{"@type":"ImageObject","inLanguage":"fr-FR","@id":"https:\/\/secure.gravatar.com\/avatar\/86f0a5c27d76317621b9e374d0f3a01d3a85278f10d0c7207ced4fd773057442?s=96&d=mm&r=g","url":"https:\/\/secure.gravatar.com\/avatar\/86f0a5c27d76317621b9e374d0f3a01d3a85278f10d0c7207ced4fd773057442?s=96&d=mm&r=g","contentUrl":"https:\/\/secure.gravatar.com\/avatar\/86f0a5c27d76317621b9e374d0f3a01d3a85278f10d0c7207ced4fd773057442?s=96&d=mm&r=g","caption":"Sorbet-Kiwi"},"sameAs":["http:\/\/sorbetkiwi.fr"],"url":"https:\/\/sorbetkiwi.fr\/index.php\/author\/admin7717\/"}]}},"_links":{"self":[{"href":"https:\/\/sorbetkiwi.fr\/index.php\/wp-json\/wp\/v2\/posts\/569","targetHints":{"allow":["GET"]}}],"collection":[{"href":"https:\/\/sorbetkiwi.fr\/index.php\/wp-json\/wp\/v2\/posts"}],"about":[{"href":"https:\/\/sorbetkiwi.fr\/index.php\/wp-json\/wp\/v2\/types\/post"}],"author":[{"embeddable":true,"href":"https:\/\/sorbetkiwi.fr\/index.php\/wp-json\/wp\/v2\/users\/1"}],"replies":[{"embeddable":true,"href":"https:\/\/sorbetkiwi.fr\/index.php\/wp-json\/wp\/v2\/comments?post=569"}],"version-history":[{"count":13,"href":"https:\/\/sorbetkiwi.fr\/index.php\/wp-json\/wp\/v2\/posts\/569\/revisions"}],"predecessor-version":[{"id":651,"href":"https:\/\/sorbetkiwi.fr\/index.php\/wp-json\/wp\/v2\/posts\/569\/revisions\/651"}],"wp:featuredmedia":[{"embeddable":true,"href":"https:\/\/sorbetkiwi.fr\/index.php\/wp-json\/wp\/v2\/media\/646"}],"wp:attachment":[{"href":"https:\/\/sorbetkiwi.fr\/index.php\/wp-json\/wp\/v2\/media?parent=569"}],"wp:term":[{"taxonomy":"category","embeddable":true,"href":"https:\/\/sorbetkiwi.fr\/index.php\/wp-json\/wp\/v2\/categories?post=569"},{"taxonomy":"post_tag","embeddable":true,"href":"https:\/\/sorbetkiwi.fr\/index.php\/wp-json\/wp\/v2\/tags?post=569"}],"curies":[{"name":"wp","href":"https:\/\/api.w.org\/{rel}","templated":true}]}}