{"id":5571,"date":"2024-02-26T07:00:00","date_gmt":"2024-02-26T06:00:00","guid":{"rendered":"https:\/\/sorbetkiwi.fr\/?p=5571"},"modified":"2024-02-23T11:30:06","modified_gmt":"2024-02-23T10:30:06","slug":"a-la-place-du-coeur-darnaud-cathrine","status":"publish","type":"post","link":"https:\/\/sorbetkiwi.fr\/index.php\/a-la-place-du-coeur-darnaud-cathrine\/","title":{"rendered":"A la place du coeur d&rsquo;Arnaud Cathrine"},"content":{"rendered":"\t\t<div data-elementor-type=\"wp-post\" data-elementor-id=\"5571\" class=\"elementor elementor-5571\">\n\t\t\t\t\t\t<section class=\"elementor-section elementor-top-section elementor-element elementor-element-4fbb9693 elementor-section-boxed elementor-section-height-default elementor-section-height-default\" data-id=\"4fbb9693\" data-element_type=\"section\" data-e-type=\"section\">\n\t\t\t\t\t\t<div class=\"elementor-container elementor-column-gap-default\">\n\t\t\t\t\t<div class=\"elementor-column elementor-col-100 elementor-top-column elementor-element elementor-element-74cd7a80\" data-id=\"74cd7a80\" data-element_type=\"column\" data-e-type=\"column\">\n\t\t\t<div class=\"elementor-widget-wrap elementor-element-populated\">\n\t\t\t\t\t\t<div class=\"elementor-element elementor-element-7c9dd74c elementor-widget elementor-widget-heading\" data-id=\"7c9dd74c\" data-element_type=\"widget\" data-e-type=\"widget\" data-widget_type=\"heading.default\">\n\t\t\t\t<div class=\"elementor-widget-container\">\n\t\t\t\t\t<h1 class=\"elementor-heading-title elementor-size-medium\">A la place du coeur Arnaud Cathrine<\/h1>\t\t\t\t<\/div>\n\t\t\t\t<\/div>\n\t\t\t\t<div class=\"elementor-element elementor-element-780c24a3 elementor-widget-divider--view-line elementor-widget elementor-widget-divider\" data-id=\"780c24a3\" data-element_type=\"widget\" data-e-type=\"widget\" data-widget_type=\"divider.default\">\n\t\t\t\t<div class=\"elementor-widget-container\">\n\t\t\t\t\t\t\t<div class=\"elementor-divider\">\n\t\t\t<span class=\"elementor-divider-separator\">\n\t\t\t\t\t\t<\/span>\n\t\t<\/div>\n\t\t\t\t\t\t<\/div>\n\t\t\t\t<\/div>\n\t\t\t\t<div class=\"elementor-element elementor-element-69943142 elementor-view-default elementor-widget elementor-widget-icon\" data-id=\"69943142\" data-element_type=\"widget\" data-e-type=\"widget\" data-widget_type=\"icon.default\">\n\t\t\t\t<div class=\"elementor-widget-container\">\n\t\t\t\t\t\t\t<div class=\"elementor-icon-wrapper\">\n\t\t\t<div class=\"elementor-icon\">\n\t\t\t<i aria-hidden=\"true\" class=\"far fa-heart\"><\/i>\t\t\t<\/div>\n\t\t<\/div>\n\t\t\t\t\t\t<\/div>\n\t\t\t\t<\/div>\n\t\t\t\t<div class=\"elementor-element elementor-element-39364837 elementor-widget elementor-widget-heading\" data-id=\"39364837\" data-element_type=\"widget\" data-e-type=\"widget\" data-widget_type=\"heading.default\">\n\t\t\t\t<div class=\"elementor-widget-container\">\n\t\t\t\t\t<h2 class=\"elementor-heading-title elementor-size-medium\">R\u00e9sum\u00e9<\/h2>\t\t\t\t<\/div>\n\t\t\t\t<\/div>\n\t\t\t\t<div class=\"elementor-element elementor-element-65b25ef0 elementor-widget elementor-widget-text-editor\" data-id=\"65b25ef0\" data-element_type=\"widget\" data-e-type=\"widget\" data-widget_type=\"text-editor.default\">\n\t\t\t\t<div class=\"elementor-widget-container\">\n\t\t\t\t\t\t\t\t\t<p>Six jours dans la vie de Caumes qui vit son premier amour.<br \/>Six jours de janvier 2015 o\u00f9 la France bascule dans l\u2019effroi.<\/p>\t\t\t\t\t\t\t\t<\/div>\n\t\t\t\t<\/div>\n\t\t\t\t<div class=\"elementor-element elementor-element-4fc80ed9 elementor-widget-divider--view-line elementor-widget elementor-widget-divider\" data-id=\"4fc80ed9\" data-element_type=\"widget\" data-e-type=\"widget\" data-widget_type=\"divider.default\">\n\t\t\t\t<div class=\"elementor-widget-container\">\n\t\t\t\t\t\t\t<div class=\"elementor-divider\">\n\t\t\t<span class=\"elementor-divider-separator\">\n\t\t\t\t\t\t<\/span>\n\t\t<\/div>\n\t\t\t\t\t\t<\/div>\n\t\t\t\t<\/div>\n\t\t\t\t<div class=\"elementor-element elementor-element-25d7a538 elementor-widget elementor-widget-heading\" data-id=\"25d7a538\" data-element_type=\"widget\" data-e-type=\"widget\" data-widget_type=\"heading.default\">\n\t\t\t\t<div class=\"elementor-widget-container\">\n\t\t\t\t\t<h2 class=\"elementor-heading-title elementor-size-medium\">Ma note<\/h2>\t\t\t\t<\/div>\n\t\t\t\t<\/div>\n\t\t\t\t<div class=\"elementor-element elementor-element-7d2a054b elementor-widget elementor-widget-rating\" data-id=\"7d2a054b\" data-element_type=\"widget\" data-e-type=\"widget\" data-widget_type=\"rating.default\">\n\t\t\t\t<div class=\"elementor-widget-container\">\n\t\t\t\t\t\t\t<div class=\"e-rating\" itemtype=\"https:\/\/schema.org\/Rating\" itemscope=\"\" itemprop=\"reviewRating\">\n\t\t\t<meta itemprop=\"worstRating\" content=\"0\">\n\t\t\t<meta itemprop=\"bestRating\" content=\"5\">\n\t\t\t<div class=\"e-rating-wrapper\" itemprop=\"ratingValue\" content=\"5\" role=\"img\" aria-label=\"Not\u00e9 5 sur 5\">\n\t\t\t\t\t\t\t<div class=\"e-icon\">\n\t\t\t\t<div class=\"e-icon-wrapper e-icon-marked\">\n\t\t\t\t\t<i aria-hidden=\"true\" class=\"eicon-star\"><\/i>\t\t\t\t<\/div>\n\t\t\t\t<div class=\"e-icon-wrapper e-icon-unmarked\">\n\t\t\t\t\t<i aria-hidden=\"true\" class=\"eicon-star\"><\/i>\t\t\t\t<\/div>\n\t\t\t<\/div>\n\t\t\t\t\t\t<div class=\"e-icon\">\n\t\t\t\t<div class=\"e-icon-wrapper e-icon-marked\">\n\t\t\t\t\t<i aria-hidden=\"true\" class=\"eicon-star\"><\/i>\t\t\t\t<\/div>\n\t\t\t\t<div class=\"e-icon-wrapper e-icon-unmarked\">\n\t\t\t\t\t<i aria-hidden=\"true\" class=\"eicon-star\"><\/i>\t\t\t\t<\/div>\n\t\t\t<\/div>\n\t\t\t\t\t\t<div class=\"e-icon\">\n\t\t\t\t<div class=\"e-icon-wrapper e-icon-marked\">\n\t\t\t\t\t<i aria-hidden=\"true\" class=\"eicon-star\"><\/i>\t\t\t\t<\/div>\n\t\t\t\t<div class=\"e-icon-wrapper e-icon-unmarked\">\n\t\t\t\t\t<i aria-hidden=\"true\" class=\"eicon-star\"><\/i>\t\t\t\t<\/div>\n\t\t\t<\/div>\n\t\t\t\t\t\t<div class=\"e-icon\">\n\t\t\t\t<div class=\"e-icon-wrapper e-icon-marked\">\n\t\t\t\t\t<i aria-hidden=\"true\" class=\"eicon-star\"><\/i>\t\t\t\t<\/div>\n\t\t\t\t<div class=\"e-icon-wrapper e-icon-unmarked\">\n\t\t\t\t\t<i aria-hidden=\"true\" class=\"eicon-star\"><\/i>\t\t\t\t<\/div>\n\t\t\t<\/div>\n\t\t\t\t\t\t<div class=\"e-icon\">\n\t\t\t\t<div class=\"e-icon-wrapper e-icon-marked\">\n\t\t\t\t\t<i aria-hidden=\"true\" class=\"eicon-star\"><\/i>\t\t\t\t<\/div>\n\t\t\t\t<div class=\"e-icon-wrapper e-icon-unmarked\">\n\t\t\t\t\t<i aria-hidden=\"true\" class=\"eicon-star\"><\/i>\t\t\t\t<\/div>\n\t\t\t<\/div>\n\t\t\t\t\t\t<\/div>\n\t\t<\/div>\n\t\t\t\t\t\t<\/div>\n\t\t\t\t<\/div>\n\t\t\t\t<div class=\"elementor-element elementor-element-3f592777 elementor-widget-divider--view-line elementor-widget elementor-widget-divider\" data-id=\"3f592777\" data-element_type=\"widget\" data-e-type=\"widget\" data-widget_type=\"divider.default\">\n\t\t\t\t<div class=\"elementor-widget-container\">\n\t\t\t\t\t\t\t<div class=\"elementor-divider\">\n\t\t\t<span class=\"elementor-divider-separator\">\n\t\t\t\t\t\t<\/span>\n\t\t<\/div>\n\t\t\t\t\t\t<\/div>\n\t\t\t\t<\/div>\n\t\t\t\t<div class=\"elementor-element elementor-element-16d23aa1 elementor-widget elementor-widget-heading\" data-id=\"16d23aa1\" data-element_type=\"widget\" data-e-type=\"widget\" data-widget_type=\"heading.default\">\n\t\t\t\t<div class=\"elementor-widget-container\">\n\t\t\t\t\t<h2 class=\"elementor-heading-title elementor-size-medium\">Un premier tome dur mais juste<\/h2>\t\t\t\t<\/div>\n\t\t\t\t<\/div>\n\t\t\t\t<div class=\"elementor-element elementor-element-6f3bf8e4 elementor-widget elementor-widget-text-editor\" data-id=\"6f3bf8e4\" data-element_type=\"widget\" data-e-type=\"widget\" data-widget_type=\"text-editor.default\">\n\t\t\t\t<div class=\"elementor-widget-container\">\n\t\t\t\t\t\t\t\t\t<p>A la place du coeur est une saga difficile \u00e0 lire, que l&rsquo;on soit ado ou adulte. Apr\u00e8s une soixantaine de pages, les larmes se sont mises \u00e0 couler. Apr\u00e8s une petite pause, encore une fois. Puis apr\u00e8s une autre petite pause, d\u00e9finitivement. Nous rencontrons C\u00f4me. Il vit son premier amour (d&rsquo;o\u00f9 sa place en <a href=\"https:\/\/sorbetkiwi.fr\/index.php\/category\/saint-valentin\/\">Saint-Valentin<\/a>), sa premi\u00e8re relation sexuelle, son esprit se dirige doucement vers les d\u00e9bats, vers la r\u00e9flexion plus approfondie de ce que le monde peut lui offrir. L\u2019amour, l\u2019amiti\u00e9, la r\u00e9ussite sociale, l\u2019ouverture culturelle par le biais de son option th\u00e9\u00e2tre\u2026\u00a0<\/p><p>Mais avant tout, Esther, cette jeune femme de sa classe dont il est fou amoureux. Jusqu\u2019au jour o\u00f9 tout bascule. Deux terroristes viennent faire voler en \u00e9clats toutes les illusions d\u2019un monde simple aux jeunes gens. Deux attentats en plusieurs jours. Et la culpabilit\u00e9 de ne vouloir qu\u2019une chose : \u00eatre heureux.<\/p>\t\t\t\t\t\t\t\t<\/div>\n\t\t\t\t<\/div>\n\t\t\t\t<div class=\"elementor-element elementor-element-e2fdaca elementor-widget elementor-widget-heading\" data-id=\"e2fdaca\" data-element_type=\"widget\" data-e-type=\"widget\" data-widget_type=\"heading.default\">\n\t\t\t\t<div class=\"elementor-widget-container\">\n\t\t\t\t\t<h2 class=\"elementor-heading-title elementor-size-medium\">Une plume percutante<\/h2>\t\t\t\t<\/div>\n\t\t\t\t<\/div>\n\t\t\t\t<div class=\"elementor-element elementor-element-5bfbb97 elementor-widget elementor-widget-text-editor\" data-id=\"5bfbb97\" data-element_type=\"widget\" data-e-type=\"widget\" data-widget_type=\"text-editor.default\">\n\t\t\t\t<div class=\"elementor-widget-container\">\n\t\t\t\t\t\t\t\t\t<p><a href=\"https:\/\/www.livraddict.com\/biblio\/auteur\/arnaud-cathrine.html\">Arnaud Cathrine<\/a> est habile dans son art de manier la plume. En lisant, j\u2019entendais la voix de mon fr\u00e8re de 15 ans, \u00e0 l&rsquo;\u00e9poque, qui s\u2019exprimait de la m\u00eame fa\u00e7on.\u00a0 Qui voyait le monde de la m\u00eame mani\u00e8re. L\u2019auteur a su doser les paroles d\u2019adolescents et les paroles d\u2019adultes, qui viennent parfaitement trouver leur place ici, qui expriment d\u2019une part, et qui expliquent de l\u2019autre, notamment \u00e0 travers la professeur de philosophie et th\u00e9\u00e2tre. Dans tous les cas, n\u2019importe qui peut s\u2019y retrouver.\u00a0<\/p><p>Parce que ce que l\u2019auteur nous d\u00e9montre \u00e9galement, c\u2019est que n\u2019importe qui peut-\u00eatre et \u00e0 le droit d\u2019\u00eatre touch\u00e9 par ce qui s\u2019est pass\u00e9. Mais que le monde continue \u00e9galement de tourner, et que l\u2019horreur ne se situe pas toujours tr\u00e8s loin. Que la haine g\u00e9n\u00e9r\u00e9e par ces actes horribles poussent les gens aux pires malveillances. Qu\u2019il ne faut pas c\u00e9der \u00e0 la tentation de la haine. Ce roman soul\u00e8ve de vrais questionnements, il nous interpelle dans nos croyances, dans nos ressentis, de fa\u00e7on tr\u00e8s personnelle.<\/p>\t\t\t\t\t\t\t\t<\/div>\n\t\t\t\t<\/div>\n\t\t\t\t<div class=\"elementor-element elementor-element-34a6cb30 elementor-widget-divider--view-line elementor-widget elementor-widget-divider\" data-id=\"34a6cb30\" data-element_type=\"widget\" data-e-type=\"widget\" data-widget_type=\"divider.default\">\n\t\t\t\t<div class=\"elementor-widget-container\">\n\t\t\t\t\t\t\t<div class=\"elementor-divider\">\n\t\t\t<span class=\"elementor-divider-separator\">\n\t\t\t\t\t\t<\/span>\n\t\t<\/div>\n\t\t\t\t\t\t<\/div>\n\t\t\t\t<\/div>\n\t\t\t\t<div class=\"elementor-element elementor-element-1cf1af55 elementor-widget elementor-widget-heading\" data-id=\"1cf1af55\" data-element_type=\"widget\" data-e-type=\"widget\" data-widget_type=\"heading.default\">\n\t\t\t\t<div class=\"elementor-widget-container\">\n\t\t\t\t\t<h4 class=\"elementor-heading-title elementor-size-medium\">\u00ab J\u2019y ai cru.\nJ\u2019y ai cru.\nJ\u2019y ai cru.\nPutain, j\u2019y ai cru.\nJ\u2019y ai cru.\nJ\u2019y ai cru.\nJ\u2019y ai cru. \u00bb<\/h4>\t\t\t\t<\/div>\n\t\t\t\t<\/div>\n\t\t\t\t<div class=\"elementor-element elementor-element-7f872749 elementor-widget-divider--view-line elementor-widget elementor-widget-divider\" data-id=\"7f872749\" data-element_type=\"widget\" data-e-type=\"widget\" data-widget_type=\"divider.default\">\n\t\t\t\t<div class=\"elementor-widget-container\">\n\t\t\t\t\t\t\t<div class=\"elementor-divider\">\n\t\t\t<span class=\"elementor-divider-separator\">\n\t\t\t\t\t\t<\/span>\n\t\t<\/div>\n\t\t\t\t\t\t<\/div>\n\t\t\t\t<\/div>\n\t\t\t\t<div class=\"elementor-element elementor-element-50bea80e elementor-widget elementor-widget-heading\" data-id=\"50bea80e\" data-element_type=\"widget\" data-e-type=\"widget\" data-widget_type=\"heading.default\">\n\t\t\t\t<div class=\"elementor-widget-container\">\n\t\t\t\t\t<h2 class=\"elementor-heading-title elementor-size-medium\">Une suite \u00e9prouvante<\/h2>\t\t\t\t<\/div>\n\t\t\t\t<\/div>\n\t\t\t\t<div class=\"elementor-element elementor-element-86577d4 elementor-widget elementor-widget-text-editor\" data-id=\"86577d4\" data-element_type=\"widget\" data-e-type=\"widget\" data-widget_type=\"text-editor.default\">\n\t\t\t\t<div class=\"elementor-widget-container\">\n\t\t\t\t\t\t\t\t\t<p>Dans la saison 2, nous allons assister \u00e0 la d\u00e9pression de C\u00f4me, et c\u2019est tr\u00e8s dur, mais c\u2019est aussi tr\u00e8s froid. C\u2019est l\u00e0 la grosse diff\u00e9rence pour moi de la premi\u00e8re saison, o\u00f9 la blessure \u00e9tait plus vive. Diff\u00e9rente, simplement. Ce n\u2019est qu\u2019\u00e0 la fin du roman que vient le 13 novembre, cette nuit atroce\u2026 Et pourtant, les attentats font partis du quotidien des jeunes gens. Caumes, Esther, Niels, Swann\u2026 Quand l\u2019envie de vouloir \u00eatre heureux se transforme en haine, c\u2019est tout le ton du roman qui change.\u00a0<\/p><p>J\u2019ai trouv\u00e9 l\u2019approche d\u2019\u00e9criture int\u00e9ressante ici, puisque nous avons le point de vue de Niels et d\u2019Esther, mais ce n\u2019est pas tout \u00e0 fait ce que l\u2019on croit, et j\u2019ai \u00e9t\u00e9 surprise du retournement de situation \u00e0 ce niveau l\u00e0. N\u00e9anmoins, les d\u00e9bats de la premi\u00e8re saison me manquaient un peu. Sa profondeur n\u2019est plus aussi \u00e9vidente, bien que toujours l\u00e0, il faut juste chercher un peu.<\/p>\t\t\t\t\t\t\t\t<\/div>\n\t\t\t\t<\/div>\n\t\t\t\t<div class=\"elementor-element elementor-element-64483a09 elementor-widget-divider--view-line elementor-widget elementor-widget-divider\" data-id=\"64483a09\" data-element_type=\"widget\" data-e-type=\"widget\" data-widget_type=\"divider.default\">\n\t\t\t\t<div class=\"elementor-widget-container\">\n\t\t\t\t\t\t\t<div class=\"elementor-divider\">\n\t\t\t<span class=\"elementor-divider-separator\">\n\t\t\t\t\t\t<\/span>\n\t\t<\/div>\n\t\t\t\t\t\t<\/div>\n\t\t\t\t<\/div>\n\t\t\t\t<div class=\"elementor-element elementor-element-1534c8d elementor-widget elementor-widget-heading\" data-id=\"1534c8d\" data-element_type=\"widget\" data-e-type=\"widget\" data-widget_type=\"heading.default\">\n\t\t\t\t<div class=\"elementor-widget-container\">\n\t\t\t\t\t<h2 class=\"elementor-heading-title elementor-size-medium\">Une fin poignante<\/h2>\t\t\t\t<\/div>\n\t\t\t\t<\/div>\n\t\t\t\t<div class=\"elementor-element elementor-element-48114f91 elementor-widget elementor-widget-text-editor\" data-id=\"48114f91\" data-element_type=\"widget\" data-e-type=\"widget\" data-widget_type=\"text-editor.default\">\n\t\t\t\t<div class=\"elementor-widget-container\">\n\t\t\t\t\t\t\t\t\t<p>Dans la saison 3, la th\u00e9matique principale va \u00eatre le premier vote de toute une g\u00e9n\u00e9ration en 2017. Cela pourrait tout autant se nommer \u00ab Chroniques d\u2019une jeunesse d\u00e9sabus\u00e9e \u00bb. Le fait de voter contre quelqu\u2019un plut\u00f4t que pour un parti. J\u2019ai vraiment ressenti cette agressivit\u00e9 qui flottait dans l\u2019air \u00e0 ce moment-l\u00e0, et qui m\u2019avait beaucoup choqu\u00e9e d\u2019ailleurs. Il est int\u00e9ressant que l\u2019auteur mette les attentats et leurs cons\u00e9quences sur la psychologie des masses en face du vote. Et j\u2019ai surtout appr\u00e9ci\u00e9 qu\u2019il d\u00e9montre que les jeunes sont pr\u00eats \u00e0 s\u2019engager, qu\u2019ils ont envie de changer les choses. Ce ne sont pas ces <em>losers<\/em>\u00a0qui ne s\u2019int\u00e9ressent \u00e0 rien, ce que semblent penser de nombreuses personnes plus \u00e2g\u00e9es.<\/p><p>Au del\u00e0 des th\u00e9matiques et r\u00e9flexions, j\u2019ai beaucoup aim\u00e9 la po\u00e9sie qui se d\u00e9gage de l\u2019oeuvre. Caumes continue de noter sa vie, ses ressentis, et parfois, il le fait en vers, ou sans ponctuation. Cela donne un rythme et une ambiance encore plus sp\u00e9ciale \u00e0 l\u2019histoire. C\u2019est encore plus touchant, en fait.\u00a0<\/p><p>En plus de cela, Arnaud Cathrine int\u00e8gre de la musique, des paroles qui r\u00e9sonnent de facon particuli\u00e8re pour ces jeunes.\u00a0<em>Suicide Social<\/em>\u00a0d\u2019Orelsan m\u2019a tout particuli\u00e8rement interpell\u00e9, sachant que c\u2019est une de mes chansons pr\u00e9f\u00e9r\u00e9es lorsque je suis en col\u00e8re contre les injustices du monde. Il en va de m\u00eame pour\u00a0<em>R\u00e9alit\u00e9e augment\u00e9e<\/em>\u00a0de Nekfeu\u2026 Bref, j\u2019ai aussi tendance \u00e0 chercher les mots dans des paroles de chansons, du coup, cela m\u2019a beaucoup parl\u00e9.<\/p><p>Si le premier tome de la saga A la place du coeur reste mon pr\u00e9f\u00e9r\u00e9 pour les \u00e9motions transmises, j\u2019ai tout de m\u00eame beaucoup aim\u00e9 la troisi\u00e8me saison. De nouvelles th\u00e9matiques sont abord\u00e9es, puisque les personnages grandissent, et nous \u00e9voluons avec eux. C\u2019est une belle fin, que la saga m\u00e9ritait.<\/p>\t\t\t\t\t\t\t\t<\/div>\n\t\t\t\t<\/div>\n\t\t\t\t\t<\/div>\n\t\t<\/div>\n\t\t\t\t\t<\/div>\n\t\t<\/section>\n\t\t\t\t<\/div>\n\t\t","protected":false},"excerpt":{"rendered":"<p>A la place du coeur Arnaud Cathrine R\u00e9sum\u00e9 Six jours dans la vie de Caumes qui vit son premier amour.Six jours de janvier 2015 o\u00f9 la France bascule dans l\u2019effroi. Ma note Un premier tome &hellip; <\/p>\n","protected":false},"author":1,"featured_media":5572,"comment_status":"open","ping_status":"open","sticky":false,"template":"","format":"standard","meta":{"footnotes":""},"categories":[9,12,1],"tags":[1513,1514,1515,1274,1295,421,1516],"class_list":["post-5571","post","type-post","status-publish","format-standard","has-post-thumbnail","hentry","category-coups-de-coeur","category-saint-valentin","category-tout-le-blog","tag-a-la-place-du-coeur","tag-arnaud-cathrine","tag-collection-r","tag-robert-laffont","tag-roman-jeunesse","tag-saint-valentin","tag-terrorisme","has-single-img"],"yoast_head":"<!-- This site is optimized with the Yoast SEO plugin v27.4 - https:\/\/yoast.com\/product\/yoast-seo-wordpress\/ -->\n<title>A la place du coeur d&#039;Arnaud Cathrine - Sorbet Kiwi<\/title>\n<meta name=\"description\" content=\"Ma chronique de la saga A la place du coeur, les 3 saisons, d&#039;Arnaud Cathrine publi\u00e9 en grand format dans la collection R.\" \/>\n<meta name=\"robots\" content=\"index, follow, max-snippet:-1, max-image-preview:large, max-video-preview:-1\" \/>\n<link rel=\"canonical\" href=\"https:\/\/sorbetkiwi.fr\/index.php\/a-la-place-du-coeur-darnaud-cathrine\/\" \/>\n<meta property=\"og:locale\" content=\"fr_FR\" \/>\n<meta property=\"og:type\" content=\"article\" \/>\n<meta property=\"og:title\" content=\"A la place du coeur d&#039;Arnaud Cathrine - Sorbet Kiwi\" \/>\n<meta property=\"og:description\" content=\"Ma chronique de la saga A la place du coeur, les 3 saisons, d&#039;Arnaud Cathrine publi\u00e9 en grand format dans la collection R.\" \/>\n<meta property=\"og:url\" content=\"https:\/\/sorbetkiwi.fr\/index.php\/a-la-place-du-coeur-darnaud-cathrine\/\" \/>\n<meta property=\"og:site_name\" content=\"Sorbet Kiwi\" \/>\n<meta property=\"article:publisher\" content=\"https:\/\/www.facebook.com\/profile.php?id=100086238893269\" \/>\n<meta property=\"article:published_time\" content=\"2024-02-26T06:00:00+00:00\" \/>\n<meta property=\"og:image\" content=\"https:\/\/sorbetkiwi.fr\/wp-content\/uploads\/2024\/02\/img_1298-1.jpg\" \/>\n\t<meta property=\"og:image:width\" content=\"1500\" \/>\n\t<meta property=\"og:image:height\" content=\"2000\" \/>\n\t<meta property=\"og:image:type\" content=\"image\/jpeg\" \/>\n<meta name=\"author\" content=\"Sorbet-Kiwi\" \/>\n<meta name=\"twitter:card\" content=\"summary_large_image\" \/>\n<meta name=\"twitter:creator\" content=\"@pepparshoes\" \/>\n<meta name=\"twitter:site\" content=\"@pepparshoes\" \/>\n<meta name=\"twitter:label1\" content=\"\u00c9crit par\" \/>\n\t<meta name=\"twitter:data1\" content=\"Sorbet-Kiwi\" \/>\n\t<meta name=\"twitter:label2\" content=\"Dur\u00e9e de lecture estim\u00e9e\" \/>\n\t<meta name=\"twitter:data2\" content=\"5 minutes\" \/>\n<script type=\"application\/ld+json\" class=\"yoast-schema-graph\">{\"@context\":\"https:\\\/\\\/schema.org\",\"@graph\":[{\"@type\":\"Article\",\"@id\":\"https:\\\/\\\/sorbetkiwi.fr\\\/index.php\\\/a-la-place-du-coeur-darnaud-cathrine\\\/#article\",\"isPartOf\":{\"@id\":\"https:\\\/\\\/sorbetkiwi.fr\\\/index.php\\\/a-la-place-du-coeur-darnaud-cathrine\\\/\"},\"author\":{\"name\":\"Sorbet-Kiwi\",\"@id\":\"https:\\\/\\\/sorbetkiwi.fr\\\/#\\\/schema\\\/person\\\/ed1b7b527a2957ddc3bf38b076540659\"},\"headline\":\"A la place du coeur d&rsquo;Arnaud Cathrine\",\"datePublished\":\"2024-02-26T06:00:00+00:00\",\"mainEntityOfPage\":{\"@id\":\"https:\\\/\\\/sorbetkiwi.fr\\\/index.php\\\/a-la-place-du-coeur-darnaud-cathrine\\\/\"},\"wordCount\":967,\"commentCount\":2,\"publisher\":{\"@id\":\"https:\\\/\\\/sorbetkiwi.fr\\\/#organization\"},\"image\":{\"@id\":\"https:\\\/\\\/sorbetkiwi.fr\\\/index.php\\\/a-la-place-du-coeur-darnaud-cathrine\\\/#primaryimage\"},\"thumbnailUrl\":\"https:\\\/\\\/sorbetkiwi.fr\\\/wp-content\\\/uploads\\\/2024\\\/02\\\/img_1298-1.jpg\",\"keywords\":[\"A la place du coeur\",\"Arnaud Cathrine\",\"Collection R\",\"Robert Laffont\",\"Roman jeunesse\",\"Saint-Valentin\",\"Terrorisme\"],\"articleSection\":[\"Coups de coeur\",\"Saint Valentin\",\"Tout le blog\"],\"inLanguage\":\"fr-FR\",\"potentialAction\":[{\"@type\":\"CommentAction\",\"name\":\"Comment\",\"target\":[\"https:\\\/\\\/sorbetkiwi.fr\\\/index.php\\\/a-la-place-du-coeur-darnaud-cathrine\\\/#respond\"]}]},{\"@type\":\"WebPage\",\"@id\":\"https:\\\/\\\/sorbetkiwi.fr\\\/index.php\\\/a-la-place-du-coeur-darnaud-cathrine\\\/\",\"url\":\"https:\\\/\\\/sorbetkiwi.fr\\\/index.php\\\/a-la-place-du-coeur-darnaud-cathrine\\\/\",\"name\":\"A la place du coeur d'Arnaud Cathrine - Sorbet Kiwi\",\"isPartOf\":{\"@id\":\"https:\\\/\\\/sorbetkiwi.fr\\\/#website\"},\"primaryImageOfPage\":{\"@id\":\"https:\\\/\\\/sorbetkiwi.fr\\\/index.php\\\/a-la-place-du-coeur-darnaud-cathrine\\\/#primaryimage\"},\"image\":{\"@id\":\"https:\\\/\\\/sorbetkiwi.fr\\\/index.php\\\/a-la-place-du-coeur-darnaud-cathrine\\\/#primaryimage\"},\"thumbnailUrl\":\"https:\\\/\\\/sorbetkiwi.fr\\\/wp-content\\\/uploads\\\/2024\\\/02\\\/img_1298-1.jpg\",\"datePublished\":\"2024-02-26T06:00:00+00:00\",\"description\":\"Ma chronique de la saga A la place du coeur, les 3 saisons, d'Arnaud Cathrine publi\u00e9 en grand format dans la collection R.\",\"breadcrumb\":{\"@id\":\"https:\\\/\\\/sorbetkiwi.fr\\\/index.php\\\/a-la-place-du-coeur-darnaud-cathrine\\\/#breadcrumb\"},\"inLanguage\":\"fr-FR\",\"potentialAction\":[{\"@type\":\"ReadAction\",\"target\":[\"https:\\\/\\\/sorbetkiwi.fr\\\/index.php\\\/a-la-place-du-coeur-darnaud-cathrine\\\/\"]}]},{\"@type\":\"ImageObject\",\"inLanguage\":\"fr-FR\",\"@id\":\"https:\\\/\\\/sorbetkiwi.fr\\\/index.php\\\/a-la-place-du-coeur-darnaud-cathrine\\\/#primaryimage\",\"url\":\"https:\\\/\\\/sorbetkiwi.fr\\\/wp-content\\\/uploads\\\/2024\\\/02\\\/img_1298-1.jpg\",\"contentUrl\":\"https:\\\/\\\/sorbetkiwi.fr\\\/wp-content\\\/uploads\\\/2024\\\/02\\\/img_1298-1.jpg\",\"width\":1500,\"height\":2000,\"caption\":\"A la place du coeur Arnaud Cathrine\"},{\"@type\":\"BreadcrumbList\",\"@id\":\"https:\\\/\\\/sorbetkiwi.fr\\\/index.php\\\/a-la-place-du-coeur-darnaud-cathrine\\\/#breadcrumb\",\"itemListElement\":[{\"@type\":\"ListItem\",\"position\":1,\"name\":\"Accueil\",\"item\":\"https:\\\/\\\/sorbetkiwi.fr\\\/\"},{\"@type\":\"ListItem\",\"position\":2,\"name\":\"A la place du coeur d&rsquo;Arnaud Cathrine\"}]},{\"@type\":\"WebSite\",\"@id\":\"https:\\\/\\\/sorbetkiwi.fr\\\/#website\",\"url\":\"https:\\\/\\\/sorbetkiwi.fr\\\/\",\"name\":\"Sorbet Kiwi\",\"description\":\"Des lectures th\u00e9matiques par saison et les avis qui vont avec\",\"publisher\":{\"@id\":\"https:\\\/\\\/sorbetkiwi.fr\\\/#organization\"},\"potentialAction\":[{\"@type\":\"SearchAction\",\"target\":{\"@type\":\"EntryPoint\",\"urlTemplate\":\"https:\\\/\\\/sorbetkiwi.fr\\\/?s={search_term_string}\"},\"query-input\":{\"@type\":\"PropertyValueSpecification\",\"valueRequired\":true,\"valueName\":\"search_term_string\"}}],\"inLanguage\":\"fr-FR\"},{\"@type\":\"Organization\",\"@id\":\"https:\\\/\\\/sorbetkiwi.fr\\\/#organization\",\"name\":\"Sorbet Kiwi\",\"url\":\"https:\\\/\\\/sorbetkiwi.fr\\\/\",\"logo\":{\"@type\":\"ImageObject\",\"inLanguage\":\"fr-FR\",\"@id\":\"https:\\\/\\\/sorbetkiwi.fr\\\/#\\\/schema\\\/logo\\\/image\\\/\",\"url\":\"https:\\\/\\\/sorbetkiwi.fr\\\/wp-content\\\/uploads\\\/2022\\\/10\\\/Banniere-Sorbet-Kiwi-2022.jpg\",\"contentUrl\":\"https:\\\/\\\/sorbetkiwi.fr\\\/wp-content\\\/uploads\\\/2022\\\/10\\\/Banniere-Sorbet-Kiwi-2022.jpg\",\"width\":814,\"height\":401,\"caption\":\"Sorbet Kiwi\"},\"image\":{\"@id\":\"https:\\\/\\\/sorbetkiwi.fr\\\/#\\\/schema\\\/logo\\\/image\\\/\"},\"sameAs\":[\"https:\\\/\\\/www.facebook.com\\\/profile.php?id=100086238893269\",\"https:\\\/\\\/x.com\\\/pepparshoes\",\"https:\\\/\\\/www.instagram.com\\\/sorbetkiwi\\\/\",\"https:\\\/\\\/www.tiktok.com\\\/sorbetkiwi\"]},{\"@type\":\"Person\",\"@id\":\"https:\\\/\\\/sorbetkiwi.fr\\\/#\\\/schema\\\/person\\\/ed1b7b527a2957ddc3bf38b076540659\",\"name\":\"Sorbet-Kiwi\",\"image\":{\"@type\":\"ImageObject\",\"inLanguage\":\"fr-FR\",\"@id\":\"https:\\\/\\\/secure.gravatar.com\\\/avatar\\\/86f0a5c27d76317621b9e374d0f3a01d3a85278f10d0c7207ced4fd773057442?s=96&d=mm&r=g\",\"url\":\"https:\\\/\\\/secure.gravatar.com\\\/avatar\\\/86f0a5c27d76317621b9e374d0f3a01d3a85278f10d0c7207ced4fd773057442?s=96&d=mm&r=g\",\"contentUrl\":\"https:\\\/\\\/secure.gravatar.com\\\/avatar\\\/86f0a5c27d76317621b9e374d0f3a01d3a85278f10d0c7207ced4fd773057442?s=96&d=mm&r=g\",\"caption\":\"Sorbet-Kiwi\"},\"sameAs\":[\"http:\\\/\\\/sorbetkiwi.fr\"],\"url\":\"https:\\\/\\\/sorbetkiwi.fr\\\/index.php\\\/author\\\/admin7717\\\/\"}]}<\/script>\n<!-- \/ Yoast SEO plugin. -->","yoast_head_json":{"title":"A la place du coeur d'Arnaud Cathrine - Sorbet Kiwi","description":"Ma chronique de la saga A la place du coeur, les 3 saisons, d'Arnaud Cathrine publi\u00e9 en grand format dans la collection R.","robots":{"index":"index","follow":"follow","max-snippet":"max-snippet:-1","max-image-preview":"max-image-preview:large","max-video-preview":"max-video-preview:-1"},"canonical":"https:\/\/sorbetkiwi.fr\/index.php\/a-la-place-du-coeur-darnaud-cathrine\/","og_locale":"fr_FR","og_type":"article","og_title":"A la place du coeur d'Arnaud Cathrine - Sorbet Kiwi","og_description":"Ma chronique de la saga A la place du coeur, les 3 saisons, d'Arnaud Cathrine publi\u00e9 en grand format dans la collection R.","og_url":"https:\/\/sorbetkiwi.fr\/index.php\/a-la-place-du-coeur-darnaud-cathrine\/","og_site_name":"Sorbet Kiwi","article_publisher":"https:\/\/www.facebook.com\/profile.php?id=100086238893269","article_published_time":"2024-02-26T06:00:00+00:00","og_image":[{"width":1500,"height":2000,"url":"https:\/\/sorbetkiwi.fr\/wp-content\/uploads\/2024\/02\/img_1298-1.jpg","type":"image\/jpeg"}],"author":"Sorbet-Kiwi","twitter_card":"summary_large_image","twitter_creator":"@pepparshoes","twitter_site":"@pepparshoes","twitter_misc":{"\u00c9crit par":"Sorbet-Kiwi","Dur\u00e9e de lecture estim\u00e9e":"5 minutes"},"schema":{"@context":"https:\/\/schema.org","@graph":[{"@type":"Article","@id":"https:\/\/sorbetkiwi.fr\/index.php\/a-la-place-du-coeur-darnaud-cathrine\/#article","isPartOf":{"@id":"https:\/\/sorbetkiwi.fr\/index.php\/a-la-place-du-coeur-darnaud-cathrine\/"},"author":{"name":"Sorbet-Kiwi","@id":"https:\/\/sorbetkiwi.fr\/#\/schema\/person\/ed1b7b527a2957ddc3bf38b076540659"},"headline":"A la place du coeur d&rsquo;Arnaud Cathrine","datePublished":"2024-02-26T06:00:00+00:00","mainEntityOfPage":{"@id":"https:\/\/sorbetkiwi.fr\/index.php\/a-la-place-du-coeur-darnaud-cathrine\/"},"wordCount":967,"commentCount":2,"publisher":{"@id":"https:\/\/sorbetkiwi.fr\/#organization"},"image":{"@id":"https:\/\/sorbetkiwi.fr\/index.php\/a-la-place-du-coeur-darnaud-cathrine\/#primaryimage"},"thumbnailUrl":"https:\/\/sorbetkiwi.fr\/wp-content\/uploads\/2024\/02\/img_1298-1.jpg","keywords":["A la place du coeur","Arnaud Cathrine","Collection R","Robert Laffont","Roman jeunesse","Saint-Valentin","Terrorisme"],"articleSection":["Coups de coeur","Saint Valentin","Tout le blog"],"inLanguage":"fr-FR","potentialAction":[{"@type":"CommentAction","name":"Comment","target":["https:\/\/sorbetkiwi.fr\/index.php\/a-la-place-du-coeur-darnaud-cathrine\/#respond"]}]},{"@type":"WebPage","@id":"https:\/\/sorbetkiwi.fr\/index.php\/a-la-place-du-coeur-darnaud-cathrine\/","url":"https:\/\/sorbetkiwi.fr\/index.php\/a-la-place-du-coeur-darnaud-cathrine\/","name":"A la place du coeur d'Arnaud Cathrine - Sorbet Kiwi","isPartOf":{"@id":"https:\/\/sorbetkiwi.fr\/#website"},"primaryImageOfPage":{"@id":"https:\/\/sorbetkiwi.fr\/index.php\/a-la-place-du-coeur-darnaud-cathrine\/#primaryimage"},"image":{"@id":"https:\/\/sorbetkiwi.fr\/index.php\/a-la-place-du-coeur-darnaud-cathrine\/#primaryimage"},"thumbnailUrl":"https:\/\/sorbetkiwi.fr\/wp-content\/uploads\/2024\/02\/img_1298-1.jpg","datePublished":"2024-02-26T06:00:00+00:00","description":"Ma chronique de la saga A la place du coeur, les 3 saisons, d'Arnaud Cathrine publi\u00e9 en grand format dans la collection R.","breadcrumb":{"@id":"https:\/\/sorbetkiwi.fr\/index.php\/a-la-place-du-coeur-darnaud-cathrine\/#breadcrumb"},"inLanguage":"fr-FR","potentialAction":[{"@type":"ReadAction","target":["https:\/\/sorbetkiwi.fr\/index.php\/a-la-place-du-coeur-darnaud-cathrine\/"]}]},{"@type":"ImageObject","inLanguage":"fr-FR","@id":"https:\/\/sorbetkiwi.fr\/index.php\/a-la-place-du-coeur-darnaud-cathrine\/#primaryimage","url":"https:\/\/sorbetkiwi.fr\/wp-content\/uploads\/2024\/02\/img_1298-1.jpg","contentUrl":"https:\/\/sorbetkiwi.fr\/wp-content\/uploads\/2024\/02\/img_1298-1.jpg","width":1500,"height":2000,"caption":"A la place du coeur Arnaud Cathrine"},{"@type":"BreadcrumbList","@id":"https:\/\/sorbetkiwi.fr\/index.php\/a-la-place-du-coeur-darnaud-cathrine\/#breadcrumb","itemListElement":[{"@type":"ListItem","position":1,"name":"Accueil","item":"https:\/\/sorbetkiwi.fr\/"},{"@type":"ListItem","position":2,"name":"A la place du coeur d&rsquo;Arnaud Cathrine"}]},{"@type":"WebSite","@id":"https:\/\/sorbetkiwi.fr\/#website","url":"https:\/\/sorbetkiwi.fr\/","name":"Sorbet Kiwi","description":"Des lectures th\u00e9matiques par saison et les avis qui vont avec","publisher":{"@id":"https:\/\/sorbetkiwi.fr\/#organization"},"potentialAction":[{"@type":"SearchAction","target":{"@type":"EntryPoint","urlTemplate":"https:\/\/sorbetkiwi.fr\/?s={search_term_string}"},"query-input":{"@type":"PropertyValueSpecification","valueRequired":true,"valueName":"search_term_string"}}],"inLanguage":"fr-FR"},{"@type":"Organization","@id":"https:\/\/sorbetkiwi.fr\/#organization","name":"Sorbet Kiwi","url":"https:\/\/sorbetkiwi.fr\/","logo":{"@type":"ImageObject","inLanguage":"fr-FR","@id":"https:\/\/sorbetkiwi.fr\/#\/schema\/logo\/image\/","url":"https:\/\/sorbetkiwi.fr\/wp-content\/uploads\/2022\/10\/Banniere-Sorbet-Kiwi-2022.jpg","contentUrl":"https:\/\/sorbetkiwi.fr\/wp-content\/uploads\/2022\/10\/Banniere-Sorbet-Kiwi-2022.jpg","width":814,"height":401,"caption":"Sorbet Kiwi"},"image":{"@id":"https:\/\/sorbetkiwi.fr\/#\/schema\/logo\/image\/"},"sameAs":["https:\/\/www.facebook.com\/profile.php?id=100086238893269","https:\/\/x.com\/pepparshoes","https:\/\/www.instagram.com\/sorbetkiwi\/","https:\/\/www.tiktok.com\/sorbetkiwi"]},{"@type":"Person","@id":"https:\/\/sorbetkiwi.fr\/#\/schema\/person\/ed1b7b527a2957ddc3bf38b076540659","name":"Sorbet-Kiwi","image":{"@type":"ImageObject","inLanguage":"fr-FR","@id":"https:\/\/secure.gravatar.com\/avatar\/86f0a5c27d76317621b9e374d0f3a01d3a85278f10d0c7207ced4fd773057442?s=96&d=mm&r=g","url":"https:\/\/secure.gravatar.com\/avatar\/86f0a5c27d76317621b9e374d0f3a01d3a85278f10d0c7207ced4fd773057442?s=96&d=mm&r=g","contentUrl":"https:\/\/secure.gravatar.com\/avatar\/86f0a5c27d76317621b9e374d0f3a01d3a85278f10d0c7207ced4fd773057442?s=96&d=mm&r=g","caption":"Sorbet-Kiwi"},"sameAs":["http:\/\/sorbetkiwi.fr"],"url":"https:\/\/sorbetkiwi.fr\/index.php\/author\/admin7717\/"}]}},"_links":{"self":[{"href":"https:\/\/sorbetkiwi.fr\/index.php\/wp-json\/wp\/v2\/posts\/5571","targetHints":{"allow":["GET"]}}],"collection":[{"href":"https:\/\/sorbetkiwi.fr\/index.php\/wp-json\/wp\/v2\/posts"}],"about":[{"href":"https:\/\/sorbetkiwi.fr\/index.php\/wp-json\/wp\/v2\/types\/post"}],"author":[{"embeddable":true,"href":"https:\/\/sorbetkiwi.fr\/index.php\/wp-json\/wp\/v2\/users\/1"}],"replies":[{"embeddable":true,"href":"https:\/\/sorbetkiwi.fr\/index.php\/wp-json\/wp\/v2\/comments?post=5571"}],"version-history":[{"count":11,"href":"https:\/\/sorbetkiwi.fr\/index.php\/wp-json\/wp\/v2\/posts\/5571\/revisions"}],"predecessor-version":[{"id":5583,"href":"https:\/\/sorbetkiwi.fr\/index.php\/wp-json\/wp\/v2\/posts\/5571\/revisions\/5583"}],"wp:featuredmedia":[{"embeddable":true,"href":"https:\/\/sorbetkiwi.fr\/index.php\/wp-json\/wp\/v2\/media\/5572"}],"wp:attachment":[{"href":"https:\/\/sorbetkiwi.fr\/index.php\/wp-json\/wp\/v2\/media?parent=5571"}],"wp:term":[{"taxonomy":"category","embeddable":true,"href":"https:\/\/sorbetkiwi.fr\/index.php\/wp-json\/wp\/v2\/categories?post=5571"},{"taxonomy":"post_tag","embeddable":true,"href":"https:\/\/sorbetkiwi.fr\/index.php\/wp-json\/wp\/v2\/tags?post=5571"}],"curies":[{"name":"wp","href":"https:\/\/api.w.org\/{rel}","templated":true}]}}