{"id":5479,"date":"2024-04-16T16:41:33","date_gmt":"2024-04-16T14:41:33","guid":{"rendered":"https:\/\/sorbetkiwi.fr\/?p=5479"},"modified":"2024-04-16T16:41:35","modified_gmt":"2024-04-16T14:41:35","slug":"perpendiculaire-au-soleil-de-valentine-cuny-le-callet","status":"publish","type":"post","link":"https:\/\/sorbetkiwi.fr\/index.php\/perpendiculaire-au-soleil-de-valentine-cuny-le-callet\/","title":{"rendered":"Perpendiculaire au soleil de Valentine Cuny-Le Callet"},"content":{"rendered":"\t\t<div data-elementor-type=\"wp-post\" data-elementor-id=\"5479\" class=\"elementor elementor-5479\">\n\t\t\t\t\t\t<section class=\"elementor-section elementor-top-section elementor-element elementor-element-28f65b81 elementor-section-boxed elementor-section-height-default elementor-section-height-default\" data-id=\"28f65b81\" data-element_type=\"section\" data-e-type=\"section\">\n\t\t\t\t\t\t<div class=\"elementor-container elementor-column-gap-default\">\n\t\t\t\t\t<div class=\"elementor-column elementor-col-100 elementor-top-column elementor-element elementor-element-3525b067\" data-id=\"3525b067\" data-element_type=\"column\" data-e-type=\"column\">\n\t\t\t<div class=\"elementor-widget-wrap elementor-element-populated\">\n\t\t\t\t\t\t<div class=\"elementor-element elementor-element-62ffaa34 elementor-widget elementor-widget-heading\" data-id=\"62ffaa34\" data-element_type=\"widget\" data-e-type=\"widget\" data-widget_type=\"heading.default\">\n\t\t\t\t<div class=\"elementor-widget-container\">\n\t\t\t\t\t<h1 class=\"elementor-heading-title elementor-size-medium\">Perpendiculaire au soleil Valentine Cuny Le Callet<\/h1>\t\t\t\t<\/div>\n\t\t\t\t<\/div>\n\t\t\t\t<div class=\"elementor-element elementor-element-62f6dabd elementor-view-default elementor-widget elementor-widget-icon\" data-id=\"62f6dabd\" data-element_type=\"widget\" data-e-type=\"widget\" data-widget_type=\"icon.default\">\n\t\t\t\t<div class=\"elementor-widget-container\">\n\t\t\t\t\t\t\t<div class=\"elementor-icon-wrapper\">\n\t\t\t<div class=\"elementor-icon\">\n\t\t\t<i aria-hidden=\"true\" class=\"fab fa-pagelines\"><\/i>\t\t\t<\/div>\n\t\t<\/div>\n\t\t\t\t\t\t<\/div>\n\t\t\t\t<\/div>\n\t\t\t\t<div class=\"elementor-element elementor-element-6f068ad8 elementor-widget-divider--view-line elementor-widget elementor-widget-divider\" data-id=\"6f068ad8\" data-element_type=\"widget\" data-e-type=\"widget\" data-widget_type=\"divider.default\">\n\t\t\t\t<div class=\"elementor-widget-container\">\n\t\t\t\t\t\t\t<div class=\"elementor-divider\">\n\t\t\t<span class=\"elementor-divider-separator\">\n\t\t\t\t\t\t<\/span>\n\t\t<\/div>\n\t\t\t\t\t\t<\/div>\n\t\t\t\t<\/div>\n\t\t\t\t<div class=\"elementor-element elementor-element-3c3a4868 elementor-widget elementor-widget-heading\" data-id=\"3c3a4868\" data-element_type=\"widget\" data-e-type=\"widget\" data-widget_type=\"heading.default\">\n\t\t\t\t<div class=\"elementor-widget-container\">\n\t\t\t\t\t<h2 class=\"elementor-heading-title elementor-size-medium\">R\u00e9sum\u00e9<\/h2>\t\t\t\t<\/div>\n\t\t\t\t<\/div>\n\t\t\t\t<div class=\"elementor-element elementor-element-2e7f00d8 elementor-widget elementor-widget-text-editor\" data-id=\"2e7f00d8\" data-element_type=\"widget\" data-e-type=\"widget\" data-widget_type=\"text-editor.default\">\n\t\t\t\t<div class=\"elementor-widget-container\">\n\t\t\t\t\t\t\t\t\t<p>\u00c0 19 ans, Valentine Cuny-Le Callet entame une correspondance avec Renaldo McGirth, un condamn\u00e9 \u00e0 mort am\u00e9ricain. Au fil de leurs \u00e9changes, nait un projet de r\u00e9cit graphique d&rsquo;une intense \u00e9motion.<br \/><br \/>Au travail au crayon et en gravure sur bois, se m\u00ealent des images singuli\u00e8res, color\u00e9es, qui parlent de la beaut\u00e9 du monde, qui ont vu le jour dans des conditions extr\u00eames. T\u00e9moignage bouleversant sur une amiti\u00e9 naissante, ce r\u00e9cit se penche sur la brutalit\u00e9 du syst\u00e8me carc\u00e9ral, et la t\u00e9nacit\u00e9 avec laquelle les condamn\u00e9s reconstruisent leur vie, depuis une cellule de cinq m\u00e8tres carr\u00e9s.<\/p>\t\t\t\t\t\t\t\t<\/div>\n\t\t\t\t<\/div>\n\t\t\t\t<div class=\"elementor-element elementor-element-2ae37200 elementor-widget-divider--view-line elementor-widget elementor-widget-divider\" data-id=\"2ae37200\" data-element_type=\"widget\" data-e-type=\"widget\" data-widget_type=\"divider.default\">\n\t\t\t\t<div class=\"elementor-widget-container\">\n\t\t\t\t\t\t\t<div class=\"elementor-divider\">\n\t\t\t<span class=\"elementor-divider-separator\">\n\t\t\t\t\t\t<\/span>\n\t\t<\/div>\n\t\t\t\t\t\t<\/div>\n\t\t\t\t<\/div>\n\t\t\t\t<div class=\"elementor-element elementor-element-72702e2e elementor-widget elementor-widget-heading\" data-id=\"72702e2e\" data-element_type=\"widget\" data-e-type=\"widget\" data-widget_type=\"heading.default\">\n\t\t\t\t<div class=\"elementor-widget-container\">\n\t\t\t\t\t<h2 class=\"elementor-heading-title elementor-size-medium\">Ma note<\/h2>\t\t\t\t<\/div>\n\t\t\t\t<\/div>\n\t\t\t\t<div class=\"elementor-element elementor-element-1ec2289 elementor-star-rating--align-center elementor--star-style-star_fontawesome elementor-widget elementor-widget-star-rating\" data-id=\"1ec2289\" data-element_type=\"widget\" data-e-type=\"widget\" data-widget_type=\"star-rating.default\">\n\t\t\t\t<div class=\"elementor-widget-container\">\n\t\t\t\t\t\t\t<div class=\"elementor-star-rating__wrapper\">\n\t\t\t\t\t\t<div class=\"elementor-star-rating\" itemtype=\"http:\/\/schema.org\/Rating\" itemscope=\"\" itemprop=\"reviewRating\">\n\t\t\t\t<i class=\"elementor-star-full\" aria-hidden=\"true\">&#xE934;<\/i><i class=\"elementor-star-full\" aria-hidden=\"true\">&#xE934;<\/i><i class=\"elementor-star-full\" aria-hidden=\"true\">&#xE934;<\/i><i class=\"elementor-star-empty\" aria-hidden=\"true\">&#xE934;<\/i><i class=\"elementor-star-empty\" aria-hidden=\"true\">&#xE934;<\/i>\t\t\t\t<span itemprop=\"ratingValue\" class=\"elementor-screen-only\">Not\u00e9 3 sur 5<\/span>\n\t\t\t<\/div>\n\t\t<\/div>\n\t\t\t\t\t\t<\/div>\n\t\t\t\t<\/div>\n\t\t\t\t<div class=\"elementor-element elementor-element-1f1e163b elementor-widget-divider--view-line elementor-widget elementor-widget-divider\" data-id=\"1f1e163b\" data-element_type=\"widget\" data-e-type=\"widget\" data-widget_type=\"divider.default\">\n\t\t\t\t<div class=\"elementor-widget-container\">\n\t\t\t\t\t\t\t<div class=\"elementor-divider\">\n\t\t\t<span class=\"elementor-divider-separator\">\n\t\t\t\t\t\t<\/span>\n\t\t<\/div>\n\t\t\t\t\t\t<\/div>\n\t\t\t\t<\/div>\n\t\t\t\t<div class=\"elementor-element elementor-element-78f13512 elementor-widget elementor-widget-heading\" data-id=\"78f13512\" data-element_type=\"widget\" data-e-type=\"widget\" data-widget_type=\"heading.default\">\n\t\t\t\t<div class=\"elementor-widget-container\">\n\t\t\t\t\t<h2 class=\"elementor-heading-title elementor-size-medium\">Une BD sur le syst\u00e8me carc\u00e9ral<\/h2>\t\t\t\t<\/div>\n\t\t\t\t<\/div>\n\t\t\t\t<div class=\"elementor-element elementor-element-6cf08433 elementor-widget elementor-widget-text-editor\" data-id=\"6cf08433\" data-element_type=\"widget\" data-e-type=\"widget\" data-widget_type=\"text-editor.default\">\n\t\t\t\t<div class=\"elementor-widget-container\">\n\t\t\t\t\t\t\t\t\t<p>Encore une BD lue dans le cadre du <a href=\"https:\/\/www.livraddict.com\/prix-livraddict\/2023\/\">Prix Livraddict 2023<\/a> ! Je l&rsquo;admets, je ne me serai pas tourn\u00e9e dessus, la couverture ne m&rsquo;attirant pas du tout dans son style noire et blanc en gravure. Mais si je n&rsquo;avais lu que le r\u00e9sum\u00e9, c&rsquo;est une certitude : je me serai lanc\u00e9e. Parce que j&rsquo;ai lu <a href=\"https:\/\/sorbetkiwi.fr\/index.php\/la-prison-est-elle-obsolete-de-angela-davis\/\">La prison est-elle obsol\u00e8te<\/a>, et que j&rsquo;ai vu <a href=\"https:\/\/youtu.be\/krfcq5pF8u8?si=ZBqu3IGvR8wFum55\">Le 13\u00e8me<\/a>. Je regarde aussi d&rsquo;autres documentaires sur le syst\u00e8me carc\u00e9ral dans le monde, et la discrimination en son sein. Alors forc\u00e9ment, le th\u00e8me parle ! Je trouve simplement que la couverture ne d\u00e9voile rien de tout cela. En tous cas, j&rsquo;ai trouv\u00e9 l&rsquo;approche de l&rsquo;autrice courageuse et louable au moment de me lancer dans Perpendiculaire au soleil.\u00a0<\/p>\t\t\t\t\t\t\t\t<\/div>\n\t\t\t\t<\/div>\n\t\t\t\t<div class=\"elementor-element elementor-element-40ca4eaf elementor-widget-divider--view-line elementor-widget elementor-widget-divider\" data-id=\"40ca4eaf\" data-element_type=\"widget\" data-e-type=\"widget\" data-widget_type=\"divider.default\">\n\t\t\t\t<div class=\"elementor-widget-container\">\n\t\t\t\t\t\t\t<div class=\"elementor-divider\">\n\t\t\t<span class=\"elementor-divider-separator\">\n\t\t\t\t\t\t<\/span>\n\t\t<\/div>\n\t\t\t\t\t\t<\/div>\n\t\t\t\t<\/div>\n\t\t\t\t<div class=\"elementor-element elementor-element-448991ee elementor-widget elementor-widget-heading\" data-id=\"448991ee\" data-element_type=\"widget\" data-e-type=\"widget\" data-widget_type=\"heading.default\">\n\t\t\t\t<div class=\"elementor-widget-container\">\n\t\t\t\t\t<h4 class=\"elementor-heading-title elementor-size-medium\">\"Je respire encore...<br>\nun instant \u00e0 la fois...<br>\net toujours perpendiculaire au soleil.\"<\/h4>\t\t\t\t<\/div>\n\t\t\t\t<\/div>\n\t\t\t\t<div class=\"elementor-element elementor-element-2bfc963d elementor-widget-divider--view-line elementor-widget elementor-widget-divider\" data-id=\"2bfc963d\" data-element_type=\"widget\" data-e-type=\"widget\" data-widget_type=\"divider.default\">\n\t\t\t\t<div class=\"elementor-widget-container\">\n\t\t\t\t\t\t\t<div class=\"elementor-divider\">\n\t\t\t<span class=\"elementor-divider-separator\">\n\t\t\t\t\t\t<\/span>\n\t\t<\/div>\n\t\t\t\t\t\t<\/div>\n\t\t\t\t<\/div>\n\t\t\t\t<div class=\"elementor-element elementor-element-15fedd16 elementor-widget elementor-widget-heading\" data-id=\"15fedd16\" data-element_type=\"widget\" data-e-type=\"widget\" data-widget_type=\"heading.default\">\n\t\t\t\t<div class=\"elementor-widget-container\">\n\t\t\t\t\t<h2 class=\"elementor-heading-title elementor-size-medium\">Un style tr\u00e8s particulier<\/h2>\t\t\t\t<\/div>\n\t\t\t\t<\/div>\n\t\t\t\t<div class=\"elementor-element elementor-element-389b8af5 elementor-widget elementor-widget-text-editor\" data-id=\"389b8af5\" data-element_type=\"widget\" data-e-type=\"widget\" data-widget_type=\"text-editor.default\">\n\t\t\t\t<div class=\"elementor-widget-container\">\n\t\t\t\t\t\t\t\t\t<p>Ce qui est fou, c&rsquo;est que la couverture ne m&rsquo;a pas bott\u00e9, mais d\u00e9s que je l&rsquo;ai ouvert, j&rsquo;ai appr\u00e9ci\u00e9. Je crois que c&rsquo;est parce qu&rsquo;une fois que l&rsquo;on ouvre la BD, les couleurs sont invers\u00e9es par rapport \u00e0 la couverture. Le fond est blanc et le dessin noir. Et j&rsquo;y ai \u00e9t\u00e9 beaucoup plus sensible. Cela se confirme plus tard, puisque le style alterne entre les deux fonds et \u00e0 chaque fois que c&rsquo;\u00e9tait tout noir, cela me plaisait moins. C&rsquo;est \u00e9videmment personnel !\u00a0<\/p><p>Mais globalement, on ne peut que souligner le travail de titan de l&rsquo;autrice. Elle reproduit, \u00e0 l&rsquo;aide de son crayon, des photos, des images trouv\u00e9es en ligne, mais surtout des lettres. Les lettres qu&rsquo;elle \u00e9change avec Renaldo McGrith et qu&rsquo;elle illustre avec beaucoup de beaut\u00e9. \u00a0Et de temps en temps, au milieu de tout ce noir et blanc, de la couleur. Elle irradie nos sens.\u00a0<\/p>\t\t\t\t\t\t\t\t<\/div>\n\t\t\t\t<\/div>\n\t\t\t\t<div class=\"elementor-element elementor-element-4d96355b elementor-widget-divider--view-line elementor-widget elementor-widget-divider\" data-id=\"4d96355b\" data-element_type=\"widget\" data-e-type=\"widget\" data-widget_type=\"divider.default\">\n\t\t\t\t<div class=\"elementor-widget-container\">\n\t\t\t\t\t\t\t<div class=\"elementor-divider\">\n\t\t\t<span class=\"elementor-divider-separator\">\n\t\t\t\t\t\t<\/span>\n\t\t<\/div>\n\t\t\t\t\t\t<\/div>\n\t\t\t\t<\/div>\n\t\t\t\t<div class=\"elementor-element elementor-element-4d4b45b1 elementor-widget elementor-widget-heading\" data-id=\"4d4b45b1\" data-element_type=\"widget\" data-e-type=\"widget\" data-widget_type=\"heading.default\">\n\t\t\t\t<div class=\"elementor-widget-container\">\n\t\t\t\t\t<h2 class=\"elementor-heading-title elementor-size-medium\">Une oppression intime<\/h2>\t\t\t\t<\/div>\n\t\t\t\t<\/div>\n\t\t\t\t<div class=\"elementor-element elementor-element-736d157e elementor-widget elementor-widget-text-editor\" data-id=\"736d157e\" data-element_type=\"widget\" data-e-type=\"widget\" data-widget_type=\"text-editor.default\">\n\t\t\t\t<div class=\"elementor-widget-container\">\n\t\t\t\t\t\t\t\t\t<p>Et puis&#8230; a un moment donn\u00e9 Valentine nous explique son processus cr\u00e9atif. Et tout prend sens. C&rsquo;est fou comme notre sensibilit\u00e9 change une fois qu&rsquo;on comprend. Et finalement, n&rsquo;est-ce pas le but ultime de ce texte ? Comprendre un \u00eatre humain ? Non pas excuser son potentiel geste. Ou justifier son histoire. Juste&#8230; r\u00e9humaniser une personne d\u00e9j\u00e0 condamn\u00e9e. Cela m&rsquo;a forc\u00e9ment beaucoup questionn\u00e9e. Mais Renaldo \u00e9tant une personne racis\u00e9e, l&rsquo;autrice d\u00e9construit aussi l&rsquo;art raciste avec beaucoup de justesse.\u00a0<\/p><p>Et puis enfin, j&rsquo;aimerais vous parler de l&rsquo;ambiance contenue dans la BD. Elle est tr\u00e8s particuli\u00e8re, elle flotte dans l&rsquo;air qui nous entoure. Il est rare qu&rsquo;une BD me fasse cet effet-l\u00e0. Mais Perpendiculaire au soleil y est parvenu. C&rsquo;\u00e9tait comme si, moi aussi, j&rsquo;\u00e9tais entour\u00e9e de murs de b\u00e9tons. Rien que pour cela, je la consid\u00e8re comme r\u00e9ussi. Cela dit, je l&rsquo;ai trouv\u00e9 long. Je comprends le besoin de l&rsquo;autrice de tout retranscrire, mais pour moi, c&rsquo;\u00e9tait tr\u00e8s, voir trop intime, peut-\u00eatre ? Mais une plong\u00e9e importante dans le syst\u00e8me carc\u00e9ral des USA tout de m\u00eame.\u00a0<\/p>\t\t\t\t\t\t\t\t<\/div>\n\t\t\t\t<\/div>\n\t\t\t\t\t<\/div>\n\t\t<\/div>\n\t\t\t\t\t<\/div>\n\t\t<\/section>\n\t\t\t\t<\/div>\n\t\t","protected":false},"excerpt":{"rendered":"<p>Perpendiculaire au soleil Valentine Cuny Le Callet R\u00e9sum\u00e9 \u00c0 19 ans, Valentine Cuny-Le Callet entame une correspondance avec Renaldo McGirth, un condamn\u00e9 \u00e0 mort am\u00e9ricain. Au fil de leurs \u00e9changes, nait un projet de r\u00e9cit &hellip; <\/p>\n","protected":false},"author":1,"featured_media":5480,"comment_status":"open","ping_status":"open","sticky":false,"template":"","format":"standard","meta":{"footnotes":""},"categories":[7,13,1],"tags":[80,79,197,1505,1504,1503],"class_list":["post-5479","post","type-post","status-publish","format-standard","has-post-thumbnail","hentry","category-benevolat","category-le-printemps","category-tout-le-blog","tag-bande-dessinee","tag-bd","tag-editions-delcourt","tag-encrages","tag-perpendiculaire-au-soleil","tag-valentine-cuny-le-callet","has-single-img"],"yoast_head":"<!-- This site is optimized with the Yoast SEO plugin v27.4 - https:\/\/yoast.com\/product\/yoast-seo-wordpress\/ -->\n<title>Perpendiculaire au soleil de Valentine Cuny-Le Callet - Sorbet Kiwi<\/title>\n<meta name=\"description\" content=\"Ma chronique de Perpendiculaire au soleil, une BD de Valentine Cuny-Le Callet aux \u00e9ditions Delcourt \/ Encrages.\" \/>\n<meta name=\"robots\" content=\"index, follow, max-snippet:-1, max-image-preview:large, max-video-preview:-1\" \/>\n<link rel=\"canonical\" href=\"https:\/\/sorbetkiwi.fr\/index.php\/perpendiculaire-au-soleil-de-valentine-cuny-le-callet\/\" \/>\n<meta property=\"og:locale\" content=\"fr_FR\" \/>\n<meta property=\"og:type\" content=\"article\" \/>\n<meta property=\"og:title\" content=\"Perpendiculaire au soleil de Valentine Cuny-Le Callet - Sorbet Kiwi\" \/>\n<meta property=\"og:description\" content=\"Ma chronique de Perpendiculaire au soleil, une BD de Valentine Cuny-Le Callet aux \u00e9ditions Delcourt \/ Encrages.\" \/>\n<meta property=\"og:url\" content=\"https:\/\/sorbetkiwi.fr\/index.php\/perpendiculaire-au-soleil-de-valentine-cuny-le-callet\/\" \/>\n<meta property=\"og:site_name\" content=\"Sorbet Kiwi\" \/>\n<meta property=\"article:publisher\" content=\"https:\/\/www.facebook.com\/profile.php?id=100086238893269\" \/>\n<meta property=\"article:published_time\" content=\"2024-04-16T14:41:33+00:00\" \/>\n<meta property=\"article:modified_time\" content=\"2024-04-16T14:41:35+00:00\" \/>\n<meta property=\"og:image\" content=\"https:\/\/sorbetkiwi.fr\/wp-content\/uploads\/2024\/02\/Perpendiculaire-au-soleil-1-scaled.jpg\" \/>\n\t<meta property=\"og:image:width\" content=\"1920\" \/>\n\t<meta property=\"og:image:height\" content=\"2560\" \/>\n\t<meta property=\"og:image:type\" content=\"image\/jpeg\" \/>\n<meta name=\"author\" content=\"Sorbet-Kiwi\" \/>\n<meta name=\"twitter:card\" content=\"summary_large_image\" \/>\n<meta name=\"twitter:creator\" content=\"@pepparshoes\" \/>\n<meta name=\"twitter:site\" content=\"@pepparshoes\" \/>\n<meta name=\"twitter:label1\" content=\"\u00c9crit par\" \/>\n\t<meta name=\"twitter:data1\" content=\"Sorbet-Kiwi\" \/>\n\t<meta name=\"twitter:label2\" content=\"Dur\u00e9e de lecture estim\u00e9e\" \/>\n\t<meta name=\"twitter:data2\" content=\"4 minutes\" \/>\n<script type=\"application\/ld+json\" class=\"yoast-schema-graph\">{\"@context\":\"https:\\\/\\\/schema.org\",\"@graph\":[{\"@type\":\"Article\",\"@id\":\"https:\\\/\\\/sorbetkiwi.fr\\\/index.php\\\/perpendiculaire-au-soleil-de-valentine-cuny-le-callet\\\/#article\",\"isPartOf\":{\"@id\":\"https:\\\/\\\/sorbetkiwi.fr\\\/index.php\\\/perpendiculaire-au-soleil-de-valentine-cuny-le-callet\\\/\"},\"author\":{\"name\":\"Sorbet-Kiwi\",\"@id\":\"https:\\\/\\\/sorbetkiwi.fr\\\/#\\\/schema\\\/person\\\/ed1b7b527a2957ddc3bf38b076540659\"},\"headline\":\"Perpendiculaire au soleil de Valentine Cuny-Le Callet\",\"datePublished\":\"2024-04-16T14:41:33+00:00\",\"dateModified\":\"2024-04-16T14:41:35+00:00\",\"mainEntityOfPage\":{\"@id\":\"https:\\\/\\\/sorbetkiwi.fr\\\/index.php\\\/perpendiculaire-au-soleil-de-valentine-cuny-le-callet\\\/\"},\"wordCount\":666,\"commentCount\":2,\"publisher\":{\"@id\":\"https:\\\/\\\/sorbetkiwi.fr\\\/#organization\"},\"image\":{\"@id\":\"https:\\\/\\\/sorbetkiwi.fr\\\/index.php\\\/perpendiculaire-au-soleil-de-valentine-cuny-le-callet\\\/#primaryimage\"},\"thumbnailUrl\":\"https:\\\/\\\/sorbetkiwi.fr\\\/wp-content\\\/uploads\\\/2024\\\/02\\\/Perpendiculaire-au-soleil-1-scaled.jpg\",\"keywords\":[\"Bande dessin\u00e9e\",\"BD\",\"Editions Delcourt\",\"Encrages\",\"Perpendiculaire au soleil\",\"Valentine Cuny-Le Callet\"],\"articleSection\":[\"B\u00e9n\u00e9volat\",\"Le printemps\",\"Tout le blog\"],\"inLanguage\":\"fr-FR\",\"potentialAction\":[{\"@type\":\"CommentAction\",\"name\":\"Comment\",\"target\":[\"https:\\\/\\\/sorbetkiwi.fr\\\/index.php\\\/perpendiculaire-au-soleil-de-valentine-cuny-le-callet\\\/#respond\"]}]},{\"@type\":\"WebPage\",\"@id\":\"https:\\\/\\\/sorbetkiwi.fr\\\/index.php\\\/perpendiculaire-au-soleil-de-valentine-cuny-le-callet\\\/\",\"url\":\"https:\\\/\\\/sorbetkiwi.fr\\\/index.php\\\/perpendiculaire-au-soleil-de-valentine-cuny-le-callet\\\/\",\"name\":\"Perpendiculaire au soleil de Valentine Cuny-Le Callet - Sorbet Kiwi\",\"isPartOf\":{\"@id\":\"https:\\\/\\\/sorbetkiwi.fr\\\/#website\"},\"primaryImageOfPage\":{\"@id\":\"https:\\\/\\\/sorbetkiwi.fr\\\/index.php\\\/perpendiculaire-au-soleil-de-valentine-cuny-le-callet\\\/#primaryimage\"},\"image\":{\"@id\":\"https:\\\/\\\/sorbetkiwi.fr\\\/index.php\\\/perpendiculaire-au-soleil-de-valentine-cuny-le-callet\\\/#primaryimage\"},\"thumbnailUrl\":\"https:\\\/\\\/sorbetkiwi.fr\\\/wp-content\\\/uploads\\\/2024\\\/02\\\/Perpendiculaire-au-soleil-1-scaled.jpg\",\"datePublished\":\"2024-04-16T14:41:33+00:00\",\"dateModified\":\"2024-04-16T14:41:35+00:00\",\"description\":\"Ma chronique de Perpendiculaire au soleil, une BD de Valentine Cuny-Le Callet aux \u00e9ditions Delcourt \\\/ Encrages.\",\"breadcrumb\":{\"@id\":\"https:\\\/\\\/sorbetkiwi.fr\\\/index.php\\\/perpendiculaire-au-soleil-de-valentine-cuny-le-callet\\\/#breadcrumb\"},\"inLanguage\":\"fr-FR\",\"potentialAction\":[{\"@type\":\"ReadAction\",\"target\":[\"https:\\\/\\\/sorbetkiwi.fr\\\/index.php\\\/perpendiculaire-au-soleil-de-valentine-cuny-le-callet\\\/\"]}]},{\"@type\":\"ImageObject\",\"inLanguage\":\"fr-FR\",\"@id\":\"https:\\\/\\\/sorbetkiwi.fr\\\/index.php\\\/perpendiculaire-au-soleil-de-valentine-cuny-le-callet\\\/#primaryimage\",\"url\":\"https:\\\/\\\/sorbetkiwi.fr\\\/wp-content\\\/uploads\\\/2024\\\/02\\\/Perpendiculaire-au-soleil-1-scaled.jpg\",\"contentUrl\":\"https:\\\/\\\/sorbetkiwi.fr\\\/wp-content\\\/uploads\\\/2024\\\/02\\\/Perpendiculaire-au-soleil-1-scaled.jpg\",\"width\":1920,\"height\":2560,\"caption\":\"Perpendiculaire au soleil Valentine Cuny Le Callet\"},{\"@type\":\"BreadcrumbList\",\"@id\":\"https:\\\/\\\/sorbetkiwi.fr\\\/index.php\\\/perpendiculaire-au-soleil-de-valentine-cuny-le-callet\\\/#breadcrumb\",\"itemListElement\":[{\"@type\":\"ListItem\",\"position\":1,\"name\":\"Accueil\",\"item\":\"https:\\\/\\\/sorbetkiwi.fr\\\/\"},{\"@type\":\"ListItem\",\"position\":2,\"name\":\"Perpendiculaire au soleil de Valentine Cuny-Le Callet\"}]},{\"@type\":\"WebSite\",\"@id\":\"https:\\\/\\\/sorbetkiwi.fr\\\/#website\",\"url\":\"https:\\\/\\\/sorbetkiwi.fr\\\/\",\"name\":\"Sorbet Kiwi\",\"description\":\"Des lectures th\u00e9matiques par saison et les avis qui vont avec\",\"publisher\":{\"@id\":\"https:\\\/\\\/sorbetkiwi.fr\\\/#organization\"},\"potentialAction\":[{\"@type\":\"SearchAction\",\"target\":{\"@type\":\"EntryPoint\",\"urlTemplate\":\"https:\\\/\\\/sorbetkiwi.fr\\\/?s={search_term_string}\"},\"query-input\":{\"@type\":\"PropertyValueSpecification\",\"valueRequired\":true,\"valueName\":\"search_term_string\"}}],\"inLanguage\":\"fr-FR\"},{\"@type\":\"Organization\",\"@id\":\"https:\\\/\\\/sorbetkiwi.fr\\\/#organization\",\"name\":\"Sorbet Kiwi\",\"url\":\"https:\\\/\\\/sorbetkiwi.fr\\\/\",\"logo\":{\"@type\":\"ImageObject\",\"inLanguage\":\"fr-FR\",\"@id\":\"https:\\\/\\\/sorbetkiwi.fr\\\/#\\\/schema\\\/logo\\\/image\\\/\",\"url\":\"https:\\\/\\\/sorbetkiwi.fr\\\/wp-content\\\/uploads\\\/2022\\\/10\\\/Banniere-Sorbet-Kiwi-2022.jpg\",\"contentUrl\":\"https:\\\/\\\/sorbetkiwi.fr\\\/wp-content\\\/uploads\\\/2022\\\/10\\\/Banniere-Sorbet-Kiwi-2022.jpg\",\"width\":814,\"height\":401,\"caption\":\"Sorbet Kiwi\"},\"image\":{\"@id\":\"https:\\\/\\\/sorbetkiwi.fr\\\/#\\\/schema\\\/logo\\\/image\\\/\"},\"sameAs\":[\"https:\\\/\\\/www.facebook.com\\\/profile.php?id=100086238893269\",\"https:\\\/\\\/x.com\\\/pepparshoes\",\"https:\\\/\\\/www.instagram.com\\\/sorbetkiwi\\\/\",\"https:\\\/\\\/www.tiktok.com\\\/sorbetkiwi\"]},{\"@type\":\"Person\",\"@id\":\"https:\\\/\\\/sorbetkiwi.fr\\\/#\\\/schema\\\/person\\\/ed1b7b527a2957ddc3bf38b076540659\",\"name\":\"Sorbet-Kiwi\",\"image\":{\"@type\":\"ImageObject\",\"inLanguage\":\"fr-FR\",\"@id\":\"https:\\\/\\\/secure.gravatar.com\\\/avatar\\\/86f0a5c27d76317621b9e374d0f3a01d3a85278f10d0c7207ced4fd773057442?s=96&d=mm&r=g\",\"url\":\"https:\\\/\\\/secure.gravatar.com\\\/avatar\\\/86f0a5c27d76317621b9e374d0f3a01d3a85278f10d0c7207ced4fd773057442?s=96&d=mm&r=g\",\"contentUrl\":\"https:\\\/\\\/secure.gravatar.com\\\/avatar\\\/86f0a5c27d76317621b9e374d0f3a01d3a85278f10d0c7207ced4fd773057442?s=96&d=mm&r=g\",\"caption\":\"Sorbet-Kiwi\"},\"sameAs\":[\"http:\\\/\\\/sorbetkiwi.fr\"],\"url\":\"https:\\\/\\\/sorbetkiwi.fr\\\/index.php\\\/author\\\/admin7717\\\/\"}]}<\/script>\n<!-- \/ Yoast SEO plugin. -->","yoast_head_json":{"title":"Perpendiculaire au soleil de Valentine Cuny-Le Callet - Sorbet Kiwi","description":"Ma chronique de Perpendiculaire au soleil, une BD de Valentine Cuny-Le Callet aux \u00e9ditions Delcourt \/ Encrages.","robots":{"index":"index","follow":"follow","max-snippet":"max-snippet:-1","max-image-preview":"max-image-preview:large","max-video-preview":"max-video-preview:-1"},"canonical":"https:\/\/sorbetkiwi.fr\/index.php\/perpendiculaire-au-soleil-de-valentine-cuny-le-callet\/","og_locale":"fr_FR","og_type":"article","og_title":"Perpendiculaire au soleil de Valentine Cuny-Le Callet - Sorbet Kiwi","og_description":"Ma chronique de Perpendiculaire au soleil, une BD de Valentine Cuny-Le Callet aux \u00e9ditions Delcourt \/ Encrages.","og_url":"https:\/\/sorbetkiwi.fr\/index.php\/perpendiculaire-au-soleil-de-valentine-cuny-le-callet\/","og_site_name":"Sorbet Kiwi","article_publisher":"https:\/\/www.facebook.com\/profile.php?id=100086238893269","article_published_time":"2024-04-16T14:41:33+00:00","article_modified_time":"2024-04-16T14:41:35+00:00","og_image":[{"width":1920,"height":2560,"url":"https:\/\/sorbetkiwi.fr\/wp-content\/uploads\/2024\/02\/Perpendiculaire-au-soleil-1-scaled.jpg","type":"image\/jpeg"}],"author":"Sorbet-Kiwi","twitter_card":"summary_large_image","twitter_creator":"@pepparshoes","twitter_site":"@pepparshoes","twitter_misc":{"\u00c9crit par":"Sorbet-Kiwi","Dur\u00e9e de lecture estim\u00e9e":"4 minutes"},"schema":{"@context":"https:\/\/schema.org","@graph":[{"@type":"Article","@id":"https:\/\/sorbetkiwi.fr\/index.php\/perpendiculaire-au-soleil-de-valentine-cuny-le-callet\/#article","isPartOf":{"@id":"https:\/\/sorbetkiwi.fr\/index.php\/perpendiculaire-au-soleil-de-valentine-cuny-le-callet\/"},"author":{"name":"Sorbet-Kiwi","@id":"https:\/\/sorbetkiwi.fr\/#\/schema\/person\/ed1b7b527a2957ddc3bf38b076540659"},"headline":"Perpendiculaire au soleil de Valentine Cuny-Le Callet","datePublished":"2024-04-16T14:41:33+00:00","dateModified":"2024-04-16T14:41:35+00:00","mainEntityOfPage":{"@id":"https:\/\/sorbetkiwi.fr\/index.php\/perpendiculaire-au-soleil-de-valentine-cuny-le-callet\/"},"wordCount":666,"commentCount":2,"publisher":{"@id":"https:\/\/sorbetkiwi.fr\/#organization"},"image":{"@id":"https:\/\/sorbetkiwi.fr\/index.php\/perpendiculaire-au-soleil-de-valentine-cuny-le-callet\/#primaryimage"},"thumbnailUrl":"https:\/\/sorbetkiwi.fr\/wp-content\/uploads\/2024\/02\/Perpendiculaire-au-soleil-1-scaled.jpg","keywords":["Bande dessin\u00e9e","BD","Editions Delcourt","Encrages","Perpendiculaire au soleil","Valentine Cuny-Le Callet"],"articleSection":["B\u00e9n\u00e9volat","Le printemps","Tout le blog"],"inLanguage":"fr-FR","potentialAction":[{"@type":"CommentAction","name":"Comment","target":["https:\/\/sorbetkiwi.fr\/index.php\/perpendiculaire-au-soleil-de-valentine-cuny-le-callet\/#respond"]}]},{"@type":"WebPage","@id":"https:\/\/sorbetkiwi.fr\/index.php\/perpendiculaire-au-soleil-de-valentine-cuny-le-callet\/","url":"https:\/\/sorbetkiwi.fr\/index.php\/perpendiculaire-au-soleil-de-valentine-cuny-le-callet\/","name":"Perpendiculaire au soleil de Valentine Cuny-Le Callet - Sorbet Kiwi","isPartOf":{"@id":"https:\/\/sorbetkiwi.fr\/#website"},"primaryImageOfPage":{"@id":"https:\/\/sorbetkiwi.fr\/index.php\/perpendiculaire-au-soleil-de-valentine-cuny-le-callet\/#primaryimage"},"image":{"@id":"https:\/\/sorbetkiwi.fr\/index.php\/perpendiculaire-au-soleil-de-valentine-cuny-le-callet\/#primaryimage"},"thumbnailUrl":"https:\/\/sorbetkiwi.fr\/wp-content\/uploads\/2024\/02\/Perpendiculaire-au-soleil-1-scaled.jpg","datePublished":"2024-04-16T14:41:33+00:00","dateModified":"2024-04-16T14:41:35+00:00","description":"Ma chronique de Perpendiculaire au soleil, une BD de Valentine Cuny-Le Callet aux \u00e9ditions Delcourt \/ Encrages.","breadcrumb":{"@id":"https:\/\/sorbetkiwi.fr\/index.php\/perpendiculaire-au-soleil-de-valentine-cuny-le-callet\/#breadcrumb"},"inLanguage":"fr-FR","potentialAction":[{"@type":"ReadAction","target":["https:\/\/sorbetkiwi.fr\/index.php\/perpendiculaire-au-soleil-de-valentine-cuny-le-callet\/"]}]},{"@type":"ImageObject","inLanguage":"fr-FR","@id":"https:\/\/sorbetkiwi.fr\/index.php\/perpendiculaire-au-soleil-de-valentine-cuny-le-callet\/#primaryimage","url":"https:\/\/sorbetkiwi.fr\/wp-content\/uploads\/2024\/02\/Perpendiculaire-au-soleil-1-scaled.jpg","contentUrl":"https:\/\/sorbetkiwi.fr\/wp-content\/uploads\/2024\/02\/Perpendiculaire-au-soleil-1-scaled.jpg","width":1920,"height":2560,"caption":"Perpendiculaire au soleil Valentine Cuny Le Callet"},{"@type":"BreadcrumbList","@id":"https:\/\/sorbetkiwi.fr\/index.php\/perpendiculaire-au-soleil-de-valentine-cuny-le-callet\/#breadcrumb","itemListElement":[{"@type":"ListItem","position":1,"name":"Accueil","item":"https:\/\/sorbetkiwi.fr\/"},{"@type":"ListItem","position":2,"name":"Perpendiculaire au soleil de Valentine Cuny-Le Callet"}]},{"@type":"WebSite","@id":"https:\/\/sorbetkiwi.fr\/#website","url":"https:\/\/sorbetkiwi.fr\/","name":"Sorbet Kiwi","description":"Des lectures th\u00e9matiques par saison et les avis qui vont avec","publisher":{"@id":"https:\/\/sorbetkiwi.fr\/#organization"},"potentialAction":[{"@type":"SearchAction","target":{"@type":"EntryPoint","urlTemplate":"https:\/\/sorbetkiwi.fr\/?s={search_term_string}"},"query-input":{"@type":"PropertyValueSpecification","valueRequired":true,"valueName":"search_term_string"}}],"inLanguage":"fr-FR"},{"@type":"Organization","@id":"https:\/\/sorbetkiwi.fr\/#organization","name":"Sorbet Kiwi","url":"https:\/\/sorbetkiwi.fr\/","logo":{"@type":"ImageObject","inLanguage":"fr-FR","@id":"https:\/\/sorbetkiwi.fr\/#\/schema\/logo\/image\/","url":"https:\/\/sorbetkiwi.fr\/wp-content\/uploads\/2022\/10\/Banniere-Sorbet-Kiwi-2022.jpg","contentUrl":"https:\/\/sorbetkiwi.fr\/wp-content\/uploads\/2022\/10\/Banniere-Sorbet-Kiwi-2022.jpg","width":814,"height":401,"caption":"Sorbet Kiwi"},"image":{"@id":"https:\/\/sorbetkiwi.fr\/#\/schema\/logo\/image\/"},"sameAs":["https:\/\/www.facebook.com\/profile.php?id=100086238893269","https:\/\/x.com\/pepparshoes","https:\/\/www.instagram.com\/sorbetkiwi\/","https:\/\/www.tiktok.com\/sorbetkiwi"]},{"@type":"Person","@id":"https:\/\/sorbetkiwi.fr\/#\/schema\/person\/ed1b7b527a2957ddc3bf38b076540659","name":"Sorbet-Kiwi","image":{"@type":"ImageObject","inLanguage":"fr-FR","@id":"https:\/\/secure.gravatar.com\/avatar\/86f0a5c27d76317621b9e374d0f3a01d3a85278f10d0c7207ced4fd773057442?s=96&d=mm&r=g","url":"https:\/\/secure.gravatar.com\/avatar\/86f0a5c27d76317621b9e374d0f3a01d3a85278f10d0c7207ced4fd773057442?s=96&d=mm&r=g","contentUrl":"https:\/\/secure.gravatar.com\/avatar\/86f0a5c27d76317621b9e374d0f3a01d3a85278f10d0c7207ced4fd773057442?s=96&d=mm&r=g","caption":"Sorbet-Kiwi"},"sameAs":["http:\/\/sorbetkiwi.fr"],"url":"https:\/\/sorbetkiwi.fr\/index.php\/author\/admin7717\/"}]}},"_links":{"self":[{"href":"https:\/\/sorbetkiwi.fr\/index.php\/wp-json\/wp\/v2\/posts\/5479","targetHints":{"allow":["GET"]}}],"collection":[{"href":"https:\/\/sorbetkiwi.fr\/index.php\/wp-json\/wp\/v2\/posts"}],"about":[{"href":"https:\/\/sorbetkiwi.fr\/index.php\/wp-json\/wp\/v2\/types\/post"}],"author":[{"embeddable":true,"href":"https:\/\/sorbetkiwi.fr\/index.php\/wp-json\/wp\/v2\/users\/1"}],"replies":[{"embeddable":true,"href":"https:\/\/sorbetkiwi.fr\/index.php\/wp-json\/wp\/v2\/comments?post=5479"}],"version-history":[{"count":17,"href":"https:\/\/sorbetkiwi.fr\/index.php\/wp-json\/wp\/v2\/posts\/5479\/revisions"}],"predecessor-version":[{"id":6016,"href":"https:\/\/sorbetkiwi.fr\/index.php\/wp-json\/wp\/v2\/posts\/5479\/revisions\/6016"}],"wp:featuredmedia":[{"embeddable":true,"href":"https:\/\/sorbetkiwi.fr\/index.php\/wp-json\/wp\/v2\/media\/5480"}],"wp:attachment":[{"href":"https:\/\/sorbetkiwi.fr\/index.php\/wp-json\/wp\/v2\/media?parent=5479"}],"wp:term":[{"taxonomy":"category","embeddable":true,"href":"https:\/\/sorbetkiwi.fr\/index.php\/wp-json\/wp\/v2\/categories?post=5479"},{"taxonomy":"post_tag","embeddable":true,"href":"https:\/\/sorbetkiwi.fr\/index.php\/wp-json\/wp\/v2\/tags?post=5479"}],"curies":[{"name":"wp","href":"https:\/\/api.w.org\/{rel}","templated":true}]}}