{"id":5180,"date":"2024-01-29T07:00:00","date_gmt":"2024-01-29T06:00:00","guid":{"rendered":"https:\/\/sorbetkiwi.fr\/?p=5180"},"modified":"2024-01-16T17:25:00","modified_gmt":"2024-01-16T16:25:00","slug":"la-prison-est-elle-obsolete-de-angela-davis","status":"publish","type":"post","link":"https:\/\/sorbetkiwi.fr\/index.php\/la-prison-est-elle-obsolete-de-angela-davis\/","title":{"rendered":"La prison est-elle obsol\u00e8te de Angela Davis"},"content":{"rendered":"\t\t<div data-elementor-type=\"wp-post\" data-elementor-id=\"5180\" class=\"elementor elementor-5180\">\n\t\t\t\t\t\t<section class=\"elementor-section elementor-top-section elementor-element elementor-element-508b6966 elementor-section-boxed elementor-section-height-default elementor-section-height-default\" data-id=\"508b6966\" data-element_type=\"section\" data-e-type=\"section\">\n\t\t\t\t\t\t<div class=\"elementor-container elementor-column-gap-default\">\n\t\t\t\t\t<div class=\"elementor-column elementor-col-100 elementor-top-column elementor-element elementor-element-b337d8e\" data-id=\"b337d8e\" data-element_type=\"column\" data-e-type=\"column\">\n\t\t\t<div class=\"elementor-widget-wrap elementor-element-populated\">\n\t\t\t\t\t\t<div class=\"elementor-element elementor-element-4cfd662f elementor-widget elementor-widget-heading\" data-id=\"4cfd662f\" data-element_type=\"widget\" data-e-type=\"widget\" data-widget_type=\"heading.default\">\n\t\t\t\t<div class=\"elementor-widget-container\">\n\t\t\t\t\t<h1 class=\"elementor-heading-title elementor-size-medium\">La prison est-elle obsol\u00e8te Angela Davis<\/h1>\t\t\t\t<\/div>\n\t\t\t\t<\/div>\n\t\t\t\t<div class=\"elementor-element elementor-element-5272d713 elementor-view-default elementor-widget elementor-widget-icon\" data-id=\"5272d713\" data-element_type=\"widget\" data-e-type=\"widget\" data-widget_type=\"icon.default\">\n\t\t\t\t<div class=\"elementor-widget-container\">\n\t\t\t\t\t\t\t<div class=\"elementor-icon-wrapper\">\n\t\t\t<div class=\"elementor-icon\">\n\t\t\t<i aria-hidden=\"true\" class=\"far fa-snowflake\"><\/i>\t\t\t<\/div>\n\t\t<\/div>\n\t\t\t\t\t\t<\/div>\n\t\t\t\t<\/div>\n\t\t\t\t<div class=\"elementor-element elementor-element-7e5062dc elementor-widget-divider--view-line elementor-widget elementor-widget-divider\" data-id=\"7e5062dc\" data-element_type=\"widget\" data-e-type=\"widget\" data-widget_type=\"divider.default\">\n\t\t\t\t<div class=\"elementor-widget-container\">\n\t\t\t\t\t\t\t<div class=\"elementor-divider\">\n\t\t\t<span class=\"elementor-divider-separator\">\n\t\t\t\t\t\t<\/span>\n\t\t<\/div>\n\t\t\t\t\t\t<\/div>\n\t\t\t\t<\/div>\n\t\t\t\t<div class=\"elementor-element elementor-element-3c7d3290 elementor-widget elementor-widget-heading\" data-id=\"3c7d3290\" data-element_type=\"widget\" data-e-type=\"widget\" data-widget_type=\"heading.default\">\n\t\t\t\t<div class=\"elementor-widget-container\">\n\t\t\t\t\t<h2 class=\"elementor-heading-title elementor-size-medium\">R\u00e9sum\u00e9<\/h2>\t\t\t\t<\/div>\n\t\t\t\t<\/div>\n\t\t\t\t<div class=\"elementor-element elementor-element-4ec5bef6 elementor-widget elementor-widget-text-editor\" data-id=\"4ec5bef6\" data-element_type=\"widget\" data-e-type=\"widget\" data-widget_type=\"text-editor.default\">\n\t\t\t\t<div class=\"elementor-widget-container\">\n\t\t\t\t\t\t\t\t\t<p>Comment et pourquoi plus de deux millions d\u2019am\u00e9ricains sont aujourd\u2019hui derri\u00e8re les barreaux ? Comment les entreprises font-elles profit du syst\u00e8me carc\u00e9ral ? Quels sont les m\u00e9canismes qui conduisent \u00e0 criminaliser les communaut\u00e9s de couleur et \u00e0 d\u00e9saffilier politiquement de larges franges d\u2019\u00e9lecteurs dans les minorit\u00e9s ? \u00ab Dans cet essai brillant et parfaitement document\u00e9, Angela Davis pulv\u00e9rise les soubassements racistes et sexistes du syst\u00e8me carc\u00e9ral am\u00e9ricain. Elle n\u2019appelle pas seulement \u00e0 r\u00e9former la prison, mais, radicalement, \u00e0 ouvrir de nouveaux terrains pour la justice. \u00bb Cynthia McKinney<\/p>\t\t\t\t\t\t\t\t<\/div>\n\t\t\t\t<\/div>\n\t\t\t\t<div class=\"elementor-element elementor-element-7febb83 elementor-widget-divider--view-line elementor-widget elementor-widget-divider\" data-id=\"7febb83\" data-element_type=\"widget\" data-e-type=\"widget\" data-widget_type=\"divider.default\">\n\t\t\t\t<div class=\"elementor-widget-container\">\n\t\t\t\t\t\t\t<div class=\"elementor-divider\">\n\t\t\t<span class=\"elementor-divider-separator\">\n\t\t\t\t\t\t<\/span>\n\t\t<\/div>\n\t\t\t\t\t\t<\/div>\n\t\t\t\t<\/div>\n\t\t\t\t<div class=\"elementor-element elementor-element-5efbe93d elementor-widget elementor-widget-heading\" data-id=\"5efbe93d\" data-element_type=\"widget\" data-e-type=\"widget\" data-widget_type=\"heading.default\">\n\t\t\t\t<div class=\"elementor-widget-container\">\n\t\t\t\t\t<h2 class=\"elementor-heading-title elementor-size-medium\">Ma note<\/h2>\t\t\t\t<\/div>\n\t\t\t\t<\/div>\n\t\t\t\t<div class=\"elementor-element elementor-element-2c22abd3 elementor-star-rating--align-center elementor--star-style-star_fontawesome elementor-widget elementor-widget-star-rating\" data-id=\"2c22abd3\" data-element_type=\"widget\" data-e-type=\"widget\" data-widget_type=\"star-rating.default\">\n\t\t\t\t<div class=\"elementor-widget-container\">\n\t\t\t\t\t\t\t<div class=\"elementor-star-rating__wrapper\">\n\t\t\t\t\t\t<div class=\"elementor-star-rating\" itemtype=\"http:\/\/schema.org\/Rating\" itemscope=\"\" itemprop=\"reviewRating\">\n\t\t\t\t<i class=\"elementor-star-full\" aria-hidden=\"true\">&#xE934;<\/i><i class=\"elementor-star-full\" aria-hidden=\"true\">&#xE934;<\/i><i class=\"elementor-star-full\" aria-hidden=\"true\">&#xE934;<\/i><i class=\"elementor-star-full\" aria-hidden=\"true\">&#xE934;<\/i><i class=\"elementor-star-full\" aria-hidden=\"true\">&#xE934;<\/i>\t\t\t\t<span itemprop=\"ratingValue\" class=\"elementor-screen-only\">Not\u00e9 5 sur 5<\/span>\n\t\t\t<\/div>\n\t\t<\/div>\n\t\t\t\t\t\t<\/div>\n\t\t\t\t<\/div>\n\t\t\t\t<div class=\"elementor-element elementor-element-1e169b70 elementor-widget-divider--view-line elementor-widget elementor-widget-divider\" data-id=\"1e169b70\" data-element_type=\"widget\" data-e-type=\"widget\" data-widget_type=\"divider.default\">\n\t\t\t\t<div class=\"elementor-widget-container\">\n\t\t\t\t\t\t\t<div class=\"elementor-divider\">\n\t\t\t<span class=\"elementor-divider-separator\">\n\t\t\t\t\t\t<\/span>\n\t\t<\/div>\n\t\t\t\t\t\t<\/div>\n\t\t\t\t<\/div>\n\t\t\t\t<div class=\"elementor-element elementor-element-3a80ade4 elementor-widget elementor-widget-heading\" data-id=\"3a80ade4\" data-element_type=\"widget\" data-e-type=\"widget\" data-widget_type=\"heading.default\">\n\t\t\t\t<div class=\"elementor-widget-container\">\n\t\t\t\t\t<h2 class=\"elementor-heading-title elementor-size-medium\">L'Axe Historique<\/h2>\t\t\t\t<\/div>\n\t\t\t\t<\/div>\n\t\t\t\t<div class=\"elementor-element elementor-element-5dad3331 elementor-widget elementor-widget-text-editor\" data-id=\"5dad3331\" data-element_type=\"widget\" data-e-type=\"widget\" data-widget_type=\"text-editor.default\">\n\t\t\t\t<div class=\"elementor-widget-container\">\n\t\t\t\t\t\t\t\t\t<p>J\u2019ai entendu parler d\u2019Angela Davis pour la premi\u00e8re fois en 2020. Aini, j\u2019ai eu envie de me pencher sur son oeuvre anti-prison, La prison est-elle obsol\u00e8te, l&rsquo;ann\u00e9e suivante. C&rsquo;est une th\u00e9matique que je ne connaissais pas du tout. Me voici en pleine remise en question de ce que je pensais savoir sur le sujet ! Je vais commencer par dire que je ne lis pas souvent <a href=\"https:\/\/sorbetkiwi.fr\/index.php\/tag\/essai\/\">d\u2019essais<\/a>, parce que je les trouve trop souvent inaccessibles. Mais ici, la plume d\u2019Angela Davis est tr\u00e8s fluide. En peu de pages, elle fait clairement passer son message.\u00a0<\/p><p>De son livre, j\u2019ai retenu 3 grandes axes. D\u2019abord, on parle d\u2019Histoire, de l\u2019h\u00e9ritage carc\u00e9ral du 13\u00e8me amendement. J\u2019en avais d\u00e9j\u00e0 entendu parler dans <u>Le 13\u00e8me<\/u> d\u2019Ava DuVernay, que je vous recommande. Angela Davis replace vraiment la position des personnes noires aux USA dans le contexte de la fin de l\u2019esclavagisme. Et d\u2019une parade de la Bible Belt afin de les remettre au travail sans avoir \u00e0 les payer. Retour \u00e0 la case d\u00e9part donc : les cha\u00eenes, avec comme cadre la prison.<\/p>\t\t\t\t\t\t\t\t<\/div>\n\t\t\t\t<\/div>\n\t\t\t\t<div class=\"elementor-element elementor-element-2627599d elementor-widget-divider--view-line elementor-widget elementor-widget-divider\" data-id=\"2627599d\" data-element_type=\"widget\" data-e-type=\"widget\" data-widget_type=\"divider.default\">\n\t\t\t\t<div class=\"elementor-widget-container\">\n\t\t\t\t\t\t\t<div class=\"elementor-divider\">\n\t\t\t<span class=\"elementor-divider-separator\">\n\t\t\t\t\t\t<\/span>\n\t\t<\/div>\n\t\t\t\t\t\t<\/div>\n\t\t\t\t<\/div>\n\t\t\t\t<div class=\"elementor-element elementor-element-4bbb97e0 elementor-widget elementor-widget-heading\" data-id=\"4bbb97e0\" data-element_type=\"widget\" data-e-type=\"widget\" data-widget_type=\"heading.default\">\n\t\t\t\t<div class=\"elementor-widget-container\">\n\t\t\t\t\t<h4 class=\"elementor-heading-title elementor-size-medium\">\u00ab Juste apr\u00e8s la guerre de S\u00e9cession, les Noirs (hommes et femmes) affranchis constituaient un gigantesque vivier de main-d\u2019oeuvre \u00e0 un moment o\u00f9 les propri\u00e9taires de plantation \u2013 et les industriels \u2013 ne pouvaient plus s\u2019appuyer sur l\u2019esclavage comme ils l\u2019avaient fait par le pass\u00e9. Cette main d\u2019oeuvre a \u00e9t\u00e9 rendue progressivement disponible aux acteurs du secteur priv\u00e9 gr\u00e2ce au louage carc\u00e9ral, que nous avons d\u00e9j\u00e0 largement \u00e9voqu\u00e9 ici, et \u00e0 d\u2019autres syst\u00e8mes comme le p\u00e9onage. \u00bb<\/h4>\t\t\t\t<\/div>\n\t\t\t\t<\/div>\n\t\t\t\t<div class=\"elementor-element elementor-element-6b51660 elementor-widget-divider--view-line elementor-widget elementor-widget-divider\" data-id=\"6b51660\" data-element_type=\"widget\" data-e-type=\"widget\" data-widget_type=\"divider.default\">\n\t\t\t\t<div class=\"elementor-widget-container\">\n\t\t\t\t\t\t\t<div class=\"elementor-divider\">\n\t\t\t<span class=\"elementor-divider-separator\">\n\t\t\t\t\t\t<\/span>\n\t\t<\/div>\n\t\t\t\t\t\t<\/div>\n\t\t\t\t<\/div>\n\t\t\t\t<div class=\"elementor-element elementor-element-3b42e8d1 elementor-widget elementor-widget-heading\" data-id=\"3b42e8d1\" data-element_type=\"widget\" data-e-type=\"widget\" data-widget_type=\"heading.default\">\n\t\t\t\t<div class=\"elementor-widget-container\">\n\t\t\t\t\t<h2 class=\"elementor-heading-title elementor-size-medium\">Du f\u00e9minisme<\/h2>\t\t\t\t<\/div>\n\t\t\t\t<\/div>\n\t\t\t\t<div class=\"elementor-element elementor-element-6e5f6d4f elementor-widget elementor-widget-text-editor\" data-id=\"6e5f6d4f\" data-element_type=\"widget\" data-e-type=\"widget\" data-widget_type=\"text-editor.default\">\n\t\t\t\t<div class=\"elementor-widget-container\">\n\t\t\t\t\t\t\t\t\t<p>Elle nous parle aussi de la place des femmes dans les prisons am\u00e9ricaines, notamment des femmes racis\u00e9es. Les violences sexuelles y sont l\u00e9gions, alors que souvent ce sont des femmes qui viennent de milieux o\u00f9 la violence est d\u00e9j\u00e0 pr\u00e9sente. Elles en ont d\u00e9j\u00e0 \u00e9t\u00e9 victimes, mais l\u00e0 on parle de violences accept\u00e9es par la soci\u00e9t\u00e9. Cautionn\u00e9es par le gouvernement. On leur fait comprendre qu\u2019elles sont des personnes sans droits, parce qu\u2019elles ont fait une erreur. Sachant que les statistiques sur les femmes incarc\u00e9r\u00e9es pour s\u2019\u00eatre d\u00e9fendues contre un homme violent ne sont pas claires.<\/p>\t\t\t\t\t\t\t\t<\/div>\n\t\t\t\t<\/div>\n\t\t\t\t<div class=\"elementor-element elementor-element-3792dc12 elementor-widget-divider--view-line elementor-widget elementor-widget-divider\" data-id=\"3792dc12\" data-element_type=\"widget\" data-e-type=\"widget\" data-widget_type=\"divider.default\">\n\t\t\t\t<div class=\"elementor-widget-container\">\n\t\t\t\t\t\t\t<div class=\"elementor-divider\">\n\t\t\t<span class=\"elementor-divider-separator\">\n\t\t\t\t\t\t<\/span>\n\t\t<\/div>\n\t\t\t\t\t\t<\/div>\n\t\t\t\t<\/div>\n\t\t\t\t<div class=\"elementor-element elementor-element-40ce8da2 elementor-widget elementor-widget-heading\" data-id=\"40ce8da2\" data-element_type=\"widget\" data-e-type=\"widget\" data-widget_type=\"heading.default\">\n\t\t\t\t<div class=\"elementor-widget-container\">\n\t\t\t\t\t<h2 class=\"elementor-heading-title elementor-size-medium\">Un syst\u00e8me carc\u00e9ral capitaliste<\/h2>\t\t\t\t<\/div>\n\t\t\t\t<\/div>\n\t\t\t\t<div class=\"elementor-element elementor-element-453adcb9 elementor-widget elementor-widget-text-editor\" data-id=\"453adcb9\" data-element_type=\"widget\" data-e-type=\"widget\" data-widget_type=\"text-editor.default\">\n\t\t\t\t<div class=\"elementor-widget-container\">\n\t\t\t\t\t\t\t\t\t<p>Enfin, comment passer d\u2019un syst\u00e8me punitif \u00e0 un syst\u00e8me de r\u00e9habilitation ? La prison moderne est-elle apte \u00e0 faire cela ? Clairement, la r\u00e9ponse d\u2019Angela Davis \u00e0 ces questions est non. Le syst\u00e8me carc\u00e9ral des Etats-Unis (il est important de le pr\u00e9ciser puisque je ne sais pas si c\u2019est \u00e9galement le cas en France) fonctionne sur un principe de rendement. Les prisonniers sont une main d\u2019oeuvre quasiment gratuite pour de grandes entreprises \u00e9tats-uniennes, ce qui leur permet de ne pas d\u00e9localiser puisque cela revient moins cher ! Tant que l\u2019on restera dans ce principe d\u2019industrie carc\u00e9rale, celle-ci n\u2019aura aucun int\u00e9r\u00eat \u00e0 diminuer la population en prison. Elle donne \u00e9galement quelques pistes sur comment faire, mais je ne suis pas forc\u00e9ment d\u2019accord avec toutes, notamment la d\u00e9p\u00e9nalisation de la marijuana. Mais cela devient ensuite un d\u00e9bat plus pr\u00e9cis, dans lequel elle n\u2019entre pas vraiment.<\/p>\n<p>La prison est-elle obsol\u00e8te est un essai tr\u00e8s int\u00e9ressant qui pousse \u00e0 la remise en question du syst\u00e8me carc\u00e9ral des Etats-Unis en particulier, mais questionne le syst\u00e8me dans sa globalit\u00e9. Notamment la place des femmes dans cette institution m\u2019a beaucoup interpell\u00e9. Mais surtout celles des femmes racis\u00e9es, ainsi que les millions qu\u2019engrange le syst\u00e8me. A lire absolument !<\/p>\n<p>Cette chronique a initialement \u00e9t\u00e9 publi\u00e9e sur <a href=\"https:\/\/sorbetkiwi.wordpress.com\/2021\/03\/16\/la-prison-est-elle-obsolete-dangela-davis\/\">mon ancien blog<\/a>.<\/p>\t\t\t\t\t\t\t\t<\/div>\n\t\t\t\t<\/div>\n\t\t\t\t\t<\/div>\n\t\t<\/div>\n\t\t\t\t\t<\/div>\n\t\t<\/section>\n\t\t\t\t<\/div>\n\t\t","protected":false},"excerpt":{"rendered":"<p>La prison est-elle obsol\u00e8te Angela Davis R\u00e9sum\u00e9 Comment et pourquoi plus de deux millions d\u2019am\u00e9ricains sont aujourd\u2019hui derri\u00e8re les barreaux ? Comment les entreprises font-elles profit du syst\u00e8me carc\u00e9ral ? Quels sont les m\u00e9canismes qui &hellip; <\/p>\n","protected":false},"author":1,"featured_media":5181,"comment_status":"open","ping_status":"open","sticky":false,"template":"","format":"standard","meta":{"footnotes":""},"categories":[11,1],"tags":[1416,1417,1415,1418,1419],"class_list":["post-5180","post","type-post","status-publish","format-standard","has-post-thumbnail","hentry","category-hiver","category-tout-le-blog","tag-angela-davis","tag-au-diable-vauvert","tag-incarceration","tag-la-prison-est-elle-obsolete","tag-prison","has-single-img"],"yoast_head":"<!-- This site is optimized with the Yoast SEO plugin v27.4 - https:\/\/yoast.com\/product\/yoast-seo-wordpress\/ -->\n<title>La prison est-elle obsol\u00e8te de Angela Davis - Sorbet Kiwi<\/title>\n<meta name=\"description\" content=\"Ma chronique de l&#039;essai La prison est-elle obsol\u00e8te de l&#039;autrice Angela Davis aux \u00e9ditions au Diable Vauvert.\" \/>\n<meta name=\"robots\" content=\"index, follow, max-snippet:-1, max-image-preview:large, max-video-preview:-1\" \/>\n<link rel=\"canonical\" href=\"https:\/\/sorbetkiwi.fr\/index.php\/la-prison-est-elle-obsolete-de-angela-davis\/\" \/>\n<meta property=\"og:locale\" content=\"fr_FR\" \/>\n<meta property=\"og:type\" content=\"article\" \/>\n<meta property=\"og:title\" content=\"La prison est-elle obsol\u00e8te de Angela Davis - Sorbet Kiwi\" \/>\n<meta property=\"og:description\" content=\"Ma chronique de l&#039;essai La prison est-elle obsol\u00e8te de l&#039;autrice Angela Davis aux \u00e9ditions au Diable Vauvert.\" \/>\n<meta property=\"og:url\" content=\"https:\/\/sorbetkiwi.fr\/index.php\/la-prison-est-elle-obsolete-de-angela-davis\/\" \/>\n<meta property=\"og:site_name\" content=\"Sorbet Kiwi\" \/>\n<meta property=\"article:publisher\" content=\"https:\/\/www.facebook.com\/profile.php?id=100086238893269\" \/>\n<meta property=\"article:published_time\" content=\"2024-01-29T06:00:00+00:00\" \/>\n<meta property=\"og:image\" content=\"https:\/\/sorbetkiwi.fr\/wp-content\/uploads\/2024\/01\/La-prison-est-elle-obsolete-Angela-Davis-928x1024.png\" \/>\n\t<meta property=\"og:image:width\" content=\"928\" \/>\n\t<meta property=\"og:image:height\" content=\"1024\" \/>\n\t<meta property=\"og:image:type\" content=\"image\/png\" \/>\n<meta name=\"author\" content=\"Sorbet-Kiwi\" \/>\n<meta name=\"twitter:card\" content=\"summary_large_image\" \/>\n<meta name=\"twitter:creator\" content=\"@pepparshoes\" \/>\n<meta name=\"twitter:site\" content=\"@pepparshoes\" \/>\n<meta name=\"twitter:label1\" content=\"\u00c9crit par\" \/>\n\t<meta name=\"twitter:data1\" content=\"Sorbet-Kiwi\" \/>\n\t<meta name=\"twitter:label2\" content=\"Dur\u00e9e de lecture estim\u00e9e\" \/>\n\t<meta name=\"twitter:data2\" content=\"4 minutes\" \/>\n<script type=\"application\/ld+json\" class=\"yoast-schema-graph\">{\"@context\":\"https:\\\/\\\/schema.org\",\"@graph\":[{\"@type\":\"Article\",\"@id\":\"https:\\\/\\\/sorbetkiwi.fr\\\/index.php\\\/la-prison-est-elle-obsolete-de-angela-davis\\\/#article\",\"isPartOf\":{\"@id\":\"https:\\\/\\\/sorbetkiwi.fr\\\/index.php\\\/la-prison-est-elle-obsolete-de-angela-davis\\\/\"},\"author\":{\"name\":\"Sorbet-Kiwi\",\"@id\":\"https:\\\/\\\/sorbetkiwi.fr\\\/#\\\/schema\\\/person\\\/ed1b7b527a2957ddc3bf38b076540659\"},\"headline\":\"La prison est-elle obsol\u00e8te de Angela Davis\",\"datePublished\":\"2024-01-29T06:00:00+00:00\",\"mainEntityOfPage\":{\"@id\":\"https:\\\/\\\/sorbetkiwi.fr\\\/index.php\\\/la-prison-est-elle-obsolete-de-angela-davis\\\/\"},\"wordCount\":761,\"commentCount\":3,\"publisher\":{\"@id\":\"https:\\\/\\\/sorbetkiwi.fr\\\/#organization\"},\"image\":{\"@id\":\"https:\\\/\\\/sorbetkiwi.fr\\\/index.php\\\/la-prison-est-elle-obsolete-de-angela-davis\\\/#primaryimage\"},\"thumbnailUrl\":\"https:\\\/\\\/sorbetkiwi.fr\\\/wp-content\\\/uploads\\\/2024\\\/01\\\/La-prison-est-elle-obsolete-Angela-Davis.png\",\"keywords\":[\"Angela Davis\",\"Au diable vauvert\",\"incarc\u00e9ration\",\"La prison est-elle obsol\u00e8te ?\",\"Prison\"],\"articleSection\":[\"Hiver\",\"Tout le blog\"],\"inLanguage\":\"fr-FR\",\"potentialAction\":[{\"@type\":\"CommentAction\",\"name\":\"Comment\",\"target\":[\"https:\\\/\\\/sorbetkiwi.fr\\\/index.php\\\/la-prison-est-elle-obsolete-de-angela-davis\\\/#respond\"]}]},{\"@type\":\"WebPage\",\"@id\":\"https:\\\/\\\/sorbetkiwi.fr\\\/index.php\\\/la-prison-est-elle-obsolete-de-angela-davis\\\/\",\"url\":\"https:\\\/\\\/sorbetkiwi.fr\\\/index.php\\\/la-prison-est-elle-obsolete-de-angela-davis\\\/\",\"name\":\"La prison est-elle obsol\u00e8te de Angela Davis - Sorbet Kiwi\",\"isPartOf\":{\"@id\":\"https:\\\/\\\/sorbetkiwi.fr\\\/#website\"},\"primaryImageOfPage\":{\"@id\":\"https:\\\/\\\/sorbetkiwi.fr\\\/index.php\\\/la-prison-est-elle-obsolete-de-angela-davis\\\/#primaryimage\"},\"image\":{\"@id\":\"https:\\\/\\\/sorbetkiwi.fr\\\/index.php\\\/la-prison-est-elle-obsolete-de-angela-davis\\\/#primaryimage\"},\"thumbnailUrl\":\"https:\\\/\\\/sorbetkiwi.fr\\\/wp-content\\\/uploads\\\/2024\\\/01\\\/La-prison-est-elle-obsolete-Angela-Davis.png\",\"datePublished\":\"2024-01-29T06:00:00+00:00\",\"description\":\"Ma chronique de l'essai La prison est-elle obsol\u00e8te de l'autrice Angela Davis aux \u00e9ditions au Diable Vauvert.\",\"breadcrumb\":{\"@id\":\"https:\\\/\\\/sorbetkiwi.fr\\\/index.php\\\/la-prison-est-elle-obsolete-de-angela-davis\\\/#breadcrumb\"},\"inLanguage\":\"fr-FR\",\"potentialAction\":[{\"@type\":\"ReadAction\",\"target\":[\"https:\\\/\\\/sorbetkiwi.fr\\\/index.php\\\/la-prison-est-elle-obsolete-de-angela-davis\\\/\"]}]},{\"@type\":\"ImageObject\",\"inLanguage\":\"fr-FR\",\"@id\":\"https:\\\/\\\/sorbetkiwi.fr\\\/index.php\\\/la-prison-est-elle-obsolete-de-angela-davis\\\/#primaryimage\",\"url\":\"https:\\\/\\\/sorbetkiwi.fr\\\/wp-content\\\/uploads\\\/2024\\\/01\\\/La-prison-est-elle-obsolete-Angela-Davis.png\",\"contentUrl\":\"https:\\\/\\\/sorbetkiwi.fr\\\/wp-content\\\/uploads\\\/2024\\\/01\\\/La-prison-est-elle-obsolete-Angela-Davis.png\",\"width\":1058,\"height\":1168,\"caption\":\"La prison est-elle obsol\u00e8te Angela Davis\"},{\"@type\":\"BreadcrumbList\",\"@id\":\"https:\\\/\\\/sorbetkiwi.fr\\\/index.php\\\/la-prison-est-elle-obsolete-de-angela-davis\\\/#breadcrumb\",\"itemListElement\":[{\"@type\":\"ListItem\",\"position\":1,\"name\":\"Accueil\",\"item\":\"https:\\\/\\\/sorbetkiwi.fr\\\/\"},{\"@type\":\"ListItem\",\"position\":2,\"name\":\"La prison est-elle obsol\u00e8te de Angela Davis\"}]},{\"@type\":\"WebSite\",\"@id\":\"https:\\\/\\\/sorbetkiwi.fr\\\/#website\",\"url\":\"https:\\\/\\\/sorbetkiwi.fr\\\/\",\"name\":\"Sorbet Kiwi\",\"description\":\"Des lectures th\u00e9matiques par saison et les avis qui vont avec\",\"publisher\":{\"@id\":\"https:\\\/\\\/sorbetkiwi.fr\\\/#organization\"},\"potentialAction\":[{\"@type\":\"SearchAction\",\"target\":{\"@type\":\"EntryPoint\",\"urlTemplate\":\"https:\\\/\\\/sorbetkiwi.fr\\\/?s={search_term_string}\"},\"query-input\":{\"@type\":\"PropertyValueSpecification\",\"valueRequired\":true,\"valueName\":\"search_term_string\"}}],\"inLanguage\":\"fr-FR\"},{\"@type\":\"Organization\",\"@id\":\"https:\\\/\\\/sorbetkiwi.fr\\\/#organization\",\"name\":\"Sorbet Kiwi\",\"url\":\"https:\\\/\\\/sorbetkiwi.fr\\\/\",\"logo\":{\"@type\":\"ImageObject\",\"inLanguage\":\"fr-FR\",\"@id\":\"https:\\\/\\\/sorbetkiwi.fr\\\/#\\\/schema\\\/logo\\\/image\\\/\",\"url\":\"https:\\\/\\\/sorbetkiwi.fr\\\/wp-content\\\/uploads\\\/2022\\\/10\\\/Banniere-Sorbet-Kiwi-2022.jpg\",\"contentUrl\":\"https:\\\/\\\/sorbetkiwi.fr\\\/wp-content\\\/uploads\\\/2022\\\/10\\\/Banniere-Sorbet-Kiwi-2022.jpg\",\"width\":814,\"height\":401,\"caption\":\"Sorbet Kiwi\"},\"image\":{\"@id\":\"https:\\\/\\\/sorbetkiwi.fr\\\/#\\\/schema\\\/logo\\\/image\\\/\"},\"sameAs\":[\"https:\\\/\\\/www.facebook.com\\\/profile.php?id=100086238893269\",\"https:\\\/\\\/x.com\\\/pepparshoes\",\"https:\\\/\\\/www.instagram.com\\\/sorbetkiwi\\\/\",\"https:\\\/\\\/www.tiktok.com\\\/sorbetkiwi\"]},{\"@type\":\"Person\",\"@id\":\"https:\\\/\\\/sorbetkiwi.fr\\\/#\\\/schema\\\/person\\\/ed1b7b527a2957ddc3bf38b076540659\",\"name\":\"Sorbet-Kiwi\",\"image\":{\"@type\":\"ImageObject\",\"inLanguage\":\"fr-FR\",\"@id\":\"https:\\\/\\\/secure.gravatar.com\\\/avatar\\\/86f0a5c27d76317621b9e374d0f3a01d3a85278f10d0c7207ced4fd773057442?s=96&d=mm&r=g\",\"url\":\"https:\\\/\\\/secure.gravatar.com\\\/avatar\\\/86f0a5c27d76317621b9e374d0f3a01d3a85278f10d0c7207ced4fd773057442?s=96&d=mm&r=g\",\"contentUrl\":\"https:\\\/\\\/secure.gravatar.com\\\/avatar\\\/86f0a5c27d76317621b9e374d0f3a01d3a85278f10d0c7207ced4fd773057442?s=96&d=mm&r=g\",\"caption\":\"Sorbet-Kiwi\"},\"sameAs\":[\"http:\\\/\\\/sorbetkiwi.fr\"],\"url\":\"https:\\\/\\\/sorbetkiwi.fr\\\/index.php\\\/author\\\/admin7717\\\/\"}]}<\/script>\n<!-- \/ Yoast SEO plugin. -->","yoast_head_json":{"title":"La prison est-elle obsol\u00e8te de Angela Davis - Sorbet Kiwi","description":"Ma chronique de l'essai La prison est-elle obsol\u00e8te de l'autrice Angela Davis aux \u00e9ditions au Diable Vauvert.","robots":{"index":"index","follow":"follow","max-snippet":"max-snippet:-1","max-image-preview":"max-image-preview:large","max-video-preview":"max-video-preview:-1"},"canonical":"https:\/\/sorbetkiwi.fr\/index.php\/la-prison-est-elle-obsolete-de-angela-davis\/","og_locale":"fr_FR","og_type":"article","og_title":"La prison est-elle obsol\u00e8te de Angela Davis - Sorbet Kiwi","og_description":"Ma chronique de l'essai La prison est-elle obsol\u00e8te de l'autrice Angela Davis aux \u00e9ditions au Diable Vauvert.","og_url":"https:\/\/sorbetkiwi.fr\/index.php\/la-prison-est-elle-obsolete-de-angela-davis\/","og_site_name":"Sorbet Kiwi","article_publisher":"https:\/\/www.facebook.com\/profile.php?id=100086238893269","article_published_time":"2024-01-29T06:00:00+00:00","og_image":[{"width":928,"height":1024,"url":"https:\/\/sorbetkiwi.fr\/wp-content\/uploads\/2024\/01\/La-prison-est-elle-obsolete-Angela-Davis-928x1024.png","type":"image\/png"}],"author":"Sorbet-Kiwi","twitter_card":"summary_large_image","twitter_creator":"@pepparshoes","twitter_site":"@pepparshoes","twitter_misc":{"\u00c9crit par":"Sorbet-Kiwi","Dur\u00e9e de lecture estim\u00e9e":"4 minutes"},"schema":{"@context":"https:\/\/schema.org","@graph":[{"@type":"Article","@id":"https:\/\/sorbetkiwi.fr\/index.php\/la-prison-est-elle-obsolete-de-angela-davis\/#article","isPartOf":{"@id":"https:\/\/sorbetkiwi.fr\/index.php\/la-prison-est-elle-obsolete-de-angela-davis\/"},"author":{"name":"Sorbet-Kiwi","@id":"https:\/\/sorbetkiwi.fr\/#\/schema\/person\/ed1b7b527a2957ddc3bf38b076540659"},"headline":"La prison est-elle obsol\u00e8te de Angela Davis","datePublished":"2024-01-29T06:00:00+00:00","mainEntityOfPage":{"@id":"https:\/\/sorbetkiwi.fr\/index.php\/la-prison-est-elle-obsolete-de-angela-davis\/"},"wordCount":761,"commentCount":3,"publisher":{"@id":"https:\/\/sorbetkiwi.fr\/#organization"},"image":{"@id":"https:\/\/sorbetkiwi.fr\/index.php\/la-prison-est-elle-obsolete-de-angela-davis\/#primaryimage"},"thumbnailUrl":"https:\/\/sorbetkiwi.fr\/wp-content\/uploads\/2024\/01\/La-prison-est-elle-obsolete-Angela-Davis.png","keywords":["Angela Davis","Au diable vauvert","incarc\u00e9ration","La prison est-elle obsol\u00e8te ?","Prison"],"articleSection":["Hiver","Tout le blog"],"inLanguage":"fr-FR","potentialAction":[{"@type":"CommentAction","name":"Comment","target":["https:\/\/sorbetkiwi.fr\/index.php\/la-prison-est-elle-obsolete-de-angela-davis\/#respond"]}]},{"@type":"WebPage","@id":"https:\/\/sorbetkiwi.fr\/index.php\/la-prison-est-elle-obsolete-de-angela-davis\/","url":"https:\/\/sorbetkiwi.fr\/index.php\/la-prison-est-elle-obsolete-de-angela-davis\/","name":"La prison est-elle obsol\u00e8te de Angela Davis - Sorbet Kiwi","isPartOf":{"@id":"https:\/\/sorbetkiwi.fr\/#website"},"primaryImageOfPage":{"@id":"https:\/\/sorbetkiwi.fr\/index.php\/la-prison-est-elle-obsolete-de-angela-davis\/#primaryimage"},"image":{"@id":"https:\/\/sorbetkiwi.fr\/index.php\/la-prison-est-elle-obsolete-de-angela-davis\/#primaryimage"},"thumbnailUrl":"https:\/\/sorbetkiwi.fr\/wp-content\/uploads\/2024\/01\/La-prison-est-elle-obsolete-Angela-Davis.png","datePublished":"2024-01-29T06:00:00+00:00","description":"Ma chronique de l'essai La prison est-elle obsol\u00e8te de l'autrice Angela Davis aux \u00e9ditions au Diable Vauvert.","breadcrumb":{"@id":"https:\/\/sorbetkiwi.fr\/index.php\/la-prison-est-elle-obsolete-de-angela-davis\/#breadcrumb"},"inLanguage":"fr-FR","potentialAction":[{"@type":"ReadAction","target":["https:\/\/sorbetkiwi.fr\/index.php\/la-prison-est-elle-obsolete-de-angela-davis\/"]}]},{"@type":"ImageObject","inLanguage":"fr-FR","@id":"https:\/\/sorbetkiwi.fr\/index.php\/la-prison-est-elle-obsolete-de-angela-davis\/#primaryimage","url":"https:\/\/sorbetkiwi.fr\/wp-content\/uploads\/2024\/01\/La-prison-est-elle-obsolete-Angela-Davis.png","contentUrl":"https:\/\/sorbetkiwi.fr\/wp-content\/uploads\/2024\/01\/La-prison-est-elle-obsolete-Angela-Davis.png","width":1058,"height":1168,"caption":"La prison est-elle obsol\u00e8te Angela Davis"},{"@type":"BreadcrumbList","@id":"https:\/\/sorbetkiwi.fr\/index.php\/la-prison-est-elle-obsolete-de-angela-davis\/#breadcrumb","itemListElement":[{"@type":"ListItem","position":1,"name":"Accueil","item":"https:\/\/sorbetkiwi.fr\/"},{"@type":"ListItem","position":2,"name":"La prison est-elle obsol\u00e8te de Angela Davis"}]},{"@type":"WebSite","@id":"https:\/\/sorbetkiwi.fr\/#website","url":"https:\/\/sorbetkiwi.fr\/","name":"Sorbet Kiwi","description":"Des lectures th\u00e9matiques par saison et les avis qui vont avec","publisher":{"@id":"https:\/\/sorbetkiwi.fr\/#organization"},"potentialAction":[{"@type":"SearchAction","target":{"@type":"EntryPoint","urlTemplate":"https:\/\/sorbetkiwi.fr\/?s={search_term_string}"},"query-input":{"@type":"PropertyValueSpecification","valueRequired":true,"valueName":"search_term_string"}}],"inLanguage":"fr-FR"},{"@type":"Organization","@id":"https:\/\/sorbetkiwi.fr\/#organization","name":"Sorbet Kiwi","url":"https:\/\/sorbetkiwi.fr\/","logo":{"@type":"ImageObject","inLanguage":"fr-FR","@id":"https:\/\/sorbetkiwi.fr\/#\/schema\/logo\/image\/","url":"https:\/\/sorbetkiwi.fr\/wp-content\/uploads\/2022\/10\/Banniere-Sorbet-Kiwi-2022.jpg","contentUrl":"https:\/\/sorbetkiwi.fr\/wp-content\/uploads\/2022\/10\/Banniere-Sorbet-Kiwi-2022.jpg","width":814,"height":401,"caption":"Sorbet Kiwi"},"image":{"@id":"https:\/\/sorbetkiwi.fr\/#\/schema\/logo\/image\/"},"sameAs":["https:\/\/www.facebook.com\/profile.php?id=100086238893269","https:\/\/x.com\/pepparshoes","https:\/\/www.instagram.com\/sorbetkiwi\/","https:\/\/www.tiktok.com\/sorbetkiwi"]},{"@type":"Person","@id":"https:\/\/sorbetkiwi.fr\/#\/schema\/person\/ed1b7b527a2957ddc3bf38b076540659","name":"Sorbet-Kiwi","image":{"@type":"ImageObject","inLanguage":"fr-FR","@id":"https:\/\/secure.gravatar.com\/avatar\/86f0a5c27d76317621b9e374d0f3a01d3a85278f10d0c7207ced4fd773057442?s=96&d=mm&r=g","url":"https:\/\/secure.gravatar.com\/avatar\/86f0a5c27d76317621b9e374d0f3a01d3a85278f10d0c7207ced4fd773057442?s=96&d=mm&r=g","contentUrl":"https:\/\/secure.gravatar.com\/avatar\/86f0a5c27d76317621b9e374d0f3a01d3a85278f10d0c7207ced4fd773057442?s=96&d=mm&r=g","caption":"Sorbet-Kiwi"},"sameAs":["http:\/\/sorbetkiwi.fr"],"url":"https:\/\/sorbetkiwi.fr\/index.php\/author\/admin7717\/"}]}},"_links":{"self":[{"href":"https:\/\/sorbetkiwi.fr\/index.php\/wp-json\/wp\/v2\/posts\/5180","targetHints":{"allow":["GET"]}}],"collection":[{"href":"https:\/\/sorbetkiwi.fr\/index.php\/wp-json\/wp\/v2\/posts"}],"about":[{"href":"https:\/\/sorbetkiwi.fr\/index.php\/wp-json\/wp\/v2\/types\/post"}],"author":[{"embeddable":true,"href":"https:\/\/sorbetkiwi.fr\/index.php\/wp-json\/wp\/v2\/users\/1"}],"replies":[{"embeddable":true,"href":"https:\/\/sorbetkiwi.fr\/index.php\/wp-json\/wp\/v2\/comments?post=5180"}],"version-history":[{"count":5,"href":"https:\/\/sorbetkiwi.fr\/index.php\/wp-json\/wp\/v2\/posts\/5180\/revisions"}],"predecessor-version":[{"id":5186,"href":"https:\/\/sorbetkiwi.fr\/index.php\/wp-json\/wp\/v2\/posts\/5180\/revisions\/5186"}],"wp:featuredmedia":[{"embeddable":true,"href":"https:\/\/sorbetkiwi.fr\/index.php\/wp-json\/wp\/v2\/media\/5181"}],"wp:attachment":[{"href":"https:\/\/sorbetkiwi.fr\/index.php\/wp-json\/wp\/v2\/media?parent=5180"}],"wp:term":[{"taxonomy":"category","embeddable":true,"href":"https:\/\/sorbetkiwi.fr\/index.php\/wp-json\/wp\/v2\/categories?post=5180"},{"taxonomy":"post_tag","embeddable":true,"href":"https:\/\/sorbetkiwi.fr\/index.php\/wp-json\/wp\/v2\/tags?post=5180"}],"curies":[{"name":"wp","href":"https:\/\/api.w.org\/{rel}","templated":true}]}}