{"id":5092,"date":"2024-01-11T07:00:00","date_gmt":"2024-01-11T06:00:00","guid":{"rendered":"https:\/\/sorbetkiwi.fr\/?p=5092"},"modified":"2024-01-07T17:39:51","modified_gmt":"2024-01-07T16:39:51","slug":"les-oublies-du-dimanche-de-valerie-perrin-throwback-thursday","status":"publish","type":"post","link":"https:\/\/sorbetkiwi.fr\/index.php\/les-oublies-du-dimanche-de-valerie-perrin-throwback-thursday\/","title":{"rendered":"Les oubli\u00e9s du dimanche de Val\u00e9rie Perrin &#8211; Throwback Thursday"},"content":{"rendered":"\t\t<div data-elementor-type=\"wp-post\" data-elementor-id=\"5092\" class=\"elementor elementor-5092\">\n\t\t\t\t\t\t<section class=\"elementor-section elementor-top-section elementor-element elementor-element-6fa9fdf6 elementor-section-boxed elementor-section-height-default elementor-section-height-default\" data-id=\"6fa9fdf6\" data-element_type=\"section\" data-e-type=\"section\">\n\t\t\t\t\t\t<div class=\"elementor-container elementor-column-gap-default\">\n\t\t\t\t\t<div class=\"elementor-column elementor-col-100 elementor-top-column elementor-element elementor-element-410447a2\" data-id=\"410447a2\" data-element_type=\"column\" data-e-type=\"column\">\n\t\t\t<div class=\"elementor-widget-wrap elementor-element-populated\">\n\t\t\t\t\t\t<div class=\"elementor-element elementor-element-4efd6e89 elementor-widget elementor-widget-heading\" data-id=\"4efd6e89\" data-element_type=\"widget\" data-e-type=\"widget\" data-widget_type=\"heading.default\">\n\t\t\t\t<div class=\"elementor-widget-container\">\n\t\t\t\t\t<h1 class=\"elementor-heading-title elementor-size-medium\">Les oubli\u00e9s du dimanche Val\u00e9rie Perrin<\/h1>\t\t\t\t<\/div>\n\t\t\t\t<\/div>\n\t\t\t\t<div class=\"elementor-element elementor-element-3b89098 elementor-view-default elementor-widget elementor-widget-icon\" data-id=\"3b89098\" data-element_type=\"widget\" data-e-type=\"widget\" data-widget_type=\"icon.default\">\n\t\t\t\t<div class=\"elementor-widget-container\">\n\t\t\t\t\t\t\t<div class=\"elementor-icon-wrapper\">\n\t\t\t<div class=\"elementor-icon\">\n\t\t\t<i aria-hidden=\"true\" class=\"far fa-snowflake\"><\/i>\t\t\t<\/div>\n\t\t<\/div>\n\t\t\t\t\t\t<\/div>\n\t\t\t\t<\/div>\n\t\t\t\t<div class=\"elementor-element elementor-element-5660536e elementor-widget-divider--view-line elementor-widget elementor-widget-divider\" data-id=\"5660536e\" data-element_type=\"widget\" data-e-type=\"widget\" data-widget_type=\"divider.default\">\n\t\t\t\t<div class=\"elementor-widget-container\">\n\t\t\t\t\t\t\t<div class=\"elementor-divider\">\n\t\t\t<span class=\"elementor-divider-separator\">\n\t\t\t\t\t\t<\/span>\n\t\t<\/div>\n\t\t\t\t\t\t<\/div>\n\t\t\t\t<\/div>\n\t\t\t\t<div class=\"elementor-element elementor-element-2d63d2dd elementor-widget elementor-widget-heading\" data-id=\"2d63d2dd\" data-element_type=\"widget\" data-e-type=\"widget\" data-widget_type=\"heading.default\">\n\t\t\t\t<div class=\"elementor-widget-container\">\n\t\t\t\t\t<h2 class=\"elementor-heading-title elementor-size-medium\">R\u00e9sum\u00e9<\/h2>\t\t\t\t<\/div>\n\t\t\t\t<\/div>\n\t\t\t\t<div class=\"elementor-element elementor-element-25eb42d elementor-widget elementor-widget-text-editor\" data-id=\"25eb42d\" data-element_type=\"widget\" data-e-type=\"widget\" data-widget_type=\"text-editor.default\">\n\t\t\t\t<div class=\"elementor-widget-container\">\n\t\t\t\t\t\t\t\t\t<p>Justine, 21 ans, est aide-soignante dans une maison de retraite o\u00f9 elle se sent bien. Elle vit avec un grand-p\u00e8re taciturne et solitaire, une grand-m\u00e8re peu affectueuse, et son cousin Jules qu\u2019elle consid\u00e8re comme son fr\u00e8re. Marqu\u00e9e par l\u2019accident qui a co\u00fbt\u00e9 la vie \u00e0 ses parents et ceux de Jules, Justine se jette \u00e0 corps perdu dans le travail\u2026 et les histoires des autres, car sa propre histoire lui \u00e9chappe. Mur\u00e9s dans le silence, ses grands-parents refusent d\u2019\u00e9voquer le pass\u00e9. Alors elle se tourne vers ceux qui se souviennent. Ces \u00ab petits vieux \u00bb dont elle aime par-dessus tout \u00e9couter les souvenirs. Et tout particuli\u00e8rement ceux d\u2019H\u00e9l\u00e8ne, sa r\u00e9sidente pr\u00e9f\u00e9r\u00e9e, retranch\u00e9e sur une plage imaginaire de laquelle elle d\u00e9voile, par morceaux, l\u2019histoire de sa vie et d\u2019un amour qui a surv\u00e9cu au malheur et \u00e0 la trahison. Justine passe des heures \u00e0 l\u2019\u00e9couter et consigne son r\u00e9cit dans un cahier bleu. Gr\u00e2ce \u00e0 H\u00e9l\u00e8ne, elle va pouvoir affronter les secrets de sa propre histoire.<\/p>\t\t\t\t\t\t\t\t<\/div>\n\t\t\t\t<\/div>\n\t\t\t\t<div class=\"elementor-element elementor-element-115a8378 elementor-widget-divider--view-line elementor-widget elementor-widget-divider\" data-id=\"115a8378\" data-element_type=\"widget\" data-e-type=\"widget\" data-widget_type=\"divider.default\">\n\t\t\t\t<div class=\"elementor-widget-container\">\n\t\t\t\t\t\t\t<div class=\"elementor-divider\">\n\t\t\t<span class=\"elementor-divider-separator\">\n\t\t\t\t\t\t<\/span>\n\t\t<\/div>\n\t\t\t\t\t\t<\/div>\n\t\t\t\t<\/div>\n\t\t\t\t<div class=\"elementor-element elementor-element-1c0822f8 elementor-widget elementor-widget-heading\" data-id=\"1c0822f8\" data-element_type=\"widget\" data-e-type=\"widget\" data-widget_type=\"heading.default\">\n\t\t\t\t<div class=\"elementor-widget-container\">\n\t\t\t\t\t<h2 class=\"elementor-heading-title elementor-size-medium\">Ma note<\/h2>\t\t\t\t<\/div>\n\t\t\t\t<\/div>\n\t\t\t\t<div class=\"elementor-element elementor-element-10fdc5e8 elementor-star-rating--align-center elementor--star-style-star_fontawesome elementor-widget elementor-widget-star-rating\" data-id=\"10fdc5e8\" data-element_type=\"widget\" data-e-type=\"widget\" data-widget_type=\"star-rating.default\">\n\t\t\t\t<div class=\"elementor-widget-container\">\n\t\t\t\t\t\t\t<div class=\"elementor-star-rating__wrapper\">\n\t\t\t\t\t\t<div class=\"elementor-star-rating\" itemtype=\"http:\/\/schema.org\/Rating\" itemscope=\"\" itemprop=\"reviewRating\">\n\t\t\t\t<i class=\"elementor-star-full\" aria-hidden=\"true\">&#xE934;<\/i><i class=\"elementor-star-full\" aria-hidden=\"true\">&#xE934;<\/i><i class=\"elementor-star-full\" aria-hidden=\"true\">&#xE934;<\/i><i class=\"elementor-star-full\" aria-hidden=\"true\">&#xE934;<\/i><i class=\"elementor-star-full\" aria-hidden=\"true\">&#xE934;<\/i>\t\t\t\t<span itemprop=\"ratingValue\" class=\"elementor-screen-only\">Not\u00e9 5 sur 5<\/span>\n\t\t\t<\/div>\n\t\t<\/div>\n\t\t\t\t\t\t<\/div>\n\t\t\t\t<\/div>\n\t\t\t\t<div class=\"elementor-element elementor-element-39594455 elementor-widget-divider--view-line elementor-widget elementor-widget-divider\" data-id=\"39594455\" data-element_type=\"widget\" data-e-type=\"widget\" data-widget_type=\"divider.default\">\n\t\t\t\t<div class=\"elementor-widget-container\">\n\t\t\t\t\t\t\t<div class=\"elementor-divider\">\n\t\t\t<span class=\"elementor-divider-separator\">\n\t\t\t\t\t\t<\/span>\n\t\t<\/div>\n\t\t\t\t\t\t<\/div>\n\t\t\t\t<\/div>\n\t\t\t\t<div class=\"elementor-element elementor-element-3e577236 elementor-widget elementor-widget-heading\" data-id=\"3e577236\" data-element_type=\"widget\" data-e-type=\"widget\" data-widget_type=\"heading.default\">\n\t\t\t\t<div class=\"elementor-widget-container\">\n\t\t\t\t\t<h2 class=\"elementor-heading-title elementor-size-medium\">Une protagoniste adorable<\/h2>\t\t\t\t<\/div>\n\t\t\t\t<\/div>\n\t\t\t\t<div class=\"elementor-element elementor-element-6534c6c6 elementor-widget elementor-widget-text-editor\" data-id=\"6534c6c6\" data-element_type=\"widget\" data-e-type=\"widget\" data-widget_type=\"text-editor.default\">\n\t\t\t\t<div class=\"elementor-widget-container\">\n\t\t\t\t\t\t\t\t\t<p>Gr\u00e2ce \u00e0 <a href=\"https:\/\/my-bo0ks.over-blog.com\/2020\/06\/throwback-thursday-livresque-recap.html\">Carole<\/a> et son <a href=\"https:\/\/sorbetkiwi.fr\/index.php\/tag\/throwback-thursday\/\">Throwback Thursday<\/a> du jour \u00ab\u00a0One-Shot\u00a0\u00bb, je peux vous transf\u00e9rer mon article du roman Les oubli\u00e9s du dimanche de Val\u00e9rie Perrin. J\u2019ai tout aim\u00e9 dans ce roman, \u00e0 commencer par Justine, la narratrice. Elle est jeune, terre-\u00e0-terre, curieuse, altruiste\u2026 Je me suis beaucoup reconnue en elle, ce qui est dr\u00f4le parce que je suis n\u00e9e tout juste un mois avant elle. Elle aime \u00e9couter les histoires des personnes dont elle s\u2019occupe, et qui l\u2019occupent. Tr\u00e8s tendre, elle ferait tout pour que les gens autour d\u2019elle soit heureuse, mais ne s\u2019emp\u00eachera pas d\u2019assouvir sa soif de curiosit\u00e9. Et elle veut vraiment tout savoir. Une aide soignante comme elle, tout le monde en r\u00eave pour ses grand-parents, parents et pour soi-m\u00eame plus tard. Elle s\u2019int\u00e9resse \u00e0 chacun, \u00e0 ce que les personnes ont \u00e0 dire, et j\u2019ai vraiment ador\u00e9 tout ce que cela implique.<\/p>\t\t\t\t\t\t\t\t<\/div>\n\t\t\t\t<\/div>\n\t\t\t\t<div class=\"elementor-element elementor-element-7f277c48 elementor-widget-divider--view-line elementor-widget elementor-widget-divider\" data-id=\"7f277c48\" data-element_type=\"widget\" data-e-type=\"widget\" data-widget_type=\"divider.default\">\n\t\t\t\t<div class=\"elementor-widget-container\">\n\t\t\t\t\t\t\t<div class=\"elementor-divider\">\n\t\t\t<span class=\"elementor-divider-separator\">\n\t\t\t\t\t\t<\/span>\n\t\t<\/div>\n\t\t\t\t\t\t<\/div>\n\t\t\t\t<\/div>\n\t\t\t\t<div class=\"elementor-element elementor-element-5928c22f elementor-widget elementor-widget-heading\" data-id=\"5928c22f\" data-element_type=\"widget\" data-e-type=\"widget\" data-widget_type=\"heading.default\">\n\t\t\t\t<div class=\"elementor-widget-container\">\n\t\t\t\t\t<h4 class=\"elementor-heading-title elementor-size-medium\">\"La premi\u00e8re fois que Lucien a embrass\u00e9 H\u00e9l\u00e8ne, il a senti un battement d'ailes sous ses l\u00e8vres. J'attends le gar\u00e7on qui sentira le battement d'ailes de mes l\u00e8vres.\"<\/h4>\t\t\t\t<\/div>\n\t\t\t\t<\/div>\n\t\t\t\t<div class=\"elementor-element elementor-element-cefe055 elementor-widget-divider--view-line elementor-widget elementor-widget-divider\" data-id=\"cefe055\" data-element_type=\"widget\" data-e-type=\"widget\" data-widget_type=\"divider.default\">\n\t\t\t\t<div class=\"elementor-widget-container\">\n\t\t\t\t\t\t\t<div class=\"elementor-divider\">\n\t\t\t<span class=\"elementor-divider-separator\">\n\t\t\t\t\t\t<\/span>\n\t\t<\/div>\n\t\t\t\t\t\t<\/div>\n\t\t\t\t<\/div>\n\t\t\t\t<div class=\"elementor-element elementor-element-15f37abf elementor-widget elementor-widget-heading\" data-id=\"15f37abf\" data-element_type=\"widget\" data-e-type=\"widget\" data-widget_type=\"heading.default\">\n\t\t\t\t<div class=\"elementor-widget-container\">\n\t\t\t\t\t<h2 class=\"elementor-heading-title elementor-size-medium\">L'amour dans toute son intensit\u00e9<\/h2>\t\t\t\t<\/div>\n\t\t\t\t<\/div>\n\t\t\t\t<div class=\"elementor-element elementor-element-f77906f elementor-widget elementor-widget-text-editor\" data-id=\"f77906f\" data-element_type=\"widget\" data-e-type=\"widget\" data-widget_type=\"text-editor.default\">\n\t\t\t\t<div class=\"elementor-widget-container\">\n\t\t\t\t\t\t\t\t\t<p>Par ce biais, Val\u00e9rie Perrin nous raconte tant d\u2019histoires. Gr\u00e2ce \u00e0 Justine, \u00e0 sa curiosit\u00e9, \u00e0 son altruisme, \u00e0 son amour d\u2019autrui. Au c\u0153ur de ce roman, les mots nous transportent dans Milly, \u00e0 travers les \u00e9poques. A travers les v\u00e9cus des gens. De la naissance de Lucien jusqu\u2019\u00e0 nos jours, l\u2019amour \u00e0 v\u00e9cu dans cette petite commune de la Manche. On d\u00e9couvre l\u2019amour de Lucien pour H\u00e9l\u00e8ne, l\u2019amour d\u2019H\u00e9l\u00e8ne pour les mots&#8230; Mais aussi l\u2019amour comme un poison, comme un nuisible, par moments. L\u2019amour de Justine pour son m\u00e9tier, pour les gens dont elle s\u2019occupe. Des amours impossibles, des amours d\u00e9\u00e7us, des amours passionn\u00e9s, des amours retrouv\u00e9s. Comment ne pas \u00eatre touch\u00e9 par ces mots qui nous transportent \u00e0 travers les \u00e9motions, que l\u2019on vit avec tous ces personnages ?<\/p>\t\t\t\t\t\t\t\t<\/div>\n\t\t\t\t<\/div>\n\t\t\t\t<div class=\"elementor-element elementor-element-42950673 elementor-widget-divider--view-line elementor-widget elementor-widget-divider\" data-id=\"42950673\" data-element_type=\"widget\" data-e-type=\"widget\" data-widget_type=\"divider.default\">\n\t\t\t\t<div class=\"elementor-widget-container\">\n\t\t\t\t\t\t\t<div class=\"elementor-divider\">\n\t\t\t<span class=\"elementor-divider-separator\">\n\t\t\t\t\t\t<\/span>\n\t\t<\/div>\n\t\t\t\t\t\t<\/div>\n\t\t\t\t<\/div>\n\t\t\t\t<div class=\"elementor-element elementor-element-26ec9c14 elementor-widget elementor-widget-heading\" data-id=\"26ec9c14\" data-element_type=\"widget\" data-e-type=\"widget\" data-widget_type=\"heading.default\">\n\t\t\t\t<div class=\"elementor-widget-container\">\n\t\t\t\t\t<h2 class=\"elementor-heading-title elementor-size-medium\">Des personnages cr\u00e9ateurs de coups de coeur<\/h2>\t\t\t\t<\/div>\n\t\t\t\t<\/div>\n\t\t\t\t<div class=\"elementor-element elementor-element-4b312e26 elementor-widget elementor-widget-text-editor\" data-id=\"4b312e26\" data-element_type=\"widget\" data-e-type=\"widget\" data-widget_type=\"text-editor.default\">\n\t\t\t\t<div class=\"elementor-widget-container\">\n\t\t\t\t\t\t\t\t\t<p>Parce que des personnages, il y en a. Tous plus touchants, plus attachants les uns que les autres. M\u00eame Edna, bless\u00e9e qu\u2019elle est, ou Armand, dans sa froideur. Tous nous touchent d\u2019une fa\u00e7on ou d\u2019une autre, car aucun d\u2019entre eux n\u2019est laiss\u00e9 de c\u00f4t\u00e9. Chacun est abouti et a sa petite histoire de racont\u00e9e. Certaines sont plus d\u00e9velopp\u00e9es, mais l\u2019autrice garde toujours une petite place pour les d\u00e9laiss\u00e9s. Afin qu\u2019il n\u2019y ait pas que de oubli\u00e9s du dimanche dans son roman. Pas d\u2019oubli\u00e9s du tout.<\/p><p>Vous l\u2019aurez compris, Les oubli\u00e9s du dimanche est une perle rare. Ecrit avec une douceur infinie, des mots simples mais qui nous transportent \u00e0 travers les \u00e9poques et les amours. Je n\u2019ai pas encore trouv\u00e9 le roman de ma vie, mais je comprends pourquoi <a href=\"https:\/\/www.carnetparisien.fr\/les-oublies-du-dimanche-valerie-perrin\">M\u00e9lusine<\/a> aime tellement celui-ci. C&rsquo;est elle qui me l&rsquo;avait conseill\u00e9 \u00e0 l&rsquo;\u00e9poque ! On ne peut pas regretter la lecture d\u2019un roman pareil.<\/p>\t\t\t\t\t\t\t\t<\/div>\n\t\t\t\t<\/div>\n\t\t\t\t\t<\/div>\n\t\t<\/div>\n\t\t\t\t\t<\/div>\n\t\t<\/section>\n\t\t\t\t<\/div>\n\t\t","protected":false},"excerpt":{"rendered":"<p>Les oubli\u00e9s du dimanche Val\u00e9rie Perrin R\u00e9sum\u00e9 Justine, 21 ans, est aide-soignante dans une maison de retraite o\u00f9 elle se sent bien. Elle vit avec un grand-p\u00e8re taciturne et solitaire, une grand-m\u00e8re peu affectueuse, et &hellip; <\/p>\n","protected":false},"author":1,"featured_media":5094,"comment_status":"open","ping_status":"open","sticky":false,"template":"","format":"standard","meta":{"footnotes":""},"categories":[9,11,1],"tags":[847,711,1382,230,1360,1383],"class_list":["post-5092","post","type-post","status-publish","format-standard","has-post-thumbnail","hentry","category-coups-de-coeur","category-hiver","category-tout-le-blog","tag-albin-michel","tag-editions-albin-michel","tag-les-oublies-du-dimanche","tag-roman-contemporain","tag-throwback-thursday","tag-valerie-perrin","has-single-img"],"yoast_head":"<!-- This site is optimized with the Yoast SEO plugin v27.4 - https:\/\/yoast.com\/product\/yoast-seo-wordpress\/ -->\n<title>Les oubli\u00e9s du dimanche de Val\u00e9rie Perrin - Throwback Thursday - Sorbet Kiwi<\/title>\n<meta name=\"description\" content=\"Ma chronique du roman Les oubli\u00e9s du dimanche de Val\u00e9rie Perrin dans le cadre du Throwback Thursday Livresque chez Albin Michel.\" \/>\n<meta name=\"robots\" content=\"index, follow, max-snippet:-1, max-image-preview:large, max-video-preview:-1\" \/>\n<link rel=\"canonical\" href=\"https:\/\/sorbetkiwi.fr\/index.php\/les-oublies-du-dimanche-de-valerie-perrin-throwback-thursday\/\" \/>\n<meta property=\"og:locale\" content=\"fr_FR\" \/>\n<meta property=\"og:type\" content=\"article\" \/>\n<meta property=\"og:title\" content=\"Les oubli\u00e9s du dimanche de Val\u00e9rie Perrin - Throwback Thursday - Sorbet Kiwi\" \/>\n<meta property=\"og:description\" content=\"Ma chronique du roman Les oubli\u00e9s du dimanche de Val\u00e9rie Perrin dans le cadre du Throwback Thursday Livresque chez Albin Michel.\" \/>\n<meta property=\"og:url\" content=\"https:\/\/sorbetkiwi.fr\/index.php\/les-oublies-du-dimanche-de-valerie-perrin-throwback-thursday\/\" \/>\n<meta property=\"og:site_name\" content=\"Sorbet Kiwi\" \/>\n<meta property=\"article:publisher\" content=\"https:\/\/www.facebook.com\/profile.php?id=100086238893269\" \/>\n<meta property=\"article:published_time\" content=\"2024-01-11T06:00:00+00:00\" \/>\n<meta property=\"og:image\" content=\"https:\/\/sorbetkiwi.fr\/wp-content\/uploads\/2024\/01\/Les-oublies-du-dimanche-Valerie-Perrin-1-scaled.jpg\" \/>\n\t<meta property=\"og:image:width\" content=\"1920\" \/>\n\t<meta property=\"og:image:height\" content=\"2560\" \/>\n\t<meta property=\"og:image:type\" content=\"image\/jpeg\" \/>\n<meta name=\"author\" content=\"Sorbet-Kiwi\" \/>\n<meta name=\"twitter:card\" content=\"summary_large_image\" \/>\n<meta name=\"twitter:creator\" content=\"@pepparshoes\" \/>\n<meta name=\"twitter:site\" content=\"@pepparshoes\" \/>\n<meta name=\"twitter:label1\" content=\"\u00c9crit par\" \/>\n\t<meta name=\"twitter:data1\" content=\"Sorbet-Kiwi\" \/>\n\t<meta name=\"twitter:label2\" content=\"Dur\u00e9e de lecture estim\u00e9e\" \/>\n\t<meta name=\"twitter:data2\" content=\"4 minutes\" \/>\n<script type=\"application\/ld+json\" class=\"yoast-schema-graph\">{\"@context\":\"https:\\\/\\\/schema.org\",\"@graph\":[{\"@type\":\"Article\",\"@id\":\"https:\\\/\\\/sorbetkiwi.fr\\\/index.php\\\/les-oublies-du-dimanche-de-valerie-perrin-throwback-thursday\\\/#article\",\"isPartOf\":{\"@id\":\"https:\\\/\\\/sorbetkiwi.fr\\\/index.php\\\/les-oublies-du-dimanche-de-valerie-perrin-throwback-thursday\\\/\"},\"author\":{\"name\":\"Sorbet-Kiwi\",\"@id\":\"https:\\\/\\\/sorbetkiwi.fr\\\/#\\\/schema\\\/person\\\/ed1b7b527a2957ddc3bf38b076540659\"},\"headline\":\"Les oubli\u00e9s du dimanche de Val\u00e9rie Perrin &#8211; Throwback Thursday\",\"datePublished\":\"2024-01-11T06:00:00+00:00\",\"mainEntityOfPage\":{\"@id\":\"https:\\\/\\\/sorbetkiwi.fr\\\/index.php\\\/les-oublies-du-dimanche-de-valerie-perrin-throwback-thursday\\\/\"},\"wordCount\":753,\"commentCount\":1,\"publisher\":{\"@id\":\"https:\\\/\\\/sorbetkiwi.fr\\\/#organization\"},\"image\":{\"@id\":\"https:\\\/\\\/sorbetkiwi.fr\\\/index.php\\\/les-oublies-du-dimanche-de-valerie-perrin-throwback-thursday\\\/#primaryimage\"},\"thumbnailUrl\":\"https:\\\/\\\/sorbetkiwi.fr\\\/wp-content\\\/uploads\\\/2024\\\/01\\\/Les-oublies-du-dimanche-Valerie-Perrin-1-scaled.jpg\",\"keywords\":[\"Albin Michel\",\"Editions Albin Michel\",\"Les oubli\u00e9s du dimanche\",\"Roman contemporain\",\"Throwback Thursday\",\"Val\u00e9rie Perrin\"],\"articleSection\":[\"Coups de coeur\",\"Hiver\",\"Tout le blog\"],\"inLanguage\":\"fr-FR\",\"potentialAction\":[{\"@type\":\"CommentAction\",\"name\":\"Comment\",\"target\":[\"https:\\\/\\\/sorbetkiwi.fr\\\/index.php\\\/les-oublies-du-dimanche-de-valerie-perrin-throwback-thursday\\\/#respond\"]}]},{\"@type\":\"WebPage\",\"@id\":\"https:\\\/\\\/sorbetkiwi.fr\\\/index.php\\\/les-oublies-du-dimanche-de-valerie-perrin-throwback-thursday\\\/\",\"url\":\"https:\\\/\\\/sorbetkiwi.fr\\\/index.php\\\/les-oublies-du-dimanche-de-valerie-perrin-throwback-thursday\\\/\",\"name\":\"Les oubli\u00e9s du dimanche de Val\u00e9rie Perrin - Throwback Thursday - Sorbet Kiwi\",\"isPartOf\":{\"@id\":\"https:\\\/\\\/sorbetkiwi.fr\\\/#website\"},\"primaryImageOfPage\":{\"@id\":\"https:\\\/\\\/sorbetkiwi.fr\\\/index.php\\\/les-oublies-du-dimanche-de-valerie-perrin-throwback-thursday\\\/#primaryimage\"},\"image\":{\"@id\":\"https:\\\/\\\/sorbetkiwi.fr\\\/index.php\\\/les-oublies-du-dimanche-de-valerie-perrin-throwback-thursday\\\/#primaryimage\"},\"thumbnailUrl\":\"https:\\\/\\\/sorbetkiwi.fr\\\/wp-content\\\/uploads\\\/2024\\\/01\\\/Les-oublies-du-dimanche-Valerie-Perrin-1-scaled.jpg\",\"datePublished\":\"2024-01-11T06:00:00+00:00\",\"description\":\"Ma chronique du roman Les oubli\u00e9s du dimanche de Val\u00e9rie Perrin dans le cadre du Throwback Thursday Livresque chez Albin Michel.\",\"breadcrumb\":{\"@id\":\"https:\\\/\\\/sorbetkiwi.fr\\\/index.php\\\/les-oublies-du-dimanche-de-valerie-perrin-throwback-thursday\\\/#breadcrumb\"},\"inLanguage\":\"fr-FR\",\"potentialAction\":[{\"@type\":\"ReadAction\",\"target\":[\"https:\\\/\\\/sorbetkiwi.fr\\\/index.php\\\/les-oublies-du-dimanche-de-valerie-perrin-throwback-thursday\\\/\"]}]},{\"@type\":\"ImageObject\",\"inLanguage\":\"fr-FR\",\"@id\":\"https:\\\/\\\/sorbetkiwi.fr\\\/index.php\\\/les-oublies-du-dimanche-de-valerie-perrin-throwback-thursday\\\/#primaryimage\",\"url\":\"https:\\\/\\\/sorbetkiwi.fr\\\/wp-content\\\/uploads\\\/2024\\\/01\\\/Les-oublies-du-dimanche-Valerie-Perrin-1-scaled.jpg\",\"contentUrl\":\"https:\\\/\\\/sorbetkiwi.fr\\\/wp-content\\\/uploads\\\/2024\\\/01\\\/Les-oublies-du-dimanche-Valerie-Perrin-1-scaled.jpg\",\"width\":1920,\"height\":2560,\"caption\":\"Les oubli\u00e9s du dimanche Val\u00e9rie Perrin\"},{\"@type\":\"BreadcrumbList\",\"@id\":\"https:\\\/\\\/sorbetkiwi.fr\\\/index.php\\\/les-oublies-du-dimanche-de-valerie-perrin-throwback-thursday\\\/#breadcrumb\",\"itemListElement\":[{\"@type\":\"ListItem\",\"position\":1,\"name\":\"Accueil\",\"item\":\"https:\\\/\\\/sorbetkiwi.fr\\\/\"},{\"@type\":\"ListItem\",\"position\":2,\"name\":\"Les oubli\u00e9s du dimanche de Val\u00e9rie Perrin &#8211; Throwback Thursday\"}]},{\"@type\":\"WebSite\",\"@id\":\"https:\\\/\\\/sorbetkiwi.fr\\\/#website\",\"url\":\"https:\\\/\\\/sorbetkiwi.fr\\\/\",\"name\":\"Sorbet Kiwi\",\"description\":\"Des lectures th\u00e9matiques par saison et les avis qui vont avec\",\"publisher\":{\"@id\":\"https:\\\/\\\/sorbetkiwi.fr\\\/#organization\"},\"potentialAction\":[{\"@type\":\"SearchAction\",\"target\":{\"@type\":\"EntryPoint\",\"urlTemplate\":\"https:\\\/\\\/sorbetkiwi.fr\\\/?s={search_term_string}\"},\"query-input\":{\"@type\":\"PropertyValueSpecification\",\"valueRequired\":true,\"valueName\":\"search_term_string\"}}],\"inLanguage\":\"fr-FR\"},{\"@type\":\"Organization\",\"@id\":\"https:\\\/\\\/sorbetkiwi.fr\\\/#organization\",\"name\":\"Sorbet Kiwi\",\"url\":\"https:\\\/\\\/sorbetkiwi.fr\\\/\",\"logo\":{\"@type\":\"ImageObject\",\"inLanguage\":\"fr-FR\",\"@id\":\"https:\\\/\\\/sorbetkiwi.fr\\\/#\\\/schema\\\/logo\\\/image\\\/\",\"url\":\"https:\\\/\\\/sorbetkiwi.fr\\\/wp-content\\\/uploads\\\/2022\\\/10\\\/Banniere-Sorbet-Kiwi-2022.jpg\",\"contentUrl\":\"https:\\\/\\\/sorbetkiwi.fr\\\/wp-content\\\/uploads\\\/2022\\\/10\\\/Banniere-Sorbet-Kiwi-2022.jpg\",\"width\":814,\"height\":401,\"caption\":\"Sorbet Kiwi\"},\"image\":{\"@id\":\"https:\\\/\\\/sorbetkiwi.fr\\\/#\\\/schema\\\/logo\\\/image\\\/\"},\"sameAs\":[\"https:\\\/\\\/www.facebook.com\\\/profile.php?id=100086238893269\",\"https:\\\/\\\/x.com\\\/pepparshoes\",\"https:\\\/\\\/www.instagram.com\\\/sorbetkiwi\\\/\",\"https:\\\/\\\/www.tiktok.com\\\/sorbetkiwi\"]},{\"@type\":\"Person\",\"@id\":\"https:\\\/\\\/sorbetkiwi.fr\\\/#\\\/schema\\\/person\\\/ed1b7b527a2957ddc3bf38b076540659\",\"name\":\"Sorbet-Kiwi\",\"image\":{\"@type\":\"ImageObject\",\"inLanguage\":\"fr-FR\",\"@id\":\"https:\\\/\\\/secure.gravatar.com\\\/avatar\\\/86f0a5c27d76317621b9e374d0f3a01d3a85278f10d0c7207ced4fd773057442?s=96&d=mm&r=g\",\"url\":\"https:\\\/\\\/secure.gravatar.com\\\/avatar\\\/86f0a5c27d76317621b9e374d0f3a01d3a85278f10d0c7207ced4fd773057442?s=96&d=mm&r=g\",\"contentUrl\":\"https:\\\/\\\/secure.gravatar.com\\\/avatar\\\/86f0a5c27d76317621b9e374d0f3a01d3a85278f10d0c7207ced4fd773057442?s=96&d=mm&r=g\",\"caption\":\"Sorbet-Kiwi\"},\"sameAs\":[\"http:\\\/\\\/sorbetkiwi.fr\"],\"url\":\"https:\\\/\\\/sorbetkiwi.fr\\\/index.php\\\/author\\\/admin7717\\\/\"}]}<\/script>\n<!-- \/ Yoast SEO plugin. -->","yoast_head_json":{"title":"Les oubli\u00e9s du dimanche de Val\u00e9rie Perrin - Throwback Thursday - Sorbet Kiwi","description":"Ma chronique du roman Les oubli\u00e9s du dimanche de Val\u00e9rie Perrin dans le cadre du Throwback Thursday Livresque chez Albin Michel.","robots":{"index":"index","follow":"follow","max-snippet":"max-snippet:-1","max-image-preview":"max-image-preview:large","max-video-preview":"max-video-preview:-1"},"canonical":"https:\/\/sorbetkiwi.fr\/index.php\/les-oublies-du-dimanche-de-valerie-perrin-throwback-thursday\/","og_locale":"fr_FR","og_type":"article","og_title":"Les oubli\u00e9s du dimanche de Val\u00e9rie Perrin - Throwback Thursday - Sorbet Kiwi","og_description":"Ma chronique du roman Les oubli\u00e9s du dimanche de Val\u00e9rie Perrin dans le cadre du Throwback Thursday Livresque chez Albin Michel.","og_url":"https:\/\/sorbetkiwi.fr\/index.php\/les-oublies-du-dimanche-de-valerie-perrin-throwback-thursday\/","og_site_name":"Sorbet Kiwi","article_publisher":"https:\/\/www.facebook.com\/profile.php?id=100086238893269","article_published_time":"2024-01-11T06:00:00+00:00","og_image":[{"width":1920,"height":2560,"url":"https:\/\/sorbetkiwi.fr\/wp-content\/uploads\/2024\/01\/Les-oublies-du-dimanche-Valerie-Perrin-1-scaled.jpg","type":"image\/jpeg"}],"author":"Sorbet-Kiwi","twitter_card":"summary_large_image","twitter_creator":"@pepparshoes","twitter_site":"@pepparshoes","twitter_misc":{"\u00c9crit par":"Sorbet-Kiwi","Dur\u00e9e de lecture estim\u00e9e":"4 minutes"},"schema":{"@context":"https:\/\/schema.org","@graph":[{"@type":"Article","@id":"https:\/\/sorbetkiwi.fr\/index.php\/les-oublies-du-dimanche-de-valerie-perrin-throwback-thursday\/#article","isPartOf":{"@id":"https:\/\/sorbetkiwi.fr\/index.php\/les-oublies-du-dimanche-de-valerie-perrin-throwback-thursday\/"},"author":{"name":"Sorbet-Kiwi","@id":"https:\/\/sorbetkiwi.fr\/#\/schema\/person\/ed1b7b527a2957ddc3bf38b076540659"},"headline":"Les oubli\u00e9s du dimanche de Val\u00e9rie Perrin &#8211; Throwback Thursday","datePublished":"2024-01-11T06:00:00+00:00","mainEntityOfPage":{"@id":"https:\/\/sorbetkiwi.fr\/index.php\/les-oublies-du-dimanche-de-valerie-perrin-throwback-thursday\/"},"wordCount":753,"commentCount":1,"publisher":{"@id":"https:\/\/sorbetkiwi.fr\/#organization"},"image":{"@id":"https:\/\/sorbetkiwi.fr\/index.php\/les-oublies-du-dimanche-de-valerie-perrin-throwback-thursday\/#primaryimage"},"thumbnailUrl":"https:\/\/sorbetkiwi.fr\/wp-content\/uploads\/2024\/01\/Les-oublies-du-dimanche-Valerie-Perrin-1-scaled.jpg","keywords":["Albin Michel","Editions Albin Michel","Les oubli\u00e9s du dimanche","Roman contemporain","Throwback Thursday","Val\u00e9rie Perrin"],"articleSection":["Coups de coeur","Hiver","Tout le blog"],"inLanguage":"fr-FR","potentialAction":[{"@type":"CommentAction","name":"Comment","target":["https:\/\/sorbetkiwi.fr\/index.php\/les-oublies-du-dimanche-de-valerie-perrin-throwback-thursday\/#respond"]}]},{"@type":"WebPage","@id":"https:\/\/sorbetkiwi.fr\/index.php\/les-oublies-du-dimanche-de-valerie-perrin-throwback-thursday\/","url":"https:\/\/sorbetkiwi.fr\/index.php\/les-oublies-du-dimanche-de-valerie-perrin-throwback-thursday\/","name":"Les oubli\u00e9s du dimanche de Val\u00e9rie Perrin - Throwback Thursday - Sorbet Kiwi","isPartOf":{"@id":"https:\/\/sorbetkiwi.fr\/#website"},"primaryImageOfPage":{"@id":"https:\/\/sorbetkiwi.fr\/index.php\/les-oublies-du-dimanche-de-valerie-perrin-throwback-thursday\/#primaryimage"},"image":{"@id":"https:\/\/sorbetkiwi.fr\/index.php\/les-oublies-du-dimanche-de-valerie-perrin-throwback-thursday\/#primaryimage"},"thumbnailUrl":"https:\/\/sorbetkiwi.fr\/wp-content\/uploads\/2024\/01\/Les-oublies-du-dimanche-Valerie-Perrin-1-scaled.jpg","datePublished":"2024-01-11T06:00:00+00:00","description":"Ma chronique du roman Les oubli\u00e9s du dimanche de Val\u00e9rie Perrin dans le cadre du Throwback Thursday Livresque chez Albin Michel.","breadcrumb":{"@id":"https:\/\/sorbetkiwi.fr\/index.php\/les-oublies-du-dimanche-de-valerie-perrin-throwback-thursday\/#breadcrumb"},"inLanguage":"fr-FR","potentialAction":[{"@type":"ReadAction","target":["https:\/\/sorbetkiwi.fr\/index.php\/les-oublies-du-dimanche-de-valerie-perrin-throwback-thursday\/"]}]},{"@type":"ImageObject","inLanguage":"fr-FR","@id":"https:\/\/sorbetkiwi.fr\/index.php\/les-oublies-du-dimanche-de-valerie-perrin-throwback-thursday\/#primaryimage","url":"https:\/\/sorbetkiwi.fr\/wp-content\/uploads\/2024\/01\/Les-oublies-du-dimanche-Valerie-Perrin-1-scaled.jpg","contentUrl":"https:\/\/sorbetkiwi.fr\/wp-content\/uploads\/2024\/01\/Les-oublies-du-dimanche-Valerie-Perrin-1-scaled.jpg","width":1920,"height":2560,"caption":"Les oubli\u00e9s du dimanche Val\u00e9rie Perrin"},{"@type":"BreadcrumbList","@id":"https:\/\/sorbetkiwi.fr\/index.php\/les-oublies-du-dimanche-de-valerie-perrin-throwback-thursday\/#breadcrumb","itemListElement":[{"@type":"ListItem","position":1,"name":"Accueil","item":"https:\/\/sorbetkiwi.fr\/"},{"@type":"ListItem","position":2,"name":"Les oubli\u00e9s du dimanche de Val\u00e9rie Perrin &#8211; Throwback Thursday"}]},{"@type":"WebSite","@id":"https:\/\/sorbetkiwi.fr\/#website","url":"https:\/\/sorbetkiwi.fr\/","name":"Sorbet Kiwi","description":"Des lectures th\u00e9matiques par saison et les avis qui vont avec","publisher":{"@id":"https:\/\/sorbetkiwi.fr\/#organization"},"potentialAction":[{"@type":"SearchAction","target":{"@type":"EntryPoint","urlTemplate":"https:\/\/sorbetkiwi.fr\/?s={search_term_string}"},"query-input":{"@type":"PropertyValueSpecification","valueRequired":true,"valueName":"search_term_string"}}],"inLanguage":"fr-FR"},{"@type":"Organization","@id":"https:\/\/sorbetkiwi.fr\/#organization","name":"Sorbet Kiwi","url":"https:\/\/sorbetkiwi.fr\/","logo":{"@type":"ImageObject","inLanguage":"fr-FR","@id":"https:\/\/sorbetkiwi.fr\/#\/schema\/logo\/image\/","url":"https:\/\/sorbetkiwi.fr\/wp-content\/uploads\/2022\/10\/Banniere-Sorbet-Kiwi-2022.jpg","contentUrl":"https:\/\/sorbetkiwi.fr\/wp-content\/uploads\/2022\/10\/Banniere-Sorbet-Kiwi-2022.jpg","width":814,"height":401,"caption":"Sorbet Kiwi"},"image":{"@id":"https:\/\/sorbetkiwi.fr\/#\/schema\/logo\/image\/"},"sameAs":["https:\/\/www.facebook.com\/profile.php?id=100086238893269","https:\/\/x.com\/pepparshoes","https:\/\/www.instagram.com\/sorbetkiwi\/","https:\/\/www.tiktok.com\/sorbetkiwi"]},{"@type":"Person","@id":"https:\/\/sorbetkiwi.fr\/#\/schema\/person\/ed1b7b527a2957ddc3bf38b076540659","name":"Sorbet-Kiwi","image":{"@type":"ImageObject","inLanguage":"fr-FR","@id":"https:\/\/secure.gravatar.com\/avatar\/86f0a5c27d76317621b9e374d0f3a01d3a85278f10d0c7207ced4fd773057442?s=96&d=mm&r=g","url":"https:\/\/secure.gravatar.com\/avatar\/86f0a5c27d76317621b9e374d0f3a01d3a85278f10d0c7207ced4fd773057442?s=96&d=mm&r=g","contentUrl":"https:\/\/secure.gravatar.com\/avatar\/86f0a5c27d76317621b9e374d0f3a01d3a85278f10d0c7207ced4fd773057442?s=96&d=mm&r=g","caption":"Sorbet-Kiwi"},"sameAs":["http:\/\/sorbetkiwi.fr"],"url":"https:\/\/sorbetkiwi.fr\/index.php\/author\/admin7717\/"}]}},"_links":{"self":[{"href":"https:\/\/sorbetkiwi.fr\/index.php\/wp-json\/wp\/v2\/posts\/5092","targetHints":{"allow":["GET"]}}],"collection":[{"href":"https:\/\/sorbetkiwi.fr\/index.php\/wp-json\/wp\/v2\/posts"}],"about":[{"href":"https:\/\/sorbetkiwi.fr\/index.php\/wp-json\/wp\/v2\/types\/post"}],"author":[{"embeddable":true,"href":"https:\/\/sorbetkiwi.fr\/index.php\/wp-json\/wp\/v2\/users\/1"}],"replies":[{"embeddable":true,"href":"https:\/\/sorbetkiwi.fr\/index.php\/wp-json\/wp\/v2\/comments?post=5092"}],"version-history":[{"count":5,"href":"https:\/\/sorbetkiwi.fr\/index.php\/wp-json\/wp\/v2\/posts\/5092\/revisions"}],"predecessor-version":[{"id":5098,"href":"https:\/\/sorbetkiwi.fr\/index.php\/wp-json\/wp\/v2\/posts\/5092\/revisions\/5098"}],"wp:featuredmedia":[{"embeddable":true,"href":"https:\/\/sorbetkiwi.fr\/index.php\/wp-json\/wp\/v2\/media\/5094"}],"wp:attachment":[{"href":"https:\/\/sorbetkiwi.fr\/index.php\/wp-json\/wp\/v2\/media?parent=5092"}],"wp:term":[{"taxonomy":"category","embeddable":true,"href":"https:\/\/sorbetkiwi.fr\/index.php\/wp-json\/wp\/v2\/categories?post=5092"},{"taxonomy":"post_tag","embeddable":true,"href":"https:\/\/sorbetkiwi.fr\/index.php\/wp-json\/wp\/v2\/tags?post=5092"}],"curies":[{"name":"wp","href":"https:\/\/api.w.org\/{rel}","templated":true}]}}