{"id":5064,"date":"2024-01-09T07:00:00","date_gmt":"2024-01-09T06:00:00","guid":{"rendered":"https:\/\/sorbetkiwi.fr\/?p=5064"},"modified":"2024-01-07T16:17:35","modified_gmt":"2024-01-07T15:17:35","slug":"les-anges-gardiens-du-36-de-milgram-et-sanchez","status":"publish","type":"post","link":"https:\/\/sorbetkiwi.fr\/index.php\/les-anges-gardiens-du-36-de-milgram-et-sanchez\/","title":{"rendered":"Les anges gardiens du 36 de Milgram et Sanchez"},"content":{"rendered":"\t\t<div data-elementor-type=\"wp-post\" data-elementor-id=\"5064\" class=\"elementor elementor-5064\">\n\t\t\t\t\t\t<section class=\"elementor-section elementor-top-section elementor-element elementor-element-13d89bed elementor-section-boxed elementor-section-height-default elementor-section-height-default\" data-id=\"13d89bed\" data-element_type=\"section\" data-e-type=\"section\">\n\t\t\t\t\t\t<div class=\"elementor-container elementor-column-gap-default\">\n\t\t\t\t\t<div class=\"elementor-column elementor-col-100 elementor-top-column elementor-element elementor-element-3fe42e38\" data-id=\"3fe42e38\" data-element_type=\"column\" data-e-type=\"column\">\n\t\t\t<div class=\"elementor-widget-wrap elementor-element-populated\">\n\t\t\t\t\t\t<div class=\"elementor-element elementor-element-3468448b elementor-widget elementor-widget-heading\" data-id=\"3468448b\" data-element_type=\"widget\" data-e-type=\"widget\" data-widget_type=\"heading.default\">\n\t\t\t\t<div class=\"elementor-widget-container\">\n\t\t\t\t\t<h1 class=\"elementor-heading-title elementor-size-medium\">Les anges gardiens du 36 Milgram Sanchez<\/h1>\t\t\t\t<\/div>\n\t\t\t\t<\/div>\n\t\t\t\t<div class=\"elementor-element elementor-element-528ca6ca elementor-view-default elementor-widget elementor-widget-icon\" data-id=\"528ca6ca\" data-element_type=\"widget\" data-e-type=\"widget\" data-widget_type=\"icon.default\">\n\t\t\t\t<div class=\"elementor-widget-container\">\n\t\t\t\t\t\t\t<div class=\"elementor-icon-wrapper\">\n\t\t\t<div class=\"elementor-icon\">\n\t\t\t<i aria-hidden=\"true\" class=\"far fa-snowflake\"><\/i>\t\t\t<\/div>\n\t\t<\/div>\n\t\t\t\t\t\t<\/div>\n\t\t\t\t<\/div>\n\t\t\t\t<div class=\"elementor-element elementor-element-66582956 elementor-widget-divider--view-line elementor-widget elementor-widget-divider\" data-id=\"66582956\" data-element_type=\"widget\" data-e-type=\"widget\" data-widget_type=\"divider.default\">\n\t\t\t\t<div class=\"elementor-widget-container\">\n\t\t\t\t\t\t\t<div class=\"elementor-divider\">\n\t\t\t<span class=\"elementor-divider-separator\">\n\t\t\t\t\t\t<\/span>\n\t\t<\/div>\n\t\t\t\t\t\t<\/div>\n\t\t\t\t<\/div>\n\t\t\t\t<div class=\"elementor-element elementor-element-4473e5d7 elementor-widget elementor-widget-heading\" data-id=\"4473e5d7\" data-element_type=\"widget\" data-e-type=\"widget\" data-widget_type=\"heading.default\">\n\t\t\t\t<div class=\"elementor-widget-container\">\n\t\t\t\t\t<h2 class=\"elementor-heading-title elementor-size-medium\">R\u00e9sum\u00e9<\/h2>\t\t\t\t<\/div>\n\t\t\t\t<\/div>\n\t\t\t\t<div class=\"elementor-element elementor-element-31606f5a elementor-widget elementor-widget-text-editor\" data-id=\"31606f5a\" data-element_type=\"widget\" data-e-type=\"widget\" data-widget_type=\"text-editor.default\">\n\t\t\t\t<div class=\"elementor-widget-container\">\n\t\t\t\t\t\t\t\t\t<p>Cet ouvrage est n\u00e9 de la rencontre de deux policiers aux parcours diff\u00e9rents.<br \/>J. Milgram, affect\u00e9 \u00e0 la BRI depuis seize ans, a successivement occup\u00e9 les fonctions d&rsquo;op\u00e9rateur, de chef adjoint de groupe puis de chef de groupe op\u00e9rationnel.<br \/>Avec ses camarades, il a particip\u00e9 \u00e0 de nombreuses enqu\u00eates et op\u00e9rations judiciaires de lutte contre la criminalit\u00e9 organis\u00e9e ainsi qu&rsquo;\u00e0 la r\u00e9solution de crises parfois majeures et d&rsquo;op\u00e9rations de contre-terrorisme.<br \/>J.C. Sanchez est un policier au parcours atypique dont le m\u00e9tier n&rsquo;est pas la seule passion. Dessinateur talentueux et grand amateur de bandes dessin\u00e9es, il a su concilier son m\u00e9tier et sa vocation artistique.<br \/>Bien qu&rsquo;imagin\u00e9es, les dix histoires figurant dans le livre s&rsquo;inspirent directement de l&rsquo;exp\u00e9rience de J. Milgram. Les illustrations pr\u00e9cises et document\u00e9es de J.C. Sanchez ont pour ambition de permettre aux lecteurs de s&rsquo;immerger au sein d&rsquo;un groupe de la BRI et de leur faire d\u00e9couvrir tant la r\u00e9alit\u00e9 que la diversit\u00e9 de ses missions, loin des clich\u00e9s.<\/p>\t\t\t\t\t\t\t\t<\/div>\n\t\t\t\t<\/div>\n\t\t\t\t<div class=\"elementor-element elementor-element-178949c0 elementor-widget-divider--view-line elementor-widget elementor-widget-divider\" data-id=\"178949c0\" data-element_type=\"widget\" data-e-type=\"widget\" data-widget_type=\"divider.default\">\n\t\t\t\t<div class=\"elementor-widget-container\">\n\t\t\t\t\t\t\t<div class=\"elementor-divider\">\n\t\t\t<span class=\"elementor-divider-separator\">\n\t\t\t\t\t\t<\/span>\n\t\t<\/div>\n\t\t\t\t\t\t<\/div>\n\t\t\t\t<\/div>\n\t\t\t\t<div class=\"elementor-element elementor-element-1f778c50 elementor-widget elementor-widget-heading\" data-id=\"1f778c50\" data-element_type=\"widget\" data-e-type=\"widget\" data-widget_type=\"heading.default\">\n\t\t\t\t<div class=\"elementor-widget-container\">\n\t\t\t\t\t<h2 class=\"elementor-heading-title elementor-size-medium\">Ma note<\/h2>\t\t\t\t<\/div>\n\t\t\t\t<\/div>\n\t\t\t\t<div class=\"elementor-element elementor-element-5bdefd2d elementor-star-rating--align-center elementor--star-style-star_fontawesome elementor-widget elementor-widget-star-rating\" data-id=\"5bdefd2d\" data-element_type=\"widget\" data-e-type=\"widget\" data-widget_type=\"star-rating.default\">\n\t\t\t\t<div class=\"elementor-widget-container\">\n\t\t\t\t\t\t\t<div class=\"elementor-star-rating__wrapper\">\n\t\t\t\t\t\t<div class=\"elementor-star-rating\" itemtype=\"http:\/\/schema.org\/Rating\" itemscope=\"\" itemprop=\"reviewRating\">\n\t\t\t\t<i class=\"elementor-star-full\" aria-hidden=\"true\">&#xE934;<\/i><i class=\"elementor-star-full\" aria-hidden=\"true\">&#xE934;<\/i><i class=\"elementor-star-full\" aria-hidden=\"true\">&#xE934;<\/i><i class=\"elementor-star-full\" aria-hidden=\"true\">&#xE934;<\/i><i class=\"elementor-star-5\" aria-hidden=\"true\">&#xE934;<\/i>\t\t\t\t<span itemprop=\"ratingValue\" class=\"elementor-screen-only\">Not\u00e9 4.5 sur 5<\/span>\n\t\t\t<\/div>\n\t\t<\/div>\n\t\t\t\t\t\t<\/div>\n\t\t\t\t<\/div>\n\t\t\t\t<div class=\"elementor-element elementor-element-1dbeda31 elementor-widget-divider--view-line elementor-widget elementor-widget-divider\" data-id=\"1dbeda31\" data-element_type=\"widget\" data-e-type=\"widget\" data-widget_type=\"divider.default\">\n\t\t\t\t<div class=\"elementor-widget-container\">\n\t\t\t\t\t\t\t<div class=\"elementor-divider\">\n\t\t\t<span class=\"elementor-divider-separator\">\n\t\t\t\t\t\t<\/span>\n\t\t<\/div>\n\t\t\t\t\t\t<\/div>\n\t\t\t\t<\/div>\n\t\t\t\t<div class=\"elementor-element elementor-element-78f55c7d elementor-widget elementor-widget-heading\" data-id=\"78f55c7d\" data-element_type=\"widget\" data-e-type=\"widget\" data-widget_type=\"heading.default\">\n\t\t\t\t<div class=\"elementor-widget-container\">\n\t\t\t\t\t<h2 class=\"elementor-heading-title elementor-size-medium\">Un cadeau atypique<\/h2>\t\t\t\t<\/div>\n\t\t\t\t<\/div>\n\t\t\t\t<div class=\"elementor-element elementor-element-5ae797f4 elementor-widget elementor-widget-text-editor\" data-id=\"5ae797f4\" data-element_type=\"widget\" data-e-type=\"widget\" data-widget_type=\"text-editor.default\">\n\t\t\t\t<div class=\"elementor-widget-container\">\n\t\t\t\t\t\t\t\t\t<p>Pour cette BD du mardi, je vous pr\u00e9sente un cadeau que m&rsquo;a fait <a href=\"https:\/\/www.instagram.com\/juliette_lovesbooks\/\">Juliette Loves Books<\/a>. Alias <a href=\"https:\/\/www.instagram.com\/juliettealpha17\/\">Juliette Alpha<\/a>, autrice de <a href=\"https:\/\/www.livraddict.com\/biblio\/livre\/vis-ma-vie-de-flic.html\">Vis ma vie de flic<\/a> que j&rsquo;esp\u00e8re vous pr\u00e9senter encore ce mois-ci. Elle m&rsquo;a fait d\u00e9dicacer cette BD \u00e0 une rencontre avec les auteurs et j&rsquo;en suis tr\u00e8s touch\u00e9e ! Je n&rsquo;avais donc pas envie de la faire trainer dans ma PAL. Mais ce n&rsquo;est pas une BD classique, avec des cases. Non, ce sont des nouvelles illustr\u00e9es. Mais en grand format BD. J&rsquo;ai aim\u00e9 ce d\u00e9tournement des genres. Avant de parler de celles-ci, j&rsquo;ai envie de souligner la typographie, comme celle d&rsquo;une machine \u00e0 \u00e9crire. Large, espac\u00e9e, elle est claire et m&rsquo;a plong\u00e9 dans un dossier d&rsquo;enqu\u00eate au premier regard. Premier bon point avant m\u00eame de commencer.\u00a0<\/p>\t\t\t\t\t\t\t\t<\/div>\n\t\t\t\t<\/div>\n\t\t\t\t<div class=\"elementor-element elementor-element-7ac71293 elementor-widget-divider--view-line elementor-widget elementor-widget-divider\" data-id=\"7ac71293\" data-element_type=\"widget\" data-e-type=\"widget\" data-widget_type=\"divider.default\">\n\t\t\t\t<div class=\"elementor-widget-container\">\n\t\t\t\t\t\t\t<div class=\"elementor-divider\">\n\t\t\t<span class=\"elementor-divider-separator\">\n\t\t\t\t\t\t<\/span>\n\t\t<\/div>\n\t\t\t\t\t\t<\/div>\n\t\t\t\t<\/div>\n\t\t\t\t<div class=\"elementor-element elementor-element-729f9dfd elementor-widget elementor-widget-heading\" data-id=\"729f9dfd\" data-element_type=\"widget\" data-e-type=\"widget\" data-widget_type=\"heading.default\">\n\t\t\t\t<div class=\"elementor-widget-container\">\n\t\t\t\t\t<h4 class=\"elementor-heading-title elementor-size-medium\">\"Je r\u00e9alise tout le paradoxe qui consiste \u00e0 mettre toute son \u00e9nergie et tout son enthousiasme \u00e0 s'entra\u00eener \u00e0 la gestion de situations dont on esp\u00e8re qu'elles ne se pr\u00e9senteront pas. C'est l'une des singularit\u00e9s de notre m\u00e9tier.\"<\/h4>\t\t\t\t<\/div>\n\t\t\t\t<\/div>\n\t\t\t\t<div class=\"elementor-element elementor-element-6dfcd4f5 elementor-widget-divider--view-line elementor-widget elementor-widget-divider\" data-id=\"6dfcd4f5\" data-element_type=\"widget\" data-e-type=\"widget\" data-widget_type=\"divider.default\">\n\t\t\t\t<div class=\"elementor-widget-container\">\n\t\t\t\t\t\t\t<div class=\"elementor-divider\">\n\t\t\t<span class=\"elementor-divider-separator\">\n\t\t\t\t\t\t<\/span>\n\t\t<\/div>\n\t\t\t\t\t\t<\/div>\n\t\t\t\t<\/div>\n\t\t\t\t<div class=\"elementor-element elementor-element-5a412d3f elementor-widget elementor-widget-heading\" data-id=\"5a412d3f\" data-element_type=\"widget\" data-e-type=\"widget\" data-widget_type=\"heading.default\">\n\t\t\t\t<div class=\"elementor-widget-container\">\n\t\t\t\t\t<h2 class=\"elementor-heading-title elementor-size-medium\">La d\u00e9couverture surprenante d'un m\u00e9tier<\/h2>\t\t\t\t<\/div>\n\t\t\t\t<\/div>\n\t\t\t\t<div class=\"elementor-element elementor-element-25081681 elementor-widget elementor-widget-text-editor\" data-id=\"25081681\" data-element_type=\"widget\" data-e-type=\"widget\" data-widget_type=\"text-editor.default\">\n\t\t\t\t<div class=\"elementor-widget-container\">\n\t\t\t\t\t\t\t\t\t<p>Les anges gardiens du 36 d\u00e9bute sur une petite explication du b\u00e2timent, tr\u00e8s rapide. J&rsquo;ai appris qu&rsquo;il y r\u00e9sidait encore un seul service de police : la BRI, sur qui vont se concentrer les nouvelles. Et nous avons droit \u00e9galement \u00e0 un historique de la Brigade, afin de mieux cerner l&rsquo;engagement de ses troupes sur le terrain, mais aussi la volont\u00e9 politique derri\u00e8re elles. La premi\u00e8re nouvelle nous parle des premi\u00e8res fois, et d\u00e9bute en janvier. On est donc <a href=\"https:\/\/sorbetkiwi.fr\/index.php\/category\/hiver\/\">de saison<\/a>, comme souvent. Au fil des pages, on d\u00e9couvre un quotidien parisien, mais pas que. Entre la ville, la campagne, jusqu&rsquo;en Afrique o\u00f9 la France \u00e9volue toujours, j&rsquo;ai d\u00e9couvert un quotidien inattendu. Ce qui \u00e9tait certainement le but de ce livre.\u00a0<\/p>\t\t\t\t\t\t\t\t<\/div>\n\t\t\t\t<\/div>\n\t\t\t\t<div class=\"elementor-element elementor-element-6a9f7a88 elementor-widget-divider--view-line elementor-widget elementor-widget-divider\" data-id=\"6a9f7a88\" data-element_type=\"widget\" data-e-type=\"widget\" data-widget_type=\"divider.default\">\n\t\t\t\t<div class=\"elementor-widget-container\">\n\t\t\t\t\t\t\t<div class=\"elementor-divider\">\n\t\t\t<span class=\"elementor-divider-separator\">\n\t\t\t\t\t\t<\/span>\n\t\t<\/div>\n\t\t\t\t\t\t<\/div>\n\t\t\t\t<\/div>\n\t\t\t\t<div class=\"elementor-element elementor-element-56e9c5b9 elementor-widget elementor-widget-heading\" data-id=\"56e9c5b9\" data-element_type=\"widget\" data-e-type=\"widget\" data-widget_type=\"heading.default\">\n\t\t\t\t<div class=\"elementor-widget-container\">\n\t\t\t\t\t<h2 class=\"elementor-heading-title elementor-size-medium\">Un graphisme au service d'un r\u00e9cit captivant<\/h2>\t\t\t\t<\/div>\n\t\t\t\t<\/div>\n\t\t\t\t<div class=\"elementor-element elementor-element-372da209 elementor-widget elementor-widget-text-editor\" data-id=\"372da209\" data-element_type=\"widget\" data-e-type=\"widget\" data-widget_type=\"text-editor.default\">\n\t\t\t\t<div class=\"elementor-widget-container\">\n\t\t\t\t\t\t\t\t\t<p>Les illustrations m&rsquo;ont beaucoup plu, \u00e9galement. J&rsquo;ai un affect tout particulier pour les illustrations des vieux b\u00e2timent de la capitale, et les croquis qu&rsquo;en fait J. C. Sanchez sont tr\u00e8s beaux. Les jeux de couleurs sont immersifs. Et les unes apr\u00e8s les autres, comme des photos dans un rapport, elles nous embarquent dans les missions que nous relatent J. Wilgram. Si j&rsquo;ai un petit reproche \u00e0 faire, c&rsquo;est qu&rsquo;au vue du caract\u00e8re fictifs des r\u00e9cits, on aurait pu f\u00e9miniser les \u00e9quipes, m\u00eame un tout petit peu. Mais sinon, le dynamisme du r\u00e9cit m&rsquo;a compl\u00e8tement plong\u00e9 dans ce quotidien, que j&rsquo;ai d\u00e9couvert, avouons-le, un peu ahurie. Je recommande donc Les anges gardiens du 36 pour s&rsquo;informer et se plonger dans un m\u00e9tier m\u00e9connu et de plus en plus d\u00e9crier, pourtant en premi\u00e8re ligne de protection du peuple fran\u00e7ais. Merci Juliette ! \u00a0<\/p>\t\t\t\t\t\t\t\t<\/div>\n\t\t\t\t<\/div>\n\t\t\t\t\t<\/div>\n\t\t<\/div>\n\t\t\t\t\t<\/div>\n\t\t<\/section>\n\t\t\t\t<\/div>\n\t\t","protected":false},"excerpt":{"rendered":"<p>Les anges gardiens du 36 Milgram Sanchez R\u00e9sum\u00e9 Cet ouvrage est n\u00e9 de la rencontre de deux policiers aux parcours diff\u00e9rents.J. Milgram, affect\u00e9 \u00e0 la BRI depuis seize ans, a successivement occup\u00e9 les fonctions d&rsquo;op\u00e9rateur, &hellip; <\/p>\n","protected":false},"author":1,"featured_media":5074,"comment_status":"open","ping_status":"open","sticky":false,"template":"","format":"standard","meta":{"footnotes":""},"categories":[11,1],"tags":[80,79,296,327,1375,1374,1373,1376,1377,1378],"class_list":["post-5064","post","type-post","status-publish","format-standard","has-post-thumbnail","hentry","category-hiver","category-tout-le-blog","tag-bande-dessinee","tag-bd","tag-bd-du-mardi","tag-hiver","tag-j-milgram","tag-jc-sanchez","tag-les-anges-gardiens-du-36","tag-mareuil-editions","tag-olivier-marchal","tag-police","has-single-img"],"yoast_head":"<!-- This site is optimized with the Yoast SEO plugin v27.4 - https:\/\/yoast.com\/product\/yoast-seo-wordpress\/ -->\n<title>Les anges gardiens du 36 de Milgram et Sanchez - Sorbet Kiwi<\/title>\n<meta name=\"description\" content=\"Ma chronique de la BD du mardi Les anges gardiens du 36 de J. Milgram et JC. Sanchez publi\u00e9 chez Mareuil \u00e9ditions.\" \/>\n<meta name=\"robots\" content=\"index, follow, max-snippet:-1, max-image-preview:large, max-video-preview:-1\" \/>\n<link rel=\"canonical\" href=\"https:\/\/sorbetkiwi.fr\/index.php\/les-anges-gardiens-du-36-de-milgram-et-sanchez\/\" \/>\n<meta property=\"og:locale\" content=\"fr_FR\" \/>\n<meta property=\"og:type\" content=\"article\" \/>\n<meta property=\"og:title\" content=\"Les anges gardiens du 36 de Milgram et Sanchez - Sorbet Kiwi\" \/>\n<meta property=\"og:description\" content=\"Ma chronique de la BD du mardi Les anges gardiens du 36 de J. Milgram et JC. Sanchez publi\u00e9 chez Mareuil \u00e9ditions.\" \/>\n<meta property=\"og:url\" content=\"https:\/\/sorbetkiwi.fr\/index.php\/les-anges-gardiens-du-36-de-milgram-et-sanchez\/\" \/>\n<meta property=\"og:site_name\" content=\"Sorbet Kiwi\" \/>\n<meta property=\"article:publisher\" content=\"https:\/\/www.facebook.com\/profile.php?id=100086238893269\" \/>\n<meta property=\"article:published_time\" content=\"2024-01-09T06:00:00+00:00\" \/>\n<meta property=\"og:image\" content=\"https:\/\/sorbetkiwi.fr\/wp-content\/uploads\/2024\/01\/Les-anges-gardiens-du-36-Milgram-Sanchez-1-scaled.jpg\" \/>\n\t<meta property=\"og:image:width\" content=\"1920\" \/>\n\t<meta property=\"og:image:height\" content=\"2560\" \/>\n\t<meta property=\"og:image:type\" content=\"image\/jpeg\" \/>\n<meta name=\"author\" content=\"Sorbet-Kiwi\" \/>\n<meta name=\"twitter:card\" content=\"summary_large_image\" \/>\n<meta name=\"twitter:creator\" content=\"@pepparshoes\" \/>\n<meta name=\"twitter:site\" content=\"@pepparshoes\" \/>\n<meta name=\"twitter:label1\" content=\"\u00c9crit par\" \/>\n\t<meta name=\"twitter:data1\" content=\"Sorbet-Kiwi\" \/>\n\t<meta name=\"twitter:label2\" content=\"Dur\u00e9e de lecture estim\u00e9e\" \/>\n\t<meta name=\"twitter:data2\" content=\"4 minutes\" \/>\n<script type=\"application\/ld+json\" class=\"yoast-schema-graph\">{\"@context\":\"https:\\\/\\\/schema.org\",\"@graph\":[{\"@type\":\"Article\",\"@id\":\"https:\\\/\\\/sorbetkiwi.fr\\\/index.php\\\/les-anges-gardiens-du-36-de-milgram-et-sanchez\\\/#article\",\"isPartOf\":{\"@id\":\"https:\\\/\\\/sorbetkiwi.fr\\\/index.php\\\/les-anges-gardiens-du-36-de-milgram-et-sanchez\\\/\"},\"author\":{\"name\":\"Sorbet-Kiwi\",\"@id\":\"https:\\\/\\\/sorbetkiwi.fr\\\/#\\\/schema\\\/person\\\/ed1b7b527a2957ddc3bf38b076540659\"},\"headline\":\"Les anges gardiens du 36 de Milgram et Sanchez\",\"datePublished\":\"2024-01-09T06:00:00+00:00\",\"mainEntityOfPage\":{\"@id\":\"https:\\\/\\\/sorbetkiwi.fr\\\/index.php\\\/les-anges-gardiens-du-36-de-milgram-et-sanchez\\\/\"},\"wordCount\":717,\"commentCount\":0,\"publisher\":{\"@id\":\"https:\\\/\\\/sorbetkiwi.fr\\\/#organization\"},\"image\":{\"@id\":\"https:\\\/\\\/sorbetkiwi.fr\\\/index.php\\\/les-anges-gardiens-du-36-de-milgram-et-sanchez\\\/#primaryimage\"},\"thumbnailUrl\":\"https:\\\/\\\/sorbetkiwi.fr\\\/wp-content\\\/uploads\\\/2024\\\/01\\\/Les-anges-gardiens-du-36-Milgram-Sanchez-1-scaled.jpg\",\"keywords\":[\"Bande dessin\u00e9e\",\"BD\",\"BD du mardi\",\"Hiver\",\"J Milgram\",\"JC Sanchez\",\"Les anges gardiens du 36\",\"Mareuil \u00e9ditions\",\"Olivier Marchal\",\"Police\"],\"articleSection\":[\"Hiver\",\"Tout le blog\"],\"inLanguage\":\"fr-FR\",\"potentialAction\":[{\"@type\":\"CommentAction\",\"name\":\"Comment\",\"target\":[\"https:\\\/\\\/sorbetkiwi.fr\\\/index.php\\\/les-anges-gardiens-du-36-de-milgram-et-sanchez\\\/#respond\"]}]},{\"@type\":\"WebPage\",\"@id\":\"https:\\\/\\\/sorbetkiwi.fr\\\/index.php\\\/les-anges-gardiens-du-36-de-milgram-et-sanchez\\\/\",\"url\":\"https:\\\/\\\/sorbetkiwi.fr\\\/index.php\\\/les-anges-gardiens-du-36-de-milgram-et-sanchez\\\/\",\"name\":\"Les anges gardiens du 36 de Milgram et Sanchez - Sorbet Kiwi\",\"isPartOf\":{\"@id\":\"https:\\\/\\\/sorbetkiwi.fr\\\/#website\"},\"primaryImageOfPage\":{\"@id\":\"https:\\\/\\\/sorbetkiwi.fr\\\/index.php\\\/les-anges-gardiens-du-36-de-milgram-et-sanchez\\\/#primaryimage\"},\"image\":{\"@id\":\"https:\\\/\\\/sorbetkiwi.fr\\\/index.php\\\/les-anges-gardiens-du-36-de-milgram-et-sanchez\\\/#primaryimage\"},\"thumbnailUrl\":\"https:\\\/\\\/sorbetkiwi.fr\\\/wp-content\\\/uploads\\\/2024\\\/01\\\/Les-anges-gardiens-du-36-Milgram-Sanchez-1-scaled.jpg\",\"datePublished\":\"2024-01-09T06:00:00+00:00\",\"description\":\"Ma chronique de la BD du mardi Les anges gardiens du 36 de J. Milgram et JC. Sanchez publi\u00e9 chez Mareuil \u00e9ditions.\",\"breadcrumb\":{\"@id\":\"https:\\\/\\\/sorbetkiwi.fr\\\/index.php\\\/les-anges-gardiens-du-36-de-milgram-et-sanchez\\\/#breadcrumb\"},\"inLanguage\":\"fr-FR\",\"potentialAction\":[{\"@type\":\"ReadAction\",\"target\":[\"https:\\\/\\\/sorbetkiwi.fr\\\/index.php\\\/les-anges-gardiens-du-36-de-milgram-et-sanchez\\\/\"]}]},{\"@type\":\"ImageObject\",\"inLanguage\":\"fr-FR\",\"@id\":\"https:\\\/\\\/sorbetkiwi.fr\\\/index.php\\\/les-anges-gardiens-du-36-de-milgram-et-sanchez\\\/#primaryimage\",\"url\":\"https:\\\/\\\/sorbetkiwi.fr\\\/wp-content\\\/uploads\\\/2024\\\/01\\\/Les-anges-gardiens-du-36-Milgram-Sanchez-1-scaled.jpg\",\"contentUrl\":\"https:\\\/\\\/sorbetkiwi.fr\\\/wp-content\\\/uploads\\\/2024\\\/01\\\/Les-anges-gardiens-du-36-Milgram-Sanchez-1-scaled.jpg\",\"width\":1920,\"height\":2560,\"caption\":\"Les anges gardiens du 36 Milgram Sanchez\"},{\"@type\":\"BreadcrumbList\",\"@id\":\"https:\\\/\\\/sorbetkiwi.fr\\\/index.php\\\/les-anges-gardiens-du-36-de-milgram-et-sanchez\\\/#breadcrumb\",\"itemListElement\":[{\"@type\":\"ListItem\",\"position\":1,\"name\":\"Accueil\",\"item\":\"https:\\\/\\\/sorbetkiwi.fr\\\/\"},{\"@type\":\"ListItem\",\"position\":2,\"name\":\"Les anges gardiens du 36 de Milgram et Sanchez\"}]},{\"@type\":\"WebSite\",\"@id\":\"https:\\\/\\\/sorbetkiwi.fr\\\/#website\",\"url\":\"https:\\\/\\\/sorbetkiwi.fr\\\/\",\"name\":\"Sorbet Kiwi\",\"description\":\"Des lectures th\u00e9matiques par saison et les avis qui vont avec\",\"publisher\":{\"@id\":\"https:\\\/\\\/sorbetkiwi.fr\\\/#organization\"},\"potentialAction\":[{\"@type\":\"SearchAction\",\"target\":{\"@type\":\"EntryPoint\",\"urlTemplate\":\"https:\\\/\\\/sorbetkiwi.fr\\\/?s={search_term_string}\"},\"query-input\":{\"@type\":\"PropertyValueSpecification\",\"valueRequired\":true,\"valueName\":\"search_term_string\"}}],\"inLanguage\":\"fr-FR\"},{\"@type\":\"Organization\",\"@id\":\"https:\\\/\\\/sorbetkiwi.fr\\\/#organization\",\"name\":\"Sorbet Kiwi\",\"url\":\"https:\\\/\\\/sorbetkiwi.fr\\\/\",\"logo\":{\"@type\":\"ImageObject\",\"inLanguage\":\"fr-FR\",\"@id\":\"https:\\\/\\\/sorbetkiwi.fr\\\/#\\\/schema\\\/logo\\\/image\\\/\",\"url\":\"https:\\\/\\\/sorbetkiwi.fr\\\/wp-content\\\/uploads\\\/2022\\\/10\\\/Banniere-Sorbet-Kiwi-2022.jpg\",\"contentUrl\":\"https:\\\/\\\/sorbetkiwi.fr\\\/wp-content\\\/uploads\\\/2022\\\/10\\\/Banniere-Sorbet-Kiwi-2022.jpg\",\"width\":814,\"height\":401,\"caption\":\"Sorbet Kiwi\"},\"image\":{\"@id\":\"https:\\\/\\\/sorbetkiwi.fr\\\/#\\\/schema\\\/logo\\\/image\\\/\"},\"sameAs\":[\"https:\\\/\\\/www.facebook.com\\\/profile.php?id=100086238893269\",\"https:\\\/\\\/x.com\\\/pepparshoes\",\"https:\\\/\\\/www.instagram.com\\\/sorbetkiwi\\\/\",\"https:\\\/\\\/www.tiktok.com\\\/sorbetkiwi\"]},{\"@type\":\"Person\",\"@id\":\"https:\\\/\\\/sorbetkiwi.fr\\\/#\\\/schema\\\/person\\\/ed1b7b527a2957ddc3bf38b076540659\",\"name\":\"Sorbet-Kiwi\",\"image\":{\"@type\":\"ImageObject\",\"inLanguage\":\"fr-FR\",\"@id\":\"https:\\\/\\\/secure.gravatar.com\\\/avatar\\\/86f0a5c27d76317621b9e374d0f3a01d3a85278f10d0c7207ced4fd773057442?s=96&d=mm&r=g\",\"url\":\"https:\\\/\\\/secure.gravatar.com\\\/avatar\\\/86f0a5c27d76317621b9e374d0f3a01d3a85278f10d0c7207ced4fd773057442?s=96&d=mm&r=g\",\"contentUrl\":\"https:\\\/\\\/secure.gravatar.com\\\/avatar\\\/86f0a5c27d76317621b9e374d0f3a01d3a85278f10d0c7207ced4fd773057442?s=96&d=mm&r=g\",\"caption\":\"Sorbet-Kiwi\"},\"sameAs\":[\"http:\\\/\\\/sorbetkiwi.fr\"],\"url\":\"https:\\\/\\\/sorbetkiwi.fr\\\/index.php\\\/author\\\/admin7717\\\/\"}]}<\/script>\n<!-- \/ Yoast SEO plugin. -->","yoast_head_json":{"title":"Les anges gardiens du 36 de Milgram et Sanchez - Sorbet Kiwi","description":"Ma chronique de la BD du mardi Les anges gardiens du 36 de J. Milgram et JC. Sanchez publi\u00e9 chez Mareuil \u00e9ditions.","robots":{"index":"index","follow":"follow","max-snippet":"max-snippet:-1","max-image-preview":"max-image-preview:large","max-video-preview":"max-video-preview:-1"},"canonical":"https:\/\/sorbetkiwi.fr\/index.php\/les-anges-gardiens-du-36-de-milgram-et-sanchez\/","og_locale":"fr_FR","og_type":"article","og_title":"Les anges gardiens du 36 de Milgram et Sanchez - Sorbet Kiwi","og_description":"Ma chronique de la BD du mardi Les anges gardiens du 36 de J. Milgram et JC. Sanchez publi\u00e9 chez Mareuil \u00e9ditions.","og_url":"https:\/\/sorbetkiwi.fr\/index.php\/les-anges-gardiens-du-36-de-milgram-et-sanchez\/","og_site_name":"Sorbet Kiwi","article_publisher":"https:\/\/www.facebook.com\/profile.php?id=100086238893269","article_published_time":"2024-01-09T06:00:00+00:00","og_image":[{"width":1920,"height":2560,"url":"https:\/\/sorbetkiwi.fr\/wp-content\/uploads\/2024\/01\/Les-anges-gardiens-du-36-Milgram-Sanchez-1-scaled.jpg","type":"image\/jpeg"}],"author":"Sorbet-Kiwi","twitter_card":"summary_large_image","twitter_creator":"@pepparshoes","twitter_site":"@pepparshoes","twitter_misc":{"\u00c9crit par":"Sorbet-Kiwi","Dur\u00e9e de lecture estim\u00e9e":"4 minutes"},"schema":{"@context":"https:\/\/schema.org","@graph":[{"@type":"Article","@id":"https:\/\/sorbetkiwi.fr\/index.php\/les-anges-gardiens-du-36-de-milgram-et-sanchez\/#article","isPartOf":{"@id":"https:\/\/sorbetkiwi.fr\/index.php\/les-anges-gardiens-du-36-de-milgram-et-sanchez\/"},"author":{"name":"Sorbet-Kiwi","@id":"https:\/\/sorbetkiwi.fr\/#\/schema\/person\/ed1b7b527a2957ddc3bf38b076540659"},"headline":"Les anges gardiens du 36 de Milgram et Sanchez","datePublished":"2024-01-09T06:00:00+00:00","mainEntityOfPage":{"@id":"https:\/\/sorbetkiwi.fr\/index.php\/les-anges-gardiens-du-36-de-milgram-et-sanchez\/"},"wordCount":717,"commentCount":0,"publisher":{"@id":"https:\/\/sorbetkiwi.fr\/#organization"},"image":{"@id":"https:\/\/sorbetkiwi.fr\/index.php\/les-anges-gardiens-du-36-de-milgram-et-sanchez\/#primaryimage"},"thumbnailUrl":"https:\/\/sorbetkiwi.fr\/wp-content\/uploads\/2024\/01\/Les-anges-gardiens-du-36-Milgram-Sanchez-1-scaled.jpg","keywords":["Bande dessin\u00e9e","BD","BD du mardi","Hiver","J Milgram","JC Sanchez","Les anges gardiens du 36","Mareuil \u00e9ditions","Olivier Marchal","Police"],"articleSection":["Hiver","Tout le blog"],"inLanguage":"fr-FR","potentialAction":[{"@type":"CommentAction","name":"Comment","target":["https:\/\/sorbetkiwi.fr\/index.php\/les-anges-gardiens-du-36-de-milgram-et-sanchez\/#respond"]}]},{"@type":"WebPage","@id":"https:\/\/sorbetkiwi.fr\/index.php\/les-anges-gardiens-du-36-de-milgram-et-sanchez\/","url":"https:\/\/sorbetkiwi.fr\/index.php\/les-anges-gardiens-du-36-de-milgram-et-sanchez\/","name":"Les anges gardiens du 36 de Milgram et Sanchez - Sorbet Kiwi","isPartOf":{"@id":"https:\/\/sorbetkiwi.fr\/#website"},"primaryImageOfPage":{"@id":"https:\/\/sorbetkiwi.fr\/index.php\/les-anges-gardiens-du-36-de-milgram-et-sanchez\/#primaryimage"},"image":{"@id":"https:\/\/sorbetkiwi.fr\/index.php\/les-anges-gardiens-du-36-de-milgram-et-sanchez\/#primaryimage"},"thumbnailUrl":"https:\/\/sorbetkiwi.fr\/wp-content\/uploads\/2024\/01\/Les-anges-gardiens-du-36-Milgram-Sanchez-1-scaled.jpg","datePublished":"2024-01-09T06:00:00+00:00","description":"Ma chronique de la BD du mardi Les anges gardiens du 36 de J. Milgram et JC. Sanchez publi\u00e9 chez Mareuil \u00e9ditions.","breadcrumb":{"@id":"https:\/\/sorbetkiwi.fr\/index.php\/les-anges-gardiens-du-36-de-milgram-et-sanchez\/#breadcrumb"},"inLanguage":"fr-FR","potentialAction":[{"@type":"ReadAction","target":["https:\/\/sorbetkiwi.fr\/index.php\/les-anges-gardiens-du-36-de-milgram-et-sanchez\/"]}]},{"@type":"ImageObject","inLanguage":"fr-FR","@id":"https:\/\/sorbetkiwi.fr\/index.php\/les-anges-gardiens-du-36-de-milgram-et-sanchez\/#primaryimage","url":"https:\/\/sorbetkiwi.fr\/wp-content\/uploads\/2024\/01\/Les-anges-gardiens-du-36-Milgram-Sanchez-1-scaled.jpg","contentUrl":"https:\/\/sorbetkiwi.fr\/wp-content\/uploads\/2024\/01\/Les-anges-gardiens-du-36-Milgram-Sanchez-1-scaled.jpg","width":1920,"height":2560,"caption":"Les anges gardiens du 36 Milgram Sanchez"},{"@type":"BreadcrumbList","@id":"https:\/\/sorbetkiwi.fr\/index.php\/les-anges-gardiens-du-36-de-milgram-et-sanchez\/#breadcrumb","itemListElement":[{"@type":"ListItem","position":1,"name":"Accueil","item":"https:\/\/sorbetkiwi.fr\/"},{"@type":"ListItem","position":2,"name":"Les anges gardiens du 36 de Milgram et Sanchez"}]},{"@type":"WebSite","@id":"https:\/\/sorbetkiwi.fr\/#website","url":"https:\/\/sorbetkiwi.fr\/","name":"Sorbet Kiwi","description":"Des lectures th\u00e9matiques par saison et les avis qui vont avec","publisher":{"@id":"https:\/\/sorbetkiwi.fr\/#organization"},"potentialAction":[{"@type":"SearchAction","target":{"@type":"EntryPoint","urlTemplate":"https:\/\/sorbetkiwi.fr\/?s={search_term_string}"},"query-input":{"@type":"PropertyValueSpecification","valueRequired":true,"valueName":"search_term_string"}}],"inLanguage":"fr-FR"},{"@type":"Organization","@id":"https:\/\/sorbetkiwi.fr\/#organization","name":"Sorbet Kiwi","url":"https:\/\/sorbetkiwi.fr\/","logo":{"@type":"ImageObject","inLanguage":"fr-FR","@id":"https:\/\/sorbetkiwi.fr\/#\/schema\/logo\/image\/","url":"https:\/\/sorbetkiwi.fr\/wp-content\/uploads\/2022\/10\/Banniere-Sorbet-Kiwi-2022.jpg","contentUrl":"https:\/\/sorbetkiwi.fr\/wp-content\/uploads\/2022\/10\/Banniere-Sorbet-Kiwi-2022.jpg","width":814,"height":401,"caption":"Sorbet Kiwi"},"image":{"@id":"https:\/\/sorbetkiwi.fr\/#\/schema\/logo\/image\/"},"sameAs":["https:\/\/www.facebook.com\/profile.php?id=100086238893269","https:\/\/x.com\/pepparshoes","https:\/\/www.instagram.com\/sorbetkiwi\/","https:\/\/www.tiktok.com\/sorbetkiwi"]},{"@type":"Person","@id":"https:\/\/sorbetkiwi.fr\/#\/schema\/person\/ed1b7b527a2957ddc3bf38b076540659","name":"Sorbet-Kiwi","image":{"@type":"ImageObject","inLanguage":"fr-FR","@id":"https:\/\/secure.gravatar.com\/avatar\/86f0a5c27d76317621b9e374d0f3a01d3a85278f10d0c7207ced4fd773057442?s=96&d=mm&r=g","url":"https:\/\/secure.gravatar.com\/avatar\/86f0a5c27d76317621b9e374d0f3a01d3a85278f10d0c7207ced4fd773057442?s=96&d=mm&r=g","contentUrl":"https:\/\/secure.gravatar.com\/avatar\/86f0a5c27d76317621b9e374d0f3a01d3a85278f10d0c7207ced4fd773057442?s=96&d=mm&r=g","caption":"Sorbet-Kiwi"},"sameAs":["http:\/\/sorbetkiwi.fr"],"url":"https:\/\/sorbetkiwi.fr\/index.php\/author\/admin7717\/"}]}},"_links":{"self":[{"href":"https:\/\/sorbetkiwi.fr\/index.php\/wp-json\/wp\/v2\/posts\/5064","targetHints":{"allow":["GET"]}}],"collection":[{"href":"https:\/\/sorbetkiwi.fr\/index.php\/wp-json\/wp\/v2\/posts"}],"about":[{"href":"https:\/\/sorbetkiwi.fr\/index.php\/wp-json\/wp\/v2\/types\/post"}],"author":[{"embeddable":true,"href":"https:\/\/sorbetkiwi.fr\/index.php\/wp-json\/wp\/v2\/users\/1"}],"replies":[{"embeddable":true,"href":"https:\/\/sorbetkiwi.fr\/index.php\/wp-json\/wp\/v2\/comments?post=5064"}],"version-history":[{"count":11,"href":"https:\/\/sorbetkiwi.fr\/index.php\/wp-json\/wp\/v2\/posts\/5064\/revisions"}],"predecessor-version":[{"id":5084,"href":"https:\/\/sorbetkiwi.fr\/index.php\/wp-json\/wp\/v2\/posts\/5064\/revisions\/5084"}],"wp:featuredmedia":[{"embeddable":true,"href":"https:\/\/sorbetkiwi.fr\/index.php\/wp-json\/wp\/v2\/media\/5074"}],"wp:attachment":[{"href":"https:\/\/sorbetkiwi.fr\/index.php\/wp-json\/wp\/v2\/media?parent=5064"}],"wp:term":[{"taxonomy":"category","embeddable":true,"href":"https:\/\/sorbetkiwi.fr\/index.php\/wp-json\/wp\/v2\/categories?post=5064"},{"taxonomy":"post_tag","embeddable":true,"href":"https:\/\/sorbetkiwi.fr\/index.php\/wp-json\/wp\/v2\/tags?post=5064"}],"curies":[{"name":"wp","href":"https:\/\/api.w.org\/{rel}","templated":true}]}}