{"id":4728,"date":"2023-11-21T07:00:00","date_gmt":"2023-11-21T06:00:00","guid":{"rendered":"https:\/\/sorbetkiwi.fr\/?p=4728"},"modified":"2023-11-19T19:43:14","modified_gmt":"2023-11-19T18:43:14","slug":"coquelicot-de-fanny-vella","status":"publish","type":"post","link":"https:\/\/sorbetkiwi.fr\/index.php\/coquelicot-de-fanny-vella\/","title":{"rendered":"Coquelicot de Fanny Vella"},"content":{"rendered":"\t\t<div data-elementor-type=\"wp-post\" data-elementor-id=\"4728\" class=\"elementor elementor-4728\">\n\t\t\t\t\t\t<section class=\"elementor-section elementor-top-section elementor-element elementor-element-761a7ab6 elementor-section-boxed elementor-section-height-default elementor-section-height-default\" data-id=\"761a7ab6\" data-element_type=\"section\" data-e-type=\"section\">\n\t\t\t\t\t\t<div class=\"elementor-container elementor-column-gap-default\">\n\t\t\t\t\t<div class=\"elementor-column elementor-col-100 elementor-top-column elementor-element elementor-element-1ee9e6f\" data-id=\"1ee9e6f\" data-element_type=\"column\" data-e-type=\"column\">\n\t\t\t<div class=\"elementor-widget-wrap elementor-element-populated\">\n\t\t\t\t\t\t<div class=\"elementor-element elementor-element-63001cc elementor-widget elementor-widget-heading\" data-id=\"63001cc\" data-element_type=\"widget\" data-e-type=\"widget\" data-widget_type=\"heading.default\">\n\t\t\t\t<div class=\"elementor-widget-container\">\n\t\t\t\t\t<h1 class=\"elementor-heading-title elementor-size-medium\">Coquelicot<\/h1>\t\t\t\t<\/div>\n\t\t\t\t<\/div>\n\t\t\t\t<div class=\"elementor-element elementor-element-487e188a elementor-view-default elementor-widget elementor-widget-icon\" data-id=\"487e188a\" data-element_type=\"widget\" data-e-type=\"widget\" data-widget_type=\"icon.default\">\n\t\t\t\t<div class=\"elementor-widget-container\">\n\t\t\t\t\t\t\t<div class=\"elementor-icon-wrapper\">\n\t\t\t<div class=\"elementor-icon\">\n\t\t\t<i aria-hidden=\"true\" class=\"fas fa-candy-cane\"><\/i>\t\t\t<\/div>\n\t\t<\/div>\n\t\t\t\t\t\t<\/div>\n\t\t\t\t<\/div>\n\t\t\t\t<div class=\"elementor-element elementor-element-746fd9f3 elementor-widget-divider--view-line elementor-widget elementor-widget-divider\" data-id=\"746fd9f3\" data-element_type=\"widget\" data-e-type=\"widget\" data-widget_type=\"divider.default\">\n\t\t\t\t<div class=\"elementor-widget-container\">\n\t\t\t\t\t\t\t<div class=\"elementor-divider\">\n\t\t\t<span class=\"elementor-divider-separator\">\n\t\t\t\t\t\t<\/span>\n\t\t<\/div>\n\t\t\t\t\t\t<\/div>\n\t\t\t\t<\/div>\n\t\t\t\t<div class=\"elementor-element elementor-element-3e279837 elementor-widget elementor-widget-heading\" data-id=\"3e279837\" data-element_type=\"widget\" data-e-type=\"widget\" data-widget_type=\"heading.default\">\n\t\t\t\t<div class=\"elementor-widget-container\">\n\t\t\t\t\t<h2 class=\"elementor-heading-title elementor-size-medium\">R\u00e9sum\u00e9<\/h2>\t\t\t\t<\/div>\n\t\t\t\t<\/div>\n\t\t\t\t<div class=\"elementor-element elementor-element-3e281286 elementor-widget elementor-widget-text-editor\" data-id=\"3e281286\" data-element_type=\"widget\" data-e-type=\"widget\" data-widget_type=\"text-editor.default\">\n\t\t\t\t<div class=\"elementor-widget-container\">\n\t\t\t\t\t\t\t\t\t<p>Le corps d&rsquo;Emilie ne cesse de la trahir. Pourquoi la fait-il reculer d&rsquo;un pas d\u00e8s qu&rsquo;un gar\u00e7on l&rsquo;approche ? Se ferme-t-il d\u00e8s qu&rsquo;elle essaie d&rsquo;y ins\u00e9rer une protection p\u00e9riodique ? Pourquoi a-t-elle si mal lors des rapports sexuels ? Et ce rouge coquelicot qui lui monte aux joues d\u00e8s qu&rsquo;on s&rsquo;adresse \u00e0 elle&#8230; Emilie en vient \u00e0 ha\u00efr et craindre ce corps qui semble avoir une volont\u00e9 propre. <br \/>Mais qu&rsquo;essaie-t-il donc de lui dire ?<\/p>\t\t\t\t\t\t\t\t<\/div>\n\t\t\t\t<\/div>\n\t\t\t\t<div class=\"elementor-element elementor-element-2b4d5588 elementor-widget-divider--view-line elementor-widget elementor-widget-divider\" data-id=\"2b4d5588\" data-element_type=\"widget\" data-e-type=\"widget\" data-widget_type=\"divider.default\">\n\t\t\t\t<div class=\"elementor-widget-container\">\n\t\t\t\t\t\t\t<div class=\"elementor-divider\">\n\t\t\t<span class=\"elementor-divider-separator\">\n\t\t\t\t\t\t<\/span>\n\t\t<\/div>\n\t\t\t\t\t\t<\/div>\n\t\t\t\t<\/div>\n\t\t\t\t<div class=\"elementor-element elementor-element-7780c7f7 elementor-widget elementor-widget-heading\" data-id=\"7780c7f7\" data-element_type=\"widget\" data-e-type=\"widget\" data-widget_type=\"heading.default\">\n\t\t\t\t<div class=\"elementor-widget-container\">\n\t\t\t\t\t<h2 class=\"elementor-heading-title elementor-size-medium\">Ma note<\/h2>\t\t\t\t<\/div>\n\t\t\t\t<\/div>\n\t\t\t\t<div class=\"elementor-element elementor-element-295f9f4b elementor-star-rating--align-center elementor--star-style-star_fontawesome elementor-widget elementor-widget-star-rating\" data-id=\"295f9f4b\" data-element_type=\"widget\" data-e-type=\"widget\" data-widget_type=\"star-rating.default\">\n\t\t\t\t<div class=\"elementor-widget-container\">\n\t\t\t\t\t\t\t<div class=\"elementor-star-rating__wrapper\">\n\t\t\t\t\t\t<div class=\"elementor-star-rating\" itemtype=\"http:\/\/schema.org\/Rating\" itemscope=\"\" itemprop=\"reviewRating\">\n\t\t\t\t<i class=\"elementor-star-full\" aria-hidden=\"true\">&#xE934;<\/i><i class=\"elementor-star-full\" aria-hidden=\"true\">&#xE934;<\/i><i class=\"elementor-star-full\" aria-hidden=\"true\">&#xE934;<\/i><i class=\"elementor-star-full\" aria-hidden=\"true\">&#xE934;<\/i><i class=\"elementor-star-full\" aria-hidden=\"true\">&#xE934;<\/i>\t\t\t\t<span itemprop=\"ratingValue\" class=\"elementor-screen-only\">Not\u00e9 5 sur 5<\/span>\n\t\t\t<\/div>\n\t\t<\/div>\n\t\t\t\t\t\t<\/div>\n\t\t\t\t<\/div>\n\t\t\t\t<div class=\"elementor-element elementor-element-429ac5b0 elementor-widget-divider--view-line elementor-widget elementor-widget-divider\" data-id=\"429ac5b0\" data-element_type=\"widget\" data-e-type=\"widget\" data-widget_type=\"divider.default\">\n\t\t\t\t<div class=\"elementor-widget-container\">\n\t\t\t\t\t\t\t<div class=\"elementor-divider\">\n\t\t\t<span class=\"elementor-divider-separator\">\n\t\t\t\t\t\t<\/span>\n\t\t<\/div>\n\t\t\t\t\t\t<\/div>\n\t\t\t\t<\/div>\n\t\t\t\t<div class=\"elementor-element elementor-element-59acbaa8 elementor-widget elementor-widget-heading\" data-id=\"59acbaa8\" data-element_type=\"widget\" data-e-type=\"widget\" data-widget_type=\"heading.default\">\n\t\t\t\t<div class=\"elementor-widget-container\">\n\t\t\t\t\t<h2 class=\"elementor-heading-title elementor-size-medium\">Un cadeau pour soi et les autres<\/h2>\t\t\t\t<\/div>\n\t\t\t\t<\/div>\n\t\t\t\t<div class=\"elementor-element elementor-element-3d163a19 elementor-widget elementor-widget-text-editor\" data-id=\"3d163a19\" data-element_type=\"widget\" data-e-type=\"widget\" data-widget_type=\"text-editor.default\">\n\t\t\t\t<div class=\"elementor-widget-container\">\n\t\t\t\t\t\t\t\t\t<p><span style=\"font-family: 'Roboto', Times, serif; font-size: 16px;\">Nous sommes bien d&rsquo;accord que le titre de cette BD du mardi, Coquelicot, semble bien plus adapt\u00e9 \u00e0 <a href=\"https:\/\/sorbetkiwi.fr\/index.php\/category\/l-ete\/\">l&rsquo;\u00e9t\u00e9<\/a> qu&rsquo;\u00e0 <a href=\"https:\/\/sorbetkiwi.fr\/index.php\/category\/noel\/\">No\u00ebl<\/a>, techniquement. Mais, d\u00e9j\u00e0, elle, ce r\u00e9cit est intemporel et ne se place dans aucune saison. Et en novembre, en g\u00e9n\u00e9ral, on part aussi \u00e0 la recherche de cadeaux, et je pense que ce r\u00e9cit pourrait totalement en \u00eatre un pour cette amie engag\u00e9e, ou cette soeur qui ne se sent pas entendue sur des sujets douloureux par exemple. Mais aussi \u00e0 cet homme qui cherche \u00e0 s&rsquo;\u00e9duquer.\u00a0<\/span><\/p><p><span style=\"font-family: 'Roboto', Times, serif; font-size: 16px;\">C&rsquo;est pourquoi j&rsquo;ai d\u00e9cid\u00e9 de le sortir de ma PAL maintenant, en me demandant : \u00e0 qui peut-on bien l&rsquo;offrir ? D\u00e9j\u00e0&#8230; \u00e0 soi-m\u00eame&#8230; Il faut savoir qu&rsquo;il y a des trigger warning, tr\u00e8s bien indiqu\u00e9s d&rsquo;ailleurs. J&rsquo;ai appr\u00e9ci\u00e9 qu&rsquo;une note au d\u00e9but pr\u00e9vienne \u00ab\u00a0Cet ouvrage aborde des sujets difficiles\u00a0\u00bb et nous invite \u00e0 une page pr\u00e9cise \u00e0 la fin de la BD pour savoir lesquels si on le souhaite. Je resterai donc volontairement vague afin de les pr\u00e9server.<\/span><\/p>\t\t\t\t\t\t\t\t<\/div>\n\t\t\t\t<\/div>\n\t\t\t\t<div class=\"elementor-element elementor-element-4ad3818b elementor-widget-divider--view-line elementor-widget elementor-widget-divider\" data-id=\"4ad3818b\" data-element_type=\"widget\" data-e-type=\"widget\" data-widget_type=\"divider.default\">\n\t\t\t\t<div class=\"elementor-widget-container\">\n\t\t\t\t\t\t\t<div class=\"elementor-divider\">\n\t\t\t<span class=\"elementor-divider-separator\">\n\t\t\t\t\t\t<\/span>\n\t\t<\/div>\n\t\t\t\t\t\t<\/div>\n\t\t\t\t<\/div>\n\t\t\t\t<div class=\"elementor-element elementor-element-ff6962e elementor-widget elementor-widget-heading\" data-id=\"ff6962e\" data-element_type=\"widget\" data-e-type=\"widget\" data-widget_type=\"heading.default\">\n\t\t\t\t<div class=\"elementor-widget-container\">\n\t\t\t\t\t<h4 class=\"elementor-heading-title elementor-size-medium\">\"T'es le plus adorable petit coquelicot que j'ai tenu un jour dans mes mains. C'est fragile \u00e7a, un coquelicot, faut en prendre soin.\"<\/h4>\t\t\t\t<\/div>\n\t\t\t\t<\/div>\n\t\t\t\t<div class=\"elementor-element elementor-element-5ce5834d elementor-widget-divider--view-line elementor-widget elementor-widget-divider\" data-id=\"5ce5834d\" data-element_type=\"widget\" data-e-type=\"widget\" data-widget_type=\"divider.default\">\n\t\t\t\t<div class=\"elementor-widget-container\">\n\t\t\t\t\t\t\t<div class=\"elementor-divider\">\n\t\t\t<span class=\"elementor-divider-separator\">\n\t\t\t\t\t\t<\/span>\n\t\t<\/div>\n\t\t\t\t\t\t<\/div>\n\t\t\t\t<\/div>\n\t\t\t\t<div class=\"elementor-element elementor-element-1cd42939 elementor-widget elementor-widget-heading\" data-id=\"1cd42939\" data-element_type=\"widget\" data-e-type=\"widget\" data-widget_type=\"heading.default\">\n\t\t\t\t<div class=\"elementor-widget-container\">\n\t\t\t\t\t<h2 class=\"elementor-heading-title elementor-size-medium\">Un texte essentiel<\/h2>\t\t\t\t<\/div>\n\t\t\t\t<\/div>\n\t\t\t\t<div class=\"elementor-element elementor-element-49b329da elementor-widget elementor-widget-text-editor\" data-id=\"49b329da\" data-element_type=\"widget\" data-e-type=\"widget\" data-widget_type=\"text-editor.default\">\n\t\t\t\t<div class=\"elementor-widget-container\">\n\t\t\t\t\t\t\t\t\t<div class=\"x_elementToProof elementToProof\"><span style=\"font-family: 'Roboto', Times, serif; font-size: 16px;\">Nous rencontrons Emilie \u00e0 10 ans, lors de ses premi\u00e8res r\u00e8gles. Elle les consid\u00e8re comme un \u00e9chec, comme un moment terrible qui vient lui ruiner la vie et qui l&#8217;emp\u00eache d&rsquo;\u00eatre appr\u00e9ci\u00e9 des autres. Puis vient le coll\u00e8ge&#8230; et les relations amoureuses. D\u00e9j\u00e0, c&rsquo;est terrible \u00e0 quel point je me suis identifi\u00e9e \u00e0 elle. Parce qu&rsquo;en 6\u00e8me, j&rsquo;ai \u00e9t\u00e9 victime d&rsquo;une agression sexuelle qui a eu un impact tr\u00e8s fort sur moi \u00e9videmment et qui m&rsquo;a, de fait, mise dans la m\u00eame situation qu&rsquo;elle. Et ce qui m&rsquo;a vraiment brusqu\u00e9 dans ce texte sans fard&#8230; c&rsquo;est qu&rsquo;arriv\u00e9e \u00e0 la page 26, j&rsquo;avais d\u00e9j\u00e0 envie de l&rsquo;offrir \u00e0 3 de mes amies pour certaines de leurs proches. Et c&rsquo;est l\u00e0 qu&rsquo;on sait \u00e0 quel point ce genre de BD est absolument essentielles. Comme toujours chez Leduc Graphic, d\u00e9s le d\u00e9but, je me dis que celle-ci devrait \u00eatre mise en avant dans le bureau de l&rsquo;infirmi\u00e8re au coll\u00e8ge et au lyc\u00e9e. \u00a0<\/span><\/div>\t\t\t\t\t\t\t\t<\/div>\n\t\t\t\t<\/div>\n\t\t\t\t<div class=\"elementor-element elementor-element-1d62ac32 elementor-widget-divider--view-line elementor-widget elementor-widget-divider\" data-id=\"1d62ac32\" data-element_type=\"widget\" data-e-type=\"widget\" data-widget_type=\"divider.default\">\n\t\t\t\t<div class=\"elementor-widget-container\">\n\t\t\t\t\t\t\t<div class=\"elementor-divider\">\n\t\t\t<span class=\"elementor-divider-separator\">\n\t\t\t\t\t\t<\/span>\n\t\t<\/div>\n\t\t\t\t\t\t<\/div>\n\t\t\t\t<\/div>\n\t\t\t\t<div class=\"elementor-element elementor-element-1063ecc2 elementor-widget elementor-widget-heading\" data-id=\"1063ecc2\" data-element_type=\"widget\" data-e-type=\"widget\" data-widget_type=\"heading.default\">\n\t\t\t\t<div class=\"elementor-widget-container\">\n\t\t\t\t\t<h2 class=\"elementor-heading-title elementor-size-medium\">Une r\u00e9elle prise de conscience<\/h2>\t\t\t\t<\/div>\n\t\t\t\t<\/div>\n\t\t\t\t<div class=\"elementor-element elementor-element-2b52d8a0 elementor-widget elementor-widget-text-editor\" data-id=\"2b52d8a0\" data-element_type=\"widget\" data-e-type=\"widget\" data-widget_type=\"text-editor.default\">\n\t\t\t\t<div class=\"elementor-widget-container\">\n\t\t\t\t\t\t\t\t\t<p><span style=\"font-family: 'Roboto', Times, serif; font-size: 16px;\">Evidemment, l&rsquo;exp\u00e9rience d&rsquo;Emilie n&rsquo;est pas une g\u00e9n\u00e9ralit\u00e9, et son histoire diff\u00e8re forcement des n\u00f4tres. Puisqu&rsquo;aucune ne se ressemble. Mes les \u00e9motions sont-elles si diff\u00e9rentes ? Je ne le crois pas. Ce que j&rsquo;ai tout particuli\u00e8rement appr\u00e9ci\u00e9, c&rsquo;est que Fanny Vella permet au corps d&rsquo;Emilie de parler. De lui parler, et ainsi de nous parler. Nous le voyons, mais il faut du temps pour la jeune femme \u00e0 accepter qu&rsquo;il a lui aussi son mot \u00e0 dire. Et je crois que c&rsquo;est en cela que je me suis sentie profond\u00e9ment comprise, m\u00eame si notre parcours n&rsquo;est pas identique.\u00a0<\/span><\/p><p><span style=\"font-family: 'Roboto', Times, serif; font-size: 16px;\">Enfin, gr\u00e2ce au parcours gyn\u00e9cologique d&rsquo;Emilie, je me suis rendue compte qu&rsquo;il fallait absolument que je change de gyn\u00e9cologue. Parce que ce n&rsquo;est pas le pire, mais visiblement, il n&rsquo;est pas bon non plus. Et il est temps que cela change. Pour moi. Alors merci Fanny Vella pour cette prise de conscience, mais aussi pour ces larmes lib\u00e9ratrices qui ont coul\u00e9 en refermant votre BD. Ce fut un \u00e9norme coup de coeur.\u00a0<\/span><\/p>\t\t\t\t\t\t\t\t<\/div>\n\t\t\t\t<\/div>\n\t\t\t\t<div class=\"elementor-element elementor-element-740b709f elementor-widget elementor-widget-heading\" data-id=\"740b709f\" data-element_type=\"widget\" data-e-type=\"widget\" data-widget_type=\"heading.default\">\n\t\t\t\t<div class=\"elementor-widget-container\">\n\t\t\t\t\t<h4 class=\"elementor-heading-title elementor-size-medium\">Sur la blogosph\u00e8re<\/h4>\t\t\t\t<\/div>\n\t\t\t\t<\/div>\n\t\t\t\t<div class=\"elementor-element elementor-element-6a67c9c0 elementor-widget elementor-widget-text-editor\" data-id=\"6a67c9c0\" data-element_type=\"widget\" data-e-type=\"widget\" data-widget_type=\"text-editor.default\">\n\t\t\t\t<div class=\"elementor-widget-container\">\n\t\t\t\t\t\t\t\t\t<p>Les avis sur Coquelicot ailleurs :\u00a0<\/p><ul><li><a href=\"https:\/\/lesinstantsvolesalavie.com\/2023\/10\/26\/coquelicot\/\">Les instant vol\u00e9s \u00e0 la vie<\/a> &#8211; 17\/20<\/li><li><a href=\"https:\/\/www.leslecturesdemylene.com\/2023\/09\/coquelicot-de-fanny-vella.html\">Les lectures de Myl\u00e8ne<\/a> &#8211; 18\/20<\/li><\/ul>\t\t\t\t\t\t\t\t<\/div>\n\t\t\t\t<\/div>\n\t\t\t\t\t<\/div>\n\t\t<\/div>\n\t\t\t\t\t<\/div>\n\t\t<\/section>\n\t\t\t\t<\/div>\n\t\t","protected":false},"excerpt":{"rendered":"<p>Coquelicot R\u00e9sum\u00e9 Le corps d&rsquo;Emilie ne cesse de la trahir. Pourquoi la fait-il reculer d&rsquo;un pas d\u00e8s qu&rsquo;un gar\u00e7on l&rsquo;approche ? Se ferme-t-il d\u00e8s qu&rsquo;elle essaie d&rsquo;y ins\u00e9rer une protection p\u00e9riodique ? Pourquoi a-t-elle si &hellip; <\/p>\n","protected":false},"author":1,"featured_media":4729,"comment_status":"open","ping_status":"open","sticky":false,"template":"","format":"standard","meta":{"footnotes":""},"categories":[9,17,8,1],"tags":[80,79,296,1264,767,393,1268,1265,1266,270,1267],"class_list":["post-4728","post","type-post","status-publish","format-standard","has-post-thumbnail","hentry","category-coups-de-coeur","category-noel","category-partenariats","category-tout-le-blog","tag-bande-dessinee","tag-bd","tag-bd-du-mardi","tag-coquelicot","tag-editions-leduc","tag-editions-leduc-graphic","tag-estime-de-soi","tag-fanny-vella","tag-intimite","tag-noel","tag-sexualite","has-single-img"],"yoast_head":"<!-- This site is optimized with the Yoast SEO plugin v27.4 - https:\/\/yoast.com\/product\/yoast-seo-wordpress\/ -->\n<title>Coquelicot de Fanny Vella - Sorbet Kiwi<\/title>\n<meta name=\"description\" content=\"Ma chronique de la BD du mardi Coquelicot de Fanny Vella publi\u00e9e aux \u00e9ditions Leduc Graphic, label des \u00e9ditions Leduc.\" \/>\n<meta name=\"robots\" content=\"index, follow, max-snippet:-1, max-image-preview:large, max-video-preview:-1\" \/>\n<link rel=\"canonical\" href=\"https:\/\/sorbetkiwi.fr\/index.php\/coquelicot-de-fanny-vella\/\" \/>\n<meta property=\"og:locale\" content=\"fr_FR\" \/>\n<meta property=\"og:type\" content=\"article\" \/>\n<meta property=\"og:title\" content=\"Coquelicot de Fanny Vella - Sorbet Kiwi\" \/>\n<meta property=\"og:description\" content=\"Ma chronique de la BD du mardi Coquelicot de Fanny Vella publi\u00e9e aux \u00e9ditions Leduc Graphic, label des \u00e9ditions Leduc.\" \/>\n<meta property=\"og:url\" content=\"https:\/\/sorbetkiwi.fr\/index.php\/coquelicot-de-fanny-vella\/\" \/>\n<meta property=\"og:site_name\" content=\"Sorbet Kiwi\" \/>\n<meta property=\"article:publisher\" content=\"https:\/\/www.facebook.com\/profile.php?id=100086238893269\" \/>\n<meta property=\"article:published_time\" content=\"2023-11-21T06:00:00+00:00\" \/>\n<meta property=\"og:image\" content=\"https:\/\/sorbetkiwi.fr\/wp-content\/uploads\/2023\/11\/Coquelicots-Fanny-Vella-scaled.jpg\" \/>\n\t<meta property=\"og:image:width\" content=\"1920\" \/>\n\t<meta property=\"og:image:height\" content=\"2560\" \/>\n\t<meta property=\"og:image:type\" content=\"image\/jpeg\" \/>\n<meta name=\"author\" content=\"Sorbet-Kiwi\" \/>\n<meta name=\"twitter:card\" content=\"summary_large_image\" \/>\n<meta name=\"twitter:creator\" content=\"@pepparshoes\" \/>\n<meta name=\"twitter:site\" content=\"@pepparshoes\" \/>\n<meta name=\"twitter:label1\" content=\"\u00c9crit par\" \/>\n\t<meta name=\"twitter:data1\" content=\"Sorbet-Kiwi\" \/>\n\t<meta name=\"twitter:label2\" content=\"Dur\u00e9e de lecture estim\u00e9e\" \/>\n\t<meta name=\"twitter:data2\" content=\"4 minutes\" \/>\n<script type=\"application\/ld+json\" class=\"yoast-schema-graph\">{\"@context\":\"https:\\\/\\\/schema.org\",\"@graph\":[{\"@type\":\"Article\",\"@id\":\"https:\\\/\\\/sorbetkiwi.fr\\\/index.php\\\/coquelicot-de-fanny-vella\\\/#article\",\"isPartOf\":{\"@id\":\"https:\\\/\\\/sorbetkiwi.fr\\\/index.php\\\/coquelicot-de-fanny-vella\\\/\"},\"author\":{\"name\":\"Sorbet-Kiwi\",\"@id\":\"https:\\\/\\\/sorbetkiwi.fr\\\/#\\\/schema\\\/person\\\/ed1b7b527a2957ddc3bf38b076540659\"},\"headline\":\"Coquelicot de Fanny Vella\",\"datePublished\":\"2023-11-21T06:00:00+00:00\",\"mainEntityOfPage\":{\"@id\":\"https:\\\/\\\/sorbetkiwi.fr\\\/index.php\\\/coquelicot-de-fanny-vella\\\/\"},\"wordCount\":724,\"commentCount\":0,\"publisher\":{\"@id\":\"https:\\\/\\\/sorbetkiwi.fr\\\/#organization\"},\"image\":{\"@id\":\"https:\\\/\\\/sorbetkiwi.fr\\\/index.php\\\/coquelicot-de-fanny-vella\\\/#primaryimage\"},\"thumbnailUrl\":\"https:\\\/\\\/sorbetkiwi.fr\\\/wp-content\\\/uploads\\\/2023\\\/11\\\/Coquelicots-Fanny-Vella-scaled.jpg\",\"keywords\":[\"Bande dessin\u00e9e\",\"BD\",\"BD du mardi\",\"Coquelicot\",\"Editions Leduc\",\"Editions Leduc Graphic\",\"Estime de soi\",\"Fanny Vella\",\"Intimit\u00e9\",\"No\u00ebl\",\"Sexualit\u00e9\"],\"articleSection\":[\"Coups de coeur\",\"No\u00ebl\",\"Partenariats\",\"Tout le blog\"],\"inLanguage\":\"fr-FR\",\"potentialAction\":[{\"@type\":\"CommentAction\",\"name\":\"Comment\",\"target\":[\"https:\\\/\\\/sorbetkiwi.fr\\\/index.php\\\/coquelicot-de-fanny-vella\\\/#respond\"]}]},{\"@type\":\"WebPage\",\"@id\":\"https:\\\/\\\/sorbetkiwi.fr\\\/index.php\\\/coquelicot-de-fanny-vella\\\/\",\"url\":\"https:\\\/\\\/sorbetkiwi.fr\\\/index.php\\\/coquelicot-de-fanny-vella\\\/\",\"name\":\"Coquelicot de Fanny Vella - Sorbet Kiwi\",\"isPartOf\":{\"@id\":\"https:\\\/\\\/sorbetkiwi.fr\\\/#website\"},\"primaryImageOfPage\":{\"@id\":\"https:\\\/\\\/sorbetkiwi.fr\\\/index.php\\\/coquelicot-de-fanny-vella\\\/#primaryimage\"},\"image\":{\"@id\":\"https:\\\/\\\/sorbetkiwi.fr\\\/index.php\\\/coquelicot-de-fanny-vella\\\/#primaryimage\"},\"thumbnailUrl\":\"https:\\\/\\\/sorbetkiwi.fr\\\/wp-content\\\/uploads\\\/2023\\\/11\\\/Coquelicots-Fanny-Vella-scaled.jpg\",\"datePublished\":\"2023-11-21T06:00:00+00:00\",\"description\":\"Ma chronique de la BD du mardi Coquelicot de Fanny Vella publi\u00e9e aux \u00e9ditions Leduc Graphic, label des \u00e9ditions Leduc.\",\"breadcrumb\":{\"@id\":\"https:\\\/\\\/sorbetkiwi.fr\\\/index.php\\\/coquelicot-de-fanny-vella\\\/#breadcrumb\"},\"inLanguage\":\"fr-FR\",\"potentialAction\":[{\"@type\":\"ReadAction\",\"target\":[\"https:\\\/\\\/sorbetkiwi.fr\\\/index.php\\\/coquelicot-de-fanny-vella\\\/\"]}]},{\"@type\":\"ImageObject\",\"inLanguage\":\"fr-FR\",\"@id\":\"https:\\\/\\\/sorbetkiwi.fr\\\/index.php\\\/coquelicot-de-fanny-vella\\\/#primaryimage\",\"url\":\"https:\\\/\\\/sorbetkiwi.fr\\\/wp-content\\\/uploads\\\/2023\\\/11\\\/Coquelicots-Fanny-Vella-scaled.jpg\",\"contentUrl\":\"https:\\\/\\\/sorbetkiwi.fr\\\/wp-content\\\/uploads\\\/2023\\\/11\\\/Coquelicots-Fanny-Vella-scaled.jpg\",\"width\":1920,\"height\":2560,\"caption\":\"Coquelicots Fanny Vella\"},{\"@type\":\"BreadcrumbList\",\"@id\":\"https:\\\/\\\/sorbetkiwi.fr\\\/index.php\\\/coquelicot-de-fanny-vella\\\/#breadcrumb\",\"itemListElement\":[{\"@type\":\"ListItem\",\"position\":1,\"name\":\"Accueil\",\"item\":\"https:\\\/\\\/sorbetkiwi.fr\\\/\"},{\"@type\":\"ListItem\",\"position\":2,\"name\":\"Coquelicot de Fanny Vella\"}]},{\"@type\":\"WebSite\",\"@id\":\"https:\\\/\\\/sorbetkiwi.fr\\\/#website\",\"url\":\"https:\\\/\\\/sorbetkiwi.fr\\\/\",\"name\":\"Sorbet Kiwi\",\"description\":\"Des lectures th\u00e9matiques par saison et les avis qui vont avec\",\"publisher\":{\"@id\":\"https:\\\/\\\/sorbetkiwi.fr\\\/#organization\"},\"potentialAction\":[{\"@type\":\"SearchAction\",\"target\":{\"@type\":\"EntryPoint\",\"urlTemplate\":\"https:\\\/\\\/sorbetkiwi.fr\\\/?s={search_term_string}\"},\"query-input\":{\"@type\":\"PropertyValueSpecification\",\"valueRequired\":true,\"valueName\":\"search_term_string\"}}],\"inLanguage\":\"fr-FR\"},{\"@type\":\"Organization\",\"@id\":\"https:\\\/\\\/sorbetkiwi.fr\\\/#organization\",\"name\":\"Sorbet Kiwi\",\"url\":\"https:\\\/\\\/sorbetkiwi.fr\\\/\",\"logo\":{\"@type\":\"ImageObject\",\"inLanguage\":\"fr-FR\",\"@id\":\"https:\\\/\\\/sorbetkiwi.fr\\\/#\\\/schema\\\/logo\\\/image\\\/\",\"url\":\"https:\\\/\\\/sorbetkiwi.fr\\\/wp-content\\\/uploads\\\/2022\\\/10\\\/Banniere-Sorbet-Kiwi-2022.jpg\",\"contentUrl\":\"https:\\\/\\\/sorbetkiwi.fr\\\/wp-content\\\/uploads\\\/2022\\\/10\\\/Banniere-Sorbet-Kiwi-2022.jpg\",\"width\":814,\"height\":401,\"caption\":\"Sorbet Kiwi\"},\"image\":{\"@id\":\"https:\\\/\\\/sorbetkiwi.fr\\\/#\\\/schema\\\/logo\\\/image\\\/\"},\"sameAs\":[\"https:\\\/\\\/www.facebook.com\\\/profile.php?id=100086238893269\",\"https:\\\/\\\/x.com\\\/pepparshoes\",\"https:\\\/\\\/www.instagram.com\\\/sorbetkiwi\\\/\",\"https:\\\/\\\/www.tiktok.com\\\/sorbetkiwi\"]},{\"@type\":\"Person\",\"@id\":\"https:\\\/\\\/sorbetkiwi.fr\\\/#\\\/schema\\\/person\\\/ed1b7b527a2957ddc3bf38b076540659\",\"name\":\"Sorbet-Kiwi\",\"image\":{\"@type\":\"ImageObject\",\"inLanguage\":\"fr-FR\",\"@id\":\"https:\\\/\\\/secure.gravatar.com\\\/avatar\\\/86f0a5c27d76317621b9e374d0f3a01d3a85278f10d0c7207ced4fd773057442?s=96&d=mm&r=g\",\"url\":\"https:\\\/\\\/secure.gravatar.com\\\/avatar\\\/86f0a5c27d76317621b9e374d0f3a01d3a85278f10d0c7207ced4fd773057442?s=96&d=mm&r=g\",\"contentUrl\":\"https:\\\/\\\/secure.gravatar.com\\\/avatar\\\/86f0a5c27d76317621b9e374d0f3a01d3a85278f10d0c7207ced4fd773057442?s=96&d=mm&r=g\",\"caption\":\"Sorbet-Kiwi\"},\"sameAs\":[\"http:\\\/\\\/sorbetkiwi.fr\"],\"url\":\"https:\\\/\\\/sorbetkiwi.fr\\\/index.php\\\/author\\\/admin7717\\\/\"}]}<\/script>\n<!-- \/ Yoast SEO plugin. -->","yoast_head_json":{"title":"Coquelicot de Fanny Vella - Sorbet Kiwi","description":"Ma chronique de la BD du mardi Coquelicot de Fanny Vella publi\u00e9e aux \u00e9ditions Leduc Graphic, label des \u00e9ditions Leduc.","robots":{"index":"index","follow":"follow","max-snippet":"max-snippet:-1","max-image-preview":"max-image-preview:large","max-video-preview":"max-video-preview:-1"},"canonical":"https:\/\/sorbetkiwi.fr\/index.php\/coquelicot-de-fanny-vella\/","og_locale":"fr_FR","og_type":"article","og_title":"Coquelicot de Fanny Vella - Sorbet Kiwi","og_description":"Ma chronique de la BD du mardi Coquelicot de Fanny Vella publi\u00e9e aux \u00e9ditions Leduc Graphic, label des \u00e9ditions Leduc.","og_url":"https:\/\/sorbetkiwi.fr\/index.php\/coquelicot-de-fanny-vella\/","og_site_name":"Sorbet Kiwi","article_publisher":"https:\/\/www.facebook.com\/profile.php?id=100086238893269","article_published_time":"2023-11-21T06:00:00+00:00","og_image":[{"width":1920,"height":2560,"url":"https:\/\/sorbetkiwi.fr\/wp-content\/uploads\/2023\/11\/Coquelicots-Fanny-Vella-scaled.jpg","type":"image\/jpeg"}],"author":"Sorbet-Kiwi","twitter_card":"summary_large_image","twitter_creator":"@pepparshoes","twitter_site":"@pepparshoes","twitter_misc":{"\u00c9crit par":"Sorbet-Kiwi","Dur\u00e9e de lecture estim\u00e9e":"4 minutes"},"schema":{"@context":"https:\/\/schema.org","@graph":[{"@type":"Article","@id":"https:\/\/sorbetkiwi.fr\/index.php\/coquelicot-de-fanny-vella\/#article","isPartOf":{"@id":"https:\/\/sorbetkiwi.fr\/index.php\/coquelicot-de-fanny-vella\/"},"author":{"name":"Sorbet-Kiwi","@id":"https:\/\/sorbetkiwi.fr\/#\/schema\/person\/ed1b7b527a2957ddc3bf38b076540659"},"headline":"Coquelicot de Fanny Vella","datePublished":"2023-11-21T06:00:00+00:00","mainEntityOfPage":{"@id":"https:\/\/sorbetkiwi.fr\/index.php\/coquelicot-de-fanny-vella\/"},"wordCount":724,"commentCount":0,"publisher":{"@id":"https:\/\/sorbetkiwi.fr\/#organization"},"image":{"@id":"https:\/\/sorbetkiwi.fr\/index.php\/coquelicot-de-fanny-vella\/#primaryimage"},"thumbnailUrl":"https:\/\/sorbetkiwi.fr\/wp-content\/uploads\/2023\/11\/Coquelicots-Fanny-Vella-scaled.jpg","keywords":["Bande dessin\u00e9e","BD","BD du mardi","Coquelicot","Editions Leduc","Editions Leduc Graphic","Estime de soi","Fanny Vella","Intimit\u00e9","No\u00ebl","Sexualit\u00e9"],"articleSection":["Coups de coeur","No\u00ebl","Partenariats","Tout le blog"],"inLanguage":"fr-FR","potentialAction":[{"@type":"CommentAction","name":"Comment","target":["https:\/\/sorbetkiwi.fr\/index.php\/coquelicot-de-fanny-vella\/#respond"]}]},{"@type":"WebPage","@id":"https:\/\/sorbetkiwi.fr\/index.php\/coquelicot-de-fanny-vella\/","url":"https:\/\/sorbetkiwi.fr\/index.php\/coquelicot-de-fanny-vella\/","name":"Coquelicot de Fanny Vella - Sorbet Kiwi","isPartOf":{"@id":"https:\/\/sorbetkiwi.fr\/#website"},"primaryImageOfPage":{"@id":"https:\/\/sorbetkiwi.fr\/index.php\/coquelicot-de-fanny-vella\/#primaryimage"},"image":{"@id":"https:\/\/sorbetkiwi.fr\/index.php\/coquelicot-de-fanny-vella\/#primaryimage"},"thumbnailUrl":"https:\/\/sorbetkiwi.fr\/wp-content\/uploads\/2023\/11\/Coquelicots-Fanny-Vella-scaled.jpg","datePublished":"2023-11-21T06:00:00+00:00","description":"Ma chronique de la BD du mardi Coquelicot de Fanny Vella publi\u00e9e aux \u00e9ditions Leduc Graphic, label des \u00e9ditions Leduc.","breadcrumb":{"@id":"https:\/\/sorbetkiwi.fr\/index.php\/coquelicot-de-fanny-vella\/#breadcrumb"},"inLanguage":"fr-FR","potentialAction":[{"@type":"ReadAction","target":["https:\/\/sorbetkiwi.fr\/index.php\/coquelicot-de-fanny-vella\/"]}]},{"@type":"ImageObject","inLanguage":"fr-FR","@id":"https:\/\/sorbetkiwi.fr\/index.php\/coquelicot-de-fanny-vella\/#primaryimage","url":"https:\/\/sorbetkiwi.fr\/wp-content\/uploads\/2023\/11\/Coquelicots-Fanny-Vella-scaled.jpg","contentUrl":"https:\/\/sorbetkiwi.fr\/wp-content\/uploads\/2023\/11\/Coquelicots-Fanny-Vella-scaled.jpg","width":1920,"height":2560,"caption":"Coquelicots Fanny Vella"},{"@type":"BreadcrumbList","@id":"https:\/\/sorbetkiwi.fr\/index.php\/coquelicot-de-fanny-vella\/#breadcrumb","itemListElement":[{"@type":"ListItem","position":1,"name":"Accueil","item":"https:\/\/sorbetkiwi.fr\/"},{"@type":"ListItem","position":2,"name":"Coquelicot de Fanny Vella"}]},{"@type":"WebSite","@id":"https:\/\/sorbetkiwi.fr\/#website","url":"https:\/\/sorbetkiwi.fr\/","name":"Sorbet Kiwi","description":"Des lectures th\u00e9matiques par saison et les avis qui vont avec","publisher":{"@id":"https:\/\/sorbetkiwi.fr\/#organization"},"potentialAction":[{"@type":"SearchAction","target":{"@type":"EntryPoint","urlTemplate":"https:\/\/sorbetkiwi.fr\/?s={search_term_string}"},"query-input":{"@type":"PropertyValueSpecification","valueRequired":true,"valueName":"search_term_string"}}],"inLanguage":"fr-FR"},{"@type":"Organization","@id":"https:\/\/sorbetkiwi.fr\/#organization","name":"Sorbet Kiwi","url":"https:\/\/sorbetkiwi.fr\/","logo":{"@type":"ImageObject","inLanguage":"fr-FR","@id":"https:\/\/sorbetkiwi.fr\/#\/schema\/logo\/image\/","url":"https:\/\/sorbetkiwi.fr\/wp-content\/uploads\/2022\/10\/Banniere-Sorbet-Kiwi-2022.jpg","contentUrl":"https:\/\/sorbetkiwi.fr\/wp-content\/uploads\/2022\/10\/Banniere-Sorbet-Kiwi-2022.jpg","width":814,"height":401,"caption":"Sorbet Kiwi"},"image":{"@id":"https:\/\/sorbetkiwi.fr\/#\/schema\/logo\/image\/"},"sameAs":["https:\/\/www.facebook.com\/profile.php?id=100086238893269","https:\/\/x.com\/pepparshoes","https:\/\/www.instagram.com\/sorbetkiwi\/","https:\/\/www.tiktok.com\/sorbetkiwi"]},{"@type":"Person","@id":"https:\/\/sorbetkiwi.fr\/#\/schema\/person\/ed1b7b527a2957ddc3bf38b076540659","name":"Sorbet-Kiwi","image":{"@type":"ImageObject","inLanguage":"fr-FR","@id":"https:\/\/secure.gravatar.com\/avatar\/86f0a5c27d76317621b9e374d0f3a01d3a85278f10d0c7207ced4fd773057442?s=96&d=mm&r=g","url":"https:\/\/secure.gravatar.com\/avatar\/86f0a5c27d76317621b9e374d0f3a01d3a85278f10d0c7207ced4fd773057442?s=96&d=mm&r=g","contentUrl":"https:\/\/secure.gravatar.com\/avatar\/86f0a5c27d76317621b9e374d0f3a01d3a85278f10d0c7207ced4fd773057442?s=96&d=mm&r=g","caption":"Sorbet-Kiwi"},"sameAs":["http:\/\/sorbetkiwi.fr"],"url":"https:\/\/sorbetkiwi.fr\/index.php\/author\/admin7717\/"}]}},"_links":{"self":[{"href":"https:\/\/sorbetkiwi.fr\/index.php\/wp-json\/wp\/v2\/posts\/4728","targetHints":{"allow":["GET"]}}],"collection":[{"href":"https:\/\/sorbetkiwi.fr\/index.php\/wp-json\/wp\/v2\/posts"}],"about":[{"href":"https:\/\/sorbetkiwi.fr\/index.php\/wp-json\/wp\/v2\/types\/post"}],"author":[{"embeddable":true,"href":"https:\/\/sorbetkiwi.fr\/index.php\/wp-json\/wp\/v2\/users\/1"}],"replies":[{"embeddable":true,"href":"https:\/\/sorbetkiwi.fr\/index.php\/wp-json\/wp\/v2\/comments?post=4728"}],"version-history":[{"count":5,"href":"https:\/\/sorbetkiwi.fr\/index.php\/wp-json\/wp\/v2\/posts\/4728\/revisions"}],"predecessor-version":[{"id":4734,"href":"https:\/\/sorbetkiwi.fr\/index.php\/wp-json\/wp\/v2\/posts\/4728\/revisions\/4734"}],"wp:featuredmedia":[{"embeddable":true,"href":"https:\/\/sorbetkiwi.fr\/index.php\/wp-json\/wp\/v2\/media\/4729"}],"wp:attachment":[{"href":"https:\/\/sorbetkiwi.fr\/index.php\/wp-json\/wp\/v2\/media?parent=4728"}],"wp:term":[{"taxonomy":"category","embeddable":true,"href":"https:\/\/sorbetkiwi.fr\/index.php\/wp-json\/wp\/v2\/categories?post=4728"},{"taxonomy":"post_tag","embeddable":true,"href":"https:\/\/sorbetkiwi.fr\/index.php\/wp-json\/wp\/v2\/tags?post=4728"}],"curies":[{"name":"wp","href":"https:\/\/api.w.org\/{rel}","templated":true}]}}