{"id":4679,"date":"2023-11-17T13:41:05","date_gmt":"2023-11-17T12:41:05","guid":{"rendered":"https:\/\/sorbetkiwi.fr\/?p=4679"},"modified":"2023-11-17T13:41:08","modified_gmt":"2023-11-17T12:41:08","slug":"ajar-paris-de-fanta-drame","status":"publish","type":"post","link":"https:\/\/sorbetkiwi.fr\/index.php\/ajar-paris-de-fanta-drame\/","title":{"rendered":"Ajar &#8211; Paris de Fanta Dram\u00e9"},"content":{"rendered":"\t\t<div data-elementor-type=\"wp-post\" data-elementor-id=\"4679\" class=\"elementor elementor-4679\">\n\t\t\t\t\t\t<section class=\"elementor-section elementor-top-section elementor-element elementor-element-6962fa6c elementor-section-boxed elementor-section-height-default elementor-section-height-default\" data-id=\"6962fa6c\" data-element_type=\"section\" data-e-type=\"section\">\n\t\t\t\t\t\t<div class=\"elementor-container elementor-column-gap-default\">\n\t\t\t\t\t<div class=\"elementor-column elementor-col-100 elementor-top-column elementor-element elementor-element-74cdd9e\" data-id=\"74cdd9e\" data-element_type=\"column\" data-e-type=\"column\">\n\t\t\t<div class=\"elementor-widget-wrap elementor-element-populated\">\n\t\t\t\t\t\t<div class=\"elementor-element elementor-element-7b69d0f9 elementor-widget elementor-widget-heading\" data-id=\"7b69d0f9\" data-element_type=\"widget\" data-e-type=\"widget\" data-widget_type=\"heading.default\">\n\t\t\t\t<div class=\"elementor-widget-container\">\n\t\t\t\t\t<h1 class=\"elementor-heading-title elementor-size-medium\">Ajar - Paris<\/h1>\t\t\t\t<\/div>\n\t\t\t\t<\/div>\n\t\t\t\t<div class=\"elementor-element elementor-element-44cbba97 elementor-view-default elementor-widget elementor-widget-icon\" data-id=\"44cbba97\" data-element_type=\"widget\" data-e-type=\"widget\" data-widget_type=\"icon.default\">\n\t\t\t\t<div class=\"elementor-widget-container\">\n\t\t\t\t\t\t\t<div class=\"elementor-icon-wrapper\">\n\t\t\t<div class=\"elementor-icon\">\n\t\t\t<i aria-hidden=\"true\" class=\"fas fa-candy-cane\"><\/i>\t\t\t<\/div>\n\t\t<\/div>\n\t\t\t\t\t\t<\/div>\n\t\t\t\t<\/div>\n\t\t\t\t<div class=\"elementor-element elementor-element-1b9442 elementor-widget-divider--view-line elementor-widget elementor-widget-divider\" data-id=\"1b9442\" data-element_type=\"widget\" data-e-type=\"widget\" data-widget_type=\"divider.default\">\n\t\t\t\t<div class=\"elementor-widget-container\">\n\t\t\t\t\t\t\t<div class=\"elementor-divider\">\n\t\t\t<span class=\"elementor-divider-separator\">\n\t\t\t\t\t\t<\/span>\n\t\t<\/div>\n\t\t\t\t\t\t<\/div>\n\t\t\t\t<\/div>\n\t\t\t\t<div class=\"elementor-element elementor-element-1ac94e03 elementor-widget elementor-widget-heading\" data-id=\"1ac94e03\" data-element_type=\"widget\" data-e-type=\"widget\" data-widget_type=\"heading.default\">\n\t\t\t\t<div class=\"elementor-widget-container\">\n\t\t\t\t\t<h2 class=\"elementor-heading-title elementor-size-medium\">R\u00e9sum\u00e9<\/h2>\t\t\t\t<\/div>\n\t\t\t\t<\/div>\n\t\t\t\t<div class=\"elementor-element elementor-element-2aca47f8 elementor-widget elementor-widget-text-editor\" data-id=\"2aca47f8\" data-element_type=\"widget\" data-e-type=\"widget\" data-widget_type=\"text-editor.default\">\n\t\t\t\t<div class=\"elementor-widget-container\">\n\t\t\t\t\t\t\t\t\t<p>En 2013, apr\u00e8s le d\u00e9c\u00e8s de sa grand-m\u00e8re, Fanta Dram\u00e9 se rend pour la premi\u00e8re fois en Mauritanie \u00e0 Ajar, le village natal de son p\u00e8re, lieu de s\u00e9pulture de la d\u00e9funte. De retour \u00e0 Paris et boulevers\u00e9e par ce voyage o\u00f9 elle a foul\u00e9 la terre de ses anc\u00eatres, elle d\u00e9cide de poursuivre le chemin et d&rsquo;aller \u00e0 la rencontre du plus troublant des paysages, celui de ses origines. Pour la premi\u00e8re fois, son p\u00e8re se met \u00e0 nu, \u00e9voquant les doutes et les \u00e9preuves qui ont marqu\u00e9 sa d\u00e9cision de quitter son pays et jalonn\u00e9 son existence au coeur d&rsquo;une culture si diff\u00e9rente de la sienne, et dans laquelle il \u00e9l\u00e8vera finalement ses enfants alors qu&rsquo;il n&rsquo;aurait d\u00fb y \u00eatre que de passage.<\/p><p>N&rsquo;\u00e9ludant que ce qui met \u00e0 mal sa pudeur culturelle, il d\u00e9voile enfin l&rsquo;histoire qu&rsquo;il n&rsquo;avait jamais racont\u00e9e, celle que sa fille n&rsquo;avait jusqu&rsquo;alors jamais os\u00e9 lui demander. Ajar-Paris emm\u00e8ne le lecteur dans un r\u00e9cit sensible o\u00f9 les voix g\u00e9n\u00e9rationnelles se confrontent, dans l&rsquo;\u00e9motion, l&rsquo;incompr\u00e9hension parfois, retra\u00e7ant un itin\u00e9raire personnel et intime qui, trop souvent laiss\u00e9 de c\u00f4t\u00e9, s&rsquo;inscrit pleinement dans la grande histoire nationale.<\/p>\t\t\t\t\t\t\t\t<\/div>\n\t\t\t\t<\/div>\n\t\t\t\t<div class=\"elementor-element elementor-element-28033b74 elementor-widget-divider--view-line elementor-widget elementor-widget-divider\" data-id=\"28033b74\" data-element_type=\"widget\" data-e-type=\"widget\" data-widget_type=\"divider.default\">\n\t\t\t\t<div class=\"elementor-widget-container\">\n\t\t\t\t\t\t\t<div class=\"elementor-divider\">\n\t\t\t<span class=\"elementor-divider-separator\">\n\t\t\t\t\t\t<\/span>\n\t\t<\/div>\n\t\t\t\t\t\t<\/div>\n\t\t\t\t<\/div>\n\t\t\t\t<div class=\"elementor-element elementor-element-634b2453 elementor-widget elementor-widget-heading\" data-id=\"634b2453\" data-element_type=\"widget\" data-e-type=\"widget\" data-widget_type=\"heading.default\">\n\t\t\t\t<div class=\"elementor-widget-container\">\n\t\t\t\t\t<h2 class=\"elementor-heading-title elementor-size-medium\">Ma note<\/h2>\t\t\t\t<\/div>\n\t\t\t\t<\/div>\n\t\t\t\t<div class=\"elementor-element elementor-element-302944ac elementor-star-rating--align-center elementor--star-style-star_fontawesome elementor-widget elementor-widget-star-rating\" data-id=\"302944ac\" data-element_type=\"widget\" data-e-type=\"widget\" data-widget_type=\"star-rating.default\">\n\t\t\t\t<div class=\"elementor-widget-container\">\n\t\t\t\t\t\t\t<div class=\"elementor-star-rating__wrapper\">\n\t\t\t\t\t\t<div class=\"elementor-star-rating\" itemtype=\"http:\/\/schema.org\/Rating\" itemscope=\"\" itemprop=\"reviewRating\">\n\t\t\t\t<i class=\"elementor-star-full\" aria-hidden=\"true\">&#xE934;<\/i><i class=\"elementor-star-full\" aria-hidden=\"true\">&#xE934;<\/i><i class=\"elementor-star-full\" aria-hidden=\"true\">&#xE934;<\/i><i class=\"elementor-star-full\" aria-hidden=\"true\">&#xE934;<\/i><i class=\"elementor-star-full\" aria-hidden=\"true\">&#xE934;<\/i>\t\t\t\t<span itemprop=\"ratingValue\" class=\"elementor-screen-only\">Not\u00e9 5 sur 5<\/span>\n\t\t\t<\/div>\n\t\t<\/div>\n\t\t\t\t\t\t<\/div>\n\t\t\t\t<\/div>\n\t\t\t\t<div class=\"elementor-element elementor-element-c88b1c4 elementor-widget-divider--view-line elementor-widget elementor-widget-divider\" data-id=\"c88b1c4\" data-element_type=\"widget\" data-e-type=\"widget\" data-widget_type=\"divider.default\">\n\t\t\t\t<div class=\"elementor-widget-container\">\n\t\t\t\t\t\t\t<div class=\"elementor-divider\">\n\t\t\t<span class=\"elementor-divider-separator\">\n\t\t\t\t\t\t<\/span>\n\t\t<\/div>\n\t\t\t\t\t\t<\/div>\n\t\t\t\t<\/div>\n\t\t\t\t<div class=\"elementor-element elementor-element-4ad2d694 elementor-widget elementor-widget-heading\" data-id=\"4ad2d694\" data-element_type=\"widget\" data-e-type=\"widget\" data-widget_type=\"heading.default\">\n\t\t\t\t<div class=\"elementor-widget-container\">\n\t\t\t\t\t<h2 class=\"elementor-heading-title elementor-size-medium\">Un hommage familial<\/h2>\t\t\t\t<\/div>\n\t\t\t\t<\/div>\n\t\t\t\t<div class=\"elementor-element elementor-element-43b2c81e elementor-widget elementor-widget-text-editor\" data-id=\"43b2c81e\" data-element_type=\"widget\" data-e-type=\"widget\" data-widget_type=\"text-editor.default\">\n\t\t\t\t<div class=\"elementor-widget-container\">\n\t\t\t\t\t\t\t\t\t<p>Ce roman de la <a href=\"https:\/\/sorbetkiwi.fr\/index.php\/tag\/prix-harper-collins-poche-2024\/\">s\u00e9lection Harper Collins<\/a> est le deuxi\u00e8me r\u00e9cit biographique que je lis des 10. Ici, on d\u00e9bute l\u2019histoire par un deuil. Par une red\u00e9couverte de son histoire familiale. D\u2019un apprentissage complet de ses origines. Et par un magnifique hommage \u00e0 son p\u00e8re. Parce que c\u2019est ce qu\u2019est Ajar &#8211; Paris dans son ensemble : une fabuleuse d\u00e9claration d\u2019amour de Fanta Dram\u00e9 \u00e0 son p\u00e8re, Yely Dram\u00e9.<\/p><p>Je ne savais pas trop dans quelle saison int\u00e9grer Ajar &#8211; Paris, puisqu\u2019il se passe sur de nombreuses ann\u00e9es. Mais finalement, je me suis dis que Rio \u00e9tait un bon endroit pour le lire pour les moments chauds. Et surprise : le p\u00e8re de Fanta Dram\u00e9 est arriv\u00e9 en France en novembre. Le hasard l\u2019aura rendu de saison pour moi. Mais durant la lecture du roman, on sent l\u2019importance de cette date pour le p\u00e8re de l\u2019autrice. Et par cons\u00e9quent, pour l\u2019autrice elle-m\u00eame. Une d\u00e9cision peut changer le cours d\u2019une vie, et celle de son p\u00e8re \u00e0 tout chang\u00e9 pour les g\u00e9n\u00e9rations \u00e0 venir.<span class=\"Apple-converted-space\">\u00a0<\/span><\/p>\t\t\t\t\t\t\t\t<\/div>\n\t\t\t\t<\/div>\n\t\t\t\t<div class=\"elementor-element elementor-element-12c18ffe elementor-widget-divider--view-line elementor-widget elementor-widget-divider\" data-id=\"12c18ffe\" data-element_type=\"widget\" data-e-type=\"widget\" data-widget_type=\"divider.default\">\n\t\t\t\t<div class=\"elementor-widget-container\">\n\t\t\t\t\t\t\t<div class=\"elementor-divider\">\n\t\t\t<span class=\"elementor-divider-separator\">\n\t\t\t\t\t\t<\/span>\n\t\t<\/div>\n\t\t\t\t\t\t<\/div>\n\t\t\t\t<\/div>\n\t\t\t\t<div class=\"elementor-element elementor-element-2bab431c elementor-widget elementor-widget-heading\" data-id=\"2bab431c\" data-element_type=\"widget\" data-e-type=\"widget\" data-widget_type=\"heading.default\">\n\t\t\t\t<div class=\"elementor-widget-container\">\n\t\t\t\t\t<h4 class=\"elementor-heading-title elementor-size-medium\">\"L'\u00e9pisode de No\u00ebl, comme tous ceux qui mettaient mon p\u00e8re dans une situation o\u00f9 il avait le sentiment de renier une part de lui-m\u00eame, le poussa \u00e0 se poser la question de la transmission. Ce qu'il \u00e9tait, lui, il le savait d\u00e9j\u00e0. Mais qu'\u00e9taient ses enfants, qui \u00e9taient n\u00e9s et avaient grandi en France ?\"<\/h4>\t\t\t\t<\/div>\n\t\t\t\t<\/div>\n\t\t\t\t<div class=\"elementor-element elementor-element-64074e8b elementor-widget-divider--view-line elementor-widget elementor-widget-divider\" data-id=\"64074e8b\" data-element_type=\"widget\" data-e-type=\"widget\" data-widget_type=\"divider.default\">\n\t\t\t\t<div class=\"elementor-widget-container\">\n\t\t\t\t\t\t\t<div class=\"elementor-divider\">\n\t\t\t<span class=\"elementor-divider-separator\">\n\t\t\t\t\t\t<\/span>\n\t\t<\/div>\n\t\t\t\t\t\t<\/div>\n\t\t\t\t<\/div>\n\t\t\t\t<div class=\"elementor-element elementor-element-5c7998a8 elementor-widget elementor-widget-heading\" data-id=\"5c7998a8\" data-element_type=\"widget\" data-e-type=\"widget\" data-widget_type=\"heading.default\">\n\t\t\t\t<div class=\"elementor-widget-container\">\n\t\t\t\t\t<h2 class=\"elementor-heading-title elementor-size-medium\">Un texte enrichissant et tendre<\/h2>\t\t\t\t<\/div>\n\t\t\t\t<\/div>\n\t\t\t\t<div class=\"elementor-element elementor-element-7bb590c8 elementor-widget elementor-widget-text-editor\" data-id=\"7bb590c8\" data-element_type=\"widget\" data-e-type=\"widget\" data-widget_type=\"text-editor.default\">\n\t\t\t\t<div class=\"elementor-widget-container\">\n\t\t\t\t\t\t\t\t\t<div class=\"x_elementToProof elementToProof\"><p>Au niveau de la plume, et surtout du ton, j\u2019ai trouv\u00e9 Fanta Dram\u00e9 tr\u00e8s touchante. Mais aussi \u00e9tonnamment \u00e9clectique. Au d\u00e9but du r\u00e9cit, notamment, on sent qu\u2019elle est autant en d\u00e9calage que nous. Comment caler une r\u00e9f\u00e9rence \u00e0 Dumbledore dans le cadre d\u2019un retour au source en Afrique subsaharienne ? Avec humour, \u00e9videmment ! \u00c0 ses c\u00f4t\u00e9s, on apprend \u00e0 conna\u00eetre ce village, avec ses traditions, ces modes de fonctionnement et ses habitudes de vies. Mais comme je le disais, elle est aussi touchante. D\u2019abord dans le r\u00e9cit de son deuil, qui est empli d\u2019une \u00e9motion puissante que l\u2019on ne peut que ressentir avec elle. Mais aussi d\u2019une intense douceur lorsqu\u2019elle parle de sa famille.<span class=\"Apple-converted-space\">\u00a0<\/span><\/p><p>J\u2019ai \u00e9galement trouv\u00e9 que sa fa\u00e7on de d\u00e9rouler le r\u00e9cit offre une forme de processus d\u2019\u00e9criture. Elle nous explique la racine du livre, le d\u00e9clencheur mais aussi ensuite l\u2019inspiration et l\u2019\u00e9coute de son p\u00e8re par rapport au r\u00e9cit de sa propre vie. Jusqu\u2019\u00e0 l\u2019\u00e9pilogue, qui m\u2019a profond\u00e9ment \u00e9mu, cette curiosit\u00e9 mais aussi ce profond respect de son parcours prennent forme sous nos yeux.<span class=\"Apple-converted-space\">\u00a0<\/span><\/p><\/div>\t\t\t\t\t\t\t\t<\/div>\n\t\t\t\t<\/div>\n\t\t\t\t<div class=\"elementor-element elementor-element-4a439b5c elementor-widget-divider--view-line elementor-widget elementor-widget-divider\" data-id=\"4a439b5c\" data-element_type=\"widget\" data-e-type=\"widget\" data-widget_type=\"divider.default\">\n\t\t\t\t<div class=\"elementor-widget-container\">\n\t\t\t\t\t\t\t<div class=\"elementor-divider\">\n\t\t\t<span class=\"elementor-divider-separator\">\n\t\t\t\t\t\t<\/span>\n\t\t<\/div>\n\t\t\t\t\t\t<\/div>\n\t\t\t\t<\/div>\n\t\t\t\t<div class=\"elementor-element elementor-element-12e6cb74 elementor-widget elementor-widget-heading\" data-id=\"12e6cb74\" data-element_type=\"widget\" data-e-type=\"widget\" data-widget_type=\"heading.default\">\n\t\t\t\t<div class=\"elementor-widget-container\">\n\t\t\t\t\t<h2 class=\"elementor-heading-title elementor-size-medium\">Un r\u00e9cit complet tant historique que personnel<\/h2>\t\t\t\t<\/div>\n\t\t\t\t<\/div>\n\t\t\t\t<div class=\"elementor-element elementor-element-d8d1819 elementor-widget elementor-widget-text-editor\" data-id=\"d8d1819\" data-element_type=\"widget\" data-e-type=\"widget\" data-widget_type=\"text-editor.default\">\n\t\t\t\t<div class=\"elementor-widget-container\">\n\t\t\t\t\t\t\t\t\t<p>Enfin, j\u2019en ai appris \u00e9norm\u00e9ment sur la culture mauritanienne mais aussi sur les pratique musulmanes, notamment \u00e9sot\u00e9riques. Je connaissais un peu les coutumes religieuses en g\u00e9n\u00e9ral, mais l\u2019aspect plus spirituel, qu\u2019en Europe on a tendance \u00e0 d\u00e9tacher de la religion, m\u2019a beaucoup plu. Je peux dire que ce voyage m\u2019a beaucoup apport\u00e9, \u00e0 moi aussi ! Il faut bien s\u00fbr parler du statut d\u2019\u00e9migr\u00e9, qui est abord\u00e9 avec \u00e9norm\u00e9ment de justesse dans son ensemble. Notamment l\u2019aspect politique et colonial non-n\u00e9gligeable, aussi pendant la guerre. Il est de bon ton de rappeler certains faits.<span class=\"Apple-converted-space\">\u00a0<\/span><\/p><p>C\u2019est un r\u00e9cit sur son p\u00e8re, mais aussi sur le d\u00e9calage r\u00e9gulier entre les traditions et l\u2019\u00e9volution des familles dont les enfants naissent ensuite en France. Selon les id\u00e9es, les traditions, mais aussi le vent militant qui souffle sur le pays au fil des ann\u00e9es. \u00c0 coup de souvenirs et d\u2019anecdotes, l\u2019autrice nous embarque dans un voyage Ajar &#8211; Paris, nous aussi, celui de sa famille. Un texte intime et touchant, un livre magnifique qui se place tout en haut de mes choix finaux pour <a href=\"https:\/\/www.harpercollins.fr\/pages\/prix-harpercollins-poche\">le prix<\/a>.<span class=\"Apple-converted-space\">\u00a0<\/span><\/p>\t\t\t\t\t\t\t\t<\/div>\n\t\t\t\t<\/div>\n\t\t\t\t<div class=\"elementor-element elementor-element-405321f8 elementor-widget elementor-widget-heading\" data-id=\"405321f8\" data-element_type=\"widget\" data-e-type=\"widget\" data-widget_type=\"heading.default\">\n\t\t\t\t<div class=\"elementor-widget-container\">\n\t\t\t\t\t<h4 class=\"elementor-heading-title elementor-size-medium\">Le Prix Harper Collins Poche 2024<\/h4>\t\t\t\t<\/div>\n\t\t\t\t<\/div>\n\t\t\t\t<div class=\"elementor-element elementor-element-1e89a3b4 elementor-widget elementor-widget-text-editor\" data-id=\"1e89a3b4\" data-element_type=\"widget\" data-e-type=\"widget\" data-widget_type=\"text-editor.default\">\n\t\t\t\t<div class=\"elementor-widget-container\">\n\t\t\t\t\t\t\t\t\t<p>Les autres romans de la s\u00e9lection d\u00e9j\u00e0 chroniqu\u00e9s :<\/p><ul><li><a href=\"https:\/\/sorbetkiwi.fr\/index.php\/la-femme-peripherique-de-sophie-pointurier\/\">La femme p\u00e9riph\u00e9rique de Sophie Pointurier<\/a> &#8211; Coup de coeur\u00a0<\/li><li><a href=\"https:\/\/sorbetkiwi.fr\/index.php\/mon-acrobate-de-cecile-pivot\/\">Mon acrobate de C\u00e9cile Pivot<\/a> &#8211; 4,5\/5<\/li><li><a href=\"https:\/\/sorbetkiwi.fr\/index.php\/rien-ne-dure-vraiment-longtemps-de-matthieu-seel\/\">Rien ne dure vraiment longtemps de Mathieu Seel<\/a> &#8211; 4\/5<\/li><\/ul>\t\t\t\t\t\t\t\t<\/div>\n\t\t\t\t<\/div>\n\t\t\t\t\t<\/div>\n\t\t<\/div>\n\t\t\t\t\t<\/div>\n\t\t<\/section>\n\t\t\t\t<\/div>\n\t\t","protected":false},"excerpt":{"rendered":"<p>Ajar &#8211; Paris R\u00e9sum\u00e9 En 2013, apr\u00e8s le d\u00e9c\u00e8s de sa grand-m\u00e8re, Fanta Dram\u00e9 se rend pour la premi\u00e8re fois en Mauritanie \u00e0 Ajar, le village natal de son p\u00e8re, lieu de s\u00e9pulture de la &hellip; <\/p>\n","protected":false},"author":1,"featured_media":4681,"comment_status":"open","ping_status":"open","sticky":false,"template":"","format":"standard","meta":{"footnotes":""},"categories":[9,17,8,1],"tags":[1258,1259,272,1042,306,270,976,1260,890,230],"class_list":["post-4679","post","type-post","status-publish","format-standard","has-post-thumbnail","hentry","category-coups-de-coeur","category-noel","category-partenariats","category-tout-le-blog","tag-ajar-paris","tag-fanta-drame","tag-harper-collins","tag-harper-collins-france","tag-harper-collins-poche","tag-noel","tag-prix-harper-collins","tag-prix-harper-collins-poche-2024","tag-roman-biographique","tag-roman-contemporain","has-single-img"],"yoast_head":"<!-- This site is optimized with the Yoast SEO plugin v27.4 - https:\/\/yoast.com\/product\/yoast-seo-wordpress\/ -->\n<title>Ajar - Paris de Fanta Dram\u00e9 - Sorbet Kiwi<\/title>\n<meta name=\"description\" content=\"Ma chronique du roman Ajar - Paris s\u00e9lectionn\u00e9 pour le Prix Harper Collins Poche 2024 et \u00e9norme coup de coeur.\" \/>\n<meta name=\"robots\" content=\"index, follow, max-snippet:-1, max-image-preview:large, max-video-preview:-1\" \/>\n<link rel=\"canonical\" href=\"https:\/\/sorbetkiwi.fr\/index.php\/ajar-paris-de-fanta-drame\/\" \/>\n<meta property=\"og:locale\" content=\"fr_FR\" \/>\n<meta property=\"og:type\" content=\"article\" \/>\n<meta property=\"og:title\" content=\"Ajar - Paris de Fanta Dram\u00e9 - Sorbet Kiwi\" \/>\n<meta property=\"og:description\" content=\"Ma chronique du roman Ajar - Paris s\u00e9lectionn\u00e9 pour le Prix Harper Collins Poche 2024 et \u00e9norme coup de coeur.\" \/>\n<meta property=\"og:url\" content=\"https:\/\/sorbetkiwi.fr\/index.php\/ajar-paris-de-fanta-drame\/\" \/>\n<meta property=\"og:site_name\" content=\"Sorbet Kiwi\" \/>\n<meta property=\"article:publisher\" content=\"https:\/\/www.facebook.com\/profile.php?id=100086238893269\" \/>\n<meta property=\"article:published_time\" content=\"2023-11-17T12:41:05+00:00\" \/>\n<meta property=\"article:modified_time\" content=\"2023-11-17T12:41:08+00:00\" \/>\n<meta property=\"og:image\" content=\"https:\/\/sorbetkiwi.fr\/wp-content\/uploads\/2023\/11\/Ajar-Paris-Fanta-Drame-scaled.jpg\" \/>\n\t<meta property=\"og:image:width\" content=\"1920\" \/>\n\t<meta property=\"og:image:height\" content=\"2560\" \/>\n\t<meta property=\"og:image:type\" content=\"image\/jpeg\" \/>\n<meta name=\"author\" content=\"Sorbet-Kiwi\" \/>\n<meta name=\"twitter:card\" content=\"summary_large_image\" \/>\n<meta name=\"twitter:creator\" content=\"@pepparshoes\" \/>\n<meta name=\"twitter:site\" content=\"@pepparshoes\" \/>\n<meta name=\"twitter:label1\" content=\"\u00c9crit par\" \/>\n\t<meta name=\"twitter:data1\" content=\"Sorbet-Kiwi\" \/>\n\t<meta name=\"twitter:label2\" content=\"Dur\u00e9e de lecture estim\u00e9e\" \/>\n\t<meta name=\"twitter:data2\" content=\"5 minutes\" \/>\n<script type=\"application\/ld+json\" class=\"yoast-schema-graph\">{\"@context\":\"https:\\\/\\\/schema.org\",\"@graph\":[{\"@type\":\"Article\",\"@id\":\"https:\\\/\\\/sorbetkiwi.fr\\\/index.php\\\/ajar-paris-de-fanta-drame\\\/#article\",\"isPartOf\":{\"@id\":\"https:\\\/\\\/sorbetkiwi.fr\\\/index.php\\\/ajar-paris-de-fanta-drame\\\/\"},\"author\":{\"name\":\"Sorbet-Kiwi\",\"@id\":\"https:\\\/\\\/sorbetkiwi.fr\\\/#\\\/schema\\\/person\\\/ed1b7b527a2957ddc3bf38b076540659\"},\"headline\":\"Ajar &#8211; Paris de Fanta Dram\u00e9\",\"datePublished\":\"2023-11-17T12:41:05+00:00\",\"dateModified\":\"2023-11-17T12:41:08+00:00\",\"mainEntityOfPage\":{\"@id\":\"https:\\\/\\\/sorbetkiwi.fr\\\/index.php\\\/ajar-paris-de-fanta-drame\\\/\"},\"wordCount\":962,\"commentCount\":0,\"publisher\":{\"@id\":\"https:\\\/\\\/sorbetkiwi.fr\\\/#organization\"},\"image\":{\"@id\":\"https:\\\/\\\/sorbetkiwi.fr\\\/index.php\\\/ajar-paris-de-fanta-drame\\\/#primaryimage\"},\"thumbnailUrl\":\"https:\\\/\\\/sorbetkiwi.fr\\\/wp-content\\\/uploads\\\/2023\\\/11\\\/Ajar-Paris-Fanta-Drame-scaled.jpg\",\"keywords\":[\"Ajar - Paris\",\"Fanta Dram\u00e9\",\"Harper Collins\",\"Harper Collins France\",\"Harper Collins Poche\",\"No\u00ebl\",\"Prix Harper Collins\",\"Prix Harper Collins Poche 2024\",\"Roman biographique\",\"Roman contemporain\"],\"articleSection\":[\"Coups de coeur\",\"No\u00ebl\",\"Partenariats\",\"Tout le blog\"],\"inLanguage\":\"fr-FR\",\"potentialAction\":[{\"@type\":\"CommentAction\",\"name\":\"Comment\",\"target\":[\"https:\\\/\\\/sorbetkiwi.fr\\\/index.php\\\/ajar-paris-de-fanta-drame\\\/#respond\"]}]},{\"@type\":\"WebPage\",\"@id\":\"https:\\\/\\\/sorbetkiwi.fr\\\/index.php\\\/ajar-paris-de-fanta-drame\\\/\",\"url\":\"https:\\\/\\\/sorbetkiwi.fr\\\/index.php\\\/ajar-paris-de-fanta-drame\\\/\",\"name\":\"Ajar - Paris de Fanta Dram\u00e9 - Sorbet Kiwi\",\"isPartOf\":{\"@id\":\"https:\\\/\\\/sorbetkiwi.fr\\\/#website\"},\"primaryImageOfPage\":{\"@id\":\"https:\\\/\\\/sorbetkiwi.fr\\\/index.php\\\/ajar-paris-de-fanta-drame\\\/#primaryimage\"},\"image\":{\"@id\":\"https:\\\/\\\/sorbetkiwi.fr\\\/index.php\\\/ajar-paris-de-fanta-drame\\\/#primaryimage\"},\"thumbnailUrl\":\"https:\\\/\\\/sorbetkiwi.fr\\\/wp-content\\\/uploads\\\/2023\\\/11\\\/Ajar-Paris-Fanta-Drame-scaled.jpg\",\"datePublished\":\"2023-11-17T12:41:05+00:00\",\"dateModified\":\"2023-11-17T12:41:08+00:00\",\"description\":\"Ma chronique du roman Ajar - Paris s\u00e9lectionn\u00e9 pour le Prix Harper Collins Poche 2024 et \u00e9norme coup de coeur.\",\"breadcrumb\":{\"@id\":\"https:\\\/\\\/sorbetkiwi.fr\\\/index.php\\\/ajar-paris-de-fanta-drame\\\/#breadcrumb\"},\"inLanguage\":\"fr-FR\",\"potentialAction\":[{\"@type\":\"ReadAction\",\"target\":[\"https:\\\/\\\/sorbetkiwi.fr\\\/index.php\\\/ajar-paris-de-fanta-drame\\\/\"]}]},{\"@type\":\"ImageObject\",\"inLanguage\":\"fr-FR\",\"@id\":\"https:\\\/\\\/sorbetkiwi.fr\\\/index.php\\\/ajar-paris-de-fanta-drame\\\/#primaryimage\",\"url\":\"https:\\\/\\\/sorbetkiwi.fr\\\/wp-content\\\/uploads\\\/2023\\\/11\\\/Ajar-Paris-Fanta-Drame-scaled.jpg\",\"contentUrl\":\"https:\\\/\\\/sorbetkiwi.fr\\\/wp-content\\\/uploads\\\/2023\\\/11\\\/Ajar-Paris-Fanta-Drame-scaled.jpg\",\"width\":1920,\"height\":2560,\"caption\":\"Ajar - Paris Fanta Dram\u00e9\"},{\"@type\":\"BreadcrumbList\",\"@id\":\"https:\\\/\\\/sorbetkiwi.fr\\\/index.php\\\/ajar-paris-de-fanta-drame\\\/#breadcrumb\",\"itemListElement\":[{\"@type\":\"ListItem\",\"position\":1,\"name\":\"Accueil\",\"item\":\"https:\\\/\\\/sorbetkiwi.fr\\\/\"},{\"@type\":\"ListItem\",\"position\":2,\"name\":\"Ajar &#8211; Paris de Fanta Dram\u00e9\"}]},{\"@type\":\"WebSite\",\"@id\":\"https:\\\/\\\/sorbetkiwi.fr\\\/#website\",\"url\":\"https:\\\/\\\/sorbetkiwi.fr\\\/\",\"name\":\"Sorbet Kiwi\",\"description\":\"Des lectures th\u00e9matiques par saison et les avis qui vont avec\",\"publisher\":{\"@id\":\"https:\\\/\\\/sorbetkiwi.fr\\\/#organization\"},\"potentialAction\":[{\"@type\":\"SearchAction\",\"target\":{\"@type\":\"EntryPoint\",\"urlTemplate\":\"https:\\\/\\\/sorbetkiwi.fr\\\/?s={search_term_string}\"},\"query-input\":{\"@type\":\"PropertyValueSpecification\",\"valueRequired\":true,\"valueName\":\"search_term_string\"}}],\"inLanguage\":\"fr-FR\"},{\"@type\":\"Organization\",\"@id\":\"https:\\\/\\\/sorbetkiwi.fr\\\/#organization\",\"name\":\"Sorbet Kiwi\",\"url\":\"https:\\\/\\\/sorbetkiwi.fr\\\/\",\"logo\":{\"@type\":\"ImageObject\",\"inLanguage\":\"fr-FR\",\"@id\":\"https:\\\/\\\/sorbetkiwi.fr\\\/#\\\/schema\\\/logo\\\/image\\\/\",\"url\":\"https:\\\/\\\/sorbetkiwi.fr\\\/wp-content\\\/uploads\\\/2022\\\/10\\\/Banniere-Sorbet-Kiwi-2022.jpg\",\"contentUrl\":\"https:\\\/\\\/sorbetkiwi.fr\\\/wp-content\\\/uploads\\\/2022\\\/10\\\/Banniere-Sorbet-Kiwi-2022.jpg\",\"width\":814,\"height\":401,\"caption\":\"Sorbet Kiwi\"},\"image\":{\"@id\":\"https:\\\/\\\/sorbetkiwi.fr\\\/#\\\/schema\\\/logo\\\/image\\\/\"},\"sameAs\":[\"https:\\\/\\\/www.facebook.com\\\/profile.php?id=100086238893269\",\"https:\\\/\\\/x.com\\\/pepparshoes\",\"https:\\\/\\\/www.instagram.com\\\/sorbetkiwi\\\/\",\"https:\\\/\\\/www.tiktok.com\\\/sorbetkiwi\"]},{\"@type\":\"Person\",\"@id\":\"https:\\\/\\\/sorbetkiwi.fr\\\/#\\\/schema\\\/person\\\/ed1b7b527a2957ddc3bf38b076540659\",\"name\":\"Sorbet-Kiwi\",\"image\":{\"@type\":\"ImageObject\",\"inLanguage\":\"fr-FR\",\"@id\":\"https:\\\/\\\/secure.gravatar.com\\\/avatar\\\/86f0a5c27d76317621b9e374d0f3a01d3a85278f10d0c7207ced4fd773057442?s=96&d=mm&r=g\",\"url\":\"https:\\\/\\\/secure.gravatar.com\\\/avatar\\\/86f0a5c27d76317621b9e374d0f3a01d3a85278f10d0c7207ced4fd773057442?s=96&d=mm&r=g\",\"contentUrl\":\"https:\\\/\\\/secure.gravatar.com\\\/avatar\\\/86f0a5c27d76317621b9e374d0f3a01d3a85278f10d0c7207ced4fd773057442?s=96&d=mm&r=g\",\"caption\":\"Sorbet-Kiwi\"},\"sameAs\":[\"http:\\\/\\\/sorbetkiwi.fr\"],\"url\":\"https:\\\/\\\/sorbetkiwi.fr\\\/index.php\\\/author\\\/admin7717\\\/\"}]}<\/script>\n<!-- \/ Yoast SEO plugin. -->","yoast_head_json":{"title":"Ajar - Paris de Fanta Dram\u00e9 - Sorbet Kiwi","description":"Ma chronique du roman Ajar - Paris s\u00e9lectionn\u00e9 pour le Prix Harper Collins Poche 2024 et \u00e9norme coup de coeur.","robots":{"index":"index","follow":"follow","max-snippet":"max-snippet:-1","max-image-preview":"max-image-preview:large","max-video-preview":"max-video-preview:-1"},"canonical":"https:\/\/sorbetkiwi.fr\/index.php\/ajar-paris-de-fanta-drame\/","og_locale":"fr_FR","og_type":"article","og_title":"Ajar - Paris de Fanta Dram\u00e9 - Sorbet Kiwi","og_description":"Ma chronique du roman Ajar - Paris s\u00e9lectionn\u00e9 pour le Prix Harper Collins Poche 2024 et \u00e9norme coup de coeur.","og_url":"https:\/\/sorbetkiwi.fr\/index.php\/ajar-paris-de-fanta-drame\/","og_site_name":"Sorbet Kiwi","article_publisher":"https:\/\/www.facebook.com\/profile.php?id=100086238893269","article_published_time":"2023-11-17T12:41:05+00:00","article_modified_time":"2023-11-17T12:41:08+00:00","og_image":[{"width":1920,"height":2560,"url":"https:\/\/sorbetkiwi.fr\/wp-content\/uploads\/2023\/11\/Ajar-Paris-Fanta-Drame-scaled.jpg","type":"image\/jpeg"}],"author":"Sorbet-Kiwi","twitter_card":"summary_large_image","twitter_creator":"@pepparshoes","twitter_site":"@pepparshoes","twitter_misc":{"\u00c9crit par":"Sorbet-Kiwi","Dur\u00e9e de lecture estim\u00e9e":"5 minutes"},"schema":{"@context":"https:\/\/schema.org","@graph":[{"@type":"Article","@id":"https:\/\/sorbetkiwi.fr\/index.php\/ajar-paris-de-fanta-drame\/#article","isPartOf":{"@id":"https:\/\/sorbetkiwi.fr\/index.php\/ajar-paris-de-fanta-drame\/"},"author":{"name":"Sorbet-Kiwi","@id":"https:\/\/sorbetkiwi.fr\/#\/schema\/person\/ed1b7b527a2957ddc3bf38b076540659"},"headline":"Ajar &#8211; Paris de Fanta Dram\u00e9","datePublished":"2023-11-17T12:41:05+00:00","dateModified":"2023-11-17T12:41:08+00:00","mainEntityOfPage":{"@id":"https:\/\/sorbetkiwi.fr\/index.php\/ajar-paris-de-fanta-drame\/"},"wordCount":962,"commentCount":0,"publisher":{"@id":"https:\/\/sorbetkiwi.fr\/#organization"},"image":{"@id":"https:\/\/sorbetkiwi.fr\/index.php\/ajar-paris-de-fanta-drame\/#primaryimage"},"thumbnailUrl":"https:\/\/sorbetkiwi.fr\/wp-content\/uploads\/2023\/11\/Ajar-Paris-Fanta-Drame-scaled.jpg","keywords":["Ajar - Paris","Fanta Dram\u00e9","Harper Collins","Harper Collins France","Harper Collins Poche","No\u00ebl","Prix Harper Collins","Prix Harper Collins Poche 2024","Roman biographique","Roman contemporain"],"articleSection":["Coups de coeur","No\u00ebl","Partenariats","Tout le blog"],"inLanguage":"fr-FR","potentialAction":[{"@type":"CommentAction","name":"Comment","target":["https:\/\/sorbetkiwi.fr\/index.php\/ajar-paris-de-fanta-drame\/#respond"]}]},{"@type":"WebPage","@id":"https:\/\/sorbetkiwi.fr\/index.php\/ajar-paris-de-fanta-drame\/","url":"https:\/\/sorbetkiwi.fr\/index.php\/ajar-paris-de-fanta-drame\/","name":"Ajar - Paris de Fanta Dram\u00e9 - Sorbet Kiwi","isPartOf":{"@id":"https:\/\/sorbetkiwi.fr\/#website"},"primaryImageOfPage":{"@id":"https:\/\/sorbetkiwi.fr\/index.php\/ajar-paris-de-fanta-drame\/#primaryimage"},"image":{"@id":"https:\/\/sorbetkiwi.fr\/index.php\/ajar-paris-de-fanta-drame\/#primaryimage"},"thumbnailUrl":"https:\/\/sorbetkiwi.fr\/wp-content\/uploads\/2023\/11\/Ajar-Paris-Fanta-Drame-scaled.jpg","datePublished":"2023-11-17T12:41:05+00:00","dateModified":"2023-11-17T12:41:08+00:00","description":"Ma chronique du roman Ajar - Paris s\u00e9lectionn\u00e9 pour le Prix Harper Collins Poche 2024 et \u00e9norme coup de coeur.","breadcrumb":{"@id":"https:\/\/sorbetkiwi.fr\/index.php\/ajar-paris-de-fanta-drame\/#breadcrumb"},"inLanguage":"fr-FR","potentialAction":[{"@type":"ReadAction","target":["https:\/\/sorbetkiwi.fr\/index.php\/ajar-paris-de-fanta-drame\/"]}]},{"@type":"ImageObject","inLanguage":"fr-FR","@id":"https:\/\/sorbetkiwi.fr\/index.php\/ajar-paris-de-fanta-drame\/#primaryimage","url":"https:\/\/sorbetkiwi.fr\/wp-content\/uploads\/2023\/11\/Ajar-Paris-Fanta-Drame-scaled.jpg","contentUrl":"https:\/\/sorbetkiwi.fr\/wp-content\/uploads\/2023\/11\/Ajar-Paris-Fanta-Drame-scaled.jpg","width":1920,"height":2560,"caption":"Ajar - Paris Fanta Dram\u00e9"},{"@type":"BreadcrumbList","@id":"https:\/\/sorbetkiwi.fr\/index.php\/ajar-paris-de-fanta-drame\/#breadcrumb","itemListElement":[{"@type":"ListItem","position":1,"name":"Accueil","item":"https:\/\/sorbetkiwi.fr\/"},{"@type":"ListItem","position":2,"name":"Ajar &#8211; Paris de Fanta Dram\u00e9"}]},{"@type":"WebSite","@id":"https:\/\/sorbetkiwi.fr\/#website","url":"https:\/\/sorbetkiwi.fr\/","name":"Sorbet Kiwi","description":"Des lectures th\u00e9matiques par saison et les avis qui vont avec","publisher":{"@id":"https:\/\/sorbetkiwi.fr\/#organization"},"potentialAction":[{"@type":"SearchAction","target":{"@type":"EntryPoint","urlTemplate":"https:\/\/sorbetkiwi.fr\/?s={search_term_string}"},"query-input":{"@type":"PropertyValueSpecification","valueRequired":true,"valueName":"search_term_string"}}],"inLanguage":"fr-FR"},{"@type":"Organization","@id":"https:\/\/sorbetkiwi.fr\/#organization","name":"Sorbet Kiwi","url":"https:\/\/sorbetkiwi.fr\/","logo":{"@type":"ImageObject","inLanguage":"fr-FR","@id":"https:\/\/sorbetkiwi.fr\/#\/schema\/logo\/image\/","url":"https:\/\/sorbetkiwi.fr\/wp-content\/uploads\/2022\/10\/Banniere-Sorbet-Kiwi-2022.jpg","contentUrl":"https:\/\/sorbetkiwi.fr\/wp-content\/uploads\/2022\/10\/Banniere-Sorbet-Kiwi-2022.jpg","width":814,"height":401,"caption":"Sorbet Kiwi"},"image":{"@id":"https:\/\/sorbetkiwi.fr\/#\/schema\/logo\/image\/"},"sameAs":["https:\/\/www.facebook.com\/profile.php?id=100086238893269","https:\/\/x.com\/pepparshoes","https:\/\/www.instagram.com\/sorbetkiwi\/","https:\/\/www.tiktok.com\/sorbetkiwi"]},{"@type":"Person","@id":"https:\/\/sorbetkiwi.fr\/#\/schema\/person\/ed1b7b527a2957ddc3bf38b076540659","name":"Sorbet-Kiwi","image":{"@type":"ImageObject","inLanguage":"fr-FR","@id":"https:\/\/secure.gravatar.com\/avatar\/86f0a5c27d76317621b9e374d0f3a01d3a85278f10d0c7207ced4fd773057442?s=96&d=mm&r=g","url":"https:\/\/secure.gravatar.com\/avatar\/86f0a5c27d76317621b9e374d0f3a01d3a85278f10d0c7207ced4fd773057442?s=96&d=mm&r=g","contentUrl":"https:\/\/secure.gravatar.com\/avatar\/86f0a5c27d76317621b9e374d0f3a01d3a85278f10d0c7207ced4fd773057442?s=96&d=mm&r=g","caption":"Sorbet-Kiwi"},"sameAs":["http:\/\/sorbetkiwi.fr"],"url":"https:\/\/sorbetkiwi.fr\/index.php\/author\/admin7717\/"}]}},"_links":{"self":[{"href":"https:\/\/sorbetkiwi.fr\/index.php\/wp-json\/wp\/v2\/posts\/4679","targetHints":{"allow":["GET"]}}],"collection":[{"href":"https:\/\/sorbetkiwi.fr\/index.php\/wp-json\/wp\/v2\/posts"}],"about":[{"href":"https:\/\/sorbetkiwi.fr\/index.php\/wp-json\/wp\/v2\/types\/post"}],"author":[{"embeddable":true,"href":"https:\/\/sorbetkiwi.fr\/index.php\/wp-json\/wp\/v2\/users\/1"}],"replies":[{"embeddable":true,"href":"https:\/\/sorbetkiwi.fr\/index.php\/wp-json\/wp\/v2\/comments?post=4679"}],"version-history":[{"count":14,"href":"https:\/\/sorbetkiwi.fr\/index.php\/wp-json\/wp\/v2\/posts\/4679\/revisions"}],"predecessor-version":[{"id":4695,"href":"https:\/\/sorbetkiwi.fr\/index.php\/wp-json\/wp\/v2\/posts\/4679\/revisions\/4695"}],"wp:featuredmedia":[{"embeddable":true,"href":"https:\/\/sorbetkiwi.fr\/index.php\/wp-json\/wp\/v2\/media\/4681"}],"wp:attachment":[{"href":"https:\/\/sorbetkiwi.fr\/index.php\/wp-json\/wp\/v2\/media?parent=4679"}],"wp:term":[{"taxonomy":"category","embeddable":true,"href":"https:\/\/sorbetkiwi.fr\/index.php\/wp-json\/wp\/v2\/categories?post=4679"},{"taxonomy":"post_tag","embeddable":true,"href":"https:\/\/sorbetkiwi.fr\/index.php\/wp-json\/wp\/v2\/tags?post=4679"}],"curies":[{"name":"wp","href":"https:\/\/api.w.org\/{rel}","templated":true}]}}