{"id":4429,"date":"2023-10-19T15:24:31","date_gmt":"2023-10-19T13:24:31","guid":{"rendered":"https:\/\/sorbetkiwi.fr\/?p=4429"},"modified":"2023-10-19T15:24:33","modified_gmt":"2023-10-19T13:24:33","slug":"la-part-du-demon-de-mathieu-lecerf","status":"publish","type":"post","link":"https:\/\/sorbetkiwi.fr\/index.php\/la-part-du-demon-de-mathieu-lecerf\/","title":{"rendered":"La part du d\u00e9mon de Mathieu Lecerf"},"content":{"rendered":"\t\t<div data-elementor-type=\"wp-post\" data-elementor-id=\"4429\" class=\"elementor elementor-4429\">\n\t\t\t\t\t\t<section class=\"elementor-section elementor-top-section elementor-element elementor-element-6ea22955 elementor-section-boxed elementor-section-height-default elementor-section-height-default\" data-id=\"6ea22955\" data-element_type=\"section\" data-e-type=\"section\">\n\t\t\t\t\t\t<div class=\"elementor-container elementor-column-gap-default\">\n\t\t\t\t\t<div class=\"elementor-column elementor-col-100 elementor-top-column elementor-element elementor-element-2e2900ce\" data-id=\"2e2900ce\" data-element_type=\"column\" data-e-type=\"column\">\n\t\t\t<div class=\"elementor-widget-wrap elementor-element-populated\">\n\t\t\t\t\t\t<div class=\"elementor-element elementor-element-1edf4db5 elementor-widget elementor-widget-heading\" data-id=\"1edf4db5\" data-element_type=\"widget\" data-e-type=\"widget\" data-widget_type=\"heading.default\">\n\t\t\t\t<div class=\"elementor-widget-container\">\n\t\t\t\t\t<h1 class=\"elementor-heading-title elementor-size-medium\">La part du d\u00e9mon Lecerf<\/h1>\t\t\t\t<\/div>\n\t\t\t\t<\/div>\n\t\t\t\t<div class=\"elementor-element elementor-element-75b35c0e elementor-view-default elementor-widget elementor-widget-icon\" data-id=\"75b35c0e\" data-element_type=\"widget\" data-e-type=\"widget\" data-widget_type=\"icon.default\">\n\t\t\t\t<div class=\"elementor-widget-container\">\n\t\t\t\t\t\t\t<div class=\"elementor-icon-wrapper\">\n\t\t\t<div class=\"elementor-icon\">\n\t\t\t<i aria-hidden=\"true\" class=\"fab fa-snapchat-ghost\"><\/i>\t\t\t<\/div>\n\t\t<\/div>\n\t\t\t\t\t\t<\/div>\n\t\t\t\t<\/div>\n\t\t\t\t<div class=\"elementor-element elementor-element-58e9d568 elementor-widget-divider--view-line elementor-widget elementor-widget-divider\" data-id=\"58e9d568\" data-element_type=\"widget\" data-e-type=\"widget\" data-widget_type=\"divider.default\">\n\t\t\t\t<div class=\"elementor-widget-container\">\n\t\t\t\t\t\t\t<div class=\"elementor-divider\">\n\t\t\t<span class=\"elementor-divider-separator\">\n\t\t\t\t\t\t<\/span>\n\t\t<\/div>\n\t\t\t\t\t\t<\/div>\n\t\t\t\t<\/div>\n\t\t\t\t<div class=\"elementor-element elementor-element-b8ded50 elementor-widget elementor-widget-heading\" data-id=\"b8ded50\" data-element_type=\"widget\" data-e-type=\"widget\" data-widget_type=\"heading.default\">\n\t\t\t\t<div class=\"elementor-widget-container\">\n\t\t\t\t\t<h2 class=\"elementor-heading-title elementor-size-medium\">R\u00e9sum\u00e9<\/h2>\t\t\t\t<\/div>\n\t\t\t\t<\/div>\n\t\t\t\t<div class=\"elementor-element elementor-element-263757a5 elementor-widget elementor-widget-text-editor\" data-id=\"263757a5\" data-element_type=\"widget\" data-e-type=\"widget\" data-widget_type=\"text-editor.default\">\n\t\t\t\t<div class=\"elementor-widget-container\">\n\t\t\t\t\t\t\t\t\t<p>Une religieuse sauvagement assassin\u00e9e et mutil\u00e9e, \u00e0 Paris, \u00e7a n&rsquo;arrive jamais. Pourtant, c&rsquo;est la premi\u00e8re affaire du lieutenant Esperanza Doloria \u00e0 son arriv\u00e9e au 36, rue du Bastion.<br \/>Au couvent o\u00f9 enqu\u00eatent Esperanza et le capitaine Manuel de Almeida, la religieuse est d\u00e9crite comme un ange. Et qui voudrait tuer un ange ? Mais un myst\u00e8re plane autour d&rsquo;elle. \u00c0 l&rsquo;orphelinat o\u00f9 elle enseignait, les enfants semblent terroris\u00e9s&#8230; Certains pr\u00e9tendent m\u00eame subir de terrifiantes exp\u00e9riences m\u00e9dicales.<\/p><p>Disent-ils la v\u00e9rit\u00e9 ou sont-ils manipul\u00e9s ?<br \/>Esperanza se jette corps et \u00e2me dans cette enqu\u00eate. Manuel, lui, est persuad\u00e9 que seuls le sang-froid et la raison permettront de la r\u00e9soudre. Se trompe-t-il ? Le grand patron de la brigade criminelle en est convaincu. Et bient\u00f4t Esperanza se retrouvera seule face \u00e0 un complot d\u00e9moniaque que le diable lui-m\u00eame renierait&#8230;<\/p>\t\t\t\t\t\t\t\t<\/div>\n\t\t\t\t<\/div>\n\t\t\t\t<div class=\"elementor-element elementor-element-103d0107 elementor-widget-divider--view-line elementor-widget elementor-widget-divider\" data-id=\"103d0107\" data-element_type=\"widget\" data-e-type=\"widget\" data-widget_type=\"divider.default\">\n\t\t\t\t<div class=\"elementor-widget-container\">\n\t\t\t\t\t\t\t<div class=\"elementor-divider\">\n\t\t\t<span class=\"elementor-divider-separator\">\n\t\t\t\t\t\t<\/span>\n\t\t<\/div>\n\t\t\t\t\t\t<\/div>\n\t\t\t\t<\/div>\n\t\t\t\t<div class=\"elementor-element elementor-element-2bfcdb8 elementor-widget elementor-widget-heading\" data-id=\"2bfcdb8\" data-element_type=\"widget\" data-e-type=\"widget\" data-widget_type=\"heading.default\">\n\t\t\t\t<div class=\"elementor-widget-container\">\n\t\t\t\t\t<h2 class=\"elementor-heading-title elementor-size-medium\">Ma note<\/h2>\t\t\t\t<\/div>\n\t\t\t\t<\/div>\n\t\t\t\t<div class=\"elementor-element elementor-element-412fe30 elementor-star-rating--align-center elementor--star-style-star_fontawesome elementor-widget elementor-widget-star-rating\" data-id=\"412fe30\" data-element_type=\"widget\" data-e-type=\"widget\" data-widget_type=\"star-rating.default\">\n\t\t\t\t<div class=\"elementor-widget-container\">\n\t\t\t\t\t\t\t<div class=\"elementor-star-rating__wrapper\">\n\t\t\t\t\t\t<div class=\"elementor-star-rating\" itemtype=\"http:\/\/schema.org\/Rating\" itemscope=\"\" itemprop=\"reviewRating\">\n\t\t\t\t<i class=\"elementor-star-full\" aria-hidden=\"true\">&#xE934;<\/i><i class=\"elementor-star-full\" aria-hidden=\"true\">&#xE934;<\/i><i class=\"elementor-star-full\" aria-hidden=\"true\">&#xE934;<\/i><i class=\"elementor-star-full\" aria-hidden=\"true\">&#xE934;<\/i><i class=\"elementor-star-empty\" aria-hidden=\"true\">&#xE934;<\/i>\t\t\t\t<span itemprop=\"ratingValue\" class=\"elementor-screen-only\">Not\u00e9 4 sur 5<\/span>\n\t\t\t<\/div>\n\t\t<\/div>\n\t\t\t\t\t\t<\/div>\n\t\t\t\t<\/div>\n\t\t\t\t<div class=\"elementor-element elementor-element-48be1b7e elementor-widget-divider--view-line elementor-widget elementor-widget-divider\" data-id=\"48be1b7e\" data-element_type=\"widget\" data-e-type=\"widget\" data-widget_type=\"divider.default\">\n\t\t\t\t<div class=\"elementor-widget-container\">\n\t\t\t\t\t\t\t<div class=\"elementor-divider\">\n\t\t\t<span class=\"elementor-divider-separator\">\n\t\t\t\t\t\t<\/span>\n\t\t<\/div>\n\t\t\t\t\t\t<\/div>\n\t\t\t\t<\/div>\n\t\t\t\t<div class=\"elementor-element elementor-element-36b70d09 elementor-widget elementor-widget-heading\" data-id=\"36b70d09\" data-element_type=\"widget\" data-e-type=\"widget\" data-widget_type=\"heading.default\">\n\t\t\t\t<div class=\"elementor-widget-container\">\n\t\t\t\t\t<h2 class=\"elementor-heading-title elementor-size-medium\">Des attentes trop \u00e9lev\u00e9es<\/h2>\t\t\t\t<\/div>\n\t\t\t\t<\/div>\n\t\t\t\t<div class=\"elementor-element elementor-element-18c539f5 elementor-widget elementor-widget-text-editor\" data-id=\"18c539f5\" data-element_type=\"widget\" data-e-type=\"widget\" data-widget_type=\"text-editor.default\">\n\t\t\t\t<div class=\"elementor-widget-container\">\n\t\t\t\t\t\t\t\t\t<p>La part du d\u00e9mon est un roman qui m&rsquo;a \u00e9t\u00e9 offert par mon amie Virginie, du blog <a href=\"https:\/\/avrilsurunfil.com\/la-part-du-demon-mathieu-lecerf\/\">Avril sur un Fil<\/a>. \u00c9norme coup de coeur, il a \u00e9t\u00e9 \u00e0 l&rsquo;origine d&rsquo;une gigantesque panne de lecture chez elle tant elle a ador\u00e9. Au del\u00e0 d&rsquo;un coup de coeur, on peut parler de coup de foudre. Forc\u00e9ment, apr\u00e8s un an a \u00eatre teas\u00e9, mes attentes \u00e9taient astronomiques. Et je suis principalement d\u00e9\u00e7ue de ne pas avoir eu le m\u00eame ressenti qu&rsquo;elle, pour de nombreuses raisons.\u00a0<\/p><p>Mais je comprends pourquoi elle a tant aim\u00e9. D\u00e9j\u00e0, son \u00e9criture et celle de Mathieu Lecerf se ressemblent. C&rsquo;est un compliment. Va vite d\u00e9couvrir <a href=\"https:\/\/avrilsurunfil.com\/categorie-produit\/romans\/\">ses romans<\/a> ! La part du d\u00e9mon est vraiment dynamique, et une fois que j&rsquo;ai trouv\u00e9 le temps de me poser pour avancer, j&rsquo;ai d\u00e9vor\u00e9 une moiti\u00e9 en une soir\u00e9e. M\u00eame si l&rsquo;histoire se passe \u00e0 <a href=\"https:\/\/sorbetkiwi.fr\/index.php\/category\/l-ete\/\">l&rsquo;\u00e9t\u00e9<\/a>, elle est si sombre qu&rsquo;elle est parfaite pour <a href=\"https:\/\/sorbetkiwi.fr\/index.php\/category\/halloween\/\">Halloween<\/a>. Parce que oui, c&rsquo;est glauque, m\u00eame un peu gore. Et profond\u00e9ment perturbant.\u00a0<\/p>\t\t\t\t\t\t\t\t<\/div>\n\t\t\t\t<\/div>\n\t\t\t\t<div class=\"elementor-element elementor-element-4230a3d elementor-widget-divider--view-line elementor-widget elementor-widget-divider\" data-id=\"4230a3d\" data-element_type=\"widget\" data-e-type=\"widget\" data-widget_type=\"divider.default\">\n\t\t\t\t<div class=\"elementor-widget-container\">\n\t\t\t\t\t\t\t<div class=\"elementor-divider\">\n\t\t\t<span class=\"elementor-divider-separator\">\n\t\t\t\t\t\t<\/span>\n\t\t<\/div>\n\t\t\t\t\t\t<\/div>\n\t\t\t\t<\/div>\n\t\t\t\t<div class=\"elementor-element elementor-element-d417b05 elementor-widget elementor-widget-heading\" data-id=\"d417b05\" data-element_type=\"widget\" data-e-type=\"widget\" data-widget_type=\"heading.default\">\n\t\t\t\t<div class=\"elementor-widget-container\">\n\t\t\t\t\t<h4 class=\"elementor-heading-title elementor-size-medium\">\"Doloria contemplait la d\u00e9pouille avec apitoiement, boulevers\u00e9e elle aussi par cette confirmation.\nSa premi\u00e8re affaire serait donc celle-ci.\"<\/h4>\t\t\t\t<\/div>\n\t\t\t\t<\/div>\n\t\t\t\t<div class=\"elementor-element elementor-element-288b6d84 elementor-widget-divider--view-line elementor-widget elementor-widget-divider\" data-id=\"288b6d84\" data-element_type=\"widget\" data-e-type=\"widget\" data-widget_type=\"divider.default\">\n\t\t\t\t<div class=\"elementor-widget-container\">\n\t\t\t\t\t\t\t<div class=\"elementor-divider\">\n\t\t\t<span class=\"elementor-divider-separator\">\n\t\t\t\t\t\t<\/span>\n\t\t<\/div>\n\t\t\t\t\t\t<\/div>\n\t\t\t\t<\/div>\n\t\t\t\t<div class=\"elementor-element elementor-element-39dc12b7 elementor-widget elementor-widget-heading\" data-id=\"39dc12b7\" data-element_type=\"widget\" data-e-type=\"widget\" data-widget_type=\"heading.default\">\n\t\t\t\t<div class=\"elementor-widget-container\">\n\t\t\t\t\t<h2 class=\"elementor-heading-title elementor-size-medium\">Des personnages complexes<\/h2>\t\t\t\t<\/div>\n\t\t\t\t<\/div>\n\t\t\t\t<div class=\"elementor-element elementor-element-59472d10 elementor-widget elementor-widget-text-editor\" data-id=\"59472d10\" data-element_type=\"widget\" data-e-type=\"widget\" data-widget_type=\"text-editor.default\">\n\t\t\t\t<div class=\"elementor-widget-container\">\n\t\t\t\t\t\t\t\t\t<p>Un de mes soucis principaux est peut-\u00eatre que c&rsquo;\u00e9tait de trop. Trop glauque. Trop perturbant. Aucun des personnages n&rsquo;est sain. Evidemment, je ne peux pas en dire plus sans tomber dans le spoil, mais j&rsquo;ai besoin de m&rsquo;attacher a un personnage minimum. Or, j&rsquo;ai eu une sensation particuli\u00e8rement d\u00e9rangeante tout du long. Comme si tous les personnages \u00e9taient irr\u00e9sistibles. Il y a toujours quelqu&rsquo;un pour flirter avec eux, voir d&rsquo;avantage, et ainsi les portes s&rsquo;ouvrent. Dites donc, il sembleraient que toutes les fonctionnaires soient en manque de beaux mecs ! Cette constante m&rsquo;a agac\u00e9.\u00a0<\/p><p>Cela dit, il y a quelques jolis moments d&rsquo;\u00e9vasion dans l&rsquo;histoire, \u00e0 travers le personnage de Cristian, qui m&rsquo;ont plu. Similaires aux <a href=\"https:\/\/sorbetkiwi.fr\/index.php\/category\/sur-les-traces-des-sept-soeurs\/\">Sept Soeurs<\/a>. Mais, \u00e0 l&rsquo;instar du <a href=\"https:\/\/sorbetkiwi.fr\/?s=refrain+de+l%27aube\">Refrain de l&rsquo;aube<\/a>, j&rsquo;ai trop de d\u00e9viances \u00e0 d\u00e9plorer pour avoir \u00e9t\u00e9 \u00e0 l&rsquo;aise avec le d\u00e9roulement de l&rsquo;enqu\u00eate dans sa globalit\u00e9. Si vous n&rsquo;avez pas lu le roman, il faut simplement en avoir conscience pour savoir o\u00f9 mettre les pieds. Je vous invite \u00e0 arr\u00eater votre lecture de cette chronique ici, la suite sera du spoiler de haut niveau ! Sachez tout de m\u00eame que je compte lire la suite, Virginie m&rsquo;a rendue curieuse !\u00a0<\/p>\t\t\t\t\t\t\t\t<\/div>\n\t\t\t\t<\/div>\n\t\t\t\t<div class=\"elementor-element elementor-element-18eab6b9 elementor-widget-divider--view-line elementor-widget elementor-widget-divider\" data-id=\"18eab6b9\" data-element_type=\"widget\" data-e-type=\"widget\" data-widget_type=\"divider.default\">\n\t\t\t\t<div class=\"elementor-widget-container\">\n\t\t\t\t\t\t\t<div class=\"elementor-divider\">\n\t\t\t<span class=\"elementor-divider-separator\">\n\t\t\t\t\t\t<\/span>\n\t\t<\/div>\n\t\t\t\t\t\t<\/div>\n\t\t\t\t<\/div>\n\t\t\t\t<div class=\"elementor-element elementor-element-23718fa elementor-widget elementor-widget-heading\" data-id=\"23718fa\" data-element_type=\"widget\" data-e-type=\"widget\" data-widget_type=\"heading.default\">\n\t\t\t\t<div class=\"elementor-widget-container\">\n\t\t\t\t\t<h2 class=\"elementor-heading-title elementor-size-medium\">[SPOILER] Une enqu\u00eate devin\u00e9e trop t\u00f4t [SPOILER]<\/h2>\t\t\t\t<\/div>\n\t\t\t\t<\/div>\n\t\t\t\t<div class=\"elementor-element elementor-element-497a0c80 elementor-widget elementor-widget-text-editor\" data-id=\"497a0c80\" data-element_type=\"widget\" data-e-type=\"widget\" data-widget_type=\"text-editor.default\">\n\t\t\t\t<div class=\"elementor-widget-container\">\n\t\t\t\t\t\t\t\t\t<p>Quitte \u00e0 me r\u00e9p\u00e9ter : \u00e0 partir d&rsquo;ici, spoiler garantis. Mais il est important de comprendre pourquoi je lui mets un 4 malgr\u00e9 tout. J&rsquo;ai aim\u00e9 l&rsquo;intrigue, le rythme, la plume. Il se trouve tout simplement que j&rsquo;ai tr\u00e8s vite d\u00e9couvert le pot-aux-roses. D\u00e9s que Cristian s&rsquo;est mis \u00e0 parler en fait. En r\u00e9alit\u00e9, j&rsquo;ai vu <a href=\"https:\/\/www.seriebox.com\/serie\/monsters-inside-the-24-faces-of-billy-milligan.html\">la s\u00e9rie sur Billy Milligan<\/a>. Et si on connait son histoire, \u00e7a fait tilt en un claquement de doigts. Ce n&rsquo;est donc en rien la responsabilit\u00e9 de l&rsquo;auteur. Apr\u00e8s tout, son roman est paru en m\u00eame temps que la s\u00e9rie, impossible \u00e0 deviner. Mais jai su. Et forc\u00e9ment, \u00e0 ce niveau-l\u00e0, plus rien n&rsquo;a pu me suprendre malheureusement.\u00a0<\/p><p>Je ne peux pas lui mettre une note plus basse, ce ne serait pas juste. Parce qu&rsquo;il ne fait aucun doute que si je n&rsquo;avais pas vu <a href=\"https:\/\/www.seriebox.com\/serie\/monsters-inside-the-24-faces-of-billy-milligan.html\">Ces monstres en lui<\/a>, j&rsquo;aurai \u00e9t\u00e9 compl\u00e8tement happ\u00e9e par cette partie de l&rsquo;histoire aussi. Tant pis pour moi ! C&rsquo;est ce qui fait que je lirai tout de m\u00eame la suite. Virginie a su me rendre curieuse du d\u00e9roulement de l&rsquo;histoire.\u00a0<\/p>\t\t\t\t\t\t\t\t<\/div>\n\t\t\t\t<\/div>\n\t\t\t\t<div class=\"elementor-element elementor-element-7740fc65 elementor-widget elementor-widget-heading\" data-id=\"7740fc65\" data-element_type=\"widget\" data-e-type=\"widget\" data-widget_type=\"heading.default\">\n\t\t\t\t<div class=\"elementor-widget-container\">\n\t\t\t\t\t<h4 class=\"elementor-heading-title elementor-size-medium\">Sur la blogosph\u00e8re<\/h4>\t\t\t\t<\/div>\n\t\t\t\t<\/div>\n\t\t\t\t<div class=\"elementor-element elementor-element-1891e3fd elementor-widget elementor-widget-text-editor\" data-id=\"1891e3fd\" data-element_type=\"widget\" data-e-type=\"widget\" data-widget_type=\"text-editor.default\">\n\t\t\t\t<div class=\"elementor-widget-container\">\n\t\t\t\t\t\t\t\t\t<p>Les avis sur La part du d\u00e9mon ailleurs :\u00a0<\/p><ul><li><a href=\"https:\/\/avrilsurunfil.com\/la-part-du-demon-mathieu-lecerf\/\">Avril sur un fil<\/a> &#8211; Coup de foudre<\/li><li><a href=\"https:\/\/deslivresdeslivres.wordpress.com\/2021\/09\/16\/la-part-du-demon-mathieu-lecerf\/\">Bianca lit<\/a> &#8211; 4\/5<\/li><\/ul>\t\t\t\t\t\t\t\t<\/div>\n\t\t\t\t<\/div>\n\t\t\t\t\t<\/div>\n\t\t<\/div>\n\t\t\t\t\t<\/div>\n\t\t<\/section>\n\t\t\t\t<\/div>\n\t\t","protected":false},"excerpt":{"rendered":"<p>La part du d\u00e9mon Lecerf R\u00e9sum\u00e9 Une religieuse sauvagement assassin\u00e9e et mutil\u00e9e, \u00e0 Paris, \u00e7a n&rsquo;arrive jamais. Pourtant, c&rsquo;est la premi\u00e8re affaire du lieutenant Esperanza Doloria \u00e0 son arriv\u00e9e au 36, rue du Bastion. Au &hellip; <\/p>\n","protected":false},"author":1,"featured_media":4430,"comment_status":"open","ping_status":"open","sticky":false,"template":"","format":"standard","meta":{"footnotes":""},"categories":[16,1],"tags":[250,1201,49,1200,1103,61,1202],"class_list":["post-4429","post","type-post","status-publish","format-standard","has-post-thumbnail","hentry","category-halloween","category-tout-le-blog","tag-editions-pocket","tag-esperanza-doloria","tag-halloween","tag-la-part-du-demon","tag-mathieu-lecerf","tag-polar","tag-prix-bete-noire-des-libraires","has-single-img"],"yoast_head":"<!-- This site is optimized with the Yoast SEO plugin v27.4 - https:\/\/yoast.com\/product\/yoast-seo-wordpress\/ -->\n<title>La part du d\u00e9mon de Mathieu Lecerf - Sorbet Kiwi<\/title>\n<meta name=\"description\" content=\"Ma chronique du premier tome de la saga Esperanza Doloria : La part du d\u00e9mon de Mathieu Lecerf aux \u00e9ditions Pocket.\" \/>\n<meta name=\"robots\" content=\"index, follow, max-snippet:-1, max-image-preview:large, max-video-preview:-1\" \/>\n<link rel=\"canonical\" href=\"https:\/\/sorbetkiwi.fr\/index.php\/la-part-du-demon-de-mathieu-lecerf\/\" \/>\n<meta property=\"og:locale\" content=\"fr_FR\" \/>\n<meta property=\"og:type\" content=\"article\" \/>\n<meta property=\"og:title\" content=\"La part du d\u00e9mon de Mathieu Lecerf - Sorbet Kiwi\" \/>\n<meta property=\"og:description\" content=\"Ma chronique du premier tome de la saga Esperanza Doloria : La part du d\u00e9mon de Mathieu Lecerf aux \u00e9ditions Pocket.\" \/>\n<meta property=\"og:url\" content=\"https:\/\/sorbetkiwi.fr\/index.php\/la-part-du-demon-de-mathieu-lecerf\/\" \/>\n<meta property=\"og:site_name\" content=\"Sorbet Kiwi\" \/>\n<meta property=\"article:publisher\" content=\"https:\/\/www.facebook.com\/profile.php?id=100086238893269\" \/>\n<meta property=\"article:published_time\" content=\"2023-10-19T13:24:31+00:00\" \/>\n<meta property=\"article:modified_time\" content=\"2023-10-19T13:24:33+00:00\" \/>\n<meta property=\"og:image\" content=\"https:\/\/sorbetkiwi.fr\/wp-content\/uploads\/2023\/10\/La-part-du-demon-1-scaled.jpg\" \/>\n\t<meta property=\"og:image:width\" content=\"1919\" \/>\n\t<meta property=\"og:image:height\" content=\"2560\" \/>\n\t<meta property=\"og:image:type\" content=\"image\/jpeg\" \/>\n<meta name=\"author\" content=\"Sorbet-Kiwi\" \/>\n<meta name=\"twitter:card\" content=\"summary_large_image\" \/>\n<meta name=\"twitter:creator\" content=\"@pepparshoes\" \/>\n<meta name=\"twitter:site\" content=\"@pepparshoes\" \/>\n<meta name=\"twitter:label1\" content=\"\u00c9crit par\" \/>\n\t<meta name=\"twitter:data1\" content=\"Sorbet-Kiwi\" \/>\n\t<meta name=\"twitter:label2\" content=\"Dur\u00e9e de lecture estim\u00e9e\" \/>\n\t<meta name=\"twitter:data2\" content=\"4 minutes\" \/>\n<script type=\"application\/ld+json\" class=\"yoast-schema-graph\">{\"@context\":\"https:\\\/\\\/schema.org\",\"@graph\":[{\"@type\":\"Article\",\"@id\":\"https:\\\/\\\/sorbetkiwi.fr\\\/index.php\\\/la-part-du-demon-de-mathieu-lecerf\\\/#article\",\"isPartOf\":{\"@id\":\"https:\\\/\\\/sorbetkiwi.fr\\\/index.php\\\/la-part-du-demon-de-mathieu-lecerf\\\/\"},\"author\":{\"name\":\"Sorbet-Kiwi\",\"@id\":\"https:\\\/\\\/sorbetkiwi.fr\\\/#\\\/schema\\\/person\\\/ed1b7b527a2957ddc3bf38b076540659\"},\"headline\":\"La part du d\u00e9mon de Mathieu Lecerf\",\"datePublished\":\"2023-10-19T13:24:31+00:00\",\"dateModified\":\"2023-10-19T13:24:33+00:00\",\"mainEntityOfPage\":{\"@id\":\"https:\\\/\\\/sorbetkiwi.fr\\\/index.php\\\/la-part-du-demon-de-mathieu-lecerf\\\/\"},\"wordCount\":847,\"commentCount\":4,\"publisher\":{\"@id\":\"https:\\\/\\\/sorbetkiwi.fr\\\/#organization\"},\"image\":{\"@id\":\"https:\\\/\\\/sorbetkiwi.fr\\\/index.php\\\/la-part-du-demon-de-mathieu-lecerf\\\/#primaryimage\"},\"thumbnailUrl\":\"https:\\\/\\\/sorbetkiwi.fr\\\/wp-content\\\/uploads\\\/2023\\\/10\\\/La-part-du-demon-1-scaled.jpg\",\"keywords\":[\"Editions Pocket\",\"Esperanza Doloria\",\"Halloween\",\"La part du d\u00e9mon\",\"Mathieu Lecerf\",\"Polar\",\"Prix B\u00eate noire des libraires\"],\"articleSection\":[\"Halloween\",\"Tout le blog\"],\"inLanguage\":\"fr-FR\",\"potentialAction\":[{\"@type\":\"CommentAction\",\"name\":\"Comment\",\"target\":[\"https:\\\/\\\/sorbetkiwi.fr\\\/index.php\\\/la-part-du-demon-de-mathieu-lecerf\\\/#respond\"]}]},{\"@type\":\"WebPage\",\"@id\":\"https:\\\/\\\/sorbetkiwi.fr\\\/index.php\\\/la-part-du-demon-de-mathieu-lecerf\\\/\",\"url\":\"https:\\\/\\\/sorbetkiwi.fr\\\/index.php\\\/la-part-du-demon-de-mathieu-lecerf\\\/\",\"name\":\"La part du d\u00e9mon de Mathieu Lecerf - Sorbet Kiwi\",\"isPartOf\":{\"@id\":\"https:\\\/\\\/sorbetkiwi.fr\\\/#website\"},\"primaryImageOfPage\":{\"@id\":\"https:\\\/\\\/sorbetkiwi.fr\\\/index.php\\\/la-part-du-demon-de-mathieu-lecerf\\\/#primaryimage\"},\"image\":{\"@id\":\"https:\\\/\\\/sorbetkiwi.fr\\\/index.php\\\/la-part-du-demon-de-mathieu-lecerf\\\/#primaryimage\"},\"thumbnailUrl\":\"https:\\\/\\\/sorbetkiwi.fr\\\/wp-content\\\/uploads\\\/2023\\\/10\\\/La-part-du-demon-1-scaled.jpg\",\"datePublished\":\"2023-10-19T13:24:31+00:00\",\"dateModified\":\"2023-10-19T13:24:33+00:00\",\"description\":\"Ma chronique du premier tome de la saga Esperanza Doloria : La part du d\u00e9mon de Mathieu Lecerf aux \u00e9ditions Pocket.\",\"breadcrumb\":{\"@id\":\"https:\\\/\\\/sorbetkiwi.fr\\\/index.php\\\/la-part-du-demon-de-mathieu-lecerf\\\/#breadcrumb\"},\"inLanguage\":\"fr-FR\",\"potentialAction\":[{\"@type\":\"ReadAction\",\"target\":[\"https:\\\/\\\/sorbetkiwi.fr\\\/index.php\\\/la-part-du-demon-de-mathieu-lecerf\\\/\"]}]},{\"@type\":\"ImageObject\",\"inLanguage\":\"fr-FR\",\"@id\":\"https:\\\/\\\/sorbetkiwi.fr\\\/index.php\\\/la-part-du-demon-de-mathieu-lecerf\\\/#primaryimage\",\"url\":\"https:\\\/\\\/sorbetkiwi.fr\\\/wp-content\\\/uploads\\\/2023\\\/10\\\/La-part-du-demon-1-scaled.jpg\",\"contentUrl\":\"https:\\\/\\\/sorbetkiwi.fr\\\/wp-content\\\/uploads\\\/2023\\\/10\\\/La-part-du-demon-1-scaled.jpg\",\"width\":1919,\"height\":2560,\"caption\":\"La part du d\u00e9mon Lecerf\"},{\"@type\":\"BreadcrumbList\",\"@id\":\"https:\\\/\\\/sorbetkiwi.fr\\\/index.php\\\/la-part-du-demon-de-mathieu-lecerf\\\/#breadcrumb\",\"itemListElement\":[{\"@type\":\"ListItem\",\"position\":1,\"name\":\"Accueil\",\"item\":\"https:\\\/\\\/sorbetkiwi.fr\\\/\"},{\"@type\":\"ListItem\",\"position\":2,\"name\":\"La part du d\u00e9mon de Mathieu Lecerf\"}]},{\"@type\":\"WebSite\",\"@id\":\"https:\\\/\\\/sorbetkiwi.fr\\\/#website\",\"url\":\"https:\\\/\\\/sorbetkiwi.fr\\\/\",\"name\":\"Sorbet Kiwi\",\"description\":\"Des lectures th\u00e9matiques par saison et les avis qui vont avec\",\"publisher\":{\"@id\":\"https:\\\/\\\/sorbetkiwi.fr\\\/#organization\"},\"potentialAction\":[{\"@type\":\"SearchAction\",\"target\":{\"@type\":\"EntryPoint\",\"urlTemplate\":\"https:\\\/\\\/sorbetkiwi.fr\\\/?s={search_term_string}\"},\"query-input\":{\"@type\":\"PropertyValueSpecification\",\"valueRequired\":true,\"valueName\":\"search_term_string\"}}],\"inLanguage\":\"fr-FR\"},{\"@type\":\"Organization\",\"@id\":\"https:\\\/\\\/sorbetkiwi.fr\\\/#organization\",\"name\":\"Sorbet Kiwi\",\"url\":\"https:\\\/\\\/sorbetkiwi.fr\\\/\",\"logo\":{\"@type\":\"ImageObject\",\"inLanguage\":\"fr-FR\",\"@id\":\"https:\\\/\\\/sorbetkiwi.fr\\\/#\\\/schema\\\/logo\\\/image\\\/\",\"url\":\"https:\\\/\\\/sorbetkiwi.fr\\\/wp-content\\\/uploads\\\/2022\\\/10\\\/Banniere-Sorbet-Kiwi-2022.jpg\",\"contentUrl\":\"https:\\\/\\\/sorbetkiwi.fr\\\/wp-content\\\/uploads\\\/2022\\\/10\\\/Banniere-Sorbet-Kiwi-2022.jpg\",\"width\":814,\"height\":401,\"caption\":\"Sorbet Kiwi\"},\"image\":{\"@id\":\"https:\\\/\\\/sorbetkiwi.fr\\\/#\\\/schema\\\/logo\\\/image\\\/\"},\"sameAs\":[\"https:\\\/\\\/www.facebook.com\\\/profile.php?id=100086238893269\",\"https:\\\/\\\/x.com\\\/pepparshoes\",\"https:\\\/\\\/www.instagram.com\\\/sorbetkiwi\\\/\",\"https:\\\/\\\/www.tiktok.com\\\/sorbetkiwi\"]},{\"@type\":\"Person\",\"@id\":\"https:\\\/\\\/sorbetkiwi.fr\\\/#\\\/schema\\\/person\\\/ed1b7b527a2957ddc3bf38b076540659\",\"name\":\"Sorbet-Kiwi\",\"image\":{\"@type\":\"ImageObject\",\"inLanguage\":\"fr-FR\",\"@id\":\"https:\\\/\\\/secure.gravatar.com\\\/avatar\\\/86f0a5c27d76317621b9e374d0f3a01d3a85278f10d0c7207ced4fd773057442?s=96&d=mm&r=g\",\"url\":\"https:\\\/\\\/secure.gravatar.com\\\/avatar\\\/86f0a5c27d76317621b9e374d0f3a01d3a85278f10d0c7207ced4fd773057442?s=96&d=mm&r=g\",\"contentUrl\":\"https:\\\/\\\/secure.gravatar.com\\\/avatar\\\/86f0a5c27d76317621b9e374d0f3a01d3a85278f10d0c7207ced4fd773057442?s=96&d=mm&r=g\",\"caption\":\"Sorbet-Kiwi\"},\"sameAs\":[\"http:\\\/\\\/sorbetkiwi.fr\"],\"url\":\"https:\\\/\\\/sorbetkiwi.fr\\\/index.php\\\/author\\\/admin7717\\\/\"}]}<\/script>\n<!-- \/ Yoast SEO plugin. -->","yoast_head_json":{"title":"La part du d\u00e9mon de Mathieu Lecerf - Sorbet Kiwi","description":"Ma chronique du premier tome de la saga Esperanza Doloria : La part du d\u00e9mon de Mathieu Lecerf aux \u00e9ditions Pocket.","robots":{"index":"index","follow":"follow","max-snippet":"max-snippet:-1","max-image-preview":"max-image-preview:large","max-video-preview":"max-video-preview:-1"},"canonical":"https:\/\/sorbetkiwi.fr\/index.php\/la-part-du-demon-de-mathieu-lecerf\/","og_locale":"fr_FR","og_type":"article","og_title":"La part du d\u00e9mon de Mathieu Lecerf - Sorbet Kiwi","og_description":"Ma chronique du premier tome de la saga Esperanza Doloria : La part du d\u00e9mon de Mathieu Lecerf aux \u00e9ditions Pocket.","og_url":"https:\/\/sorbetkiwi.fr\/index.php\/la-part-du-demon-de-mathieu-lecerf\/","og_site_name":"Sorbet Kiwi","article_publisher":"https:\/\/www.facebook.com\/profile.php?id=100086238893269","article_published_time":"2023-10-19T13:24:31+00:00","article_modified_time":"2023-10-19T13:24:33+00:00","og_image":[{"width":1919,"height":2560,"url":"https:\/\/sorbetkiwi.fr\/wp-content\/uploads\/2023\/10\/La-part-du-demon-1-scaled.jpg","type":"image\/jpeg"}],"author":"Sorbet-Kiwi","twitter_card":"summary_large_image","twitter_creator":"@pepparshoes","twitter_site":"@pepparshoes","twitter_misc":{"\u00c9crit par":"Sorbet-Kiwi","Dur\u00e9e de lecture estim\u00e9e":"4 minutes"},"schema":{"@context":"https:\/\/schema.org","@graph":[{"@type":"Article","@id":"https:\/\/sorbetkiwi.fr\/index.php\/la-part-du-demon-de-mathieu-lecerf\/#article","isPartOf":{"@id":"https:\/\/sorbetkiwi.fr\/index.php\/la-part-du-demon-de-mathieu-lecerf\/"},"author":{"name":"Sorbet-Kiwi","@id":"https:\/\/sorbetkiwi.fr\/#\/schema\/person\/ed1b7b527a2957ddc3bf38b076540659"},"headline":"La part du d\u00e9mon de Mathieu Lecerf","datePublished":"2023-10-19T13:24:31+00:00","dateModified":"2023-10-19T13:24:33+00:00","mainEntityOfPage":{"@id":"https:\/\/sorbetkiwi.fr\/index.php\/la-part-du-demon-de-mathieu-lecerf\/"},"wordCount":847,"commentCount":4,"publisher":{"@id":"https:\/\/sorbetkiwi.fr\/#organization"},"image":{"@id":"https:\/\/sorbetkiwi.fr\/index.php\/la-part-du-demon-de-mathieu-lecerf\/#primaryimage"},"thumbnailUrl":"https:\/\/sorbetkiwi.fr\/wp-content\/uploads\/2023\/10\/La-part-du-demon-1-scaled.jpg","keywords":["Editions Pocket","Esperanza Doloria","Halloween","La part du d\u00e9mon","Mathieu Lecerf","Polar","Prix B\u00eate noire des libraires"],"articleSection":["Halloween","Tout le blog"],"inLanguage":"fr-FR","potentialAction":[{"@type":"CommentAction","name":"Comment","target":["https:\/\/sorbetkiwi.fr\/index.php\/la-part-du-demon-de-mathieu-lecerf\/#respond"]}]},{"@type":"WebPage","@id":"https:\/\/sorbetkiwi.fr\/index.php\/la-part-du-demon-de-mathieu-lecerf\/","url":"https:\/\/sorbetkiwi.fr\/index.php\/la-part-du-demon-de-mathieu-lecerf\/","name":"La part du d\u00e9mon de Mathieu Lecerf - Sorbet Kiwi","isPartOf":{"@id":"https:\/\/sorbetkiwi.fr\/#website"},"primaryImageOfPage":{"@id":"https:\/\/sorbetkiwi.fr\/index.php\/la-part-du-demon-de-mathieu-lecerf\/#primaryimage"},"image":{"@id":"https:\/\/sorbetkiwi.fr\/index.php\/la-part-du-demon-de-mathieu-lecerf\/#primaryimage"},"thumbnailUrl":"https:\/\/sorbetkiwi.fr\/wp-content\/uploads\/2023\/10\/La-part-du-demon-1-scaled.jpg","datePublished":"2023-10-19T13:24:31+00:00","dateModified":"2023-10-19T13:24:33+00:00","description":"Ma chronique du premier tome de la saga Esperanza Doloria : La part du d\u00e9mon de Mathieu Lecerf aux \u00e9ditions Pocket.","breadcrumb":{"@id":"https:\/\/sorbetkiwi.fr\/index.php\/la-part-du-demon-de-mathieu-lecerf\/#breadcrumb"},"inLanguage":"fr-FR","potentialAction":[{"@type":"ReadAction","target":["https:\/\/sorbetkiwi.fr\/index.php\/la-part-du-demon-de-mathieu-lecerf\/"]}]},{"@type":"ImageObject","inLanguage":"fr-FR","@id":"https:\/\/sorbetkiwi.fr\/index.php\/la-part-du-demon-de-mathieu-lecerf\/#primaryimage","url":"https:\/\/sorbetkiwi.fr\/wp-content\/uploads\/2023\/10\/La-part-du-demon-1-scaled.jpg","contentUrl":"https:\/\/sorbetkiwi.fr\/wp-content\/uploads\/2023\/10\/La-part-du-demon-1-scaled.jpg","width":1919,"height":2560,"caption":"La part du d\u00e9mon Lecerf"},{"@type":"BreadcrumbList","@id":"https:\/\/sorbetkiwi.fr\/index.php\/la-part-du-demon-de-mathieu-lecerf\/#breadcrumb","itemListElement":[{"@type":"ListItem","position":1,"name":"Accueil","item":"https:\/\/sorbetkiwi.fr\/"},{"@type":"ListItem","position":2,"name":"La part du d\u00e9mon de Mathieu Lecerf"}]},{"@type":"WebSite","@id":"https:\/\/sorbetkiwi.fr\/#website","url":"https:\/\/sorbetkiwi.fr\/","name":"Sorbet Kiwi","description":"Des lectures th\u00e9matiques par saison et les avis qui vont avec","publisher":{"@id":"https:\/\/sorbetkiwi.fr\/#organization"},"potentialAction":[{"@type":"SearchAction","target":{"@type":"EntryPoint","urlTemplate":"https:\/\/sorbetkiwi.fr\/?s={search_term_string}"},"query-input":{"@type":"PropertyValueSpecification","valueRequired":true,"valueName":"search_term_string"}}],"inLanguage":"fr-FR"},{"@type":"Organization","@id":"https:\/\/sorbetkiwi.fr\/#organization","name":"Sorbet Kiwi","url":"https:\/\/sorbetkiwi.fr\/","logo":{"@type":"ImageObject","inLanguage":"fr-FR","@id":"https:\/\/sorbetkiwi.fr\/#\/schema\/logo\/image\/","url":"https:\/\/sorbetkiwi.fr\/wp-content\/uploads\/2022\/10\/Banniere-Sorbet-Kiwi-2022.jpg","contentUrl":"https:\/\/sorbetkiwi.fr\/wp-content\/uploads\/2022\/10\/Banniere-Sorbet-Kiwi-2022.jpg","width":814,"height":401,"caption":"Sorbet Kiwi"},"image":{"@id":"https:\/\/sorbetkiwi.fr\/#\/schema\/logo\/image\/"},"sameAs":["https:\/\/www.facebook.com\/profile.php?id=100086238893269","https:\/\/x.com\/pepparshoes","https:\/\/www.instagram.com\/sorbetkiwi\/","https:\/\/www.tiktok.com\/sorbetkiwi"]},{"@type":"Person","@id":"https:\/\/sorbetkiwi.fr\/#\/schema\/person\/ed1b7b527a2957ddc3bf38b076540659","name":"Sorbet-Kiwi","image":{"@type":"ImageObject","inLanguage":"fr-FR","@id":"https:\/\/secure.gravatar.com\/avatar\/86f0a5c27d76317621b9e374d0f3a01d3a85278f10d0c7207ced4fd773057442?s=96&d=mm&r=g","url":"https:\/\/secure.gravatar.com\/avatar\/86f0a5c27d76317621b9e374d0f3a01d3a85278f10d0c7207ced4fd773057442?s=96&d=mm&r=g","contentUrl":"https:\/\/secure.gravatar.com\/avatar\/86f0a5c27d76317621b9e374d0f3a01d3a85278f10d0c7207ced4fd773057442?s=96&d=mm&r=g","caption":"Sorbet-Kiwi"},"sameAs":["http:\/\/sorbetkiwi.fr"],"url":"https:\/\/sorbetkiwi.fr\/index.php\/author\/admin7717\/"}]}},"_links":{"self":[{"href":"https:\/\/sorbetkiwi.fr\/index.php\/wp-json\/wp\/v2\/posts\/4429","targetHints":{"allow":["GET"]}}],"collection":[{"href":"https:\/\/sorbetkiwi.fr\/index.php\/wp-json\/wp\/v2\/posts"}],"about":[{"href":"https:\/\/sorbetkiwi.fr\/index.php\/wp-json\/wp\/v2\/types\/post"}],"author":[{"embeddable":true,"href":"https:\/\/sorbetkiwi.fr\/index.php\/wp-json\/wp\/v2\/users\/1"}],"replies":[{"embeddable":true,"href":"https:\/\/sorbetkiwi.fr\/index.php\/wp-json\/wp\/v2\/comments?post=4429"}],"version-history":[{"count":13,"href":"https:\/\/sorbetkiwi.fr\/index.php\/wp-json\/wp\/v2\/posts\/4429\/revisions"}],"predecessor-version":[{"id":4464,"href":"https:\/\/sorbetkiwi.fr\/index.php\/wp-json\/wp\/v2\/posts\/4429\/revisions\/4464"}],"wp:featuredmedia":[{"embeddable":true,"href":"https:\/\/sorbetkiwi.fr\/index.php\/wp-json\/wp\/v2\/media\/4430"}],"wp:attachment":[{"href":"https:\/\/sorbetkiwi.fr\/index.php\/wp-json\/wp\/v2\/media?parent=4429"}],"wp:term":[{"taxonomy":"category","embeddable":true,"href":"https:\/\/sorbetkiwi.fr\/index.php\/wp-json\/wp\/v2\/categories?post=4429"},{"taxonomy":"post_tag","embeddable":true,"href":"https:\/\/sorbetkiwi.fr\/index.php\/wp-json\/wp\/v2\/tags?post=4429"}],"curies":[{"name":"wp","href":"https:\/\/api.w.org\/{rel}","templated":true}]}}